{"id":321597,"date":"2026-01-29T17:21:01","date_gmt":"2026-01-29T14:21:01","guid":{"rendered":"https:\/\/vof-news.eu\/el-banco-de-espana-constata-que-la-vivienda-agranda-la-desigualdad-los-ricos-acaparan-cada-vez-mas-ladrillo\/"},"modified":"2026-01-29T17:22:00","modified_gmt":"2026-01-29T14:22:00","slug":"el-banco-de-espana-constata-que-la-vivienda-agranda-la-desigualdad-los-ricos-acaparan-cada-vez-mas-ladrillo","status":"publish","type":"post","link":"https:\/\/vof-news.eu\/es\/el-banco-de-espana-constata-que-la-vivienda-agranda-la-desigualdad-los-ricos-acaparan-cada-vez-mas-ladrillo\/","title":{"rendered":"El Banco de Espa\u00f1a constata que la vivienda agranda la desigualdad: los ricos acaparan cada vez m\u00e1s ladrillo"},"content":{"rendered":"<div>\n<p>\n        La crisis del <a href=\"https:\/\/www.eldiario.es\/economia\/70-000-familias-vulnerables-proteccion-desahucio-vuelve-miedo-crudo_1_12940968.html\" rel=\"nofollow\">mercado de la vivienda<\/a> se ceba m\u00e1s sobre los hogares m\u00e1s vulnerables. No es solo una percepci\u00f3n, sino que lo constata el propio Banco de Espa\u00f1a a trav\u00e9s de una nueva estad\u00edstica sobre el reparto de la riqueza en la que se constata que el techo es, cada vez m\u00e1s, una fuente de desigualdad.\n    <\/p>\n<p>\n        El organismo ha publicado este jueves las Cuentas Distributivas de la Riqueza de los Hogares, un nuevo registro trimestral que pretende llenar los huecos que existen en las bases de datos que habitualmente lo miden \u2013la Encuesta Financiera de las Familias (EFF) del Banco de Espa\u00f1a y las Cuentas no financieras de los sectores institucionales (CNFSI), del INE\u2013, con frecuencias anuales o que se presentan con much\u00edsimo decalaje.\n    <\/p>\n<p>\n        En un primer vistazo, la distribuci\u00f3n de la riqueza neta de los hogares espa\u00f1oles se ha mantenido relativamente estable desde 2014, que es cuando comienza la serie. A finales de ese a\u00f1o, el 50% de los hogares m\u00e1s pobres concentraban el 7,7% de la riqueza, mientras que en el segundo trimestre de 2025 (los \u00faltimos disponibles) este porcentaje ha aumentado hasta el 8,6%. En el caso del 10% m\u00e1s rico, los datos tambi\u00e9n muestran una consistencia, pasando del 53,8% del patrimonio total al 53,5% entre las mismas fechas.\n    <\/p>\n<h2>Los hogares m\u00e1s pobres se hipotecan menos<\/h2>\n<p>\n        Pero en el detalle de los componentes de esa riqueza es donde se encuentran los matices. Y son muy relevantes. As\u00ed, el 50% de los hogares m\u00e1s pobres est\u00e1n mucho menos endeudados en la actualidad que en 2014 (han pasado de concentrar el 53% de la deuda total a solo el 33,8%), mientras que la de los hogares m\u00e1s ricos ha crecido del 17,1% al 21,6%.\n    <\/p>\n<p>\n        En apariencia, esto ser\u00eda una buena noticia. Pero es la constataci\u00f3n de que los hogares m\u00e1s humildes est\u00e1n siendo expulsados del mercado de la vivienda, ya que ese menor endeudamiento se explica porque tienen menos pr\u00e9stamos hipotecarios (del 57,6% al 34,1%).\n    <\/p>\n<p>\n        Esa menor deuda para comprar casas se traduce en que el 50% de los hogares m\u00e1s pobres han perdido peso relativo en el total de la riqueza en vivienda. A finales de 2014, era el 18%. Ese porcentaje se ha desplomado hasta el 12,5%, con los \u00faltimos datos disponibles. Por contra, para el 10% m\u00e1s rico se ha incrementado del 37,4% al 41,8%.\n    <\/p>\n<p>\n        \u201cEstos movimientos en los pasivos (deudas) y activos de los hogares se compensan en buena medida, lo que explica la estabilidad de la distribuci\u00f3n de la riqueza neta\u201d, <a href=\"https:\/\/www.bde.es\/wbe\/es\/inicio\/noticias\/las-cuentas-distributivas-una-nueva-herramienta-para-analizar-la-riqueza-y-la-deuda-de-los-hogares-27d3412d9b9eb91.html\" rel=\"nofollow\">explica el organismo en una entrada de su blog<\/a>.\n    <\/p>\n<p>\n        La ca\u00edda del peso de la vivienda en la riqueza del 50% de hogares m\u00e1s pobres no es balad\u00ed, ya que gran parte de su patrimonio est\u00e1 concentrado ah\u00ed o en dep\u00f3sitos bancarios. A diferencia de los hogares m\u00e1s ricos, que lo tienen m\u00e1s diversificados en inversi\u00f3n en acciones, fondos de inversi\u00f3n o empresas.\n    <\/p>\n<\/div>\n","protected":false},"excerpt":{"rendered":"<p>La crisis del mercado de la vivienda se ceba m\u00e1s sobre los hogares m\u00e1s vulnerables. No es solo una percepci\u00f3n, sino que lo constata el propio Banco de Espa\u00f1a a trav\u00e9s de una nueva estad\u00edstica sobre el reparto de la riqueza en la que se constata que el techo es, cada vez m\u00e1s, una fuente<\/p>\n","protected":false},"author":1,"featured_media":321598,"comment_status":"open","ping_status":"open","sticky":false,"template":"","format":"standard","meta":{"footnotes":""},"categories":[61],"tags":[],"class_list":["post-321597","post","type-post","status-publish","format-standard","has-post-thumbnail","hentry","category-business-es"],"acf":[],"yoast_head":"<!-- This site is optimized with the Yoast SEO plugin v22.9 - https:\/\/yoast.com\/wordpress\/plugins\/seo\/ -->\n<title>El Banco de Espa\u00f1a constata que la vivienda agranda la desigualdad: los ricos acaparan cada vez m\u00e1s ladrillo - vof-news.eu<\/title>\n<meta name=\"description\" content=\"La crisis del mercado de la vivienda se ceba m\u00e1s sobre los hogares m\u00e1s vulnerables. No es solo una percepci\u00f3n, sino que lo constata el propio Banco de Espa\u00f1a a trav\u00e9s de una nueva estad\u00edstica sobre el reparto de la riqueza en la que se constata que el techo es, cada vez m\u00e1s, una fuente de desigualdad.\" \/>\n<meta name=\"robots\" content=\"noindex, follow, max-snippet:-1, max-image-preview:large, max-video-preview:-1\" \/>\n<meta property=\"og:locale\" content=\"es_ES\" \/>\n<meta property=\"og:type\" content=\"article\" \/>\n<meta property=\"og:title\" content=\"El Banco de Espa\u00f1a constata que la vivienda agranda la desigualdad: los ricos acaparan cada vez m\u00e1s ladrillo - vof-news.eu\" \/>\n<meta property=\"og:description\" content=\"La crisis del mercado de la vivienda se ceba m\u00e1s sobre los hogares m\u00e1s vulnerables. No es solo una percepci\u00f3n, sino que lo constata el propio Banco de Espa\u00f1a a trav\u00e9s de una nueva estad\u00edstica sobre el reparto de la riqueza en la que se constata que el techo es, cada vez m\u00e1s, una fuente de desigualdad.\" \/>\n<meta property=\"og:url\" content=\"https:\/\/vof-news.eu\/es\/el-banco-de-espana-constata-que-la-vivienda-agranda-la-desigualdad-los-ricos-acaparan-cada-vez-mas-ladrillo\/\" \/>\n<meta property=\"og:site_name\" content=\"vof-news.eu\" \/>\n<meta property=\"article:published_time\" content=\"2026-01-29T14:21:01+00:00\" \/>\n<meta property=\"article:modified_time\" content=\"2026-01-29T14:22:00+00:00\" \/>\n<meta property=\"og:image\" content=\"https:\/\/vof-news.eu\/wp-content\/uploads\/2026\/01\/b1f68996-dea7-43a8-aaa0-dbcbada38d7c_16-9-discover-aspect-ratio_default_0.jpg\" \/>\n\t<meta property=\"og:image:width\" content=\"1200\" \/>\n\t<meta property=\"og:image:height\" content=\"675\" \/>\n\t<meta property=\"og:image:type\" content=\"image\/jpeg\" \/>\n<meta name=\"author\" content=\"Author\" \/>\n<meta name=\"twitter:card\" content=\"summary_large_image\" \/>\n<meta name=\"twitter:label1\" content=\"Escrito por\" \/>\n\t<meta name=\"twitter:data1\" content=\"Author\" \/>\n\t<meta name=\"twitter:label2\" content=\"Tiempo de lectura\" \/>\n\t<meta name=\"twitter:data2\" content=\"2 minutos\" \/>\n<script type=\"application\/ld+json\" class=\"yoast-schema-graph\">{\"@context\":\"https:\/\/schema.org\",\"@graph\":[{\"@type\":\"WebPage\",\"@id\":\"https:\/\/vof-news.eu\/es\/el-banco-de-espana-constata-que-la-vivienda-agranda-la-desigualdad-los-ricos-acaparan-cada-vez-mas-ladrillo\/\",\"url\":\"https:\/\/vof-news.eu\/es\/el-banco-de-espana-constata-que-la-vivienda-agranda-la-desigualdad-los-ricos-acaparan-cada-vez-mas-ladrillo\/\",\"name\":\"El Banco de Espa\u00f1a constata que la vivienda agranda la desigualdad: los ricos acaparan cada vez m\u00e1s ladrillo - vof-news.eu\",\"isPartOf\":{\"@id\":\"https:\/\/vof-news.eu\/es\/#website\"},\"primaryImageOfPage\":{\"@id\":\"https:\/\/vof-news.eu\/es\/el-banco-de-espana-constata-que-la-vivienda-agranda-la-desigualdad-los-ricos-acaparan-cada-vez-mas-ladrillo\/#primaryimage\"},\"image\":{\"@id\":\"https:\/\/vof-news.eu\/es\/el-banco-de-espana-constata-que-la-vivienda-agranda-la-desigualdad-los-ricos-acaparan-cada-vez-mas-ladrillo\/#primaryimage\"},\"thumbnailUrl\":\"https:\/\/vof-news.eu\/wp-content\/uploads\/2026\/01\/b1f68996-dea7-43a8-aaa0-dbcbada38d7c_16-9-discover-aspect-ratio_default_0.jpg\",\"datePublished\":\"2026-01-29T14:21:01+00:00\",\"dateModified\":\"2026-01-29T14:22:00+00:00\",\"author\":{\"@id\":\"https:\/\/vof-news.eu\/es\/#\/schema\/person\/f6a2a4309f0561835797fd8c19b333ed\"},\"description\":\"La crisis del mercado de la vivienda se ceba m\u00e1s sobre los hogares m\u00e1s vulnerables. No es solo una percepci\u00f3n, sino que lo constata el propio Banco de Espa\u00f1a a trav\u00e9s de una nueva estad\u00edstica sobre el reparto de la riqueza en la que se constata que el techo es, cada vez m\u00e1s, una fuente de desigualdad.\",\"breadcrumb\":{\"@id\":\"https:\/\/vof-news.eu\/es\/el-banco-de-espana-constata-que-la-vivienda-agranda-la-desigualdad-los-ricos-acaparan-cada-vez-mas-ladrillo\/#breadcrumb\"},\"inLanguage\":\"es\",\"potentialAction\":[{\"@type\":\"ReadAction\",\"target\":[\"https:\/\/vof-news.eu\/es\/el-banco-de-espana-constata-que-la-vivienda-agranda-la-desigualdad-los-ricos-acaparan-cada-vez-mas-ladrillo\/\"]}]},{\"@type\":\"ImageObject\",\"inLanguage\":\"es\",\"@id\":\"https:\/\/vof-news.eu\/es\/el-banco-de-espana-constata-que-la-vivienda-agranda-la-desigualdad-los-ricos-acaparan-cada-vez-mas-ladrillo\/#primaryimage\",\"url\":\"https:\/\/vof-news.eu\/wp-content\/uploads\/2026\/01\/b1f68996-dea7-43a8-aaa0-dbcbada38d7c_16-9-discover-aspect-ratio_default_0.jpg\",\"contentUrl\":\"https:\/\/vof-news.eu\/wp-content\/uploads\/2026\/01\/b1f68996-dea7-43a8-aaa0-dbcbada38d7c_16-9-discover-aspect-ratio_default_0.jpg\",\"width\":1200,\"height\":675},{\"@type\":\"BreadcrumbList\",\"@id\":\"https:\/\/vof-news.eu\/es\/el-banco-de-espana-constata-que-la-vivienda-agranda-la-desigualdad-los-ricos-acaparan-cada-vez-mas-ladrillo\/#breadcrumb\",\"itemListElement\":[{\"@type\":\"ListItem\",\"position\":1,\"name\":\"Home\",\"item\":\"https:\/\/vof-news.eu\/es\/\"},{\"@type\":\"ListItem\",\"position\":2,\"name\":\"El Banco de Espa\u00f1a constata que la vivienda agranda la desigualdad: los ricos acaparan cada vez m\u00e1s ladrillo\"}]},{\"@type\":\"WebSite\",\"@id\":\"https:\/\/vof-news.eu\/es\/#website\",\"url\":\"https:\/\/vof-news.eu\/es\/\",\"name\":\"vof-news.eu\",\"description\":\"\",\"potentialAction\":[{\"@type\":\"SearchAction\",\"target\":{\"@type\":\"EntryPoint\",\"urlTemplate\":\"https:\/\/vof-news.eu\/es\/?s={search_term_string}\"},\"query-input\":\"required name=search_term_string\"}],\"inLanguage\":\"es\"},{\"@type\":\"Person\",\"@id\":\"https:\/\/vof-news.eu\/es\/#\/schema\/person\/f6a2a4309f0561835797fd8c19b333ed\",\"name\":\"Author\",\"image\":{\"@type\":\"ImageObject\",\"inLanguage\":\"es\",\"@id\":\"https:\/\/vof-news.eu\/es\/#\/schema\/person\/image\/\",\"url\":\"https:\/\/secure.gravatar.com\/avatar\/b67e614b1b25b3e9c0c239efdd2fde5ab015b5affd6f1c3c85911ca4b384e790?s=96&d=mm&r=g\",\"contentUrl\":\"https:\/\/secure.gravatar.com\/avatar\/b67e614b1b25b3e9c0c239efdd2fde5ab015b5affd6f1c3c85911ca4b384e790?s=96&d=mm&r=g\",\"caption\":\"Author\"},\"sameAs\":[\"http:\/\/vof-news.eu\"],\"url\":\"https:\/\/vof-news.eu\/es\/author\/zwt6qxnjulxbnyg\/\"}]}<\/script>\n<!-- \/ Yoast SEO plugin. -->","yoast_head_json":{"title":"El Banco de Espa\u00f1a constata que la vivienda agranda la desigualdad: los ricos acaparan cada vez m\u00e1s ladrillo - vof-news.eu","description":"La crisis del mercado de la vivienda se ceba m\u00e1s sobre los hogares m\u00e1s vulnerables. No es solo una percepci\u00f3n, sino que lo constata el propio Banco de Espa\u00f1a a trav\u00e9s de una nueva estad\u00edstica sobre el reparto de la riqueza en la que se constata que el techo es, cada vez m\u00e1s, una fuente de desigualdad.","robots":{"index":"noindex","follow":"follow","max-snippet":"max-snippet:-1","max-image-preview":"max-image-preview:large","max-video-preview":"max-video-preview:-1"},"og_locale":"es_ES","og_type":"article","og_title":"El Banco de Espa\u00f1a constata que la vivienda agranda la desigualdad: los ricos acaparan cada vez m\u00e1s ladrillo - vof-news.eu","og_description":"La crisis del mercado de la vivienda se ceba m\u00e1s sobre los hogares m\u00e1s vulnerables. No es solo una percepci\u00f3n, sino que lo constata el propio Banco de Espa\u00f1a a trav\u00e9s de una nueva estad\u00edstica sobre el reparto de la riqueza en la que se constata que el techo es, cada vez m\u00e1s, una fuente de desigualdad.","og_url":"https:\/\/vof-news.eu\/es\/el-banco-de-espana-constata-que-la-vivienda-agranda-la-desigualdad-los-ricos-acaparan-cada-vez-mas-ladrillo\/","og_site_name":"vof-news.eu","article_published_time":"2026-01-29T14:21:01+00:00","article_modified_time":"2026-01-29T14:22:00+00:00","og_image":[{"width":1200,"height":675,"url":"https:\/\/vof-news.eu\/wp-content\/uploads\/2026\/01\/b1f68996-dea7-43a8-aaa0-dbcbada38d7c_16-9-discover-aspect-ratio_default_0.jpg","type":"image\/jpeg"}],"author":"Author","twitter_card":"summary_large_image","twitter_misc":{"Escrito por":"Author","Tiempo de lectura":"2 minutos"},"schema":{"@context":"https:\/\/schema.org","@graph":[{"@type":"WebPage","@id":"https:\/\/vof-news.eu\/es\/el-banco-de-espana-constata-que-la-vivienda-agranda-la-desigualdad-los-ricos-acaparan-cada-vez-mas-ladrillo\/","url":"https:\/\/vof-news.eu\/es\/el-banco-de-espana-constata-que-la-vivienda-agranda-la-desigualdad-los-ricos-acaparan-cada-vez-mas-ladrillo\/","name":"El Banco de Espa\u00f1a constata que la vivienda agranda la desigualdad: los ricos acaparan cada vez m\u00e1s ladrillo - vof-news.eu","isPartOf":{"@id":"https:\/\/vof-news.eu\/es\/#website"},"primaryImageOfPage":{"@id":"https:\/\/vof-news.eu\/es\/el-banco-de-espana-constata-que-la-vivienda-agranda-la-desigualdad-los-ricos-acaparan-cada-vez-mas-ladrillo\/#primaryimage"},"image":{"@id":"https:\/\/vof-news.eu\/es\/el-banco-de-espana-constata-que-la-vivienda-agranda-la-desigualdad-los-ricos-acaparan-cada-vez-mas-ladrillo\/#primaryimage"},"thumbnailUrl":"https:\/\/vof-news.eu\/wp-content\/uploads\/2026\/01\/b1f68996-dea7-43a8-aaa0-dbcbada38d7c_16-9-discover-aspect-ratio_default_0.jpg","datePublished":"2026-01-29T14:21:01+00:00","dateModified":"2026-01-29T14:22:00+00:00","author":{"@id":"https:\/\/vof-news.eu\/es\/#\/schema\/person\/f6a2a4309f0561835797fd8c19b333ed"},"description":"La crisis del mercado de la vivienda se ceba m\u00e1s sobre los hogares m\u00e1s vulnerables. No es solo una percepci\u00f3n, sino que lo constata el propio Banco de Espa\u00f1a a trav\u00e9s de una nueva estad\u00edstica sobre el reparto de la riqueza en la que se constata que el techo es, cada vez m\u00e1s, una fuente de desigualdad.","breadcrumb":{"@id":"https:\/\/vof-news.eu\/es\/el-banco-de-espana-constata-que-la-vivienda-agranda-la-desigualdad-los-ricos-acaparan-cada-vez-mas-ladrillo\/#breadcrumb"},"inLanguage":"es","potentialAction":[{"@type":"ReadAction","target":["https:\/\/vof-news.eu\/es\/el-banco-de-espana-constata-que-la-vivienda-agranda-la-desigualdad-los-ricos-acaparan-cada-vez-mas-ladrillo\/"]}]},{"@type":"ImageObject","inLanguage":"es","@id":"https:\/\/vof-news.eu\/es\/el-banco-de-espana-constata-que-la-vivienda-agranda-la-desigualdad-los-ricos-acaparan-cada-vez-mas-ladrillo\/#primaryimage","url":"https:\/\/vof-news.eu\/wp-content\/uploads\/2026\/01\/b1f68996-dea7-43a8-aaa0-dbcbada38d7c_16-9-discover-aspect-ratio_default_0.jpg","contentUrl":"https:\/\/vof-news.eu\/wp-content\/uploads\/2026\/01\/b1f68996-dea7-43a8-aaa0-dbcbada38d7c_16-9-discover-aspect-ratio_default_0.jpg","width":1200,"height":675},{"@type":"BreadcrumbList","@id":"https:\/\/vof-news.eu\/es\/el-banco-de-espana-constata-que-la-vivienda-agranda-la-desigualdad-los-ricos-acaparan-cada-vez-mas-ladrillo\/#breadcrumb","itemListElement":[{"@type":"ListItem","position":1,"name":"Home","item":"https:\/\/vof-news.eu\/es\/"},{"@type":"ListItem","position":2,"name":"El Banco de Espa\u00f1a constata que la vivienda agranda la desigualdad: los ricos acaparan cada vez m\u00e1s ladrillo"}]},{"@type":"WebSite","@id":"https:\/\/vof-news.eu\/es\/#website","url":"https:\/\/vof-news.eu\/es\/","name":"vof-news.eu","description":"","potentialAction":[{"@type":"SearchAction","target":{"@type":"EntryPoint","urlTemplate":"https:\/\/vof-news.eu\/es\/?s={search_term_string}"},"query-input":"required name=search_term_string"}],"inLanguage":"es"},{"@type":"Person","@id":"https:\/\/vof-news.eu\/es\/#\/schema\/person\/f6a2a4309f0561835797fd8c19b333ed","name":"Author","image":{"@type":"ImageObject","inLanguage":"es","@id":"https:\/\/vof-news.eu\/es\/#\/schema\/person\/image\/","url":"https:\/\/secure.gravatar.com\/avatar\/b67e614b1b25b3e9c0c239efdd2fde5ab015b5affd6f1c3c85911ca4b384e790?s=96&d=mm&r=g","contentUrl":"https:\/\/secure.gravatar.com\/avatar\/b67e614b1b25b3e9c0c239efdd2fde5ab015b5affd6f1c3c85911ca4b384e790?s=96&d=mm&r=g","caption":"Author"},"sameAs":["http:\/\/vof-news.eu"],"url":"https:\/\/vof-news.eu\/es\/author\/zwt6qxnjulxbnyg\/"}]}},"yoast_meta":{"yoast_wpseo_title":"","yoast_wpseo_metadesc":"","yoast_wpseo_canonical":""},"_links":{"self":[{"href":"https:\/\/vof-news.eu\/es\/wp-json\/wp\/v2\/posts\/321597","targetHints":{"allow":["GET"]}}],"collection":[{"href":"https:\/\/vof-news.eu\/es\/wp-json\/wp\/v2\/posts"}],"about":[{"href":"https:\/\/vof-news.eu\/es\/wp-json\/wp\/v2\/types\/post"}],"author":[{"embeddable":true,"href":"https:\/\/vof-news.eu\/es\/wp-json\/wp\/v2\/users\/1"}],"replies":[{"embeddable":true,"href":"https:\/\/vof-news.eu\/es\/wp-json\/wp\/v2\/comments?post=321597"}],"version-history":[{"count":1,"href":"https:\/\/vof-news.eu\/es\/wp-json\/wp\/v2\/posts\/321597\/revisions"}],"predecessor-version":[{"id":321604,"href":"https:\/\/vof-news.eu\/es\/wp-json\/wp\/v2\/posts\/321597\/revisions\/321604"}],"wp:featuredmedia":[{"embeddable":true,"href":"https:\/\/vof-news.eu\/es\/wp-json\/wp\/v2\/media\/321598"}],"wp:attachment":[{"href":"https:\/\/vof-news.eu\/es\/wp-json\/wp\/v2\/media?parent=321597"}],"wp:term":[{"taxonomy":"category","embeddable":true,"href":"https:\/\/vof-news.eu\/es\/wp-json\/wp\/v2\/categories?post=321597"},{"taxonomy":"post_tag","embeddable":true,"href":"https:\/\/vof-news.eu\/es\/wp-json\/wp\/v2\/tags?post=321597"}],"curies":[{"name":"wp","href":"https:\/\/api.w.org\/{rel}","templated":true}]}}