{"id":321589,"date":"2026-01-29T17:18:56","date_gmt":"2026-01-29T14:18:56","guid":{"rendered":"https:\/\/vof-news.eu\/aldama-confirma-el-error-de-la-uco-al-implicar-a-un-alto-cargo-de-transicion-ecologica-estan-equivocados-no-tuve-ningun-contacto-con-el\/"},"modified":"2026-01-29T17:19:54","modified_gmt":"2026-01-29T14:19:54","slug":"aldama-confirma-el-error-de-la-uco-al-implicar-a-un-alto-cargo-de-transicion-ecologica-estan-equivocados-no-tuve-ningun-contacto-con-el","status":"publish","type":"post","link":"https:\/\/vof-news.eu\/es\/aldama-confirma-el-error-de-la-uco-al-implicar-a-un-alto-cargo-de-transicion-ecologica-estan-equivocados-no-tuve-ningun-contacto-con-el\/","title":{"rendered":"Aldama confirma el error de la UCO al implicar a un alto cargo de Transici\u00f3n Ecol\u00f3gica: \u201cEst\u00e1n equivocados, no tuve ning\u00fan contacto con \u00e9l\u201d"},"content":{"rendered":"<div>\n<p>\n        El empresario y comisionista V\u00edctor de Aldama ha confirmado este jueves en su declaraci\u00f3n como imputado en la Audiencia Nacional que la Guardia Civil se equivoc\u00f3 al <a href=\"https:\/\/www.eldiario.es\/politica\/uco-senalo-error-alto-cargo-transicion-ecologica-informe-trama-hidrocarburos-aldama_1_12857549.html\" rel=\"nofollow\">se\u00f1alar a un alto cargo del Ministerio de Transici\u00f3n Ecol\u00f3gica<\/a> en la trama de los hidrocarburos. \u201cNo tuve ning\u00fan contacto. Creo que est\u00e1n equivocados por un contacto que yo tengo, pero es un empresario\u201d, ha afirmado a preguntas del fiscal, de acuerdo a las fuentes consultadas. El representante del Ministerio P\u00fablico le hab\u00eda interrogado por un supuesto contacto con el director general de Minas, Manuel Garc\u00eda Hern\u00e1ndez. Esa \u201cconversaci\u00f3n\u201d es el principal indicio citado por la UCO para apuntar a la \u201cposible penetraci\u00f3n\u201d de la trama en el Ministerio.\u00a0\n    <\/p>\n<p>\n        La unidad policial se bas\u00f3 en unos \u201cmensajes borrados\u201d hallados en uno de los tel\u00e9fonos incautados a Aldama. Los agentes no lograron recuperar el contenido de esa \u201cconversaci\u00f3n\u201d mantenida a trav\u00e9s de WeChat, el WhatsApp chino. Pero s\u00ed un c\u00f3digo con el que deducen que \u201cel nombre de contacto guardado por Aldama consta como Manuel Garc\u00eda Maroto\u201d. De ah\u00ed infieren que \u201cpodr\u00eda corresponderse con un error\u201d y que \u201ces plausible que la identidad del contactado se correspondiera con la del director general\u201d. Es esta deducci\u00f3n la que les lleva a afirmar que Aldama \u201cintermedi\u00f3\u201d con ese alto cargo.\u00a0\n    <\/p>\n<p>\n        Sin embargo, el pantallazo con el c\u00f3digo obtenido al intentar rescatar ese mensaje desmonta la tesis policial. En \u00e9l figura la palabra en ingl\u00e9s \u201cstranger\u201d [desconocido] y, a continuaci\u00f3n, el nombre \u201cManuel Garc\u00eda Maroto\u201d. El propio centro de ayuda de la aplicaci\u00f3n de mensajer\u00eda china explica que, en WeChat, un \u201cstranger\u201d es un usuario que no est\u00e1 en la lista de contactos de quien recibe el mensaje. Especialistas en programaci\u00f3n consultados explican que, en este caso, \u201cManuel Garc\u00eda Maroto\u201d es el nombre de usuario que el interlocutor de Aldama se puso a s\u00ed mismo en la aplicaci\u00f3n, no el que le hab\u00eda otorgado el empresario al guardarlo entre sus contactos, tal y como sostiene la UCO.\n    <\/p>\n<p>\n        Ahora, en su declaraci\u00f3n judicial Aldama ha confirmado que Manuel Garc\u00eda Maroto es, en realidad, un empresario. Este jueves tambi\u00e9n estaba citado como testigo el alto cargo de\u00a0Transici\u00f3n Ecol\u00f3gica, que ha negado tener v\u00ednculo alguno con la trama y ha afirmado que no conoce a ninguno de los investigados.\u00a0\n    <\/p>\n<\/div>\n","protected":false},"excerpt":{"rendered":"<p>El empresario y comisionista V\u00edctor de Aldama ha confirmado este jueves en su declaraci\u00f3n como imputado en la Audiencia Nacional que la Guardia Civil se equivoc\u00f3 al se\u00f1alar a un alto cargo del Ministerio de Transici\u00f3n Ecol\u00f3gica en la trama de los hidrocarburos. \u201cNo tuve ning\u00fan contacto. Creo que est\u00e1n equivocados por un contacto que<\/p>\n","protected":false},"author":1,"featured_media":321590,"comment_status":"open","ping_status":"open","sticky":false,"template":"","format":"standard","meta":{"footnotes":""},"categories":[71],"tags":[],"class_list":["post-321589","post","type-post","status-publish","format-standard","has-post-thumbnail","hentry","category-politics-es"],"acf":[],"yoast_head":"<!-- This site is optimized with the Yoast SEO plugin v22.9 - https:\/\/yoast.com\/wordpress\/plugins\/seo\/ -->\n<title>Aldama confirma el error de la UCO al implicar a un alto cargo de Transici\u00f3n Ecol\u00f3gica: \u201cEst\u00e1n equivocados, no tuve ning\u00fan contacto con \u00e9l\u201d - vof-news.eu<\/title>\n<meta name=\"description\" content=\"El empresario y comisionista V\u00edctor de Aldama ha confirmado este jueves en su declaraci\u00f3n como imputado en la Audiencia Nacional que la Guardia Civil se equivoc\u00f3 al se\u00f1alar a un alto cargo del Ministerio de Transici\u00f3n Ecol\u00f3gica en la trama de los hidrocarburos. \u201cNo tuve ning\u00fan contacto. Creo que est\u00e1n equivocados por un contacto que yo tengo, pero es un empresario\u201d, ha afirmado a preguntas del fiscal, de acuerdo a las fuentes consultadas. El representante del Ministerio P\u00fablico le hab\u00eda interrogado por un supuesto contacto con el director general de Minas, Manuel Garc\u00eda Hern\u00e1ndez. Esa \u201cconversaci\u00f3n\u201d es el principal indicio citado por la UCO para apuntar a la \u201cposible penetraci\u00f3n\u201d de la trama en el Ministerio.\u00a0\" \/>\n<meta name=\"robots\" content=\"noindex, follow, max-snippet:-1, max-image-preview:large, max-video-preview:-1\" \/>\n<meta property=\"og:locale\" content=\"es_ES\" \/>\n<meta property=\"og:type\" content=\"article\" \/>\n<meta property=\"og:title\" content=\"Aldama confirma el error de la UCO al implicar a un alto cargo de Transici\u00f3n Ecol\u00f3gica: \u201cEst\u00e1n equivocados, no tuve ning\u00fan contacto con \u00e9l\u201d - vof-news.eu\" \/>\n<meta property=\"og:description\" content=\"El empresario y comisionista V\u00edctor de Aldama ha confirmado este jueves en su declaraci\u00f3n como imputado en la Audiencia Nacional que la Guardia Civil se equivoc\u00f3 al se\u00f1alar a un alto cargo del Ministerio de Transici\u00f3n Ecol\u00f3gica en la trama de los hidrocarburos. \u201cNo tuve ning\u00fan contacto. Creo que est\u00e1n equivocados por un contacto que yo tengo, pero es un empresario\u201d, ha afirmado a preguntas del fiscal, de acuerdo a las fuentes consultadas. El representante del Ministerio P\u00fablico le hab\u00eda interrogado por un supuesto contacto con el director general de Minas, Manuel Garc\u00eda Hern\u00e1ndez. Esa \u201cconversaci\u00f3n\u201d es el principal indicio citado por la UCO para apuntar a la \u201cposible penetraci\u00f3n\u201d de la trama en el Ministerio.\u00a0\" \/>\n<meta property=\"og:url\" content=\"https:\/\/vof-news.eu\/es\/aldama-confirma-el-error-de-la-uco-al-implicar-a-un-alto-cargo-de-transicion-ecologica-estan-equivocados-no-tuve-ningun-contacto-con-el\/\" \/>\n<meta property=\"og:site_name\" content=\"vof-news.eu\" \/>\n<meta property=\"article:published_time\" content=\"2026-01-29T14:18:56+00:00\" \/>\n<meta property=\"article:modified_time\" content=\"2026-01-29T14:19:54+00:00\" \/>\n<meta property=\"og:image\" content=\"https:\/\/vof-news.eu\/wp-content\/uploads\/2026\/01\/f99e8cd6-387d-48c8-a5b3-6128b0b51b1d_16-9-discover-aspect-ratio_default_1132917.jpg\" \/>\n\t<meta property=\"og:image:width\" content=\"1200\" \/>\n\t<meta property=\"og:image:height\" content=\"675\" \/>\n\t<meta property=\"og:image:type\" content=\"image\/jpeg\" \/>\n<meta name=\"author\" content=\"Author\" \/>\n<meta name=\"twitter:card\" content=\"summary_large_image\" \/>\n<meta name=\"twitter:label1\" content=\"Escrito por\" \/>\n\t<meta name=\"twitter:data1\" content=\"Author\" \/>\n\t<meta name=\"twitter:label2\" content=\"Tiempo de lectura\" \/>\n\t<meta name=\"twitter:data2\" content=\"2 minutos\" \/>\n<script type=\"application\/ld+json\" class=\"yoast-schema-graph\">{\"@context\":\"https:\/\/schema.org\",\"@graph\":[{\"@type\":\"WebPage\",\"@id\":\"https:\/\/vof-news.eu\/es\/aldama-confirma-el-error-de-la-uco-al-implicar-a-un-alto-cargo-de-transicion-ecologica-estan-equivocados-no-tuve-ningun-contacto-con-el\/\",\"url\":\"https:\/\/vof-news.eu\/es\/aldama-confirma-el-error-de-la-uco-al-implicar-a-un-alto-cargo-de-transicion-ecologica-estan-equivocados-no-tuve-ningun-contacto-con-el\/\",\"name\":\"Aldama confirma el error de la UCO al implicar a un alto cargo de Transici\u00f3n Ecol\u00f3gica: \u201cEst\u00e1n equivocados, no tuve ning\u00fan contacto con \u00e9l\u201d - vof-news.eu\",\"isPartOf\":{\"@id\":\"https:\/\/vof-news.eu\/es\/#website\"},\"primaryImageOfPage\":{\"@id\":\"https:\/\/vof-news.eu\/es\/aldama-confirma-el-error-de-la-uco-al-implicar-a-un-alto-cargo-de-transicion-ecologica-estan-equivocados-no-tuve-ningun-contacto-con-el\/#primaryimage\"},\"image\":{\"@id\":\"https:\/\/vof-news.eu\/es\/aldama-confirma-el-error-de-la-uco-al-implicar-a-un-alto-cargo-de-transicion-ecologica-estan-equivocados-no-tuve-ningun-contacto-con-el\/#primaryimage\"},\"thumbnailUrl\":\"https:\/\/vof-news.eu\/wp-content\/uploads\/2026\/01\/f99e8cd6-387d-48c8-a5b3-6128b0b51b1d_16-9-discover-aspect-ratio_default_1132917.jpg\",\"datePublished\":\"2026-01-29T14:18:56+00:00\",\"dateModified\":\"2026-01-29T14:19:54+00:00\",\"author\":{\"@id\":\"https:\/\/vof-news.eu\/es\/#\/schema\/person\/f6a2a4309f0561835797fd8c19b333ed\"},\"description\":\"El empresario y comisionista V\u00edctor de Aldama ha confirmado este jueves en su declaraci\u00f3n como imputado en la Audiencia Nacional que la Guardia Civil se equivoc\u00f3 al se\u00f1alar a un alto cargo del Ministerio de Transici\u00f3n Ecol\u00f3gica en la trama de los hidrocarburos. \u201cNo tuve ning\u00fan contacto. Creo que est\u00e1n equivocados por un contacto que yo tengo, pero es un empresario\u201d, ha afirmado a preguntas del fiscal, de acuerdo a las fuentes consultadas. El representante del Ministerio P\u00fablico le hab\u00eda interrogado por un supuesto contacto con el director general de Minas, Manuel Garc\u00eda Hern\u00e1ndez. Esa \u201cconversaci\u00f3n\u201d es el principal indicio citado por la UCO para apuntar a la \u201cposible penetraci\u00f3n\u201d de la trama en el Ministerio.\u00a0\",\"breadcrumb\":{\"@id\":\"https:\/\/vof-news.eu\/es\/aldama-confirma-el-error-de-la-uco-al-implicar-a-un-alto-cargo-de-transicion-ecologica-estan-equivocados-no-tuve-ningun-contacto-con-el\/#breadcrumb\"},\"inLanguage\":\"es\",\"potentialAction\":[{\"@type\":\"ReadAction\",\"target\":[\"https:\/\/vof-news.eu\/es\/aldama-confirma-el-error-de-la-uco-al-implicar-a-un-alto-cargo-de-transicion-ecologica-estan-equivocados-no-tuve-ningun-contacto-con-el\/\"]}]},{\"@type\":\"ImageObject\",\"inLanguage\":\"es\",\"@id\":\"https:\/\/vof-news.eu\/es\/aldama-confirma-el-error-de-la-uco-al-implicar-a-un-alto-cargo-de-transicion-ecologica-estan-equivocados-no-tuve-ningun-contacto-con-el\/#primaryimage\",\"url\":\"https:\/\/vof-news.eu\/wp-content\/uploads\/2026\/01\/f99e8cd6-387d-48c8-a5b3-6128b0b51b1d_16-9-discover-aspect-ratio_default_1132917.jpg\",\"contentUrl\":\"https:\/\/vof-news.eu\/wp-content\/uploads\/2026\/01\/f99e8cd6-387d-48c8-a5b3-6128b0b51b1d_16-9-discover-aspect-ratio_default_1132917.jpg\",\"width\":1200,\"height\":675},{\"@type\":\"BreadcrumbList\",\"@id\":\"https:\/\/vof-news.eu\/es\/aldama-confirma-el-error-de-la-uco-al-implicar-a-un-alto-cargo-de-transicion-ecologica-estan-equivocados-no-tuve-ningun-contacto-con-el\/#breadcrumb\",\"itemListElement\":[{\"@type\":\"ListItem\",\"position\":1,\"name\":\"Home\",\"item\":\"https:\/\/vof-news.eu\/es\/\"},{\"@type\":\"ListItem\",\"position\":2,\"name\":\"Aldama confirma el error de la UCO al implicar a un alto cargo de Transici\u00f3n Ecol\u00f3gica: \u201cEst\u00e1n equivocados, no tuve ning\u00fan contacto con \u00e9l\u201d\"}]},{\"@type\":\"WebSite\",\"@id\":\"https:\/\/vof-news.eu\/es\/#website\",\"url\":\"https:\/\/vof-news.eu\/es\/\",\"name\":\"vof-news.eu\",\"description\":\"\",\"potentialAction\":[{\"@type\":\"SearchAction\",\"target\":{\"@type\":\"EntryPoint\",\"urlTemplate\":\"https:\/\/vof-news.eu\/es\/?s={search_term_string}\"},\"query-input\":\"required name=search_term_string\"}],\"inLanguage\":\"es\"},{\"@type\":\"Person\",\"@id\":\"https:\/\/vof-news.eu\/es\/#\/schema\/person\/f6a2a4309f0561835797fd8c19b333ed\",\"name\":\"Author\",\"image\":{\"@type\":\"ImageObject\",\"inLanguage\":\"es\",\"@id\":\"https:\/\/vof-news.eu\/es\/#\/schema\/person\/image\/\",\"url\":\"https:\/\/secure.gravatar.com\/avatar\/b67e614b1b25b3e9c0c239efdd2fde5ab015b5affd6f1c3c85911ca4b384e790?s=96&d=mm&r=g\",\"contentUrl\":\"https:\/\/secure.gravatar.com\/avatar\/b67e614b1b25b3e9c0c239efdd2fde5ab015b5affd6f1c3c85911ca4b384e790?s=96&d=mm&r=g\",\"caption\":\"Author\"},\"sameAs\":[\"http:\/\/vof-news.eu\"],\"url\":\"https:\/\/vof-news.eu\/es\/author\/zwt6qxnjulxbnyg\/\"}]}<\/script>\n<!-- \/ Yoast SEO plugin. -->","yoast_head_json":{"title":"Aldama confirma el error de la UCO al implicar a un alto cargo de Transici\u00f3n Ecol\u00f3gica: \u201cEst\u00e1n equivocados, no tuve ning\u00fan contacto con \u00e9l\u201d - vof-news.eu","description":"El empresario y comisionista V\u00edctor de Aldama ha confirmado este jueves en su declaraci\u00f3n como imputado en la Audiencia Nacional que la Guardia Civil se equivoc\u00f3 al se\u00f1alar a un alto cargo del Ministerio de Transici\u00f3n Ecol\u00f3gica en la trama de los hidrocarburos. \u201cNo tuve ning\u00fan contacto. Creo que est\u00e1n equivocados por un contacto que yo tengo, pero es un empresario\u201d, ha afirmado a preguntas del fiscal, de acuerdo a las fuentes consultadas. El representante del Ministerio P\u00fablico le hab\u00eda interrogado por un supuesto contacto con el director general de Minas, Manuel Garc\u00eda Hern\u00e1ndez. Esa \u201cconversaci\u00f3n\u201d es el principal indicio citado por la UCO para apuntar a la \u201cposible penetraci\u00f3n\u201d de la trama en el Ministerio.\u00a0","robots":{"index":"noindex","follow":"follow","max-snippet":"max-snippet:-1","max-image-preview":"max-image-preview:large","max-video-preview":"max-video-preview:-1"},"og_locale":"es_ES","og_type":"article","og_title":"Aldama confirma el error de la UCO al implicar a un alto cargo de Transici\u00f3n Ecol\u00f3gica: \u201cEst\u00e1n equivocados, no tuve ning\u00fan contacto con \u00e9l\u201d - vof-news.eu","og_description":"El empresario y comisionista V\u00edctor de Aldama ha confirmado este jueves en su declaraci\u00f3n como imputado en la Audiencia Nacional que la Guardia Civil se equivoc\u00f3 al se\u00f1alar a un alto cargo del Ministerio de Transici\u00f3n Ecol\u00f3gica en la trama de los hidrocarburos. \u201cNo tuve ning\u00fan contacto. Creo que est\u00e1n equivocados por un contacto que yo tengo, pero es un empresario\u201d, ha afirmado a preguntas del fiscal, de acuerdo a las fuentes consultadas. El representante del Ministerio P\u00fablico le hab\u00eda interrogado por un supuesto contacto con el director general de Minas, Manuel Garc\u00eda Hern\u00e1ndez. Esa \u201cconversaci\u00f3n\u201d es el principal indicio citado por la UCO para apuntar a la \u201cposible penetraci\u00f3n\u201d de la trama en el Ministerio.\u00a0","og_url":"https:\/\/vof-news.eu\/es\/aldama-confirma-el-error-de-la-uco-al-implicar-a-un-alto-cargo-de-transicion-ecologica-estan-equivocados-no-tuve-ningun-contacto-con-el\/","og_site_name":"vof-news.eu","article_published_time":"2026-01-29T14:18:56+00:00","article_modified_time":"2026-01-29T14:19:54+00:00","og_image":[{"width":1200,"height":675,"url":"https:\/\/vof-news.eu\/wp-content\/uploads\/2026\/01\/f99e8cd6-387d-48c8-a5b3-6128b0b51b1d_16-9-discover-aspect-ratio_default_1132917.jpg","type":"image\/jpeg"}],"author":"Author","twitter_card":"summary_large_image","twitter_misc":{"Escrito por":"Author","Tiempo de lectura":"2 minutos"},"schema":{"@context":"https:\/\/schema.org","@graph":[{"@type":"WebPage","@id":"https:\/\/vof-news.eu\/es\/aldama-confirma-el-error-de-la-uco-al-implicar-a-un-alto-cargo-de-transicion-ecologica-estan-equivocados-no-tuve-ningun-contacto-con-el\/","url":"https:\/\/vof-news.eu\/es\/aldama-confirma-el-error-de-la-uco-al-implicar-a-un-alto-cargo-de-transicion-ecologica-estan-equivocados-no-tuve-ningun-contacto-con-el\/","name":"Aldama confirma el error de la UCO al implicar a un alto cargo de Transici\u00f3n Ecol\u00f3gica: \u201cEst\u00e1n equivocados, no tuve ning\u00fan contacto con \u00e9l\u201d - vof-news.eu","isPartOf":{"@id":"https:\/\/vof-news.eu\/es\/#website"},"primaryImageOfPage":{"@id":"https:\/\/vof-news.eu\/es\/aldama-confirma-el-error-de-la-uco-al-implicar-a-un-alto-cargo-de-transicion-ecologica-estan-equivocados-no-tuve-ningun-contacto-con-el\/#primaryimage"},"image":{"@id":"https:\/\/vof-news.eu\/es\/aldama-confirma-el-error-de-la-uco-al-implicar-a-un-alto-cargo-de-transicion-ecologica-estan-equivocados-no-tuve-ningun-contacto-con-el\/#primaryimage"},"thumbnailUrl":"https:\/\/vof-news.eu\/wp-content\/uploads\/2026\/01\/f99e8cd6-387d-48c8-a5b3-6128b0b51b1d_16-9-discover-aspect-ratio_default_1132917.jpg","datePublished":"2026-01-29T14:18:56+00:00","dateModified":"2026-01-29T14:19:54+00:00","author":{"@id":"https:\/\/vof-news.eu\/es\/#\/schema\/person\/f6a2a4309f0561835797fd8c19b333ed"},"description":"El empresario y comisionista V\u00edctor de Aldama ha confirmado este jueves en su declaraci\u00f3n como imputado en la Audiencia Nacional que la Guardia Civil se equivoc\u00f3 al se\u00f1alar a un alto cargo del Ministerio de Transici\u00f3n Ecol\u00f3gica en la trama de los hidrocarburos. \u201cNo tuve ning\u00fan contacto. Creo que est\u00e1n equivocados por un contacto que yo tengo, pero es un empresario\u201d, ha afirmado a preguntas del fiscal, de acuerdo a las fuentes consultadas. El representante del Ministerio P\u00fablico le hab\u00eda interrogado por un supuesto contacto con el director general de Minas, Manuel Garc\u00eda Hern\u00e1ndez. Esa \u201cconversaci\u00f3n\u201d es el principal indicio citado por la UCO para apuntar a la \u201cposible penetraci\u00f3n\u201d de la trama en el Ministerio.\u00a0","breadcrumb":{"@id":"https:\/\/vof-news.eu\/es\/aldama-confirma-el-error-de-la-uco-al-implicar-a-un-alto-cargo-de-transicion-ecologica-estan-equivocados-no-tuve-ningun-contacto-con-el\/#breadcrumb"},"inLanguage":"es","potentialAction":[{"@type":"ReadAction","target":["https:\/\/vof-news.eu\/es\/aldama-confirma-el-error-de-la-uco-al-implicar-a-un-alto-cargo-de-transicion-ecologica-estan-equivocados-no-tuve-ningun-contacto-con-el\/"]}]},{"@type":"ImageObject","inLanguage":"es","@id":"https:\/\/vof-news.eu\/es\/aldama-confirma-el-error-de-la-uco-al-implicar-a-un-alto-cargo-de-transicion-ecologica-estan-equivocados-no-tuve-ningun-contacto-con-el\/#primaryimage","url":"https:\/\/vof-news.eu\/wp-content\/uploads\/2026\/01\/f99e8cd6-387d-48c8-a5b3-6128b0b51b1d_16-9-discover-aspect-ratio_default_1132917.jpg","contentUrl":"https:\/\/vof-news.eu\/wp-content\/uploads\/2026\/01\/f99e8cd6-387d-48c8-a5b3-6128b0b51b1d_16-9-discover-aspect-ratio_default_1132917.jpg","width":1200,"height":675},{"@type":"BreadcrumbList","@id":"https:\/\/vof-news.eu\/es\/aldama-confirma-el-error-de-la-uco-al-implicar-a-un-alto-cargo-de-transicion-ecologica-estan-equivocados-no-tuve-ningun-contacto-con-el\/#breadcrumb","itemListElement":[{"@type":"ListItem","position":1,"name":"Home","item":"https:\/\/vof-news.eu\/es\/"},{"@type":"ListItem","position":2,"name":"Aldama confirma el error de la UCO al implicar a un alto cargo de Transici\u00f3n Ecol\u00f3gica: \u201cEst\u00e1n equivocados, no tuve ning\u00fan contacto con \u00e9l\u201d"}]},{"@type":"WebSite","@id":"https:\/\/vof-news.eu\/es\/#website","url":"https:\/\/vof-news.eu\/es\/","name":"vof-news.eu","description":"","potentialAction":[{"@type":"SearchAction","target":{"@type":"EntryPoint","urlTemplate":"https:\/\/vof-news.eu\/es\/?s={search_term_string}"},"query-input":"required name=search_term_string"}],"inLanguage":"es"},{"@type":"Person","@id":"https:\/\/vof-news.eu\/es\/#\/schema\/person\/f6a2a4309f0561835797fd8c19b333ed","name":"Author","image":{"@type":"ImageObject","inLanguage":"es","@id":"https:\/\/vof-news.eu\/es\/#\/schema\/person\/image\/","url":"https:\/\/secure.gravatar.com\/avatar\/b67e614b1b25b3e9c0c239efdd2fde5ab015b5affd6f1c3c85911ca4b384e790?s=96&d=mm&r=g","contentUrl":"https:\/\/secure.gravatar.com\/avatar\/b67e614b1b25b3e9c0c239efdd2fde5ab015b5affd6f1c3c85911ca4b384e790?s=96&d=mm&r=g","caption":"Author"},"sameAs":["http:\/\/vof-news.eu"],"url":"https:\/\/vof-news.eu\/es\/author\/zwt6qxnjulxbnyg\/"}]}},"yoast_meta":{"yoast_wpseo_title":"","yoast_wpseo_metadesc":"","yoast_wpseo_canonical":""},"_links":{"self":[{"href":"https:\/\/vof-news.eu\/es\/wp-json\/wp\/v2\/posts\/321589","targetHints":{"allow":["GET"]}}],"collection":[{"href":"https:\/\/vof-news.eu\/es\/wp-json\/wp\/v2\/posts"}],"about":[{"href":"https:\/\/vof-news.eu\/es\/wp-json\/wp\/v2\/types\/post"}],"author":[{"embeddable":true,"href":"https:\/\/vof-news.eu\/es\/wp-json\/wp\/v2\/users\/1"}],"replies":[{"embeddable":true,"href":"https:\/\/vof-news.eu\/es\/wp-json\/wp\/v2\/comments?post=321589"}],"version-history":[{"count":1,"href":"https:\/\/vof-news.eu\/es\/wp-json\/wp\/v2\/posts\/321589\/revisions"}],"predecessor-version":[{"id":321596,"href":"https:\/\/vof-news.eu\/es\/wp-json\/wp\/v2\/posts\/321589\/revisions\/321596"}],"wp:featuredmedia":[{"embeddable":true,"href":"https:\/\/vof-news.eu\/es\/wp-json\/wp\/v2\/media\/321590"}],"wp:attachment":[{"href":"https:\/\/vof-news.eu\/es\/wp-json\/wp\/v2\/media?parent=321589"}],"wp:term":[{"taxonomy":"category","embeddable":true,"href":"https:\/\/vof-news.eu\/es\/wp-json\/wp\/v2\/categories?post=321589"},{"taxonomy":"post_tag","embeddable":true,"href":"https:\/\/vof-news.eu\/es\/wp-json\/wp\/v2\/tags?post=321589"}],"curies":[{"name":"wp","href":"https:\/\/api.w.org\/{rel}","templated":true}]}}