{"id":321581,"date":"2026-01-29T17:17:17","date_gmt":"2026-01-29T14:17:17","guid":{"rendered":"https:\/\/vof-news.eu\/el-pp-sentencia-a-puente-en-el-senado-sin-esperar-a-la-investigacion-del-accidente-de-adamuz-y-los-socios-avisan-al-gobierno\/"},"modified":"2026-01-29T17:18:07","modified_gmt":"2026-01-29T14:18:07","slug":"el-pp-sentencia-a-puente-en-el-senado-sin-esperar-a-la-investigacion-del-accidente-de-adamuz-y-los-socios-avisan-al-gobierno","status":"publish","type":"post","link":"https:\/\/vof-news.eu\/es\/el-pp-sentencia-a-puente-en-el-senado-sin-esperar-a-la-investigacion-del-accidente-de-adamuz-y-los-socios-avisan-al-gobierno\/","title":{"rendered":"El PP sentencia a Puente en el Senado sin esperar a la investigaci\u00f3n del accidente de Adamuz y los socios avisan al Gobierno"},"content":{"rendered":"<div>\n<p>\n        El PP se ha lanzado a una guerra sin cuartel contra el Gobierno de Pedro S\u00e1nchez tambi\u00e9n por el accidente de Adamuz en el que murieron 45 personas y lo ha dejado claro durante la comparecencia del ministro de Transportes, \u00d3scar Puente, en el Senado, donde le ha sentenciado sin esperar a las conclusiones de la Comisi\u00f3n de Investigaci\u00f3n de Accidentes Ferroviarios (CIAF). \u201cEsto no fue un suceso aislado, fue la cr\u00f3nica de una tragedia anunciada\u201d, ha afirmado el portavoz del PP, Antonio Silv\u00e1n, que ha exigido la dimisi\u00f3n de Puente, a quien ha acusado de ser el \u201cbulo\u201d y de que sus explicaciones son \u201cpropaganda\u201d. \u201cEl bulo es usted\u201d, le ha espetado ante la desinformaci\u00f3n y las  que denuncia el Gobierno. Las cr\u00edticas no solo han llegado de la derecha sino que algunos socios del Ejecutivo han lanzado advertencias sobre los fallos del sistema ferroviario y Junts directamente le ha exigido la dimisi\u00f3n.\n    <\/p>\n<p>\n        El Pleno empez\u00f3 con bronca porque el PP quer\u00eda forzar, gracias a su mayor\u00eda absoluta, que fuera Pedro S\u00e1nchez el que rindiera cuentas; pero Moncloa no le va a dar ese triunfo y lo descart\u00f3 aduciendo que la Constituci\u00f3n le ampara para \u201cresponder de forma solidaria\u201d. \u201cHa preferido quedarse en el b\u00fanker de La Moncloa, escondido\u201d, ha reprochado la portavoz, Alicia Garc\u00eda, que ha pedido la palabra nada m\u00e1s comenzar la sesi\u00f3n. \u201cHoy delega en \u00e9l [Puente] porque le protege de la mentira\u201d, ha rematado antes de exigir su dimisi\u00f3n o cese. S\u00e1nchez acudir\u00e1 al Congreso el pr\u00f3ximo 11 de febrero, como ha recordado el ministro, que ha recriminado la \u201cincoherencia\u201d de que exijan esas comparecencias que no se produjeron tras el accidente de Angrois en el que murieron 80 personas cuando gobernaba Mariano Rajoy. \u201cUstedes respetan la ley del embudo: lo ancho siempre para ustedes y lo estrecho para los dem\u00e1s\u201d.\n    <\/p>\n<p>\n        A partir de ah\u00ed, Puente ha reiterado las explicaciones de lo sucedido el pasado 18 de enero y, sobre la principal acusaci\u00f3n que hace la derecha y que pasa por cuestionar que se produjera una \u201crenovaci\u00f3n integral\u201d de la l\u00ednea para se\u00f1alarle por la tragedia, ha afirmado:<a href=\"https:\/\/www.eldiario.es\/economia\/oscar-puente-renovar-linea-alta-velocidad-no-significa-levantarla-entera-volver-construirla-impensable_1_12945589.html\" rel=\"nofollow\"> \u201cRenovar una l\u00ednea de alta velocidad no significa levantarla entera y volver a construirla, es impensable\u201d<\/a>. \u201cSignifica actuar de manera progresiva, ordenada y compatible con la explotaci\u00f3n ferroviaria, sustituyendo aquellos elementos que lo requieren\u201d, ha agregado el ministro, que se basa en el criterio ferroviario y en los 88 contratos de renovaci\u00f3n que ha llevado a cabo Adif bajo el paraguas de esa \u201crenovaci\u00f3n integral\u201d.\n    <\/p>\n<p>\n        El ministro se ha rebelado contra la utilizaci\u00f3n de la tragedia y la difusi\u00f3n de bulos, que ha vinculado con la ultraderecha, aunque ha lamentado que tambi\u00e9n el PP se haya abonado a ellos: \u201cUna cosa es la cr\u00edtica y otra muy distinta la desinformaci\u00f3n planificada, un fen\u00f3meno hist\u00f3ricamente vinculado al ascenso de reg\u00edmenes totalitarios y que hoy responde a la irrupci\u00f3n de un neofascismo que busca aniquilar la convivencia, minar la confianza en las instituciones y propagar el miedo, que es su caldo de cultivo\u201d.\n    <\/p>\n<p>\n        \u201cIncluso aunque a veces me pueda precipitar aportando alguna informaci\u00f3n y luego me tenga que corregir, prefiero pecar de eso que no de todo lo contrario. La mayor garant\u00eda para no equivocarse es esconderse. He asumido riesgo y seguramente cometer\u00e9 errores, ninguno de mala fe\u201d, ha apuntado Puente, que m\u00e1s adelante ha dicho que el riesgo cero no existe, pero que se est\u00e1 \u201ccerca\u201d. \u201c\u00bfCu\u00e1nto m\u00e1s habr\u00e1 que invertir? Habr\u00e1 un debate a partir de los resultados que ofrezca la CIAF\u201d, ha se\u00f1alado en referencia al cuestionamiento que han hecho los socios, como PNV o ERC.\n    <\/p>\n<h2>La derecha saca a relucir la corrupci\u00f3n<\/h2>\n<p>\n        Antes de que est\u00e9n esas conclusiones, el PP da por hecho que Puente es el responsable de lo ocurrido, como responsable \u00faltimo del ministerio y de Adif. \u201cAngrois fue un accidente causado por un error humano mientras que aqu\u00ed estamos hablando de una negligencia ferroviaria con responsabilidades pol\u00edticas que aqu\u00ed exigimos y aqu\u00ed demostraremos\u201d, ha dicho Silv\u00e1n en referencia a la<a href=\"https:\/\/www.eldiario.es\/politica\/feijoo-anuncia-comision-investigacion-senado-accidente-adamuz_1_12945627.html\" rel=\"nofollow\"> comisi\u00f3n de investigaci\u00f3n sobre el sistema ferroviario que previamente ha anunciado Alberto N\u00fa\u00f1ez Feij\u00f3o<\/a>. Los populares la impulsar\u00e1n en el Senado y no en el Congreso para garantizarse el control gracias a su mayor\u00eda absoluta, como han hecho con otros asuntos, como la comisi\u00f3n de investigaci\u00f3n por el caso Koldo que se<a href=\"https:\/\/www.eldiario.es\/politica\/pp-utiliza-comision-senado-cajon-sastre-gobierno_1_12722814.html\" rel=\"nofollow\"> ha convertido en un caj\u00f3n de sastre <\/a>en el que todo vale.\n    <\/p>\n<p>\n        \u201cMientras Espa\u00f1a a\u00f1oraba a sus muertos su ministerio no se centr\u00f3 en dar certezas sino en controlar el relato\u201d, ha dicho Silv\u00e1n. Puente le ha reprochado posteriormente esas palabras, que se asemejan a las<a href=\"https:\/\/www.eldiario.es\/comunitat-valenciana\/whatsapps-feijoo-mazon-dana-evidencian-pp-controlar-relato-frente-gobierno-minuto_1_12882339.html\" rel=\"nofollow\"> utilizadas por Feij\u00f3o en sus mensajes con Carlos Maz\u00f3n durante la dana<\/a>. \u201cSu relato era un bulo. No nos vale la excusa de que la comunicaci\u00f3n ha fallado. El \u00fanico que estaba contado bulos era usted\u201d, ha insistido Silv\u00e1n sobre la renovaci\u00f3n integral de la l\u00ednea en un discurso que ha avalado el presidente de la CIAF, Ignacio Barr\u00f3n, que en una entrevista puso en duda que se produjera una renovaci\u00f3n total de la l\u00ednea dado que no se sustituyeron todos sus elementos.\n    <\/p>\n<p>\n        \u201cEspa\u00f1a ha entendido lo contrario. El bulo es usted\u201d, ha expresado Silv\u00e1n: \u201cCaben dos opciones: o no sab\u00eda el estado real de infraestructura y minti\u00f3 por instinto pol\u00edtico y eso le convierte en ministro incompetente o minti\u00f3 para proteger al Gobierno y entonces es un ministro indigno\u201d. \u201cDimita, pero antes de dimitir pida perd\u00f3n a las v\u00edctimas\u201d, ha sentenciado.\n    <\/p>\n<p>\n        En un tono similar se ha pronunciado la senadora de Vox Paloma G\u00f3mez: \u201cLa pol\u00edtica no va de sobrevivir a tragedias sino de responder cuando el sistema falla. Un ministro que no asume la responsabilidad no entiende la dimensi\u00f3n de su cargo, no sea tan miserable de querer comprar el silencio de las v\u00edctimas. Tiene que dimitir porque su corrupci\u00f3n mata\u201d. Tambi\u00e9n la parlamentaria de UPN Marimar Caballero ha hecho un batiburrillo en su intervenci\u00f3n en la que ha mezclado la corrupci\u00f3n del exministro Jos\u00e9 Luis \u00c1balos y su colaborador Koldo Garc\u00eda con la situaci\u00f3n del sistema ferroviario y, por tanto, con el accidente.\n    <\/p>\n<h2>Los socios piden inversi\u00f3n<\/h2>\n<p>\n        Aunque la mayor\u00eda de los grupos que sustentan al Gobierno han defendido la gesti\u00f3n de Puente y las explicaciones que ha aportado, han cuestionado tambi\u00e9n la situaci\u00f3n del sistema. El portavoz del PNV, Igotz L\u00f3pez, ha acusado a los gobiernos de PP y PSOE de haber \u201cjugado a la ruleta rusa\u201d durante muchos a\u00f1os con la financiaci\u00f3n de las infraestructuras ferroviarias. \u201cHan jugado a la ruleta rusa con la falta de mantenimiento y reposici\u00f3n y esta vez del disparo sali\u00f3 la bala\u201d, ha dicho para criticar una falta de inversi\u00f3n desde hace muchos a\u00f1os.\n    <\/p>\n<p>\n        \u201cDesde 2010 los descarrilamientos han ido creciendo, esto no se produce ni en una legislatura ni en un a\u00f1o, es por la falta de mantenimiento de las infraestructuras desde hace m\u00e1s de una d\u00e9cada\u201d, ha criticado. Sin mencionarlo, ha cuestionado medidas como la tarifa plana de transportes, y al pedir al Gobierno que no trate de solucionar esta crisis con \u201cmedidas populistas, para asegurar que los trenes lleguen a tiempo y se mejoren las infraestructuras en lugar de \u201dregalar billetes\u201c.\n    <\/p>\n<p>\n        La senadora de ERC Sara Bailach ha comenzado su intervenci\u00f3n con una dura cr\u00edtica al ministro por el caos en Rodalies: \u201cEs un ministro que ha dimitido de facto de su responsabilidad con Catalunya\u201d. Le ha reprochado que no se haya desplazado all\u00ed para ponerse \u201cal mando a liderar esta crisis ca\u00f3tica\u201d. \u201cQue Rodalies deje de funcionar una semana ya no es extraordinario ni para usted\u201d, ha rematado. El ministro ha pedido cierta clemencia a los grupos -\u201cen los \u00faltimos d\u00edas no he dormido m\u00e1s de tres horas en una noche\u201d, les ha dicho- y ha justificado que a Catalunya se desplaz\u00f3 el secretario de Estado y los m\u00e1ximos responsables de Renfe y Adif para dar una respuesta de alto nivel a la situaci\u00f3n.\n    <\/p>\n<p>\n        ERC tambi\u00e9n se ha preguntado si el sistema ofrece garant\u00edas suficientes de seguridad. \u201cNos obliga a plantearnos si es sostenible una red de AVE (&#8230;) que cuesta dios y ayuda mantener\u201d, ha cuestionado: \u201cSigue con la vieja receta de m\u00e1s kil\u00f3metros y el mantenimiento, ya veremos\u201d.\u201c Es el mismo modelo del PP\u201d, ha reprochado.\n    <\/p>\n<p>\n        M\u00e1s duro ha sido Junts, que ha exigido la dimisi\u00f3n a Puente. \u201cEn Catalunya tenemos el pa\u00eds colapsado. El sistema ha fallado. Nos ha dicho basta, hasta aqu\u00ed. Esto va muy en serio. Usted debe dimitir. Dimita. Esto se ha acabado\u201d, ha afirmado Eduard Pujol. El parlamentario ha acusado de los muertos tanto en Adamuz como en Gelida a los gobiernos de Espa\u00f1a de los dos \u00faltimos a\u00f1os: \u201cLas dos son el resultado de una incapacidad extrema de unos gobiernos y unos responsables que son dos fiascos may\u00fasculos\u201d. \u201cEl chasco del AVE no es una gran an\u00e9cdota sino un gran hundimiento\u201d, ha apuntado Pujol: Espa\u00f1a tiene una red de AVE de nuevo rico. No nos venga con grandezas que hoy no toca\u201c. \u201d\u00bfA qu\u00e9 hora dimite?\u201c, ha acabado.\n    <\/p>\n<h2>\u201cNo me he escondido en el reservado de un restaurante\u201d<\/h2>\n<p>\n        Puente ha cerrado su comparecencia con un alegato en defensa de su gesti\u00f3n y atacando al PP, a Alberto N\u00fa\u00f1ez Feij\u00f3o y a Carlos Maz\u00f3n por compararle con c\u00f3mo actu\u00f3 la Generalitat valenciana durante la dana de 2024: \u201cNi en mil vidas encontrar\u00e1n en m\u00ed un parecido con ese que estaba escondido en \u2018El Ventorro\u2019 <a href=\"https:\/\/www.eldiario.es\/comunitat-valenciana\/feijoo-reconoce-jueza-dana-no-informado-mazon-tiempo-real-habia-dicho_1_12894993.html\" rel=\"nofollow\">informando en tiempo real a su jefe<\/a>\u201d.\n    <\/p>\n<p>\n        \u201cYo no me he escondido en el reservado de un restaurante, no tengo nada que ocultar\u201d, ha dicho, para a\u00f1adir que tiene \u201cla conciencia limpia\u201d y asegurar que \u201ccuando se produzca el homenaje de Estado a las v\u00edctimas de Adamuz\u201d, asistir\u00e1. As\u00ed ha respondido Puente a las peticiones del PP de que no asista a los funerales cat\u00f3licos <a href=\"https:\/\/www.eldiario.es\/politica\/moreno-ayuso-contraprograman-misas-victimas-adamuz-feijoo-opta-presidente-andaluz_1_12941857.html\" rel=\"nofollow\">que se celebran hoy en Huelva y Madrid<\/a>.\n    <\/p>\n<p>\n        \u201cEstar\u00e9 all\u00ed y les mirar\u00e9 a la cara\u201d, ha dicho. \u201cCumplir\u00e9 con mi obligaci\u00f3n con la cabeza bien alta\u201d, ha a\u00f1adido. Puente ha dicho que \u00e9l cumpli\u00f3, a diferencia de Maz\u00f3n: \u201cHe estado en el puente de mando y he hecho el trabajo que me corresponde. <a href=\"https:\/\/www.eldiario.es\/galicia\/despropositos-angrois-2013-fallos-coordinacion-rescate-veto-feijoo-investigar-parlamento_1_12930424.html\" rel=\"nofollow\">A lo mejor al se\u00f1or Feij\u00f3o le traiciona el subconsciente<\/a>, porque organiz\u00f3 una entrega de medallas selectiva [a las v\u00edctimas de Angrois]. Y asisti\u00f3 a un funeral donde le dijeron que no asistiera\u201d y al que \u201cse present\u00f3 rodeado de polic\u00edas\u201d para \u201cque las v\u00edctimas no se le acercaran\u201d, ha zanjado.\n    <\/p>\n<\/div>\n","protected":false},"excerpt":{"rendered":"<p>El PP se ha lanzado a una guerra sin cuartel contra el Gobierno de Pedro S\u00e1nchez tambi\u00e9n por el accidente de Adamuz en el que murieron 45 personas y lo ha dejado claro durante la comparecencia del ministro de Transportes, \u00d3scar Puente, en el Senado, donde le ha sentenciado sin esperar a las conclusiones de<\/p>\n","protected":false},"author":1,"featured_media":321582,"comment_status":"open","ping_status":"open","sticky":false,"template":"","format":"standard","meta":{"footnotes":""},"categories":[71],"tags":[],"class_list":["post-321581","post","type-post","status-publish","format-standard","has-post-thumbnail","hentry","category-politics-es"],"acf":[],"yoast_head":"<!-- This site is optimized with the Yoast SEO plugin v22.9 - https:\/\/yoast.com\/wordpress\/plugins\/seo\/ -->\n<title>El PP sentencia a Puente en el Senado sin esperar a la investigaci\u00f3n del accidente de Adamuz y los socios avisan al Gobierno - vof-news.eu<\/title>\n<meta name=\"description\" content=\"El PP se ha lanzado a una guerra sin cuartel contra el Gobierno de Pedro S\u00e1nchez tambi\u00e9n por el accidente de Adamuz en el que murieron 45 personas y lo ha dejado claro durante la comparecencia del ministro de Transportes, \u00d3scar Puente, en el Senado, donde le ha sentenciado sin esperar a las conclusiones de la Comisi\u00f3n de Investigaci\u00f3n de Accidentes Ferroviarios (CIAF). \u201cEsto no fue un suceso aislado, fue la cr\u00f3nica de una tragedia anunciada\u201d, ha afirmado el portavoz del PP, Antonio Silv\u00e1n, que ha exigido la dimisi\u00f3n de Puente, a quien ha acusado de ser el \u201cbulo\u201d y de que sus explicaciones son \u201cpropaganda\u201d. \u201cEl bulo es usted\u201d, le ha espetado ante la desinformaci\u00f3n y las que denuncia el Gobierno. Las cr\u00edticas no solo han llegado de la derecha sino que algunos socios del Ejecutivo han lanzado advertencias sobre los fallos del sistema ferroviario y Junts directamente le ha exigido la dimisi\u00f3n.\" \/>\n<meta name=\"robots\" content=\"noindex, follow, max-snippet:-1, max-image-preview:large, max-video-preview:-1\" \/>\n<meta property=\"og:locale\" content=\"es_ES\" \/>\n<meta property=\"og:type\" content=\"article\" \/>\n<meta property=\"og:title\" content=\"El PP sentencia a Puente en el Senado sin esperar a la investigaci\u00f3n del accidente de Adamuz y los socios avisan al Gobierno - vof-news.eu\" \/>\n<meta property=\"og:description\" content=\"El PP se ha lanzado a una guerra sin cuartel contra el Gobierno de Pedro S\u00e1nchez tambi\u00e9n por el accidente de Adamuz en el que murieron 45 personas y lo ha dejado claro durante la comparecencia del ministro de Transportes, \u00d3scar Puente, en el Senado, donde le ha sentenciado sin esperar a las conclusiones de la Comisi\u00f3n de Investigaci\u00f3n de Accidentes Ferroviarios (CIAF). \u201cEsto no fue un suceso aislado, fue la cr\u00f3nica de una tragedia anunciada\u201d, ha afirmado el portavoz del PP, Antonio Silv\u00e1n, que ha exigido la dimisi\u00f3n de Puente, a quien ha acusado de ser el \u201cbulo\u201d y de que sus explicaciones son \u201cpropaganda\u201d. \u201cEl bulo es usted\u201d, le ha espetado ante la desinformaci\u00f3n y las que denuncia el Gobierno. Las cr\u00edticas no solo han llegado de la derecha sino que algunos socios del Ejecutivo han lanzado advertencias sobre los fallos del sistema ferroviario y Junts directamente le ha exigido la dimisi\u00f3n.\" \/>\n<meta property=\"og:url\" content=\"https:\/\/vof-news.eu\/es\/el-pp-sentencia-a-puente-en-el-senado-sin-esperar-a-la-investigacion-del-accidente-de-adamuz-y-los-socios-avisan-al-gobierno\/\" \/>\n<meta property=\"og:site_name\" content=\"vof-news.eu\" \/>\n<meta property=\"article:published_time\" content=\"2026-01-29T14:17:17+00:00\" \/>\n<meta property=\"article:modified_time\" content=\"2026-01-29T14:18:07+00:00\" \/>\n<meta property=\"og:image\" content=\"https:\/\/vof-news.eu\/wp-content\/uploads\/2026\/01\/b31a9581-bb1e-4f98-bf54-8357cd5548fe_16-9-discover-aspect-ratio_default_0_x1262y649.jpg\" \/>\n\t<meta property=\"og:image:width\" content=\"1200\" \/>\n\t<meta property=\"og:image:height\" content=\"675\" \/>\n\t<meta property=\"og:image:type\" content=\"image\/jpeg\" \/>\n<meta name=\"author\" content=\"Author\" \/>\n<meta name=\"twitter:card\" content=\"summary_large_image\" \/>\n<meta name=\"twitter:label1\" content=\"Escrito por\" \/>\n\t<meta name=\"twitter:data1\" content=\"Author\" \/>\n\t<meta name=\"twitter:label2\" content=\"Tiempo de lectura\" \/>\n\t<meta name=\"twitter:data2\" content=\"9 minutos\" \/>\n<script type=\"application\/ld+json\" class=\"yoast-schema-graph\">{\"@context\":\"https:\/\/schema.org\",\"@graph\":[{\"@type\":\"WebPage\",\"@id\":\"https:\/\/vof-news.eu\/es\/el-pp-sentencia-a-puente-en-el-senado-sin-esperar-a-la-investigacion-del-accidente-de-adamuz-y-los-socios-avisan-al-gobierno\/\",\"url\":\"https:\/\/vof-news.eu\/es\/el-pp-sentencia-a-puente-en-el-senado-sin-esperar-a-la-investigacion-del-accidente-de-adamuz-y-los-socios-avisan-al-gobierno\/\",\"name\":\"El PP sentencia a Puente en el Senado sin esperar a la investigaci\u00f3n del accidente de Adamuz y los socios avisan al Gobierno - vof-news.eu\",\"isPartOf\":{\"@id\":\"https:\/\/vof-news.eu\/es\/#website\"},\"primaryImageOfPage\":{\"@id\":\"https:\/\/vof-news.eu\/es\/el-pp-sentencia-a-puente-en-el-senado-sin-esperar-a-la-investigacion-del-accidente-de-adamuz-y-los-socios-avisan-al-gobierno\/#primaryimage\"},\"image\":{\"@id\":\"https:\/\/vof-news.eu\/es\/el-pp-sentencia-a-puente-en-el-senado-sin-esperar-a-la-investigacion-del-accidente-de-adamuz-y-los-socios-avisan-al-gobierno\/#primaryimage\"},\"thumbnailUrl\":\"https:\/\/vof-news.eu\/wp-content\/uploads\/2026\/01\/b31a9581-bb1e-4f98-bf54-8357cd5548fe_16-9-discover-aspect-ratio_default_0_x1262y649.jpg\",\"datePublished\":\"2026-01-29T14:17:17+00:00\",\"dateModified\":\"2026-01-29T14:18:07+00:00\",\"author\":{\"@id\":\"https:\/\/vof-news.eu\/es\/#\/schema\/person\/f6a2a4309f0561835797fd8c19b333ed\"},\"description\":\"El PP se ha lanzado a una guerra sin cuartel contra el Gobierno de Pedro S\u00e1nchez tambi\u00e9n por el accidente de Adamuz en el que murieron 45 personas y lo ha dejado claro durante la comparecencia del ministro de Transportes, \u00d3scar Puente, en el Senado, donde le ha sentenciado sin esperar a las conclusiones de la Comisi\u00f3n de Investigaci\u00f3n de Accidentes Ferroviarios (CIAF). \u201cEsto no fue un suceso aislado, fue la cr\u00f3nica de una tragedia anunciada\u201d, ha afirmado el portavoz del PP, Antonio Silv\u00e1n, que ha exigido la dimisi\u00f3n de Puente, a quien ha acusado de ser el \u201cbulo\u201d y de que sus explicaciones son \u201cpropaganda\u201d. \u201cEl bulo es usted\u201d, le ha espetado ante la desinformaci\u00f3n y las que denuncia el Gobierno. Las cr\u00edticas no solo han llegado de la derecha sino que algunos socios del Ejecutivo han lanzado advertencias sobre los fallos del sistema ferroviario y Junts directamente le ha exigido la dimisi\u00f3n.\",\"breadcrumb\":{\"@id\":\"https:\/\/vof-news.eu\/es\/el-pp-sentencia-a-puente-en-el-senado-sin-esperar-a-la-investigacion-del-accidente-de-adamuz-y-los-socios-avisan-al-gobierno\/#breadcrumb\"},\"inLanguage\":\"es\",\"potentialAction\":[{\"@type\":\"ReadAction\",\"target\":[\"https:\/\/vof-news.eu\/es\/el-pp-sentencia-a-puente-en-el-senado-sin-esperar-a-la-investigacion-del-accidente-de-adamuz-y-los-socios-avisan-al-gobierno\/\"]}]},{\"@type\":\"ImageObject\",\"inLanguage\":\"es\",\"@id\":\"https:\/\/vof-news.eu\/es\/el-pp-sentencia-a-puente-en-el-senado-sin-esperar-a-la-investigacion-del-accidente-de-adamuz-y-los-socios-avisan-al-gobierno\/#primaryimage\",\"url\":\"https:\/\/vof-news.eu\/wp-content\/uploads\/2026\/01\/b31a9581-bb1e-4f98-bf54-8357cd5548fe_16-9-discover-aspect-ratio_default_0_x1262y649.jpg\",\"contentUrl\":\"https:\/\/vof-news.eu\/wp-content\/uploads\/2026\/01\/b31a9581-bb1e-4f98-bf54-8357cd5548fe_16-9-discover-aspect-ratio_default_0_x1262y649.jpg\",\"width\":1200,\"height\":675},{\"@type\":\"BreadcrumbList\",\"@id\":\"https:\/\/vof-news.eu\/es\/el-pp-sentencia-a-puente-en-el-senado-sin-esperar-a-la-investigacion-del-accidente-de-adamuz-y-los-socios-avisan-al-gobierno\/#breadcrumb\",\"itemListElement\":[{\"@type\":\"ListItem\",\"position\":1,\"name\":\"Home\",\"item\":\"https:\/\/vof-news.eu\/es\/\"},{\"@type\":\"ListItem\",\"position\":2,\"name\":\"El PP sentencia a Puente en el Senado sin esperar a la investigaci\u00f3n del accidente de Adamuz y los socios avisan al Gobierno\"}]},{\"@type\":\"WebSite\",\"@id\":\"https:\/\/vof-news.eu\/es\/#website\",\"url\":\"https:\/\/vof-news.eu\/es\/\",\"name\":\"vof-news.eu\",\"description\":\"\",\"potentialAction\":[{\"@type\":\"SearchAction\",\"target\":{\"@type\":\"EntryPoint\",\"urlTemplate\":\"https:\/\/vof-news.eu\/es\/?s={search_term_string}\"},\"query-input\":\"required name=search_term_string\"}],\"inLanguage\":\"es\"},{\"@type\":\"Person\",\"@id\":\"https:\/\/vof-news.eu\/es\/#\/schema\/person\/f6a2a4309f0561835797fd8c19b333ed\",\"name\":\"Author\",\"image\":{\"@type\":\"ImageObject\",\"inLanguage\":\"es\",\"@id\":\"https:\/\/vof-news.eu\/es\/#\/schema\/person\/image\/\",\"url\":\"https:\/\/secure.gravatar.com\/avatar\/b67e614b1b25b3e9c0c239efdd2fde5ab015b5affd6f1c3c85911ca4b384e790?s=96&d=mm&r=g\",\"contentUrl\":\"https:\/\/secure.gravatar.com\/avatar\/b67e614b1b25b3e9c0c239efdd2fde5ab015b5affd6f1c3c85911ca4b384e790?s=96&d=mm&r=g\",\"caption\":\"Author\"},\"sameAs\":[\"http:\/\/vof-news.eu\"],\"url\":\"https:\/\/vof-news.eu\/es\/author\/zwt6qxnjulxbnyg\/\"}]}<\/script>\n<!-- \/ Yoast SEO plugin. -->","yoast_head_json":{"title":"El PP sentencia a Puente en el Senado sin esperar a la investigaci\u00f3n del accidente de Adamuz y los socios avisan al Gobierno - vof-news.eu","description":"El PP se ha lanzado a una guerra sin cuartel contra el Gobierno de Pedro S\u00e1nchez tambi\u00e9n por el accidente de Adamuz en el que murieron 45 personas y lo ha dejado claro durante la comparecencia del ministro de Transportes, \u00d3scar Puente, en el Senado, donde le ha sentenciado sin esperar a las conclusiones de la Comisi\u00f3n de Investigaci\u00f3n de Accidentes Ferroviarios (CIAF). \u201cEsto no fue un suceso aislado, fue la cr\u00f3nica de una tragedia anunciada\u201d, ha afirmado el portavoz del PP, Antonio Silv\u00e1n, que ha exigido la dimisi\u00f3n de Puente, a quien ha acusado de ser el \u201cbulo\u201d y de que sus explicaciones son \u201cpropaganda\u201d. \u201cEl bulo es usted\u201d, le ha espetado ante la desinformaci\u00f3n y las que denuncia el Gobierno. Las cr\u00edticas no solo han llegado de la derecha sino que algunos socios del Ejecutivo han lanzado advertencias sobre los fallos del sistema ferroviario y Junts directamente le ha exigido la dimisi\u00f3n.","robots":{"index":"noindex","follow":"follow","max-snippet":"max-snippet:-1","max-image-preview":"max-image-preview:large","max-video-preview":"max-video-preview:-1"},"og_locale":"es_ES","og_type":"article","og_title":"El PP sentencia a Puente en el Senado sin esperar a la investigaci\u00f3n del accidente de Adamuz y los socios avisan al Gobierno - vof-news.eu","og_description":"El PP se ha lanzado a una guerra sin cuartel contra el Gobierno de Pedro S\u00e1nchez tambi\u00e9n por el accidente de Adamuz en el que murieron 45 personas y lo ha dejado claro durante la comparecencia del ministro de Transportes, \u00d3scar Puente, en el Senado, donde le ha sentenciado sin esperar a las conclusiones de la Comisi\u00f3n de Investigaci\u00f3n de Accidentes Ferroviarios (CIAF). \u201cEsto no fue un suceso aislado, fue la cr\u00f3nica de una tragedia anunciada\u201d, ha afirmado el portavoz del PP, Antonio Silv\u00e1n, que ha exigido la dimisi\u00f3n de Puente, a quien ha acusado de ser el \u201cbulo\u201d y de que sus explicaciones son \u201cpropaganda\u201d. \u201cEl bulo es usted\u201d, le ha espetado ante la desinformaci\u00f3n y las que denuncia el Gobierno. Las cr\u00edticas no solo han llegado de la derecha sino que algunos socios del Ejecutivo han lanzado advertencias sobre los fallos del sistema ferroviario y Junts directamente le ha exigido la dimisi\u00f3n.","og_url":"https:\/\/vof-news.eu\/es\/el-pp-sentencia-a-puente-en-el-senado-sin-esperar-a-la-investigacion-del-accidente-de-adamuz-y-los-socios-avisan-al-gobierno\/","og_site_name":"vof-news.eu","article_published_time":"2026-01-29T14:17:17+00:00","article_modified_time":"2026-01-29T14:18:07+00:00","og_image":[{"width":1200,"height":675,"url":"https:\/\/vof-news.eu\/wp-content\/uploads\/2026\/01\/b31a9581-bb1e-4f98-bf54-8357cd5548fe_16-9-discover-aspect-ratio_default_0_x1262y649.jpg","type":"image\/jpeg"}],"author":"Author","twitter_card":"summary_large_image","twitter_misc":{"Escrito por":"Author","Tiempo de lectura":"9 minutos"},"schema":{"@context":"https:\/\/schema.org","@graph":[{"@type":"WebPage","@id":"https:\/\/vof-news.eu\/es\/el-pp-sentencia-a-puente-en-el-senado-sin-esperar-a-la-investigacion-del-accidente-de-adamuz-y-los-socios-avisan-al-gobierno\/","url":"https:\/\/vof-news.eu\/es\/el-pp-sentencia-a-puente-en-el-senado-sin-esperar-a-la-investigacion-del-accidente-de-adamuz-y-los-socios-avisan-al-gobierno\/","name":"El PP sentencia a Puente en el Senado sin esperar a la investigaci\u00f3n del accidente de Adamuz y los socios avisan al Gobierno - vof-news.eu","isPartOf":{"@id":"https:\/\/vof-news.eu\/es\/#website"},"primaryImageOfPage":{"@id":"https:\/\/vof-news.eu\/es\/el-pp-sentencia-a-puente-en-el-senado-sin-esperar-a-la-investigacion-del-accidente-de-adamuz-y-los-socios-avisan-al-gobierno\/#primaryimage"},"image":{"@id":"https:\/\/vof-news.eu\/es\/el-pp-sentencia-a-puente-en-el-senado-sin-esperar-a-la-investigacion-del-accidente-de-adamuz-y-los-socios-avisan-al-gobierno\/#primaryimage"},"thumbnailUrl":"https:\/\/vof-news.eu\/wp-content\/uploads\/2026\/01\/b31a9581-bb1e-4f98-bf54-8357cd5548fe_16-9-discover-aspect-ratio_default_0_x1262y649.jpg","datePublished":"2026-01-29T14:17:17+00:00","dateModified":"2026-01-29T14:18:07+00:00","author":{"@id":"https:\/\/vof-news.eu\/es\/#\/schema\/person\/f6a2a4309f0561835797fd8c19b333ed"},"description":"El PP se ha lanzado a una guerra sin cuartel contra el Gobierno de Pedro S\u00e1nchez tambi\u00e9n por el accidente de Adamuz en el que murieron 45 personas y lo ha dejado claro durante la comparecencia del ministro de Transportes, \u00d3scar Puente, en el Senado, donde le ha sentenciado sin esperar a las conclusiones de la Comisi\u00f3n de Investigaci\u00f3n de Accidentes Ferroviarios (CIAF). \u201cEsto no fue un suceso aislado, fue la cr\u00f3nica de una tragedia anunciada\u201d, ha afirmado el portavoz del PP, Antonio Silv\u00e1n, que ha exigido la dimisi\u00f3n de Puente, a quien ha acusado de ser el \u201cbulo\u201d y de que sus explicaciones son \u201cpropaganda\u201d. \u201cEl bulo es usted\u201d, le ha espetado ante la desinformaci\u00f3n y las que denuncia el Gobierno. Las cr\u00edticas no solo han llegado de la derecha sino que algunos socios del Ejecutivo han lanzado advertencias sobre los fallos del sistema ferroviario y Junts directamente le ha exigido la dimisi\u00f3n.","breadcrumb":{"@id":"https:\/\/vof-news.eu\/es\/el-pp-sentencia-a-puente-en-el-senado-sin-esperar-a-la-investigacion-del-accidente-de-adamuz-y-los-socios-avisan-al-gobierno\/#breadcrumb"},"inLanguage":"es","potentialAction":[{"@type":"ReadAction","target":["https:\/\/vof-news.eu\/es\/el-pp-sentencia-a-puente-en-el-senado-sin-esperar-a-la-investigacion-del-accidente-de-adamuz-y-los-socios-avisan-al-gobierno\/"]}]},{"@type":"ImageObject","inLanguage":"es","@id":"https:\/\/vof-news.eu\/es\/el-pp-sentencia-a-puente-en-el-senado-sin-esperar-a-la-investigacion-del-accidente-de-adamuz-y-los-socios-avisan-al-gobierno\/#primaryimage","url":"https:\/\/vof-news.eu\/wp-content\/uploads\/2026\/01\/b31a9581-bb1e-4f98-bf54-8357cd5548fe_16-9-discover-aspect-ratio_default_0_x1262y649.jpg","contentUrl":"https:\/\/vof-news.eu\/wp-content\/uploads\/2026\/01\/b31a9581-bb1e-4f98-bf54-8357cd5548fe_16-9-discover-aspect-ratio_default_0_x1262y649.jpg","width":1200,"height":675},{"@type":"BreadcrumbList","@id":"https:\/\/vof-news.eu\/es\/el-pp-sentencia-a-puente-en-el-senado-sin-esperar-a-la-investigacion-del-accidente-de-adamuz-y-los-socios-avisan-al-gobierno\/#breadcrumb","itemListElement":[{"@type":"ListItem","position":1,"name":"Home","item":"https:\/\/vof-news.eu\/es\/"},{"@type":"ListItem","position":2,"name":"El PP sentencia a Puente en el Senado sin esperar a la investigaci\u00f3n del accidente de Adamuz y los socios avisan al Gobierno"}]},{"@type":"WebSite","@id":"https:\/\/vof-news.eu\/es\/#website","url":"https:\/\/vof-news.eu\/es\/","name":"vof-news.eu","description":"","potentialAction":[{"@type":"SearchAction","target":{"@type":"EntryPoint","urlTemplate":"https:\/\/vof-news.eu\/es\/?s={search_term_string}"},"query-input":"required name=search_term_string"}],"inLanguage":"es"},{"@type":"Person","@id":"https:\/\/vof-news.eu\/es\/#\/schema\/person\/f6a2a4309f0561835797fd8c19b333ed","name":"Author","image":{"@type":"ImageObject","inLanguage":"es","@id":"https:\/\/vof-news.eu\/es\/#\/schema\/person\/image\/","url":"https:\/\/secure.gravatar.com\/avatar\/b67e614b1b25b3e9c0c239efdd2fde5ab015b5affd6f1c3c85911ca4b384e790?s=96&d=mm&r=g","contentUrl":"https:\/\/secure.gravatar.com\/avatar\/b67e614b1b25b3e9c0c239efdd2fde5ab015b5affd6f1c3c85911ca4b384e790?s=96&d=mm&r=g","caption":"Author"},"sameAs":["http:\/\/vof-news.eu"],"url":"https:\/\/vof-news.eu\/es\/author\/zwt6qxnjulxbnyg\/"}]}},"yoast_meta":{"yoast_wpseo_title":"","yoast_wpseo_metadesc":"","yoast_wpseo_canonical":""},"_links":{"self":[{"href":"https:\/\/vof-news.eu\/es\/wp-json\/wp\/v2\/posts\/321581","targetHints":{"allow":["GET"]}}],"collection":[{"href":"https:\/\/vof-news.eu\/es\/wp-json\/wp\/v2\/posts"}],"about":[{"href":"https:\/\/vof-news.eu\/es\/wp-json\/wp\/v2\/types\/post"}],"author":[{"embeddable":true,"href":"https:\/\/vof-news.eu\/es\/wp-json\/wp\/v2\/users\/1"}],"replies":[{"embeddable":true,"href":"https:\/\/vof-news.eu\/es\/wp-json\/wp\/v2\/comments?post=321581"}],"version-history":[{"count":1,"href":"https:\/\/vof-news.eu\/es\/wp-json\/wp\/v2\/posts\/321581\/revisions"}],"predecessor-version":[{"id":321588,"href":"https:\/\/vof-news.eu\/es\/wp-json\/wp\/v2\/posts\/321581\/revisions\/321588"}],"wp:featuredmedia":[{"embeddable":true,"href":"https:\/\/vof-news.eu\/es\/wp-json\/wp\/v2\/media\/321582"}],"wp:attachment":[{"href":"https:\/\/vof-news.eu\/es\/wp-json\/wp\/v2\/media?parent=321581"}],"wp:term":[{"taxonomy":"category","embeddable":true,"href":"https:\/\/vof-news.eu\/es\/wp-json\/wp\/v2\/categories?post=321581"},{"taxonomy":"post_tag","embeddable":true,"href":"https:\/\/vof-news.eu\/es\/wp-json\/wp\/v2\/tags?post=321581"}],"curies":[{"name":"wp","href":"https:\/\/api.w.org\/{rel}","templated":true}]}}