{"id":321558,"date":"2026-01-29T15:22:42","date_gmt":"2026-01-29T12:22:42","guid":{"rendered":"https:\/\/vof-news.eu\/la-patronal-tacha-de-formula-trilera-la-ayuda-fiscal-ofrecida-por-el-gobierno-ligada-a-la-subida-del-salario-minimo\/"},"modified":"2026-01-29T15:23:28","modified_gmt":"2026-01-29T12:23:28","slug":"la-patronal-tacha-de-formula-trilera-la-ayuda-fiscal-ofrecida-por-el-gobierno-ligada-a-la-subida-del-salario-minimo","status":"publish","type":"post","link":"https:\/\/vof-news.eu\/es\/la-patronal-tacha-de-formula-trilera-la-ayuda-fiscal-ofrecida-por-el-gobierno-ligada-a-la-subida-del-salario-minimo\/","title":{"rendered":"La patronal tacha de \u201cf\u00f3rmula trilera\u201d la ayuda fiscal ofrecida por el Gobierno ligada a la subida del salario m\u00ednimo"},"content":{"rendered":"<div>\n<p>\n<a href=\"https:\/\/www.eldiario.es\/economia\/gobierno-propone-ayuda-fiscal-creciente-empresas-suban-sueldos-smi-2026_1_12944576.html\" rel=\"nofollow\">La ayuda fiscal ofrecida por el Gobierno a los empresarios de cara a la subida del salario m\u00ednimo de 2026<\/a>, para tratar de alcanzar un acuerdo con la patronal, parece que cae en saco roto. CEOE y Cepyme han emitido un duro comunicado en el que tachan de \u201cf\u00f3rmula trilera\u201d la medida, que consideran que tiene \u201ccondiciones inalcanzables\u201d. Esta tarde, Trabajo cit\u00f3 a los sindicatos y patronales mayoritarios para tratar de cerrar <a href=\"https:\/\/www.eldiario.es\/economia\/trabajo-propone-subir-salario-minimo-1-221-euros-mes-no-pague-irpf_1_12889721.html\" rel=\"nofollow\">el aumento del SMI a 1.221 euros brutos al mes<\/a>.\n    <\/p>\n<p>\n        En primer lugar, los empresarios critican que la ayuda fiscal fuera filtrada a los medios de comunicaci\u00f3n antes de ser enviada a los agentes sociales, lo que denuncian como \u201cuna falta de respeto\u201d por el di\u00e1logo social.\n    <\/p>\n<p>\n        En cuanto al contenido de la propuesta, las organizaciones empresariales denuncian que la ayuda fiscal ofrecida \u201csupone la sustituci\u00f3n de la esperada indexaci\u00f3n de los contratos p\u00fablicos\u201d \u2013<a href=\"https:\/\/www.eldiario.es\/economia\/trabajo-hacienda-enzarzan-nuevo-veto-repercutir-subidas-salarios-contratos-publicos_1_12891214.html\" rel=\"nofollow\">que reclaman tanto las patronales como los sindicatos<\/a>\u2013 \u201cpor unas f\u00f3rmulas trileras\u201d, que sostienen que \u201cno compensan los costes asociados a la actualizaci\u00f3n del SMI planteada\u201d.\n    <\/p>\n<h2>Dicen que las condiciones son \u201cinalcanzables\u201d<\/h2>\n<p>\n        En un primer an\u00e1lisis, CEOE y Cepyme critican que la ayuda fiscal para mejorar los salarios por encima del SMI \u201cdeja fuera a todos los aut\u00f3nomos y a la inmensa mayor\u00eda de las empresas de todos los sectores\u201d.\n    <\/p>\n<p>\n        \u201cDe hecho, la medida excluye tambi\u00e9n, de manera ins\u00f3lita, a las empresas en p\u00e9rdidas, que son las que m\u00e1s lo necesitan, a las cooperativas y a las entidades sin \u00e1nimo de lucro\u201d, recoge el comunicado conjunto.\n    <\/p>\n<p>\n        Las organizaciones patronales consideran que la deducci\u00f3n fiscal que permitir\u00eda ahorrarse parte del desembolso de las empresas en el Impuesto de Sociedades \u201cestablece condiciones inalcanzables para la mayor\u00eda de las empresas\u201d y, adem\u00e1s, dicen que \u201csupone una nueva injerencia en la negociaci\u00f3n colectiva y la libertad de empresa\u201d. \u201cEs puro intervencionismo\u201d, dicen sobre la ayuda fiscal.\n    <\/p>\n<p>\n        Pese a todas estas cr\u00edticas, los empresarios no dan el portazo definitivo a la medida. \u201cEl Comit\u00e9 Ejecutivo de CEOE emitir\u00e1 una valoraci\u00f3n una vez el Gobierno nos haga entrega de la documentaci\u00f3n necesaria para poder hacerlo\u201d, zanja el comunicado.\n    <\/p>\n<p>\n        Este final deja en duda qu\u00e9 pasar\u00e1 en la reuni\u00f3n del di\u00e1logo social que el Ministerio de Trabajo ha convocado este jueves por la tarde, con la intenci\u00f3n de cerrar ya la negociaci\u00f3n y la subida del SMI. Es decir, si los empresarios se desmarcar\u00e1n ya esta tarde de la negociaci\u00f3n o si, por el contrario, habr\u00e1 que esperar a la decisi\u00f3n de su Comit\u00e9 Ejecutivo para concluir el di\u00e1logo social.\n    <\/p>\n<p>\n        Antes de ser enviada por el Gobierno, los sindicatos mayoritarios, CCOO y UGT, se hab\u00edan mostrado cautos y recelosos de la medida. Este jueves, Unai Sordo, secretario general de CCOO, se ha reafirmado en que no les \u201csuena bien\u201d la ayuda fiscal, que ha caliicado de \u201cfrancamente compleja\u201d. Adem\u00e1s, ha sostenido que el alza del SMI del 3,1% \u201ces una subida perfectamente razonable y que pueden asumir las empresas sin minorar los ingresos en el Impuesto de Sociedades\u201d.\n    <\/p>\n<\/div>\n","protected":false},"excerpt":{"rendered":"<p>La ayuda fiscal ofrecida por el Gobierno a los empresarios de cara a la subida del salario m\u00ednimo de 2026, para tratar de alcanzar un acuerdo con la patronal, parece que cae en saco roto. CEOE y Cepyme han emitido un duro comunicado en el que tachan de \u201cf\u00f3rmula trilera\u201d la medida, que consideran que<\/p>\n","protected":false},"author":1,"featured_media":321559,"comment_status":"open","ping_status":"open","sticky":false,"template":"","format":"standard","meta":{"footnotes":""},"categories":[61],"tags":[],"class_list":["post-321558","post","type-post","status-publish","format-standard","has-post-thumbnail","hentry","category-business-es"],"acf":[],"yoast_head":"<!-- This site is optimized with the Yoast SEO plugin v22.9 - https:\/\/yoast.com\/wordpress\/plugins\/seo\/ -->\n<title>La patronal tacha de \u201cf\u00f3rmula trilera\u201d la ayuda fiscal ofrecida por el Gobierno ligada a la subida del salario m\u00ednimo - vof-news.eu<\/title>\n<meta name=\"description\" content=\"La ayuda fiscal ofrecida por el Gobierno a los empresarios de cara a la subida del salario m\u00ednimo de 2026, para tratar de alcanzar un acuerdo con la patronal, parece que cae en saco roto. CEOE y Cepyme han emitido un duro comunicado en el que tachan de \u201cf\u00f3rmula trilera\u201d la medida, que consideran que tiene \u201ccondiciones inalcanzables\u201d. Esta tarde, Trabajo cit\u00f3 a los sindicatos y patronales mayoritarios para tratar de cerrar el aumento del SMI a 1.221 euros brutos al mes.\" \/>\n<meta name=\"robots\" content=\"noindex, follow, max-snippet:-1, max-image-preview:large, max-video-preview:-1\" \/>\n<meta property=\"og:locale\" content=\"es_ES\" \/>\n<meta property=\"og:type\" content=\"article\" \/>\n<meta property=\"og:title\" content=\"La patronal tacha de \u201cf\u00f3rmula trilera\u201d la ayuda fiscal ofrecida por el Gobierno ligada a la subida del salario m\u00ednimo - vof-news.eu\" \/>\n<meta property=\"og:description\" content=\"La ayuda fiscal ofrecida por el Gobierno a los empresarios de cara a la subida del salario m\u00ednimo de 2026, para tratar de alcanzar un acuerdo con la patronal, parece que cae en saco roto. CEOE y Cepyme han emitido un duro comunicado en el que tachan de \u201cf\u00f3rmula trilera\u201d la medida, que consideran que tiene \u201ccondiciones inalcanzables\u201d. Esta tarde, Trabajo cit\u00f3 a los sindicatos y patronales mayoritarios para tratar de cerrar el aumento del SMI a 1.221 euros brutos al mes.\" \/>\n<meta property=\"og:url\" content=\"https:\/\/vof-news.eu\/es\/la-patronal-tacha-de-formula-trilera-la-ayuda-fiscal-ofrecida-por-el-gobierno-ligada-a-la-subida-del-salario-minimo\/\" \/>\n<meta property=\"og:site_name\" content=\"vof-news.eu\" \/>\n<meta property=\"article:published_time\" content=\"2026-01-29T12:22:42+00:00\" \/>\n<meta property=\"article:modified_time\" content=\"2026-01-29T12:23:28+00:00\" \/>\n<meta property=\"og:image\" content=\"https:\/\/vof-news.eu\/wp-content\/uploads\/2026\/01\/6b21337a-3004-44a8-900b-e121f66ffa78_16-9-discover-aspect-ratio_default_0.jpg\" \/>\n\t<meta property=\"og:image:width\" content=\"1200\" \/>\n\t<meta property=\"og:image:height\" content=\"675\" \/>\n\t<meta property=\"og:image:type\" content=\"image\/jpeg\" \/>\n<meta name=\"author\" content=\"Author\" \/>\n<meta name=\"twitter:card\" content=\"summary_large_image\" \/>\n<meta name=\"twitter:label1\" content=\"Escrito por\" \/>\n\t<meta name=\"twitter:data1\" content=\"Author\" \/>\n\t<meta name=\"twitter:label2\" content=\"Tiempo de lectura\" \/>\n\t<meta name=\"twitter:data2\" content=\"3 minutos\" \/>\n<script type=\"application\/ld+json\" class=\"yoast-schema-graph\">{\"@context\":\"https:\/\/schema.org\",\"@graph\":[{\"@type\":\"WebPage\",\"@id\":\"https:\/\/vof-news.eu\/es\/la-patronal-tacha-de-formula-trilera-la-ayuda-fiscal-ofrecida-por-el-gobierno-ligada-a-la-subida-del-salario-minimo\/\",\"url\":\"https:\/\/vof-news.eu\/es\/la-patronal-tacha-de-formula-trilera-la-ayuda-fiscal-ofrecida-por-el-gobierno-ligada-a-la-subida-del-salario-minimo\/\",\"name\":\"La patronal tacha de \u201cf\u00f3rmula trilera\u201d la ayuda fiscal ofrecida por el Gobierno ligada a la subida del salario m\u00ednimo - vof-news.eu\",\"isPartOf\":{\"@id\":\"https:\/\/vof-news.eu\/es\/#website\"},\"primaryImageOfPage\":{\"@id\":\"https:\/\/vof-news.eu\/es\/la-patronal-tacha-de-formula-trilera-la-ayuda-fiscal-ofrecida-por-el-gobierno-ligada-a-la-subida-del-salario-minimo\/#primaryimage\"},\"image\":{\"@id\":\"https:\/\/vof-news.eu\/es\/la-patronal-tacha-de-formula-trilera-la-ayuda-fiscal-ofrecida-por-el-gobierno-ligada-a-la-subida-del-salario-minimo\/#primaryimage\"},\"thumbnailUrl\":\"https:\/\/vof-news.eu\/wp-content\/uploads\/2026\/01\/6b21337a-3004-44a8-900b-e121f66ffa78_16-9-discover-aspect-ratio_default_0.jpg\",\"datePublished\":\"2026-01-29T12:22:42+00:00\",\"dateModified\":\"2026-01-29T12:23:28+00:00\",\"author\":{\"@id\":\"https:\/\/vof-news.eu\/es\/#\/schema\/person\/f6a2a4309f0561835797fd8c19b333ed\"},\"description\":\"La ayuda fiscal ofrecida por el Gobierno a los empresarios de cara a la subida del salario m\u00ednimo de 2026, para tratar de alcanzar un acuerdo con la patronal, parece que cae en saco roto. CEOE y Cepyme han emitido un duro comunicado en el que tachan de \u201cf\u00f3rmula trilera\u201d la medida, que consideran que tiene \u201ccondiciones inalcanzables\u201d. Esta tarde, Trabajo cit\u00f3 a los sindicatos y patronales mayoritarios para tratar de cerrar el aumento del SMI a 1.221 euros brutos al mes.\",\"breadcrumb\":{\"@id\":\"https:\/\/vof-news.eu\/es\/la-patronal-tacha-de-formula-trilera-la-ayuda-fiscal-ofrecida-por-el-gobierno-ligada-a-la-subida-del-salario-minimo\/#breadcrumb\"},\"inLanguage\":\"es\",\"potentialAction\":[{\"@type\":\"ReadAction\",\"target\":[\"https:\/\/vof-news.eu\/es\/la-patronal-tacha-de-formula-trilera-la-ayuda-fiscal-ofrecida-por-el-gobierno-ligada-a-la-subida-del-salario-minimo\/\"]}]},{\"@type\":\"ImageObject\",\"inLanguage\":\"es\",\"@id\":\"https:\/\/vof-news.eu\/es\/la-patronal-tacha-de-formula-trilera-la-ayuda-fiscal-ofrecida-por-el-gobierno-ligada-a-la-subida-del-salario-minimo\/#primaryimage\",\"url\":\"https:\/\/vof-news.eu\/wp-content\/uploads\/2026\/01\/6b21337a-3004-44a8-900b-e121f66ffa78_16-9-discover-aspect-ratio_default_0.jpg\",\"contentUrl\":\"https:\/\/vof-news.eu\/wp-content\/uploads\/2026\/01\/6b21337a-3004-44a8-900b-e121f66ffa78_16-9-discover-aspect-ratio_default_0.jpg\",\"width\":1200,\"height\":675},{\"@type\":\"BreadcrumbList\",\"@id\":\"https:\/\/vof-news.eu\/es\/la-patronal-tacha-de-formula-trilera-la-ayuda-fiscal-ofrecida-por-el-gobierno-ligada-a-la-subida-del-salario-minimo\/#breadcrumb\",\"itemListElement\":[{\"@type\":\"ListItem\",\"position\":1,\"name\":\"Home\",\"item\":\"https:\/\/vof-news.eu\/es\/\"},{\"@type\":\"ListItem\",\"position\":2,\"name\":\"La patronal tacha de \u201cf\u00f3rmula trilera\u201d la ayuda fiscal ofrecida por el Gobierno ligada a la subida del salario m\u00ednimo\"}]},{\"@type\":\"WebSite\",\"@id\":\"https:\/\/vof-news.eu\/es\/#website\",\"url\":\"https:\/\/vof-news.eu\/es\/\",\"name\":\"vof-news.eu\",\"description\":\"\",\"potentialAction\":[{\"@type\":\"SearchAction\",\"target\":{\"@type\":\"EntryPoint\",\"urlTemplate\":\"https:\/\/vof-news.eu\/es\/?s={search_term_string}\"},\"query-input\":\"required name=search_term_string\"}],\"inLanguage\":\"es\"},{\"@type\":\"Person\",\"@id\":\"https:\/\/vof-news.eu\/es\/#\/schema\/person\/f6a2a4309f0561835797fd8c19b333ed\",\"name\":\"Author\",\"image\":{\"@type\":\"ImageObject\",\"inLanguage\":\"es\",\"@id\":\"https:\/\/vof-news.eu\/es\/#\/schema\/person\/image\/\",\"url\":\"https:\/\/secure.gravatar.com\/avatar\/b67e614b1b25b3e9c0c239efdd2fde5ab015b5affd6f1c3c85911ca4b384e790?s=96&d=mm&r=g\",\"contentUrl\":\"https:\/\/secure.gravatar.com\/avatar\/b67e614b1b25b3e9c0c239efdd2fde5ab015b5affd6f1c3c85911ca4b384e790?s=96&d=mm&r=g\",\"caption\":\"Author\"},\"sameAs\":[\"http:\/\/vof-news.eu\"],\"url\":\"https:\/\/vof-news.eu\/es\/author\/zwt6qxnjulxbnyg\/\"}]}<\/script>\n<!-- \/ Yoast SEO plugin. -->","yoast_head_json":{"title":"La patronal tacha de \u201cf\u00f3rmula trilera\u201d la ayuda fiscal ofrecida por el Gobierno ligada a la subida del salario m\u00ednimo - vof-news.eu","description":"La ayuda fiscal ofrecida por el Gobierno a los empresarios de cara a la subida del salario m\u00ednimo de 2026, para tratar de alcanzar un acuerdo con la patronal, parece que cae en saco roto. CEOE y Cepyme han emitido un duro comunicado en el que tachan de \u201cf\u00f3rmula trilera\u201d la medida, que consideran que tiene \u201ccondiciones inalcanzables\u201d. Esta tarde, Trabajo cit\u00f3 a los sindicatos y patronales mayoritarios para tratar de cerrar el aumento del SMI a 1.221 euros brutos al mes.","robots":{"index":"noindex","follow":"follow","max-snippet":"max-snippet:-1","max-image-preview":"max-image-preview:large","max-video-preview":"max-video-preview:-1"},"og_locale":"es_ES","og_type":"article","og_title":"La patronal tacha de \u201cf\u00f3rmula trilera\u201d la ayuda fiscal ofrecida por el Gobierno ligada a la subida del salario m\u00ednimo - vof-news.eu","og_description":"La ayuda fiscal ofrecida por el Gobierno a los empresarios de cara a la subida del salario m\u00ednimo de 2026, para tratar de alcanzar un acuerdo con la patronal, parece que cae en saco roto. CEOE y Cepyme han emitido un duro comunicado en el que tachan de \u201cf\u00f3rmula trilera\u201d la medida, que consideran que tiene \u201ccondiciones inalcanzables\u201d. Esta tarde, Trabajo cit\u00f3 a los sindicatos y patronales mayoritarios para tratar de cerrar el aumento del SMI a 1.221 euros brutos al mes.","og_url":"https:\/\/vof-news.eu\/es\/la-patronal-tacha-de-formula-trilera-la-ayuda-fiscal-ofrecida-por-el-gobierno-ligada-a-la-subida-del-salario-minimo\/","og_site_name":"vof-news.eu","article_published_time":"2026-01-29T12:22:42+00:00","article_modified_time":"2026-01-29T12:23:28+00:00","og_image":[{"width":1200,"height":675,"url":"https:\/\/vof-news.eu\/wp-content\/uploads\/2026\/01\/6b21337a-3004-44a8-900b-e121f66ffa78_16-9-discover-aspect-ratio_default_0.jpg","type":"image\/jpeg"}],"author":"Author","twitter_card":"summary_large_image","twitter_misc":{"Escrito por":"Author","Tiempo de lectura":"3 minutos"},"schema":{"@context":"https:\/\/schema.org","@graph":[{"@type":"WebPage","@id":"https:\/\/vof-news.eu\/es\/la-patronal-tacha-de-formula-trilera-la-ayuda-fiscal-ofrecida-por-el-gobierno-ligada-a-la-subida-del-salario-minimo\/","url":"https:\/\/vof-news.eu\/es\/la-patronal-tacha-de-formula-trilera-la-ayuda-fiscal-ofrecida-por-el-gobierno-ligada-a-la-subida-del-salario-minimo\/","name":"La patronal tacha de \u201cf\u00f3rmula trilera\u201d la ayuda fiscal ofrecida por el Gobierno ligada a la subida del salario m\u00ednimo - vof-news.eu","isPartOf":{"@id":"https:\/\/vof-news.eu\/es\/#website"},"primaryImageOfPage":{"@id":"https:\/\/vof-news.eu\/es\/la-patronal-tacha-de-formula-trilera-la-ayuda-fiscal-ofrecida-por-el-gobierno-ligada-a-la-subida-del-salario-minimo\/#primaryimage"},"image":{"@id":"https:\/\/vof-news.eu\/es\/la-patronal-tacha-de-formula-trilera-la-ayuda-fiscal-ofrecida-por-el-gobierno-ligada-a-la-subida-del-salario-minimo\/#primaryimage"},"thumbnailUrl":"https:\/\/vof-news.eu\/wp-content\/uploads\/2026\/01\/6b21337a-3004-44a8-900b-e121f66ffa78_16-9-discover-aspect-ratio_default_0.jpg","datePublished":"2026-01-29T12:22:42+00:00","dateModified":"2026-01-29T12:23:28+00:00","author":{"@id":"https:\/\/vof-news.eu\/es\/#\/schema\/person\/f6a2a4309f0561835797fd8c19b333ed"},"description":"La ayuda fiscal ofrecida por el Gobierno a los empresarios de cara a la subida del salario m\u00ednimo de 2026, para tratar de alcanzar un acuerdo con la patronal, parece que cae en saco roto. CEOE y Cepyme han emitido un duro comunicado en el que tachan de \u201cf\u00f3rmula trilera\u201d la medida, que consideran que tiene \u201ccondiciones inalcanzables\u201d. Esta tarde, Trabajo cit\u00f3 a los sindicatos y patronales mayoritarios para tratar de cerrar el aumento del SMI a 1.221 euros brutos al mes.","breadcrumb":{"@id":"https:\/\/vof-news.eu\/es\/la-patronal-tacha-de-formula-trilera-la-ayuda-fiscal-ofrecida-por-el-gobierno-ligada-a-la-subida-del-salario-minimo\/#breadcrumb"},"inLanguage":"es","potentialAction":[{"@type":"ReadAction","target":["https:\/\/vof-news.eu\/es\/la-patronal-tacha-de-formula-trilera-la-ayuda-fiscal-ofrecida-por-el-gobierno-ligada-a-la-subida-del-salario-minimo\/"]}]},{"@type":"ImageObject","inLanguage":"es","@id":"https:\/\/vof-news.eu\/es\/la-patronal-tacha-de-formula-trilera-la-ayuda-fiscal-ofrecida-por-el-gobierno-ligada-a-la-subida-del-salario-minimo\/#primaryimage","url":"https:\/\/vof-news.eu\/wp-content\/uploads\/2026\/01\/6b21337a-3004-44a8-900b-e121f66ffa78_16-9-discover-aspect-ratio_default_0.jpg","contentUrl":"https:\/\/vof-news.eu\/wp-content\/uploads\/2026\/01\/6b21337a-3004-44a8-900b-e121f66ffa78_16-9-discover-aspect-ratio_default_0.jpg","width":1200,"height":675},{"@type":"BreadcrumbList","@id":"https:\/\/vof-news.eu\/es\/la-patronal-tacha-de-formula-trilera-la-ayuda-fiscal-ofrecida-por-el-gobierno-ligada-a-la-subida-del-salario-minimo\/#breadcrumb","itemListElement":[{"@type":"ListItem","position":1,"name":"Home","item":"https:\/\/vof-news.eu\/es\/"},{"@type":"ListItem","position":2,"name":"La patronal tacha de \u201cf\u00f3rmula trilera\u201d la ayuda fiscal ofrecida por el Gobierno ligada a la subida del salario m\u00ednimo"}]},{"@type":"WebSite","@id":"https:\/\/vof-news.eu\/es\/#website","url":"https:\/\/vof-news.eu\/es\/","name":"vof-news.eu","description":"","potentialAction":[{"@type":"SearchAction","target":{"@type":"EntryPoint","urlTemplate":"https:\/\/vof-news.eu\/es\/?s={search_term_string}"},"query-input":"required name=search_term_string"}],"inLanguage":"es"},{"@type":"Person","@id":"https:\/\/vof-news.eu\/es\/#\/schema\/person\/f6a2a4309f0561835797fd8c19b333ed","name":"Author","image":{"@type":"ImageObject","inLanguage":"es","@id":"https:\/\/vof-news.eu\/es\/#\/schema\/person\/image\/","url":"https:\/\/secure.gravatar.com\/avatar\/b67e614b1b25b3e9c0c239efdd2fde5ab015b5affd6f1c3c85911ca4b384e790?s=96&d=mm&r=g","contentUrl":"https:\/\/secure.gravatar.com\/avatar\/b67e614b1b25b3e9c0c239efdd2fde5ab015b5affd6f1c3c85911ca4b384e790?s=96&d=mm&r=g","caption":"Author"},"sameAs":["http:\/\/vof-news.eu"],"url":"https:\/\/vof-news.eu\/es\/author\/zwt6qxnjulxbnyg\/"}]}},"yoast_meta":{"yoast_wpseo_title":"","yoast_wpseo_metadesc":"","yoast_wpseo_canonical":""},"_links":{"self":[{"href":"https:\/\/vof-news.eu\/es\/wp-json\/wp\/v2\/posts\/321558","targetHints":{"allow":["GET"]}}],"collection":[{"href":"https:\/\/vof-news.eu\/es\/wp-json\/wp\/v2\/posts"}],"about":[{"href":"https:\/\/vof-news.eu\/es\/wp-json\/wp\/v2\/types\/post"}],"author":[{"embeddable":true,"href":"https:\/\/vof-news.eu\/es\/wp-json\/wp\/v2\/users\/1"}],"replies":[{"embeddable":true,"href":"https:\/\/vof-news.eu\/es\/wp-json\/wp\/v2\/comments?post=321558"}],"version-history":[{"count":1,"href":"https:\/\/vof-news.eu\/es\/wp-json\/wp\/v2\/posts\/321558\/revisions"}],"predecessor-version":[{"id":321565,"href":"https:\/\/vof-news.eu\/es\/wp-json\/wp\/v2\/posts\/321558\/revisions\/321565"}],"wp:featuredmedia":[{"embeddable":true,"href":"https:\/\/vof-news.eu\/es\/wp-json\/wp\/v2\/media\/321559"}],"wp:attachment":[{"href":"https:\/\/vof-news.eu\/es\/wp-json\/wp\/v2\/media?parent=321558"}],"wp:term":[{"taxonomy":"category","embeddable":true,"href":"https:\/\/vof-news.eu\/es\/wp-json\/wp\/v2\/categories?post=321558"},{"taxonomy":"post_tag","embeddable":true,"href":"https:\/\/vof-news.eu\/es\/wp-json\/wp\/v2\/tags?post=321558"}],"curies":[{"name":"wp","href":"https:\/\/api.w.org\/{rel}","templated":true}]}}