{"id":321542,"date":"2026-01-29T15:18:50","date_gmt":"2026-01-29T12:18:50","guid":{"rendered":"https:\/\/vof-news.eu\/feijoo-anuncia-una-comision-de-investigacion-en-el-senado-sobre-el-accidente-de-adamuz\/"},"modified":"2026-01-29T15:19:58","modified_gmt":"2026-01-29T12:19:58","slug":"feijoo-anuncia-una-comision-de-investigacion-en-el-senado-sobre-el-accidente-de-adamuz","status":"publish","type":"post","link":"https:\/\/vof-news.eu\/es\/feijoo-anuncia-una-comision-de-investigacion-en-el-senado-sobre-el-accidente-de-adamuz\/","title":{"rendered":"Feij\u00f3o anuncia una comisi\u00f3n de investigaci\u00f3n en el Senado sobre el accidente de Adamuz"},"content":{"rendered":"<div>\n<p>\n        El l\u00edder del PP, Alberto N\u00fa\u00f1ez Feij\u00f3o, ha anunciado este jueves que usar\u00e1 su mayor\u00eda absoluta en el Senado para abrir una comisi\u00f3n de investigaci\u00f3n sobre el accidente ferroviario de Adamuz, en el que fallecieron 45 personas. El objetivo, seg\u00fan ha dicho en una entrevista en Antena 3, es \u201cque se explique cu\u00e1l es la situaci\u00f3n de mantenimiento y de seguridad del ferrocarril espa\u00f1ol\u201d. Feij\u00f3o ha prometido \u201cno entrar en la investigaci\u00f3n judicial\u201d sobre \u201clos fallecimientos\u201d.\n    <\/p>\n<p>\n        \u201cEl Gobierno me est\u00e1 ocultando y me est\u00e1 enga\u00f1ando\u201d, ha dicho Feij\u00f3o, quien ha pasado de decir que Pedro S\u00e1nchez impuso \u201cla ley del silencio\u201d por decretar tres d\u00edas de luto oficial a quejarse por el exceso de informaci\u00f3n que est\u00e1 aportando el Ejecutivo <a href=\"https:\/\/www.eldiario.es\/politica\/feijoo-pide-dimision-puente-adamuz-gobierno-llenado-datos-confundirnos_1_12934988.html\" rel=\"nofollow\">con el objetivo de confundirle<\/a>.\n    <\/p>\n<p>\n        Su \u201cobligaci\u00f3n\u201d, ha asegurado, \u201ces decir a los espa\u00f1oles c\u00f3mo est\u00e1 la situaci\u00f3n del ferrocarril espa\u00f1ol, c\u00f3mo est\u00e1 la alta velocidad, c\u00f3mo est\u00e1 Rodalies, c\u00f3mo est\u00e1n las cercan\u00edas\u201d. \u201cNosotros pretendemos investigar la situaci\u00f3n de la red ferroviaria\u201d, ha reiterado, preguntado por la premura de la comisi\u00f3n cuando todav\u00eda no est\u00e1 publicado el informe de la CIAF sobre las causas del accidente y hay un proceso judicial abierto.\n    <\/p>\n<p>\n        Feij\u00f3o ha mezclado el accidente con los casos de corrupci\u00f3n que apuntan a anteriores responsables del Ministerio de Transportes, con Jos\u00e9 Luis \u00c1balos a la cabeza. \u201cUn ministerio que es la zona cero de la corrupci\u00f3n del PSOE, con el primer ministro en la c\u00e1rcel [por \u00c1balos], con el jefe de los asesores del ministerio y consejero de Renfe en la c\u00e1rcel [en referencia a Koldo Garc\u00eda, colocado en Renfe Cercan\u00edas] y con un ministro que se ha dedicado m\u00e1s a las redes sociales que a las redes ferroviarias, el se\u00f1or \u00d3scar Puente, y que adem\u00e1s nos ha mentido\u201d, ha dicho.\n    <\/p>\n<p>\n        Alberto N\u00fa\u00f1ez Feij\u00f3o bloque\u00f3 en 2013 una investigaci\u00f3n parlamentaria sobre el accidente de Angrois, en Santiago de Compostela, cuando era presidente de la Xunta de Galicia. <a href=\"https:\/\/www.eldiario.es\/galicia\/despropositos-angrois-2013-fallos-coordinacion-rescate-veto-feijoo-investigar-parlamento_1_12930424.html\" rel=\"nofollow\">Murieron 80 personas<\/a>.\n    <\/p>\n<h2>\u201cS\u00e1nchez no quiere acompa\u00f1ar a las v\u00edctimas\u201d<\/h2>\n<p>\n        El l\u00edder del PP tambi\u00e9n ha acusado al presidente del Gobierno, Pedro S\u00e1nchez, de huir del funeral cat\u00f3lico que se celebrar\u00e1 este jueves en Huelva en memoria de los fallecidos en Adamuz. Un acto al que acudir\u00e1n los reyes, la vicepresidenta del Gobierno, Mar\u00eda Jes\u00fas Montero, y otros ministros, as\u00ed como el presidente de la Junta de Andaluc\u00eda, Juan Manuel Moreno, y el propio Feij\u00f3o.\n    <\/p>\n<p>\n        S\u00e1nchez no asistir\u00e1 a esta misa, algo que para el l\u00edder de la oposici\u00f3n solo tiene una explicaci\u00f3n: \u201cNo quiere acompa\u00f1ar a las v\u00edctimas. No hay otra\u201d. El presidente tampoco acudi\u00f3 al funeral religioso por las v\u00edctimas de la dana. En aquella ocasi\u00f3n, el Gobierno estuvo tambi\u00e9n representado por Montero.\n    <\/p>\n<p>\n        Feij\u00f3o ha asegurado que \u201clas v\u00edctimas tienen derecho a elegir c\u00f3mo entierran a su gente y c\u00f3mo recuerdan a su gente\u201d. \u201cSi quieren hacer un funeral en una iglesia, \u00bfqui\u00e9n es el Gobierno para impedirlo?\u201d, ha a\u00f1adido, pese a que en ning\u00fan momento el Ejecutivo ha hecho nada parecido a querer impedir este funeral, convocado por la Di\u00f3cesis de Huelva. <a href=\"https:\/\/www.eldiario.es\/politica\/moreno-ayuso-contraprograman-misas-victimas-adamuz-feijoo-opta-presidente-andaluz_1_12941857.html\" rel=\"nofollow\">Ayuso ha contraprogramado este evento<\/a> con su propio funeral en Madrid y casi a la misma hora.\n    <\/p>\n<p>\n        \u201c\u00bfQui\u00e9n es el presidente para decir que si es un acto laico, va; pero con un obispo, no?\u201d, se ha cuestionado, en referencia al homenaje de Estado laico que se iba a celebrar el 31 de enero, pero que ha sido pospuesto a petici\u00f3n de las v\u00edctimas y de acuerdo con la Junta de Andaluc\u00eda.\n    <\/p>\n<p>\n        \u201cNo quiere acompa\u00f1ar a las v\u00edctimas\u201d, ha reiterado Feij\u00f3o. \u201cConocemos el problema de conciencia que tiene con las v\u00edctimas del AVE porque durante mucho tiempo el mantenimiento de la red fue negligente, desde que se liberalizaron las v\u00edas en 22 no se ha atendido el incremento de pasajeros y trenes, y no se ha hecho caso a los maquinistas\u201d, ha zanjado.\n    <\/p>\n<\/div>\n","protected":false},"excerpt":{"rendered":"<p>El l\u00edder del PP, Alberto N\u00fa\u00f1ez Feij\u00f3o, ha anunciado este jueves que usar\u00e1 su mayor\u00eda absoluta en el Senado para abrir una comisi\u00f3n de investigaci\u00f3n sobre el accidente ferroviario de Adamuz, en el que fallecieron 45 personas. El objetivo, seg\u00fan ha dicho en una entrevista en Antena 3, es \u201cque se explique cu\u00e1l es la<\/p>\n","protected":false},"author":1,"featured_media":321543,"comment_status":"open","ping_status":"open","sticky":false,"template":"","format":"standard","meta":{"footnotes":""},"categories":[71],"tags":[],"class_list":["post-321542","post","type-post","status-publish","format-standard","has-post-thumbnail","hentry","category-politics-es"],"acf":[],"yoast_head":"<!-- This site is optimized with the Yoast SEO plugin v22.9 - https:\/\/yoast.com\/wordpress\/plugins\/seo\/ -->\n<title>Feij\u00f3o anuncia una comisi\u00f3n de investigaci\u00f3n en el Senado sobre el accidente de Adamuz - vof-news.eu<\/title>\n<meta name=\"description\" content=\"El l\u00edder del PP, Alberto N\u00fa\u00f1ez Feij\u00f3o, ha anunciado este jueves que usar\u00e1 su mayor\u00eda absoluta en el Senado para abrir una comisi\u00f3n de investigaci\u00f3n sobre el accidente ferroviario de Adamuz, en el que fallecieron 45 personas. El objetivo, seg\u00fan ha dicho en una entrevista en Antena 3, es \u201cque se explique cu\u00e1l es la situaci\u00f3n de mantenimiento y de seguridad del ferrocarril espa\u00f1ol\u201d. Feij\u00f3o ha prometido \u201cno entrar en la investigaci\u00f3n judicial\u201d sobre \u201clos fallecimientos\u201d.\" \/>\n<meta name=\"robots\" content=\"noindex, follow, max-snippet:-1, max-image-preview:large, max-video-preview:-1\" \/>\n<meta property=\"og:locale\" content=\"es_ES\" \/>\n<meta property=\"og:type\" content=\"article\" \/>\n<meta property=\"og:title\" content=\"Feij\u00f3o anuncia una comisi\u00f3n de investigaci\u00f3n en el Senado sobre el accidente de Adamuz - vof-news.eu\" \/>\n<meta property=\"og:description\" content=\"El l\u00edder del PP, Alberto N\u00fa\u00f1ez Feij\u00f3o, ha anunciado este jueves que usar\u00e1 su mayor\u00eda absoluta en el Senado para abrir una comisi\u00f3n de investigaci\u00f3n sobre el accidente ferroviario de Adamuz, en el que fallecieron 45 personas. El objetivo, seg\u00fan ha dicho en una entrevista en Antena 3, es \u201cque se explique cu\u00e1l es la situaci\u00f3n de mantenimiento y de seguridad del ferrocarril espa\u00f1ol\u201d. Feij\u00f3o ha prometido \u201cno entrar en la investigaci\u00f3n judicial\u201d sobre \u201clos fallecimientos\u201d.\" \/>\n<meta property=\"og:url\" content=\"https:\/\/vof-news.eu\/es\/feijoo-anuncia-una-comision-de-investigacion-en-el-senado-sobre-el-accidente-de-adamuz\/\" \/>\n<meta property=\"og:site_name\" content=\"vof-news.eu\" \/>\n<meta property=\"article:published_time\" content=\"2026-01-29T12:18:50+00:00\" \/>\n<meta property=\"article:modified_time\" content=\"2026-01-29T12:19:58+00:00\" \/>\n<meta property=\"og:image\" content=\"https:\/\/vof-news.eu\/wp-content\/uploads\/2026\/01\/9153bd13-7bdc-42d6-a39b-06d4395f0315_16-9-discover-aspect-ratio_default_0.jpg\" \/>\n\t<meta property=\"og:image:width\" content=\"1200\" \/>\n\t<meta property=\"og:image:height\" content=\"675\" \/>\n\t<meta property=\"og:image:type\" content=\"image\/jpeg\" \/>\n<meta name=\"author\" content=\"Author\" \/>\n<meta name=\"twitter:card\" content=\"summary_large_image\" \/>\n<meta name=\"twitter:label1\" content=\"Escrito por\" \/>\n\t<meta name=\"twitter:data1\" content=\"Author\" \/>\n\t<meta name=\"twitter:label2\" content=\"Tiempo de lectura\" \/>\n\t<meta name=\"twitter:data2\" content=\"4 minutos\" \/>\n<script type=\"application\/ld+json\" class=\"yoast-schema-graph\">{\"@context\":\"https:\/\/schema.org\",\"@graph\":[{\"@type\":\"WebPage\",\"@id\":\"https:\/\/vof-news.eu\/es\/feijoo-anuncia-una-comision-de-investigacion-en-el-senado-sobre-el-accidente-de-adamuz\/\",\"url\":\"https:\/\/vof-news.eu\/es\/feijoo-anuncia-una-comision-de-investigacion-en-el-senado-sobre-el-accidente-de-adamuz\/\",\"name\":\"Feij\u00f3o anuncia una comisi\u00f3n de investigaci\u00f3n en el Senado sobre el accidente de Adamuz - vof-news.eu\",\"isPartOf\":{\"@id\":\"https:\/\/vof-news.eu\/es\/#website\"},\"primaryImageOfPage\":{\"@id\":\"https:\/\/vof-news.eu\/es\/feijoo-anuncia-una-comision-de-investigacion-en-el-senado-sobre-el-accidente-de-adamuz\/#primaryimage\"},\"image\":{\"@id\":\"https:\/\/vof-news.eu\/es\/feijoo-anuncia-una-comision-de-investigacion-en-el-senado-sobre-el-accidente-de-adamuz\/#primaryimage\"},\"thumbnailUrl\":\"https:\/\/vof-news.eu\/wp-content\/uploads\/2026\/01\/9153bd13-7bdc-42d6-a39b-06d4395f0315_16-9-discover-aspect-ratio_default_0.jpg\",\"datePublished\":\"2026-01-29T12:18:50+00:00\",\"dateModified\":\"2026-01-29T12:19:58+00:00\",\"author\":{\"@id\":\"https:\/\/vof-news.eu\/es\/#\/schema\/person\/f6a2a4309f0561835797fd8c19b333ed\"},\"description\":\"El l\u00edder del PP, Alberto N\u00fa\u00f1ez Feij\u00f3o, ha anunciado este jueves que usar\u00e1 su mayor\u00eda absoluta en el Senado para abrir una comisi\u00f3n de investigaci\u00f3n sobre el accidente ferroviario de Adamuz, en el que fallecieron 45 personas. El objetivo, seg\u00fan ha dicho en una entrevista en Antena 3, es \u201cque se explique cu\u00e1l es la situaci\u00f3n de mantenimiento y de seguridad del ferrocarril espa\u00f1ol\u201d. Feij\u00f3o ha prometido \u201cno entrar en la investigaci\u00f3n judicial\u201d sobre \u201clos fallecimientos\u201d.\",\"breadcrumb\":{\"@id\":\"https:\/\/vof-news.eu\/es\/feijoo-anuncia-una-comision-de-investigacion-en-el-senado-sobre-el-accidente-de-adamuz\/#breadcrumb\"},\"inLanguage\":\"es\",\"potentialAction\":[{\"@type\":\"ReadAction\",\"target\":[\"https:\/\/vof-news.eu\/es\/feijoo-anuncia-una-comision-de-investigacion-en-el-senado-sobre-el-accidente-de-adamuz\/\"]}]},{\"@type\":\"ImageObject\",\"inLanguage\":\"es\",\"@id\":\"https:\/\/vof-news.eu\/es\/feijoo-anuncia-una-comision-de-investigacion-en-el-senado-sobre-el-accidente-de-adamuz\/#primaryimage\",\"url\":\"https:\/\/vof-news.eu\/wp-content\/uploads\/2026\/01\/9153bd13-7bdc-42d6-a39b-06d4395f0315_16-9-discover-aspect-ratio_default_0.jpg\",\"contentUrl\":\"https:\/\/vof-news.eu\/wp-content\/uploads\/2026\/01\/9153bd13-7bdc-42d6-a39b-06d4395f0315_16-9-discover-aspect-ratio_default_0.jpg\",\"width\":1200,\"height\":675},{\"@type\":\"BreadcrumbList\",\"@id\":\"https:\/\/vof-news.eu\/es\/feijoo-anuncia-una-comision-de-investigacion-en-el-senado-sobre-el-accidente-de-adamuz\/#breadcrumb\",\"itemListElement\":[{\"@type\":\"ListItem\",\"position\":1,\"name\":\"Home\",\"item\":\"https:\/\/vof-news.eu\/es\/\"},{\"@type\":\"ListItem\",\"position\":2,\"name\":\"Feij\u00f3o anuncia una comisi\u00f3n de investigaci\u00f3n en el Senado sobre el accidente de Adamuz\"}]},{\"@type\":\"WebSite\",\"@id\":\"https:\/\/vof-news.eu\/es\/#website\",\"url\":\"https:\/\/vof-news.eu\/es\/\",\"name\":\"vof-news.eu\",\"description\":\"\",\"potentialAction\":[{\"@type\":\"SearchAction\",\"target\":{\"@type\":\"EntryPoint\",\"urlTemplate\":\"https:\/\/vof-news.eu\/es\/?s={search_term_string}\"},\"query-input\":\"required name=search_term_string\"}],\"inLanguage\":\"es\"},{\"@type\":\"Person\",\"@id\":\"https:\/\/vof-news.eu\/es\/#\/schema\/person\/f6a2a4309f0561835797fd8c19b333ed\",\"name\":\"Author\",\"image\":{\"@type\":\"ImageObject\",\"inLanguage\":\"es\",\"@id\":\"https:\/\/vof-news.eu\/es\/#\/schema\/person\/image\/\",\"url\":\"https:\/\/secure.gravatar.com\/avatar\/b67e614b1b25b3e9c0c239efdd2fde5ab015b5affd6f1c3c85911ca4b384e790?s=96&d=mm&r=g\",\"contentUrl\":\"https:\/\/secure.gravatar.com\/avatar\/b67e614b1b25b3e9c0c239efdd2fde5ab015b5affd6f1c3c85911ca4b384e790?s=96&d=mm&r=g\",\"caption\":\"Author\"},\"sameAs\":[\"http:\/\/vof-news.eu\"],\"url\":\"https:\/\/vof-news.eu\/es\/author\/zwt6qxnjulxbnyg\/\"}]}<\/script>\n<!-- \/ Yoast SEO plugin. -->","yoast_head_json":{"title":"Feij\u00f3o anuncia una comisi\u00f3n de investigaci\u00f3n en el Senado sobre el accidente de Adamuz - vof-news.eu","description":"El l\u00edder del PP, Alberto N\u00fa\u00f1ez Feij\u00f3o, ha anunciado este jueves que usar\u00e1 su mayor\u00eda absoluta en el Senado para abrir una comisi\u00f3n de investigaci\u00f3n sobre el accidente ferroviario de Adamuz, en el que fallecieron 45 personas. El objetivo, seg\u00fan ha dicho en una entrevista en Antena 3, es \u201cque se explique cu\u00e1l es la situaci\u00f3n de mantenimiento y de seguridad del ferrocarril espa\u00f1ol\u201d. Feij\u00f3o ha prometido \u201cno entrar en la investigaci\u00f3n judicial\u201d sobre \u201clos fallecimientos\u201d.","robots":{"index":"noindex","follow":"follow","max-snippet":"max-snippet:-1","max-image-preview":"max-image-preview:large","max-video-preview":"max-video-preview:-1"},"og_locale":"es_ES","og_type":"article","og_title":"Feij\u00f3o anuncia una comisi\u00f3n de investigaci\u00f3n en el Senado sobre el accidente de Adamuz - vof-news.eu","og_description":"El l\u00edder del PP, Alberto N\u00fa\u00f1ez Feij\u00f3o, ha anunciado este jueves que usar\u00e1 su mayor\u00eda absoluta en el Senado para abrir una comisi\u00f3n de investigaci\u00f3n sobre el accidente ferroviario de Adamuz, en el que fallecieron 45 personas. El objetivo, seg\u00fan ha dicho en una entrevista en Antena 3, es \u201cque se explique cu\u00e1l es la situaci\u00f3n de mantenimiento y de seguridad del ferrocarril espa\u00f1ol\u201d. Feij\u00f3o ha prometido \u201cno entrar en la investigaci\u00f3n judicial\u201d sobre \u201clos fallecimientos\u201d.","og_url":"https:\/\/vof-news.eu\/es\/feijoo-anuncia-una-comision-de-investigacion-en-el-senado-sobre-el-accidente-de-adamuz\/","og_site_name":"vof-news.eu","article_published_time":"2026-01-29T12:18:50+00:00","article_modified_time":"2026-01-29T12:19:58+00:00","og_image":[{"width":1200,"height":675,"url":"https:\/\/vof-news.eu\/wp-content\/uploads\/2026\/01\/9153bd13-7bdc-42d6-a39b-06d4395f0315_16-9-discover-aspect-ratio_default_0.jpg","type":"image\/jpeg"}],"author":"Author","twitter_card":"summary_large_image","twitter_misc":{"Escrito por":"Author","Tiempo de lectura":"4 minutos"},"schema":{"@context":"https:\/\/schema.org","@graph":[{"@type":"WebPage","@id":"https:\/\/vof-news.eu\/es\/feijoo-anuncia-una-comision-de-investigacion-en-el-senado-sobre-el-accidente-de-adamuz\/","url":"https:\/\/vof-news.eu\/es\/feijoo-anuncia-una-comision-de-investigacion-en-el-senado-sobre-el-accidente-de-adamuz\/","name":"Feij\u00f3o anuncia una comisi\u00f3n de investigaci\u00f3n en el Senado sobre el accidente de Adamuz - vof-news.eu","isPartOf":{"@id":"https:\/\/vof-news.eu\/es\/#website"},"primaryImageOfPage":{"@id":"https:\/\/vof-news.eu\/es\/feijoo-anuncia-una-comision-de-investigacion-en-el-senado-sobre-el-accidente-de-adamuz\/#primaryimage"},"image":{"@id":"https:\/\/vof-news.eu\/es\/feijoo-anuncia-una-comision-de-investigacion-en-el-senado-sobre-el-accidente-de-adamuz\/#primaryimage"},"thumbnailUrl":"https:\/\/vof-news.eu\/wp-content\/uploads\/2026\/01\/9153bd13-7bdc-42d6-a39b-06d4395f0315_16-9-discover-aspect-ratio_default_0.jpg","datePublished":"2026-01-29T12:18:50+00:00","dateModified":"2026-01-29T12:19:58+00:00","author":{"@id":"https:\/\/vof-news.eu\/es\/#\/schema\/person\/f6a2a4309f0561835797fd8c19b333ed"},"description":"El l\u00edder del PP, Alberto N\u00fa\u00f1ez Feij\u00f3o, ha anunciado este jueves que usar\u00e1 su mayor\u00eda absoluta en el Senado para abrir una comisi\u00f3n de investigaci\u00f3n sobre el accidente ferroviario de Adamuz, en el que fallecieron 45 personas. El objetivo, seg\u00fan ha dicho en una entrevista en Antena 3, es \u201cque se explique cu\u00e1l es la situaci\u00f3n de mantenimiento y de seguridad del ferrocarril espa\u00f1ol\u201d. Feij\u00f3o ha prometido \u201cno entrar en la investigaci\u00f3n judicial\u201d sobre \u201clos fallecimientos\u201d.","breadcrumb":{"@id":"https:\/\/vof-news.eu\/es\/feijoo-anuncia-una-comision-de-investigacion-en-el-senado-sobre-el-accidente-de-adamuz\/#breadcrumb"},"inLanguage":"es","potentialAction":[{"@type":"ReadAction","target":["https:\/\/vof-news.eu\/es\/feijoo-anuncia-una-comision-de-investigacion-en-el-senado-sobre-el-accidente-de-adamuz\/"]}]},{"@type":"ImageObject","inLanguage":"es","@id":"https:\/\/vof-news.eu\/es\/feijoo-anuncia-una-comision-de-investigacion-en-el-senado-sobre-el-accidente-de-adamuz\/#primaryimage","url":"https:\/\/vof-news.eu\/wp-content\/uploads\/2026\/01\/9153bd13-7bdc-42d6-a39b-06d4395f0315_16-9-discover-aspect-ratio_default_0.jpg","contentUrl":"https:\/\/vof-news.eu\/wp-content\/uploads\/2026\/01\/9153bd13-7bdc-42d6-a39b-06d4395f0315_16-9-discover-aspect-ratio_default_0.jpg","width":1200,"height":675},{"@type":"BreadcrumbList","@id":"https:\/\/vof-news.eu\/es\/feijoo-anuncia-una-comision-de-investigacion-en-el-senado-sobre-el-accidente-de-adamuz\/#breadcrumb","itemListElement":[{"@type":"ListItem","position":1,"name":"Home","item":"https:\/\/vof-news.eu\/es\/"},{"@type":"ListItem","position":2,"name":"Feij\u00f3o anuncia una comisi\u00f3n de investigaci\u00f3n en el Senado sobre el accidente de Adamuz"}]},{"@type":"WebSite","@id":"https:\/\/vof-news.eu\/es\/#website","url":"https:\/\/vof-news.eu\/es\/","name":"vof-news.eu","description":"","potentialAction":[{"@type":"SearchAction","target":{"@type":"EntryPoint","urlTemplate":"https:\/\/vof-news.eu\/es\/?s={search_term_string}"},"query-input":"required name=search_term_string"}],"inLanguage":"es"},{"@type":"Person","@id":"https:\/\/vof-news.eu\/es\/#\/schema\/person\/f6a2a4309f0561835797fd8c19b333ed","name":"Author","image":{"@type":"ImageObject","inLanguage":"es","@id":"https:\/\/vof-news.eu\/es\/#\/schema\/person\/image\/","url":"https:\/\/secure.gravatar.com\/avatar\/b67e614b1b25b3e9c0c239efdd2fde5ab015b5affd6f1c3c85911ca4b384e790?s=96&d=mm&r=g","contentUrl":"https:\/\/secure.gravatar.com\/avatar\/b67e614b1b25b3e9c0c239efdd2fde5ab015b5affd6f1c3c85911ca4b384e790?s=96&d=mm&r=g","caption":"Author"},"sameAs":["http:\/\/vof-news.eu"],"url":"https:\/\/vof-news.eu\/es\/author\/zwt6qxnjulxbnyg\/"}]}},"yoast_meta":{"yoast_wpseo_title":"","yoast_wpseo_metadesc":"","yoast_wpseo_canonical":""},"_links":{"self":[{"href":"https:\/\/vof-news.eu\/es\/wp-json\/wp\/v2\/posts\/321542","targetHints":{"allow":["GET"]}}],"collection":[{"href":"https:\/\/vof-news.eu\/es\/wp-json\/wp\/v2\/posts"}],"about":[{"href":"https:\/\/vof-news.eu\/es\/wp-json\/wp\/v2\/types\/post"}],"author":[{"embeddable":true,"href":"https:\/\/vof-news.eu\/es\/wp-json\/wp\/v2\/users\/1"}],"replies":[{"embeddable":true,"href":"https:\/\/vof-news.eu\/es\/wp-json\/wp\/v2\/comments?post=321542"}],"version-history":[{"count":1,"href":"https:\/\/vof-news.eu\/es\/wp-json\/wp\/v2\/posts\/321542\/revisions"}],"predecessor-version":[{"id":321549,"href":"https:\/\/vof-news.eu\/es\/wp-json\/wp\/v2\/posts\/321542\/revisions\/321549"}],"wp:featuredmedia":[{"embeddable":true,"href":"https:\/\/vof-news.eu\/es\/wp-json\/wp\/v2\/media\/321543"}],"wp:attachment":[{"href":"https:\/\/vof-news.eu\/es\/wp-json\/wp\/v2\/media?parent=321542"}],"wp:term":[{"taxonomy":"category","embeddable":true,"href":"https:\/\/vof-news.eu\/es\/wp-json\/wp\/v2\/categories?post=321542"},{"taxonomy":"post_tag","embeddable":true,"href":"https:\/\/vof-news.eu\/es\/wp-json\/wp\/v2\/tags?post=321542"}],"curies":[{"name":"wp","href":"https:\/\/api.w.org\/{rel}","templated":true}]}}