{"id":321534,"date":"2026-01-29T15:17:31","date_gmt":"2026-01-29T12:17:31","guid":{"rendered":"https:\/\/vof-news.eu\/aldama-busca-ampliar-su-pacto-con-la-fiscalia-al-acusar-de-nuevo-al-psoe-de-financiarse-irregularmente\/"},"modified":"2026-01-29T15:18:12","modified_gmt":"2026-01-29T12:18:12","slug":"aldama-busca-ampliar-su-pacto-con-la-fiscalia-al-acusar-de-nuevo-al-psoe-de-financiarse-irregularmente","status":"publish","type":"post","link":"https:\/\/vof-news.eu\/es\/aldama-busca-ampliar-su-pacto-con-la-fiscalia-al-acusar-de-nuevo-al-psoe-de-financiarse-irregularmente\/","title":{"rendered":"Aldama busca ampliar su pacto con la Fiscal\u00eda al acusar de nuevo al PSOE de financiarse irregularmente"},"content":{"rendered":"<div>\n<p>\n        El empresario y comisionista V\u00edctor de Aldama, investigado en varios sumarios, ha dejado claro este jueves en su declaraci\u00f3n como imputado en un millonario fraude con hidrocarburos, su voluntad de seguir colaborando con la Fiscal\u00eda Anticorrupci\u00f3n en la b\u00fasqueda de beneficios en las causas en las que est\u00e1 inmerso. Durante el interrogatorio, Aldama ha aludido a presuntas finanzas bajo sospecha del PSOE y de la Internacional Socialista, que ahora preside Pedro S\u00e1nchez. Pero no ha ofrecido m\u00e1s detalles bajo el pretexto de que es un asunto que tiene que seguir negociando \u201cdirectamente\u201d con la Fiscal\u00eda, coinciden fuentes jur\u00eddicas conocedoras del contenido de la declaraci\u00f3n.\n    <\/p>\n<p>\n        Esta revelaci\u00f3n se ha producido cuando el fiscal del caso, Luis Pastor, le ha preguntado por el contenido de un supuesto sobre de la petrolera estatal venezolana PDVSA que estar\u00eda en su poder. Aldama ha afirmado que se lo facilit\u00f3 la actual presidenta venezolana, Delcy Rodr\u00edguez, y que contendr\u00eda informaci\u00f3n relativa al negocio de hidrocarburos y su posible vinculaci\u00f3n con financiaci\u00f3n ilegal del PSOE y de la Internacional Socialista, sin ahondar en m\u00e1s detalles.\n    <\/p>\n<p>\n        La afirmaci\u00f3n en sede judicial, no obstante, pone de nuevo el foco sobre las finanzas de los socialistas. Fuentes del PSOE afirman que \u201cno es nuevo que Aldama est\u00e9 intentando desviar la atenci\u00f3n de sus responsabilidades penales\u201d y reiteran que en el partido \u201cno ha existido jam\u00e1s financiaci\u00f3n irregular, una cuesti\u00f3n que no puede sostener el Partido Popular\u201d.\n    <\/p>\n<p>\n        La Unidad Central Operativa (UCO) de la Guardia Civil revel\u00f3 en uno de sus informes que Aldama dej\u00f3 en custodia a uno de sus hombres de confianza, Luis Alberto Escolano, \u201cdocumentaci\u00f3n sensible\u201d relativa a PDVSA. Los investigadores se\u00f1alaban que en la fotograf\u00eda reenviada por parte de Escolano a Aldama se aprecia en la parte inferior del sobre el sellado de la recepci\u00f3n del mismo. \u201cEste sellado, correspondiente a la Vicepresidencia de la Rep\u00fablica Bolivariana de Venezuela, indica la recepci\u00f3n del sobre por parte de V\u00edctor de Aldama el d\u00eda 4 de febrero de 2020\u201d, recog\u00eda ese atestado.\n    <\/p>\n<p>\n        Aldama, que afrontar\u00e1 pr\u00f3ximamente su primer juicio por corrupci\u00f3n en el caso de las mascarillas, empez\u00f3 a colaborar con Anticorrupci\u00f3n en noviembre de 2024, cuando llevaba 40 d\u00edas encarcelado por su implicaci\u00f3n en el presunto fraude de los hidrocarburos que lo ha llevado de nuevo este jueves ante el juez. El fiscal jefe Anticorrupci\u00f3n, Alejandro Luz\u00f3n, valor\u00f3 en su escrito de calificaci\u00f3n en la causa de las mascarillas la \u201cinformaci\u00f3n relevante\u201d aportada por Aldama, a quien su confesi\u00f3n le sirvi\u00f3 para salir de la c\u00e1rcel y tambi\u00e9n le ha permitido afrontar una menor petici\u00f3n de c\u00e1rcel.\n    <\/p>\n<\/div>\n","protected":false},"excerpt":{"rendered":"<p>El empresario y comisionista V\u00edctor de Aldama, investigado en varios sumarios, ha dejado claro este jueves en su declaraci\u00f3n como imputado en un millonario fraude con hidrocarburos, su voluntad de seguir colaborando con la Fiscal\u00eda Anticorrupci\u00f3n en la b\u00fasqueda de beneficios en las causas en las que est\u00e1 inmerso. Durante el interrogatorio, Aldama ha aludido<\/p>\n","protected":false},"author":1,"featured_media":321535,"comment_status":"open","ping_status":"open","sticky":false,"template":"","format":"standard","meta":{"footnotes":""},"categories":[71],"tags":[],"class_list":["post-321534","post","type-post","status-publish","format-standard","has-post-thumbnail","hentry","category-politics-es"],"acf":[],"yoast_head":"<!-- This site is optimized with the Yoast SEO plugin v22.9 - https:\/\/yoast.com\/wordpress\/plugins\/seo\/ -->\n<title>Aldama busca ampliar su pacto con la Fiscal\u00eda al acusar de nuevo al PSOE de financiarse irregularmente - vof-news.eu<\/title>\n<meta name=\"description\" content=\"El empresario y comisionista V\u00edctor de Aldama, investigado en varios sumarios, ha dejado claro este jueves en su declaraci\u00f3n como imputado en un millonario fraude con hidrocarburos, su voluntad de seguir colaborando con la Fiscal\u00eda Anticorrupci\u00f3n en la b\u00fasqueda de beneficios en las causas en las que est\u00e1 inmerso. Durante el interrogatorio, Aldama ha aludido a presuntas finanzas bajo sospecha del PSOE y de la Internacional Socialista, que ahora preside Pedro S\u00e1nchez. Pero no ha ofrecido m\u00e1s detalles bajo el pretexto de que es un asunto que tiene que seguir negociando \u201cdirectamente\u201d con la Fiscal\u00eda, coinciden fuentes jur\u00eddicas conocedoras del contenido de la declaraci\u00f3n.\" \/>\n<meta name=\"robots\" content=\"noindex, follow, max-snippet:-1, max-image-preview:large, max-video-preview:-1\" \/>\n<meta property=\"og:locale\" content=\"es_ES\" \/>\n<meta property=\"og:type\" content=\"article\" \/>\n<meta property=\"og:title\" content=\"Aldama busca ampliar su pacto con la Fiscal\u00eda al acusar de nuevo al PSOE de financiarse irregularmente - vof-news.eu\" \/>\n<meta property=\"og:description\" content=\"El empresario y comisionista V\u00edctor de Aldama, investigado en varios sumarios, ha dejado claro este jueves en su declaraci\u00f3n como imputado en un millonario fraude con hidrocarburos, su voluntad de seguir colaborando con la Fiscal\u00eda Anticorrupci\u00f3n en la b\u00fasqueda de beneficios en las causas en las que est\u00e1 inmerso. Durante el interrogatorio, Aldama ha aludido a presuntas finanzas bajo sospecha del PSOE y de la Internacional Socialista, que ahora preside Pedro S\u00e1nchez. Pero no ha ofrecido m\u00e1s detalles bajo el pretexto de que es un asunto que tiene que seguir negociando \u201cdirectamente\u201d con la Fiscal\u00eda, coinciden fuentes jur\u00eddicas conocedoras del contenido de la declaraci\u00f3n.\" \/>\n<meta property=\"og:url\" content=\"https:\/\/vof-news.eu\/es\/aldama-busca-ampliar-su-pacto-con-la-fiscalia-al-acusar-de-nuevo-al-psoe-de-financiarse-irregularmente\/\" \/>\n<meta property=\"og:site_name\" content=\"vof-news.eu\" \/>\n<meta property=\"article:published_time\" content=\"2026-01-29T12:17:31+00:00\" \/>\n<meta property=\"article:modified_time\" content=\"2026-01-29T12:18:12+00:00\" \/>\n<meta property=\"og:image\" content=\"https:\/\/vof-news.eu\/wp-content\/uploads\/2026\/01\/8951ac7d-379d-4f04-9411-5b36369ba53a_16-9-discover-aspect-ratio_default_0.jpg\" \/>\n\t<meta property=\"og:image:width\" content=\"1200\" \/>\n\t<meta property=\"og:image:height\" content=\"675\" \/>\n\t<meta property=\"og:image:type\" content=\"image\/jpeg\" \/>\n<meta name=\"author\" content=\"Author\" \/>\n<meta name=\"twitter:card\" content=\"summary_large_image\" \/>\n<meta name=\"twitter:label1\" content=\"Escrito por\" \/>\n\t<meta name=\"twitter:data1\" content=\"Author\" \/>\n\t<meta name=\"twitter:label2\" content=\"Tiempo de lectura\" \/>\n\t<meta name=\"twitter:data2\" content=\"2 minutos\" \/>\n<script type=\"application\/ld+json\" class=\"yoast-schema-graph\">{\"@context\":\"https:\/\/schema.org\",\"@graph\":[{\"@type\":\"WebPage\",\"@id\":\"https:\/\/vof-news.eu\/es\/aldama-busca-ampliar-su-pacto-con-la-fiscalia-al-acusar-de-nuevo-al-psoe-de-financiarse-irregularmente\/\",\"url\":\"https:\/\/vof-news.eu\/es\/aldama-busca-ampliar-su-pacto-con-la-fiscalia-al-acusar-de-nuevo-al-psoe-de-financiarse-irregularmente\/\",\"name\":\"Aldama busca ampliar su pacto con la Fiscal\u00eda al acusar de nuevo al PSOE de financiarse irregularmente - vof-news.eu\",\"isPartOf\":{\"@id\":\"https:\/\/vof-news.eu\/es\/#website\"},\"primaryImageOfPage\":{\"@id\":\"https:\/\/vof-news.eu\/es\/aldama-busca-ampliar-su-pacto-con-la-fiscalia-al-acusar-de-nuevo-al-psoe-de-financiarse-irregularmente\/#primaryimage\"},\"image\":{\"@id\":\"https:\/\/vof-news.eu\/es\/aldama-busca-ampliar-su-pacto-con-la-fiscalia-al-acusar-de-nuevo-al-psoe-de-financiarse-irregularmente\/#primaryimage\"},\"thumbnailUrl\":\"https:\/\/vof-news.eu\/wp-content\/uploads\/2026\/01\/8951ac7d-379d-4f04-9411-5b36369ba53a_16-9-discover-aspect-ratio_default_0.jpg\",\"datePublished\":\"2026-01-29T12:17:31+00:00\",\"dateModified\":\"2026-01-29T12:18:12+00:00\",\"author\":{\"@id\":\"https:\/\/vof-news.eu\/es\/#\/schema\/person\/f6a2a4309f0561835797fd8c19b333ed\"},\"description\":\"El empresario y comisionista V\u00edctor de Aldama, investigado en varios sumarios, ha dejado claro este jueves en su declaraci\u00f3n como imputado en un millonario fraude con hidrocarburos, su voluntad de seguir colaborando con la Fiscal\u00eda Anticorrupci\u00f3n en la b\u00fasqueda de beneficios en las causas en las que est\u00e1 inmerso. Durante el interrogatorio, Aldama ha aludido a presuntas finanzas bajo sospecha del PSOE y de la Internacional Socialista, que ahora preside Pedro S\u00e1nchez. Pero no ha ofrecido m\u00e1s detalles bajo el pretexto de que es un asunto que tiene que seguir negociando \u201cdirectamente\u201d con la Fiscal\u00eda, coinciden fuentes jur\u00eddicas conocedoras del contenido de la declaraci\u00f3n.\",\"breadcrumb\":{\"@id\":\"https:\/\/vof-news.eu\/es\/aldama-busca-ampliar-su-pacto-con-la-fiscalia-al-acusar-de-nuevo-al-psoe-de-financiarse-irregularmente\/#breadcrumb\"},\"inLanguage\":\"es\",\"potentialAction\":[{\"@type\":\"ReadAction\",\"target\":[\"https:\/\/vof-news.eu\/es\/aldama-busca-ampliar-su-pacto-con-la-fiscalia-al-acusar-de-nuevo-al-psoe-de-financiarse-irregularmente\/\"]}]},{\"@type\":\"ImageObject\",\"inLanguage\":\"es\",\"@id\":\"https:\/\/vof-news.eu\/es\/aldama-busca-ampliar-su-pacto-con-la-fiscalia-al-acusar-de-nuevo-al-psoe-de-financiarse-irregularmente\/#primaryimage\",\"url\":\"https:\/\/vof-news.eu\/wp-content\/uploads\/2026\/01\/8951ac7d-379d-4f04-9411-5b36369ba53a_16-9-discover-aspect-ratio_default_0.jpg\",\"contentUrl\":\"https:\/\/vof-news.eu\/wp-content\/uploads\/2026\/01\/8951ac7d-379d-4f04-9411-5b36369ba53a_16-9-discover-aspect-ratio_default_0.jpg\",\"width\":1200,\"height\":675},{\"@type\":\"BreadcrumbList\",\"@id\":\"https:\/\/vof-news.eu\/es\/aldama-busca-ampliar-su-pacto-con-la-fiscalia-al-acusar-de-nuevo-al-psoe-de-financiarse-irregularmente\/#breadcrumb\",\"itemListElement\":[{\"@type\":\"ListItem\",\"position\":1,\"name\":\"Home\",\"item\":\"https:\/\/vof-news.eu\/es\/\"},{\"@type\":\"ListItem\",\"position\":2,\"name\":\"Aldama busca ampliar su pacto con la Fiscal\u00eda al acusar de nuevo al PSOE de financiarse irregularmente\"}]},{\"@type\":\"WebSite\",\"@id\":\"https:\/\/vof-news.eu\/es\/#website\",\"url\":\"https:\/\/vof-news.eu\/es\/\",\"name\":\"vof-news.eu\",\"description\":\"\",\"potentialAction\":[{\"@type\":\"SearchAction\",\"target\":{\"@type\":\"EntryPoint\",\"urlTemplate\":\"https:\/\/vof-news.eu\/es\/?s={search_term_string}\"},\"query-input\":\"required name=search_term_string\"}],\"inLanguage\":\"es\"},{\"@type\":\"Person\",\"@id\":\"https:\/\/vof-news.eu\/es\/#\/schema\/person\/f6a2a4309f0561835797fd8c19b333ed\",\"name\":\"Author\",\"image\":{\"@type\":\"ImageObject\",\"inLanguage\":\"es\",\"@id\":\"https:\/\/vof-news.eu\/es\/#\/schema\/person\/image\/\",\"url\":\"https:\/\/secure.gravatar.com\/avatar\/b67e614b1b25b3e9c0c239efdd2fde5ab015b5affd6f1c3c85911ca4b384e790?s=96&d=mm&r=g\",\"contentUrl\":\"https:\/\/secure.gravatar.com\/avatar\/b67e614b1b25b3e9c0c239efdd2fde5ab015b5affd6f1c3c85911ca4b384e790?s=96&d=mm&r=g\",\"caption\":\"Author\"},\"sameAs\":[\"http:\/\/vof-news.eu\"],\"url\":\"https:\/\/vof-news.eu\/es\/author\/zwt6qxnjulxbnyg\/\"}]}<\/script>\n<!-- \/ Yoast SEO plugin. -->","yoast_head_json":{"title":"Aldama busca ampliar su pacto con la Fiscal\u00eda al acusar de nuevo al PSOE de financiarse irregularmente - vof-news.eu","description":"El empresario y comisionista V\u00edctor de Aldama, investigado en varios sumarios, ha dejado claro este jueves en su declaraci\u00f3n como imputado en un millonario fraude con hidrocarburos, su voluntad de seguir colaborando con la Fiscal\u00eda Anticorrupci\u00f3n en la b\u00fasqueda de beneficios en las causas en las que est\u00e1 inmerso. Durante el interrogatorio, Aldama ha aludido a presuntas finanzas bajo sospecha del PSOE y de la Internacional Socialista, que ahora preside Pedro S\u00e1nchez. Pero no ha ofrecido m\u00e1s detalles bajo el pretexto de que es un asunto que tiene que seguir negociando \u201cdirectamente\u201d con la Fiscal\u00eda, coinciden fuentes jur\u00eddicas conocedoras del contenido de la declaraci\u00f3n.","robots":{"index":"noindex","follow":"follow","max-snippet":"max-snippet:-1","max-image-preview":"max-image-preview:large","max-video-preview":"max-video-preview:-1"},"og_locale":"es_ES","og_type":"article","og_title":"Aldama busca ampliar su pacto con la Fiscal\u00eda al acusar de nuevo al PSOE de financiarse irregularmente - vof-news.eu","og_description":"El empresario y comisionista V\u00edctor de Aldama, investigado en varios sumarios, ha dejado claro este jueves en su declaraci\u00f3n como imputado en un millonario fraude con hidrocarburos, su voluntad de seguir colaborando con la Fiscal\u00eda Anticorrupci\u00f3n en la b\u00fasqueda de beneficios en las causas en las que est\u00e1 inmerso. Durante el interrogatorio, Aldama ha aludido a presuntas finanzas bajo sospecha del PSOE y de la Internacional Socialista, que ahora preside Pedro S\u00e1nchez. Pero no ha ofrecido m\u00e1s detalles bajo el pretexto de que es un asunto que tiene que seguir negociando \u201cdirectamente\u201d con la Fiscal\u00eda, coinciden fuentes jur\u00eddicas conocedoras del contenido de la declaraci\u00f3n.","og_url":"https:\/\/vof-news.eu\/es\/aldama-busca-ampliar-su-pacto-con-la-fiscalia-al-acusar-de-nuevo-al-psoe-de-financiarse-irregularmente\/","og_site_name":"vof-news.eu","article_published_time":"2026-01-29T12:17:31+00:00","article_modified_time":"2026-01-29T12:18:12+00:00","og_image":[{"width":1200,"height":675,"url":"https:\/\/vof-news.eu\/wp-content\/uploads\/2026\/01\/8951ac7d-379d-4f04-9411-5b36369ba53a_16-9-discover-aspect-ratio_default_0.jpg","type":"image\/jpeg"}],"author":"Author","twitter_card":"summary_large_image","twitter_misc":{"Escrito por":"Author","Tiempo de lectura":"2 minutos"},"schema":{"@context":"https:\/\/schema.org","@graph":[{"@type":"WebPage","@id":"https:\/\/vof-news.eu\/es\/aldama-busca-ampliar-su-pacto-con-la-fiscalia-al-acusar-de-nuevo-al-psoe-de-financiarse-irregularmente\/","url":"https:\/\/vof-news.eu\/es\/aldama-busca-ampliar-su-pacto-con-la-fiscalia-al-acusar-de-nuevo-al-psoe-de-financiarse-irregularmente\/","name":"Aldama busca ampliar su pacto con la Fiscal\u00eda al acusar de nuevo al PSOE de financiarse irregularmente - vof-news.eu","isPartOf":{"@id":"https:\/\/vof-news.eu\/es\/#website"},"primaryImageOfPage":{"@id":"https:\/\/vof-news.eu\/es\/aldama-busca-ampliar-su-pacto-con-la-fiscalia-al-acusar-de-nuevo-al-psoe-de-financiarse-irregularmente\/#primaryimage"},"image":{"@id":"https:\/\/vof-news.eu\/es\/aldama-busca-ampliar-su-pacto-con-la-fiscalia-al-acusar-de-nuevo-al-psoe-de-financiarse-irregularmente\/#primaryimage"},"thumbnailUrl":"https:\/\/vof-news.eu\/wp-content\/uploads\/2026\/01\/8951ac7d-379d-4f04-9411-5b36369ba53a_16-9-discover-aspect-ratio_default_0.jpg","datePublished":"2026-01-29T12:17:31+00:00","dateModified":"2026-01-29T12:18:12+00:00","author":{"@id":"https:\/\/vof-news.eu\/es\/#\/schema\/person\/f6a2a4309f0561835797fd8c19b333ed"},"description":"El empresario y comisionista V\u00edctor de Aldama, investigado en varios sumarios, ha dejado claro este jueves en su declaraci\u00f3n como imputado en un millonario fraude con hidrocarburos, su voluntad de seguir colaborando con la Fiscal\u00eda Anticorrupci\u00f3n en la b\u00fasqueda de beneficios en las causas en las que est\u00e1 inmerso. Durante el interrogatorio, Aldama ha aludido a presuntas finanzas bajo sospecha del PSOE y de la Internacional Socialista, que ahora preside Pedro S\u00e1nchez. Pero no ha ofrecido m\u00e1s detalles bajo el pretexto de que es un asunto que tiene que seguir negociando \u201cdirectamente\u201d con la Fiscal\u00eda, coinciden fuentes jur\u00eddicas conocedoras del contenido de la declaraci\u00f3n.","breadcrumb":{"@id":"https:\/\/vof-news.eu\/es\/aldama-busca-ampliar-su-pacto-con-la-fiscalia-al-acusar-de-nuevo-al-psoe-de-financiarse-irregularmente\/#breadcrumb"},"inLanguage":"es","potentialAction":[{"@type":"ReadAction","target":["https:\/\/vof-news.eu\/es\/aldama-busca-ampliar-su-pacto-con-la-fiscalia-al-acusar-de-nuevo-al-psoe-de-financiarse-irregularmente\/"]}]},{"@type":"ImageObject","inLanguage":"es","@id":"https:\/\/vof-news.eu\/es\/aldama-busca-ampliar-su-pacto-con-la-fiscalia-al-acusar-de-nuevo-al-psoe-de-financiarse-irregularmente\/#primaryimage","url":"https:\/\/vof-news.eu\/wp-content\/uploads\/2026\/01\/8951ac7d-379d-4f04-9411-5b36369ba53a_16-9-discover-aspect-ratio_default_0.jpg","contentUrl":"https:\/\/vof-news.eu\/wp-content\/uploads\/2026\/01\/8951ac7d-379d-4f04-9411-5b36369ba53a_16-9-discover-aspect-ratio_default_0.jpg","width":1200,"height":675},{"@type":"BreadcrumbList","@id":"https:\/\/vof-news.eu\/es\/aldama-busca-ampliar-su-pacto-con-la-fiscalia-al-acusar-de-nuevo-al-psoe-de-financiarse-irregularmente\/#breadcrumb","itemListElement":[{"@type":"ListItem","position":1,"name":"Home","item":"https:\/\/vof-news.eu\/es\/"},{"@type":"ListItem","position":2,"name":"Aldama busca ampliar su pacto con la Fiscal\u00eda al acusar de nuevo al PSOE de financiarse irregularmente"}]},{"@type":"WebSite","@id":"https:\/\/vof-news.eu\/es\/#website","url":"https:\/\/vof-news.eu\/es\/","name":"vof-news.eu","description":"","potentialAction":[{"@type":"SearchAction","target":{"@type":"EntryPoint","urlTemplate":"https:\/\/vof-news.eu\/es\/?s={search_term_string}"},"query-input":"required name=search_term_string"}],"inLanguage":"es"},{"@type":"Person","@id":"https:\/\/vof-news.eu\/es\/#\/schema\/person\/f6a2a4309f0561835797fd8c19b333ed","name":"Author","image":{"@type":"ImageObject","inLanguage":"es","@id":"https:\/\/vof-news.eu\/es\/#\/schema\/person\/image\/","url":"https:\/\/secure.gravatar.com\/avatar\/b67e614b1b25b3e9c0c239efdd2fde5ab015b5affd6f1c3c85911ca4b384e790?s=96&d=mm&r=g","contentUrl":"https:\/\/secure.gravatar.com\/avatar\/b67e614b1b25b3e9c0c239efdd2fde5ab015b5affd6f1c3c85911ca4b384e790?s=96&d=mm&r=g","caption":"Author"},"sameAs":["http:\/\/vof-news.eu"],"url":"https:\/\/vof-news.eu\/es\/author\/zwt6qxnjulxbnyg\/"}]}},"yoast_meta":{"yoast_wpseo_title":"","yoast_wpseo_metadesc":"","yoast_wpseo_canonical":""},"_links":{"self":[{"href":"https:\/\/vof-news.eu\/es\/wp-json\/wp\/v2\/posts\/321534","targetHints":{"allow":["GET"]}}],"collection":[{"href":"https:\/\/vof-news.eu\/es\/wp-json\/wp\/v2\/posts"}],"about":[{"href":"https:\/\/vof-news.eu\/es\/wp-json\/wp\/v2\/types\/post"}],"author":[{"embeddable":true,"href":"https:\/\/vof-news.eu\/es\/wp-json\/wp\/v2\/users\/1"}],"replies":[{"embeddable":true,"href":"https:\/\/vof-news.eu\/es\/wp-json\/wp\/v2\/comments?post=321534"}],"version-history":[{"count":1,"href":"https:\/\/vof-news.eu\/es\/wp-json\/wp\/v2\/posts\/321534\/revisions"}],"predecessor-version":[{"id":321541,"href":"https:\/\/vof-news.eu\/es\/wp-json\/wp\/v2\/posts\/321534\/revisions\/321541"}],"wp:featuredmedia":[{"embeddable":true,"href":"https:\/\/vof-news.eu\/es\/wp-json\/wp\/v2\/media\/321535"}],"wp:attachment":[{"href":"https:\/\/vof-news.eu\/es\/wp-json\/wp\/v2\/media?parent=321534"}],"wp:term":[{"taxonomy":"category","embeddable":true,"href":"https:\/\/vof-news.eu\/es\/wp-json\/wp\/v2\/categories?post=321534"},{"taxonomy":"post_tag","embeddable":true,"href":"https:\/\/vof-news.eu\/es\/wp-json\/wp\/v2\/tags?post=321534"}],"curies":[{"name":"wp","href":"https:\/\/api.w.org\/{rel}","templated":true}]}}