{"id":321488,"date":"2026-01-29T13:21:00","date_gmt":"2026-01-29T10:21:00","guid":{"rendered":"https:\/\/vof-news.eu\/tesla-paga-el-salto-a-la-politica-de-elon-musk-con-un-2025-negro-y-la-primera-caida-de-ventas-de-su-historia\/"},"modified":"2026-01-29T13:23:05","modified_gmt":"2026-01-29T10:23:05","slug":"tesla-paga-el-salto-a-la-politica-de-elon-musk-con-un-2025-negro-y-la-primera-caida-de-ventas-de-su-historia","status":"publish","type":"post","link":"https:\/\/vof-news.eu\/es\/tesla-paga-el-salto-a-la-politica-de-elon-musk-con-un-2025-negro-y-la-primera-caida-de-ventas-de-su-historia\/","title":{"rendered":"Tesla paga el salto a la pol\u00edtica de Elon Musk con un 2025 negro y la primera ca\u00edda de ventas de su historia"},"content":{"rendered":"<div>\n<p>\n        El a\u00f1o en el que Elon Musk entr\u00f3 en el Gobierno de EEUU como \u201cempleado especial\u201d fue tambi\u00e9n uno de los peores, si no el m\u00e1s negro, de la trayectoria de Tesla. Los beneficios netos del fabricante de veh\u00edculos el\u00e9ctricos se desplomaron un 46% en 2025, con una ca\u00edda del 10% en los ingresos provenientes de la venta de autom\u00f3viles, que hasta ahora era su principal l\u00ednea de negocio.\n    <\/p>\n<p>\n        Durante la presentaci\u00f3n de resultados a los analistas, el magnate ha fiado el futuro de la compa\u00f1\u00eda al androide Optimus, del que ha reconocido que todav\u00eda no est\u00e1 desempe\u00f1ando ninguna labor en la empresa <a href=\"https:\/\/www.eldiario.es\/spin\/sueno-marciano-robotico-elon-musk-tropieza-realidad-humnoides-no-trabajar-supervision-humana-pm_1_12667564.html\" rel=\"nofollow\">tras su presentaci\u00f3n hace un a\u00f1o<\/a>.\n    <\/p>\n<p>\n        De esta forma, el beneficio neto de Tesla se qued\u00f3 en 2025 en 3.794 millones de d\u00f3lares (casi 3.100 millones de euros). Unas cifras que la alejan definitivamente de los resultados de todo el resto de grandes tecnol\u00f3gicas estadounidenses con las que comparte el grupo conocido en los parqu\u00e9s burs\u00e1tiles como <a href=\"https:\/\/www.eldiario.es\/tecnologia\/siete-magnificas-vez-lejos-europa-no-capaz-formar-gigantes-tecnologicos_1_12616010.html\" rel=\"nofollow\"><\/a>. Google, Amazon, Apple, Meta, Microsoft y Nvidia siguen caracteriz\u00e1ndose por beneficios r\u00e9cord pese a las masivas inversiones de algunas de ellas en inteligencia artificial.\n    <\/p>\n<p>\n        En comparaci\u00f3n, Meta y Microsoft, las primeras junto con Tesla en presentar sus resultados anuales, se apuntaron beneficios de <a href=\"https:\/\/www.eldiario.es\/tecnologia\/microsoft-sigue-disparando-beneficios-meta-resiente-plan-fiscal-trump_1_12945370.html\" rel=\"nofollow\">m\u00e1s de 60.000 y m\u00e1s de 66.000<\/a> millones de d\u00f3lares, respectivamente.\n    <\/p>\n<h2>Las principales l\u00edneas de negocio caen<\/h2>\n<p>\n        La venta de sistemas de almacenamiento de energ\u00eda, servicios y otras fuentes, otra de las principales v\u00edas de negocio de Tesla, tambi\u00e9n cay\u00f3 un 3% el a\u00f1o pasado. En total, esta le report\u00f3 unos 79.100 millones de euros, mientras que con la distribuci\u00f3n de veh\u00edculos lleg\u00f3 a los 58.000 millones de euros.\n    <\/p>\n<p>\n        Los n\u00fameros rojos se extienden por todos los indicadores de la compa\u00f1\u00eda. Su beneficio operativo (lo que una empresa gana con su actividad principal antes de impuestos y pago de intereses) se redujo un 38%, hasta los 3.500 millones de euros. Mientras, el resultado bruto de explotaci\u00f3n (lo que gana antes de intereses, impuestos, amortizaciones y depreciaciones) se un 9%. Su margen de beneficio cay\u00f3 un punto hasta el 15,4%, frente al 16,4% de 2024.\n    <\/p>\n<p>\n        Tesla ya arrastraba ca\u00eddas <a href=\"https:\/\/www.eldiario.es\/tecnologia\/beneficios-tesla-siguen-desplomandose-40-elon-musk-habla-nuevo-androide_1_12707267.html\" rel=\"nofollow\">trimestre tras trimestre<\/a> pero el \u00faltimo de 2025 fue especialmente negro. Elon Musk, que se sali\u00f3 del Gobierno de EEUU en mayo <a href=\"https:\/\/www.eldiario.es\/tecnologia\/elon-musk-vuelve-escena-choque-trump-historica-donacion-candidato-maga_1_12921047.html\" rel=\"nofollow\">para intentar enderezar los malos resultados<\/a>, no ha logrado finalmente dar un volantazo en la compa\u00f1\u00eda. As\u00ed, la ca\u00edda del beneficio neto fue de hasta un 61% respecto al 2024. En el mismo periodo, sus ingresos por la venta de autom\u00f3viles descendieron un 11%, hasta 14.600 millones de euros.\n    <\/p>\n<h2>Fin de la fabricaci\u00f3n de los modelos S y X<\/h2>\n<p>\n        El 2025 de Tesla se caracteriz\u00f3 por una ca\u00edda acusada en su negocio de autom\u00f3viles. Las ventas se redujeron un 9%, lo que supone la primera ca\u00edda anual de ventas de su historia. La producci\u00f3n tambi\u00e9n se redujo un 7%. En total, vendi\u00f3 1,6 millones de unidades, una cifra algo superior a las que salieron de sus factor\u00edas.\n    <\/p>\n<p>\n        La inmensa mayor\u00eda del total producido fueron lo ocuparon el Model 3 y el Model Y. Sin embargo, el resto de su cat\u00e1logo junto, como la camioneta <a href=\"https:\/\/www.eldiario.es\/tecnologia\/tesla-vende-cybertruck-elon-musk-empezado-comprarlos-empresas_1_12702423.html\" rel=\"nofollow\">Cybertruck<\/a>, el cami\u00f3n Semi o los Model X y Model S, apenas sumaron 53.000 unidades en total.\n    <\/p>\n<p>\n        Durante la presentaci\u00f3n de los resultados, Musk ha anunciado que Tesla dejar\u00e1 de producir los Model X y Model S en el primer trimestre de 2026. \u201cEs el momento de poner punto final a los programas de Model S y Model X de forma honorable. Porque estamos movi\u00e9ndonos hacia una futuro basado en la autonom\u00eda\u201d, ha explicado. Con todo, no dejar\u00e1 caer su gran apuesta, el Cybertruck, que incluso ha empezado a comprar con sus otras empresas, como SpaceX, <a href=\"https:\/\/www.eldiario.es\/tecnologia\/tesla-vende-cybertruck-elon-musk-empezado-comprarlos-empresas_1_12702423.html\" rel=\"nofollow\">para intentar darle salida<\/a>.\n    <\/p>\n<p>\n        Musk ha a\u00f1adido que la planta de Fremont donde se producen los modelos X y S ser\u00e1 utilizada para producir el robot Optimus, del que ha dicho ser\u00e1 capaz de contribuir de forma significativa al Producto Interior Bruto (PIB) de Estados Unidos.\n    <\/p>\n<p>\n        De hecho y seg\u00fan recoge la agencia EFE, Musk ha afirmado que la combinaci\u00f3n de inteligencia artificial y rob\u00f3tica crear\u00e1 \u201cuna incre\u00edble era de abundancia\u201d, un futuro de \u201cingresos universales elevados\u201d en el que todo el mundo podr\u00e1 tener todo lo que quiera, a la vez que el medio ambiente \u201ces fenomenal\u201d. \u201cEstoy abierto a otras ideas, pero suena como el mejor futuro que uno podr\u00eda imaginar\u201d, ha a\u00f1adido el empresario conocido por realizar predicciones que no se cumplen.\n    <\/p>\n<h2>El futuro es el robot Optimus, que de momento no hace nada<\/h2>\n<p>\n        A pesar de las elevadas expectativas que Musk ha puesto en el robot Optimus, tambi\u00e9n reconoci\u00f3 que las unidades que est\u00e1n operativas en las plantas de Tesla <a href=\"https:\/\/www.eldiario.es\/spin\/nueva-idea-disparatada-elon-musk-liberar-presos-asignarles-robots-le-vigile-partes-pm_1_12773714.html\" rel=\"nofollow\">no realizan ninguna labor significativa<\/a> y que est\u00e1n simplemente \u201caprendiendo\u201d.\n    <\/p>\n<p>\n        La compa\u00f1\u00eda tambi\u00e9n indic\u00f3 que prev\u00e9 aumentar la producci\u00f3n del cami\u00f3n Semi y lanzar el <a href=\"https:\/\/www.eldiario.es\/tecnologia\/elon-musk-presenta-robotaxi-tesla-espera-fabricar-2027_1_11725105.html\" rel=\"nofollow\">Cybercab (su taxi aut\u00f3nomo)<\/a> en la primera mitad de 2026. Tesla tambi\u00e9n confirm\u00f3 que est\u00e1 preparando el inicio de la producci\u00f3n del nuevo Roadster, su deportivo biplaza, para este mismo a\u00f1o. Por otro lado,tambi\u00e9n ha anunciado que el 16 de enero lleg\u00f3 a un acuerdo para invertir 2.000 millones de d\u00f3lares en xAI, la empresa de inteligencia artificial fundada por Musk.\n    <\/p>\n<p>\n        El empresario advirti\u00f3 que en 2026 Tesla realizar\u00e1 fuertes inversiones de hasta 20.000 millones de d\u00f3lares para la puesta en marcha de seis nuevas plantas de producci\u00f3n y el aumento de la producci\u00f3n de Optimus.\n    <\/p>\n<p>\n        De cara al medio plazo, Musk ha afirmado que es \u201cexistencial\u201d que Tesla produzca sus propios <a href=\"https:\/\/www.eldiario.es\/temas\/chips\/\" rel=\"nofollow\">chips de inteligencia artificial<\/a> (IA) y memoria. \u201cNecesitamos tener m\u00e1s capacidad de fabricaci\u00f3n en EEUU en caso de que los chips no lleguen por cualquiera que sea la raz\u00f3n. Es existencial para Tesla porque Optimus es in\u00fatil sin un chip de IA\u201d, ha se\u00f1alado.\n    <\/p>\n<p>\n        Por \u00faltimo, ha terminado se\u00f1alando que muchas compa\u00f1\u00edas est\u00e1n minimizando los riesgos geopol\u00edticos. \u201cYo soy m\u00e1s paranoide\u201d, declar\u00f3 para a\u00f1adir a continuaci\u00f3n que \u201cvamos a ser paranoides y asegurarnos de que podemos seguir fabricando bater\u00edas y robots y chips de IA sin importar lo que pase\u201d.\u00a0\n    <\/p>\n<\/div>\n","protected":false},"excerpt":{"rendered":"<p>El a\u00f1o en el que Elon Musk entr\u00f3 en el Gobierno de EEUU como \u201cempleado especial\u201d fue tambi\u00e9n uno de los peores, si no el m\u00e1s negro, de la trayectoria de Tesla. Los beneficios netos del fabricante de veh\u00edculos el\u00e9ctricos se desplomaron un 46% en 2025, con una ca\u00edda del 10% en los ingresos provenientes<\/p>\n","protected":false},"author":1,"featured_media":321489,"comment_status":"open","ping_status":"open","sticky":false,"template":"","format":"standard","meta":{"footnotes":""},"categories":[61],"tags":[],"class_list":["post-321488","post","type-post","status-publish","format-standard","has-post-thumbnail","hentry","category-business-es"],"acf":[],"yoast_head":"<!-- This site is optimized with the Yoast SEO plugin v22.9 - https:\/\/yoast.com\/wordpress\/plugins\/seo\/ -->\n<title>Tesla paga el salto a la pol\u00edtica de Elon Musk con un 2025 negro y la primera ca\u00edda de ventas de su historia - vof-news.eu<\/title>\n<meta name=\"description\" content=\"El a\u00f1o en el que Elon Musk entr\u00f3 en el Gobierno de EEUU como \u201cempleado especial\u201d fue tambi\u00e9n uno de los peores, si no el m\u00e1s negro, de la trayectoria de Tesla. Los beneficios netos del fabricante de veh\u00edculos el\u00e9ctricos se desplomaron un 46% en 2025, con una ca\u00edda del 10% en los ingresos provenientes de la venta de autom\u00f3viles, que hasta ahora era su principal l\u00ednea de negocio.\" \/>\n<meta name=\"robots\" content=\"noindex, follow, max-snippet:-1, max-image-preview:large, max-video-preview:-1\" \/>\n<meta property=\"og:locale\" content=\"es_ES\" \/>\n<meta property=\"og:type\" content=\"article\" \/>\n<meta property=\"og:title\" content=\"Tesla paga el salto a la pol\u00edtica de Elon Musk con un 2025 negro y la primera ca\u00edda de ventas de su historia - vof-news.eu\" \/>\n<meta property=\"og:description\" content=\"El a\u00f1o en el que Elon Musk entr\u00f3 en el Gobierno de EEUU como \u201cempleado especial\u201d fue tambi\u00e9n uno de los peores, si no el m\u00e1s negro, de la trayectoria de Tesla. Los beneficios netos del fabricante de veh\u00edculos el\u00e9ctricos se desplomaron un 46% en 2025, con una ca\u00edda del 10% en los ingresos provenientes de la venta de autom\u00f3viles, que hasta ahora era su principal l\u00ednea de negocio.\" \/>\n<meta property=\"og:url\" content=\"https:\/\/vof-news.eu\/es\/tesla-paga-el-salto-a-la-politica-de-elon-musk-con-un-2025-negro-y-la-primera-caida-de-ventas-de-su-historia\/\" \/>\n<meta property=\"og:site_name\" content=\"vof-news.eu\" \/>\n<meta property=\"article:published_time\" content=\"2026-01-29T10:21:00+00:00\" \/>\n<meta property=\"article:modified_time\" content=\"2026-01-29T10:23:05+00:00\" \/>\n<meta property=\"og:image\" content=\"https:\/\/vof-news.eu\/wp-content\/uploads\/2026\/01\/1655f3f5-bccd-4d04-8c87-de3b5b9d520a_16-9-discover-aspect-ratio_default_0.jpg\" \/>\n\t<meta property=\"og:image:width\" content=\"1200\" \/>\n\t<meta property=\"og:image:height\" content=\"675\" \/>\n\t<meta property=\"og:image:type\" content=\"image\/jpeg\" \/>\n<meta name=\"author\" content=\"Author\" \/>\n<meta name=\"twitter:card\" content=\"summary_large_image\" \/>\n<meta name=\"twitter:label1\" content=\"Escrito por\" \/>\n\t<meta name=\"twitter:data1\" content=\"Author\" \/>\n\t<meta name=\"twitter:label2\" content=\"Tiempo de lectura\" \/>\n\t<meta name=\"twitter:data2\" content=\"5 minutos\" \/>\n<script type=\"application\/ld+json\" class=\"yoast-schema-graph\">{\"@context\":\"https:\/\/schema.org\",\"@graph\":[{\"@type\":\"WebPage\",\"@id\":\"https:\/\/vof-news.eu\/es\/tesla-paga-el-salto-a-la-politica-de-elon-musk-con-un-2025-negro-y-la-primera-caida-de-ventas-de-su-historia\/\",\"url\":\"https:\/\/vof-news.eu\/es\/tesla-paga-el-salto-a-la-politica-de-elon-musk-con-un-2025-negro-y-la-primera-caida-de-ventas-de-su-historia\/\",\"name\":\"Tesla paga el salto a la pol\u00edtica de Elon Musk con un 2025 negro y la primera ca\u00edda de ventas de su historia - vof-news.eu\",\"isPartOf\":{\"@id\":\"https:\/\/vof-news.eu\/es\/#website\"},\"primaryImageOfPage\":{\"@id\":\"https:\/\/vof-news.eu\/es\/tesla-paga-el-salto-a-la-politica-de-elon-musk-con-un-2025-negro-y-la-primera-caida-de-ventas-de-su-historia\/#primaryimage\"},\"image\":{\"@id\":\"https:\/\/vof-news.eu\/es\/tesla-paga-el-salto-a-la-politica-de-elon-musk-con-un-2025-negro-y-la-primera-caida-de-ventas-de-su-historia\/#primaryimage\"},\"thumbnailUrl\":\"https:\/\/vof-news.eu\/wp-content\/uploads\/2026\/01\/1655f3f5-bccd-4d04-8c87-de3b5b9d520a_16-9-discover-aspect-ratio_default_0.jpg\",\"datePublished\":\"2026-01-29T10:21:00+00:00\",\"dateModified\":\"2026-01-29T10:23:05+00:00\",\"author\":{\"@id\":\"https:\/\/vof-news.eu\/es\/#\/schema\/person\/f6a2a4309f0561835797fd8c19b333ed\"},\"description\":\"El a\u00f1o en el que Elon Musk entr\u00f3 en el Gobierno de EEUU como \u201cempleado especial\u201d fue tambi\u00e9n uno de los peores, si no el m\u00e1s negro, de la trayectoria de Tesla. Los beneficios netos del fabricante de veh\u00edculos el\u00e9ctricos se desplomaron un 46% en 2025, con una ca\u00edda del 10% en los ingresos provenientes de la venta de autom\u00f3viles, que hasta ahora era su principal l\u00ednea de negocio.\",\"breadcrumb\":{\"@id\":\"https:\/\/vof-news.eu\/es\/tesla-paga-el-salto-a-la-politica-de-elon-musk-con-un-2025-negro-y-la-primera-caida-de-ventas-de-su-historia\/#breadcrumb\"},\"inLanguage\":\"es\",\"potentialAction\":[{\"@type\":\"ReadAction\",\"target\":[\"https:\/\/vof-news.eu\/es\/tesla-paga-el-salto-a-la-politica-de-elon-musk-con-un-2025-negro-y-la-primera-caida-de-ventas-de-su-historia\/\"]}]},{\"@type\":\"ImageObject\",\"inLanguage\":\"es\",\"@id\":\"https:\/\/vof-news.eu\/es\/tesla-paga-el-salto-a-la-politica-de-elon-musk-con-un-2025-negro-y-la-primera-caida-de-ventas-de-su-historia\/#primaryimage\",\"url\":\"https:\/\/vof-news.eu\/wp-content\/uploads\/2026\/01\/1655f3f5-bccd-4d04-8c87-de3b5b9d520a_16-9-discover-aspect-ratio_default_0.jpg\",\"contentUrl\":\"https:\/\/vof-news.eu\/wp-content\/uploads\/2026\/01\/1655f3f5-bccd-4d04-8c87-de3b5b9d520a_16-9-discover-aspect-ratio_default_0.jpg\",\"width\":1200,\"height\":675},{\"@type\":\"BreadcrumbList\",\"@id\":\"https:\/\/vof-news.eu\/es\/tesla-paga-el-salto-a-la-politica-de-elon-musk-con-un-2025-negro-y-la-primera-caida-de-ventas-de-su-historia\/#breadcrumb\",\"itemListElement\":[{\"@type\":\"ListItem\",\"position\":1,\"name\":\"Home\",\"item\":\"https:\/\/vof-news.eu\/es\/\"},{\"@type\":\"ListItem\",\"position\":2,\"name\":\"Tesla paga el salto a la pol\u00edtica de Elon Musk con un 2025 negro y la primera ca\u00edda de ventas de su historia\"}]},{\"@type\":\"WebSite\",\"@id\":\"https:\/\/vof-news.eu\/es\/#website\",\"url\":\"https:\/\/vof-news.eu\/es\/\",\"name\":\"vof-news.eu\",\"description\":\"\",\"potentialAction\":[{\"@type\":\"SearchAction\",\"target\":{\"@type\":\"EntryPoint\",\"urlTemplate\":\"https:\/\/vof-news.eu\/es\/?s={search_term_string}\"},\"query-input\":\"required name=search_term_string\"}],\"inLanguage\":\"es\"},{\"@type\":\"Person\",\"@id\":\"https:\/\/vof-news.eu\/es\/#\/schema\/person\/f6a2a4309f0561835797fd8c19b333ed\",\"name\":\"Author\",\"image\":{\"@type\":\"ImageObject\",\"inLanguage\":\"es\",\"@id\":\"https:\/\/vof-news.eu\/es\/#\/schema\/person\/image\/\",\"url\":\"https:\/\/secure.gravatar.com\/avatar\/b67e614b1b25b3e9c0c239efdd2fde5ab015b5affd6f1c3c85911ca4b384e790?s=96&d=mm&r=g\",\"contentUrl\":\"https:\/\/secure.gravatar.com\/avatar\/b67e614b1b25b3e9c0c239efdd2fde5ab015b5affd6f1c3c85911ca4b384e790?s=96&d=mm&r=g\",\"caption\":\"Author\"},\"sameAs\":[\"http:\/\/vof-news.eu\"],\"url\":\"https:\/\/vof-news.eu\/es\/author\/zwt6qxnjulxbnyg\/\"}]}<\/script>\n<!-- \/ Yoast SEO plugin. -->","yoast_head_json":{"title":"Tesla paga el salto a la pol\u00edtica de Elon Musk con un 2025 negro y la primera ca\u00edda de ventas de su historia - vof-news.eu","description":"El a\u00f1o en el que Elon Musk entr\u00f3 en el Gobierno de EEUU como \u201cempleado especial\u201d fue tambi\u00e9n uno de los peores, si no el m\u00e1s negro, de la trayectoria de Tesla. Los beneficios netos del fabricante de veh\u00edculos el\u00e9ctricos se desplomaron un 46% en 2025, con una ca\u00edda del 10% en los ingresos provenientes de la venta de autom\u00f3viles, que hasta ahora era su principal l\u00ednea de negocio.","robots":{"index":"noindex","follow":"follow","max-snippet":"max-snippet:-1","max-image-preview":"max-image-preview:large","max-video-preview":"max-video-preview:-1"},"og_locale":"es_ES","og_type":"article","og_title":"Tesla paga el salto a la pol\u00edtica de Elon Musk con un 2025 negro y la primera ca\u00edda de ventas de su historia - vof-news.eu","og_description":"El a\u00f1o en el que Elon Musk entr\u00f3 en el Gobierno de EEUU como \u201cempleado especial\u201d fue tambi\u00e9n uno de los peores, si no el m\u00e1s negro, de la trayectoria de Tesla. Los beneficios netos del fabricante de veh\u00edculos el\u00e9ctricos se desplomaron un 46% en 2025, con una ca\u00edda del 10% en los ingresos provenientes de la venta de autom\u00f3viles, que hasta ahora era su principal l\u00ednea de negocio.","og_url":"https:\/\/vof-news.eu\/es\/tesla-paga-el-salto-a-la-politica-de-elon-musk-con-un-2025-negro-y-la-primera-caida-de-ventas-de-su-historia\/","og_site_name":"vof-news.eu","article_published_time":"2026-01-29T10:21:00+00:00","article_modified_time":"2026-01-29T10:23:05+00:00","og_image":[{"width":1200,"height":675,"url":"https:\/\/vof-news.eu\/wp-content\/uploads\/2026\/01\/1655f3f5-bccd-4d04-8c87-de3b5b9d520a_16-9-discover-aspect-ratio_default_0.jpg","type":"image\/jpeg"}],"author":"Author","twitter_card":"summary_large_image","twitter_misc":{"Escrito por":"Author","Tiempo de lectura":"5 minutos"},"schema":{"@context":"https:\/\/schema.org","@graph":[{"@type":"WebPage","@id":"https:\/\/vof-news.eu\/es\/tesla-paga-el-salto-a-la-politica-de-elon-musk-con-un-2025-negro-y-la-primera-caida-de-ventas-de-su-historia\/","url":"https:\/\/vof-news.eu\/es\/tesla-paga-el-salto-a-la-politica-de-elon-musk-con-un-2025-negro-y-la-primera-caida-de-ventas-de-su-historia\/","name":"Tesla paga el salto a la pol\u00edtica de Elon Musk con un 2025 negro y la primera ca\u00edda de ventas de su historia - vof-news.eu","isPartOf":{"@id":"https:\/\/vof-news.eu\/es\/#website"},"primaryImageOfPage":{"@id":"https:\/\/vof-news.eu\/es\/tesla-paga-el-salto-a-la-politica-de-elon-musk-con-un-2025-negro-y-la-primera-caida-de-ventas-de-su-historia\/#primaryimage"},"image":{"@id":"https:\/\/vof-news.eu\/es\/tesla-paga-el-salto-a-la-politica-de-elon-musk-con-un-2025-negro-y-la-primera-caida-de-ventas-de-su-historia\/#primaryimage"},"thumbnailUrl":"https:\/\/vof-news.eu\/wp-content\/uploads\/2026\/01\/1655f3f5-bccd-4d04-8c87-de3b5b9d520a_16-9-discover-aspect-ratio_default_0.jpg","datePublished":"2026-01-29T10:21:00+00:00","dateModified":"2026-01-29T10:23:05+00:00","author":{"@id":"https:\/\/vof-news.eu\/es\/#\/schema\/person\/f6a2a4309f0561835797fd8c19b333ed"},"description":"El a\u00f1o en el que Elon Musk entr\u00f3 en el Gobierno de EEUU como \u201cempleado especial\u201d fue tambi\u00e9n uno de los peores, si no el m\u00e1s negro, de la trayectoria de Tesla. Los beneficios netos del fabricante de veh\u00edculos el\u00e9ctricos se desplomaron un 46% en 2025, con una ca\u00edda del 10% en los ingresos provenientes de la venta de autom\u00f3viles, que hasta ahora era su principal l\u00ednea de negocio.","breadcrumb":{"@id":"https:\/\/vof-news.eu\/es\/tesla-paga-el-salto-a-la-politica-de-elon-musk-con-un-2025-negro-y-la-primera-caida-de-ventas-de-su-historia\/#breadcrumb"},"inLanguage":"es","potentialAction":[{"@type":"ReadAction","target":["https:\/\/vof-news.eu\/es\/tesla-paga-el-salto-a-la-politica-de-elon-musk-con-un-2025-negro-y-la-primera-caida-de-ventas-de-su-historia\/"]}]},{"@type":"ImageObject","inLanguage":"es","@id":"https:\/\/vof-news.eu\/es\/tesla-paga-el-salto-a-la-politica-de-elon-musk-con-un-2025-negro-y-la-primera-caida-de-ventas-de-su-historia\/#primaryimage","url":"https:\/\/vof-news.eu\/wp-content\/uploads\/2026\/01\/1655f3f5-bccd-4d04-8c87-de3b5b9d520a_16-9-discover-aspect-ratio_default_0.jpg","contentUrl":"https:\/\/vof-news.eu\/wp-content\/uploads\/2026\/01\/1655f3f5-bccd-4d04-8c87-de3b5b9d520a_16-9-discover-aspect-ratio_default_0.jpg","width":1200,"height":675},{"@type":"BreadcrumbList","@id":"https:\/\/vof-news.eu\/es\/tesla-paga-el-salto-a-la-politica-de-elon-musk-con-un-2025-negro-y-la-primera-caida-de-ventas-de-su-historia\/#breadcrumb","itemListElement":[{"@type":"ListItem","position":1,"name":"Home","item":"https:\/\/vof-news.eu\/es\/"},{"@type":"ListItem","position":2,"name":"Tesla paga el salto a la pol\u00edtica de Elon Musk con un 2025 negro y la primera ca\u00edda de ventas de su historia"}]},{"@type":"WebSite","@id":"https:\/\/vof-news.eu\/es\/#website","url":"https:\/\/vof-news.eu\/es\/","name":"vof-news.eu","description":"","potentialAction":[{"@type":"SearchAction","target":{"@type":"EntryPoint","urlTemplate":"https:\/\/vof-news.eu\/es\/?s={search_term_string}"},"query-input":"required name=search_term_string"}],"inLanguage":"es"},{"@type":"Person","@id":"https:\/\/vof-news.eu\/es\/#\/schema\/person\/f6a2a4309f0561835797fd8c19b333ed","name":"Author","image":{"@type":"ImageObject","inLanguage":"es","@id":"https:\/\/vof-news.eu\/es\/#\/schema\/person\/image\/","url":"https:\/\/secure.gravatar.com\/avatar\/b67e614b1b25b3e9c0c239efdd2fde5ab015b5affd6f1c3c85911ca4b384e790?s=96&d=mm&r=g","contentUrl":"https:\/\/secure.gravatar.com\/avatar\/b67e614b1b25b3e9c0c239efdd2fde5ab015b5affd6f1c3c85911ca4b384e790?s=96&d=mm&r=g","caption":"Author"},"sameAs":["http:\/\/vof-news.eu"],"url":"https:\/\/vof-news.eu\/es\/author\/zwt6qxnjulxbnyg\/"}]}},"yoast_meta":{"yoast_wpseo_title":"","yoast_wpseo_metadesc":"","yoast_wpseo_canonical":""},"_links":{"self":[{"href":"https:\/\/vof-news.eu\/es\/wp-json\/wp\/v2\/posts\/321488","targetHints":{"allow":["GET"]}}],"collection":[{"href":"https:\/\/vof-news.eu\/es\/wp-json\/wp\/v2\/posts"}],"about":[{"href":"https:\/\/vof-news.eu\/es\/wp-json\/wp\/v2\/types\/post"}],"author":[{"embeddable":true,"href":"https:\/\/vof-news.eu\/es\/wp-json\/wp\/v2\/users\/1"}],"replies":[{"embeddable":true,"href":"https:\/\/vof-news.eu\/es\/wp-json\/wp\/v2\/comments?post=321488"}],"version-history":[{"count":1,"href":"https:\/\/vof-news.eu\/es\/wp-json\/wp\/v2\/posts\/321488\/revisions"}],"predecessor-version":[{"id":321502,"href":"https:\/\/vof-news.eu\/es\/wp-json\/wp\/v2\/posts\/321488\/revisions\/321502"}],"wp:featuredmedia":[{"embeddable":true,"href":"https:\/\/vof-news.eu\/es\/wp-json\/wp\/v2\/media\/321489"}],"wp:attachment":[{"href":"https:\/\/vof-news.eu\/es\/wp-json\/wp\/v2\/media?parent=321488"}],"wp:term":[{"taxonomy":"category","embeddable":true,"href":"https:\/\/vof-news.eu\/es\/wp-json\/wp\/v2\/categories?post=321488"},{"taxonomy":"post_tag","embeddable":true,"href":"https:\/\/vof-news.eu\/es\/wp-json\/wp\/v2\/tags?post=321488"}],"curies":[{"name":"wp","href":"https:\/\/api.w.org\/{rel}","templated":true}]}}