{"id":321472,"date":"2026-01-29T13:17:10","date_gmt":"2026-01-29T10:17:10","guid":{"rendered":"https:\/\/vof-news.eu\/el-pp-usa-el-senado-contra-alegria-y-cita-a-salazar-en-plena-campana-de-aragon\/"},"modified":"2026-01-29T13:17:53","modified_gmt":"2026-01-29T10:17:53","slug":"el-pp-usa-el-senado-contra-alegria-y-cita-a-salazar-en-plena-campana-de-aragon","status":"publish","type":"post","link":"https:\/\/vof-news.eu\/es\/el-pp-usa-el-senado-contra-alegria-y-cita-a-salazar-en-plena-campana-de-aragon\/","title":{"rendered":"El PP usa el Senado contra Alegr\u00eda y cita a Salazar en plena campa\u00f1a de Arag\u00f3n"},"content":{"rendered":"<div>\n<p>\n        El PP vuelve a <a href=\"https:\/\/www.eldiario.es\/politica\/pp-utiliza-comision-senado-cajon-sastre-gobierno_1_12722814.html\" rel=\"nofollow\">instrumentalizar el Senado<\/a> gracias a su mayor\u00eda absoluta y citar\u00e1 el pr\u00f3ximo 5 de febrero a Paco Salazar en la comisi\u00f3n de investigaci\u00f3n del &#8216;caso Koldo&#8217;. La comparecencia se producir\u00e1 as\u00ed a tres d\u00edas de las elecciones de Arag\u00f3n con el objetivo declarado de lanzar contra la candidata del PSOE, Pilar Alegr\u00eda, la reuni\u00f3n que mantuvo con Salazar despu\u00e9s de ser acusado de acoso y cesado como asesor de Pedro S\u00e1nchez en la Moncloa.\n    <\/p>\n<p>\n        El PP en el Senado ha comunicado este jueces que \u201cSalazar est\u00e1 citado para que rinda cuentas por su papel en la trama corrupta del &#8216;sanchismo&#8217;, ya que era uno m\u00e1s del &#8216;clan del Peugeot&#8217; y est\u00e1 bajo sospecha por haber podido cobrar en efectivo del PSOE\u201d. En un mensaje remitido a los periodistas, el PP sostiene que \u201cel &#8216;sanchismo&#8217; es machismo, corrupci\u00f3n, encubrimiento de delitos, tr\u00e1fico de influencias y abuso de poder. Y uno de los m\u00e1ximos exponentes de ello es Paco Salazar\u201d.\n    <\/p>\n<p>\n        \u201cCuando la gestora del PSOE pidi\u00f3 explicaciones por la financiaci\u00f3n de sus primarias, S\u00e1nchez les remiti\u00f3 a Cerd\u00e1n, Salazar o Perell\u00f3. Todos ellos muy feministas, muy socialistas y muy implicados en la corrupci\u00f3n\u201d, apunta el PP.\n    <\/p>\n<p>\n        Esta es la breve referencia del PP al asunto de la comisi\u00f3n de investigaci\u00f3n. El comunicado del partido de Alberto N\u00fa\u00f1ez Feij\u00f3o apunta despu\u00e9s directamente contra su objetivo real, Pilar Alegr\u00eda. \u201cPaco Salazar era uno de los hombres de S\u00e1nchez y, como [Jos\u00e9 Luis] \u00c1balos, su situaci\u00f3n privilegiada para tener comportamientos intolerables con mujeres de su entorno profesional para que le mostraran el escote, hacer gestos obscenos, incluso simular felaciones, tal y como han se\u00f1alado las denunciantes\u201d, asegura el PP.\n    <\/p>\n<p>\n<a href=\"https:\/\/www.eldiario.es\/politica\/mujeres-psoe-acusan-paco-salazar-comportamientos-inadecuados-jefe_1_12440558.html\" rel=\"nofollow\">elDiario.es desvel\u00f3 en 2025<\/a> que varias trabajadoras de Moncloa y la sede federal del PSOE hab\u00edan denunciado internamente a Salazar por supuestos comportamientos inapropiados que podr\u00edan ser considerados como acoso sexual. <a href=\"https:\/\/www.eldiario.es\/politica\/psoe-cortocircuita-investigacion-francisco-salazar-desaparicion-denuncias-acoso-sexual_1_12804317.html\" rel=\"nofollow\">Las denuncias fueron deso\u00eddas<\/a>, pero recobraron fuerza cuando Salazar fue propuesto por S\u00e1nchez para cargos relevantes en el PSOE tras el cese de Santos Cerd\u00e1n.\n    <\/p>\n<p>\n        \u201cEl miedo a lo que pudiera contar de S\u00e1nchez y los suyos, llev\u00f3 a que este comportamiento fuera amparado y encubierto por Moncloa y Ferraz\u201d, apunta el PP, quien introduce en el relato a la candidata del PSOE en Arag\u00f3n: \u201cY aqu\u00ed emerge la figura de Pilar Alegr\u00eda como pieza fundamental. La persona que call\u00f3 y ocult\u00f3 la juerga de \u00c1balos en el Parador de Teruel con prostitutas en medio de la pandemia tambi\u00e9n comi\u00f3 con el presunto acosador sexual cuando ya eran p\u00fablicas las denuncias\u201d.\n    <\/p>\n<p>\n        \u201cPaco Salazar podr\u00e1 contar en la Comisi\u00f3n, adem\u00e1s de los chanchullos del &#8216;sanchismo&#8217;, si comparte visi\u00f3n del feminismo con Pilar Alegr\u00eda y c\u00f3mo la exministra intent\u00f3 ayudarle cuando el esc\u00e1ndalo de acoso sexual sali\u00f3 a la luz\u201d, a\u00f1ade el PP, en referencia a una fotograf\u00eda de Alegr\u00eda y Salazar <a href=\"https:\/\/www.eldiario.es\/politica\/pilar-alegria-dice-error-reunirse-paco-salazar-cese-denuncias-acoso_1_12830642.html\" rel=\"nofollow\">comiendo juntos tras la destituci\u00f3n de este<\/a>. \u201c\u00bfQu\u00e9 convers\u00f3 con Pilar Alegr\u00eda, qui\u00e9n solicit\u00f3 esa comida a qui\u00e9n, cu\u00e1ndo y donde ha habido otras reuniones entre Salazar y Alegr\u00eda, si lo pidi\u00f3 S\u00e1nchez o le report\u00f3 al presidente? Son preguntas que se hacen los espa\u00f1oles y que Paco Salazar podr\u00eda aprovechar su comparecencia en la Comisi\u00f3n Koldo para responder\u201d, zanja el PP.\n    <\/p>\n<p>\n        Por si quedaban dudas de las intenciones, el comunicado es claro: \u201cLos aragoneses tiene derecho a conocer la verdad de este esc\u00e1ndalo antes de ir a votar\u201d\n    <\/p>\n<h2>Tambi\u00e9n Susana Sumelzo<\/h2>\n<p>\n        El PP teme que ocurra en las elecciones de Arag\u00f3n del 8 de febrero como en Extremadura el pasado 20 de diciembre: que su candidato, Jorge Azc\u00f3n, gane, pero no pueda gobernar sin el apoyo de la extrema derecha de Vox. Y ese fue el motivo de la convocatoria: desembarazarse de Santiago Abascal y los suyos.\n    <\/p>\n<p>\n        Por eso los de Feij\u00f3o han citado tambi\u00e9n en la misma comisi\u00f3n de investigaci\u00f3n a la secretaria de Estado para Iberoam\u00e9rica y el Caribe y el Espa\u00f1ol en el Mundo, Susana Sumelzo, tambi\u00e9n aragonesa. Seg\u00fan el partido de Feij\u00f3o, \u201cotro esc\u00e1ndalo que ha golpeado de lleno la sociedad espa\u00f1ola, especialmente la aragonesa, es el de las ayudas del Ministerio de Transici\u00f3n Ecol\u00f3gica a Forestalia, <a href=\"https:\/\/www.eldiario.es\/aragon\/politica\/investigacion-forestalia-uco-reaviva-denuncias-permisos-macroproyecto-eolico-maestrazgo_1_12847557.html\" rel=\"nofollow\">una de las empresas registradas por la UCO<\/a> en busca de contratos p\u00fablicos y expedientes irregulares en el llamado &#8216;caso SEPI\u201d.\n    <\/p>\n<p>\n        \u201cLa matriz de este gigante energ\u00e9tico tiene diferentes contratos de cuenta corriente con sociedades vinculadas o dependientes para recibir apoyo de financiaci\u00f3n necesaria para abordar sus planes y sufragar su operativa. Entre ellas, se encuentra Sumelzo SA., que act\u00faa como prestamista desde hace casi siete a\u00f1os\u201d, a\u00f1ade el PP sin explicar cu\u00e1l es la posible relaci\u00f3n de la secretaria de Estado con esa empresa, cuya facturaci\u00f3n en 2023 apenas super\u00f3 el mill\u00f3n de euros.\n    <\/p>\n<p>\n        \u201cSusana Sumelzo, aragonesa y actual secretaria de Estado con S\u00e1nchez, tendr\u00e1 que rendir cuentas el pr\u00f3ximo 6 de febrero. Inicialmente fue citada el d\u00eda 2, pero present\u00f3 motivos de agenda y ha vuelto a ser citada el pr\u00f3ximo d\u00eda 6\u201d, se\u00f1ala el PP. La cita coincidir\u00e1 as\u00ed con el cierre de la campa\u00f1a en Arag\u00f3n.\n    <\/p>\n<\/div>\n","protected":false},"excerpt":{"rendered":"<p>El PP vuelve a instrumentalizar el Senado gracias a su mayor\u00eda absoluta y citar\u00e1 el pr\u00f3ximo 5 de febrero a Paco Salazar en la comisi\u00f3n de investigaci\u00f3n del &#8216;caso Koldo&#8217;. La comparecencia se producir\u00e1 as\u00ed a tres d\u00edas de las elecciones de Arag\u00f3n con el objetivo declarado de lanzar contra la candidata del PSOE, Pilar<\/p>\n","protected":false},"author":1,"featured_media":321473,"comment_status":"open","ping_status":"open","sticky":false,"template":"","format":"standard","meta":{"footnotes":""},"categories":[71],"tags":[],"class_list":["post-321472","post","type-post","status-publish","format-standard","has-post-thumbnail","hentry","category-politics-es"],"acf":[],"yoast_head":"<!-- This site is optimized with the Yoast SEO plugin v22.9 - https:\/\/yoast.com\/wordpress\/plugins\/seo\/ -->\n<title>El PP usa el Senado contra Alegr\u00eda y cita a Salazar en plena campa\u00f1a de Arag\u00f3n - vof-news.eu<\/title>\n<meta name=\"description\" content=\"El PP vuelve a instrumentalizar el Senado gracias a su mayor\u00eda absoluta y citar\u00e1 el pr\u00f3ximo 5 de febrero a Paco Salazar en la comisi\u00f3n de investigaci\u00f3n del &#039;caso Koldo&#039;. La comparecencia se producir\u00e1 as\u00ed a tres d\u00edas de las elecciones de Arag\u00f3n con el objetivo declarado de lanzar contra la candidata del PSOE, Pilar Alegr\u00eda, la reuni\u00f3n que mantuvo con Salazar despu\u00e9s de ser acusado de acoso y cesado como asesor de Pedro S\u00e1nchez en la Moncloa.\" \/>\n<meta name=\"robots\" content=\"noindex, follow, max-snippet:-1, max-image-preview:large, max-video-preview:-1\" \/>\n<meta property=\"og:locale\" content=\"es_ES\" \/>\n<meta property=\"og:type\" content=\"article\" \/>\n<meta property=\"og:title\" content=\"El PP usa el Senado contra Alegr\u00eda y cita a Salazar en plena campa\u00f1a de Arag\u00f3n - vof-news.eu\" \/>\n<meta property=\"og:description\" content=\"El PP vuelve a instrumentalizar el Senado gracias a su mayor\u00eda absoluta y citar\u00e1 el pr\u00f3ximo 5 de febrero a Paco Salazar en la comisi\u00f3n de investigaci\u00f3n del &#039;caso Koldo&#039;. La comparecencia se producir\u00e1 as\u00ed a tres d\u00edas de las elecciones de Arag\u00f3n con el objetivo declarado de lanzar contra la candidata del PSOE, Pilar Alegr\u00eda, la reuni\u00f3n que mantuvo con Salazar despu\u00e9s de ser acusado de acoso y cesado como asesor de Pedro S\u00e1nchez en la Moncloa.\" \/>\n<meta property=\"og:url\" content=\"https:\/\/vof-news.eu\/es\/el-pp-usa-el-senado-contra-alegria-y-cita-a-salazar-en-plena-campana-de-aragon\/\" \/>\n<meta property=\"og:site_name\" content=\"vof-news.eu\" \/>\n<meta property=\"article:published_time\" content=\"2026-01-29T10:17:10+00:00\" \/>\n<meta property=\"article:modified_time\" content=\"2026-01-29T10:17:53+00:00\" \/>\n<meta property=\"og:image\" content=\"https:\/\/vof-news.eu\/wp-content\/uploads\/2026\/01\/ea3e604d-aa3b-4f9e-b27d-787c0c3d9e7b_16-9-discover-aspect-ratio_default_1135301.jpg\" \/>\n\t<meta property=\"og:image:width\" content=\"1200\" \/>\n\t<meta property=\"og:image:height\" content=\"675\" \/>\n\t<meta property=\"og:image:type\" content=\"image\/jpeg\" \/>\n<meta name=\"author\" content=\"Author\" \/>\n<meta name=\"twitter:card\" content=\"summary_large_image\" \/>\n<meta name=\"twitter:label1\" content=\"Escrito por\" \/>\n\t<meta name=\"twitter:data1\" content=\"Author\" \/>\n\t<meta name=\"twitter:label2\" content=\"Tiempo de lectura\" \/>\n\t<meta name=\"twitter:data2\" content=\"5 minutos\" \/>\n<script type=\"application\/ld+json\" class=\"yoast-schema-graph\">{\"@context\":\"https:\/\/schema.org\",\"@graph\":[{\"@type\":\"WebPage\",\"@id\":\"https:\/\/vof-news.eu\/es\/el-pp-usa-el-senado-contra-alegria-y-cita-a-salazar-en-plena-campana-de-aragon\/\",\"url\":\"https:\/\/vof-news.eu\/es\/el-pp-usa-el-senado-contra-alegria-y-cita-a-salazar-en-plena-campana-de-aragon\/\",\"name\":\"El PP usa el Senado contra Alegr\u00eda y cita a Salazar en plena campa\u00f1a de Arag\u00f3n - vof-news.eu\",\"isPartOf\":{\"@id\":\"https:\/\/vof-news.eu\/es\/#website\"},\"primaryImageOfPage\":{\"@id\":\"https:\/\/vof-news.eu\/es\/el-pp-usa-el-senado-contra-alegria-y-cita-a-salazar-en-plena-campana-de-aragon\/#primaryimage\"},\"image\":{\"@id\":\"https:\/\/vof-news.eu\/es\/el-pp-usa-el-senado-contra-alegria-y-cita-a-salazar-en-plena-campana-de-aragon\/#primaryimage\"},\"thumbnailUrl\":\"https:\/\/vof-news.eu\/wp-content\/uploads\/2026\/01\/ea3e604d-aa3b-4f9e-b27d-787c0c3d9e7b_16-9-discover-aspect-ratio_default_1135301.jpg\",\"datePublished\":\"2026-01-29T10:17:10+00:00\",\"dateModified\":\"2026-01-29T10:17:53+00:00\",\"author\":{\"@id\":\"https:\/\/vof-news.eu\/es\/#\/schema\/person\/f6a2a4309f0561835797fd8c19b333ed\"},\"description\":\"El PP vuelve a instrumentalizar el Senado gracias a su mayor\u00eda absoluta y citar\u00e1 el pr\u00f3ximo 5 de febrero a Paco Salazar en la comisi\u00f3n de investigaci\u00f3n del 'caso Koldo'. La comparecencia se producir\u00e1 as\u00ed a tres d\u00edas de las elecciones de Arag\u00f3n con el objetivo declarado de lanzar contra la candidata del PSOE, Pilar Alegr\u00eda, la reuni\u00f3n que mantuvo con Salazar despu\u00e9s de ser acusado de acoso y cesado como asesor de Pedro S\u00e1nchez en la Moncloa.\",\"breadcrumb\":{\"@id\":\"https:\/\/vof-news.eu\/es\/el-pp-usa-el-senado-contra-alegria-y-cita-a-salazar-en-plena-campana-de-aragon\/#breadcrumb\"},\"inLanguage\":\"es\",\"potentialAction\":[{\"@type\":\"ReadAction\",\"target\":[\"https:\/\/vof-news.eu\/es\/el-pp-usa-el-senado-contra-alegria-y-cita-a-salazar-en-plena-campana-de-aragon\/\"]}]},{\"@type\":\"ImageObject\",\"inLanguage\":\"es\",\"@id\":\"https:\/\/vof-news.eu\/es\/el-pp-usa-el-senado-contra-alegria-y-cita-a-salazar-en-plena-campana-de-aragon\/#primaryimage\",\"url\":\"https:\/\/vof-news.eu\/wp-content\/uploads\/2026\/01\/ea3e604d-aa3b-4f9e-b27d-787c0c3d9e7b_16-9-discover-aspect-ratio_default_1135301.jpg\",\"contentUrl\":\"https:\/\/vof-news.eu\/wp-content\/uploads\/2026\/01\/ea3e604d-aa3b-4f9e-b27d-787c0c3d9e7b_16-9-discover-aspect-ratio_default_1135301.jpg\",\"width\":1200,\"height\":675},{\"@type\":\"BreadcrumbList\",\"@id\":\"https:\/\/vof-news.eu\/es\/el-pp-usa-el-senado-contra-alegria-y-cita-a-salazar-en-plena-campana-de-aragon\/#breadcrumb\",\"itemListElement\":[{\"@type\":\"ListItem\",\"position\":1,\"name\":\"Home\",\"item\":\"https:\/\/vof-news.eu\/es\/\"},{\"@type\":\"ListItem\",\"position\":2,\"name\":\"El PP usa el Senado contra Alegr\u00eda y cita a Salazar en plena campa\u00f1a de Arag\u00f3n\"}]},{\"@type\":\"WebSite\",\"@id\":\"https:\/\/vof-news.eu\/es\/#website\",\"url\":\"https:\/\/vof-news.eu\/es\/\",\"name\":\"vof-news.eu\",\"description\":\"\",\"potentialAction\":[{\"@type\":\"SearchAction\",\"target\":{\"@type\":\"EntryPoint\",\"urlTemplate\":\"https:\/\/vof-news.eu\/es\/?s={search_term_string}\"},\"query-input\":\"required name=search_term_string\"}],\"inLanguage\":\"es\"},{\"@type\":\"Person\",\"@id\":\"https:\/\/vof-news.eu\/es\/#\/schema\/person\/f6a2a4309f0561835797fd8c19b333ed\",\"name\":\"Author\",\"image\":{\"@type\":\"ImageObject\",\"inLanguage\":\"es\",\"@id\":\"https:\/\/vof-news.eu\/es\/#\/schema\/person\/image\/\",\"url\":\"https:\/\/secure.gravatar.com\/avatar\/b67e614b1b25b3e9c0c239efdd2fde5ab015b5affd6f1c3c85911ca4b384e790?s=96&d=mm&r=g\",\"contentUrl\":\"https:\/\/secure.gravatar.com\/avatar\/b67e614b1b25b3e9c0c239efdd2fde5ab015b5affd6f1c3c85911ca4b384e790?s=96&d=mm&r=g\",\"caption\":\"Author\"},\"sameAs\":[\"http:\/\/vof-news.eu\"],\"url\":\"https:\/\/vof-news.eu\/es\/author\/zwt6qxnjulxbnyg\/\"}]}<\/script>\n<!-- \/ Yoast SEO plugin. -->","yoast_head_json":{"title":"El PP usa el Senado contra Alegr\u00eda y cita a Salazar en plena campa\u00f1a de Arag\u00f3n - vof-news.eu","description":"El PP vuelve a instrumentalizar el Senado gracias a su mayor\u00eda absoluta y citar\u00e1 el pr\u00f3ximo 5 de febrero a Paco Salazar en la comisi\u00f3n de investigaci\u00f3n del 'caso Koldo'. La comparecencia se producir\u00e1 as\u00ed a tres d\u00edas de las elecciones de Arag\u00f3n con el objetivo declarado de lanzar contra la candidata del PSOE, Pilar Alegr\u00eda, la reuni\u00f3n que mantuvo con Salazar despu\u00e9s de ser acusado de acoso y cesado como asesor de Pedro S\u00e1nchez en la Moncloa.","robots":{"index":"noindex","follow":"follow","max-snippet":"max-snippet:-1","max-image-preview":"max-image-preview:large","max-video-preview":"max-video-preview:-1"},"og_locale":"es_ES","og_type":"article","og_title":"El PP usa el Senado contra Alegr\u00eda y cita a Salazar en plena campa\u00f1a de Arag\u00f3n - vof-news.eu","og_description":"El PP vuelve a instrumentalizar el Senado gracias a su mayor\u00eda absoluta y citar\u00e1 el pr\u00f3ximo 5 de febrero a Paco Salazar en la comisi\u00f3n de investigaci\u00f3n del 'caso Koldo'. La comparecencia se producir\u00e1 as\u00ed a tres d\u00edas de las elecciones de Arag\u00f3n con el objetivo declarado de lanzar contra la candidata del PSOE, Pilar Alegr\u00eda, la reuni\u00f3n que mantuvo con Salazar despu\u00e9s de ser acusado de acoso y cesado como asesor de Pedro S\u00e1nchez en la Moncloa.","og_url":"https:\/\/vof-news.eu\/es\/el-pp-usa-el-senado-contra-alegria-y-cita-a-salazar-en-plena-campana-de-aragon\/","og_site_name":"vof-news.eu","article_published_time":"2026-01-29T10:17:10+00:00","article_modified_time":"2026-01-29T10:17:53+00:00","og_image":[{"width":1200,"height":675,"url":"https:\/\/vof-news.eu\/wp-content\/uploads\/2026\/01\/ea3e604d-aa3b-4f9e-b27d-787c0c3d9e7b_16-9-discover-aspect-ratio_default_1135301.jpg","type":"image\/jpeg"}],"author":"Author","twitter_card":"summary_large_image","twitter_misc":{"Escrito por":"Author","Tiempo de lectura":"5 minutos"},"schema":{"@context":"https:\/\/schema.org","@graph":[{"@type":"WebPage","@id":"https:\/\/vof-news.eu\/es\/el-pp-usa-el-senado-contra-alegria-y-cita-a-salazar-en-plena-campana-de-aragon\/","url":"https:\/\/vof-news.eu\/es\/el-pp-usa-el-senado-contra-alegria-y-cita-a-salazar-en-plena-campana-de-aragon\/","name":"El PP usa el Senado contra Alegr\u00eda y cita a Salazar en plena campa\u00f1a de Arag\u00f3n - vof-news.eu","isPartOf":{"@id":"https:\/\/vof-news.eu\/es\/#website"},"primaryImageOfPage":{"@id":"https:\/\/vof-news.eu\/es\/el-pp-usa-el-senado-contra-alegria-y-cita-a-salazar-en-plena-campana-de-aragon\/#primaryimage"},"image":{"@id":"https:\/\/vof-news.eu\/es\/el-pp-usa-el-senado-contra-alegria-y-cita-a-salazar-en-plena-campana-de-aragon\/#primaryimage"},"thumbnailUrl":"https:\/\/vof-news.eu\/wp-content\/uploads\/2026\/01\/ea3e604d-aa3b-4f9e-b27d-787c0c3d9e7b_16-9-discover-aspect-ratio_default_1135301.jpg","datePublished":"2026-01-29T10:17:10+00:00","dateModified":"2026-01-29T10:17:53+00:00","author":{"@id":"https:\/\/vof-news.eu\/es\/#\/schema\/person\/f6a2a4309f0561835797fd8c19b333ed"},"description":"El PP vuelve a instrumentalizar el Senado gracias a su mayor\u00eda absoluta y citar\u00e1 el pr\u00f3ximo 5 de febrero a Paco Salazar en la comisi\u00f3n de investigaci\u00f3n del 'caso Koldo'. La comparecencia se producir\u00e1 as\u00ed a tres d\u00edas de las elecciones de Arag\u00f3n con el objetivo declarado de lanzar contra la candidata del PSOE, Pilar Alegr\u00eda, la reuni\u00f3n que mantuvo con Salazar despu\u00e9s de ser acusado de acoso y cesado como asesor de Pedro S\u00e1nchez en la Moncloa.","breadcrumb":{"@id":"https:\/\/vof-news.eu\/es\/el-pp-usa-el-senado-contra-alegria-y-cita-a-salazar-en-plena-campana-de-aragon\/#breadcrumb"},"inLanguage":"es","potentialAction":[{"@type":"ReadAction","target":["https:\/\/vof-news.eu\/es\/el-pp-usa-el-senado-contra-alegria-y-cita-a-salazar-en-plena-campana-de-aragon\/"]}]},{"@type":"ImageObject","inLanguage":"es","@id":"https:\/\/vof-news.eu\/es\/el-pp-usa-el-senado-contra-alegria-y-cita-a-salazar-en-plena-campana-de-aragon\/#primaryimage","url":"https:\/\/vof-news.eu\/wp-content\/uploads\/2026\/01\/ea3e604d-aa3b-4f9e-b27d-787c0c3d9e7b_16-9-discover-aspect-ratio_default_1135301.jpg","contentUrl":"https:\/\/vof-news.eu\/wp-content\/uploads\/2026\/01\/ea3e604d-aa3b-4f9e-b27d-787c0c3d9e7b_16-9-discover-aspect-ratio_default_1135301.jpg","width":1200,"height":675},{"@type":"BreadcrumbList","@id":"https:\/\/vof-news.eu\/es\/el-pp-usa-el-senado-contra-alegria-y-cita-a-salazar-en-plena-campana-de-aragon\/#breadcrumb","itemListElement":[{"@type":"ListItem","position":1,"name":"Home","item":"https:\/\/vof-news.eu\/es\/"},{"@type":"ListItem","position":2,"name":"El PP usa el Senado contra Alegr\u00eda y cita a Salazar en plena campa\u00f1a de Arag\u00f3n"}]},{"@type":"WebSite","@id":"https:\/\/vof-news.eu\/es\/#website","url":"https:\/\/vof-news.eu\/es\/","name":"vof-news.eu","description":"","potentialAction":[{"@type":"SearchAction","target":{"@type":"EntryPoint","urlTemplate":"https:\/\/vof-news.eu\/es\/?s={search_term_string}"},"query-input":"required name=search_term_string"}],"inLanguage":"es"},{"@type":"Person","@id":"https:\/\/vof-news.eu\/es\/#\/schema\/person\/f6a2a4309f0561835797fd8c19b333ed","name":"Author","image":{"@type":"ImageObject","inLanguage":"es","@id":"https:\/\/vof-news.eu\/es\/#\/schema\/person\/image\/","url":"https:\/\/secure.gravatar.com\/avatar\/b67e614b1b25b3e9c0c239efdd2fde5ab015b5affd6f1c3c85911ca4b384e790?s=96&d=mm&r=g","contentUrl":"https:\/\/secure.gravatar.com\/avatar\/b67e614b1b25b3e9c0c239efdd2fde5ab015b5affd6f1c3c85911ca4b384e790?s=96&d=mm&r=g","caption":"Author"},"sameAs":["http:\/\/vof-news.eu"],"url":"https:\/\/vof-news.eu\/es\/author\/zwt6qxnjulxbnyg\/"}]}},"yoast_meta":{"yoast_wpseo_title":"","yoast_wpseo_metadesc":"","yoast_wpseo_canonical":""},"_links":{"self":[{"href":"https:\/\/vof-news.eu\/es\/wp-json\/wp\/v2\/posts\/321472","targetHints":{"allow":["GET"]}}],"collection":[{"href":"https:\/\/vof-news.eu\/es\/wp-json\/wp\/v2\/posts"}],"about":[{"href":"https:\/\/vof-news.eu\/es\/wp-json\/wp\/v2\/types\/post"}],"author":[{"embeddable":true,"href":"https:\/\/vof-news.eu\/es\/wp-json\/wp\/v2\/users\/1"}],"replies":[{"embeddable":true,"href":"https:\/\/vof-news.eu\/es\/wp-json\/wp\/v2\/comments?post=321472"}],"version-history":[{"count":1,"href":"https:\/\/vof-news.eu\/es\/wp-json\/wp\/v2\/posts\/321472\/revisions"}],"predecessor-version":[{"id":321479,"href":"https:\/\/vof-news.eu\/es\/wp-json\/wp\/v2\/posts\/321472\/revisions\/321479"}],"wp:featuredmedia":[{"embeddable":true,"href":"https:\/\/vof-news.eu\/es\/wp-json\/wp\/v2\/media\/321473"}],"wp:attachment":[{"href":"https:\/\/vof-news.eu\/es\/wp-json\/wp\/v2\/media?parent=321472"}],"wp:term":[{"taxonomy":"category","embeddable":true,"href":"https:\/\/vof-news.eu\/es\/wp-json\/wp\/v2\/categories?post=321472"},{"taxonomy":"post_tag","embeddable":true,"href":"https:\/\/vof-news.eu\/es\/wp-json\/wp\/v2\/tags?post=321472"}],"curies":[{"name":"wp","href":"https:\/\/api.w.org\/{rel}","templated":true}]}}