{"id":321400,"date":"2026-01-29T09:18:51","date_gmt":"2026-01-29T06:18:51","guid":{"rendered":"https:\/\/vof-news.eu\/la-crisis-interna-en-el-poder-judicial-no-se-cierra-la-presidenta-y-un-vocal-de-sumar-vuelven-a-unir-sus-votos-con-la-derecha\/"},"modified":"2026-01-29T09:19:35","modified_gmt":"2026-01-29T06:19:35","slug":"la-crisis-interna-en-el-poder-judicial-no-se-cierra-la-presidenta-y-un-vocal-de-sumar-vuelven-a-unir-sus-votos-con-la-derecha","status":"publish","type":"post","link":"https:\/\/vof-news.eu\/es\/la-crisis-interna-en-el-poder-judicial-no-se-cierra-la-presidenta-y-un-vocal-de-sumar-vuelven-a-unir-sus-votos-con-la-derecha\/","title":{"rendered":"La crisis interna en el Poder Judicial no se cierra: la presidenta y un vocal de Sumar vuelven a unir sus votos con la derecha"},"content":{"rendered":"<div>\n<p>\n        El pleno del Consejo General del Poder Judicial (CGPJ) volvi\u00f3 a evidenciar este mi\u00e9rcoles los delicados equilibrios internos que rigen en el llamado bloque progresista. La presidenta Isabel Perell\u00f3, a la que se atribuy\u00f3 una <a href=\"https:\/\/www.eldiario.es\/politica\/pacto-secreto-nombrar-primera-mujer-frente-justicia-espanola_1_11626950.html\" rel=\"nofollow\">sensibilidad progresista<\/a> cuando fue designada; y uno de los vocales elegidos a iniciativa de Sumar, <a href=\"https:\/\/www.eldiario.es\/politica\/carlos-hugo-preciado-defender-independencia-jueces-no-comunicados-partidistas_1_11633984.html\" rel=\"nofollow\">Carlos Hugo Preciado<\/a>, unieron de nuevo sus votos a los de los consejeros designados a iniciativa del Partido Popular. En este caso, para situar a una magistrada vinculada a la conservadora y mayoritaria Asociaci\u00f3n Profesional de la Magistratura (APM) en un puesto de car\u00e1cter t\u00e9cnico.\u00a0\n    <\/p>\n<p>\n        Esta designaci\u00f3n se ha producido en el mismo pleno en el que se ha oficializado la cesi\u00f3n por parte de Preciado de uno de sus cuatro puestos en las distintas comisiones del \u00f3rgano a Jos\u00e9 Mar\u00eda Fern\u00e1ndez Seijo, vocal elegido a iniciativa del PSOE y que amenaz\u00f3 con dimitir el pasado octubre tras la gran crisis que vivi\u00f3 el bloque progresista, del que ejerce como l\u00edder en la sombra. El desencadenante de esa crisis fue la decisi\u00f3n de Preciado y de la presidenta de pactar con los vocales de la derecha un <a href=\"https:\/\/www.eldiario.es\/politica\/presidenta-vocal-sumar-votan-bloque-conservador-nuevo-reparto-comisiones-judicial_1_12708311.html\" rel=\"nofollow\">nuevo reparto<\/a> de poder que otorg\u00f3 una mayor\u00eda conservadora a ocho de las once comisiones del \u00f3rgano.\n    <\/p>\n<p>\n        Entre ellas, la m\u00e1s relevante, la Permanente, una especie de n\u00facleo duro donde se toman decisiones de calado. Con el nuevo reparto, esa comisi\u00f3n sigui\u00f3 conformada por cuatro vocales conservadores y tres encuadrados en el bloque progresista, a los que se suma Perell\u00f3, que ejerce la presidencia. La mayor\u00eda del bloque progresista quer\u00eda situar en esa comisi\u00f3n a Fern\u00e1ndez Seijo, pero el acuerdo parcial con la derecha frustr\u00f3 esa posibilidad.\u00a0\n    <\/p>\n<p>\n        El pacto rubricado ahora entre ambos vocales dice asentarse en los criterios de \u201cequilibrio, eficiencia organizativa y continuidad funcional\u201d acordados al inicio del mandato. Y supone que Preciado cede a Fern\u00e1ndez Seijo su puesto en la Comisi\u00f3n de Escuela Judicial, la encargada de preparar la actividad del espacio en el que se forman los nuevos jueces tras aprobar la oposici\u00f3n y atender su funcionamiento. En el entorno del vocal de Sumar ponen en valor ese \u201cacuerdo entre vocales\u201d: \u201cSe ha pretendido restablecer las buenas relaciones y la aceptaci\u00f3n de la existencia de diferentes sensibilidades\u201d.\u00a0\n    <\/p>\n<p>\n        A pesar de este movimiento, distintas voces dentro del grupo progresista insisten en que esta decisi\u00f3n no supone que Preciado vuelva al grupo progresista ni que se hayan reconducido las relaciones. \u201cNo quiere integrarse en ning\u00fan grupo, tiene su hoja de ruta propia y lo \u00fanico que quiere es tener relaci\u00f3n fluida con los vocales del grupo progresista, por si hay intereses comunes. Nada m\u00e1s\u201d, sostiene una fuente del bloque de la izquierda.\u00a0\n    <\/p>\n<p>\n        Otro miembro de este grupo tambi\u00e9n se muestra muy cr\u00edtico con este vocal y con la presidenta Perell\u00f3. \u201cSon un grupo sat\u00e9lite que vota con la derecha\u201d, sostiene. Diferentes integrantes del bloque progresista coinciden en que Preciado ha dado este paso apremiado por la presidenta, que no estaba dispuesta a aceptar la renuncia de Seijo y que explor\u00f3 esta v\u00eda para tratar de limar asperezas. Es un acuerdo que, a juicio de otros vocales, permite \u201czanjar las tensiones de octubre\u201d e intercambiar informaci\u00f3n, pero sin que se Preciado someta a ninguna disciplina. \u201cNo tiene mayor inter\u00e9s en reintegrarse a ning\u00fan grupo, tiene su hoja de ruta, respetable aunque no compartida\u201d, dice uno de ellos.\u00a0\n    <\/p>\n<h2>\u201cM\u00e9rito y capacidad\u201d<\/h2>\n<p>\n        El nombramiento que suscit\u00f3 pol\u00e9mica es un puesto de car\u00e1cter t\u00e9cnico, la jefatura de Secci\u00f3n de Planta Judicial. Para ese cargo result\u00f3 elegida Ana Laita Garc\u00eda-Luz\u00f3n, una jueza sin destino fijo vinculada a la conservadora APM. Su nombramiento, propuesto por el bloque conservador, sali\u00f3 adelante gracias a los votos de Perell\u00f3 y de Preciado. El resto de vocales elegidos a iniciativa del PSOE y Sumar se decantaron por la candidatura de la funcionaria Blanca Cano, que ha tenido puestos de responsabilidad en el Ministerio de Justicia con Francisco Caama\u00f1o (PSOE) y Alberto Ruiz Gallard\u00f3n (PP). Uno de esos vocales explica que la voluntad del grupo era abrir este tipo de plazas a personas que no forman parte de la carrera judicial.\u00a0\n    <\/p>\n<p>\n        En el entorno de Preciado defienden, sin embargo, que la decisi\u00f3n estuvo marcada por los principios de \u201cm\u00e9rito y capacidad\u201d. Este vocal ha defendido en reiteradas ocasiones su rechazo a una supuesta \u201csumisi\u00f3n a la disciplina de voto\u201d. Tambi\u00e9n suele descalificar al resto de los vocales de izquierdas como \u201cpr\u00f3ximos al Ministerio de Justicia\u201d.\n    <\/p>\n<p>\n        Para la elecci\u00f3n de este cargo basta con una mayor\u00eda absoluta de los 21 miembros del \u00f3rgano. No es as\u00ed en el caso de los nombramientos judiciales, que requieren el respaldo de tres quintos del pleno. El bloque progresista, con sus nueve miembros, mantiene esa minor\u00eda de bloqueo en las designaciones clave.\n    <\/p>\n<p>\n        Otras voces del \u00f3rgano recuerdan que estos nueve vocales progresistas tambi\u00e9n votan de forma diferenciada en algunas ocasiones. Ocurri\u00f3 este mismo mi\u00e9rcoles, con la elecci\u00f3n de la presidencia de la Sala de lo Contencioso-Administrativo del Tribunal Superior de Justicia de Galicia. A ese puesto optaba el juez Luis Villares, que en 2016 fue <a href=\"https:\/\/praza.gal\/politica\/villares-seria-un-fracaso-non-dar-canalizado-as-ansias-de-cambio-que-cadaquen-sexa-consciente-da-sua-responsabilidade\" rel=\"nofollow\">candidato de En Marea<\/a> a las elecciones gallegas y que obtuvo el respaldo del propio Preciado y de la otra vocal elegida a iniciativa de Sumar, In\u00e9s Herreros, que se ha integrado con los dem\u00e1s vocales progresistas como una m\u00e1s. El resto se decant\u00f3 por la aspirante finalmente elegida, la magistrada Mar\u00eda Azucena Recio, que no est\u00e1 asociada.\u00a0\n    <\/p>\n<p>\n        Al margen de estas designaciones, el \u00f3rgano acord\u00f3 por unanimidad el nombramiento de Jacobo Barja de Quiroga como presidente de la Sala Quinta del Tribunal Supremo, en el que ser\u00e1 su segundo mandato. Tambi\u00e9n la elecci\u00f3n de los magistrados Jos\u00e9 Arsuaga y Carlos G\u00f3mez Mart\u00ednez como presidentes de los Tribunales Superiores de Justicia de Cantabria e Illes Balears, respectivamente. Todos ellos eran los \u00fanicos candidatos que aspiraban a esas tres plazas.\n    <\/p>\n<p>\n        Barja de Quiroga es considerado progresista. Arsuaga est\u00e1 vinculado a asociaci\u00f3n Francisco de Vitoria, que se autodefine como independiente, y G\u00f3mez Mart\u00ednez a la progresista Juezas y Jueces para la Democracia. No se lleg\u00f3 a abordar la renovaci\u00f3n de otros puestos relevantes en el Supremo, donde est\u00e1 pendiente de asignar una vacante en la Sala Segunda, la que juzga a los aforados, como el ya ex fiscal general del Estado o el exministro socialista Jos\u00e9 Luis \u00c1balos.\n    <\/p>\n<\/div>\n","protected":false},"excerpt":{"rendered":"<p>El pleno del Consejo General del Poder Judicial (CGPJ) volvi\u00f3 a evidenciar este mi\u00e9rcoles los delicados equilibrios internos que rigen en el llamado bloque progresista. La presidenta Isabel Perell\u00f3, a la que se atribuy\u00f3 una sensibilidad progresista cuando fue designada; y uno de los vocales elegidos a iniciativa de Sumar, Carlos Hugo Preciado, unieron de<\/p>\n","protected":false},"author":1,"featured_media":321401,"comment_status":"open","ping_status":"open","sticky":false,"template":"","format":"standard","meta":{"footnotes":""},"categories":[71],"tags":[],"class_list":["post-321400","post","type-post","status-publish","format-standard","has-post-thumbnail","hentry","category-politics-es"],"acf":[],"yoast_head":"<!-- This site is optimized with the Yoast SEO plugin v22.9 - https:\/\/yoast.com\/wordpress\/plugins\/seo\/ -->\n<title>La crisis interna en el Poder Judicial no se cierra: la presidenta y un vocal de Sumar vuelven a unir sus votos con la derecha - vof-news.eu<\/title>\n<meta name=\"description\" content=\"El pleno del Consejo General del Poder Judicial (CGPJ) volvi\u00f3 a evidenciar este mi\u00e9rcoles los delicados equilibrios internos que rigen en el llamado bloque progresista. La presidenta Isabel Perell\u00f3, a la que se atribuy\u00f3 una sensibilidad progresista cuando fue designada; y uno de los vocales elegidos a iniciativa de Sumar, Carlos Hugo Preciado, unieron de nuevo sus votos a los de los consejeros designados a iniciativa del Partido Popular. En este caso, para situar a una magistrada vinculada a la conservadora y mayoritaria Asociaci\u00f3n Profesional de la Magistratura (APM) en un puesto de car\u00e1cter t\u00e9cnico.\u00a0\" \/>\n<meta name=\"robots\" content=\"noindex, follow, max-snippet:-1, max-image-preview:large, max-video-preview:-1\" \/>\n<meta property=\"og:locale\" content=\"es_ES\" \/>\n<meta property=\"og:type\" content=\"article\" \/>\n<meta property=\"og:title\" content=\"La crisis interna en el Poder Judicial no se cierra: la presidenta y un vocal de Sumar vuelven a unir sus votos con la derecha - vof-news.eu\" \/>\n<meta property=\"og:description\" content=\"El pleno del Consejo General del Poder Judicial (CGPJ) volvi\u00f3 a evidenciar este mi\u00e9rcoles los delicados equilibrios internos que rigen en el llamado bloque progresista. La presidenta Isabel Perell\u00f3, a la que se atribuy\u00f3 una sensibilidad progresista cuando fue designada; y uno de los vocales elegidos a iniciativa de Sumar, Carlos Hugo Preciado, unieron de nuevo sus votos a los de los consejeros designados a iniciativa del Partido Popular. En este caso, para situar a una magistrada vinculada a la conservadora y mayoritaria Asociaci\u00f3n Profesional de la Magistratura (APM) en un puesto de car\u00e1cter t\u00e9cnico.\u00a0\" \/>\n<meta property=\"og:url\" content=\"https:\/\/vof-news.eu\/es\/la-crisis-interna-en-el-poder-judicial-no-se-cierra-la-presidenta-y-un-vocal-de-sumar-vuelven-a-unir-sus-votos-con-la-derecha\/\" \/>\n<meta property=\"og:site_name\" content=\"vof-news.eu\" \/>\n<meta property=\"article:published_time\" content=\"2026-01-29T06:18:51+00:00\" \/>\n<meta property=\"article:modified_time\" content=\"2026-01-29T06:19:35+00:00\" \/>\n<meta property=\"og:image\" content=\"https:\/\/vof-news.eu\/wp-content\/uploads\/2026\/01\/6221cd97-a7b8-44df-8595-e076e1791e7a_16-9-discover-aspect-ratio_default_1135277.jpg\" \/>\n\t<meta property=\"og:image:width\" content=\"1200\" \/>\n\t<meta property=\"og:image:height\" content=\"675\" \/>\n\t<meta property=\"og:image:type\" content=\"image\/jpeg\" \/>\n<meta name=\"author\" content=\"Author\" \/>\n<meta name=\"twitter:card\" content=\"summary_large_image\" \/>\n<meta name=\"twitter:label1\" content=\"Escrito por\" \/>\n\t<meta name=\"twitter:data1\" content=\"Author\" \/>\n\t<meta name=\"twitter:label2\" content=\"Tiempo de lectura\" \/>\n\t<meta name=\"twitter:data2\" content=\"6 minutos\" \/>\n<script type=\"application\/ld+json\" class=\"yoast-schema-graph\">{\"@context\":\"https:\/\/schema.org\",\"@graph\":[{\"@type\":\"WebPage\",\"@id\":\"https:\/\/vof-news.eu\/es\/la-crisis-interna-en-el-poder-judicial-no-se-cierra-la-presidenta-y-un-vocal-de-sumar-vuelven-a-unir-sus-votos-con-la-derecha\/\",\"url\":\"https:\/\/vof-news.eu\/es\/la-crisis-interna-en-el-poder-judicial-no-se-cierra-la-presidenta-y-un-vocal-de-sumar-vuelven-a-unir-sus-votos-con-la-derecha\/\",\"name\":\"La crisis interna en el Poder Judicial no se cierra: la presidenta y un vocal de Sumar vuelven a unir sus votos con la derecha - vof-news.eu\",\"isPartOf\":{\"@id\":\"https:\/\/vof-news.eu\/es\/#website\"},\"primaryImageOfPage\":{\"@id\":\"https:\/\/vof-news.eu\/es\/la-crisis-interna-en-el-poder-judicial-no-se-cierra-la-presidenta-y-un-vocal-de-sumar-vuelven-a-unir-sus-votos-con-la-derecha\/#primaryimage\"},\"image\":{\"@id\":\"https:\/\/vof-news.eu\/es\/la-crisis-interna-en-el-poder-judicial-no-se-cierra-la-presidenta-y-un-vocal-de-sumar-vuelven-a-unir-sus-votos-con-la-derecha\/#primaryimage\"},\"thumbnailUrl\":\"https:\/\/vof-news.eu\/wp-content\/uploads\/2026\/01\/6221cd97-a7b8-44df-8595-e076e1791e7a_16-9-discover-aspect-ratio_default_1135277.jpg\",\"datePublished\":\"2026-01-29T06:18:51+00:00\",\"dateModified\":\"2026-01-29T06:19:35+00:00\",\"author\":{\"@id\":\"https:\/\/vof-news.eu\/es\/#\/schema\/person\/f6a2a4309f0561835797fd8c19b333ed\"},\"description\":\"El pleno del Consejo General del Poder Judicial (CGPJ) volvi\u00f3 a evidenciar este mi\u00e9rcoles los delicados equilibrios internos que rigen en el llamado bloque progresista. La presidenta Isabel Perell\u00f3, a la que se atribuy\u00f3 una sensibilidad progresista cuando fue designada; y uno de los vocales elegidos a iniciativa de Sumar, Carlos Hugo Preciado, unieron de nuevo sus votos a los de los consejeros designados a iniciativa del Partido Popular. En este caso, para situar a una magistrada vinculada a la conservadora y mayoritaria Asociaci\u00f3n Profesional de la Magistratura (APM) en un puesto de car\u00e1cter t\u00e9cnico.\u00a0\",\"breadcrumb\":{\"@id\":\"https:\/\/vof-news.eu\/es\/la-crisis-interna-en-el-poder-judicial-no-se-cierra-la-presidenta-y-un-vocal-de-sumar-vuelven-a-unir-sus-votos-con-la-derecha\/#breadcrumb\"},\"inLanguage\":\"es\",\"potentialAction\":[{\"@type\":\"ReadAction\",\"target\":[\"https:\/\/vof-news.eu\/es\/la-crisis-interna-en-el-poder-judicial-no-se-cierra-la-presidenta-y-un-vocal-de-sumar-vuelven-a-unir-sus-votos-con-la-derecha\/\"]}]},{\"@type\":\"ImageObject\",\"inLanguage\":\"es\",\"@id\":\"https:\/\/vof-news.eu\/es\/la-crisis-interna-en-el-poder-judicial-no-se-cierra-la-presidenta-y-un-vocal-de-sumar-vuelven-a-unir-sus-votos-con-la-derecha\/#primaryimage\",\"url\":\"https:\/\/vof-news.eu\/wp-content\/uploads\/2026\/01\/6221cd97-a7b8-44df-8595-e076e1791e7a_16-9-discover-aspect-ratio_default_1135277.jpg\",\"contentUrl\":\"https:\/\/vof-news.eu\/wp-content\/uploads\/2026\/01\/6221cd97-a7b8-44df-8595-e076e1791e7a_16-9-discover-aspect-ratio_default_1135277.jpg\",\"width\":1200,\"height\":675},{\"@type\":\"BreadcrumbList\",\"@id\":\"https:\/\/vof-news.eu\/es\/la-crisis-interna-en-el-poder-judicial-no-se-cierra-la-presidenta-y-un-vocal-de-sumar-vuelven-a-unir-sus-votos-con-la-derecha\/#breadcrumb\",\"itemListElement\":[{\"@type\":\"ListItem\",\"position\":1,\"name\":\"Home\",\"item\":\"https:\/\/vof-news.eu\/es\/\"},{\"@type\":\"ListItem\",\"position\":2,\"name\":\"La crisis interna en el Poder Judicial no se cierra: la presidenta y un vocal de Sumar vuelven a unir sus votos con la derecha\"}]},{\"@type\":\"WebSite\",\"@id\":\"https:\/\/vof-news.eu\/es\/#website\",\"url\":\"https:\/\/vof-news.eu\/es\/\",\"name\":\"vof-news.eu\",\"description\":\"\",\"potentialAction\":[{\"@type\":\"SearchAction\",\"target\":{\"@type\":\"EntryPoint\",\"urlTemplate\":\"https:\/\/vof-news.eu\/es\/?s={search_term_string}\"},\"query-input\":\"required name=search_term_string\"}],\"inLanguage\":\"es\"},{\"@type\":\"Person\",\"@id\":\"https:\/\/vof-news.eu\/es\/#\/schema\/person\/f6a2a4309f0561835797fd8c19b333ed\",\"name\":\"Author\",\"image\":{\"@type\":\"ImageObject\",\"inLanguage\":\"es\",\"@id\":\"https:\/\/vof-news.eu\/es\/#\/schema\/person\/image\/\",\"url\":\"https:\/\/secure.gravatar.com\/avatar\/b67e614b1b25b3e9c0c239efdd2fde5ab015b5affd6f1c3c85911ca4b384e790?s=96&d=mm&r=g\",\"contentUrl\":\"https:\/\/secure.gravatar.com\/avatar\/b67e614b1b25b3e9c0c239efdd2fde5ab015b5affd6f1c3c85911ca4b384e790?s=96&d=mm&r=g\",\"caption\":\"Author\"},\"sameAs\":[\"http:\/\/vof-news.eu\"],\"url\":\"https:\/\/vof-news.eu\/es\/author\/zwt6qxnjulxbnyg\/\"}]}<\/script>\n<!-- \/ Yoast SEO plugin. -->","yoast_head_json":{"title":"La crisis interna en el Poder Judicial no se cierra: la presidenta y un vocal de Sumar vuelven a unir sus votos con la derecha - vof-news.eu","description":"El pleno del Consejo General del Poder Judicial (CGPJ) volvi\u00f3 a evidenciar este mi\u00e9rcoles los delicados equilibrios internos que rigen en el llamado bloque progresista. La presidenta Isabel Perell\u00f3, a la que se atribuy\u00f3 una sensibilidad progresista cuando fue designada; y uno de los vocales elegidos a iniciativa de Sumar, Carlos Hugo Preciado, unieron de nuevo sus votos a los de los consejeros designados a iniciativa del Partido Popular. En este caso, para situar a una magistrada vinculada a la conservadora y mayoritaria Asociaci\u00f3n Profesional de la Magistratura (APM) en un puesto de car\u00e1cter t\u00e9cnico.\u00a0","robots":{"index":"noindex","follow":"follow","max-snippet":"max-snippet:-1","max-image-preview":"max-image-preview:large","max-video-preview":"max-video-preview:-1"},"og_locale":"es_ES","og_type":"article","og_title":"La crisis interna en el Poder Judicial no se cierra: la presidenta y un vocal de Sumar vuelven a unir sus votos con la derecha - vof-news.eu","og_description":"El pleno del Consejo General del Poder Judicial (CGPJ) volvi\u00f3 a evidenciar este mi\u00e9rcoles los delicados equilibrios internos que rigen en el llamado bloque progresista. La presidenta Isabel Perell\u00f3, a la que se atribuy\u00f3 una sensibilidad progresista cuando fue designada; y uno de los vocales elegidos a iniciativa de Sumar, Carlos Hugo Preciado, unieron de nuevo sus votos a los de los consejeros designados a iniciativa del Partido Popular. En este caso, para situar a una magistrada vinculada a la conservadora y mayoritaria Asociaci\u00f3n Profesional de la Magistratura (APM) en un puesto de car\u00e1cter t\u00e9cnico.\u00a0","og_url":"https:\/\/vof-news.eu\/es\/la-crisis-interna-en-el-poder-judicial-no-se-cierra-la-presidenta-y-un-vocal-de-sumar-vuelven-a-unir-sus-votos-con-la-derecha\/","og_site_name":"vof-news.eu","article_published_time":"2026-01-29T06:18:51+00:00","article_modified_time":"2026-01-29T06:19:35+00:00","og_image":[{"width":1200,"height":675,"url":"https:\/\/vof-news.eu\/wp-content\/uploads\/2026\/01\/6221cd97-a7b8-44df-8595-e076e1791e7a_16-9-discover-aspect-ratio_default_1135277.jpg","type":"image\/jpeg"}],"author":"Author","twitter_card":"summary_large_image","twitter_misc":{"Escrito por":"Author","Tiempo de lectura":"6 minutos"},"schema":{"@context":"https:\/\/schema.org","@graph":[{"@type":"WebPage","@id":"https:\/\/vof-news.eu\/es\/la-crisis-interna-en-el-poder-judicial-no-se-cierra-la-presidenta-y-un-vocal-de-sumar-vuelven-a-unir-sus-votos-con-la-derecha\/","url":"https:\/\/vof-news.eu\/es\/la-crisis-interna-en-el-poder-judicial-no-se-cierra-la-presidenta-y-un-vocal-de-sumar-vuelven-a-unir-sus-votos-con-la-derecha\/","name":"La crisis interna en el Poder Judicial no se cierra: la presidenta y un vocal de Sumar vuelven a unir sus votos con la derecha - vof-news.eu","isPartOf":{"@id":"https:\/\/vof-news.eu\/es\/#website"},"primaryImageOfPage":{"@id":"https:\/\/vof-news.eu\/es\/la-crisis-interna-en-el-poder-judicial-no-se-cierra-la-presidenta-y-un-vocal-de-sumar-vuelven-a-unir-sus-votos-con-la-derecha\/#primaryimage"},"image":{"@id":"https:\/\/vof-news.eu\/es\/la-crisis-interna-en-el-poder-judicial-no-se-cierra-la-presidenta-y-un-vocal-de-sumar-vuelven-a-unir-sus-votos-con-la-derecha\/#primaryimage"},"thumbnailUrl":"https:\/\/vof-news.eu\/wp-content\/uploads\/2026\/01\/6221cd97-a7b8-44df-8595-e076e1791e7a_16-9-discover-aspect-ratio_default_1135277.jpg","datePublished":"2026-01-29T06:18:51+00:00","dateModified":"2026-01-29T06:19:35+00:00","author":{"@id":"https:\/\/vof-news.eu\/es\/#\/schema\/person\/f6a2a4309f0561835797fd8c19b333ed"},"description":"El pleno del Consejo General del Poder Judicial (CGPJ) volvi\u00f3 a evidenciar este mi\u00e9rcoles los delicados equilibrios internos que rigen en el llamado bloque progresista. La presidenta Isabel Perell\u00f3, a la que se atribuy\u00f3 una sensibilidad progresista cuando fue designada; y uno de los vocales elegidos a iniciativa de Sumar, Carlos Hugo Preciado, unieron de nuevo sus votos a los de los consejeros designados a iniciativa del Partido Popular. En este caso, para situar a una magistrada vinculada a la conservadora y mayoritaria Asociaci\u00f3n Profesional de la Magistratura (APM) en un puesto de car\u00e1cter t\u00e9cnico.\u00a0","breadcrumb":{"@id":"https:\/\/vof-news.eu\/es\/la-crisis-interna-en-el-poder-judicial-no-se-cierra-la-presidenta-y-un-vocal-de-sumar-vuelven-a-unir-sus-votos-con-la-derecha\/#breadcrumb"},"inLanguage":"es","potentialAction":[{"@type":"ReadAction","target":["https:\/\/vof-news.eu\/es\/la-crisis-interna-en-el-poder-judicial-no-se-cierra-la-presidenta-y-un-vocal-de-sumar-vuelven-a-unir-sus-votos-con-la-derecha\/"]}]},{"@type":"ImageObject","inLanguage":"es","@id":"https:\/\/vof-news.eu\/es\/la-crisis-interna-en-el-poder-judicial-no-se-cierra-la-presidenta-y-un-vocal-de-sumar-vuelven-a-unir-sus-votos-con-la-derecha\/#primaryimage","url":"https:\/\/vof-news.eu\/wp-content\/uploads\/2026\/01\/6221cd97-a7b8-44df-8595-e076e1791e7a_16-9-discover-aspect-ratio_default_1135277.jpg","contentUrl":"https:\/\/vof-news.eu\/wp-content\/uploads\/2026\/01\/6221cd97-a7b8-44df-8595-e076e1791e7a_16-9-discover-aspect-ratio_default_1135277.jpg","width":1200,"height":675},{"@type":"BreadcrumbList","@id":"https:\/\/vof-news.eu\/es\/la-crisis-interna-en-el-poder-judicial-no-se-cierra-la-presidenta-y-un-vocal-de-sumar-vuelven-a-unir-sus-votos-con-la-derecha\/#breadcrumb","itemListElement":[{"@type":"ListItem","position":1,"name":"Home","item":"https:\/\/vof-news.eu\/es\/"},{"@type":"ListItem","position":2,"name":"La crisis interna en el Poder Judicial no se cierra: la presidenta y un vocal de Sumar vuelven a unir sus votos con la derecha"}]},{"@type":"WebSite","@id":"https:\/\/vof-news.eu\/es\/#website","url":"https:\/\/vof-news.eu\/es\/","name":"vof-news.eu","description":"","potentialAction":[{"@type":"SearchAction","target":{"@type":"EntryPoint","urlTemplate":"https:\/\/vof-news.eu\/es\/?s={search_term_string}"},"query-input":"required name=search_term_string"}],"inLanguage":"es"},{"@type":"Person","@id":"https:\/\/vof-news.eu\/es\/#\/schema\/person\/f6a2a4309f0561835797fd8c19b333ed","name":"Author","image":{"@type":"ImageObject","inLanguage":"es","@id":"https:\/\/vof-news.eu\/es\/#\/schema\/person\/image\/","url":"https:\/\/secure.gravatar.com\/avatar\/b67e614b1b25b3e9c0c239efdd2fde5ab015b5affd6f1c3c85911ca4b384e790?s=96&d=mm&r=g","contentUrl":"https:\/\/secure.gravatar.com\/avatar\/b67e614b1b25b3e9c0c239efdd2fde5ab015b5affd6f1c3c85911ca4b384e790?s=96&d=mm&r=g","caption":"Author"},"sameAs":["http:\/\/vof-news.eu"],"url":"https:\/\/vof-news.eu\/es\/author\/zwt6qxnjulxbnyg\/"}]}},"yoast_meta":{"yoast_wpseo_title":"","yoast_wpseo_metadesc":"","yoast_wpseo_canonical":""},"_links":{"self":[{"href":"https:\/\/vof-news.eu\/es\/wp-json\/wp\/v2\/posts\/321400","targetHints":{"allow":["GET"]}}],"collection":[{"href":"https:\/\/vof-news.eu\/es\/wp-json\/wp\/v2\/posts"}],"about":[{"href":"https:\/\/vof-news.eu\/es\/wp-json\/wp\/v2\/types\/post"}],"author":[{"embeddable":true,"href":"https:\/\/vof-news.eu\/es\/wp-json\/wp\/v2\/users\/1"}],"replies":[{"embeddable":true,"href":"https:\/\/vof-news.eu\/es\/wp-json\/wp\/v2\/comments?post=321400"}],"version-history":[{"count":1,"href":"https:\/\/vof-news.eu\/es\/wp-json\/wp\/v2\/posts\/321400\/revisions"}],"predecessor-version":[{"id":321407,"href":"https:\/\/vof-news.eu\/es\/wp-json\/wp\/v2\/posts\/321400\/revisions\/321407"}],"wp:featuredmedia":[{"embeddable":true,"href":"https:\/\/vof-news.eu\/es\/wp-json\/wp\/v2\/media\/321401"}],"wp:attachment":[{"href":"https:\/\/vof-news.eu\/es\/wp-json\/wp\/v2\/media?parent=321400"}],"wp:term":[{"taxonomy":"category","embeddable":true,"href":"https:\/\/vof-news.eu\/es\/wp-json\/wp\/v2\/categories?post=321400"},{"taxonomy":"post_tag","embeddable":true,"href":"https:\/\/vof-news.eu\/es\/wp-json\/wp\/v2\/tags?post=321400"}],"curies":[{"name":"wp","href":"https:\/\/api.w.org\/{rel}","templated":true}]}}