{"id":321392,"date":"2026-01-29T09:17:18","date_gmt":"2026-01-29T06:17:18","guid":{"rendered":"https:\/\/vof-news.eu\/el-pp-finiquita-la-tregua-tras-la-tragedia-de-adamuz-y-se-lanza-con-todo-a-por-sanchez\/"},"modified":"2026-01-29T09:18:06","modified_gmt":"2026-01-29T06:18:06","slug":"el-pp-finiquita-la-tregua-tras-la-tragedia-de-adamuz-y-se-lanza-con-todo-a-por-sanchez","status":"publish","type":"post","link":"https:\/\/vof-news.eu\/es\/el-pp-finiquita-la-tregua-tras-la-tragedia-de-adamuz-y-se-lanza-con-todo-a-por-sanchez\/","title":{"rendered":"El PP finiquita la tregua tras la tragedia de Adamuz y se lanza con todo a por S\u00e1nchez"},"content":{"rendered":"<div>\n<p>\n        La tregua dur\u00f3 el tiempo del luto oficial tras el accidente ferroviario de Adamuz en el que perdieron la vida 45 personas. Ni siquiera ha habido para el homenaje a las v\u00edctimas. El PP se ha contraprogramado con <a href=\"https:\/\/www.eldiario.es\/politica\/moreno-ayuso-contraprograman-misas-victimas-adamuz-feijoo-opta-presidente-andaluz_1_12941857.html\" rel=\"nofollow\">sendas misas en Huelva y Madrid el mismo d\u00eda<\/a>, mientras el homenaje de Estado se ha pospuesto &#8216;sine die&#8217;. Pedro S\u00e1nchez y Alberto N\u00fa\u00f1ez Feij\u00f3o se iban a reunir el 19 de enero para abordar un hipot\u00e9tico env\u00edo de tropas de paz a Ucrania, en l\u00ednea con lo que est\u00e1n negociando los socios europeos. El encuentro se anul\u00f3 por la tragedia y no hay por ahora fecha prevista para su celebraci\u00f3n. Y en el PP prefieren que no la haya.\n    <\/p>\n<p>\n        El PP se ha lanzado en tromba a se\u00f1alar al Gobierno como responsable del siniestro sin que se hayan presentado las conclusiones <a href=\"https:\/\/www.eldiario.es\/economia\/claves-comision-especializada-accidentes-trenes-funciona-pasos-sigue-compone_1_12918180.html\" rel=\"nofollow\">de la investigaci\u00f3n de la CIAF<\/a>. Eso se traduce, una vez m\u00e1s, en la exigencia de dimisiones. En este caso, la del ministro de Transportes, \u00d3scar Puente, a quien la oposici\u00f3n ha exigido incluso que no acuda a la misa funeral de este jueves en Huelva.\u00a0Puente no asistir\u00e1 a la misa. S\u00ed lo har\u00e1n los reyes, varios ministros (Mar\u00eda Jes\u00fas Montero, \u00c1ngel V\u00edctor Torres y Luis Planas), el presidente andaluz, Juan Manuel Moreno Bonilla, y el propio Feij\u00f3o.\u00a0\n    <\/p>\n<p>\n        Los conservadores han azuzado, adem\u00e1s, la idea de que las v\u00edctimas se revolver\u00e1n contra el Gobierno durante esos actos. En el PP suspiran con que a los socialistas les ocurra lo mismo que a Carlos Maz\u00f3n en el primer aniversario de la dana que cost\u00f3 230 vidas. El entonces presidente de la Generalitat fue duramente insultado por las v\u00edctimas, lo que precipit\u00f3 una dimisi\u00f3n a la que se hab\u00eda negado pese a sus mentiras sobre d\u00f3nde estuvo la tarde de la cat\u00e1strofe natural.\n    <\/p>\n<p>\n        \u201cUn Gobierno que ha suspendido el acto de Estado, que estaba programado para este s\u00e1bado, por miedo a enfrentarse a las v\u00edctimas tampoco puede estar presente en la misa funeral del jueves. Ser\u00eda cruel. Su permanencia es un insulto a las v\u00edctimas, pero verle en Huelva ser\u00eda una provocaci\u00f3n\u201d, expres\u00f3 el vicesecretario de Hacienda del PP, Juan Bravo, el lunes.\u00a0\n    <\/p>\n<p>\n        La explicaci\u00f3n que ha dado el Gobierno es que decidi\u00f3 conjuntamente con Moreno Bonilla aplazar el homenaje, previsto para el 31 de enero, por petici\u00f3n de algunas familias de las v\u00edctimas, que plantearon la imposibilidad de asistir al acto. El Ejecutivo asume que fue precipitado convocarlo apenas dos semanas despu\u00e9s del accidente. Feij\u00f3o exigi\u00f3 explicaciones a S\u00e1nchez y solicit\u00f3 su comparecencia inmediata en el Congreso y el Senado, donde goza de mayor\u00eda absoluta. \u201cNo es mala suerte, es mala pol\u00edtica e incapacidad patente\u201d, acus\u00f3 el pasado viernes. Para entonces el presidente ya hab\u00eda registrado una solicitud de comparecencia a petici\u00f3n propia, aunque no se producir\u00e1 hasta el 11 de febrero.\n    <\/p>\n<p>\n        El PP ha intentado forzar que acudiera a la C\u00e1mara Alta, pero en Moncloa se niegan a pasar por ese aro y ser\u00e1 Puente el que rinda cuentas.\u00a0Moncloa sostiene que la Constituci\u00f3n les ampara en su negativa dado que establece en el art\u00edculo 108 que \u201cel Gobierno responde solidariamente en su gesti\u00f3n pol\u00edtica\u201d, aunque indica en el Congreso de los Diputados y no menciona el Senado. Adem\u00e1s, est\u00e1 establecido en la pr\u00e1ctica parlamentaria que es el Gobierno el que elige qui\u00e9n responde, tal y como recogen los letrados de las Cortes <a href=\"https:\/\/app.congreso.es\/consti\/constitucion\/indice\/sinopsis\/sinopsis.jsp?art=111&amp;tipo=2\" rel=\"nofollow\">en sus an\u00e1lisis<\/a>. De ah\u00ed que S\u00e1nchez env\u00ede a \u00d3scar Puente, en tanto que ministro de Transportes, para responder sobre las causas del accidente.\n    <\/p>\n<p>\n        No obstante, el presidente del Senado, Pedro Roll\u00e1n, amenaz\u00f3 este mi\u00e9rcoles a S\u00e1nchez con los tribunales si el presidente no se presenta este jueves, que es cuando el PP, con su mayor\u00eda absoluta, fij\u00f3 la fecha de la comparecencia.\u00a0 \u201cLa falta de comparecencia en la fecha y hora se\u00f1aladas, sin causa debidamente justificada y comunicada por los cauces oficiales, podr\u00e1 dar lugar a la adopci\u00f3n de las medidas que procedan por parte de los \u00f3rganos de la C\u00e1mara y a la exigencia de las responsabilidades que en Derecho correspondan\u201d, expone Roll\u00e1n en una carta que ha enviado a S\u00e1nchez.\u00a0\n    <\/p>\n<p>\n        Pero no es la primera vez que S\u00e1nchez planta al Senado. De hecho, en toda la legislatura solo ha acudido dos veces a la C\u00e1mara Alta: a una sesi\u00f3n de control y a la comisi\u00f3n de investigaci\u00f3n del \u2018caso Koldo\u2019. La portavoz del PP, Alicia Garc\u00eda, ya le remiti\u00f3 el a\u00f1o pasado una carta para exigirle acudir por \u201cobligaci\u00f3n legal\u201d sin respuesta. El PP ha aprovechado su mayor\u00eda absoluta durante toda la legislatura para maniobrar desde el Senado contra el Gobierno, aunque <a href=\"https:\/\/www.eldiario.es\/politica\/senado-empantana-conflictos-fallidos-gobierno-congreso_1_12871825.html\" rel=\"nofollow\">en la mayor\u00eda de ocasiones no ha tenido ning\u00fan \u00e9xito<\/a>.\n    <\/p>\n<p>\n        Lo que se vislumbra, en todo caso, es una comparecencia bronca de Puente en el Senado este jueves. En Moncloa recuerdan que <a href=\"https:\/\/www.eldiario.es\/galicia\/despropositos-angrois-2013-fallos-coordinacion-rescate-veto-feijoo-investigar-parlamento_1_12930424.html\" rel=\"nofollow\">tras el accidente de Angrois<\/a> solo compareci\u00f3 la entonces ministra Ana Pastor, dos semanas largas despu\u00e9s del siniestro y en la correspondiente comisi\u00f3n del Congreso.\u00a0\n    <\/p>\n<p>\n        En el Gobierno se quejan de que ahora el PP exija explicaciones al presidente y tambi\u00e9n al ministro en el Pleno. \u201cLo primero que hay sobre la mesa es una diferencia evidente de c\u00f3mo respondemos unos, c\u00f3mo act\u00faan otros\u201d, dijo Puente el martes tras haber dicho que la comparaci\u00f3n con Carlos Maz\u00f3n durante la dana era \u201cofensiva\u201d.\u00a0\n    <\/p>\n<p>\n        En el Ejecutivo reiteran que han dado explicaciones \u201cdesde el minuto uno\u201d. \u201cEstoy al frente de mi ministerio en el puente de mando, no en ning\u00fan reservado, dando la cara\u201d, afirm\u00f3 este martes Puente en la rueda de prensa posterior al Consejo de Ministros. Tambi\u00e9n anunci\u00f3 20 millones en ayudas para las v\u00edctimas para evitar precisamente lo que ocurri\u00f3 con el de Angrois, que tardaron 10 a\u00f1os en recibir las indemnizaciones.\u00a0Puente asegur\u00f3 que no le causa ninguna \u201csorpresa\u201d que el PP exija su dimisi\u00f3n: \u201cHan tardado bastante en hacerlo para lo que son los par\u00e1metros habituales con los que se comportan generalmente\u201d.\n    <\/p>\n<p>\n        Los puentes entre el Gobierno y el PP est\u00e1n completamente rotos y hasta lo que en otros tiempos eran asuntos de Estado, como la pol\u00edtica exterior, es ahora motivo de gresca pol\u00edtica.\u00a0Al PP, de hecho, no le interesa lo que S\u00e1nchez tenga que decir sobre el convulso escenario geopol\u00edtico, que llev\u00f3 a los l\u00edderes de la UE a reunirse de urgencia ante la amenaza de Donald Trump sobre Groenlandia. Quiere que su comparecencia se circunscriba exclusivamente al accidente, aunque para entonces ya habr\u00e1 comparecido Puente tanto en el Senado como en el Congreso.\u00a0\n    <\/p>\n<h2>Rearmar la mayor\u00eda<\/h2>\n<p>\n        La situaci\u00f3n ya era as\u00ed antes del accidente, pero el PP ha encontrado en la tragedia un nuevo elemento de ataque al Gobierno. Y la excusa para no tener que cumplir con obligaciones institucionales propias de un \u201cpartido de Estado\u201d, como se autodenomina, pero que sirven a Vox de munici\u00f3n para seguir golpeando a su te\u00f3rico aliado <a href=\"https:\/\/www.eldiario.es\/politica\/abascal-alienta-sorpaso-feijoo-amaga-exigir-pp-gobiernos-proporcionales-comunidades_1_12902154.html\" rel=\"nofollow\">en plena cadena de elecciones auton\u00f3micas<\/a>.\n    <\/p>\n<p>\n        Por su parte, los socialistas quieren aprovechar para retratar a los de Feij\u00f3o en plena campa\u00f1a electoral de Arag\u00f3n por su rechazo al decreto del \u2018escudo social\u2019, que <a href=\"https:\/\/www.eldiario.es\/politica\/pp-vox-junts-tumban-subida-pensiones-prorroga-escudo-social_1_12938910.html\" rel=\"nofollow\">inclu\u00eda la subida de las pensiones<\/a>. \u201cLo han vuelto a hacer, otra vez el PP toma como rehenes a los jubilados de nuestro pa\u00eds\u201d, censur\u00f3 el presidente en un v\u00eddeo en Instagram. Feij\u00f3o le respondi\u00f3 en Tiktok, donde le acus\u00f3 de mentir bajo el lema \u201cpensiones s\u00ed, okupas no\u201d.\n    <\/p>\n<p>\n        Mientras el Ejecutivo se\u00f1ala con el dedo al PP, busca la f\u00f3rmula de amarrar los apoyos para que ese macrodecreto pueda salir adelante con sus socios de investidura, incluido Junts, que sum\u00f3 sus votos a los de PP y Vox para rechazarlo por su oposici\u00f3n a la pr\u00f3rroga de la prohibici\u00f3n de los desahucios a personas vulnerables.\u00a0Este mismo mi\u00e9rcoles, la portavoz de Junts en el Congreso se ha abierto a modificar el pre\u00e1mbulo de la ley para transferir algunas competencias en materia de migraci\u00f3n a la Generalitat, lo que abre la puerta a que Podemos vote a favor. Todo, despu\u00e9s de que la secretaria general, Ione Belarra, pactara con el ministro de la Presidencia, F\u00e9lix Bola\u00f1os, el <a href=\"https:\/\/www.eldiario.es\/desalambre\/migrantes-papeles-acogeran-regularizacion-podremos-trabajar-dignamente_1_12941439.html\" rel=\"nofollow\">desbloqueo de la regularizaci\u00f3n extraordinaria de personas migrantes<\/a>.\n    <\/p>\n<p>\n        En esa <a href=\"https:\/\/www.eldiario.es\/politica\/sanchez-busca-cuadratura-circulo-atraer-junts-nuevo-portazo-pensiones_1_12940728.html\" rel=\"nofollow\">cuadratura del c\u00edrculo est\u00e1 el Gobierno<\/a>. Pero no solo para ese decreto. Los ministros hacen gestos a los dem\u00e1s socios, ERC, PNV o EH Bildu, para limar asperezas ante la gran negociaci\u00f3n que asoma: la de los Presupuestos Generales del Estado.\n    <\/p>\n<p>\n        El Gobierno se han comprometido a presentar el proyecto en las pr\u00f3ximas semanas, aunque admiten que por el momento la cosa est\u00e1 dif\u00edcil con Junts. El partido de Carles Puigdemont todav\u00eda espera la publicaci\u00f3n de las balanzas fiscales, la oficialidad del catal\u00e1n en la UE y su propio regreso a Espa\u00f1a si as\u00ed lo permiten el Tribunal de Justicia de la UE y el Constitucional.\u00a0En Moncloa miran a la primavera, como fecha en la que conf\u00edan en un acercamiento de su antiguo socio de investidura y poder as\u00ed terminar la legislatura en 2027 y con las cuentas aprobadas.\n    <\/p>\n<\/div>\n","protected":false},"excerpt":{"rendered":"<p>La tregua dur\u00f3 el tiempo del luto oficial tras el accidente ferroviario de Adamuz en el que perdieron la vida 45 personas. Ni siquiera ha habido para el homenaje a las v\u00edctimas. El PP se ha contraprogramado con sendas misas en Huelva y Madrid el mismo d\u00eda, mientras el homenaje de Estado se ha pospuesto<\/p>\n","protected":false},"author":1,"featured_media":321393,"comment_status":"open","ping_status":"open","sticky":false,"template":"","format":"standard","meta":{"footnotes":""},"categories":[71],"tags":[],"class_list":["post-321392","post","type-post","status-publish","format-standard","has-post-thumbnail","hentry","category-politics-es"],"acf":[],"yoast_head":"<!-- This site is optimized with the Yoast SEO plugin v22.9 - https:\/\/yoast.com\/wordpress\/plugins\/seo\/ -->\n<title>El PP finiquita la tregua tras la tragedia de Adamuz y se lanza con todo a por S\u00e1nchez - vof-news.eu<\/title>\n<meta name=\"description\" content=\"La tregua dur\u00f3 el tiempo del luto oficial tras el accidente ferroviario de Adamuz en el que perdieron la vida 45 personas. Ni siquiera ha habido para el homenaje a las v\u00edctimas. El PP se ha contraprogramado con sendas misas en Huelva y Madrid el mismo d\u00eda, mientras el homenaje de Estado se ha pospuesto &#039;sine die&#039;. Pedro S\u00e1nchez y Alberto N\u00fa\u00f1ez Feij\u00f3o se iban a reunir el 19 de enero para abordar un hipot\u00e9tico env\u00edo de tropas de paz a Ucrania, en l\u00ednea con lo que est\u00e1n negociando los socios europeos. El encuentro se anul\u00f3 por la tragedia y no hay por ahora fecha prevista para su celebraci\u00f3n. Y en el PP prefieren que no la haya.\" \/>\n<meta name=\"robots\" content=\"noindex, follow, max-snippet:-1, max-image-preview:large, max-video-preview:-1\" \/>\n<meta property=\"og:locale\" content=\"es_ES\" \/>\n<meta property=\"og:type\" content=\"article\" \/>\n<meta property=\"og:title\" content=\"El PP finiquita la tregua tras la tragedia de Adamuz y se lanza con todo a por S\u00e1nchez - vof-news.eu\" \/>\n<meta property=\"og:description\" content=\"La tregua dur\u00f3 el tiempo del luto oficial tras el accidente ferroviario de Adamuz en el que perdieron la vida 45 personas. Ni siquiera ha habido para el homenaje a las v\u00edctimas. El PP se ha contraprogramado con sendas misas en Huelva y Madrid el mismo d\u00eda, mientras el homenaje de Estado se ha pospuesto &#039;sine die&#039;. Pedro S\u00e1nchez y Alberto N\u00fa\u00f1ez Feij\u00f3o se iban a reunir el 19 de enero para abordar un hipot\u00e9tico env\u00edo de tropas de paz a Ucrania, en l\u00ednea con lo que est\u00e1n negociando los socios europeos. El encuentro se anul\u00f3 por la tragedia y no hay por ahora fecha prevista para su celebraci\u00f3n. Y en el PP prefieren que no la haya.\" \/>\n<meta property=\"og:url\" content=\"https:\/\/vof-news.eu\/es\/el-pp-finiquita-la-tregua-tras-la-tragedia-de-adamuz-y-se-lanza-con-todo-a-por-sanchez\/\" \/>\n<meta property=\"og:site_name\" content=\"vof-news.eu\" \/>\n<meta property=\"article:published_time\" content=\"2026-01-29T06:17:18+00:00\" \/>\n<meta property=\"article:modified_time\" content=\"2026-01-29T06:18:06+00:00\" \/>\n<meta property=\"og:image\" content=\"https:\/\/vof-news.eu\/wp-content\/uploads\/2026\/01\/c7e1ee71-efed-4834-a836-2de6fc9a7ddf_16-9-discover-aspect-ratio_default_1135282.jpg\" \/>\n\t<meta property=\"og:image:width\" content=\"1200\" \/>\n\t<meta property=\"og:image:height\" content=\"675\" \/>\n\t<meta property=\"og:image:type\" content=\"image\/jpeg\" \/>\n<meta name=\"author\" content=\"Author\" \/>\n<meta name=\"twitter:card\" content=\"summary_large_image\" \/>\n<meta name=\"twitter:label1\" content=\"Escrito por\" \/>\n\t<meta name=\"twitter:data1\" content=\"Author\" \/>\n\t<meta name=\"twitter:label2\" content=\"Tiempo de lectura\" \/>\n\t<meta name=\"twitter:data2\" content=\"8 minutos\" \/>\n<script type=\"application\/ld+json\" class=\"yoast-schema-graph\">{\"@context\":\"https:\/\/schema.org\",\"@graph\":[{\"@type\":\"WebPage\",\"@id\":\"https:\/\/vof-news.eu\/es\/el-pp-finiquita-la-tregua-tras-la-tragedia-de-adamuz-y-se-lanza-con-todo-a-por-sanchez\/\",\"url\":\"https:\/\/vof-news.eu\/es\/el-pp-finiquita-la-tregua-tras-la-tragedia-de-adamuz-y-se-lanza-con-todo-a-por-sanchez\/\",\"name\":\"El PP finiquita la tregua tras la tragedia de Adamuz y se lanza con todo a por S\u00e1nchez - vof-news.eu\",\"isPartOf\":{\"@id\":\"https:\/\/vof-news.eu\/es\/#website\"},\"primaryImageOfPage\":{\"@id\":\"https:\/\/vof-news.eu\/es\/el-pp-finiquita-la-tregua-tras-la-tragedia-de-adamuz-y-se-lanza-con-todo-a-por-sanchez\/#primaryimage\"},\"image\":{\"@id\":\"https:\/\/vof-news.eu\/es\/el-pp-finiquita-la-tregua-tras-la-tragedia-de-adamuz-y-se-lanza-con-todo-a-por-sanchez\/#primaryimage\"},\"thumbnailUrl\":\"https:\/\/vof-news.eu\/wp-content\/uploads\/2026\/01\/c7e1ee71-efed-4834-a836-2de6fc9a7ddf_16-9-discover-aspect-ratio_default_1135282.jpg\",\"datePublished\":\"2026-01-29T06:17:18+00:00\",\"dateModified\":\"2026-01-29T06:18:06+00:00\",\"author\":{\"@id\":\"https:\/\/vof-news.eu\/es\/#\/schema\/person\/f6a2a4309f0561835797fd8c19b333ed\"},\"description\":\"La tregua dur\u00f3 el tiempo del luto oficial tras el accidente ferroviario de Adamuz en el que perdieron la vida 45 personas. Ni siquiera ha habido para el homenaje a las v\u00edctimas. El PP se ha contraprogramado con sendas misas en Huelva y Madrid el mismo d\u00eda, mientras el homenaje de Estado se ha pospuesto 'sine die'. Pedro S\u00e1nchez y Alberto N\u00fa\u00f1ez Feij\u00f3o se iban a reunir el 19 de enero para abordar un hipot\u00e9tico env\u00edo de tropas de paz a Ucrania, en l\u00ednea con lo que est\u00e1n negociando los socios europeos. El encuentro se anul\u00f3 por la tragedia y no hay por ahora fecha prevista para su celebraci\u00f3n. Y en el PP prefieren que no la haya.\",\"breadcrumb\":{\"@id\":\"https:\/\/vof-news.eu\/es\/el-pp-finiquita-la-tregua-tras-la-tragedia-de-adamuz-y-se-lanza-con-todo-a-por-sanchez\/#breadcrumb\"},\"inLanguage\":\"es\",\"potentialAction\":[{\"@type\":\"ReadAction\",\"target\":[\"https:\/\/vof-news.eu\/es\/el-pp-finiquita-la-tregua-tras-la-tragedia-de-adamuz-y-se-lanza-con-todo-a-por-sanchez\/\"]}]},{\"@type\":\"ImageObject\",\"inLanguage\":\"es\",\"@id\":\"https:\/\/vof-news.eu\/es\/el-pp-finiquita-la-tregua-tras-la-tragedia-de-adamuz-y-se-lanza-con-todo-a-por-sanchez\/#primaryimage\",\"url\":\"https:\/\/vof-news.eu\/wp-content\/uploads\/2026\/01\/c7e1ee71-efed-4834-a836-2de6fc9a7ddf_16-9-discover-aspect-ratio_default_1135282.jpg\",\"contentUrl\":\"https:\/\/vof-news.eu\/wp-content\/uploads\/2026\/01\/c7e1ee71-efed-4834-a836-2de6fc9a7ddf_16-9-discover-aspect-ratio_default_1135282.jpg\",\"width\":1200,\"height\":675},{\"@type\":\"BreadcrumbList\",\"@id\":\"https:\/\/vof-news.eu\/es\/el-pp-finiquita-la-tregua-tras-la-tragedia-de-adamuz-y-se-lanza-con-todo-a-por-sanchez\/#breadcrumb\",\"itemListElement\":[{\"@type\":\"ListItem\",\"position\":1,\"name\":\"Home\",\"item\":\"https:\/\/vof-news.eu\/es\/\"},{\"@type\":\"ListItem\",\"position\":2,\"name\":\"El PP finiquita la tregua tras la tragedia de Adamuz y se lanza con todo a por S\u00e1nchez\"}]},{\"@type\":\"WebSite\",\"@id\":\"https:\/\/vof-news.eu\/es\/#website\",\"url\":\"https:\/\/vof-news.eu\/es\/\",\"name\":\"vof-news.eu\",\"description\":\"\",\"potentialAction\":[{\"@type\":\"SearchAction\",\"target\":{\"@type\":\"EntryPoint\",\"urlTemplate\":\"https:\/\/vof-news.eu\/es\/?s={search_term_string}\"},\"query-input\":\"required name=search_term_string\"}],\"inLanguage\":\"es\"},{\"@type\":\"Person\",\"@id\":\"https:\/\/vof-news.eu\/es\/#\/schema\/person\/f6a2a4309f0561835797fd8c19b333ed\",\"name\":\"Author\",\"image\":{\"@type\":\"ImageObject\",\"inLanguage\":\"es\",\"@id\":\"https:\/\/vof-news.eu\/es\/#\/schema\/person\/image\/\",\"url\":\"https:\/\/secure.gravatar.com\/avatar\/b67e614b1b25b3e9c0c239efdd2fde5ab015b5affd6f1c3c85911ca4b384e790?s=96&d=mm&r=g\",\"contentUrl\":\"https:\/\/secure.gravatar.com\/avatar\/b67e614b1b25b3e9c0c239efdd2fde5ab015b5affd6f1c3c85911ca4b384e790?s=96&d=mm&r=g\",\"caption\":\"Author\"},\"sameAs\":[\"http:\/\/vof-news.eu\"],\"url\":\"https:\/\/vof-news.eu\/es\/author\/zwt6qxnjulxbnyg\/\"}]}<\/script>\n<!-- \/ Yoast SEO plugin. -->","yoast_head_json":{"title":"El PP finiquita la tregua tras la tragedia de Adamuz y se lanza con todo a por S\u00e1nchez - vof-news.eu","description":"La tregua dur\u00f3 el tiempo del luto oficial tras el accidente ferroviario de Adamuz en el que perdieron la vida 45 personas. Ni siquiera ha habido para el homenaje a las v\u00edctimas. El PP se ha contraprogramado con sendas misas en Huelva y Madrid el mismo d\u00eda, mientras el homenaje de Estado se ha pospuesto 'sine die'. Pedro S\u00e1nchez y Alberto N\u00fa\u00f1ez Feij\u00f3o se iban a reunir el 19 de enero para abordar un hipot\u00e9tico env\u00edo de tropas de paz a Ucrania, en l\u00ednea con lo que est\u00e1n negociando los socios europeos. El encuentro se anul\u00f3 por la tragedia y no hay por ahora fecha prevista para su celebraci\u00f3n. Y en el PP prefieren que no la haya.","robots":{"index":"noindex","follow":"follow","max-snippet":"max-snippet:-1","max-image-preview":"max-image-preview:large","max-video-preview":"max-video-preview:-1"},"og_locale":"es_ES","og_type":"article","og_title":"El PP finiquita la tregua tras la tragedia de Adamuz y se lanza con todo a por S\u00e1nchez - vof-news.eu","og_description":"La tregua dur\u00f3 el tiempo del luto oficial tras el accidente ferroviario de Adamuz en el que perdieron la vida 45 personas. Ni siquiera ha habido para el homenaje a las v\u00edctimas. El PP se ha contraprogramado con sendas misas en Huelva y Madrid el mismo d\u00eda, mientras el homenaje de Estado se ha pospuesto 'sine die'. Pedro S\u00e1nchez y Alberto N\u00fa\u00f1ez Feij\u00f3o se iban a reunir el 19 de enero para abordar un hipot\u00e9tico env\u00edo de tropas de paz a Ucrania, en l\u00ednea con lo que est\u00e1n negociando los socios europeos. El encuentro se anul\u00f3 por la tragedia y no hay por ahora fecha prevista para su celebraci\u00f3n. Y en el PP prefieren que no la haya.","og_url":"https:\/\/vof-news.eu\/es\/el-pp-finiquita-la-tregua-tras-la-tragedia-de-adamuz-y-se-lanza-con-todo-a-por-sanchez\/","og_site_name":"vof-news.eu","article_published_time":"2026-01-29T06:17:18+00:00","article_modified_time":"2026-01-29T06:18:06+00:00","og_image":[{"width":1200,"height":675,"url":"https:\/\/vof-news.eu\/wp-content\/uploads\/2026\/01\/c7e1ee71-efed-4834-a836-2de6fc9a7ddf_16-9-discover-aspect-ratio_default_1135282.jpg","type":"image\/jpeg"}],"author":"Author","twitter_card":"summary_large_image","twitter_misc":{"Escrito por":"Author","Tiempo de lectura":"8 minutos"},"schema":{"@context":"https:\/\/schema.org","@graph":[{"@type":"WebPage","@id":"https:\/\/vof-news.eu\/es\/el-pp-finiquita-la-tregua-tras-la-tragedia-de-adamuz-y-se-lanza-con-todo-a-por-sanchez\/","url":"https:\/\/vof-news.eu\/es\/el-pp-finiquita-la-tregua-tras-la-tragedia-de-adamuz-y-se-lanza-con-todo-a-por-sanchez\/","name":"El PP finiquita la tregua tras la tragedia de Adamuz y se lanza con todo a por S\u00e1nchez - vof-news.eu","isPartOf":{"@id":"https:\/\/vof-news.eu\/es\/#website"},"primaryImageOfPage":{"@id":"https:\/\/vof-news.eu\/es\/el-pp-finiquita-la-tregua-tras-la-tragedia-de-adamuz-y-se-lanza-con-todo-a-por-sanchez\/#primaryimage"},"image":{"@id":"https:\/\/vof-news.eu\/es\/el-pp-finiquita-la-tregua-tras-la-tragedia-de-adamuz-y-se-lanza-con-todo-a-por-sanchez\/#primaryimage"},"thumbnailUrl":"https:\/\/vof-news.eu\/wp-content\/uploads\/2026\/01\/c7e1ee71-efed-4834-a836-2de6fc9a7ddf_16-9-discover-aspect-ratio_default_1135282.jpg","datePublished":"2026-01-29T06:17:18+00:00","dateModified":"2026-01-29T06:18:06+00:00","author":{"@id":"https:\/\/vof-news.eu\/es\/#\/schema\/person\/f6a2a4309f0561835797fd8c19b333ed"},"description":"La tregua dur\u00f3 el tiempo del luto oficial tras el accidente ferroviario de Adamuz en el que perdieron la vida 45 personas. Ni siquiera ha habido para el homenaje a las v\u00edctimas. El PP se ha contraprogramado con sendas misas en Huelva y Madrid el mismo d\u00eda, mientras el homenaje de Estado se ha pospuesto 'sine die'. Pedro S\u00e1nchez y Alberto N\u00fa\u00f1ez Feij\u00f3o se iban a reunir el 19 de enero para abordar un hipot\u00e9tico env\u00edo de tropas de paz a Ucrania, en l\u00ednea con lo que est\u00e1n negociando los socios europeos. El encuentro se anul\u00f3 por la tragedia y no hay por ahora fecha prevista para su celebraci\u00f3n. Y en el PP prefieren que no la haya.","breadcrumb":{"@id":"https:\/\/vof-news.eu\/es\/el-pp-finiquita-la-tregua-tras-la-tragedia-de-adamuz-y-se-lanza-con-todo-a-por-sanchez\/#breadcrumb"},"inLanguage":"es","potentialAction":[{"@type":"ReadAction","target":["https:\/\/vof-news.eu\/es\/el-pp-finiquita-la-tregua-tras-la-tragedia-de-adamuz-y-se-lanza-con-todo-a-por-sanchez\/"]}]},{"@type":"ImageObject","inLanguage":"es","@id":"https:\/\/vof-news.eu\/es\/el-pp-finiquita-la-tregua-tras-la-tragedia-de-adamuz-y-se-lanza-con-todo-a-por-sanchez\/#primaryimage","url":"https:\/\/vof-news.eu\/wp-content\/uploads\/2026\/01\/c7e1ee71-efed-4834-a836-2de6fc9a7ddf_16-9-discover-aspect-ratio_default_1135282.jpg","contentUrl":"https:\/\/vof-news.eu\/wp-content\/uploads\/2026\/01\/c7e1ee71-efed-4834-a836-2de6fc9a7ddf_16-9-discover-aspect-ratio_default_1135282.jpg","width":1200,"height":675},{"@type":"BreadcrumbList","@id":"https:\/\/vof-news.eu\/es\/el-pp-finiquita-la-tregua-tras-la-tragedia-de-adamuz-y-se-lanza-con-todo-a-por-sanchez\/#breadcrumb","itemListElement":[{"@type":"ListItem","position":1,"name":"Home","item":"https:\/\/vof-news.eu\/es\/"},{"@type":"ListItem","position":2,"name":"El PP finiquita la tregua tras la tragedia de Adamuz y se lanza con todo a por S\u00e1nchez"}]},{"@type":"WebSite","@id":"https:\/\/vof-news.eu\/es\/#website","url":"https:\/\/vof-news.eu\/es\/","name":"vof-news.eu","description":"","potentialAction":[{"@type":"SearchAction","target":{"@type":"EntryPoint","urlTemplate":"https:\/\/vof-news.eu\/es\/?s={search_term_string}"},"query-input":"required name=search_term_string"}],"inLanguage":"es"},{"@type":"Person","@id":"https:\/\/vof-news.eu\/es\/#\/schema\/person\/f6a2a4309f0561835797fd8c19b333ed","name":"Author","image":{"@type":"ImageObject","inLanguage":"es","@id":"https:\/\/vof-news.eu\/es\/#\/schema\/person\/image\/","url":"https:\/\/secure.gravatar.com\/avatar\/b67e614b1b25b3e9c0c239efdd2fde5ab015b5affd6f1c3c85911ca4b384e790?s=96&d=mm&r=g","contentUrl":"https:\/\/secure.gravatar.com\/avatar\/b67e614b1b25b3e9c0c239efdd2fde5ab015b5affd6f1c3c85911ca4b384e790?s=96&d=mm&r=g","caption":"Author"},"sameAs":["http:\/\/vof-news.eu"],"url":"https:\/\/vof-news.eu\/es\/author\/zwt6qxnjulxbnyg\/"}]}},"yoast_meta":{"yoast_wpseo_title":"","yoast_wpseo_metadesc":"","yoast_wpseo_canonical":""},"_links":{"self":[{"href":"https:\/\/vof-news.eu\/es\/wp-json\/wp\/v2\/posts\/321392","targetHints":{"allow":["GET"]}}],"collection":[{"href":"https:\/\/vof-news.eu\/es\/wp-json\/wp\/v2\/posts"}],"about":[{"href":"https:\/\/vof-news.eu\/es\/wp-json\/wp\/v2\/types\/post"}],"author":[{"embeddable":true,"href":"https:\/\/vof-news.eu\/es\/wp-json\/wp\/v2\/users\/1"}],"replies":[{"embeddable":true,"href":"https:\/\/vof-news.eu\/es\/wp-json\/wp\/v2\/comments?post=321392"}],"version-history":[{"count":1,"href":"https:\/\/vof-news.eu\/es\/wp-json\/wp\/v2\/posts\/321392\/revisions"}],"predecessor-version":[{"id":321399,"href":"https:\/\/vof-news.eu\/es\/wp-json\/wp\/v2\/posts\/321392\/revisions\/321399"}],"wp:featuredmedia":[{"embeddable":true,"href":"https:\/\/vof-news.eu\/es\/wp-json\/wp\/v2\/media\/321393"}],"wp:attachment":[{"href":"https:\/\/vof-news.eu\/es\/wp-json\/wp\/v2\/media?parent=321392"}],"wp:term":[{"taxonomy":"category","embeddable":true,"href":"https:\/\/vof-news.eu\/es\/wp-json\/wp\/v2\/categories?post=321392"},{"taxonomy":"post_tag","embeddable":true,"href":"https:\/\/vof-news.eu\/es\/wp-json\/wp\/v2\/tags?post=321392"}],"curies":[{"name":"wp","href":"https:\/\/api.w.org\/{rel}","templated":true}]}}