{"id":321325,"date":"2026-01-29T01:20:31","date_gmt":"2026-01-28T22:20:31","guid":{"rendered":"https:\/\/vof-news.eu\/la-fascinacion-de-alejandro-sanz-por-bukowski-es-muy-liberador-leer-a-autores-como-el-para-gente-de-mi-generacion\/"},"modified":"2026-01-29T01:22:11","modified_gmt":"2026-01-28T22:22:11","slug":"la-fascinacion-de-alejandro-sanz-por-bukowski-es-muy-liberador-leer-a-autores-como-el-para-gente-de-mi-generacion","status":"publish","type":"post","link":"https:\/\/vof-news.eu\/es\/la-fascinacion-de-alejandro-sanz-por-bukowski-es-muy-liberador-leer-a-autores-como-el-para-gente-de-mi-generacion\/","title":{"rendered":"La fascinaci\u00f3n de Alejandro Sanz por Bukowski: \u00abEs muy liberador leer a autores como \u00e9l para gente de mi generaci\u00f3n\u00bb"},"content":{"rendered":"<div>\n<p>No queda demasiado tiempo para que <strong>Alejandro Sanz<\/strong> vuelva por donde ha venido. Un iPad da la cuenta atr\u00e1s. Son los \u00faltimos minutos de la \u00faltima entrevista. \u00abMe encanta este reloj de arena. Es mi aliado\u00bb, bromea el cantante. Otro de nuestros cantantes universales. Promociona el documental <i>Cuando nadie me ve<\/i> (Movistar Plus+), un recorrido por su biograf\u00eda, una primera meta volante. Hasta aqu\u00ed podr\u00eda darse por finalizada una etapa. \u00abAqu\u00ed estamos siempre abriendo y cerrando etapas. Parecemos porteros de edificio. Las etapas alguien las cierra en un sitio y otros de los que est\u00e1n en tu entorno las cierran en otro. <strong>El documental sirve como recapitulaci\u00f3n y tambi\u00e9n como \u00e1lbum de fotos. Hay algunas cosas conocidas. Otras no tanto. <\/strong>Lo m\u00e1s interesante son las versiones que dan las personas involucradas en el proceso. Algunos viven en la inopia\u00bb, dice de quienes van complementando su historia a lo largo de tres cap\u00edtulos.<\/p>\n<p>Alejandro Sanz es un tipo con Moratalaz diluido, andaluz por la manera de mirar lo que le rodea <a href=\"https:\/\/www.elmundo.es\/cultura\/musica\/2025\/11\/13\/6916496de85ececb2b8b45cf.html\" rel=\"nofollow\">y latino por \u00f3smosis<\/a>. En su manera de pronunciar algunas palabras puede comprobarse su filiaci\u00f3n al grupo de artistas errantes cuya nacionalidad es el estudio. Componer, grabar, sacar disco y promocionar son las rutinas. <strong>Habla un castellano con deje de ciudadano del mundo<\/strong>. \u00abMi relaci\u00f3n con la actualidad es muy t\u00f3xica. Estoy ley\u00e9ndome un libro de ajedrez que me est\u00e1 llamando la atenci\u00f3n. Y leyendo a [Charles] <strong>Bukowski<\/strong>. Es lo mejor que puedes hacer en estos tiempos. Vivimos el circo de los extremos. <strong>Todo lo que te podr\u00edas encontrar en un circo ahora mismo est\u00e1 en el Parlamento sin ning\u00fan tipo de pudor\u00bb, se\u00f1ala.<\/strong><\/p>\n<p>A Bukowski ha llegado a trav\u00e9s de Pulp, la \u00faltima novela del autor estadounidense. \u00abEs sorprendente. No defrauda. Dudo mucho que hubiera podido escribir con esa libertad en estos tiempos\u00bb. Alejandro Sanz fue una suerte de mediador entre Pablo Motos y David Broncano cuando ambos coincidieron en el ring del prime time. La an\u00e9cdota sirve para catar la polarizaci\u00f3n. \u00abEstoy agotado\u00bb, advierte. \u00abEscrib\u00ed <i>12&#215;8<\/i>, una canci\u00f3n, hace tiempo. Dec\u00eda la letra: &#8216;<i>Dejen de informar a este pobre coraz\u00f3n&#8217;<\/i>. Necesito descansar. La polarizaci\u00f3n es la herramienta de los poderosos. En definitiva es donde nos quieren llevar a todos. A estar polarizados. As\u00ed somos muy manejables. No hay sentido com\u00fan. S\u00f3lo pasi\u00f3n. Tu compras un discurso o el otro.<strong> Y los que estamos enmedio somos lo peor. \u00a1Bueno! Somos unos extremistas\u00bb<\/strong>, resuelve.<\/p>\n<p>Aludir al menoscabo de la libertad de expresi\u00f3n, o de la libertad del artista, es un clich\u00e9. Un estribillo. \u00bfEstamos m\u00e1s atados ahora que antes? \u00abHan cambiado muchas formas de hablar que se daban por hecho o eran v\u00e1lidas. El pensamiento se forma con estructuras de lenguaje. Es muy liberador, para los que hemos crecido en otra \u00e9poca, leer a escritores como Bukowski.<strong> Es un disparate, pero el arte debe tener ese lado de disparate y que se qued\u00e9 ah\u00ed\u00bb.<\/strong><\/p>\n<p>Viene botando la acusaci\u00f3n a <a href=\"https:\/\/www.elmundo.es\/e\/ju\/julio-iglesias.html\" rel=\"nofollow\">Julio Iglesias<\/a>, <a href=\"https:\/\/www.elmundo.es\/cultura\/musica\/2026\/01\/23\/6973a2d6fc6c83ae1e8b45a0.html\" rel=\"nofollow\">archivada por la Fiscal\u00eda de la Audiencia Nacional<\/a>. De todas formas, algunos de los v\u00eddeos protagonizados por el int\u00e9rpete de <i>Soy un truh\u00e1n<\/i> muestran el choque de civilizaciones. El pasado resulta muy pasado. \u00abSe extrapola todo. Se crispa absolutamente todo. Todo debe ser pol\u00edtica. Como en casos como el de Julio Iglesias. Dejen a la justicia hacer su trabajo y ya hablaremos. No puede instrumentalizarse todo. <strong>Creo en la democracia y en la justicia. Es el mejor modelo, con todos sus defectos<\/strong>\u00bb, analiza.<\/p>\n<p>Hay un enfado ambiental, algo chungo en el aire, una queja -no un quejido- repetido. \u00abAlguien dijo en una entrevista que vivimos en el mejor momento de la Historia de la Humanidad. No s\u00e9 si lo comparto, pero fue abrir una ventana. Me gusta pensar que s\u00ed. Todo nos parece poco. El otro d\u00eda est\u00e1bamos hablando con alguien que estaba donde hacen los cayucos en \u00c1frica. Dec\u00eda que mucha de la gente que viene de all\u00ed no vive mal. Tienen una vida&#8230; M\u00e1s o menos. Ellos vienen porque creen que van a estar mejor. Y se encuentran que aqu\u00ed pues tampoco est\u00e1n tan bien. <strong>Extrapolado a nuestra situaci\u00f3n, vivimos mucho mejor y no tenemos bastante. Todo genera una insatisfacci\u00f3n\u00bb.<\/strong><\/p>\n<p>Aparece un poco cansado por la acumulaci\u00f3n de preguntas. Bromea cuando identifica alguna repetida. Propicia cierta cercan\u00eda. Sabe camelar a su interlocutor a la vez que practica el escapismo. \u00abDespu\u00e9s de las vacaciones cuesta retomar el trabajo\u00bb, resopla. \u00abNo, no he estado de vacaciones. Pero hay que cambiar el chip para las entrevistas. Eso de andar en casa todo el d\u00eda en bata&#8230; Luego te tienes que poner aqu\u00ed. A Paco de Luc\u00eda, que estaba todo el d\u00eda en chanclas, le molestaban mucho los zapatos.<strong> Tienes que buscarte unas zapatillas redondas o unos zapatos redondos, le dec\u00eda\u00bb<\/strong>, comenta y se acomoda.<\/p>\n<p>Ya no conserva ninguna man\u00eda. Es un hombre sin man\u00edas ni supersticiones. Aireado, al fin y al cabo. \u00ab<strong>Me las he quitado. Te lo juro. Es lo mejor. A un concierto voy a cantar. No quiero a\u00f1adirme m\u00e1s presi\u00f3n<\/strong>\u00bb. Acab\u00f3 acumulando, entre otras cosas, much\u00edsimas pulseras. \u00abMe acuerdo de cuando me regalaban pulseritas al inicio de las giras. Si te va bien el concierto, la culpa es de la pulsera. Al final te hace falta otro brazo\u00bb. Vuelve a re\u00edr.<\/p>\n<hr\/>\n<\/div>\n","protected":false},"excerpt":{"rendered":"<p>No queda demasiado tiempo para que Alejandro Sanz vuelva por donde ha venido. Un iPad da la cuenta atr\u00e1s. Son los \u00faltimos minutos de la \u00faltima entrevista. \u00abMe encanta este reloj de arena. Es mi aliado\u00bb, bromea el cantante. Otro de nuestros cantantes universales. Promociona el documental Cuando nadie me ve (Movistar Plus+), un recorrido<\/p>\n","protected":false},"author":1,"featured_media":321326,"comment_status":"open","ping_status":"open","sticky":false,"template":"","format":"standard","meta":{"footnotes":""},"categories":[66],"tags":[],"class_list":["post-321325","post","type-post","status-publish","format-standard","has-post-thumbnail","hentry","category-culture-es"],"acf":[],"yoast_head":"<!-- This site is optimized with the Yoast SEO plugin v22.9 - https:\/\/yoast.com\/wordpress\/plugins\/seo\/ -->\n<title>La fascinaci\u00f3n de Alejandro Sanz por Bukowski: &quot;Es muy liberador leer a autores como \u00e9l para gente de mi generaci\u00f3n&quot; - vof-news.eu<\/title>\n<meta name=\"description\" content=\"No queda demasiado tiempo para que Alejandro Sanz vuelva por donde ha venido. Un iPad da la cuenta atr\u00e1s. Son los \u00faltimos minutos de la \u00faltima entrevista. \u00abMe encanta este reloj de arena. Es mi aliado\u00bb, bromea el cantante. Otro de nuestros cantantes universales. Promociona el documental Cuando nadie me ve (Movistar Plus+), un recorrido por su biograf\u00eda, una primera meta volante. Hasta aqu\u00ed podr\u00eda darse por finalizada una etapa. \u00abAqu\u00ed estamos siempre abriendo y cerrando etapas. Parecemos porteros de edificio. Las etapas alguien las cierra en un sitio y otros de los que est\u00e1n en tu entorno las cierran en otro. El documental sirve como recapitulaci\u00f3n y tambi\u00e9n como \u00e1lbum de fotos. Hay algunas cosas conocidas. Otras no tanto. Lo m\u00e1s interesante son las versiones que dan las personas involucradas en el proceso. Algunos viven en la inopia\u00bb, dice de quienes van complementando su historia a lo largo de tres cap\u00edtulos.Alejandro Sanz es un tipo con Moratalaz diluido, andaluz por la manera de mirar lo que le rodea y latino por \u00f3smosis. En su manera de pronunciar algunas palabras puede comprobarse su filiaci\u00f3n al grupo de artistas errantes cuya nacionalidad es el estudio. Componer, grabar, sacar disco y promocionar son las rutinas. Habla un castellano con deje de ciudadano del mundo. \u00abMi relaci\u00f3n con la actualidad es muy t\u00f3xica. Estoy ley\u00e9ndome un libro de ajedrez que me est\u00e1 llamando la atenci\u00f3n. Y leyendo a [Charles] Bukowski. Es lo mejor que puedes hacer en estos tiempos. Vivimos el circo de los extremos. Todo lo que te podr\u00edas encontrar en un circo ahora mismo est\u00e1 en el Parlamento sin ning\u00fan tipo de pudor\u00bb, se\u00f1ala.A Bukowski ha llegado a trav\u00e9s de Pulp, la \u00faltima novela del autor estadounidense. \u00abEs sorprendente. No defrauda. Dudo mucho que hubiera podido escribir con esa libertad en estos tiempos\u00bb. Alejandro Sanz fue una suerte de mediador entre Pablo Motos y David Broncano cuando ambos coincidieron en el ring del prime time. La an\u00e9cdota sirve para catar la polarizaci\u00f3n. \u00abEstoy agotado\u00bb, advierte. \u00abEscrib\u00ed 12x8, una canci\u00f3n, hace tiempo. Dec\u00eda la letra: &#039;Dejen de informar a este pobre coraz\u00f3n&#039;. Necesito descansar. La polarizaci\u00f3n es la herramienta de los poderosos. En definitiva es donde nos quieren llevar a todos. A estar polarizados. As\u00ed somos muy manejables. No hay sentido com\u00fan. S\u00f3lo pasi\u00f3n. Tu compras un discurso o el otro. Y los que estamos enmedio somos lo peor. \u00a1Bueno! Somos unos extremistas\u00bb, resuelve.Aludir al menoscabo de la libertad de expresi\u00f3n, o de la libertad del artista, es un clich\u00e9. Un estribillo. \u00bfEstamos m\u00e1s atados ahora que antes? \u00abHan cambiado muchas formas de hablar que se daban por hecho o eran v\u00e1lidas. El pensamiento se forma con estructuras de lenguaje. Es muy liberador, para los que hemos crecido en otra \u00e9poca, leer a escritores como Bukowski. Es un disparate, pero el arte debe tener ese lado de disparate y que se qued\u00e9 ah\u00ed\u00bb.Viene botando la acusaci\u00f3n a Julio Iglesias, archivada por la Fiscal\u00eda de la Audiencia Nacional. De todas formas, algunos de los v\u00eddeos protagonizados por el int\u00e9rpete de Soy un truh\u00e1n muestran el choque de civilizaciones. El pasado resulta muy pasado. \u00abSe extrapola todo. Se crispa absolutamente todo. Todo debe ser pol\u00edtica. Como en casos como el de Julio Iglesias. Dejen a la justicia hacer su trabajo y ya hablaremos. No puede instrumentalizarse todo. Creo en la democracia y en la justicia. Es el mejor modelo, con todos sus defectos\u00bb, analiza.Hay un enfado ambiental, algo chungo en el aire, una queja -no un quejido- repetido. \u00abAlguien dijo en una entrevista que vivimos en el mejor momento de la Historia de la Humanidad. No s\u00e9 si lo comparto, pero fue abrir una ventana. Me gusta pensar que s\u00ed. Todo nos parece poco. El otro d\u00eda est\u00e1bamos hablando con alguien que estaba donde hacen los cayucos en \u00c1frica. Dec\u00eda que mucha de la gente que viene de all\u00ed no vive mal. Tienen una vida... M\u00e1s o menos. Ellos vienen porque creen que van a estar mejor. Y se encuentran que aqu\u00ed pues tampoco est\u00e1n tan bien. Extrapolado a nuestra situaci\u00f3n, vivimos mucho mejor y no tenemos bastante. Todo genera una insatisfacci\u00f3n\u00bb.Aparece un poco cansado por la acumulaci\u00f3n de preguntas. Bromea cuando identifica alguna repetida. Propicia cierta cercan\u00eda. Sabe camelar a su interlocutor a la vez que practica el escapismo. \u00abDespu\u00e9s de las vacaciones cuesta retomar el trabajo\u00bb, resopla. \u00abNo, no he estado de vacaciones. Pero hay que cambiar el chip para las entrevistas. Eso de andar en casa todo el d\u00eda en bata... Luego te tienes que poner aqu\u00ed. A Paco de Luc\u00eda, que estaba todo el d\u00eda en chanclas, le molestaban mucho los zapatos. Tienes que buscarte unas zapatillas redondas o unos zapatos redondos, le dec\u00eda\u00bb, comenta y se acomoda.Ya no conserva ninguna man\u00eda. Es un hombre sin man\u00edas ni supersticiones. Aireado, al fin y al cabo. \u00abMe las he quitado. Te lo juro. Es lo mejor. A un concierto voy a cantar. No quiero a\u00f1adirme m\u00e1s presi\u00f3n\u00bb. Acab\u00f3 acumulando, entre otras cosas, much\u00edsimas pulseras. \u00abMe acuerdo de cuando me regalaban pulseritas al inicio de las giras. Si te va bien el concierto, la culpa es de la pulsera. Al final te hace falta otro brazo\u00bb. Vuelve a re\u00edr.\" \/>\n<meta name=\"robots\" content=\"noindex, follow, max-snippet:-1, max-image-preview:large, max-video-preview:-1\" \/>\n<meta property=\"og:locale\" content=\"es_ES\" \/>\n<meta property=\"og:type\" content=\"article\" \/>\n<meta property=\"og:title\" content=\"La fascinaci\u00f3n de Alejandro Sanz por Bukowski: &quot;Es muy liberador leer a autores como \u00e9l para gente de mi generaci\u00f3n&quot; - vof-news.eu\" \/>\n<meta property=\"og:description\" content=\"No queda demasiado tiempo para que Alejandro Sanz vuelva por donde ha venido. Un iPad da la cuenta atr\u00e1s. Son los \u00faltimos minutos de la \u00faltima entrevista. \u00abMe encanta este reloj de arena. Es mi aliado\u00bb, bromea el cantante. Otro de nuestros cantantes universales. Promociona el documental Cuando nadie me ve (Movistar Plus+), un recorrido por su biograf\u00eda, una primera meta volante. Hasta aqu\u00ed podr\u00eda darse por finalizada una etapa. \u00abAqu\u00ed estamos siempre abriendo y cerrando etapas. Parecemos porteros de edificio. Las etapas alguien las cierra en un sitio y otros de los que est\u00e1n en tu entorno las cierran en otro. El documental sirve como recapitulaci\u00f3n y tambi\u00e9n como \u00e1lbum de fotos. Hay algunas cosas conocidas. Otras no tanto. Lo m\u00e1s interesante son las versiones que dan las personas involucradas en el proceso. Algunos viven en la inopia\u00bb, dice de quienes van complementando su historia a lo largo de tres cap\u00edtulos.Alejandro Sanz es un tipo con Moratalaz diluido, andaluz por la manera de mirar lo que le rodea y latino por \u00f3smosis. En su manera de pronunciar algunas palabras puede comprobarse su filiaci\u00f3n al grupo de artistas errantes cuya nacionalidad es el estudio. Componer, grabar, sacar disco y promocionar son las rutinas. Habla un castellano con deje de ciudadano del mundo. \u00abMi relaci\u00f3n con la actualidad es muy t\u00f3xica. Estoy ley\u00e9ndome un libro de ajedrez que me est\u00e1 llamando la atenci\u00f3n. Y leyendo a [Charles] Bukowski. Es lo mejor que puedes hacer en estos tiempos. Vivimos el circo de los extremos. Todo lo que te podr\u00edas encontrar en un circo ahora mismo est\u00e1 en el Parlamento sin ning\u00fan tipo de pudor\u00bb, se\u00f1ala.A Bukowski ha llegado a trav\u00e9s de Pulp, la \u00faltima novela del autor estadounidense. \u00abEs sorprendente. No defrauda. Dudo mucho que hubiera podido escribir con esa libertad en estos tiempos\u00bb. Alejandro Sanz fue una suerte de mediador entre Pablo Motos y David Broncano cuando ambos coincidieron en el ring del prime time. La an\u00e9cdota sirve para catar la polarizaci\u00f3n. \u00abEstoy agotado\u00bb, advierte. \u00abEscrib\u00ed 12x8, una canci\u00f3n, hace tiempo. Dec\u00eda la letra: &#039;Dejen de informar a este pobre coraz\u00f3n&#039;. Necesito descansar. La polarizaci\u00f3n es la herramienta de los poderosos. En definitiva es donde nos quieren llevar a todos. A estar polarizados. As\u00ed somos muy manejables. No hay sentido com\u00fan. S\u00f3lo pasi\u00f3n. Tu compras un discurso o el otro. Y los que estamos enmedio somos lo peor. \u00a1Bueno! Somos unos extremistas\u00bb, resuelve.Aludir al menoscabo de la libertad de expresi\u00f3n, o de la libertad del artista, es un clich\u00e9. Un estribillo. \u00bfEstamos m\u00e1s atados ahora que antes? \u00abHan cambiado muchas formas de hablar que se daban por hecho o eran v\u00e1lidas. El pensamiento se forma con estructuras de lenguaje. Es muy liberador, para los que hemos crecido en otra \u00e9poca, leer a escritores como Bukowski. Es un disparate, pero el arte debe tener ese lado de disparate y que se qued\u00e9 ah\u00ed\u00bb.Viene botando la acusaci\u00f3n a Julio Iglesias, archivada por la Fiscal\u00eda de la Audiencia Nacional. De todas formas, algunos de los v\u00eddeos protagonizados por el int\u00e9rpete de Soy un truh\u00e1n muestran el choque de civilizaciones. El pasado resulta muy pasado. \u00abSe extrapola todo. Se crispa absolutamente todo. Todo debe ser pol\u00edtica. Como en casos como el de Julio Iglesias. Dejen a la justicia hacer su trabajo y ya hablaremos. No puede instrumentalizarse todo. Creo en la democracia y en la justicia. Es el mejor modelo, con todos sus defectos\u00bb, analiza.Hay un enfado ambiental, algo chungo en el aire, una queja -no un quejido- repetido. \u00abAlguien dijo en una entrevista que vivimos en el mejor momento de la Historia de la Humanidad. No s\u00e9 si lo comparto, pero fue abrir una ventana. Me gusta pensar que s\u00ed. Todo nos parece poco. El otro d\u00eda est\u00e1bamos hablando con alguien que estaba donde hacen los cayucos en \u00c1frica. Dec\u00eda que mucha de la gente que viene de all\u00ed no vive mal. Tienen una vida... M\u00e1s o menos. Ellos vienen porque creen que van a estar mejor. Y se encuentran que aqu\u00ed pues tampoco est\u00e1n tan bien. Extrapolado a nuestra situaci\u00f3n, vivimos mucho mejor y no tenemos bastante. Todo genera una insatisfacci\u00f3n\u00bb.Aparece un poco cansado por la acumulaci\u00f3n de preguntas. Bromea cuando identifica alguna repetida. Propicia cierta cercan\u00eda. Sabe camelar a su interlocutor a la vez que practica el escapismo. \u00abDespu\u00e9s de las vacaciones cuesta retomar el trabajo\u00bb, resopla. \u00abNo, no he estado de vacaciones. Pero hay que cambiar el chip para las entrevistas. Eso de andar en casa todo el d\u00eda en bata... Luego te tienes que poner aqu\u00ed. A Paco de Luc\u00eda, que estaba todo el d\u00eda en chanclas, le molestaban mucho los zapatos. Tienes que buscarte unas zapatillas redondas o unos zapatos redondos, le dec\u00eda\u00bb, comenta y se acomoda.Ya no conserva ninguna man\u00eda. Es un hombre sin man\u00edas ni supersticiones. Aireado, al fin y al cabo. \u00abMe las he quitado. Te lo juro. Es lo mejor. A un concierto voy a cantar. No quiero a\u00f1adirme m\u00e1s presi\u00f3n\u00bb. Acab\u00f3 acumulando, entre otras cosas, much\u00edsimas pulseras. \u00abMe acuerdo de cuando me regalaban pulseritas al inicio de las giras. Si te va bien el concierto, la culpa es de la pulsera. Al final te hace falta otro brazo\u00bb. Vuelve a re\u00edr.\" \/>\n<meta property=\"og:url\" content=\"https:\/\/vof-news.eu\/es\/la-fascinacion-de-alejandro-sanz-por-bukowski-es-muy-liberador-leer-a-autores-como-el-para-gente-de-mi-generacion\/\" \/>\n<meta property=\"og:site_name\" content=\"vof-news.eu\" \/>\n<meta property=\"article:published_time\" content=\"2026-01-28T22:20:31+00:00\" \/>\n<meta property=\"article:modified_time\" content=\"2026-01-28T22:22:11+00:00\" \/>\n<meta property=\"og:image\" content=\"https:\/\/vof-news.eu\/wp-content\/uploads\/2026\/01\/17696270539088.jpg\" \/>\n\t<meta property=\"og:image:width\" content=\"1366\" \/>\n\t<meta property=\"og:image:height\" content=\"1025\" \/>\n\t<meta property=\"og:image:type\" content=\"image\/jpeg\" \/>\n<meta name=\"author\" content=\"Author\" \/>\n<meta name=\"twitter:card\" content=\"summary_large_image\" \/>\n<meta name=\"twitter:label1\" content=\"Escrito por\" \/>\n\t<meta name=\"twitter:data1\" content=\"Author\" \/>\n\t<meta name=\"twitter:label2\" content=\"Tiempo de lectura\" \/>\n\t<meta name=\"twitter:data2\" content=\"5 minutos\" \/>\n<script type=\"application\/ld+json\" class=\"yoast-schema-graph\">{\"@context\":\"https:\/\/schema.org\",\"@graph\":[{\"@type\":\"WebPage\",\"@id\":\"https:\/\/vof-news.eu\/es\/la-fascinacion-de-alejandro-sanz-por-bukowski-es-muy-liberador-leer-a-autores-como-el-para-gente-de-mi-generacion\/\",\"url\":\"https:\/\/vof-news.eu\/es\/la-fascinacion-de-alejandro-sanz-por-bukowski-es-muy-liberador-leer-a-autores-como-el-para-gente-de-mi-generacion\/\",\"name\":\"La fascinaci\u00f3n de Alejandro Sanz por Bukowski: \\\"Es muy liberador leer a autores como \u00e9l para gente de mi generaci\u00f3n\\\" - vof-news.eu\",\"isPartOf\":{\"@id\":\"https:\/\/vof-news.eu\/es\/#website\"},\"primaryImageOfPage\":{\"@id\":\"https:\/\/vof-news.eu\/es\/la-fascinacion-de-alejandro-sanz-por-bukowski-es-muy-liberador-leer-a-autores-como-el-para-gente-de-mi-generacion\/#primaryimage\"},\"image\":{\"@id\":\"https:\/\/vof-news.eu\/es\/la-fascinacion-de-alejandro-sanz-por-bukowski-es-muy-liberador-leer-a-autores-como-el-para-gente-de-mi-generacion\/#primaryimage\"},\"thumbnailUrl\":\"https:\/\/vof-news.eu\/wp-content\/uploads\/2026\/01\/17696270539088.jpg\",\"datePublished\":\"2026-01-28T22:20:31+00:00\",\"dateModified\":\"2026-01-28T22:22:11+00:00\",\"author\":{\"@id\":\"https:\/\/vof-news.eu\/es\/#\/schema\/person\/f6a2a4309f0561835797fd8c19b333ed\"},\"description\":\"No queda demasiado tiempo para que Alejandro Sanz vuelva por donde ha venido. Un iPad da la cuenta atr\u00e1s. Son los \u00faltimos minutos de la \u00faltima entrevista. \u00abMe encanta este reloj de arena. Es mi aliado\u00bb, bromea el cantante. Otro de nuestros cantantes universales. Promociona el documental Cuando nadie me ve (Movistar Plus+), un recorrido por su biograf\u00eda, una primera meta volante. Hasta aqu\u00ed podr\u00eda darse por finalizada una etapa. \u00abAqu\u00ed estamos siempre abriendo y cerrando etapas. Parecemos porteros de edificio. Las etapas alguien las cierra en un sitio y otros de los que est\u00e1n en tu entorno las cierran en otro. El documental sirve como recapitulaci\u00f3n y tambi\u00e9n como \u00e1lbum de fotos. Hay algunas cosas conocidas. Otras no tanto. Lo m\u00e1s interesante son las versiones que dan las personas involucradas en el proceso. Algunos viven en la inopia\u00bb, dice de quienes van complementando su historia a lo largo de tres cap\u00edtulos.Alejandro Sanz es un tipo con Moratalaz diluido, andaluz por la manera de mirar lo que le rodea y latino por \u00f3smosis. En su manera de pronunciar algunas palabras puede comprobarse su filiaci\u00f3n al grupo de artistas errantes cuya nacionalidad es el estudio. Componer, grabar, sacar disco y promocionar son las rutinas. Habla un castellano con deje de ciudadano del mundo. \u00abMi relaci\u00f3n con la actualidad es muy t\u00f3xica. Estoy ley\u00e9ndome un libro de ajedrez que me est\u00e1 llamando la atenci\u00f3n. Y leyendo a [Charles] Bukowski. Es lo mejor que puedes hacer en estos tiempos. Vivimos el circo de los extremos. Todo lo que te podr\u00edas encontrar en un circo ahora mismo est\u00e1 en el Parlamento sin ning\u00fan tipo de pudor\u00bb, se\u00f1ala.A Bukowski ha llegado a trav\u00e9s de Pulp, la \u00faltima novela del autor estadounidense. \u00abEs sorprendente. No defrauda. Dudo mucho que hubiera podido escribir con esa libertad en estos tiempos\u00bb. Alejandro Sanz fue una suerte de mediador entre Pablo Motos y David Broncano cuando ambos coincidieron en el ring del prime time. La an\u00e9cdota sirve para catar la polarizaci\u00f3n. \u00abEstoy agotado\u00bb, advierte. \u00abEscrib\u00ed 12x8, una canci\u00f3n, hace tiempo. Dec\u00eda la letra: 'Dejen de informar a este pobre coraz\u00f3n'. Necesito descansar. La polarizaci\u00f3n es la herramienta de los poderosos. En definitiva es donde nos quieren llevar a todos. A estar polarizados. As\u00ed somos muy manejables. No hay sentido com\u00fan. S\u00f3lo pasi\u00f3n. Tu compras un discurso o el otro. Y los que estamos enmedio somos lo peor. \u00a1Bueno! Somos unos extremistas\u00bb, resuelve.Aludir al menoscabo de la libertad de expresi\u00f3n, o de la libertad del artista, es un clich\u00e9. Un estribillo. \u00bfEstamos m\u00e1s atados ahora que antes? \u00abHan cambiado muchas formas de hablar que se daban por hecho o eran v\u00e1lidas. El pensamiento se forma con estructuras de lenguaje. Es muy liberador, para los que hemos crecido en otra \u00e9poca, leer a escritores como Bukowski. Es un disparate, pero el arte debe tener ese lado de disparate y que se qued\u00e9 ah\u00ed\u00bb.Viene botando la acusaci\u00f3n a Julio Iglesias, archivada por la Fiscal\u00eda de la Audiencia Nacional. De todas formas, algunos de los v\u00eddeos protagonizados por el int\u00e9rpete de Soy un truh\u00e1n muestran el choque de civilizaciones. El pasado resulta muy pasado. \u00abSe extrapola todo. Se crispa absolutamente todo. Todo debe ser pol\u00edtica. Como en casos como el de Julio Iglesias. Dejen a la justicia hacer su trabajo y ya hablaremos. No puede instrumentalizarse todo. Creo en la democracia y en la justicia. Es el mejor modelo, con todos sus defectos\u00bb, analiza.Hay un enfado ambiental, algo chungo en el aire, una queja -no un quejido- repetido. \u00abAlguien dijo en una entrevista que vivimos en el mejor momento de la Historia de la Humanidad. No s\u00e9 si lo comparto, pero fue abrir una ventana. Me gusta pensar que s\u00ed. Todo nos parece poco. El otro d\u00eda est\u00e1bamos hablando con alguien que estaba donde hacen los cayucos en \u00c1frica. Dec\u00eda que mucha de la gente que viene de all\u00ed no vive mal. Tienen una vida... M\u00e1s o menos. Ellos vienen porque creen que van a estar mejor. Y se encuentran que aqu\u00ed pues tampoco est\u00e1n tan bien. Extrapolado a nuestra situaci\u00f3n, vivimos mucho mejor y no tenemos bastante. Todo genera una insatisfacci\u00f3n\u00bb.Aparece un poco cansado por la acumulaci\u00f3n de preguntas. Bromea cuando identifica alguna repetida. Propicia cierta cercan\u00eda. Sabe camelar a su interlocutor a la vez que practica el escapismo. \u00abDespu\u00e9s de las vacaciones cuesta retomar el trabajo\u00bb, resopla. \u00abNo, no he estado de vacaciones. Pero hay que cambiar el chip para las entrevistas. Eso de andar en casa todo el d\u00eda en bata... Luego te tienes que poner aqu\u00ed. A Paco de Luc\u00eda, que estaba todo el d\u00eda en chanclas, le molestaban mucho los zapatos. Tienes que buscarte unas zapatillas redondas o unos zapatos redondos, le dec\u00eda\u00bb, comenta y se acomoda.Ya no conserva ninguna man\u00eda. Es un hombre sin man\u00edas ni supersticiones. Aireado, al fin y al cabo. \u00abMe las he quitado. Te lo juro. Es lo mejor. A un concierto voy a cantar. No quiero a\u00f1adirme m\u00e1s presi\u00f3n\u00bb. Acab\u00f3 acumulando, entre otras cosas, much\u00edsimas pulseras. \u00abMe acuerdo de cuando me regalaban pulseritas al inicio de las giras. Si te va bien el concierto, la culpa es de la pulsera. Al final te hace falta otro brazo\u00bb. Vuelve a re\u00edr.\",\"breadcrumb\":{\"@id\":\"https:\/\/vof-news.eu\/es\/la-fascinacion-de-alejandro-sanz-por-bukowski-es-muy-liberador-leer-a-autores-como-el-para-gente-de-mi-generacion\/#breadcrumb\"},\"inLanguage\":\"es\",\"potentialAction\":[{\"@type\":\"ReadAction\",\"target\":[\"https:\/\/vof-news.eu\/es\/la-fascinacion-de-alejandro-sanz-por-bukowski-es-muy-liberador-leer-a-autores-como-el-para-gente-de-mi-generacion\/\"]}]},{\"@type\":\"ImageObject\",\"inLanguage\":\"es\",\"@id\":\"https:\/\/vof-news.eu\/es\/la-fascinacion-de-alejandro-sanz-por-bukowski-es-muy-liberador-leer-a-autores-como-el-para-gente-de-mi-generacion\/#primaryimage\",\"url\":\"https:\/\/vof-news.eu\/wp-content\/uploads\/2026\/01\/17696270539088.jpg\",\"contentUrl\":\"https:\/\/vof-news.eu\/wp-content\/uploads\/2026\/01\/17696270539088.jpg\",\"width\":1366,\"height\":1025},{\"@type\":\"BreadcrumbList\",\"@id\":\"https:\/\/vof-news.eu\/es\/la-fascinacion-de-alejandro-sanz-por-bukowski-es-muy-liberador-leer-a-autores-como-el-para-gente-de-mi-generacion\/#breadcrumb\",\"itemListElement\":[{\"@type\":\"ListItem\",\"position\":1,\"name\":\"Home\",\"item\":\"https:\/\/vof-news.eu\/es\/\"},{\"@type\":\"ListItem\",\"position\":2,\"name\":\"La fascinaci\u00f3n de Alejandro Sanz por Bukowski: &#8220;Es muy liberador leer a autores como \u00e9l para gente de mi generaci\u00f3n&#8221;\"}]},{\"@type\":\"WebSite\",\"@id\":\"https:\/\/vof-news.eu\/es\/#website\",\"url\":\"https:\/\/vof-news.eu\/es\/\",\"name\":\"vof-news.eu\",\"description\":\"\",\"potentialAction\":[{\"@type\":\"SearchAction\",\"target\":{\"@type\":\"EntryPoint\",\"urlTemplate\":\"https:\/\/vof-news.eu\/es\/?s={search_term_string}\"},\"query-input\":\"required name=search_term_string\"}],\"inLanguage\":\"es\"},{\"@type\":\"Person\",\"@id\":\"https:\/\/vof-news.eu\/es\/#\/schema\/person\/f6a2a4309f0561835797fd8c19b333ed\",\"name\":\"Author\",\"image\":{\"@type\":\"ImageObject\",\"inLanguage\":\"es\",\"@id\":\"https:\/\/vof-news.eu\/es\/#\/schema\/person\/image\/\",\"url\":\"https:\/\/secure.gravatar.com\/avatar\/b67e614b1b25b3e9c0c239efdd2fde5ab015b5affd6f1c3c85911ca4b384e790?s=96&d=mm&r=g\",\"contentUrl\":\"https:\/\/secure.gravatar.com\/avatar\/b67e614b1b25b3e9c0c239efdd2fde5ab015b5affd6f1c3c85911ca4b384e790?s=96&d=mm&r=g\",\"caption\":\"Author\"},\"sameAs\":[\"http:\/\/vof-news.eu\"],\"url\":\"https:\/\/vof-news.eu\/es\/author\/zwt6qxnjulxbnyg\/\"}]}<\/script>\n<!-- \/ Yoast SEO plugin. -->","yoast_head_json":{"title":"La fascinaci\u00f3n de Alejandro Sanz por Bukowski: \"Es muy liberador leer a autores como \u00e9l para gente de mi generaci\u00f3n\" - vof-news.eu","description":"No queda demasiado tiempo para que Alejandro Sanz vuelva por donde ha venido. Un iPad da la cuenta atr\u00e1s. Son los \u00faltimos minutos de la \u00faltima entrevista. \u00abMe encanta este reloj de arena. Es mi aliado\u00bb, bromea el cantante. Otro de nuestros cantantes universales. Promociona el documental Cuando nadie me ve (Movistar Plus+), un recorrido por su biograf\u00eda, una primera meta volante. Hasta aqu\u00ed podr\u00eda darse por finalizada una etapa. \u00abAqu\u00ed estamos siempre abriendo y cerrando etapas. Parecemos porteros de edificio. Las etapas alguien las cierra en un sitio y otros de los que est\u00e1n en tu entorno las cierran en otro. El documental sirve como recapitulaci\u00f3n y tambi\u00e9n como \u00e1lbum de fotos. Hay algunas cosas conocidas. Otras no tanto. Lo m\u00e1s interesante son las versiones que dan las personas involucradas en el proceso. Algunos viven en la inopia\u00bb, dice de quienes van complementando su historia a lo largo de tres cap\u00edtulos.Alejandro Sanz es un tipo con Moratalaz diluido, andaluz por la manera de mirar lo que le rodea y latino por \u00f3smosis. En su manera de pronunciar algunas palabras puede comprobarse su filiaci\u00f3n al grupo de artistas errantes cuya nacionalidad es el estudio. Componer, grabar, sacar disco y promocionar son las rutinas. Habla un castellano con deje de ciudadano del mundo. \u00abMi relaci\u00f3n con la actualidad es muy t\u00f3xica. Estoy ley\u00e9ndome un libro de ajedrez que me est\u00e1 llamando la atenci\u00f3n. Y leyendo a [Charles] Bukowski. Es lo mejor que puedes hacer en estos tiempos. Vivimos el circo de los extremos. Todo lo que te podr\u00edas encontrar en un circo ahora mismo est\u00e1 en el Parlamento sin ning\u00fan tipo de pudor\u00bb, se\u00f1ala.A Bukowski ha llegado a trav\u00e9s de Pulp, la \u00faltima novela del autor estadounidense. \u00abEs sorprendente. No defrauda. Dudo mucho que hubiera podido escribir con esa libertad en estos tiempos\u00bb. Alejandro Sanz fue una suerte de mediador entre Pablo Motos y David Broncano cuando ambos coincidieron en el ring del prime time. La an\u00e9cdota sirve para catar la polarizaci\u00f3n. \u00abEstoy agotado\u00bb, advierte. \u00abEscrib\u00ed 12x8, una canci\u00f3n, hace tiempo. Dec\u00eda la letra: 'Dejen de informar a este pobre coraz\u00f3n'. Necesito descansar. La polarizaci\u00f3n es la herramienta de los poderosos. En definitiva es donde nos quieren llevar a todos. A estar polarizados. As\u00ed somos muy manejables. No hay sentido com\u00fan. S\u00f3lo pasi\u00f3n. Tu compras un discurso o el otro. Y los que estamos enmedio somos lo peor. \u00a1Bueno! Somos unos extremistas\u00bb, resuelve.Aludir al menoscabo de la libertad de expresi\u00f3n, o de la libertad del artista, es un clich\u00e9. Un estribillo. \u00bfEstamos m\u00e1s atados ahora que antes? \u00abHan cambiado muchas formas de hablar que se daban por hecho o eran v\u00e1lidas. El pensamiento se forma con estructuras de lenguaje. Es muy liberador, para los que hemos crecido en otra \u00e9poca, leer a escritores como Bukowski. Es un disparate, pero el arte debe tener ese lado de disparate y que se qued\u00e9 ah\u00ed\u00bb.Viene botando la acusaci\u00f3n a Julio Iglesias, archivada por la Fiscal\u00eda de la Audiencia Nacional. De todas formas, algunos de los v\u00eddeos protagonizados por el int\u00e9rpete de Soy un truh\u00e1n muestran el choque de civilizaciones. El pasado resulta muy pasado. \u00abSe extrapola todo. Se crispa absolutamente todo. Todo debe ser pol\u00edtica. Como en casos como el de Julio Iglesias. Dejen a la justicia hacer su trabajo y ya hablaremos. No puede instrumentalizarse todo. Creo en la democracia y en la justicia. Es el mejor modelo, con todos sus defectos\u00bb, analiza.Hay un enfado ambiental, algo chungo en el aire, una queja -no un quejido- repetido. \u00abAlguien dijo en una entrevista que vivimos en el mejor momento de la Historia de la Humanidad. No s\u00e9 si lo comparto, pero fue abrir una ventana. Me gusta pensar que s\u00ed. Todo nos parece poco. El otro d\u00eda est\u00e1bamos hablando con alguien que estaba donde hacen los cayucos en \u00c1frica. Dec\u00eda que mucha de la gente que viene de all\u00ed no vive mal. Tienen una vida... M\u00e1s o menos. Ellos vienen porque creen que van a estar mejor. Y se encuentran que aqu\u00ed pues tampoco est\u00e1n tan bien. Extrapolado a nuestra situaci\u00f3n, vivimos mucho mejor y no tenemos bastante. Todo genera una insatisfacci\u00f3n\u00bb.Aparece un poco cansado por la acumulaci\u00f3n de preguntas. Bromea cuando identifica alguna repetida. Propicia cierta cercan\u00eda. Sabe camelar a su interlocutor a la vez que practica el escapismo. \u00abDespu\u00e9s de las vacaciones cuesta retomar el trabajo\u00bb, resopla. \u00abNo, no he estado de vacaciones. Pero hay que cambiar el chip para las entrevistas. Eso de andar en casa todo el d\u00eda en bata... Luego te tienes que poner aqu\u00ed. A Paco de Luc\u00eda, que estaba todo el d\u00eda en chanclas, le molestaban mucho los zapatos. Tienes que buscarte unas zapatillas redondas o unos zapatos redondos, le dec\u00eda\u00bb, comenta y se acomoda.Ya no conserva ninguna man\u00eda. Es un hombre sin man\u00edas ni supersticiones. Aireado, al fin y al cabo. \u00abMe las he quitado. Te lo juro. Es lo mejor. A un concierto voy a cantar. No quiero a\u00f1adirme m\u00e1s presi\u00f3n\u00bb. Acab\u00f3 acumulando, entre otras cosas, much\u00edsimas pulseras. \u00abMe acuerdo de cuando me regalaban pulseritas al inicio de las giras. Si te va bien el concierto, la culpa es de la pulsera. Al final te hace falta otro brazo\u00bb. Vuelve a re\u00edr.","robots":{"index":"noindex","follow":"follow","max-snippet":"max-snippet:-1","max-image-preview":"max-image-preview:large","max-video-preview":"max-video-preview:-1"},"og_locale":"es_ES","og_type":"article","og_title":"La fascinaci\u00f3n de Alejandro Sanz por Bukowski: \"Es muy liberador leer a autores como \u00e9l para gente de mi generaci\u00f3n\" - vof-news.eu","og_description":"No queda demasiado tiempo para que Alejandro Sanz vuelva por donde ha venido. Un iPad da la cuenta atr\u00e1s. Son los \u00faltimos minutos de la \u00faltima entrevista. \u00abMe encanta este reloj de arena. Es mi aliado\u00bb, bromea el cantante. Otro de nuestros cantantes universales. Promociona el documental Cuando nadie me ve (Movistar Plus+), un recorrido por su biograf\u00eda, una primera meta volante. Hasta aqu\u00ed podr\u00eda darse por finalizada una etapa. \u00abAqu\u00ed estamos siempre abriendo y cerrando etapas. Parecemos porteros de edificio. Las etapas alguien las cierra en un sitio y otros de los que est\u00e1n en tu entorno las cierran en otro. El documental sirve como recapitulaci\u00f3n y tambi\u00e9n como \u00e1lbum de fotos. Hay algunas cosas conocidas. Otras no tanto. Lo m\u00e1s interesante son las versiones que dan las personas involucradas en el proceso. Algunos viven en la inopia\u00bb, dice de quienes van complementando su historia a lo largo de tres cap\u00edtulos.Alejandro Sanz es un tipo con Moratalaz diluido, andaluz por la manera de mirar lo que le rodea y latino por \u00f3smosis. En su manera de pronunciar algunas palabras puede comprobarse su filiaci\u00f3n al grupo de artistas errantes cuya nacionalidad es el estudio. Componer, grabar, sacar disco y promocionar son las rutinas. Habla un castellano con deje de ciudadano del mundo. \u00abMi relaci\u00f3n con la actualidad es muy t\u00f3xica. Estoy ley\u00e9ndome un libro de ajedrez que me est\u00e1 llamando la atenci\u00f3n. Y leyendo a [Charles] Bukowski. Es lo mejor que puedes hacer en estos tiempos. Vivimos el circo de los extremos. Todo lo que te podr\u00edas encontrar en un circo ahora mismo est\u00e1 en el Parlamento sin ning\u00fan tipo de pudor\u00bb, se\u00f1ala.A Bukowski ha llegado a trav\u00e9s de Pulp, la \u00faltima novela del autor estadounidense. \u00abEs sorprendente. No defrauda. Dudo mucho que hubiera podido escribir con esa libertad en estos tiempos\u00bb. Alejandro Sanz fue una suerte de mediador entre Pablo Motos y David Broncano cuando ambos coincidieron en el ring del prime time. La an\u00e9cdota sirve para catar la polarizaci\u00f3n. \u00abEstoy agotado\u00bb, advierte. \u00abEscrib\u00ed 12x8, una canci\u00f3n, hace tiempo. Dec\u00eda la letra: 'Dejen de informar a este pobre coraz\u00f3n'. Necesito descansar. La polarizaci\u00f3n es la herramienta de los poderosos. En definitiva es donde nos quieren llevar a todos. A estar polarizados. As\u00ed somos muy manejables. No hay sentido com\u00fan. S\u00f3lo pasi\u00f3n. Tu compras un discurso o el otro. Y los que estamos enmedio somos lo peor. \u00a1Bueno! Somos unos extremistas\u00bb, resuelve.Aludir al menoscabo de la libertad de expresi\u00f3n, o de la libertad del artista, es un clich\u00e9. Un estribillo. \u00bfEstamos m\u00e1s atados ahora que antes? \u00abHan cambiado muchas formas de hablar que se daban por hecho o eran v\u00e1lidas. El pensamiento se forma con estructuras de lenguaje. Es muy liberador, para los que hemos crecido en otra \u00e9poca, leer a escritores como Bukowski. Es un disparate, pero el arte debe tener ese lado de disparate y que se qued\u00e9 ah\u00ed\u00bb.Viene botando la acusaci\u00f3n a Julio Iglesias, archivada por la Fiscal\u00eda de la Audiencia Nacional. De todas formas, algunos de los v\u00eddeos protagonizados por el int\u00e9rpete de Soy un truh\u00e1n muestran el choque de civilizaciones. El pasado resulta muy pasado. \u00abSe extrapola todo. Se crispa absolutamente todo. Todo debe ser pol\u00edtica. Como en casos como el de Julio Iglesias. Dejen a la justicia hacer su trabajo y ya hablaremos. No puede instrumentalizarse todo. Creo en la democracia y en la justicia. Es el mejor modelo, con todos sus defectos\u00bb, analiza.Hay un enfado ambiental, algo chungo en el aire, una queja -no un quejido- repetido. \u00abAlguien dijo en una entrevista que vivimos en el mejor momento de la Historia de la Humanidad. No s\u00e9 si lo comparto, pero fue abrir una ventana. Me gusta pensar que s\u00ed. Todo nos parece poco. El otro d\u00eda est\u00e1bamos hablando con alguien que estaba donde hacen los cayucos en \u00c1frica. Dec\u00eda que mucha de la gente que viene de all\u00ed no vive mal. Tienen una vida... M\u00e1s o menos. Ellos vienen porque creen que van a estar mejor. Y se encuentran que aqu\u00ed pues tampoco est\u00e1n tan bien. Extrapolado a nuestra situaci\u00f3n, vivimos mucho mejor y no tenemos bastante. Todo genera una insatisfacci\u00f3n\u00bb.Aparece un poco cansado por la acumulaci\u00f3n de preguntas. Bromea cuando identifica alguna repetida. Propicia cierta cercan\u00eda. Sabe camelar a su interlocutor a la vez que practica el escapismo. \u00abDespu\u00e9s de las vacaciones cuesta retomar el trabajo\u00bb, resopla. \u00abNo, no he estado de vacaciones. Pero hay que cambiar el chip para las entrevistas. Eso de andar en casa todo el d\u00eda en bata... Luego te tienes que poner aqu\u00ed. A Paco de Luc\u00eda, que estaba todo el d\u00eda en chanclas, le molestaban mucho los zapatos. Tienes que buscarte unas zapatillas redondas o unos zapatos redondos, le dec\u00eda\u00bb, comenta y se acomoda.Ya no conserva ninguna man\u00eda. Es un hombre sin man\u00edas ni supersticiones. Aireado, al fin y al cabo. \u00abMe las he quitado. Te lo juro. Es lo mejor. A un concierto voy a cantar. No quiero a\u00f1adirme m\u00e1s presi\u00f3n\u00bb. Acab\u00f3 acumulando, entre otras cosas, much\u00edsimas pulseras. \u00abMe acuerdo de cuando me regalaban pulseritas al inicio de las giras. Si te va bien el concierto, la culpa es de la pulsera. Al final te hace falta otro brazo\u00bb. Vuelve a re\u00edr.","og_url":"https:\/\/vof-news.eu\/es\/la-fascinacion-de-alejandro-sanz-por-bukowski-es-muy-liberador-leer-a-autores-como-el-para-gente-de-mi-generacion\/","og_site_name":"vof-news.eu","article_published_time":"2026-01-28T22:20:31+00:00","article_modified_time":"2026-01-28T22:22:11+00:00","og_image":[{"width":1366,"height":1025,"url":"https:\/\/vof-news.eu\/wp-content\/uploads\/2026\/01\/17696270539088.jpg","type":"image\/jpeg"}],"author":"Author","twitter_card":"summary_large_image","twitter_misc":{"Escrito por":"Author","Tiempo de lectura":"5 minutos"},"schema":{"@context":"https:\/\/schema.org","@graph":[{"@type":"WebPage","@id":"https:\/\/vof-news.eu\/es\/la-fascinacion-de-alejandro-sanz-por-bukowski-es-muy-liberador-leer-a-autores-como-el-para-gente-de-mi-generacion\/","url":"https:\/\/vof-news.eu\/es\/la-fascinacion-de-alejandro-sanz-por-bukowski-es-muy-liberador-leer-a-autores-como-el-para-gente-de-mi-generacion\/","name":"La fascinaci\u00f3n de Alejandro Sanz por Bukowski: \"Es muy liberador leer a autores como \u00e9l para gente de mi generaci\u00f3n\" - vof-news.eu","isPartOf":{"@id":"https:\/\/vof-news.eu\/es\/#website"},"primaryImageOfPage":{"@id":"https:\/\/vof-news.eu\/es\/la-fascinacion-de-alejandro-sanz-por-bukowski-es-muy-liberador-leer-a-autores-como-el-para-gente-de-mi-generacion\/#primaryimage"},"image":{"@id":"https:\/\/vof-news.eu\/es\/la-fascinacion-de-alejandro-sanz-por-bukowski-es-muy-liberador-leer-a-autores-como-el-para-gente-de-mi-generacion\/#primaryimage"},"thumbnailUrl":"https:\/\/vof-news.eu\/wp-content\/uploads\/2026\/01\/17696270539088.jpg","datePublished":"2026-01-28T22:20:31+00:00","dateModified":"2026-01-28T22:22:11+00:00","author":{"@id":"https:\/\/vof-news.eu\/es\/#\/schema\/person\/f6a2a4309f0561835797fd8c19b333ed"},"description":"No queda demasiado tiempo para que Alejandro Sanz vuelva por donde ha venido. Un iPad da la cuenta atr\u00e1s. Son los \u00faltimos minutos de la \u00faltima entrevista. \u00abMe encanta este reloj de arena. Es mi aliado\u00bb, bromea el cantante. Otro de nuestros cantantes universales. Promociona el documental Cuando nadie me ve (Movistar Plus+), un recorrido por su biograf\u00eda, una primera meta volante. Hasta aqu\u00ed podr\u00eda darse por finalizada una etapa. \u00abAqu\u00ed estamos siempre abriendo y cerrando etapas. Parecemos porteros de edificio. Las etapas alguien las cierra en un sitio y otros de los que est\u00e1n en tu entorno las cierran en otro. El documental sirve como recapitulaci\u00f3n y tambi\u00e9n como \u00e1lbum de fotos. Hay algunas cosas conocidas. Otras no tanto. Lo m\u00e1s interesante son las versiones que dan las personas involucradas en el proceso. Algunos viven en la inopia\u00bb, dice de quienes van complementando su historia a lo largo de tres cap\u00edtulos.Alejandro Sanz es un tipo con Moratalaz diluido, andaluz por la manera de mirar lo que le rodea y latino por \u00f3smosis. En su manera de pronunciar algunas palabras puede comprobarse su filiaci\u00f3n al grupo de artistas errantes cuya nacionalidad es el estudio. Componer, grabar, sacar disco y promocionar son las rutinas. Habla un castellano con deje de ciudadano del mundo. \u00abMi relaci\u00f3n con la actualidad es muy t\u00f3xica. Estoy ley\u00e9ndome un libro de ajedrez que me est\u00e1 llamando la atenci\u00f3n. Y leyendo a [Charles] Bukowski. Es lo mejor que puedes hacer en estos tiempos. Vivimos el circo de los extremos. Todo lo que te podr\u00edas encontrar en un circo ahora mismo est\u00e1 en el Parlamento sin ning\u00fan tipo de pudor\u00bb, se\u00f1ala.A Bukowski ha llegado a trav\u00e9s de Pulp, la \u00faltima novela del autor estadounidense. \u00abEs sorprendente. No defrauda. Dudo mucho que hubiera podido escribir con esa libertad en estos tiempos\u00bb. Alejandro Sanz fue una suerte de mediador entre Pablo Motos y David Broncano cuando ambos coincidieron en el ring del prime time. La an\u00e9cdota sirve para catar la polarizaci\u00f3n. \u00abEstoy agotado\u00bb, advierte. \u00abEscrib\u00ed 12x8, una canci\u00f3n, hace tiempo. Dec\u00eda la letra: 'Dejen de informar a este pobre coraz\u00f3n'. Necesito descansar. La polarizaci\u00f3n es la herramienta de los poderosos. En definitiva es donde nos quieren llevar a todos. A estar polarizados. As\u00ed somos muy manejables. No hay sentido com\u00fan. S\u00f3lo pasi\u00f3n. Tu compras un discurso o el otro. Y los que estamos enmedio somos lo peor. \u00a1Bueno! Somos unos extremistas\u00bb, resuelve.Aludir al menoscabo de la libertad de expresi\u00f3n, o de la libertad del artista, es un clich\u00e9. Un estribillo. \u00bfEstamos m\u00e1s atados ahora que antes? \u00abHan cambiado muchas formas de hablar que se daban por hecho o eran v\u00e1lidas. El pensamiento se forma con estructuras de lenguaje. Es muy liberador, para los que hemos crecido en otra \u00e9poca, leer a escritores como Bukowski. Es un disparate, pero el arte debe tener ese lado de disparate y que se qued\u00e9 ah\u00ed\u00bb.Viene botando la acusaci\u00f3n a Julio Iglesias, archivada por la Fiscal\u00eda de la Audiencia Nacional. De todas formas, algunos de los v\u00eddeos protagonizados por el int\u00e9rpete de Soy un truh\u00e1n muestran el choque de civilizaciones. El pasado resulta muy pasado. \u00abSe extrapola todo. Se crispa absolutamente todo. Todo debe ser pol\u00edtica. Como en casos como el de Julio Iglesias. Dejen a la justicia hacer su trabajo y ya hablaremos. No puede instrumentalizarse todo. Creo en la democracia y en la justicia. Es el mejor modelo, con todos sus defectos\u00bb, analiza.Hay un enfado ambiental, algo chungo en el aire, una queja -no un quejido- repetido. \u00abAlguien dijo en una entrevista que vivimos en el mejor momento de la Historia de la Humanidad. No s\u00e9 si lo comparto, pero fue abrir una ventana. Me gusta pensar que s\u00ed. Todo nos parece poco. El otro d\u00eda est\u00e1bamos hablando con alguien que estaba donde hacen los cayucos en \u00c1frica. Dec\u00eda que mucha de la gente que viene de all\u00ed no vive mal. Tienen una vida... M\u00e1s o menos. Ellos vienen porque creen que van a estar mejor. Y se encuentran que aqu\u00ed pues tampoco est\u00e1n tan bien. Extrapolado a nuestra situaci\u00f3n, vivimos mucho mejor y no tenemos bastante. Todo genera una insatisfacci\u00f3n\u00bb.Aparece un poco cansado por la acumulaci\u00f3n de preguntas. Bromea cuando identifica alguna repetida. Propicia cierta cercan\u00eda. Sabe camelar a su interlocutor a la vez que practica el escapismo. \u00abDespu\u00e9s de las vacaciones cuesta retomar el trabajo\u00bb, resopla. \u00abNo, no he estado de vacaciones. Pero hay que cambiar el chip para las entrevistas. Eso de andar en casa todo el d\u00eda en bata... Luego te tienes que poner aqu\u00ed. A Paco de Luc\u00eda, que estaba todo el d\u00eda en chanclas, le molestaban mucho los zapatos. Tienes que buscarte unas zapatillas redondas o unos zapatos redondos, le dec\u00eda\u00bb, comenta y se acomoda.Ya no conserva ninguna man\u00eda. Es un hombre sin man\u00edas ni supersticiones. Aireado, al fin y al cabo. \u00abMe las he quitado. Te lo juro. Es lo mejor. A un concierto voy a cantar. No quiero a\u00f1adirme m\u00e1s presi\u00f3n\u00bb. Acab\u00f3 acumulando, entre otras cosas, much\u00edsimas pulseras. \u00abMe acuerdo de cuando me regalaban pulseritas al inicio de las giras. Si te va bien el concierto, la culpa es de la pulsera. Al final te hace falta otro brazo\u00bb. Vuelve a re\u00edr.","breadcrumb":{"@id":"https:\/\/vof-news.eu\/es\/la-fascinacion-de-alejandro-sanz-por-bukowski-es-muy-liberador-leer-a-autores-como-el-para-gente-de-mi-generacion\/#breadcrumb"},"inLanguage":"es","potentialAction":[{"@type":"ReadAction","target":["https:\/\/vof-news.eu\/es\/la-fascinacion-de-alejandro-sanz-por-bukowski-es-muy-liberador-leer-a-autores-como-el-para-gente-de-mi-generacion\/"]}]},{"@type":"ImageObject","inLanguage":"es","@id":"https:\/\/vof-news.eu\/es\/la-fascinacion-de-alejandro-sanz-por-bukowski-es-muy-liberador-leer-a-autores-como-el-para-gente-de-mi-generacion\/#primaryimage","url":"https:\/\/vof-news.eu\/wp-content\/uploads\/2026\/01\/17696270539088.jpg","contentUrl":"https:\/\/vof-news.eu\/wp-content\/uploads\/2026\/01\/17696270539088.jpg","width":1366,"height":1025},{"@type":"BreadcrumbList","@id":"https:\/\/vof-news.eu\/es\/la-fascinacion-de-alejandro-sanz-por-bukowski-es-muy-liberador-leer-a-autores-como-el-para-gente-de-mi-generacion\/#breadcrumb","itemListElement":[{"@type":"ListItem","position":1,"name":"Home","item":"https:\/\/vof-news.eu\/es\/"},{"@type":"ListItem","position":2,"name":"La fascinaci\u00f3n de Alejandro Sanz por Bukowski: &#8220;Es muy liberador leer a autores como \u00e9l para gente de mi generaci\u00f3n&#8221;"}]},{"@type":"WebSite","@id":"https:\/\/vof-news.eu\/es\/#website","url":"https:\/\/vof-news.eu\/es\/","name":"vof-news.eu","description":"","potentialAction":[{"@type":"SearchAction","target":{"@type":"EntryPoint","urlTemplate":"https:\/\/vof-news.eu\/es\/?s={search_term_string}"},"query-input":"required name=search_term_string"}],"inLanguage":"es"},{"@type":"Person","@id":"https:\/\/vof-news.eu\/es\/#\/schema\/person\/f6a2a4309f0561835797fd8c19b333ed","name":"Author","image":{"@type":"ImageObject","inLanguage":"es","@id":"https:\/\/vof-news.eu\/es\/#\/schema\/person\/image\/","url":"https:\/\/secure.gravatar.com\/avatar\/b67e614b1b25b3e9c0c239efdd2fde5ab015b5affd6f1c3c85911ca4b384e790?s=96&d=mm&r=g","contentUrl":"https:\/\/secure.gravatar.com\/avatar\/b67e614b1b25b3e9c0c239efdd2fde5ab015b5affd6f1c3c85911ca4b384e790?s=96&d=mm&r=g","caption":"Author"},"sameAs":["http:\/\/vof-news.eu"],"url":"https:\/\/vof-news.eu\/es\/author\/zwt6qxnjulxbnyg\/"}]}},"yoast_meta":{"yoast_wpseo_title":"","yoast_wpseo_metadesc":"","yoast_wpseo_canonical":""},"_links":{"self":[{"href":"https:\/\/vof-news.eu\/es\/wp-json\/wp\/v2\/posts\/321325","targetHints":{"allow":["GET"]}}],"collection":[{"href":"https:\/\/vof-news.eu\/es\/wp-json\/wp\/v2\/posts"}],"about":[{"href":"https:\/\/vof-news.eu\/es\/wp-json\/wp\/v2\/types\/post"}],"author":[{"embeddable":true,"href":"https:\/\/vof-news.eu\/es\/wp-json\/wp\/v2\/users\/1"}],"replies":[{"embeddable":true,"href":"https:\/\/vof-news.eu\/es\/wp-json\/wp\/v2\/comments?post=321325"}],"version-history":[{"count":1,"href":"https:\/\/vof-news.eu\/es\/wp-json\/wp\/v2\/posts\/321325\/revisions"}],"predecessor-version":[{"id":321339,"href":"https:\/\/vof-news.eu\/es\/wp-json\/wp\/v2\/posts\/321325\/revisions\/321339"}],"wp:featuredmedia":[{"embeddable":true,"href":"https:\/\/vof-news.eu\/es\/wp-json\/wp\/v2\/media\/321326"}],"wp:attachment":[{"href":"https:\/\/vof-news.eu\/es\/wp-json\/wp\/v2\/media?parent=321325"}],"wp:term":[{"taxonomy":"category","embeddable":true,"href":"https:\/\/vof-news.eu\/es\/wp-json\/wp\/v2\/categories?post=321325"},{"taxonomy":"post_tag","embeddable":true,"href":"https:\/\/vof-news.eu\/es\/wp-json\/wp\/v2\/tags?post=321325"}],"curies":[{"name":"wp","href":"https:\/\/api.w.org\/{rel}","templated":true}]}}