{"id":321290,"date":"2026-01-28T23:19:29","date_gmt":"2026-01-28T20:19:29","guid":{"rendered":"https:\/\/vof-news.eu\/david-ucles-responde-a-la-cancelacion-del-congreso-de-la-guerra-civil-de-perez-reverte-para-mi-es-una-victoria\/"},"modified":"2026-01-28T23:19:56","modified_gmt":"2026-01-28T20:19:56","slug":"david-ucles-responde-a-la-cancelacion-del-congreso-de-la-guerra-civil-de-perez-reverte-para-mi-es-una-victoria","status":"publish","type":"post","link":"https:\/\/vof-news.eu\/es\/david-ucles-responde-a-la-cancelacion-del-congreso-de-la-guerra-civil-de-perez-reverte-para-mi-es-una-victoria\/","title":{"rendered":"David Ucl\u00e9s responde a la cancelaci\u00f3n del congreso de la Guerra Civil de P\u00e9rez-Reverte: \u00abPara m\u00ed, es una victoria\u00bb"},"content":{"rendered":"<div>\n<p>Dos horas despu\u00e9s de que <strong>Arturo P\u00e9rez-Reverte<\/strong> y Jes\u00fas Vigorra<a href=\"https:\/\/www.elmundo.es\/cultura\/literatura\/2026\/01\/28\/697a216ae85eceaf148b459c.html?activate-overlay=true\" rel=\"nofollow\"> lanzaran un comunicado para anunciar la cancelaci\u00f3n de las jornadas <i>Letras en Sevilla<\/i>, <i>1936: \u00bfLa guerra que todos perdimos?<\/i><\/a>, <strong>David Ucl\u00e9s<\/strong>, el escritor al que la nota se\u00f1alaba como el culpable de su decisi\u00f3n, ha respondido con una publicaci\u00f3n en Facebook: \u00abNo bebo alcohol, pero me he venido a tomar un vino para brindar por, lo que considero, una reparaci\u00f3n\/victoria moral: las pol\u00e9micas jornadas <i>literarias<\/i> de P\u00e9rez-Reverte han sido canceladas hasta el oto\u00f1o. \u00bfLa raz\u00f3n? <strong>Hemos sido muchos los que, al ver que hab\u00edamos sido manipulados, nos hemos bajado de los actos<\/strong>. Para m\u00ed, es una victoria y una reparaci\u00f3n\u00bb, ha escrito Ucl\u00e9s, reciente ganador del Premio Nadal de Novela.<\/p>\n<p>El domingo pasado, Ucl\u00e9s public\u00f3 un v\u00eddeo en Instagram en el que comunic\u00f3 que suspend\u00eda su intervenci\u00f3n en <i>\u00bfLa guerra que todos perdimos? <\/i>porque no quer\u00eda compartir discusiones con Jos\u00e9 Mar\u00eda Aznar e Iv\u00e1n Espinosa de los Monteros. El expresidente del Gobierno y el fundador de Vox eran dos de los ponentes en un cartel en el que tambi\u00e9n iban a participar el ministro <strong>F\u00e9lix Bola\u00f1os<\/strong>, la presidenta del Consejo de Estado, Carmen Calvo. y el coordinador de Izquierda Unida, Antonio Ma\u00edllo. Al d\u00eda siguiente, Ma\u00edllo se descolg\u00f3 del congreso como protesta por la equidistancia del t\u00edtulo, <i>1936: \u00bfLa guerra que todos perdimos?<\/i>. El teniente general F\u00e9lix Sanz Rold\u00e1n, el director de cine Alejandro Amen\u00e1bar, el actor Juan Echanove y los historiadores Juan Pablo Fusi, Enrique Moradiellos, Pilar Mart\u00ednez-Vasseur, Manuel \u00c1lvarez Tard\u00edo, Gutmaro G\u00f3mez Bravo, Zira Box, Fernando del Rey y Juli\u00e1n Casanova iban a participar tambi\u00e9n en las jornadas.<\/p>\n<p>\u00ab[Es una] victoria porque parece que no estamos tan dormidos y nos atrevemos a se\u00f1alar mensajes que blanquean el fascismo y el franquismo, por mucho poder que tenga el organizador\u00bb, escribe Ucl\u00e9s en su publicaci\u00f3n de Facebook. \u00ab[Y una] reparaci\u00f3n ya que he sido vejado por una multitud de amigos de <strong>Reverte<\/strong>, y descalificado por el propio escritor, <strong>quien un s\u00e1bado me alababa p\u00fablicamente y al d\u00eda siguiente me defenestraba<\/strong>. No han jugado limpio. Han mentido p\u00fablicamente. Los invitados no sab\u00edamos la n\u00f3mina de invitados -el propio Vigorra me pidi\u00f3 disculpas por haber dicho lo contrario y me asegur\u00f3 que matizar\u00eda estas palabras-, y el t\u00edtulo nunca llev\u00f3 signos de interrogaci\u00f3n, tal como afirmaba Arturo ayer en varios peri\u00f3dicos. Por suerte, Internet tiene memoria. La mentira hace ruin al ser que la blande.<\/p>\n<p>En su texto, Ucl\u00e9s asegura que nunca se ha negado al di\u00e1logo: \u00abY el ruido que formaron&#8230; Llevo dos a\u00f1os recorri\u00e9ndome el pa\u00eds. Habl\u00e9 de memoria hist\u00f3rica en casi m\u00e1s de 300 actos y dirig\u00ed un podcast con cincuenta intelectuales de ideal pol\u00edtico distinto. <strong>No tengo miedo al di\u00e1logo, como he demostrado de sobra<\/strong>, pero nunca conversar\u00e9 con aquellos que desean derribar los derechos sociales que tanto nos cost\u00f3 levantar, tampoco con criminales de guerra. Ni secundar\u00e9 ning\u00fan acto en el que participen. Jam\u00e1s. Hay cientos de actos en torno a la memoria. Y decenas de asociaciones para la recuperaci\u00f3n de la memoria hist\u00f3rica. No todo se acaba en Sevilla. Al contrario. \u00bfQu\u00e9 se dec\u00eda cuado se brinda? \u00a1Ah, s\u00ed! \u00a1Salud!\u00bb.<\/p>\n<hr\/>\n<\/div>\n","protected":false},"excerpt":{"rendered":"<p>Dos horas despu\u00e9s de que Arturo P\u00e9rez-Reverte y Jes\u00fas Vigorra lanzaran un comunicado para anunciar la cancelaci\u00f3n de las jornadas Letras en Sevilla, 1936: \u00bfLa guerra que todos perdimos?, David Ucl\u00e9s, el escritor al que la nota se\u00f1alaba como el culpable de su decisi\u00f3n, ha respondido con una publicaci\u00f3n en Facebook: \u00abNo bebo alcohol, pero<\/p>\n","protected":false},"author":1,"featured_media":321291,"comment_status":"open","ping_status":"open","sticky":false,"template":"","format":"standard","meta":{"footnotes":""},"categories":[66],"tags":[],"class_list":["post-321290","post","type-post","status-publish","format-standard","has-post-thumbnail","hentry","category-culture-es"],"acf":[],"yoast_head":"<!-- This site is optimized with the Yoast SEO plugin v22.9 - https:\/\/yoast.com\/wordpress\/plugins\/seo\/ -->\n<title>David Ucl\u00e9s responde a la cancelaci\u00f3n del congreso de la Guerra Civil de P\u00e9rez-Reverte: &quot;Para m\u00ed, es una victoria&quot; - vof-news.eu<\/title>\n<meta name=\"description\" content=\"Dos horas despu\u00e9s de que Arturo P\u00e9rez-Reverte y Jes\u00fas Vigorra lanzaran un comunicado para anunciar la cancelaci\u00f3n de las jornadas Letras en Sevilla, 1936: \u00bfLa guerra que todos perdimos?, David Ucl\u00e9s, el escritor al que la nota se\u00f1alaba como el culpable de su decisi\u00f3n, ha respondido con una publicaci\u00f3n en Facebook: &quot;No bebo alcohol, pero me he venido a tomar un vino para brindar por, lo que considero, una reparaci\u00f3n\/victoria moral: las pol\u00e9micas jornadas literarias de P\u00e9rez-Reverte han sido canceladas hasta el oto\u00f1o. \u00bfLa raz\u00f3n? Hemos sido muchos los que, al ver que hab\u00edamos sido manipulados, nos hemos bajado de los actos. Para m\u00ed, es una victoria y una reparaci\u00f3n&quot;, ha escrito Ucl\u00e9s, reciente ganador del Premio Nadal de Novela.El domingo pasado, Ucl\u00e9s public\u00f3 un v\u00eddeo en Instagram en el que comunic\u00f3 que suspend\u00eda su intervenci\u00f3n en \u00bfLa guerra que todos perdimos? porque no quer\u00eda compartir discusiones con Jos\u00e9 Mar\u00eda Aznar e Iv\u00e1n Espinosa de los Monteros. El expresidente del Gobierno y el fundador de Vox eran dos de los ponentes en un cartel en el que tambi\u00e9n iban a participar el ministro F\u00e9lix Bola\u00f1os, la presidenta del Consejo de Estado, Carmen Calvo. y el coordinador de Izquierda Unida, Antonio Ma\u00edllo. Al d\u00eda siguiente, Ma\u00edllo se descolg\u00f3 del congreso como protesta por la equidistancia del t\u00edtulo, 1936: \u00bfLa guerra que todos perdimos?. El teniente general F\u00e9lix Sanz Rold\u00e1n, el director de cine Alejandro Amen\u00e1bar, el actor Juan Echanove y los historiadores Juan Pablo Fusi, Enrique Moradiellos, Pilar Mart\u00ednez-Vasseur, Manuel \u00c1lvarez Tard\u00edo, Gutmaro G\u00f3mez Bravo, Zira Box, Fernando del Rey y Juli\u00e1n Casanova iban a participar tambi\u00e9n en las jornadas.&quot;[Es una] victoria porque parece que no estamos tan dormidos y nos atrevemos a se\u00f1alar mensajes que blanquean el fascismo y el franquismo, por mucho poder que tenga el organizador&quot;, escribe Ucl\u00e9s en su publicaci\u00f3n de Facebook. &quot;[Y una] reparaci\u00f3n ya que he sido vejado por una multitud de amigos de Reverte, y descalificado por el propio escritor, quien un s\u00e1bado me alababa p\u00fablicamente y al d\u00eda siguiente me defenestraba. No han jugado limpio. Han mentido p\u00fablicamente. Los invitados no sab\u00edamos la n\u00f3mina de invitados -el propio Vigorra me pidi\u00f3 disculpas por haber dicho lo contrario y me asegur\u00f3 que matizar\u00eda estas palabras-, y el t\u00edtulo nunca llev\u00f3 signos de interrogaci\u00f3n, tal como afirmaba Arturo ayer en varios peri\u00f3dicos. Por suerte, Internet tiene memoria. La mentira hace ruin al ser que la blande.En su texto, Ucl\u00e9s asegura que nunca se ha negado al di\u00e1logo: &quot;Y el ruido que formaron... Llevo dos a\u00f1os recorri\u00e9ndome el pa\u00eds. Habl\u00e9 de memoria hist\u00f3rica en casi m\u00e1s de 300 actos y dirig\u00ed un podcast con cincuenta intelectuales de ideal pol\u00edtico distinto. No tengo miedo al di\u00e1logo, como he demostrado de sobra, pero nunca conversar\u00e9 con aquellos que desean derribar los derechos sociales que tanto nos cost\u00f3 levantar, tampoco con criminales de guerra. Ni secundar\u00e9 ning\u00fan acto en el que participen. Jam\u00e1s. Hay cientos de actos en torno a la memoria. Y decenas de asociaciones para la recuperaci\u00f3n de la memoria hist\u00f3rica. No todo se acaba en Sevilla. Al contrario. \u00bfQu\u00e9 se dec\u00eda cuado se brinda? \u00a1Ah, s\u00ed! \u00a1Salud!&quot;.\" \/>\n<meta name=\"robots\" content=\"noindex, follow, max-snippet:-1, max-image-preview:large, max-video-preview:-1\" \/>\n<meta property=\"og:locale\" content=\"es_ES\" \/>\n<meta property=\"og:type\" content=\"article\" \/>\n<meta property=\"og:title\" content=\"David Ucl\u00e9s responde a la cancelaci\u00f3n del congreso de la Guerra Civil de P\u00e9rez-Reverte: &quot;Para m\u00ed, es una victoria&quot; - vof-news.eu\" \/>\n<meta property=\"og:description\" content=\"Dos horas despu\u00e9s de que Arturo P\u00e9rez-Reverte y Jes\u00fas Vigorra lanzaran un comunicado para anunciar la cancelaci\u00f3n de las jornadas Letras en Sevilla, 1936: \u00bfLa guerra que todos perdimos?, David Ucl\u00e9s, el escritor al que la nota se\u00f1alaba como el culpable de su decisi\u00f3n, ha respondido con una publicaci\u00f3n en Facebook: &quot;No bebo alcohol, pero me he venido a tomar un vino para brindar por, lo que considero, una reparaci\u00f3n\/victoria moral: las pol\u00e9micas jornadas literarias de P\u00e9rez-Reverte han sido canceladas hasta el oto\u00f1o. \u00bfLa raz\u00f3n? Hemos sido muchos los que, al ver que hab\u00edamos sido manipulados, nos hemos bajado de los actos. Para m\u00ed, es una victoria y una reparaci\u00f3n&quot;, ha escrito Ucl\u00e9s, reciente ganador del Premio Nadal de Novela.El domingo pasado, Ucl\u00e9s public\u00f3 un v\u00eddeo en Instagram en el que comunic\u00f3 que suspend\u00eda su intervenci\u00f3n en \u00bfLa guerra que todos perdimos? porque no quer\u00eda compartir discusiones con Jos\u00e9 Mar\u00eda Aznar e Iv\u00e1n Espinosa de los Monteros. El expresidente del Gobierno y el fundador de Vox eran dos de los ponentes en un cartel en el que tambi\u00e9n iban a participar el ministro F\u00e9lix Bola\u00f1os, la presidenta del Consejo de Estado, Carmen Calvo. y el coordinador de Izquierda Unida, Antonio Ma\u00edllo. Al d\u00eda siguiente, Ma\u00edllo se descolg\u00f3 del congreso como protesta por la equidistancia del t\u00edtulo, 1936: \u00bfLa guerra que todos perdimos?. El teniente general F\u00e9lix Sanz Rold\u00e1n, el director de cine Alejandro Amen\u00e1bar, el actor Juan Echanove y los historiadores Juan Pablo Fusi, Enrique Moradiellos, Pilar Mart\u00ednez-Vasseur, Manuel \u00c1lvarez Tard\u00edo, Gutmaro G\u00f3mez Bravo, Zira Box, Fernando del Rey y Juli\u00e1n Casanova iban a participar tambi\u00e9n en las jornadas.&quot;[Es una] victoria porque parece que no estamos tan dormidos y nos atrevemos a se\u00f1alar mensajes que blanquean el fascismo y el franquismo, por mucho poder que tenga el organizador&quot;, escribe Ucl\u00e9s en su publicaci\u00f3n de Facebook. &quot;[Y una] reparaci\u00f3n ya que he sido vejado por una multitud de amigos de Reverte, y descalificado por el propio escritor, quien un s\u00e1bado me alababa p\u00fablicamente y al d\u00eda siguiente me defenestraba. No han jugado limpio. Han mentido p\u00fablicamente. Los invitados no sab\u00edamos la n\u00f3mina de invitados -el propio Vigorra me pidi\u00f3 disculpas por haber dicho lo contrario y me asegur\u00f3 que matizar\u00eda estas palabras-, y el t\u00edtulo nunca llev\u00f3 signos de interrogaci\u00f3n, tal como afirmaba Arturo ayer en varios peri\u00f3dicos. Por suerte, Internet tiene memoria. La mentira hace ruin al ser que la blande.En su texto, Ucl\u00e9s asegura que nunca se ha negado al di\u00e1logo: &quot;Y el ruido que formaron... Llevo dos a\u00f1os recorri\u00e9ndome el pa\u00eds. Habl\u00e9 de memoria hist\u00f3rica en casi m\u00e1s de 300 actos y dirig\u00ed un podcast con cincuenta intelectuales de ideal pol\u00edtico distinto. No tengo miedo al di\u00e1logo, como he demostrado de sobra, pero nunca conversar\u00e9 con aquellos que desean derribar los derechos sociales que tanto nos cost\u00f3 levantar, tampoco con criminales de guerra. Ni secundar\u00e9 ning\u00fan acto en el que participen. Jam\u00e1s. Hay cientos de actos en torno a la memoria. Y decenas de asociaciones para la recuperaci\u00f3n de la memoria hist\u00f3rica. No todo se acaba en Sevilla. Al contrario. \u00bfQu\u00e9 se dec\u00eda cuado se brinda? \u00a1Ah, s\u00ed! \u00a1Salud!&quot;.\" \/>\n<meta property=\"og:url\" content=\"https:\/\/vof-news.eu\/es\/david-ucles-responde-a-la-cancelacion-del-congreso-de-la-guerra-civil-de-perez-reverte-para-mi-es-una-victoria\/\" \/>\n<meta property=\"og:site_name\" content=\"vof-news.eu\" \/>\n<meta property=\"article:published_time\" content=\"2026-01-28T20:19:29+00:00\" \/>\n<meta property=\"article:modified_time\" content=\"2026-01-28T20:19:56+00:00\" \/>\n<meta property=\"og:image\" content=\"https:\/\/vof-news.eu\/wp-content\/uploads\/2026\/01\/17696208713792.jpg\" \/>\n\t<meta property=\"og:image:width\" content=\"1024\" \/>\n\t<meta property=\"og:image:height\" content=\"682\" \/>\n\t<meta property=\"og:image:type\" content=\"image\/jpeg\" \/>\n<meta name=\"author\" content=\"Author\" \/>\n<meta name=\"twitter:card\" content=\"summary_large_image\" \/>\n<meta name=\"twitter:label1\" content=\"Escrito por\" \/>\n\t<meta name=\"twitter:data1\" content=\"Author\" \/>\n\t<meta name=\"twitter:label2\" content=\"Tiempo de lectura\" \/>\n\t<meta name=\"twitter:data2\" content=\"3 minutos\" \/>\n<script type=\"application\/ld+json\" class=\"yoast-schema-graph\">{\"@context\":\"https:\/\/schema.org\",\"@graph\":[{\"@type\":\"WebPage\",\"@id\":\"https:\/\/vof-news.eu\/es\/david-ucles-responde-a-la-cancelacion-del-congreso-de-la-guerra-civil-de-perez-reverte-para-mi-es-una-victoria\/\",\"url\":\"https:\/\/vof-news.eu\/es\/david-ucles-responde-a-la-cancelacion-del-congreso-de-la-guerra-civil-de-perez-reverte-para-mi-es-una-victoria\/\",\"name\":\"David Ucl\u00e9s responde a la cancelaci\u00f3n del congreso de la Guerra Civil de P\u00e9rez-Reverte: \\\"Para m\u00ed, es una victoria\\\" - vof-news.eu\",\"isPartOf\":{\"@id\":\"https:\/\/vof-news.eu\/es\/#website\"},\"primaryImageOfPage\":{\"@id\":\"https:\/\/vof-news.eu\/es\/david-ucles-responde-a-la-cancelacion-del-congreso-de-la-guerra-civil-de-perez-reverte-para-mi-es-una-victoria\/#primaryimage\"},\"image\":{\"@id\":\"https:\/\/vof-news.eu\/es\/david-ucles-responde-a-la-cancelacion-del-congreso-de-la-guerra-civil-de-perez-reverte-para-mi-es-una-victoria\/#primaryimage\"},\"thumbnailUrl\":\"https:\/\/vof-news.eu\/wp-content\/uploads\/2026\/01\/17696208713792.jpg\",\"datePublished\":\"2026-01-28T20:19:29+00:00\",\"dateModified\":\"2026-01-28T20:19:56+00:00\",\"author\":{\"@id\":\"https:\/\/vof-news.eu\/es\/#\/schema\/person\/f6a2a4309f0561835797fd8c19b333ed\"},\"description\":\"Dos horas despu\u00e9s de que Arturo P\u00e9rez-Reverte y Jes\u00fas Vigorra lanzaran un comunicado para anunciar la cancelaci\u00f3n de las jornadas Letras en Sevilla, 1936: \u00bfLa guerra que todos perdimos?, David Ucl\u00e9s, el escritor al que la nota se\u00f1alaba como el culpable de su decisi\u00f3n, ha respondido con una publicaci\u00f3n en Facebook: \\\"No bebo alcohol, pero me he venido a tomar un vino para brindar por, lo que considero, una reparaci\u00f3n\/victoria moral: las pol\u00e9micas jornadas literarias de P\u00e9rez-Reverte han sido canceladas hasta el oto\u00f1o. \u00bfLa raz\u00f3n? Hemos sido muchos los que, al ver que hab\u00edamos sido manipulados, nos hemos bajado de los actos. Para m\u00ed, es una victoria y una reparaci\u00f3n\\\", ha escrito Ucl\u00e9s, reciente ganador del Premio Nadal de Novela.El domingo pasado, Ucl\u00e9s public\u00f3 un v\u00eddeo en Instagram en el que comunic\u00f3 que suspend\u00eda su intervenci\u00f3n en \u00bfLa guerra que todos perdimos? porque no quer\u00eda compartir discusiones con Jos\u00e9 Mar\u00eda Aznar e Iv\u00e1n Espinosa de los Monteros. El expresidente del Gobierno y el fundador de Vox eran dos de los ponentes en un cartel en el que tambi\u00e9n iban a participar el ministro F\u00e9lix Bola\u00f1os, la presidenta del Consejo de Estado, Carmen Calvo. y el coordinador de Izquierda Unida, Antonio Ma\u00edllo. Al d\u00eda siguiente, Ma\u00edllo se descolg\u00f3 del congreso como protesta por la equidistancia del t\u00edtulo, 1936: \u00bfLa guerra que todos perdimos?. El teniente general F\u00e9lix Sanz Rold\u00e1n, el director de cine Alejandro Amen\u00e1bar, el actor Juan Echanove y los historiadores Juan Pablo Fusi, Enrique Moradiellos, Pilar Mart\u00ednez-Vasseur, Manuel \u00c1lvarez Tard\u00edo, Gutmaro G\u00f3mez Bravo, Zira Box, Fernando del Rey y Juli\u00e1n Casanova iban a participar tambi\u00e9n en las jornadas.\\\"[Es una] victoria porque parece que no estamos tan dormidos y nos atrevemos a se\u00f1alar mensajes que blanquean el fascismo y el franquismo, por mucho poder que tenga el organizador\\\", escribe Ucl\u00e9s en su publicaci\u00f3n de Facebook. \\\"[Y una] reparaci\u00f3n ya que he sido vejado por una multitud de amigos de Reverte, y descalificado por el propio escritor, quien un s\u00e1bado me alababa p\u00fablicamente y al d\u00eda siguiente me defenestraba. No han jugado limpio. Han mentido p\u00fablicamente. Los invitados no sab\u00edamos la n\u00f3mina de invitados -el propio Vigorra me pidi\u00f3 disculpas por haber dicho lo contrario y me asegur\u00f3 que matizar\u00eda estas palabras-, y el t\u00edtulo nunca llev\u00f3 signos de interrogaci\u00f3n, tal como afirmaba Arturo ayer en varios peri\u00f3dicos. Por suerte, Internet tiene memoria. La mentira hace ruin al ser que la blande.En su texto, Ucl\u00e9s asegura que nunca se ha negado al di\u00e1logo: \\\"Y el ruido que formaron... Llevo dos a\u00f1os recorri\u00e9ndome el pa\u00eds. Habl\u00e9 de memoria hist\u00f3rica en casi m\u00e1s de 300 actos y dirig\u00ed un podcast con cincuenta intelectuales de ideal pol\u00edtico distinto. No tengo miedo al di\u00e1logo, como he demostrado de sobra, pero nunca conversar\u00e9 con aquellos que desean derribar los derechos sociales que tanto nos cost\u00f3 levantar, tampoco con criminales de guerra. Ni secundar\u00e9 ning\u00fan acto en el que participen. Jam\u00e1s. Hay cientos de actos en torno a la memoria. Y decenas de asociaciones para la recuperaci\u00f3n de la memoria hist\u00f3rica. No todo se acaba en Sevilla. Al contrario. \u00bfQu\u00e9 se dec\u00eda cuado se brinda? \u00a1Ah, s\u00ed! \u00a1Salud!\\\".\",\"breadcrumb\":{\"@id\":\"https:\/\/vof-news.eu\/es\/david-ucles-responde-a-la-cancelacion-del-congreso-de-la-guerra-civil-de-perez-reverte-para-mi-es-una-victoria\/#breadcrumb\"},\"inLanguage\":\"es\",\"potentialAction\":[{\"@type\":\"ReadAction\",\"target\":[\"https:\/\/vof-news.eu\/es\/david-ucles-responde-a-la-cancelacion-del-congreso-de-la-guerra-civil-de-perez-reverte-para-mi-es-una-victoria\/\"]}]},{\"@type\":\"ImageObject\",\"inLanguage\":\"es\",\"@id\":\"https:\/\/vof-news.eu\/es\/david-ucles-responde-a-la-cancelacion-del-congreso-de-la-guerra-civil-de-perez-reverte-para-mi-es-una-victoria\/#primaryimage\",\"url\":\"https:\/\/vof-news.eu\/wp-content\/uploads\/2026\/01\/17696208713792.jpg\",\"contentUrl\":\"https:\/\/vof-news.eu\/wp-content\/uploads\/2026\/01\/17696208713792.jpg\",\"width\":1024,\"height\":682},{\"@type\":\"BreadcrumbList\",\"@id\":\"https:\/\/vof-news.eu\/es\/david-ucles-responde-a-la-cancelacion-del-congreso-de-la-guerra-civil-de-perez-reverte-para-mi-es-una-victoria\/#breadcrumb\",\"itemListElement\":[{\"@type\":\"ListItem\",\"position\":1,\"name\":\"Home\",\"item\":\"https:\/\/vof-news.eu\/es\/\"},{\"@type\":\"ListItem\",\"position\":2,\"name\":\"David Ucl\u00e9s responde a la cancelaci\u00f3n del congreso de la Guerra Civil de P\u00e9rez-Reverte: &#8220;Para m\u00ed, es una victoria&#8221;\"}]},{\"@type\":\"WebSite\",\"@id\":\"https:\/\/vof-news.eu\/es\/#website\",\"url\":\"https:\/\/vof-news.eu\/es\/\",\"name\":\"vof-news.eu\",\"description\":\"\",\"potentialAction\":[{\"@type\":\"SearchAction\",\"target\":{\"@type\":\"EntryPoint\",\"urlTemplate\":\"https:\/\/vof-news.eu\/es\/?s={search_term_string}\"},\"query-input\":\"required name=search_term_string\"}],\"inLanguage\":\"es\"},{\"@type\":\"Person\",\"@id\":\"https:\/\/vof-news.eu\/es\/#\/schema\/person\/f6a2a4309f0561835797fd8c19b333ed\",\"name\":\"Author\",\"image\":{\"@type\":\"ImageObject\",\"inLanguage\":\"es\",\"@id\":\"https:\/\/vof-news.eu\/es\/#\/schema\/person\/image\/\",\"url\":\"https:\/\/secure.gravatar.com\/avatar\/b67e614b1b25b3e9c0c239efdd2fde5ab015b5affd6f1c3c85911ca4b384e790?s=96&d=mm&r=g\",\"contentUrl\":\"https:\/\/secure.gravatar.com\/avatar\/b67e614b1b25b3e9c0c239efdd2fde5ab015b5affd6f1c3c85911ca4b384e790?s=96&d=mm&r=g\",\"caption\":\"Author\"},\"sameAs\":[\"http:\/\/vof-news.eu\"],\"url\":\"https:\/\/vof-news.eu\/es\/author\/zwt6qxnjulxbnyg\/\"}]}<\/script>\n<!-- \/ Yoast SEO plugin. -->","yoast_head_json":{"title":"David Ucl\u00e9s responde a la cancelaci\u00f3n del congreso de la Guerra Civil de P\u00e9rez-Reverte: \"Para m\u00ed, es una victoria\" - vof-news.eu","description":"Dos horas despu\u00e9s de que Arturo P\u00e9rez-Reverte y Jes\u00fas Vigorra lanzaran un comunicado para anunciar la cancelaci\u00f3n de las jornadas Letras en Sevilla, 1936: \u00bfLa guerra que todos perdimos?, David Ucl\u00e9s, el escritor al que la nota se\u00f1alaba como el culpable de su decisi\u00f3n, ha respondido con una publicaci\u00f3n en Facebook: \"No bebo alcohol, pero me he venido a tomar un vino para brindar por, lo que considero, una reparaci\u00f3n\/victoria moral: las pol\u00e9micas jornadas literarias de P\u00e9rez-Reverte han sido canceladas hasta el oto\u00f1o. \u00bfLa raz\u00f3n? Hemos sido muchos los que, al ver que hab\u00edamos sido manipulados, nos hemos bajado de los actos. Para m\u00ed, es una victoria y una reparaci\u00f3n\", ha escrito Ucl\u00e9s, reciente ganador del Premio Nadal de Novela.El domingo pasado, Ucl\u00e9s public\u00f3 un v\u00eddeo en Instagram en el que comunic\u00f3 que suspend\u00eda su intervenci\u00f3n en \u00bfLa guerra que todos perdimos? porque no quer\u00eda compartir discusiones con Jos\u00e9 Mar\u00eda Aznar e Iv\u00e1n Espinosa de los Monteros. El expresidente del Gobierno y el fundador de Vox eran dos de los ponentes en un cartel en el que tambi\u00e9n iban a participar el ministro F\u00e9lix Bola\u00f1os, la presidenta del Consejo de Estado, Carmen Calvo. y el coordinador de Izquierda Unida, Antonio Ma\u00edllo. Al d\u00eda siguiente, Ma\u00edllo se descolg\u00f3 del congreso como protesta por la equidistancia del t\u00edtulo, 1936: \u00bfLa guerra que todos perdimos?. El teniente general F\u00e9lix Sanz Rold\u00e1n, el director de cine Alejandro Amen\u00e1bar, el actor Juan Echanove y los historiadores Juan Pablo Fusi, Enrique Moradiellos, Pilar Mart\u00ednez-Vasseur, Manuel \u00c1lvarez Tard\u00edo, Gutmaro G\u00f3mez Bravo, Zira Box, Fernando del Rey y Juli\u00e1n Casanova iban a participar tambi\u00e9n en las jornadas.\"[Es una] victoria porque parece que no estamos tan dormidos y nos atrevemos a se\u00f1alar mensajes que blanquean el fascismo y el franquismo, por mucho poder que tenga el organizador\", escribe Ucl\u00e9s en su publicaci\u00f3n de Facebook. \"[Y una] reparaci\u00f3n ya que he sido vejado por una multitud de amigos de Reverte, y descalificado por el propio escritor, quien un s\u00e1bado me alababa p\u00fablicamente y al d\u00eda siguiente me defenestraba. No han jugado limpio. Han mentido p\u00fablicamente. Los invitados no sab\u00edamos la n\u00f3mina de invitados -el propio Vigorra me pidi\u00f3 disculpas por haber dicho lo contrario y me asegur\u00f3 que matizar\u00eda estas palabras-, y el t\u00edtulo nunca llev\u00f3 signos de interrogaci\u00f3n, tal como afirmaba Arturo ayer en varios peri\u00f3dicos. Por suerte, Internet tiene memoria. La mentira hace ruin al ser que la blande.En su texto, Ucl\u00e9s asegura que nunca se ha negado al di\u00e1logo: \"Y el ruido que formaron... Llevo dos a\u00f1os recorri\u00e9ndome el pa\u00eds. Habl\u00e9 de memoria hist\u00f3rica en casi m\u00e1s de 300 actos y dirig\u00ed un podcast con cincuenta intelectuales de ideal pol\u00edtico distinto. No tengo miedo al di\u00e1logo, como he demostrado de sobra, pero nunca conversar\u00e9 con aquellos que desean derribar los derechos sociales que tanto nos cost\u00f3 levantar, tampoco con criminales de guerra. Ni secundar\u00e9 ning\u00fan acto en el que participen. Jam\u00e1s. Hay cientos de actos en torno a la memoria. Y decenas de asociaciones para la recuperaci\u00f3n de la memoria hist\u00f3rica. No todo se acaba en Sevilla. Al contrario. \u00bfQu\u00e9 se dec\u00eda cuado se brinda? \u00a1Ah, s\u00ed! \u00a1Salud!\".","robots":{"index":"noindex","follow":"follow","max-snippet":"max-snippet:-1","max-image-preview":"max-image-preview:large","max-video-preview":"max-video-preview:-1"},"og_locale":"es_ES","og_type":"article","og_title":"David Ucl\u00e9s responde a la cancelaci\u00f3n del congreso de la Guerra Civil de P\u00e9rez-Reverte: \"Para m\u00ed, es una victoria\" - vof-news.eu","og_description":"Dos horas despu\u00e9s de que Arturo P\u00e9rez-Reverte y Jes\u00fas Vigorra lanzaran un comunicado para anunciar la cancelaci\u00f3n de las jornadas Letras en Sevilla, 1936: \u00bfLa guerra que todos perdimos?, David Ucl\u00e9s, el escritor al que la nota se\u00f1alaba como el culpable de su decisi\u00f3n, ha respondido con una publicaci\u00f3n en Facebook: \"No bebo alcohol, pero me he venido a tomar un vino para brindar por, lo que considero, una reparaci\u00f3n\/victoria moral: las pol\u00e9micas jornadas literarias de P\u00e9rez-Reverte han sido canceladas hasta el oto\u00f1o. \u00bfLa raz\u00f3n? Hemos sido muchos los que, al ver que hab\u00edamos sido manipulados, nos hemos bajado de los actos. Para m\u00ed, es una victoria y una reparaci\u00f3n\", ha escrito Ucl\u00e9s, reciente ganador del Premio Nadal de Novela.El domingo pasado, Ucl\u00e9s public\u00f3 un v\u00eddeo en Instagram en el que comunic\u00f3 que suspend\u00eda su intervenci\u00f3n en \u00bfLa guerra que todos perdimos? porque no quer\u00eda compartir discusiones con Jos\u00e9 Mar\u00eda Aznar e Iv\u00e1n Espinosa de los Monteros. El expresidente del Gobierno y el fundador de Vox eran dos de los ponentes en un cartel en el que tambi\u00e9n iban a participar el ministro F\u00e9lix Bola\u00f1os, la presidenta del Consejo de Estado, Carmen Calvo. y el coordinador de Izquierda Unida, Antonio Ma\u00edllo. Al d\u00eda siguiente, Ma\u00edllo se descolg\u00f3 del congreso como protesta por la equidistancia del t\u00edtulo, 1936: \u00bfLa guerra que todos perdimos?. El teniente general F\u00e9lix Sanz Rold\u00e1n, el director de cine Alejandro Amen\u00e1bar, el actor Juan Echanove y los historiadores Juan Pablo Fusi, Enrique Moradiellos, Pilar Mart\u00ednez-Vasseur, Manuel \u00c1lvarez Tard\u00edo, Gutmaro G\u00f3mez Bravo, Zira Box, Fernando del Rey y Juli\u00e1n Casanova iban a participar tambi\u00e9n en las jornadas.\"[Es una] victoria porque parece que no estamos tan dormidos y nos atrevemos a se\u00f1alar mensajes que blanquean el fascismo y el franquismo, por mucho poder que tenga el organizador\", escribe Ucl\u00e9s en su publicaci\u00f3n de Facebook. \"[Y una] reparaci\u00f3n ya que he sido vejado por una multitud de amigos de Reverte, y descalificado por el propio escritor, quien un s\u00e1bado me alababa p\u00fablicamente y al d\u00eda siguiente me defenestraba. No han jugado limpio. Han mentido p\u00fablicamente. Los invitados no sab\u00edamos la n\u00f3mina de invitados -el propio Vigorra me pidi\u00f3 disculpas por haber dicho lo contrario y me asegur\u00f3 que matizar\u00eda estas palabras-, y el t\u00edtulo nunca llev\u00f3 signos de interrogaci\u00f3n, tal como afirmaba Arturo ayer en varios peri\u00f3dicos. Por suerte, Internet tiene memoria. La mentira hace ruin al ser que la blande.En su texto, Ucl\u00e9s asegura que nunca se ha negado al di\u00e1logo: \"Y el ruido que formaron... Llevo dos a\u00f1os recorri\u00e9ndome el pa\u00eds. Habl\u00e9 de memoria hist\u00f3rica en casi m\u00e1s de 300 actos y dirig\u00ed un podcast con cincuenta intelectuales de ideal pol\u00edtico distinto. No tengo miedo al di\u00e1logo, como he demostrado de sobra, pero nunca conversar\u00e9 con aquellos que desean derribar los derechos sociales que tanto nos cost\u00f3 levantar, tampoco con criminales de guerra. Ni secundar\u00e9 ning\u00fan acto en el que participen. Jam\u00e1s. Hay cientos de actos en torno a la memoria. Y decenas de asociaciones para la recuperaci\u00f3n de la memoria hist\u00f3rica. No todo se acaba en Sevilla. Al contrario. \u00bfQu\u00e9 se dec\u00eda cuado se brinda? \u00a1Ah, s\u00ed! \u00a1Salud!\".","og_url":"https:\/\/vof-news.eu\/es\/david-ucles-responde-a-la-cancelacion-del-congreso-de-la-guerra-civil-de-perez-reverte-para-mi-es-una-victoria\/","og_site_name":"vof-news.eu","article_published_time":"2026-01-28T20:19:29+00:00","article_modified_time":"2026-01-28T20:19:56+00:00","og_image":[{"width":1024,"height":682,"url":"https:\/\/vof-news.eu\/wp-content\/uploads\/2026\/01\/17696208713792.jpg","type":"image\/jpeg"}],"author":"Author","twitter_card":"summary_large_image","twitter_misc":{"Escrito por":"Author","Tiempo de lectura":"3 minutos"},"schema":{"@context":"https:\/\/schema.org","@graph":[{"@type":"WebPage","@id":"https:\/\/vof-news.eu\/es\/david-ucles-responde-a-la-cancelacion-del-congreso-de-la-guerra-civil-de-perez-reverte-para-mi-es-una-victoria\/","url":"https:\/\/vof-news.eu\/es\/david-ucles-responde-a-la-cancelacion-del-congreso-de-la-guerra-civil-de-perez-reverte-para-mi-es-una-victoria\/","name":"David Ucl\u00e9s responde a la cancelaci\u00f3n del congreso de la Guerra Civil de P\u00e9rez-Reverte: \"Para m\u00ed, es una victoria\" - vof-news.eu","isPartOf":{"@id":"https:\/\/vof-news.eu\/es\/#website"},"primaryImageOfPage":{"@id":"https:\/\/vof-news.eu\/es\/david-ucles-responde-a-la-cancelacion-del-congreso-de-la-guerra-civil-de-perez-reverte-para-mi-es-una-victoria\/#primaryimage"},"image":{"@id":"https:\/\/vof-news.eu\/es\/david-ucles-responde-a-la-cancelacion-del-congreso-de-la-guerra-civil-de-perez-reverte-para-mi-es-una-victoria\/#primaryimage"},"thumbnailUrl":"https:\/\/vof-news.eu\/wp-content\/uploads\/2026\/01\/17696208713792.jpg","datePublished":"2026-01-28T20:19:29+00:00","dateModified":"2026-01-28T20:19:56+00:00","author":{"@id":"https:\/\/vof-news.eu\/es\/#\/schema\/person\/f6a2a4309f0561835797fd8c19b333ed"},"description":"Dos horas despu\u00e9s de que Arturo P\u00e9rez-Reverte y Jes\u00fas Vigorra lanzaran un comunicado para anunciar la cancelaci\u00f3n de las jornadas Letras en Sevilla, 1936: \u00bfLa guerra que todos perdimos?, David Ucl\u00e9s, el escritor al que la nota se\u00f1alaba como el culpable de su decisi\u00f3n, ha respondido con una publicaci\u00f3n en Facebook: \"No bebo alcohol, pero me he venido a tomar un vino para brindar por, lo que considero, una reparaci\u00f3n\/victoria moral: las pol\u00e9micas jornadas literarias de P\u00e9rez-Reverte han sido canceladas hasta el oto\u00f1o. \u00bfLa raz\u00f3n? Hemos sido muchos los que, al ver que hab\u00edamos sido manipulados, nos hemos bajado de los actos. Para m\u00ed, es una victoria y una reparaci\u00f3n\", ha escrito Ucl\u00e9s, reciente ganador del Premio Nadal de Novela.El domingo pasado, Ucl\u00e9s public\u00f3 un v\u00eddeo en Instagram en el que comunic\u00f3 que suspend\u00eda su intervenci\u00f3n en \u00bfLa guerra que todos perdimos? porque no quer\u00eda compartir discusiones con Jos\u00e9 Mar\u00eda Aznar e Iv\u00e1n Espinosa de los Monteros. El expresidente del Gobierno y el fundador de Vox eran dos de los ponentes en un cartel en el que tambi\u00e9n iban a participar el ministro F\u00e9lix Bola\u00f1os, la presidenta del Consejo de Estado, Carmen Calvo. y el coordinador de Izquierda Unida, Antonio Ma\u00edllo. Al d\u00eda siguiente, Ma\u00edllo se descolg\u00f3 del congreso como protesta por la equidistancia del t\u00edtulo, 1936: \u00bfLa guerra que todos perdimos?. El teniente general F\u00e9lix Sanz Rold\u00e1n, el director de cine Alejandro Amen\u00e1bar, el actor Juan Echanove y los historiadores Juan Pablo Fusi, Enrique Moradiellos, Pilar Mart\u00ednez-Vasseur, Manuel \u00c1lvarez Tard\u00edo, Gutmaro G\u00f3mez Bravo, Zira Box, Fernando del Rey y Juli\u00e1n Casanova iban a participar tambi\u00e9n en las jornadas.\"[Es una] victoria porque parece que no estamos tan dormidos y nos atrevemos a se\u00f1alar mensajes que blanquean el fascismo y el franquismo, por mucho poder que tenga el organizador\", escribe Ucl\u00e9s en su publicaci\u00f3n de Facebook. \"[Y una] reparaci\u00f3n ya que he sido vejado por una multitud de amigos de Reverte, y descalificado por el propio escritor, quien un s\u00e1bado me alababa p\u00fablicamente y al d\u00eda siguiente me defenestraba. No han jugado limpio. Han mentido p\u00fablicamente. Los invitados no sab\u00edamos la n\u00f3mina de invitados -el propio Vigorra me pidi\u00f3 disculpas por haber dicho lo contrario y me asegur\u00f3 que matizar\u00eda estas palabras-, y el t\u00edtulo nunca llev\u00f3 signos de interrogaci\u00f3n, tal como afirmaba Arturo ayer en varios peri\u00f3dicos. Por suerte, Internet tiene memoria. La mentira hace ruin al ser que la blande.En su texto, Ucl\u00e9s asegura que nunca se ha negado al di\u00e1logo: \"Y el ruido que formaron... Llevo dos a\u00f1os recorri\u00e9ndome el pa\u00eds. Habl\u00e9 de memoria hist\u00f3rica en casi m\u00e1s de 300 actos y dirig\u00ed un podcast con cincuenta intelectuales de ideal pol\u00edtico distinto. No tengo miedo al di\u00e1logo, como he demostrado de sobra, pero nunca conversar\u00e9 con aquellos que desean derribar los derechos sociales que tanto nos cost\u00f3 levantar, tampoco con criminales de guerra. Ni secundar\u00e9 ning\u00fan acto en el que participen. Jam\u00e1s. Hay cientos de actos en torno a la memoria. Y decenas de asociaciones para la recuperaci\u00f3n de la memoria hist\u00f3rica. No todo se acaba en Sevilla. Al contrario. \u00bfQu\u00e9 se dec\u00eda cuado se brinda? \u00a1Ah, s\u00ed! \u00a1Salud!\".","breadcrumb":{"@id":"https:\/\/vof-news.eu\/es\/david-ucles-responde-a-la-cancelacion-del-congreso-de-la-guerra-civil-de-perez-reverte-para-mi-es-una-victoria\/#breadcrumb"},"inLanguage":"es","potentialAction":[{"@type":"ReadAction","target":["https:\/\/vof-news.eu\/es\/david-ucles-responde-a-la-cancelacion-del-congreso-de-la-guerra-civil-de-perez-reverte-para-mi-es-una-victoria\/"]}]},{"@type":"ImageObject","inLanguage":"es","@id":"https:\/\/vof-news.eu\/es\/david-ucles-responde-a-la-cancelacion-del-congreso-de-la-guerra-civil-de-perez-reverte-para-mi-es-una-victoria\/#primaryimage","url":"https:\/\/vof-news.eu\/wp-content\/uploads\/2026\/01\/17696208713792.jpg","contentUrl":"https:\/\/vof-news.eu\/wp-content\/uploads\/2026\/01\/17696208713792.jpg","width":1024,"height":682},{"@type":"BreadcrumbList","@id":"https:\/\/vof-news.eu\/es\/david-ucles-responde-a-la-cancelacion-del-congreso-de-la-guerra-civil-de-perez-reverte-para-mi-es-una-victoria\/#breadcrumb","itemListElement":[{"@type":"ListItem","position":1,"name":"Home","item":"https:\/\/vof-news.eu\/es\/"},{"@type":"ListItem","position":2,"name":"David Ucl\u00e9s responde a la cancelaci\u00f3n del congreso de la Guerra Civil de P\u00e9rez-Reverte: &#8220;Para m\u00ed, es una victoria&#8221;"}]},{"@type":"WebSite","@id":"https:\/\/vof-news.eu\/es\/#website","url":"https:\/\/vof-news.eu\/es\/","name":"vof-news.eu","description":"","potentialAction":[{"@type":"SearchAction","target":{"@type":"EntryPoint","urlTemplate":"https:\/\/vof-news.eu\/es\/?s={search_term_string}"},"query-input":"required name=search_term_string"}],"inLanguage":"es"},{"@type":"Person","@id":"https:\/\/vof-news.eu\/es\/#\/schema\/person\/f6a2a4309f0561835797fd8c19b333ed","name":"Author","image":{"@type":"ImageObject","inLanguage":"es","@id":"https:\/\/vof-news.eu\/es\/#\/schema\/person\/image\/","url":"https:\/\/secure.gravatar.com\/avatar\/b67e614b1b25b3e9c0c239efdd2fde5ab015b5affd6f1c3c85911ca4b384e790?s=96&d=mm&r=g","contentUrl":"https:\/\/secure.gravatar.com\/avatar\/b67e614b1b25b3e9c0c239efdd2fde5ab015b5affd6f1c3c85911ca4b384e790?s=96&d=mm&r=g","caption":"Author"},"sameAs":["http:\/\/vof-news.eu"],"url":"https:\/\/vof-news.eu\/es\/author\/zwt6qxnjulxbnyg\/"}]}},"yoast_meta":{"yoast_wpseo_title":"","yoast_wpseo_metadesc":"","yoast_wpseo_canonical":""},"_links":{"self":[{"href":"https:\/\/vof-news.eu\/es\/wp-json\/wp\/v2\/posts\/321290","targetHints":{"allow":["GET"]}}],"collection":[{"href":"https:\/\/vof-news.eu\/es\/wp-json\/wp\/v2\/posts"}],"about":[{"href":"https:\/\/vof-news.eu\/es\/wp-json\/wp\/v2\/types\/post"}],"author":[{"embeddable":true,"href":"https:\/\/vof-news.eu\/es\/wp-json\/wp\/v2\/users\/1"}],"replies":[{"embeddable":true,"href":"https:\/\/vof-news.eu\/es\/wp-json\/wp\/v2\/comments?post=321290"}],"version-history":[{"count":1,"href":"https:\/\/vof-news.eu\/es\/wp-json\/wp\/v2\/posts\/321290\/revisions"}],"predecessor-version":[{"id":321298,"href":"https:\/\/vof-news.eu\/es\/wp-json\/wp\/v2\/posts\/321290\/revisions\/321298"}],"wp:featuredmedia":[{"embeddable":true,"href":"https:\/\/vof-news.eu\/es\/wp-json\/wp\/v2\/media\/321291"}],"wp:attachment":[{"href":"https:\/\/vof-news.eu\/es\/wp-json\/wp\/v2\/media?parent=321290"}],"wp:term":[{"taxonomy":"category","embeddable":true,"href":"https:\/\/vof-news.eu\/es\/wp-json\/wp\/v2\/categories?post=321290"},{"taxonomy":"post_tag","embeddable":true,"href":"https:\/\/vof-news.eu\/es\/wp-json\/wp\/v2\/tags?post=321290"}],"curies":[{"name":"wp","href":"https:\/\/api.w.org\/{rel}","templated":true}]}}