{"id":321283,"date":"2026-01-28T23:18:34","date_gmt":"2026-01-28T20:18:34","guid":{"rendered":"https:\/\/vof-news.eu\/julio-iglesias-busca-una-via-para-denunciar-a-las-dos-extrabajadoras-que-le-acusan-de-agresion-sexual-y-trata\/"},"modified":"2026-01-28T23:19:21","modified_gmt":"2026-01-28T20:19:21","slug":"julio-iglesias-busca-una-via-para-denunciar-a-las-dos-extrabajadoras-que-le-acusan-de-agresion-sexual-y-trata","status":"publish","type":"post","link":"https:\/\/vof-news.eu\/es\/julio-iglesias-busca-una-via-para-denunciar-a-las-dos-extrabajadoras-que-le-acusan-de-agresion-sexual-y-trata\/","title":{"rendered":"Julio Iglesias busca una v\u00eda para denunciar a las dos extrabajadoras que le acusan de agresi\u00f3n sexual y trata"},"content":{"rendered":"<div>\n<p>\n        Julio Iglesias explora la posibilidad de emprender acciones legales contra las dos extrabajadoras que relatan haber sufrido agresiones sexuales mientras trabajaron para \u00e9l en 2021 en sus mansiones de Rep\u00fablica Dominicana y Bahamas, seg\u00fan algunos medios. Tras la decisi\u00f3n de la Fiscal\u00eda de la Audiencia Nacional de <a href=\"https:\/\/www.eldiario.es\/cultura\/fiscalia-audiencia-nacional-archiva-investigacion-abierta-julio-iglesias-falta-competencia_1_12931535.html\" rel=\"nofollow\">archivar la investigaci\u00f3n<\/a> abierta al cantante por falta de competencia, su defensa ha reclamado de nuevo tener acceso a la denuncia de las dos exempleadas. Sostiene que existe un inter\u00e9s leg\u00edtimo, plenamente justificado, para acceder a dicho documento con el fin de valorar la posibilidad de emprender acciones legales contra las mujeres por una presunta denuncia falsa, seg\u00fan ha informado la <a href=\"https:\/\/cadenaser.com\/nacional\/2026\/01\/27\/la-defensa-de-julio-iglesias-abre-la-puerta-a-emprender-acciones-por-denuncia-falsa-cadena-ser\/\" rel=\"nofollow\">Cadena Ser<\/a>.\u00a0\n    <\/p>\n<p>\n        \u201cSin presumir nada de antemano, no podemos olvidar tampoco que el acceso a la denuncia es adem\u00e1s necesario a los efectos de que podamos determinar si se ha podido cometer un posible delito de denuncia falsa, este s\u00ed en Espa\u00f1a, por parte de las denunciantes, de modo que, desde esta perspectiva, el inter\u00e9s leg\u00edtimo del Sr. Iglesias de la Cueva est\u00e1 igualmente justificado\u201d, recoge ese escrito, en el que tambi\u00e9n cuestiona la decisi\u00f3n del Ministerio P\u00fablico de otorgarles la <a href=\"https:\/\/www.eldiario.es\/sociedad\/fiscalia-decide-declaracion-denunciantes-julio-iglesias_1_12906614.html\" rel=\"nofollow\">condici\u00f3n de testigos protegidas<\/a> cuando abri\u00f3 las pesquisas.\u00a0\n    <\/p>\n<p>\n        En paralelo, publicaciones como OkDiario o Libertad Digital han publicado en los \u00faltimos d\u00edas, citando fuentes de su entorno, que Julio Iglesias estudia presentar una demanda millonaria contra elDiario.es y Univision Noticias, los medios que sacaron a la luz el testimonio de las dos trabajadoras tras una investigaci\u00f3n exclusiva. Seg\u00fan aquellos medios, fuentes cercanas al artista afirman que \u201cel da\u00f1o reputacional podr\u00eda tasarse en 200 millones de d\u00f3lares\u201d.\n    <\/p>\n<p>\n        elDiario.es y Univision Noticias publicaron <a href=\"https:\/\/www.eldiario.es\/cultura\/extrabajadoras-mansiones-julio-iglesias-acusan-cantante-agresiones-sexuales_1_12902425.html\" rel=\"nofollow\">el pasado 13 de enero el reportaje <\/a>que recog\u00eda los testimonios de Rebeca y Laura, dos extrabajadoras de Julio Iglesias en r\u00e9gimen interno en su casa de Punta Cana (Rep\u00fablica Dominicana). <a href=\"https:\/\/www.eldiario.es\/cultura\/rebeca-extrabajadora-julio-iglesias-sentia-empujada-hacerlo-opcion-decir-no_1_12902630.html\" rel=\"nofollow\">Rebeca relat\u00f3 que fue presionada para mantener encuentros sexuales<\/a> con Iglesias y describi\u00f3 penetraciones, bofetadas y vejaciones f\u00edsicas y verbales. <a href=\"https:\/\/www.eldiario.es\/cultura\/laura-extrabajadora-julio-iglesias-viviamos-dictadura-debiamos-decir-decia_1_12902919.html\" rel=\"nofollow\">Laura, fisioterapeuta<\/a>, asegur\u00f3 que adem\u00e1s de tocamientos, recib\u00edan insultos y humillaciones durante su jornada laboral, en un ambiente de control y acoso continuo.\u00a0\n    <\/p>\n<p>\n        Ese mismo d\u00eda se hizo p\u00fablico que hab\u00edan interpuesto <a href=\"https:\/\/www.eldiario.es\/cultura\/mujeres-denuncian-espana-julio-iglesias-agresion-sexual-trata-seres-humanos_1_12902790.html\" rel=\"nofollow\">una denuncia ante la Fiscal\u00eda de la Audiencia Nacional <\/a>el 5 de enero por \u201cvarios delitos contra la libertad y la indemnidad sexuales tales como acoso sexual y agresi\u00f3n sexual\u201d, as\u00ed como lesiones y varios delitos contra los derechos de los trabajadores \u201cpor la imposici\u00f3n de condiciones laborales abusivas\u201d. La Fiscal\u00eda\u00a0<a href=\"https:\/\/www.eldiario.es\/cultura\/fiscalia-audiencia-nacional-archiva-investigacion-abierta-julio-iglesias-falta-competencia_1_12931535.html\" rel=\"nofollow\">dio por concluida<\/a> la investigaci\u00f3n abierta a Julio Iglesias sin entrar al fondo de los <a href=\"https:\/\/www.eldiario.es\/cultura\/rebeca-extrabajadora-julio-iglesias-sentia-empujada-hacerlo-opcion-decir-no_1_12902630.html\" rel=\"nofollow\">testimonios<\/a> al constatar que no ten\u00eda competencia con el argumento de que los hechos ocurrieron exclusivamente en el extranjero y no se dan los \u201cv\u00ednculos\u201d que exige la ley para que la Justicia espa\u00f1ola pueda intervenir.\u00a0\n    <\/p>\n<p>\n        elDiario.es public\u00f3 el pasado viernes una informaci\u00f3n sobre el traslado en 2021 de empleadas dom\u00e9sticas de Julio Iglesias <a href=\"https:\/\/www.eldiario.es\/cultura\/julio-lglesias-traslado-espana-empleadas-visado-turista-contrato-sueldos-340-euros_1_12916728.html\" rel=\"nofollow\">de su mansi\u00f3n de Punta Cana a Espa\u00f1a<\/a>, que se realiz\u00f3 con visado de turista, sin contrato y con sueldos de 340 euros.\n    <\/p>\n<p>\n        Periodistas de elDiario.es y Univision Noticias se pusieron en contacto en repetidas ocasiones y por diferentes v\u00edas con Julio Iglesias y con su abogado para preguntarle sobre este y otros asuntos, sin obtener respuesta a las preguntas que estos medios le hicieron llegar por email, mensajes telef\u00f3nicos y cartas entregadas en sus residencias. <a href=\"https:\/\/www.eldiario.es\/cultura\/julio-iglesias-rompe-silencio-niega-comunicado-acusaciones-agresion-sexual-extrabajadoras_1_12911717.html\" rel=\"nofollow\">En un comunicado p\u00fablico posterior <\/a>a la publicaci\u00f3n de la primera informaci\u00f3n, el cantante neg\u00f3 \u201chaber abusado, coaccionado o faltado el respeto a ninguna mujer\u201d y dijo que las acusaciones eran \u201cabsolutamente falsas\u201d. El abogado de Julio Iglesias en Espa\u00f1a, Jos\u00e9 Antonio Chocl\u00e1n, tampoco ha respondido a las preguntas de elDiario.es.\n    <\/p>\n<\/div>\n","protected":false},"excerpt":{"rendered":"<p>Julio Iglesias explora la posibilidad de emprender acciones legales contra las dos extrabajadoras que relatan haber sufrido agresiones sexuales mientras trabajaron para \u00e9l en 2021 en sus mansiones de Rep\u00fablica Dominicana y Bahamas, seg\u00fan algunos medios. Tras la decisi\u00f3n de la Fiscal\u00eda de la Audiencia Nacional de archivar la investigaci\u00f3n abierta al cantante por falta<\/p>\n","protected":false},"author":1,"featured_media":321284,"comment_status":"open","ping_status":"open","sticky":false,"template":"","format":"standard","meta":{"footnotes":""},"categories":[71],"tags":[],"class_list":["post-321283","post","type-post","status-publish","format-standard","has-post-thumbnail","hentry","category-politics-es"],"acf":[],"yoast_head":"<!-- This site is optimized with the Yoast SEO plugin v22.9 - https:\/\/yoast.com\/wordpress\/plugins\/seo\/ -->\n<title>Julio Iglesias busca una v\u00eda para denunciar a las dos extrabajadoras que le acusan de agresi\u00f3n sexual y trata - vof-news.eu<\/title>\n<meta name=\"description\" content=\"Julio Iglesias explora la posibilidad de emprender acciones legales contra las dos extrabajadoras que relatan haber sufrido agresiones sexuales mientras trabajaron para \u00e9l en 2021 en sus mansiones de Rep\u00fablica Dominicana y Bahamas, seg\u00fan algunos medios. Tras la decisi\u00f3n de la Fiscal\u00eda de la Audiencia Nacional de archivar la investigaci\u00f3n abierta al cantante por falta de competencia, su defensa ha reclamado de nuevo tener acceso a la denuncia de las dos exempleadas. Sostiene que existe un inter\u00e9s leg\u00edtimo, plenamente justificado, para acceder a dicho documento con el fin de valorar la posibilidad de emprender acciones legales contra las mujeres por una presunta denuncia falsa, seg\u00fan ha informado la Cadena Ser.\u00a0\" \/>\n<meta name=\"robots\" content=\"noindex, follow, max-snippet:-1, max-image-preview:large, max-video-preview:-1\" \/>\n<meta property=\"og:locale\" content=\"es_ES\" \/>\n<meta property=\"og:type\" content=\"article\" \/>\n<meta property=\"og:title\" content=\"Julio Iglesias busca una v\u00eda para denunciar a las dos extrabajadoras que le acusan de agresi\u00f3n sexual y trata - vof-news.eu\" \/>\n<meta property=\"og:description\" content=\"Julio Iglesias explora la posibilidad de emprender acciones legales contra las dos extrabajadoras que relatan haber sufrido agresiones sexuales mientras trabajaron para \u00e9l en 2021 en sus mansiones de Rep\u00fablica Dominicana y Bahamas, seg\u00fan algunos medios. Tras la decisi\u00f3n de la Fiscal\u00eda de la Audiencia Nacional de archivar la investigaci\u00f3n abierta al cantante por falta de competencia, su defensa ha reclamado de nuevo tener acceso a la denuncia de las dos exempleadas. Sostiene que existe un inter\u00e9s leg\u00edtimo, plenamente justificado, para acceder a dicho documento con el fin de valorar la posibilidad de emprender acciones legales contra las mujeres por una presunta denuncia falsa, seg\u00fan ha informado la Cadena Ser.\u00a0\" \/>\n<meta property=\"og:url\" content=\"https:\/\/vof-news.eu\/es\/julio-iglesias-busca-una-via-para-denunciar-a-las-dos-extrabajadoras-que-le-acusan-de-agresion-sexual-y-trata\/\" \/>\n<meta property=\"og:site_name\" content=\"vof-news.eu\" \/>\n<meta property=\"article:published_time\" content=\"2026-01-28T20:18:34+00:00\" \/>\n<meta property=\"article:modified_time\" content=\"2026-01-28T20:19:21+00:00\" \/>\n<meta property=\"og:image\" content=\"https:\/\/vof-news.eu\/wp-content\/uploads\/2026\/01\/df7bd2ed-3e82-479a-b4be-7c940dd2b867_16-9-discover-aspect-ratio_default_0.jpg\" \/>\n\t<meta property=\"og:image:width\" content=\"1200\" \/>\n\t<meta property=\"og:image:height\" content=\"675\" \/>\n\t<meta property=\"og:image:type\" content=\"image\/jpeg\" \/>\n<meta name=\"author\" content=\"Author\" \/>\n<meta name=\"twitter:card\" content=\"summary_large_image\" \/>\n<meta name=\"twitter:label1\" content=\"Escrito por\" \/>\n\t<meta name=\"twitter:data1\" content=\"Author\" \/>\n\t<meta name=\"twitter:label2\" content=\"Tiempo de lectura\" \/>\n\t<meta name=\"twitter:data2\" content=\"3 minutos\" \/>\n<script type=\"application\/ld+json\" class=\"yoast-schema-graph\">{\"@context\":\"https:\/\/schema.org\",\"@graph\":[{\"@type\":\"WebPage\",\"@id\":\"https:\/\/vof-news.eu\/es\/julio-iglesias-busca-una-via-para-denunciar-a-las-dos-extrabajadoras-que-le-acusan-de-agresion-sexual-y-trata\/\",\"url\":\"https:\/\/vof-news.eu\/es\/julio-iglesias-busca-una-via-para-denunciar-a-las-dos-extrabajadoras-que-le-acusan-de-agresion-sexual-y-trata\/\",\"name\":\"Julio Iglesias busca una v\u00eda para denunciar a las dos extrabajadoras que le acusan de agresi\u00f3n sexual y trata - vof-news.eu\",\"isPartOf\":{\"@id\":\"https:\/\/vof-news.eu\/es\/#website\"},\"primaryImageOfPage\":{\"@id\":\"https:\/\/vof-news.eu\/es\/julio-iglesias-busca-una-via-para-denunciar-a-las-dos-extrabajadoras-que-le-acusan-de-agresion-sexual-y-trata\/#primaryimage\"},\"image\":{\"@id\":\"https:\/\/vof-news.eu\/es\/julio-iglesias-busca-una-via-para-denunciar-a-las-dos-extrabajadoras-que-le-acusan-de-agresion-sexual-y-trata\/#primaryimage\"},\"thumbnailUrl\":\"https:\/\/vof-news.eu\/wp-content\/uploads\/2026\/01\/df7bd2ed-3e82-479a-b4be-7c940dd2b867_16-9-discover-aspect-ratio_default_0.jpg\",\"datePublished\":\"2026-01-28T20:18:34+00:00\",\"dateModified\":\"2026-01-28T20:19:21+00:00\",\"author\":{\"@id\":\"https:\/\/vof-news.eu\/es\/#\/schema\/person\/f6a2a4309f0561835797fd8c19b333ed\"},\"description\":\"Julio Iglesias explora la posibilidad de emprender acciones legales contra las dos extrabajadoras que relatan haber sufrido agresiones sexuales mientras trabajaron para \u00e9l en 2021 en sus mansiones de Rep\u00fablica Dominicana y Bahamas, seg\u00fan algunos medios. Tras la decisi\u00f3n de la Fiscal\u00eda de la Audiencia Nacional de archivar la investigaci\u00f3n abierta al cantante por falta de competencia, su defensa ha reclamado de nuevo tener acceso a la denuncia de las dos exempleadas. Sostiene que existe un inter\u00e9s leg\u00edtimo, plenamente justificado, para acceder a dicho documento con el fin de valorar la posibilidad de emprender acciones legales contra las mujeres por una presunta denuncia falsa, seg\u00fan ha informado la Cadena Ser.\u00a0\",\"breadcrumb\":{\"@id\":\"https:\/\/vof-news.eu\/es\/julio-iglesias-busca-una-via-para-denunciar-a-las-dos-extrabajadoras-que-le-acusan-de-agresion-sexual-y-trata\/#breadcrumb\"},\"inLanguage\":\"es\",\"potentialAction\":[{\"@type\":\"ReadAction\",\"target\":[\"https:\/\/vof-news.eu\/es\/julio-iglesias-busca-una-via-para-denunciar-a-las-dos-extrabajadoras-que-le-acusan-de-agresion-sexual-y-trata\/\"]}]},{\"@type\":\"ImageObject\",\"inLanguage\":\"es\",\"@id\":\"https:\/\/vof-news.eu\/es\/julio-iglesias-busca-una-via-para-denunciar-a-las-dos-extrabajadoras-que-le-acusan-de-agresion-sexual-y-trata\/#primaryimage\",\"url\":\"https:\/\/vof-news.eu\/wp-content\/uploads\/2026\/01\/df7bd2ed-3e82-479a-b4be-7c940dd2b867_16-9-discover-aspect-ratio_default_0.jpg\",\"contentUrl\":\"https:\/\/vof-news.eu\/wp-content\/uploads\/2026\/01\/df7bd2ed-3e82-479a-b4be-7c940dd2b867_16-9-discover-aspect-ratio_default_0.jpg\",\"width\":1200,\"height\":675},{\"@type\":\"BreadcrumbList\",\"@id\":\"https:\/\/vof-news.eu\/es\/julio-iglesias-busca-una-via-para-denunciar-a-las-dos-extrabajadoras-que-le-acusan-de-agresion-sexual-y-trata\/#breadcrumb\",\"itemListElement\":[{\"@type\":\"ListItem\",\"position\":1,\"name\":\"Home\",\"item\":\"https:\/\/vof-news.eu\/es\/\"},{\"@type\":\"ListItem\",\"position\":2,\"name\":\"Julio Iglesias busca una v\u00eda para denunciar a las dos extrabajadoras que le acusan de agresi\u00f3n sexual y trata\"}]},{\"@type\":\"WebSite\",\"@id\":\"https:\/\/vof-news.eu\/es\/#website\",\"url\":\"https:\/\/vof-news.eu\/es\/\",\"name\":\"vof-news.eu\",\"description\":\"\",\"potentialAction\":[{\"@type\":\"SearchAction\",\"target\":{\"@type\":\"EntryPoint\",\"urlTemplate\":\"https:\/\/vof-news.eu\/es\/?s={search_term_string}\"},\"query-input\":\"required name=search_term_string\"}],\"inLanguage\":\"es\"},{\"@type\":\"Person\",\"@id\":\"https:\/\/vof-news.eu\/es\/#\/schema\/person\/f6a2a4309f0561835797fd8c19b333ed\",\"name\":\"Author\",\"image\":{\"@type\":\"ImageObject\",\"inLanguage\":\"es\",\"@id\":\"https:\/\/vof-news.eu\/es\/#\/schema\/person\/image\/\",\"url\":\"https:\/\/secure.gravatar.com\/avatar\/b67e614b1b25b3e9c0c239efdd2fde5ab015b5affd6f1c3c85911ca4b384e790?s=96&d=mm&r=g\",\"contentUrl\":\"https:\/\/secure.gravatar.com\/avatar\/b67e614b1b25b3e9c0c239efdd2fde5ab015b5affd6f1c3c85911ca4b384e790?s=96&d=mm&r=g\",\"caption\":\"Author\"},\"sameAs\":[\"http:\/\/vof-news.eu\"],\"url\":\"https:\/\/vof-news.eu\/es\/author\/zwt6qxnjulxbnyg\/\"}]}<\/script>\n<!-- \/ Yoast SEO plugin. -->","yoast_head_json":{"title":"Julio Iglesias busca una v\u00eda para denunciar a las dos extrabajadoras que le acusan de agresi\u00f3n sexual y trata - vof-news.eu","description":"Julio Iglesias explora la posibilidad de emprender acciones legales contra las dos extrabajadoras que relatan haber sufrido agresiones sexuales mientras trabajaron para \u00e9l en 2021 en sus mansiones de Rep\u00fablica Dominicana y Bahamas, seg\u00fan algunos medios. Tras la decisi\u00f3n de la Fiscal\u00eda de la Audiencia Nacional de archivar la investigaci\u00f3n abierta al cantante por falta de competencia, su defensa ha reclamado de nuevo tener acceso a la denuncia de las dos exempleadas. Sostiene que existe un inter\u00e9s leg\u00edtimo, plenamente justificado, para acceder a dicho documento con el fin de valorar la posibilidad de emprender acciones legales contra las mujeres por una presunta denuncia falsa, seg\u00fan ha informado la Cadena Ser.\u00a0","robots":{"index":"noindex","follow":"follow","max-snippet":"max-snippet:-1","max-image-preview":"max-image-preview:large","max-video-preview":"max-video-preview:-1"},"og_locale":"es_ES","og_type":"article","og_title":"Julio Iglesias busca una v\u00eda para denunciar a las dos extrabajadoras que le acusan de agresi\u00f3n sexual y trata - vof-news.eu","og_description":"Julio Iglesias explora la posibilidad de emprender acciones legales contra las dos extrabajadoras que relatan haber sufrido agresiones sexuales mientras trabajaron para \u00e9l en 2021 en sus mansiones de Rep\u00fablica Dominicana y Bahamas, seg\u00fan algunos medios. Tras la decisi\u00f3n de la Fiscal\u00eda de la Audiencia Nacional de archivar la investigaci\u00f3n abierta al cantante por falta de competencia, su defensa ha reclamado de nuevo tener acceso a la denuncia de las dos exempleadas. Sostiene que existe un inter\u00e9s leg\u00edtimo, plenamente justificado, para acceder a dicho documento con el fin de valorar la posibilidad de emprender acciones legales contra las mujeres por una presunta denuncia falsa, seg\u00fan ha informado la Cadena Ser.\u00a0","og_url":"https:\/\/vof-news.eu\/es\/julio-iglesias-busca-una-via-para-denunciar-a-las-dos-extrabajadoras-que-le-acusan-de-agresion-sexual-y-trata\/","og_site_name":"vof-news.eu","article_published_time":"2026-01-28T20:18:34+00:00","article_modified_time":"2026-01-28T20:19:21+00:00","og_image":[{"width":1200,"height":675,"url":"https:\/\/vof-news.eu\/wp-content\/uploads\/2026\/01\/df7bd2ed-3e82-479a-b4be-7c940dd2b867_16-9-discover-aspect-ratio_default_0.jpg","type":"image\/jpeg"}],"author":"Author","twitter_card":"summary_large_image","twitter_misc":{"Escrito por":"Author","Tiempo de lectura":"3 minutos"},"schema":{"@context":"https:\/\/schema.org","@graph":[{"@type":"WebPage","@id":"https:\/\/vof-news.eu\/es\/julio-iglesias-busca-una-via-para-denunciar-a-las-dos-extrabajadoras-que-le-acusan-de-agresion-sexual-y-trata\/","url":"https:\/\/vof-news.eu\/es\/julio-iglesias-busca-una-via-para-denunciar-a-las-dos-extrabajadoras-que-le-acusan-de-agresion-sexual-y-trata\/","name":"Julio Iglesias busca una v\u00eda para denunciar a las dos extrabajadoras que le acusan de agresi\u00f3n sexual y trata - vof-news.eu","isPartOf":{"@id":"https:\/\/vof-news.eu\/es\/#website"},"primaryImageOfPage":{"@id":"https:\/\/vof-news.eu\/es\/julio-iglesias-busca-una-via-para-denunciar-a-las-dos-extrabajadoras-que-le-acusan-de-agresion-sexual-y-trata\/#primaryimage"},"image":{"@id":"https:\/\/vof-news.eu\/es\/julio-iglesias-busca-una-via-para-denunciar-a-las-dos-extrabajadoras-que-le-acusan-de-agresion-sexual-y-trata\/#primaryimage"},"thumbnailUrl":"https:\/\/vof-news.eu\/wp-content\/uploads\/2026\/01\/df7bd2ed-3e82-479a-b4be-7c940dd2b867_16-9-discover-aspect-ratio_default_0.jpg","datePublished":"2026-01-28T20:18:34+00:00","dateModified":"2026-01-28T20:19:21+00:00","author":{"@id":"https:\/\/vof-news.eu\/es\/#\/schema\/person\/f6a2a4309f0561835797fd8c19b333ed"},"description":"Julio Iglesias explora la posibilidad de emprender acciones legales contra las dos extrabajadoras que relatan haber sufrido agresiones sexuales mientras trabajaron para \u00e9l en 2021 en sus mansiones de Rep\u00fablica Dominicana y Bahamas, seg\u00fan algunos medios. Tras la decisi\u00f3n de la Fiscal\u00eda de la Audiencia Nacional de archivar la investigaci\u00f3n abierta al cantante por falta de competencia, su defensa ha reclamado de nuevo tener acceso a la denuncia de las dos exempleadas. Sostiene que existe un inter\u00e9s leg\u00edtimo, plenamente justificado, para acceder a dicho documento con el fin de valorar la posibilidad de emprender acciones legales contra las mujeres por una presunta denuncia falsa, seg\u00fan ha informado la Cadena Ser.\u00a0","breadcrumb":{"@id":"https:\/\/vof-news.eu\/es\/julio-iglesias-busca-una-via-para-denunciar-a-las-dos-extrabajadoras-que-le-acusan-de-agresion-sexual-y-trata\/#breadcrumb"},"inLanguage":"es","potentialAction":[{"@type":"ReadAction","target":["https:\/\/vof-news.eu\/es\/julio-iglesias-busca-una-via-para-denunciar-a-las-dos-extrabajadoras-que-le-acusan-de-agresion-sexual-y-trata\/"]}]},{"@type":"ImageObject","inLanguage":"es","@id":"https:\/\/vof-news.eu\/es\/julio-iglesias-busca-una-via-para-denunciar-a-las-dos-extrabajadoras-que-le-acusan-de-agresion-sexual-y-trata\/#primaryimage","url":"https:\/\/vof-news.eu\/wp-content\/uploads\/2026\/01\/df7bd2ed-3e82-479a-b4be-7c940dd2b867_16-9-discover-aspect-ratio_default_0.jpg","contentUrl":"https:\/\/vof-news.eu\/wp-content\/uploads\/2026\/01\/df7bd2ed-3e82-479a-b4be-7c940dd2b867_16-9-discover-aspect-ratio_default_0.jpg","width":1200,"height":675},{"@type":"BreadcrumbList","@id":"https:\/\/vof-news.eu\/es\/julio-iglesias-busca-una-via-para-denunciar-a-las-dos-extrabajadoras-que-le-acusan-de-agresion-sexual-y-trata\/#breadcrumb","itemListElement":[{"@type":"ListItem","position":1,"name":"Home","item":"https:\/\/vof-news.eu\/es\/"},{"@type":"ListItem","position":2,"name":"Julio Iglesias busca una v\u00eda para denunciar a las dos extrabajadoras que le acusan de agresi\u00f3n sexual y trata"}]},{"@type":"WebSite","@id":"https:\/\/vof-news.eu\/es\/#website","url":"https:\/\/vof-news.eu\/es\/","name":"vof-news.eu","description":"","potentialAction":[{"@type":"SearchAction","target":{"@type":"EntryPoint","urlTemplate":"https:\/\/vof-news.eu\/es\/?s={search_term_string}"},"query-input":"required name=search_term_string"}],"inLanguage":"es"},{"@type":"Person","@id":"https:\/\/vof-news.eu\/es\/#\/schema\/person\/f6a2a4309f0561835797fd8c19b333ed","name":"Author","image":{"@type":"ImageObject","inLanguage":"es","@id":"https:\/\/vof-news.eu\/es\/#\/schema\/person\/image\/","url":"https:\/\/secure.gravatar.com\/avatar\/b67e614b1b25b3e9c0c239efdd2fde5ab015b5affd6f1c3c85911ca4b384e790?s=96&d=mm&r=g","contentUrl":"https:\/\/secure.gravatar.com\/avatar\/b67e614b1b25b3e9c0c239efdd2fde5ab015b5affd6f1c3c85911ca4b384e790?s=96&d=mm&r=g","caption":"Author"},"sameAs":["http:\/\/vof-news.eu"],"url":"https:\/\/vof-news.eu\/es\/author\/zwt6qxnjulxbnyg\/"}]}},"yoast_meta":{"yoast_wpseo_title":"","yoast_wpseo_metadesc":"","yoast_wpseo_canonical":""},"_links":{"self":[{"href":"https:\/\/vof-news.eu\/es\/wp-json\/wp\/v2\/posts\/321283","targetHints":{"allow":["GET"]}}],"collection":[{"href":"https:\/\/vof-news.eu\/es\/wp-json\/wp\/v2\/posts"}],"about":[{"href":"https:\/\/vof-news.eu\/es\/wp-json\/wp\/v2\/types\/post"}],"author":[{"embeddable":true,"href":"https:\/\/vof-news.eu\/es\/wp-json\/wp\/v2\/users\/1"}],"replies":[{"embeddable":true,"href":"https:\/\/vof-news.eu\/es\/wp-json\/wp\/v2\/comments?post=321283"}],"version-history":[{"count":1,"href":"https:\/\/vof-news.eu\/es\/wp-json\/wp\/v2\/posts\/321283\/revisions"}],"predecessor-version":[{"id":321297,"href":"https:\/\/vof-news.eu\/es\/wp-json\/wp\/v2\/posts\/321283\/revisions\/321297"}],"wp:featuredmedia":[{"embeddable":true,"href":"https:\/\/vof-news.eu\/es\/wp-json\/wp\/v2\/media\/321284"}],"wp:attachment":[{"href":"https:\/\/vof-news.eu\/es\/wp-json\/wp\/v2\/media?parent=321283"}],"wp:term":[{"taxonomy":"category","embeddable":true,"href":"https:\/\/vof-news.eu\/es\/wp-json\/wp\/v2\/categories?post=321283"},{"taxonomy":"post_tag","embeddable":true,"href":"https:\/\/vof-news.eu\/es\/wp-json\/wp\/v2\/tags?post=321283"}],"curies":[{"name":"wp","href":"https:\/\/api.w.org\/{rel}","templated":true}]}}