{"id":321275,"date":"2026-01-28T23:17:13","date_gmt":"2026-01-28T20:17:13","guid":{"rendered":"https:\/\/vof-news.eu\/junts-acepta-cambiar-el-preambulo-del-traspaso-de-inmigracion-a-catalunya-que-critico-podemos\/"},"modified":"2026-01-28T23:18:08","modified_gmt":"2026-01-28T20:18:08","slug":"junts-acepta-cambiar-el-preambulo-del-traspaso-de-inmigracion-a-catalunya-que-critico-podemos","status":"publish","type":"post","link":"https:\/\/vof-news.eu\/es\/junts-acepta-cambiar-el-preambulo-del-traspaso-de-inmigracion-a-catalunya-que-critico-podemos\/","title":{"rendered":"Junts acepta cambiar el pre\u00e1mbulo del traspaso de inmigraci\u00f3n a Catalunya que critic\u00f3 Podemos"},"content":{"rendered":"<div>\n<p>\n        Junts se muestra dispuesto a cambiar la exposici\u00f3n de motivos de la ley para traspasar las competencias de inmigraci\u00f3n a Catalunya, seg\u00fan confirman fuentes del partido a este diario. Podemos critic\u00f3 con dureza ese pre\u00e1mbulo porque consideraba que ten\u00eda tintes racistas al asociar la inmigraci\u00f3n al colapso de los servicios p\u00fablicos. Los independentistas sin embargo remarcan que no apoyar\u00e1n en ning\u00fan caso cambios en el articulado de la norma.\n    <\/p>\n<p>\n        El acuerdo para la regularizaci\u00f3n extraordinaria de migrantes pactada entre el Gobierno y el partido de Ione Belarra ha activado una cadena virtuosa de negociaciones para Pedro S\u00e1nchez. Podemos se abri\u00f3 este martes a sentarse a hablar sobre el traspaso de competencias migratorias, uno de los principales objetivos de Junts desde el inicio de la legislatura.\n    <\/p>\n<p>\n        El problema para el traspaso hasta ahora resid\u00eda precisamente en Podemos, que ya tumb\u00f3 en oto\u00f1o la ley pactada entre Junts y el PSOE para activar esa transferencia. Los de Belarra fueron muy duros en aquel momento contra el texto pues consideraban que ten\u00eda tintes racistas y pusieron como condici\u00f3n antes de sentarse a hablar que se aprobase la regularizaci\u00f3n de migrantes.\n    <\/p>\n<p>\n        Despu\u00e9s del pacto del Gobierno con Podemos para esa regularizaci\u00f3n todo parece m\u00e1s f\u00e1cil. De hecho, este mi\u00e9rcoles Junts se ha mostrado por primera vez abierto a modificar parte del texto en aras de atraer a los de Belarra a apoyar la ley. El partido de Carles Puigdemont confirma que podr\u00edan introducir cambios en la exposici\u00f3n de motivos si eso facilita las cosas.\n    <\/p>\n<p>\n        La negociaci\u00f3n parlamentaria no est\u00e1 en marcha y de hecho PSOE y Junts deber\u00edan registrar una nueva ley para que se pueda empezar a debatir en el Congreso. Pero con Podemos mucho m\u00e1s abierto a negociar que hace meses, el camino para la consecuci\u00f3n de esa ley parece mucho m\u00e1s f\u00e1cil.\n    <\/p>\n<p>\n        Si el Gobierno consigue sacar adelante esta ley habr\u00e1 conseguido un hito muy importante en la legislatura, ya que este punto era una de las principales exigencias de Junts para mantener su apoyo parlamentario. El partido de Puigdemont rompi\u00f3 relaciones con el Gobierno por tres \u201cincumplimientos\u201d principales. Uno era este. M\u00e1s dif\u00edcil ser\u00e1 lograr que el catal\u00e1n sea lengua oficial en la Uni\u00f3n Europea, a la espera de que el Tribunal Constitucional se pronuncie sobre la parte de la amnist\u00eda que todav\u00eda impide al l\u00edder de Junts volver a Espa\u00f1a.\n    <\/p>\n<\/div>\n","protected":false},"excerpt":{"rendered":"<p>Junts se muestra dispuesto a cambiar la exposici\u00f3n de motivos de la ley para traspasar las competencias de inmigraci\u00f3n a Catalunya, seg\u00fan confirman fuentes del partido a este diario. Podemos critic\u00f3 con dureza ese pre\u00e1mbulo porque consideraba que ten\u00eda tintes racistas al asociar la inmigraci\u00f3n al colapso de los servicios p\u00fablicos. Los independentistas sin embargo<\/p>\n","protected":false},"author":1,"featured_media":321276,"comment_status":"open","ping_status":"open","sticky":false,"template":"","format":"standard","meta":{"footnotes":""},"categories":[71],"tags":[],"class_list":["post-321275","post","type-post","status-publish","format-standard","has-post-thumbnail","hentry","category-politics-es"],"acf":[],"yoast_head":"<!-- This site is optimized with the Yoast SEO plugin v22.9 - https:\/\/yoast.com\/wordpress\/plugins\/seo\/ -->\n<title>Junts acepta cambiar el pre\u00e1mbulo del traspaso de inmigraci\u00f3n a Catalunya que critic\u00f3 Podemos - vof-news.eu<\/title>\n<meta name=\"description\" content=\"Junts se muestra dispuesto a cambiar la exposici\u00f3n de motivos de la ley para traspasar las competencias de inmigraci\u00f3n a Catalunya, seg\u00fan confirman fuentes del partido a este diario. Podemos critic\u00f3 con dureza ese pre\u00e1mbulo porque consideraba que ten\u00eda tintes racistas al asociar la inmigraci\u00f3n al colapso de los servicios p\u00fablicos. Los independentistas sin embargo remarcan que no apoyar\u00e1n en ning\u00fan caso cambios en el articulado de la norma.\" \/>\n<meta name=\"robots\" content=\"noindex, follow, max-snippet:-1, max-image-preview:large, max-video-preview:-1\" \/>\n<meta property=\"og:locale\" content=\"es_ES\" \/>\n<meta property=\"og:type\" content=\"article\" \/>\n<meta property=\"og:title\" content=\"Junts acepta cambiar el pre\u00e1mbulo del traspaso de inmigraci\u00f3n a Catalunya que critic\u00f3 Podemos - vof-news.eu\" \/>\n<meta property=\"og:description\" content=\"Junts se muestra dispuesto a cambiar la exposici\u00f3n de motivos de la ley para traspasar las competencias de inmigraci\u00f3n a Catalunya, seg\u00fan confirman fuentes del partido a este diario. Podemos critic\u00f3 con dureza ese pre\u00e1mbulo porque consideraba que ten\u00eda tintes racistas al asociar la inmigraci\u00f3n al colapso de los servicios p\u00fablicos. Los independentistas sin embargo remarcan que no apoyar\u00e1n en ning\u00fan caso cambios en el articulado de la norma.\" \/>\n<meta property=\"og:url\" content=\"https:\/\/vof-news.eu\/es\/junts-acepta-cambiar-el-preambulo-del-traspaso-de-inmigracion-a-catalunya-que-critico-podemos\/\" \/>\n<meta property=\"og:site_name\" content=\"vof-news.eu\" \/>\n<meta property=\"article:published_time\" content=\"2026-01-28T20:17:13+00:00\" \/>\n<meta property=\"article:modified_time\" content=\"2026-01-28T20:18:08+00:00\" \/>\n<meta property=\"og:image\" content=\"https:\/\/vof-news.eu\/wp-content\/uploads\/2026\/01\/2e5e8f84-eaab-478f-814b-4b7b892de17d_16-9-discover-aspect-ratio_default_0_x1246y473.jpg\" \/>\n\t<meta property=\"og:image:width\" content=\"1200\" \/>\n\t<meta property=\"og:image:height\" content=\"675\" \/>\n\t<meta property=\"og:image:type\" content=\"image\/jpeg\" \/>\n<meta name=\"author\" content=\"Author\" \/>\n<meta name=\"twitter:card\" content=\"summary_large_image\" \/>\n<meta name=\"twitter:label1\" content=\"Escrito por\" \/>\n\t<meta name=\"twitter:data1\" content=\"Author\" \/>\n\t<meta name=\"twitter:label2\" content=\"Tiempo de lectura\" \/>\n\t<meta name=\"twitter:data2\" content=\"2 minutos\" \/>\n<script type=\"application\/ld+json\" class=\"yoast-schema-graph\">{\"@context\":\"https:\/\/schema.org\",\"@graph\":[{\"@type\":\"WebPage\",\"@id\":\"https:\/\/vof-news.eu\/es\/junts-acepta-cambiar-el-preambulo-del-traspaso-de-inmigracion-a-catalunya-que-critico-podemos\/\",\"url\":\"https:\/\/vof-news.eu\/es\/junts-acepta-cambiar-el-preambulo-del-traspaso-de-inmigracion-a-catalunya-que-critico-podemos\/\",\"name\":\"Junts acepta cambiar el pre\u00e1mbulo del traspaso de inmigraci\u00f3n a Catalunya que critic\u00f3 Podemos - vof-news.eu\",\"isPartOf\":{\"@id\":\"https:\/\/vof-news.eu\/es\/#website\"},\"primaryImageOfPage\":{\"@id\":\"https:\/\/vof-news.eu\/es\/junts-acepta-cambiar-el-preambulo-del-traspaso-de-inmigracion-a-catalunya-que-critico-podemos\/#primaryimage\"},\"image\":{\"@id\":\"https:\/\/vof-news.eu\/es\/junts-acepta-cambiar-el-preambulo-del-traspaso-de-inmigracion-a-catalunya-que-critico-podemos\/#primaryimage\"},\"thumbnailUrl\":\"https:\/\/vof-news.eu\/wp-content\/uploads\/2026\/01\/2e5e8f84-eaab-478f-814b-4b7b892de17d_16-9-discover-aspect-ratio_default_0_x1246y473.jpg\",\"datePublished\":\"2026-01-28T20:17:13+00:00\",\"dateModified\":\"2026-01-28T20:18:08+00:00\",\"author\":{\"@id\":\"https:\/\/vof-news.eu\/es\/#\/schema\/person\/f6a2a4309f0561835797fd8c19b333ed\"},\"description\":\"Junts se muestra dispuesto a cambiar la exposici\u00f3n de motivos de la ley para traspasar las competencias de inmigraci\u00f3n a Catalunya, seg\u00fan confirman fuentes del partido a este diario. Podemos critic\u00f3 con dureza ese pre\u00e1mbulo porque consideraba que ten\u00eda tintes racistas al asociar la inmigraci\u00f3n al colapso de los servicios p\u00fablicos. Los independentistas sin embargo remarcan que no apoyar\u00e1n en ning\u00fan caso cambios en el articulado de la norma.\",\"breadcrumb\":{\"@id\":\"https:\/\/vof-news.eu\/es\/junts-acepta-cambiar-el-preambulo-del-traspaso-de-inmigracion-a-catalunya-que-critico-podemos\/#breadcrumb\"},\"inLanguage\":\"es\",\"potentialAction\":[{\"@type\":\"ReadAction\",\"target\":[\"https:\/\/vof-news.eu\/es\/junts-acepta-cambiar-el-preambulo-del-traspaso-de-inmigracion-a-catalunya-que-critico-podemos\/\"]}]},{\"@type\":\"ImageObject\",\"inLanguage\":\"es\",\"@id\":\"https:\/\/vof-news.eu\/es\/junts-acepta-cambiar-el-preambulo-del-traspaso-de-inmigracion-a-catalunya-que-critico-podemos\/#primaryimage\",\"url\":\"https:\/\/vof-news.eu\/wp-content\/uploads\/2026\/01\/2e5e8f84-eaab-478f-814b-4b7b892de17d_16-9-discover-aspect-ratio_default_0_x1246y473.jpg\",\"contentUrl\":\"https:\/\/vof-news.eu\/wp-content\/uploads\/2026\/01\/2e5e8f84-eaab-478f-814b-4b7b892de17d_16-9-discover-aspect-ratio_default_0_x1246y473.jpg\",\"width\":1200,\"height\":675},{\"@type\":\"BreadcrumbList\",\"@id\":\"https:\/\/vof-news.eu\/es\/junts-acepta-cambiar-el-preambulo-del-traspaso-de-inmigracion-a-catalunya-que-critico-podemos\/#breadcrumb\",\"itemListElement\":[{\"@type\":\"ListItem\",\"position\":1,\"name\":\"Home\",\"item\":\"https:\/\/vof-news.eu\/es\/\"},{\"@type\":\"ListItem\",\"position\":2,\"name\":\"Junts acepta cambiar el pre\u00e1mbulo del traspaso de inmigraci\u00f3n a Catalunya que critic\u00f3 Podemos\"}]},{\"@type\":\"WebSite\",\"@id\":\"https:\/\/vof-news.eu\/es\/#website\",\"url\":\"https:\/\/vof-news.eu\/es\/\",\"name\":\"vof-news.eu\",\"description\":\"\",\"potentialAction\":[{\"@type\":\"SearchAction\",\"target\":{\"@type\":\"EntryPoint\",\"urlTemplate\":\"https:\/\/vof-news.eu\/es\/?s={search_term_string}\"},\"query-input\":\"required name=search_term_string\"}],\"inLanguage\":\"es\"},{\"@type\":\"Person\",\"@id\":\"https:\/\/vof-news.eu\/es\/#\/schema\/person\/f6a2a4309f0561835797fd8c19b333ed\",\"name\":\"Author\",\"image\":{\"@type\":\"ImageObject\",\"inLanguage\":\"es\",\"@id\":\"https:\/\/vof-news.eu\/es\/#\/schema\/person\/image\/\",\"url\":\"https:\/\/secure.gravatar.com\/avatar\/b67e614b1b25b3e9c0c239efdd2fde5ab015b5affd6f1c3c85911ca4b384e790?s=96&d=mm&r=g\",\"contentUrl\":\"https:\/\/secure.gravatar.com\/avatar\/b67e614b1b25b3e9c0c239efdd2fde5ab015b5affd6f1c3c85911ca4b384e790?s=96&d=mm&r=g\",\"caption\":\"Author\"},\"sameAs\":[\"http:\/\/vof-news.eu\"],\"url\":\"https:\/\/vof-news.eu\/es\/author\/zwt6qxnjulxbnyg\/\"}]}<\/script>\n<!-- \/ Yoast SEO plugin. -->","yoast_head_json":{"title":"Junts acepta cambiar el pre\u00e1mbulo del traspaso de inmigraci\u00f3n a Catalunya que critic\u00f3 Podemos - vof-news.eu","description":"Junts se muestra dispuesto a cambiar la exposici\u00f3n de motivos de la ley para traspasar las competencias de inmigraci\u00f3n a Catalunya, seg\u00fan confirman fuentes del partido a este diario. Podemos critic\u00f3 con dureza ese pre\u00e1mbulo porque consideraba que ten\u00eda tintes racistas al asociar la inmigraci\u00f3n al colapso de los servicios p\u00fablicos. Los independentistas sin embargo remarcan que no apoyar\u00e1n en ning\u00fan caso cambios en el articulado de la norma.","robots":{"index":"noindex","follow":"follow","max-snippet":"max-snippet:-1","max-image-preview":"max-image-preview:large","max-video-preview":"max-video-preview:-1"},"og_locale":"es_ES","og_type":"article","og_title":"Junts acepta cambiar el pre\u00e1mbulo del traspaso de inmigraci\u00f3n a Catalunya que critic\u00f3 Podemos - vof-news.eu","og_description":"Junts se muestra dispuesto a cambiar la exposici\u00f3n de motivos de la ley para traspasar las competencias de inmigraci\u00f3n a Catalunya, seg\u00fan confirman fuentes del partido a este diario. Podemos critic\u00f3 con dureza ese pre\u00e1mbulo porque consideraba que ten\u00eda tintes racistas al asociar la inmigraci\u00f3n al colapso de los servicios p\u00fablicos. Los independentistas sin embargo remarcan que no apoyar\u00e1n en ning\u00fan caso cambios en el articulado de la norma.","og_url":"https:\/\/vof-news.eu\/es\/junts-acepta-cambiar-el-preambulo-del-traspaso-de-inmigracion-a-catalunya-que-critico-podemos\/","og_site_name":"vof-news.eu","article_published_time":"2026-01-28T20:17:13+00:00","article_modified_time":"2026-01-28T20:18:08+00:00","og_image":[{"width":1200,"height":675,"url":"https:\/\/vof-news.eu\/wp-content\/uploads\/2026\/01\/2e5e8f84-eaab-478f-814b-4b7b892de17d_16-9-discover-aspect-ratio_default_0_x1246y473.jpg","type":"image\/jpeg"}],"author":"Author","twitter_card":"summary_large_image","twitter_misc":{"Escrito por":"Author","Tiempo de lectura":"2 minutos"},"schema":{"@context":"https:\/\/schema.org","@graph":[{"@type":"WebPage","@id":"https:\/\/vof-news.eu\/es\/junts-acepta-cambiar-el-preambulo-del-traspaso-de-inmigracion-a-catalunya-que-critico-podemos\/","url":"https:\/\/vof-news.eu\/es\/junts-acepta-cambiar-el-preambulo-del-traspaso-de-inmigracion-a-catalunya-que-critico-podemos\/","name":"Junts acepta cambiar el pre\u00e1mbulo del traspaso de inmigraci\u00f3n a Catalunya que critic\u00f3 Podemos - vof-news.eu","isPartOf":{"@id":"https:\/\/vof-news.eu\/es\/#website"},"primaryImageOfPage":{"@id":"https:\/\/vof-news.eu\/es\/junts-acepta-cambiar-el-preambulo-del-traspaso-de-inmigracion-a-catalunya-que-critico-podemos\/#primaryimage"},"image":{"@id":"https:\/\/vof-news.eu\/es\/junts-acepta-cambiar-el-preambulo-del-traspaso-de-inmigracion-a-catalunya-que-critico-podemos\/#primaryimage"},"thumbnailUrl":"https:\/\/vof-news.eu\/wp-content\/uploads\/2026\/01\/2e5e8f84-eaab-478f-814b-4b7b892de17d_16-9-discover-aspect-ratio_default_0_x1246y473.jpg","datePublished":"2026-01-28T20:17:13+00:00","dateModified":"2026-01-28T20:18:08+00:00","author":{"@id":"https:\/\/vof-news.eu\/es\/#\/schema\/person\/f6a2a4309f0561835797fd8c19b333ed"},"description":"Junts se muestra dispuesto a cambiar la exposici\u00f3n de motivos de la ley para traspasar las competencias de inmigraci\u00f3n a Catalunya, seg\u00fan confirman fuentes del partido a este diario. Podemos critic\u00f3 con dureza ese pre\u00e1mbulo porque consideraba que ten\u00eda tintes racistas al asociar la inmigraci\u00f3n al colapso de los servicios p\u00fablicos. Los independentistas sin embargo remarcan que no apoyar\u00e1n en ning\u00fan caso cambios en el articulado de la norma.","breadcrumb":{"@id":"https:\/\/vof-news.eu\/es\/junts-acepta-cambiar-el-preambulo-del-traspaso-de-inmigracion-a-catalunya-que-critico-podemos\/#breadcrumb"},"inLanguage":"es","potentialAction":[{"@type":"ReadAction","target":["https:\/\/vof-news.eu\/es\/junts-acepta-cambiar-el-preambulo-del-traspaso-de-inmigracion-a-catalunya-que-critico-podemos\/"]}]},{"@type":"ImageObject","inLanguage":"es","@id":"https:\/\/vof-news.eu\/es\/junts-acepta-cambiar-el-preambulo-del-traspaso-de-inmigracion-a-catalunya-que-critico-podemos\/#primaryimage","url":"https:\/\/vof-news.eu\/wp-content\/uploads\/2026\/01\/2e5e8f84-eaab-478f-814b-4b7b892de17d_16-9-discover-aspect-ratio_default_0_x1246y473.jpg","contentUrl":"https:\/\/vof-news.eu\/wp-content\/uploads\/2026\/01\/2e5e8f84-eaab-478f-814b-4b7b892de17d_16-9-discover-aspect-ratio_default_0_x1246y473.jpg","width":1200,"height":675},{"@type":"BreadcrumbList","@id":"https:\/\/vof-news.eu\/es\/junts-acepta-cambiar-el-preambulo-del-traspaso-de-inmigracion-a-catalunya-que-critico-podemos\/#breadcrumb","itemListElement":[{"@type":"ListItem","position":1,"name":"Home","item":"https:\/\/vof-news.eu\/es\/"},{"@type":"ListItem","position":2,"name":"Junts acepta cambiar el pre\u00e1mbulo del traspaso de inmigraci\u00f3n a Catalunya que critic\u00f3 Podemos"}]},{"@type":"WebSite","@id":"https:\/\/vof-news.eu\/es\/#website","url":"https:\/\/vof-news.eu\/es\/","name":"vof-news.eu","description":"","potentialAction":[{"@type":"SearchAction","target":{"@type":"EntryPoint","urlTemplate":"https:\/\/vof-news.eu\/es\/?s={search_term_string}"},"query-input":"required name=search_term_string"}],"inLanguage":"es"},{"@type":"Person","@id":"https:\/\/vof-news.eu\/es\/#\/schema\/person\/f6a2a4309f0561835797fd8c19b333ed","name":"Author","image":{"@type":"ImageObject","inLanguage":"es","@id":"https:\/\/vof-news.eu\/es\/#\/schema\/person\/image\/","url":"https:\/\/secure.gravatar.com\/avatar\/b67e614b1b25b3e9c0c239efdd2fde5ab015b5affd6f1c3c85911ca4b384e790?s=96&d=mm&r=g","contentUrl":"https:\/\/secure.gravatar.com\/avatar\/b67e614b1b25b3e9c0c239efdd2fde5ab015b5affd6f1c3c85911ca4b384e790?s=96&d=mm&r=g","caption":"Author"},"sameAs":["http:\/\/vof-news.eu"],"url":"https:\/\/vof-news.eu\/es\/author\/zwt6qxnjulxbnyg\/"}]}},"yoast_meta":{"yoast_wpseo_title":"","yoast_wpseo_metadesc":"","yoast_wpseo_canonical":""},"_links":{"self":[{"href":"https:\/\/vof-news.eu\/es\/wp-json\/wp\/v2\/posts\/321275","targetHints":{"allow":["GET"]}}],"collection":[{"href":"https:\/\/vof-news.eu\/es\/wp-json\/wp\/v2\/posts"}],"about":[{"href":"https:\/\/vof-news.eu\/es\/wp-json\/wp\/v2\/types\/post"}],"author":[{"embeddable":true,"href":"https:\/\/vof-news.eu\/es\/wp-json\/wp\/v2\/users\/1"}],"replies":[{"embeddable":true,"href":"https:\/\/vof-news.eu\/es\/wp-json\/wp\/v2\/comments?post=321275"}],"version-history":[{"count":1,"href":"https:\/\/vof-news.eu\/es\/wp-json\/wp\/v2\/posts\/321275\/revisions"}],"predecessor-version":[{"id":321282,"href":"https:\/\/vof-news.eu\/es\/wp-json\/wp\/v2\/posts\/321275\/revisions\/321282"}],"wp:featuredmedia":[{"embeddable":true,"href":"https:\/\/vof-news.eu\/es\/wp-json\/wp\/v2\/media\/321276"}],"wp:attachment":[{"href":"https:\/\/vof-news.eu\/es\/wp-json\/wp\/v2\/media?parent=321275"}],"wp:term":[{"taxonomy":"category","embeddable":true,"href":"https:\/\/vof-news.eu\/es\/wp-json\/wp\/v2\/categories?post=321275"},{"taxonomy":"post_tag","embeddable":true,"href":"https:\/\/vof-news.eu\/es\/wp-json\/wp\/v2\/tags?post=321275"}],"curies":[{"name":"wp","href":"https:\/\/api.w.org\/{rel}","templated":true}]}}