{"id":321236,"date":"2026-01-28T19:21:14","date_gmt":"2026-01-28T16:21:14","guid":{"rendered":"https:\/\/vof-news.eu\/de-carrillo-a-ucles-del-civismo-al-puritanismo\/"},"modified":"2026-01-28T19:22:00","modified_gmt":"2026-01-28T16:22:00","slug":"de-carrillo-a-ucles-del-civismo-al-puritanismo","status":"publish","type":"post","link":"https:\/\/vof-news.eu\/es\/de-carrillo-a-ucles-del-civismo-al-puritanismo\/","title":{"rendered":"De Carrillo a Ucl\u00e9s, del civismo al puritanismo"},"content":{"rendered":"<div>\n<p>En octubre de 1977, con la Transici\u00f3n encarrilada, pero con las heridas del franquismo a\u00fan en carne viva, el Club Siglo XXI invit\u00f3 al l\u00edder del Partido Comunista de Espa\u00f1a, Santiago Carrillo, a pronunciar una conferencia. La presentaci\u00f3n se la ofrecieron a Manuel Fraga, l\u00edder de Alianza Popular y ex ministro franquista. Que acept\u00f3 de inmediato.<\/p>\n<p>Fraga introdujo a Carrillo como \u00abun comunista de pura cepa\u00bb y \u00abde mucho cuidado\u00bb. <strong>\u00abPor eso interesa o\u00edrle\u00bb<\/strong>, instruy\u00f3. Carrillo le correspondi\u00f3 llam\u00e1ndolo \u00abilustre presentador\u00bb y celebr\u00f3 \u00abla prueba de civismo\u00bb que significa \u00abescuchar con respeto a un hombre que est\u00e1 en las ant\u00edpodas ideol\u00f3gicas\u00bb.<\/p>\n<p>Casi 49 a\u00f1os despu\u00e9s, <a href=\"https:\/\/www.elmundo.es\/cultura\/literatura\/2026\/01\/28\/697a216ae85eceaf148b459c.html\" rel=\"nofollow\">se han cancelado las jornadas <i><strong>Letras en Sevilla<\/strong><\/i><\/a> sobre el 90 aniversario de la Guerra Civil, <strong>organizadas por Arturo P\u00e9rez-Reverte y Jes\u00fas Vigorra<\/strong>. La Fundaci\u00f3n Cajasol, que acog\u00eda los debates, tem\u00eda que se consumase la <strong>amenaza de manifestaciones violentas frente a su sede<\/strong>, tras la infernal deriva puritana que ha desatado <a href=\"https:\/\/www.elmundo.es\/cultura\/literatura\/2026\/01\/25\/69763519e85ece82158b45a6.html\" rel=\"nofollow\">la renuncia del escritor <strong>David Ucl\u00e9s<\/strong><\/a> a figurar en el mismo foro que el ex presidente <strong>Jos\u00e9 Mar\u00eda Aznar<\/strong> y que el ex dirigente de Vox <strong>Iv\u00e1n Espinosa de los Monteros<\/strong>.<\/p>\n<p>En el acto de 1977, en las primeras filas estaban sentados el embajador de la Uni\u00f3n Sovi\u00e9tica, La Pasionaria y varios ex ministros de Franco. En las jornadas canceladas en 2026 iban a dialogar <strong>F\u00e9lix Bola\u00f1os<\/strong>, <strong>Juli\u00e1n Casanova<\/strong>, <strong>Alejandro Amen\u00e1bar<\/strong> o <strong>Juan Echanove<\/strong>. Entre otros peligrosos blanqueadores del fascismo.<\/p>\n<p>La conferencia de Carrillo resulta tremendamente \u00fatil para hacerle la prueba del algod\u00f3n al sectarismo de Ucl\u00e9s. El l\u00edder del PCE subray\u00f3 delante de los ex ministros franquistas que el debate debe sustituir a las trincheras. Ucl\u00e9s -que no iba a cruzar ni media palabra con Aznar ni con Espinosa- instagrame\u00f3: <strong>\u00abNo puedo verme en el mismo cartel que estos dos individuos\u00bb<\/strong>.<\/p>\n<p>\u00abMe basta la actitud del se\u00f1or Fraga, afrontando seguramente cr\u00edticas por presentarme aqu\u00ed esta noche\u00bb, dijo el l\u00edder comunista. <strong>\u00abSiento mucho que hay\u00e1is visto mi nombre justo a esos dos\u00bb<\/strong>, dijo Ucl\u00e9s.<\/p>\n<p>Claro que en 1977 tambi\u00e9n hubo pol\u00e9mica. Dimitieron 42 socios del Club Siglo XXI, abundaron las cr\u00edticas en el seno de Alianza Popular y se despleg\u00f3 un fuerte dispositivo policial. Pero el acto no se cancel\u00f3: la intelectualizaci\u00f3n de las discrepancias se impuso al gen cainita. Entonces la extrema derecha y parte de los conservadores no pod\u00edan digerir semejante imagen de concordia. No soportaban que Fraga y Carrillo se dieran la mano y confrontaran idearios antag\u00f3nicos con toda paz.<\/p>\n<p><strong>Hoy los puritanos son otros<\/strong>. Y celebran el \u00e9xito de su farsa. Ellos sabr\u00e1n.<\/p>\n<p>A quien se pregunte c\u00f3mo hemos pasado del \u00abcivismo\u00bb de escuchar ideas contrarias a glorificar la censura ideol\u00f3gica en un foro literario s\u00f3lo cabe contestarle lo de Belmonte: <strong>\u00abDegenerando\u00bb<\/strong>. O esto otro, m\u00e1s clarito: \u00abEstoy hasta las pen\u00ednsulas de todos nosotros\u00bb.<\/p>\n<\/div>\n","protected":false},"excerpt":{"rendered":"<p>En octubre de 1977, con la Transici\u00f3n encarrilada, pero con las heridas del franquismo a\u00fan en carne viva, el Club Siglo XXI invit\u00f3 al l\u00edder del Partido Comunista de Espa\u00f1a, Santiago Carrillo, a pronunciar una conferencia. La presentaci\u00f3n se la ofrecieron a Manuel Fraga, l\u00edder de Alianza Popular y ex ministro franquista. Que acept\u00f3 de<\/p>\n","protected":false},"author":1,"featured_media":321237,"comment_status":"open","ping_status":"open","sticky":false,"template":"","format":"standard","meta":{"footnotes":""},"categories":[66],"tags":[],"class_list":["post-321236","post","type-post","status-publish","format-standard","has-post-thumbnail","hentry","category-culture-es"],"acf":[],"yoast_head":"<!-- This site is optimized with the Yoast SEO plugin v22.9 - https:\/\/yoast.com\/wordpress\/plugins\/seo\/ -->\n<title>De Carrillo a Ucl\u00e9s, del civismo al puritanismo - vof-news.eu<\/title>\n<meta name=\"description\" content=\"En octubre de 1977, con la Transici\u00f3n encarrilada, pero con las heridas del franquismo a\u00fan en carne viva, el Club Siglo XXI invit\u00f3 al l\u00edder del Partido Comunista de Espa\u00f1a, Santiago Carrillo, a pronunciar una conferencia. La presentaci\u00f3n se la ofrecieron a Manuel Fraga, l\u00edder de Alianza Popular y ex ministro franquista. Que acept\u00f3 de inmediato.Fraga introdujo a Carrillo como &quot;un comunista de pura cepa&quot; y &quot;de mucho cuidado&quot;. &quot;Por eso interesa o\u00edrle&quot;, instruy\u00f3. Carrillo le correspondi\u00f3 llam\u00e1ndolo &quot;ilustre presentador&quot; y celebr\u00f3 &quot;la prueba de civismo&quot; que significa &quot;escuchar con respeto a un hombre que est\u00e1 en las ant\u00edpodas ideol\u00f3gicas&quot;.Casi 49 a\u00f1os despu\u00e9s, se han cancelado las jornadas Letras en Sevilla sobre el 90 aniversario de la Guerra Civil, organizadas por Arturo P\u00e9rez-Reverte y Jes\u00fas Vigorra. La Fundaci\u00f3n Cajasol, que acog\u00eda los debates, tem\u00eda que se consumase la amenaza de manifestaciones violentas frente a su sede, tras la infernal deriva puritana que ha desatado la renuncia del escritor David Ucl\u00e9s a figurar en el mismo foro que el ex presidente Jos\u00e9 Mar\u00eda Aznar y que el ex dirigente de Vox Iv\u00e1n Espinosa de los Monteros.En el acto de 1977, en las primeras filas estaban sentados el embajador de la Uni\u00f3n Sovi\u00e9tica, La Pasionaria y varios ex ministros de Franco. En las jornadas canceladas en 2026 iban a dialogar F\u00e9lix Bola\u00f1os, Juli\u00e1n Casanova, Alejandro Amen\u00e1bar o Juan Echanove. Entre otros peligrosos blanqueadores del fascismo.La conferencia de Carrillo resulta tremendamente \u00fatil para hacerle la prueba del algod\u00f3n al sectarismo de Ucl\u00e9s. El l\u00edder del PCE subray\u00f3 delante de los ex ministros franquistas que el debate debe sustituir a las trincheras. Ucl\u00e9s -que no iba a cruzar ni media palabra con Aznar ni con Espinosa- instagrame\u00f3: &quot;No puedo verme en el mismo cartel que estos dos individuos&quot;.&quot;Me basta la actitud del se\u00f1or Fraga, afrontando seguramente cr\u00edticas por presentarme aqu\u00ed esta noche&quot;, dijo el l\u00edder comunista. &quot;Siento mucho que hay\u00e1is visto mi nombre justo a esos dos&quot;, dijo Ucl\u00e9s.Claro que en 1977 tambi\u00e9n hubo pol\u00e9mica. Dimitieron 42 socios del Club Siglo XXI, abundaron las cr\u00edticas en el seno de Alianza Popular y se despleg\u00f3 un fuerte dispositivo policial. Pero el acto no se cancel\u00f3: la intelectualizaci\u00f3n de las discrepancias se impuso al gen cainita. Entonces la extrema derecha y parte de los conservadores no pod\u00edan digerir semejante imagen de concordia. No soportaban que Fraga y Carrillo se dieran la mano y confrontaran idearios antag\u00f3nicos con toda paz.Hoy los puritanos son otros. Y celebran el \u00e9xito de su farsa. Ellos sabr\u00e1n.A quien se pregunte c\u00f3mo hemos pasado del &quot;civismo&quot; de escuchar ideas contrarias a glorificar la censura ideol\u00f3gica en un foro literario s\u00f3lo cabe contestarle lo de Belmonte: &quot;Degenerando&quot;. O esto otro, m\u00e1s clarito: &quot;Estoy hasta las pen\u00ednsulas de todos nosotros&quot;.\" \/>\n<meta name=\"robots\" content=\"noindex, follow, max-snippet:-1, max-image-preview:large, max-video-preview:-1\" \/>\n<meta property=\"og:locale\" content=\"es_ES\" \/>\n<meta property=\"og:type\" content=\"article\" \/>\n<meta property=\"og:title\" content=\"De Carrillo a Ucl\u00e9s, del civismo al puritanismo - vof-news.eu\" \/>\n<meta property=\"og:description\" content=\"En octubre de 1977, con la Transici\u00f3n encarrilada, pero con las heridas del franquismo a\u00fan en carne viva, el Club Siglo XXI invit\u00f3 al l\u00edder del Partido Comunista de Espa\u00f1a, Santiago Carrillo, a pronunciar una conferencia. La presentaci\u00f3n se la ofrecieron a Manuel Fraga, l\u00edder de Alianza Popular y ex ministro franquista. Que acept\u00f3 de inmediato.Fraga introdujo a Carrillo como &quot;un comunista de pura cepa&quot; y &quot;de mucho cuidado&quot;. &quot;Por eso interesa o\u00edrle&quot;, instruy\u00f3. Carrillo le correspondi\u00f3 llam\u00e1ndolo &quot;ilustre presentador&quot; y celebr\u00f3 &quot;la prueba de civismo&quot; que significa &quot;escuchar con respeto a un hombre que est\u00e1 en las ant\u00edpodas ideol\u00f3gicas&quot;.Casi 49 a\u00f1os despu\u00e9s, se han cancelado las jornadas Letras en Sevilla sobre el 90 aniversario de la Guerra Civil, organizadas por Arturo P\u00e9rez-Reverte y Jes\u00fas Vigorra. La Fundaci\u00f3n Cajasol, que acog\u00eda los debates, tem\u00eda que se consumase la amenaza de manifestaciones violentas frente a su sede, tras la infernal deriva puritana que ha desatado la renuncia del escritor David Ucl\u00e9s a figurar en el mismo foro que el ex presidente Jos\u00e9 Mar\u00eda Aznar y que el ex dirigente de Vox Iv\u00e1n Espinosa de los Monteros.En el acto de 1977, en las primeras filas estaban sentados el embajador de la Uni\u00f3n Sovi\u00e9tica, La Pasionaria y varios ex ministros de Franco. En las jornadas canceladas en 2026 iban a dialogar F\u00e9lix Bola\u00f1os, Juli\u00e1n Casanova, Alejandro Amen\u00e1bar o Juan Echanove. Entre otros peligrosos blanqueadores del fascismo.La conferencia de Carrillo resulta tremendamente \u00fatil para hacerle la prueba del algod\u00f3n al sectarismo de Ucl\u00e9s. El l\u00edder del PCE subray\u00f3 delante de los ex ministros franquistas que el debate debe sustituir a las trincheras. Ucl\u00e9s -que no iba a cruzar ni media palabra con Aznar ni con Espinosa- instagrame\u00f3: &quot;No puedo verme en el mismo cartel que estos dos individuos&quot;.&quot;Me basta la actitud del se\u00f1or Fraga, afrontando seguramente cr\u00edticas por presentarme aqu\u00ed esta noche&quot;, dijo el l\u00edder comunista. &quot;Siento mucho que hay\u00e1is visto mi nombre justo a esos dos&quot;, dijo Ucl\u00e9s.Claro que en 1977 tambi\u00e9n hubo pol\u00e9mica. Dimitieron 42 socios del Club Siglo XXI, abundaron las cr\u00edticas en el seno de Alianza Popular y se despleg\u00f3 un fuerte dispositivo policial. Pero el acto no se cancel\u00f3: la intelectualizaci\u00f3n de las discrepancias se impuso al gen cainita. Entonces la extrema derecha y parte de los conservadores no pod\u00edan digerir semejante imagen de concordia. No soportaban que Fraga y Carrillo se dieran la mano y confrontaran idearios antag\u00f3nicos con toda paz.Hoy los puritanos son otros. Y celebran el \u00e9xito de su farsa. Ellos sabr\u00e1n.A quien se pregunte c\u00f3mo hemos pasado del &quot;civismo&quot; de escuchar ideas contrarias a glorificar la censura ideol\u00f3gica en un foro literario s\u00f3lo cabe contestarle lo de Belmonte: &quot;Degenerando&quot;. O esto otro, m\u00e1s clarito: &quot;Estoy hasta las pen\u00ednsulas de todos nosotros&quot;.\" \/>\n<meta property=\"og:url\" content=\"https:\/\/vof-news.eu\/es\/de-carrillo-a-ucles-del-civismo-al-puritanismo\/\" \/>\n<meta property=\"og:site_name\" content=\"vof-news.eu\" \/>\n<meta property=\"article:published_time\" content=\"2026-01-28T16:21:14+00:00\" \/>\n<meta property=\"article:modified_time\" content=\"2026-01-28T16:22:00+00:00\" \/>\n<meta property=\"og:image\" content=\"https:\/\/vof-news.eu\/wp-content\/uploads\/2026\/01\/17696148211120.jpg\" \/>\n\t<meta property=\"og:image:width\" content=\"1200\" \/>\n\t<meta property=\"og:image:height\" content=\"800\" \/>\n\t<meta property=\"og:image:type\" content=\"image\/jpeg\" \/>\n<meta name=\"author\" content=\"Author\" \/>\n<meta name=\"twitter:card\" content=\"summary_large_image\" \/>\n<meta name=\"twitter:label1\" content=\"Escrito por\" \/>\n\t<meta name=\"twitter:data1\" content=\"Author\" \/>\n\t<meta name=\"twitter:label2\" content=\"Tiempo de lectura\" \/>\n\t<meta name=\"twitter:data2\" content=\"3 minutos\" \/>\n<script type=\"application\/ld+json\" class=\"yoast-schema-graph\">{\"@context\":\"https:\/\/schema.org\",\"@graph\":[{\"@type\":\"WebPage\",\"@id\":\"https:\/\/vof-news.eu\/es\/de-carrillo-a-ucles-del-civismo-al-puritanismo\/\",\"url\":\"https:\/\/vof-news.eu\/es\/de-carrillo-a-ucles-del-civismo-al-puritanismo\/\",\"name\":\"De Carrillo a Ucl\u00e9s, del civismo al puritanismo - vof-news.eu\",\"isPartOf\":{\"@id\":\"https:\/\/vof-news.eu\/es\/#website\"},\"primaryImageOfPage\":{\"@id\":\"https:\/\/vof-news.eu\/es\/de-carrillo-a-ucles-del-civismo-al-puritanismo\/#primaryimage\"},\"image\":{\"@id\":\"https:\/\/vof-news.eu\/es\/de-carrillo-a-ucles-del-civismo-al-puritanismo\/#primaryimage\"},\"thumbnailUrl\":\"https:\/\/vof-news.eu\/wp-content\/uploads\/2026\/01\/17696148211120.jpg\",\"datePublished\":\"2026-01-28T16:21:14+00:00\",\"dateModified\":\"2026-01-28T16:22:00+00:00\",\"author\":{\"@id\":\"https:\/\/vof-news.eu\/es\/#\/schema\/person\/f6a2a4309f0561835797fd8c19b333ed\"},\"description\":\"En octubre de 1977, con la Transici\u00f3n encarrilada, pero con las heridas del franquismo a\u00fan en carne viva, el Club Siglo XXI invit\u00f3 al l\u00edder del Partido Comunista de Espa\u00f1a, Santiago Carrillo, a pronunciar una conferencia. La presentaci\u00f3n se la ofrecieron a Manuel Fraga, l\u00edder de Alianza Popular y ex ministro franquista. Que acept\u00f3 de inmediato.Fraga introdujo a Carrillo como \\\"un comunista de pura cepa\\\" y \\\"de mucho cuidado\\\". \\\"Por eso interesa o\u00edrle\\\", instruy\u00f3. Carrillo le correspondi\u00f3 llam\u00e1ndolo \\\"ilustre presentador\\\" y celebr\u00f3 \\\"la prueba de civismo\\\" que significa \\\"escuchar con respeto a un hombre que est\u00e1 en las ant\u00edpodas ideol\u00f3gicas\\\".Casi 49 a\u00f1os despu\u00e9s, se han cancelado las jornadas Letras en Sevilla sobre el 90 aniversario de la Guerra Civil, organizadas por Arturo P\u00e9rez-Reverte y Jes\u00fas Vigorra. La Fundaci\u00f3n Cajasol, que acog\u00eda los debates, tem\u00eda que se consumase la amenaza de manifestaciones violentas frente a su sede, tras la infernal deriva puritana que ha desatado la renuncia del escritor David Ucl\u00e9s a figurar en el mismo foro que el ex presidente Jos\u00e9 Mar\u00eda Aznar y que el ex dirigente de Vox Iv\u00e1n Espinosa de los Monteros.En el acto de 1977, en las primeras filas estaban sentados el embajador de la Uni\u00f3n Sovi\u00e9tica, La Pasionaria y varios ex ministros de Franco. En las jornadas canceladas en 2026 iban a dialogar F\u00e9lix Bola\u00f1os, Juli\u00e1n Casanova, Alejandro Amen\u00e1bar o Juan Echanove. Entre otros peligrosos blanqueadores del fascismo.La conferencia de Carrillo resulta tremendamente \u00fatil para hacerle la prueba del algod\u00f3n al sectarismo de Ucl\u00e9s. El l\u00edder del PCE subray\u00f3 delante de los ex ministros franquistas que el debate debe sustituir a las trincheras. Ucl\u00e9s -que no iba a cruzar ni media palabra con Aznar ni con Espinosa- instagrame\u00f3: \\\"No puedo verme en el mismo cartel que estos dos individuos\\\".\\\"Me basta la actitud del se\u00f1or Fraga, afrontando seguramente cr\u00edticas por presentarme aqu\u00ed esta noche\\\", dijo el l\u00edder comunista. \\\"Siento mucho que hay\u00e1is visto mi nombre justo a esos dos\\\", dijo Ucl\u00e9s.Claro que en 1977 tambi\u00e9n hubo pol\u00e9mica. Dimitieron 42 socios del Club Siglo XXI, abundaron las cr\u00edticas en el seno de Alianza Popular y se despleg\u00f3 un fuerte dispositivo policial. Pero el acto no se cancel\u00f3: la intelectualizaci\u00f3n de las discrepancias se impuso al gen cainita. Entonces la extrema derecha y parte de los conservadores no pod\u00edan digerir semejante imagen de concordia. No soportaban que Fraga y Carrillo se dieran la mano y confrontaran idearios antag\u00f3nicos con toda paz.Hoy los puritanos son otros. Y celebran el \u00e9xito de su farsa. Ellos sabr\u00e1n.A quien se pregunte c\u00f3mo hemos pasado del \\\"civismo\\\" de escuchar ideas contrarias a glorificar la censura ideol\u00f3gica en un foro literario s\u00f3lo cabe contestarle lo de Belmonte: \\\"Degenerando\\\". O esto otro, m\u00e1s clarito: \\\"Estoy hasta las pen\u00ednsulas de todos nosotros\\\".\",\"breadcrumb\":{\"@id\":\"https:\/\/vof-news.eu\/es\/de-carrillo-a-ucles-del-civismo-al-puritanismo\/#breadcrumb\"},\"inLanguage\":\"es\",\"potentialAction\":[{\"@type\":\"ReadAction\",\"target\":[\"https:\/\/vof-news.eu\/es\/de-carrillo-a-ucles-del-civismo-al-puritanismo\/\"]}]},{\"@type\":\"ImageObject\",\"inLanguage\":\"es\",\"@id\":\"https:\/\/vof-news.eu\/es\/de-carrillo-a-ucles-del-civismo-al-puritanismo\/#primaryimage\",\"url\":\"https:\/\/vof-news.eu\/wp-content\/uploads\/2026\/01\/17696148211120.jpg\",\"contentUrl\":\"https:\/\/vof-news.eu\/wp-content\/uploads\/2026\/01\/17696148211120.jpg\",\"width\":1200,\"height\":800},{\"@type\":\"BreadcrumbList\",\"@id\":\"https:\/\/vof-news.eu\/es\/de-carrillo-a-ucles-del-civismo-al-puritanismo\/#breadcrumb\",\"itemListElement\":[{\"@type\":\"ListItem\",\"position\":1,\"name\":\"Home\",\"item\":\"https:\/\/vof-news.eu\/es\/\"},{\"@type\":\"ListItem\",\"position\":2,\"name\":\"De Carrillo a Ucl\u00e9s, del civismo al puritanismo\"}]},{\"@type\":\"WebSite\",\"@id\":\"https:\/\/vof-news.eu\/es\/#website\",\"url\":\"https:\/\/vof-news.eu\/es\/\",\"name\":\"vof-news.eu\",\"description\":\"\",\"potentialAction\":[{\"@type\":\"SearchAction\",\"target\":{\"@type\":\"EntryPoint\",\"urlTemplate\":\"https:\/\/vof-news.eu\/es\/?s={search_term_string}\"},\"query-input\":\"required name=search_term_string\"}],\"inLanguage\":\"es\"},{\"@type\":\"Person\",\"@id\":\"https:\/\/vof-news.eu\/es\/#\/schema\/person\/f6a2a4309f0561835797fd8c19b333ed\",\"name\":\"Author\",\"image\":{\"@type\":\"ImageObject\",\"inLanguage\":\"es\",\"@id\":\"https:\/\/vof-news.eu\/es\/#\/schema\/person\/image\/\",\"url\":\"https:\/\/secure.gravatar.com\/avatar\/b67e614b1b25b3e9c0c239efdd2fde5ab015b5affd6f1c3c85911ca4b384e790?s=96&d=mm&r=g\",\"contentUrl\":\"https:\/\/secure.gravatar.com\/avatar\/b67e614b1b25b3e9c0c239efdd2fde5ab015b5affd6f1c3c85911ca4b384e790?s=96&d=mm&r=g\",\"caption\":\"Author\"},\"sameAs\":[\"http:\/\/vof-news.eu\"],\"url\":\"https:\/\/vof-news.eu\/es\/author\/zwt6qxnjulxbnyg\/\"}]}<\/script>\n<!-- \/ Yoast SEO plugin. -->","yoast_head_json":{"title":"De Carrillo a Ucl\u00e9s, del civismo al puritanismo - vof-news.eu","description":"En octubre de 1977, con la Transici\u00f3n encarrilada, pero con las heridas del franquismo a\u00fan en carne viva, el Club Siglo XXI invit\u00f3 al l\u00edder del Partido Comunista de Espa\u00f1a, Santiago Carrillo, a pronunciar una conferencia. La presentaci\u00f3n se la ofrecieron a Manuel Fraga, l\u00edder de Alianza Popular y ex ministro franquista. Que acept\u00f3 de inmediato.Fraga introdujo a Carrillo como \"un comunista de pura cepa\" y \"de mucho cuidado\". \"Por eso interesa o\u00edrle\", instruy\u00f3. Carrillo le correspondi\u00f3 llam\u00e1ndolo \"ilustre presentador\" y celebr\u00f3 \"la prueba de civismo\" que significa \"escuchar con respeto a un hombre que est\u00e1 en las ant\u00edpodas ideol\u00f3gicas\".Casi 49 a\u00f1os despu\u00e9s, se han cancelado las jornadas Letras en Sevilla sobre el 90 aniversario de la Guerra Civil, organizadas por Arturo P\u00e9rez-Reverte y Jes\u00fas Vigorra. La Fundaci\u00f3n Cajasol, que acog\u00eda los debates, tem\u00eda que se consumase la amenaza de manifestaciones violentas frente a su sede, tras la infernal deriva puritana que ha desatado la renuncia del escritor David Ucl\u00e9s a figurar en el mismo foro que el ex presidente Jos\u00e9 Mar\u00eda Aznar y que el ex dirigente de Vox Iv\u00e1n Espinosa de los Monteros.En el acto de 1977, en las primeras filas estaban sentados el embajador de la Uni\u00f3n Sovi\u00e9tica, La Pasionaria y varios ex ministros de Franco. En las jornadas canceladas en 2026 iban a dialogar F\u00e9lix Bola\u00f1os, Juli\u00e1n Casanova, Alejandro Amen\u00e1bar o Juan Echanove. Entre otros peligrosos blanqueadores del fascismo.La conferencia de Carrillo resulta tremendamente \u00fatil para hacerle la prueba del algod\u00f3n al sectarismo de Ucl\u00e9s. El l\u00edder del PCE subray\u00f3 delante de los ex ministros franquistas que el debate debe sustituir a las trincheras. Ucl\u00e9s -que no iba a cruzar ni media palabra con Aznar ni con Espinosa- instagrame\u00f3: \"No puedo verme en el mismo cartel que estos dos individuos\".\"Me basta la actitud del se\u00f1or Fraga, afrontando seguramente cr\u00edticas por presentarme aqu\u00ed esta noche\", dijo el l\u00edder comunista. \"Siento mucho que hay\u00e1is visto mi nombre justo a esos dos\", dijo Ucl\u00e9s.Claro que en 1977 tambi\u00e9n hubo pol\u00e9mica. Dimitieron 42 socios del Club Siglo XXI, abundaron las cr\u00edticas en el seno de Alianza Popular y se despleg\u00f3 un fuerte dispositivo policial. Pero el acto no se cancel\u00f3: la intelectualizaci\u00f3n de las discrepancias se impuso al gen cainita. Entonces la extrema derecha y parte de los conservadores no pod\u00edan digerir semejante imagen de concordia. No soportaban que Fraga y Carrillo se dieran la mano y confrontaran idearios antag\u00f3nicos con toda paz.Hoy los puritanos son otros. Y celebran el \u00e9xito de su farsa. Ellos sabr\u00e1n.A quien se pregunte c\u00f3mo hemos pasado del \"civismo\" de escuchar ideas contrarias a glorificar la censura ideol\u00f3gica en un foro literario s\u00f3lo cabe contestarle lo de Belmonte: \"Degenerando\". O esto otro, m\u00e1s clarito: \"Estoy hasta las pen\u00ednsulas de todos nosotros\".","robots":{"index":"noindex","follow":"follow","max-snippet":"max-snippet:-1","max-image-preview":"max-image-preview:large","max-video-preview":"max-video-preview:-1"},"og_locale":"es_ES","og_type":"article","og_title":"De Carrillo a Ucl\u00e9s, del civismo al puritanismo - vof-news.eu","og_description":"En octubre de 1977, con la Transici\u00f3n encarrilada, pero con las heridas del franquismo a\u00fan en carne viva, el Club Siglo XXI invit\u00f3 al l\u00edder del Partido Comunista de Espa\u00f1a, Santiago Carrillo, a pronunciar una conferencia. La presentaci\u00f3n se la ofrecieron a Manuel Fraga, l\u00edder de Alianza Popular y ex ministro franquista. Que acept\u00f3 de inmediato.Fraga introdujo a Carrillo como \"un comunista de pura cepa\" y \"de mucho cuidado\". \"Por eso interesa o\u00edrle\", instruy\u00f3. Carrillo le correspondi\u00f3 llam\u00e1ndolo \"ilustre presentador\" y celebr\u00f3 \"la prueba de civismo\" que significa \"escuchar con respeto a un hombre que est\u00e1 en las ant\u00edpodas ideol\u00f3gicas\".Casi 49 a\u00f1os despu\u00e9s, se han cancelado las jornadas Letras en Sevilla sobre el 90 aniversario de la Guerra Civil, organizadas por Arturo P\u00e9rez-Reverte y Jes\u00fas Vigorra. La Fundaci\u00f3n Cajasol, que acog\u00eda los debates, tem\u00eda que se consumase la amenaza de manifestaciones violentas frente a su sede, tras la infernal deriva puritana que ha desatado la renuncia del escritor David Ucl\u00e9s a figurar en el mismo foro que el ex presidente Jos\u00e9 Mar\u00eda Aznar y que el ex dirigente de Vox Iv\u00e1n Espinosa de los Monteros.En el acto de 1977, en las primeras filas estaban sentados el embajador de la Uni\u00f3n Sovi\u00e9tica, La Pasionaria y varios ex ministros de Franco. En las jornadas canceladas en 2026 iban a dialogar F\u00e9lix Bola\u00f1os, Juli\u00e1n Casanova, Alejandro Amen\u00e1bar o Juan Echanove. Entre otros peligrosos blanqueadores del fascismo.La conferencia de Carrillo resulta tremendamente \u00fatil para hacerle la prueba del algod\u00f3n al sectarismo de Ucl\u00e9s. El l\u00edder del PCE subray\u00f3 delante de los ex ministros franquistas que el debate debe sustituir a las trincheras. Ucl\u00e9s -que no iba a cruzar ni media palabra con Aznar ni con Espinosa- instagrame\u00f3: \"No puedo verme en el mismo cartel que estos dos individuos\".\"Me basta la actitud del se\u00f1or Fraga, afrontando seguramente cr\u00edticas por presentarme aqu\u00ed esta noche\", dijo el l\u00edder comunista. \"Siento mucho que hay\u00e1is visto mi nombre justo a esos dos\", dijo Ucl\u00e9s.Claro que en 1977 tambi\u00e9n hubo pol\u00e9mica. Dimitieron 42 socios del Club Siglo XXI, abundaron las cr\u00edticas en el seno de Alianza Popular y se despleg\u00f3 un fuerte dispositivo policial. Pero el acto no se cancel\u00f3: la intelectualizaci\u00f3n de las discrepancias se impuso al gen cainita. Entonces la extrema derecha y parte de los conservadores no pod\u00edan digerir semejante imagen de concordia. No soportaban que Fraga y Carrillo se dieran la mano y confrontaran idearios antag\u00f3nicos con toda paz.Hoy los puritanos son otros. Y celebran el \u00e9xito de su farsa. Ellos sabr\u00e1n.A quien se pregunte c\u00f3mo hemos pasado del \"civismo\" de escuchar ideas contrarias a glorificar la censura ideol\u00f3gica en un foro literario s\u00f3lo cabe contestarle lo de Belmonte: \"Degenerando\". O esto otro, m\u00e1s clarito: \"Estoy hasta las pen\u00ednsulas de todos nosotros\".","og_url":"https:\/\/vof-news.eu\/es\/de-carrillo-a-ucles-del-civismo-al-puritanismo\/","og_site_name":"vof-news.eu","article_published_time":"2026-01-28T16:21:14+00:00","article_modified_time":"2026-01-28T16:22:00+00:00","og_image":[{"width":1200,"height":800,"url":"https:\/\/vof-news.eu\/wp-content\/uploads\/2026\/01\/17696148211120.jpg","type":"image\/jpeg"}],"author":"Author","twitter_card":"summary_large_image","twitter_misc":{"Escrito por":"Author","Tiempo de lectura":"3 minutos"},"schema":{"@context":"https:\/\/schema.org","@graph":[{"@type":"WebPage","@id":"https:\/\/vof-news.eu\/es\/de-carrillo-a-ucles-del-civismo-al-puritanismo\/","url":"https:\/\/vof-news.eu\/es\/de-carrillo-a-ucles-del-civismo-al-puritanismo\/","name":"De Carrillo a Ucl\u00e9s, del civismo al puritanismo - vof-news.eu","isPartOf":{"@id":"https:\/\/vof-news.eu\/es\/#website"},"primaryImageOfPage":{"@id":"https:\/\/vof-news.eu\/es\/de-carrillo-a-ucles-del-civismo-al-puritanismo\/#primaryimage"},"image":{"@id":"https:\/\/vof-news.eu\/es\/de-carrillo-a-ucles-del-civismo-al-puritanismo\/#primaryimage"},"thumbnailUrl":"https:\/\/vof-news.eu\/wp-content\/uploads\/2026\/01\/17696148211120.jpg","datePublished":"2026-01-28T16:21:14+00:00","dateModified":"2026-01-28T16:22:00+00:00","author":{"@id":"https:\/\/vof-news.eu\/es\/#\/schema\/person\/f6a2a4309f0561835797fd8c19b333ed"},"description":"En octubre de 1977, con la Transici\u00f3n encarrilada, pero con las heridas del franquismo a\u00fan en carne viva, el Club Siglo XXI invit\u00f3 al l\u00edder del Partido Comunista de Espa\u00f1a, Santiago Carrillo, a pronunciar una conferencia. La presentaci\u00f3n se la ofrecieron a Manuel Fraga, l\u00edder de Alianza Popular y ex ministro franquista. Que acept\u00f3 de inmediato.Fraga introdujo a Carrillo como \"un comunista de pura cepa\" y \"de mucho cuidado\". \"Por eso interesa o\u00edrle\", instruy\u00f3. Carrillo le correspondi\u00f3 llam\u00e1ndolo \"ilustre presentador\" y celebr\u00f3 \"la prueba de civismo\" que significa \"escuchar con respeto a un hombre que est\u00e1 en las ant\u00edpodas ideol\u00f3gicas\".Casi 49 a\u00f1os despu\u00e9s, se han cancelado las jornadas Letras en Sevilla sobre el 90 aniversario de la Guerra Civil, organizadas por Arturo P\u00e9rez-Reverte y Jes\u00fas Vigorra. La Fundaci\u00f3n Cajasol, que acog\u00eda los debates, tem\u00eda que se consumase la amenaza de manifestaciones violentas frente a su sede, tras la infernal deriva puritana que ha desatado la renuncia del escritor David Ucl\u00e9s a figurar en el mismo foro que el ex presidente Jos\u00e9 Mar\u00eda Aznar y que el ex dirigente de Vox Iv\u00e1n Espinosa de los Monteros.En el acto de 1977, en las primeras filas estaban sentados el embajador de la Uni\u00f3n Sovi\u00e9tica, La Pasionaria y varios ex ministros de Franco. En las jornadas canceladas en 2026 iban a dialogar F\u00e9lix Bola\u00f1os, Juli\u00e1n Casanova, Alejandro Amen\u00e1bar o Juan Echanove. Entre otros peligrosos blanqueadores del fascismo.La conferencia de Carrillo resulta tremendamente \u00fatil para hacerle la prueba del algod\u00f3n al sectarismo de Ucl\u00e9s. El l\u00edder del PCE subray\u00f3 delante de los ex ministros franquistas que el debate debe sustituir a las trincheras. Ucl\u00e9s -que no iba a cruzar ni media palabra con Aznar ni con Espinosa- instagrame\u00f3: \"No puedo verme en el mismo cartel que estos dos individuos\".\"Me basta la actitud del se\u00f1or Fraga, afrontando seguramente cr\u00edticas por presentarme aqu\u00ed esta noche\", dijo el l\u00edder comunista. \"Siento mucho que hay\u00e1is visto mi nombre justo a esos dos\", dijo Ucl\u00e9s.Claro que en 1977 tambi\u00e9n hubo pol\u00e9mica. Dimitieron 42 socios del Club Siglo XXI, abundaron las cr\u00edticas en el seno de Alianza Popular y se despleg\u00f3 un fuerte dispositivo policial. Pero el acto no se cancel\u00f3: la intelectualizaci\u00f3n de las discrepancias se impuso al gen cainita. Entonces la extrema derecha y parte de los conservadores no pod\u00edan digerir semejante imagen de concordia. No soportaban que Fraga y Carrillo se dieran la mano y confrontaran idearios antag\u00f3nicos con toda paz.Hoy los puritanos son otros. Y celebran el \u00e9xito de su farsa. Ellos sabr\u00e1n.A quien se pregunte c\u00f3mo hemos pasado del \"civismo\" de escuchar ideas contrarias a glorificar la censura ideol\u00f3gica en un foro literario s\u00f3lo cabe contestarle lo de Belmonte: \"Degenerando\". O esto otro, m\u00e1s clarito: \"Estoy hasta las pen\u00ednsulas de todos nosotros\".","breadcrumb":{"@id":"https:\/\/vof-news.eu\/es\/de-carrillo-a-ucles-del-civismo-al-puritanismo\/#breadcrumb"},"inLanguage":"es","potentialAction":[{"@type":"ReadAction","target":["https:\/\/vof-news.eu\/es\/de-carrillo-a-ucles-del-civismo-al-puritanismo\/"]}]},{"@type":"ImageObject","inLanguage":"es","@id":"https:\/\/vof-news.eu\/es\/de-carrillo-a-ucles-del-civismo-al-puritanismo\/#primaryimage","url":"https:\/\/vof-news.eu\/wp-content\/uploads\/2026\/01\/17696148211120.jpg","contentUrl":"https:\/\/vof-news.eu\/wp-content\/uploads\/2026\/01\/17696148211120.jpg","width":1200,"height":800},{"@type":"BreadcrumbList","@id":"https:\/\/vof-news.eu\/es\/de-carrillo-a-ucles-del-civismo-al-puritanismo\/#breadcrumb","itemListElement":[{"@type":"ListItem","position":1,"name":"Home","item":"https:\/\/vof-news.eu\/es\/"},{"@type":"ListItem","position":2,"name":"De Carrillo a Ucl\u00e9s, del civismo al puritanismo"}]},{"@type":"WebSite","@id":"https:\/\/vof-news.eu\/es\/#website","url":"https:\/\/vof-news.eu\/es\/","name":"vof-news.eu","description":"","potentialAction":[{"@type":"SearchAction","target":{"@type":"EntryPoint","urlTemplate":"https:\/\/vof-news.eu\/es\/?s={search_term_string}"},"query-input":"required name=search_term_string"}],"inLanguage":"es"},{"@type":"Person","@id":"https:\/\/vof-news.eu\/es\/#\/schema\/person\/f6a2a4309f0561835797fd8c19b333ed","name":"Author","image":{"@type":"ImageObject","inLanguage":"es","@id":"https:\/\/vof-news.eu\/es\/#\/schema\/person\/image\/","url":"https:\/\/secure.gravatar.com\/avatar\/b67e614b1b25b3e9c0c239efdd2fde5ab015b5affd6f1c3c85911ca4b384e790?s=96&d=mm&r=g","contentUrl":"https:\/\/secure.gravatar.com\/avatar\/b67e614b1b25b3e9c0c239efdd2fde5ab015b5affd6f1c3c85911ca4b384e790?s=96&d=mm&r=g","caption":"Author"},"sameAs":["http:\/\/vof-news.eu"],"url":"https:\/\/vof-news.eu\/es\/author\/zwt6qxnjulxbnyg\/"}]}},"yoast_meta":{"yoast_wpseo_title":"","yoast_wpseo_metadesc":"","yoast_wpseo_canonical":""},"_links":{"self":[{"href":"https:\/\/vof-news.eu\/es\/wp-json\/wp\/v2\/posts\/321236","targetHints":{"allow":["GET"]}}],"collection":[{"href":"https:\/\/vof-news.eu\/es\/wp-json\/wp\/v2\/posts"}],"about":[{"href":"https:\/\/vof-news.eu\/es\/wp-json\/wp\/v2\/types\/post"}],"author":[{"embeddable":true,"href":"https:\/\/vof-news.eu\/es\/wp-json\/wp\/v2\/users\/1"}],"replies":[{"embeddable":true,"href":"https:\/\/vof-news.eu\/es\/wp-json\/wp\/v2\/comments?post=321236"}],"version-history":[{"count":1,"href":"https:\/\/vof-news.eu\/es\/wp-json\/wp\/v2\/posts\/321236\/revisions"}],"predecessor-version":[{"id":321243,"href":"https:\/\/vof-news.eu\/es\/wp-json\/wp\/v2\/posts\/321236\/revisions\/321243"}],"wp:featuredmedia":[{"embeddable":true,"href":"https:\/\/vof-news.eu\/es\/wp-json\/wp\/v2\/media\/321237"}],"wp:attachment":[{"href":"https:\/\/vof-news.eu\/es\/wp-json\/wp\/v2\/media?parent=321236"}],"wp:term":[{"taxonomy":"category","embeddable":true,"href":"https:\/\/vof-news.eu\/es\/wp-json\/wp\/v2\/categories?post=321236"},{"taxonomy":"post_tag","embeddable":true,"href":"https:\/\/vof-news.eu\/es\/wp-json\/wp\/v2\/tags?post=321236"}],"curies":[{"name":"wp","href":"https:\/\/api.w.org\/{rel}","templated":true}]}}