{"id":321228,"date":"2026-01-28T19:19:42","date_gmt":"2026-01-28T16:19:42","guid":{"rendered":"https:\/\/vof-news.eu\/arturo-perez-reverte-cancela-su-congreso-sobre-la-guerra-civil-por-la-intencion-de-grupos-de-ultraizquierda-de-manifestarse-de-forma-violenta\/"},"modified":"2026-01-28T19:20:16","modified_gmt":"2026-01-28T16:20:16","slug":"arturo-perez-reverte-cancela-su-congreso-sobre-la-guerra-civil-por-la-intencion-de-grupos-de-ultraizquierda-de-manifestarse-de-forma-violenta","status":"publish","type":"post","link":"https:\/\/vof-news.eu\/es\/arturo-perez-reverte-cancela-su-congreso-sobre-la-guerra-civil-por-la-intencion-de-grupos-de-ultraizquierda-de-manifestarse-de-forma-violenta\/","title":{"rendered":"Arturo P\u00e9rez-Reverte cancela su congreso sobre la Guerra Civil por \u00abla intenci\u00f3n de grupos de ultraizquierda de manifestarse de forma violenta\u00bb"},"content":{"rendered":"<div>\n<p>Arturo P\u00e9rez-Reverte y Jes\u00fas Vigorra, los organizadores del congreso Letras en Sevilla, <i>1936: \u00bfLa guerra que todos perdimos?, <\/i>han publicado un comunicado que anuncia la cancelaci\u00f3n de la cita. \u00abLa intenci\u00f3n expresada en las redes sociales por grupos de ultraizquierda, proponiendo manifestarse de forma violenta ante el lugar donde est\u00e1 previsto celebrar la XI edici\u00f3n de Letras en Sevilla (<i>1936: \u00bfLa guerra que todos perdimos?<\/i>) la semana pr\u00f3xima, nos hace aconsejar a Cajasol que aplace hasta nueva fecha los debates anunciados. Tal es el resultado de una <strong>campa\u00f1a intolerable de presiones <\/strong>que desde el partido Podemos y medios afines se ha estado ejerciendo sobre algunos de los participantes, a fin de hacerles renunciar a su intervenci\u00f3n en unas jornadas cuyo contenido \u00e9stos conoc\u00edan perfectamente y cuya asistencia hab\u00edan confirmado hace meses sin plantear objeci\u00f3n alguna\u00bb.<\/p>\n<p>P\u00e9rez-Reverte y Vigorra denuncian en su nota \u00abla <strong>presi\u00f3n sobre los asistentes<\/strong>, las llamadas telef\u00f3nicas privadas, las amenazas y la campa\u00f1a en redes sociales incluyendo la incitaci\u00f3n expresa a presentarse en la sede sevillana de la Fundaci\u00f3n Cajasol para perturbar las jornadas\u00bb.<\/p>\n<p>El domingo pasado, el escritor David Ucl\u00e9s, previsto en el cartel de Letras en Sevilla, anunci\u00f3 que renunciaba a participar por incompatibilidad intelectual con los tambi\u00e9n ponentes Jos\u00e9 Mar\u00eda Aznar e Iv\u00e1n Espinosa de los Monteros. Despu\u00e9s, Antonio Ma\u00edllo (coordinador Federal de Izquierda Unida) se descolg\u00f3 del congreso como una protesta contra el enunciado de su t\u00edtulo,<i> \u00bfLa guerra que todos perdimos?<\/i>, su <strong>\u00abequidistancia\u00bb<\/strong>. Ma\u00edllo exigi\u00f3 \u00absensibilidad para no frivolizar\u00bb sobre la Guerra Civil. <\/p>\n<p>El comunicado firmado por P\u00e9rez-Reverte y Vigorra recuerda que \u00aben el programa de entrevistas y debates, como es habitual en Letras en Sevilla, se inclu\u00edan encuentros con personalidades destacadas de la vida espa\u00f1ola, historiadores de prestigio, militares especializados y pol\u00edticos de diversas tendencias ideol\u00f3gicas: un conjunto equilibrado, ecu\u00e1nime y de altura intelectual. <strong>S\u00f3lo VOX (como ya ocurri\u00f3 en anteriores ediciones de Letras en Sevilla) y Gabriel Rufi\u00e1n (ERC) se hab\u00edan negado a asistir<\/strong>. Se procur\u00f3 cuidadosamente que estuviesen representados todos los puntos de vista posibles, desde el ex presidente Jos\u00e9 Mar\u00eda Aznar al actual ministro del Gobierno F\u00e9lix Bola\u00f1os y la presidenta del Consejo de Estado Carmen Calvo, que confirmaron su asistencia, como tambi\u00e9n lo hicieron el coordinador de Izquierda Unida Antonio Ma\u00edllo, el ex presidente de la Comunidad de Madrid y ex Ministro Alberto Ruiz Gallard\u00f3n, la vicesecretaria del PSOE de Andaluc\u00eda Mar\u00eda M\u00e1rquez, el ex pol\u00edtico Iv\u00e1n Espinosa de los Monteros, el teniente general F\u00e9lix Sanz Rold\u00e1n, el director de cine Alejandro Amen\u00e1bar, el actor Juan Echanove y los historiadores Juan Pablo Fusi, Enrique Moradiellos, Pilar Mart\u00ednez-Vasseur, Manuel \u00c1lvarez Tard\u00edo, Gutmaro G\u00f3mez Bravo, Zira Box, Fernando del Rey y Juli\u00e1n Casanova, entre otros nombres de extrema solvencia y reconocido prestigio\u00bb.<\/p>\n<p>Su versi\u00f3n de los hechos recuerda que \u00abUcl\u00e9s (cuya asistencia estaba confirmada por \u00e9l mismo para una conversaci\u00f3n con el escritor Luis Mateo D\u00edez sobre <i>Guerra Civil, juventud y literatura<\/i>) conoc\u00eda perfectamente desde hac\u00eda meses el programa de las jornadas\u00bb y califica su mensaje de renuncia de <strong>\u00ablastimero e infantil\u00bb<\/strong>. \u00abOfende cualquier inteligencia su renuncia a participar debido a la presencia de Aznar y Espinosa de los Monteros. Su sorprendente anuncio, como si estuviera concertado de antemano, abri\u00f3 lugar inmediatamente a una serie de intensas presiones personales desde el partido Podemos y sus medios pol\u00edticos afines de extrema izquierda, en una desagradable campa\u00f1a ejercida en las redes sociales y otros \u00e1mbitos (a la que se sum\u00f3 el director del Instituto Cervantes Luis Garc\u00eda Montero, cuya esposa, la fallecida novelista Almudena Grandes, particip\u00f3 gustosamente en otras jornadas de Letras en Sevilla denominadas <i>Literatura y Guerra Civil<\/i>). A esas coacciones p\u00fablicas y privadas, con llamadas telef\u00f3nicas a muchos de los intervinientes para que no asistieran a Sevilla, se fueron sometiendo vergonzosamente a lo largo de la semana, declinando la asistencia prometida, los pol\u00edticos Antonio Maillo (Izquierda Unida), Mar\u00eda M\u00e1rquez (PSOE) y Carmen Calvo (PSOE). En honor del resto de los asistentes previstos hay que se\u00f1alar que a excepci\u00f3n del escritor Paco Cerd\u00e1, todos ellos, destacablemente el ministro F\u00e9lix Bola\u00f1os y <strong>todos los historiadores con excepci\u00f3n de Zira Box, mantuvieron con gallard\u00eda su compromiso <\/strong>y confirmaron su asistencia\u00bb.<\/p>\n<hr\/>\n<\/div>\n","protected":false},"excerpt":{"rendered":"<p>Arturo P\u00e9rez-Reverte y Jes\u00fas Vigorra, los organizadores del congreso Letras en Sevilla, 1936: \u00bfLa guerra que todos perdimos?, han publicado un comunicado que anuncia la cancelaci\u00f3n de la cita. \u00abLa intenci\u00f3n expresada en las redes sociales por grupos de ultraizquierda, proponiendo manifestarse de forma violenta ante el lugar donde est\u00e1 previsto celebrar la XI edici\u00f3n<\/p>\n","protected":false},"author":1,"featured_media":321229,"comment_status":"open","ping_status":"open","sticky":false,"template":"","format":"standard","meta":{"footnotes":""},"categories":[66],"tags":[],"class_list":["post-321228","post","type-post","status-publish","format-standard","has-post-thumbnail","hentry","category-culture-es"],"acf":[],"yoast_head":"<!-- This site is optimized with the Yoast SEO plugin v22.9 - https:\/\/yoast.com\/wordpress\/plugins\/seo\/ -->\n<title>Arturo P\u00e9rez-Reverte cancela su congreso sobre la Guerra Civil por &quot;la intenci\u00f3n de grupos de ultraizquierda de manifestarse de forma violenta&quot; - vof-news.eu<\/title>\n<meta name=\"description\" content=\"Arturo P\u00e9rez-Reverte y Jes\u00fas Vigorra, los organizadores del congreso Letras en Sevilla, 1936: \u00bfLa guerra que todos perdimos?, han publicado un comunicado que anuncia la cancelaci\u00f3n de la cita. &quot;La intenci\u00f3n expresada en las redes sociales por grupos de ultraizquierda, proponiendo manifestarse de forma violenta ante el lugar donde est\u00e1 previsto celebrar la XI edici\u00f3n de Letras en Sevilla (1936: \u00bfLa guerra que todos perdimos?) la semana pr\u00f3xima, nos hace aconsejar a Cajasol que aplace hasta nueva fecha los debates anunciados. Tal es el resultado de una campa\u00f1a intolerable de presiones que desde el partido Podemos y medios afines se ha estado ejerciendo sobre algunos de los participantes, a fin de hacerles renunciar a su intervenci\u00f3n en unas jornadas cuyo contenido \u00e9stos conoc\u00edan perfectamente y cuya asistencia hab\u00edan confirmado hace meses sin plantear objeci\u00f3n alguna&quot;.P\u00e9rez-Reverte y Vigorra denuncian en su nota &quot;la presi\u00f3n sobre los asistentes, las llamadas telef\u00f3nicas privadas, las amenazas y la campa\u00f1a en redes sociales incluyendo la incitaci\u00f3n expresa a presentarse en la sede sevillana de la Fundaci\u00f3n Cajasol para perturbar las jornadas&quot;.El domingo pasado, el escritor David Ucl\u00e9s, previsto en el cartel de Letras en Sevilla, anunci\u00f3 que renunciaba a participar por incompatibilidad intelectual con los tambi\u00e9n ponentes Jos\u00e9 Mar\u00eda Aznar e Iv\u00e1n Espinosa de los Monteros. Despu\u00e9s, Antonio Ma\u00edllo (coordinador Federal de Izquierda Unida) se descolg\u00f3 del congreso como una protesta contra el enunciado de su t\u00edtulo, \u00bfLa guerra que todos perdimos?, su &quot;equidistancia&quot;. Ma\u00edllo exigi\u00f3 &quot;sensibilidad para no frivolizar&quot; sobre la Guerra Civil. El comunicado firmado por P\u00e9rez-Reverte y Vigorra recuerda que &quot;en el programa de entrevistas y debates, como es habitual en Letras en Sevilla, se inclu\u00edan encuentros con personalidades destacadas de la vida espa\u00f1ola, historiadores de prestigio, militares especializados y pol\u00edticos de diversas tendencias ideol\u00f3gicas: un conjunto equilibrado, ecu\u00e1nime y de altura intelectual. S\u00f3lo VOX (como ya ocurri\u00f3 en anteriores ediciones de Letras en Sevilla) y Gabriel Rufi\u00e1n (ERC) se hab\u00edan negado a asistir. Se procur\u00f3 cuidadosamente que estuviesen representados todos los puntos de vista posibles, desde el ex presidente Jos\u00e9 Mar\u00eda Aznar al actual ministro del Gobierno F\u00e9lix Bola\u00f1os y la presidenta del Consejo de Estado Carmen Calvo, que confirmaron su asistencia, como tambi\u00e9n lo hicieron el coordinador de Izquierda Unida Antonio Ma\u00edllo, el ex presidente de la Comunidad de Madrid y ex Ministro Alberto Ruiz Gallard\u00f3n, la vicesecretaria del PSOE de Andaluc\u00eda Mar\u00eda M\u00e1rquez, el ex pol\u00edtico Iv\u00e1n Espinosa de los Monteros, el teniente general F\u00e9lix Sanz Rold\u00e1n, el director de cine Alejandro Amen\u00e1bar, el actor Juan Echanove y los historiadores Juan Pablo Fusi, Enrique Moradiellos, Pilar Mart\u00ednez-Vasseur, Manuel \u00c1lvarez Tard\u00edo, Gutmaro G\u00f3mez Bravo, Zira Box, Fernando del Rey y Juli\u00e1n Casanova, entre otros nombres de extrema solvencia y reconocido prestigio&quot;.Su versi\u00f3n de los hechos recuerda que &quot;Ucl\u00e9s (cuya asistencia estaba confirmada por \u00e9l mismo para una conversaci\u00f3n con el escritor Luis Mateo D\u00edez sobre Guerra Civil, juventud y literatura) conoc\u00eda perfectamente desde hac\u00eda meses el programa de las jornadas&quot; y califica su mensaje de renuncia de &quot;lastimero e infantil&quot;. &quot;Ofende cualquier inteligencia su renuncia a participar debido a la presencia de Aznar y Espinosa de los Monteros. Su sorprendente anuncio, como si estuviera concertado de antemano, abri\u00f3 lugar inmediatamente a una serie de intensas presiones personales desde el partido Podemos y sus medios pol\u00edticos afines de extrema izquierda, en una desagradable campa\u00f1a ejercida en las redes sociales y otros \u00e1mbitos (a la que se sum\u00f3 el director del Instituto Cervantes Luis Garc\u00eda Montero, cuya esposa, la fallecida novelista Almudena Grandes, particip\u00f3 gustosamente en otras jornadas de Letras en Sevilla denominadas Literatura y Guerra Civil). A esas coacciones p\u00fablicas y privadas, con llamadas telef\u00f3nicas a muchos de los intervinientes para que no asistieran a Sevilla, se fueron sometiendo vergonzosamente a lo largo de la semana, declinando la asistencia prometida, los pol\u00edticos Antonio Maillo (Izquierda Unida), Mar\u00eda M\u00e1rquez (PSOE) y Carmen Calvo (PSOE). En honor del resto de los asistentes previstos hay que se\u00f1alar que a excepci\u00f3n del escritor Paco Cerd\u00e1, todos ellos, destacablemente el ministro F\u00e9lix Bola\u00f1os y todos los historiadores con excepci\u00f3n de Zira Box, mantuvieron con gallard\u00eda su compromiso y confirmaron su asistencia&quot;.\" \/>\n<meta name=\"robots\" content=\"noindex, follow, max-snippet:-1, max-image-preview:large, max-video-preview:-1\" \/>\n<meta property=\"og:locale\" content=\"es_ES\" \/>\n<meta property=\"og:type\" content=\"article\" \/>\n<meta property=\"og:title\" content=\"Arturo P\u00e9rez-Reverte cancela su congreso sobre la Guerra Civil por &quot;la intenci\u00f3n de grupos de ultraizquierda de manifestarse de forma violenta&quot; - vof-news.eu\" \/>\n<meta property=\"og:description\" content=\"Arturo P\u00e9rez-Reverte y Jes\u00fas Vigorra, los organizadores del congreso Letras en Sevilla, 1936: \u00bfLa guerra que todos perdimos?, han publicado un comunicado que anuncia la cancelaci\u00f3n de la cita. &quot;La intenci\u00f3n expresada en las redes sociales por grupos de ultraizquierda, proponiendo manifestarse de forma violenta ante el lugar donde est\u00e1 previsto celebrar la XI edici\u00f3n de Letras en Sevilla (1936: \u00bfLa guerra que todos perdimos?) la semana pr\u00f3xima, nos hace aconsejar a Cajasol que aplace hasta nueva fecha los debates anunciados. Tal es el resultado de una campa\u00f1a intolerable de presiones que desde el partido Podemos y medios afines se ha estado ejerciendo sobre algunos de los participantes, a fin de hacerles renunciar a su intervenci\u00f3n en unas jornadas cuyo contenido \u00e9stos conoc\u00edan perfectamente y cuya asistencia hab\u00edan confirmado hace meses sin plantear objeci\u00f3n alguna&quot;.P\u00e9rez-Reverte y Vigorra denuncian en su nota &quot;la presi\u00f3n sobre los asistentes, las llamadas telef\u00f3nicas privadas, las amenazas y la campa\u00f1a en redes sociales incluyendo la incitaci\u00f3n expresa a presentarse en la sede sevillana de la Fundaci\u00f3n Cajasol para perturbar las jornadas&quot;.El domingo pasado, el escritor David Ucl\u00e9s, previsto en el cartel de Letras en Sevilla, anunci\u00f3 que renunciaba a participar por incompatibilidad intelectual con los tambi\u00e9n ponentes Jos\u00e9 Mar\u00eda Aznar e Iv\u00e1n Espinosa de los Monteros. Despu\u00e9s, Antonio Ma\u00edllo (coordinador Federal de Izquierda Unida) se descolg\u00f3 del congreso como una protesta contra el enunciado de su t\u00edtulo, \u00bfLa guerra que todos perdimos?, su &quot;equidistancia&quot;. Ma\u00edllo exigi\u00f3 &quot;sensibilidad para no frivolizar&quot; sobre la Guerra Civil. El comunicado firmado por P\u00e9rez-Reverte y Vigorra recuerda que &quot;en el programa de entrevistas y debates, como es habitual en Letras en Sevilla, se inclu\u00edan encuentros con personalidades destacadas de la vida espa\u00f1ola, historiadores de prestigio, militares especializados y pol\u00edticos de diversas tendencias ideol\u00f3gicas: un conjunto equilibrado, ecu\u00e1nime y de altura intelectual. S\u00f3lo VOX (como ya ocurri\u00f3 en anteriores ediciones de Letras en Sevilla) y Gabriel Rufi\u00e1n (ERC) se hab\u00edan negado a asistir. Se procur\u00f3 cuidadosamente que estuviesen representados todos los puntos de vista posibles, desde el ex presidente Jos\u00e9 Mar\u00eda Aznar al actual ministro del Gobierno F\u00e9lix Bola\u00f1os y la presidenta del Consejo de Estado Carmen Calvo, que confirmaron su asistencia, como tambi\u00e9n lo hicieron el coordinador de Izquierda Unida Antonio Ma\u00edllo, el ex presidente de la Comunidad de Madrid y ex Ministro Alberto Ruiz Gallard\u00f3n, la vicesecretaria del PSOE de Andaluc\u00eda Mar\u00eda M\u00e1rquez, el ex pol\u00edtico Iv\u00e1n Espinosa de los Monteros, el teniente general F\u00e9lix Sanz Rold\u00e1n, el director de cine Alejandro Amen\u00e1bar, el actor Juan Echanove y los historiadores Juan Pablo Fusi, Enrique Moradiellos, Pilar Mart\u00ednez-Vasseur, Manuel \u00c1lvarez Tard\u00edo, Gutmaro G\u00f3mez Bravo, Zira Box, Fernando del Rey y Juli\u00e1n Casanova, entre otros nombres de extrema solvencia y reconocido prestigio&quot;.Su versi\u00f3n de los hechos recuerda que &quot;Ucl\u00e9s (cuya asistencia estaba confirmada por \u00e9l mismo para una conversaci\u00f3n con el escritor Luis Mateo D\u00edez sobre Guerra Civil, juventud y literatura) conoc\u00eda perfectamente desde hac\u00eda meses el programa de las jornadas&quot; y califica su mensaje de renuncia de &quot;lastimero e infantil&quot;. &quot;Ofende cualquier inteligencia su renuncia a participar debido a la presencia de Aznar y Espinosa de los Monteros. Su sorprendente anuncio, como si estuviera concertado de antemano, abri\u00f3 lugar inmediatamente a una serie de intensas presiones personales desde el partido Podemos y sus medios pol\u00edticos afines de extrema izquierda, en una desagradable campa\u00f1a ejercida en las redes sociales y otros \u00e1mbitos (a la que se sum\u00f3 el director del Instituto Cervantes Luis Garc\u00eda Montero, cuya esposa, la fallecida novelista Almudena Grandes, particip\u00f3 gustosamente en otras jornadas de Letras en Sevilla denominadas Literatura y Guerra Civil). A esas coacciones p\u00fablicas y privadas, con llamadas telef\u00f3nicas a muchos de los intervinientes para que no asistieran a Sevilla, se fueron sometiendo vergonzosamente a lo largo de la semana, declinando la asistencia prometida, los pol\u00edticos Antonio Maillo (Izquierda Unida), Mar\u00eda M\u00e1rquez (PSOE) y Carmen Calvo (PSOE). En honor del resto de los asistentes previstos hay que se\u00f1alar que a excepci\u00f3n del escritor Paco Cerd\u00e1, todos ellos, destacablemente el ministro F\u00e9lix Bola\u00f1os y todos los historiadores con excepci\u00f3n de Zira Box, mantuvieron con gallard\u00eda su compromiso y confirmaron su asistencia&quot;.\" \/>\n<meta property=\"og:url\" content=\"https:\/\/vof-news.eu\/es\/arturo-perez-reverte-cancela-su-congreso-sobre-la-guerra-civil-por-la-intencion-de-grupos-de-ultraizquierda-de-manifestarse-de-forma-violenta\/\" \/>\n<meta property=\"og:site_name\" content=\"vof-news.eu\" \/>\n<meta property=\"article:published_time\" content=\"2026-01-28T16:19:42+00:00\" \/>\n<meta property=\"article:modified_time\" content=\"2026-01-28T16:20:16+00:00\" \/>\n<meta property=\"og:image\" content=\"https:\/\/vof-news.eu\/wp-content\/uploads\/2026\/01\/17696117165484.jpg\" \/>\n\t<meta property=\"og:image:width\" content=\"1024\" \/>\n\t<meta property=\"og:image:height\" content=\"682\" \/>\n\t<meta property=\"og:image:type\" content=\"image\/jpeg\" \/>\n<meta name=\"author\" content=\"Author\" \/>\n<meta name=\"twitter:card\" content=\"summary_large_image\" \/>\n<meta name=\"twitter:label1\" content=\"Escrito por\" \/>\n\t<meta name=\"twitter:data1\" content=\"Author\" \/>\n\t<meta name=\"twitter:label2\" content=\"Tiempo de lectura\" \/>\n\t<meta name=\"twitter:data2\" content=\"4 minutos\" \/>\n<script type=\"application\/ld+json\" class=\"yoast-schema-graph\">{\"@context\":\"https:\/\/schema.org\",\"@graph\":[{\"@type\":\"WebPage\",\"@id\":\"https:\/\/vof-news.eu\/es\/arturo-perez-reverte-cancela-su-congreso-sobre-la-guerra-civil-por-la-intencion-de-grupos-de-ultraizquierda-de-manifestarse-de-forma-violenta\/\",\"url\":\"https:\/\/vof-news.eu\/es\/arturo-perez-reverte-cancela-su-congreso-sobre-la-guerra-civil-por-la-intencion-de-grupos-de-ultraizquierda-de-manifestarse-de-forma-violenta\/\",\"name\":\"Arturo P\u00e9rez-Reverte cancela su congreso sobre la Guerra Civil por \\\"la intenci\u00f3n de grupos de ultraizquierda de manifestarse de forma violenta\\\" - vof-news.eu\",\"isPartOf\":{\"@id\":\"https:\/\/vof-news.eu\/es\/#website\"},\"primaryImageOfPage\":{\"@id\":\"https:\/\/vof-news.eu\/es\/arturo-perez-reverte-cancela-su-congreso-sobre-la-guerra-civil-por-la-intencion-de-grupos-de-ultraizquierda-de-manifestarse-de-forma-violenta\/#primaryimage\"},\"image\":{\"@id\":\"https:\/\/vof-news.eu\/es\/arturo-perez-reverte-cancela-su-congreso-sobre-la-guerra-civil-por-la-intencion-de-grupos-de-ultraizquierda-de-manifestarse-de-forma-violenta\/#primaryimage\"},\"thumbnailUrl\":\"https:\/\/vof-news.eu\/wp-content\/uploads\/2026\/01\/17696117165484.jpg\",\"datePublished\":\"2026-01-28T16:19:42+00:00\",\"dateModified\":\"2026-01-28T16:20:16+00:00\",\"author\":{\"@id\":\"https:\/\/vof-news.eu\/es\/#\/schema\/person\/f6a2a4309f0561835797fd8c19b333ed\"},\"description\":\"Arturo P\u00e9rez-Reverte y Jes\u00fas Vigorra, los organizadores del congreso Letras en Sevilla, 1936: \u00bfLa guerra que todos perdimos?, han publicado un comunicado que anuncia la cancelaci\u00f3n de la cita. \\\"La intenci\u00f3n expresada en las redes sociales por grupos de ultraizquierda, proponiendo manifestarse de forma violenta ante el lugar donde est\u00e1 previsto celebrar la XI edici\u00f3n de Letras en Sevilla (1936: \u00bfLa guerra que todos perdimos?) la semana pr\u00f3xima, nos hace aconsejar a Cajasol que aplace hasta nueva fecha los debates anunciados. Tal es el resultado de una campa\u00f1a intolerable de presiones que desde el partido Podemos y medios afines se ha estado ejerciendo sobre algunos de los participantes, a fin de hacerles renunciar a su intervenci\u00f3n en unas jornadas cuyo contenido \u00e9stos conoc\u00edan perfectamente y cuya asistencia hab\u00edan confirmado hace meses sin plantear objeci\u00f3n alguna\\\".P\u00e9rez-Reverte y Vigorra denuncian en su nota \\\"la presi\u00f3n sobre los asistentes, las llamadas telef\u00f3nicas privadas, las amenazas y la campa\u00f1a en redes sociales incluyendo la incitaci\u00f3n expresa a presentarse en la sede sevillana de la Fundaci\u00f3n Cajasol para perturbar las jornadas\\\".El domingo pasado, el escritor David Ucl\u00e9s, previsto en el cartel de Letras en Sevilla, anunci\u00f3 que renunciaba a participar por incompatibilidad intelectual con los tambi\u00e9n ponentes Jos\u00e9 Mar\u00eda Aznar e Iv\u00e1n Espinosa de los Monteros. Despu\u00e9s, Antonio Ma\u00edllo (coordinador Federal de Izquierda Unida) se descolg\u00f3 del congreso como una protesta contra el enunciado de su t\u00edtulo, \u00bfLa guerra que todos perdimos?, su \\\"equidistancia\\\". Ma\u00edllo exigi\u00f3 \\\"sensibilidad para no frivolizar\\\" sobre la Guerra Civil. El comunicado firmado por P\u00e9rez-Reverte y Vigorra recuerda que \\\"en el programa de entrevistas y debates, como es habitual en Letras en Sevilla, se inclu\u00edan encuentros con personalidades destacadas de la vida espa\u00f1ola, historiadores de prestigio, militares especializados y pol\u00edticos de diversas tendencias ideol\u00f3gicas: un conjunto equilibrado, ecu\u00e1nime y de altura intelectual. S\u00f3lo VOX (como ya ocurri\u00f3 en anteriores ediciones de Letras en Sevilla) y Gabriel Rufi\u00e1n (ERC) se hab\u00edan negado a asistir. Se procur\u00f3 cuidadosamente que estuviesen representados todos los puntos de vista posibles, desde el ex presidente Jos\u00e9 Mar\u00eda Aznar al actual ministro del Gobierno F\u00e9lix Bola\u00f1os y la presidenta del Consejo de Estado Carmen Calvo, que confirmaron su asistencia, como tambi\u00e9n lo hicieron el coordinador de Izquierda Unida Antonio Ma\u00edllo, el ex presidente de la Comunidad de Madrid y ex Ministro Alberto Ruiz Gallard\u00f3n, la vicesecretaria del PSOE de Andaluc\u00eda Mar\u00eda M\u00e1rquez, el ex pol\u00edtico Iv\u00e1n Espinosa de los Monteros, el teniente general F\u00e9lix Sanz Rold\u00e1n, el director de cine Alejandro Amen\u00e1bar, el actor Juan Echanove y los historiadores Juan Pablo Fusi, Enrique Moradiellos, Pilar Mart\u00ednez-Vasseur, Manuel \u00c1lvarez Tard\u00edo, Gutmaro G\u00f3mez Bravo, Zira Box, Fernando del Rey y Juli\u00e1n Casanova, entre otros nombres de extrema solvencia y reconocido prestigio\\\".Su versi\u00f3n de los hechos recuerda que \\\"Ucl\u00e9s (cuya asistencia estaba confirmada por \u00e9l mismo para una conversaci\u00f3n con el escritor Luis Mateo D\u00edez sobre Guerra Civil, juventud y literatura) conoc\u00eda perfectamente desde hac\u00eda meses el programa de las jornadas\\\" y califica su mensaje de renuncia de \\\"lastimero e infantil\\\". \\\"Ofende cualquier inteligencia su renuncia a participar debido a la presencia de Aznar y Espinosa de los Monteros. Su sorprendente anuncio, como si estuviera concertado de antemano, abri\u00f3 lugar inmediatamente a una serie de intensas presiones personales desde el partido Podemos y sus medios pol\u00edticos afines de extrema izquierda, en una desagradable campa\u00f1a ejercida en las redes sociales y otros \u00e1mbitos (a la que se sum\u00f3 el director del Instituto Cervantes Luis Garc\u00eda Montero, cuya esposa, la fallecida novelista Almudena Grandes, particip\u00f3 gustosamente en otras jornadas de Letras en Sevilla denominadas Literatura y Guerra Civil). A esas coacciones p\u00fablicas y privadas, con llamadas telef\u00f3nicas a muchos de los intervinientes para que no asistieran a Sevilla, se fueron sometiendo vergonzosamente a lo largo de la semana, declinando la asistencia prometida, los pol\u00edticos Antonio Maillo (Izquierda Unida), Mar\u00eda M\u00e1rquez (PSOE) y Carmen Calvo (PSOE). En honor del resto de los asistentes previstos hay que se\u00f1alar que a excepci\u00f3n del escritor Paco Cerd\u00e1, todos ellos, destacablemente el ministro F\u00e9lix Bola\u00f1os y todos los historiadores con excepci\u00f3n de Zira Box, mantuvieron con gallard\u00eda su compromiso y confirmaron su asistencia\\\".\",\"breadcrumb\":{\"@id\":\"https:\/\/vof-news.eu\/es\/arturo-perez-reverte-cancela-su-congreso-sobre-la-guerra-civil-por-la-intencion-de-grupos-de-ultraizquierda-de-manifestarse-de-forma-violenta\/#breadcrumb\"},\"inLanguage\":\"es\",\"potentialAction\":[{\"@type\":\"ReadAction\",\"target\":[\"https:\/\/vof-news.eu\/es\/arturo-perez-reverte-cancela-su-congreso-sobre-la-guerra-civil-por-la-intencion-de-grupos-de-ultraizquierda-de-manifestarse-de-forma-violenta\/\"]}]},{\"@type\":\"ImageObject\",\"inLanguage\":\"es\",\"@id\":\"https:\/\/vof-news.eu\/es\/arturo-perez-reverte-cancela-su-congreso-sobre-la-guerra-civil-por-la-intencion-de-grupos-de-ultraizquierda-de-manifestarse-de-forma-violenta\/#primaryimage\",\"url\":\"https:\/\/vof-news.eu\/wp-content\/uploads\/2026\/01\/17696117165484.jpg\",\"contentUrl\":\"https:\/\/vof-news.eu\/wp-content\/uploads\/2026\/01\/17696117165484.jpg\",\"width\":1024,\"height\":682},{\"@type\":\"BreadcrumbList\",\"@id\":\"https:\/\/vof-news.eu\/es\/arturo-perez-reverte-cancela-su-congreso-sobre-la-guerra-civil-por-la-intencion-de-grupos-de-ultraizquierda-de-manifestarse-de-forma-violenta\/#breadcrumb\",\"itemListElement\":[{\"@type\":\"ListItem\",\"position\":1,\"name\":\"Home\",\"item\":\"https:\/\/vof-news.eu\/es\/\"},{\"@type\":\"ListItem\",\"position\":2,\"name\":\"Arturo P\u00e9rez-Reverte cancela su congreso sobre la Guerra Civil por &#8220;la intenci\u00f3n de grupos de ultraizquierda de manifestarse de forma violenta&#8221;\"}]},{\"@type\":\"WebSite\",\"@id\":\"https:\/\/vof-news.eu\/es\/#website\",\"url\":\"https:\/\/vof-news.eu\/es\/\",\"name\":\"vof-news.eu\",\"description\":\"\",\"potentialAction\":[{\"@type\":\"SearchAction\",\"target\":{\"@type\":\"EntryPoint\",\"urlTemplate\":\"https:\/\/vof-news.eu\/es\/?s={search_term_string}\"},\"query-input\":\"required name=search_term_string\"}],\"inLanguage\":\"es\"},{\"@type\":\"Person\",\"@id\":\"https:\/\/vof-news.eu\/es\/#\/schema\/person\/f6a2a4309f0561835797fd8c19b333ed\",\"name\":\"Author\",\"image\":{\"@type\":\"ImageObject\",\"inLanguage\":\"es\",\"@id\":\"https:\/\/vof-news.eu\/es\/#\/schema\/person\/image\/\",\"url\":\"https:\/\/secure.gravatar.com\/avatar\/b67e614b1b25b3e9c0c239efdd2fde5ab015b5affd6f1c3c85911ca4b384e790?s=96&d=mm&r=g\",\"contentUrl\":\"https:\/\/secure.gravatar.com\/avatar\/b67e614b1b25b3e9c0c239efdd2fde5ab015b5affd6f1c3c85911ca4b384e790?s=96&d=mm&r=g\",\"caption\":\"Author\"},\"sameAs\":[\"http:\/\/vof-news.eu\"],\"url\":\"https:\/\/vof-news.eu\/es\/author\/zwt6qxnjulxbnyg\/\"}]}<\/script>\n<!-- \/ Yoast SEO plugin. -->","yoast_head_json":{"title":"Arturo P\u00e9rez-Reverte cancela su congreso sobre la Guerra Civil por \"la intenci\u00f3n de grupos de ultraizquierda de manifestarse de forma violenta\" - vof-news.eu","description":"Arturo P\u00e9rez-Reverte y Jes\u00fas Vigorra, los organizadores del congreso Letras en Sevilla, 1936: \u00bfLa guerra que todos perdimos?, han publicado un comunicado que anuncia la cancelaci\u00f3n de la cita. \"La intenci\u00f3n expresada en las redes sociales por grupos de ultraizquierda, proponiendo manifestarse de forma violenta ante el lugar donde est\u00e1 previsto celebrar la XI edici\u00f3n de Letras en Sevilla (1936: \u00bfLa guerra que todos perdimos?) la semana pr\u00f3xima, nos hace aconsejar a Cajasol que aplace hasta nueva fecha los debates anunciados. Tal es el resultado de una campa\u00f1a intolerable de presiones que desde el partido Podemos y medios afines se ha estado ejerciendo sobre algunos de los participantes, a fin de hacerles renunciar a su intervenci\u00f3n en unas jornadas cuyo contenido \u00e9stos conoc\u00edan perfectamente y cuya asistencia hab\u00edan confirmado hace meses sin plantear objeci\u00f3n alguna\".P\u00e9rez-Reverte y Vigorra denuncian en su nota \"la presi\u00f3n sobre los asistentes, las llamadas telef\u00f3nicas privadas, las amenazas y la campa\u00f1a en redes sociales incluyendo la incitaci\u00f3n expresa a presentarse en la sede sevillana de la Fundaci\u00f3n Cajasol para perturbar las jornadas\".El domingo pasado, el escritor David Ucl\u00e9s, previsto en el cartel de Letras en Sevilla, anunci\u00f3 que renunciaba a participar por incompatibilidad intelectual con los tambi\u00e9n ponentes Jos\u00e9 Mar\u00eda Aznar e Iv\u00e1n Espinosa de los Monteros. Despu\u00e9s, Antonio Ma\u00edllo (coordinador Federal de Izquierda Unida) se descolg\u00f3 del congreso como una protesta contra el enunciado de su t\u00edtulo, \u00bfLa guerra que todos perdimos?, su \"equidistancia\". Ma\u00edllo exigi\u00f3 \"sensibilidad para no frivolizar\" sobre la Guerra Civil. El comunicado firmado por P\u00e9rez-Reverte y Vigorra recuerda que \"en el programa de entrevistas y debates, como es habitual en Letras en Sevilla, se inclu\u00edan encuentros con personalidades destacadas de la vida espa\u00f1ola, historiadores de prestigio, militares especializados y pol\u00edticos de diversas tendencias ideol\u00f3gicas: un conjunto equilibrado, ecu\u00e1nime y de altura intelectual. S\u00f3lo VOX (como ya ocurri\u00f3 en anteriores ediciones de Letras en Sevilla) y Gabriel Rufi\u00e1n (ERC) se hab\u00edan negado a asistir. Se procur\u00f3 cuidadosamente que estuviesen representados todos los puntos de vista posibles, desde el ex presidente Jos\u00e9 Mar\u00eda Aznar al actual ministro del Gobierno F\u00e9lix Bola\u00f1os y la presidenta del Consejo de Estado Carmen Calvo, que confirmaron su asistencia, como tambi\u00e9n lo hicieron el coordinador de Izquierda Unida Antonio Ma\u00edllo, el ex presidente de la Comunidad de Madrid y ex Ministro Alberto Ruiz Gallard\u00f3n, la vicesecretaria del PSOE de Andaluc\u00eda Mar\u00eda M\u00e1rquez, el ex pol\u00edtico Iv\u00e1n Espinosa de los Monteros, el teniente general F\u00e9lix Sanz Rold\u00e1n, el director de cine Alejandro Amen\u00e1bar, el actor Juan Echanove y los historiadores Juan Pablo Fusi, Enrique Moradiellos, Pilar Mart\u00ednez-Vasseur, Manuel \u00c1lvarez Tard\u00edo, Gutmaro G\u00f3mez Bravo, Zira Box, Fernando del Rey y Juli\u00e1n Casanova, entre otros nombres de extrema solvencia y reconocido prestigio\".Su versi\u00f3n de los hechos recuerda que \"Ucl\u00e9s (cuya asistencia estaba confirmada por \u00e9l mismo para una conversaci\u00f3n con el escritor Luis Mateo D\u00edez sobre Guerra Civil, juventud y literatura) conoc\u00eda perfectamente desde hac\u00eda meses el programa de las jornadas\" y califica su mensaje de renuncia de \"lastimero e infantil\". \"Ofende cualquier inteligencia su renuncia a participar debido a la presencia de Aznar y Espinosa de los Monteros. Su sorprendente anuncio, como si estuviera concertado de antemano, abri\u00f3 lugar inmediatamente a una serie de intensas presiones personales desde el partido Podemos y sus medios pol\u00edticos afines de extrema izquierda, en una desagradable campa\u00f1a ejercida en las redes sociales y otros \u00e1mbitos (a la que se sum\u00f3 el director del Instituto Cervantes Luis Garc\u00eda Montero, cuya esposa, la fallecida novelista Almudena Grandes, particip\u00f3 gustosamente en otras jornadas de Letras en Sevilla denominadas Literatura y Guerra Civil). A esas coacciones p\u00fablicas y privadas, con llamadas telef\u00f3nicas a muchos de los intervinientes para que no asistieran a Sevilla, se fueron sometiendo vergonzosamente a lo largo de la semana, declinando la asistencia prometida, los pol\u00edticos Antonio Maillo (Izquierda Unida), Mar\u00eda M\u00e1rquez (PSOE) y Carmen Calvo (PSOE). En honor del resto de los asistentes previstos hay que se\u00f1alar que a excepci\u00f3n del escritor Paco Cerd\u00e1, todos ellos, destacablemente el ministro F\u00e9lix Bola\u00f1os y todos los historiadores con excepci\u00f3n de Zira Box, mantuvieron con gallard\u00eda su compromiso y confirmaron su asistencia\".","robots":{"index":"noindex","follow":"follow","max-snippet":"max-snippet:-1","max-image-preview":"max-image-preview:large","max-video-preview":"max-video-preview:-1"},"og_locale":"es_ES","og_type":"article","og_title":"Arturo P\u00e9rez-Reverte cancela su congreso sobre la Guerra Civil por \"la intenci\u00f3n de grupos de ultraizquierda de manifestarse de forma violenta\" - vof-news.eu","og_description":"Arturo P\u00e9rez-Reverte y Jes\u00fas Vigorra, los organizadores del congreso Letras en Sevilla, 1936: \u00bfLa guerra que todos perdimos?, han publicado un comunicado que anuncia la cancelaci\u00f3n de la cita. \"La intenci\u00f3n expresada en las redes sociales por grupos de ultraizquierda, proponiendo manifestarse de forma violenta ante el lugar donde est\u00e1 previsto celebrar la XI edici\u00f3n de Letras en Sevilla (1936: \u00bfLa guerra que todos perdimos?) la semana pr\u00f3xima, nos hace aconsejar a Cajasol que aplace hasta nueva fecha los debates anunciados. Tal es el resultado de una campa\u00f1a intolerable de presiones que desde el partido Podemos y medios afines se ha estado ejerciendo sobre algunos de los participantes, a fin de hacerles renunciar a su intervenci\u00f3n en unas jornadas cuyo contenido \u00e9stos conoc\u00edan perfectamente y cuya asistencia hab\u00edan confirmado hace meses sin plantear objeci\u00f3n alguna\".P\u00e9rez-Reverte y Vigorra denuncian en su nota \"la presi\u00f3n sobre los asistentes, las llamadas telef\u00f3nicas privadas, las amenazas y la campa\u00f1a en redes sociales incluyendo la incitaci\u00f3n expresa a presentarse en la sede sevillana de la Fundaci\u00f3n Cajasol para perturbar las jornadas\".El domingo pasado, el escritor David Ucl\u00e9s, previsto en el cartel de Letras en Sevilla, anunci\u00f3 que renunciaba a participar por incompatibilidad intelectual con los tambi\u00e9n ponentes Jos\u00e9 Mar\u00eda Aznar e Iv\u00e1n Espinosa de los Monteros. Despu\u00e9s, Antonio Ma\u00edllo (coordinador Federal de Izquierda Unida) se descolg\u00f3 del congreso como una protesta contra el enunciado de su t\u00edtulo, \u00bfLa guerra que todos perdimos?, su \"equidistancia\". Ma\u00edllo exigi\u00f3 \"sensibilidad para no frivolizar\" sobre la Guerra Civil. El comunicado firmado por P\u00e9rez-Reverte y Vigorra recuerda que \"en el programa de entrevistas y debates, como es habitual en Letras en Sevilla, se inclu\u00edan encuentros con personalidades destacadas de la vida espa\u00f1ola, historiadores de prestigio, militares especializados y pol\u00edticos de diversas tendencias ideol\u00f3gicas: un conjunto equilibrado, ecu\u00e1nime y de altura intelectual. S\u00f3lo VOX (como ya ocurri\u00f3 en anteriores ediciones de Letras en Sevilla) y Gabriel Rufi\u00e1n (ERC) se hab\u00edan negado a asistir. Se procur\u00f3 cuidadosamente que estuviesen representados todos los puntos de vista posibles, desde el ex presidente Jos\u00e9 Mar\u00eda Aznar al actual ministro del Gobierno F\u00e9lix Bola\u00f1os y la presidenta del Consejo de Estado Carmen Calvo, que confirmaron su asistencia, como tambi\u00e9n lo hicieron el coordinador de Izquierda Unida Antonio Ma\u00edllo, el ex presidente de la Comunidad de Madrid y ex Ministro Alberto Ruiz Gallard\u00f3n, la vicesecretaria del PSOE de Andaluc\u00eda Mar\u00eda M\u00e1rquez, el ex pol\u00edtico Iv\u00e1n Espinosa de los Monteros, el teniente general F\u00e9lix Sanz Rold\u00e1n, el director de cine Alejandro Amen\u00e1bar, el actor Juan Echanove y los historiadores Juan Pablo Fusi, Enrique Moradiellos, Pilar Mart\u00ednez-Vasseur, Manuel \u00c1lvarez Tard\u00edo, Gutmaro G\u00f3mez Bravo, Zira Box, Fernando del Rey y Juli\u00e1n Casanova, entre otros nombres de extrema solvencia y reconocido prestigio\".Su versi\u00f3n de los hechos recuerda que \"Ucl\u00e9s (cuya asistencia estaba confirmada por \u00e9l mismo para una conversaci\u00f3n con el escritor Luis Mateo D\u00edez sobre Guerra Civil, juventud y literatura) conoc\u00eda perfectamente desde hac\u00eda meses el programa de las jornadas\" y califica su mensaje de renuncia de \"lastimero e infantil\". \"Ofende cualquier inteligencia su renuncia a participar debido a la presencia de Aznar y Espinosa de los Monteros. Su sorprendente anuncio, como si estuviera concertado de antemano, abri\u00f3 lugar inmediatamente a una serie de intensas presiones personales desde el partido Podemos y sus medios pol\u00edticos afines de extrema izquierda, en una desagradable campa\u00f1a ejercida en las redes sociales y otros \u00e1mbitos (a la que se sum\u00f3 el director del Instituto Cervantes Luis Garc\u00eda Montero, cuya esposa, la fallecida novelista Almudena Grandes, particip\u00f3 gustosamente en otras jornadas de Letras en Sevilla denominadas Literatura y Guerra Civil). A esas coacciones p\u00fablicas y privadas, con llamadas telef\u00f3nicas a muchos de los intervinientes para que no asistieran a Sevilla, se fueron sometiendo vergonzosamente a lo largo de la semana, declinando la asistencia prometida, los pol\u00edticos Antonio Maillo (Izquierda Unida), Mar\u00eda M\u00e1rquez (PSOE) y Carmen Calvo (PSOE). En honor del resto de los asistentes previstos hay que se\u00f1alar que a excepci\u00f3n del escritor Paco Cerd\u00e1, todos ellos, destacablemente el ministro F\u00e9lix Bola\u00f1os y todos los historiadores con excepci\u00f3n de Zira Box, mantuvieron con gallard\u00eda su compromiso y confirmaron su asistencia\".","og_url":"https:\/\/vof-news.eu\/es\/arturo-perez-reverte-cancela-su-congreso-sobre-la-guerra-civil-por-la-intencion-de-grupos-de-ultraizquierda-de-manifestarse-de-forma-violenta\/","og_site_name":"vof-news.eu","article_published_time":"2026-01-28T16:19:42+00:00","article_modified_time":"2026-01-28T16:20:16+00:00","og_image":[{"width":1024,"height":682,"url":"https:\/\/vof-news.eu\/wp-content\/uploads\/2026\/01\/17696117165484.jpg","type":"image\/jpeg"}],"author":"Author","twitter_card":"summary_large_image","twitter_misc":{"Escrito por":"Author","Tiempo de lectura":"4 minutos"},"schema":{"@context":"https:\/\/schema.org","@graph":[{"@type":"WebPage","@id":"https:\/\/vof-news.eu\/es\/arturo-perez-reverte-cancela-su-congreso-sobre-la-guerra-civil-por-la-intencion-de-grupos-de-ultraizquierda-de-manifestarse-de-forma-violenta\/","url":"https:\/\/vof-news.eu\/es\/arturo-perez-reverte-cancela-su-congreso-sobre-la-guerra-civil-por-la-intencion-de-grupos-de-ultraizquierda-de-manifestarse-de-forma-violenta\/","name":"Arturo P\u00e9rez-Reverte cancela su congreso sobre la Guerra Civil por \"la intenci\u00f3n de grupos de ultraizquierda de manifestarse de forma violenta\" - vof-news.eu","isPartOf":{"@id":"https:\/\/vof-news.eu\/es\/#website"},"primaryImageOfPage":{"@id":"https:\/\/vof-news.eu\/es\/arturo-perez-reverte-cancela-su-congreso-sobre-la-guerra-civil-por-la-intencion-de-grupos-de-ultraizquierda-de-manifestarse-de-forma-violenta\/#primaryimage"},"image":{"@id":"https:\/\/vof-news.eu\/es\/arturo-perez-reverte-cancela-su-congreso-sobre-la-guerra-civil-por-la-intencion-de-grupos-de-ultraizquierda-de-manifestarse-de-forma-violenta\/#primaryimage"},"thumbnailUrl":"https:\/\/vof-news.eu\/wp-content\/uploads\/2026\/01\/17696117165484.jpg","datePublished":"2026-01-28T16:19:42+00:00","dateModified":"2026-01-28T16:20:16+00:00","author":{"@id":"https:\/\/vof-news.eu\/es\/#\/schema\/person\/f6a2a4309f0561835797fd8c19b333ed"},"description":"Arturo P\u00e9rez-Reverte y Jes\u00fas Vigorra, los organizadores del congreso Letras en Sevilla, 1936: \u00bfLa guerra que todos perdimos?, han publicado un comunicado que anuncia la cancelaci\u00f3n de la cita. \"La intenci\u00f3n expresada en las redes sociales por grupos de ultraizquierda, proponiendo manifestarse de forma violenta ante el lugar donde est\u00e1 previsto celebrar la XI edici\u00f3n de Letras en Sevilla (1936: \u00bfLa guerra que todos perdimos?) la semana pr\u00f3xima, nos hace aconsejar a Cajasol que aplace hasta nueva fecha los debates anunciados. Tal es el resultado de una campa\u00f1a intolerable de presiones que desde el partido Podemos y medios afines se ha estado ejerciendo sobre algunos de los participantes, a fin de hacerles renunciar a su intervenci\u00f3n en unas jornadas cuyo contenido \u00e9stos conoc\u00edan perfectamente y cuya asistencia hab\u00edan confirmado hace meses sin plantear objeci\u00f3n alguna\".P\u00e9rez-Reverte y Vigorra denuncian en su nota \"la presi\u00f3n sobre los asistentes, las llamadas telef\u00f3nicas privadas, las amenazas y la campa\u00f1a en redes sociales incluyendo la incitaci\u00f3n expresa a presentarse en la sede sevillana de la Fundaci\u00f3n Cajasol para perturbar las jornadas\".El domingo pasado, el escritor David Ucl\u00e9s, previsto en el cartel de Letras en Sevilla, anunci\u00f3 que renunciaba a participar por incompatibilidad intelectual con los tambi\u00e9n ponentes Jos\u00e9 Mar\u00eda Aznar e Iv\u00e1n Espinosa de los Monteros. Despu\u00e9s, Antonio Ma\u00edllo (coordinador Federal de Izquierda Unida) se descolg\u00f3 del congreso como una protesta contra el enunciado de su t\u00edtulo, \u00bfLa guerra que todos perdimos?, su \"equidistancia\". Ma\u00edllo exigi\u00f3 \"sensibilidad para no frivolizar\" sobre la Guerra Civil. El comunicado firmado por P\u00e9rez-Reverte y Vigorra recuerda que \"en el programa de entrevistas y debates, como es habitual en Letras en Sevilla, se inclu\u00edan encuentros con personalidades destacadas de la vida espa\u00f1ola, historiadores de prestigio, militares especializados y pol\u00edticos de diversas tendencias ideol\u00f3gicas: un conjunto equilibrado, ecu\u00e1nime y de altura intelectual. S\u00f3lo VOX (como ya ocurri\u00f3 en anteriores ediciones de Letras en Sevilla) y Gabriel Rufi\u00e1n (ERC) se hab\u00edan negado a asistir. Se procur\u00f3 cuidadosamente que estuviesen representados todos los puntos de vista posibles, desde el ex presidente Jos\u00e9 Mar\u00eda Aznar al actual ministro del Gobierno F\u00e9lix Bola\u00f1os y la presidenta del Consejo de Estado Carmen Calvo, que confirmaron su asistencia, como tambi\u00e9n lo hicieron el coordinador de Izquierda Unida Antonio Ma\u00edllo, el ex presidente de la Comunidad de Madrid y ex Ministro Alberto Ruiz Gallard\u00f3n, la vicesecretaria del PSOE de Andaluc\u00eda Mar\u00eda M\u00e1rquez, el ex pol\u00edtico Iv\u00e1n Espinosa de los Monteros, el teniente general F\u00e9lix Sanz Rold\u00e1n, el director de cine Alejandro Amen\u00e1bar, el actor Juan Echanove y los historiadores Juan Pablo Fusi, Enrique Moradiellos, Pilar Mart\u00ednez-Vasseur, Manuel \u00c1lvarez Tard\u00edo, Gutmaro G\u00f3mez Bravo, Zira Box, Fernando del Rey y Juli\u00e1n Casanova, entre otros nombres de extrema solvencia y reconocido prestigio\".Su versi\u00f3n de los hechos recuerda que \"Ucl\u00e9s (cuya asistencia estaba confirmada por \u00e9l mismo para una conversaci\u00f3n con el escritor Luis Mateo D\u00edez sobre Guerra Civil, juventud y literatura) conoc\u00eda perfectamente desde hac\u00eda meses el programa de las jornadas\" y califica su mensaje de renuncia de \"lastimero e infantil\". \"Ofende cualquier inteligencia su renuncia a participar debido a la presencia de Aznar y Espinosa de los Monteros. Su sorprendente anuncio, como si estuviera concertado de antemano, abri\u00f3 lugar inmediatamente a una serie de intensas presiones personales desde el partido Podemos y sus medios pol\u00edticos afines de extrema izquierda, en una desagradable campa\u00f1a ejercida en las redes sociales y otros \u00e1mbitos (a la que se sum\u00f3 el director del Instituto Cervantes Luis Garc\u00eda Montero, cuya esposa, la fallecida novelista Almudena Grandes, particip\u00f3 gustosamente en otras jornadas de Letras en Sevilla denominadas Literatura y Guerra Civil). A esas coacciones p\u00fablicas y privadas, con llamadas telef\u00f3nicas a muchos de los intervinientes para que no asistieran a Sevilla, se fueron sometiendo vergonzosamente a lo largo de la semana, declinando la asistencia prometida, los pol\u00edticos Antonio Maillo (Izquierda Unida), Mar\u00eda M\u00e1rquez (PSOE) y Carmen Calvo (PSOE). En honor del resto de los asistentes previstos hay que se\u00f1alar que a excepci\u00f3n del escritor Paco Cerd\u00e1, todos ellos, destacablemente el ministro F\u00e9lix Bola\u00f1os y todos los historiadores con excepci\u00f3n de Zira Box, mantuvieron con gallard\u00eda su compromiso y confirmaron su asistencia\".","breadcrumb":{"@id":"https:\/\/vof-news.eu\/es\/arturo-perez-reverte-cancela-su-congreso-sobre-la-guerra-civil-por-la-intencion-de-grupos-de-ultraizquierda-de-manifestarse-de-forma-violenta\/#breadcrumb"},"inLanguage":"es","potentialAction":[{"@type":"ReadAction","target":["https:\/\/vof-news.eu\/es\/arturo-perez-reverte-cancela-su-congreso-sobre-la-guerra-civil-por-la-intencion-de-grupos-de-ultraizquierda-de-manifestarse-de-forma-violenta\/"]}]},{"@type":"ImageObject","inLanguage":"es","@id":"https:\/\/vof-news.eu\/es\/arturo-perez-reverte-cancela-su-congreso-sobre-la-guerra-civil-por-la-intencion-de-grupos-de-ultraizquierda-de-manifestarse-de-forma-violenta\/#primaryimage","url":"https:\/\/vof-news.eu\/wp-content\/uploads\/2026\/01\/17696117165484.jpg","contentUrl":"https:\/\/vof-news.eu\/wp-content\/uploads\/2026\/01\/17696117165484.jpg","width":1024,"height":682},{"@type":"BreadcrumbList","@id":"https:\/\/vof-news.eu\/es\/arturo-perez-reverte-cancela-su-congreso-sobre-la-guerra-civil-por-la-intencion-de-grupos-de-ultraizquierda-de-manifestarse-de-forma-violenta\/#breadcrumb","itemListElement":[{"@type":"ListItem","position":1,"name":"Home","item":"https:\/\/vof-news.eu\/es\/"},{"@type":"ListItem","position":2,"name":"Arturo P\u00e9rez-Reverte cancela su congreso sobre la Guerra Civil por &#8220;la intenci\u00f3n de grupos de ultraizquierda de manifestarse de forma violenta&#8221;"}]},{"@type":"WebSite","@id":"https:\/\/vof-news.eu\/es\/#website","url":"https:\/\/vof-news.eu\/es\/","name":"vof-news.eu","description":"","potentialAction":[{"@type":"SearchAction","target":{"@type":"EntryPoint","urlTemplate":"https:\/\/vof-news.eu\/es\/?s={search_term_string}"},"query-input":"required name=search_term_string"}],"inLanguage":"es"},{"@type":"Person","@id":"https:\/\/vof-news.eu\/es\/#\/schema\/person\/f6a2a4309f0561835797fd8c19b333ed","name":"Author","image":{"@type":"ImageObject","inLanguage":"es","@id":"https:\/\/vof-news.eu\/es\/#\/schema\/person\/image\/","url":"https:\/\/secure.gravatar.com\/avatar\/b67e614b1b25b3e9c0c239efdd2fde5ab015b5affd6f1c3c85911ca4b384e790?s=96&d=mm&r=g","contentUrl":"https:\/\/secure.gravatar.com\/avatar\/b67e614b1b25b3e9c0c239efdd2fde5ab015b5affd6f1c3c85911ca4b384e790?s=96&d=mm&r=g","caption":"Author"},"sameAs":["http:\/\/vof-news.eu"],"url":"https:\/\/vof-news.eu\/es\/author\/zwt6qxnjulxbnyg\/"}]}},"yoast_meta":{"yoast_wpseo_title":"","yoast_wpseo_metadesc":"","yoast_wpseo_canonical":""},"_links":{"self":[{"href":"https:\/\/vof-news.eu\/es\/wp-json\/wp\/v2\/posts\/321228","targetHints":{"allow":["GET"]}}],"collection":[{"href":"https:\/\/vof-news.eu\/es\/wp-json\/wp\/v2\/posts"}],"about":[{"href":"https:\/\/vof-news.eu\/es\/wp-json\/wp\/v2\/types\/post"}],"author":[{"embeddable":true,"href":"https:\/\/vof-news.eu\/es\/wp-json\/wp\/v2\/users\/1"}],"replies":[{"embeddable":true,"href":"https:\/\/vof-news.eu\/es\/wp-json\/wp\/v2\/comments?post=321228"}],"version-history":[{"count":1,"href":"https:\/\/vof-news.eu\/es\/wp-json\/wp\/v2\/posts\/321228\/revisions"}],"predecessor-version":[{"id":321235,"href":"https:\/\/vof-news.eu\/es\/wp-json\/wp\/v2\/posts\/321228\/revisions\/321235"}],"wp:featuredmedia":[{"embeddable":true,"href":"https:\/\/vof-news.eu\/es\/wp-json\/wp\/v2\/media\/321229"}],"wp:attachment":[{"href":"https:\/\/vof-news.eu\/es\/wp-json\/wp\/v2\/media?parent=321228"}],"wp:term":[{"taxonomy":"category","embeddable":true,"href":"https:\/\/vof-news.eu\/es\/wp-json\/wp\/v2\/categories?post=321228"},{"taxonomy":"post_tag","embeddable":true,"href":"https:\/\/vof-news.eu\/es\/wp-json\/wp\/v2\/tags?post=321228"}],"curies":[{"name":"wp","href":"https:\/\/api.w.org\/{rel}","templated":true}]}}