{"id":321176,"date":"2026-01-28T17:21:54","date_gmt":"2026-01-28T14:21:54","guid":{"rendered":"https:\/\/vof-news.eu\/el-lider-de-ccoo-apuesta-por-sindicalizar-a-los-migrantes-para-que-no-se-conviertan-en-mano-de-obra-barata\/"},"modified":"2026-01-28T17:23:09","modified_gmt":"2026-01-28T14:23:09","slug":"el-lider-de-ccoo-apuesta-por-sindicalizar-a-los-migrantes-para-que-no-se-conviertan-en-mano-de-obra-barata","status":"publish","type":"post","link":"https:\/\/vof-news.eu\/es\/el-lider-de-ccoo-apuesta-por-sindicalizar-a-los-migrantes-para-que-no-se-conviertan-en-mano-de-obra-barata\/","title":{"rendered":"El l\u00edder de CCOO apuesta por sindicalizar a los migrantes para \u201cque no se conviertan en mano de obra barata\u201d"},"content":{"rendered":"<div>\n<p>\n        El l\u00edder de Comisiones Obreras (CCOO), Unai Sordo, ha celebrado este mi\u00e9rcoles <a href=\"https:\/\/www.eldiario.es\/desalambre\/claves-regularizacion-dara-papeles-cerca-medio-millon-personas-empieza-son-requisitos_1_12938479.html\" rel=\"nofollow\">la regularizaci\u00f3n extraordinaria de migrantes pactada por el Gobierno y Podemos<\/a>. Sordo ha clamado contra la derecha y la extrema derecha por su rechazo a la medida, a los que ha acusado de preferir \u201cesclavos a ciudadanos\u201d. Adem\u00e1s, ha advertido de la necesidad de que estas personas \u201cno se conviertan en mano de obra barata\u201d para las empresas, para lo que ha apostado por su sindicalizaci\u00f3n.\n    <\/p>\n<p>\n        El secretario general de CCOO, en una rueda de prensa en Madrid sobre las prioridades del sindicato de cara a este 2026, ha dedicado gran parte de su intervenci\u00f3n a subrayar <a href=\"https:\/\/www.eldiario.es\/desalambre\/migrantes-papeles-acogeran-regularizacion-podremos-trabajar-dignamente_1_12941439.html\" rel=\"nofollow\">la importancia de esta regularizaci\u00f3n extraordinaria<\/a>, que se estima que puede beneficiar a m\u00e1s de medio mill\u00f3n de personas extranjeras que viven en situaci\u00f3n irregular en nuestro pa\u00eds.\n    <\/p>\n<p>\n        Unai Sordo ha destacado que la irregularidad es el principal obst\u00e1culo para que miles de trabajadores denuncien a d\u00eda de hoy condiciones laborales abusivas de sus empleadores o se afilien a un sindicato para defender sus derechos laborales. \u201cEsa situaci\u00f3n es letal\u201d, ha denunciado. Por ello, ha celebrado la \u201cbuena noticia\u201d de la regularizaci\u00f3n anunciada.\n    <\/p>\n<h2>Mejorar los papeles \u201cordinarios\u201d y evitar la explotaci\u00f3n<\/h2>\n<p>\n        Sin embargo, Sordo ha se\u00f1alado dos procesos que considera claves para complementar esta medida. Por un lado, mejorar los procesos ordinarios para obtener la residencia en Espa\u00f1a, que garanticen la llegada de migrantes con derechos de manera normalizada. \u201cTenemos un problem\u00f3n en ese terreno. Tenemos saturadas y con problemas de gesti\u00f3n las pol\u00edticas de acogimiento a personas migrantes\u201d, ha afirmado.\n    <\/p>\n<p>\n        El sindicalista ha subrayado que Espa\u00f1a necesita \u201cde flujos de migraci\u00f3n de manera constante a lo largo de los pr\u00f3ximos a\u00f1os\u201d, ante el aumento de las jubilaciones y la escasa natalidad. <a href=\"https:\/\/www.eldiario.es\/economia\/consecuencias-deportacion-millones-inmigrantes-vox-vidas-partidas-dano-crecimiento-economico-pensiones_1_11837030.html\" rel=\"nofollow\">\u201cSi no, el pa\u00eds se nos va a parar\u201d<\/a>, ha advertido.\n    <\/p>\n<p>\n        Por otro lado, el l\u00edder de CCOO ha subrayado que es fundamental que los migrantes \u201cno se convierta en mano de obra barata y mucho menos en manos de obra esclava\u201d. Sordo ha se\u00f1alado que hay varias patronales de acuerdo con estas regularizaciones de personas extranjeras, \u201cpero muchas veces lo hacen porque puede ser una herramienta para tirar a la baja los salarios\u201d.\n    <\/p>\n<p>\n        \u201cEsto hay que evitarlo y se puede evitar. La acci\u00f3n sindical tiene que pasar por ah\u00ed\u201d, ha sostenido el l\u00edder de CCOO, que ha rechazado los discursos antiimigraci\u00f3n que culpan a las personas migrantes de la precariedad y el deterioro de condiciones laborales de las empresas que los explotan.\n    <\/p>\n<p>\n        \u201cHay quien dice que la regularizaci\u00f3n es una verg\u00fcenza porque van a tirar los salarios para abajo. \u00bfPor qu\u00e9? Eso es lo que hay que evitar. Hay que organizar a esta gente, hay que garantizar la aplicaci\u00f3n de los convenios. Esto se hace mejor si est\u00e1n legales que irregulares. Por eso es un gran paso\u201d, ha valorado este mi\u00e9rcoles.\n    <\/p>\n<h2>Una gira para dar \u201calternativas\u201d frente a la extrema derecha<\/h2>\n<p>\n        Adem\u00e1s, Unai Sordo ha sido muy cr\u00edtico con \u201cla derecha y sobre todo de la extrema derecha\u201d, que se han mostrado en contra de la regularizaci\u00f3n. \u201cLa raz\u00f3n para negarse es el extremo racismo y extrema xenofobia que supuran, pero sobre todo porque son conscientes de que las personas sin papeles son vulnerables.\u00a0No quieren ciudadanos y ciudadanas, quieren esclavos\u201d, ha denunciado.\n    <\/p>\n<p>\n        El l\u00edder de CCOO ha anunciado tambi\u00e9n que el sindicato va a realizar una ruta por todo el pa\u00eds, una especie de gira con ponencias en las que pretende reunir a \u201centre 20.000 y 25.000 personas\u201d.\n    <\/p>\n<p>\n        \u201cLa idea es impulsar al sindicato en el interno y en el externo, y tratar de contribuir a un cambio en el estado \u00e1nimo social\u201d, ha explicado el dirigente sindical. \u201cHay cierta idea de inevitabilidad de que Espa\u00f1a va a estar gobernada por la derecha y extrema derecha, y de que no hay alternativas, tampoco en propuestas laborales y de mayor justicia social. Y el sindicato quiere movilizar a su activo en el sentido contrario\u201d.\n    <\/p>\n<p>\n        \u201cClaro que hay respuestas y mejores opciones que la reacci\u00f3n y lo estamos demostrando\u201d, ha sostenido Sordo, en referencia a los avances logrados en los \u00faltimos a\u00f1os, como la reforma laboral y el aumento del salario m\u00ednimo, acompa\u00f1ados de una mejora del empleo hasta niveles r\u00e9cord.\n    <\/p>\n<p>\n        No obstante, Sordo ha recordado que hay muchas cosas que mejorar, entre las que ha destacado la necesidad de subir los salarios y, sobre todo ,los que se encuentran entre el SMI y el sueldo medio. Para ello, <a href=\"https:\/\/www.eldiario.es\/economia\/propuesta-sindical-subida-salarios-4-proximos-tres-anos-bajos-7_1_12938735.html\" rel=\"nofollow\">CCOO present\u00f3 ayer junto a UGT su propuesta de subida salarial para los pr\u00f3ximos tres a\u00f1os<\/a>, con incrementos de entre el 4% y el 7% anual.\n    <\/p>\n<\/div>\n","protected":false},"excerpt":{"rendered":"<p>El l\u00edder de Comisiones Obreras (CCOO), Unai Sordo, ha celebrado este mi\u00e9rcoles la regularizaci\u00f3n extraordinaria de migrantes pactada por el Gobierno y Podemos. Sordo ha clamado contra la derecha y la extrema derecha por su rechazo a la medida, a los que ha acusado de preferir \u201cesclavos a ciudadanos\u201d. Adem\u00e1s, ha advertido de la necesidad<\/p>\n","protected":false},"author":1,"featured_media":321183,"comment_status":"open","ping_status":"open","sticky":false,"template":"","format":"standard","meta":{"footnotes":""},"categories":[61],"tags":[],"class_list":["post-321176","post","type-post","status-publish","format-standard","has-post-thumbnail","hentry","category-business-es"],"acf":[],"yoast_head":"<!-- This site is optimized with the Yoast SEO plugin v22.9 - https:\/\/yoast.com\/wordpress\/plugins\/seo\/ -->\n<title>El l\u00edder de CCOO apuesta por sindicalizar a los migrantes para \u201cque no se conviertan en mano de obra barata\u201d - vof-news.eu<\/title>\n<meta name=\"description\" content=\"El l\u00edder de Comisiones Obreras (CCOO), Unai Sordo, ha celebrado este mi\u00e9rcoles la regularizaci\u00f3n extraordinaria de migrantes pactada por el Gobierno y Podemos. Sordo ha clamado contra la derecha y la extrema derecha por su rechazo a la medida, a los que ha acusado de preferir \u201cesclavos a ciudadanos\u201d. Adem\u00e1s, ha advertido de la necesidad de que estas personas \u201cno se conviertan en mano de obra barata\u201d para las empresas, para lo que ha apostado por su sindicalizaci\u00f3n.\" \/>\n<meta name=\"robots\" content=\"noindex, follow, max-snippet:-1, max-image-preview:large, max-video-preview:-1\" \/>\n<meta property=\"og:locale\" content=\"es_ES\" \/>\n<meta property=\"og:type\" content=\"article\" \/>\n<meta property=\"og:title\" content=\"El l\u00edder de CCOO apuesta por sindicalizar a los migrantes para \u201cque no se conviertan en mano de obra barata\u201d - vof-news.eu\" \/>\n<meta property=\"og:description\" content=\"El l\u00edder de Comisiones Obreras (CCOO), Unai Sordo, ha celebrado este mi\u00e9rcoles la regularizaci\u00f3n extraordinaria de migrantes pactada por el Gobierno y Podemos. Sordo ha clamado contra la derecha y la extrema derecha por su rechazo a la medida, a los que ha acusado de preferir \u201cesclavos a ciudadanos\u201d. Adem\u00e1s, ha advertido de la necesidad de que estas personas \u201cno se conviertan en mano de obra barata\u201d para las empresas, para lo que ha apostado por su sindicalizaci\u00f3n.\" \/>\n<meta property=\"og:url\" content=\"https:\/\/vof-news.eu\/es\/el-lider-de-ccoo-apuesta-por-sindicalizar-a-los-migrantes-para-que-no-se-conviertan-en-mano-de-obra-barata\/\" \/>\n<meta property=\"og:site_name\" content=\"vof-news.eu\" \/>\n<meta property=\"article:published_time\" content=\"2026-01-28T14:21:54+00:00\" \/>\n<meta property=\"article:modified_time\" content=\"2026-01-28T14:23:09+00:00\" \/>\n<meta property=\"og:image\" content=\"https:\/\/vof-news.eu\/wp-content\/uploads\/2026\/01\/c3c29514-a335-4c19-8985-88550388452d_16-9-discover-aspect-ratio_default_0.jpg\" \/>\n\t<meta property=\"og:image:width\" content=\"1200\" \/>\n\t<meta property=\"og:image:height\" content=\"675\" \/>\n\t<meta property=\"og:image:type\" content=\"image\/jpeg\" \/>\n<meta name=\"author\" content=\"Author\" \/>\n<meta name=\"twitter:card\" content=\"summary_large_image\" \/>\n<meta name=\"twitter:label1\" content=\"Escrito por\" \/>\n\t<meta name=\"twitter:data1\" content=\"Author\" \/>\n\t<meta name=\"twitter:label2\" content=\"Tiempo de lectura\" \/>\n\t<meta name=\"twitter:data2\" content=\"4 minutos\" \/>\n<script type=\"application\/ld+json\" class=\"yoast-schema-graph\">{\"@context\":\"https:\/\/schema.org\",\"@graph\":[{\"@type\":\"WebPage\",\"@id\":\"https:\/\/vof-news.eu\/es\/el-lider-de-ccoo-apuesta-por-sindicalizar-a-los-migrantes-para-que-no-se-conviertan-en-mano-de-obra-barata\/\",\"url\":\"https:\/\/vof-news.eu\/es\/el-lider-de-ccoo-apuesta-por-sindicalizar-a-los-migrantes-para-que-no-se-conviertan-en-mano-de-obra-barata\/\",\"name\":\"El l\u00edder de CCOO apuesta por sindicalizar a los migrantes para \u201cque no se conviertan en mano de obra barata\u201d - vof-news.eu\",\"isPartOf\":{\"@id\":\"https:\/\/vof-news.eu\/es\/#website\"},\"primaryImageOfPage\":{\"@id\":\"https:\/\/vof-news.eu\/es\/el-lider-de-ccoo-apuesta-por-sindicalizar-a-los-migrantes-para-que-no-se-conviertan-en-mano-de-obra-barata\/#primaryimage\"},\"image\":{\"@id\":\"https:\/\/vof-news.eu\/es\/el-lider-de-ccoo-apuesta-por-sindicalizar-a-los-migrantes-para-que-no-se-conviertan-en-mano-de-obra-barata\/#primaryimage\"},\"thumbnailUrl\":\"https:\/\/vof-news.eu\/wp-content\/uploads\/2026\/01\/c3c29514-a335-4c19-8985-88550388452d_16-9-discover-aspect-ratio_default_0.jpg\",\"datePublished\":\"2026-01-28T14:21:54+00:00\",\"dateModified\":\"2026-01-28T14:23:09+00:00\",\"author\":{\"@id\":\"https:\/\/vof-news.eu\/es\/#\/schema\/person\/f6a2a4309f0561835797fd8c19b333ed\"},\"description\":\"El l\u00edder de Comisiones Obreras (CCOO), Unai Sordo, ha celebrado este mi\u00e9rcoles la regularizaci\u00f3n extraordinaria de migrantes pactada por el Gobierno y Podemos. Sordo ha clamado contra la derecha y la extrema derecha por su rechazo a la medida, a los que ha acusado de preferir \u201cesclavos a ciudadanos\u201d. Adem\u00e1s, ha advertido de la necesidad de que estas personas \u201cno se conviertan en mano de obra barata\u201d para las empresas, para lo que ha apostado por su sindicalizaci\u00f3n.\",\"breadcrumb\":{\"@id\":\"https:\/\/vof-news.eu\/es\/el-lider-de-ccoo-apuesta-por-sindicalizar-a-los-migrantes-para-que-no-se-conviertan-en-mano-de-obra-barata\/#breadcrumb\"},\"inLanguage\":\"es\",\"potentialAction\":[{\"@type\":\"ReadAction\",\"target\":[\"https:\/\/vof-news.eu\/es\/el-lider-de-ccoo-apuesta-por-sindicalizar-a-los-migrantes-para-que-no-se-conviertan-en-mano-de-obra-barata\/\"]}]},{\"@type\":\"ImageObject\",\"inLanguage\":\"es\",\"@id\":\"https:\/\/vof-news.eu\/es\/el-lider-de-ccoo-apuesta-por-sindicalizar-a-los-migrantes-para-que-no-se-conviertan-en-mano-de-obra-barata\/#primaryimage\",\"url\":\"https:\/\/vof-news.eu\/wp-content\/uploads\/2026\/01\/c3c29514-a335-4c19-8985-88550388452d_16-9-discover-aspect-ratio_default_0.jpg\",\"contentUrl\":\"https:\/\/vof-news.eu\/wp-content\/uploads\/2026\/01\/c3c29514-a335-4c19-8985-88550388452d_16-9-discover-aspect-ratio_default_0.jpg\",\"width\":1200,\"height\":675},{\"@type\":\"BreadcrumbList\",\"@id\":\"https:\/\/vof-news.eu\/es\/el-lider-de-ccoo-apuesta-por-sindicalizar-a-los-migrantes-para-que-no-se-conviertan-en-mano-de-obra-barata\/#breadcrumb\",\"itemListElement\":[{\"@type\":\"ListItem\",\"position\":1,\"name\":\"Home\",\"item\":\"https:\/\/vof-news.eu\/es\/\"},{\"@type\":\"ListItem\",\"position\":2,\"name\":\"El l\u00edder de CCOO apuesta por sindicalizar a los migrantes para \u201cque no se conviertan en mano de obra barata\u201d\"}]},{\"@type\":\"WebSite\",\"@id\":\"https:\/\/vof-news.eu\/es\/#website\",\"url\":\"https:\/\/vof-news.eu\/es\/\",\"name\":\"vof-news.eu\",\"description\":\"\",\"potentialAction\":[{\"@type\":\"SearchAction\",\"target\":{\"@type\":\"EntryPoint\",\"urlTemplate\":\"https:\/\/vof-news.eu\/es\/?s={search_term_string}\"},\"query-input\":\"required name=search_term_string\"}],\"inLanguage\":\"es\"},{\"@type\":\"Person\",\"@id\":\"https:\/\/vof-news.eu\/es\/#\/schema\/person\/f6a2a4309f0561835797fd8c19b333ed\",\"name\":\"Author\",\"image\":{\"@type\":\"ImageObject\",\"inLanguage\":\"es\",\"@id\":\"https:\/\/vof-news.eu\/es\/#\/schema\/person\/image\/\",\"url\":\"https:\/\/secure.gravatar.com\/avatar\/b67e614b1b25b3e9c0c239efdd2fde5ab015b5affd6f1c3c85911ca4b384e790?s=96&d=mm&r=g\",\"contentUrl\":\"https:\/\/secure.gravatar.com\/avatar\/b67e614b1b25b3e9c0c239efdd2fde5ab015b5affd6f1c3c85911ca4b384e790?s=96&d=mm&r=g\",\"caption\":\"Author\"},\"sameAs\":[\"http:\/\/vof-news.eu\"],\"url\":\"https:\/\/vof-news.eu\/es\/author\/zwt6qxnjulxbnyg\/\"}]}<\/script>\n<!-- \/ Yoast SEO plugin. -->","yoast_head_json":{"title":"El l\u00edder de CCOO apuesta por sindicalizar a los migrantes para \u201cque no se conviertan en mano de obra barata\u201d - vof-news.eu","description":"El l\u00edder de Comisiones Obreras (CCOO), Unai Sordo, ha celebrado este mi\u00e9rcoles la regularizaci\u00f3n extraordinaria de migrantes pactada por el Gobierno y Podemos. Sordo ha clamado contra la derecha y la extrema derecha por su rechazo a la medida, a los que ha acusado de preferir \u201cesclavos a ciudadanos\u201d. Adem\u00e1s, ha advertido de la necesidad de que estas personas \u201cno se conviertan en mano de obra barata\u201d para las empresas, para lo que ha apostado por su sindicalizaci\u00f3n.","robots":{"index":"noindex","follow":"follow","max-snippet":"max-snippet:-1","max-image-preview":"max-image-preview:large","max-video-preview":"max-video-preview:-1"},"og_locale":"es_ES","og_type":"article","og_title":"El l\u00edder de CCOO apuesta por sindicalizar a los migrantes para \u201cque no se conviertan en mano de obra barata\u201d - vof-news.eu","og_description":"El l\u00edder de Comisiones Obreras (CCOO), Unai Sordo, ha celebrado este mi\u00e9rcoles la regularizaci\u00f3n extraordinaria de migrantes pactada por el Gobierno y Podemos. Sordo ha clamado contra la derecha y la extrema derecha por su rechazo a la medida, a los que ha acusado de preferir \u201cesclavos a ciudadanos\u201d. Adem\u00e1s, ha advertido de la necesidad de que estas personas \u201cno se conviertan en mano de obra barata\u201d para las empresas, para lo que ha apostado por su sindicalizaci\u00f3n.","og_url":"https:\/\/vof-news.eu\/es\/el-lider-de-ccoo-apuesta-por-sindicalizar-a-los-migrantes-para-que-no-se-conviertan-en-mano-de-obra-barata\/","og_site_name":"vof-news.eu","article_published_time":"2026-01-28T14:21:54+00:00","article_modified_time":"2026-01-28T14:23:09+00:00","og_image":[{"width":1200,"height":675,"url":"https:\/\/vof-news.eu\/wp-content\/uploads\/2026\/01\/c3c29514-a335-4c19-8985-88550388452d_16-9-discover-aspect-ratio_default_0.jpg","type":"image\/jpeg"}],"author":"Author","twitter_card":"summary_large_image","twitter_misc":{"Escrito por":"Author","Tiempo de lectura":"4 minutos"},"schema":{"@context":"https:\/\/schema.org","@graph":[{"@type":"WebPage","@id":"https:\/\/vof-news.eu\/es\/el-lider-de-ccoo-apuesta-por-sindicalizar-a-los-migrantes-para-que-no-se-conviertan-en-mano-de-obra-barata\/","url":"https:\/\/vof-news.eu\/es\/el-lider-de-ccoo-apuesta-por-sindicalizar-a-los-migrantes-para-que-no-se-conviertan-en-mano-de-obra-barata\/","name":"El l\u00edder de CCOO apuesta por sindicalizar a los migrantes para \u201cque no se conviertan en mano de obra barata\u201d - vof-news.eu","isPartOf":{"@id":"https:\/\/vof-news.eu\/es\/#website"},"primaryImageOfPage":{"@id":"https:\/\/vof-news.eu\/es\/el-lider-de-ccoo-apuesta-por-sindicalizar-a-los-migrantes-para-que-no-se-conviertan-en-mano-de-obra-barata\/#primaryimage"},"image":{"@id":"https:\/\/vof-news.eu\/es\/el-lider-de-ccoo-apuesta-por-sindicalizar-a-los-migrantes-para-que-no-se-conviertan-en-mano-de-obra-barata\/#primaryimage"},"thumbnailUrl":"https:\/\/vof-news.eu\/wp-content\/uploads\/2026\/01\/c3c29514-a335-4c19-8985-88550388452d_16-9-discover-aspect-ratio_default_0.jpg","datePublished":"2026-01-28T14:21:54+00:00","dateModified":"2026-01-28T14:23:09+00:00","author":{"@id":"https:\/\/vof-news.eu\/es\/#\/schema\/person\/f6a2a4309f0561835797fd8c19b333ed"},"description":"El l\u00edder de Comisiones Obreras (CCOO), Unai Sordo, ha celebrado este mi\u00e9rcoles la regularizaci\u00f3n extraordinaria de migrantes pactada por el Gobierno y Podemos. Sordo ha clamado contra la derecha y la extrema derecha por su rechazo a la medida, a los que ha acusado de preferir \u201cesclavos a ciudadanos\u201d. Adem\u00e1s, ha advertido de la necesidad de que estas personas \u201cno se conviertan en mano de obra barata\u201d para las empresas, para lo que ha apostado por su sindicalizaci\u00f3n.","breadcrumb":{"@id":"https:\/\/vof-news.eu\/es\/el-lider-de-ccoo-apuesta-por-sindicalizar-a-los-migrantes-para-que-no-se-conviertan-en-mano-de-obra-barata\/#breadcrumb"},"inLanguage":"es","potentialAction":[{"@type":"ReadAction","target":["https:\/\/vof-news.eu\/es\/el-lider-de-ccoo-apuesta-por-sindicalizar-a-los-migrantes-para-que-no-se-conviertan-en-mano-de-obra-barata\/"]}]},{"@type":"ImageObject","inLanguage":"es","@id":"https:\/\/vof-news.eu\/es\/el-lider-de-ccoo-apuesta-por-sindicalizar-a-los-migrantes-para-que-no-se-conviertan-en-mano-de-obra-barata\/#primaryimage","url":"https:\/\/vof-news.eu\/wp-content\/uploads\/2026\/01\/c3c29514-a335-4c19-8985-88550388452d_16-9-discover-aspect-ratio_default_0.jpg","contentUrl":"https:\/\/vof-news.eu\/wp-content\/uploads\/2026\/01\/c3c29514-a335-4c19-8985-88550388452d_16-9-discover-aspect-ratio_default_0.jpg","width":1200,"height":675},{"@type":"BreadcrumbList","@id":"https:\/\/vof-news.eu\/es\/el-lider-de-ccoo-apuesta-por-sindicalizar-a-los-migrantes-para-que-no-se-conviertan-en-mano-de-obra-barata\/#breadcrumb","itemListElement":[{"@type":"ListItem","position":1,"name":"Home","item":"https:\/\/vof-news.eu\/es\/"},{"@type":"ListItem","position":2,"name":"El l\u00edder de CCOO apuesta por sindicalizar a los migrantes para \u201cque no se conviertan en mano de obra barata\u201d"}]},{"@type":"WebSite","@id":"https:\/\/vof-news.eu\/es\/#website","url":"https:\/\/vof-news.eu\/es\/","name":"vof-news.eu","description":"","potentialAction":[{"@type":"SearchAction","target":{"@type":"EntryPoint","urlTemplate":"https:\/\/vof-news.eu\/es\/?s={search_term_string}"},"query-input":"required name=search_term_string"}],"inLanguage":"es"},{"@type":"Person","@id":"https:\/\/vof-news.eu\/es\/#\/schema\/person\/f6a2a4309f0561835797fd8c19b333ed","name":"Author","image":{"@type":"ImageObject","inLanguage":"es","@id":"https:\/\/vof-news.eu\/es\/#\/schema\/person\/image\/","url":"https:\/\/secure.gravatar.com\/avatar\/b67e614b1b25b3e9c0c239efdd2fde5ab015b5affd6f1c3c85911ca4b384e790?s=96&d=mm&r=g","contentUrl":"https:\/\/secure.gravatar.com\/avatar\/b67e614b1b25b3e9c0c239efdd2fde5ab015b5affd6f1c3c85911ca4b384e790?s=96&d=mm&r=g","caption":"Author"},"sameAs":["http:\/\/vof-news.eu"],"url":"https:\/\/vof-news.eu\/es\/author\/zwt6qxnjulxbnyg\/"}]}},"yoast_meta":{"yoast_wpseo_title":"","yoast_wpseo_metadesc":"","yoast_wpseo_canonical":""},"_links":{"self":[{"href":"https:\/\/vof-news.eu\/es\/wp-json\/wp\/v2\/posts\/321176","targetHints":{"allow":["GET"]}}],"collection":[{"href":"https:\/\/vof-news.eu\/es\/wp-json\/wp\/v2\/posts"}],"about":[{"href":"https:\/\/vof-news.eu\/es\/wp-json\/wp\/v2\/types\/post"}],"author":[{"embeddable":true,"href":"https:\/\/vof-news.eu\/es\/wp-json\/wp\/v2\/users\/1"}],"replies":[{"embeddable":true,"href":"https:\/\/vof-news.eu\/es\/wp-json\/wp\/v2\/comments?post=321176"}],"version-history":[{"count":1,"href":"https:\/\/vof-news.eu\/es\/wp-json\/wp\/v2\/posts\/321176\/revisions"}],"predecessor-version":[{"id":321189,"href":"https:\/\/vof-news.eu\/es\/wp-json\/wp\/v2\/posts\/321176\/revisions\/321189"}],"wp:featuredmedia":[{"embeddable":true,"href":"https:\/\/vof-news.eu\/es\/wp-json\/wp\/v2\/media\/321183"}],"wp:attachment":[{"href":"https:\/\/vof-news.eu\/es\/wp-json\/wp\/v2\/media?parent=321176"}],"wp:term":[{"taxonomy":"category","embeddable":true,"href":"https:\/\/vof-news.eu\/es\/wp-json\/wp\/v2\/categories?post=321176"},{"taxonomy":"post_tag","embeddable":true,"href":"https:\/\/vof-news.eu\/es\/wp-json\/wp\/v2\/tags?post=321176"}],"curies":[{"name":"wp","href":"https:\/\/api.w.org\/{rel}","templated":true}]}}