{"id":321167,"date":"2026-01-28T17:19:49","date_gmt":"2026-01-28T14:19:49","guid":{"rendered":"https:\/\/vof-news.eu\/la-policia-alemana-registra-las-oficinas-de-deutsche-bank-por-presunto-blanqueo-de-dinero\/"},"modified":"2026-01-28T17:20:52","modified_gmt":"2026-01-28T14:20:52","slug":"la-policia-alemana-registra-las-oficinas-de-deutsche-bank-por-presunto-blanqueo-de-dinero","status":"publish","type":"post","link":"https:\/\/vof-news.eu\/es\/la-policia-alemana-registra-las-oficinas-de-deutsche-bank-por-presunto-blanqueo-de-dinero\/","title":{"rendered":"La polic\u00eda alemana registra las oficinas de Deutsche Bank por presunto blanqueo de dinero"},"content":{"rendered":"<div>\n<p>\n        La Polic\u00eda alemana ha registrado las oficinas del <a href=\"https:\/\/www.eldiario.es\/temas\/deutsche-bank\/\" rel=\"nofollow\">Deutsche Bank<\/a> en Frankfurt y Berl\u00edn por sospechar blanqueo de dinero, apenas un d\u00eda antes de que el banco alem\u00e1n presente el balance de 2025.\n    <\/p>\n<p>\n        La Fiscal\u00eda de Frankfurt ha informado este mi\u00e9rcoles de que se acusa a responsables y empleados desconocidos, una l\u00ednea que ya fue <a href=\"https:\/\/www.spiegel.de\/wirtschaft\/durchsuchungen-in-frankfurt-und-berlin-bka-ermittler-gehen-gegen-deutsche-bank-vor-a-6bafde5c-3eb3-4797-990e-aaafa8406357\" rel=\"nofollow\">adelantada por el semanario \u201cSpiegel\u201d<\/a>. Un portavoz de Deutsche Bank ha confirmado a EFE el registro de las oficinas y ha asegurado que cooperan completamente con la Fiscal\u00eda.\n    <\/p>\n<p>\n        \u201cConfirmamos que actualmente se implementa en las oficinas de Deutsche Bank una medida de la Fiscal\u00eda de Frankfurt\u201d, ha asegurado el portavoz del banco alem\u00e1n. A pesar de esto, la entidad ha rehusado dar m\u00e1s informaci\u00f3n.\n    <\/p>\n<p>\n        La publicaci\u00f3n de la noticia sobre la investigaci\u00f3n por parte de la Fiscal\u00eda de Frankfurt y la Oficina Federal de Investigaci\u00f3n Criminal (Bundeskriminalamt) ha provocado un desplome de las acciones de Deutsche Bank, que a mediod\u00eda ca\u00edan un 3%.\n    <\/p>\n<p>\n        En concreto, la investigaci\u00f3n se centra en antiguas relaciones comerciales del Deutsche Bank con empresas extranjeras sospechosas de haber sido creadas para blanquear dinero y que ser\u00edan propiedad del oligarca ruso Roman Abramovic, seg\u00fan \u201cSpiegel\u201d, que est\u00e1 sancionado por la Uni\u00f3n Europea desde la primavera de 2022.\n    <\/p>\n<p>\n        Unos 30 polic\u00edas vestidos de civil registraron las oficinas de la sede central de Deutsche Bank poco despu\u00e9s de las 10 de la ma\u00f1ana para incautarse de pruebas, a\u00f1ade el semanario.\n    <\/p>\n<\/div>\n","protected":false},"excerpt":{"rendered":"<p>La Polic\u00eda alemana ha registrado las oficinas del Deutsche Bank en Frankfurt y Berl\u00edn por sospechar blanqueo de dinero, apenas un d\u00eda antes de que el banco alem\u00e1n presente el balance de 2025. La Fiscal\u00eda de Frankfurt ha informado este mi\u00e9rcoles de que se acusa a responsables y empleados desconocidos, una l\u00ednea que ya fue<\/p>\n","protected":false},"author":1,"featured_media":321168,"comment_status":"open","ping_status":"open","sticky":false,"template":"","format":"standard","meta":{"footnotes":""},"categories":[61],"tags":[],"class_list":["post-321167","post","type-post","status-publish","format-standard","has-post-thumbnail","hentry","category-business-es"],"acf":[],"yoast_head":"<!-- This site is optimized with the Yoast SEO plugin v22.9 - https:\/\/yoast.com\/wordpress\/plugins\/seo\/ -->\n<title>La polic\u00eda alemana registra las oficinas de Deutsche Bank por presunto blanqueo de dinero - vof-news.eu<\/title>\n<meta name=\"description\" content=\"La Polic\u00eda alemana ha registrado las oficinas del Deutsche Bank en Frankfurt y Berl\u00edn por sospechar blanqueo de dinero, apenas un d\u00eda antes de que el banco alem\u00e1n presente el balance de 2025.\" \/>\n<meta name=\"robots\" content=\"noindex, follow, max-snippet:-1, max-image-preview:large, max-video-preview:-1\" \/>\n<meta property=\"og:locale\" content=\"es_ES\" \/>\n<meta property=\"og:type\" content=\"article\" \/>\n<meta property=\"og:title\" content=\"La polic\u00eda alemana registra las oficinas de Deutsche Bank por presunto blanqueo de dinero - vof-news.eu\" \/>\n<meta property=\"og:description\" content=\"La Polic\u00eda alemana ha registrado las oficinas del Deutsche Bank en Frankfurt y Berl\u00edn por sospechar blanqueo de dinero, apenas un d\u00eda antes de que el banco alem\u00e1n presente el balance de 2025.\" \/>\n<meta property=\"og:url\" content=\"https:\/\/vof-news.eu\/es\/la-policia-alemana-registra-las-oficinas-de-deutsche-bank-por-presunto-blanqueo-de-dinero\/\" \/>\n<meta property=\"og:site_name\" content=\"vof-news.eu\" \/>\n<meta property=\"article:published_time\" content=\"2026-01-28T14:19:49+00:00\" \/>\n<meta property=\"article:modified_time\" content=\"2026-01-28T14:20:52+00:00\" \/>\n<meta property=\"og:image\" content=\"https:\/\/vof-news.eu\/wp-content\/uploads\/2026\/01\/33c2a37b-bc1b-4d32-be11-2e59550f196c_16-9-discover-aspect-ratio_default_0.jpg\" \/>\n\t<meta property=\"og:image:width\" content=\"1200\" \/>\n\t<meta property=\"og:image:height\" content=\"675\" \/>\n\t<meta property=\"og:image:type\" content=\"image\/jpeg\" \/>\n<meta name=\"author\" content=\"Author\" \/>\n<meta name=\"twitter:card\" content=\"summary_large_image\" \/>\n<meta name=\"twitter:label1\" content=\"Escrito por\" \/>\n\t<meta name=\"twitter:data1\" content=\"Author\" \/>\n\t<meta name=\"twitter:label2\" content=\"Tiempo de lectura\" \/>\n\t<meta name=\"twitter:data2\" content=\"1 minuto\" \/>\n<script type=\"application\/ld+json\" class=\"yoast-schema-graph\">{\"@context\":\"https:\/\/schema.org\",\"@graph\":[{\"@type\":\"WebPage\",\"@id\":\"https:\/\/vof-news.eu\/es\/la-policia-alemana-registra-las-oficinas-de-deutsche-bank-por-presunto-blanqueo-de-dinero\/\",\"url\":\"https:\/\/vof-news.eu\/es\/la-policia-alemana-registra-las-oficinas-de-deutsche-bank-por-presunto-blanqueo-de-dinero\/\",\"name\":\"La polic\u00eda alemana registra las oficinas de Deutsche Bank por presunto blanqueo de dinero - vof-news.eu\",\"isPartOf\":{\"@id\":\"https:\/\/vof-news.eu\/es\/#website\"},\"primaryImageOfPage\":{\"@id\":\"https:\/\/vof-news.eu\/es\/la-policia-alemana-registra-las-oficinas-de-deutsche-bank-por-presunto-blanqueo-de-dinero\/#primaryimage\"},\"image\":{\"@id\":\"https:\/\/vof-news.eu\/es\/la-policia-alemana-registra-las-oficinas-de-deutsche-bank-por-presunto-blanqueo-de-dinero\/#primaryimage\"},\"thumbnailUrl\":\"https:\/\/vof-news.eu\/wp-content\/uploads\/2026\/01\/33c2a37b-bc1b-4d32-be11-2e59550f196c_16-9-discover-aspect-ratio_default_0.jpg\",\"datePublished\":\"2026-01-28T14:19:49+00:00\",\"dateModified\":\"2026-01-28T14:20:52+00:00\",\"author\":{\"@id\":\"https:\/\/vof-news.eu\/es\/#\/schema\/person\/f6a2a4309f0561835797fd8c19b333ed\"},\"description\":\"La Polic\u00eda alemana ha registrado las oficinas del Deutsche Bank en Frankfurt y Berl\u00edn por sospechar blanqueo de dinero, apenas un d\u00eda antes de que el banco alem\u00e1n presente el balance de 2025.\",\"breadcrumb\":{\"@id\":\"https:\/\/vof-news.eu\/es\/la-policia-alemana-registra-las-oficinas-de-deutsche-bank-por-presunto-blanqueo-de-dinero\/#breadcrumb\"},\"inLanguage\":\"es\",\"potentialAction\":[{\"@type\":\"ReadAction\",\"target\":[\"https:\/\/vof-news.eu\/es\/la-policia-alemana-registra-las-oficinas-de-deutsche-bank-por-presunto-blanqueo-de-dinero\/\"]}]},{\"@type\":\"ImageObject\",\"inLanguage\":\"es\",\"@id\":\"https:\/\/vof-news.eu\/es\/la-policia-alemana-registra-las-oficinas-de-deutsche-bank-por-presunto-blanqueo-de-dinero\/#primaryimage\",\"url\":\"https:\/\/vof-news.eu\/wp-content\/uploads\/2026\/01\/33c2a37b-bc1b-4d32-be11-2e59550f196c_16-9-discover-aspect-ratio_default_0.jpg\",\"contentUrl\":\"https:\/\/vof-news.eu\/wp-content\/uploads\/2026\/01\/33c2a37b-bc1b-4d32-be11-2e59550f196c_16-9-discover-aspect-ratio_default_0.jpg\",\"width\":1200,\"height\":675},{\"@type\":\"BreadcrumbList\",\"@id\":\"https:\/\/vof-news.eu\/es\/la-policia-alemana-registra-las-oficinas-de-deutsche-bank-por-presunto-blanqueo-de-dinero\/#breadcrumb\",\"itemListElement\":[{\"@type\":\"ListItem\",\"position\":1,\"name\":\"Home\",\"item\":\"https:\/\/vof-news.eu\/es\/\"},{\"@type\":\"ListItem\",\"position\":2,\"name\":\"La polic\u00eda alemana registra las oficinas de Deutsche Bank por presunto blanqueo de dinero\"}]},{\"@type\":\"WebSite\",\"@id\":\"https:\/\/vof-news.eu\/es\/#website\",\"url\":\"https:\/\/vof-news.eu\/es\/\",\"name\":\"vof-news.eu\",\"description\":\"\",\"potentialAction\":[{\"@type\":\"SearchAction\",\"target\":{\"@type\":\"EntryPoint\",\"urlTemplate\":\"https:\/\/vof-news.eu\/es\/?s={search_term_string}\"},\"query-input\":\"required name=search_term_string\"}],\"inLanguage\":\"es\"},{\"@type\":\"Person\",\"@id\":\"https:\/\/vof-news.eu\/es\/#\/schema\/person\/f6a2a4309f0561835797fd8c19b333ed\",\"name\":\"Author\",\"image\":{\"@type\":\"ImageObject\",\"inLanguage\":\"es\",\"@id\":\"https:\/\/vof-news.eu\/es\/#\/schema\/person\/image\/\",\"url\":\"https:\/\/secure.gravatar.com\/avatar\/b67e614b1b25b3e9c0c239efdd2fde5ab015b5affd6f1c3c85911ca4b384e790?s=96&d=mm&r=g\",\"contentUrl\":\"https:\/\/secure.gravatar.com\/avatar\/b67e614b1b25b3e9c0c239efdd2fde5ab015b5affd6f1c3c85911ca4b384e790?s=96&d=mm&r=g\",\"caption\":\"Author\"},\"sameAs\":[\"http:\/\/vof-news.eu\"],\"url\":\"https:\/\/vof-news.eu\/es\/author\/zwt6qxnjulxbnyg\/\"}]}<\/script>\n<!-- \/ Yoast SEO plugin. -->","yoast_head_json":{"title":"La polic\u00eda alemana registra las oficinas de Deutsche Bank por presunto blanqueo de dinero - vof-news.eu","description":"La Polic\u00eda alemana ha registrado las oficinas del Deutsche Bank en Frankfurt y Berl\u00edn por sospechar blanqueo de dinero, apenas un d\u00eda antes de que el banco alem\u00e1n presente el balance de 2025.","robots":{"index":"noindex","follow":"follow","max-snippet":"max-snippet:-1","max-image-preview":"max-image-preview:large","max-video-preview":"max-video-preview:-1"},"og_locale":"es_ES","og_type":"article","og_title":"La polic\u00eda alemana registra las oficinas de Deutsche Bank por presunto blanqueo de dinero - vof-news.eu","og_description":"La Polic\u00eda alemana ha registrado las oficinas del Deutsche Bank en Frankfurt y Berl\u00edn por sospechar blanqueo de dinero, apenas un d\u00eda antes de que el banco alem\u00e1n presente el balance de 2025.","og_url":"https:\/\/vof-news.eu\/es\/la-policia-alemana-registra-las-oficinas-de-deutsche-bank-por-presunto-blanqueo-de-dinero\/","og_site_name":"vof-news.eu","article_published_time":"2026-01-28T14:19:49+00:00","article_modified_time":"2026-01-28T14:20:52+00:00","og_image":[{"width":1200,"height":675,"url":"https:\/\/vof-news.eu\/wp-content\/uploads\/2026\/01\/33c2a37b-bc1b-4d32-be11-2e59550f196c_16-9-discover-aspect-ratio_default_0.jpg","type":"image\/jpeg"}],"author":"Author","twitter_card":"summary_large_image","twitter_misc":{"Escrito por":"Author","Tiempo de lectura":"1 minuto"},"schema":{"@context":"https:\/\/schema.org","@graph":[{"@type":"WebPage","@id":"https:\/\/vof-news.eu\/es\/la-policia-alemana-registra-las-oficinas-de-deutsche-bank-por-presunto-blanqueo-de-dinero\/","url":"https:\/\/vof-news.eu\/es\/la-policia-alemana-registra-las-oficinas-de-deutsche-bank-por-presunto-blanqueo-de-dinero\/","name":"La polic\u00eda alemana registra las oficinas de Deutsche Bank por presunto blanqueo de dinero - vof-news.eu","isPartOf":{"@id":"https:\/\/vof-news.eu\/es\/#website"},"primaryImageOfPage":{"@id":"https:\/\/vof-news.eu\/es\/la-policia-alemana-registra-las-oficinas-de-deutsche-bank-por-presunto-blanqueo-de-dinero\/#primaryimage"},"image":{"@id":"https:\/\/vof-news.eu\/es\/la-policia-alemana-registra-las-oficinas-de-deutsche-bank-por-presunto-blanqueo-de-dinero\/#primaryimage"},"thumbnailUrl":"https:\/\/vof-news.eu\/wp-content\/uploads\/2026\/01\/33c2a37b-bc1b-4d32-be11-2e59550f196c_16-9-discover-aspect-ratio_default_0.jpg","datePublished":"2026-01-28T14:19:49+00:00","dateModified":"2026-01-28T14:20:52+00:00","author":{"@id":"https:\/\/vof-news.eu\/es\/#\/schema\/person\/f6a2a4309f0561835797fd8c19b333ed"},"description":"La Polic\u00eda alemana ha registrado las oficinas del Deutsche Bank en Frankfurt y Berl\u00edn por sospechar blanqueo de dinero, apenas un d\u00eda antes de que el banco alem\u00e1n presente el balance de 2025.","breadcrumb":{"@id":"https:\/\/vof-news.eu\/es\/la-policia-alemana-registra-las-oficinas-de-deutsche-bank-por-presunto-blanqueo-de-dinero\/#breadcrumb"},"inLanguage":"es","potentialAction":[{"@type":"ReadAction","target":["https:\/\/vof-news.eu\/es\/la-policia-alemana-registra-las-oficinas-de-deutsche-bank-por-presunto-blanqueo-de-dinero\/"]}]},{"@type":"ImageObject","inLanguage":"es","@id":"https:\/\/vof-news.eu\/es\/la-policia-alemana-registra-las-oficinas-de-deutsche-bank-por-presunto-blanqueo-de-dinero\/#primaryimage","url":"https:\/\/vof-news.eu\/wp-content\/uploads\/2026\/01\/33c2a37b-bc1b-4d32-be11-2e59550f196c_16-9-discover-aspect-ratio_default_0.jpg","contentUrl":"https:\/\/vof-news.eu\/wp-content\/uploads\/2026\/01\/33c2a37b-bc1b-4d32-be11-2e59550f196c_16-9-discover-aspect-ratio_default_0.jpg","width":1200,"height":675},{"@type":"BreadcrumbList","@id":"https:\/\/vof-news.eu\/es\/la-policia-alemana-registra-las-oficinas-de-deutsche-bank-por-presunto-blanqueo-de-dinero\/#breadcrumb","itemListElement":[{"@type":"ListItem","position":1,"name":"Home","item":"https:\/\/vof-news.eu\/es\/"},{"@type":"ListItem","position":2,"name":"La polic\u00eda alemana registra las oficinas de Deutsche Bank por presunto blanqueo de dinero"}]},{"@type":"WebSite","@id":"https:\/\/vof-news.eu\/es\/#website","url":"https:\/\/vof-news.eu\/es\/","name":"vof-news.eu","description":"","potentialAction":[{"@type":"SearchAction","target":{"@type":"EntryPoint","urlTemplate":"https:\/\/vof-news.eu\/es\/?s={search_term_string}"},"query-input":"required name=search_term_string"}],"inLanguage":"es"},{"@type":"Person","@id":"https:\/\/vof-news.eu\/es\/#\/schema\/person\/f6a2a4309f0561835797fd8c19b333ed","name":"Author","image":{"@type":"ImageObject","inLanguage":"es","@id":"https:\/\/vof-news.eu\/es\/#\/schema\/person\/image\/","url":"https:\/\/secure.gravatar.com\/avatar\/b67e614b1b25b3e9c0c239efdd2fde5ab015b5affd6f1c3c85911ca4b384e790?s=96&d=mm&r=g","contentUrl":"https:\/\/secure.gravatar.com\/avatar\/b67e614b1b25b3e9c0c239efdd2fde5ab015b5affd6f1c3c85911ca4b384e790?s=96&d=mm&r=g","caption":"Author"},"sameAs":["http:\/\/vof-news.eu"],"url":"https:\/\/vof-news.eu\/es\/author\/zwt6qxnjulxbnyg\/"}]}},"yoast_meta":{"yoast_wpseo_title":"","yoast_wpseo_metadesc":"","yoast_wpseo_canonical":""},"_links":{"self":[{"href":"https:\/\/vof-news.eu\/es\/wp-json\/wp\/v2\/posts\/321167","targetHints":{"allow":["GET"]}}],"collection":[{"href":"https:\/\/vof-news.eu\/es\/wp-json\/wp\/v2\/posts"}],"about":[{"href":"https:\/\/vof-news.eu\/es\/wp-json\/wp\/v2\/types\/post"}],"author":[{"embeddable":true,"href":"https:\/\/vof-news.eu\/es\/wp-json\/wp\/v2\/users\/1"}],"replies":[{"embeddable":true,"href":"https:\/\/vof-news.eu\/es\/wp-json\/wp\/v2\/comments?post=321167"}],"version-history":[{"count":1,"href":"https:\/\/vof-news.eu\/es\/wp-json\/wp\/v2\/posts\/321167\/revisions"}],"predecessor-version":[{"id":321174,"href":"https:\/\/vof-news.eu\/es\/wp-json\/wp\/v2\/posts\/321167\/revisions\/321174"}],"wp:featuredmedia":[{"embeddable":true,"href":"https:\/\/vof-news.eu\/es\/wp-json\/wp\/v2\/media\/321168"}],"wp:attachment":[{"href":"https:\/\/vof-news.eu\/es\/wp-json\/wp\/v2\/media?parent=321167"}],"wp:term":[{"taxonomy":"category","embeddable":true,"href":"https:\/\/vof-news.eu\/es\/wp-json\/wp\/v2\/categories?post=321167"},{"taxonomy":"post_tag","embeddable":true,"href":"https:\/\/vof-news.eu\/es\/wp-json\/wp\/v2\/tags?post=321167"}],"curies":[{"name":"wp","href":"https:\/\/api.w.org\/{rel}","templated":true}]}}