{"id":321159,"date":"2026-01-28T17:18:55","date_gmt":"2026-01-28T14:18:55","guid":{"rendered":"https:\/\/vof-news.eu\/el-pnv-carga-contra-el-gobierno-por-llevar-el-decreto-de-pensiones-al-congreso-sin-negociar-los-apoyos-no-puede-volver-a-producirse\/"},"modified":"2026-01-28T17:19:23","modified_gmt":"2026-01-28T14:19:23","slug":"el-pnv-carga-contra-el-gobierno-por-llevar-el-decreto-de-pensiones-al-congreso-sin-negociar-los-apoyos-no-puede-volver-a-producirse","status":"publish","type":"post","link":"https:\/\/vof-news.eu\/es\/el-pnv-carga-contra-el-gobierno-por-llevar-el-decreto-de-pensiones-al-congreso-sin-negociar-los-apoyos-no-puede-volver-a-producirse\/","title":{"rendered":"El PNV carga contra el Gobierno por llevar el decreto de pensiones al Congreso sin negociar los apoyos: \u201cNo puede volver a producirse\u201d"},"content":{"rendered":"<div>\n<p>\n        El Partido Nacionalista Vasco lanza una advertencia al Gobierno despu\u00e9s de lo ocurrido este martes en el Congreso con la subida de las pensiones. \u201cLo que ocurri\u00f3 ayer no puede volver a ocurrir\u201d, ha dicho la portavoz parlamentaria del grupo vasco, Maribel Vaquero, despu\u00e9s de que las derechas tumbaran el decreto con la revalorizaci\u00f3n de las pensiones y la pr\u00f3rroga de las medidas del escudo social.\n    <\/p>\n<p>\n        Los nacionalistas vascos piden al Gobierno que negocie el contenido de los decretos antes de llevarlos a la C\u00e1mara Baja, para evitar de nuevo la incertidumbre en la que entran ahora millones de pensionistas, que no saben si se terminar\u00e1 aprobada la subida de su jubilaci\u00f3n. PP y Junts votaron en contra de la medida este martes entre cr\u00edticas al Ejecutivo por mezclar en el mismo decreto este asunto con varias medidas para proteger a las familias vulnerables frente a posibles desahucios o para evitar para ellas tambi\u00e9n cortes del suministro de luz y agua ante impagos.\n    <\/p>\n<p>\n        \u201cEstamos hartas del trilerismo pol\u00edtico que solo perjudica a la ciudadan\u00eda. No compartimos que se negocie a espaldas del Congreso seg\u00fan el oportunismo pol\u00edtico del gobierno. Lo que ocurri\u00f3 ayer no puede volver a producirse. El Gobierno no tiene carta blanca para todo\u201d, ha dicho Vaquero en una rueda de prensa en la C\u00e1mara Baja para evaluar lo ocurrido y marcar sus prioridades para el pr\u00f3ximo periodo de sesiones, que comenzar\u00e1 la primera semana de febrero con la comparecencia de Pedro S\u00e1nchez y la aprobaci\u00f3n de las primeras leyes del a\u00f1o.\n    <\/p>\n<p>\n        Vaquero ha insistido en que esta no es \u201cuna forma de actuar\u201d. \u201cTrasladamos este an\u00e1lisis porque quedan cuestiones muy importantes que negociar ahora al inicio de este periodo de sesiones. De esta manera va a ser muy dif\u00edcil llegar a acuerdos\u201d, ha advertido la portavoz del PNV en el Congreso, que ha mencionado algunas de sus prioridades para este nuevo periodo: la negociaci\u00f3n de un plan integral de medidas sobre vivienda o la transferencia de algunas cuestiones pendientes.\n    <\/p>\n<p>\n        S\u00e1nchez se ha esforzado en las \u00faltimas semanas en restablecer las relaciones con sus socios de investidura, despu\u00e9s del mal momento en el que qued\u00f3 el bloque en diciembre, con las nuevas noticias sobre las causas por corrupci\u00f3n y las novedades sobre el caso de Francisco Salazar. En esa l\u00ednea, el presidente se cit\u00f3 este mismo martes con el lehendakari vasco, Imanol Pradales, con quien mantuvo un encuentro en la Moncloa.\n    <\/p>\n<p>\n        M\u00e1s all\u00e1 de la coyuntura en la que se encuentran tanto el Gobierno como el PSOE, los nacionalistas vascos terminaron el a\u00f1o enfadados con S\u00e1nchez por la falta de concreci\u00f3n sobre las transferencias estatutarias ya acordadas. En enero se solucion\u00f3 parte de ese choque con cinco acuerdos, incluidos los primeros sobre la gesti\u00f3n de la Seguridad Social, pero a\u00fan faltan traspasos como los 12.000 millones de euros en pensiones, as\u00ed como acordar c\u00f3mo se pueden ampliar las capacidades auton\u00f3micas en puertos y aeropuertos, como quiere el PNV.\n    <\/p>\n<p>\n        Parte de estos acuerdos se negociar\u00e1n en los pr\u00f3ximos meses, por eso Vaquero ha pedido un cambio en la actitud negociadora del Gobierno. \u201cCreemos necesario un cambio en la actitud del Gobierno para que pueda ser abierto al di\u00e1logo y se pueda negociar y llegar a acuerdos\u201d, ha insistido la portavoz, visiblemente enfadada.\n    <\/p>\n<p>\n        El PNV ya puso pegas este martes al decreto que llev\u00f3 el Ejecutivo al Congreso, con la subida de las pensiones pero tambi\u00e9n con la pr\u00f3rroga de un conjunto variopinto de medidas agrupadas en lo que se denomina el &#8216;escudo social&#8217;. La parte que m\u00e1s escama a las formaciones que est\u00e1n m\u00e1s a la derecha del hemiciclo es la protecci\u00f3n a las familias vulnerables que est\u00e1n en peligro de ser desahuciadas por no poder hacer frente al alquiler.\n    <\/p>\n<p>\n        Se trata de una medida que se implement\u00f3 por primera vez en la pasada legislatura y que se ha ido prorrogando peri\u00f3dicamente en los \u00faltimos a\u00f1os, en muchas ocasiones con el voto a favor de PP y Junts, como el a\u00f1o pasado, que ya votaron un paquete que inclu\u00eda esta medida dentro del decreto de subida de pensiones.\n    <\/p>\n<p>\n        Los nacionalistas vascos votaron este martes a favor a pesar de que creen que esa medida tiene fallos. \u201cNo todos los grupos pol\u00edticos est\u00e1bamos de acuerdo con las medidas que se incluyeron, somos cr\u00edticos con el escudo social de vivienda\u201d, ha dicho Vaquero. Seg\u00fan ha explicado, por un lado se protege a las personas vulnerables que no pueden pagar la renta pero no a los \u201cpeque\u00f1os propietarios\u201d. Pero seg\u00fan sus datos, a pesar de que hay un fondo de compensaci\u00f3n previsto para los arrendadores, el dinero no est\u00e1 llegando de la forma adecuada.\n    <\/p>\n<p>\n        \u201cEl Gobierno quiso seguir adelante y eso es lo que les reprochamos. No se puede jugar a la ruleta rusa con medidas que afectan a tantas personas\u201d, ha dicho Vaquero, que considera que el Gobierno tiene \u201cuna responsabilidad\u201d y si quiere revalorizar las pensiones y el SMI \u201cno se la deber\u00eda jugar\u201d, deber\u00eda por tanto llevar un decreto con las medidas sobre las que hay acuerdo. \u201cSi estuviera en mi mano, no me arriesgar\u00eda\u201d, ha zanjado.\n    <\/p>\n<\/div>\n","protected":false},"excerpt":{"rendered":"<p>El Partido Nacionalista Vasco lanza una advertencia al Gobierno despu\u00e9s de lo ocurrido este martes en el Congreso con la subida de las pensiones. \u201cLo que ocurri\u00f3 ayer no puede volver a ocurrir\u201d, ha dicho la portavoz parlamentaria del grupo vasco, Maribel Vaquero, despu\u00e9s de que las derechas tumbaran el decreto con la revalorizaci\u00f3n de<\/p>\n","protected":false},"author":1,"featured_media":321160,"comment_status":"open","ping_status":"open","sticky":false,"template":"","format":"standard","meta":{"footnotes":""},"categories":[71],"tags":[],"class_list":["post-321159","post","type-post","status-publish","format-standard","has-post-thumbnail","hentry","category-politics-es"],"acf":[],"yoast_head":"<!-- This site is optimized with the Yoast SEO plugin v22.9 - https:\/\/yoast.com\/wordpress\/plugins\/seo\/ -->\n<title>El PNV carga contra el Gobierno por llevar el decreto de pensiones al Congreso sin negociar los apoyos: \u201cNo puede volver a producirse\u201d - vof-news.eu<\/title>\n<meta name=\"description\" content=\"El Partido Nacionalista Vasco lanza una advertencia al Gobierno despu\u00e9s de lo ocurrido este martes en el Congreso con la subida de las pensiones. \u201cLo que ocurri\u00f3 ayer no puede volver a ocurrir\u201d, ha dicho la portavoz parlamentaria del grupo vasco, Maribel Vaquero, despu\u00e9s de que las derechas tumbaran el decreto con la revalorizaci\u00f3n de las pensiones y la pr\u00f3rroga de las medidas del escudo social.\" \/>\n<meta name=\"robots\" content=\"noindex, follow, max-snippet:-1, max-image-preview:large, max-video-preview:-1\" \/>\n<meta property=\"og:locale\" content=\"es_ES\" \/>\n<meta property=\"og:type\" content=\"article\" \/>\n<meta property=\"og:title\" content=\"El PNV carga contra el Gobierno por llevar el decreto de pensiones al Congreso sin negociar los apoyos: \u201cNo puede volver a producirse\u201d - vof-news.eu\" \/>\n<meta property=\"og:description\" content=\"El Partido Nacionalista Vasco lanza una advertencia al Gobierno despu\u00e9s de lo ocurrido este martes en el Congreso con la subida de las pensiones. \u201cLo que ocurri\u00f3 ayer no puede volver a ocurrir\u201d, ha dicho la portavoz parlamentaria del grupo vasco, Maribel Vaquero, despu\u00e9s de que las derechas tumbaran el decreto con la revalorizaci\u00f3n de las pensiones y la pr\u00f3rroga de las medidas del escudo social.\" \/>\n<meta property=\"og:url\" content=\"https:\/\/vof-news.eu\/es\/el-pnv-carga-contra-el-gobierno-por-llevar-el-decreto-de-pensiones-al-congreso-sin-negociar-los-apoyos-no-puede-volver-a-producirse\/\" \/>\n<meta property=\"og:site_name\" content=\"vof-news.eu\" \/>\n<meta property=\"article:published_time\" content=\"2026-01-28T14:18:55+00:00\" \/>\n<meta property=\"article:modified_time\" content=\"2026-01-28T14:19:23+00:00\" \/>\n<meta property=\"og:image\" content=\"https:\/\/vof-news.eu\/wp-content\/uploads\/2026\/01\/398bc90c-f8da-4fb3-9180-10c004f52b01_16-9-discover-aspect-ratio_default_0_x2561y368.jpg\" \/>\n\t<meta property=\"og:image:width\" content=\"1200\" \/>\n\t<meta property=\"og:image:height\" content=\"675\" \/>\n\t<meta property=\"og:image:type\" content=\"image\/jpeg\" \/>\n<meta name=\"author\" content=\"Author\" \/>\n<meta name=\"twitter:card\" content=\"summary_large_image\" \/>\n<meta name=\"twitter:label1\" content=\"Escrito por\" \/>\n\t<meta name=\"twitter:data1\" content=\"Author\" \/>\n\t<meta name=\"twitter:label2\" content=\"Tiempo de lectura\" \/>\n\t<meta name=\"twitter:data2\" content=\"5 minutos\" \/>\n<script type=\"application\/ld+json\" class=\"yoast-schema-graph\">{\"@context\":\"https:\/\/schema.org\",\"@graph\":[{\"@type\":\"WebPage\",\"@id\":\"https:\/\/vof-news.eu\/es\/el-pnv-carga-contra-el-gobierno-por-llevar-el-decreto-de-pensiones-al-congreso-sin-negociar-los-apoyos-no-puede-volver-a-producirse\/\",\"url\":\"https:\/\/vof-news.eu\/es\/el-pnv-carga-contra-el-gobierno-por-llevar-el-decreto-de-pensiones-al-congreso-sin-negociar-los-apoyos-no-puede-volver-a-producirse\/\",\"name\":\"El PNV carga contra el Gobierno por llevar el decreto de pensiones al Congreso sin negociar los apoyos: \u201cNo puede volver a producirse\u201d - vof-news.eu\",\"isPartOf\":{\"@id\":\"https:\/\/vof-news.eu\/es\/#website\"},\"primaryImageOfPage\":{\"@id\":\"https:\/\/vof-news.eu\/es\/el-pnv-carga-contra-el-gobierno-por-llevar-el-decreto-de-pensiones-al-congreso-sin-negociar-los-apoyos-no-puede-volver-a-producirse\/#primaryimage\"},\"image\":{\"@id\":\"https:\/\/vof-news.eu\/es\/el-pnv-carga-contra-el-gobierno-por-llevar-el-decreto-de-pensiones-al-congreso-sin-negociar-los-apoyos-no-puede-volver-a-producirse\/#primaryimage\"},\"thumbnailUrl\":\"https:\/\/vof-news.eu\/wp-content\/uploads\/2026\/01\/398bc90c-f8da-4fb3-9180-10c004f52b01_16-9-discover-aspect-ratio_default_0_x2561y368.jpg\",\"datePublished\":\"2026-01-28T14:18:55+00:00\",\"dateModified\":\"2026-01-28T14:19:23+00:00\",\"author\":{\"@id\":\"https:\/\/vof-news.eu\/es\/#\/schema\/person\/f6a2a4309f0561835797fd8c19b333ed\"},\"description\":\"El Partido Nacionalista Vasco lanza una advertencia al Gobierno despu\u00e9s de lo ocurrido este martes en el Congreso con la subida de las pensiones. \u201cLo que ocurri\u00f3 ayer no puede volver a ocurrir\u201d, ha dicho la portavoz parlamentaria del grupo vasco, Maribel Vaquero, despu\u00e9s de que las derechas tumbaran el decreto con la revalorizaci\u00f3n de las pensiones y la pr\u00f3rroga de las medidas del escudo social.\",\"breadcrumb\":{\"@id\":\"https:\/\/vof-news.eu\/es\/el-pnv-carga-contra-el-gobierno-por-llevar-el-decreto-de-pensiones-al-congreso-sin-negociar-los-apoyos-no-puede-volver-a-producirse\/#breadcrumb\"},\"inLanguage\":\"es\",\"potentialAction\":[{\"@type\":\"ReadAction\",\"target\":[\"https:\/\/vof-news.eu\/es\/el-pnv-carga-contra-el-gobierno-por-llevar-el-decreto-de-pensiones-al-congreso-sin-negociar-los-apoyos-no-puede-volver-a-producirse\/\"]}]},{\"@type\":\"ImageObject\",\"inLanguage\":\"es\",\"@id\":\"https:\/\/vof-news.eu\/es\/el-pnv-carga-contra-el-gobierno-por-llevar-el-decreto-de-pensiones-al-congreso-sin-negociar-los-apoyos-no-puede-volver-a-producirse\/#primaryimage\",\"url\":\"https:\/\/vof-news.eu\/wp-content\/uploads\/2026\/01\/398bc90c-f8da-4fb3-9180-10c004f52b01_16-9-discover-aspect-ratio_default_0_x2561y368.jpg\",\"contentUrl\":\"https:\/\/vof-news.eu\/wp-content\/uploads\/2026\/01\/398bc90c-f8da-4fb3-9180-10c004f52b01_16-9-discover-aspect-ratio_default_0_x2561y368.jpg\",\"width\":1200,\"height\":675},{\"@type\":\"BreadcrumbList\",\"@id\":\"https:\/\/vof-news.eu\/es\/el-pnv-carga-contra-el-gobierno-por-llevar-el-decreto-de-pensiones-al-congreso-sin-negociar-los-apoyos-no-puede-volver-a-producirse\/#breadcrumb\",\"itemListElement\":[{\"@type\":\"ListItem\",\"position\":1,\"name\":\"Home\",\"item\":\"https:\/\/vof-news.eu\/es\/\"},{\"@type\":\"ListItem\",\"position\":2,\"name\":\"El PNV carga contra el Gobierno por llevar el decreto de pensiones al Congreso sin negociar los apoyos: \u201cNo puede volver a producirse\u201d\"}]},{\"@type\":\"WebSite\",\"@id\":\"https:\/\/vof-news.eu\/es\/#website\",\"url\":\"https:\/\/vof-news.eu\/es\/\",\"name\":\"vof-news.eu\",\"description\":\"\",\"potentialAction\":[{\"@type\":\"SearchAction\",\"target\":{\"@type\":\"EntryPoint\",\"urlTemplate\":\"https:\/\/vof-news.eu\/es\/?s={search_term_string}\"},\"query-input\":\"required name=search_term_string\"}],\"inLanguage\":\"es\"},{\"@type\":\"Person\",\"@id\":\"https:\/\/vof-news.eu\/es\/#\/schema\/person\/f6a2a4309f0561835797fd8c19b333ed\",\"name\":\"Author\",\"image\":{\"@type\":\"ImageObject\",\"inLanguage\":\"es\",\"@id\":\"https:\/\/vof-news.eu\/es\/#\/schema\/person\/image\/\",\"url\":\"https:\/\/secure.gravatar.com\/avatar\/b67e614b1b25b3e9c0c239efdd2fde5ab015b5affd6f1c3c85911ca4b384e790?s=96&d=mm&r=g\",\"contentUrl\":\"https:\/\/secure.gravatar.com\/avatar\/b67e614b1b25b3e9c0c239efdd2fde5ab015b5affd6f1c3c85911ca4b384e790?s=96&d=mm&r=g\",\"caption\":\"Author\"},\"sameAs\":[\"http:\/\/vof-news.eu\"],\"url\":\"https:\/\/vof-news.eu\/es\/author\/zwt6qxnjulxbnyg\/\"}]}<\/script>\n<!-- \/ Yoast SEO plugin. -->","yoast_head_json":{"title":"El PNV carga contra el Gobierno por llevar el decreto de pensiones al Congreso sin negociar los apoyos: \u201cNo puede volver a producirse\u201d - vof-news.eu","description":"El Partido Nacionalista Vasco lanza una advertencia al Gobierno despu\u00e9s de lo ocurrido este martes en el Congreso con la subida de las pensiones. \u201cLo que ocurri\u00f3 ayer no puede volver a ocurrir\u201d, ha dicho la portavoz parlamentaria del grupo vasco, Maribel Vaquero, despu\u00e9s de que las derechas tumbaran el decreto con la revalorizaci\u00f3n de las pensiones y la pr\u00f3rroga de las medidas del escudo social.","robots":{"index":"noindex","follow":"follow","max-snippet":"max-snippet:-1","max-image-preview":"max-image-preview:large","max-video-preview":"max-video-preview:-1"},"og_locale":"es_ES","og_type":"article","og_title":"El PNV carga contra el Gobierno por llevar el decreto de pensiones al Congreso sin negociar los apoyos: \u201cNo puede volver a producirse\u201d - vof-news.eu","og_description":"El Partido Nacionalista Vasco lanza una advertencia al Gobierno despu\u00e9s de lo ocurrido este martes en el Congreso con la subida de las pensiones. \u201cLo que ocurri\u00f3 ayer no puede volver a ocurrir\u201d, ha dicho la portavoz parlamentaria del grupo vasco, Maribel Vaquero, despu\u00e9s de que las derechas tumbaran el decreto con la revalorizaci\u00f3n de las pensiones y la pr\u00f3rroga de las medidas del escudo social.","og_url":"https:\/\/vof-news.eu\/es\/el-pnv-carga-contra-el-gobierno-por-llevar-el-decreto-de-pensiones-al-congreso-sin-negociar-los-apoyos-no-puede-volver-a-producirse\/","og_site_name":"vof-news.eu","article_published_time":"2026-01-28T14:18:55+00:00","article_modified_time":"2026-01-28T14:19:23+00:00","og_image":[{"width":1200,"height":675,"url":"https:\/\/vof-news.eu\/wp-content\/uploads\/2026\/01\/398bc90c-f8da-4fb3-9180-10c004f52b01_16-9-discover-aspect-ratio_default_0_x2561y368.jpg","type":"image\/jpeg"}],"author":"Author","twitter_card":"summary_large_image","twitter_misc":{"Escrito por":"Author","Tiempo de lectura":"5 minutos"},"schema":{"@context":"https:\/\/schema.org","@graph":[{"@type":"WebPage","@id":"https:\/\/vof-news.eu\/es\/el-pnv-carga-contra-el-gobierno-por-llevar-el-decreto-de-pensiones-al-congreso-sin-negociar-los-apoyos-no-puede-volver-a-producirse\/","url":"https:\/\/vof-news.eu\/es\/el-pnv-carga-contra-el-gobierno-por-llevar-el-decreto-de-pensiones-al-congreso-sin-negociar-los-apoyos-no-puede-volver-a-producirse\/","name":"El PNV carga contra el Gobierno por llevar el decreto de pensiones al Congreso sin negociar los apoyos: \u201cNo puede volver a producirse\u201d - vof-news.eu","isPartOf":{"@id":"https:\/\/vof-news.eu\/es\/#website"},"primaryImageOfPage":{"@id":"https:\/\/vof-news.eu\/es\/el-pnv-carga-contra-el-gobierno-por-llevar-el-decreto-de-pensiones-al-congreso-sin-negociar-los-apoyos-no-puede-volver-a-producirse\/#primaryimage"},"image":{"@id":"https:\/\/vof-news.eu\/es\/el-pnv-carga-contra-el-gobierno-por-llevar-el-decreto-de-pensiones-al-congreso-sin-negociar-los-apoyos-no-puede-volver-a-producirse\/#primaryimage"},"thumbnailUrl":"https:\/\/vof-news.eu\/wp-content\/uploads\/2026\/01\/398bc90c-f8da-4fb3-9180-10c004f52b01_16-9-discover-aspect-ratio_default_0_x2561y368.jpg","datePublished":"2026-01-28T14:18:55+00:00","dateModified":"2026-01-28T14:19:23+00:00","author":{"@id":"https:\/\/vof-news.eu\/es\/#\/schema\/person\/f6a2a4309f0561835797fd8c19b333ed"},"description":"El Partido Nacionalista Vasco lanza una advertencia al Gobierno despu\u00e9s de lo ocurrido este martes en el Congreso con la subida de las pensiones. \u201cLo que ocurri\u00f3 ayer no puede volver a ocurrir\u201d, ha dicho la portavoz parlamentaria del grupo vasco, Maribel Vaquero, despu\u00e9s de que las derechas tumbaran el decreto con la revalorizaci\u00f3n de las pensiones y la pr\u00f3rroga de las medidas del escudo social.","breadcrumb":{"@id":"https:\/\/vof-news.eu\/es\/el-pnv-carga-contra-el-gobierno-por-llevar-el-decreto-de-pensiones-al-congreso-sin-negociar-los-apoyos-no-puede-volver-a-producirse\/#breadcrumb"},"inLanguage":"es","potentialAction":[{"@type":"ReadAction","target":["https:\/\/vof-news.eu\/es\/el-pnv-carga-contra-el-gobierno-por-llevar-el-decreto-de-pensiones-al-congreso-sin-negociar-los-apoyos-no-puede-volver-a-producirse\/"]}]},{"@type":"ImageObject","inLanguage":"es","@id":"https:\/\/vof-news.eu\/es\/el-pnv-carga-contra-el-gobierno-por-llevar-el-decreto-de-pensiones-al-congreso-sin-negociar-los-apoyos-no-puede-volver-a-producirse\/#primaryimage","url":"https:\/\/vof-news.eu\/wp-content\/uploads\/2026\/01\/398bc90c-f8da-4fb3-9180-10c004f52b01_16-9-discover-aspect-ratio_default_0_x2561y368.jpg","contentUrl":"https:\/\/vof-news.eu\/wp-content\/uploads\/2026\/01\/398bc90c-f8da-4fb3-9180-10c004f52b01_16-9-discover-aspect-ratio_default_0_x2561y368.jpg","width":1200,"height":675},{"@type":"BreadcrumbList","@id":"https:\/\/vof-news.eu\/es\/el-pnv-carga-contra-el-gobierno-por-llevar-el-decreto-de-pensiones-al-congreso-sin-negociar-los-apoyos-no-puede-volver-a-producirse\/#breadcrumb","itemListElement":[{"@type":"ListItem","position":1,"name":"Home","item":"https:\/\/vof-news.eu\/es\/"},{"@type":"ListItem","position":2,"name":"El PNV carga contra el Gobierno por llevar el decreto de pensiones al Congreso sin negociar los apoyos: \u201cNo puede volver a producirse\u201d"}]},{"@type":"WebSite","@id":"https:\/\/vof-news.eu\/es\/#website","url":"https:\/\/vof-news.eu\/es\/","name":"vof-news.eu","description":"","potentialAction":[{"@type":"SearchAction","target":{"@type":"EntryPoint","urlTemplate":"https:\/\/vof-news.eu\/es\/?s={search_term_string}"},"query-input":"required name=search_term_string"}],"inLanguage":"es"},{"@type":"Person","@id":"https:\/\/vof-news.eu\/es\/#\/schema\/person\/f6a2a4309f0561835797fd8c19b333ed","name":"Author","image":{"@type":"ImageObject","inLanguage":"es","@id":"https:\/\/vof-news.eu\/es\/#\/schema\/person\/image\/","url":"https:\/\/secure.gravatar.com\/avatar\/b67e614b1b25b3e9c0c239efdd2fde5ab015b5affd6f1c3c85911ca4b384e790?s=96&d=mm&r=g","contentUrl":"https:\/\/secure.gravatar.com\/avatar\/b67e614b1b25b3e9c0c239efdd2fde5ab015b5affd6f1c3c85911ca4b384e790?s=96&d=mm&r=g","caption":"Author"},"sameAs":["http:\/\/vof-news.eu"],"url":"https:\/\/vof-news.eu\/es\/author\/zwt6qxnjulxbnyg\/"}]}},"yoast_meta":{"yoast_wpseo_title":"","yoast_wpseo_metadesc":"","yoast_wpseo_canonical":""},"_links":{"self":[{"href":"https:\/\/vof-news.eu\/es\/wp-json\/wp\/v2\/posts\/321159","targetHints":{"allow":["GET"]}}],"collection":[{"href":"https:\/\/vof-news.eu\/es\/wp-json\/wp\/v2\/posts"}],"about":[{"href":"https:\/\/vof-news.eu\/es\/wp-json\/wp\/v2\/types\/post"}],"author":[{"embeddable":true,"href":"https:\/\/vof-news.eu\/es\/wp-json\/wp\/v2\/users\/1"}],"replies":[{"embeddable":true,"href":"https:\/\/vof-news.eu\/es\/wp-json\/wp\/v2\/comments?post=321159"}],"version-history":[{"count":1,"href":"https:\/\/vof-news.eu\/es\/wp-json\/wp\/v2\/posts\/321159\/revisions"}],"predecessor-version":[{"id":321166,"href":"https:\/\/vof-news.eu\/es\/wp-json\/wp\/v2\/posts\/321159\/revisions\/321166"}],"wp:featuredmedia":[{"embeddable":true,"href":"https:\/\/vof-news.eu\/es\/wp-json\/wp\/v2\/media\/321160"}],"wp:attachment":[{"href":"https:\/\/vof-news.eu\/es\/wp-json\/wp\/v2\/media?parent=321159"}],"wp:term":[{"taxonomy":"category","embeddable":true,"href":"https:\/\/vof-news.eu\/es\/wp-json\/wp\/v2\/categories?post=321159"},{"taxonomy":"post_tag","embeddable":true,"href":"https:\/\/vof-news.eu\/es\/wp-json\/wp\/v2\/tags?post=321159"}],"curies":[{"name":"wp","href":"https:\/\/api.w.org\/{rel}","templated":true}]}}