{"id":321151,"date":"2026-01-28T17:17:26","date_gmt":"2026-01-28T14:17:26","guid":{"rendered":"https:\/\/vof-news.eu\/feijoo-insiste-en-el-bulo-y-acusa-sanchez-de-buscar-incrementar-el-censo-por-la-regularizacion-de-migrantes\/"},"modified":"2026-01-28T17:18:13","modified_gmt":"2026-01-28T14:18:13","slug":"feijoo-insiste-en-el-bulo-y-acusa-sanchez-de-buscar-incrementar-el-censo-por-la-regularizacion-de-migrantes","status":"publish","type":"post","link":"https:\/\/vof-news.eu\/es\/feijoo-insiste-en-el-bulo-y-acusa-sanchez-de-buscar-incrementar-el-censo-por-la-regularizacion-de-migrantes\/","title":{"rendered":"Feij\u00f3o insiste en el bulo y acusa S\u00e1nchez de buscar \u201cincrementar el censo\u201d por la regularizaci\u00f3n de migrantes"},"content":{"rendered":"<div>\n<p>\n        El l\u00edder del PP, Alberto N\u00fa\u00f1ez Feij\u00f3o, ha insistido este mi\u00e9rcoles en el bulo que vincula <a href=\"https:\/\/www.eldiario.es\/desalambre\/migrantes-papeles-acogeran-regularizacion-podremos-trabajar-dignamente_1_12941439.html\" rel=\"nofollow\">la regularizaci\u00f3n de migrantes<\/a> anunciada por el Gobierno con un falso incremento del censo electoral, como dando a entender que si Pedro S\u00e1nchez accede a esa legalizaci\u00f3n es en busca de votos. \u201cUsted no tiene derecho a incrementar el censo de los espa\u00f1oles con la ley de nietos en m\u00e1s de dos millones de personas y con la regularizaci\u00f3n de la inmigraci\u00f3n irregular de m\u00e1s de 800.000 personas\u201d, le ha espetado a S\u00e1nchez durante una declaraci\u00f3n ante los medios en un acto de la campa\u00f1a aragonesa. En realidad la cifra que maneja el Ejecutivo es que la medida pactada con Podemos beneficiar\u00e1 a cerca de 500.000 personas pero el PP eleva la cifra en otros 300.000 al considerar que podr\u00edan beneficiarse tambi\u00e9n sus familiares. Adem\u00e1s, la regularizaci\u00f3n no supone que esas personas tengan la nacionalidad espa\u00f1ola y, por tanto, puedan votar en las elecciones. \u00danicamente se les otorga el permiso de residencia para poder trabajar de forma legal.\n    <\/p>\n<p>\n        Para Feij\u00f3o, \u201cla regularizaci\u00f3n masiva e improvisada\u201d del Gobierno es \u201cpara desviar la atenci\u00f3n del accidente ferroviario en el AVE y en la Rodalies de Catalunya\u201d. \u201cEsto es una cortina de humo y, por lo tanto, es inhumano e indecente. Les da igual todo. Les da igual que esta regularizaci\u00f3n masiva vaya en contra de la normativa europea, vaya en contra de la legitimidad que tiene el Congreso y las Cortes Generales para debatirlo y aprobarlo y conlleve, por lo tanto, el efecto llamada que se est\u00e1 produciendo con esta aparente regularizaci\u00f3n masiva de la inmigraci\u00f3n irregular en Espa\u00f1a\u201d, ha a\u00f1adido, en un discurso muy similar al de Vox.\n    <\/p>\n<p>\n        \u201cEl Gobierno no puede regalar la residencia legal a cualquier persona en nuestro pa\u00eds. Las regularizaciones han de ser individualizadas caso a caso y condicionadas caso a caso y no una alfombra roja para convertir la ilegalidad en una forma de residir en nuestro pa\u00eds\u201d, ha se\u00f1alado.En su opini\u00f3n, \u201cdar v\u00eda libre a esto en este contexto es una irresponsabilidad.\n    <\/p>\n<p>\n        Adem\u00e1s, Feij\u00f3o ha exigido al Gobierno que presente un decreto que solo incluya la subida de las pensiones menos de 24 horas de que su partido, junto con Vox y Junts, <a href=\"https:\/\/www.eldiario.es\/politica\/pp-vox-junts-tumban-subida-pensiones-prorroga-escudo-social_1_12938910.html\" rel=\"nofollow\">tumbara en el Congreso el texto<\/a> que ya inclu\u00eda esa revalorizaci\u00f3n por incorporar adem\u00e1s otras medidas del escudo social. \u201cSi el PSOE quiere revalorizar las pensiones, lo votamos ma\u00f1ana. Si el PSOE lo que pretende es arreglar sus problemas con sus socios, lo que pretende es aprobar un real decreto ley para que pueda continuar en el Gobierno aunque no tenga presupuestos generales, otro a\u00f1o m\u00e1s que no cuente con el PP. Si le preocupan los pensionistas, revalorizamos las pensiones ma\u00f1ana mismo. Si lo que le preocupan son los okupas, comprender\u00e1 que para esto no va a contar con el PP\u201d, ha llegado a afirmar durante una declaraci\u00f3n ante los medios en un acto de la campa\u00f1a aragonesa.\n    <\/p>\n<p>\n        Feij\u00f3o ha considerado que la del martes fue \u201cla \u00faltima derrota del Gobierno\u201d y evidencia su \u201cdebilidad parlamentaria\u201d aunque en el mismo Pleno el Ejecutivo s\u00ed consigui\u00f3 convalidar otro decreto, el que inclu\u00eda las ayudas al Transporte, con una amplia mayor\u00eda parlamentaria. \u201cEl Gobierno ayer volvi\u00f3 a perder una votaci\u00f3n con la que pretend\u00eda modificar y tomar decisiones en 21 cuestiones distintas, utilizando a los pensionistas como rehenes de sus 21 decisiones que met\u00eda en el real decreto \u00f3mnibus\u201d, ha remarcado. A su juicio, el Gobierno volvi\u00f3 \u201ca quedar en minor\u00eda y, por lo tanto, los socios del Gobierno le han abandonado\u201d. \u201cEso significa que el Gobierno no tiene mayor\u00eda para seguir gobernando en nuestro pa\u00eds\u201d, ha enfatizado.\n    <\/p>\n<p>\n        Feij\u00f3o ha a\u00f1adido que \u201cconociendo las malas artes\u201d del Ejecutivo el PP registr\u00f3 una proposici\u00f3n de ley en el Parlamento para revalorizar las pensiones de forma autom\u00e1tica a partir del 1 de enero. \u201cQuiero decirle a todos los pensionistas que el Partido Popular tiene un compromiso inexcusable con la revalorizaci\u00f3n de las pensiones, que desde que hicimos el Pacto de Toledo hace d\u00e9cadas hasta hoy, vamos a seguir garantizando la revalorizaci\u00f3n de las pensiones conforme al \u00edndice de precios\u201d, ha dicho.\n    <\/p>\n<p>\n        Sin mencionarlo directamente, Feij\u00f3o ha hecho menci\u00f3n a una de las medidas incluidas en el decreto social que decay\u00f3 en el Congreso y que tiene que ver con la prohibici\u00f3n de los desahucios. Para el l\u00edder del PP, \u201cla pol\u00edtica de vivienda es una pol\u00edtica muy seria\u201d y \u201cuna persona que tiene su vivienda tiene su derecho a poseerla pac\u00edficamente\u201d y \u201ca cobrar su renta pac\u00edficamente\u201d. \u201cY por supuesto, a las familias vulnerables las hemos de atender, pero no a trav\u00e9s de los propietarios, si no a trav\u00e9s de las pol\u00edticas sociales adecuadas\u201d, ha dicho.\n    <\/p>\n<p>\n        Para el PP todo pasa por la construcci\u00f3n de nuevas casas y no por limitar precios de los alquileres o gravar a los multipropietarios o a quienes tengan viviendas vac\u00edas. Para Feij\u00f3o, \u201clas personas con rentas modestas, sobre todo a los j\u00f3venes de hasta 40 a\u00f1os, necesitan el auxilio del gobierno y no la okupaci\u00f3n o la inquiokupaci\u00f3n de personas a cambio de que los propietarios se queden sin vivienda o se queden sin sus rentas\u201d. \u201cso no es pol\u00edtica de vivienda, eso simplemente es romper y seguir haciendo el muro de la convivencia en paz que pretenden todos los espa\u00f1oles\u201d, ha zanjado.\n    <\/p>\n<\/div>\n","protected":false},"excerpt":{"rendered":"<p>El l\u00edder del PP, Alberto N\u00fa\u00f1ez Feij\u00f3o, ha insistido este mi\u00e9rcoles en el bulo que vincula la regularizaci\u00f3n de migrantes anunciada por el Gobierno con un falso incremento del censo electoral, como dando a entender que si Pedro S\u00e1nchez accede a esa legalizaci\u00f3n es en busca de votos. \u201cUsted no tiene derecho a incrementar el<\/p>\n","protected":false},"author":1,"featured_media":321152,"comment_status":"open","ping_status":"open","sticky":false,"template":"","format":"standard","meta":{"footnotes":""},"categories":[71],"tags":[],"class_list":["post-321151","post","type-post","status-publish","format-standard","has-post-thumbnail","hentry","category-politics-es"],"acf":[],"yoast_head":"<!-- This site is optimized with the Yoast SEO plugin v22.9 - https:\/\/yoast.com\/wordpress\/plugins\/seo\/ -->\n<title>Feij\u00f3o insiste en el bulo y acusa S\u00e1nchez de buscar \u201cincrementar el censo\u201d por la regularizaci\u00f3n de migrantes - vof-news.eu<\/title>\n<meta name=\"description\" content=\"El l\u00edder del PP, Alberto N\u00fa\u00f1ez Feij\u00f3o, ha insistido este mi\u00e9rcoles en el bulo que vincula la regularizaci\u00f3n de migrantes anunciada por el Gobierno con un falso incremento del censo electoral, como dando a entender que si Pedro S\u00e1nchez accede a esa legalizaci\u00f3n es en busca de votos. \u201cUsted no tiene derecho a incrementar el censo de los espa\u00f1oles con la ley de nietos en m\u00e1s de dos millones de personas y con la regularizaci\u00f3n de la inmigraci\u00f3n irregular de m\u00e1s de 800.000 personas\u201d, le ha espetado a S\u00e1nchez durante una declaraci\u00f3n ante los medios en un acto de la campa\u00f1a aragonesa. En realidad la cifra que maneja el Ejecutivo es que la medida pactada con Podemos beneficiar\u00e1 a cerca de 500.000 personas pero el PP eleva la cifra en otros 300.000 al considerar que podr\u00edan beneficiarse tambi\u00e9n sus familiares. Adem\u00e1s, la regularizaci\u00f3n no supone que esas personas tengan la nacionalidad espa\u00f1ola y, por tanto, puedan votar en las elecciones. \u00danicamente se les otorga el permiso de residencia para poder trabajar de forma legal.\" \/>\n<meta name=\"robots\" content=\"noindex, follow, max-snippet:-1, max-image-preview:large, max-video-preview:-1\" \/>\n<meta property=\"og:locale\" content=\"es_ES\" \/>\n<meta property=\"og:type\" content=\"article\" \/>\n<meta property=\"og:title\" content=\"Feij\u00f3o insiste en el bulo y acusa S\u00e1nchez de buscar \u201cincrementar el censo\u201d por la regularizaci\u00f3n de migrantes - vof-news.eu\" \/>\n<meta property=\"og:description\" content=\"El l\u00edder del PP, Alberto N\u00fa\u00f1ez Feij\u00f3o, ha insistido este mi\u00e9rcoles en el bulo que vincula la regularizaci\u00f3n de migrantes anunciada por el Gobierno con un falso incremento del censo electoral, como dando a entender que si Pedro S\u00e1nchez accede a esa legalizaci\u00f3n es en busca de votos. \u201cUsted no tiene derecho a incrementar el censo de los espa\u00f1oles con la ley de nietos en m\u00e1s de dos millones de personas y con la regularizaci\u00f3n de la inmigraci\u00f3n irregular de m\u00e1s de 800.000 personas\u201d, le ha espetado a S\u00e1nchez durante una declaraci\u00f3n ante los medios en un acto de la campa\u00f1a aragonesa. En realidad la cifra que maneja el Ejecutivo es que la medida pactada con Podemos beneficiar\u00e1 a cerca de 500.000 personas pero el PP eleva la cifra en otros 300.000 al considerar que podr\u00edan beneficiarse tambi\u00e9n sus familiares. Adem\u00e1s, la regularizaci\u00f3n no supone que esas personas tengan la nacionalidad espa\u00f1ola y, por tanto, puedan votar en las elecciones. \u00danicamente se les otorga el permiso de residencia para poder trabajar de forma legal.\" \/>\n<meta property=\"og:url\" content=\"https:\/\/vof-news.eu\/es\/feijoo-insiste-en-el-bulo-y-acusa-sanchez-de-buscar-incrementar-el-censo-por-la-regularizacion-de-migrantes\/\" \/>\n<meta property=\"og:site_name\" content=\"vof-news.eu\" \/>\n<meta property=\"article:published_time\" content=\"2026-01-28T14:17:26+00:00\" \/>\n<meta property=\"article:modified_time\" content=\"2026-01-28T14:18:13+00:00\" \/>\n<meta property=\"og:image\" content=\"https:\/\/vof-news.eu\/wp-content\/uploads\/2026\/01\/db73d636-7441-4881-be63-829af485eea6_16-9-discover-aspect-ratio_default_0.jpg\" \/>\n\t<meta property=\"og:image:width\" content=\"1200\" \/>\n\t<meta property=\"og:image:height\" content=\"675\" \/>\n\t<meta property=\"og:image:type\" content=\"image\/jpeg\" \/>\n<meta name=\"author\" content=\"Author\" \/>\n<meta name=\"twitter:card\" content=\"summary_large_image\" \/>\n<meta name=\"twitter:label1\" content=\"Escrito por\" \/>\n\t<meta name=\"twitter:data1\" content=\"Author\" \/>\n\t<meta name=\"twitter:label2\" content=\"Tiempo de lectura\" \/>\n\t<meta name=\"twitter:data2\" content=\"5 minutos\" \/>\n<script type=\"application\/ld+json\" class=\"yoast-schema-graph\">{\"@context\":\"https:\/\/schema.org\",\"@graph\":[{\"@type\":\"WebPage\",\"@id\":\"https:\/\/vof-news.eu\/es\/feijoo-insiste-en-el-bulo-y-acusa-sanchez-de-buscar-incrementar-el-censo-por-la-regularizacion-de-migrantes\/\",\"url\":\"https:\/\/vof-news.eu\/es\/feijoo-insiste-en-el-bulo-y-acusa-sanchez-de-buscar-incrementar-el-censo-por-la-regularizacion-de-migrantes\/\",\"name\":\"Feij\u00f3o insiste en el bulo y acusa S\u00e1nchez de buscar \u201cincrementar el censo\u201d por la regularizaci\u00f3n de migrantes - vof-news.eu\",\"isPartOf\":{\"@id\":\"https:\/\/vof-news.eu\/es\/#website\"},\"primaryImageOfPage\":{\"@id\":\"https:\/\/vof-news.eu\/es\/feijoo-insiste-en-el-bulo-y-acusa-sanchez-de-buscar-incrementar-el-censo-por-la-regularizacion-de-migrantes\/#primaryimage\"},\"image\":{\"@id\":\"https:\/\/vof-news.eu\/es\/feijoo-insiste-en-el-bulo-y-acusa-sanchez-de-buscar-incrementar-el-censo-por-la-regularizacion-de-migrantes\/#primaryimage\"},\"thumbnailUrl\":\"https:\/\/vof-news.eu\/wp-content\/uploads\/2026\/01\/db73d636-7441-4881-be63-829af485eea6_16-9-discover-aspect-ratio_default_0.jpg\",\"datePublished\":\"2026-01-28T14:17:26+00:00\",\"dateModified\":\"2026-01-28T14:18:13+00:00\",\"author\":{\"@id\":\"https:\/\/vof-news.eu\/es\/#\/schema\/person\/f6a2a4309f0561835797fd8c19b333ed\"},\"description\":\"El l\u00edder del PP, Alberto N\u00fa\u00f1ez Feij\u00f3o, ha insistido este mi\u00e9rcoles en el bulo que vincula la regularizaci\u00f3n de migrantes anunciada por el Gobierno con un falso incremento del censo electoral, como dando a entender que si Pedro S\u00e1nchez accede a esa legalizaci\u00f3n es en busca de votos. \u201cUsted no tiene derecho a incrementar el censo de los espa\u00f1oles con la ley de nietos en m\u00e1s de dos millones de personas y con la regularizaci\u00f3n de la inmigraci\u00f3n irregular de m\u00e1s de 800.000 personas\u201d, le ha espetado a S\u00e1nchez durante una declaraci\u00f3n ante los medios en un acto de la campa\u00f1a aragonesa. En realidad la cifra que maneja el Ejecutivo es que la medida pactada con Podemos beneficiar\u00e1 a cerca de 500.000 personas pero el PP eleva la cifra en otros 300.000 al considerar que podr\u00edan beneficiarse tambi\u00e9n sus familiares. Adem\u00e1s, la regularizaci\u00f3n no supone que esas personas tengan la nacionalidad espa\u00f1ola y, por tanto, puedan votar en las elecciones. \u00danicamente se les otorga el permiso de residencia para poder trabajar de forma legal.\",\"breadcrumb\":{\"@id\":\"https:\/\/vof-news.eu\/es\/feijoo-insiste-en-el-bulo-y-acusa-sanchez-de-buscar-incrementar-el-censo-por-la-regularizacion-de-migrantes\/#breadcrumb\"},\"inLanguage\":\"es\",\"potentialAction\":[{\"@type\":\"ReadAction\",\"target\":[\"https:\/\/vof-news.eu\/es\/feijoo-insiste-en-el-bulo-y-acusa-sanchez-de-buscar-incrementar-el-censo-por-la-regularizacion-de-migrantes\/\"]}]},{\"@type\":\"ImageObject\",\"inLanguage\":\"es\",\"@id\":\"https:\/\/vof-news.eu\/es\/feijoo-insiste-en-el-bulo-y-acusa-sanchez-de-buscar-incrementar-el-censo-por-la-regularizacion-de-migrantes\/#primaryimage\",\"url\":\"https:\/\/vof-news.eu\/wp-content\/uploads\/2026\/01\/db73d636-7441-4881-be63-829af485eea6_16-9-discover-aspect-ratio_default_0.jpg\",\"contentUrl\":\"https:\/\/vof-news.eu\/wp-content\/uploads\/2026\/01\/db73d636-7441-4881-be63-829af485eea6_16-9-discover-aspect-ratio_default_0.jpg\",\"width\":1200,\"height\":675},{\"@type\":\"BreadcrumbList\",\"@id\":\"https:\/\/vof-news.eu\/es\/feijoo-insiste-en-el-bulo-y-acusa-sanchez-de-buscar-incrementar-el-censo-por-la-regularizacion-de-migrantes\/#breadcrumb\",\"itemListElement\":[{\"@type\":\"ListItem\",\"position\":1,\"name\":\"Home\",\"item\":\"https:\/\/vof-news.eu\/es\/\"},{\"@type\":\"ListItem\",\"position\":2,\"name\":\"Feij\u00f3o insiste en el bulo y acusa S\u00e1nchez de buscar \u201cincrementar el censo\u201d por la regularizaci\u00f3n de migrantes\"}]},{\"@type\":\"WebSite\",\"@id\":\"https:\/\/vof-news.eu\/es\/#website\",\"url\":\"https:\/\/vof-news.eu\/es\/\",\"name\":\"vof-news.eu\",\"description\":\"\",\"potentialAction\":[{\"@type\":\"SearchAction\",\"target\":{\"@type\":\"EntryPoint\",\"urlTemplate\":\"https:\/\/vof-news.eu\/es\/?s={search_term_string}\"},\"query-input\":\"required name=search_term_string\"}],\"inLanguage\":\"es\"},{\"@type\":\"Person\",\"@id\":\"https:\/\/vof-news.eu\/es\/#\/schema\/person\/f6a2a4309f0561835797fd8c19b333ed\",\"name\":\"Author\",\"image\":{\"@type\":\"ImageObject\",\"inLanguage\":\"es\",\"@id\":\"https:\/\/vof-news.eu\/es\/#\/schema\/person\/image\/\",\"url\":\"https:\/\/secure.gravatar.com\/avatar\/b67e614b1b25b3e9c0c239efdd2fde5ab015b5affd6f1c3c85911ca4b384e790?s=96&d=mm&r=g\",\"contentUrl\":\"https:\/\/secure.gravatar.com\/avatar\/b67e614b1b25b3e9c0c239efdd2fde5ab015b5affd6f1c3c85911ca4b384e790?s=96&d=mm&r=g\",\"caption\":\"Author\"},\"sameAs\":[\"http:\/\/vof-news.eu\"],\"url\":\"https:\/\/vof-news.eu\/es\/author\/zwt6qxnjulxbnyg\/\"}]}<\/script>\n<!-- \/ Yoast SEO plugin. -->","yoast_head_json":{"title":"Feij\u00f3o insiste en el bulo y acusa S\u00e1nchez de buscar \u201cincrementar el censo\u201d por la regularizaci\u00f3n de migrantes - vof-news.eu","description":"El l\u00edder del PP, Alberto N\u00fa\u00f1ez Feij\u00f3o, ha insistido este mi\u00e9rcoles en el bulo que vincula la regularizaci\u00f3n de migrantes anunciada por el Gobierno con un falso incremento del censo electoral, como dando a entender que si Pedro S\u00e1nchez accede a esa legalizaci\u00f3n es en busca de votos. \u201cUsted no tiene derecho a incrementar el censo de los espa\u00f1oles con la ley de nietos en m\u00e1s de dos millones de personas y con la regularizaci\u00f3n de la inmigraci\u00f3n irregular de m\u00e1s de 800.000 personas\u201d, le ha espetado a S\u00e1nchez durante una declaraci\u00f3n ante los medios en un acto de la campa\u00f1a aragonesa. En realidad la cifra que maneja el Ejecutivo es que la medida pactada con Podemos beneficiar\u00e1 a cerca de 500.000 personas pero el PP eleva la cifra en otros 300.000 al considerar que podr\u00edan beneficiarse tambi\u00e9n sus familiares. Adem\u00e1s, la regularizaci\u00f3n no supone que esas personas tengan la nacionalidad espa\u00f1ola y, por tanto, puedan votar en las elecciones. \u00danicamente se les otorga el permiso de residencia para poder trabajar de forma legal.","robots":{"index":"noindex","follow":"follow","max-snippet":"max-snippet:-1","max-image-preview":"max-image-preview:large","max-video-preview":"max-video-preview:-1"},"og_locale":"es_ES","og_type":"article","og_title":"Feij\u00f3o insiste en el bulo y acusa S\u00e1nchez de buscar \u201cincrementar el censo\u201d por la regularizaci\u00f3n de migrantes - vof-news.eu","og_description":"El l\u00edder del PP, Alberto N\u00fa\u00f1ez Feij\u00f3o, ha insistido este mi\u00e9rcoles en el bulo que vincula la regularizaci\u00f3n de migrantes anunciada por el Gobierno con un falso incremento del censo electoral, como dando a entender que si Pedro S\u00e1nchez accede a esa legalizaci\u00f3n es en busca de votos. \u201cUsted no tiene derecho a incrementar el censo de los espa\u00f1oles con la ley de nietos en m\u00e1s de dos millones de personas y con la regularizaci\u00f3n de la inmigraci\u00f3n irregular de m\u00e1s de 800.000 personas\u201d, le ha espetado a S\u00e1nchez durante una declaraci\u00f3n ante los medios en un acto de la campa\u00f1a aragonesa. En realidad la cifra que maneja el Ejecutivo es que la medida pactada con Podemos beneficiar\u00e1 a cerca de 500.000 personas pero el PP eleva la cifra en otros 300.000 al considerar que podr\u00edan beneficiarse tambi\u00e9n sus familiares. Adem\u00e1s, la regularizaci\u00f3n no supone que esas personas tengan la nacionalidad espa\u00f1ola y, por tanto, puedan votar en las elecciones. \u00danicamente se les otorga el permiso de residencia para poder trabajar de forma legal.","og_url":"https:\/\/vof-news.eu\/es\/feijoo-insiste-en-el-bulo-y-acusa-sanchez-de-buscar-incrementar-el-censo-por-la-regularizacion-de-migrantes\/","og_site_name":"vof-news.eu","article_published_time":"2026-01-28T14:17:26+00:00","article_modified_time":"2026-01-28T14:18:13+00:00","og_image":[{"width":1200,"height":675,"url":"https:\/\/vof-news.eu\/wp-content\/uploads\/2026\/01\/db73d636-7441-4881-be63-829af485eea6_16-9-discover-aspect-ratio_default_0.jpg","type":"image\/jpeg"}],"author":"Author","twitter_card":"summary_large_image","twitter_misc":{"Escrito por":"Author","Tiempo de lectura":"5 minutos"},"schema":{"@context":"https:\/\/schema.org","@graph":[{"@type":"WebPage","@id":"https:\/\/vof-news.eu\/es\/feijoo-insiste-en-el-bulo-y-acusa-sanchez-de-buscar-incrementar-el-censo-por-la-regularizacion-de-migrantes\/","url":"https:\/\/vof-news.eu\/es\/feijoo-insiste-en-el-bulo-y-acusa-sanchez-de-buscar-incrementar-el-censo-por-la-regularizacion-de-migrantes\/","name":"Feij\u00f3o insiste en el bulo y acusa S\u00e1nchez de buscar \u201cincrementar el censo\u201d por la regularizaci\u00f3n de migrantes - vof-news.eu","isPartOf":{"@id":"https:\/\/vof-news.eu\/es\/#website"},"primaryImageOfPage":{"@id":"https:\/\/vof-news.eu\/es\/feijoo-insiste-en-el-bulo-y-acusa-sanchez-de-buscar-incrementar-el-censo-por-la-regularizacion-de-migrantes\/#primaryimage"},"image":{"@id":"https:\/\/vof-news.eu\/es\/feijoo-insiste-en-el-bulo-y-acusa-sanchez-de-buscar-incrementar-el-censo-por-la-regularizacion-de-migrantes\/#primaryimage"},"thumbnailUrl":"https:\/\/vof-news.eu\/wp-content\/uploads\/2026\/01\/db73d636-7441-4881-be63-829af485eea6_16-9-discover-aspect-ratio_default_0.jpg","datePublished":"2026-01-28T14:17:26+00:00","dateModified":"2026-01-28T14:18:13+00:00","author":{"@id":"https:\/\/vof-news.eu\/es\/#\/schema\/person\/f6a2a4309f0561835797fd8c19b333ed"},"description":"El l\u00edder del PP, Alberto N\u00fa\u00f1ez Feij\u00f3o, ha insistido este mi\u00e9rcoles en el bulo que vincula la regularizaci\u00f3n de migrantes anunciada por el Gobierno con un falso incremento del censo electoral, como dando a entender que si Pedro S\u00e1nchez accede a esa legalizaci\u00f3n es en busca de votos. \u201cUsted no tiene derecho a incrementar el censo de los espa\u00f1oles con la ley de nietos en m\u00e1s de dos millones de personas y con la regularizaci\u00f3n de la inmigraci\u00f3n irregular de m\u00e1s de 800.000 personas\u201d, le ha espetado a S\u00e1nchez durante una declaraci\u00f3n ante los medios en un acto de la campa\u00f1a aragonesa. En realidad la cifra que maneja el Ejecutivo es que la medida pactada con Podemos beneficiar\u00e1 a cerca de 500.000 personas pero el PP eleva la cifra en otros 300.000 al considerar que podr\u00edan beneficiarse tambi\u00e9n sus familiares. Adem\u00e1s, la regularizaci\u00f3n no supone que esas personas tengan la nacionalidad espa\u00f1ola y, por tanto, puedan votar en las elecciones. \u00danicamente se les otorga el permiso de residencia para poder trabajar de forma legal.","breadcrumb":{"@id":"https:\/\/vof-news.eu\/es\/feijoo-insiste-en-el-bulo-y-acusa-sanchez-de-buscar-incrementar-el-censo-por-la-regularizacion-de-migrantes\/#breadcrumb"},"inLanguage":"es","potentialAction":[{"@type":"ReadAction","target":["https:\/\/vof-news.eu\/es\/feijoo-insiste-en-el-bulo-y-acusa-sanchez-de-buscar-incrementar-el-censo-por-la-regularizacion-de-migrantes\/"]}]},{"@type":"ImageObject","inLanguage":"es","@id":"https:\/\/vof-news.eu\/es\/feijoo-insiste-en-el-bulo-y-acusa-sanchez-de-buscar-incrementar-el-censo-por-la-regularizacion-de-migrantes\/#primaryimage","url":"https:\/\/vof-news.eu\/wp-content\/uploads\/2026\/01\/db73d636-7441-4881-be63-829af485eea6_16-9-discover-aspect-ratio_default_0.jpg","contentUrl":"https:\/\/vof-news.eu\/wp-content\/uploads\/2026\/01\/db73d636-7441-4881-be63-829af485eea6_16-9-discover-aspect-ratio_default_0.jpg","width":1200,"height":675},{"@type":"BreadcrumbList","@id":"https:\/\/vof-news.eu\/es\/feijoo-insiste-en-el-bulo-y-acusa-sanchez-de-buscar-incrementar-el-censo-por-la-regularizacion-de-migrantes\/#breadcrumb","itemListElement":[{"@type":"ListItem","position":1,"name":"Home","item":"https:\/\/vof-news.eu\/es\/"},{"@type":"ListItem","position":2,"name":"Feij\u00f3o insiste en el bulo y acusa S\u00e1nchez de buscar \u201cincrementar el censo\u201d por la regularizaci\u00f3n de migrantes"}]},{"@type":"WebSite","@id":"https:\/\/vof-news.eu\/es\/#website","url":"https:\/\/vof-news.eu\/es\/","name":"vof-news.eu","description":"","potentialAction":[{"@type":"SearchAction","target":{"@type":"EntryPoint","urlTemplate":"https:\/\/vof-news.eu\/es\/?s={search_term_string}"},"query-input":"required name=search_term_string"}],"inLanguage":"es"},{"@type":"Person","@id":"https:\/\/vof-news.eu\/es\/#\/schema\/person\/f6a2a4309f0561835797fd8c19b333ed","name":"Author","image":{"@type":"ImageObject","inLanguage":"es","@id":"https:\/\/vof-news.eu\/es\/#\/schema\/person\/image\/","url":"https:\/\/secure.gravatar.com\/avatar\/b67e614b1b25b3e9c0c239efdd2fde5ab015b5affd6f1c3c85911ca4b384e790?s=96&d=mm&r=g","contentUrl":"https:\/\/secure.gravatar.com\/avatar\/b67e614b1b25b3e9c0c239efdd2fde5ab015b5affd6f1c3c85911ca4b384e790?s=96&d=mm&r=g","caption":"Author"},"sameAs":["http:\/\/vof-news.eu"],"url":"https:\/\/vof-news.eu\/es\/author\/zwt6qxnjulxbnyg\/"}]}},"yoast_meta":{"yoast_wpseo_title":"","yoast_wpseo_metadesc":"","yoast_wpseo_canonical":""},"_links":{"self":[{"href":"https:\/\/vof-news.eu\/es\/wp-json\/wp\/v2\/posts\/321151","targetHints":{"allow":["GET"]}}],"collection":[{"href":"https:\/\/vof-news.eu\/es\/wp-json\/wp\/v2\/posts"}],"about":[{"href":"https:\/\/vof-news.eu\/es\/wp-json\/wp\/v2\/types\/post"}],"author":[{"embeddable":true,"href":"https:\/\/vof-news.eu\/es\/wp-json\/wp\/v2\/users\/1"}],"replies":[{"embeddable":true,"href":"https:\/\/vof-news.eu\/es\/wp-json\/wp\/v2\/comments?post=321151"}],"version-history":[{"count":1,"href":"https:\/\/vof-news.eu\/es\/wp-json\/wp\/v2\/posts\/321151\/revisions"}],"predecessor-version":[{"id":321158,"href":"https:\/\/vof-news.eu\/es\/wp-json\/wp\/v2\/posts\/321151\/revisions\/321158"}],"wp:featuredmedia":[{"embeddable":true,"href":"https:\/\/vof-news.eu\/es\/wp-json\/wp\/v2\/media\/321152"}],"wp:attachment":[{"href":"https:\/\/vof-news.eu\/es\/wp-json\/wp\/v2\/media?parent=321151"}],"wp:term":[{"taxonomy":"category","embeddable":true,"href":"https:\/\/vof-news.eu\/es\/wp-json\/wp\/v2\/categories?post=321151"},{"taxonomy":"post_tag","embeddable":true,"href":"https:\/\/vof-news.eu\/es\/wp-json\/wp\/v2\/tags?post=321151"}],"curies":[{"name":"wp","href":"https:\/\/api.w.org\/{rel}","templated":true}]}}