{"id":321118,"date":"2026-01-28T15:19:48","date_gmt":"2026-01-28T12:19:48","guid":{"rendered":"https:\/\/vof-news.eu\/amazon-despedira-a-otros-16-000-empleados-de-oficina-en-todo-el-mundo-su-segundo-gran-recorte-en-tres-meses\/"},"modified":"2026-01-28T15:20:59","modified_gmt":"2026-01-28T12:20:59","slug":"amazon-despedira-a-otros-16-000-empleados-de-oficina-en-todo-el-mundo-su-segundo-gran-recorte-en-tres-meses","status":"publish","type":"post","link":"https:\/\/vof-news.eu\/es\/amazon-despedira-a-otros-16-000-empleados-de-oficina-en-todo-el-mundo-su-segundo-gran-recorte-en-tres-meses\/","title":{"rendered":"Amazon despedir\u00e1 a otros 16.000 empleados de oficina en todo el mundo, su segundo gran recorte en tres meses"},"content":{"rendered":"<div>\n<p>\n        Amazon ha comunicado este mi\u00e9rcoles una nueva reducci\u00f3n de su fuerza laboral a nivel global que supondr\u00e1 el despido de 16.000 trabajadores, seg\u00fan ha adelantado la agencia Reuters y ha podido confirmar elDiario.es. Esta medida constituye la <a href=\"https:\/\/www.eldiario.es\/economia\/amazon-despedira-30-000-trabajadores-partir-martes-equivalente-8-5-plantilla_1_12719576.html\" rel=\"nofollow\">segunda gran ronda de recortes<\/a> ejecutada por la multinacional en menos de tres meses, que suma por el momento unos 30.000 puestos corporativos eliminados en todo el mundo.\n    <\/p>\n<p>\n        En Espa\u00f1a, la compa\u00f1\u00eda ya ha pactado con los sindicatos unos <a href=\"https:\/\/www.eldiario.es\/catalunya\/economia\/amazon-despedira-tercio-plantilla-oficinas-barcelona-substituira-inteligencia-artificial_1_12853691.html\" rel=\"nofollow\">900 despidos<\/a> como consecuencia de la primera ronda, la mayor\u00eda en Barcelona, donde ha despedido a un tercio de la plantilla de oficina. Fuentes con conocimiento del proceso aseguran a elDiario.es, no obstante, que el impacto de esta segunda ronda ser\u00e1 \u201cmuy limitado\u201d tanto en Espa\u00f1a como, en general, fuera de EEUU.\n    <\/p>\n<p>\n        La compa\u00f1\u00eda ha justificado este segundo ajuste como una necesidad para reestructurar la organizaci\u00f3n tras el exceso de contrataciones realizado durante la etapa de la pandemia, as\u00ed como para incorporar m\u00e1s inteligencia artificial a sus procesos internos. Los 30.000 despidos representan un 10% de la plantilla de oficina de Amazon. En Espa\u00f1a, cuenta con un total de 28.000, sumando la parte log\u00edstica.\n    <\/p>\n<p>\n        El impacto de esta nueva fase de despidos afectar\u00e1 especialmente a los empleados de las divisiones de Amazon Web Services, el \u00e1rea de comercio minorista, Prime Video y el departamento de recursos humanos, desglosa Reuters. Seg\u00fan ha manifestado Beth Galetti, vicepresidenta de Recursos Humanos y Tecnolog\u00eda de la multinacional, la intenci\u00f3n de Amazon no es continuar con la ola de recortes cada pocos meses.\n    <\/p>\n<p>\n        La compa\u00f1\u00eda cuenta con un total de 1,58 millones de trabajadores, de los que la inmensa mayor\u00eda se desempe\u00f1a en la divisi\u00f3n log\u00edstica. No obstante, tambi\u00e9n en octubre de 2025, se filtr\u00f3 a la prensa estadounidense una estrategia de la alta direcci\u00f3n respecto a esta \u00e1rea de negocio que contemplaba un recorte de 600.000 contrataciones en los pr\u00f3ximos a\u00f1os, a medida que <a href=\"https:\/\/www.eldiario.es\/tecnologia\/amazon-contempla-cambiar-600-000-empleados-robots-eeuu-evita-hablar-planes-espana_1_12709058.html\" rel=\"nofollow\">esos puestos pudieran ser desempe\u00f1ados por robots<\/a>.\n    <\/p>\n<\/div>\n","protected":false},"excerpt":{"rendered":"<p>Amazon ha comunicado este mi\u00e9rcoles una nueva reducci\u00f3n de su fuerza laboral a nivel global que supondr\u00e1 el despido de 16.000 trabajadores, seg\u00fan ha adelantado la agencia Reuters y ha podido confirmar elDiario.es. Esta medida constituye la segunda gran ronda de recortes ejecutada por la multinacional en menos de tres meses, que suma por el<\/p>\n","protected":false},"author":1,"featured_media":321120,"comment_status":"open","ping_status":"open","sticky":false,"template":"","format":"standard","meta":{"footnotes":""},"categories":[61],"tags":[],"class_list":["post-321118","post","type-post","status-publish","format-standard","has-post-thumbnail","hentry","category-business-es"],"acf":[],"yoast_head":"<!-- This site is optimized with the Yoast SEO plugin v22.9 - https:\/\/yoast.com\/wordpress\/plugins\/seo\/ -->\n<title>Amazon despedir\u00e1 a otros 16.000 empleados de oficina en todo el mundo, su segundo gran recorte en tres meses - vof-news.eu<\/title>\n<meta name=\"description\" content=\"Amazon ha comunicado este mi\u00e9rcoles una nueva reducci\u00f3n de su fuerza laboral a nivel global que supondr\u00e1 el despido de 16.000 trabajadores, seg\u00fan ha adelantado la agencia Reuters y ha podido confirmar elDiario.es. Esta medida constituye la segunda gran ronda de recortes ejecutada por la multinacional en menos de tres meses, que suma por el momento unos 30.000 puestos corporativos eliminados en todo el mundo.\" \/>\n<meta name=\"robots\" content=\"noindex, follow, max-snippet:-1, max-image-preview:large, max-video-preview:-1\" \/>\n<meta property=\"og:locale\" content=\"es_ES\" \/>\n<meta property=\"og:type\" content=\"article\" \/>\n<meta property=\"og:title\" content=\"Amazon despedir\u00e1 a otros 16.000 empleados de oficina en todo el mundo, su segundo gran recorte en tres meses - vof-news.eu\" \/>\n<meta property=\"og:description\" content=\"Amazon ha comunicado este mi\u00e9rcoles una nueva reducci\u00f3n de su fuerza laboral a nivel global que supondr\u00e1 el despido de 16.000 trabajadores, seg\u00fan ha adelantado la agencia Reuters y ha podido confirmar elDiario.es. Esta medida constituye la segunda gran ronda de recortes ejecutada por la multinacional en menos de tres meses, que suma por el momento unos 30.000 puestos corporativos eliminados en todo el mundo.\" \/>\n<meta property=\"og:url\" content=\"https:\/\/vof-news.eu\/es\/amazon-despedira-a-otros-16-000-empleados-de-oficina-en-todo-el-mundo-su-segundo-gran-recorte-en-tres-meses\/\" \/>\n<meta property=\"og:site_name\" content=\"vof-news.eu\" \/>\n<meta property=\"article:published_time\" content=\"2026-01-28T12:19:48+00:00\" \/>\n<meta property=\"article:modified_time\" content=\"2026-01-28T12:20:59+00:00\" \/>\n<meta property=\"og:image\" content=\"https:\/\/vof-news.eu\/wp-content\/uploads\/2026\/01\/e70d1457-ea24-4fd9-9b1e-e0520960211c_16-9-discover-aspect-ratio_default_1135239.jpg\" \/>\n\t<meta property=\"og:image:width\" content=\"1200\" \/>\n\t<meta property=\"og:image:height\" content=\"675\" \/>\n\t<meta property=\"og:image:type\" content=\"image\/jpeg\" \/>\n<meta name=\"author\" content=\"Author\" \/>\n<meta name=\"twitter:card\" content=\"summary_large_image\" \/>\n<meta name=\"twitter:label1\" content=\"Escrito por\" \/>\n\t<meta name=\"twitter:data1\" content=\"Author\" \/>\n\t<meta name=\"twitter:label2\" content=\"Tiempo de lectura\" \/>\n\t<meta name=\"twitter:data2\" content=\"2 minutos\" \/>\n<script type=\"application\/ld+json\" class=\"yoast-schema-graph\">{\"@context\":\"https:\/\/schema.org\",\"@graph\":[{\"@type\":\"WebPage\",\"@id\":\"https:\/\/vof-news.eu\/es\/amazon-despedira-a-otros-16-000-empleados-de-oficina-en-todo-el-mundo-su-segundo-gran-recorte-en-tres-meses\/\",\"url\":\"https:\/\/vof-news.eu\/es\/amazon-despedira-a-otros-16-000-empleados-de-oficina-en-todo-el-mundo-su-segundo-gran-recorte-en-tres-meses\/\",\"name\":\"Amazon despedir\u00e1 a otros 16.000 empleados de oficina en todo el mundo, su segundo gran recorte en tres meses - vof-news.eu\",\"isPartOf\":{\"@id\":\"https:\/\/vof-news.eu\/es\/#website\"},\"primaryImageOfPage\":{\"@id\":\"https:\/\/vof-news.eu\/es\/amazon-despedira-a-otros-16-000-empleados-de-oficina-en-todo-el-mundo-su-segundo-gran-recorte-en-tres-meses\/#primaryimage\"},\"image\":{\"@id\":\"https:\/\/vof-news.eu\/es\/amazon-despedira-a-otros-16-000-empleados-de-oficina-en-todo-el-mundo-su-segundo-gran-recorte-en-tres-meses\/#primaryimage\"},\"thumbnailUrl\":\"https:\/\/vof-news.eu\/wp-content\/uploads\/2026\/01\/e70d1457-ea24-4fd9-9b1e-e0520960211c_16-9-discover-aspect-ratio_default_1135239.jpg\",\"datePublished\":\"2026-01-28T12:19:48+00:00\",\"dateModified\":\"2026-01-28T12:20:59+00:00\",\"author\":{\"@id\":\"https:\/\/vof-news.eu\/es\/#\/schema\/person\/f6a2a4309f0561835797fd8c19b333ed\"},\"description\":\"Amazon ha comunicado este mi\u00e9rcoles una nueva reducci\u00f3n de su fuerza laboral a nivel global que supondr\u00e1 el despido de 16.000 trabajadores, seg\u00fan ha adelantado la agencia Reuters y ha podido confirmar elDiario.es. Esta medida constituye la segunda gran ronda de recortes ejecutada por la multinacional en menos de tres meses, que suma por el momento unos 30.000 puestos corporativos eliminados en todo el mundo.\",\"breadcrumb\":{\"@id\":\"https:\/\/vof-news.eu\/es\/amazon-despedira-a-otros-16-000-empleados-de-oficina-en-todo-el-mundo-su-segundo-gran-recorte-en-tres-meses\/#breadcrumb\"},\"inLanguage\":\"es\",\"potentialAction\":[{\"@type\":\"ReadAction\",\"target\":[\"https:\/\/vof-news.eu\/es\/amazon-despedira-a-otros-16-000-empleados-de-oficina-en-todo-el-mundo-su-segundo-gran-recorte-en-tres-meses\/\"]}]},{\"@type\":\"ImageObject\",\"inLanguage\":\"es\",\"@id\":\"https:\/\/vof-news.eu\/es\/amazon-despedira-a-otros-16-000-empleados-de-oficina-en-todo-el-mundo-su-segundo-gran-recorte-en-tres-meses\/#primaryimage\",\"url\":\"https:\/\/vof-news.eu\/wp-content\/uploads\/2026\/01\/e70d1457-ea24-4fd9-9b1e-e0520960211c_16-9-discover-aspect-ratio_default_1135239.jpg\",\"contentUrl\":\"https:\/\/vof-news.eu\/wp-content\/uploads\/2026\/01\/e70d1457-ea24-4fd9-9b1e-e0520960211c_16-9-discover-aspect-ratio_default_1135239.jpg\",\"width\":1200,\"height\":675},{\"@type\":\"BreadcrumbList\",\"@id\":\"https:\/\/vof-news.eu\/es\/amazon-despedira-a-otros-16-000-empleados-de-oficina-en-todo-el-mundo-su-segundo-gran-recorte-en-tres-meses\/#breadcrumb\",\"itemListElement\":[{\"@type\":\"ListItem\",\"position\":1,\"name\":\"Home\",\"item\":\"https:\/\/vof-news.eu\/es\/\"},{\"@type\":\"ListItem\",\"position\":2,\"name\":\"Amazon despedir\u00e1 a otros 16.000 empleados de oficina en todo el mundo, su segundo gran recorte en tres meses\"}]},{\"@type\":\"WebSite\",\"@id\":\"https:\/\/vof-news.eu\/es\/#website\",\"url\":\"https:\/\/vof-news.eu\/es\/\",\"name\":\"vof-news.eu\",\"description\":\"\",\"potentialAction\":[{\"@type\":\"SearchAction\",\"target\":{\"@type\":\"EntryPoint\",\"urlTemplate\":\"https:\/\/vof-news.eu\/es\/?s={search_term_string}\"},\"query-input\":\"required name=search_term_string\"}],\"inLanguage\":\"es\"},{\"@type\":\"Person\",\"@id\":\"https:\/\/vof-news.eu\/es\/#\/schema\/person\/f6a2a4309f0561835797fd8c19b333ed\",\"name\":\"Author\",\"image\":{\"@type\":\"ImageObject\",\"inLanguage\":\"es\",\"@id\":\"https:\/\/vof-news.eu\/es\/#\/schema\/person\/image\/\",\"url\":\"https:\/\/secure.gravatar.com\/avatar\/b67e614b1b25b3e9c0c239efdd2fde5ab015b5affd6f1c3c85911ca4b384e790?s=96&d=mm&r=g\",\"contentUrl\":\"https:\/\/secure.gravatar.com\/avatar\/b67e614b1b25b3e9c0c239efdd2fde5ab015b5affd6f1c3c85911ca4b384e790?s=96&d=mm&r=g\",\"caption\":\"Author\"},\"sameAs\":[\"http:\/\/vof-news.eu\"],\"url\":\"https:\/\/vof-news.eu\/es\/author\/zwt6qxnjulxbnyg\/\"}]}<\/script>\n<!-- \/ Yoast SEO plugin. -->","yoast_head_json":{"title":"Amazon despedir\u00e1 a otros 16.000 empleados de oficina en todo el mundo, su segundo gran recorte en tres meses - vof-news.eu","description":"Amazon ha comunicado este mi\u00e9rcoles una nueva reducci\u00f3n de su fuerza laboral a nivel global que supondr\u00e1 el despido de 16.000 trabajadores, seg\u00fan ha adelantado la agencia Reuters y ha podido confirmar elDiario.es. Esta medida constituye la segunda gran ronda de recortes ejecutada por la multinacional en menos de tres meses, que suma por el momento unos 30.000 puestos corporativos eliminados en todo el mundo.","robots":{"index":"noindex","follow":"follow","max-snippet":"max-snippet:-1","max-image-preview":"max-image-preview:large","max-video-preview":"max-video-preview:-1"},"og_locale":"es_ES","og_type":"article","og_title":"Amazon despedir\u00e1 a otros 16.000 empleados de oficina en todo el mundo, su segundo gran recorte en tres meses - vof-news.eu","og_description":"Amazon ha comunicado este mi\u00e9rcoles una nueva reducci\u00f3n de su fuerza laboral a nivel global que supondr\u00e1 el despido de 16.000 trabajadores, seg\u00fan ha adelantado la agencia Reuters y ha podido confirmar elDiario.es. Esta medida constituye la segunda gran ronda de recortes ejecutada por la multinacional en menos de tres meses, que suma por el momento unos 30.000 puestos corporativos eliminados en todo el mundo.","og_url":"https:\/\/vof-news.eu\/es\/amazon-despedira-a-otros-16-000-empleados-de-oficina-en-todo-el-mundo-su-segundo-gran-recorte-en-tres-meses\/","og_site_name":"vof-news.eu","article_published_time":"2026-01-28T12:19:48+00:00","article_modified_time":"2026-01-28T12:20:59+00:00","og_image":[{"width":1200,"height":675,"url":"https:\/\/vof-news.eu\/wp-content\/uploads\/2026\/01\/e70d1457-ea24-4fd9-9b1e-e0520960211c_16-9-discover-aspect-ratio_default_1135239.jpg","type":"image\/jpeg"}],"author":"Author","twitter_card":"summary_large_image","twitter_misc":{"Escrito por":"Author","Tiempo de lectura":"2 minutos"},"schema":{"@context":"https:\/\/schema.org","@graph":[{"@type":"WebPage","@id":"https:\/\/vof-news.eu\/es\/amazon-despedira-a-otros-16-000-empleados-de-oficina-en-todo-el-mundo-su-segundo-gran-recorte-en-tres-meses\/","url":"https:\/\/vof-news.eu\/es\/amazon-despedira-a-otros-16-000-empleados-de-oficina-en-todo-el-mundo-su-segundo-gran-recorte-en-tres-meses\/","name":"Amazon despedir\u00e1 a otros 16.000 empleados de oficina en todo el mundo, su segundo gran recorte en tres meses - vof-news.eu","isPartOf":{"@id":"https:\/\/vof-news.eu\/es\/#website"},"primaryImageOfPage":{"@id":"https:\/\/vof-news.eu\/es\/amazon-despedira-a-otros-16-000-empleados-de-oficina-en-todo-el-mundo-su-segundo-gran-recorte-en-tres-meses\/#primaryimage"},"image":{"@id":"https:\/\/vof-news.eu\/es\/amazon-despedira-a-otros-16-000-empleados-de-oficina-en-todo-el-mundo-su-segundo-gran-recorte-en-tres-meses\/#primaryimage"},"thumbnailUrl":"https:\/\/vof-news.eu\/wp-content\/uploads\/2026\/01\/e70d1457-ea24-4fd9-9b1e-e0520960211c_16-9-discover-aspect-ratio_default_1135239.jpg","datePublished":"2026-01-28T12:19:48+00:00","dateModified":"2026-01-28T12:20:59+00:00","author":{"@id":"https:\/\/vof-news.eu\/es\/#\/schema\/person\/f6a2a4309f0561835797fd8c19b333ed"},"description":"Amazon ha comunicado este mi\u00e9rcoles una nueva reducci\u00f3n de su fuerza laboral a nivel global que supondr\u00e1 el despido de 16.000 trabajadores, seg\u00fan ha adelantado la agencia Reuters y ha podido confirmar elDiario.es. Esta medida constituye la segunda gran ronda de recortes ejecutada por la multinacional en menos de tres meses, que suma por el momento unos 30.000 puestos corporativos eliminados en todo el mundo.","breadcrumb":{"@id":"https:\/\/vof-news.eu\/es\/amazon-despedira-a-otros-16-000-empleados-de-oficina-en-todo-el-mundo-su-segundo-gran-recorte-en-tres-meses\/#breadcrumb"},"inLanguage":"es","potentialAction":[{"@type":"ReadAction","target":["https:\/\/vof-news.eu\/es\/amazon-despedira-a-otros-16-000-empleados-de-oficina-en-todo-el-mundo-su-segundo-gran-recorte-en-tres-meses\/"]}]},{"@type":"ImageObject","inLanguage":"es","@id":"https:\/\/vof-news.eu\/es\/amazon-despedira-a-otros-16-000-empleados-de-oficina-en-todo-el-mundo-su-segundo-gran-recorte-en-tres-meses\/#primaryimage","url":"https:\/\/vof-news.eu\/wp-content\/uploads\/2026\/01\/e70d1457-ea24-4fd9-9b1e-e0520960211c_16-9-discover-aspect-ratio_default_1135239.jpg","contentUrl":"https:\/\/vof-news.eu\/wp-content\/uploads\/2026\/01\/e70d1457-ea24-4fd9-9b1e-e0520960211c_16-9-discover-aspect-ratio_default_1135239.jpg","width":1200,"height":675},{"@type":"BreadcrumbList","@id":"https:\/\/vof-news.eu\/es\/amazon-despedira-a-otros-16-000-empleados-de-oficina-en-todo-el-mundo-su-segundo-gran-recorte-en-tres-meses\/#breadcrumb","itemListElement":[{"@type":"ListItem","position":1,"name":"Home","item":"https:\/\/vof-news.eu\/es\/"},{"@type":"ListItem","position":2,"name":"Amazon despedir\u00e1 a otros 16.000 empleados de oficina en todo el mundo, su segundo gran recorte en tres meses"}]},{"@type":"WebSite","@id":"https:\/\/vof-news.eu\/es\/#website","url":"https:\/\/vof-news.eu\/es\/","name":"vof-news.eu","description":"","potentialAction":[{"@type":"SearchAction","target":{"@type":"EntryPoint","urlTemplate":"https:\/\/vof-news.eu\/es\/?s={search_term_string}"},"query-input":"required name=search_term_string"}],"inLanguage":"es"},{"@type":"Person","@id":"https:\/\/vof-news.eu\/es\/#\/schema\/person\/f6a2a4309f0561835797fd8c19b333ed","name":"Author","image":{"@type":"ImageObject","inLanguage":"es","@id":"https:\/\/vof-news.eu\/es\/#\/schema\/person\/image\/","url":"https:\/\/secure.gravatar.com\/avatar\/b67e614b1b25b3e9c0c239efdd2fde5ab015b5affd6f1c3c85911ca4b384e790?s=96&d=mm&r=g","contentUrl":"https:\/\/secure.gravatar.com\/avatar\/b67e614b1b25b3e9c0c239efdd2fde5ab015b5affd6f1c3c85911ca4b384e790?s=96&d=mm&r=g","caption":"Author"},"sameAs":["http:\/\/vof-news.eu"],"url":"https:\/\/vof-news.eu\/es\/author\/zwt6qxnjulxbnyg\/"}]}},"yoast_meta":{"yoast_wpseo_title":"","yoast_wpseo_metadesc":"","yoast_wpseo_canonical":""},"_links":{"self":[{"href":"https:\/\/vof-news.eu\/es\/wp-json\/wp\/v2\/posts\/321118","targetHints":{"allow":["GET"]}}],"collection":[{"href":"https:\/\/vof-news.eu\/es\/wp-json\/wp\/v2\/posts"}],"about":[{"href":"https:\/\/vof-news.eu\/es\/wp-json\/wp\/v2\/types\/post"}],"author":[{"embeddable":true,"href":"https:\/\/vof-news.eu\/es\/wp-json\/wp\/v2\/users\/1"}],"replies":[{"embeddable":true,"href":"https:\/\/vof-news.eu\/es\/wp-json\/wp\/v2\/comments?post=321118"}],"version-history":[{"count":1,"href":"https:\/\/vof-news.eu\/es\/wp-json\/wp\/v2\/posts\/321118\/revisions"}],"predecessor-version":[{"id":321126,"href":"https:\/\/vof-news.eu\/es\/wp-json\/wp\/v2\/posts\/321118\/revisions\/321126"}],"wp:featuredmedia":[{"embeddable":true,"href":"https:\/\/vof-news.eu\/es\/wp-json\/wp\/v2\/media\/321120"}],"wp:attachment":[{"href":"https:\/\/vof-news.eu\/es\/wp-json\/wp\/v2\/media?parent=321118"}],"wp:term":[{"taxonomy":"category","embeddable":true,"href":"https:\/\/vof-news.eu\/es\/wp-json\/wp\/v2\/categories?post=321118"},{"taxonomy":"post_tag","embeddable":true,"href":"https:\/\/vof-news.eu\/es\/wp-json\/wp\/v2\/tags?post=321118"}],"curies":[{"name":"wp","href":"https:\/\/api.w.org\/{rel}","templated":true}]}}