{"id":321103,"date":"2026-01-28T15:18:15","date_gmt":"2026-01-28T12:18:15","guid":{"rendered":"https:\/\/vof-news.eu\/montero-senala-que-estan-trabajando-para-reeditar-el-bloque-de-investidura-y-presentar-los-presupuestos-este-trimestre\/"},"modified":"2026-01-28T15:19:05","modified_gmt":"2026-01-28T12:19:05","slug":"montero-senala-que-estan-trabajando-para-reeditar-el-bloque-de-investidura-y-presentar-los-presupuestos-este-trimestre","status":"publish","type":"post","link":"https:\/\/vof-news.eu\/es\/montero-senala-que-estan-trabajando-para-reeditar-el-bloque-de-investidura-y-presentar-los-presupuestos-este-trimestre\/","title":{"rendered":"Montero se\u00f1ala que est\u00e1n trabajando para reeditar el bloque de investidura y presentar los presupuestos este trimestre"},"content":{"rendered":"<div>\n<p>\n        La vicepresidenta primera y ministra de Hacienda, Mar\u00eda Jes\u00fas Montero, ha anunciado este mi\u00e9rcoles en el Parlamento Europeo que el Ejecutivo est\u00e1 trabajando para reeditar el bloque pol\u00edtico de investidura con el objetivo de poder presentar los Presupuestos Generales del Estado en el primer trimestre de este a\u00f1o.\n    <\/p>\n<p>\n        \u201cNo dejamos de trabajar para que efectivamente aquellos que compusieron el bloque de investidura puedan seguir impulsando iniciativas legislativas que son buenas para Espa\u00f1a. Estamos trabajando con los diferentes grupos y esperemos que, como dec\u00eda, podamos presentar los presupuestos generales a lo largo del primer trimestre de este a\u00f1o\u201d, ha comentado Montero.\n    <\/p>\n<p>\n        El Gobierno de <a href=\"https:\/\/www.eldiario.es\/politica\/sanchez-busca-cuadratura-circulo-atraer-junts-nuevo-portazo-pensiones_1_12940728.html\" rel=\"nofollow\">Pedro S\u00e1nchez est\u00e1 buscando la cuadratura del c\u00edrculo en una compleja aritm\u00e9tica parlamentaria<\/a> que le ha llevado a una nueva derrota: el Congreso tumb\u00f3 este martes\u00a0<a href=\"https:\/\/www.eldiario.es\/politica\/pp-vox-junts-tumban-subida-pensiones-prorroga-escudo-social_1_12938910.html\" rel=\"nofollow\">el escudo social con los votos de PP, Vox y Junts.<\/a>  Las tres formaciones de derechas tumbaron  el decreto del Gobierno que buscaba\u00a0<a href=\"https:\/\/www.eldiario.es\/economia\/claves-subida-pensiones-aumentan-queda-pension-maxima_1_12839570.html\" rel=\"nofollow\">revalorizar las pensiones al 2,7%<\/a>\u00a0para 2026 con el argumento de que el Ejecutivo mezcla varios temas en un mismo paquete, sobre todo la pr\u00f3rroga de la protecci\u00f3n a las familias vulnerables que pueden ser desahuciadas ante la imposibilidad de hacer frente al alquiler.\n    <\/p>\n<p>\n        Montero, que se encontraba en Bruselas para apoyar la candidatura de la ciudad de M\u00e1laga para la Oficina Aduanera de la UE, ha subrayado que el decreto ley que ha sido rechazado por las derechas \u201ces exactamente el mismo que se vot\u00f3 en segunda vuelta el a\u00f1o pasado, con las mismas cuestiones que el Partido Popular vot\u00f3 a favor y que Junts vot\u00f3 a favor\u201d.\n    <\/p>\n<h2>\u201cEl PP no comparte la revalorizaci\u00f3n de las pensiones\u201d<\/h2>\n<p>\n        La vicepresidenta ha esgrimido que \u201chagamos lo que hagamos en los decretos ley, el Partido Popular busca siempre la excusa para votar que no a la revalorizaci\u00f3n de las pensiones. Da igual lo que acompa\u00f1e la norma, el Partido Popular no comparte la revalorizaci\u00f3n de las pensiones. El PP piensa que el sistema de pensiones no es sostenible, que a los pensionistas no hay que actualizar la pensi\u00f3n seg\u00fan haya subido el nivel de vida y todos los a\u00f1os est\u00e1 votando en contra de la revalorizaci\u00f3n de las pensiones\u201d.\n    <\/p>\n<p>\n        Aunque no ha especificado si finalmente el Gobierno presentar\u00e1 un decreto espec\u00edfico para la revalorizaci\u00f3n de las pensiones, Montero ha subrayado que siguen trabajando con los grupos del Congreso y ha puntualizado que \u201ces curioso tambi\u00e9n porque parece que la responsabilidad le corresponde al Gobierno cuando hay partidos irresponsables que por motivos espurios. Dir\u00eda que son sectarios, que no tienen ninguna argumentaci\u00f3n l\u00f3gica, est\u00e1n votando en contra de la revalorizaci\u00f3n de las pensiones\u201d.\n    <\/p>\n<p>\n        Tras el anuncio del l\u00edder el PP, Alberto N\u00fa\u00f1ez Feij\u00f3o de oponerse a <a href=\"https:\/\/www.eldiario.es\/desalambre\/claves-regularizacion-dara-papeles-cerca-medio-millon-personas-empieza-son-requisitos_1_12938479.html\" rel=\"nofollow\">la regularizaci\u00f3n extraordinaria de inmigrantes<\/a> que el Gobierno ha pactado con Podemos, la vicepresidenta ha recordado que \u201cel Partido Popular ha cambiado de opini\u00f3n, ya que apoy\u00f3 una iniciativa Legislativa Popular que est\u00e1 detr\u00e1s de esta regularizaci\u00f3n. En su d\u00eda la vot\u00f3 a favor en el Congreso. Este cambio de opini\u00f3n se debe al complejo de inferioridad que tiene el Partido Popular respecto a Vox. Estamos asistiendo a un cambio de posicionamientos pol\u00edticos como nunca antes hab\u00edamos asistido en nuestro pa\u00eds en materia de inmigraci\u00f3n y en otras materias como el mercado exterior. La pol\u00edtica del Partido Popular la define Vox, la define la ultraderecha\u201d.\n    <\/p>\n<p>\n        Respecto al posible indulto al ex Fiscal General del Estado \u00c1lvaro Garc\u00eda Ortiz, cuya tramitaci\u00f3n ha iniciado el Ministerio de Justicia a petici\u00f3n de dos ciudadanos, Montero ha comentado: \u201cTodos fuimos testigos del juicio que se le celebr\u00f3 al Fiscal General del Estado. Estoy convencida de que los ciudadanos conocen bien lo que ocurri\u00f3. Los procedimientos tienen sus pasos. No hay que anticipar ninguna cuesti\u00f3n sino dejar trabajar a los organismos t\u00e9cnicos para que contin\u00faen un expediente que ya llegar\u00e1 en su momento oportuno a los lugares en donde tenga que recibir o no la bendici\u00f3n por parte del Gobierno\u201d.\n    <\/p>\n<p>\n         La vicepresidenta tambi\u00e9n ha criticado al PP por la petici\u00f3n de algunos de sus miembros de que el Gobierno no deber\u00eda acudir al funeral por las v\u00edctimas del accidente de tren de Adamuz, que tendr\u00e1 lugar este 31 de enero. \u201cParece mentira que incluso en actos religiosos tengamos que escuchar algunos de los comentarios que portavoces del Partido Popular est\u00e1n refiriendo al Gobierno para que no acuda. No entiendo cu\u00e1l es su inter\u00e9s, pero es reprochable que algunos utilicen el dolor y la tragedia que para crear mayor crispaci\u00f3n\u201d.\n    <\/p>\n<\/div>\n","protected":false},"excerpt":{"rendered":"<p>La vicepresidenta primera y ministra de Hacienda, Mar\u00eda Jes\u00fas Montero, ha anunciado este mi\u00e9rcoles en el Parlamento Europeo que el Ejecutivo est\u00e1 trabajando para reeditar el bloque pol\u00edtico de investidura con el objetivo de poder presentar los Presupuestos Generales del Estado en el primer trimestre de este a\u00f1o. \u201cNo dejamos de trabajar para que efectivamente<\/p>\n","protected":false},"author":1,"featured_media":321104,"comment_status":"open","ping_status":"open","sticky":false,"template":"","format":"standard","meta":{"footnotes":""},"categories":[71],"tags":[],"class_list":["post-321103","post","type-post","status-publish","format-standard","has-post-thumbnail","hentry","category-politics-es"],"acf":[],"yoast_head":"<!-- This site is optimized with the Yoast SEO plugin v22.9 - https:\/\/yoast.com\/wordpress\/plugins\/seo\/ -->\n<title>Montero se\u00f1ala que est\u00e1n trabajando para reeditar el bloque de investidura y presentar los presupuestos este trimestre - vof-news.eu<\/title>\n<meta name=\"description\" content=\"La vicepresidenta primera y ministra de Hacienda, Mar\u00eda Jes\u00fas Montero, ha anunciado este mi\u00e9rcoles en el Parlamento Europeo que el Ejecutivo est\u00e1 trabajando para reeditar el bloque pol\u00edtico de investidura con el objetivo de poder presentar los Presupuestos Generales del Estado en el primer trimestre de este a\u00f1o.\" \/>\n<meta name=\"robots\" content=\"noindex, follow, max-snippet:-1, max-image-preview:large, max-video-preview:-1\" \/>\n<meta property=\"og:locale\" content=\"es_ES\" \/>\n<meta property=\"og:type\" content=\"article\" \/>\n<meta property=\"og:title\" content=\"Montero se\u00f1ala que est\u00e1n trabajando para reeditar el bloque de investidura y presentar los presupuestos este trimestre - vof-news.eu\" \/>\n<meta property=\"og:description\" content=\"La vicepresidenta primera y ministra de Hacienda, Mar\u00eda Jes\u00fas Montero, ha anunciado este mi\u00e9rcoles en el Parlamento Europeo que el Ejecutivo est\u00e1 trabajando para reeditar el bloque pol\u00edtico de investidura con el objetivo de poder presentar los Presupuestos Generales del Estado en el primer trimestre de este a\u00f1o.\" \/>\n<meta property=\"og:url\" content=\"https:\/\/vof-news.eu\/es\/montero-senala-que-estan-trabajando-para-reeditar-el-bloque-de-investidura-y-presentar-los-presupuestos-este-trimestre\/\" \/>\n<meta property=\"og:site_name\" content=\"vof-news.eu\" \/>\n<meta property=\"article:published_time\" content=\"2026-01-28T12:18:15+00:00\" \/>\n<meta property=\"article:modified_time\" content=\"2026-01-28T12:19:05+00:00\" \/>\n<meta property=\"og:image\" content=\"https:\/\/vof-news.eu\/wp-content\/uploads\/2026\/01\/7e9c7c87-350a-4518-9797-dc5fb95a94a9_16-9-discover-aspect-ratio_default_1135240.jpg\" \/>\n\t<meta property=\"og:image:width\" content=\"1200\" \/>\n\t<meta property=\"og:image:height\" content=\"675\" \/>\n\t<meta property=\"og:image:type\" content=\"image\/jpeg\" \/>\n<meta name=\"author\" content=\"Author\" \/>\n<meta name=\"twitter:card\" content=\"summary_large_image\" \/>\n<meta name=\"twitter:label1\" content=\"Escrito por\" \/>\n\t<meta name=\"twitter:data1\" content=\"Author\" \/>\n\t<meta name=\"twitter:label2\" content=\"Tiempo de lectura\" \/>\n\t<meta name=\"twitter:data2\" content=\"4 minutos\" \/>\n<script type=\"application\/ld+json\" class=\"yoast-schema-graph\">{\"@context\":\"https:\/\/schema.org\",\"@graph\":[{\"@type\":\"WebPage\",\"@id\":\"https:\/\/vof-news.eu\/es\/montero-senala-que-estan-trabajando-para-reeditar-el-bloque-de-investidura-y-presentar-los-presupuestos-este-trimestre\/\",\"url\":\"https:\/\/vof-news.eu\/es\/montero-senala-que-estan-trabajando-para-reeditar-el-bloque-de-investidura-y-presentar-los-presupuestos-este-trimestre\/\",\"name\":\"Montero se\u00f1ala que est\u00e1n trabajando para reeditar el bloque de investidura y presentar los presupuestos este trimestre - vof-news.eu\",\"isPartOf\":{\"@id\":\"https:\/\/vof-news.eu\/es\/#website\"},\"primaryImageOfPage\":{\"@id\":\"https:\/\/vof-news.eu\/es\/montero-senala-que-estan-trabajando-para-reeditar-el-bloque-de-investidura-y-presentar-los-presupuestos-este-trimestre\/#primaryimage\"},\"image\":{\"@id\":\"https:\/\/vof-news.eu\/es\/montero-senala-que-estan-trabajando-para-reeditar-el-bloque-de-investidura-y-presentar-los-presupuestos-este-trimestre\/#primaryimage\"},\"thumbnailUrl\":\"https:\/\/vof-news.eu\/wp-content\/uploads\/2026\/01\/7e9c7c87-350a-4518-9797-dc5fb95a94a9_16-9-discover-aspect-ratio_default_1135240.jpg\",\"datePublished\":\"2026-01-28T12:18:15+00:00\",\"dateModified\":\"2026-01-28T12:19:05+00:00\",\"author\":{\"@id\":\"https:\/\/vof-news.eu\/es\/#\/schema\/person\/f6a2a4309f0561835797fd8c19b333ed\"},\"description\":\"La vicepresidenta primera y ministra de Hacienda, Mar\u00eda Jes\u00fas Montero, ha anunciado este mi\u00e9rcoles en el Parlamento Europeo que el Ejecutivo est\u00e1 trabajando para reeditar el bloque pol\u00edtico de investidura con el objetivo de poder presentar los Presupuestos Generales del Estado en el primer trimestre de este a\u00f1o.\",\"breadcrumb\":{\"@id\":\"https:\/\/vof-news.eu\/es\/montero-senala-que-estan-trabajando-para-reeditar-el-bloque-de-investidura-y-presentar-los-presupuestos-este-trimestre\/#breadcrumb\"},\"inLanguage\":\"es\",\"potentialAction\":[{\"@type\":\"ReadAction\",\"target\":[\"https:\/\/vof-news.eu\/es\/montero-senala-que-estan-trabajando-para-reeditar-el-bloque-de-investidura-y-presentar-los-presupuestos-este-trimestre\/\"]}]},{\"@type\":\"ImageObject\",\"inLanguage\":\"es\",\"@id\":\"https:\/\/vof-news.eu\/es\/montero-senala-que-estan-trabajando-para-reeditar-el-bloque-de-investidura-y-presentar-los-presupuestos-este-trimestre\/#primaryimage\",\"url\":\"https:\/\/vof-news.eu\/wp-content\/uploads\/2026\/01\/7e9c7c87-350a-4518-9797-dc5fb95a94a9_16-9-discover-aspect-ratio_default_1135240.jpg\",\"contentUrl\":\"https:\/\/vof-news.eu\/wp-content\/uploads\/2026\/01\/7e9c7c87-350a-4518-9797-dc5fb95a94a9_16-9-discover-aspect-ratio_default_1135240.jpg\",\"width\":1200,\"height\":675},{\"@type\":\"BreadcrumbList\",\"@id\":\"https:\/\/vof-news.eu\/es\/montero-senala-que-estan-trabajando-para-reeditar-el-bloque-de-investidura-y-presentar-los-presupuestos-este-trimestre\/#breadcrumb\",\"itemListElement\":[{\"@type\":\"ListItem\",\"position\":1,\"name\":\"Home\",\"item\":\"https:\/\/vof-news.eu\/es\/\"},{\"@type\":\"ListItem\",\"position\":2,\"name\":\"Montero se\u00f1ala que est\u00e1n trabajando para reeditar el bloque de investidura y presentar los presupuestos este trimestre\"}]},{\"@type\":\"WebSite\",\"@id\":\"https:\/\/vof-news.eu\/es\/#website\",\"url\":\"https:\/\/vof-news.eu\/es\/\",\"name\":\"vof-news.eu\",\"description\":\"\",\"potentialAction\":[{\"@type\":\"SearchAction\",\"target\":{\"@type\":\"EntryPoint\",\"urlTemplate\":\"https:\/\/vof-news.eu\/es\/?s={search_term_string}\"},\"query-input\":\"required name=search_term_string\"}],\"inLanguage\":\"es\"},{\"@type\":\"Person\",\"@id\":\"https:\/\/vof-news.eu\/es\/#\/schema\/person\/f6a2a4309f0561835797fd8c19b333ed\",\"name\":\"Author\",\"image\":{\"@type\":\"ImageObject\",\"inLanguage\":\"es\",\"@id\":\"https:\/\/vof-news.eu\/es\/#\/schema\/person\/image\/\",\"url\":\"https:\/\/secure.gravatar.com\/avatar\/b67e614b1b25b3e9c0c239efdd2fde5ab015b5affd6f1c3c85911ca4b384e790?s=96&d=mm&r=g\",\"contentUrl\":\"https:\/\/secure.gravatar.com\/avatar\/b67e614b1b25b3e9c0c239efdd2fde5ab015b5affd6f1c3c85911ca4b384e790?s=96&d=mm&r=g\",\"caption\":\"Author\"},\"sameAs\":[\"http:\/\/vof-news.eu\"],\"url\":\"https:\/\/vof-news.eu\/es\/author\/zwt6qxnjulxbnyg\/\"}]}<\/script>\n<!-- \/ Yoast SEO plugin. -->","yoast_head_json":{"title":"Montero se\u00f1ala que est\u00e1n trabajando para reeditar el bloque de investidura y presentar los presupuestos este trimestre - vof-news.eu","description":"La vicepresidenta primera y ministra de Hacienda, Mar\u00eda Jes\u00fas Montero, ha anunciado este mi\u00e9rcoles en el Parlamento Europeo que el Ejecutivo est\u00e1 trabajando para reeditar el bloque pol\u00edtico de investidura con el objetivo de poder presentar los Presupuestos Generales del Estado en el primer trimestre de este a\u00f1o.","robots":{"index":"noindex","follow":"follow","max-snippet":"max-snippet:-1","max-image-preview":"max-image-preview:large","max-video-preview":"max-video-preview:-1"},"og_locale":"es_ES","og_type":"article","og_title":"Montero se\u00f1ala que est\u00e1n trabajando para reeditar el bloque de investidura y presentar los presupuestos este trimestre - vof-news.eu","og_description":"La vicepresidenta primera y ministra de Hacienda, Mar\u00eda Jes\u00fas Montero, ha anunciado este mi\u00e9rcoles en el Parlamento Europeo que el Ejecutivo est\u00e1 trabajando para reeditar el bloque pol\u00edtico de investidura con el objetivo de poder presentar los Presupuestos Generales del Estado en el primer trimestre de este a\u00f1o.","og_url":"https:\/\/vof-news.eu\/es\/montero-senala-que-estan-trabajando-para-reeditar-el-bloque-de-investidura-y-presentar-los-presupuestos-este-trimestre\/","og_site_name":"vof-news.eu","article_published_time":"2026-01-28T12:18:15+00:00","article_modified_time":"2026-01-28T12:19:05+00:00","og_image":[{"width":1200,"height":675,"url":"https:\/\/vof-news.eu\/wp-content\/uploads\/2026\/01\/7e9c7c87-350a-4518-9797-dc5fb95a94a9_16-9-discover-aspect-ratio_default_1135240.jpg","type":"image\/jpeg"}],"author":"Author","twitter_card":"summary_large_image","twitter_misc":{"Escrito por":"Author","Tiempo de lectura":"4 minutos"},"schema":{"@context":"https:\/\/schema.org","@graph":[{"@type":"WebPage","@id":"https:\/\/vof-news.eu\/es\/montero-senala-que-estan-trabajando-para-reeditar-el-bloque-de-investidura-y-presentar-los-presupuestos-este-trimestre\/","url":"https:\/\/vof-news.eu\/es\/montero-senala-que-estan-trabajando-para-reeditar-el-bloque-de-investidura-y-presentar-los-presupuestos-este-trimestre\/","name":"Montero se\u00f1ala que est\u00e1n trabajando para reeditar el bloque de investidura y presentar los presupuestos este trimestre - vof-news.eu","isPartOf":{"@id":"https:\/\/vof-news.eu\/es\/#website"},"primaryImageOfPage":{"@id":"https:\/\/vof-news.eu\/es\/montero-senala-que-estan-trabajando-para-reeditar-el-bloque-de-investidura-y-presentar-los-presupuestos-este-trimestre\/#primaryimage"},"image":{"@id":"https:\/\/vof-news.eu\/es\/montero-senala-que-estan-trabajando-para-reeditar-el-bloque-de-investidura-y-presentar-los-presupuestos-este-trimestre\/#primaryimage"},"thumbnailUrl":"https:\/\/vof-news.eu\/wp-content\/uploads\/2026\/01\/7e9c7c87-350a-4518-9797-dc5fb95a94a9_16-9-discover-aspect-ratio_default_1135240.jpg","datePublished":"2026-01-28T12:18:15+00:00","dateModified":"2026-01-28T12:19:05+00:00","author":{"@id":"https:\/\/vof-news.eu\/es\/#\/schema\/person\/f6a2a4309f0561835797fd8c19b333ed"},"description":"La vicepresidenta primera y ministra de Hacienda, Mar\u00eda Jes\u00fas Montero, ha anunciado este mi\u00e9rcoles en el Parlamento Europeo que el Ejecutivo est\u00e1 trabajando para reeditar el bloque pol\u00edtico de investidura con el objetivo de poder presentar los Presupuestos Generales del Estado en el primer trimestre de este a\u00f1o.","breadcrumb":{"@id":"https:\/\/vof-news.eu\/es\/montero-senala-que-estan-trabajando-para-reeditar-el-bloque-de-investidura-y-presentar-los-presupuestos-este-trimestre\/#breadcrumb"},"inLanguage":"es","potentialAction":[{"@type":"ReadAction","target":["https:\/\/vof-news.eu\/es\/montero-senala-que-estan-trabajando-para-reeditar-el-bloque-de-investidura-y-presentar-los-presupuestos-este-trimestre\/"]}]},{"@type":"ImageObject","inLanguage":"es","@id":"https:\/\/vof-news.eu\/es\/montero-senala-que-estan-trabajando-para-reeditar-el-bloque-de-investidura-y-presentar-los-presupuestos-este-trimestre\/#primaryimage","url":"https:\/\/vof-news.eu\/wp-content\/uploads\/2026\/01\/7e9c7c87-350a-4518-9797-dc5fb95a94a9_16-9-discover-aspect-ratio_default_1135240.jpg","contentUrl":"https:\/\/vof-news.eu\/wp-content\/uploads\/2026\/01\/7e9c7c87-350a-4518-9797-dc5fb95a94a9_16-9-discover-aspect-ratio_default_1135240.jpg","width":1200,"height":675},{"@type":"BreadcrumbList","@id":"https:\/\/vof-news.eu\/es\/montero-senala-que-estan-trabajando-para-reeditar-el-bloque-de-investidura-y-presentar-los-presupuestos-este-trimestre\/#breadcrumb","itemListElement":[{"@type":"ListItem","position":1,"name":"Home","item":"https:\/\/vof-news.eu\/es\/"},{"@type":"ListItem","position":2,"name":"Montero se\u00f1ala que est\u00e1n trabajando para reeditar el bloque de investidura y presentar los presupuestos este trimestre"}]},{"@type":"WebSite","@id":"https:\/\/vof-news.eu\/es\/#website","url":"https:\/\/vof-news.eu\/es\/","name":"vof-news.eu","description":"","potentialAction":[{"@type":"SearchAction","target":{"@type":"EntryPoint","urlTemplate":"https:\/\/vof-news.eu\/es\/?s={search_term_string}"},"query-input":"required name=search_term_string"}],"inLanguage":"es"},{"@type":"Person","@id":"https:\/\/vof-news.eu\/es\/#\/schema\/person\/f6a2a4309f0561835797fd8c19b333ed","name":"Author","image":{"@type":"ImageObject","inLanguage":"es","@id":"https:\/\/vof-news.eu\/es\/#\/schema\/person\/image\/","url":"https:\/\/secure.gravatar.com\/avatar\/b67e614b1b25b3e9c0c239efdd2fde5ab015b5affd6f1c3c85911ca4b384e790?s=96&d=mm&r=g","contentUrl":"https:\/\/secure.gravatar.com\/avatar\/b67e614b1b25b3e9c0c239efdd2fde5ab015b5affd6f1c3c85911ca4b384e790?s=96&d=mm&r=g","caption":"Author"},"sameAs":["http:\/\/vof-news.eu"],"url":"https:\/\/vof-news.eu\/es\/author\/zwt6qxnjulxbnyg\/"}]}},"yoast_meta":{"yoast_wpseo_title":"","yoast_wpseo_metadesc":"","yoast_wpseo_canonical":""},"_links":{"self":[{"href":"https:\/\/vof-news.eu\/es\/wp-json\/wp\/v2\/posts\/321103","targetHints":{"allow":["GET"]}}],"collection":[{"href":"https:\/\/vof-news.eu\/es\/wp-json\/wp\/v2\/posts"}],"about":[{"href":"https:\/\/vof-news.eu\/es\/wp-json\/wp\/v2\/types\/post"}],"author":[{"embeddable":true,"href":"https:\/\/vof-news.eu\/es\/wp-json\/wp\/v2\/users\/1"}],"replies":[{"embeddable":true,"href":"https:\/\/vof-news.eu\/es\/wp-json\/wp\/v2\/comments?post=321103"}],"version-history":[{"count":1,"href":"https:\/\/vof-news.eu\/es\/wp-json\/wp\/v2\/posts\/321103\/revisions"}],"predecessor-version":[{"id":321117,"href":"https:\/\/vof-news.eu\/es\/wp-json\/wp\/v2\/posts\/321103\/revisions\/321117"}],"wp:featuredmedia":[{"embeddable":true,"href":"https:\/\/vof-news.eu\/es\/wp-json\/wp\/v2\/media\/321104"}],"wp:attachment":[{"href":"https:\/\/vof-news.eu\/es\/wp-json\/wp\/v2\/media?parent=321103"}],"wp:term":[{"taxonomy":"category","embeddable":true,"href":"https:\/\/vof-news.eu\/es\/wp-json\/wp\/v2\/categories?post=321103"},{"taxonomy":"post_tag","embeddable":true,"href":"https:\/\/vof-news.eu\/es\/wp-json\/wp\/v2\/tags?post=321103"}],"curies":[{"name":"wp","href":"https:\/\/api.w.org\/{rel}","templated":true}]}}