{"id":321095,"date":"2026-01-28T15:17:18","date_gmt":"2026-01-28T12:17:18","guid":{"rendered":"https:\/\/vof-news.eu\/abalos-renuncia-a-su-escano-en-el-congreso\/"},"modified":"2026-01-28T15:17:48","modified_gmt":"2026-01-28T12:17:48","slug":"abalos-renuncia-a-su-escano-en-el-congreso","status":"publish","type":"post","link":"https:\/\/vof-news.eu\/es\/abalos-renuncia-a-su-escano-en-el-congreso\/","title":{"rendered":"\u00c1balos renuncia a su esca\u00f1o en el Congreso"},"content":{"rendered":"<div>\n<p>\n        El exministro Jos\u00e9 Luis \u00c1balos ha anunciado este mi\u00e9rcoles su renuncia a su esca\u00f1o por Val\u00e8ncia despu\u00e9s de que el Supremo haya rechazado su recurso contra el auto que le envi\u00f3 a prisi\u00f3n provisional el pasado 27 de noviembre. \u00c1balos ha afirmado que comprende que \u201cno puede\u201d sostener su acta en su situaci\u00f3n procesal: \u201cEstoy proyectando toda mi actividad en ejercitar mi derecho de defensa y el amparo de mi inocencia\u201d.\n    <\/p>\n<p>\n        La renuncia al acta no impedir\u00e1 que el juicio por el cobro de comisiones de contratos millonarios de venta de mascarillas, previsto para la pr\u00f3xima primavera, se celebre en el Tribunal Supremo. El Pleno de la Sala Segunda acord\u00f3 que el auto de apertura de juicio oral es el l\u00edmite para renunciar al fuero.\n    <\/p>\n<p>\n        Fue la decisi\u00f3n que tom\u00f3 el Alto Tribunal, cuando oblig\u00f3 al TSJ de la Comunidad Valenciana a celebrar un juicio en el caso Fitur a pesar de la renuncia a su acta de dos diputadas auton\u00f3micas porque ya se hab\u00eda dictado el auto de apertura de juicio oral. En el caso de las mascarillas, esa resoluci\u00f3n se dict\u00f3 el pasado diciembre.\n    <\/p>\n<p>\n        La decisi\u00f3n de \u00c1balos s\u00ed tiene efectos para la pieza en la que se investiga el ama\u00f1o en las adjudicaciones de obra p\u00fablica y en la que est\u00e1 investigado tambi\u00e9n Santos Cerd\u00e1n, quien sustituy\u00f3 a \u00c1balos en la Secretar\u00eda de Organizaci\u00f3n del PSOE. Al no haber ya aforados investigados, esas pesquisas deber\u00e1n derivarse a la Audiencia Nacional.\n    <\/p>\n<h2>Suspendido como diputado desde diciembre<\/h2>\n<p>\n        El exministro socialista estaba suspendido como diputado desde el pasado 10 de diciembre, por lo que desde entonces no pod\u00eda votar ni recibir su sueldo. El Congreso tom\u00f3 la decisi\u00f3n despu\u00e9s de su entrada en prisi\u00f3n preventiva y tras ser procesado en firme por el Tribunal Supremo. En la publicaci\u00f3n de su cuenta de X, que maneja su entorno, \u00c1balos asegura que el motivo por el que mantuvo su acta fue por \u201cla importancia de hacer prevalecer la integridad del derecho de representaci\u00f3n\u201d pese a \u201clas prisas siempre de los \u00f3rganos de gobierno de la C\u00e1mara\u201d por suspenderle sus derechos y deberes como diputado.\n    <\/p>\n<p>\n        \u201cDoy mi gratitud a los valencianos y valencianas que me han permitido servir al pueblo espa\u00f1ol para proteger y expandir las garant\u00edas individuales y colectivas, los principios que son esencia de la Constituci\u00f3n Espa\u00f1ola y de la historia parlamentaria de Espa\u00f1a, y donde siempre he buscado fortalecer la justicia social, la libertad, la igualdad y el pluralismo como valores supremos y fundamentos de un Estado social y democr\u00e1tico de Derecho. Puedo decir con orgullo que ha sido una responsabilidad emocionante. \u00a1Gracias por tanto!\u201d, remata su escrito.\n    <\/p>\n<\/div>\n","protected":false},"excerpt":{"rendered":"<p>El exministro Jos\u00e9 Luis \u00c1balos ha anunciado este mi\u00e9rcoles su renuncia a su esca\u00f1o por Val\u00e8ncia despu\u00e9s de que el Supremo haya rechazado su recurso contra el auto que le envi\u00f3 a prisi\u00f3n provisional el pasado 27 de noviembre. \u00c1balos ha afirmado que comprende que \u201cno puede\u201d sostener su acta en su situaci\u00f3n procesal: \u201cEstoy<\/p>\n","protected":false},"author":1,"featured_media":321096,"comment_status":"open","ping_status":"open","sticky":false,"template":"","format":"standard","meta":{"footnotes":""},"categories":[71],"tags":[],"class_list":["post-321095","post","type-post","status-publish","format-standard","has-post-thumbnail","hentry","category-politics-es"],"acf":[],"yoast_head":"<!-- This site is optimized with the Yoast SEO plugin v22.9 - https:\/\/yoast.com\/wordpress\/plugins\/seo\/ -->\n<title>\u00c1balos renuncia a su esca\u00f1o en el Congreso - vof-news.eu<\/title>\n<meta name=\"description\" content=\"El exministro Jos\u00e9 Luis \u00c1balos ha anunciado este mi\u00e9rcoles su renuncia a su esca\u00f1o por Val\u00e8ncia despu\u00e9s de que el Supremo haya rechazado su recurso contra el auto que le envi\u00f3 a prisi\u00f3n provisional el pasado 27 de noviembre. \u00c1balos ha afirmado que comprende que \u201cno puede\u201d sostener su acta en su situaci\u00f3n procesal: \u201cEstoy proyectando toda mi actividad en ejercitar mi derecho de defensa y el amparo de mi inocencia\u201d.\" \/>\n<meta name=\"robots\" content=\"noindex, follow, max-snippet:-1, max-image-preview:large, max-video-preview:-1\" \/>\n<meta property=\"og:locale\" content=\"es_ES\" \/>\n<meta property=\"og:type\" content=\"article\" \/>\n<meta property=\"og:title\" content=\"\u00c1balos renuncia a su esca\u00f1o en el Congreso - vof-news.eu\" \/>\n<meta property=\"og:description\" content=\"El exministro Jos\u00e9 Luis \u00c1balos ha anunciado este mi\u00e9rcoles su renuncia a su esca\u00f1o por Val\u00e8ncia despu\u00e9s de que el Supremo haya rechazado su recurso contra el auto que le envi\u00f3 a prisi\u00f3n provisional el pasado 27 de noviembre. \u00c1balos ha afirmado que comprende que \u201cno puede\u201d sostener su acta en su situaci\u00f3n procesal: \u201cEstoy proyectando toda mi actividad en ejercitar mi derecho de defensa y el amparo de mi inocencia\u201d.\" \/>\n<meta property=\"og:url\" content=\"https:\/\/vof-news.eu\/es\/abalos-renuncia-a-su-escano-en-el-congreso\/\" \/>\n<meta property=\"og:site_name\" content=\"vof-news.eu\" \/>\n<meta property=\"article:published_time\" content=\"2026-01-28T12:17:18+00:00\" \/>\n<meta property=\"article:modified_time\" content=\"2026-01-28T12:17:48+00:00\" \/>\n<meta property=\"og:image\" content=\"https:\/\/vof-news.eu\/wp-content\/uploads\/2026\/01\/12879f83-b246-4134-97a8-2a97c7deb188_16-9-discover-aspect-ratio_default_0.jpg\" \/>\n\t<meta property=\"og:image:width\" content=\"1200\" \/>\n\t<meta property=\"og:image:height\" content=\"675\" \/>\n\t<meta property=\"og:image:type\" content=\"image\/jpeg\" \/>\n<meta name=\"author\" content=\"Author\" \/>\n<meta name=\"twitter:card\" content=\"summary_large_image\" \/>\n<meta name=\"twitter:label1\" content=\"Escrito por\" \/>\n\t<meta name=\"twitter:data1\" content=\"Author\" \/>\n\t<meta name=\"twitter:label2\" content=\"Tiempo de lectura\" \/>\n\t<meta name=\"twitter:data2\" content=\"2 minutos\" \/>\n<script type=\"application\/ld+json\" class=\"yoast-schema-graph\">{\"@context\":\"https:\/\/schema.org\",\"@graph\":[{\"@type\":\"WebPage\",\"@id\":\"https:\/\/vof-news.eu\/es\/abalos-renuncia-a-su-escano-en-el-congreso\/\",\"url\":\"https:\/\/vof-news.eu\/es\/abalos-renuncia-a-su-escano-en-el-congreso\/\",\"name\":\"\u00c1balos renuncia a su esca\u00f1o en el Congreso - vof-news.eu\",\"isPartOf\":{\"@id\":\"https:\/\/vof-news.eu\/es\/#website\"},\"primaryImageOfPage\":{\"@id\":\"https:\/\/vof-news.eu\/es\/abalos-renuncia-a-su-escano-en-el-congreso\/#primaryimage\"},\"image\":{\"@id\":\"https:\/\/vof-news.eu\/es\/abalos-renuncia-a-su-escano-en-el-congreso\/#primaryimage\"},\"thumbnailUrl\":\"https:\/\/vof-news.eu\/wp-content\/uploads\/2026\/01\/12879f83-b246-4134-97a8-2a97c7deb188_16-9-discover-aspect-ratio_default_0.jpg\",\"datePublished\":\"2026-01-28T12:17:18+00:00\",\"dateModified\":\"2026-01-28T12:17:48+00:00\",\"author\":{\"@id\":\"https:\/\/vof-news.eu\/es\/#\/schema\/person\/f6a2a4309f0561835797fd8c19b333ed\"},\"description\":\"El exministro Jos\u00e9 Luis \u00c1balos ha anunciado este mi\u00e9rcoles su renuncia a su esca\u00f1o por Val\u00e8ncia despu\u00e9s de que el Supremo haya rechazado su recurso contra el auto que le envi\u00f3 a prisi\u00f3n provisional el pasado 27 de noviembre. \u00c1balos ha afirmado que comprende que \u201cno puede\u201d sostener su acta en su situaci\u00f3n procesal: \u201cEstoy proyectando toda mi actividad en ejercitar mi derecho de defensa y el amparo de mi inocencia\u201d.\",\"breadcrumb\":{\"@id\":\"https:\/\/vof-news.eu\/es\/abalos-renuncia-a-su-escano-en-el-congreso\/#breadcrumb\"},\"inLanguage\":\"es\",\"potentialAction\":[{\"@type\":\"ReadAction\",\"target\":[\"https:\/\/vof-news.eu\/es\/abalos-renuncia-a-su-escano-en-el-congreso\/\"]}]},{\"@type\":\"ImageObject\",\"inLanguage\":\"es\",\"@id\":\"https:\/\/vof-news.eu\/es\/abalos-renuncia-a-su-escano-en-el-congreso\/#primaryimage\",\"url\":\"https:\/\/vof-news.eu\/wp-content\/uploads\/2026\/01\/12879f83-b246-4134-97a8-2a97c7deb188_16-9-discover-aspect-ratio_default_0.jpg\",\"contentUrl\":\"https:\/\/vof-news.eu\/wp-content\/uploads\/2026\/01\/12879f83-b246-4134-97a8-2a97c7deb188_16-9-discover-aspect-ratio_default_0.jpg\",\"width\":1200,\"height\":675},{\"@type\":\"BreadcrumbList\",\"@id\":\"https:\/\/vof-news.eu\/es\/abalos-renuncia-a-su-escano-en-el-congreso\/#breadcrumb\",\"itemListElement\":[{\"@type\":\"ListItem\",\"position\":1,\"name\":\"Home\",\"item\":\"https:\/\/vof-news.eu\/es\/\"},{\"@type\":\"ListItem\",\"position\":2,\"name\":\"\u00c1balos renuncia a su esca\u00f1o en el Congreso\"}]},{\"@type\":\"WebSite\",\"@id\":\"https:\/\/vof-news.eu\/es\/#website\",\"url\":\"https:\/\/vof-news.eu\/es\/\",\"name\":\"vof-news.eu\",\"description\":\"\",\"potentialAction\":[{\"@type\":\"SearchAction\",\"target\":{\"@type\":\"EntryPoint\",\"urlTemplate\":\"https:\/\/vof-news.eu\/es\/?s={search_term_string}\"},\"query-input\":\"required name=search_term_string\"}],\"inLanguage\":\"es\"},{\"@type\":\"Person\",\"@id\":\"https:\/\/vof-news.eu\/es\/#\/schema\/person\/f6a2a4309f0561835797fd8c19b333ed\",\"name\":\"Author\",\"image\":{\"@type\":\"ImageObject\",\"inLanguage\":\"es\",\"@id\":\"https:\/\/vof-news.eu\/es\/#\/schema\/person\/image\/\",\"url\":\"https:\/\/secure.gravatar.com\/avatar\/b67e614b1b25b3e9c0c239efdd2fde5ab015b5affd6f1c3c85911ca4b384e790?s=96&d=mm&r=g\",\"contentUrl\":\"https:\/\/secure.gravatar.com\/avatar\/b67e614b1b25b3e9c0c239efdd2fde5ab015b5affd6f1c3c85911ca4b384e790?s=96&d=mm&r=g\",\"caption\":\"Author\"},\"sameAs\":[\"http:\/\/vof-news.eu\"],\"url\":\"https:\/\/vof-news.eu\/es\/author\/zwt6qxnjulxbnyg\/\"}]}<\/script>\n<!-- \/ Yoast SEO plugin. -->","yoast_head_json":{"title":"\u00c1balos renuncia a su esca\u00f1o en el Congreso - vof-news.eu","description":"El exministro Jos\u00e9 Luis \u00c1balos ha anunciado este mi\u00e9rcoles su renuncia a su esca\u00f1o por Val\u00e8ncia despu\u00e9s de que el Supremo haya rechazado su recurso contra el auto que le envi\u00f3 a prisi\u00f3n provisional el pasado 27 de noviembre. \u00c1balos ha afirmado que comprende que \u201cno puede\u201d sostener su acta en su situaci\u00f3n procesal: \u201cEstoy proyectando toda mi actividad en ejercitar mi derecho de defensa y el amparo de mi inocencia\u201d.","robots":{"index":"noindex","follow":"follow","max-snippet":"max-snippet:-1","max-image-preview":"max-image-preview:large","max-video-preview":"max-video-preview:-1"},"og_locale":"es_ES","og_type":"article","og_title":"\u00c1balos renuncia a su esca\u00f1o en el Congreso - vof-news.eu","og_description":"El exministro Jos\u00e9 Luis \u00c1balos ha anunciado este mi\u00e9rcoles su renuncia a su esca\u00f1o por Val\u00e8ncia despu\u00e9s de que el Supremo haya rechazado su recurso contra el auto que le envi\u00f3 a prisi\u00f3n provisional el pasado 27 de noviembre. \u00c1balos ha afirmado que comprende que \u201cno puede\u201d sostener su acta en su situaci\u00f3n procesal: \u201cEstoy proyectando toda mi actividad en ejercitar mi derecho de defensa y el amparo de mi inocencia\u201d.","og_url":"https:\/\/vof-news.eu\/es\/abalos-renuncia-a-su-escano-en-el-congreso\/","og_site_name":"vof-news.eu","article_published_time":"2026-01-28T12:17:18+00:00","article_modified_time":"2026-01-28T12:17:48+00:00","og_image":[{"width":1200,"height":675,"url":"https:\/\/vof-news.eu\/wp-content\/uploads\/2026\/01\/12879f83-b246-4134-97a8-2a97c7deb188_16-9-discover-aspect-ratio_default_0.jpg","type":"image\/jpeg"}],"author":"Author","twitter_card":"summary_large_image","twitter_misc":{"Escrito por":"Author","Tiempo de lectura":"2 minutos"},"schema":{"@context":"https:\/\/schema.org","@graph":[{"@type":"WebPage","@id":"https:\/\/vof-news.eu\/es\/abalos-renuncia-a-su-escano-en-el-congreso\/","url":"https:\/\/vof-news.eu\/es\/abalos-renuncia-a-su-escano-en-el-congreso\/","name":"\u00c1balos renuncia a su esca\u00f1o en el Congreso - vof-news.eu","isPartOf":{"@id":"https:\/\/vof-news.eu\/es\/#website"},"primaryImageOfPage":{"@id":"https:\/\/vof-news.eu\/es\/abalos-renuncia-a-su-escano-en-el-congreso\/#primaryimage"},"image":{"@id":"https:\/\/vof-news.eu\/es\/abalos-renuncia-a-su-escano-en-el-congreso\/#primaryimage"},"thumbnailUrl":"https:\/\/vof-news.eu\/wp-content\/uploads\/2026\/01\/12879f83-b246-4134-97a8-2a97c7deb188_16-9-discover-aspect-ratio_default_0.jpg","datePublished":"2026-01-28T12:17:18+00:00","dateModified":"2026-01-28T12:17:48+00:00","author":{"@id":"https:\/\/vof-news.eu\/es\/#\/schema\/person\/f6a2a4309f0561835797fd8c19b333ed"},"description":"El exministro Jos\u00e9 Luis \u00c1balos ha anunciado este mi\u00e9rcoles su renuncia a su esca\u00f1o por Val\u00e8ncia despu\u00e9s de que el Supremo haya rechazado su recurso contra el auto que le envi\u00f3 a prisi\u00f3n provisional el pasado 27 de noviembre. \u00c1balos ha afirmado que comprende que \u201cno puede\u201d sostener su acta en su situaci\u00f3n procesal: \u201cEstoy proyectando toda mi actividad en ejercitar mi derecho de defensa y el amparo de mi inocencia\u201d.","breadcrumb":{"@id":"https:\/\/vof-news.eu\/es\/abalos-renuncia-a-su-escano-en-el-congreso\/#breadcrumb"},"inLanguage":"es","potentialAction":[{"@type":"ReadAction","target":["https:\/\/vof-news.eu\/es\/abalos-renuncia-a-su-escano-en-el-congreso\/"]}]},{"@type":"ImageObject","inLanguage":"es","@id":"https:\/\/vof-news.eu\/es\/abalos-renuncia-a-su-escano-en-el-congreso\/#primaryimage","url":"https:\/\/vof-news.eu\/wp-content\/uploads\/2026\/01\/12879f83-b246-4134-97a8-2a97c7deb188_16-9-discover-aspect-ratio_default_0.jpg","contentUrl":"https:\/\/vof-news.eu\/wp-content\/uploads\/2026\/01\/12879f83-b246-4134-97a8-2a97c7deb188_16-9-discover-aspect-ratio_default_0.jpg","width":1200,"height":675},{"@type":"BreadcrumbList","@id":"https:\/\/vof-news.eu\/es\/abalos-renuncia-a-su-escano-en-el-congreso\/#breadcrumb","itemListElement":[{"@type":"ListItem","position":1,"name":"Home","item":"https:\/\/vof-news.eu\/es\/"},{"@type":"ListItem","position":2,"name":"\u00c1balos renuncia a su esca\u00f1o en el Congreso"}]},{"@type":"WebSite","@id":"https:\/\/vof-news.eu\/es\/#website","url":"https:\/\/vof-news.eu\/es\/","name":"vof-news.eu","description":"","potentialAction":[{"@type":"SearchAction","target":{"@type":"EntryPoint","urlTemplate":"https:\/\/vof-news.eu\/es\/?s={search_term_string}"},"query-input":"required name=search_term_string"}],"inLanguage":"es"},{"@type":"Person","@id":"https:\/\/vof-news.eu\/es\/#\/schema\/person\/f6a2a4309f0561835797fd8c19b333ed","name":"Author","image":{"@type":"ImageObject","inLanguage":"es","@id":"https:\/\/vof-news.eu\/es\/#\/schema\/person\/image\/","url":"https:\/\/secure.gravatar.com\/avatar\/b67e614b1b25b3e9c0c239efdd2fde5ab015b5affd6f1c3c85911ca4b384e790?s=96&d=mm&r=g","contentUrl":"https:\/\/secure.gravatar.com\/avatar\/b67e614b1b25b3e9c0c239efdd2fde5ab015b5affd6f1c3c85911ca4b384e790?s=96&d=mm&r=g","caption":"Author"},"sameAs":["http:\/\/vof-news.eu"],"url":"https:\/\/vof-news.eu\/es\/author\/zwt6qxnjulxbnyg\/"}]}},"yoast_meta":{"yoast_wpseo_title":"","yoast_wpseo_metadesc":"","yoast_wpseo_canonical":""},"_links":{"self":[{"href":"https:\/\/vof-news.eu\/es\/wp-json\/wp\/v2\/posts\/321095","targetHints":{"allow":["GET"]}}],"collection":[{"href":"https:\/\/vof-news.eu\/es\/wp-json\/wp\/v2\/posts"}],"about":[{"href":"https:\/\/vof-news.eu\/es\/wp-json\/wp\/v2\/types\/post"}],"author":[{"embeddable":true,"href":"https:\/\/vof-news.eu\/es\/wp-json\/wp\/v2\/users\/1"}],"replies":[{"embeddable":true,"href":"https:\/\/vof-news.eu\/es\/wp-json\/wp\/v2\/comments?post=321095"}],"version-history":[{"count":1,"href":"https:\/\/vof-news.eu\/es\/wp-json\/wp\/v2\/posts\/321095\/revisions"}],"predecessor-version":[{"id":321102,"href":"https:\/\/vof-news.eu\/es\/wp-json\/wp\/v2\/posts\/321095\/revisions\/321102"}],"wp:featuredmedia":[{"embeddable":true,"href":"https:\/\/vof-news.eu\/es\/wp-json\/wp\/v2\/media\/321096"}],"wp:attachment":[{"href":"https:\/\/vof-news.eu\/es\/wp-json\/wp\/v2\/media?parent=321095"}],"wp:term":[{"taxonomy":"category","embeddable":true,"href":"https:\/\/vof-news.eu\/es\/wp-json\/wp\/v2\/categories?post=321095"},{"taxonomy":"post_tag","embeddable":true,"href":"https:\/\/vof-news.eu\/es\/wp-json\/wp\/v2\/tags?post=321095"}],"curies":[{"name":"wp","href":"https:\/\/api.w.org\/{rel}","templated":true}]}}