{"id":321003,"date":"2026-01-28T09:19:47","date_gmt":"2026-01-28T06:19:47","guid":{"rendered":"https:\/\/vof-news.eu\/70-000-familias-vulnerables-sin-proteccion-ante-un-desahucio-vuelve-el-miedo-lo-tengo-muy-crudo\/"},"modified":"2026-01-28T09:21:18","modified_gmt":"2026-01-28T06:21:18","slug":"70-000-familias-vulnerables-sin-proteccion-ante-un-desahucio-vuelve-el-miedo-lo-tengo-muy-crudo","status":"publish","type":"post","link":"https:\/\/vof-news.eu\/es\/70-000-familias-vulnerables-sin-proteccion-ante-un-desahucio-vuelve-el-miedo-lo-tengo-muy-crudo\/","title":{"rendered":"70.000 familias vulnerables sin protecci\u00f3n ante un desahucio: \u201cVuelve el miedo. Lo tengo muy crudo\u201d"},"content":{"rendered":"<div>\n<p>\n        Iv\u00e1n sab\u00eda que el Congreso decid\u00eda este martes una votaci\u00f3n con impacto directo en su vida. El voto en contra de <a href=\"https:\/\/www.eldiario.es\/politica\/pp-vox-junts-tumban-subida-pensiones-prorroga-escudo-social_1_12938910.html\" rel=\"nofollow\">Junts, PP y Vox<\/a> desactiv\u00f3 el &#8216;escudo social&#8217;, que inclu\u00eda la moratoria antidesahucios para hogares vulnerables, que se fue prorrogando desde la pandemia. Hasta ahora. \u201cLo pueden reactivar en cualquier momento. Vuelve ese miedo a cu\u00e1ndo te lo notificar\u00e1n, la nueva fecha de lanzamiento, intentar pedir otra vez la suspensi\u00f3n. Sabemos c\u00f3mo funciona, a veces te dan un mes o dos semanas, pero a la hora de buscar una alternativa lo tengo muy crudo\u201d, explica este hombre de 68 a\u00f1os, residente en Barcelona.\n    <\/p>\n<p>\n        El caso de Iv\u00e1n Geisen es uno m\u00e1s de entre las 60.000 y las 70.000 familias vulnerables acogidas a la moratoria antidesahucios, que contabilizan las entidades sociales y los sindicatos de inquilinas. \u201cEl Congreso ha decidido que m\u00e1s de 60.000 familias sean expulsadas de sus casas sin una alternativa habitacional\u201d, indican desde el Sindicato de Inquilinas, con una \u201cdecisi\u00f3n que llega en un momento de crisis habitacional sin precedentes: mientras se siguen alcanzando m\u00e1ximos hist\u00f3ricos del precio del alquiler, el Parlamento ha optado por retirar incluso la poca protecci\u00f3n que exist\u00eda para frenar la expulsi\u00f3n de familias de sus hogares\u201d.\n    <\/p>\n<p>\n        El real decreto, que ha quedado sin efecto, proteg\u00eda a aquellas familias que no pod\u00edan pagar el alquiler o que se enfrentaban a alg\u00fan conflicto con sus caseros. Pero no a todas. Estas deb\u00edan acreditar situaciones de vulnerabilidad econ\u00f3mica ante los servicios sociales y el juez de turno, que valoraba tambi\u00e9n la situaci\u00f3n del propietario. Iv\u00e1n logr\u00f3 acogerse a la moratoria en enero de 2025, despu\u00e9s de un lustro de incertidumbre. \u00c9l se mud\u00f3 a su actual domicilio, en Poblenou, Barcelona, en 1999. No tuvo problemas hasta 2020. Gracias a las dos pr\u00f3rrogas de la pandemia pudo continuar en la vivienda, pero, despu\u00e9s, la propiedad del bloque \u201cse cerr\u00f3 en banda a negociar\u201d, explica.\n    <\/p>\n<p>\n        La primera fecha de lanzamiento que pesaba sobre este hombre, que alarga su vida laboral para poder jubilarse con una pensi\u00f3n de aut\u00f3nomo, estaba marcada el 16 de enero de 2025. Un d\u00eda antes, consigui\u00f3 parar ese desahucio, tras acreditar su precariedad econ\u00f3mica. \u201cVivo solo y afrontar un alquiler as\u00ed te hace vulnerable s\u00ed o s\u00ed. No puedes hacer nada salvo trabajar y pagar. Ni vacaciones, ni ir al teatro, nada. Solo lo b\u00e1sico para sobrevivir\u201d, lamenta este profesor, que trabaja dando clases de ingl\u00e9s y como examinador cuando sale curro. \u201cEl \u00faltimo a\u00f1o pagu\u00e9 enero, febrero y agosto, porque tuve un pico de ingresos. El resto de meses consign\u00e9 el 30% de lo que gan\u00e9 porque no pod\u00eda pagarlo todo\u201d, reconoce.\n    <\/p>\n<p>\n        El Observatori Desca ya estimaba el a\u00f1o pasado que la moratoria antidesahucios hab\u00eda evitado expulsar de sus hogares a m\u00e1s de <a href=\"https:\/\/www.eldiario.es\/economia\/moratoria-antidesahucios-evitado-expulsar-hogares-58-000-familias-alquiler_1_11885979.html\" rel=\"nofollow\">58.000 familias<\/a>. Este a\u00f1o calcula que hay unas 70.000 acogidas a esta medida, ahora malograda. \u201cHab\u00eda conseguido detener uno de cada cuatro desahucios desde su puesta en marcha en 2020, en plena crisis por la Covid-19\u201d, lamentan. Seg\u00fan estas cuentas, en los \u00faltimos cinco a\u00f1os se han producido en Espa\u00f1a unos 210.000 lanzamientos.\n    <\/p>\n<p>\n        Las miles de familias a la espera de una notificaci\u00f3n para salir por la puerta de sus casas de forma definitiva tendr\u00e1n que enfrentarse, adem\u00e1s, a un mercado de la vivienda que en los \u00faltimos a\u00f1os ha sufrido incrementos de precio desorbitados. Iv\u00e1n, con una renta de 730 euros mensuales, entrar\u00e1 en Idealista, donde encontrar\u00e1 un precio medio de oferta en la ciudad de Barcelona de 23,8 euros por metro cuadrado: unos 1.190 euros por un piso de 50 metros. Seg\u00fan los datos oficiales del Ayuntamiento de Barcelona, en su barrio, Poblenou, el alquiler ronda los 1.166 euros, pese a estar declarado zona tensionada. \u201cA la hora de buscar una alternativa lo tengo muy crudo, al final tendr\u00e9 que acabar en una habitaci\u00f3n en alguna parte o irme de Barcelona, en vez de tener un espacio propio\u201d, lamenta.\n    <\/p>\n<p>\n        El texto de la moratoria antidesahucios inclu\u00eda un p\u00e1rrafo que afectaba a las administraciones p\u00fablicas. Tambi\u00e9n decae, aunque en la pr\u00e1ctica las 70.000 personas acogidas a la medida apunten a una incapacidad manifiesta para cumplir con ese punto: \t\u201cAcreditada la vulnerabilidad, antes de la finalizaci\u00f3n del plazo m\u00e1ximo de suspensi\u00f3n, las Administraciones p\u00fablicas competentes deber\u00e1n, adoptar las medidas indicadas en el informe de servicios sociales u otras que consideren adecuadas para satisfacer la necesidad habitacional de la persona en situaci\u00f3n de vulnerabilidad que garanticen su acceso a una vivienda digna\u201d: Es decir, estas deben ofrecer una alternativa, adem\u00e1s de <a href=\"https:\/\/www.eldiario.es\/economia\/10-propietarios-han-pedido-compensacion-moratoria-antidesahucios-cifras-no-hablan-alarma_1_12112151.html\" rel=\"nofollow\">compensar econ\u00f3micamente a los propietarios<\/a>.\n    <\/p>\n<p>\n        \u201cLas administraciones p\u00fablicas est\u00e1n obligadas a ofrecer una alternativa habitacional. No solo est\u00e1 dispuesto as\u00ed en la moratoria, son los est\u00e1ndares internacionales los que establecen que no puede haber desalojos sin alternativa habitacional en casos de vulnerabilidad\u201d, explica la directora del Observatori DESCA, Irene Escorihuela. Un informe de esta organizaci\u00f3n se\u00f1ala que en 77% de los casos, las entidades p\u00fablicas ofrec\u00edan apoyo econ\u00f3mico, pero solo en el 2% una alternativa habitacional. \u201cEsto demuestra la necesidad de ampliar el parque p\u00fablico de vivienda para realojar y pol\u00edticas estructurales de vivienda porque, desde luego, estos 70.000 desahucios no se van a poder gestionar en viviendas alternativas, dado el escaso parque p\u00fablico y asequible que tenemos en Espa\u00f1a\u201d, desarrolla.\n    <\/p>\n<p>\n        \u201cLas administraciones no tienen alternativas: urge poner en marcha un plan de emergencia con medidas estructurales para garantizar el derecho a una vivienda digna\u201d, reclaman desde el Observatori Desca, que se\u00f1ala que \u201cel Gobierno tiene la responsabilidad de aprobar y consensuar un nuevo Decreto Ley que evite la inseguridad jur\u00eddica para las familias\u201d. No ser\u00eda la primera vez. El Ejecutivo de Pedro S\u00e1nchez ya pas\u00f3 por un trago similar el pasado mes de enero, que consigui\u00f3 salvar con una negociaci\u00f3n con Junts, que acab\u00f3 salvando el escudo social en una segunda votaci\u00f3n.\n    <\/p>\n<p>\n        El triunvirato de derechas, conformado en la sesi\u00f3n de este martes por Junts, PP y Vox ha tumbado la prohibici\u00f3n de los desahucios para personas de bajos ingresos, el corte de suministros b\u00e1sicos, como la energ\u00eda y el agua, o el bono social el\u00e9ctrico, entre otros. \u201cLa ca\u00edda del decreto deja en el aire instrumentos que ven\u00edan funcionando como escudo social para millones de personas en situaci\u00f3n de vulnerabilidad\u201d, lamentan desde la Red Europea de Lucha contra la Pobreza y la Exclusi\u00f3n Social en el Estado Espa\u00f1ol (EAPN), que considera que estas medidas \u201cse estaban consolidando como eficaces en la contenci\u00f3n de los datos de pobreza\u201d.\n    <\/p>\n<p>\n        La EAPN tilda la ca\u00edda del decreto \u00f3mnibus como un \u201cgrave retroceso en la protecci\u00f3n del derecho a la vivienda, en un contexto de emergencia residencial ampliamente documentada\u201d. Seg\u00fan su \u00faltimo informe sobre el estado de la pobreza, \u201cla vivienda es hoy uno de los principales factores de empobrecimientoo en Espa\u00f1a\u201d, con un \u201c30% de las personas en situaci\u00f3n de pobreza que destinan un porcentaje excesivo de sus ingresos\u201d a estos gastos.\n    <\/p>\n<p>\n        M\u00e1s de un centenar de organizaciones y entidades han convocado para este mi\u00e9rcoles una concentraci\u00f3n frente al Congreso de los diputados para protestar ante el rechazo de la pr\u00f3rroga del escudo social y reclamar soluciones reales para miles de familias. \u201cUna vez m\u00e1s, la derecha parlamentaria, representada por PP, Vox y Junts, se ha posicionado abiertamente del lado del rentismo, eligiendo reforzar el negocio de la patronal inmobiliaria en vez de ampliar medidas ante el mayor problema social de la poblaci\u00f3n\u201d, denuncian desde el Sindicato de Inquilinas.\n    <\/p>\n<p>\n        La protesta ante el Congreso se replicar\u00e1 tambi\u00e9n en Barcelona ante la sede de Junts, a quien se\u00f1alan las organizaciones, \u201cteniendo en cuenta el especial contexto catal\u00e1n, en el que se reactivar\u00e1n m\u00e1s de 13.000 procesos de desahucio\u201d, se\u00f1alan desde el Observatori, que tambi\u00e9n apunta al Gobierno como \u201cactor indispensable para que este decreto ley no salga adelante, al no conseguir los consensos\u201d. El decreto, adem\u00e1s, decae el mismo d\u00eda que el Ejecutivo anuncia una l\u00ednea de 300 millones de euros en <a href=\"https:\/\/www.eldiario.es\/economia\/gobierno-destinara-300-millones-avales-propietarios-vivienda-impagos-alquiler_1_12940064.html\" rel=\"nofollow\">avales para caseros<\/a> y unos d\u00edas despu\u00e9s de que el presidente Pedro S\u00e1nchez anuncie una <a href=\"https:\/\/www.eldiario.es\/economia\/gobierno-anuncia-nueva-ventaja-fiscal-propietarios-vivienda-no-suban-alquileres_1_12900616.html\" rel=\"nofollow\">bonificaci\u00f3n fiscal<\/a> para aquellos propietarios que o suban los alquileres.\n    <\/p>\n<p>\n        Iv\u00e1n acudir\u00e1 a la manifestaci\u00f3n en Barcelona, con la esperanza de que el proceso no se reactive de nuevo esta ma\u00f1ana. Tambi\u00e9n con algo de ansiedad. \u201cHay mucho estr\u00e9s. Intentas no tenerlo, pero el peso del posible desahucio ya est\u00e1 ah\u00ed\u201d.\n    <\/p>\n<\/div>\n","protected":false},"excerpt":{"rendered":"<p>Iv\u00e1n sab\u00eda que el Congreso decid\u00eda este martes una votaci\u00f3n con impacto directo en su vida. El voto en contra de Junts, PP y Vox desactiv\u00f3 el &#8216;escudo social&#8217;, que inclu\u00eda la moratoria antidesahucios para hogares vulnerables, que se fue prorrogando desde la pandemia. Hasta ahora. \u201cLo pueden reactivar en cualquier momento. Vuelve ese miedo<\/p>\n","protected":false},"author":1,"featured_media":321004,"comment_status":"open","ping_status":"open","sticky":false,"template":"","format":"standard","meta":{"footnotes":""},"categories":[61],"tags":[],"class_list":["post-321003","post","type-post","status-publish","format-standard","has-post-thumbnail","hentry","category-business-es"],"acf":[],"yoast_head":"<!-- This site is optimized with the Yoast SEO plugin v22.9 - https:\/\/yoast.com\/wordpress\/plugins\/seo\/ -->\n<title>70.000 familias vulnerables sin protecci\u00f3n ante un desahucio: \u201cVuelve el miedo. Lo tengo muy crudo\u201d - vof-news.eu<\/title>\n<meta name=\"description\" content=\"Iv\u00e1n sab\u00eda que el Congreso decid\u00eda este martes una votaci\u00f3n con impacto directo en su vida. El voto en contra de Junts, PP y Vox desactiv\u00f3 el &#039;escudo social&#039;, que inclu\u00eda la moratoria antidesahucios para hogares vulnerables, que se fue prorrogando desde la pandemia. Hasta ahora. \u201cLo pueden reactivar en cualquier momento. Vuelve ese miedo a cu\u00e1ndo te lo notificar\u00e1n, la nueva fecha de lanzamiento, intentar pedir otra vez la suspensi\u00f3n. Sabemos c\u00f3mo funciona, a veces te dan un mes o dos semanas, pero a la hora de buscar una alternativa lo tengo muy crudo\u201d, explica este hombre de 68 a\u00f1os, residente en Barcelona.\" \/>\n<meta name=\"robots\" content=\"noindex, follow, max-snippet:-1, max-image-preview:large, max-video-preview:-1\" \/>\n<meta property=\"og:locale\" content=\"es_ES\" \/>\n<meta property=\"og:type\" content=\"article\" \/>\n<meta property=\"og:title\" content=\"70.000 familias vulnerables sin protecci\u00f3n ante un desahucio: \u201cVuelve el miedo. Lo tengo muy crudo\u201d - vof-news.eu\" \/>\n<meta property=\"og:description\" content=\"Iv\u00e1n sab\u00eda que el Congreso decid\u00eda este martes una votaci\u00f3n con impacto directo en su vida. El voto en contra de Junts, PP y Vox desactiv\u00f3 el &#039;escudo social&#039;, que inclu\u00eda la moratoria antidesahucios para hogares vulnerables, que se fue prorrogando desde la pandemia. Hasta ahora. \u201cLo pueden reactivar en cualquier momento. Vuelve ese miedo a cu\u00e1ndo te lo notificar\u00e1n, la nueva fecha de lanzamiento, intentar pedir otra vez la suspensi\u00f3n. Sabemos c\u00f3mo funciona, a veces te dan un mes o dos semanas, pero a la hora de buscar una alternativa lo tengo muy crudo\u201d, explica este hombre de 68 a\u00f1os, residente en Barcelona.\" \/>\n<meta property=\"og:url\" content=\"https:\/\/vof-news.eu\/es\/70-000-familias-vulnerables-sin-proteccion-ante-un-desahucio-vuelve-el-miedo-lo-tengo-muy-crudo\/\" \/>\n<meta property=\"og:site_name\" content=\"vof-news.eu\" \/>\n<meta property=\"article:published_time\" content=\"2026-01-28T06:19:47+00:00\" \/>\n<meta property=\"article:modified_time\" content=\"2026-01-28T06:21:18+00:00\" \/>\n<meta property=\"og:image\" content=\"https:\/\/vof-news.eu\/wp-content\/uploads\/2026\/01\/5d36d2b1-8cc0-4354-86aa-536c8d40f5fd_16-9-discover-aspect-ratio_default_0.jpg\" \/>\n\t<meta property=\"og:image:width\" content=\"1200\" \/>\n\t<meta property=\"og:image:height\" content=\"675\" \/>\n\t<meta property=\"og:image:type\" content=\"image\/jpeg\" \/>\n<meta name=\"author\" content=\"Author\" \/>\n<meta name=\"twitter:card\" content=\"summary_large_image\" \/>\n<meta name=\"twitter:label1\" content=\"Escrito por\" \/>\n\t<meta name=\"twitter:data1\" content=\"Author\" \/>\n\t<meta name=\"twitter:label2\" content=\"Tiempo de lectura\" \/>\n\t<meta name=\"twitter:data2\" content=\"7 minutos\" \/>\n<script type=\"application\/ld+json\" class=\"yoast-schema-graph\">{\"@context\":\"https:\/\/schema.org\",\"@graph\":[{\"@type\":\"WebPage\",\"@id\":\"https:\/\/vof-news.eu\/es\/70-000-familias-vulnerables-sin-proteccion-ante-un-desahucio-vuelve-el-miedo-lo-tengo-muy-crudo\/\",\"url\":\"https:\/\/vof-news.eu\/es\/70-000-familias-vulnerables-sin-proteccion-ante-un-desahucio-vuelve-el-miedo-lo-tengo-muy-crudo\/\",\"name\":\"70.000 familias vulnerables sin protecci\u00f3n ante un desahucio: \u201cVuelve el miedo. Lo tengo muy crudo\u201d - vof-news.eu\",\"isPartOf\":{\"@id\":\"https:\/\/vof-news.eu\/es\/#website\"},\"primaryImageOfPage\":{\"@id\":\"https:\/\/vof-news.eu\/es\/70-000-familias-vulnerables-sin-proteccion-ante-un-desahucio-vuelve-el-miedo-lo-tengo-muy-crudo\/#primaryimage\"},\"image\":{\"@id\":\"https:\/\/vof-news.eu\/es\/70-000-familias-vulnerables-sin-proteccion-ante-un-desahucio-vuelve-el-miedo-lo-tengo-muy-crudo\/#primaryimage\"},\"thumbnailUrl\":\"https:\/\/vof-news.eu\/wp-content\/uploads\/2026\/01\/5d36d2b1-8cc0-4354-86aa-536c8d40f5fd_16-9-discover-aspect-ratio_default_0.jpg\",\"datePublished\":\"2026-01-28T06:19:47+00:00\",\"dateModified\":\"2026-01-28T06:21:18+00:00\",\"author\":{\"@id\":\"https:\/\/vof-news.eu\/es\/#\/schema\/person\/f6a2a4309f0561835797fd8c19b333ed\"},\"description\":\"Iv\u00e1n sab\u00eda que el Congreso decid\u00eda este martes una votaci\u00f3n con impacto directo en su vida. El voto en contra de Junts, PP y Vox desactiv\u00f3 el 'escudo social', que inclu\u00eda la moratoria antidesahucios para hogares vulnerables, que se fue prorrogando desde la pandemia. Hasta ahora. \u201cLo pueden reactivar en cualquier momento. Vuelve ese miedo a cu\u00e1ndo te lo notificar\u00e1n, la nueva fecha de lanzamiento, intentar pedir otra vez la suspensi\u00f3n. Sabemos c\u00f3mo funciona, a veces te dan un mes o dos semanas, pero a la hora de buscar una alternativa lo tengo muy crudo\u201d, explica este hombre de 68 a\u00f1os, residente en Barcelona.\",\"breadcrumb\":{\"@id\":\"https:\/\/vof-news.eu\/es\/70-000-familias-vulnerables-sin-proteccion-ante-un-desahucio-vuelve-el-miedo-lo-tengo-muy-crudo\/#breadcrumb\"},\"inLanguage\":\"es\",\"potentialAction\":[{\"@type\":\"ReadAction\",\"target\":[\"https:\/\/vof-news.eu\/es\/70-000-familias-vulnerables-sin-proteccion-ante-un-desahucio-vuelve-el-miedo-lo-tengo-muy-crudo\/\"]}]},{\"@type\":\"ImageObject\",\"inLanguage\":\"es\",\"@id\":\"https:\/\/vof-news.eu\/es\/70-000-familias-vulnerables-sin-proteccion-ante-un-desahucio-vuelve-el-miedo-lo-tengo-muy-crudo\/#primaryimage\",\"url\":\"https:\/\/vof-news.eu\/wp-content\/uploads\/2026\/01\/5d36d2b1-8cc0-4354-86aa-536c8d40f5fd_16-9-discover-aspect-ratio_default_0.jpg\",\"contentUrl\":\"https:\/\/vof-news.eu\/wp-content\/uploads\/2026\/01\/5d36d2b1-8cc0-4354-86aa-536c8d40f5fd_16-9-discover-aspect-ratio_default_0.jpg\",\"width\":1200,\"height\":675},{\"@type\":\"BreadcrumbList\",\"@id\":\"https:\/\/vof-news.eu\/es\/70-000-familias-vulnerables-sin-proteccion-ante-un-desahucio-vuelve-el-miedo-lo-tengo-muy-crudo\/#breadcrumb\",\"itemListElement\":[{\"@type\":\"ListItem\",\"position\":1,\"name\":\"Home\",\"item\":\"https:\/\/vof-news.eu\/es\/\"},{\"@type\":\"ListItem\",\"position\":2,\"name\":\"70.000 familias vulnerables sin protecci\u00f3n ante un desahucio: \u201cVuelve el miedo. Lo tengo muy crudo\u201d\"}]},{\"@type\":\"WebSite\",\"@id\":\"https:\/\/vof-news.eu\/es\/#website\",\"url\":\"https:\/\/vof-news.eu\/es\/\",\"name\":\"vof-news.eu\",\"description\":\"\",\"potentialAction\":[{\"@type\":\"SearchAction\",\"target\":{\"@type\":\"EntryPoint\",\"urlTemplate\":\"https:\/\/vof-news.eu\/es\/?s={search_term_string}\"},\"query-input\":\"required name=search_term_string\"}],\"inLanguage\":\"es\"},{\"@type\":\"Person\",\"@id\":\"https:\/\/vof-news.eu\/es\/#\/schema\/person\/f6a2a4309f0561835797fd8c19b333ed\",\"name\":\"Author\",\"image\":{\"@type\":\"ImageObject\",\"inLanguage\":\"es\",\"@id\":\"https:\/\/vof-news.eu\/es\/#\/schema\/person\/image\/\",\"url\":\"https:\/\/secure.gravatar.com\/avatar\/b67e614b1b25b3e9c0c239efdd2fde5ab015b5affd6f1c3c85911ca4b384e790?s=96&d=mm&r=g\",\"contentUrl\":\"https:\/\/secure.gravatar.com\/avatar\/b67e614b1b25b3e9c0c239efdd2fde5ab015b5affd6f1c3c85911ca4b384e790?s=96&d=mm&r=g\",\"caption\":\"Author\"},\"sameAs\":[\"http:\/\/vof-news.eu\"],\"url\":\"https:\/\/vof-news.eu\/es\/author\/zwt6qxnjulxbnyg\/\"}]}<\/script>\n<!-- \/ Yoast SEO plugin. -->","yoast_head_json":{"title":"70.000 familias vulnerables sin protecci\u00f3n ante un desahucio: \u201cVuelve el miedo. Lo tengo muy crudo\u201d - vof-news.eu","description":"Iv\u00e1n sab\u00eda que el Congreso decid\u00eda este martes una votaci\u00f3n con impacto directo en su vida. El voto en contra de Junts, PP y Vox desactiv\u00f3 el 'escudo social', que inclu\u00eda la moratoria antidesahucios para hogares vulnerables, que se fue prorrogando desde la pandemia. Hasta ahora. \u201cLo pueden reactivar en cualquier momento. Vuelve ese miedo a cu\u00e1ndo te lo notificar\u00e1n, la nueva fecha de lanzamiento, intentar pedir otra vez la suspensi\u00f3n. Sabemos c\u00f3mo funciona, a veces te dan un mes o dos semanas, pero a la hora de buscar una alternativa lo tengo muy crudo\u201d, explica este hombre de 68 a\u00f1os, residente en Barcelona.","robots":{"index":"noindex","follow":"follow","max-snippet":"max-snippet:-1","max-image-preview":"max-image-preview:large","max-video-preview":"max-video-preview:-1"},"og_locale":"es_ES","og_type":"article","og_title":"70.000 familias vulnerables sin protecci\u00f3n ante un desahucio: \u201cVuelve el miedo. Lo tengo muy crudo\u201d - vof-news.eu","og_description":"Iv\u00e1n sab\u00eda que el Congreso decid\u00eda este martes una votaci\u00f3n con impacto directo en su vida. El voto en contra de Junts, PP y Vox desactiv\u00f3 el 'escudo social', que inclu\u00eda la moratoria antidesahucios para hogares vulnerables, que se fue prorrogando desde la pandemia. Hasta ahora. \u201cLo pueden reactivar en cualquier momento. Vuelve ese miedo a cu\u00e1ndo te lo notificar\u00e1n, la nueva fecha de lanzamiento, intentar pedir otra vez la suspensi\u00f3n. Sabemos c\u00f3mo funciona, a veces te dan un mes o dos semanas, pero a la hora de buscar una alternativa lo tengo muy crudo\u201d, explica este hombre de 68 a\u00f1os, residente en Barcelona.","og_url":"https:\/\/vof-news.eu\/es\/70-000-familias-vulnerables-sin-proteccion-ante-un-desahucio-vuelve-el-miedo-lo-tengo-muy-crudo\/","og_site_name":"vof-news.eu","article_published_time":"2026-01-28T06:19:47+00:00","article_modified_time":"2026-01-28T06:21:18+00:00","og_image":[{"width":1200,"height":675,"url":"https:\/\/vof-news.eu\/wp-content\/uploads\/2026\/01\/5d36d2b1-8cc0-4354-86aa-536c8d40f5fd_16-9-discover-aspect-ratio_default_0.jpg","type":"image\/jpeg"}],"author":"Author","twitter_card":"summary_large_image","twitter_misc":{"Escrito por":"Author","Tiempo de lectura":"7 minutos"},"schema":{"@context":"https:\/\/schema.org","@graph":[{"@type":"WebPage","@id":"https:\/\/vof-news.eu\/es\/70-000-familias-vulnerables-sin-proteccion-ante-un-desahucio-vuelve-el-miedo-lo-tengo-muy-crudo\/","url":"https:\/\/vof-news.eu\/es\/70-000-familias-vulnerables-sin-proteccion-ante-un-desahucio-vuelve-el-miedo-lo-tengo-muy-crudo\/","name":"70.000 familias vulnerables sin protecci\u00f3n ante un desahucio: \u201cVuelve el miedo. Lo tengo muy crudo\u201d - vof-news.eu","isPartOf":{"@id":"https:\/\/vof-news.eu\/es\/#website"},"primaryImageOfPage":{"@id":"https:\/\/vof-news.eu\/es\/70-000-familias-vulnerables-sin-proteccion-ante-un-desahucio-vuelve-el-miedo-lo-tengo-muy-crudo\/#primaryimage"},"image":{"@id":"https:\/\/vof-news.eu\/es\/70-000-familias-vulnerables-sin-proteccion-ante-un-desahucio-vuelve-el-miedo-lo-tengo-muy-crudo\/#primaryimage"},"thumbnailUrl":"https:\/\/vof-news.eu\/wp-content\/uploads\/2026\/01\/5d36d2b1-8cc0-4354-86aa-536c8d40f5fd_16-9-discover-aspect-ratio_default_0.jpg","datePublished":"2026-01-28T06:19:47+00:00","dateModified":"2026-01-28T06:21:18+00:00","author":{"@id":"https:\/\/vof-news.eu\/es\/#\/schema\/person\/f6a2a4309f0561835797fd8c19b333ed"},"description":"Iv\u00e1n sab\u00eda que el Congreso decid\u00eda este martes una votaci\u00f3n con impacto directo en su vida. El voto en contra de Junts, PP y Vox desactiv\u00f3 el 'escudo social', que inclu\u00eda la moratoria antidesahucios para hogares vulnerables, que se fue prorrogando desde la pandemia. Hasta ahora. \u201cLo pueden reactivar en cualquier momento. Vuelve ese miedo a cu\u00e1ndo te lo notificar\u00e1n, la nueva fecha de lanzamiento, intentar pedir otra vez la suspensi\u00f3n. Sabemos c\u00f3mo funciona, a veces te dan un mes o dos semanas, pero a la hora de buscar una alternativa lo tengo muy crudo\u201d, explica este hombre de 68 a\u00f1os, residente en Barcelona.","breadcrumb":{"@id":"https:\/\/vof-news.eu\/es\/70-000-familias-vulnerables-sin-proteccion-ante-un-desahucio-vuelve-el-miedo-lo-tengo-muy-crudo\/#breadcrumb"},"inLanguage":"es","potentialAction":[{"@type":"ReadAction","target":["https:\/\/vof-news.eu\/es\/70-000-familias-vulnerables-sin-proteccion-ante-un-desahucio-vuelve-el-miedo-lo-tengo-muy-crudo\/"]}]},{"@type":"ImageObject","inLanguage":"es","@id":"https:\/\/vof-news.eu\/es\/70-000-familias-vulnerables-sin-proteccion-ante-un-desahucio-vuelve-el-miedo-lo-tengo-muy-crudo\/#primaryimage","url":"https:\/\/vof-news.eu\/wp-content\/uploads\/2026\/01\/5d36d2b1-8cc0-4354-86aa-536c8d40f5fd_16-9-discover-aspect-ratio_default_0.jpg","contentUrl":"https:\/\/vof-news.eu\/wp-content\/uploads\/2026\/01\/5d36d2b1-8cc0-4354-86aa-536c8d40f5fd_16-9-discover-aspect-ratio_default_0.jpg","width":1200,"height":675},{"@type":"BreadcrumbList","@id":"https:\/\/vof-news.eu\/es\/70-000-familias-vulnerables-sin-proteccion-ante-un-desahucio-vuelve-el-miedo-lo-tengo-muy-crudo\/#breadcrumb","itemListElement":[{"@type":"ListItem","position":1,"name":"Home","item":"https:\/\/vof-news.eu\/es\/"},{"@type":"ListItem","position":2,"name":"70.000 familias vulnerables sin protecci\u00f3n ante un desahucio: \u201cVuelve el miedo. Lo tengo muy crudo\u201d"}]},{"@type":"WebSite","@id":"https:\/\/vof-news.eu\/es\/#website","url":"https:\/\/vof-news.eu\/es\/","name":"vof-news.eu","description":"","potentialAction":[{"@type":"SearchAction","target":{"@type":"EntryPoint","urlTemplate":"https:\/\/vof-news.eu\/es\/?s={search_term_string}"},"query-input":"required name=search_term_string"}],"inLanguage":"es"},{"@type":"Person","@id":"https:\/\/vof-news.eu\/es\/#\/schema\/person\/f6a2a4309f0561835797fd8c19b333ed","name":"Author","image":{"@type":"ImageObject","inLanguage":"es","@id":"https:\/\/vof-news.eu\/es\/#\/schema\/person\/image\/","url":"https:\/\/secure.gravatar.com\/avatar\/b67e614b1b25b3e9c0c239efdd2fde5ab015b5affd6f1c3c85911ca4b384e790?s=96&d=mm&r=g","contentUrl":"https:\/\/secure.gravatar.com\/avatar\/b67e614b1b25b3e9c0c239efdd2fde5ab015b5affd6f1c3c85911ca4b384e790?s=96&d=mm&r=g","caption":"Author"},"sameAs":["http:\/\/vof-news.eu"],"url":"https:\/\/vof-news.eu\/es\/author\/zwt6qxnjulxbnyg\/"}]}},"yoast_meta":{"yoast_wpseo_title":"","yoast_wpseo_metadesc":"","yoast_wpseo_canonical":""},"_links":{"self":[{"href":"https:\/\/vof-news.eu\/es\/wp-json\/wp\/v2\/posts\/321003","targetHints":{"allow":["GET"]}}],"collection":[{"href":"https:\/\/vof-news.eu\/es\/wp-json\/wp\/v2\/posts"}],"about":[{"href":"https:\/\/vof-news.eu\/es\/wp-json\/wp\/v2\/types\/post"}],"author":[{"embeddable":true,"href":"https:\/\/vof-news.eu\/es\/wp-json\/wp\/v2\/users\/1"}],"replies":[{"embeddable":true,"href":"https:\/\/vof-news.eu\/es\/wp-json\/wp\/v2\/comments?post=321003"}],"version-history":[{"count":1,"href":"https:\/\/vof-news.eu\/es\/wp-json\/wp\/v2\/posts\/321003\/revisions"}],"predecessor-version":[{"id":321017,"href":"https:\/\/vof-news.eu\/es\/wp-json\/wp\/v2\/posts\/321003\/revisions\/321017"}],"wp:featuredmedia":[{"embeddable":true,"href":"https:\/\/vof-news.eu\/es\/wp-json\/wp\/v2\/media\/321004"}],"wp:attachment":[{"href":"https:\/\/vof-news.eu\/es\/wp-json\/wp\/v2\/media?parent=321003"}],"wp:term":[{"taxonomy":"category","embeddable":true,"href":"https:\/\/vof-news.eu\/es\/wp-json\/wp\/v2\/categories?post=321003"},{"taxonomy":"post_tag","embeddable":true,"href":"https:\/\/vof-news.eu\/es\/wp-json\/wp\/v2\/tags?post=321003"}],"curies":[{"name":"wp","href":"https:\/\/api.w.org\/{rel}","templated":true}]}}