{"id":320995,"date":"2026-01-28T09:17:28","date_gmt":"2026-01-28T06:17:28","guid":{"rendered":"https:\/\/vof-news.eu\/el-juez-pedraz-niega-que-el-invento-de-la-cocaina-contra-urban-y-podemos-fuera-un-montaje-policial\/"},"modified":"2026-01-28T09:18:42","modified_gmt":"2026-01-28T06:18:42","slug":"el-juez-pedraz-niega-que-el-invento-de-la-cocaina-contra-urban-y-podemos-fuera-un-montaje-policial","status":"publish","type":"post","link":"https:\/\/vof-news.eu\/es\/el-juez-pedraz-niega-que-el-invento-de-la-cocaina-contra-urban-y-podemos-fuera-un-montaje-policial\/","title":{"rendered":"El juez Pedraz niega que el invento de la coca\u00edna contra Urb\u00e1n y Podemos fuera \u201cun montaje policial\u201d"},"content":{"rendered":"<div>\n<p>\n        El magistrado Santiago Pedraz ha vuelto a rechazar que Miguel Urb\u00e1n pase a ostentar la condici\u00f3n de perjudicado en la causa que se sigue en su juzgado por las maniobras policiales contra Podemos durante la primera legislatura de Mariano Rajoy. Pese a los indicios recabados durante la instrucci\u00f3n, Pedraz concluye que la investigaci\u00f3n contra Urb\u00e1n por haber vendido supuestamente <a href=\"https:\/\/www.eldiario.es\/\/HOY%20HABLAMOS%20DE...%20Pensiones%20%C3%93scar%20Puente%20Subida%20sueldos%20Aranceles%20Sanidad%20Andaluc%C3%ADa%20Regularizaci%C3%B3n%20Vacunas%20Alzheimer%20P%C3%A9rez%20Reverte%20Barbacid%20Torremolinos%20Ni%C3%B1o%20Sueca%20MIR%202026%20Audiencias%20TV%20Abono%20transporte%20Sarampi%C3%B3n%20Mercanc%C3%ADas%20Ayudas%20Seguridad%20Social%20Patinetes%20el%C3%A9ctricos%20Bono%20social%20t%C3%A9rmico%20COAC%202026%20Carnaval%202026%20Crucigrama%20Trivial%20actualidad%20Programaci%C3%B3n%20TV%20Palabra%20del%20d%C3%ADa%20Pasatiempos%20Sudoku%20Frutos%20secos%20Medina%20Aemet%20Andaluc%C3%ADa%20%20Logotipo%20de%20elDiario%20Hazte%20socio\/a%20Inicia%20sesi%C3%B3n%20%20INVESTIGACI%C3%93N%20El%20invento%20bajo%20secreto%20de%20la%20Polic%C3%ADa%20contra%20Podemos:%20Miguel%20Urb%C3%A1n%20y%2040%20kilos%20de%20coca%20en%20el%20pub%20Nueva%20Visi%C3%B3n%20de%20Malasa%C3%B1a\" rel=\"nofollow\">40 kilos de coca\u00edna en un bar de Malasa\u00f1a<\/a> no fue \u201cun montaje policial\u201d.\n    <\/p>\n<p>\n        Urb\u00e1n fue investigado en 2016 durante meses, mientras era eurodiputado, a partir del disparatado relato de un confidente. El colaborador policial aseguraba haberle visto intercambiar los 40 kilos de coca\u00edna, que cargaba a pulso en una bolsa, por billetes para financiar a Podemos. El relato inclu\u00eda que Urb\u00e1n celebr\u00f3 a gritos la transacci\u00f3n mientras reconoc\u00eda que era coca\u00edna de Venezuela para financiar al partido y volcaba una bolsa encima de la barra del bar para que todos los clientes esnifaran.\u00a0\n    <\/p>\n<p>\n        De un modo que a\u00fan se investiga, el director del Centro de Inteligencia contra el Terrorismo y el Crimen Organizado en ese momento,<a href=\"https:\/\/www.eldiario.es\/politica\/comisario-montaje-cocaina-urban-juez-no-tirar-informacion-papelera_1_12876020.html\" rel=\"nofollow\"> Jos\u00e9 Luis Olivera<\/a>, obtuvo el testimonio del confidente, supuestamente espont\u00e1neo, y comenz\u00f3 a enviar escritos a la Fiscal\u00eda Antidroga para que esta abriera una investigaci\u00f3n. Urb\u00e1n era en ese momento miembro del Parlamento europeo y el confidente aseguraba\u00a0que le ve\u00eda trapichear por las esquinas de Malasa\u00f1a.\u00a0\n    <\/p>\n<p>\n        Con la excusa de la investigaci\u00f3n a Urb\u00e1n, la Polic\u00eda empez\u00f3 a apuntar a la supuesta financiaci\u00f3n ilegal de Podemos en sus informes a la Fiscal\u00eda, tal y como revel\u00f3 elDiario.es. En la investigaci\u00f3n se implicaron las unidades antidroga y anticorrupci\u00f3n del Cuerpo y la Oficina Nacional de Investigaci\u00f3n del Fraude, dependiente del Ministerio de Econom\u00eda. Las pesquisas se realizaron en secreto en medio de una cascada de informaciones policiales sobre Podemos\u00a0que se han demostrado falsas y que publicaban medios afines al Partido Popular.\u00a0\n    <\/p>\n<p>\n        Los hechos ocurrieron durante el semestre entre las elecciones de diciembre de 2015 y las siguientes, de junio de 2016, cuando Podemos apuntaba a gobernar en coalici\u00f3n con el PSOE. Antes de que la brigada pol\u00edtica, a la que pertenec\u00eda Olivera, pudiera dar el salto de Urb\u00e1n a Podemos, el fiscal jefe Antidroga decidi\u00f3 cerrar el caso. \u201cNo se ha podido acreditar, ni siquiera indiciariamente, la comisi\u00f3n de hechos delictivos\u201d, escribi\u00f3 Jos\u00e9 Ram\u00f3n Nore\u00f1a en el decreto de archivo.\n    <\/p>\n<p>\n        En el auto por el que rechaza considerar perjudicado a Miguel Urb\u00e1n, al que ha tenido acceso elDiario.es, el juez Pedraz afirma que \u201cno hay base alguna para concluir un montaje policial\u201d. \u201cLa Fiscal\u00eda Antidroga inicia, por obvio, la investigaci\u00f3n en base a recibir la noticia criminis en la que aparece implicado el se\u00f1or Urb\u00e1n\u201d, asegura el juez en referencia al testimonio del confidente.\u00a0\n    <\/p>\n<p>\n        Pedraz contin\u00faa: \u201cTras la pr\u00e1ctica de diligencias concluye que no se acredita el delito y archiva al considerar que no existen indicios suficientes. Con ello, no puede decirse que la investigaci\u00f3n policial se hiciera sin marco, pues estaba amparada por la Fiscal\u00eda; sin que adem\u00e1s se aporte indicio alguno de que la misma fuera enga\u00f1ada\u201d.\n    <\/p>\n<p>\n        Santiago Pedraz se opone a considerar a Urb\u00e1n, siquiera indiciariamente, v\u00edctima de \u201cun montaje policial\u201d. El titular del Juzgado Central de Instrucci\u00f3n n\u00famero 5 adopta esta decisi\u00f3n por segunda vez. En las dos ocasiones lo ha hecho en contra de la postura de la Fiscal\u00eda de la Audiencia Nacional, que aprecia intereses espurios en la maniobra policial.\u00a0\n    <\/p>\n<h2>El fiscal informa a favor de considerar v\u00edctima a Urb\u00e1n<\/h2>\n<p>\n        El fiscal del caso, Vicente Gonz\u00e1lez Mota, considera que en el caso de Urb\u00e1n y la Operaci\u00f3n Cardenal se produjo \u201cuna investigaci\u00f3n policial de personas aforadas sin marco para realizarla\u201d, tal y como ocurri\u00f3 con otras dos operaciones que s\u00ed son objeto de la investigaci\u00f3n de Pedraz, denominadas <a href=\"https:\/\/www.eldiario.es\/politica\/operaciones-bolivar-venus-testimonio-jefa-policia-guerra-sucia_1_11810446.html\" rel=\"nofollow\">Venus y Bol\u00edvar<\/a> y que afectaron, entre otros, a Pablo Iglesias.\u00a0\n    <\/p>\n<p>\n        Pedraz firm\u00f3 el auto en el que rechaza considerar \u201cperjudicado\u201d a Urb\u00e1n el pasado 23 de enero, dos d\u00edas despu\u00e9s de escuchar en declaraci\u00f3n el testimonio del fundador de Podemos. Este martes, pese a haber decidido que no hay \u2018caso Urb\u00e1n\u2019, Pedraz cumpli\u00f3 con el tr\u00e1mite de tomar declaraci\u00f3n como testigos a dos mandos policiales a los que Jos\u00e9 Luis Olivera implic\u00f3 en la investigaci\u00f3n al entonces eurodiputado.\u00a0\n    <\/p>\n<p>\n        La postura del juez supone dar por v\u00e1lidas las explicaciones del propio Olivera, quien intent\u00f3 defender en el juzgado que nunca valora las informaciones que recibe, por muy disparatadas que fueran. El comisario, ya jubilado, tampoco convenci\u00f3 a las acusaciones de que un \u00f3rgano como el CITCO, de inteligencia y coordinaci\u00f3n entre cuerpos y sin competencias operativas, se encargara de gestionar la confesi\u00f3n de un confidente. Sus subordinados contribuyeron este martes a aumentar el c\u00famulo de confusas explicaciones recabadas hasta ahora por el juez.\u00a0\n    <\/p>\n<p>\n        La Sala de lo Penal ya oblig\u00f3 a Pedraz a volver a imputar a otro polic\u00eda que consult\u00f3 las bases de datos para rastrear a Pablo Iglesias con la excusa de que pertenec\u00eda al c\u00edrculo de un investigado por narcotr\u00e1fico, Miguel Urb\u00e1n. En aquel auto, la instancia superior a Pedraz oblig\u00f3 al magistrado a dar un impulso a la investigaci\u00f3n acordando una bater\u00eda de diligencias solicitadas por los abogados de Podemos.\u00a0\n    <\/p>\n<p>\n        Pedraz admiti\u00f3 a tr\u00e1mite en febrero de 2024 una querella de Podemos contra la c\u00fapula de Interior de Rajoy y varios mandos policiales por las maniobras contra la formaci\u00f3n pol\u00edtica. Desde ese momento, el juez ha delimitado la investigaci\u00f3n a las tretas contra pol\u00edticos aforados del partido.\u00a0\n    <\/p>\n<p>\n        Los testimonios recabados en sede judicial y la documentaci\u00f3n obtenida por Asuntos Internos ha permitido ir desgranando la estrategia pol\u00edtico-policial contra el partido de Pablo Iglesias, pero el juez ha rechazado imputaciones y solicitudes de investigaci\u00f3n de forma recurrente. A partir de una informaci\u00f3n de elDiario.es, la acusaci\u00f3n particular y el propio Urb\u00e1n han intentado sin \u00e9xito que el invento contra el fundador del partido sea una pieza m\u00e1s de la investigaci\u00f3n de la guerra sucia contra Podemos.\u00a0\n    <\/p>\n<\/div>\n","protected":false},"excerpt":{"rendered":"<p>El magistrado Santiago Pedraz ha vuelto a rechazar que Miguel Urb\u00e1n pase a ostentar la condici\u00f3n de perjudicado en la causa que se sigue en su juzgado por las maniobras policiales contra Podemos durante la primera legislatura de Mariano Rajoy. Pese a los indicios recabados durante la instrucci\u00f3n, Pedraz concluye que la investigaci\u00f3n contra Urb\u00e1n<\/p>\n","protected":false},"author":1,"featured_media":320996,"comment_status":"open","ping_status":"open","sticky":false,"template":"","format":"standard","meta":{"footnotes":""},"categories":[71],"tags":[],"class_list":["post-320995","post","type-post","status-publish","format-standard","has-post-thumbnail","hentry","category-politics-es"],"acf":[],"yoast_head":"<!-- This site is optimized with the Yoast SEO plugin v22.9 - https:\/\/yoast.com\/wordpress\/plugins\/seo\/ -->\n<title>El juez Pedraz niega que el invento de la coca\u00edna contra Urb\u00e1n y Podemos fuera \u201cun montaje policial\u201d - vof-news.eu<\/title>\n<meta name=\"description\" content=\"El magistrado Santiago Pedraz ha vuelto a rechazar que Miguel Urb\u00e1n pase a ostentar la condici\u00f3n de perjudicado en la causa que se sigue en su juzgado por las maniobras policiales contra Podemos durante la primera legislatura de Mariano Rajoy. Pese a los indicios recabados durante la instrucci\u00f3n, Pedraz concluye que la investigaci\u00f3n contra Urb\u00e1n por haber vendido supuestamente 40 kilos de coca\u00edna en un bar de Malasa\u00f1a no fue \u201cun montaje policial\u201d.\" \/>\n<meta name=\"robots\" content=\"noindex, follow, max-snippet:-1, max-image-preview:large, max-video-preview:-1\" \/>\n<meta property=\"og:locale\" content=\"es_ES\" \/>\n<meta property=\"og:type\" content=\"article\" \/>\n<meta property=\"og:title\" content=\"El juez Pedraz niega que el invento de la coca\u00edna contra Urb\u00e1n y Podemos fuera \u201cun montaje policial\u201d - vof-news.eu\" \/>\n<meta property=\"og:description\" content=\"El magistrado Santiago Pedraz ha vuelto a rechazar que Miguel Urb\u00e1n pase a ostentar la condici\u00f3n de perjudicado en la causa que se sigue en su juzgado por las maniobras policiales contra Podemos durante la primera legislatura de Mariano Rajoy. Pese a los indicios recabados durante la instrucci\u00f3n, Pedraz concluye que la investigaci\u00f3n contra Urb\u00e1n por haber vendido supuestamente 40 kilos de coca\u00edna en un bar de Malasa\u00f1a no fue \u201cun montaje policial\u201d.\" \/>\n<meta property=\"og:url\" content=\"https:\/\/vof-news.eu\/es\/el-juez-pedraz-niega-que-el-invento-de-la-cocaina-contra-urban-y-podemos-fuera-un-montaje-policial\/\" \/>\n<meta property=\"og:site_name\" content=\"vof-news.eu\" \/>\n<meta property=\"article:published_time\" content=\"2026-01-28T06:17:28+00:00\" \/>\n<meta property=\"article:modified_time\" content=\"2026-01-28T06:18:42+00:00\" \/>\n<meta property=\"og:image\" content=\"https:\/\/vof-news.eu\/wp-content\/uploads\/2026\/01\/78733260-99b3-4354-8f59-b3909a392ce4_16-9-discover-aspect-ratio_default_0.jpg\" \/>\n\t<meta property=\"og:image:width\" content=\"1200\" \/>\n\t<meta property=\"og:image:height\" content=\"675\" \/>\n\t<meta property=\"og:image:type\" content=\"image\/jpeg\" \/>\n<meta name=\"author\" content=\"Author\" \/>\n<meta name=\"twitter:card\" content=\"summary_large_image\" \/>\n<meta name=\"twitter:label1\" content=\"Escrito por\" \/>\n\t<meta name=\"twitter:data1\" content=\"Author\" \/>\n\t<meta name=\"twitter:label2\" content=\"Tiempo de lectura\" \/>\n\t<meta name=\"twitter:data2\" content=\"5 minutos\" \/>\n<script type=\"application\/ld+json\" class=\"yoast-schema-graph\">{\"@context\":\"https:\/\/schema.org\",\"@graph\":[{\"@type\":\"WebPage\",\"@id\":\"https:\/\/vof-news.eu\/es\/el-juez-pedraz-niega-que-el-invento-de-la-cocaina-contra-urban-y-podemos-fuera-un-montaje-policial\/\",\"url\":\"https:\/\/vof-news.eu\/es\/el-juez-pedraz-niega-que-el-invento-de-la-cocaina-contra-urban-y-podemos-fuera-un-montaje-policial\/\",\"name\":\"El juez Pedraz niega que el invento de la coca\u00edna contra Urb\u00e1n y Podemos fuera \u201cun montaje policial\u201d - vof-news.eu\",\"isPartOf\":{\"@id\":\"https:\/\/vof-news.eu\/es\/#website\"},\"primaryImageOfPage\":{\"@id\":\"https:\/\/vof-news.eu\/es\/el-juez-pedraz-niega-que-el-invento-de-la-cocaina-contra-urban-y-podemos-fuera-un-montaje-policial\/#primaryimage\"},\"image\":{\"@id\":\"https:\/\/vof-news.eu\/es\/el-juez-pedraz-niega-que-el-invento-de-la-cocaina-contra-urban-y-podemos-fuera-un-montaje-policial\/#primaryimage\"},\"thumbnailUrl\":\"https:\/\/vof-news.eu\/wp-content\/uploads\/2026\/01\/78733260-99b3-4354-8f59-b3909a392ce4_16-9-discover-aspect-ratio_default_0.jpg\",\"datePublished\":\"2026-01-28T06:17:28+00:00\",\"dateModified\":\"2026-01-28T06:18:42+00:00\",\"author\":{\"@id\":\"https:\/\/vof-news.eu\/es\/#\/schema\/person\/f6a2a4309f0561835797fd8c19b333ed\"},\"description\":\"El magistrado Santiago Pedraz ha vuelto a rechazar que Miguel Urb\u00e1n pase a ostentar la condici\u00f3n de perjudicado en la causa que se sigue en su juzgado por las maniobras policiales contra Podemos durante la primera legislatura de Mariano Rajoy. Pese a los indicios recabados durante la instrucci\u00f3n, Pedraz concluye que la investigaci\u00f3n contra Urb\u00e1n por haber vendido supuestamente 40 kilos de coca\u00edna en un bar de Malasa\u00f1a no fue \u201cun montaje policial\u201d.\",\"breadcrumb\":{\"@id\":\"https:\/\/vof-news.eu\/es\/el-juez-pedraz-niega-que-el-invento-de-la-cocaina-contra-urban-y-podemos-fuera-un-montaje-policial\/#breadcrumb\"},\"inLanguage\":\"es\",\"potentialAction\":[{\"@type\":\"ReadAction\",\"target\":[\"https:\/\/vof-news.eu\/es\/el-juez-pedraz-niega-que-el-invento-de-la-cocaina-contra-urban-y-podemos-fuera-un-montaje-policial\/\"]}]},{\"@type\":\"ImageObject\",\"inLanguage\":\"es\",\"@id\":\"https:\/\/vof-news.eu\/es\/el-juez-pedraz-niega-que-el-invento-de-la-cocaina-contra-urban-y-podemos-fuera-un-montaje-policial\/#primaryimage\",\"url\":\"https:\/\/vof-news.eu\/wp-content\/uploads\/2026\/01\/78733260-99b3-4354-8f59-b3909a392ce4_16-9-discover-aspect-ratio_default_0.jpg\",\"contentUrl\":\"https:\/\/vof-news.eu\/wp-content\/uploads\/2026\/01\/78733260-99b3-4354-8f59-b3909a392ce4_16-9-discover-aspect-ratio_default_0.jpg\",\"width\":1200,\"height\":675},{\"@type\":\"BreadcrumbList\",\"@id\":\"https:\/\/vof-news.eu\/es\/el-juez-pedraz-niega-que-el-invento-de-la-cocaina-contra-urban-y-podemos-fuera-un-montaje-policial\/#breadcrumb\",\"itemListElement\":[{\"@type\":\"ListItem\",\"position\":1,\"name\":\"Home\",\"item\":\"https:\/\/vof-news.eu\/es\/\"},{\"@type\":\"ListItem\",\"position\":2,\"name\":\"El juez Pedraz niega que el invento de la coca\u00edna contra Urb\u00e1n y Podemos fuera \u201cun montaje policial\u201d\"}]},{\"@type\":\"WebSite\",\"@id\":\"https:\/\/vof-news.eu\/es\/#website\",\"url\":\"https:\/\/vof-news.eu\/es\/\",\"name\":\"vof-news.eu\",\"description\":\"\",\"potentialAction\":[{\"@type\":\"SearchAction\",\"target\":{\"@type\":\"EntryPoint\",\"urlTemplate\":\"https:\/\/vof-news.eu\/es\/?s={search_term_string}\"},\"query-input\":\"required name=search_term_string\"}],\"inLanguage\":\"es\"},{\"@type\":\"Person\",\"@id\":\"https:\/\/vof-news.eu\/es\/#\/schema\/person\/f6a2a4309f0561835797fd8c19b333ed\",\"name\":\"Author\",\"image\":{\"@type\":\"ImageObject\",\"inLanguage\":\"es\",\"@id\":\"https:\/\/vof-news.eu\/es\/#\/schema\/person\/image\/\",\"url\":\"https:\/\/secure.gravatar.com\/avatar\/b67e614b1b25b3e9c0c239efdd2fde5ab015b5affd6f1c3c85911ca4b384e790?s=96&d=mm&r=g\",\"contentUrl\":\"https:\/\/secure.gravatar.com\/avatar\/b67e614b1b25b3e9c0c239efdd2fde5ab015b5affd6f1c3c85911ca4b384e790?s=96&d=mm&r=g\",\"caption\":\"Author\"},\"sameAs\":[\"http:\/\/vof-news.eu\"],\"url\":\"https:\/\/vof-news.eu\/es\/author\/zwt6qxnjulxbnyg\/\"}]}<\/script>\n<!-- \/ Yoast SEO plugin. -->","yoast_head_json":{"title":"El juez Pedraz niega que el invento de la coca\u00edna contra Urb\u00e1n y Podemos fuera \u201cun montaje policial\u201d - vof-news.eu","description":"El magistrado Santiago Pedraz ha vuelto a rechazar que Miguel Urb\u00e1n pase a ostentar la condici\u00f3n de perjudicado en la causa que se sigue en su juzgado por las maniobras policiales contra Podemos durante la primera legislatura de Mariano Rajoy. Pese a los indicios recabados durante la instrucci\u00f3n, Pedraz concluye que la investigaci\u00f3n contra Urb\u00e1n por haber vendido supuestamente 40 kilos de coca\u00edna en un bar de Malasa\u00f1a no fue \u201cun montaje policial\u201d.","robots":{"index":"noindex","follow":"follow","max-snippet":"max-snippet:-1","max-image-preview":"max-image-preview:large","max-video-preview":"max-video-preview:-1"},"og_locale":"es_ES","og_type":"article","og_title":"El juez Pedraz niega que el invento de la coca\u00edna contra Urb\u00e1n y Podemos fuera \u201cun montaje policial\u201d - vof-news.eu","og_description":"El magistrado Santiago Pedraz ha vuelto a rechazar que Miguel Urb\u00e1n pase a ostentar la condici\u00f3n de perjudicado en la causa que se sigue en su juzgado por las maniobras policiales contra Podemos durante la primera legislatura de Mariano Rajoy. Pese a los indicios recabados durante la instrucci\u00f3n, Pedraz concluye que la investigaci\u00f3n contra Urb\u00e1n por haber vendido supuestamente 40 kilos de coca\u00edna en un bar de Malasa\u00f1a no fue \u201cun montaje policial\u201d.","og_url":"https:\/\/vof-news.eu\/es\/el-juez-pedraz-niega-que-el-invento-de-la-cocaina-contra-urban-y-podemos-fuera-un-montaje-policial\/","og_site_name":"vof-news.eu","article_published_time":"2026-01-28T06:17:28+00:00","article_modified_time":"2026-01-28T06:18:42+00:00","og_image":[{"width":1200,"height":675,"url":"https:\/\/vof-news.eu\/wp-content\/uploads\/2026\/01\/78733260-99b3-4354-8f59-b3909a392ce4_16-9-discover-aspect-ratio_default_0.jpg","type":"image\/jpeg"}],"author":"Author","twitter_card":"summary_large_image","twitter_misc":{"Escrito por":"Author","Tiempo de lectura":"5 minutos"},"schema":{"@context":"https:\/\/schema.org","@graph":[{"@type":"WebPage","@id":"https:\/\/vof-news.eu\/es\/el-juez-pedraz-niega-que-el-invento-de-la-cocaina-contra-urban-y-podemos-fuera-un-montaje-policial\/","url":"https:\/\/vof-news.eu\/es\/el-juez-pedraz-niega-que-el-invento-de-la-cocaina-contra-urban-y-podemos-fuera-un-montaje-policial\/","name":"El juez Pedraz niega que el invento de la coca\u00edna contra Urb\u00e1n y Podemos fuera \u201cun montaje policial\u201d - vof-news.eu","isPartOf":{"@id":"https:\/\/vof-news.eu\/es\/#website"},"primaryImageOfPage":{"@id":"https:\/\/vof-news.eu\/es\/el-juez-pedraz-niega-que-el-invento-de-la-cocaina-contra-urban-y-podemos-fuera-un-montaje-policial\/#primaryimage"},"image":{"@id":"https:\/\/vof-news.eu\/es\/el-juez-pedraz-niega-que-el-invento-de-la-cocaina-contra-urban-y-podemos-fuera-un-montaje-policial\/#primaryimage"},"thumbnailUrl":"https:\/\/vof-news.eu\/wp-content\/uploads\/2026\/01\/78733260-99b3-4354-8f59-b3909a392ce4_16-9-discover-aspect-ratio_default_0.jpg","datePublished":"2026-01-28T06:17:28+00:00","dateModified":"2026-01-28T06:18:42+00:00","author":{"@id":"https:\/\/vof-news.eu\/es\/#\/schema\/person\/f6a2a4309f0561835797fd8c19b333ed"},"description":"El magistrado Santiago Pedraz ha vuelto a rechazar que Miguel Urb\u00e1n pase a ostentar la condici\u00f3n de perjudicado en la causa que se sigue en su juzgado por las maniobras policiales contra Podemos durante la primera legislatura de Mariano Rajoy. Pese a los indicios recabados durante la instrucci\u00f3n, Pedraz concluye que la investigaci\u00f3n contra Urb\u00e1n por haber vendido supuestamente 40 kilos de coca\u00edna en un bar de Malasa\u00f1a no fue \u201cun montaje policial\u201d.","breadcrumb":{"@id":"https:\/\/vof-news.eu\/es\/el-juez-pedraz-niega-que-el-invento-de-la-cocaina-contra-urban-y-podemos-fuera-un-montaje-policial\/#breadcrumb"},"inLanguage":"es","potentialAction":[{"@type":"ReadAction","target":["https:\/\/vof-news.eu\/es\/el-juez-pedraz-niega-que-el-invento-de-la-cocaina-contra-urban-y-podemos-fuera-un-montaje-policial\/"]}]},{"@type":"ImageObject","inLanguage":"es","@id":"https:\/\/vof-news.eu\/es\/el-juez-pedraz-niega-que-el-invento-de-la-cocaina-contra-urban-y-podemos-fuera-un-montaje-policial\/#primaryimage","url":"https:\/\/vof-news.eu\/wp-content\/uploads\/2026\/01\/78733260-99b3-4354-8f59-b3909a392ce4_16-9-discover-aspect-ratio_default_0.jpg","contentUrl":"https:\/\/vof-news.eu\/wp-content\/uploads\/2026\/01\/78733260-99b3-4354-8f59-b3909a392ce4_16-9-discover-aspect-ratio_default_0.jpg","width":1200,"height":675},{"@type":"BreadcrumbList","@id":"https:\/\/vof-news.eu\/es\/el-juez-pedraz-niega-que-el-invento-de-la-cocaina-contra-urban-y-podemos-fuera-un-montaje-policial\/#breadcrumb","itemListElement":[{"@type":"ListItem","position":1,"name":"Home","item":"https:\/\/vof-news.eu\/es\/"},{"@type":"ListItem","position":2,"name":"El juez Pedraz niega que el invento de la coca\u00edna contra Urb\u00e1n y Podemos fuera \u201cun montaje policial\u201d"}]},{"@type":"WebSite","@id":"https:\/\/vof-news.eu\/es\/#website","url":"https:\/\/vof-news.eu\/es\/","name":"vof-news.eu","description":"","potentialAction":[{"@type":"SearchAction","target":{"@type":"EntryPoint","urlTemplate":"https:\/\/vof-news.eu\/es\/?s={search_term_string}"},"query-input":"required name=search_term_string"}],"inLanguage":"es"},{"@type":"Person","@id":"https:\/\/vof-news.eu\/es\/#\/schema\/person\/f6a2a4309f0561835797fd8c19b333ed","name":"Author","image":{"@type":"ImageObject","inLanguage":"es","@id":"https:\/\/vof-news.eu\/es\/#\/schema\/person\/image\/","url":"https:\/\/secure.gravatar.com\/avatar\/b67e614b1b25b3e9c0c239efdd2fde5ab015b5affd6f1c3c85911ca4b384e790?s=96&d=mm&r=g","contentUrl":"https:\/\/secure.gravatar.com\/avatar\/b67e614b1b25b3e9c0c239efdd2fde5ab015b5affd6f1c3c85911ca4b384e790?s=96&d=mm&r=g","caption":"Author"},"sameAs":["http:\/\/vof-news.eu"],"url":"https:\/\/vof-news.eu\/es\/author\/zwt6qxnjulxbnyg\/"}]}},"yoast_meta":{"yoast_wpseo_title":"","yoast_wpseo_metadesc":"","yoast_wpseo_canonical":""},"_links":{"self":[{"href":"https:\/\/vof-news.eu\/es\/wp-json\/wp\/v2\/posts\/320995","targetHints":{"allow":["GET"]}}],"collection":[{"href":"https:\/\/vof-news.eu\/es\/wp-json\/wp\/v2\/posts"}],"about":[{"href":"https:\/\/vof-news.eu\/es\/wp-json\/wp\/v2\/types\/post"}],"author":[{"embeddable":true,"href":"https:\/\/vof-news.eu\/es\/wp-json\/wp\/v2\/users\/1"}],"replies":[{"embeddable":true,"href":"https:\/\/vof-news.eu\/es\/wp-json\/wp\/v2\/comments?post=320995"}],"version-history":[{"count":1,"href":"https:\/\/vof-news.eu\/es\/wp-json\/wp\/v2\/posts\/320995\/revisions"}],"predecessor-version":[{"id":321002,"href":"https:\/\/vof-news.eu\/es\/wp-json\/wp\/v2\/posts\/320995\/revisions\/321002"}],"wp:featuredmedia":[{"embeddable":true,"href":"https:\/\/vof-news.eu\/es\/wp-json\/wp\/v2\/media\/320996"}],"wp:attachment":[{"href":"https:\/\/vof-news.eu\/es\/wp-json\/wp\/v2\/media?parent=320995"}],"wp:term":[{"taxonomy":"category","embeddable":true,"href":"https:\/\/vof-news.eu\/es\/wp-json\/wp\/v2\/categories?post=320995"},{"taxonomy":"post_tag","embeddable":true,"href":"https:\/\/vof-news.eu\/es\/wp-json\/wp\/v2\/tags?post=320995"}],"curies":[{"name":"wp","href":"https:\/\/api.w.org\/{rel}","templated":true}]}}