{"id":320987,"date":"2026-01-28T05:21:13","date_gmt":"2026-01-28T02:21:13","guid":{"rendered":"https:\/\/vof-news.eu\/the-new-york-times-se-fija-en-el-gobierno-de-espana-para-hablar-de-inmigracion-y-mandar-un-recado-a-la-america-de-trump\/"},"modified":"2026-01-28T05:21:56","modified_gmt":"2026-01-28T02:21:56","slug":"the-new-york-times-se-fija-en-el-gobierno-de-espana-para-hablar-de-inmigracion-y-mandar-un-recado-a-la-america-de-trump","status":"publish","type":"post","link":"https:\/\/vof-news.eu\/es\/the-new-york-times-se-fija-en-el-gobierno-de-espana-para-hablar-de-inmigracion-y-mandar-un-recado-a-la-america-de-trump\/","title":{"rendered":"\u2018The New York Times\u2019 se fija en el Gobierno de Espa\u00f1a para hablar de inmigraci\u00f3n\u2026 y mandar un recado a la Am\u00e9rica de Trump"},"content":{"rendered":"<div>\n<p>Que una decisi\u00f3n de la pol\u00edtica espa\u00f1ola se cuele en la portada de un peri\u00f3dico como\u00a0<i><a href=\"https:\/\/www.nytimes.com\/2026\/01\/27\/world\/europe\/spain-undocumented-migrants-residency.html\" rel=\"nofollow\">The New York Times<\/a><\/i> no es algo muy habitual. Que lo haga una regularizaci\u00f3n de inmigrantes, todav\u00eda menos. Y, sin embargo, eso es justo lo que ha sucedido este martes, cuando el diario neoyorquino ha colocado la <a href=\"https:\/\/www.huffingtonpost.es\/politica\/las-claves-regularizacion-medio-millon-migrantes-acuerdo-psoe-f202601.html\" rel=\"nofollow\">medida impulsada por el Ejecutivo de Pedro S\u00e1nchez, con el apoyo de Unidas Podemos<\/a>, como la noticia m\u00e1s importante de la publicaci\u00f3n. Pero no tanto para explicar qu\u00e9 es lo que se ha hecho Espa\u00f1a, sino para utilizarlo como espejo de la deriva restrictiva que gana terreno en otros pa\u00edses, como en la Am\u00e9rica de Trump.<\/p>\n<p>Lo cierto, es que la postura de<i> The New York Times<\/i> queda clara ya desde la portada de su p\u00e1gina web, en la que el peri\u00f3dico presenta <a href=\"https:\/\/www.huffingtonpost.es\/politica\/lo-feijoo-olvida-pp-aznar-regularizo-423820-migrantes-espana-f202601.html\" rel=\"nofollow\">la octava regularizaci\u00f3n extraordinaria<\/a> con un titular que resulta elocuente: \u00abEspa\u00f1a abre una v\u00eda para regularizar a inmigrantes mientras otros pa\u00edses endurecen sus pol\u00edticas\u00bb. A partir de esa m\u00e1xima, el relato que ha construido el diario estadounidense sostiene que la iniciativa espa\u00f1ola se sit\u00faa \u00aba contracorriente de otros pa\u00edses, que en los \u00faltimos a\u00f1os se han vuelto m\u00e1s restrictivos con la inmigraci\u00f3n irregular\u201d, en una referencia velada a la Casa Blanca.<\/p>\n<p>El contraste se vuelve a\u00fan m\u00e1s evidente cuando el texto viaja al otro lado del Atl\u00e1ntico y se refiere a Estados Unidos como un pa\u00eds en el que se est\u00e1 llevando a cabo \u00abuna violenta ofensiva que amenaza a millones de personas con una deportaci\u00f3n\u00bb que ha impulsado la Administraci\u00f3n de Donald Trump desde Washington, marcando el paso de una tendencia punitiva a la que parece que cada vez se apuntan m\u00e1s y m\u00e1s pa\u00edses occidentales.<\/p>\n<h3>Mine\u00e1polis reclama justicia<\/h3>\n<p>En Mine\u00e1polis, la dura pol\u00edtica migratoria de Donald Trump se deja notar desde hace unas cuantas semanas en las calles de la segunda ciudad del estado de Minesota, con redadas del Servicio de Inmigraci\u00f3n y Control de Aduanas (ICE), la presencia de agentes federales y la sensaci\u00f3n de que en los barrios con una importante poblaci\u00f3n de inmigrantes se ha instalado una especie de Gran Hermano que busca a personas sin permiso de residencia. Con zonas comerciales en las que las tiendas deben abrir a medias, muchos trabajadores han tenido que cambiar sus rutinas y las calles est\u00e1n mucho m\u00e1s vac\u00edas de lo habitual.<\/p>\n<p>La detenci\u00f3n hace unos d\u00edas de un ni\u00f1o de cinco a\u00f1os, cuando entraba en casa junto a su. padre se ha convertido en todo un s\u00edmbolo de los l\u00edmites que se han superado. La imagen del menor, con gorro azul y la mochila del colegio, elev\u00f3 un nivel\u00a0la tensi\u00f3n que ya llevaba tiempo acumul\u00e1ndose en la ciudad y que estall\u00f3 con\u00a0las muertes de Alex Pretti y Ren\u00e9e Good en dos operativos de los agentes del ICE.\u00a0Aunque la Casa Blanca ha asegurado que se van a investigar todos los detalles de estos incidentes y ha habido un repliegue parcial de los efectivos, la ciudad vive en estado de alerta.<\/p>\n<p>Minesota no es el \u00fanico estado en el que ha habido problemas con las operaciones contra la inmigraci\u00f3n irregular. Esta madrugada, una persona se encuentra en estado cr\u00edtico tras recibir un disparo durante un incidente con agentes de la Patrulla Fronteriza en Arivaca, una localidad cercana a la frontera con M\u00e9xico. Las autoridades locales ya han abierto una investigaci\u00f3n junto al FBI para esclarecer los hechos, en los que no han resultado heridos ning\u00fan agente, seg\u00fan el Departamento de Seguridad Nacional.<\/p>\n<p>Ese clima de tensi\u00f3n que atraviesa Estados Unidos ha empezado a provocar una cascada de reacciones que va m\u00e1s all\u00e1 de la calle. En los \u00faltimos d\u00edas, empresarios y figuras de la cultura en Estados Unidos han cuestionado abiertamente el papel de ICE. Como el CEO de ChatGPT, Sam Altman, quien ha advertido que se \u00abha ido demasiado lejos\u201d.\u00a0Actrices como Natalie Portman o Jenna Ortega han denunciado p\u00fablicamente la violencia de los operativos y en redes sociales, artistas como Billie Eilish u Olivia Rodrigo se han sumado a las cr\u00edticas, ampliando el foco de una crisis que ya no se limita a una sola ciudad.<\/p>\n<h3>Espa\u00f1a, seg\u00fan The New York Times<br \/><\/h3>\n<p>La regularizaci\u00f3n de inmigrantes en Espa\u00f1a permitir\u00e1 a miles de personas en situaci\u00f3n irregular solicitar un permiso temporal de residencia y trabajo si acreditan haber vivido en el pa\u00eds durante un periodo m\u00ednimo y carecen de antecedentes penales. Con la admisi\u00f3n de la solicitud, podr\u00e1n incorporarse al mercado laboral de forma inmediata.\u00a0<\/p>\n<p><i>The New York Times<\/i> recoge adem\u00e1s los argumentos esgrimidos por el Gobierno sobre el <a href=\"https:\/\/www.huffingtonpost.es\/politica\/espana-suma-605400-empleos-2025-paro-cae-debajo-10-primera-vez-2008-f202601.html\" rel=\"nofollow\">impacto econ\u00f3mico y social que tendr\u00e1 la regularizaci\u00f3n<\/a>, citando estudios que vinculan la inmigraci\u00f3n al crecimiento econ\u00f3mico y como soluci\u00f3n a la falta de mano de obra, junto a la opini\u00f3n de economistas que consideran poco probable que esta medida genere una presi\u00f3n significativa sobre el trabajo o la vivienda, al ser personas que ya viven en el pa\u00eds.<\/p>\n<p>El texto de <i>The New York Times<\/i> no evita los matices. Menciona la externalizaci\u00f3n del control migratorio hacia pa\u00edses como Marruecos o Mauritania y se\u00f1ala que la acogida no ha sido igual para todos los colectivos, en especial en el caso de migrantes procedentes de \u00c1frica. Aun as\u00ed, sit\u00faa la decisi\u00f3n espa\u00f1ola dentro de una l\u00ednea pol\u00edtica distinta a la que predomina actualmente en otros pa\u00edses occidentales.<\/p>\n<p>El peri\u00f3dico apunta tambi\u00e9n que Espa\u00f1a cuenta con precedentes de regularizaciones de gran alcance desde los a\u00f1os ochenta, bajo gobiernos de distinto signo, y que este tipo de procesos no son una excepci\u00f3n ni en el pa\u00eds ni en el conjunto de la Uni\u00f3n Europea. Con ese recorrido, recuerda que la medida ha salido adelante a trav\u00e9s de un decreto, despu\u00e9s de cerrar un acuerdo con Unidas Podemos y recoge tambi\u00e9n las cr\u00edticas del Partido Popular y la extrema derecha, que han anunciado recursos judiciales contra la iniciativa.<\/p>\n<\/div>\n","protected":false},"excerpt":{"rendered":"<p>Que una decisi\u00f3n de la pol\u00edtica espa\u00f1ola se cuele en la portada de un peri\u00f3dico como\u00a0The New York Times no es algo muy habitual. Que lo haga una regularizaci\u00f3n de inmigrantes, todav\u00eda menos. Y, sin embargo, eso es justo lo que ha sucedido este martes, cuando el diario neoyorquino ha colocado la medida impulsada por<\/p>\n","protected":false},"author":1,"featured_media":320988,"comment_status":"open","ping_status":"open","sticky":false,"template":"","format":"standard","meta":{"footnotes":""},"categories":[56],"tags":[],"class_list":["post-320987","post","type-post","status-publish","format-standard","has-post-thumbnail","hentry","category-main-news-es"],"acf":[],"yoast_head":"<!-- This site is optimized with the Yoast SEO plugin v22.9 - https:\/\/yoast.com\/wordpress\/plugins\/seo\/ -->\n<title>\u2018The New York Times\u2019 se fija en el Gobierno de Espa\u00f1a para hablar de inmigraci\u00f3n\u2026 y mandar un recado a la Am\u00e9rica de Trump - vof-news.eu<\/title>\n<meta name=\"description\" content=\"Que una decisi\u00f3n de la pol\u00edtica espa\u00f1ola se cuele en la portada de un peri\u00f3dico como\u00a0The New York Times no es algo muy habitual. Que lo haga una regularizaci\u00f3n de inmigrantes, todav\u00eda menos. Y, sin embargo, eso es justo lo que ha sucedido este martes, cuando el diario neoyorquino ha colocado la medida impulsada por el Ejecutivo de Pedro S\u00e1nchez, con el apoyo de Unidas Podemos, como la noticia m\u00e1s importante de la publicaci\u00f3n. Pero no tanto para explicar qu\u00e9 es lo que se ha hecho Espa\u00f1a, sino para utilizarlo como espejo de la deriva restrictiva que gana terreno en otros pa\u00edses, como en la Am\u00e9rica de Trump.Lo cierto, es que la postura de The New York Times queda clara ya desde la portada de su p\u00e1gina web, en la que el peri\u00f3dico presenta la octava regularizaci\u00f3n extraordinaria con un titular que resulta elocuente: &quot;Espa\u00f1a abre una v\u00eda para regularizar a inmigrantes mientras otros pa\u00edses endurecen sus pol\u00edticas&quot;. A partir de esa m\u00e1xima, el relato que ha construido el diario estadounidense sostiene que la iniciativa espa\u00f1ola se sit\u00faa &quot;a contracorriente de otros pa\u00edses, que en los \u00faltimos a\u00f1os se han vuelto m\u00e1s restrictivos con la inmigraci\u00f3n irregular\u201d, en una referencia velada a la Casa Blanca.El contraste se vuelve a\u00fan m\u00e1s evidente cuando el texto viaja al otro lado del Atl\u00e1ntico y se refiere a Estados Unidos como un pa\u00eds en el que se est\u00e1 llevando a cabo &quot;una violenta ofensiva que amenaza a millones de personas con una deportaci\u00f3n&quot; que ha impulsado la Administraci\u00f3n de Donald Trump desde Washington, marcando el paso de una tendencia punitiva a la que parece que cada vez se apuntan m\u00e1s y m\u00e1s pa\u00edses occidentales.Mine\u00e1polis reclama justiciaEn Mine\u00e1polis, la dura pol\u00edtica migratoria de Donald Trump se deja notar desde hace unas cuantas semanas en las calles de la segunda ciudad del estado de Minesota, con redadas del Servicio de Inmigraci\u00f3n y Control de Aduanas (ICE), la presencia de agentes federales y la sensaci\u00f3n de que en los barrios con una importante poblaci\u00f3n de inmigrantes se ha instalado una especie de Gran Hermano que busca a personas sin permiso de residencia. Con zonas comerciales en las que las tiendas deben abrir a medias, muchos trabajadores han tenido que cambiar sus rutinas y las calles est\u00e1n mucho m\u00e1s vac\u00edas de lo habitual.La detenci\u00f3n hace unos d\u00edas de un ni\u00f1o de cinco a\u00f1os, cuando entraba en casa junto a su. padre se ha convertido en todo un s\u00edmbolo de los l\u00edmites que se han superado. La imagen del menor, con gorro azul y la mochila del colegio, elev\u00f3 un nivel\u00a0la tensi\u00f3n que ya llevaba tiempo acumul\u00e1ndose en la ciudad y que estall\u00f3 con\u00a0las muertes de Alex Pretti y Ren\u00e9e Good en dos operativos de los agentes del ICE.\u00a0Aunque la Casa Blanca ha asegurado que se van a investigar todos los detalles de estos incidentes y ha habido un repliegue parcial de los efectivos, la ciudad vive en estado de alerta.Minesota no es el \u00fanico estado en el que ha habido problemas con las operaciones contra la inmigraci\u00f3n irregular. Esta madrugada, una persona se encuentra en estado cr\u00edtico tras recibir un disparo durante un incidente con agentes de la Patrulla Fronteriza en Arivaca, una localidad cercana a la frontera con M\u00e9xico. Las autoridades locales ya han abierto una investigaci\u00f3n junto al FBI para esclarecer los hechos, en los que no han resultado heridos ning\u00fan agente, seg\u00fan el Departamento de Seguridad Nacional.Ese clima de tensi\u00f3n que atraviesa Estados Unidos ha empezado a provocar una cascada de reacciones que va m\u00e1s all\u00e1 de la calle. En los \u00faltimos d\u00edas, empresarios y figuras de la cultura en Estados Unidos han cuestionado abiertamente el papel de ICE. Como el CEO de ChatGPT, Sam Altman, quien ha advertido que se &quot;ha ido demasiado lejos\u201d.\u00a0Actrices como Natalie Portman o Jenna Ortega han denunciado p\u00fablicamente la violencia de los operativos y en redes sociales, artistas como Billie Eilish u Olivia Rodrigo se han sumado a las cr\u00edticas, ampliando el foco de una crisis que ya no se limita a una sola ciudad.Espa\u00f1a, seg\u00fan The New York TimesLa regularizaci\u00f3n de inmigrantes en Espa\u00f1a permitir\u00e1 a miles de personas en situaci\u00f3n irregular solicitar un permiso temporal de residencia y trabajo si acreditan haber vivido en el pa\u00eds durante un periodo m\u00ednimo y carecen de antecedentes penales. Con la admisi\u00f3n de la solicitud, podr\u00e1n incorporarse al mercado laboral de forma inmediata.\u00a0The New York Times recoge adem\u00e1s los argumentos esgrimidos por el Gobierno sobre el impacto econ\u00f3mico y social que tendr\u00e1 la regularizaci\u00f3n, citando estudios que vinculan la inmigraci\u00f3n al crecimiento econ\u00f3mico y como soluci\u00f3n a la falta de mano de obra, junto a la opini\u00f3n de economistas que consideran poco probable que esta medida genere una presi\u00f3n significativa sobre el trabajo o la vivienda, al ser personas que ya viven en el pa\u00eds.El texto de The New York Times no evita los matices. Menciona la externalizaci\u00f3n del control migratorio hacia pa\u00edses como Marruecos o Mauritania y se\u00f1ala que la acogida no ha sido igual para todos los colectivos, en especial en el caso de migrantes procedentes de \u00c1frica. Aun as\u00ed, sit\u00faa la decisi\u00f3n espa\u00f1ola dentro de una l\u00ednea pol\u00edtica distinta a la que predomina actualmente en otros pa\u00edses occidentales.\" \/>\n<meta name=\"robots\" content=\"noindex, follow, max-snippet:-1, max-image-preview:large, max-video-preview:-1\" \/>\n<meta property=\"og:locale\" content=\"es_ES\" \/>\n<meta property=\"og:type\" content=\"article\" \/>\n<meta property=\"og:title\" content=\"\u2018The New York Times\u2019 se fija en el Gobierno de Espa\u00f1a para hablar de inmigraci\u00f3n\u2026 y mandar un recado a la Am\u00e9rica de Trump - vof-news.eu\" \/>\n<meta property=\"og:description\" content=\"Que una decisi\u00f3n de la pol\u00edtica espa\u00f1ola se cuele en la portada de un peri\u00f3dico como\u00a0The New York Times no es algo muy habitual. Que lo haga una regularizaci\u00f3n de inmigrantes, todav\u00eda menos. Y, sin embargo, eso es justo lo que ha sucedido este martes, cuando el diario neoyorquino ha colocado la medida impulsada por el Ejecutivo de Pedro S\u00e1nchez, con el apoyo de Unidas Podemos, como la noticia m\u00e1s importante de la publicaci\u00f3n. Pero no tanto para explicar qu\u00e9 es lo que se ha hecho Espa\u00f1a, sino para utilizarlo como espejo de la deriva restrictiva que gana terreno en otros pa\u00edses, como en la Am\u00e9rica de Trump.Lo cierto, es que la postura de The New York Times queda clara ya desde la portada de su p\u00e1gina web, en la que el peri\u00f3dico presenta la octava regularizaci\u00f3n extraordinaria con un titular que resulta elocuente: &quot;Espa\u00f1a abre una v\u00eda para regularizar a inmigrantes mientras otros pa\u00edses endurecen sus pol\u00edticas&quot;. A partir de esa m\u00e1xima, el relato que ha construido el diario estadounidense sostiene que la iniciativa espa\u00f1ola se sit\u00faa &quot;a contracorriente de otros pa\u00edses, que en los \u00faltimos a\u00f1os se han vuelto m\u00e1s restrictivos con la inmigraci\u00f3n irregular\u201d, en una referencia velada a la Casa Blanca.El contraste se vuelve a\u00fan m\u00e1s evidente cuando el texto viaja al otro lado del Atl\u00e1ntico y se refiere a Estados Unidos como un pa\u00eds en el que se est\u00e1 llevando a cabo &quot;una violenta ofensiva que amenaza a millones de personas con una deportaci\u00f3n&quot; que ha impulsado la Administraci\u00f3n de Donald Trump desde Washington, marcando el paso de una tendencia punitiva a la que parece que cada vez se apuntan m\u00e1s y m\u00e1s pa\u00edses occidentales.Mine\u00e1polis reclama justiciaEn Mine\u00e1polis, la dura pol\u00edtica migratoria de Donald Trump se deja notar desde hace unas cuantas semanas en las calles de la segunda ciudad del estado de Minesota, con redadas del Servicio de Inmigraci\u00f3n y Control de Aduanas (ICE), la presencia de agentes federales y la sensaci\u00f3n de que en los barrios con una importante poblaci\u00f3n de inmigrantes se ha instalado una especie de Gran Hermano que busca a personas sin permiso de residencia. Con zonas comerciales en las que las tiendas deben abrir a medias, muchos trabajadores han tenido que cambiar sus rutinas y las calles est\u00e1n mucho m\u00e1s vac\u00edas de lo habitual.La detenci\u00f3n hace unos d\u00edas de un ni\u00f1o de cinco a\u00f1os, cuando entraba en casa junto a su. padre se ha convertido en todo un s\u00edmbolo de los l\u00edmites que se han superado. La imagen del menor, con gorro azul y la mochila del colegio, elev\u00f3 un nivel\u00a0la tensi\u00f3n que ya llevaba tiempo acumul\u00e1ndose en la ciudad y que estall\u00f3 con\u00a0las muertes de Alex Pretti y Ren\u00e9e Good en dos operativos de los agentes del ICE.\u00a0Aunque la Casa Blanca ha asegurado que se van a investigar todos los detalles de estos incidentes y ha habido un repliegue parcial de los efectivos, la ciudad vive en estado de alerta.Minesota no es el \u00fanico estado en el que ha habido problemas con las operaciones contra la inmigraci\u00f3n irregular. Esta madrugada, una persona se encuentra en estado cr\u00edtico tras recibir un disparo durante un incidente con agentes de la Patrulla Fronteriza en Arivaca, una localidad cercana a la frontera con M\u00e9xico. Las autoridades locales ya han abierto una investigaci\u00f3n junto al FBI para esclarecer los hechos, en los que no han resultado heridos ning\u00fan agente, seg\u00fan el Departamento de Seguridad Nacional.Ese clima de tensi\u00f3n que atraviesa Estados Unidos ha empezado a provocar una cascada de reacciones que va m\u00e1s all\u00e1 de la calle. En los \u00faltimos d\u00edas, empresarios y figuras de la cultura en Estados Unidos han cuestionado abiertamente el papel de ICE. Como el CEO de ChatGPT, Sam Altman, quien ha advertido que se &quot;ha ido demasiado lejos\u201d.\u00a0Actrices como Natalie Portman o Jenna Ortega han denunciado p\u00fablicamente la violencia de los operativos y en redes sociales, artistas como Billie Eilish u Olivia Rodrigo se han sumado a las cr\u00edticas, ampliando el foco de una crisis que ya no se limita a una sola ciudad.Espa\u00f1a, seg\u00fan The New York TimesLa regularizaci\u00f3n de inmigrantes en Espa\u00f1a permitir\u00e1 a miles de personas en situaci\u00f3n irregular solicitar un permiso temporal de residencia y trabajo si acreditan haber vivido en el pa\u00eds durante un periodo m\u00ednimo y carecen de antecedentes penales. Con la admisi\u00f3n de la solicitud, podr\u00e1n incorporarse al mercado laboral de forma inmediata.\u00a0The New York Times recoge adem\u00e1s los argumentos esgrimidos por el Gobierno sobre el impacto econ\u00f3mico y social que tendr\u00e1 la regularizaci\u00f3n, citando estudios que vinculan la inmigraci\u00f3n al crecimiento econ\u00f3mico y como soluci\u00f3n a la falta de mano de obra, junto a la opini\u00f3n de economistas que consideran poco probable que esta medida genere una presi\u00f3n significativa sobre el trabajo o la vivienda, al ser personas que ya viven en el pa\u00eds.El texto de The New York Times no evita los matices. Menciona la externalizaci\u00f3n del control migratorio hacia pa\u00edses como Marruecos o Mauritania y se\u00f1ala que la acogida no ha sido igual para todos los colectivos, en especial en el caso de migrantes procedentes de \u00c1frica. Aun as\u00ed, sit\u00faa la decisi\u00f3n espa\u00f1ola dentro de una l\u00ednea pol\u00edtica distinta a la que predomina actualmente en otros pa\u00edses occidentales.\" \/>\n<meta property=\"og:url\" content=\"https:\/\/vof-news.eu\/es\/the-new-york-times-se-fija-en-el-gobierno-de-espana-para-hablar-de-inmigracion-y-mandar-un-recado-a-la-america-de-trump\/\" \/>\n<meta property=\"og:site_name\" content=\"vof-news.eu\" \/>\n<meta property=\"article:published_time\" content=\"2026-01-28T02:21:13+00:00\" \/>\n<meta property=\"article:modified_time\" content=\"2026-01-28T02:21:56+00:00\" \/>\n<meta property=\"og:image\" content=\"https:\/\/vof-news.eu\/wp-content\/uploads\/2026\/01\/la-noticia-sobre-la-regularizacion-de-inmigrantes-en-espana-que-ha-publicado-the-new-york-times-3382.jpeg\" \/>\n\t<meta property=\"og:image:width\" content=\"1200\" \/>\n\t<meta property=\"og:image:height\" content=\"800\" \/>\n\t<meta property=\"og:image:type\" content=\"image\/jpeg\" \/>\n<meta name=\"author\" content=\"Author\" \/>\n<meta name=\"twitter:card\" content=\"summary_large_image\" \/>\n<meta name=\"twitter:label1\" content=\"Escrito por\" \/>\n\t<meta name=\"twitter:data1\" content=\"Author\" \/>\n\t<meta name=\"twitter:label2\" content=\"Tiempo de lectura\" \/>\n\t<meta name=\"twitter:data2\" content=\"5 minutos\" \/>\n<script type=\"application\/ld+json\" class=\"yoast-schema-graph\">{\"@context\":\"https:\/\/schema.org\",\"@graph\":[{\"@type\":\"WebPage\",\"@id\":\"https:\/\/vof-news.eu\/es\/the-new-york-times-se-fija-en-el-gobierno-de-espana-para-hablar-de-inmigracion-y-mandar-un-recado-a-la-america-de-trump\/\",\"url\":\"https:\/\/vof-news.eu\/es\/the-new-york-times-se-fija-en-el-gobierno-de-espana-para-hablar-de-inmigracion-y-mandar-un-recado-a-la-america-de-trump\/\",\"name\":\"\u2018The New York Times\u2019 se fija en el Gobierno de Espa\u00f1a para hablar de inmigraci\u00f3n\u2026 y mandar un recado a la Am\u00e9rica de Trump - vof-news.eu\",\"isPartOf\":{\"@id\":\"https:\/\/vof-news.eu\/es\/#website\"},\"primaryImageOfPage\":{\"@id\":\"https:\/\/vof-news.eu\/es\/the-new-york-times-se-fija-en-el-gobierno-de-espana-para-hablar-de-inmigracion-y-mandar-un-recado-a-la-america-de-trump\/#primaryimage\"},\"image\":{\"@id\":\"https:\/\/vof-news.eu\/es\/the-new-york-times-se-fija-en-el-gobierno-de-espana-para-hablar-de-inmigracion-y-mandar-un-recado-a-la-america-de-trump\/#primaryimage\"},\"thumbnailUrl\":\"https:\/\/vof-news.eu\/wp-content\/uploads\/2026\/01\/la-noticia-sobre-la-regularizacion-de-inmigrantes-en-espana-que-ha-publicado-the-new-york-times-3382.jpeg\",\"datePublished\":\"2026-01-28T02:21:13+00:00\",\"dateModified\":\"2026-01-28T02:21:56+00:00\",\"author\":{\"@id\":\"https:\/\/vof-news.eu\/es\/#\/schema\/person\/f6a2a4309f0561835797fd8c19b333ed\"},\"description\":\"Que una decisi\u00f3n de la pol\u00edtica espa\u00f1ola se cuele en la portada de un peri\u00f3dico como\u00a0The New York Times no es algo muy habitual. Que lo haga una regularizaci\u00f3n de inmigrantes, todav\u00eda menos. Y, sin embargo, eso es justo lo que ha sucedido este martes, cuando el diario neoyorquino ha colocado la medida impulsada por el Ejecutivo de Pedro S\u00e1nchez, con el apoyo de Unidas Podemos, como la noticia m\u00e1s importante de la publicaci\u00f3n. Pero no tanto para explicar qu\u00e9 es lo que se ha hecho Espa\u00f1a, sino para utilizarlo como espejo de la deriva restrictiva que gana terreno en otros pa\u00edses, como en la Am\u00e9rica de Trump.Lo cierto, es que la postura de The New York Times queda clara ya desde la portada de su p\u00e1gina web, en la que el peri\u00f3dico presenta la octava regularizaci\u00f3n extraordinaria con un titular que resulta elocuente: \\\"Espa\u00f1a abre una v\u00eda para regularizar a inmigrantes mientras otros pa\u00edses endurecen sus pol\u00edticas\\\". A partir de esa m\u00e1xima, el relato que ha construido el diario estadounidense sostiene que la iniciativa espa\u00f1ola se sit\u00faa \\\"a contracorriente de otros pa\u00edses, que en los \u00faltimos a\u00f1os se han vuelto m\u00e1s restrictivos con la inmigraci\u00f3n irregular\u201d, en una referencia velada a la Casa Blanca.El contraste se vuelve a\u00fan m\u00e1s evidente cuando el texto viaja al otro lado del Atl\u00e1ntico y se refiere a Estados Unidos como un pa\u00eds en el que se est\u00e1 llevando a cabo \\\"una violenta ofensiva que amenaza a millones de personas con una deportaci\u00f3n\\\" que ha impulsado la Administraci\u00f3n de Donald Trump desde Washington, marcando el paso de una tendencia punitiva a la que parece que cada vez se apuntan m\u00e1s y m\u00e1s pa\u00edses occidentales.Mine\u00e1polis reclama justiciaEn Mine\u00e1polis, la dura pol\u00edtica migratoria de Donald Trump se deja notar desde hace unas cuantas semanas en las calles de la segunda ciudad del estado de Minesota, con redadas del Servicio de Inmigraci\u00f3n y Control de Aduanas (ICE), la presencia de agentes federales y la sensaci\u00f3n de que en los barrios con una importante poblaci\u00f3n de inmigrantes se ha instalado una especie de Gran Hermano que busca a personas sin permiso de residencia. Con zonas comerciales en las que las tiendas deben abrir a medias, muchos trabajadores han tenido que cambiar sus rutinas y las calles est\u00e1n mucho m\u00e1s vac\u00edas de lo habitual.La detenci\u00f3n hace unos d\u00edas de un ni\u00f1o de cinco a\u00f1os, cuando entraba en casa junto a su. padre se ha convertido en todo un s\u00edmbolo de los l\u00edmites que se han superado. La imagen del menor, con gorro azul y la mochila del colegio, elev\u00f3 un nivel\u00a0la tensi\u00f3n que ya llevaba tiempo acumul\u00e1ndose en la ciudad y que estall\u00f3 con\u00a0las muertes de Alex Pretti y Ren\u00e9e Good en dos operativos de los agentes del ICE.\u00a0Aunque la Casa Blanca ha asegurado que se van a investigar todos los detalles de estos incidentes y ha habido un repliegue parcial de los efectivos, la ciudad vive en estado de alerta.Minesota no es el \u00fanico estado en el que ha habido problemas con las operaciones contra la inmigraci\u00f3n irregular. Esta madrugada, una persona se encuentra en estado cr\u00edtico tras recibir un disparo durante un incidente con agentes de la Patrulla Fronteriza en Arivaca, una localidad cercana a la frontera con M\u00e9xico. Las autoridades locales ya han abierto una investigaci\u00f3n junto al FBI para esclarecer los hechos, en los que no han resultado heridos ning\u00fan agente, seg\u00fan el Departamento de Seguridad Nacional.Ese clima de tensi\u00f3n que atraviesa Estados Unidos ha empezado a provocar una cascada de reacciones que va m\u00e1s all\u00e1 de la calle. En los \u00faltimos d\u00edas, empresarios y figuras de la cultura en Estados Unidos han cuestionado abiertamente el papel de ICE. Como el CEO de ChatGPT, Sam Altman, quien ha advertido que se \\\"ha ido demasiado lejos\u201d.\u00a0Actrices como Natalie Portman o Jenna Ortega han denunciado p\u00fablicamente la violencia de los operativos y en redes sociales, artistas como Billie Eilish u Olivia Rodrigo se han sumado a las cr\u00edticas, ampliando el foco de una crisis que ya no se limita a una sola ciudad.Espa\u00f1a, seg\u00fan The New York TimesLa regularizaci\u00f3n de inmigrantes en Espa\u00f1a permitir\u00e1 a miles de personas en situaci\u00f3n irregular solicitar un permiso temporal de residencia y trabajo si acreditan haber vivido en el pa\u00eds durante un periodo m\u00ednimo y carecen de antecedentes penales. Con la admisi\u00f3n de la solicitud, podr\u00e1n incorporarse al mercado laboral de forma inmediata.\u00a0The New York Times recoge adem\u00e1s los argumentos esgrimidos por el Gobierno sobre el impacto econ\u00f3mico y social que tendr\u00e1 la regularizaci\u00f3n, citando estudios que vinculan la inmigraci\u00f3n al crecimiento econ\u00f3mico y como soluci\u00f3n a la falta de mano de obra, junto a la opini\u00f3n de economistas que consideran poco probable que esta medida genere una presi\u00f3n significativa sobre el trabajo o la vivienda, al ser personas que ya viven en el pa\u00eds.El texto de The New York Times no evita los matices. Menciona la externalizaci\u00f3n del control migratorio hacia pa\u00edses como Marruecos o Mauritania y se\u00f1ala que la acogida no ha sido igual para todos los colectivos, en especial en el caso de migrantes procedentes de \u00c1frica. Aun as\u00ed, sit\u00faa la decisi\u00f3n espa\u00f1ola dentro de una l\u00ednea pol\u00edtica distinta a la que predomina actualmente en otros pa\u00edses occidentales.\",\"breadcrumb\":{\"@id\":\"https:\/\/vof-news.eu\/es\/the-new-york-times-se-fija-en-el-gobierno-de-espana-para-hablar-de-inmigracion-y-mandar-un-recado-a-la-america-de-trump\/#breadcrumb\"},\"inLanguage\":\"es\",\"potentialAction\":[{\"@type\":\"ReadAction\",\"target\":[\"https:\/\/vof-news.eu\/es\/the-new-york-times-se-fija-en-el-gobierno-de-espana-para-hablar-de-inmigracion-y-mandar-un-recado-a-la-america-de-trump\/\"]}]},{\"@type\":\"ImageObject\",\"inLanguage\":\"es\",\"@id\":\"https:\/\/vof-news.eu\/es\/the-new-york-times-se-fija-en-el-gobierno-de-espana-para-hablar-de-inmigracion-y-mandar-un-recado-a-la-america-de-trump\/#primaryimage\",\"url\":\"https:\/\/vof-news.eu\/wp-content\/uploads\/2026\/01\/la-noticia-sobre-la-regularizacion-de-inmigrantes-en-espana-que-ha-publicado-the-new-york-times-3382.jpeg\",\"contentUrl\":\"https:\/\/vof-news.eu\/wp-content\/uploads\/2026\/01\/la-noticia-sobre-la-regularizacion-de-inmigrantes-en-espana-que-ha-publicado-the-new-york-times-3382.jpeg\",\"width\":1200,\"height\":800},{\"@type\":\"BreadcrumbList\",\"@id\":\"https:\/\/vof-news.eu\/es\/the-new-york-times-se-fija-en-el-gobierno-de-espana-para-hablar-de-inmigracion-y-mandar-un-recado-a-la-america-de-trump\/#breadcrumb\",\"itemListElement\":[{\"@type\":\"ListItem\",\"position\":1,\"name\":\"Home\",\"item\":\"https:\/\/vof-news.eu\/es\/\"},{\"@type\":\"ListItem\",\"position\":2,\"name\":\"\u2018The New York Times\u2019 se fija en el Gobierno de Espa\u00f1a para hablar de inmigraci\u00f3n\u2026 y mandar un recado a la Am\u00e9rica de Trump\"}]},{\"@type\":\"WebSite\",\"@id\":\"https:\/\/vof-news.eu\/es\/#website\",\"url\":\"https:\/\/vof-news.eu\/es\/\",\"name\":\"vof-news.eu\",\"description\":\"\",\"potentialAction\":[{\"@type\":\"SearchAction\",\"target\":{\"@type\":\"EntryPoint\",\"urlTemplate\":\"https:\/\/vof-news.eu\/es\/?s={search_term_string}\"},\"query-input\":\"required name=search_term_string\"}],\"inLanguage\":\"es\"},{\"@type\":\"Person\",\"@id\":\"https:\/\/vof-news.eu\/es\/#\/schema\/person\/f6a2a4309f0561835797fd8c19b333ed\",\"name\":\"Author\",\"image\":{\"@type\":\"ImageObject\",\"inLanguage\":\"es\",\"@id\":\"https:\/\/vof-news.eu\/es\/#\/schema\/person\/image\/\",\"url\":\"https:\/\/secure.gravatar.com\/avatar\/b67e614b1b25b3e9c0c239efdd2fde5ab015b5affd6f1c3c85911ca4b384e790?s=96&d=mm&r=g\",\"contentUrl\":\"https:\/\/secure.gravatar.com\/avatar\/b67e614b1b25b3e9c0c239efdd2fde5ab015b5affd6f1c3c85911ca4b384e790?s=96&d=mm&r=g\",\"caption\":\"Author\"},\"sameAs\":[\"http:\/\/vof-news.eu\"],\"url\":\"https:\/\/vof-news.eu\/es\/author\/zwt6qxnjulxbnyg\/\"}]}<\/script>\n<!-- \/ Yoast SEO plugin. -->","yoast_head_json":{"title":"\u2018The New York Times\u2019 se fija en el Gobierno de Espa\u00f1a para hablar de inmigraci\u00f3n\u2026 y mandar un recado a la Am\u00e9rica de Trump - vof-news.eu","description":"Que una decisi\u00f3n de la pol\u00edtica espa\u00f1ola se cuele en la portada de un peri\u00f3dico como\u00a0The New York Times no es algo muy habitual. Que lo haga una regularizaci\u00f3n de inmigrantes, todav\u00eda menos. Y, sin embargo, eso es justo lo que ha sucedido este martes, cuando el diario neoyorquino ha colocado la medida impulsada por el Ejecutivo de Pedro S\u00e1nchez, con el apoyo de Unidas Podemos, como la noticia m\u00e1s importante de la publicaci\u00f3n. Pero no tanto para explicar qu\u00e9 es lo que se ha hecho Espa\u00f1a, sino para utilizarlo como espejo de la deriva restrictiva que gana terreno en otros pa\u00edses, como en la Am\u00e9rica de Trump.Lo cierto, es que la postura de The New York Times queda clara ya desde la portada de su p\u00e1gina web, en la que el peri\u00f3dico presenta la octava regularizaci\u00f3n extraordinaria con un titular que resulta elocuente: \"Espa\u00f1a abre una v\u00eda para regularizar a inmigrantes mientras otros pa\u00edses endurecen sus pol\u00edticas\". A partir de esa m\u00e1xima, el relato que ha construido el diario estadounidense sostiene que la iniciativa espa\u00f1ola se sit\u00faa \"a contracorriente de otros pa\u00edses, que en los \u00faltimos a\u00f1os se han vuelto m\u00e1s restrictivos con la inmigraci\u00f3n irregular\u201d, en una referencia velada a la Casa Blanca.El contraste se vuelve a\u00fan m\u00e1s evidente cuando el texto viaja al otro lado del Atl\u00e1ntico y se refiere a Estados Unidos como un pa\u00eds en el que se est\u00e1 llevando a cabo \"una violenta ofensiva que amenaza a millones de personas con una deportaci\u00f3n\" que ha impulsado la Administraci\u00f3n de Donald Trump desde Washington, marcando el paso de una tendencia punitiva a la que parece que cada vez se apuntan m\u00e1s y m\u00e1s pa\u00edses occidentales.Mine\u00e1polis reclama justiciaEn Mine\u00e1polis, la dura pol\u00edtica migratoria de Donald Trump se deja notar desde hace unas cuantas semanas en las calles de la segunda ciudad del estado de Minesota, con redadas del Servicio de Inmigraci\u00f3n y Control de Aduanas (ICE), la presencia de agentes federales y la sensaci\u00f3n de que en los barrios con una importante poblaci\u00f3n de inmigrantes se ha instalado una especie de Gran Hermano que busca a personas sin permiso de residencia. Con zonas comerciales en las que las tiendas deben abrir a medias, muchos trabajadores han tenido que cambiar sus rutinas y las calles est\u00e1n mucho m\u00e1s vac\u00edas de lo habitual.La detenci\u00f3n hace unos d\u00edas de un ni\u00f1o de cinco a\u00f1os, cuando entraba en casa junto a su. padre se ha convertido en todo un s\u00edmbolo de los l\u00edmites que se han superado. La imagen del menor, con gorro azul y la mochila del colegio, elev\u00f3 un nivel\u00a0la tensi\u00f3n que ya llevaba tiempo acumul\u00e1ndose en la ciudad y que estall\u00f3 con\u00a0las muertes de Alex Pretti y Ren\u00e9e Good en dos operativos de los agentes del ICE.\u00a0Aunque la Casa Blanca ha asegurado que se van a investigar todos los detalles de estos incidentes y ha habido un repliegue parcial de los efectivos, la ciudad vive en estado de alerta.Minesota no es el \u00fanico estado en el que ha habido problemas con las operaciones contra la inmigraci\u00f3n irregular. Esta madrugada, una persona se encuentra en estado cr\u00edtico tras recibir un disparo durante un incidente con agentes de la Patrulla Fronteriza en Arivaca, una localidad cercana a la frontera con M\u00e9xico. Las autoridades locales ya han abierto una investigaci\u00f3n junto al FBI para esclarecer los hechos, en los que no han resultado heridos ning\u00fan agente, seg\u00fan el Departamento de Seguridad Nacional.Ese clima de tensi\u00f3n que atraviesa Estados Unidos ha empezado a provocar una cascada de reacciones que va m\u00e1s all\u00e1 de la calle. En los \u00faltimos d\u00edas, empresarios y figuras de la cultura en Estados Unidos han cuestionado abiertamente el papel de ICE. Como el CEO de ChatGPT, Sam Altman, quien ha advertido que se \"ha ido demasiado lejos\u201d.\u00a0Actrices como Natalie Portman o Jenna Ortega han denunciado p\u00fablicamente la violencia de los operativos y en redes sociales, artistas como Billie Eilish u Olivia Rodrigo se han sumado a las cr\u00edticas, ampliando el foco de una crisis que ya no se limita a una sola ciudad.Espa\u00f1a, seg\u00fan The New York TimesLa regularizaci\u00f3n de inmigrantes en Espa\u00f1a permitir\u00e1 a miles de personas en situaci\u00f3n irregular solicitar un permiso temporal de residencia y trabajo si acreditan haber vivido en el pa\u00eds durante un periodo m\u00ednimo y carecen de antecedentes penales. Con la admisi\u00f3n de la solicitud, podr\u00e1n incorporarse al mercado laboral de forma inmediata.\u00a0The New York Times recoge adem\u00e1s los argumentos esgrimidos por el Gobierno sobre el impacto econ\u00f3mico y social que tendr\u00e1 la regularizaci\u00f3n, citando estudios que vinculan la inmigraci\u00f3n al crecimiento econ\u00f3mico y como soluci\u00f3n a la falta de mano de obra, junto a la opini\u00f3n de economistas que consideran poco probable que esta medida genere una presi\u00f3n significativa sobre el trabajo o la vivienda, al ser personas que ya viven en el pa\u00eds.El texto de The New York Times no evita los matices. Menciona la externalizaci\u00f3n del control migratorio hacia pa\u00edses como Marruecos o Mauritania y se\u00f1ala que la acogida no ha sido igual para todos los colectivos, en especial en el caso de migrantes procedentes de \u00c1frica. Aun as\u00ed, sit\u00faa la decisi\u00f3n espa\u00f1ola dentro de una l\u00ednea pol\u00edtica distinta a la que predomina actualmente en otros pa\u00edses occidentales.","robots":{"index":"noindex","follow":"follow","max-snippet":"max-snippet:-1","max-image-preview":"max-image-preview:large","max-video-preview":"max-video-preview:-1"},"og_locale":"es_ES","og_type":"article","og_title":"\u2018The New York Times\u2019 se fija en el Gobierno de Espa\u00f1a para hablar de inmigraci\u00f3n\u2026 y mandar un recado a la Am\u00e9rica de Trump - vof-news.eu","og_description":"Que una decisi\u00f3n de la pol\u00edtica espa\u00f1ola se cuele en la portada de un peri\u00f3dico como\u00a0The New York Times no es algo muy habitual. Que lo haga una regularizaci\u00f3n de inmigrantes, todav\u00eda menos. Y, sin embargo, eso es justo lo que ha sucedido este martes, cuando el diario neoyorquino ha colocado la medida impulsada por el Ejecutivo de Pedro S\u00e1nchez, con el apoyo de Unidas Podemos, como la noticia m\u00e1s importante de la publicaci\u00f3n. Pero no tanto para explicar qu\u00e9 es lo que se ha hecho Espa\u00f1a, sino para utilizarlo como espejo de la deriva restrictiva que gana terreno en otros pa\u00edses, como en la Am\u00e9rica de Trump.Lo cierto, es que la postura de The New York Times queda clara ya desde la portada de su p\u00e1gina web, en la que el peri\u00f3dico presenta la octava regularizaci\u00f3n extraordinaria con un titular que resulta elocuente: \"Espa\u00f1a abre una v\u00eda para regularizar a inmigrantes mientras otros pa\u00edses endurecen sus pol\u00edticas\". A partir de esa m\u00e1xima, el relato que ha construido el diario estadounidense sostiene que la iniciativa espa\u00f1ola se sit\u00faa \"a contracorriente de otros pa\u00edses, que en los \u00faltimos a\u00f1os se han vuelto m\u00e1s restrictivos con la inmigraci\u00f3n irregular\u201d, en una referencia velada a la Casa Blanca.El contraste se vuelve a\u00fan m\u00e1s evidente cuando el texto viaja al otro lado del Atl\u00e1ntico y se refiere a Estados Unidos como un pa\u00eds en el que se est\u00e1 llevando a cabo \"una violenta ofensiva que amenaza a millones de personas con una deportaci\u00f3n\" que ha impulsado la Administraci\u00f3n de Donald Trump desde Washington, marcando el paso de una tendencia punitiva a la que parece que cada vez se apuntan m\u00e1s y m\u00e1s pa\u00edses occidentales.Mine\u00e1polis reclama justiciaEn Mine\u00e1polis, la dura pol\u00edtica migratoria de Donald Trump se deja notar desde hace unas cuantas semanas en las calles de la segunda ciudad del estado de Minesota, con redadas del Servicio de Inmigraci\u00f3n y Control de Aduanas (ICE), la presencia de agentes federales y la sensaci\u00f3n de que en los barrios con una importante poblaci\u00f3n de inmigrantes se ha instalado una especie de Gran Hermano que busca a personas sin permiso de residencia. Con zonas comerciales en las que las tiendas deben abrir a medias, muchos trabajadores han tenido que cambiar sus rutinas y las calles est\u00e1n mucho m\u00e1s vac\u00edas de lo habitual.La detenci\u00f3n hace unos d\u00edas de un ni\u00f1o de cinco a\u00f1os, cuando entraba en casa junto a su. padre se ha convertido en todo un s\u00edmbolo de los l\u00edmites que se han superado. La imagen del menor, con gorro azul y la mochila del colegio, elev\u00f3 un nivel\u00a0la tensi\u00f3n que ya llevaba tiempo acumul\u00e1ndose en la ciudad y que estall\u00f3 con\u00a0las muertes de Alex Pretti y Ren\u00e9e Good en dos operativos de los agentes del ICE.\u00a0Aunque la Casa Blanca ha asegurado que se van a investigar todos los detalles de estos incidentes y ha habido un repliegue parcial de los efectivos, la ciudad vive en estado de alerta.Minesota no es el \u00fanico estado en el que ha habido problemas con las operaciones contra la inmigraci\u00f3n irregular. Esta madrugada, una persona se encuentra en estado cr\u00edtico tras recibir un disparo durante un incidente con agentes de la Patrulla Fronteriza en Arivaca, una localidad cercana a la frontera con M\u00e9xico. Las autoridades locales ya han abierto una investigaci\u00f3n junto al FBI para esclarecer los hechos, en los que no han resultado heridos ning\u00fan agente, seg\u00fan el Departamento de Seguridad Nacional.Ese clima de tensi\u00f3n que atraviesa Estados Unidos ha empezado a provocar una cascada de reacciones que va m\u00e1s all\u00e1 de la calle. En los \u00faltimos d\u00edas, empresarios y figuras de la cultura en Estados Unidos han cuestionado abiertamente el papel de ICE. Como el CEO de ChatGPT, Sam Altman, quien ha advertido que se \"ha ido demasiado lejos\u201d.\u00a0Actrices como Natalie Portman o Jenna Ortega han denunciado p\u00fablicamente la violencia de los operativos y en redes sociales, artistas como Billie Eilish u Olivia Rodrigo se han sumado a las cr\u00edticas, ampliando el foco de una crisis que ya no se limita a una sola ciudad.Espa\u00f1a, seg\u00fan The New York TimesLa regularizaci\u00f3n de inmigrantes en Espa\u00f1a permitir\u00e1 a miles de personas en situaci\u00f3n irregular solicitar un permiso temporal de residencia y trabajo si acreditan haber vivido en el pa\u00eds durante un periodo m\u00ednimo y carecen de antecedentes penales. Con la admisi\u00f3n de la solicitud, podr\u00e1n incorporarse al mercado laboral de forma inmediata.\u00a0The New York Times recoge adem\u00e1s los argumentos esgrimidos por el Gobierno sobre el impacto econ\u00f3mico y social que tendr\u00e1 la regularizaci\u00f3n, citando estudios que vinculan la inmigraci\u00f3n al crecimiento econ\u00f3mico y como soluci\u00f3n a la falta de mano de obra, junto a la opini\u00f3n de economistas que consideran poco probable que esta medida genere una presi\u00f3n significativa sobre el trabajo o la vivienda, al ser personas que ya viven en el pa\u00eds.El texto de The New York Times no evita los matices. Menciona la externalizaci\u00f3n del control migratorio hacia pa\u00edses como Marruecos o Mauritania y se\u00f1ala que la acogida no ha sido igual para todos los colectivos, en especial en el caso de migrantes procedentes de \u00c1frica. Aun as\u00ed, sit\u00faa la decisi\u00f3n espa\u00f1ola dentro de una l\u00ednea pol\u00edtica distinta a la que predomina actualmente en otros pa\u00edses occidentales.","og_url":"https:\/\/vof-news.eu\/es\/the-new-york-times-se-fija-en-el-gobierno-de-espana-para-hablar-de-inmigracion-y-mandar-un-recado-a-la-america-de-trump\/","og_site_name":"vof-news.eu","article_published_time":"2026-01-28T02:21:13+00:00","article_modified_time":"2026-01-28T02:21:56+00:00","og_image":[{"width":1200,"height":800,"url":"https:\/\/vof-news.eu\/wp-content\/uploads\/2026\/01\/la-noticia-sobre-la-regularizacion-de-inmigrantes-en-espana-que-ha-publicado-the-new-york-times-3382.jpeg","type":"image\/jpeg"}],"author":"Author","twitter_card":"summary_large_image","twitter_misc":{"Escrito por":"Author","Tiempo de lectura":"5 minutos"},"schema":{"@context":"https:\/\/schema.org","@graph":[{"@type":"WebPage","@id":"https:\/\/vof-news.eu\/es\/the-new-york-times-se-fija-en-el-gobierno-de-espana-para-hablar-de-inmigracion-y-mandar-un-recado-a-la-america-de-trump\/","url":"https:\/\/vof-news.eu\/es\/the-new-york-times-se-fija-en-el-gobierno-de-espana-para-hablar-de-inmigracion-y-mandar-un-recado-a-la-america-de-trump\/","name":"\u2018The New York Times\u2019 se fija en el Gobierno de Espa\u00f1a para hablar de inmigraci\u00f3n\u2026 y mandar un recado a la Am\u00e9rica de Trump - vof-news.eu","isPartOf":{"@id":"https:\/\/vof-news.eu\/es\/#website"},"primaryImageOfPage":{"@id":"https:\/\/vof-news.eu\/es\/the-new-york-times-se-fija-en-el-gobierno-de-espana-para-hablar-de-inmigracion-y-mandar-un-recado-a-la-america-de-trump\/#primaryimage"},"image":{"@id":"https:\/\/vof-news.eu\/es\/the-new-york-times-se-fija-en-el-gobierno-de-espana-para-hablar-de-inmigracion-y-mandar-un-recado-a-la-america-de-trump\/#primaryimage"},"thumbnailUrl":"https:\/\/vof-news.eu\/wp-content\/uploads\/2026\/01\/la-noticia-sobre-la-regularizacion-de-inmigrantes-en-espana-que-ha-publicado-the-new-york-times-3382.jpeg","datePublished":"2026-01-28T02:21:13+00:00","dateModified":"2026-01-28T02:21:56+00:00","author":{"@id":"https:\/\/vof-news.eu\/es\/#\/schema\/person\/f6a2a4309f0561835797fd8c19b333ed"},"description":"Que una decisi\u00f3n de la pol\u00edtica espa\u00f1ola se cuele en la portada de un peri\u00f3dico como\u00a0The New York Times no es algo muy habitual. Que lo haga una regularizaci\u00f3n de inmigrantes, todav\u00eda menos. Y, sin embargo, eso es justo lo que ha sucedido este martes, cuando el diario neoyorquino ha colocado la medida impulsada por el Ejecutivo de Pedro S\u00e1nchez, con el apoyo de Unidas Podemos, como la noticia m\u00e1s importante de la publicaci\u00f3n. Pero no tanto para explicar qu\u00e9 es lo que se ha hecho Espa\u00f1a, sino para utilizarlo como espejo de la deriva restrictiva que gana terreno en otros pa\u00edses, como en la Am\u00e9rica de Trump.Lo cierto, es que la postura de The New York Times queda clara ya desde la portada de su p\u00e1gina web, en la que el peri\u00f3dico presenta la octava regularizaci\u00f3n extraordinaria con un titular que resulta elocuente: \"Espa\u00f1a abre una v\u00eda para regularizar a inmigrantes mientras otros pa\u00edses endurecen sus pol\u00edticas\". A partir de esa m\u00e1xima, el relato que ha construido el diario estadounidense sostiene que la iniciativa espa\u00f1ola se sit\u00faa \"a contracorriente de otros pa\u00edses, que en los \u00faltimos a\u00f1os se han vuelto m\u00e1s restrictivos con la inmigraci\u00f3n irregular\u201d, en una referencia velada a la Casa Blanca.El contraste se vuelve a\u00fan m\u00e1s evidente cuando el texto viaja al otro lado del Atl\u00e1ntico y se refiere a Estados Unidos como un pa\u00eds en el que se est\u00e1 llevando a cabo \"una violenta ofensiva que amenaza a millones de personas con una deportaci\u00f3n\" que ha impulsado la Administraci\u00f3n de Donald Trump desde Washington, marcando el paso de una tendencia punitiva a la que parece que cada vez se apuntan m\u00e1s y m\u00e1s pa\u00edses occidentales.Mine\u00e1polis reclama justiciaEn Mine\u00e1polis, la dura pol\u00edtica migratoria de Donald Trump se deja notar desde hace unas cuantas semanas en las calles de la segunda ciudad del estado de Minesota, con redadas del Servicio de Inmigraci\u00f3n y Control de Aduanas (ICE), la presencia de agentes federales y la sensaci\u00f3n de que en los barrios con una importante poblaci\u00f3n de inmigrantes se ha instalado una especie de Gran Hermano que busca a personas sin permiso de residencia. Con zonas comerciales en las que las tiendas deben abrir a medias, muchos trabajadores han tenido que cambiar sus rutinas y las calles est\u00e1n mucho m\u00e1s vac\u00edas de lo habitual.La detenci\u00f3n hace unos d\u00edas de un ni\u00f1o de cinco a\u00f1os, cuando entraba en casa junto a su. padre se ha convertido en todo un s\u00edmbolo de los l\u00edmites que se han superado. La imagen del menor, con gorro azul y la mochila del colegio, elev\u00f3 un nivel\u00a0la tensi\u00f3n que ya llevaba tiempo acumul\u00e1ndose en la ciudad y que estall\u00f3 con\u00a0las muertes de Alex Pretti y Ren\u00e9e Good en dos operativos de los agentes del ICE.\u00a0Aunque la Casa Blanca ha asegurado que se van a investigar todos los detalles de estos incidentes y ha habido un repliegue parcial de los efectivos, la ciudad vive en estado de alerta.Minesota no es el \u00fanico estado en el que ha habido problemas con las operaciones contra la inmigraci\u00f3n irregular. Esta madrugada, una persona se encuentra en estado cr\u00edtico tras recibir un disparo durante un incidente con agentes de la Patrulla Fronteriza en Arivaca, una localidad cercana a la frontera con M\u00e9xico. Las autoridades locales ya han abierto una investigaci\u00f3n junto al FBI para esclarecer los hechos, en los que no han resultado heridos ning\u00fan agente, seg\u00fan el Departamento de Seguridad Nacional.Ese clima de tensi\u00f3n que atraviesa Estados Unidos ha empezado a provocar una cascada de reacciones que va m\u00e1s all\u00e1 de la calle. En los \u00faltimos d\u00edas, empresarios y figuras de la cultura en Estados Unidos han cuestionado abiertamente el papel de ICE. Como el CEO de ChatGPT, Sam Altman, quien ha advertido que se \"ha ido demasiado lejos\u201d.\u00a0Actrices como Natalie Portman o Jenna Ortega han denunciado p\u00fablicamente la violencia de los operativos y en redes sociales, artistas como Billie Eilish u Olivia Rodrigo se han sumado a las cr\u00edticas, ampliando el foco de una crisis que ya no se limita a una sola ciudad.Espa\u00f1a, seg\u00fan The New York TimesLa regularizaci\u00f3n de inmigrantes en Espa\u00f1a permitir\u00e1 a miles de personas en situaci\u00f3n irregular solicitar un permiso temporal de residencia y trabajo si acreditan haber vivido en el pa\u00eds durante un periodo m\u00ednimo y carecen de antecedentes penales. Con la admisi\u00f3n de la solicitud, podr\u00e1n incorporarse al mercado laboral de forma inmediata.\u00a0The New York Times recoge adem\u00e1s los argumentos esgrimidos por el Gobierno sobre el impacto econ\u00f3mico y social que tendr\u00e1 la regularizaci\u00f3n, citando estudios que vinculan la inmigraci\u00f3n al crecimiento econ\u00f3mico y como soluci\u00f3n a la falta de mano de obra, junto a la opini\u00f3n de economistas que consideran poco probable que esta medida genere una presi\u00f3n significativa sobre el trabajo o la vivienda, al ser personas que ya viven en el pa\u00eds.El texto de The New York Times no evita los matices. Menciona la externalizaci\u00f3n del control migratorio hacia pa\u00edses como Marruecos o Mauritania y se\u00f1ala que la acogida no ha sido igual para todos los colectivos, en especial en el caso de migrantes procedentes de \u00c1frica. Aun as\u00ed, sit\u00faa la decisi\u00f3n espa\u00f1ola dentro de una l\u00ednea pol\u00edtica distinta a la que predomina actualmente en otros pa\u00edses occidentales.","breadcrumb":{"@id":"https:\/\/vof-news.eu\/es\/the-new-york-times-se-fija-en-el-gobierno-de-espana-para-hablar-de-inmigracion-y-mandar-un-recado-a-la-america-de-trump\/#breadcrumb"},"inLanguage":"es","potentialAction":[{"@type":"ReadAction","target":["https:\/\/vof-news.eu\/es\/the-new-york-times-se-fija-en-el-gobierno-de-espana-para-hablar-de-inmigracion-y-mandar-un-recado-a-la-america-de-trump\/"]}]},{"@type":"ImageObject","inLanguage":"es","@id":"https:\/\/vof-news.eu\/es\/the-new-york-times-se-fija-en-el-gobierno-de-espana-para-hablar-de-inmigracion-y-mandar-un-recado-a-la-america-de-trump\/#primaryimage","url":"https:\/\/vof-news.eu\/wp-content\/uploads\/2026\/01\/la-noticia-sobre-la-regularizacion-de-inmigrantes-en-espana-que-ha-publicado-the-new-york-times-3382.jpeg","contentUrl":"https:\/\/vof-news.eu\/wp-content\/uploads\/2026\/01\/la-noticia-sobre-la-regularizacion-de-inmigrantes-en-espana-que-ha-publicado-the-new-york-times-3382.jpeg","width":1200,"height":800},{"@type":"BreadcrumbList","@id":"https:\/\/vof-news.eu\/es\/the-new-york-times-se-fija-en-el-gobierno-de-espana-para-hablar-de-inmigracion-y-mandar-un-recado-a-la-america-de-trump\/#breadcrumb","itemListElement":[{"@type":"ListItem","position":1,"name":"Home","item":"https:\/\/vof-news.eu\/es\/"},{"@type":"ListItem","position":2,"name":"\u2018The New York Times\u2019 se fija en el Gobierno de Espa\u00f1a para hablar de inmigraci\u00f3n\u2026 y mandar un recado a la Am\u00e9rica de Trump"}]},{"@type":"WebSite","@id":"https:\/\/vof-news.eu\/es\/#website","url":"https:\/\/vof-news.eu\/es\/","name":"vof-news.eu","description":"","potentialAction":[{"@type":"SearchAction","target":{"@type":"EntryPoint","urlTemplate":"https:\/\/vof-news.eu\/es\/?s={search_term_string}"},"query-input":"required name=search_term_string"}],"inLanguage":"es"},{"@type":"Person","@id":"https:\/\/vof-news.eu\/es\/#\/schema\/person\/f6a2a4309f0561835797fd8c19b333ed","name":"Author","image":{"@type":"ImageObject","inLanguage":"es","@id":"https:\/\/vof-news.eu\/es\/#\/schema\/person\/image\/","url":"https:\/\/secure.gravatar.com\/avatar\/b67e614b1b25b3e9c0c239efdd2fde5ab015b5affd6f1c3c85911ca4b384e790?s=96&d=mm&r=g","contentUrl":"https:\/\/secure.gravatar.com\/avatar\/b67e614b1b25b3e9c0c239efdd2fde5ab015b5affd6f1c3c85911ca4b384e790?s=96&d=mm&r=g","caption":"Author"},"sameAs":["http:\/\/vof-news.eu"],"url":"https:\/\/vof-news.eu\/es\/author\/zwt6qxnjulxbnyg\/"}]}},"yoast_meta":{"yoast_wpseo_title":"","yoast_wpseo_metadesc":"","yoast_wpseo_canonical":""},"_links":{"self":[{"href":"https:\/\/vof-news.eu\/es\/wp-json\/wp\/v2\/posts\/320987","targetHints":{"allow":["GET"]}}],"collection":[{"href":"https:\/\/vof-news.eu\/es\/wp-json\/wp\/v2\/posts"}],"about":[{"href":"https:\/\/vof-news.eu\/es\/wp-json\/wp\/v2\/types\/post"}],"author":[{"embeddable":true,"href":"https:\/\/vof-news.eu\/es\/wp-json\/wp\/v2\/users\/1"}],"replies":[{"embeddable":true,"href":"https:\/\/vof-news.eu\/es\/wp-json\/wp\/v2\/comments?post=320987"}],"version-history":[{"count":1,"href":"https:\/\/vof-news.eu\/es\/wp-json\/wp\/v2\/posts\/320987\/revisions"}],"predecessor-version":[{"id":320994,"href":"https:\/\/vof-news.eu\/es\/wp-json\/wp\/v2\/posts\/320987\/revisions\/320994"}],"wp:featuredmedia":[{"embeddable":true,"href":"https:\/\/vof-news.eu\/es\/wp-json\/wp\/v2\/media\/320988"}],"wp:attachment":[{"href":"https:\/\/vof-news.eu\/es\/wp-json\/wp\/v2\/media?parent=320987"}],"wp:term":[{"taxonomy":"category","embeddable":true,"href":"https:\/\/vof-news.eu\/es\/wp-json\/wp\/v2\/categories?post=320987"},{"taxonomy":"post_tag","embeddable":true,"href":"https:\/\/vof-news.eu\/es\/wp-json\/wp\/v2\/tags?post=320987"}],"curies":[{"name":"wp","href":"https:\/\/api.w.org\/{rel}","templated":true}]}}