{"id":320937,"date":"2026-01-28T01:17:14","date_gmt":"2026-01-27T22:17:14","guid":{"rendered":"https:\/\/vof-news.eu\/el-gobierno-solicita-al-supremo-su-informe-tras-las-primeras-peticiones-de-indulto-al-ex-fiscal-general-del-estado\/"},"modified":"2026-01-28T01:17:50","modified_gmt":"2026-01-27T22:17:50","slug":"el-gobierno-solicita-al-supremo-su-informe-tras-las-primeras-peticiones-de-indulto-al-ex-fiscal-general-del-estado","status":"publish","type":"post","link":"https:\/\/vof-news.eu\/es\/el-gobierno-solicita-al-supremo-su-informe-tras-las-primeras-peticiones-de-indulto-al-ex-fiscal-general-del-estado\/","title":{"rendered":"El Gobierno solicita al Supremo su informe tras las primeras peticiones de indulto al ex fiscal general del Estado"},"content":{"rendered":"<div>\n<p>\n        El Ministerio de Justicia ha activado el procedimiento para estudiar las primeras peticiones de indulto presentadas a favor del ex fiscal general del Estado \u00c1lvaro Garc\u00eda Ortiz, seg\u00fan ha publicado <a href=\"https:\/\/elpais.com\/espana\/2026-01-27\/primera-peticion-de-indulto-para-el-ex-fiscal-general-del-estado-el-gobierno-activa-la-maquinaria-y-pide-informe-al-supremo.html\" rel=\"nofollow\">El Pa\u00eds<\/a> y ha confirmado elDiario.es. El Ministerio de Justicia ha solicitado al Tribunal Supremo el informe preceptivo, un primer paso en la tramitaci\u00f3n de este tipo de medidas de gracia. Fuentes jur\u00eddicas aseguran a este peri\u00f3dico que la previsi\u00f3n era enviar el expediente al tribunal sentenciador la semana pasada.\u00a0\n    <\/p>\n<p>\n        Tras recabar la posici\u00f3n de la Fiscal\u00eda, el tribunal determinar\u00e1 si hay elementos que justifiquen la concesi\u00f3n de esta medida de gracia, regulada por una ley de 1870 y contemplada en la Constituci\u00f3n. Garc\u00eda Ortiz fue condenado <a href=\"https:\/\/www.eldiario.es\/politica\/supremo-considera-ex-fiscal-general-alguien-entorno-filtraron-confesion-pareja-ayuso_1_12816435.html\" rel=\"nofollow\">a dos a\u00f1os de inhabilitaci\u00f3n<\/a> por la filtraci\u00f3n de la confesi\u00f3n del empresario Alberto Gonz\u00e1lez Amador, pareja de Isabel D\u00edaz Ayuso y procesado por dos delitos fiscales.\u00a0\n    <\/p>\n<p>\n        Este informe, no obstante, no es vinculante porque la decisi\u00f3n final corresponde al Consejo de Ministros a propuesta del ministro de Justicia, F\u00e9lix Bola\u00f1os. En caso de que el informe del Supremo fuera desfavorable eso s\u00ed cerrar\u00eda la puerta a un indulto total \u2014que supone la remisi\u00f3n de todas las penas no cumplidas\u2014, pues la ley establece que el indulto total s\u00f3lo se otorgar\u00e1 en caso de existir un informe favorable del tribunal sentenciador.\u00a0\n    <\/p>\n<p>\n        S\u00ed existir\u00eda la posibilidad de un indulto parcial, que supone el perd\u00f3n de alguna o algunas de las penas impuestas, o de parte de todas todav\u00eda no cumplidas. La legislaci\u00f3n establece tambi\u00e9n que se considera tambi\u00e9n indulto parcial la conmutaci\u00f3n de la pena o penas impuestas en otras menos graves.\n    <\/p>\n<p>\n        En el caso de que el indulto sea favorable, deber\u00e1 tramitarse a trav\u00e9s de un real decreto \u2014firmado por el rey Felipe VI\u2014 y publicarse en el Bolet\u00edn Oficial del Estado. Aunque la ley de 1870 establec\u00eda que el indulto deb\u00eda plasmarse en un decreto \u201cmotivado\u201d, la reforma de 1988 elimin\u00f3 esa exigencia expresa de motivar la medida de gracia.\n    <\/p>\n<p>\n        La <a href=\"https:\/\/www.eldiario.es\/politica\/union-progresista-fiscales-apoya-peticion-indulto-garcia-ortiz_1_12853840.html\" rel=\"nofollow\">Uni\u00f3n Progresista de Fiscales<\/a>, asociaci\u00f3n que lleg\u00f3 a presidir \u00c1lvaro Garc\u00eda Ortiz y que cuenta con representaci\u00f3n en el Consejo Fiscal, ha apoyado p\u00fablicamente una petici\u00f3n de indulto para el ex fiscal general. \u201cLlamamos a la ciudadan\u00eda a apoyar esta iniciativa\u201d, dijo la asociaci\u00f3n en su cuenta de la red social X mientras comparte una recogida de firmas difundida por la Asociaci\u00f3n Espa\u00f1ola para el Derecho Internacional de los Derechos Humanos (AEDIDH) para apoyar que el Gobierno otorgue la medida de gracia tras su condena.\n    <\/p>\n<\/div>\n","protected":false},"excerpt":{"rendered":"<p>El Ministerio de Justicia ha activado el procedimiento para estudiar las primeras peticiones de indulto presentadas a favor del ex fiscal general del Estado \u00c1lvaro Garc\u00eda Ortiz, seg\u00fan ha publicado El Pa\u00eds y ha confirmado elDiario.es. El Ministerio de Justicia ha solicitado al Tribunal Supremo el informe preceptivo, un primer paso en la tramitaci\u00f3n de<\/p>\n","protected":false},"author":1,"featured_media":320938,"comment_status":"open","ping_status":"open","sticky":false,"template":"","format":"standard","meta":{"footnotes":""},"categories":[71],"tags":[],"class_list":["post-320937","post","type-post","status-publish","format-standard","has-post-thumbnail","hentry","category-politics-es"],"acf":[],"yoast_head":"<!-- This site is optimized with the Yoast SEO plugin v22.9 - https:\/\/yoast.com\/wordpress\/plugins\/seo\/ -->\n<title>El Gobierno solicita al Supremo su informe tras las primeras peticiones de indulto al ex fiscal general del Estado - vof-news.eu<\/title>\n<meta name=\"description\" content=\"El Ministerio de Justicia ha activado el procedimiento para estudiar las primeras peticiones de indulto presentadas a favor del ex fiscal general del Estado \u00c1lvaro Garc\u00eda Ortiz, seg\u00fan ha publicado El Pa\u00eds y ha confirmado elDiario.es. El Ministerio de Justicia ha solicitado al Tribunal Supremo el informe preceptivo, un primer paso en la tramitaci\u00f3n de este tipo de medidas de gracia. Fuentes jur\u00eddicas aseguran a este peri\u00f3dico que la previsi\u00f3n era enviar el expediente al tribunal sentenciador la semana pasada.\u00a0\" \/>\n<meta name=\"robots\" content=\"noindex, follow, max-snippet:-1, max-image-preview:large, max-video-preview:-1\" \/>\n<meta property=\"og:locale\" content=\"es_ES\" \/>\n<meta property=\"og:type\" content=\"article\" \/>\n<meta property=\"og:title\" content=\"El Gobierno solicita al Supremo su informe tras las primeras peticiones de indulto al ex fiscal general del Estado - vof-news.eu\" \/>\n<meta property=\"og:description\" content=\"El Ministerio de Justicia ha activado el procedimiento para estudiar las primeras peticiones de indulto presentadas a favor del ex fiscal general del Estado \u00c1lvaro Garc\u00eda Ortiz, seg\u00fan ha publicado El Pa\u00eds y ha confirmado elDiario.es. El Ministerio de Justicia ha solicitado al Tribunal Supremo el informe preceptivo, un primer paso en la tramitaci\u00f3n de este tipo de medidas de gracia. Fuentes jur\u00eddicas aseguran a este peri\u00f3dico que la previsi\u00f3n era enviar el expediente al tribunal sentenciador la semana pasada.\u00a0\" \/>\n<meta property=\"og:url\" content=\"https:\/\/vof-news.eu\/es\/el-gobierno-solicita-al-supremo-su-informe-tras-las-primeras-peticiones-de-indulto-al-ex-fiscal-general-del-estado\/\" \/>\n<meta property=\"og:site_name\" content=\"vof-news.eu\" \/>\n<meta property=\"article:published_time\" content=\"2026-01-27T22:17:14+00:00\" \/>\n<meta property=\"article:modified_time\" content=\"2026-01-27T22:17:50+00:00\" \/>\n<meta property=\"og:image\" content=\"https:\/\/vof-news.eu\/wp-content\/uploads\/2026\/01\/8842c0cd-0ceb-418c-91f7-487058d56000_16-9-discover-aspect-ratio_default_0.jpg\" \/>\n\t<meta property=\"og:image:width\" content=\"1200\" \/>\n\t<meta property=\"og:image:height\" content=\"675\" \/>\n\t<meta property=\"og:image:type\" content=\"image\/jpeg\" \/>\n<meta name=\"author\" content=\"Author\" \/>\n<meta name=\"twitter:card\" content=\"summary_large_image\" \/>\n<meta name=\"twitter:label1\" content=\"Escrito por\" \/>\n\t<meta name=\"twitter:data1\" content=\"Author\" \/>\n\t<meta name=\"twitter:label2\" content=\"Tiempo de lectura\" \/>\n\t<meta name=\"twitter:data2\" content=\"2 minutos\" \/>\n<script type=\"application\/ld+json\" class=\"yoast-schema-graph\">{\"@context\":\"https:\/\/schema.org\",\"@graph\":[{\"@type\":\"WebPage\",\"@id\":\"https:\/\/vof-news.eu\/es\/el-gobierno-solicita-al-supremo-su-informe-tras-las-primeras-peticiones-de-indulto-al-ex-fiscal-general-del-estado\/\",\"url\":\"https:\/\/vof-news.eu\/es\/el-gobierno-solicita-al-supremo-su-informe-tras-las-primeras-peticiones-de-indulto-al-ex-fiscal-general-del-estado\/\",\"name\":\"El Gobierno solicita al Supremo su informe tras las primeras peticiones de indulto al ex fiscal general del Estado - vof-news.eu\",\"isPartOf\":{\"@id\":\"https:\/\/vof-news.eu\/es\/#website\"},\"primaryImageOfPage\":{\"@id\":\"https:\/\/vof-news.eu\/es\/el-gobierno-solicita-al-supremo-su-informe-tras-las-primeras-peticiones-de-indulto-al-ex-fiscal-general-del-estado\/#primaryimage\"},\"image\":{\"@id\":\"https:\/\/vof-news.eu\/es\/el-gobierno-solicita-al-supremo-su-informe-tras-las-primeras-peticiones-de-indulto-al-ex-fiscal-general-del-estado\/#primaryimage\"},\"thumbnailUrl\":\"https:\/\/vof-news.eu\/wp-content\/uploads\/2026\/01\/8842c0cd-0ceb-418c-91f7-487058d56000_16-9-discover-aspect-ratio_default_0.jpg\",\"datePublished\":\"2026-01-27T22:17:14+00:00\",\"dateModified\":\"2026-01-27T22:17:50+00:00\",\"author\":{\"@id\":\"https:\/\/vof-news.eu\/es\/#\/schema\/person\/f6a2a4309f0561835797fd8c19b333ed\"},\"description\":\"El Ministerio de Justicia ha activado el procedimiento para estudiar las primeras peticiones de indulto presentadas a favor del ex fiscal general del Estado \u00c1lvaro Garc\u00eda Ortiz, seg\u00fan ha publicado El Pa\u00eds y ha confirmado elDiario.es. El Ministerio de Justicia ha solicitado al Tribunal Supremo el informe preceptivo, un primer paso en la tramitaci\u00f3n de este tipo de medidas de gracia. Fuentes jur\u00eddicas aseguran a este peri\u00f3dico que la previsi\u00f3n era enviar el expediente al tribunal sentenciador la semana pasada.\u00a0\",\"breadcrumb\":{\"@id\":\"https:\/\/vof-news.eu\/es\/el-gobierno-solicita-al-supremo-su-informe-tras-las-primeras-peticiones-de-indulto-al-ex-fiscal-general-del-estado\/#breadcrumb\"},\"inLanguage\":\"es\",\"potentialAction\":[{\"@type\":\"ReadAction\",\"target\":[\"https:\/\/vof-news.eu\/es\/el-gobierno-solicita-al-supremo-su-informe-tras-las-primeras-peticiones-de-indulto-al-ex-fiscal-general-del-estado\/\"]}]},{\"@type\":\"ImageObject\",\"inLanguage\":\"es\",\"@id\":\"https:\/\/vof-news.eu\/es\/el-gobierno-solicita-al-supremo-su-informe-tras-las-primeras-peticiones-de-indulto-al-ex-fiscal-general-del-estado\/#primaryimage\",\"url\":\"https:\/\/vof-news.eu\/wp-content\/uploads\/2026\/01\/8842c0cd-0ceb-418c-91f7-487058d56000_16-9-discover-aspect-ratio_default_0.jpg\",\"contentUrl\":\"https:\/\/vof-news.eu\/wp-content\/uploads\/2026\/01\/8842c0cd-0ceb-418c-91f7-487058d56000_16-9-discover-aspect-ratio_default_0.jpg\",\"width\":1200,\"height\":675},{\"@type\":\"BreadcrumbList\",\"@id\":\"https:\/\/vof-news.eu\/es\/el-gobierno-solicita-al-supremo-su-informe-tras-las-primeras-peticiones-de-indulto-al-ex-fiscal-general-del-estado\/#breadcrumb\",\"itemListElement\":[{\"@type\":\"ListItem\",\"position\":1,\"name\":\"Home\",\"item\":\"https:\/\/vof-news.eu\/es\/\"},{\"@type\":\"ListItem\",\"position\":2,\"name\":\"El Gobierno solicita al Supremo su informe tras las primeras peticiones de indulto al ex fiscal general del Estado\"}]},{\"@type\":\"WebSite\",\"@id\":\"https:\/\/vof-news.eu\/es\/#website\",\"url\":\"https:\/\/vof-news.eu\/es\/\",\"name\":\"vof-news.eu\",\"description\":\"\",\"potentialAction\":[{\"@type\":\"SearchAction\",\"target\":{\"@type\":\"EntryPoint\",\"urlTemplate\":\"https:\/\/vof-news.eu\/es\/?s={search_term_string}\"},\"query-input\":\"required name=search_term_string\"}],\"inLanguage\":\"es\"},{\"@type\":\"Person\",\"@id\":\"https:\/\/vof-news.eu\/es\/#\/schema\/person\/f6a2a4309f0561835797fd8c19b333ed\",\"name\":\"Author\",\"image\":{\"@type\":\"ImageObject\",\"inLanguage\":\"es\",\"@id\":\"https:\/\/vof-news.eu\/es\/#\/schema\/person\/image\/\",\"url\":\"https:\/\/secure.gravatar.com\/avatar\/b67e614b1b25b3e9c0c239efdd2fde5ab015b5affd6f1c3c85911ca4b384e790?s=96&d=mm&r=g\",\"contentUrl\":\"https:\/\/secure.gravatar.com\/avatar\/b67e614b1b25b3e9c0c239efdd2fde5ab015b5affd6f1c3c85911ca4b384e790?s=96&d=mm&r=g\",\"caption\":\"Author\"},\"sameAs\":[\"http:\/\/vof-news.eu\"],\"url\":\"https:\/\/vof-news.eu\/es\/author\/zwt6qxnjulxbnyg\/\"}]}<\/script>\n<!-- \/ Yoast SEO plugin. -->","yoast_head_json":{"title":"El Gobierno solicita al Supremo su informe tras las primeras peticiones de indulto al ex fiscal general del Estado - vof-news.eu","description":"El Ministerio de Justicia ha activado el procedimiento para estudiar las primeras peticiones de indulto presentadas a favor del ex fiscal general del Estado \u00c1lvaro Garc\u00eda Ortiz, seg\u00fan ha publicado El Pa\u00eds y ha confirmado elDiario.es. El Ministerio de Justicia ha solicitado al Tribunal Supremo el informe preceptivo, un primer paso en la tramitaci\u00f3n de este tipo de medidas de gracia. Fuentes jur\u00eddicas aseguran a este peri\u00f3dico que la previsi\u00f3n era enviar el expediente al tribunal sentenciador la semana pasada.\u00a0","robots":{"index":"noindex","follow":"follow","max-snippet":"max-snippet:-1","max-image-preview":"max-image-preview:large","max-video-preview":"max-video-preview:-1"},"og_locale":"es_ES","og_type":"article","og_title":"El Gobierno solicita al Supremo su informe tras las primeras peticiones de indulto al ex fiscal general del Estado - vof-news.eu","og_description":"El Ministerio de Justicia ha activado el procedimiento para estudiar las primeras peticiones de indulto presentadas a favor del ex fiscal general del Estado \u00c1lvaro Garc\u00eda Ortiz, seg\u00fan ha publicado El Pa\u00eds y ha confirmado elDiario.es. El Ministerio de Justicia ha solicitado al Tribunal Supremo el informe preceptivo, un primer paso en la tramitaci\u00f3n de este tipo de medidas de gracia. Fuentes jur\u00eddicas aseguran a este peri\u00f3dico que la previsi\u00f3n era enviar el expediente al tribunal sentenciador la semana pasada.\u00a0","og_url":"https:\/\/vof-news.eu\/es\/el-gobierno-solicita-al-supremo-su-informe-tras-las-primeras-peticiones-de-indulto-al-ex-fiscal-general-del-estado\/","og_site_name":"vof-news.eu","article_published_time":"2026-01-27T22:17:14+00:00","article_modified_time":"2026-01-27T22:17:50+00:00","og_image":[{"width":1200,"height":675,"url":"https:\/\/vof-news.eu\/wp-content\/uploads\/2026\/01\/8842c0cd-0ceb-418c-91f7-487058d56000_16-9-discover-aspect-ratio_default_0.jpg","type":"image\/jpeg"}],"author":"Author","twitter_card":"summary_large_image","twitter_misc":{"Escrito por":"Author","Tiempo de lectura":"2 minutos"},"schema":{"@context":"https:\/\/schema.org","@graph":[{"@type":"WebPage","@id":"https:\/\/vof-news.eu\/es\/el-gobierno-solicita-al-supremo-su-informe-tras-las-primeras-peticiones-de-indulto-al-ex-fiscal-general-del-estado\/","url":"https:\/\/vof-news.eu\/es\/el-gobierno-solicita-al-supremo-su-informe-tras-las-primeras-peticiones-de-indulto-al-ex-fiscal-general-del-estado\/","name":"El Gobierno solicita al Supremo su informe tras las primeras peticiones de indulto al ex fiscal general del Estado - vof-news.eu","isPartOf":{"@id":"https:\/\/vof-news.eu\/es\/#website"},"primaryImageOfPage":{"@id":"https:\/\/vof-news.eu\/es\/el-gobierno-solicita-al-supremo-su-informe-tras-las-primeras-peticiones-de-indulto-al-ex-fiscal-general-del-estado\/#primaryimage"},"image":{"@id":"https:\/\/vof-news.eu\/es\/el-gobierno-solicita-al-supremo-su-informe-tras-las-primeras-peticiones-de-indulto-al-ex-fiscal-general-del-estado\/#primaryimage"},"thumbnailUrl":"https:\/\/vof-news.eu\/wp-content\/uploads\/2026\/01\/8842c0cd-0ceb-418c-91f7-487058d56000_16-9-discover-aspect-ratio_default_0.jpg","datePublished":"2026-01-27T22:17:14+00:00","dateModified":"2026-01-27T22:17:50+00:00","author":{"@id":"https:\/\/vof-news.eu\/es\/#\/schema\/person\/f6a2a4309f0561835797fd8c19b333ed"},"description":"El Ministerio de Justicia ha activado el procedimiento para estudiar las primeras peticiones de indulto presentadas a favor del ex fiscal general del Estado \u00c1lvaro Garc\u00eda Ortiz, seg\u00fan ha publicado El Pa\u00eds y ha confirmado elDiario.es. El Ministerio de Justicia ha solicitado al Tribunal Supremo el informe preceptivo, un primer paso en la tramitaci\u00f3n de este tipo de medidas de gracia. Fuentes jur\u00eddicas aseguran a este peri\u00f3dico que la previsi\u00f3n era enviar el expediente al tribunal sentenciador la semana pasada.\u00a0","breadcrumb":{"@id":"https:\/\/vof-news.eu\/es\/el-gobierno-solicita-al-supremo-su-informe-tras-las-primeras-peticiones-de-indulto-al-ex-fiscal-general-del-estado\/#breadcrumb"},"inLanguage":"es","potentialAction":[{"@type":"ReadAction","target":["https:\/\/vof-news.eu\/es\/el-gobierno-solicita-al-supremo-su-informe-tras-las-primeras-peticiones-de-indulto-al-ex-fiscal-general-del-estado\/"]}]},{"@type":"ImageObject","inLanguage":"es","@id":"https:\/\/vof-news.eu\/es\/el-gobierno-solicita-al-supremo-su-informe-tras-las-primeras-peticiones-de-indulto-al-ex-fiscal-general-del-estado\/#primaryimage","url":"https:\/\/vof-news.eu\/wp-content\/uploads\/2026\/01\/8842c0cd-0ceb-418c-91f7-487058d56000_16-9-discover-aspect-ratio_default_0.jpg","contentUrl":"https:\/\/vof-news.eu\/wp-content\/uploads\/2026\/01\/8842c0cd-0ceb-418c-91f7-487058d56000_16-9-discover-aspect-ratio_default_0.jpg","width":1200,"height":675},{"@type":"BreadcrumbList","@id":"https:\/\/vof-news.eu\/es\/el-gobierno-solicita-al-supremo-su-informe-tras-las-primeras-peticiones-de-indulto-al-ex-fiscal-general-del-estado\/#breadcrumb","itemListElement":[{"@type":"ListItem","position":1,"name":"Home","item":"https:\/\/vof-news.eu\/es\/"},{"@type":"ListItem","position":2,"name":"El Gobierno solicita al Supremo su informe tras las primeras peticiones de indulto al ex fiscal general del Estado"}]},{"@type":"WebSite","@id":"https:\/\/vof-news.eu\/es\/#website","url":"https:\/\/vof-news.eu\/es\/","name":"vof-news.eu","description":"","potentialAction":[{"@type":"SearchAction","target":{"@type":"EntryPoint","urlTemplate":"https:\/\/vof-news.eu\/es\/?s={search_term_string}"},"query-input":"required name=search_term_string"}],"inLanguage":"es"},{"@type":"Person","@id":"https:\/\/vof-news.eu\/es\/#\/schema\/person\/f6a2a4309f0561835797fd8c19b333ed","name":"Author","image":{"@type":"ImageObject","inLanguage":"es","@id":"https:\/\/vof-news.eu\/es\/#\/schema\/person\/image\/","url":"https:\/\/secure.gravatar.com\/avatar\/b67e614b1b25b3e9c0c239efdd2fde5ab015b5affd6f1c3c85911ca4b384e790?s=96&d=mm&r=g","contentUrl":"https:\/\/secure.gravatar.com\/avatar\/b67e614b1b25b3e9c0c239efdd2fde5ab015b5affd6f1c3c85911ca4b384e790?s=96&d=mm&r=g","caption":"Author"},"sameAs":["http:\/\/vof-news.eu"],"url":"https:\/\/vof-news.eu\/es\/author\/zwt6qxnjulxbnyg\/"}]}},"yoast_meta":{"yoast_wpseo_title":"","yoast_wpseo_metadesc":"","yoast_wpseo_canonical":""},"_links":{"self":[{"href":"https:\/\/vof-news.eu\/es\/wp-json\/wp\/v2\/posts\/320937","targetHints":{"allow":["GET"]}}],"collection":[{"href":"https:\/\/vof-news.eu\/es\/wp-json\/wp\/v2\/posts"}],"about":[{"href":"https:\/\/vof-news.eu\/es\/wp-json\/wp\/v2\/types\/post"}],"author":[{"embeddable":true,"href":"https:\/\/vof-news.eu\/es\/wp-json\/wp\/v2\/users\/1"}],"replies":[{"embeddable":true,"href":"https:\/\/vof-news.eu\/es\/wp-json\/wp\/v2\/comments?post=320937"}],"version-history":[{"count":1,"href":"https:\/\/vof-news.eu\/es\/wp-json\/wp\/v2\/posts\/320937\/revisions"}],"predecessor-version":[{"id":320944,"href":"https:\/\/vof-news.eu\/es\/wp-json\/wp\/v2\/posts\/320937\/revisions\/320944"}],"wp:featuredmedia":[{"embeddable":true,"href":"https:\/\/vof-news.eu\/es\/wp-json\/wp\/v2\/media\/320938"}],"wp:attachment":[{"href":"https:\/\/vof-news.eu\/es\/wp-json\/wp\/v2\/media?parent=320937"}],"wp:term":[{"taxonomy":"category","embeddable":true,"href":"https:\/\/vof-news.eu\/es\/wp-json\/wp\/v2\/categories?post=320937"},{"taxonomy":"post_tag","embeddable":true,"href":"https:\/\/vof-news.eu\/es\/wp-json\/wp\/v2\/tags?post=320937"}],"curies":[{"name":"wp","href":"https:\/\/api.w.org\/{rel}","templated":true}]}}