{"id":320903,"date":"2026-01-27T23:19:14","date_gmt":"2026-01-27T20:19:14","guid":{"rendered":"https:\/\/vof-news.eu\/verstappen-debuta-con-el-rb22-en-montmelo-y-mclaren-se-borra-hasta-el-miercoles\/"},"modified":"2026-01-27T23:20:44","modified_gmt":"2026-01-27T20:20:44","slug":"verstappen-debuta-con-el-rb22-en-montmelo-y-mclaren-se-borra-hasta-el-miercoles","status":"publish","type":"post","link":"https:\/\/vof-news.eu\/es\/verstappen-debuta-con-el-rb22-en-montmelo-y-mclaren-se-borra-hasta-el-miercoles\/","title":{"rendered":"Verstappen debuta con el RB22 en Montmel\u00f3 y McLaren se borra hasta el mi\u00e9rcoles"},"content":{"rendered":"<div>\n<p>La lluvia desluci\u00f3 la segunda jornada de test de la F1 en Montmel\u00f3, con Red Bull y Ferrari como \u00fanicos equipos sobre el asfalto. Las buenas sensaciones de <strong>Max Verstappen<\/strong> en su debut al volante del RB22 durante la sesi\u00f3n matinal se enturbiaron tras la pausa del mediod\u00eda por el accidente de su compa\u00f1ero <strong>Isack Hadjar<\/strong>. El gran ausente del martes fue McLaren, a quien se esperaba sobre el asfalto, pero que finalmente arrancar\u00e1 a partir del mi\u00e9rcoles.<\/p>\n<p>\u00abTodo el programa va seg\u00fan lo previsto\u00bb, adelant\u00f3 <strong>Andrea Stella<\/strong>, <i>team principal<\/i> de la escuder\u00eda de Woking, quitando hierro a lo sucedido y confirmando que esta decisi\u00f3n \u00absiempre fue nuestro plan A\u00bb. Seg\u00fan el ingeniero italiano, la vigente campeona del Mundial de Constructores pretende darse \u00abel m\u00e1ximo tiempo posible para el desarrollo\u00bb, de modo que la mayor\u00eda de las evoluciones estrenadas en los test de Barcelona y Bahrein formar\u00e1n la estructura del MCL40 en el GP de Australia.<\/p>\n<p>El vac\u00edo de los coches papaya fue ocupado por Ferrari, su hist\u00f3rico rival, que puso por primera vez en pista el SF26. <strong>Charles Leclerc<\/strong> y <strong>Lewis Hamilton<\/strong> acumularon kil\u00f3metros y comprobaron que todo funcionaba correctamente en el coche. El balance de la jornada guard\u00f3 paralelismos con el de Haas, uno de sus dos equipos cliente, que durante el lunes hab\u00eda completado 154 vueltas con <strong>Esteban Ocon<\/strong>. <\/p>\n<h2>Leclerc: \u00abTodo ha ido bien\u00bb<\/h2>\n<p>La <i>Scuderia<\/i> no quiso arriesgar en este <i>shakedown <\/i>y en ning\u00fan caso pareci\u00f3 buscar el rendimiento real de su monoplaza. \u00abHemos realizado la primera revisi\u00f3n preliminar y todo ha ido bien\u00bb, confirm\u00f3 Leclerc. Hamilton tom\u00f3 el relevo tras la pausa para la comida, rodando sin aparentes contratiempos, salvo una peque\u00f1a salida de pista que le dejar\u00eda atrapado en la grava.<\/p>\n<p>La otra bandera roja del martes lleg\u00f3 a \u00faltima hora de la tarde, cuando Hadjar golpe\u00f3 las protecciones en la curva 14, que da acceso a la recta de meta. A falta de confirmar si el trompo se debi\u00f3 a un problema en el monoplaza o a un error al volante, el equipo dirigido por <strong>Laurent Mekies<\/strong> s\u00ed confirm\u00f3 que su piloto se encontraba bien. Eso s\u00ed, las im\u00e1genes filtradas revelaron que el RB22 hab\u00eda perdido su aler\u00f3n trasero.<\/p>\n<p>A la espera de las tres \u00faltimas sesiones de test en Montmel\u00f3, ocho equipos han iniciado su pretemporada, todos salvo McLaren, Aston Martin y Williams. Hay que recordar que la escuder\u00eda de <strong>Fernando Alonso<\/strong> pondr\u00e1 el AMR-26 sobre el asfalto, mientras el equipo de <strong>Carlos Sainz<\/strong> no rodar\u00e1 en Barcelona por culpa de diversos retrasos en su preparaci\u00f3n.<\/p>\n<p>Seg\u00fan la previsi\u00f3n de la Agencia Estatal de Meteorolog\u00eda (AEMET), el mi\u00e9rcoles se esperan temperaturas entre los 7\u00baC y 11\u00baC en la zona de Montmel\u00f3, con cielos cubiertos a partir de mediod\u00eda y riesgo de una ligera lluvia entre las 14:00 y 16:00 horas. A esos inconvenientes podr\u00eda a\u00f1adirse las rachas de fuerte viento de componente oeste.<\/p>\n<hr\/>\n<\/div>\n","protected":false},"excerpt":{"rendered":"<p>La lluvia desluci\u00f3 la segunda jornada de test de la F1 en Montmel\u00f3, con Red Bull y Ferrari como \u00fanicos equipos sobre el asfalto. Las buenas sensaciones de Max Verstappen en su debut al volante del RB22 durante la sesi\u00f3n matinal se enturbiaron tras la pausa del mediod\u00eda por el accidente de su compa\u00f1ero Isack<\/p>\n","protected":false},"author":1,"featured_media":320904,"comment_status":"open","ping_status":"open","sticky":false,"template":"","format":"standard","meta":{"footnotes":""},"categories":[76],"tags":[],"class_list":["post-320903","post","type-post","status-publish","format-standard","has-post-thumbnail","hentry","category-sport-es"],"acf":[],"yoast_head":"<!-- This site is optimized with the Yoast SEO plugin v22.9 - https:\/\/yoast.com\/wordpress\/plugins\/seo\/ -->\n<title>Verstappen debuta con el RB22 en Montmel\u00f3 y McLaren se borra hasta el mi\u00e9rcoles - vof-news.eu<\/title>\n<meta name=\"description\" content=\"La lluvia desluci\u00f3 la segunda jornada de test de la F1 en Montmel\u00f3, con Red Bull y Ferrari como \u00fanicos equipos sobre el asfalto. Las buenas sensaciones de Max Verstappen en su debut al volante del RB22 durante la sesi\u00f3n matinal se enturbiaron tras la pausa del mediod\u00eda por el accidente de su compa\u00f1ero Isack Hadjar. El gran ausente del martes fue McLaren, a quien se esperaba sobre el asfalto, pero que finalmente arrancar\u00e1 a partir del mi\u00e9rcoles.&quot;Todo el programa va seg\u00fan lo previsto&quot;, adelant\u00f3 Andrea Stella, team principal de la escuder\u00eda de Woking, quitando hierro a lo sucedido y confirmando que esta decisi\u00f3n &quot;siempre fue nuestro plan A&quot;. Seg\u00fan el ingeniero italiano, la vigente campeona del Mundial de Constructores pretende darse &quot;el m\u00e1ximo tiempo posible para el desarrollo&quot;, de modo que la mayor\u00eda de las evoluciones estrenadas en los test de Barcelona y Bahrein formar\u00e1n la estructura del MCL40 en el GP de Australia.El vac\u00edo de los coches papaya fue ocupado por Ferrari, su hist\u00f3rico rival, que puso por primera vez en pista el SF26. Charles Leclerc y Lewis Hamilton acumularon kil\u00f3metros y comprobaron que todo funcionaba correctamente en el coche. El balance de la jornada guard\u00f3 paralelismos con el de Haas, uno de sus dos equipos cliente, que durante el lunes hab\u00eda completado 154 vueltas con Esteban Ocon. Leclerc: &quot;Todo ha ido bien&quot;La Scuderia no quiso arriesgar en este shakedown y en ning\u00fan caso pareci\u00f3 buscar el rendimiento real de su monoplaza. &quot;Hemos realizado la primera revisi\u00f3n preliminar y todo ha ido bien&quot;, confirm\u00f3 Leclerc. Hamilton tom\u00f3 el relevo tras la pausa para la comida, rodando sin aparentes contratiempos, salvo una peque\u00f1a salida de pista que le dejar\u00eda atrapado en la grava.La otra bandera roja del martes lleg\u00f3 a \u00faltima hora de la tarde, cuando Hadjar golpe\u00f3 las protecciones en la curva 14, que da acceso a la recta de meta. A falta de confirmar si el trompo se debi\u00f3 a un problema en el monoplaza o a un error al volante, el equipo dirigido por Laurent Mekies s\u00ed confirm\u00f3 que su piloto se encontraba bien. Eso s\u00ed, las im\u00e1genes filtradas revelaron que el RB22 hab\u00eda perdido su aler\u00f3n trasero.A la espera de las tres \u00faltimas sesiones de test en Montmel\u00f3, ocho equipos han iniciado su pretemporada, todos salvo McLaren, Aston Martin y Williams. Hay que recordar que la escuder\u00eda de Fernando Alonso pondr\u00e1 el AMR-26 sobre el asfalto, mientras el equipo de Carlos Sainz no rodar\u00e1 en Barcelona por culpa de diversos retrasos en su preparaci\u00f3n.Seg\u00fan la previsi\u00f3n de la Agencia Estatal de Meteorolog\u00eda (AEMET), el mi\u00e9rcoles se esperan temperaturas entre los 7\u00baC y 11\u00baC en la zona de Montmel\u00f3, con cielos cubiertos a partir de mediod\u00eda y riesgo de una ligera lluvia entre las 14:00 y 16:00 horas. A esos inconvenientes podr\u00eda a\u00f1adirse las rachas de fuerte viento de componente oeste.\" \/>\n<meta name=\"robots\" content=\"noindex, follow, max-snippet:-1, max-image-preview:large, max-video-preview:-1\" \/>\n<meta property=\"og:locale\" content=\"es_ES\" \/>\n<meta property=\"og:type\" content=\"article\" \/>\n<meta property=\"og:title\" content=\"Verstappen debuta con el RB22 en Montmel\u00f3 y McLaren se borra hasta el mi\u00e9rcoles - vof-news.eu\" \/>\n<meta property=\"og:description\" content=\"La lluvia desluci\u00f3 la segunda jornada de test de la F1 en Montmel\u00f3, con Red Bull y Ferrari como \u00fanicos equipos sobre el asfalto. Las buenas sensaciones de Max Verstappen en su debut al volante del RB22 durante la sesi\u00f3n matinal se enturbiaron tras la pausa del mediod\u00eda por el accidente de su compa\u00f1ero Isack Hadjar. El gran ausente del martes fue McLaren, a quien se esperaba sobre el asfalto, pero que finalmente arrancar\u00e1 a partir del mi\u00e9rcoles.&quot;Todo el programa va seg\u00fan lo previsto&quot;, adelant\u00f3 Andrea Stella, team principal de la escuder\u00eda de Woking, quitando hierro a lo sucedido y confirmando que esta decisi\u00f3n &quot;siempre fue nuestro plan A&quot;. Seg\u00fan el ingeniero italiano, la vigente campeona del Mundial de Constructores pretende darse &quot;el m\u00e1ximo tiempo posible para el desarrollo&quot;, de modo que la mayor\u00eda de las evoluciones estrenadas en los test de Barcelona y Bahrein formar\u00e1n la estructura del MCL40 en el GP de Australia.El vac\u00edo de los coches papaya fue ocupado por Ferrari, su hist\u00f3rico rival, que puso por primera vez en pista el SF26. Charles Leclerc y Lewis Hamilton acumularon kil\u00f3metros y comprobaron que todo funcionaba correctamente en el coche. El balance de la jornada guard\u00f3 paralelismos con el de Haas, uno de sus dos equipos cliente, que durante el lunes hab\u00eda completado 154 vueltas con Esteban Ocon. Leclerc: &quot;Todo ha ido bien&quot;La Scuderia no quiso arriesgar en este shakedown y en ning\u00fan caso pareci\u00f3 buscar el rendimiento real de su monoplaza. &quot;Hemos realizado la primera revisi\u00f3n preliminar y todo ha ido bien&quot;, confirm\u00f3 Leclerc. Hamilton tom\u00f3 el relevo tras la pausa para la comida, rodando sin aparentes contratiempos, salvo una peque\u00f1a salida de pista que le dejar\u00eda atrapado en la grava.La otra bandera roja del martes lleg\u00f3 a \u00faltima hora de la tarde, cuando Hadjar golpe\u00f3 las protecciones en la curva 14, que da acceso a la recta de meta. A falta de confirmar si el trompo se debi\u00f3 a un problema en el monoplaza o a un error al volante, el equipo dirigido por Laurent Mekies s\u00ed confirm\u00f3 que su piloto se encontraba bien. Eso s\u00ed, las im\u00e1genes filtradas revelaron que el RB22 hab\u00eda perdido su aler\u00f3n trasero.A la espera de las tres \u00faltimas sesiones de test en Montmel\u00f3, ocho equipos han iniciado su pretemporada, todos salvo McLaren, Aston Martin y Williams. Hay que recordar que la escuder\u00eda de Fernando Alonso pondr\u00e1 el AMR-26 sobre el asfalto, mientras el equipo de Carlos Sainz no rodar\u00e1 en Barcelona por culpa de diversos retrasos en su preparaci\u00f3n.Seg\u00fan la previsi\u00f3n de la Agencia Estatal de Meteorolog\u00eda (AEMET), el mi\u00e9rcoles se esperan temperaturas entre los 7\u00baC y 11\u00baC en la zona de Montmel\u00f3, con cielos cubiertos a partir de mediod\u00eda y riesgo de una ligera lluvia entre las 14:00 y 16:00 horas. A esos inconvenientes podr\u00eda a\u00f1adirse las rachas de fuerte viento de componente oeste.\" \/>\n<meta property=\"og:url\" content=\"https:\/\/vof-news.eu\/es\/verstappen-debuta-con-el-rb22-en-montmelo-y-mclaren-se-borra-hasta-el-miercoles\/\" \/>\n<meta property=\"og:site_name\" content=\"vof-news.eu\" \/>\n<meta property=\"article:published_time\" content=\"2026-01-27T20:19:14+00:00\" \/>\n<meta property=\"article:modified_time\" content=\"2026-01-27T20:20:44+00:00\" \/>\n<meta property=\"og:image\" content=\"https:\/\/vof-news.eu\/wp-content\/uploads\/2026\/01\/17695396336637.jpg\" \/>\n\t<meta property=\"og:image:width\" content=\"1366\" \/>\n\t<meta property=\"og:image:height\" content=\"1707\" \/>\n\t<meta property=\"og:image:type\" content=\"image\/jpeg\" \/>\n<meta name=\"author\" content=\"Author\" \/>\n<meta name=\"twitter:card\" content=\"summary_large_image\" \/>\n<meta name=\"twitter:label1\" content=\"Escrito por\" \/>\n\t<meta name=\"twitter:data1\" content=\"Author\" \/>\n\t<meta name=\"twitter:label2\" content=\"Tiempo de lectura\" \/>\n\t<meta name=\"twitter:data2\" content=\"3 minutos\" \/>\n<script type=\"application\/ld+json\" class=\"yoast-schema-graph\">{\"@context\":\"https:\/\/schema.org\",\"@graph\":[{\"@type\":\"WebPage\",\"@id\":\"https:\/\/vof-news.eu\/es\/verstappen-debuta-con-el-rb22-en-montmelo-y-mclaren-se-borra-hasta-el-miercoles\/\",\"url\":\"https:\/\/vof-news.eu\/es\/verstappen-debuta-con-el-rb22-en-montmelo-y-mclaren-se-borra-hasta-el-miercoles\/\",\"name\":\"Verstappen debuta con el RB22 en Montmel\u00f3 y McLaren se borra hasta el mi\u00e9rcoles - vof-news.eu\",\"isPartOf\":{\"@id\":\"https:\/\/vof-news.eu\/es\/#website\"},\"primaryImageOfPage\":{\"@id\":\"https:\/\/vof-news.eu\/es\/verstappen-debuta-con-el-rb22-en-montmelo-y-mclaren-se-borra-hasta-el-miercoles\/#primaryimage\"},\"image\":{\"@id\":\"https:\/\/vof-news.eu\/es\/verstappen-debuta-con-el-rb22-en-montmelo-y-mclaren-se-borra-hasta-el-miercoles\/#primaryimage\"},\"thumbnailUrl\":\"https:\/\/vof-news.eu\/wp-content\/uploads\/2026\/01\/17695396336637.jpg\",\"datePublished\":\"2026-01-27T20:19:14+00:00\",\"dateModified\":\"2026-01-27T20:20:44+00:00\",\"author\":{\"@id\":\"https:\/\/vof-news.eu\/es\/#\/schema\/person\/f6a2a4309f0561835797fd8c19b333ed\"},\"description\":\"La lluvia desluci\u00f3 la segunda jornada de test de la F1 en Montmel\u00f3, con Red Bull y Ferrari como \u00fanicos equipos sobre el asfalto. Las buenas sensaciones de Max Verstappen en su debut al volante del RB22 durante la sesi\u00f3n matinal se enturbiaron tras la pausa del mediod\u00eda por el accidente de su compa\u00f1ero Isack Hadjar. El gran ausente del martes fue McLaren, a quien se esperaba sobre el asfalto, pero que finalmente arrancar\u00e1 a partir del mi\u00e9rcoles.\\\"Todo el programa va seg\u00fan lo previsto\\\", adelant\u00f3 Andrea Stella, team principal de la escuder\u00eda de Woking, quitando hierro a lo sucedido y confirmando que esta decisi\u00f3n \\\"siempre fue nuestro plan A\\\". Seg\u00fan el ingeniero italiano, la vigente campeona del Mundial de Constructores pretende darse \\\"el m\u00e1ximo tiempo posible para el desarrollo\\\", de modo que la mayor\u00eda de las evoluciones estrenadas en los test de Barcelona y Bahrein formar\u00e1n la estructura del MCL40 en el GP de Australia.El vac\u00edo de los coches papaya fue ocupado por Ferrari, su hist\u00f3rico rival, que puso por primera vez en pista el SF26. Charles Leclerc y Lewis Hamilton acumularon kil\u00f3metros y comprobaron que todo funcionaba correctamente en el coche. El balance de la jornada guard\u00f3 paralelismos con el de Haas, uno de sus dos equipos cliente, que durante el lunes hab\u00eda completado 154 vueltas con Esteban Ocon. Leclerc: \\\"Todo ha ido bien\\\"La Scuderia no quiso arriesgar en este shakedown y en ning\u00fan caso pareci\u00f3 buscar el rendimiento real de su monoplaza. \\\"Hemos realizado la primera revisi\u00f3n preliminar y todo ha ido bien\\\", confirm\u00f3 Leclerc. Hamilton tom\u00f3 el relevo tras la pausa para la comida, rodando sin aparentes contratiempos, salvo una peque\u00f1a salida de pista que le dejar\u00eda atrapado en la grava.La otra bandera roja del martes lleg\u00f3 a \u00faltima hora de la tarde, cuando Hadjar golpe\u00f3 las protecciones en la curva 14, que da acceso a la recta de meta. A falta de confirmar si el trompo se debi\u00f3 a un problema en el monoplaza o a un error al volante, el equipo dirigido por Laurent Mekies s\u00ed confirm\u00f3 que su piloto se encontraba bien. Eso s\u00ed, las im\u00e1genes filtradas revelaron que el RB22 hab\u00eda perdido su aler\u00f3n trasero.A la espera de las tres \u00faltimas sesiones de test en Montmel\u00f3, ocho equipos han iniciado su pretemporada, todos salvo McLaren, Aston Martin y Williams. Hay que recordar que la escuder\u00eda de Fernando Alonso pondr\u00e1 el AMR-26 sobre el asfalto, mientras el equipo de Carlos Sainz no rodar\u00e1 en Barcelona por culpa de diversos retrasos en su preparaci\u00f3n.Seg\u00fan la previsi\u00f3n de la Agencia Estatal de Meteorolog\u00eda (AEMET), el mi\u00e9rcoles se esperan temperaturas entre los 7\u00baC y 11\u00baC en la zona de Montmel\u00f3, con cielos cubiertos a partir de mediod\u00eda y riesgo de una ligera lluvia entre las 14:00 y 16:00 horas. A esos inconvenientes podr\u00eda a\u00f1adirse las rachas de fuerte viento de componente oeste.\",\"breadcrumb\":{\"@id\":\"https:\/\/vof-news.eu\/es\/verstappen-debuta-con-el-rb22-en-montmelo-y-mclaren-se-borra-hasta-el-miercoles\/#breadcrumb\"},\"inLanguage\":\"es\",\"potentialAction\":[{\"@type\":\"ReadAction\",\"target\":[\"https:\/\/vof-news.eu\/es\/verstappen-debuta-con-el-rb22-en-montmelo-y-mclaren-se-borra-hasta-el-miercoles\/\"]}]},{\"@type\":\"ImageObject\",\"inLanguage\":\"es\",\"@id\":\"https:\/\/vof-news.eu\/es\/verstappen-debuta-con-el-rb22-en-montmelo-y-mclaren-se-borra-hasta-el-miercoles\/#primaryimage\",\"url\":\"https:\/\/vof-news.eu\/wp-content\/uploads\/2026\/01\/17695396336637.jpg\",\"contentUrl\":\"https:\/\/vof-news.eu\/wp-content\/uploads\/2026\/01\/17695396336637.jpg\",\"width\":1366,\"height\":1707},{\"@type\":\"BreadcrumbList\",\"@id\":\"https:\/\/vof-news.eu\/es\/verstappen-debuta-con-el-rb22-en-montmelo-y-mclaren-se-borra-hasta-el-miercoles\/#breadcrumb\",\"itemListElement\":[{\"@type\":\"ListItem\",\"position\":1,\"name\":\"Home\",\"item\":\"https:\/\/vof-news.eu\/es\/\"},{\"@type\":\"ListItem\",\"position\":2,\"name\":\"Verstappen debuta con el RB22 en Montmel\u00f3 y McLaren se borra hasta el mi\u00e9rcoles\"}]},{\"@type\":\"WebSite\",\"@id\":\"https:\/\/vof-news.eu\/es\/#website\",\"url\":\"https:\/\/vof-news.eu\/es\/\",\"name\":\"vof-news.eu\",\"description\":\"\",\"potentialAction\":[{\"@type\":\"SearchAction\",\"target\":{\"@type\":\"EntryPoint\",\"urlTemplate\":\"https:\/\/vof-news.eu\/es\/?s={search_term_string}\"},\"query-input\":\"required name=search_term_string\"}],\"inLanguage\":\"es\"},{\"@type\":\"Person\",\"@id\":\"https:\/\/vof-news.eu\/es\/#\/schema\/person\/f6a2a4309f0561835797fd8c19b333ed\",\"name\":\"Author\",\"image\":{\"@type\":\"ImageObject\",\"inLanguage\":\"es\",\"@id\":\"https:\/\/vof-news.eu\/es\/#\/schema\/person\/image\/\",\"url\":\"https:\/\/secure.gravatar.com\/avatar\/b67e614b1b25b3e9c0c239efdd2fde5ab015b5affd6f1c3c85911ca4b384e790?s=96&d=mm&r=g\",\"contentUrl\":\"https:\/\/secure.gravatar.com\/avatar\/b67e614b1b25b3e9c0c239efdd2fde5ab015b5affd6f1c3c85911ca4b384e790?s=96&d=mm&r=g\",\"caption\":\"Author\"},\"sameAs\":[\"http:\/\/vof-news.eu\"],\"url\":\"https:\/\/vof-news.eu\/es\/author\/zwt6qxnjulxbnyg\/\"}]}<\/script>\n<!-- \/ Yoast SEO plugin. -->","yoast_head_json":{"title":"Verstappen debuta con el RB22 en Montmel\u00f3 y McLaren se borra hasta el mi\u00e9rcoles - vof-news.eu","description":"La lluvia desluci\u00f3 la segunda jornada de test de la F1 en Montmel\u00f3, con Red Bull y Ferrari como \u00fanicos equipos sobre el asfalto. Las buenas sensaciones de Max Verstappen en su debut al volante del RB22 durante la sesi\u00f3n matinal se enturbiaron tras la pausa del mediod\u00eda por el accidente de su compa\u00f1ero Isack Hadjar. El gran ausente del martes fue McLaren, a quien se esperaba sobre el asfalto, pero que finalmente arrancar\u00e1 a partir del mi\u00e9rcoles.\"Todo el programa va seg\u00fan lo previsto\", adelant\u00f3 Andrea Stella, team principal de la escuder\u00eda de Woking, quitando hierro a lo sucedido y confirmando que esta decisi\u00f3n \"siempre fue nuestro plan A\". Seg\u00fan el ingeniero italiano, la vigente campeona del Mundial de Constructores pretende darse \"el m\u00e1ximo tiempo posible para el desarrollo\", de modo que la mayor\u00eda de las evoluciones estrenadas en los test de Barcelona y Bahrein formar\u00e1n la estructura del MCL40 en el GP de Australia.El vac\u00edo de los coches papaya fue ocupado por Ferrari, su hist\u00f3rico rival, que puso por primera vez en pista el SF26. Charles Leclerc y Lewis Hamilton acumularon kil\u00f3metros y comprobaron que todo funcionaba correctamente en el coche. El balance de la jornada guard\u00f3 paralelismos con el de Haas, uno de sus dos equipos cliente, que durante el lunes hab\u00eda completado 154 vueltas con Esteban Ocon. Leclerc: \"Todo ha ido bien\"La Scuderia no quiso arriesgar en este shakedown y en ning\u00fan caso pareci\u00f3 buscar el rendimiento real de su monoplaza. \"Hemos realizado la primera revisi\u00f3n preliminar y todo ha ido bien\", confirm\u00f3 Leclerc. Hamilton tom\u00f3 el relevo tras la pausa para la comida, rodando sin aparentes contratiempos, salvo una peque\u00f1a salida de pista que le dejar\u00eda atrapado en la grava.La otra bandera roja del martes lleg\u00f3 a \u00faltima hora de la tarde, cuando Hadjar golpe\u00f3 las protecciones en la curva 14, que da acceso a la recta de meta. A falta de confirmar si el trompo se debi\u00f3 a un problema en el monoplaza o a un error al volante, el equipo dirigido por Laurent Mekies s\u00ed confirm\u00f3 que su piloto se encontraba bien. Eso s\u00ed, las im\u00e1genes filtradas revelaron que el RB22 hab\u00eda perdido su aler\u00f3n trasero.A la espera de las tres \u00faltimas sesiones de test en Montmel\u00f3, ocho equipos han iniciado su pretemporada, todos salvo McLaren, Aston Martin y Williams. Hay que recordar que la escuder\u00eda de Fernando Alonso pondr\u00e1 el AMR-26 sobre el asfalto, mientras el equipo de Carlos Sainz no rodar\u00e1 en Barcelona por culpa de diversos retrasos en su preparaci\u00f3n.Seg\u00fan la previsi\u00f3n de la Agencia Estatal de Meteorolog\u00eda (AEMET), el mi\u00e9rcoles se esperan temperaturas entre los 7\u00baC y 11\u00baC en la zona de Montmel\u00f3, con cielos cubiertos a partir de mediod\u00eda y riesgo de una ligera lluvia entre las 14:00 y 16:00 horas. A esos inconvenientes podr\u00eda a\u00f1adirse las rachas de fuerte viento de componente oeste.","robots":{"index":"noindex","follow":"follow","max-snippet":"max-snippet:-1","max-image-preview":"max-image-preview:large","max-video-preview":"max-video-preview:-1"},"og_locale":"es_ES","og_type":"article","og_title":"Verstappen debuta con el RB22 en Montmel\u00f3 y McLaren se borra hasta el mi\u00e9rcoles - vof-news.eu","og_description":"La lluvia desluci\u00f3 la segunda jornada de test de la F1 en Montmel\u00f3, con Red Bull y Ferrari como \u00fanicos equipos sobre el asfalto. Las buenas sensaciones de Max Verstappen en su debut al volante del RB22 durante la sesi\u00f3n matinal se enturbiaron tras la pausa del mediod\u00eda por el accidente de su compa\u00f1ero Isack Hadjar. El gran ausente del martes fue McLaren, a quien se esperaba sobre el asfalto, pero que finalmente arrancar\u00e1 a partir del mi\u00e9rcoles.\"Todo el programa va seg\u00fan lo previsto\", adelant\u00f3 Andrea Stella, team principal de la escuder\u00eda de Woking, quitando hierro a lo sucedido y confirmando que esta decisi\u00f3n \"siempre fue nuestro plan A\". Seg\u00fan el ingeniero italiano, la vigente campeona del Mundial de Constructores pretende darse \"el m\u00e1ximo tiempo posible para el desarrollo\", de modo que la mayor\u00eda de las evoluciones estrenadas en los test de Barcelona y Bahrein formar\u00e1n la estructura del MCL40 en el GP de Australia.El vac\u00edo de los coches papaya fue ocupado por Ferrari, su hist\u00f3rico rival, que puso por primera vez en pista el SF26. Charles Leclerc y Lewis Hamilton acumularon kil\u00f3metros y comprobaron que todo funcionaba correctamente en el coche. El balance de la jornada guard\u00f3 paralelismos con el de Haas, uno de sus dos equipos cliente, que durante el lunes hab\u00eda completado 154 vueltas con Esteban Ocon. Leclerc: \"Todo ha ido bien\"La Scuderia no quiso arriesgar en este shakedown y en ning\u00fan caso pareci\u00f3 buscar el rendimiento real de su monoplaza. \"Hemos realizado la primera revisi\u00f3n preliminar y todo ha ido bien\", confirm\u00f3 Leclerc. Hamilton tom\u00f3 el relevo tras la pausa para la comida, rodando sin aparentes contratiempos, salvo una peque\u00f1a salida de pista que le dejar\u00eda atrapado en la grava.La otra bandera roja del martes lleg\u00f3 a \u00faltima hora de la tarde, cuando Hadjar golpe\u00f3 las protecciones en la curva 14, que da acceso a la recta de meta. A falta de confirmar si el trompo se debi\u00f3 a un problema en el monoplaza o a un error al volante, el equipo dirigido por Laurent Mekies s\u00ed confirm\u00f3 que su piloto se encontraba bien. Eso s\u00ed, las im\u00e1genes filtradas revelaron que el RB22 hab\u00eda perdido su aler\u00f3n trasero.A la espera de las tres \u00faltimas sesiones de test en Montmel\u00f3, ocho equipos han iniciado su pretemporada, todos salvo McLaren, Aston Martin y Williams. Hay que recordar que la escuder\u00eda de Fernando Alonso pondr\u00e1 el AMR-26 sobre el asfalto, mientras el equipo de Carlos Sainz no rodar\u00e1 en Barcelona por culpa de diversos retrasos en su preparaci\u00f3n.Seg\u00fan la previsi\u00f3n de la Agencia Estatal de Meteorolog\u00eda (AEMET), el mi\u00e9rcoles se esperan temperaturas entre los 7\u00baC y 11\u00baC en la zona de Montmel\u00f3, con cielos cubiertos a partir de mediod\u00eda y riesgo de una ligera lluvia entre las 14:00 y 16:00 horas. A esos inconvenientes podr\u00eda a\u00f1adirse las rachas de fuerte viento de componente oeste.","og_url":"https:\/\/vof-news.eu\/es\/verstappen-debuta-con-el-rb22-en-montmelo-y-mclaren-se-borra-hasta-el-miercoles\/","og_site_name":"vof-news.eu","article_published_time":"2026-01-27T20:19:14+00:00","article_modified_time":"2026-01-27T20:20:44+00:00","og_image":[{"width":1366,"height":1707,"url":"https:\/\/vof-news.eu\/wp-content\/uploads\/2026\/01\/17695396336637.jpg","type":"image\/jpeg"}],"author":"Author","twitter_card":"summary_large_image","twitter_misc":{"Escrito por":"Author","Tiempo de lectura":"3 minutos"},"schema":{"@context":"https:\/\/schema.org","@graph":[{"@type":"WebPage","@id":"https:\/\/vof-news.eu\/es\/verstappen-debuta-con-el-rb22-en-montmelo-y-mclaren-se-borra-hasta-el-miercoles\/","url":"https:\/\/vof-news.eu\/es\/verstappen-debuta-con-el-rb22-en-montmelo-y-mclaren-se-borra-hasta-el-miercoles\/","name":"Verstappen debuta con el RB22 en Montmel\u00f3 y McLaren se borra hasta el mi\u00e9rcoles - vof-news.eu","isPartOf":{"@id":"https:\/\/vof-news.eu\/es\/#website"},"primaryImageOfPage":{"@id":"https:\/\/vof-news.eu\/es\/verstappen-debuta-con-el-rb22-en-montmelo-y-mclaren-se-borra-hasta-el-miercoles\/#primaryimage"},"image":{"@id":"https:\/\/vof-news.eu\/es\/verstappen-debuta-con-el-rb22-en-montmelo-y-mclaren-se-borra-hasta-el-miercoles\/#primaryimage"},"thumbnailUrl":"https:\/\/vof-news.eu\/wp-content\/uploads\/2026\/01\/17695396336637.jpg","datePublished":"2026-01-27T20:19:14+00:00","dateModified":"2026-01-27T20:20:44+00:00","author":{"@id":"https:\/\/vof-news.eu\/es\/#\/schema\/person\/f6a2a4309f0561835797fd8c19b333ed"},"description":"La lluvia desluci\u00f3 la segunda jornada de test de la F1 en Montmel\u00f3, con Red Bull y Ferrari como \u00fanicos equipos sobre el asfalto. Las buenas sensaciones de Max Verstappen en su debut al volante del RB22 durante la sesi\u00f3n matinal se enturbiaron tras la pausa del mediod\u00eda por el accidente de su compa\u00f1ero Isack Hadjar. El gran ausente del martes fue McLaren, a quien se esperaba sobre el asfalto, pero que finalmente arrancar\u00e1 a partir del mi\u00e9rcoles.\"Todo el programa va seg\u00fan lo previsto\", adelant\u00f3 Andrea Stella, team principal de la escuder\u00eda de Woking, quitando hierro a lo sucedido y confirmando que esta decisi\u00f3n \"siempre fue nuestro plan A\". Seg\u00fan el ingeniero italiano, la vigente campeona del Mundial de Constructores pretende darse \"el m\u00e1ximo tiempo posible para el desarrollo\", de modo que la mayor\u00eda de las evoluciones estrenadas en los test de Barcelona y Bahrein formar\u00e1n la estructura del MCL40 en el GP de Australia.El vac\u00edo de los coches papaya fue ocupado por Ferrari, su hist\u00f3rico rival, que puso por primera vez en pista el SF26. Charles Leclerc y Lewis Hamilton acumularon kil\u00f3metros y comprobaron que todo funcionaba correctamente en el coche. El balance de la jornada guard\u00f3 paralelismos con el de Haas, uno de sus dos equipos cliente, que durante el lunes hab\u00eda completado 154 vueltas con Esteban Ocon. Leclerc: \"Todo ha ido bien\"La Scuderia no quiso arriesgar en este shakedown y en ning\u00fan caso pareci\u00f3 buscar el rendimiento real de su monoplaza. \"Hemos realizado la primera revisi\u00f3n preliminar y todo ha ido bien\", confirm\u00f3 Leclerc. Hamilton tom\u00f3 el relevo tras la pausa para la comida, rodando sin aparentes contratiempos, salvo una peque\u00f1a salida de pista que le dejar\u00eda atrapado en la grava.La otra bandera roja del martes lleg\u00f3 a \u00faltima hora de la tarde, cuando Hadjar golpe\u00f3 las protecciones en la curva 14, que da acceso a la recta de meta. A falta de confirmar si el trompo se debi\u00f3 a un problema en el monoplaza o a un error al volante, el equipo dirigido por Laurent Mekies s\u00ed confirm\u00f3 que su piloto se encontraba bien. Eso s\u00ed, las im\u00e1genes filtradas revelaron que el RB22 hab\u00eda perdido su aler\u00f3n trasero.A la espera de las tres \u00faltimas sesiones de test en Montmel\u00f3, ocho equipos han iniciado su pretemporada, todos salvo McLaren, Aston Martin y Williams. Hay que recordar que la escuder\u00eda de Fernando Alonso pondr\u00e1 el AMR-26 sobre el asfalto, mientras el equipo de Carlos Sainz no rodar\u00e1 en Barcelona por culpa de diversos retrasos en su preparaci\u00f3n.Seg\u00fan la previsi\u00f3n de la Agencia Estatal de Meteorolog\u00eda (AEMET), el mi\u00e9rcoles se esperan temperaturas entre los 7\u00baC y 11\u00baC en la zona de Montmel\u00f3, con cielos cubiertos a partir de mediod\u00eda y riesgo de una ligera lluvia entre las 14:00 y 16:00 horas. A esos inconvenientes podr\u00eda a\u00f1adirse las rachas de fuerte viento de componente oeste.","breadcrumb":{"@id":"https:\/\/vof-news.eu\/es\/verstappen-debuta-con-el-rb22-en-montmelo-y-mclaren-se-borra-hasta-el-miercoles\/#breadcrumb"},"inLanguage":"es","potentialAction":[{"@type":"ReadAction","target":["https:\/\/vof-news.eu\/es\/verstappen-debuta-con-el-rb22-en-montmelo-y-mclaren-se-borra-hasta-el-miercoles\/"]}]},{"@type":"ImageObject","inLanguage":"es","@id":"https:\/\/vof-news.eu\/es\/verstappen-debuta-con-el-rb22-en-montmelo-y-mclaren-se-borra-hasta-el-miercoles\/#primaryimage","url":"https:\/\/vof-news.eu\/wp-content\/uploads\/2026\/01\/17695396336637.jpg","contentUrl":"https:\/\/vof-news.eu\/wp-content\/uploads\/2026\/01\/17695396336637.jpg","width":1366,"height":1707},{"@type":"BreadcrumbList","@id":"https:\/\/vof-news.eu\/es\/verstappen-debuta-con-el-rb22-en-montmelo-y-mclaren-se-borra-hasta-el-miercoles\/#breadcrumb","itemListElement":[{"@type":"ListItem","position":1,"name":"Home","item":"https:\/\/vof-news.eu\/es\/"},{"@type":"ListItem","position":2,"name":"Verstappen debuta con el RB22 en Montmel\u00f3 y McLaren se borra hasta el mi\u00e9rcoles"}]},{"@type":"WebSite","@id":"https:\/\/vof-news.eu\/es\/#website","url":"https:\/\/vof-news.eu\/es\/","name":"vof-news.eu","description":"","potentialAction":[{"@type":"SearchAction","target":{"@type":"EntryPoint","urlTemplate":"https:\/\/vof-news.eu\/es\/?s={search_term_string}"},"query-input":"required name=search_term_string"}],"inLanguage":"es"},{"@type":"Person","@id":"https:\/\/vof-news.eu\/es\/#\/schema\/person\/f6a2a4309f0561835797fd8c19b333ed","name":"Author","image":{"@type":"ImageObject","inLanguage":"es","@id":"https:\/\/vof-news.eu\/es\/#\/schema\/person\/image\/","url":"https:\/\/secure.gravatar.com\/avatar\/b67e614b1b25b3e9c0c239efdd2fde5ab015b5affd6f1c3c85911ca4b384e790?s=96&d=mm&r=g","contentUrl":"https:\/\/secure.gravatar.com\/avatar\/b67e614b1b25b3e9c0c239efdd2fde5ab015b5affd6f1c3c85911ca4b384e790?s=96&d=mm&r=g","caption":"Author"},"sameAs":["http:\/\/vof-news.eu"],"url":"https:\/\/vof-news.eu\/es\/author\/zwt6qxnjulxbnyg\/"}]}},"yoast_meta":{"yoast_wpseo_title":"","yoast_wpseo_metadesc":"","yoast_wpseo_canonical":""},"_links":{"self":[{"href":"https:\/\/vof-news.eu\/es\/wp-json\/wp\/v2\/posts\/320903","targetHints":{"allow":["GET"]}}],"collection":[{"href":"https:\/\/vof-news.eu\/es\/wp-json\/wp\/v2\/posts"}],"about":[{"href":"https:\/\/vof-news.eu\/es\/wp-json\/wp\/v2\/types\/post"}],"author":[{"embeddable":true,"href":"https:\/\/vof-news.eu\/es\/wp-json\/wp\/v2\/users\/1"}],"replies":[{"embeddable":true,"href":"https:\/\/vof-news.eu\/es\/wp-json\/wp\/v2\/comments?post=320903"}],"version-history":[{"count":1,"href":"https:\/\/vof-news.eu\/es\/wp-json\/wp\/v2\/posts\/320903\/revisions"}],"predecessor-version":[{"id":320910,"href":"https:\/\/vof-news.eu\/es\/wp-json\/wp\/v2\/posts\/320903\/revisions\/320910"}],"wp:featuredmedia":[{"embeddable":true,"href":"https:\/\/vof-news.eu\/es\/wp-json\/wp\/v2\/media\/320904"}],"wp:attachment":[{"href":"https:\/\/vof-news.eu\/es\/wp-json\/wp\/v2\/media?parent=320903"}],"wp:term":[{"taxonomy":"category","embeddable":true,"href":"https:\/\/vof-news.eu\/es\/wp-json\/wp\/v2\/categories?post=320903"},{"taxonomy":"post_tag","embeddable":true,"href":"https:\/\/vof-news.eu\/es\/wp-json\/wp\/v2\/tags?post=320903"}],"curies":[{"name":"wp","href":"https:\/\/api.w.org\/{rel}","templated":true}]}}