{"id":320863,"date":"2026-01-27T21:17:22","date_gmt":"2026-01-27T18:17:22","guid":{"rendered":"https:\/\/vof-news.eu\/los-trabajadores-de-silicon-valley-piden-a-los-emperadores-tecnologicos-que-se-rebelen-ante-trump-y-la-violencia-del-ice\/"},"modified":"2026-01-27T21:18:11","modified_gmt":"2026-01-27T18:18:11","slug":"los-trabajadores-de-silicon-valley-piden-a-los-emperadores-tecnologicos-que-se-rebelen-ante-trump-y-la-violencia-del-ice","status":"publish","type":"post","link":"https:\/\/vof-news.eu\/es\/los-trabajadores-de-silicon-valley-piden-a-los-emperadores-tecnologicos-que-se-rebelen-ante-trump-y-la-violencia-del-ice\/","title":{"rendered":"Los trabajadores de Silicon Valley piden a los emperadores tecnol\u00f3gicos que se rebelen ante Trump y la violencia del ICE"},"content":{"rendered":"<div>\n<p>\n        Los trabajadores de Silicon Valley pasan a la acci\u00f3n. El antiguo basti\u00f3n dem\u00f3crata, acallado durante dos a\u00f1os por el nuevo eje de poder entre los emperadores tecnol\u00f3gicos y Donald Trump, ha decidido no seguir en silencio ante la \u201cbrutalidad desenfrenada\u201d del ICE en Minnesota, la <a href=\"https:\/\/www.eldiario.es\/blog\/al-dia\/podcast-ice-trump-tiene-su-brigada-paramilitar_132_12937713.html\" rel=\"nofollow\">brigada paramilitar<\/a> que el presidente ha desplegado en el estado para llevar a cabo redadas indiscriminadas y que suma <a href=\"https:\/\/www.eldiario.es\/internacional\/minneapolis-laboratorio-represion-trump-resistencia-ice-desgasta-presidente-eeuu_1_12937391.html\" rel=\"nofollow\">dos asesinatos<\/a> en dos semanas.\n    <\/p>\n<p>\n        En una carta abierta, los empleados de la industria tecnol\u00f3gica condenan \u201cel asesinato de Alex Pretti a manos de la Patrulla Fronteriza\u201d, perpetrado este s\u00e1bado, y la violencia desatada por los comandos antiinmigraci\u00f3n de Trump. Una violencia que \u201cha anulado cualquier credibilidad de que estas acciones tengan que ver con la aplicaci\u00f3n de la ley migratoria. Su objetivo es el terror, la crueldad y la represi\u00f3n de la disidencia\u201d.\n    <\/p>\n<p>\n        \u201cEsto debe terminar\u201d, aseveran. Por eso, piden a los directores ejecutivos que aprovechen esa l\u00ednea directa con Trump para poner freno a ese \u201cterror\u201d. Que \u201clevanten el tel\u00e9fono\u201d, \u201cllamen a la Casa Blanca y exijan que ICE abandone nuestras ciudades\u201d. Tambi\u00e9n les solicitan unan denuncia p\u00fablica de la violencia, as\u00ed como \u201ccancelar todos los contratos de sus empresas con ICE\u201d.\n    <\/p>\n<blockquote>\n<\/blockquote>\n<p>\n        No ser\u00eda la primera vez que los ejecutivos utilizan este particular tel\u00e9fono rojo para moderar al presidente. \u201cSabemos que los l\u00edderes de nuestra industria tienen influencia: en octubre, persuadieron a Trump para que cancelara una ofensiva planeada de ICE en San Francisco\u201d, recuerdan los trabajadores.\n    <\/p>\n<p>\n        \u201cAhora deben ir m\u00e1s lejos y unirse a nosotros para exigir que ICE salga de todas nuestras ciudades\u201d, recalcan en la carta, que <a href=\"https:\/\/iceout.tech\/\" rel=\"nofollow\">acumula m\u00e1s 800 firmas<\/a> en 48 horas. M\u00e1s de 500 de ellas van acompa\u00f1adas de nombre y apellidos, mientras que otras 300 incluyen solo el puesto que los empleados tienen en el sector.\n    <\/p>\n<p>\n        Entre los firmantes est\u00e1 uno de los vicepresidentes de Tesla, directores de producto y de investigaci\u00f3n de Google, un director de marketing de meta, un vicepresidente de IBM o varios directores ejecutivos de tecnol\u00f3gicas m\u00e1s peque\u00f1as, como FlipBoard.\n    <\/p>\n<h2>Silicon Valley se alza de nuevo<\/h2>\n<p>\n        \u201cQueremos estar orgullosos de trabajar en el sector tecnol\u00f3gico. Queremos estar orgullosos de las empresas para las que trabajamos. Podemos y debemos usar nuestra influencia para acabar con esta violencia\u201d, dicen los trabajadores de Silicon Valley en la petici\u00f3n.\n    <\/p>\n<p>\n        Hubo un tiempo, no tan lejano, en el que Silicon Valley fue un foco de contrapoder interno para Donald Trump. La meca de la tecnolog\u00eda estadounidense era conocida por ser un basti\u00f3n dem\u00f3crata. Los republicanos apenas alcanzaban el 20% del voto, mientras que sus altos ejecutivos organizaban cuantiosas recaudaciones de fondos para Obama, Clinton o Biden. Todo eso cambi\u00f3 en 2024, cuando una <a href=\"https:\/\/www.eldiario.es\/tecnologia\/pelea-trump-harris-ganarse-silicon-valley-marcar-humanidad_1_11543293.html\" rel=\"nofollow\">contrarrevoluci\u00f3n reaccionaria<\/a> liderada por Elon Musk y <a href=\"https:\/\/www.eldiario.es\/tecnologia\/peter-thiel-milmillonario-ideas-peligrosas_129_12533243.html\" rel=\"nofollow\">Peter Thiel<\/a> abri\u00f3 una falla en el valle.\n    <\/p>\n<p>\n        La mayor\u00eda de los emperadores de la tecnolog\u00eda terminaron cayendo por ella. De un d\u00eda para otro, los mismos ejecutivos que hab\u00edan <a href=\"https:\/\/www.eldiario.es\/tecnologia\/jefe-openai-dice-ahora-lamenta-haber-caido-trampa-desconfiar-trump-liderar-protestas_1_11989073.html\" rel=\"nofollow\">liderado manifestaciones contra Trump<\/a> en su primer mandato estaban haciendo donaciones millonarias para su nuevo sal\u00f3n de baile en la Casa Blanca y eran recompensados con <a href=\"https:\/\/www.eldiario.es\/tecnologia\/pichai-bezos-cook-corte-tecnologica-trump-musk_1_11980945.html\" rel=\"nofollow\">asientos en primera fila en su toma de posesi\u00f3n<\/a>.\n    <\/p>\n<p>\n        Adem\u00e1s de Elon Musk, que <a href=\"https:\/\/www.eldiario.es\/tecnologia\/elon-musk-vuelve-escena-choque-trump-historica-donacion-candidato-maga_1_12921047.html\" rel=\"nofollow\">ha vuelto a apoyar a los republicanos<\/a> tras su enfrentamiento con Trump, en esa fotograf\u00eda aparec\u00edan Mark Zuckerberg, de Meta; Sundar Pichai, de Google; Jeff Bezos, de Amazon; Sam Altman, de OpenAI; o Tim Cook, de Apple. El s\u00e1bado, cuando el ICE asesin\u00f3 al profesor Alex Pretti, algunos de los magnates estaban en la  del nuevo documental sobre Melania Trump.\n    <\/p>\n<p>\n        Silicon Valley sigui\u00f3 votando masivamente dem\u00f3crata (en 2024 Trump solo obtuvo un 28% del voto en Santa Clara, el coraz\u00f3n del valle, y no pas\u00f3 del 23% en los otros dos condados de la zona) pero el sector tecnol\u00f3gico se hab\u00eda vuelto abiertamente hostil. Las multinacionales despidieron a los equipos de inclusi\u00f3n, eliminaron sus pol\u00edticas de diversidad y despidieron a los autores de protestas contra <a href=\"https:\/\/www.eldiario.es\/tecnologia\/microsoft-despide-empleados-protestar-despacho-presidente-lazos-israel_1_12563506.html\" rel=\"nofollow\">la participaci\u00f3n de sus empresas en la matanza de Gaza<\/a>.\n    <\/p>\n<p>\n        La situaci\u00f3n apag\u00f3 la antigua presi\u00f3n que los trabajadores tecnol\u00f3gicos ejerc\u00edan contra las pol\u00edticas de Trump, especialmente las migratorias. Sin embargo, lo que est\u00e1 ocurriendo en el estado de Minnesota ha encendido a una comunidad que se caracteriza por su multiculturalidad.\n    <\/p>\n<p>\n        \u201cNo llegamos aqu\u00ed de la noche a la ma\u00f1ana\u201d, argumentan. \u201cDesde hace meses, Trump ha enviado agentes federales a nuestras ciudades para criminalizarnos a nosotros, a nuestros vecinos, amigos, colegas y familiares. De Minneapolis a Los \u00c1ngeles y a Chicago, hemos visto a matones armados y enmascarados llevar a cabo violencia desenfrenada, secuestros, terror y crueldad sin que se vislumbre un final\u201d.\n    <\/p>\n<p>\n        \u201cLos profesionales del sector tecnol\u00f3gico est\u00e1n alzando la voz contra esta brutalidad, y hacemos un llamamiento a todos nuestros colegas que comparten estos valores a usar la suya\u201d, piden en la misiva.\n    <\/p>\n<\/div>\n","protected":false},"excerpt":{"rendered":"<p>Los trabajadores de Silicon Valley pasan a la acci\u00f3n. El antiguo basti\u00f3n dem\u00f3crata, acallado durante dos a\u00f1os por el nuevo eje de poder entre los emperadores tecnol\u00f3gicos y Donald Trump, ha decidido no seguir en silencio ante la \u201cbrutalidad desenfrenada\u201d del ICE en Minnesota, la brigada paramilitar que el presidente ha desplegado en el estado<\/p>\n","protected":false},"author":1,"featured_media":320864,"comment_status":"open","ping_status":"open","sticky":false,"template":"","format":"standard","meta":{"footnotes":""},"categories":[61],"tags":[],"class_list":["post-320863","post","type-post","status-publish","format-standard","has-post-thumbnail","hentry","category-business-es"],"acf":[],"yoast_head":"<!-- This site is optimized with the Yoast SEO plugin v22.9 - https:\/\/yoast.com\/wordpress\/plugins\/seo\/ -->\n<title>Los trabajadores de Silicon Valley piden a los emperadores tecnol\u00f3gicos que se rebelen ante Trump y la violencia del ICE - vof-news.eu<\/title>\n<meta name=\"description\" content=\"Los trabajadores de Silicon Valley pasan a la acci\u00f3n. El antiguo basti\u00f3n dem\u00f3crata, acallado durante dos a\u00f1os por el nuevo eje de poder entre los emperadores tecnol\u00f3gicos y Donald Trump, ha decidido no seguir en silencio ante la \u201cbrutalidad desenfrenada\u201d del ICE en Minnesota, la brigada paramilitar que el presidente ha desplegado en el estado para llevar a cabo redadas indiscriminadas y que suma dos asesinatos en dos semanas.\" \/>\n<meta name=\"robots\" content=\"noindex, follow, max-snippet:-1, max-image-preview:large, max-video-preview:-1\" \/>\n<meta property=\"og:locale\" content=\"es_ES\" \/>\n<meta property=\"og:type\" content=\"article\" \/>\n<meta property=\"og:title\" content=\"Los trabajadores de Silicon Valley piden a los emperadores tecnol\u00f3gicos que se rebelen ante Trump y la violencia del ICE - vof-news.eu\" \/>\n<meta property=\"og:description\" content=\"Los trabajadores de Silicon Valley pasan a la acci\u00f3n. El antiguo basti\u00f3n dem\u00f3crata, acallado durante dos a\u00f1os por el nuevo eje de poder entre los emperadores tecnol\u00f3gicos y Donald Trump, ha decidido no seguir en silencio ante la \u201cbrutalidad desenfrenada\u201d del ICE en Minnesota, la brigada paramilitar que el presidente ha desplegado en el estado para llevar a cabo redadas indiscriminadas y que suma dos asesinatos en dos semanas.\" \/>\n<meta property=\"og:url\" content=\"https:\/\/vof-news.eu\/es\/los-trabajadores-de-silicon-valley-piden-a-los-emperadores-tecnologicos-que-se-rebelen-ante-trump-y-la-violencia-del-ice\/\" \/>\n<meta property=\"og:site_name\" content=\"vof-news.eu\" \/>\n<meta property=\"article:published_time\" content=\"2026-01-27T18:17:22+00:00\" \/>\n<meta property=\"article:modified_time\" content=\"2026-01-27T18:18:11+00:00\" \/>\n<meta property=\"og:image\" content=\"https:\/\/vof-news.eu\/wp-content\/uploads\/2026\/01\/c575bea5-69de-43c9-aa0d-f9698e6fcea8_16-9-discover-aspect-ratio_default_1135185.jpg\" \/>\n\t<meta property=\"og:image:width\" content=\"1200\" \/>\n\t<meta property=\"og:image:height\" content=\"675\" \/>\n\t<meta property=\"og:image:type\" content=\"image\/jpeg\" \/>\n<meta name=\"author\" content=\"Author\" \/>\n<meta name=\"twitter:card\" content=\"summary_large_image\" \/>\n<meta name=\"twitter:label1\" content=\"Escrito por\" \/>\n\t<meta name=\"twitter:data1\" content=\"Author\" \/>\n\t<meta name=\"twitter:label2\" content=\"Tiempo de lectura\" \/>\n\t<meta name=\"twitter:data2\" content=\"4 minutos\" \/>\n<script type=\"application\/ld+json\" class=\"yoast-schema-graph\">{\"@context\":\"https:\/\/schema.org\",\"@graph\":[{\"@type\":\"WebPage\",\"@id\":\"https:\/\/vof-news.eu\/es\/los-trabajadores-de-silicon-valley-piden-a-los-emperadores-tecnologicos-que-se-rebelen-ante-trump-y-la-violencia-del-ice\/\",\"url\":\"https:\/\/vof-news.eu\/es\/los-trabajadores-de-silicon-valley-piden-a-los-emperadores-tecnologicos-que-se-rebelen-ante-trump-y-la-violencia-del-ice\/\",\"name\":\"Los trabajadores de Silicon Valley piden a los emperadores tecnol\u00f3gicos que se rebelen ante Trump y la violencia del ICE - vof-news.eu\",\"isPartOf\":{\"@id\":\"https:\/\/vof-news.eu\/es\/#website\"},\"primaryImageOfPage\":{\"@id\":\"https:\/\/vof-news.eu\/es\/los-trabajadores-de-silicon-valley-piden-a-los-emperadores-tecnologicos-que-se-rebelen-ante-trump-y-la-violencia-del-ice\/#primaryimage\"},\"image\":{\"@id\":\"https:\/\/vof-news.eu\/es\/los-trabajadores-de-silicon-valley-piden-a-los-emperadores-tecnologicos-que-se-rebelen-ante-trump-y-la-violencia-del-ice\/#primaryimage\"},\"thumbnailUrl\":\"https:\/\/vof-news.eu\/wp-content\/uploads\/2026\/01\/c575bea5-69de-43c9-aa0d-f9698e6fcea8_16-9-discover-aspect-ratio_default_1135185.jpg\",\"datePublished\":\"2026-01-27T18:17:22+00:00\",\"dateModified\":\"2026-01-27T18:18:11+00:00\",\"author\":{\"@id\":\"https:\/\/vof-news.eu\/es\/#\/schema\/person\/f6a2a4309f0561835797fd8c19b333ed\"},\"description\":\"Los trabajadores de Silicon Valley pasan a la acci\u00f3n. El antiguo basti\u00f3n dem\u00f3crata, acallado durante dos a\u00f1os por el nuevo eje de poder entre los emperadores tecnol\u00f3gicos y Donald Trump, ha decidido no seguir en silencio ante la \u201cbrutalidad desenfrenada\u201d del ICE en Minnesota, la brigada paramilitar que el presidente ha desplegado en el estado para llevar a cabo redadas indiscriminadas y que suma dos asesinatos en dos semanas.\",\"breadcrumb\":{\"@id\":\"https:\/\/vof-news.eu\/es\/los-trabajadores-de-silicon-valley-piden-a-los-emperadores-tecnologicos-que-se-rebelen-ante-trump-y-la-violencia-del-ice\/#breadcrumb\"},\"inLanguage\":\"es\",\"potentialAction\":[{\"@type\":\"ReadAction\",\"target\":[\"https:\/\/vof-news.eu\/es\/los-trabajadores-de-silicon-valley-piden-a-los-emperadores-tecnologicos-que-se-rebelen-ante-trump-y-la-violencia-del-ice\/\"]}]},{\"@type\":\"ImageObject\",\"inLanguage\":\"es\",\"@id\":\"https:\/\/vof-news.eu\/es\/los-trabajadores-de-silicon-valley-piden-a-los-emperadores-tecnologicos-que-se-rebelen-ante-trump-y-la-violencia-del-ice\/#primaryimage\",\"url\":\"https:\/\/vof-news.eu\/wp-content\/uploads\/2026\/01\/c575bea5-69de-43c9-aa0d-f9698e6fcea8_16-9-discover-aspect-ratio_default_1135185.jpg\",\"contentUrl\":\"https:\/\/vof-news.eu\/wp-content\/uploads\/2026\/01\/c575bea5-69de-43c9-aa0d-f9698e6fcea8_16-9-discover-aspect-ratio_default_1135185.jpg\",\"width\":1200,\"height\":675},{\"@type\":\"BreadcrumbList\",\"@id\":\"https:\/\/vof-news.eu\/es\/los-trabajadores-de-silicon-valley-piden-a-los-emperadores-tecnologicos-que-se-rebelen-ante-trump-y-la-violencia-del-ice\/#breadcrumb\",\"itemListElement\":[{\"@type\":\"ListItem\",\"position\":1,\"name\":\"Home\",\"item\":\"https:\/\/vof-news.eu\/es\/\"},{\"@type\":\"ListItem\",\"position\":2,\"name\":\"Los trabajadores de Silicon Valley piden a los emperadores tecnol\u00f3gicos que se rebelen ante Trump y la violencia del ICE\"}]},{\"@type\":\"WebSite\",\"@id\":\"https:\/\/vof-news.eu\/es\/#website\",\"url\":\"https:\/\/vof-news.eu\/es\/\",\"name\":\"vof-news.eu\",\"description\":\"\",\"potentialAction\":[{\"@type\":\"SearchAction\",\"target\":{\"@type\":\"EntryPoint\",\"urlTemplate\":\"https:\/\/vof-news.eu\/es\/?s={search_term_string}\"},\"query-input\":\"required name=search_term_string\"}],\"inLanguage\":\"es\"},{\"@type\":\"Person\",\"@id\":\"https:\/\/vof-news.eu\/es\/#\/schema\/person\/f6a2a4309f0561835797fd8c19b333ed\",\"name\":\"Author\",\"image\":{\"@type\":\"ImageObject\",\"inLanguage\":\"es\",\"@id\":\"https:\/\/vof-news.eu\/es\/#\/schema\/person\/image\/\",\"url\":\"https:\/\/secure.gravatar.com\/avatar\/b67e614b1b25b3e9c0c239efdd2fde5ab015b5affd6f1c3c85911ca4b384e790?s=96&d=mm&r=g\",\"contentUrl\":\"https:\/\/secure.gravatar.com\/avatar\/b67e614b1b25b3e9c0c239efdd2fde5ab015b5affd6f1c3c85911ca4b384e790?s=96&d=mm&r=g\",\"caption\":\"Author\"},\"sameAs\":[\"http:\/\/vof-news.eu\"],\"url\":\"https:\/\/vof-news.eu\/es\/author\/zwt6qxnjulxbnyg\/\"}]}<\/script>\n<!-- \/ Yoast SEO plugin. -->","yoast_head_json":{"title":"Los trabajadores de Silicon Valley piden a los emperadores tecnol\u00f3gicos que se rebelen ante Trump y la violencia del ICE - vof-news.eu","description":"Los trabajadores de Silicon Valley pasan a la acci\u00f3n. El antiguo basti\u00f3n dem\u00f3crata, acallado durante dos a\u00f1os por el nuevo eje de poder entre los emperadores tecnol\u00f3gicos y Donald Trump, ha decidido no seguir en silencio ante la \u201cbrutalidad desenfrenada\u201d del ICE en Minnesota, la brigada paramilitar que el presidente ha desplegado en el estado para llevar a cabo redadas indiscriminadas y que suma dos asesinatos en dos semanas.","robots":{"index":"noindex","follow":"follow","max-snippet":"max-snippet:-1","max-image-preview":"max-image-preview:large","max-video-preview":"max-video-preview:-1"},"og_locale":"es_ES","og_type":"article","og_title":"Los trabajadores de Silicon Valley piden a los emperadores tecnol\u00f3gicos que se rebelen ante Trump y la violencia del ICE - vof-news.eu","og_description":"Los trabajadores de Silicon Valley pasan a la acci\u00f3n. El antiguo basti\u00f3n dem\u00f3crata, acallado durante dos a\u00f1os por el nuevo eje de poder entre los emperadores tecnol\u00f3gicos y Donald Trump, ha decidido no seguir en silencio ante la \u201cbrutalidad desenfrenada\u201d del ICE en Minnesota, la brigada paramilitar que el presidente ha desplegado en el estado para llevar a cabo redadas indiscriminadas y que suma dos asesinatos en dos semanas.","og_url":"https:\/\/vof-news.eu\/es\/los-trabajadores-de-silicon-valley-piden-a-los-emperadores-tecnologicos-que-se-rebelen-ante-trump-y-la-violencia-del-ice\/","og_site_name":"vof-news.eu","article_published_time":"2026-01-27T18:17:22+00:00","article_modified_time":"2026-01-27T18:18:11+00:00","og_image":[{"width":1200,"height":675,"url":"https:\/\/vof-news.eu\/wp-content\/uploads\/2026\/01\/c575bea5-69de-43c9-aa0d-f9698e6fcea8_16-9-discover-aspect-ratio_default_1135185.jpg","type":"image\/jpeg"}],"author":"Author","twitter_card":"summary_large_image","twitter_misc":{"Escrito por":"Author","Tiempo de lectura":"4 minutos"},"schema":{"@context":"https:\/\/schema.org","@graph":[{"@type":"WebPage","@id":"https:\/\/vof-news.eu\/es\/los-trabajadores-de-silicon-valley-piden-a-los-emperadores-tecnologicos-que-se-rebelen-ante-trump-y-la-violencia-del-ice\/","url":"https:\/\/vof-news.eu\/es\/los-trabajadores-de-silicon-valley-piden-a-los-emperadores-tecnologicos-que-se-rebelen-ante-trump-y-la-violencia-del-ice\/","name":"Los trabajadores de Silicon Valley piden a los emperadores tecnol\u00f3gicos que se rebelen ante Trump y la violencia del ICE - vof-news.eu","isPartOf":{"@id":"https:\/\/vof-news.eu\/es\/#website"},"primaryImageOfPage":{"@id":"https:\/\/vof-news.eu\/es\/los-trabajadores-de-silicon-valley-piden-a-los-emperadores-tecnologicos-que-se-rebelen-ante-trump-y-la-violencia-del-ice\/#primaryimage"},"image":{"@id":"https:\/\/vof-news.eu\/es\/los-trabajadores-de-silicon-valley-piden-a-los-emperadores-tecnologicos-que-se-rebelen-ante-trump-y-la-violencia-del-ice\/#primaryimage"},"thumbnailUrl":"https:\/\/vof-news.eu\/wp-content\/uploads\/2026\/01\/c575bea5-69de-43c9-aa0d-f9698e6fcea8_16-9-discover-aspect-ratio_default_1135185.jpg","datePublished":"2026-01-27T18:17:22+00:00","dateModified":"2026-01-27T18:18:11+00:00","author":{"@id":"https:\/\/vof-news.eu\/es\/#\/schema\/person\/f6a2a4309f0561835797fd8c19b333ed"},"description":"Los trabajadores de Silicon Valley pasan a la acci\u00f3n. El antiguo basti\u00f3n dem\u00f3crata, acallado durante dos a\u00f1os por el nuevo eje de poder entre los emperadores tecnol\u00f3gicos y Donald Trump, ha decidido no seguir en silencio ante la \u201cbrutalidad desenfrenada\u201d del ICE en Minnesota, la brigada paramilitar que el presidente ha desplegado en el estado para llevar a cabo redadas indiscriminadas y que suma dos asesinatos en dos semanas.","breadcrumb":{"@id":"https:\/\/vof-news.eu\/es\/los-trabajadores-de-silicon-valley-piden-a-los-emperadores-tecnologicos-que-se-rebelen-ante-trump-y-la-violencia-del-ice\/#breadcrumb"},"inLanguage":"es","potentialAction":[{"@type":"ReadAction","target":["https:\/\/vof-news.eu\/es\/los-trabajadores-de-silicon-valley-piden-a-los-emperadores-tecnologicos-que-se-rebelen-ante-trump-y-la-violencia-del-ice\/"]}]},{"@type":"ImageObject","inLanguage":"es","@id":"https:\/\/vof-news.eu\/es\/los-trabajadores-de-silicon-valley-piden-a-los-emperadores-tecnologicos-que-se-rebelen-ante-trump-y-la-violencia-del-ice\/#primaryimage","url":"https:\/\/vof-news.eu\/wp-content\/uploads\/2026\/01\/c575bea5-69de-43c9-aa0d-f9698e6fcea8_16-9-discover-aspect-ratio_default_1135185.jpg","contentUrl":"https:\/\/vof-news.eu\/wp-content\/uploads\/2026\/01\/c575bea5-69de-43c9-aa0d-f9698e6fcea8_16-9-discover-aspect-ratio_default_1135185.jpg","width":1200,"height":675},{"@type":"BreadcrumbList","@id":"https:\/\/vof-news.eu\/es\/los-trabajadores-de-silicon-valley-piden-a-los-emperadores-tecnologicos-que-se-rebelen-ante-trump-y-la-violencia-del-ice\/#breadcrumb","itemListElement":[{"@type":"ListItem","position":1,"name":"Home","item":"https:\/\/vof-news.eu\/es\/"},{"@type":"ListItem","position":2,"name":"Los trabajadores de Silicon Valley piden a los emperadores tecnol\u00f3gicos que se rebelen ante Trump y la violencia del ICE"}]},{"@type":"WebSite","@id":"https:\/\/vof-news.eu\/es\/#website","url":"https:\/\/vof-news.eu\/es\/","name":"vof-news.eu","description":"","potentialAction":[{"@type":"SearchAction","target":{"@type":"EntryPoint","urlTemplate":"https:\/\/vof-news.eu\/es\/?s={search_term_string}"},"query-input":"required name=search_term_string"}],"inLanguage":"es"},{"@type":"Person","@id":"https:\/\/vof-news.eu\/es\/#\/schema\/person\/f6a2a4309f0561835797fd8c19b333ed","name":"Author","image":{"@type":"ImageObject","inLanguage":"es","@id":"https:\/\/vof-news.eu\/es\/#\/schema\/person\/image\/","url":"https:\/\/secure.gravatar.com\/avatar\/b67e614b1b25b3e9c0c239efdd2fde5ab015b5affd6f1c3c85911ca4b384e790?s=96&d=mm&r=g","contentUrl":"https:\/\/secure.gravatar.com\/avatar\/b67e614b1b25b3e9c0c239efdd2fde5ab015b5affd6f1c3c85911ca4b384e790?s=96&d=mm&r=g","caption":"Author"},"sameAs":["http:\/\/vof-news.eu"],"url":"https:\/\/vof-news.eu\/es\/author\/zwt6qxnjulxbnyg\/"}]}},"yoast_meta":{"yoast_wpseo_title":"","yoast_wpseo_metadesc":"","yoast_wpseo_canonical":""},"_links":{"self":[{"href":"https:\/\/vof-news.eu\/es\/wp-json\/wp\/v2\/posts\/320863","targetHints":{"allow":["GET"]}}],"collection":[{"href":"https:\/\/vof-news.eu\/es\/wp-json\/wp\/v2\/posts"}],"about":[{"href":"https:\/\/vof-news.eu\/es\/wp-json\/wp\/v2\/types\/post"}],"author":[{"embeddable":true,"href":"https:\/\/vof-news.eu\/es\/wp-json\/wp\/v2\/users\/1"}],"replies":[{"embeddable":true,"href":"https:\/\/vof-news.eu\/es\/wp-json\/wp\/v2\/comments?post=320863"}],"version-history":[{"count":1,"href":"https:\/\/vof-news.eu\/es\/wp-json\/wp\/v2\/posts\/320863\/revisions"}],"predecessor-version":[{"id":320870,"href":"https:\/\/vof-news.eu\/es\/wp-json\/wp\/v2\/posts\/320863\/revisions\/320870"}],"wp:featuredmedia":[{"embeddable":true,"href":"https:\/\/vof-news.eu\/es\/wp-json\/wp\/v2\/media\/320864"}],"wp:attachment":[{"href":"https:\/\/vof-news.eu\/es\/wp-json\/wp\/v2\/media?parent=320863"}],"wp:term":[{"taxonomy":"category","embeddable":true,"href":"https:\/\/vof-news.eu\/es\/wp-json\/wp\/v2\/categories?post=320863"},{"taxonomy":"post_tag","embeddable":true,"href":"https:\/\/vof-news.eu\/es\/wp-json\/wp\/v2\/tags?post=320863"}],"curies":[{"name":"wp","href":"https:\/\/api.w.org\/{rel}","templated":true}]}}