{"id":320846,"date":"2026-01-27T19:22:26","date_gmt":"2026-01-27T16:22:26","guid":{"rendered":"https:\/\/vof-news.eu\/y-ahora-que-el-gobierno-puede-aprobar-un-nuevo-decreto-con-la-subida-de-las-pensiones-para-que-salga-adelante\/"},"modified":"2026-01-27T19:23:10","modified_gmt":"2026-01-27T16:23:10","slug":"y-ahora-que-el-gobierno-puede-aprobar-un-nuevo-decreto-con-la-subida-de-las-pensiones-para-que-salga-adelante","status":"publish","type":"post","link":"https:\/\/vof-news.eu\/es\/y-ahora-que-el-gobierno-puede-aprobar-un-nuevo-decreto-con-la-subida-de-las-pensiones-para-que-salga-adelante\/","title":{"rendered":"\u00bfY ahora qu\u00e9? El Gobierno puede aprobar un nuevo decreto con la subida de las pensiones para que salga adelante"},"content":{"rendered":"<div>\n<p>\n        El Congreso, con los votos en contra de PP, Vox y Junts, ha tumbado este martes el decreto que, entre otras medidas,<a href=\"https:\/\/www.eldiario.es\/politica\/pp-vox-junts-tumban-subida-pensiones-prorroga-escudo-social_1_12938910.html\" rel=\"nofollow\"> recog\u00eda la subida de las pensiones. <\/a>Las tres derechas han votado en contra de la medida entre cr\u00edticas al Ejecutivo por mezclar varios temas en un mismo paquete, entre otras la ampliaci\u00f3n del bono energ\u00e9tico y la prohibici\u00f3n de los desahucios a familias vulnerables en 2026. Precisamente este \u00faltimo es un punto que rechazan tanto la derecha catalana como las espa\u00f1olas.\n    <\/p>\n<p>\n        Tanto Junts como el PP de Alberto N\u00fa\u00f1ez Feij\u00f3o han insistido en separar la subida de las pensiones de otros asuntos que tambi\u00e9n van en el decreto aprobado por el Gobierno. Y el Ejecutivo se ver\u00e1 obligado a precisamente eso para sacar adelante la revalorizaci\u00f3n: aprobar un nuevo texto espec\u00edfico para que los pensionistas no vean en ning\u00fan momento revertida la subida que autom\u00e1ticamente ha deca\u00eddo con el rechazo al decreto social, este martes, en el Congreso.\n    <\/p>\n<p>\n        El Ministerio de Seguridad Social ha mandado un \u201cmensaje de tranquilidad a los pensionistas\u201d y ha dicho que el Gobierno \u201ctrabaja intensamente para preservar los derechos de los ciudadanos\u201d y cumplir su \u201ccompromiso inquebrantable\u201d para que se revaloricen las pensiones \u201ca pesar de la irresponsabilidad mostrada hoy por algunos grupos parlamentarios\u201d.\n    <\/p>\n<p>\n        \u201cEstos grupos tendr\u00e1n que explicar por qu\u00e9 han decidido no apoyar la revalorizaci\u00f3n y dejar en vilo a casi 10 millones de personas\u201d, a\u00f1aden fuentes del Ministerio.\n    <\/p>\n<h2>\u00bfQu\u00e9 pasa con las pensiones de febrero?<\/h2>\n<p>\n        El escenario que se abre ahora es de un vac\u00edo legal en numerosos aspectos. Las pensiones de enero ya se abonaron, por lo que su revalorizaci\u00f3n no est\u00e1 en duda. \u00bfPero qu\u00e9 pasa con las de febrero? Legalmente, ah\u00ed no se les aplicar\u00eda la subida del 2,7% aprobada a finales del a\u00f1o pasado, ya que estar\u00eda derogada. Tampoco estar\u00e1 en vigor la extensi\u00f3n de la cuant\u00eda del salario m\u00ednimo interprofesional (SMI) de 2025 o el mecanismo de equidad intergeneracional (MEI), el recargo sobre las n\u00f3minas para llenar la hucha de las pensiones.\n    <\/p>\n<p>\n        El a\u00f1o pasado, en Moncloa se remangaron y pocos d\u00edas despu\u00e9s cerraron un acuerdo con Junts en el que recuperaron gran parte del \u00f3mnibus que hab\u00eda deca\u00eddo pocos d\u00edas antes. Si el Congreso rechaz\u00f3 la norma un mi\u00e9rcoles, el martes siguiente el Consejo de Ministros aprob\u00f3 otro Real Decreto-Ley que elimin\u00f3 cualquier atisbo de duda.\n    <\/p>\n<p>\n        El Real Decreto-Ley es una norma que elabora el Gobierno y que entra en vigor en el momento de su publicaci\u00f3n. Pero tiene que ser validada por el Congreso en un plazo de 30 d\u00edas desde su aprobaci\u00f3n y est\u00e1 pensada para situaciones de extraordinaria urgencia.\n    <\/p>\n<\/div>\n","protected":false},"excerpt":{"rendered":"<p>El Congreso, con los votos en contra de PP, Vox y Junts, ha tumbado este martes el decreto que, entre otras medidas, recog\u00eda la subida de las pensiones. Las tres derechas han votado en contra de la medida entre cr\u00edticas al Ejecutivo por mezclar varios temas en un mismo paquete, entre otras la ampliaci\u00f3n del<\/p>\n","protected":false},"author":1,"featured_media":320847,"comment_status":"open","ping_status":"open","sticky":false,"template":"","format":"standard","meta":{"footnotes":""},"categories":[61],"tags":[],"class_list":["post-320846","post","type-post","status-publish","format-standard","has-post-thumbnail","hentry","category-business-es"],"acf":[],"yoast_head":"<!-- This site is optimized with the Yoast SEO plugin v22.9 - https:\/\/yoast.com\/wordpress\/plugins\/seo\/ -->\n<title>\u00bfY ahora qu\u00e9? El Gobierno puede aprobar un nuevo decreto con la subida de las pensiones para que salga adelante - vof-news.eu<\/title>\n<meta name=\"description\" content=\"El Congreso, con los votos en contra de PP, Vox y Junts, ha tumbado este martes el decreto que, entre otras medidas, recog\u00eda la subida de las pensiones. Las tres derechas han votado en contra de la medida entre cr\u00edticas al Ejecutivo por mezclar varios temas en un mismo paquete, entre otras la ampliaci\u00f3n del bono energ\u00e9tico y la prohibici\u00f3n de los desahucios a familias vulnerables en 2026. Precisamente este \u00faltimo es un punto que rechazan tanto la derecha catalana como las espa\u00f1olas.\" \/>\n<meta name=\"robots\" content=\"noindex, follow, max-snippet:-1, max-image-preview:large, max-video-preview:-1\" \/>\n<meta property=\"og:locale\" content=\"es_ES\" \/>\n<meta property=\"og:type\" content=\"article\" \/>\n<meta property=\"og:title\" content=\"\u00bfY ahora qu\u00e9? El Gobierno puede aprobar un nuevo decreto con la subida de las pensiones para que salga adelante - vof-news.eu\" \/>\n<meta property=\"og:description\" content=\"El Congreso, con los votos en contra de PP, Vox y Junts, ha tumbado este martes el decreto que, entre otras medidas, recog\u00eda la subida de las pensiones. Las tres derechas han votado en contra de la medida entre cr\u00edticas al Ejecutivo por mezclar varios temas en un mismo paquete, entre otras la ampliaci\u00f3n del bono energ\u00e9tico y la prohibici\u00f3n de los desahucios a familias vulnerables en 2026. Precisamente este \u00faltimo es un punto que rechazan tanto la derecha catalana como las espa\u00f1olas.\" \/>\n<meta property=\"og:url\" content=\"https:\/\/vof-news.eu\/es\/y-ahora-que-el-gobierno-puede-aprobar-un-nuevo-decreto-con-la-subida-de-las-pensiones-para-que-salga-adelante\/\" \/>\n<meta property=\"og:site_name\" content=\"vof-news.eu\" \/>\n<meta property=\"article:published_time\" content=\"2026-01-27T16:22:26+00:00\" \/>\n<meta property=\"article:modified_time\" content=\"2026-01-27T16:23:10+00:00\" \/>\n<meta property=\"og:image\" content=\"https:\/\/vof-news.eu\/wp-content\/uploads\/2026\/01\/28bc5146-2ab8-4fa7-b72a-72b864b2223b_16-9-discover-aspect-ratio_default_0-1.jpg\" \/>\n\t<meta property=\"og:image:width\" content=\"1200\" \/>\n\t<meta property=\"og:image:height\" content=\"675\" \/>\n\t<meta property=\"og:image:type\" content=\"image\/jpeg\" \/>\n<meta name=\"author\" content=\"Author\" \/>\n<meta name=\"twitter:card\" content=\"summary_large_image\" \/>\n<meta name=\"twitter:label1\" content=\"Escrito por\" \/>\n\t<meta name=\"twitter:data1\" content=\"Author\" \/>\n\t<meta name=\"twitter:label2\" content=\"Tiempo de lectura\" \/>\n\t<meta name=\"twitter:data2\" content=\"2 minutos\" \/>\n<script type=\"application\/ld+json\" class=\"yoast-schema-graph\">{\"@context\":\"https:\/\/schema.org\",\"@graph\":[{\"@type\":\"WebPage\",\"@id\":\"https:\/\/vof-news.eu\/es\/y-ahora-que-el-gobierno-puede-aprobar-un-nuevo-decreto-con-la-subida-de-las-pensiones-para-que-salga-adelante\/\",\"url\":\"https:\/\/vof-news.eu\/es\/y-ahora-que-el-gobierno-puede-aprobar-un-nuevo-decreto-con-la-subida-de-las-pensiones-para-que-salga-adelante\/\",\"name\":\"\u00bfY ahora qu\u00e9? El Gobierno puede aprobar un nuevo decreto con la subida de las pensiones para que salga adelante - vof-news.eu\",\"isPartOf\":{\"@id\":\"https:\/\/vof-news.eu\/es\/#website\"},\"primaryImageOfPage\":{\"@id\":\"https:\/\/vof-news.eu\/es\/y-ahora-que-el-gobierno-puede-aprobar-un-nuevo-decreto-con-la-subida-de-las-pensiones-para-que-salga-adelante\/#primaryimage\"},\"image\":{\"@id\":\"https:\/\/vof-news.eu\/es\/y-ahora-que-el-gobierno-puede-aprobar-un-nuevo-decreto-con-la-subida-de-las-pensiones-para-que-salga-adelante\/#primaryimage\"},\"thumbnailUrl\":\"https:\/\/vof-news.eu\/wp-content\/uploads\/2026\/01\/28bc5146-2ab8-4fa7-b72a-72b864b2223b_16-9-discover-aspect-ratio_default_0-1.jpg\",\"datePublished\":\"2026-01-27T16:22:26+00:00\",\"dateModified\":\"2026-01-27T16:23:10+00:00\",\"author\":{\"@id\":\"https:\/\/vof-news.eu\/es\/#\/schema\/person\/f6a2a4309f0561835797fd8c19b333ed\"},\"description\":\"El Congreso, con los votos en contra de PP, Vox y Junts, ha tumbado este martes el decreto que, entre otras medidas, recog\u00eda la subida de las pensiones. Las tres derechas han votado en contra de la medida entre cr\u00edticas al Ejecutivo por mezclar varios temas en un mismo paquete, entre otras la ampliaci\u00f3n del bono energ\u00e9tico y la prohibici\u00f3n de los desahucios a familias vulnerables en 2026. Precisamente este \u00faltimo es un punto que rechazan tanto la derecha catalana como las espa\u00f1olas.\",\"breadcrumb\":{\"@id\":\"https:\/\/vof-news.eu\/es\/y-ahora-que-el-gobierno-puede-aprobar-un-nuevo-decreto-con-la-subida-de-las-pensiones-para-que-salga-adelante\/#breadcrumb\"},\"inLanguage\":\"es\",\"potentialAction\":[{\"@type\":\"ReadAction\",\"target\":[\"https:\/\/vof-news.eu\/es\/y-ahora-que-el-gobierno-puede-aprobar-un-nuevo-decreto-con-la-subida-de-las-pensiones-para-que-salga-adelante\/\"]}]},{\"@type\":\"ImageObject\",\"inLanguage\":\"es\",\"@id\":\"https:\/\/vof-news.eu\/es\/y-ahora-que-el-gobierno-puede-aprobar-un-nuevo-decreto-con-la-subida-de-las-pensiones-para-que-salga-adelante\/#primaryimage\",\"url\":\"https:\/\/vof-news.eu\/wp-content\/uploads\/2026\/01\/28bc5146-2ab8-4fa7-b72a-72b864b2223b_16-9-discover-aspect-ratio_default_0-1.jpg\",\"contentUrl\":\"https:\/\/vof-news.eu\/wp-content\/uploads\/2026\/01\/28bc5146-2ab8-4fa7-b72a-72b864b2223b_16-9-discover-aspect-ratio_default_0-1.jpg\",\"width\":1200,\"height\":675},{\"@type\":\"BreadcrumbList\",\"@id\":\"https:\/\/vof-news.eu\/es\/y-ahora-que-el-gobierno-puede-aprobar-un-nuevo-decreto-con-la-subida-de-las-pensiones-para-que-salga-adelante\/#breadcrumb\",\"itemListElement\":[{\"@type\":\"ListItem\",\"position\":1,\"name\":\"Home\",\"item\":\"https:\/\/vof-news.eu\/es\/\"},{\"@type\":\"ListItem\",\"position\":2,\"name\":\"\u00bfY ahora qu\u00e9? El Gobierno puede aprobar un nuevo decreto con la subida de las pensiones para que salga adelante\"}]},{\"@type\":\"WebSite\",\"@id\":\"https:\/\/vof-news.eu\/es\/#website\",\"url\":\"https:\/\/vof-news.eu\/es\/\",\"name\":\"vof-news.eu\",\"description\":\"\",\"potentialAction\":[{\"@type\":\"SearchAction\",\"target\":{\"@type\":\"EntryPoint\",\"urlTemplate\":\"https:\/\/vof-news.eu\/es\/?s={search_term_string}\"},\"query-input\":\"required name=search_term_string\"}],\"inLanguage\":\"es\"},{\"@type\":\"Person\",\"@id\":\"https:\/\/vof-news.eu\/es\/#\/schema\/person\/f6a2a4309f0561835797fd8c19b333ed\",\"name\":\"Author\",\"image\":{\"@type\":\"ImageObject\",\"inLanguage\":\"es\",\"@id\":\"https:\/\/vof-news.eu\/es\/#\/schema\/person\/image\/\",\"url\":\"https:\/\/secure.gravatar.com\/avatar\/b67e614b1b25b3e9c0c239efdd2fde5ab015b5affd6f1c3c85911ca4b384e790?s=96&d=mm&r=g\",\"contentUrl\":\"https:\/\/secure.gravatar.com\/avatar\/b67e614b1b25b3e9c0c239efdd2fde5ab015b5affd6f1c3c85911ca4b384e790?s=96&d=mm&r=g\",\"caption\":\"Author\"},\"sameAs\":[\"http:\/\/vof-news.eu\"],\"url\":\"https:\/\/vof-news.eu\/es\/author\/zwt6qxnjulxbnyg\/\"}]}<\/script>\n<!-- \/ Yoast SEO plugin. -->","yoast_head_json":{"title":"\u00bfY ahora qu\u00e9? El Gobierno puede aprobar un nuevo decreto con la subida de las pensiones para que salga adelante - vof-news.eu","description":"El Congreso, con los votos en contra de PP, Vox y Junts, ha tumbado este martes el decreto que, entre otras medidas, recog\u00eda la subida de las pensiones. Las tres derechas han votado en contra de la medida entre cr\u00edticas al Ejecutivo por mezclar varios temas en un mismo paquete, entre otras la ampliaci\u00f3n del bono energ\u00e9tico y la prohibici\u00f3n de los desahucios a familias vulnerables en 2026. Precisamente este \u00faltimo es un punto que rechazan tanto la derecha catalana como las espa\u00f1olas.","robots":{"index":"noindex","follow":"follow","max-snippet":"max-snippet:-1","max-image-preview":"max-image-preview:large","max-video-preview":"max-video-preview:-1"},"og_locale":"es_ES","og_type":"article","og_title":"\u00bfY ahora qu\u00e9? El Gobierno puede aprobar un nuevo decreto con la subida de las pensiones para que salga adelante - vof-news.eu","og_description":"El Congreso, con los votos en contra de PP, Vox y Junts, ha tumbado este martes el decreto que, entre otras medidas, recog\u00eda la subida de las pensiones. Las tres derechas han votado en contra de la medida entre cr\u00edticas al Ejecutivo por mezclar varios temas en un mismo paquete, entre otras la ampliaci\u00f3n del bono energ\u00e9tico y la prohibici\u00f3n de los desahucios a familias vulnerables en 2026. Precisamente este \u00faltimo es un punto que rechazan tanto la derecha catalana como las espa\u00f1olas.","og_url":"https:\/\/vof-news.eu\/es\/y-ahora-que-el-gobierno-puede-aprobar-un-nuevo-decreto-con-la-subida-de-las-pensiones-para-que-salga-adelante\/","og_site_name":"vof-news.eu","article_published_time":"2026-01-27T16:22:26+00:00","article_modified_time":"2026-01-27T16:23:10+00:00","og_image":[{"width":1200,"height":675,"url":"https:\/\/vof-news.eu\/wp-content\/uploads\/2026\/01\/28bc5146-2ab8-4fa7-b72a-72b864b2223b_16-9-discover-aspect-ratio_default_0-1.jpg","type":"image\/jpeg"}],"author":"Author","twitter_card":"summary_large_image","twitter_misc":{"Escrito por":"Author","Tiempo de lectura":"2 minutos"},"schema":{"@context":"https:\/\/schema.org","@graph":[{"@type":"WebPage","@id":"https:\/\/vof-news.eu\/es\/y-ahora-que-el-gobierno-puede-aprobar-un-nuevo-decreto-con-la-subida-de-las-pensiones-para-que-salga-adelante\/","url":"https:\/\/vof-news.eu\/es\/y-ahora-que-el-gobierno-puede-aprobar-un-nuevo-decreto-con-la-subida-de-las-pensiones-para-que-salga-adelante\/","name":"\u00bfY ahora qu\u00e9? El Gobierno puede aprobar un nuevo decreto con la subida de las pensiones para que salga adelante - vof-news.eu","isPartOf":{"@id":"https:\/\/vof-news.eu\/es\/#website"},"primaryImageOfPage":{"@id":"https:\/\/vof-news.eu\/es\/y-ahora-que-el-gobierno-puede-aprobar-un-nuevo-decreto-con-la-subida-de-las-pensiones-para-que-salga-adelante\/#primaryimage"},"image":{"@id":"https:\/\/vof-news.eu\/es\/y-ahora-que-el-gobierno-puede-aprobar-un-nuevo-decreto-con-la-subida-de-las-pensiones-para-que-salga-adelante\/#primaryimage"},"thumbnailUrl":"https:\/\/vof-news.eu\/wp-content\/uploads\/2026\/01\/28bc5146-2ab8-4fa7-b72a-72b864b2223b_16-9-discover-aspect-ratio_default_0-1.jpg","datePublished":"2026-01-27T16:22:26+00:00","dateModified":"2026-01-27T16:23:10+00:00","author":{"@id":"https:\/\/vof-news.eu\/es\/#\/schema\/person\/f6a2a4309f0561835797fd8c19b333ed"},"description":"El Congreso, con los votos en contra de PP, Vox y Junts, ha tumbado este martes el decreto que, entre otras medidas, recog\u00eda la subida de las pensiones. Las tres derechas han votado en contra de la medida entre cr\u00edticas al Ejecutivo por mezclar varios temas en un mismo paquete, entre otras la ampliaci\u00f3n del bono energ\u00e9tico y la prohibici\u00f3n de los desahucios a familias vulnerables en 2026. Precisamente este \u00faltimo es un punto que rechazan tanto la derecha catalana como las espa\u00f1olas.","breadcrumb":{"@id":"https:\/\/vof-news.eu\/es\/y-ahora-que-el-gobierno-puede-aprobar-un-nuevo-decreto-con-la-subida-de-las-pensiones-para-que-salga-adelante\/#breadcrumb"},"inLanguage":"es","potentialAction":[{"@type":"ReadAction","target":["https:\/\/vof-news.eu\/es\/y-ahora-que-el-gobierno-puede-aprobar-un-nuevo-decreto-con-la-subida-de-las-pensiones-para-que-salga-adelante\/"]}]},{"@type":"ImageObject","inLanguage":"es","@id":"https:\/\/vof-news.eu\/es\/y-ahora-que-el-gobierno-puede-aprobar-un-nuevo-decreto-con-la-subida-de-las-pensiones-para-que-salga-adelante\/#primaryimage","url":"https:\/\/vof-news.eu\/wp-content\/uploads\/2026\/01\/28bc5146-2ab8-4fa7-b72a-72b864b2223b_16-9-discover-aspect-ratio_default_0-1.jpg","contentUrl":"https:\/\/vof-news.eu\/wp-content\/uploads\/2026\/01\/28bc5146-2ab8-4fa7-b72a-72b864b2223b_16-9-discover-aspect-ratio_default_0-1.jpg","width":1200,"height":675},{"@type":"BreadcrumbList","@id":"https:\/\/vof-news.eu\/es\/y-ahora-que-el-gobierno-puede-aprobar-un-nuevo-decreto-con-la-subida-de-las-pensiones-para-que-salga-adelante\/#breadcrumb","itemListElement":[{"@type":"ListItem","position":1,"name":"Home","item":"https:\/\/vof-news.eu\/es\/"},{"@type":"ListItem","position":2,"name":"\u00bfY ahora qu\u00e9? El Gobierno puede aprobar un nuevo decreto con la subida de las pensiones para que salga adelante"}]},{"@type":"WebSite","@id":"https:\/\/vof-news.eu\/es\/#website","url":"https:\/\/vof-news.eu\/es\/","name":"vof-news.eu","description":"","potentialAction":[{"@type":"SearchAction","target":{"@type":"EntryPoint","urlTemplate":"https:\/\/vof-news.eu\/es\/?s={search_term_string}"},"query-input":"required name=search_term_string"}],"inLanguage":"es"},{"@type":"Person","@id":"https:\/\/vof-news.eu\/es\/#\/schema\/person\/f6a2a4309f0561835797fd8c19b333ed","name":"Author","image":{"@type":"ImageObject","inLanguage":"es","@id":"https:\/\/vof-news.eu\/es\/#\/schema\/person\/image\/","url":"https:\/\/secure.gravatar.com\/avatar\/b67e614b1b25b3e9c0c239efdd2fde5ab015b5affd6f1c3c85911ca4b384e790?s=96&d=mm&r=g","contentUrl":"https:\/\/secure.gravatar.com\/avatar\/b67e614b1b25b3e9c0c239efdd2fde5ab015b5affd6f1c3c85911ca4b384e790?s=96&d=mm&r=g","caption":"Author"},"sameAs":["http:\/\/vof-news.eu"],"url":"https:\/\/vof-news.eu\/es\/author\/zwt6qxnjulxbnyg\/"}]}},"yoast_meta":{"yoast_wpseo_title":"","yoast_wpseo_metadesc":"","yoast_wpseo_canonical":""},"_links":{"self":[{"href":"https:\/\/vof-news.eu\/es\/wp-json\/wp\/v2\/posts\/320846","targetHints":{"allow":["GET"]}}],"collection":[{"href":"https:\/\/vof-news.eu\/es\/wp-json\/wp\/v2\/posts"}],"about":[{"href":"https:\/\/vof-news.eu\/es\/wp-json\/wp\/v2\/types\/post"}],"author":[{"embeddable":true,"href":"https:\/\/vof-news.eu\/es\/wp-json\/wp\/v2\/users\/1"}],"replies":[{"embeddable":true,"href":"https:\/\/vof-news.eu\/es\/wp-json\/wp\/v2\/comments?post=320846"}],"version-history":[{"count":1,"href":"https:\/\/vof-news.eu\/es\/wp-json\/wp\/v2\/posts\/320846\/revisions"}],"predecessor-version":[{"id":320853,"href":"https:\/\/vof-news.eu\/es\/wp-json\/wp\/v2\/posts\/320846\/revisions\/320853"}],"wp:featuredmedia":[{"embeddable":true,"href":"https:\/\/vof-news.eu\/es\/wp-json\/wp\/v2\/media\/320847"}],"wp:attachment":[{"href":"https:\/\/vof-news.eu\/es\/wp-json\/wp\/v2\/media?parent=320846"}],"wp:term":[{"taxonomy":"category","embeddable":true,"href":"https:\/\/vof-news.eu\/es\/wp-json\/wp\/v2\/categories?post=320846"},{"taxonomy":"post_tag","embeddable":true,"href":"https:\/\/vof-news.eu\/es\/wp-json\/wp\/v2\/tags?post=320846"}],"curies":[{"name":"wp","href":"https:\/\/api.w.org\/{rel}","templated":true}]}}