{"id":320831,"date":"2026-01-27T19:20:46","date_gmt":"2026-01-27T16:20:46","guid":{"rendered":"https:\/\/vof-news.eu\/yolanda-diaz-da-una-orden-para-blindar-el-salario-minimo-y-lanzara-a-la-inspeccion-de-trabajo-para-controlarlo\/"},"modified":"2026-01-27T19:21:41","modified_gmt":"2026-01-27T16:21:41","slug":"yolanda-diaz-da-una-orden-para-blindar-el-salario-minimo-y-lanzara-a-la-inspeccion-de-trabajo-para-controlarlo","status":"publish","type":"post","link":"https:\/\/vof-news.eu\/es\/yolanda-diaz-da-una-orden-para-blindar-el-salario-minimo-y-lanzara-a-la-inspeccion-de-trabajo-para-controlarlo\/","title":{"rendered":"Yolanda D\u00edaz da una orden para blindar el salario m\u00ednimo y lanzar\u00e1 a la Inspecci\u00f3n de Trabajo para controlarlo"},"content":{"rendered":"<div>\n<p>\n        La vicepresidenta segunda y ministra de Trabajo, Yolanda D\u00edaz, ha anunciado que ya ha dictado un criterio para blindar el salario m\u00ednimo interprofesional (SMI) de 2025, tras <a href=\"https:\/\/www.eldiario.es\/politica\/pp-vox-junts-tumban-subida-pensiones-prorroga-escudo-social_1_12938910.html\" rel=\"nofollow\">haber tumbado la derecha parlamentaria su pr\u00f3rroga<\/a> en el macrodecreto de pensiones. <a href=\"https:\/\/www.eldiario.es\/economia\/trabajo-avisa-salario-minimo-2024-sigue-vigente-lanzara-inspeccion-garantizarlo_1_11987510.html\" rel=\"nofollow\">Repite as\u00ed la operaci\u00f3n del a\u00f1o pasado<\/a>, cuando se produjo la misma situaci\u00f3n.\n    <\/p>\n<p>\n        \u201cNo se preocupen, tranquilidad. Ya hemos dictado un criterio para que esto [el SMI] se preserve\u201d, ha afirmado Yolanda D\u00edaz en los pasillos del Congreso.\n    <\/p>\n<p>\n        Fuentes del Ministerio de Trabajo explican que el criterio va en el mismo sentido que el del a\u00f1o pasado. En el inicio de 2025 ocurri\u00f3 lo mismo. La derecha tumb\u00f3 el llamado decreto \u00f3mnibus de final de 2024, en el que iba la pr\u00f3rroga del SMI y la subida de pensiones, entre muchas otras medidas sociales.\n    <\/p>\n<p>\n        Ante las interpretaciones de que esta situaci\u00f3n <a href=\"https:\/\/www.abc.es\/economia\/derrota-gobierno-deja-espana-salario-minimo-dias-20250122183505-nt.html\" rel=\"nofollow\">dejaba a Espa\u00f1a sin salario m\u00ednimo<\/a> legal, Trabajo lanz\u00f3 la mencionada instrucci\u00f3n.\n    <\/p>\n<p>\n        Fuentes jur\u00eddicas consultadas por elDiario.es ten\u00edan interpretaciones distintas sobre qu\u00e9 repercusi\u00f3n puede tener la derogaci\u00f3n de la pr\u00f3rroga del SMI. Mientras alguna considera que s\u00ed puede dejar a Espa\u00f1a en un vac\u00edo legal temporal, sin un salario m\u00ednimo durante algunos d\u00edas, otras entienden que el derecho constitucional a una remuneraci\u00f3n suficiente impide que Espa\u00f1a se quede sin este suelo salarial.\n    <\/p>\n<h2>Qu\u00e9 dice el criterio de Trabajo<\/h2>\n<p>\n        En primer lugar, el criterio recuerda a las empresas que no pueden rebajar los salarios de los contratos ya vigentes aunque haya deca\u00eddo la pr\u00f3rroga del SMI, indican fuentes del Ministerio de Yolanda D\u00edaz.\n    <\/p>\n<p>\n        Adem\u00e1s, el documento advierte de que el Gobierno va a aprobar el nuevo salario m\u00ednimo interprofesional de 2026 (<a href=\"https:\/\/www.eldiario.es\/economia\/trabajo-propone-subir-salario-minimo-1-221-euros-mes-no-pague-irpf_1_12889721.html\" rel=\"nofollow\">que subir\u00e1 a un 3,1%, hasta los 1.221 euros brutos al mes<\/a>) con efectos retroactivos, con fecha de 1 de enero de 2026. Trabajo indica que esto eliminar\u00eda los efectos de este periodo de p\u00e9rdida de vigencia del SMI.\n    <\/p>\n<p>\n        Por \u00faltimo, el Ministerio de Trabajo advierte de que la Inspecci\u00f3n de Trabajo y Seguridad Social vigila el cumplimiento de las normas laborales para preservar los derechos de las personas trabajadoras. Entre ellos, el derecho \u201cde percibir puntualmente la remuneraci\u00f3n pactada\u201d, que el departamento de Yolanda D\u00edaz recuerda que no puede \u201cverse mermado\u201d por la anulaci\u00f3n de este real decreto ley.\n    <\/p>\n<h2>D\u00edaz: El PP ha \u201cgolpeado a los trabajadores y trabajadoras\u201d<\/h2>\n<p>\n        Yolanda D\u00edaz ha sido muy cr\u00edtica con el &#8216;no&#8217; del Partido Popular al macrodecreto de pensiones y del escudo social, dentro de \u201clas derechas\u201d que han tumbado el real decreto ley.\n    <\/p>\n<p>\n        \u201cEstamos ante 137 diputados y diputadas que golpean a los trabajadores y las trabajadoras\u201d, ha criticado D\u00edaz en los pasillos del Congreso, as\u00ed como a \u201cdiez millones de pensionistas\u201d.\n    <\/p>\n<p>\n        \u201cNo pod\u00edan ni aplaudir, porque saben que lo que aprueban es una verg\u00fcenza\u201d, ha respondido D\u00edaz, que no ha respondido sobre cu\u00e1ndo aprobar\u00e1 el Gobierno un nuevo decreto ley para aprobar de nuevo la subida de las pensiones y el resto de las medidas sociales del decreto.\n    <\/p>\n<\/div>\n","protected":false},"excerpt":{"rendered":"<p>La vicepresidenta segunda y ministra de Trabajo, Yolanda D\u00edaz, ha anunciado que ya ha dictado un criterio para blindar el salario m\u00ednimo interprofesional (SMI) de 2025, tras haber tumbado la derecha parlamentaria su pr\u00f3rroga en el macrodecreto de pensiones. Repite as\u00ed la operaci\u00f3n del a\u00f1o pasado, cuando se produjo la misma situaci\u00f3n. \u201cNo se preocupen,<\/p>\n","protected":false},"author":1,"featured_media":320839,"comment_status":"open","ping_status":"open","sticky":false,"template":"","format":"standard","meta":{"footnotes":""},"categories":[61],"tags":[],"class_list":["post-320831","post","type-post","status-publish","format-standard","has-post-thumbnail","hentry","category-business-es"],"acf":[],"yoast_head":"<!-- This site is optimized with the Yoast SEO plugin v22.9 - https:\/\/yoast.com\/wordpress\/plugins\/seo\/ -->\n<title>Yolanda D\u00edaz da una orden para blindar el salario m\u00ednimo y lanzar\u00e1 a la Inspecci\u00f3n de Trabajo para controlarlo - vof-news.eu<\/title>\n<meta name=\"description\" content=\"La vicepresidenta segunda y ministra de Trabajo, Yolanda D\u00edaz, ha anunciado que ya ha dictado un criterio para blindar el salario m\u00ednimo interprofesional (SMI) de 2025, tras haber tumbado la derecha parlamentaria su pr\u00f3rroga en el macrodecreto de pensiones. Repite as\u00ed la operaci\u00f3n del a\u00f1o pasado, cuando se produjo la misma situaci\u00f3n.\" \/>\n<meta name=\"robots\" content=\"noindex, follow, max-snippet:-1, max-image-preview:large, max-video-preview:-1\" \/>\n<meta property=\"og:locale\" content=\"es_ES\" \/>\n<meta property=\"og:type\" content=\"article\" \/>\n<meta property=\"og:title\" content=\"Yolanda D\u00edaz da una orden para blindar el salario m\u00ednimo y lanzar\u00e1 a la Inspecci\u00f3n de Trabajo para controlarlo - vof-news.eu\" \/>\n<meta property=\"og:description\" content=\"La vicepresidenta segunda y ministra de Trabajo, Yolanda D\u00edaz, ha anunciado que ya ha dictado un criterio para blindar el salario m\u00ednimo interprofesional (SMI) de 2025, tras haber tumbado la derecha parlamentaria su pr\u00f3rroga en el macrodecreto de pensiones. Repite as\u00ed la operaci\u00f3n del a\u00f1o pasado, cuando se produjo la misma situaci\u00f3n.\" \/>\n<meta property=\"og:url\" content=\"https:\/\/vof-news.eu\/es\/yolanda-diaz-da-una-orden-para-blindar-el-salario-minimo-y-lanzara-a-la-inspeccion-de-trabajo-para-controlarlo\/\" \/>\n<meta property=\"og:site_name\" content=\"vof-news.eu\" \/>\n<meta property=\"article:published_time\" content=\"2026-01-27T16:20:46+00:00\" \/>\n<meta property=\"article:modified_time\" content=\"2026-01-27T16:21:41+00:00\" \/>\n<meta property=\"og:image\" content=\"https:\/\/vof-news.eu\/wp-content\/uploads\/2026\/01\/9f3048ad-5c39-4916-9d4d-a8f6619472bb_16-9-discover-aspect-ratio_default_0_x3239y165.jpg\" \/>\n\t<meta property=\"og:image:width\" content=\"1200\" \/>\n\t<meta property=\"og:image:height\" content=\"675\" \/>\n\t<meta property=\"og:image:type\" content=\"image\/jpeg\" \/>\n<meta name=\"author\" content=\"Author\" \/>\n<meta name=\"twitter:card\" content=\"summary_large_image\" \/>\n<meta name=\"twitter:label1\" content=\"Escrito por\" \/>\n\t<meta name=\"twitter:data1\" content=\"Author\" \/>\n\t<meta name=\"twitter:label2\" content=\"Tiempo de lectura\" \/>\n\t<meta name=\"twitter:data2\" content=\"3 minutos\" \/>\n<script type=\"application\/ld+json\" class=\"yoast-schema-graph\">{\"@context\":\"https:\/\/schema.org\",\"@graph\":[{\"@type\":\"WebPage\",\"@id\":\"https:\/\/vof-news.eu\/es\/yolanda-diaz-da-una-orden-para-blindar-el-salario-minimo-y-lanzara-a-la-inspeccion-de-trabajo-para-controlarlo\/\",\"url\":\"https:\/\/vof-news.eu\/es\/yolanda-diaz-da-una-orden-para-blindar-el-salario-minimo-y-lanzara-a-la-inspeccion-de-trabajo-para-controlarlo\/\",\"name\":\"Yolanda D\u00edaz da una orden para blindar el salario m\u00ednimo y lanzar\u00e1 a la Inspecci\u00f3n de Trabajo para controlarlo - vof-news.eu\",\"isPartOf\":{\"@id\":\"https:\/\/vof-news.eu\/es\/#website\"},\"primaryImageOfPage\":{\"@id\":\"https:\/\/vof-news.eu\/es\/yolanda-diaz-da-una-orden-para-blindar-el-salario-minimo-y-lanzara-a-la-inspeccion-de-trabajo-para-controlarlo\/#primaryimage\"},\"image\":{\"@id\":\"https:\/\/vof-news.eu\/es\/yolanda-diaz-da-una-orden-para-blindar-el-salario-minimo-y-lanzara-a-la-inspeccion-de-trabajo-para-controlarlo\/#primaryimage\"},\"thumbnailUrl\":\"https:\/\/vof-news.eu\/wp-content\/uploads\/2026\/01\/9f3048ad-5c39-4916-9d4d-a8f6619472bb_16-9-discover-aspect-ratio_default_0_x3239y165.jpg\",\"datePublished\":\"2026-01-27T16:20:46+00:00\",\"dateModified\":\"2026-01-27T16:21:41+00:00\",\"author\":{\"@id\":\"https:\/\/vof-news.eu\/es\/#\/schema\/person\/f6a2a4309f0561835797fd8c19b333ed\"},\"description\":\"La vicepresidenta segunda y ministra de Trabajo, Yolanda D\u00edaz, ha anunciado que ya ha dictado un criterio para blindar el salario m\u00ednimo interprofesional (SMI) de 2025, tras haber tumbado la derecha parlamentaria su pr\u00f3rroga en el macrodecreto de pensiones. Repite as\u00ed la operaci\u00f3n del a\u00f1o pasado, cuando se produjo la misma situaci\u00f3n.\",\"breadcrumb\":{\"@id\":\"https:\/\/vof-news.eu\/es\/yolanda-diaz-da-una-orden-para-blindar-el-salario-minimo-y-lanzara-a-la-inspeccion-de-trabajo-para-controlarlo\/#breadcrumb\"},\"inLanguage\":\"es\",\"potentialAction\":[{\"@type\":\"ReadAction\",\"target\":[\"https:\/\/vof-news.eu\/es\/yolanda-diaz-da-una-orden-para-blindar-el-salario-minimo-y-lanzara-a-la-inspeccion-de-trabajo-para-controlarlo\/\"]}]},{\"@type\":\"ImageObject\",\"inLanguage\":\"es\",\"@id\":\"https:\/\/vof-news.eu\/es\/yolanda-diaz-da-una-orden-para-blindar-el-salario-minimo-y-lanzara-a-la-inspeccion-de-trabajo-para-controlarlo\/#primaryimage\",\"url\":\"https:\/\/vof-news.eu\/wp-content\/uploads\/2026\/01\/9f3048ad-5c39-4916-9d4d-a8f6619472bb_16-9-discover-aspect-ratio_default_0_x3239y165.jpg\",\"contentUrl\":\"https:\/\/vof-news.eu\/wp-content\/uploads\/2026\/01\/9f3048ad-5c39-4916-9d4d-a8f6619472bb_16-9-discover-aspect-ratio_default_0_x3239y165.jpg\",\"width\":1200,\"height\":675},{\"@type\":\"BreadcrumbList\",\"@id\":\"https:\/\/vof-news.eu\/es\/yolanda-diaz-da-una-orden-para-blindar-el-salario-minimo-y-lanzara-a-la-inspeccion-de-trabajo-para-controlarlo\/#breadcrumb\",\"itemListElement\":[{\"@type\":\"ListItem\",\"position\":1,\"name\":\"Home\",\"item\":\"https:\/\/vof-news.eu\/es\/\"},{\"@type\":\"ListItem\",\"position\":2,\"name\":\"Yolanda D\u00edaz da una orden para blindar el salario m\u00ednimo y lanzar\u00e1 a la Inspecci\u00f3n de Trabajo para controlarlo\"}]},{\"@type\":\"WebSite\",\"@id\":\"https:\/\/vof-news.eu\/es\/#website\",\"url\":\"https:\/\/vof-news.eu\/es\/\",\"name\":\"vof-news.eu\",\"description\":\"\",\"potentialAction\":[{\"@type\":\"SearchAction\",\"target\":{\"@type\":\"EntryPoint\",\"urlTemplate\":\"https:\/\/vof-news.eu\/es\/?s={search_term_string}\"},\"query-input\":\"required name=search_term_string\"}],\"inLanguage\":\"es\"},{\"@type\":\"Person\",\"@id\":\"https:\/\/vof-news.eu\/es\/#\/schema\/person\/f6a2a4309f0561835797fd8c19b333ed\",\"name\":\"Author\",\"image\":{\"@type\":\"ImageObject\",\"inLanguage\":\"es\",\"@id\":\"https:\/\/vof-news.eu\/es\/#\/schema\/person\/image\/\",\"url\":\"https:\/\/secure.gravatar.com\/avatar\/b67e614b1b25b3e9c0c239efdd2fde5ab015b5affd6f1c3c85911ca4b384e790?s=96&d=mm&r=g\",\"contentUrl\":\"https:\/\/secure.gravatar.com\/avatar\/b67e614b1b25b3e9c0c239efdd2fde5ab015b5affd6f1c3c85911ca4b384e790?s=96&d=mm&r=g\",\"caption\":\"Author\"},\"sameAs\":[\"http:\/\/vof-news.eu\"],\"url\":\"https:\/\/vof-news.eu\/es\/author\/zwt6qxnjulxbnyg\/\"}]}<\/script>\n<!-- \/ Yoast SEO plugin. -->","yoast_head_json":{"title":"Yolanda D\u00edaz da una orden para blindar el salario m\u00ednimo y lanzar\u00e1 a la Inspecci\u00f3n de Trabajo para controlarlo - vof-news.eu","description":"La vicepresidenta segunda y ministra de Trabajo, Yolanda D\u00edaz, ha anunciado que ya ha dictado un criterio para blindar el salario m\u00ednimo interprofesional (SMI) de 2025, tras haber tumbado la derecha parlamentaria su pr\u00f3rroga en el macrodecreto de pensiones. Repite as\u00ed la operaci\u00f3n del a\u00f1o pasado, cuando se produjo la misma situaci\u00f3n.","robots":{"index":"noindex","follow":"follow","max-snippet":"max-snippet:-1","max-image-preview":"max-image-preview:large","max-video-preview":"max-video-preview:-1"},"og_locale":"es_ES","og_type":"article","og_title":"Yolanda D\u00edaz da una orden para blindar el salario m\u00ednimo y lanzar\u00e1 a la Inspecci\u00f3n de Trabajo para controlarlo - vof-news.eu","og_description":"La vicepresidenta segunda y ministra de Trabajo, Yolanda D\u00edaz, ha anunciado que ya ha dictado un criterio para blindar el salario m\u00ednimo interprofesional (SMI) de 2025, tras haber tumbado la derecha parlamentaria su pr\u00f3rroga en el macrodecreto de pensiones. Repite as\u00ed la operaci\u00f3n del a\u00f1o pasado, cuando se produjo la misma situaci\u00f3n.","og_url":"https:\/\/vof-news.eu\/es\/yolanda-diaz-da-una-orden-para-blindar-el-salario-minimo-y-lanzara-a-la-inspeccion-de-trabajo-para-controlarlo\/","og_site_name":"vof-news.eu","article_published_time":"2026-01-27T16:20:46+00:00","article_modified_time":"2026-01-27T16:21:41+00:00","og_image":[{"width":1200,"height":675,"url":"https:\/\/vof-news.eu\/wp-content\/uploads\/2026\/01\/9f3048ad-5c39-4916-9d4d-a8f6619472bb_16-9-discover-aspect-ratio_default_0_x3239y165.jpg","type":"image\/jpeg"}],"author":"Author","twitter_card":"summary_large_image","twitter_misc":{"Escrito por":"Author","Tiempo de lectura":"3 minutos"},"schema":{"@context":"https:\/\/schema.org","@graph":[{"@type":"WebPage","@id":"https:\/\/vof-news.eu\/es\/yolanda-diaz-da-una-orden-para-blindar-el-salario-minimo-y-lanzara-a-la-inspeccion-de-trabajo-para-controlarlo\/","url":"https:\/\/vof-news.eu\/es\/yolanda-diaz-da-una-orden-para-blindar-el-salario-minimo-y-lanzara-a-la-inspeccion-de-trabajo-para-controlarlo\/","name":"Yolanda D\u00edaz da una orden para blindar el salario m\u00ednimo y lanzar\u00e1 a la Inspecci\u00f3n de Trabajo para controlarlo - vof-news.eu","isPartOf":{"@id":"https:\/\/vof-news.eu\/es\/#website"},"primaryImageOfPage":{"@id":"https:\/\/vof-news.eu\/es\/yolanda-diaz-da-una-orden-para-blindar-el-salario-minimo-y-lanzara-a-la-inspeccion-de-trabajo-para-controlarlo\/#primaryimage"},"image":{"@id":"https:\/\/vof-news.eu\/es\/yolanda-diaz-da-una-orden-para-blindar-el-salario-minimo-y-lanzara-a-la-inspeccion-de-trabajo-para-controlarlo\/#primaryimage"},"thumbnailUrl":"https:\/\/vof-news.eu\/wp-content\/uploads\/2026\/01\/9f3048ad-5c39-4916-9d4d-a8f6619472bb_16-9-discover-aspect-ratio_default_0_x3239y165.jpg","datePublished":"2026-01-27T16:20:46+00:00","dateModified":"2026-01-27T16:21:41+00:00","author":{"@id":"https:\/\/vof-news.eu\/es\/#\/schema\/person\/f6a2a4309f0561835797fd8c19b333ed"},"description":"La vicepresidenta segunda y ministra de Trabajo, Yolanda D\u00edaz, ha anunciado que ya ha dictado un criterio para blindar el salario m\u00ednimo interprofesional (SMI) de 2025, tras haber tumbado la derecha parlamentaria su pr\u00f3rroga en el macrodecreto de pensiones. Repite as\u00ed la operaci\u00f3n del a\u00f1o pasado, cuando se produjo la misma situaci\u00f3n.","breadcrumb":{"@id":"https:\/\/vof-news.eu\/es\/yolanda-diaz-da-una-orden-para-blindar-el-salario-minimo-y-lanzara-a-la-inspeccion-de-trabajo-para-controlarlo\/#breadcrumb"},"inLanguage":"es","potentialAction":[{"@type":"ReadAction","target":["https:\/\/vof-news.eu\/es\/yolanda-diaz-da-una-orden-para-blindar-el-salario-minimo-y-lanzara-a-la-inspeccion-de-trabajo-para-controlarlo\/"]}]},{"@type":"ImageObject","inLanguage":"es","@id":"https:\/\/vof-news.eu\/es\/yolanda-diaz-da-una-orden-para-blindar-el-salario-minimo-y-lanzara-a-la-inspeccion-de-trabajo-para-controlarlo\/#primaryimage","url":"https:\/\/vof-news.eu\/wp-content\/uploads\/2026\/01\/9f3048ad-5c39-4916-9d4d-a8f6619472bb_16-9-discover-aspect-ratio_default_0_x3239y165.jpg","contentUrl":"https:\/\/vof-news.eu\/wp-content\/uploads\/2026\/01\/9f3048ad-5c39-4916-9d4d-a8f6619472bb_16-9-discover-aspect-ratio_default_0_x3239y165.jpg","width":1200,"height":675},{"@type":"BreadcrumbList","@id":"https:\/\/vof-news.eu\/es\/yolanda-diaz-da-una-orden-para-blindar-el-salario-minimo-y-lanzara-a-la-inspeccion-de-trabajo-para-controlarlo\/#breadcrumb","itemListElement":[{"@type":"ListItem","position":1,"name":"Home","item":"https:\/\/vof-news.eu\/es\/"},{"@type":"ListItem","position":2,"name":"Yolanda D\u00edaz da una orden para blindar el salario m\u00ednimo y lanzar\u00e1 a la Inspecci\u00f3n de Trabajo para controlarlo"}]},{"@type":"WebSite","@id":"https:\/\/vof-news.eu\/es\/#website","url":"https:\/\/vof-news.eu\/es\/","name":"vof-news.eu","description":"","potentialAction":[{"@type":"SearchAction","target":{"@type":"EntryPoint","urlTemplate":"https:\/\/vof-news.eu\/es\/?s={search_term_string}"},"query-input":"required name=search_term_string"}],"inLanguage":"es"},{"@type":"Person","@id":"https:\/\/vof-news.eu\/es\/#\/schema\/person\/f6a2a4309f0561835797fd8c19b333ed","name":"Author","image":{"@type":"ImageObject","inLanguage":"es","@id":"https:\/\/vof-news.eu\/es\/#\/schema\/person\/image\/","url":"https:\/\/secure.gravatar.com\/avatar\/b67e614b1b25b3e9c0c239efdd2fde5ab015b5affd6f1c3c85911ca4b384e790?s=96&d=mm&r=g","contentUrl":"https:\/\/secure.gravatar.com\/avatar\/b67e614b1b25b3e9c0c239efdd2fde5ab015b5affd6f1c3c85911ca4b384e790?s=96&d=mm&r=g","caption":"Author"},"sameAs":["http:\/\/vof-news.eu"],"url":"https:\/\/vof-news.eu\/es\/author\/zwt6qxnjulxbnyg\/"}]}},"yoast_meta":{"yoast_wpseo_title":"","yoast_wpseo_metadesc":"","yoast_wpseo_canonical":""},"_links":{"self":[{"href":"https:\/\/vof-news.eu\/es\/wp-json\/wp\/v2\/posts\/320831","targetHints":{"allow":["GET"]}}],"collection":[{"href":"https:\/\/vof-news.eu\/es\/wp-json\/wp\/v2\/posts"}],"about":[{"href":"https:\/\/vof-news.eu\/es\/wp-json\/wp\/v2\/types\/post"}],"author":[{"embeddable":true,"href":"https:\/\/vof-news.eu\/es\/wp-json\/wp\/v2\/users\/1"}],"replies":[{"embeddable":true,"href":"https:\/\/vof-news.eu\/es\/wp-json\/wp\/v2\/comments?post=320831"}],"version-history":[{"count":1,"href":"https:\/\/vof-news.eu\/es\/wp-json\/wp\/v2\/posts\/320831\/revisions"}],"predecessor-version":[{"id":320845,"href":"https:\/\/vof-news.eu\/es\/wp-json\/wp\/v2\/posts\/320831\/revisions\/320845"}],"wp:featuredmedia":[{"embeddable":true,"href":"https:\/\/vof-news.eu\/es\/wp-json\/wp\/v2\/media\/320839"}],"wp:attachment":[{"href":"https:\/\/vof-news.eu\/es\/wp-json\/wp\/v2\/media?parent=320831"}],"wp:term":[{"taxonomy":"category","embeddable":true,"href":"https:\/\/vof-news.eu\/es\/wp-json\/wp\/v2\/categories?post=320831"},{"taxonomy":"post_tag","embeddable":true,"href":"https:\/\/vof-news.eu\/es\/wp-json\/wp\/v2\/tags?post=320831"}],"curies":[{"name":"wp","href":"https:\/\/api.w.org\/{rel}","templated":true}]}}