{"id":320815,"date":"2026-01-27T19:19:30","date_gmt":"2026-01-27T16:19:30","guid":{"rendered":"https:\/\/vof-news.eu\/mourinho-arbeloa-es-uno-de-mis-ninos-fue-uno-de-los-mejores-hombres-que-tuve-en-el-madrid-de-mis-favoritos\/"},"modified":"2026-01-27T19:19:52","modified_gmt":"2026-01-27T16:19:52","slug":"mourinho-arbeloa-es-uno-de-mis-ninos-fue-uno-de-los-mejores-hombres-que-tuve-en-el-madrid-de-mis-favoritos","status":"publish","type":"post","link":"https:\/\/vof-news.eu\/es\/mourinho-arbeloa-es-uno-de-mis-ninos-fue-uno-de-los-mejores-hombres-que-tuve-en-el-madrid-de-mis-favoritos\/","title":{"rendered":"Mourinho: \u00abArbeloa es uno de mis ni\u00f1os, fue uno de los mejores hombres que tuve en el Madrid, de mis favoritos\u00bb"},"content":{"rendered":"<div>\n<p>\u00abEs uno de mis ni\u00f1os\u00bb. <strong>Jose Mourinho<\/strong>, serio y preocupado por la situaci\u00f3n del <strong>Benfica <\/strong>en la <strong>Champions League<\/strong>, con la necesidad de ganar al <strong>Real Madrid<\/strong> este mi\u00e9rcoles para tener alguna posibilidad de jugar el playoff continental, admiti\u00f3 su \u00abemoci\u00f3n\u00bb al enfrentarse a <strong>\u00c1lvaro Arbeloa<\/strong>. \u00ab\u00c1lvaro es uno de mis ni\u00f1os, un exjugador especial. No ha sido el mejor jugador, pero desde el punto de vista humano es de mis jugadores favoritos de todos. De los mejores hombres que tuve en el Madrid\u00bb, expres\u00f3 el t\u00e9cnico portugu\u00e9s.<\/p>\n<p>En una sala de prensa abarrotada de medios lusos y espa\u00f1oles, Mourinho le dese\u00f3 a Arbeloa \u00abuna carrera fant\u00e1stica\u00bb y valor\u00f3 tambi\u00e9n el paso de <strong>Xabi Alonso<\/strong> por el Santiago Bernab\u00e9u. \u00abXabi es otro de mis chicos, s\u00ed. S\u00f3lo tengo recuerdos positivos. Ma\u00f1ana tendr\u00e9 la emoci\u00f3n de jugar contra \u00c1lvaro, lo s\u00e9, porque jugar contra Xabi ya me ha emocionado en su momento. Sent\u00ed una alegr\u00eda muy grande por lo que hizo en Leverkusen y despu\u00e9s cuando lleg\u00f3 al Madrid\u00bb, asegur\u00f3.<\/p>\n<p>Del cambio de t\u00e9cnico, eso s\u00ed, no quiso hablar: \u00abDe c\u00f3mo termin\u00f3 y por qu\u00e9&#8230; <strong>No me interesa<\/strong>. En el f\u00fatbol es muy dif\u00edcil que algo me sorprenda. Ahora su carrera ir\u00e1 a otra direcci\u00f3n, ha demostrado el nivel de entrenador al que puede llegar\u00bb, insisti\u00f3.<\/p>\n<p>El portugu\u00e9s coment\u00f3 que no ha hablado por tel\u00e9fono con Arbeloa, pero que \u00abno hace falta\u00bb. \u00abLo que quiero es que le vaya todo bien porque le quiero mucho y quiero mucho al Madrid. S\u00f3lo quiero que le vaya mal ma\u00f1ana, despu\u00e9s que le vaya bien siempre. Y \u00e9l seguro que piensa lo mismo del <strong>Benfica<\/strong>\u00ab, dijo, y reconoci\u00f3 que \u00abno conozco a \u00c1lvaro como entrenador\u00bb. \u00abS\u00f3lo he seguido los resultados con los j\u00f3venes del Madrid, pero no con mis ojos. Lo que puedo decir es que tiene una dimensi\u00f3n humana para ser entrenador del Madrid. Consejos ninguno, lo importante para m\u00ed es que \u00e9l est\u00e1 feliz y que le gusta ser entrenador\u00bb.<\/p>\n<p>Cuestionado por el <strong>Caso Negreira y sus famosos \u00ab\u00bfpor qu\u00e9?\u00bb<\/strong> en rueda de prensa tras algunos cl\u00e1sicos ante el Barcelona, Mourinho rechaz\u00f3 dar una respuesta larga: \u00abEs una cosa que no me interesa, honestamente. No me interesa, pienso en hoy y en ma\u00f1ana, no en ayer. Lo que ha pasado ha pasado, y ya est\u00e1\u00bb.<\/p>\n<p>Su Benfica necesita ganar: \u00abSi ganamos, vamos al vestuario y sabremos si clasificamos o no. No tenemos otra opci\u00f3n. Tenemos que jugar con el \u00fanico pensamiento que tenemos que ganar\u00bb.<\/p>\n<hr\/>\n<\/div>\n","protected":false},"excerpt":{"rendered":"<p>\u00abEs uno de mis ni\u00f1os\u00bb. Jose Mourinho, serio y preocupado por la situaci\u00f3n del Benfica en la Champions League, con la necesidad de ganar al Real Madrid este mi\u00e9rcoles para tener alguna posibilidad de jugar el playoff continental, admiti\u00f3 su \u00abemoci\u00f3n\u00bb al enfrentarse a \u00c1lvaro Arbeloa. \u00ab\u00c1lvaro es uno de mis ni\u00f1os, un exjugador especial.<\/p>\n","protected":false},"author":1,"featured_media":320822,"comment_status":"open","ping_status":"open","sticky":false,"template":"","format":"standard","meta":{"footnotes":""},"categories":[76],"tags":[],"class_list":["post-320815","post","type-post","status-publish","format-standard","has-post-thumbnail","hentry","category-sport-es"],"acf":[],"yoast_head":"<!-- This site is optimized with the Yoast SEO plugin v22.9 - https:\/\/yoast.com\/wordpress\/plugins\/seo\/ -->\n<title>Mourinho: &quot;Arbeloa es uno de mis ni\u00f1os, fue uno de los mejores hombres que tuve en el Madrid, de mis favoritos&quot; - vof-news.eu<\/title>\n<meta name=\"description\" content=\"&quot;Es uno de mis ni\u00f1os&quot;. Jose Mourinho, serio y preocupado por la situaci\u00f3n del Benfica en la Champions League, con la necesidad de ganar al Real Madrid este mi\u00e9rcoles para tener alguna posibilidad de jugar el playoff continental, admiti\u00f3 su &quot;emoci\u00f3n&quot; al enfrentarse a \u00c1lvaro Arbeloa. &quot;\u00c1lvaro es uno de mis ni\u00f1os, un exjugador especial. No ha sido el mejor jugador, pero desde el punto de vista humano es de mis jugadores favoritos de todos. De los mejores hombres que tuve en el Madrid&quot;, expres\u00f3 el t\u00e9cnico portugu\u00e9s.En una sala de prensa abarrotada de medios lusos y espa\u00f1oles, Mourinho le dese\u00f3 a Arbeloa &quot;una carrera fant\u00e1stica&quot; y valor\u00f3 tambi\u00e9n el paso de Xabi Alonso por el Santiago Bernab\u00e9u. &quot;Xabi es otro de mis chicos, s\u00ed. S\u00f3lo tengo recuerdos positivos. Ma\u00f1ana tendr\u00e9 la emoci\u00f3n de jugar contra \u00c1lvaro, lo s\u00e9, porque jugar contra Xabi ya me ha emocionado en su momento. Sent\u00ed una alegr\u00eda muy grande por lo que hizo en Leverkusen y despu\u00e9s cuando lleg\u00f3 al Madrid&quot;, asegur\u00f3.Del cambio de t\u00e9cnico, eso s\u00ed, no quiso hablar: &quot;De c\u00f3mo termin\u00f3 y por qu\u00e9... No me interesa. En el f\u00fatbol es muy dif\u00edcil que algo me sorprenda. Ahora su carrera ir\u00e1 a otra direcci\u00f3n, ha demostrado el nivel de entrenador al que puede llegar&quot;, insisti\u00f3.El portugu\u00e9s coment\u00f3 que no ha hablado por tel\u00e9fono con Arbeloa, pero que &quot;no hace falta&quot;. &quot;Lo que quiero es que le vaya todo bien porque le quiero mucho y quiero mucho al Madrid. S\u00f3lo quiero que le vaya mal ma\u00f1ana, despu\u00e9s que le vaya bien siempre. Y \u00e9l seguro que piensa lo mismo del Benfica&quot;, dijo, y reconoci\u00f3 que &quot;no conozco a \u00c1lvaro como entrenador&quot;. &quot;S\u00f3lo he seguido los resultados con los j\u00f3venes del Madrid, pero no con mis ojos. Lo que puedo decir es que tiene una dimensi\u00f3n humana para ser entrenador del Madrid. Consejos ninguno, lo importante para m\u00ed es que \u00e9l est\u00e1 feliz y que le gusta ser entrenador&quot;.Cuestionado por el Caso Negreira y sus famosos &quot;\u00bfpor qu\u00e9?&quot; en rueda de prensa tras algunos cl\u00e1sicos ante el Barcelona, Mourinho rechaz\u00f3 dar una respuesta larga: &quot;Es una cosa que no me interesa, honestamente. No me interesa, pienso en hoy y en ma\u00f1ana, no en ayer. Lo que ha pasado ha pasado, y ya est\u00e1&quot;.Su Benfica necesita ganar: &quot;Si ganamos, vamos al vestuario y sabremos si clasificamos o no. No tenemos otra opci\u00f3n. Tenemos que jugar con el \u00fanico pensamiento que tenemos que ganar&quot;.\" \/>\n<meta name=\"robots\" content=\"noindex, follow, max-snippet:-1, max-image-preview:large, max-video-preview:-1\" \/>\n<meta property=\"og:locale\" content=\"es_ES\" \/>\n<meta property=\"og:type\" content=\"article\" \/>\n<meta property=\"og:title\" content=\"Mourinho: &quot;Arbeloa es uno de mis ni\u00f1os, fue uno de los mejores hombres que tuve en el Madrid, de mis favoritos&quot; - vof-news.eu\" \/>\n<meta property=\"og:description\" content=\"&quot;Es uno de mis ni\u00f1os&quot;. Jose Mourinho, serio y preocupado por la situaci\u00f3n del Benfica en la Champions League, con la necesidad de ganar al Real Madrid este mi\u00e9rcoles para tener alguna posibilidad de jugar el playoff continental, admiti\u00f3 su &quot;emoci\u00f3n&quot; al enfrentarse a \u00c1lvaro Arbeloa. &quot;\u00c1lvaro es uno de mis ni\u00f1os, un exjugador especial. No ha sido el mejor jugador, pero desde el punto de vista humano es de mis jugadores favoritos de todos. De los mejores hombres que tuve en el Madrid&quot;, expres\u00f3 el t\u00e9cnico portugu\u00e9s.En una sala de prensa abarrotada de medios lusos y espa\u00f1oles, Mourinho le dese\u00f3 a Arbeloa &quot;una carrera fant\u00e1stica&quot; y valor\u00f3 tambi\u00e9n el paso de Xabi Alonso por el Santiago Bernab\u00e9u. &quot;Xabi es otro de mis chicos, s\u00ed. S\u00f3lo tengo recuerdos positivos. Ma\u00f1ana tendr\u00e9 la emoci\u00f3n de jugar contra \u00c1lvaro, lo s\u00e9, porque jugar contra Xabi ya me ha emocionado en su momento. Sent\u00ed una alegr\u00eda muy grande por lo que hizo en Leverkusen y despu\u00e9s cuando lleg\u00f3 al Madrid&quot;, asegur\u00f3.Del cambio de t\u00e9cnico, eso s\u00ed, no quiso hablar: &quot;De c\u00f3mo termin\u00f3 y por qu\u00e9... No me interesa. En el f\u00fatbol es muy dif\u00edcil que algo me sorprenda. Ahora su carrera ir\u00e1 a otra direcci\u00f3n, ha demostrado el nivel de entrenador al que puede llegar&quot;, insisti\u00f3.El portugu\u00e9s coment\u00f3 que no ha hablado por tel\u00e9fono con Arbeloa, pero que &quot;no hace falta&quot;. &quot;Lo que quiero es que le vaya todo bien porque le quiero mucho y quiero mucho al Madrid. S\u00f3lo quiero que le vaya mal ma\u00f1ana, despu\u00e9s que le vaya bien siempre. Y \u00e9l seguro que piensa lo mismo del Benfica&quot;, dijo, y reconoci\u00f3 que &quot;no conozco a \u00c1lvaro como entrenador&quot;. &quot;S\u00f3lo he seguido los resultados con los j\u00f3venes del Madrid, pero no con mis ojos. Lo que puedo decir es que tiene una dimensi\u00f3n humana para ser entrenador del Madrid. Consejos ninguno, lo importante para m\u00ed es que \u00e9l est\u00e1 feliz y que le gusta ser entrenador&quot;.Cuestionado por el Caso Negreira y sus famosos &quot;\u00bfpor qu\u00e9?&quot; en rueda de prensa tras algunos cl\u00e1sicos ante el Barcelona, Mourinho rechaz\u00f3 dar una respuesta larga: &quot;Es una cosa que no me interesa, honestamente. No me interesa, pienso en hoy y en ma\u00f1ana, no en ayer. Lo que ha pasado ha pasado, y ya est\u00e1&quot;.Su Benfica necesita ganar: &quot;Si ganamos, vamos al vestuario y sabremos si clasificamos o no. No tenemos otra opci\u00f3n. Tenemos que jugar con el \u00fanico pensamiento que tenemos que ganar&quot;.\" \/>\n<meta property=\"og:url\" content=\"https:\/\/vof-news.eu\/es\/mourinho-arbeloa-es-uno-de-mis-ninos-fue-uno-de-los-mejores-hombres-que-tuve-en-el-madrid-de-mis-favoritos\/\" \/>\n<meta property=\"og:site_name\" content=\"vof-news.eu\" \/>\n<meta property=\"article:published_time\" content=\"2026-01-27T16:19:30+00:00\" \/>\n<meta property=\"article:modified_time\" content=\"2026-01-27T16:19:52+00:00\" \/>\n<meta property=\"og:image\" content=\"https:\/\/vof-news.eu\/wp-content\/uploads\/2026\/01\/17695243395358.jpg\" \/>\n\t<meta property=\"og:image:width\" content=\"1366\" \/>\n\t<meta property=\"og:image:height\" content=\"911\" \/>\n\t<meta property=\"og:image:type\" content=\"image\/jpeg\" \/>\n<meta name=\"author\" content=\"Author\" \/>\n<meta name=\"twitter:card\" content=\"summary_large_image\" \/>\n<meta name=\"twitter:label1\" content=\"Escrito por\" \/>\n\t<meta name=\"twitter:data1\" content=\"Author\" \/>\n\t<meta name=\"twitter:label2\" content=\"Tiempo de lectura\" \/>\n\t<meta name=\"twitter:data2\" content=\"2 minutos\" \/>\n<script type=\"application\/ld+json\" class=\"yoast-schema-graph\">{\"@context\":\"https:\/\/schema.org\",\"@graph\":[{\"@type\":\"WebPage\",\"@id\":\"https:\/\/vof-news.eu\/es\/mourinho-arbeloa-es-uno-de-mis-ninos-fue-uno-de-los-mejores-hombres-que-tuve-en-el-madrid-de-mis-favoritos\/\",\"url\":\"https:\/\/vof-news.eu\/es\/mourinho-arbeloa-es-uno-de-mis-ninos-fue-uno-de-los-mejores-hombres-que-tuve-en-el-madrid-de-mis-favoritos\/\",\"name\":\"Mourinho: \\\"Arbeloa es uno de mis ni\u00f1os, fue uno de los mejores hombres que tuve en el Madrid, de mis favoritos\\\" - vof-news.eu\",\"isPartOf\":{\"@id\":\"https:\/\/vof-news.eu\/es\/#website\"},\"primaryImageOfPage\":{\"@id\":\"https:\/\/vof-news.eu\/es\/mourinho-arbeloa-es-uno-de-mis-ninos-fue-uno-de-los-mejores-hombres-que-tuve-en-el-madrid-de-mis-favoritos\/#primaryimage\"},\"image\":{\"@id\":\"https:\/\/vof-news.eu\/es\/mourinho-arbeloa-es-uno-de-mis-ninos-fue-uno-de-los-mejores-hombres-que-tuve-en-el-madrid-de-mis-favoritos\/#primaryimage\"},\"thumbnailUrl\":\"https:\/\/vof-news.eu\/wp-content\/uploads\/2026\/01\/17695243395358.jpg\",\"datePublished\":\"2026-01-27T16:19:30+00:00\",\"dateModified\":\"2026-01-27T16:19:52+00:00\",\"author\":{\"@id\":\"https:\/\/vof-news.eu\/es\/#\/schema\/person\/f6a2a4309f0561835797fd8c19b333ed\"},\"description\":\"\\\"Es uno de mis ni\u00f1os\\\". Jose Mourinho, serio y preocupado por la situaci\u00f3n del Benfica en la Champions League, con la necesidad de ganar al Real Madrid este mi\u00e9rcoles para tener alguna posibilidad de jugar el playoff continental, admiti\u00f3 su \\\"emoci\u00f3n\\\" al enfrentarse a \u00c1lvaro Arbeloa. \\\"\u00c1lvaro es uno de mis ni\u00f1os, un exjugador especial. No ha sido el mejor jugador, pero desde el punto de vista humano es de mis jugadores favoritos de todos. De los mejores hombres que tuve en el Madrid\\\", expres\u00f3 el t\u00e9cnico portugu\u00e9s.En una sala de prensa abarrotada de medios lusos y espa\u00f1oles, Mourinho le dese\u00f3 a Arbeloa \\\"una carrera fant\u00e1stica\\\" y valor\u00f3 tambi\u00e9n el paso de Xabi Alonso por el Santiago Bernab\u00e9u. \\\"Xabi es otro de mis chicos, s\u00ed. S\u00f3lo tengo recuerdos positivos. Ma\u00f1ana tendr\u00e9 la emoci\u00f3n de jugar contra \u00c1lvaro, lo s\u00e9, porque jugar contra Xabi ya me ha emocionado en su momento. Sent\u00ed una alegr\u00eda muy grande por lo que hizo en Leverkusen y despu\u00e9s cuando lleg\u00f3 al Madrid\\\", asegur\u00f3.Del cambio de t\u00e9cnico, eso s\u00ed, no quiso hablar: \\\"De c\u00f3mo termin\u00f3 y por qu\u00e9... No me interesa. En el f\u00fatbol es muy dif\u00edcil que algo me sorprenda. Ahora su carrera ir\u00e1 a otra direcci\u00f3n, ha demostrado el nivel de entrenador al que puede llegar\\\", insisti\u00f3.El portugu\u00e9s coment\u00f3 que no ha hablado por tel\u00e9fono con Arbeloa, pero que \\\"no hace falta\\\". \\\"Lo que quiero es que le vaya todo bien porque le quiero mucho y quiero mucho al Madrid. S\u00f3lo quiero que le vaya mal ma\u00f1ana, despu\u00e9s que le vaya bien siempre. Y \u00e9l seguro que piensa lo mismo del Benfica\\\", dijo, y reconoci\u00f3 que \\\"no conozco a \u00c1lvaro como entrenador\\\". \\\"S\u00f3lo he seguido los resultados con los j\u00f3venes del Madrid, pero no con mis ojos. Lo que puedo decir es que tiene una dimensi\u00f3n humana para ser entrenador del Madrid. Consejos ninguno, lo importante para m\u00ed es que \u00e9l est\u00e1 feliz y que le gusta ser entrenador\\\".Cuestionado por el Caso Negreira y sus famosos \\\"\u00bfpor qu\u00e9?\\\" en rueda de prensa tras algunos cl\u00e1sicos ante el Barcelona, Mourinho rechaz\u00f3 dar una respuesta larga: \\\"Es una cosa que no me interesa, honestamente. No me interesa, pienso en hoy y en ma\u00f1ana, no en ayer. Lo que ha pasado ha pasado, y ya est\u00e1\\\".Su Benfica necesita ganar: \\\"Si ganamos, vamos al vestuario y sabremos si clasificamos o no. No tenemos otra opci\u00f3n. Tenemos que jugar con el \u00fanico pensamiento que tenemos que ganar\\\".\",\"breadcrumb\":{\"@id\":\"https:\/\/vof-news.eu\/es\/mourinho-arbeloa-es-uno-de-mis-ninos-fue-uno-de-los-mejores-hombres-que-tuve-en-el-madrid-de-mis-favoritos\/#breadcrumb\"},\"inLanguage\":\"es\",\"potentialAction\":[{\"@type\":\"ReadAction\",\"target\":[\"https:\/\/vof-news.eu\/es\/mourinho-arbeloa-es-uno-de-mis-ninos-fue-uno-de-los-mejores-hombres-que-tuve-en-el-madrid-de-mis-favoritos\/\"]}]},{\"@type\":\"ImageObject\",\"inLanguage\":\"es\",\"@id\":\"https:\/\/vof-news.eu\/es\/mourinho-arbeloa-es-uno-de-mis-ninos-fue-uno-de-los-mejores-hombres-que-tuve-en-el-madrid-de-mis-favoritos\/#primaryimage\",\"url\":\"https:\/\/vof-news.eu\/wp-content\/uploads\/2026\/01\/17695243395358.jpg\",\"contentUrl\":\"https:\/\/vof-news.eu\/wp-content\/uploads\/2026\/01\/17695243395358.jpg\",\"width\":1366,\"height\":911},{\"@type\":\"BreadcrumbList\",\"@id\":\"https:\/\/vof-news.eu\/es\/mourinho-arbeloa-es-uno-de-mis-ninos-fue-uno-de-los-mejores-hombres-que-tuve-en-el-madrid-de-mis-favoritos\/#breadcrumb\",\"itemListElement\":[{\"@type\":\"ListItem\",\"position\":1,\"name\":\"Home\",\"item\":\"https:\/\/vof-news.eu\/es\/\"},{\"@type\":\"ListItem\",\"position\":2,\"name\":\"Mourinho: &#8220;Arbeloa es uno de mis ni\u00f1os, fue uno de los mejores hombres que tuve en el Madrid, de mis favoritos&#8221;\"}]},{\"@type\":\"WebSite\",\"@id\":\"https:\/\/vof-news.eu\/es\/#website\",\"url\":\"https:\/\/vof-news.eu\/es\/\",\"name\":\"vof-news.eu\",\"description\":\"\",\"potentialAction\":[{\"@type\":\"SearchAction\",\"target\":{\"@type\":\"EntryPoint\",\"urlTemplate\":\"https:\/\/vof-news.eu\/es\/?s={search_term_string}\"},\"query-input\":\"required name=search_term_string\"}],\"inLanguage\":\"es\"},{\"@type\":\"Person\",\"@id\":\"https:\/\/vof-news.eu\/es\/#\/schema\/person\/f6a2a4309f0561835797fd8c19b333ed\",\"name\":\"Author\",\"image\":{\"@type\":\"ImageObject\",\"inLanguage\":\"es\",\"@id\":\"https:\/\/vof-news.eu\/es\/#\/schema\/person\/image\/\",\"url\":\"https:\/\/secure.gravatar.com\/avatar\/b67e614b1b25b3e9c0c239efdd2fde5ab015b5affd6f1c3c85911ca4b384e790?s=96&d=mm&r=g\",\"contentUrl\":\"https:\/\/secure.gravatar.com\/avatar\/b67e614b1b25b3e9c0c239efdd2fde5ab015b5affd6f1c3c85911ca4b384e790?s=96&d=mm&r=g\",\"caption\":\"Author\"},\"sameAs\":[\"http:\/\/vof-news.eu\"],\"url\":\"https:\/\/vof-news.eu\/es\/author\/zwt6qxnjulxbnyg\/\"}]}<\/script>\n<!-- \/ Yoast SEO plugin. -->","yoast_head_json":{"title":"Mourinho: \"Arbeloa es uno de mis ni\u00f1os, fue uno de los mejores hombres que tuve en el Madrid, de mis favoritos\" - vof-news.eu","description":"\"Es uno de mis ni\u00f1os\". Jose Mourinho, serio y preocupado por la situaci\u00f3n del Benfica en la Champions League, con la necesidad de ganar al Real Madrid este mi\u00e9rcoles para tener alguna posibilidad de jugar el playoff continental, admiti\u00f3 su \"emoci\u00f3n\" al enfrentarse a \u00c1lvaro Arbeloa. \"\u00c1lvaro es uno de mis ni\u00f1os, un exjugador especial. No ha sido el mejor jugador, pero desde el punto de vista humano es de mis jugadores favoritos de todos. De los mejores hombres que tuve en el Madrid\", expres\u00f3 el t\u00e9cnico portugu\u00e9s.En una sala de prensa abarrotada de medios lusos y espa\u00f1oles, Mourinho le dese\u00f3 a Arbeloa \"una carrera fant\u00e1stica\" y valor\u00f3 tambi\u00e9n el paso de Xabi Alonso por el Santiago Bernab\u00e9u. \"Xabi es otro de mis chicos, s\u00ed. S\u00f3lo tengo recuerdos positivos. Ma\u00f1ana tendr\u00e9 la emoci\u00f3n de jugar contra \u00c1lvaro, lo s\u00e9, porque jugar contra Xabi ya me ha emocionado en su momento. Sent\u00ed una alegr\u00eda muy grande por lo que hizo en Leverkusen y despu\u00e9s cuando lleg\u00f3 al Madrid\", asegur\u00f3.Del cambio de t\u00e9cnico, eso s\u00ed, no quiso hablar: \"De c\u00f3mo termin\u00f3 y por qu\u00e9... No me interesa. En el f\u00fatbol es muy dif\u00edcil que algo me sorprenda. Ahora su carrera ir\u00e1 a otra direcci\u00f3n, ha demostrado el nivel de entrenador al que puede llegar\", insisti\u00f3.El portugu\u00e9s coment\u00f3 que no ha hablado por tel\u00e9fono con Arbeloa, pero que \"no hace falta\". \"Lo que quiero es que le vaya todo bien porque le quiero mucho y quiero mucho al Madrid. S\u00f3lo quiero que le vaya mal ma\u00f1ana, despu\u00e9s que le vaya bien siempre. Y \u00e9l seguro que piensa lo mismo del Benfica\", dijo, y reconoci\u00f3 que \"no conozco a \u00c1lvaro como entrenador\". \"S\u00f3lo he seguido los resultados con los j\u00f3venes del Madrid, pero no con mis ojos. Lo que puedo decir es que tiene una dimensi\u00f3n humana para ser entrenador del Madrid. Consejos ninguno, lo importante para m\u00ed es que \u00e9l est\u00e1 feliz y que le gusta ser entrenador\".Cuestionado por el Caso Negreira y sus famosos \"\u00bfpor qu\u00e9?\" en rueda de prensa tras algunos cl\u00e1sicos ante el Barcelona, Mourinho rechaz\u00f3 dar una respuesta larga: \"Es una cosa que no me interesa, honestamente. No me interesa, pienso en hoy y en ma\u00f1ana, no en ayer. Lo que ha pasado ha pasado, y ya est\u00e1\".Su Benfica necesita ganar: \"Si ganamos, vamos al vestuario y sabremos si clasificamos o no. No tenemos otra opci\u00f3n. Tenemos que jugar con el \u00fanico pensamiento que tenemos que ganar\".","robots":{"index":"noindex","follow":"follow","max-snippet":"max-snippet:-1","max-image-preview":"max-image-preview:large","max-video-preview":"max-video-preview:-1"},"og_locale":"es_ES","og_type":"article","og_title":"Mourinho: \"Arbeloa es uno de mis ni\u00f1os, fue uno de los mejores hombres que tuve en el Madrid, de mis favoritos\" - vof-news.eu","og_description":"\"Es uno de mis ni\u00f1os\". Jose Mourinho, serio y preocupado por la situaci\u00f3n del Benfica en la Champions League, con la necesidad de ganar al Real Madrid este mi\u00e9rcoles para tener alguna posibilidad de jugar el playoff continental, admiti\u00f3 su \"emoci\u00f3n\" al enfrentarse a \u00c1lvaro Arbeloa. \"\u00c1lvaro es uno de mis ni\u00f1os, un exjugador especial. No ha sido el mejor jugador, pero desde el punto de vista humano es de mis jugadores favoritos de todos. De los mejores hombres que tuve en el Madrid\", expres\u00f3 el t\u00e9cnico portugu\u00e9s.En una sala de prensa abarrotada de medios lusos y espa\u00f1oles, Mourinho le dese\u00f3 a Arbeloa \"una carrera fant\u00e1stica\" y valor\u00f3 tambi\u00e9n el paso de Xabi Alonso por el Santiago Bernab\u00e9u. \"Xabi es otro de mis chicos, s\u00ed. S\u00f3lo tengo recuerdos positivos. Ma\u00f1ana tendr\u00e9 la emoci\u00f3n de jugar contra \u00c1lvaro, lo s\u00e9, porque jugar contra Xabi ya me ha emocionado en su momento. Sent\u00ed una alegr\u00eda muy grande por lo que hizo en Leverkusen y despu\u00e9s cuando lleg\u00f3 al Madrid\", asegur\u00f3.Del cambio de t\u00e9cnico, eso s\u00ed, no quiso hablar: \"De c\u00f3mo termin\u00f3 y por qu\u00e9... No me interesa. En el f\u00fatbol es muy dif\u00edcil que algo me sorprenda. Ahora su carrera ir\u00e1 a otra direcci\u00f3n, ha demostrado el nivel de entrenador al que puede llegar\", insisti\u00f3.El portugu\u00e9s coment\u00f3 que no ha hablado por tel\u00e9fono con Arbeloa, pero que \"no hace falta\". \"Lo que quiero es que le vaya todo bien porque le quiero mucho y quiero mucho al Madrid. S\u00f3lo quiero que le vaya mal ma\u00f1ana, despu\u00e9s que le vaya bien siempre. Y \u00e9l seguro que piensa lo mismo del Benfica\", dijo, y reconoci\u00f3 que \"no conozco a \u00c1lvaro como entrenador\". \"S\u00f3lo he seguido los resultados con los j\u00f3venes del Madrid, pero no con mis ojos. Lo que puedo decir es que tiene una dimensi\u00f3n humana para ser entrenador del Madrid. Consejos ninguno, lo importante para m\u00ed es que \u00e9l est\u00e1 feliz y que le gusta ser entrenador\".Cuestionado por el Caso Negreira y sus famosos \"\u00bfpor qu\u00e9?\" en rueda de prensa tras algunos cl\u00e1sicos ante el Barcelona, Mourinho rechaz\u00f3 dar una respuesta larga: \"Es una cosa que no me interesa, honestamente. No me interesa, pienso en hoy y en ma\u00f1ana, no en ayer. Lo que ha pasado ha pasado, y ya est\u00e1\".Su Benfica necesita ganar: \"Si ganamos, vamos al vestuario y sabremos si clasificamos o no. No tenemos otra opci\u00f3n. Tenemos que jugar con el \u00fanico pensamiento que tenemos que ganar\".","og_url":"https:\/\/vof-news.eu\/es\/mourinho-arbeloa-es-uno-de-mis-ninos-fue-uno-de-los-mejores-hombres-que-tuve-en-el-madrid-de-mis-favoritos\/","og_site_name":"vof-news.eu","article_published_time":"2026-01-27T16:19:30+00:00","article_modified_time":"2026-01-27T16:19:52+00:00","og_image":[{"width":1366,"height":911,"url":"https:\/\/vof-news.eu\/wp-content\/uploads\/2026\/01\/17695243395358.jpg","type":"image\/jpeg"}],"author":"Author","twitter_card":"summary_large_image","twitter_misc":{"Escrito por":"Author","Tiempo de lectura":"2 minutos"},"schema":{"@context":"https:\/\/schema.org","@graph":[{"@type":"WebPage","@id":"https:\/\/vof-news.eu\/es\/mourinho-arbeloa-es-uno-de-mis-ninos-fue-uno-de-los-mejores-hombres-que-tuve-en-el-madrid-de-mis-favoritos\/","url":"https:\/\/vof-news.eu\/es\/mourinho-arbeloa-es-uno-de-mis-ninos-fue-uno-de-los-mejores-hombres-que-tuve-en-el-madrid-de-mis-favoritos\/","name":"Mourinho: \"Arbeloa es uno de mis ni\u00f1os, fue uno de los mejores hombres que tuve en el Madrid, de mis favoritos\" - vof-news.eu","isPartOf":{"@id":"https:\/\/vof-news.eu\/es\/#website"},"primaryImageOfPage":{"@id":"https:\/\/vof-news.eu\/es\/mourinho-arbeloa-es-uno-de-mis-ninos-fue-uno-de-los-mejores-hombres-que-tuve-en-el-madrid-de-mis-favoritos\/#primaryimage"},"image":{"@id":"https:\/\/vof-news.eu\/es\/mourinho-arbeloa-es-uno-de-mis-ninos-fue-uno-de-los-mejores-hombres-que-tuve-en-el-madrid-de-mis-favoritos\/#primaryimage"},"thumbnailUrl":"https:\/\/vof-news.eu\/wp-content\/uploads\/2026\/01\/17695243395358.jpg","datePublished":"2026-01-27T16:19:30+00:00","dateModified":"2026-01-27T16:19:52+00:00","author":{"@id":"https:\/\/vof-news.eu\/es\/#\/schema\/person\/f6a2a4309f0561835797fd8c19b333ed"},"description":"\"Es uno de mis ni\u00f1os\". Jose Mourinho, serio y preocupado por la situaci\u00f3n del Benfica en la Champions League, con la necesidad de ganar al Real Madrid este mi\u00e9rcoles para tener alguna posibilidad de jugar el playoff continental, admiti\u00f3 su \"emoci\u00f3n\" al enfrentarse a \u00c1lvaro Arbeloa. \"\u00c1lvaro es uno de mis ni\u00f1os, un exjugador especial. No ha sido el mejor jugador, pero desde el punto de vista humano es de mis jugadores favoritos de todos. De los mejores hombres que tuve en el Madrid\", expres\u00f3 el t\u00e9cnico portugu\u00e9s.En una sala de prensa abarrotada de medios lusos y espa\u00f1oles, Mourinho le dese\u00f3 a Arbeloa \"una carrera fant\u00e1stica\" y valor\u00f3 tambi\u00e9n el paso de Xabi Alonso por el Santiago Bernab\u00e9u. \"Xabi es otro de mis chicos, s\u00ed. S\u00f3lo tengo recuerdos positivos. Ma\u00f1ana tendr\u00e9 la emoci\u00f3n de jugar contra \u00c1lvaro, lo s\u00e9, porque jugar contra Xabi ya me ha emocionado en su momento. Sent\u00ed una alegr\u00eda muy grande por lo que hizo en Leverkusen y despu\u00e9s cuando lleg\u00f3 al Madrid\", asegur\u00f3.Del cambio de t\u00e9cnico, eso s\u00ed, no quiso hablar: \"De c\u00f3mo termin\u00f3 y por qu\u00e9... No me interesa. En el f\u00fatbol es muy dif\u00edcil que algo me sorprenda. Ahora su carrera ir\u00e1 a otra direcci\u00f3n, ha demostrado el nivel de entrenador al que puede llegar\", insisti\u00f3.El portugu\u00e9s coment\u00f3 que no ha hablado por tel\u00e9fono con Arbeloa, pero que \"no hace falta\". \"Lo que quiero es que le vaya todo bien porque le quiero mucho y quiero mucho al Madrid. S\u00f3lo quiero que le vaya mal ma\u00f1ana, despu\u00e9s que le vaya bien siempre. Y \u00e9l seguro que piensa lo mismo del Benfica\", dijo, y reconoci\u00f3 que \"no conozco a \u00c1lvaro como entrenador\". \"S\u00f3lo he seguido los resultados con los j\u00f3venes del Madrid, pero no con mis ojos. Lo que puedo decir es que tiene una dimensi\u00f3n humana para ser entrenador del Madrid. Consejos ninguno, lo importante para m\u00ed es que \u00e9l est\u00e1 feliz y que le gusta ser entrenador\".Cuestionado por el Caso Negreira y sus famosos \"\u00bfpor qu\u00e9?\" en rueda de prensa tras algunos cl\u00e1sicos ante el Barcelona, Mourinho rechaz\u00f3 dar una respuesta larga: \"Es una cosa que no me interesa, honestamente. No me interesa, pienso en hoy y en ma\u00f1ana, no en ayer. Lo que ha pasado ha pasado, y ya est\u00e1\".Su Benfica necesita ganar: \"Si ganamos, vamos al vestuario y sabremos si clasificamos o no. No tenemos otra opci\u00f3n. Tenemos que jugar con el \u00fanico pensamiento que tenemos que ganar\".","breadcrumb":{"@id":"https:\/\/vof-news.eu\/es\/mourinho-arbeloa-es-uno-de-mis-ninos-fue-uno-de-los-mejores-hombres-que-tuve-en-el-madrid-de-mis-favoritos\/#breadcrumb"},"inLanguage":"es","potentialAction":[{"@type":"ReadAction","target":["https:\/\/vof-news.eu\/es\/mourinho-arbeloa-es-uno-de-mis-ninos-fue-uno-de-los-mejores-hombres-que-tuve-en-el-madrid-de-mis-favoritos\/"]}]},{"@type":"ImageObject","inLanguage":"es","@id":"https:\/\/vof-news.eu\/es\/mourinho-arbeloa-es-uno-de-mis-ninos-fue-uno-de-los-mejores-hombres-que-tuve-en-el-madrid-de-mis-favoritos\/#primaryimage","url":"https:\/\/vof-news.eu\/wp-content\/uploads\/2026\/01\/17695243395358.jpg","contentUrl":"https:\/\/vof-news.eu\/wp-content\/uploads\/2026\/01\/17695243395358.jpg","width":1366,"height":911},{"@type":"BreadcrumbList","@id":"https:\/\/vof-news.eu\/es\/mourinho-arbeloa-es-uno-de-mis-ninos-fue-uno-de-los-mejores-hombres-que-tuve-en-el-madrid-de-mis-favoritos\/#breadcrumb","itemListElement":[{"@type":"ListItem","position":1,"name":"Home","item":"https:\/\/vof-news.eu\/es\/"},{"@type":"ListItem","position":2,"name":"Mourinho: &#8220;Arbeloa es uno de mis ni\u00f1os, fue uno de los mejores hombres que tuve en el Madrid, de mis favoritos&#8221;"}]},{"@type":"WebSite","@id":"https:\/\/vof-news.eu\/es\/#website","url":"https:\/\/vof-news.eu\/es\/","name":"vof-news.eu","description":"","potentialAction":[{"@type":"SearchAction","target":{"@type":"EntryPoint","urlTemplate":"https:\/\/vof-news.eu\/es\/?s={search_term_string}"},"query-input":"required name=search_term_string"}],"inLanguage":"es"},{"@type":"Person","@id":"https:\/\/vof-news.eu\/es\/#\/schema\/person\/f6a2a4309f0561835797fd8c19b333ed","name":"Author","image":{"@type":"ImageObject","inLanguage":"es","@id":"https:\/\/vof-news.eu\/es\/#\/schema\/person\/image\/","url":"https:\/\/secure.gravatar.com\/avatar\/b67e614b1b25b3e9c0c239efdd2fde5ab015b5affd6f1c3c85911ca4b384e790?s=96&d=mm&r=g","contentUrl":"https:\/\/secure.gravatar.com\/avatar\/b67e614b1b25b3e9c0c239efdd2fde5ab015b5affd6f1c3c85911ca4b384e790?s=96&d=mm&r=g","caption":"Author"},"sameAs":["http:\/\/vof-news.eu"],"url":"https:\/\/vof-news.eu\/es\/author\/zwt6qxnjulxbnyg\/"}]}},"yoast_meta":{"yoast_wpseo_title":"","yoast_wpseo_metadesc":"","yoast_wpseo_canonical":""},"_links":{"self":[{"href":"https:\/\/vof-news.eu\/es\/wp-json\/wp\/v2\/posts\/320815","targetHints":{"allow":["GET"]}}],"collection":[{"href":"https:\/\/vof-news.eu\/es\/wp-json\/wp\/v2\/posts"}],"about":[{"href":"https:\/\/vof-news.eu\/es\/wp-json\/wp\/v2\/types\/post"}],"author":[{"embeddable":true,"href":"https:\/\/vof-news.eu\/es\/wp-json\/wp\/v2\/users\/1"}],"replies":[{"embeddable":true,"href":"https:\/\/vof-news.eu\/es\/wp-json\/wp\/v2\/comments?post=320815"}],"version-history":[{"count":1,"href":"https:\/\/vof-news.eu\/es\/wp-json\/wp\/v2\/posts\/320815\/revisions"}],"predecessor-version":[{"id":320828,"href":"https:\/\/vof-news.eu\/es\/wp-json\/wp\/v2\/posts\/320815\/revisions\/320828"}],"wp:featuredmedia":[{"embeddable":true,"href":"https:\/\/vof-news.eu\/es\/wp-json\/wp\/v2\/media\/320822"}],"wp:attachment":[{"href":"https:\/\/vof-news.eu\/es\/wp-json\/wp\/v2\/media?parent=320815"}],"wp:term":[{"taxonomy":"category","embeddable":true,"href":"https:\/\/vof-news.eu\/es\/wp-json\/wp\/v2\/categories?post=320815"},{"taxonomy":"post_tag","embeddable":true,"href":"https:\/\/vof-news.eu\/es\/wp-json\/wp\/v2\/tags?post=320815"}],"curies":[{"name":"wp","href":"https:\/\/api.w.org\/{rel}","templated":true}]}}