{"id":320536,"date":"2026-01-27T03:19:12","date_gmt":"2026-01-27T00:19:12","guid":{"rendered":"https:\/\/vof-news.eu\/por-que-todo-el-mundo-habla-de-david-ucles-esta-disenado-todo-para-que-sea-el-protagonista-de-nuestras-vidas-en-disputa-con-rosalia\/"},"modified":"2026-01-27T03:19:56","modified_gmt":"2026-01-27T00:19:56","slug":"por-que-todo-el-mundo-habla-de-david-ucles-esta-disenado-todo-para-que-sea-el-protagonista-de-nuestras-vidas-en-disputa-con-rosalia","status":"publish","type":"post","link":"https:\/\/vof-news.eu\/es\/por-que-todo-el-mundo-habla-de-david-ucles-esta-disenado-todo-para-que-sea-el-protagonista-de-nuestras-vidas-en-disputa-con-rosalia\/","title":{"rendered":"Por qu\u00e9 todo el mundo habla de David Ucl\u00e9s: \u00abEst\u00e1 dise\u00f1ado todo para que sea el protagonista de nuestras vidas en disputa con Rosal\u00eda\u00bb"},"content":{"rendered":"<div>\n<p>De <strong>David Ucl\u00e9s <\/strong>sabemos que es escritor. Y cantante. Y pintor. Y traductor. Y que toca el arpa y la guitarra. Y el acorde\u00f3n tambi\u00e9n. Se ha hablado de sus boinas y de su ropa. De su pelo y su barba desali\u00f1ada. De su dulce acento andaluz. Hasta de su condici\u00f3n sexual y del <i>bullying <\/i>que sufri\u00f3 en la infancia por ser algo amanerado. Por hablar se ha hablado incluso de que padece una arritmia card\u00edaca cr\u00f3nica que evolucion\u00f3 a una fibrilaci\u00f3n violenta y de la que se oper\u00f3 a finales del a\u00f1o pasado. Por si palmaba en el quir\u00f3fano, dej\u00f3 dicho (y escrito) que no quer\u00eda ser enterrado en un cementerio, sino en cualquier cuneta del pa\u00eds. A medianoche, a ser posible.<\/p>\n<p>De David Ucl\u00e9s sabemos tambi\u00e9n que <strong>naci\u00f3 en \u00dabeda hace 36 a\u00f1os, pero ha vivido en Alemania, en Francia y en los Alpes suizos<\/strong>. Y en Galicia, en el Pa\u00eds Vasco y en Catalu\u00f1a. Y que ahora vive en Madrid aunque -jura \u00e9l- todav\u00eda no le da para comprarse una casa en la capital. Sabemos que el libro que le hizo lector fue <i>El se\u00f1or de los anillos<\/i> y el que le ha hecho archifamoso en Espa\u00f1a se llama<i><strong> La pen\u00ednsulas de las casas vac\u00edas<\/strong><\/i>, un extraordinario fen\u00f3meno editorial que ha convertido a su autor en otro extraordinario fen\u00f3meno&#8230; mucho m\u00e1s que editorial.<\/p>\n<p>En un universo normal, ni usted ni yo sabr\u00edamos tantas cosas de ning\u00fan escritor espa\u00f1ol por muy superventas que fuera. Pero el caso es que todo lo que rodea a Ucl\u00e9s hace tiempo que dej\u00f3 de ser normal. Como si \u00e9l mismo se hubiera convertido en un personaje de sus novelas, una pieza m\u00e1s de realismo m\u00e1gico que lleva meses lidiando entre el \u00e9xito y la furia, <strong>haciendo malabares entre las simpat\u00edas y el odio furibundo<\/strong>, los premios, las ventas, las reediciones y los insultos, sobreexpuesto en todos los medios y redes posibles, atrapado en todas las pol\u00e9micas.<\/p>\n<p>\u00bfPor qu\u00e9 todo el mundo -incluido David Ucl\u00e9s- habla de David Ucl\u00e9s?<\/p>\n<p>\u00abAl margen de que nos gusten m\u00e1s o menos sus libros o que \u00e9l nos caiga mejor o peor, creo que es obvio que <strong>Ucl\u00e9s es un t\u00edo que busca una repercusi\u00f3n social grande, y no solo literaria<\/strong>\u00bb, explica Juan Marqu\u00e9s, cr\u00edtico literario de La Lectura. \u00abSeguro que hay un punto de azar, por supuesto, pero creo que todo est\u00e1 organizado y dise\u00f1ado para que David sea el protagonista de nuestras vidas el pr\u00f3ximo a\u00f1o y medio, disput\u00e1ndose con Rosal\u00eda el protagonismo del mundo\u00bb.<\/p>\n<p>La \u00faltima controversia en torno a su figura es de este mismo fin de semana. David Ucl\u00e9s anunci\u00f3 el pasado domingo <a href=\"https:\/\/www.elmundo.es\/cultura\/literatura\/2026\/01\/25\/69763519e85ece82158b45a6.html\" rel=\"nofollow\"><strong>su renuncia a participar en una charla sobre la Guerra Civil en el festival Letras en Sevilla<\/strong><\/a>, organizado por <strong>Arturo P\u00e9rez-Reverte<\/strong>, por la presencia en las mismas jornadas del ex presidente del Gobierno Jos\u00e9 Mar\u00eda Aznar, y el ex secretario general de Vox, Iv\u00e1n Espinosa de los Monteros. <strong>\u00abNo puedo verme en el mismo cartel que estos dos individuos\u00bb<\/strong>, explic\u00f3 el escritor. Lo hizo a trav\u00e9s de un v\u00eddeo en su cuenta de Instagram. La r\u00e9plica p\u00fablica de Reverte, que le reproch\u00f3 su \u00absectarismo e ignorancia\u00bb, volvi\u00f3 a convertir a Ucl\u00e9s en tendencia. Una vez m\u00e1s.<\/p>\n<p>Antes lo hab\u00eda sido por <a href=\"https:\/\/www.elmundo.es\/cultura\/literatura\/2026\/01\/06\/695d2d01e9cf4ad8538b4575.html\" rel=\"nofollow\">ganar el Premio Nadal<\/a> con su pr\u00f3xima novela: <i><strong>La ciudad de las luces muertas<\/strong><\/i>. Y por cambiar de editorial esa misma noche sin previo aviso. Y antes, por reprochar p\u00fablicamente a Ayuso, durante la gala de otros premios, que despu\u00e9s de vender 300.000 ejemplares de <i>La pen\u00ednsulas de las casas vac\u00edas <\/i>su cuenta corriente s\u00f3lo le alcanza para comprar \u00abun zulo sin ventanas\u00bb en la capital.<\/p>\n<p>\u00ab\u00c9l sabe que es un personaje y lo est\u00e1 explotando\u00bb, sigue Marqu\u00e9s. \u00abNo creo que haga teatro ni est\u00e9 fingiendo, pero quiz\u00e1s s\u00ed est\u00e1 llegando a cierta exageraci\u00f3n. Su libro est\u00e1 muy bien, es valiente, y \u00e9l es un t\u00edo simp\u00e1tico y muy listo, pero digamos que est\u00e1 doblando la apuesta. <strong>Ahora no solo quiere ser un escritor, quiere ser alguien que no tiene techo. Llegar\u00e1 a ministro de Cultura si quiere<\/strong>, porque es un hombre ambicioso y quiere estar siempre en el candelero, dar titulares, provocar&#8230; Y me parece bien. Si lo que quiere es comprarse un castillo, lo est\u00e1 haciendo muy bien. Si quiere ganar el Cervantes, igual no tanto\u00bb.<\/p>\n<p>Ucl\u00e9s ha cruzado acusaciones con sus cr\u00edticos a trav\u00e9s de las redes sociales y acab\u00f3 cerrando su perfil en X porque se hab\u00eda convertido en un \u00abnido de fascistas\u00bb.<strong> Ha sido acosado por escribir de la Guerra Civil y por hablar abiertamente de su homosexualidad<\/strong>. Y ha sido reducido casi a meme por cantar en sus presentaciones, por atreverse con el catal\u00e1n, por recitar a Robe Iniesta, por vestir ropa de segunda mano o por haber hecho de su c\u00e9lebre boina un icono personal.<\/p>\n<p>\u00abLlevo boina desde la adolescencia\u00bb, cont\u00f3 \u00e9l mismo hace unos d\u00edas desde <a href=\"https:\/\/www.lavanguardia.com\/cultura\/20260124\/11447932\/camaleon-literario.html\" rel=\"nofollow\">la columna que firma en<i> La Vanguardia<\/i><\/a>. \u00abA mis 35 sigo llevando sombrero y ropa de segunda mano. <strong>Mi forma de vestir no ha sido impuesta por mi editorial para crear un personaje en torno a m\u00ed y vender m\u00e1s<\/strong>, que es la acusaci\u00f3n m\u00e1s com\u00fan que suelo recibir de mis detractores, quienes tambi\u00e9n afirman que fui creado por una logia mas\u00f3nica, comunista y sanchista. De hecho, la editorial me aconsejaba que no saliera con la boina en las primeras entrevistas. &#8216;David, no llames m\u00e1s la atenci\u00f3n que el propio libro. La novela va a ir sola, sin pol\u00e9micas&#8217;. Creo que fue un buen consejo, aunque apenas lo cumpl\u00ed\u00bb.<\/p>\n<p>Y as\u00ed es. La pol\u00e9mica no ha abandonado a Ucl\u00e9s pese al incuestionable \u00e9xito de su obra.<\/p>\n<blockquote>\n<p>\u00abEs un hombre ambicioso y est\u00e1 bien&#8230; Si lo que quiere es comprarse un castillo, lo est\u00e1 haciendo muy bien. Si quiere ganar el Cervantes, no tanto\u00bb<\/p>\n<p><span><strong>Juan Marqu\u00e9s<\/strong>, cr\u00edtico literario<\/span><\/p><\/blockquote>\n<p><i>La pen\u00ednsula de las casas vac\u00edas<\/i> se public\u00f3 en marzo de 2024 con el sello de Siruela. El escritor dedic\u00f3 m\u00e1s de 15 a\u00f1os y dos becas para finalizar una novela de 700 p\u00e1ginas. En verano de aquel a\u00f1o, el libro hab\u00eda vendido unos 15.000 ejemplares, un \u00e9xito inesperado para el propio Ucl\u00e9s, pero unas cifras algo decepcionantes para Siruela, que ech\u00f3 el resto antes de las siguientes Navidades. Una presentaci\u00f3n con <strong>Ian Gibson <\/strong>en el Ateneo de Madrid, un oportuno soneto de <strong>Joaqu\u00edn Sabina<\/strong> dedicado a la novela y una frase del periodista<strong> I\u00f1aki Gabilondo <\/strong>elogiando el t\u00edtulo de Ucl\u00e9s -\u00abEs lo mejor que he le\u00eddo en much\u00edsimos a\u00f1os\u00bb- dispararon las ventas. La ruta del escritor por librer\u00edas de toda Espa\u00f1a hizo el resto. La editorial casi se queda sin <i>stock<\/i>.<\/p>\n<p>\u00abEl a\u00f1o pasado, su novela era el libro de ficci\u00f3n m\u00e1s vendido en Espa\u00f1a y la versi\u00f3n en tapa dura estaba en la quinta posici\u00f3n\u00bb, cuenta el librero <strong>Paco Goyanes<\/strong>. <i>La pen\u00ednsula de las casas vac\u00edas <\/i>acumula m\u00e1s de 60 semanas en el podio de los <i>best sellers<\/i> de nuestro pa\u00eds.<\/p>\n<p>\u00abDavid se ha trabajado mucho a los lectores y con su libro, como ocurre casi siempre, ha funcionado mucho el boca oreja\u00bb, explica Goyanes. Los clientes de su librer\u00eda, en Zaragoza, eligieron <i>La pen\u00ednsula&#8230;<\/i> como libro del a\u00f1o en 2024. \u00abNadie tiene la tecla del \u00e9xito, pero \u00e9l ha sabido adaptarse a estos tiempos. <strong>Antes las editoriales se encargaban de la promoci\u00f3n, pero ahora son los autores los que se la hacen solos: est\u00e1n constantemente circulando por todo el pa\u00eds, en festivales, conferencias y presentaciones y vendi\u00e9ndose en las redes<\/strong>, que es lo que se demanda hoy. A David le ha funcionado pero tambi\u00e9n le ha supuesto demasiada exposici\u00f3n y mucho rechazo\u00bb.<\/p>\n<p>-\u00bfPor qu\u00e9 ese rechazo?<\/p>\n<p>-\u00c9l tiene todo lo que a un sector importante de la gente que est\u00e1 en redes no le gusta. <strong>David lleva boina, es homosexual, lo declara p\u00fablicamente, y es pol\u00e9mico en sus declaraciones<\/strong>. Y encima est\u00e1 triunfando con un libro sobre la Guerra Civil, que es casi una maldici\u00f3n.<\/p>\n<p>A d\u00eda de hoy, <i>La pen\u00ednsula de las casas<\/i> vac\u00edas suma <strong>30 ediciones, m\u00e1s de 300.000 ejemplares vendidos y decenas de premios<\/strong>. La novela, adem\u00e1s, se ha traducido a varios idiomas y tendr\u00e1 su versi\u00f3n en serie de televisi\u00f3n.<\/p>\n<blockquote>\n<p>\u00abMi forma de vestir no ha sido impuesta por mi editorial para crear un personaje en torno a m\u00ed y vender m\u00e1s, que es la acusaci\u00f3n m\u00e1s com\u00fan\u00bb<\/p>\n<p><span><strong>David Ucl\u00e9s<\/strong><\/span><\/p><\/blockquote>\n<p>\u00abA m\u00ed como fen\u00f3meno editorial no me interesa en absoluto\u00bb, rebate el poeta, editor y bibli\u00f3filo sevillano Abelardo Linares. \u00abMe parece que Ucl\u00e9s <strong>pertenece m\u00e1s al sector del famoseo y el marketing y est\u00e1 claro que le ha funcionado<\/strong> porque gracias a \u00e9l nos hemos dado cuenta de lo infravalorada que estaba la boina\u00bb, bromea Linares, que desconf\u00eda del supuesto triunfo del escritor jienense. \u00abMe parece que la palabra <i>\u00e9xito <\/i>tiene demasiado \u00e9xito, pero eso no significa prestigio y no es algo que a m\u00ed me interese. En el mundo editorial hay mucha gente a la que le dan una hamburguesa en mal estado y cree que est\u00e1 en un restaurante con dos estrellas Michelin. Ucl\u00e9s es un tipo de figura literaria que se quiere presentar como pseudoescandalosa y que concibe la literatura como parte de un montaje en el que se cuidan las formas de promoci\u00f3n\u00bb.<\/p>\n<p>Tambi\u00e9n se cuida el relato. El propio David Ucl\u00e9s ha puesto el foco en su historia personal. Es licenciado y m\u00e1ster en Traducci\u00f3n e Interpretaci\u00f3n (en ingl\u00e9s y alem\u00e1n). Pero <strong>durante mucho tiempo vivi\u00f3 de vender cuadros y tocar el acorde\u00f3n en la calle mientras ofrec\u00eda sus manuscritos de editorial en editorial<\/strong>. Cuenta \u00e9l mismo que recorri\u00f3 m\u00e1s de 25.000 kil\u00f3metros por toda Espa\u00f1a para documentar su novela. Y cuando logr\u00f3, por fin, publicarla, la editorial le suplicaba que se ahorrara la boina en las presentaciones o que evitara ponerse a cantar. Tampoco hizo mucho caso. En septiembre de 2025, durante la presentaci\u00f3n de su libro en el <strong>Hay Festival de Segovia<\/strong>, Ucl\u00e9s se arranc\u00f3 con un canto gregoriano.<\/p>\n<p>\u00abFue todo un suceso\u00bb, recuerda <strong>Sheila Cremaschi<\/strong>, directora del certamen. \u00abTodo el mundo se enamor\u00f3 de \u00e9l y ya era entonces como la gente le ve ahora. David tiene una voz \u00fanica que ha sabido conectar con la gente joven porque resulta genuina. La contrapartida es que cuando no vas con el discurso oficial ni mantienes un perfil bajo, siempre te encuentras con la intolerancia. Y m\u00e1s en estos tiempos tan polarizados. Si Ucl\u00e9s hubiese publicado su libro hace unos a\u00f1os, no habr\u00edamos vivido un c\u00f3ctel tan explosivo\u00bb.<\/p>\n<blockquote>\n<p>\u00abTiene una voz \u00fanica que conecta con la gente joven porque resulta genuina. La contrapartida es que no tener un perfil bajo, siempre provoca intolerancia\u00bb<\/p>\n<p><span><strong>Sheila Cremaschi<\/strong>, directora del Hay Festival<\/span><\/p><\/blockquote>\n<p>Tras la pol\u00e9mica de este fin de semana, David Ucl\u00e9s ha decidido (al menos por un momento) guardar silencio. \u00abYa no quiero hablar m\u00e1s de m\u00ed, s\u00f3lo quiero hablar de mi obra\u00bb, respondi\u00f3 ayer a EL MUNDO. Su pr\u00f3ximo t\u00edtulo, <i>La ciudad de las luces muertas<\/i>, editada por Destino, saldr\u00e1 a la venta el 4 de febrero. Su anterior sello se enter\u00f3 de que perd\u00edan la firma de Ucl\u00e9s la misma noche que gan\u00f3 el Nadal. Otra vez la pol\u00e9mica.<\/p>\n<p>\u00abUcl\u00e9s es un escritor joven, ambicioso, sagaz y en proceso de construcci\u00f3n de un personaje literario. Nada nuevo\u00bb, apunta el periodista cultural de EL MUNDO <strong>Antonio Lucas<\/strong>. \u00abDesde la indumentaria hasta la cadencia de la voz, el mensaje abanderado y la aparente fragilidad del muchacho de raigambre rural bajo los imprevistos focos, todo parece responder a una adenda literaria. El \u00e9xito y la atenci\u00f3n expansiva que recibe por su novela es formidable y en esa senda \u00e9l construye con empe\u00f1o una biograf\u00eda de chico errante con acorde\u00f3n y cae de pie en este momento.<strong> Ucl\u00e9s se ha trabajado con empe\u00f1o y esfuerzo su sitio de ahora. Y es un m\u00e9rito notable<\/strong>\u00bb, dice Lucas. Y avisa: \u00abLos <i>fen\u00f3menos <\/i>medi\u00e1ticos no pueden bajar la guardia y ese ruido no siempre trabaja a favor de obra. Lo que importa es la obra. Lo dem\u00e1s puede quedar con el tiempo como un complemento de armario\u00bb.<\/p>\n<p>-\u00bfPor qu\u00e9 todo el mundo habla de David Ucl\u00e9s?<\/p>\n<p>-Se habla en estos meses mucho de \u00e9l y eso extra\u00f1a, pero a nadie sorprende que se d\u00e9 mil veces m\u00e1s atenci\u00f3n a deportistas j\u00f3venes. O a m\u00fasicos, a actrices y actores con discursos rasantes. David Ucl\u00e9s, al menos, s\u00ed se posiciona.<\/p>\n<hr\/>\n<\/div>\n","protected":false},"excerpt":{"rendered":"<p>De David Ucl\u00e9s sabemos que es escritor. Y cantante. Y pintor. Y traductor. Y que toca el arpa y la guitarra. Y el acorde\u00f3n tambi\u00e9n. Se ha hablado de sus boinas y de su ropa. De su pelo y su barba desali\u00f1ada. De su dulce acento andaluz. Hasta de su condici\u00f3n sexual y del bullying<\/p>\n","protected":false},"author":1,"featured_media":320537,"comment_status":"open","ping_status":"open","sticky":false,"template":"","format":"standard","meta":{"footnotes":""},"categories":[66],"tags":[],"class_list":["post-320536","post","type-post","status-publish","format-standard","has-post-thumbnail","hentry","category-culture-es"],"acf":[],"yoast_head":"<!-- This site is optimized with the Yoast SEO plugin v22.9 - https:\/\/yoast.com\/wordpress\/plugins\/seo\/ -->\n<title>Por qu\u00e9 todo el mundo habla de David Ucl\u00e9s: &quot;Est\u00e1 dise\u00f1ado todo para que sea el protagonista de nuestras vidas en disputa con Rosal\u00eda&quot; - vof-news.eu<\/title>\n<meta name=\"description\" content=\"De David Ucl\u00e9s sabemos que es escritor. Y cantante. Y pintor. Y traductor. Y que toca el arpa y la guitarra. Y el acorde\u00f3n tambi\u00e9n. Se ha hablado de sus boinas y de su ropa. De su pelo y su barba desali\u00f1ada. De su dulce acento andaluz. Hasta de su condici\u00f3n sexual y del bullying que sufri\u00f3 en la infancia por ser algo amanerado. Por hablar se ha hablado incluso de que padece una arritmia card\u00edaca cr\u00f3nica que evolucion\u00f3 a una fibrilaci\u00f3n violenta y de la que se oper\u00f3 a finales del a\u00f1o pasado. Por si palmaba en el quir\u00f3fano, dej\u00f3 dicho (y escrito) que no quer\u00eda ser enterrado en un cementerio, sino en cualquier cuneta del pa\u00eds. A medianoche, a ser posible.De David Ucl\u00e9s sabemos tambi\u00e9n que naci\u00f3 en \u00dabeda hace 36 a\u00f1os, pero ha vivido en Alemania, en Francia y en los Alpes suizos. Y en Galicia, en el Pa\u00eds Vasco y en Catalu\u00f1a. Y que ahora vive en Madrid aunque -jura \u00e9l- todav\u00eda no le da para comprarse una casa en la capital. Sabemos que el libro que le hizo lector fue El se\u00f1or de los anillos y el que le ha hecho archifamoso en Espa\u00f1a se llama La pen\u00ednsulas de las casas vac\u00edas, un extraordinario fen\u00f3meno editorial que ha convertido a su autor en otro extraordinario fen\u00f3meno... mucho m\u00e1s que editorial.En un universo normal, ni usted ni yo sabr\u00edamos tantas cosas de ning\u00fan escritor espa\u00f1ol por muy superventas que fuera. Pero el caso es que todo lo que rodea a Ucl\u00e9s hace tiempo que dej\u00f3 de ser normal. Como si \u00e9l mismo se hubiera convertido en un personaje de sus novelas, una pieza m\u00e1s de realismo m\u00e1gico que lleva meses lidiando entre el \u00e9xito y la furia, haciendo malabares entre las simpat\u00edas y el odio furibundo, los premios, las ventas, las reediciones y los insultos, sobreexpuesto en todos los medios y redes posibles, atrapado en todas las pol\u00e9micas.\u00bfPor qu\u00e9 todo el mundo -incluido David Ucl\u00e9s- habla de David Ucl\u00e9s?\u00abAl margen de que nos gusten m\u00e1s o menos sus libros o que \u00e9l nos caiga mejor o peor, creo que es obvio que Ucl\u00e9s es un t\u00edo que busca una repercusi\u00f3n social grande, y no solo literaria\u00bb, explica Juan Marqu\u00e9s, cr\u00edtico literario de La Lectura. \u00abSeguro que hay un punto de azar, por supuesto, pero creo que todo est\u00e1 organizado y dise\u00f1ado para que David sea el protagonista de nuestras vidas el pr\u00f3ximo a\u00f1o y medio, disput\u00e1ndose con Rosal\u00eda el protagonismo del mundo\u00bb.La \u00faltima controversia en torno a su figura es de este mismo fin de semana. David Ucl\u00e9s anunci\u00f3 el pasado domingo su renuncia a participar en una charla sobre la Guerra Civil en el festival Letras en Sevilla, organizado por Arturo P\u00e9rez-Reverte, por la presencia en las mismas jornadas del ex presidente del Gobierno Jos\u00e9 Mar\u00eda Aznar, y el ex secretario general de Vox, Iv\u00e1n Espinosa de los Monteros. \u00abNo puedo verme en el mismo cartel que estos dos individuos\u00bb, explic\u00f3 el escritor. Lo hizo a trav\u00e9s de un v\u00eddeo en su cuenta de Instagram. La r\u00e9plica p\u00fablica de Reverte, que le reproch\u00f3 su \u00absectarismo e ignorancia\u00bb, volvi\u00f3 a convertir a Ucl\u00e9s en tendencia. Una vez m\u00e1s.Antes lo hab\u00eda sido por ganar el Premio Nadal con su pr\u00f3xima novela: La ciudad de las luces muertas. Y por cambiar de editorial esa misma noche sin previo aviso. Y antes, por reprochar p\u00fablicamente a Ayuso, durante la gala de otros premios, que despu\u00e9s de vender 300.000 ejemplares de La pen\u00ednsulas de las casas vac\u00edas su cuenta corriente s\u00f3lo le alcanza para comprar \u00abun zulo sin ventanas\u00bb en la capital.\u00ab\u00c9l sabe que es un personaje y lo est\u00e1 explotando\u00bb, sigue Marqu\u00e9s. \u00abNo creo que haga teatro ni est\u00e9 fingiendo, pero quiz\u00e1s s\u00ed est\u00e1 llegando a cierta exageraci\u00f3n. Su libro est\u00e1 muy bien, es valiente, y \u00e9l es un t\u00edo simp\u00e1tico y muy listo, pero digamos que est\u00e1 doblando la apuesta. Ahora no solo quiere ser un escritor, quiere ser alguien que no tiene techo. Llegar\u00e1 a ministro de Cultura si quiere, porque es un hombre ambicioso y quiere estar siempre en el candelero, dar titulares, provocar... Y me parece bien. Si lo que quiere es comprarse un castillo, lo est\u00e1 haciendo muy bien. Si quiere ganar el Cervantes, igual no tanto\u00bb.Ucl\u00e9s ha cruzado acusaciones con sus cr\u00edticos a trav\u00e9s de las redes sociales y acab\u00f3 cerrando su perfil en X porque se hab\u00eda convertido en un \u00abnido de fascistas\u00bb. Ha sido acosado por escribir de la Guerra Civil y por hablar abiertamente de su homosexualidad. Y ha sido reducido casi a meme por cantar en sus presentaciones, por atreverse con el catal\u00e1n, por recitar a Robe Iniesta, por vestir ropa de segunda mano o por haber hecho de su c\u00e9lebre boina un icono personal.\u00abLlevo boina desde la adolescencia\u00bb, cont\u00f3 \u00e9l mismo hace unos d\u00edas desde la columna que firma en La Vanguardia. \u00abA mis 35 sigo llevando sombrero y ropa de segunda mano. Mi forma de vestir no ha sido impuesta por mi editorial para crear un personaje en torno a m\u00ed y vender m\u00e1s, que es la acusaci\u00f3n m\u00e1s com\u00fan que suelo recibir de mis detractores, quienes tambi\u00e9n afirman que fui creado por una logia mas\u00f3nica, comunista y sanchista. De hecho, la editorial me aconsejaba que no saliera con la boina en las primeras entrevistas. &#039;David, no llames m\u00e1s la atenci\u00f3n que el propio libro. La novela va a ir sola, sin pol\u00e9micas&#039;. Creo que fue un buen consejo, aunque apenas lo cumpl\u00ed\u00bb.Y as\u00ed es. La pol\u00e9mica no ha abandonado a Ucl\u00e9s pese al incuestionable \u00e9xito de su obra.&quot;Es un hombre ambicioso y est\u00e1 bien... Si lo que quiere es comprarse un castillo, lo est\u00e1 haciendo muy bien. Si quiere ganar el Cervantes, no tanto&quot;Juan Marqu\u00e9s, cr\u00edtico literarioLa pen\u00ednsula de las casas vac\u00edas se public\u00f3 en marzo de 2024 con el sello de Siruela. El escritor dedic\u00f3 m\u00e1s de 15 a\u00f1os y dos becas para finalizar una novela de 700 p\u00e1ginas. En verano de aquel a\u00f1o, el libro hab\u00eda vendido unos 15.000 ejemplares, un \u00e9xito inesperado para el propio Ucl\u00e9s, pero unas cifras algo decepcionantes para Siruela, que ech\u00f3 el resto antes de las siguientes Navidades. Una presentaci\u00f3n con Ian Gibson en el Ateneo de Madrid, un oportuno soneto de Joaqu\u00edn Sabina dedicado a la novela y una frase del periodista I\u00f1aki Gabilondo elogiando el t\u00edtulo de Ucl\u00e9s -\u00abEs lo mejor que he le\u00eddo en much\u00edsimos a\u00f1os\u00bb- dispararon las ventas. La ruta del escritor por librer\u00edas de toda Espa\u00f1a hizo el resto. La editorial casi se queda sin stock.\u00abEl a\u00f1o pasado, su novela era el libro de ficci\u00f3n m\u00e1s vendido en Espa\u00f1a y la versi\u00f3n en tapa dura estaba en la quinta posici\u00f3n\u00bb, cuenta el librero Paco Goyanes. La pen\u00ednsula de las casas vac\u00edas acumula m\u00e1s de 60 semanas en el podio de los best sellers de nuestro pa\u00eds.\u00abDavid se ha trabajado mucho a los lectores y con su libro, como ocurre casi siempre, ha funcionado mucho el boca oreja\u00bb, explica Goyanes. Los clientes de su librer\u00eda, en Zaragoza, eligieron La pen\u00ednsula... como libro del a\u00f1o en 2024. \u00abNadie tiene la tecla del \u00e9xito, pero \u00e9l ha sabido adaptarse a estos tiempos. Antes las editoriales se encargaban de la promoci\u00f3n, pero ahora son los autores los que se la hacen solos: est\u00e1n constantemente circulando por todo el pa\u00eds, en festivales, conferencias y presentaciones y vendi\u00e9ndose en las redes, que es lo que se demanda hoy. A David le ha funcionado pero tambi\u00e9n le ha supuesto demasiada exposici\u00f3n y mucho rechazo\u00bb.-\u00bfPor qu\u00e9 ese rechazo?-\u00c9l tiene todo lo que a un sector importante de la gente que est\u00e1 en redes no le gusta. David lleva boina, es homosexual, lo declara p\u00fablicamente, y es pol\u00e9mico en sus declaraciones. Y encima est\u00e1 triunfando con un libro sobre la Guerra Civil, que es casi una maldici\u00f3n.A d\u00eda de hoy, La pen\u00ednsula de las casas vac\u00edas suma 30 ediciones, m\u00e1s de 300.000 ejemplares vendidos y decenas de premios. La novela, adem\u00e1s, se ha traducido a varios idiomas y tendr\u00e1 su versi\u00f3n en serie de televisi\u00f3n.&quot;Mi forma de vestir no ha sido impuesta por mi editorial para crear un personaje en torno a m\u00ed y vender m\u00e1s, que es la acusaci\u00f3n m\u00e1s com\u00fan&quot;David Ucl\u00e9s\u00abA m\u00ed como fen\u00f3meno editorial no me interesa en absoluto\u00bb, rebate el poeta, editor y bibli\u00f3filo sevillano Abelardo Linares. \u00abMe parece que Ucl\u00e9s pertenece m\u00e1s al sector del famoseo y el marketing y est\u00e1 claro que le ha funcionado porque gracias a \u00e9l nos hemos dado cuenta de lo infravalorada que estaba la boina\u00bb, bromea Linares, que desconf\u00eda del supuesto triunfo del escritor jienense. \u00abMe parece que la palabra \u00e9xito tiene demasiado \u00e9xito, pero eso no significa prestigio y no es algo que a m\u00ed me interese. En el mundo editorial hay mucha gente a la que le dan una hamburguesa en mal estado y cree que est\u00e1 en un restaurante con dos estrellas Michelin. Ucl\u00e9s es un tipo de figura literaria que se quiere presentar como pseudoescandalosa y que concibe la literatura como parte de un montaje en el que se cuidan las formas de promoci\u00f3n\u00bb.Tambi\u00e9n se cuida el relato. El propio David Ucl\u00e9s ha puesto el foco en su historia personal. Es licenciado y m\u00e1ster en Traducci\u00f3n e Interpretaci\u00f3n (en ingl\u00e9s y alem\u00e1n). Pero durante mucho tiempo vivi\u00f3 de vender cuadros y tocar el acorde\u00f3n en la calle mientras ofrec\u00eda sus manuscritos de editorial en editorial. Cuenta \u00e9l mismo que recorri\u00f3 m\u00e1s de 25.000 kil\u00f3metros por toda Espa\u00f1a para documentar su novela. Y cuando logr\u00f3, por fin, publicarla, la editorial le suplicaba que se ahorrara la boina en las presentaciones o que evitara ponerse a cantar. Tampoco hizo mucho caso. En septiembre de 2025, durante la presentaci\u00f3n de su libro en el Hay Festival de Segovia, Ucl\u00e9s se arranc\u00f3 con un canto gregoriano.\u00abFue todo un suceso\u00bb, recuerda Sheila Cremaschi, directora del certamen. \u00abTodo el mundo se enamor\u00f3 de \u00e9l y ya era entonces como la gente le ve ahora. David tiene una voz \u00fanica que ha sabido conectar con la gente joven porque resulta genuina. La contrapartida es que cuando no vas con el discurso oficial ni mantienes un perfil bajo, siempre te encuentras con la intolerancia. Y m\u00e1s en estos tiempos tan polarizados. Si Ucl\u00e9s hubiese publicado su libro hace unos a\u00f1os, no habr\u00edamos vivido un c\u00f3ctel tan explosivo\u00bb.&quot;Tiene una voz \u00fanica que conecta con la gente joven porque resulta genuina. La contrapartida es que no tener un perfil bajo, siempre provoca intolerancia&quot;Sheila Cremaschi, directora del Hay FestivalTras la pol\u00e9mica de este fin de semana, David Ucl\u00e9s ha decidido (al menos por un momento) guardar silencio. \u00abYa no quiero hablar m\u00e1s de m\u00ed, s\u00f3lo quiero hablar de mi obra\u00bb, respondi\u00f3 ayer a EL MUNDO. Su pr\u00f3ximo t\u00edtulo, La ciudad de las luces muertas, editada por Destino, saldr\u00e1 a la venta el 4 de febrero. Su anterior sello se enter\u00f3 de que perd\u00edan la firma de Ucl\u00e9s la misma noche que gan\u00f3 el Nadal. Otra vez la pol\u00e9mica.\u00abUcl\u00e9s es un escritor joven, ambicioso, sagaz y en proceso de construcci\u00f3n de un personaje literario. Nada nuevo\u00bb, apunta el periodista cultural de EL MUNDO Antonio Lucas. \u00abDesde la indumentaria hasta la cadencia de la voz, el mensaje abanderado y la aparente fragilidad del muchacho de raigambre rural bajo los imprevistos focos, todo parece responder a una adenda literaria. El \u00e9xito y la atenci\u00f3n expansiva que recibe por su novela es formidable y en esa senda \u00e9l construye con empe\u00f1o una biograf\u00eda de chico errante con acorde\u00f3n y cae de pie en este momento. Ucl\u00e9s se ha trabajado con empe\u00f1o y esfuerzo su sitio de ahora. Y es un m\u00e9rito notable\u00bb, dice Lucas. Y avisa: \u00abLos fen\u00f3menos medi\u00e1ticos no pueden bajar la guardia y ese ruido no siempre trabaja a favor de obra. Lo que importa es la obra. Lo dem\u00e1s puede quedar con el tiempo como un complemento de armario\u00bb.-\u00bfPor qu\u00e9 todo el mundo habla de David Ucl\u00e9s?-Se habla en estos meses mucho de \u00e9l y eso extra\u00f1a, pero a nadie sorprende que se d\u00e9 mil veces m\u00e1s atenci\u00f3n a deportistas j\u00f3venes. O a m\u00fasicos, a actrices y actores con discursos rasantes. David Ucl\u00e9s, al menos, s\u00ed se posiciona.\" \/>\n<meta name=\"robots\" content=\"noindex, follow, max-snippet:-1, max-image-preview:large, max-video-preview:-1\" \/>\n<meta property=\"og:locale\" content=\"es_ES\" \/>\n<meta property=\"og:type\" content=\"article\" \/>\n<meta property=\"og:title\" content=\"Por qu\u00e9 todo el mundo habla de David Ucl\u00e9s: &quot;Est\u00e1 dise\u00f1ado todo para que sea el protagonista de nuestras vidas en disputa con Rosal\u00eda&quot; - vof-news.eu\" \/>\n<meta property=\"og:description\" content=\"De David Ucl\u00e9s sabemos que es escritor. Y cantante. Y pintor. Y traductor. Y que toca el arpa y la guitarra. Y el acorde\u00f3n tambi\u00e9n. Se ha hablado de sus boinas y de su ropa. De su pelo y su barba desali\u00f1ada. De su dulce acento andaluz. Hasta de su condici\u00f3n sexual y del bullying que sufri\u00f3 en la infancia por ser algo amanerado. Por hablar se ha hablado incluso de que padece una arritmia card\u00edaca cr\u00f3nica que evolucion\u00f3 a una fibrilaci\u00f3n violenta y de la que se oper\u00f3 a finales del a\u00f1o pasado. Por si palmaba en el quir\u00f3fano, dej\u00f3 dicho (y escrito) que no quer\u00eda ser enterrado en un cementerio, sino en cualquier cuneta del pa\u00eds. A medianoche, a ser posible.De David Ucl\u00e9s sabemos tambi\u00e9n que naci\u00f3 en \u00dabeda hace 36 a\u00f1os, pero ha vivido en Alemania, en Francia y en los Alpes suizos. Y en Galicia, en el Pa\u00eds Vasco y en Catalu\u00f1a. Y que ahora vive en Madrid aunque -jura \u00e9l- todav\u00eda no le da para comprarse una casa en la capital. Sabemos que el libro que le hizo lector fue El se\u00f1or de los anillos y el que le ha hecho archifamoso en Espa\u00f1a se llama La pen\u00ednsulas de las casas vac\u00edas, un extraordinario fen\u00f3meno editorial que ha convertido a su autor en otro extraordinario fen\u00f3meno... mucho m\u00e1s que editorial.En un universo normal, ni usted ni yo sabr\u00edamos tantas cosas de ning\u00fan escritor espa\u00f1ol por muy superventas que fuera. Pero el caso es que todo lo que rodea a Ucl\u00e9s hace tiempo que dej\u00f3 de ser normal. Como si \u00e9l mismo se hubiera convertido en un personaje de sus novelas, una pieza m\u00e1s de realismo m\u00e1gico que lleva meses lidiando entre el \u00e9xito y la furia, haciendo malabares entre las simpat\u00edas y el odio furibundo, los premios, las ventas, las reediciones y los insultos, sobreexpuesto en todos los medios y redes posibles, atrapado en todas las pol\u00e9micas.\u00bfPor qu\u00e9 todo el mundo -incluido David Ucl\u00e9s- habla de David Ucl\u00e9s?\u00abAl margen de que nos gusten m\u00e1s o menos sus libros o que \u00e9l nos caiga mejor o peor, creo que es obvio que Ucl\u00e9s es un t\u00edo que busca una repercusi\u00f3n social grande, y no solo literaria\u00bb, explica Juan Marqu\u00e9s, cr\u00edtico literario de La Lectura. \u00abSeguro que hay un punto de azar, por supuesto, pero creo que todo est\u00e1 organizado y dise\u00f1ado para que David sea el protagonista de nuestras vidas el pr\u00f3ximo a\u00f1o y medio, disput\u00e1ndose con Rosal\u00eda el protagonismo del mundo\u00bb.La \u00faltima controversia en torno a su figura es de este mismo fin de semana. David Ucl\u00e9s anunci\u00f3 el pasado domingo su renuncia a participar en una charla sobre la Guerra Civil en el festival Letras en Sevilla, organizado por Arturo P\u00e9rez-Reverte, por la presencia en las mismas jornadas del ex presidente del Gobierno Jos\u00e9 Mar\u00eda Aznar, y el ex secretario general de Vox, Iv\u00e1n Espinosa de los Monteros. \u00abNo puedo verme en el mismo cartel que estos dos individuos\u00bb, explic\u00f3 el escritor. Lo hizo a trav\u00e9s de un v\u00eddeo en su cuenta de Instagram. La r\u00e9plica p\u00fablica de Reverte, que le reproch\u00f3 su \u00absectarismo e ignorancia\u00bb, volvi\u00f3 a convertir a Ucl\u00e9s en tendencia. Una vez m\u00e1s.Antes lo hab\u00eda sido por ganar el Premio Nadal con su pr\u00f3xima novela: La ciudad de las luces muertas. Y por cambiar de editorial esa misma noche sin previo aviso. Y antes, por reprochar p\u00fablicamente a Ayuso, durante la gala de otros premios, que despu\u00e9s de vender 300.000 ejemplares de La pen\u00ednsulas de las casas vac\u00edas su cuenta corriente s\u00f3lo le alcanza para comprar \u00abun zulo sin ventanas\u00bb en la capital.\u00ab\u00c9l sabe que es un personaje y lo est\u00e1 explotando\u00bb, sigue Marqu\u00e9s. \u00abNo creo que haga teatro ni est\u00e9 fingiendo, pero quiz\u00e1s s\u00ed est\u00e1 llegando a cierta exageraci\u00f3n. Su libro est\u00e1 muy bien, es valiente, y \u00e9l es un t\u00edo simp\u00e1tico y muy listo, pero digamos que est\u00e1 doblando la apuesta. Ahora no solo quiere ser un escritor, quiere ser alguien que no tiene techo. Llegar\u00e1 a ministro de Cultura si quiere, porque es un hombre ambicioso y quiere estar siempre en el candelero, dar titulares, provocar... Y me parece bien. Si lo que quiere es comprarse un castillo, lo est\u00e1 haciendo muy bien. Si quiere ganar el Cervantes, igual no tanto\u00bb.Ucl\u00e9s ha cruzado acusaciones con sus cr\u00edticos a trav\u00e9s de las redes sociales y acab\u00f3 cerrando su perfil en X porque se hab\u00eda convertido en un \u00abnido de fascistas\u00bb. Ha sido acosado por escribir de la Guerra Civil y por hablar abiertamente de su homosexualidad. Y ha sido reducido casi a meme por cantar en sus presentaciones, por atreverse con el catal\u00e1n, por recitar a Robe Iniesta, por vestir ropa de segunda mano o por haber hecho de su c\u00e9lebre boina un icono personal.\u00abLlevo boina desde la adolescencia\u00bb, cont\u00f3 \u00e9l mismo hace unos d\u00edas desde la columna que firma en La Vanguardia. \u00abA mis 35 sigo llevando sombrero y ropa de segunda mano. Mi forma de vestir no ha sido impuesta por mi editorial para crear un personaje en torno a m\u00ed y vender m\u00e1s, que es la acusaci\u00f3n m\u00e1s com\u00fan que suelo recibir de mis detractores, quienes tambi\u00e9n afirman que fui creado por una logia mas\u00f3nica, comunista y sanchista. De hecho, la editorial me aconsejaba que no saliera con la boina en las primeras entrevistas. &#039;David, no llames m\u00e1s la atenci\u00f3n que el propio libro. La novela va a ir sola, sin pol\u00e9micas&#039;. Creo que fue un buen consejo, aunque apenas lo cumpl\u00ed\u00bb.Y as\u00ed es. La pol\u00e9mica no ha abandonado a Ucl\u00e9s pese al incuestionable \u00e9xito de su obra.&quot;Es un hombre ambicioso y est\u00e1 bien... Si lo que quiere es comprarse un castillo, lo est\u00e1 haciendo muy bien. Si quiere ganar el Cervantes, no tanto&quot;Juan Marqu\u00e9s, cr\u00edtico literarioLa pen\u00ednsula de las casas vac\u00edas se public\u00f3 en marzo de 2024 con el sello de Siruela. El escritor dedic\u00f3 m\u00e1s de 15 a\u00f1os y dos becas para finalizar una novela de 700 p\u00e1ginas. En verano de aquel a\u00f1o, el libro hab\u00eda vendido unos 15.000 ejemplares, un \u00e9xito inesperado para el propio Ucl\u00e9s, pero unas cifras algo decepcionantes para Siruela, que ech\u00f3 el resto antes de las siguientes Navidades. Una presentaci\u00f3n con Ian Gibson en el Ateneo de Madrid, un oportuno soneto de Joaqu\u00edn Sabina dedicado a la novela y una frase del periodista I\u00f1aki Gabilondo elogiando el t\u00edtulo de Ucl\u00e9s -\u00abEs lo mejor que he le\u00eddo en much\u00edsimos a\u00f1os\u00bb- dispararon las ventas. La ruta del escritor por librer\u00edas de toda Espa\u00f1a hizo el resto. La editorial casi se queda sin stock.\u00abEl a\u00f1o pasado, su novela era el libro de ficci\u00f3n m\u00e1s vendido en Espa\u00f1a y la versi\u00f3n en tapa dura estaba en la quinta posici\u00f3n\u00bb, cuenta el librero Paco Goyanes. La pen\u00ednsula de las casas vac\u00edas acumula m\u00e1s de 60 semanas en el podio de los best sellers de nuestro pa\u00eds.\u00abDavid se ha trabajado mucho a los lectores y con su libro, como ocurre casi siempre, ha funcionado mucho el boca oreja\u00bb, explica Goyanes. Los clientes de su librer\u00eda, en Zaragoza, eligieron La pen\u00ednsula... como libro del a\u00f1o en 2024. \u00abNadie tiene la tecla del \u00e9xito, pero \u00e9l ha sabido adaptarse a estos tiempos. Antes las editoriales se encargaban de la promoci\u00f3n, pero ahora son los autores los que se la hacen solos: est\u00e1n constantemente circulando por todo el pa\u00eds, en festivales, conferencias y presentaciones y vendi\u00e9ndose en las redes, que es lo que se demanda hoy. A David le ha funcionado pero tambi\u00e9n le ha supuesto demasiada exposici\u00f3n y mucho rechazo\u00bb.-\u00bfPor qu\u00e9 ese rechazo?-\u00c9l tiene todo lo que a un sector importante de la gente que est\u00e1 en redes no le gusta. David lleva boina, es homosexual, lo declara p\u00fablicamente, y es pol\u00e9mico en sus declaraciones. Y encima est\u00e1 triunfando con un libro sobre la Guerra Civil, que es casi una maldici\u00f3n.A d\u00eda de hoy, La pen\u00ednsula de las casas vac\u00edas suma 30 ediciones, m\u00e1s de 300.000 ejemplares vendidos y decenas de premios. La novela, adem\u00e1s, se ha traducido a varios idiomas y tendr\u00e1 su versi\u00f3n en serie de televisi\u00f3n.&quot;Mi forma de vestir no ha sido impuesta por mi editorial para crear un personaje en torno a m\u00ed y vender m\u00e1s, que es la acusaci\u00f3n m\u00e1s com\u00fan&quot;David Ucl\u00e9s\u00abA m\u00ed como fen\u00f3meno editorial no me interesa en absoluto\u00bb, rebate el poeta, editor y bibli\u00f3filo sevillano Abelardo Linares. \u00abMe parece que Ucl\u00e9s pertenece m\u00e1s al sector del famoseo y el marketing y est\u00e1 claro que le ha funcionado porque gracias a \u00e9l nos hemos dado cuenta de lo infravalorada que estaba la boina\u00bb, bromea Linares, que desconf\u00eda del supuesto triunfo del escritor jienense. \u00abMe parece que la palabra \u00e9xito tiene demasiado \u00e9xito, pero eso no significa prestigio y no es algo que a m\u00ed me interese. En el mundo editorial hay mucha gente a la que le dan una hamburguesa en mal estado y cree que est\u00e1 en un restaurante con dos estrellas Michelin. Ucl\u00e9s es un tipo de figura literaria que se quiere presentar como pseudoescandalosa y que concibe la literatura como parte de un montaje en el que se cuidan las formas de promoci\u00f3n\u00bb.Tambi\u00e9n se cuida el relato. El propio David Ucl\u00e9s ha puesto el foco en su historia personal. Es licenciado y m\u00e1ster en Traducci\u00f3n e Interpretaci\u00f3n (en ingl\u00e9s y alem\u00e1n). Pero durante mucho tiempo vivi\u00f3 de vender cuadros y tocar el acorde\u00f3n en la calle mientras ofrec\u00eda sus manuscritos de editorial en editorial. Cuenta \u00e9l mismo que recorri\u00f3 m\u00e1s de 25.000 kil\u00f3metros por toda Espa\u00f1a para documentar su novela. Y cuando logr\u00f3, por fin, publicarla, la editorial le suplicaba que se ahorrara la boina en las presentaciones o que evitara ponerse a cantar. Tampoco hizo mucho caso. En septiembre de 2025, durante la presentaci\u00f3n de su libro en el Hay Festival de Segovia, Ucl\u00e9s se arranc\u00f3 con un canto gregoriano.\u00abFue todo un suceso\u00bb, recuerda Sheila Cremaschi, directora del certamen. \u00abTodo el mundo se enamor\u00f3 de \u00e9l y ya era entonces como la gente le ve ahora. David tiene una voz \u00fanica que ha sabido conectar con la gente joven porque resulta genuina. La contrapartida es que cuando no vas con el discurso oficial ni mantienes un perfil bajo, siempre te encuentras con la intolerancia. Y m\u00e1s en estos tiempos tan polarizados. Si Ucl\u00e9s hubiese publicado su libro hace unos a\u00f1os, no habr\u00edamos vivido un c\u00f3ctel tan explosivo\u00bb.&quot;Tiene una voz \u00fanica que conecta con la gente joven porque resulta genuina. La contrapartida es que no tener un perfil bajo, siempre provoca intolerancia&quot;Sheila Cremaschi, directora del Hay FestivalTras la pol\u00e9mica de este fin de semana, David Ucl\u00e9s ha decidido (al menos por un momento) guardar silencio. \u00abYa no quiero hablar m\u00e1s de m\u00ed, s\u00f3lo quiero hablar de mi obra\u00bb, respondi\u00f3 ayer a EL MUNDO. Su pr\u00f3ximo t\u00edtulo, La ciudad de las luces muertas, editada por Destino, saldr\u00e1 a la venta el 4 de febrero. Su anterior sello se enter\u00f3 de que perd\u00edan la firma de Ucl\u00e9s la misma noche que gan\u00f3 el Nadal. Otra vez la pol\u00e9mica.\u00abUcl\u00e9s es un escritor joven, ambicioso, sagaz y en proceso de construcci\u00f3n de un personaje literario. Nada nuevo\u00bb, apunta el periodista cultural de EL MUNDO Antonio Lucas. \u00abDesde la indumentaria hasta la cadencia de la voz, el mensaje abanderado y la aparente fragilidad del muchacho de raigambre rural bajo los imprevistos focos, todo parece responder a una adenda literaria. El \u00e9xito y la atenci\u00f3n expansiva que recibe por su novela es formidable y en esa senda \u00e9l construye con empe\u00f1o una biograf\u00eda de chico errante con acorde\u00f3n y cae de pie en este momento. Ucl\u00e9s se ha trabajado con empe\u00f1o y esfuerzo su sitio de ahora. Y es un m\u00e9rito notable\u00bb, dice Lucas. Y avisa: \u00abLos fen\u00f3menos medi\u00e1ticos no pueden bajar la guardia y ese ruido no siempre trabaja a favor de obra. Lo que importa es la obra. Lo dem\u00e1s puede quedar con el tiempo como un complemento de armario\u00bb.-\u00bfPor qu\u00e9 todo el mundo habla de David Ucl\u00e9s?-Se habla en estos meses mucho de \u00e9l y eso extra\u00f1a, pero a nadie sorprende que se d\u00e9 mil veces m\u00e1s atenci\u00f3n a deportistas j\u00f3venes. O a m\u00fasicos, a actrices y actores con discursos rasantes. David Ucl\u00e9s, al menos, s\u00ed se posiciona.\" \/>\n<meta property=\"og:url\" content=\"https:\/\/vof-news.eu\/es\/por-que-todo-el-mundo-habla-de-david-ucles-esta-disenado-todo-para-que-sea-el-protagonista-de-nuestras-vidas-en-disputa-con-rosalia\/\" \/>\n<meta property=\"og:site_name\" content=\"vof-news.eu\" \/>\n<meta property=\"article:published_time\" content=\"2026-01-27T00:19:12+00:00\" \/>\n<meta property=\"article:modified_time\" content=\"2026-01-27T00:19:56+00:00\" \/>\n<meta property=\"og:image\" content=\"https:\/\/vof-news.eu\/wp-content\/uploads\/2026\/01\/17694524346286.jpg\" \/>\n\t<meta property=\"og:image:width\" content=\"1366\" \/>\n\t<meta property=\"og:image:height\" content=\"1537\" \/>\n\t<meta property=\"og:image:type\" content=\"image\/jpeg\" \/>\n<meta name=\"author\" content=\"Author\" \/>\n<meta name=\"twitter:card\" content=\"summary_large_image\" \/>\n<meta name=\"twitter:label1\" content=\"Escrito por\" \/>\n\t<meta name=\"twitter:data1\" content=\"Author\" \/>\n\t<meta name=\"twitter:label2\" content=\"Tiempo de lectura\" \/>\n\t<meta name=\"twitter:data2\" content=\"11 minutos\" \/>\n<script type=\"application\/ld+json\" class=\"yoast-schema-graph\">{\"@context\":\"https:\/\/schema.org\",\"@graph\":[{\"@type\":\"WebPage\",\"@id\":\"https:\/\/vof-news.eu\/es\/por-que-todo-el-mundo-habla-de-david-ucles-esta-disenado-todo-para-que-sea-el-protagonista-de-nuestras-vidas-en-disputa-con-rosalia\/\",\"url\":\"https:\/\/vof-news.eu\/es\/por-que-todo-el-mundo-habla-de-david-ucles-esta-disenado-todo-para-que-sea-el-protagonista-de-nuestras-vidas-en-disputa-con-rosalia\/\",\"name\":\"Por qu\u00e9 todo el mundo habla de David Ucl\u00e9s: \\\"Est\u00e1 dise\u00f1ado todo para que sea el protagonista de nuestras vidas en disputa con Rosal\u00eda\\\" - vof-news.eu\",\"isPartOf\":{\"@id\":\"https:\/\/vof-news.eu\/es\/#website\"},\"primaryImageOfPage\":{\"@id\":\"https:\/\/vof-news.eu\/es\/por-que-todo-el-mundo-habla-de-david-ucles-esta-disenado-todo-para-que-sea-el-protagonista-de-nuestras-vidas-en-disputa-con-rosalia\/#primaryimage\"},\"image\":{\"@id\":\"https:\/\/vof-news.eu\/es\/por-que-todo-el-mundo-habla-de-david-ucles-esta-disenado-todo-para-que-sea-el-protagonista-de-nuestras-vidas-en-disputa-con-rosalia\/#primaryimage\"},\"thumbnailUrl\":\"https:\/\/vof-news.eu\/wp-content\/uploads\/2026\/01\/17694524346286.jpg\",\"datePublished\":\"2026-01-27T00:19:12+00:00\",\"dateModified\":\"2026-01-27T00:19:56+00:00\",\"author\":{\"@id\":\"https:\/\/vof-news.eu\/es\/#\/schema\/person\/f6a2a4309f0561835797fd8c19b333ed\"},\"description\":\"De David Ucl\u00e9s sabemos que es escritor. Y cantante. Y pintor. Y traductor. Y que toca el arpa y la guitarra. Y el acorde\u00f3n tambi\u00e9n. Se ha hablado de sus boinas y de su ropa. De su pelo y su barba desali\u00f1ada. De su dulce acento andaluz. Hasta de su condici\u00f3n sexual y del bullying que sufri\u00f3 en la infancia por ser algo amanerado. Por hablar se ha hablado incluso de que padece una arritmia card\u00edaca cr\u00f3nica que evolucion\u00f3 a una fibrilaci\u00f3n violenta y de la que se oper\u00f3 a finales del a\u00f1o pasado. Por si palmaba en el quir\u00f3fano, dej\u00f3 dicho (y escrito) que no quer\u00eda ser enterrado en un cementerio, sino en cualquier cuneta del pa\u00eds. A medianoche, a ser posible.De David Ucl\u00e9s sabemos tambi\u00e9n que naci\u00f3 en \u00dabeda hace 36 a\u00f1os, pero ha vivido en Alemania, en Francia y en los Alpes suizos. Y en Galicia, en el Pa\u00eds Vasco y en Catalu\u00f1a. Y que ahora vive en Madrid aunque -jura \u00e9l- todav\u00eda no le da para comprarse una casa en la capital. Sabemos que el libro que le hizo lector fue El se\u00f1or de los anillos y el que le ha hecho archifamoso en Espa\u00f1a se llama La pen\u00ednsulas de las casas vac\u00edas, un extraordinario fen\u00f3meno editorial que ha convertido a su autor en otro extraordinario fen\u00f3meno... mucho m\u00e1s que editorial.En un universo normal, ni usted ni yo sabr\u00edamos tantas cosas de ning\u00fan escritor espa\u00f1ol por muy superventas que fuera. Pero el caso es que todo lo que rodea a Ucl\u00e9s hace tiempo que dej\u00f3 de ser normal. Como si \u00e9l mismo se hubiera convertido en un personaje de sus novelas, una pieza m\u00e1s de realismo m\u00e1gico que lleva meses lidiando entre el \u00e9xito y la furia, haciendo malabares entre las simpat\u00edas y el odio furibundo, los premios, las ventas, las reediciones y los insultos, sobreexpuesto en todos los medios y redes posibles, atrapado en todas las pol\u00e9micas.\u00bfPor qu\u00e9 todo el mundo -incluido David Ucl\u00e9s- habla de David Ucl\u00e9s?\u00abAl margen de que nos gusten m\u00e1s o menos sus libros o que \u00e9l nos caiga mejor o peor, creo que es obvio que Ucl\u00e9s es un t\u00edo que busca una repercusi\u00f3n social grande, y no solo literaria\u00bb, explica Juan Marqu\u00e9s, cr\u00edtico literario de La Lectura. \u00abSeguro que hay un punto de azar, por supuesto, pero creo que todo est\u00e1 organizado y dise\u00f1ado para que David sea el protagonista de nuestras vidas el pr\u00f3ximo a\u00f1o y medio, disput\u00e1ndose con Rosal\u00eda el protagonismo del mundo\u00bb.La \u00faltima controversia en torno a su figura es de este mismo fin de semana. David Ucl\u00e9s anunci\u00f3 el pasado domingo su renuncia a participar en una charla sobre la Guerra Civil en el festival Letras en Sevilla, organizado por Arturo P\u00e9rez-Reverte, por la presencia en las mismas jornadas del ex presidente del Gobierno Jos\u00e9 Mar\u00eda Aznar, y el ex secretario general de Vox, Iv\u00e1n Espinosa de los Monteros. \u00abNo puedo verme en el mismo cartel que estos dos individuos\u00bb, explic\u00f3 el escritor. Lo hizo a trav\u00e9s de un v\u00eddeo en su cuenta de Instagram. La r\u00e9plica p\u00fablica de Reverte, que le reproch\u00f3 su \u00absectarismo e ignorancia\u00bb, volvi\u00f3 a convertir a Ucl\u00e9s en tendencia. Una vez m\u00e1s.Antes lo hab\u00eda sido por ganar el Premio Nadal con su pr\u00f3xima novela: La ciudad de las luces muertas. Y por cambiar de editorial esa misma noche sin previo aviso. Y antes, por reprochar p\u00fablicamente a Ayuso, durante la gala de otros premios, que despu\u00e9s de vender 300.000 ejemplares de La pen\u00ednsulas de las casas vac\u00edas su cuenta corriente s\u00f3lo le alcanza para comprar \u00abun zulo sin ventanas\u00bb en la capital.\u00ab\u00c9l sabe que es un personaje y lo est\u00e1 explotando\u00bb, sigue Marqu\u00e9s. \u00abNo creo que haga teatro ni est\u00e9 fingiendo, pero quiz\u00e1s s\u00ed est\u00e1 llegando a cierta exageraci\u00f3n. Su libro est\u00e1 muy bien, es valiente, y \u00e9l es un t\u00edo simp\u00e1tico y muy listo, pero digamos que est\u00e1 doblando la apuesta. Ahora no solo quiere ser un escritor, quiere ser alguien que no tiene techo. Llegar\u00e1 a ministro de Cultura si quiere, porque es un hombre ambicioso y quiere estar siempre en el candelero, dar titulares, provocar... Y me parece bien. Si lo que quiere es comprarse un castillo, lo est\u00e1 haciendo muy bien. Si quiere ganar el Cervantes, igual no tanto\u00bb.Ucl\u00e9s ha cruzado acusaciones con sus cr\u00edticos a trav\u00e9s de las redes sociales y acab\u00f3 cerrando su perfil en X porque se hab\u00eda convertido en un \u00abnido de fascistas\u00bb. Ha sido acosado por escribir de la Guerra Civil y por hablar abiertamente de su homosexualidad. Y ha sido reducido casi a meme por cantar en sus presentaciones, por atreverse con el catal\u00e1n, por recitar a Robe Iniesta, por vestir ropa de segunda mano o por haber hecho de su c\u00e9lebre boina un icono personal.\u00abLlevo boina desde la adolescencia\u00bb, cont\u00f3 \u00e9l mismo hace unos d\u00edas desde la columna que firma en La Vanguardia. \u00abA mis 35 sigo llevando sombrero y ropa de segunda mano. Mi forma de vestir no ha sido impuesta por mi editorial para crear un personaje en torno a m\u00ed y vender m\u00e1s, que es la acusaci\u00f3n m\u00e1s com\u00fan que suelo recibir de mis detractores, quienes tambi\u00e9n afirman que fui creado por una logia mas\u00f3nica, comunista y sanchista. De hecho, la editorial me aconsejaba que no saliera con la boina en las primeras entrevistas. 'David, no llames m\u00e1s la atenci\u00f3n que el propio libro. La novela va a ir sola, sin pol\u00e9micas'. Creo que fue un buen consejo, aunque apenas lo cumpl\u00ed\u00bb.Y as\u00ed es. La pol\u00e9mica no ha abandonado a Ucl\u00e9s pese al incuestionable \u00e9xito de su obra.\\\"Es un hombre ambicioso y est\u00e1 bien... Si lo que quiere es comprarse un castillo, lo est\u00e1 haciendo muy bien. Si quiere ganar el Cervantes, no tanto\\\"Juan Marqu\u00e9s, cr\u00edtico literarioLa pen\u00ednsula de las casas vac\u00edas se public\u00f3 en marzo de 2024 con el sello de Siruela. El escritor dedic\u00f3 m\u00e1s de 15 a\u00f1os y dos becas para finalizar una novela de 700 p\u00e1ginas. En verano de aquel a\u00f1o, el libro hab\u00eda vendido unos 15.000 ejemplares, un \u00e9xito inesperado para el propio Ucl\u00e9s, pero unas cifras algo decepcionantes para Siruela, que ech\u00f3 el resto antes de las siguientes Navidades. Una presentaci\u00f3n con Ian Gibson en el Ateneo de Madrid, un oportuno soneto de Joaqu\u00edn Sabina dedicado a la novela y una frase del periodista I\u00f1aki Gabilondo elogiando el t\u00edtulo de Ucl\u00e9s -\u00abEs lo mejor que he le\u00eddo en much\u00edsimos a\u00f1os\u00bb- dispararon las ventas. La ruta del escritor por librer\u00edas de toda Espa\u00f1a hizo el resto. La editorial casi se queda sin stock.\u00abEl a\u00f1o pasado, su novela era el libro de ficci\u00f3n m\u00e1s vendido en Espa\u00f1a y la versi\u00f3n en tapa dura estaba en la quinta posici\u00f3n\u00bb, cuenta el librero Paco Goyanes. La pen\u00ednsula de las casas vac\u00edas acumula m\u00e1s de 60 semanas en el podio de los best sellers de nuestro pa\u00eds.\u00abDavid se ha trabajado mucho a los lectores y con su libro, como ocurre casi siempre, ha funcionado mucho el boca oreja\u00bb, explica Goyanes. Los clientes de su librer\u00eda, en Zaragoza, eligieron La pen\u00ednsula... como libro del a\u00f1o en 2024. \u00abNadie tiene la tecla del \u00e9xito, pero \u00e9l ha sabido adaptarse a estos tiempos. Antes las editoriales se encargaban de la promoci\u00f3n, pero ahora son los autores los que se la hacen solos: est\u00e1n constantemente circulando por todo el pa\u00eds, en festivales, conferencias y presentaciones y vendi\u00e9ndose en las redes, que es lo que se demanda hoy. A David le ha funcionado pero tambi\u00e9n le ha supuesto demasiada exposici\u00f3n y mucho rechazo\u00bb.-\u00bfPor qu\u00e9 ese rechazo?-\u00c9l tiene todo lo que a un sector importante de la gente que est\u00e1 en redes no le gusta. David lleva boina, es homosexual, lo declara p\u00fablicamente, y es pol\u00e9mico en sus declaraciones. Y encima est\u00e1 triunfando con un libro sobre la Guerra Civil, que es casi una maldici\u00f3n.A d\u00eda de hoy, La pen\u00ednsula de las casas vac\u00edas suma 30 ediciones, m\u00e1s de 300.000 ejemplares vendidos y decenas de premios. La novela, adem\u00e1s, se ha traducido a varios idiomas y tendr\u00e1 su versi\u00f3n en serie de televisi\u00f3n.\\\"Mi forma de vestir no ha sido impuesta por mi editorial para crear un personaje en torno a m\u00ed y vender m\u00e1s, que es la acusaci\u00f3n m\u00e1s com\u00fan\\\"David Ucl\u00e9s\u00abA m\u00ed como fen\u00f3meno editorial no me interesa en absoluto\u00bb, rebate el poeta, editor y bibli\u00f3filo sevillano Abelardo Linares. \u00abMe parece que Ucl\u00e9s pertenece m\u00e1s al sector del famoseo y el marketing y est\u00e1 claro que le ha funcionado porque gracias a \u00e9l nos hemos dado cuenta de lo infravalorada que estaba la boina\u00bb, bromea Linares, que desconf\u00eda del supuesto triunfo del escritor jienense. \u00abMe parece que la palabra \u00e9xito tiene demasiado \u00e9xito, pero eso no significa prestigio y no es algo que a m\u00ed me interese. En el mundo editorial hay mucha gente a la que le dan una hamburguesa en mal estado y cree que est\u00e1 en un restaurante con dos estrellas Michelin. Ucl\u00e9s es un tipo de figura literaria que se quiere presentar como pseudoescandalosa y que concibe la literatura como parte de un montaje en el que se cuidan las formas de promoci\u00f3n\u00bb.Tambi\u00e9n se cuida el relato. El propio David Ucl\u00e9s ha puesto el foco en su historia personal. Es licenciado y m\u00e1ster en Traducci\u00f3n e Interpretaci\u00f3n (en ingl\u00e9s y alem\u00e1n). Pero durante mucho tiempo vivi\u00f3 de vender cuadros y tocar el acorde\u00f3n en la calle mientras ofrec\u00eda sus manuscritos de editorial en editorial. Cuenta \u00e9l mismo que recorri\u00f3 m\u00e1s de 25.000 kil\u00f3metros por toda Espa\u00f1a para documentar su novela. Y cuando logr\u00f3, por fin, publicarla, la editorial le suplicaba que se ahorrara la boina en las presentaciones o que evitara ponerse a cantar. Tampoco hizo mucho caso. En septiembre de 2025, durante la presentaci\u00f3n de su libro en el Hay Festival de Segovia, Ucl\u00e9s se arranc\u00f3 con un canto gregoriano.\u00abFue todo un suceso\u00bb, recuerda Sheila Cremaschi, directora del certamen. \u00abTodo el mundo se enamor\u00f3 de \u00e9l y ya era entonces como la gente le ve ahora. David tiene una voz \u00fanica que ha sabido conectar con la gente joven porque resulta genuina. La contrapartida es que cuando no vas con el discurso oficial ni mantienes un perfil bajo, siempre te encuentras con la intolerancia. Y m\u00e1s en estos tiempos tan polarizados. Si Ucl\u00e9s hubiese publicado su libro hace unos a\u00f1os, no habr\u00edamos vivido un c\u00f3ctel tan explosivo\u00bb.\\\"Tiene una voz \u00fanica que conecta con la gente joven porque resulta genuina. La contrapartida es que no tener un perfil bajo, siempre provoca intolerancia\\\"Sheila Cremaschi, directora del Hay FestivalTras la pol\u00e9mica de este fin de semana, David Ucl\u00e9s ha decidido (al menos por un momento) guardar silencio. \u00abYa no quiero hablar m\u00e1s de m\u00ed, s\u00f3lo quiero hablar de mi obra\u00bb, respondi\u00f3 ayer a EL MUNDO. Su pr\u00f3ximo t\u00edtulo, La ciudad de las luces muertas, editada por Destino, saldr\u00e1 a la venta el 4 de febrero. Su anterior sello se enter\u00f3 de que perd\u00edan la firma de Ucl\u00e9s la misma noche que gan\u00f3 el Nadal. Otra vez la pol\u00e9mica.\u00abUcl\u00e9s es un escritor joven, ambicioso, sagaz y en proceso de construcci\u00f3n de un personaje literario. Nada nuevo\u00bb, apunta el periodista cultural de EL MUNDO Antonio Lucas. \u00abDesde la indumentaria hasta la cadencia de la voz, el mensaje abanderado y la aparente fragilidad del muchacho de raigambre rural bajo los imprevistos focos, todo parece responder a una adenda literaria. El \u00e9xito y la atenci\u00f3n expansiva que recibe por su novela es formidable y en esa senda \u00e9l construye con empe\u00f1o una biograf\u00eda de chico errante con acorde\u00f3n y cae de pie en este momento. Ucl\u00e9s se ha trabajado con empe\u00f1o y esfuerzo su sitio de ahora. Y es un m\u00e9rito notable\u00bb, dice Lucas. Y avisa: \u00abLos fen\u00f3menos medi\u00e1ticos no pueden bajar la guardia y ese ruido no siempre trabaja a favor de obra. Lo que importa es la obra. Lo dem\u00e1s puede quedar con el tiempo como un complemento de armario\u00bb.-\u00bfPor qu\u00e9 todo el mundo habla de David Ucl\u00e9s?-Se habla en estos meses mucho de \u00e9l y eso extra\u00f1a, pero a nadie sorprende que se d\u00e9 mil veces m\u00e1s atenci\u00f3n a deportistas j\u00f3venes. O a m\u00fasicos, a actrices y actores con discursos rasantes. David Ucl\u00e9s, al menos, s\u00ed se posiciona.\",\"breadcrumb\":{\"@id\":\"https:\/\/vof-news.eu\/es\/por-que-todo-el-mundo-habla-de-david-ucles-esta-disenado-todo-para-que-sea-el-protagonista-de-nuestras-vidas-en-disputa-con-rosalia\/#breadcrumb\"},\"inLanguage\":\"es\",\"potentialAction\":[{\"@type\":\"ReadAction\",\"target\":[\"https:\/\/vof-news.eu\/es\/por-que-todo-el-mundo-habla-de-david-ucles-esta-disenado-todo-para-que-sea-el-protagonista-de-nuestras-vidas-en-disputa-con-rosalia\/\"]}]},{\"@type\":\"ImageObject\",\"inLanguage\":\"es\",\"@id\":\"https:\/\/vof-news.eu\/es\/por-que-todo-el-mundo-habla-de-david-ucles-esta-disenado-todo-para-que-sea-el-protagonista-de-nuestras-vidas-en-disputa-con-rosalia\/#primaryimage\",\"url\":\"https:\/\/vof-news.eu\/wp-content\/uploads\/2026\/01\/17694524346286.jpg\",\"contentUrl\":\"https:\/\/vof-news.eu\/wp-content\/uploads\/2026\/01\/17694524346286.jpg\",\"width\":1366,\"height\":1537},{\"@type\":\"BreadcrumbList\",\"@id\":\"https:\/\/vof-news.eu\/es\/por-que-todo-el-mundo-habla-de-david-ucles-esta-disenado-todo-para-que-sea-el-protagonista-de-nuestras-vidas-en-disputa-con-rosalia\/#breadcrumb\",\"itemListElement\":[{\"@type\":\"ListItem\",\"position\":1,\"name\":\"Home\",\"item\":\"https:\/\/vof-news.eu\/es\/\"},{\"@type\":\"ListItem\",\"position\":2,\"name\":\"Por qu\u00e9 todo el mundo habla de David Ucl\u00e9s: &#8220;Est\u00e1 dise\u00f1ado todo para que sea el protagonista de nuestras vidas en disputa con Rosal\u00eda&#8221;\"}]},{\"@type\":\"WebSite\",\"@id\":\"https:\/\/vof-news.eu\/es\/#website\",\"url\":\"https:\/\/vof-news.eu\/es\/\",\"name\":\"vof-news.eu\",\"description\":\"\",\"potentialAction\":[{\"@type\":\"SearchAction\",\"target\":{\"@type\":\"EntryPoint\",\"urlTemplate\":\"https:\/\/vof-news.eu\/es\/?s={search_term_string}\"},\"query-input\":\"required name=search_term_string\"}],\"inLanguage\":\"es\"},{\"@type\":\"Person\",\"@id\":\"https:\/\/vof-news.eu\/es\/#\/schema\/person\/f6a2a4309f0561835797fd8c19b333ed\",\"name\":\"Author\",\"image\":{\"@type\":\"ImageObject\",\"inLanguage\":\"es\",\"@id\":\"https:\/\/vof-news.eu\/es\/#\/schema\/person\/image\/\",\"url\":\"https:\/\/secure.gravatar.com\/avatar\/b67e614b1b25b3e9c0c239efdd2fde5ab015b5affd6f1c3c85911ca4b384e790?s=96&d=mm&r=g\",\"contentUrl\":\"https:\/\/secure.gravatar.com\/avatar\/b67e614b1b25b3e9c0c239efdd2fde5ab015b5affd6f1c3c85911ca4b384e790?s=96&d=mm&r=g\",\"caption\":\"Author\"},\"sameAs\":[\"http:\/\/vof-news.eu\"],\"url\":\"https:\/\/vof-news.eu\/es\/author\/zwt6qxnjulxbnyg\/\"}]}<\/script>\n<!-- \/ Yoast SEO plugin. -->","yoast_head_json":{"title":"Por qu\u00e9 todo el mundo habla de David Ucl\u00e9s: \"Est\u00e1 dise\u00f1ado todo para que sea el protagonista de nuestras vidas en disputa con Rosal\u00eda\" - vof-news.eu","description":"De David Ucl\u00e9s sabemos que es escritor. Y cantante. Y pintor. Y traductor. Y que toca el arpa y la guitarra. Y el acorde\u00f3n tambi\u00e9n. Se ha hablado de sus boinas y de su ropa. De su pelo y su barba desali\u00f1ada. De su dulce acento andaluz. Hasta de su condici\u00f3n sexual y del bullying que sufri\u00f3 en la infancia por ser algo amanerado. Por hablar se ha hablado incluso de que padece una arritmia card\u00edaca cr\u00f3nica que evolucion\u00f3 a una fibrilaci\u00f3n violenta y de la que se oper\u00f3 a finales del a\u00f1o pasado. Por si palmaba en el quir\u00f3fano, dej\u00f3 dicho (y escrito) que no quer\u00eda ser enterrado en un cementerio, sino en cualquier cuneta del pa\u00eds. A medianoche, a ser posible.De David Ucl\u00e9s sabemos tambi\u00e9n que naci\u00f3 en \u00dabeda hace 36 a\u00f1os, pero ha vivido en Alemania, en Francia y en los Alpes suizos. Y en Galicia, en el Pa\u00eds Vasco y en Catalu\u00f1a. Y que ahora vive en Madrid aunque -jura \u00e9l- todav\u00eda no le da para comprarse una casa en la capital. Sabemos que el libro que le hizo lector fue El se\u00f1or de los anillos y el que le ha hecho archifamoso en Espa\u00f1a se llama La pen\u00ednsulas de las casas vac\u00edas, un extraordinario fen\u00f3meno editorial que ha convertido a su autor en otro extraordinario fen\u00f3meno... mucho m\u00e1s que editorial.En un universo normal, ni usted ni yo sabr\u00edamos tantas cosas de ning\u00fan escritor espa\u00f1ol por muy superventas que fuera. Pero el caso es que todo lo que rodea a Ucl\u00e9s hace tiempo que dej\u00f3 de ser normal. Como si \u00e9l mismo se hubiera convertido en un personaje de sus novelas, una pieza m\u00e1s de realismo m\u00e1gico que lleva meses lidiando entre el \u00e9xito y la furia, haciendo malabares entre las simpat\u00edas y el odio furibundo, los premios, las ventas, las reediciones y los insultos, sobreexpuesto en todos los medios y redes posibles, atrapado en todas las pol\u00e9micas.\u00bfPor qu\u00e9 todo el mundo -incluido David Ucl\u00e9s- habla de David Ucl\u00e9s?\u00abAl margen de que nos gusten m\u00e1s o menos sus libros o que \u00e9l nos caiga mejor o peor, creo que es obvio que Ucl\u00e9s es un t\u00edo que busca una repercusi\u00f3n social grande, y no solo literaria\u00bb, explica Juan Marqu\u00e9s, cr\u00edtico literario de La Lectura. \u00abSeguro que hay un punto de azar, por supuesto, pero creo que todo est\u00e1 organizado y dise\u00f1ado para que David sea el protagonista de nuestras vidas el pr\u00f3ximo a\u00f1o y medio, disput\u00e1ndose con Rosal\u00eda el protagonismo del mundo\u00bb.La \u00faltima controversia en torno a su figura es de este mismo fin de semana. David Ucl\u00e9s anunci\u00f3 el pasado domingo su renuncia a participar en una charla sobre la Guerra Civil en el festival Letras en Sevilla, organizado por Arturo P\u00e9rez-Reverte, por la presencia en las mismas jornadas del ex presidente del Gobierno Jos\u00e9 Mar\u00eda Aznar, y el ex secretario general de Vox, Iv\u00e1n Espinosa de los Monteros. \u00abNo puedo verme en el mismo cartel que estos dos individuos\u00bb, explic\u00f3 el escritor. Lo hizo a trav\u00e9s de un v\u00eddeo en su cuenta de Instagram. La r\u00e9plica p\u00fablica de Reverte, que le reproch\u00f3 su \u00absectarismo e ignorancia\u00bb, volvi\u00f3 a convertir a Ucl\u00e9s en tendencia. Una vez m\u00e1s.Antes lo hab\u00eda sido por ganar el Premio Nadal con su pr\u00f3xima novela: La ciudad de las luces muertas. Y por cambiar de editorial esa misma noche sin previo aviso. Y antes, por reprochar p\u00fablicamente a Ayuso, durante la gala de otros premios, que despu\u00e9s de vender 300.000 ejemplares de La pen\u00ednsulas de las casas vac\u00edas su cuenta corriente s\u00f3lo le alcanza para comprar \u00abun zulo sin ventanas\u00bb en la capital.\u00ab\u00c9l sabe que es un personaje y lo est\u00e1 explotando\u00bb, sigue Marqu\u00e9s. \u00abNo creo que haga teatro ni est\u00e9 fingiendo, pero quiz\u00e1s s\u00ed est\u00e1 llegando a cierta exageraci\u00f3n. Su libro est\u00e1 muy bien, es valiente, y \u00e9l es un t\u00edo simp\u00e1tico y muy listo, pero digamos que est\u00e1 doblando la apuesta. Ahora no solo quiere ser un escritor, quiere ser alguien que no tiene techo. Llegar\u00e1 a ministro de Cultura si quiere, porque es un hombre ambicioso y quiere estar siempre en el candelero, dar titulares, provocar... Y me parece bien. Si lo que quiere es comprarse un castillo, lo est\u00e1 haciendo muy bien. Si quiere ganar el Cervantes, igual no tanto\u00bb.Ucl\u00e9s ha cruzado acusaciones con sus cr\u00edticos a trav\u00e9s de las redes sociales y acab\u00f3 cerrando su perfil en X porque se hab\u00eda convertido en un \u00abnido de fascistas\u00bb. Ha sido acosado por escribir de la Guerra Civil y por hablar abiertamente de su homosexualidad. Y ha sido reducido casi a meme por cantar en sus presentaciones, por atreverse con el catal\u00e1n, por recitar a Robe Iniesta, por vestir ropa de segunda mano o por haber hecho de su c\u00e9lebre boina un icono personal.\u00abLlevo boina desde la adolescencia\u00bb, cont\u00f3 \u00e9l mismo hace unos d\u00edas desde la columna que firma en La Vanguardia. \u00abA mis 35 sigo llevando sombrero y ropa de segunda mano. Mi forma de vestir no ha sido impuesta por mi editorial para crear un personaje en torno a m\u00ed y vender m\u00e1s, que es la acusaci\u00f3n m\u00e1s com\u00fan que suelo recibir de mis detractores, quienes tambi\u00e9n afirman que fui creado por una logia mas\u00f3nica, comunista y sanchista. De hecho, la editorial me aconsejaba que no saliera con la boina en las primeras entrevistas. 'David, no llames m\u00e1s la atenci\u00f3n que el propio libro. La novela va a ir sola, sin pol\u00e9micas'. Creo que fue un buen consejo, aunque apenas lo cumpl\u00ed\u00bb.Y as\u00ed es. La pol\u00e9mica no ha abandonado a Ucl\u00e9s pese al incuestionable \u00e9xito de su obra.\"Es un hombre ambicioso y est\u00e1 bien... Si lo que quiere es comprarse un castillo, lo est\u00e1 haciendo muy bien. Si quiere ganar el Cervantes, no tanto\"Juan Marqu\u00e9s, cr\u00edtico literarioLa pen\u00ednsula de las casas vac\u00edas se public\u00f3 en marzo de 2024 con el sello de Siruela. El escritor dedic\u00f3 m\u00e1s de 15 a\u00f1os y dos becas para finalizar una novela de 700 p\u00e1ginas. En verano de aquel a\u00f1o, el libro hab\u00eda vendido unos 15.000 ejemplares, un \u00e9xito inesperado para el propio Ucl\u00e9s, pero unas cifras algo decepcionantes para Siruela, que ech\u00f3 el resto antes de las siguientes Navidades. Una presentaci\u00f3n con Ian Gibson en el Ateneo de Madrid, un oportuno soneto de Joaqu\u00edn Sabina dedicado a la novela y una frase del periodista I\u00f1aki Gabilondo elogiando el t\u00edtulo de Ucl\u00e9s -\u00abEs lo mejor que he le\u00eddo en much\u00edsimos a\u00f1os\u00bb- dispararon las ventas. La ruta del escritor por librer\u00edas de toda Espa\u00f1a hizo el resto. La editorial casi se queda sin stock.\u00abEl a\u00f1o pasado, su novela era el libro de ficci\u00f3n m\u00e1s vendido en Espa\u00f1a y la versi\u00f3n en tapa dura estaba en la quinta posici\u00f3n\u00bb, cuenta el librero Paco Goyanes. La pen\u00ednsula de las casas vac\u00edas acumula m\u00e1s de 60 semanas en el podio de los best sellers de nuestro pa\u00eds.\u00abDavid se ha trabajado mucho a los lectores y con su libro, como ocurre casi siempre, ha funcionado mucho el boca oreja\u00bb, explica Goyanes. Los clientes de su librer\u00eda, en Zaragoza, eligieron La pen\u00ednsula... como libro del a\u00f1o en 2024. \u00abNadie tiene la tecla del \u00e9xito, pero \u00e9l ha sabido adaptarse a estos tiempos. Antes las editoriales se encargaban de la promoci\u00f3n, pero ahora son los autores los que se la hacen solos: est\u00e1n constantemente circulando por todo el pa\u00eds, en festivales, conferencias y presentaciones y vendi\u00e9ndose en las redes, que es lo que se demanda hoy. A David le ha funcionado pero tambi\u00e9n le ha supuesto demasiada exposici\u00f3n y mucho rechazo\u00bb.-\u00bfPor qu\u00e9 ese rechazo?-\u00c9l tiene todo lo que a un sector importante de la gente que est\u00e1 en redes no le gusta. David lleva boina, es homosexual, lo declara p\u00fablicamente, y es pol\u00e9mico en sus declaraciones. Y encima est\u00e1 triunfando con un libro sobre la Guerra Civil, que es casi una maldici\u00f3n.A d\u00eda de hoy, La pen\u00ednsula de las casas vac\u00edas suma 30 ediciones, m\u00e1s de 300.000 ejemplares vendidos y decenas de premios. La novela, adem\u00e1s, se ha traducido a varios idiomas y tendr\u00e1 su versi\u00f3n en serie de televisi\u00f3n.\"Mi forma de vestir no ha sido impuesta por mi editorial para crear un personaje en torno a m\u00ed y vender m\u00e1s, que es la acusaci\u00f3n m\u00e1s com\u00fan\"David Ucl\u00e9s\u00abA m\u00ed como fen\u00f3meno editorial no me interesa en absoluto\u00bb, rebate el poeta, editor y bibli\u00f3filo sevillano Abelardo Linares. \u00abMe parece que Ucl\u00e9s pertenece m\u00e1s al sector del famoseo y el marketing y est\u00e1 claro que le ha funcionado porque gracias a \u00e9l nos hemos dado cuenta de lo infravalorada que estaba la boina\u00bb, bromea Linares, que desconf\u00eda del supuesto triunfo del escritor jienense. \u00abMe parece que la palabra \u00e9xito tiene demasiado \u00e9xito, pero eso no significa prestigio y no es algo que a m\u00ed me interese. En el mundo editorial hay mucha gente a la que le dan una hamburguesa en mal estado y cree que est\u00e1 en un restaurante con dos estrellas Michelin. Ucl\u00e9s es un tipo de figura literaria que se quiere presentar como pseudoescandalosa y que concibe la literatura como parte de un montaje en el que se cuidan las formas de promoci\u00f3n\u00bb.Tambi\u00e9n se cuida el relato. El propio David Ucl\u00e9s ha puesto el foco en su historia personal. Es licenciado y m\u00e1ster en Traducci\u00f3n e Interpretaci\u00f3n (en ingl\u00e9s y alem\u00e1n). Pero durante mucho tiempo vivi\u00f3 de vender cuadros y tocar el acorde\u00f3n en la calle mientras ofrec\u00eda sus manuscritos de editorial en editorial. Cuenta \u00e9l mismo que recorri\u00f3 m\u00e1s de 25.000 kil\u00f3metros por toda Espa\u00f1a para documentar su novela. Y cuando logr\u00f3, por fin, publicarla, la editorial le suplicaba que se ahorrara la boina en las presentaciones o que evitara ponerse a cantar. Tampoco hizo mucho caso. En septiembre de 2025, durante la presentaci\u00f3n de su libro en el Hay Festival de Segovia, Ucl\u00e9s se arranc\u00f3 con un canto gregoriano.\u00abFue todo un suceso\u00bb, recuerda Sheila Cremaschi, directora del certamen. \u00abTodo el mundo se enamor\u00f3 de \u00e9l y ya era entonces como la gente le ve ahora. David tiene una voz \u00fanica que ha sabido conectar con la gente joven porque resulta genuina. La contrapartida es que cuando no vas con el discurso oficial ni mantienes un perfil bajo, siempre te encuentras con la intolerancia. Y m\u00e1s en estos tiempos tan polarizados. Si Ucl\u00e9s hubiese publicado su libro hace unos a\u00f1os, no habr\u00edamos vivido un c\u00f3ctel tan explosivo\u00bb.\"Tiene una voz \u00fanica que conecta con la gente joven porque resulta genuina. La contrapartida es que no tener un perfil bajo, siempre provoca intolerancia\"Sheila Cremaschi, directora del Hay FestivalTras la pol\u00e9mica de este fin de semana, David Ucl\u00e9s ha decidido (al menos por un momento) guardar silencio. \u00abYa no quiero hablar m\u00e1s de m\u00ed, s\u00f3lo quiero hablar de mi obra\u00bb, respondi\u00f3 ayer a EL MUNDO. Su pr\u00f3ximo t\u00edtulo, La ciudad de las luces muertas, editada por Destino, saldr\u00e1 a la venta el 4 de febrero. Su anterior sello se enter\u00f3 de que perd\u00edan la firma de Ucl\u00e9s la misma noche que gan\u00f3 el Nadal. Otra vez la pol\u00e9mica.\u00abUcl\u00e9s es un escritor joven, ambicioso, sagaz y en proceso de construcci\u00f3n de un personaje literario. Nada nuevo\u00bb, apunta el periodista cultural de EL MUNDO Antonio Lucas. \u00abDesde la indumentaria hasta la cadencia de la voz, el mensaje abanderado y la aparente fragilidad del muchacho de raigambre rural bajo los imprevistos focos, todo parece responder a una adenda literaria. El \u00e9xito y la atenci\u00f3n expansiva que recibe por su novela es formidable y en esa senda \u00e9l construye con empe\u00f1o una biograf\u00eda de chico errante con acorde\u00f3n y cae de pie en este momento. Ucl\u00e9s se ha trabajado con empe\u00f1o y esfuerzo su sitio de ahora. Y es un m\u00e9rito notable\u00bb, dice Lucas. Y avisa: \u00abLos fen\u00f3menos medi\u00e1ticos no pueden bajar la guardia y ese ruido no siempre trabaja a favor de obra. Lo que importa es la obra. Lo dem\u00e1s puede quedar con el tiempo como un complemento de armario\u00bb.-\u00bfPor qu\u00e9 todo el mundo habla de David Ucl\u00e9s?-Se habla en estos meses mucho de \u00e9l y eso extra\u00f1a, pero a nadie sorprende que se d\u00e9 mil veces m\u00e1s atenci\u00f3n a deportistas j\u00f3venes. O a m\u00fasicos, a actrices y actores con discursos rasantes. David Ucl\u00e9s, al menos, s\u00ed se posiciona.","robots":{"index":"noindex","follow":"follow","max-snippet":"max-snippet:-1","max-image-preview":"max-image-preview:large","max-video-preview":"max-video-preview:-1"},"og_locale":"es_ES","og_type":"article","og_title":"Por qu\u00e9 todo el mundo habla de David Ucl\u00e9s: \"Est\u00e1 dise\u00f1ado todo para que sea el protagonista de nuestras vidas en disputa con Rosal\u00eda\" - vof-news.eu","og_description":"De David Ucl\u00e9s sabemos que es escritor. Y cantante. Y pintor. Y traductor. Y que toca el arpa y la guitarra. Y el acorde\u00f3n tambi\u00e9n. Se ha hablado de sus boinas y de su ropa. De su pelo y su barba desali\u00f1ada. De su dulce acento andaluz. Hasta de su condici\u00f3n sexual y del bullying que sufri\u00f3 en la infancia por ser algo amanerado. Por hablar se ha hablado incluso de que padece una arritmia card\u00edaca cr\u00f3nica que evolucion\u00f3 a una fibrilaci\u00f3n violenta y de la que se oper\u00f3 a finales del a\u00f1o pasado. Por si palmaba en el quir\u00f3fano, dej\u00f3 dicho (y escrito) que no quer\u00eda ser enterrado en un cementerio, sino en cualquier cuneta del pa\u00eds. A medianoche, a ser posible.De David Ucl\u00e9s sabemos tambi\u00e9n que naci\u00f3 en \u00dabeda hace 36 a\u00f1os, pero ha vivido en Alemania, en Francia y en los Alpes suizos. Y en Galicia, en el Pa\u00eds Vasco y en Catalu\u00f1a. Y que ahora vive en Madrid aunque -jura \u00e9l- todav\u00eda no le da para comprarse una casa en la capital. Sabemos que el libro que le hizo lector fue El se\u00f1or de los anillos y el que le ha hecho archifamoso en Espa\u00f1a se llama La pen\u00ednsulas de las casas vac\u00edas, un extraordinario fen\u00f3meno editorial que ha convertido a su autor en otro extraordinario fen\u00f3meno... mucho m\u00e1s que editorial.En un universo normal, ni usted ni yo sabr\u00edamos tantas cosas de ning\u00fan escritor espa\u00f1ol por muy superventas que fuera. Pero el caso es que todo lo que rodea a Ucl\u00e9s hace tiempo que dej\u00f3 de ser normal. Como si \u00e9l mismo se hubiera convertido en un personaje de sus novelas, una pieza m\u00e1s de realismo m\u00e1gico que lleva meses lidiando entre el \u00e9xito y la furia, haciendo malabares entre las simpat\u00edas y el odio furibundo, los premios, las ventas, las reediciones y los insultos, sobreexpuesto en todos los medios y redes posibles, atrapado en todas las pol\u00e9micas.\u00bfPor qu\u00e9 todo el mundo -incluido David Ucl\u00e9s- habla de David Ucl\u00e9s?\u00abAl margen de que nos gusten m\u00e1s o menos sus libros o que \u00e9l nos caiga mejor o peor, creo que es obvio que Ucl\u00e9s es un t\u00edo que busca una repercusi\u00f3n social grande, y no solo literaria\u00bb, explica Juan Marqu\u00e9s, cr\u00edtico literario de La Lectura. \u00abSeguro que hay un punto de azar, por supuesto, pero creo que todo est\u00e1 organizado y dise\u00f1ado para que David sea el protagonista de nuestras vidas el pr\u00f3ximo a\u00f1o y medio, disput\u00e1ndose con Rosal\u00eda el protagonismo del mundo\u00bb.La \u00faltima controversia en torno a su figura es de este mismo fin de semana. David Ucl\u00e9s anunci\u00f3 el pasado domingo su renuncia a participar en una charla sobre la Guerra Civil en el festival Letras en Sevilla, organizado por Arturo P\u00e9rez-Reverte, por la presencia en las mismas jornadas del ex presidente del Gobierno Jos\u00e9 Mar\u00eda Aznar, y el ex secretario general de Vox, Iv\u00e1n Espinosa de los Monteros. \u00abNo puedo verme en el mismo cartel que estos dos individuos\u00bb, explic\u00f3 el escritor. Lo hizo a trav\u00e9s de un v\u00eddeo en su cuenta de Instagram. La r\u00e9plica p\u00fablica de Reverte, que le reproch\u00f3 su \u00absectarismo e ignorancia\u00bb, volvi\u00f3 a convertir a Ucl\u00e9s en tendencia. Una vez m\u00e1s.Antes lo hab\u00eda sido por ganar el Premio Nadal con su pr\u00f3xima novela: La ciudad de las luces muertas. Y por cambiar de editorial esa misma noche sin previo aviso. Y antes, por reprochar p\u00fablicamente a Ayuso, durante la gala de otros premios, que despu\u00e9s de vender 300.000 ejemplares de La pen\u00ednsulas de las casas vac\u00edas su cuenta corriente s\u00f3lo le alcanza para comprar \u00abun zulo sin ventanas\u00bb en la capital.\u00ab\u00c9l sabe que es un personaje y lo est\u00e1 explotando\u00bb, sigue Marqu\u00e9s. \u00abNo creo que haga teatro ni est\u00e9 fingiendo, pero quiz\u00e1s s\u00ed est\u00e1 llegando a cierta exageraci\u00f3n. Su libro est\u00e1 muy bien, es valiente, y \u00e9l es un t\u00edo simp\u00e1tico y muy listo, pero digamos que est\u00e1 doblando la apuesta. Ahora no solo quiere ser un escritor, quiere ser alguien que no tiene techo. Llegar\u00e1 a ministro de Cultura si quiere, porque es un hombre ambicioso y quiere estar siempre en el candelero, dar titulares, provocar... Y me parece bien. Si lo que quiere es comprarse un castillo, lo est\u00e1 haciendo muy bien. Si quiere ganar el Cervantes, igual no tanto\u00bb.Ucl\u00e9s ha cruzado acusaciones con sus cr\u00edticos a trav\u00e9s de las redes sociales y acab\u00f3 cerrando su perfil en X porque se hab\u00eda convertido en un \u00abnido de fascistas\u00bb. Ha sido acosado por escribir de la Guerra Civil y por hablar abiertamente de su homosexualidad. Y ha sido reducido casi a meme por cantar en sus presentaciones, por atreverse con el catal\u00e1n, por recitar a Robe Iniesta, por vestir ropa de segunda mano o por haber hecho de su c\u00e9lebre boina un icono personal.\u00abLlevo boina desde la adolescencia\u00bb, cont\u00f3 \u00e9l mismo hace unos d\u00edas desde la columna que firma en La Vanguardia. \u00abA mis 35 sigo llevando sombrero y ropa de segunda mano. Mi forma de vestir no ha sido impuesta por mi editorial para crear un personaje en torno a m\u00ed y vender m\u00e1s, que es la acusaci\u00f3n m\u00e1s com\u00fan que suelo recibir de mis detractores, quienes tambi\u00e9n afirman que fui creado por una logia mas\u00f3nica, comunista y sanchista. De hecho, la editorial me aconsejaba que no saliera con la boina en las primeras entrevistas. 'David, no llames m\u00e1s la atenci\u00f3n que el propio libro. La novela va a ir sola, sin pol\u00e9micas'. Creo que fue un buen consejo, aunque apenas lo cumpl\u00ed\u00bb.Y as\u00ed es. La pol\u00e9mica no ha abandonado a Ucl\u00e9s pese al incuestionable \u00e9xito de su obra.\"Es un hombre ambicioso y est\u00e1 bien... Si lo que quiere es comprarse un castillo, lo est\u00e1 haciendo muy bien. Si quiere ganar el Cervantes, no tanto\"Juan Marqu\u00e9s, cr\u00edtico literarioLa pen\u00ednsula de las casas vac\u00edas se public\u00f3 en marzo de 2024 con el sello de Siruela. El escritor dedic\u00f3 m\u00e1s de 15 a\u00f1os y dos becas para finalizar una novela de 700 p\u00e1ginas. En verano de aquel a\u00f1o, el libro hab\u00eda vendido unos 15.000 ejemplares, un \u00e9xito inesperado para el propio Ucl\u00e9s, pero unas cifras algo decepcionantes para Siruela, que ech\u00f3 el resto antes de las siguientes Navidades. Una presentaci\u00f3n con Ian Gibson en el Ateneo de Madrid, un oportuno soneto de Joaqu\u00edn Sabina dedicado a la novela y una frase del periodista I\u00f1aki Gabilondo elogiando el t\u00edtulo de Ucl\u00e9s -\u00abEs lo mejor que he le\u00eddo en much\u00edsimos a\u00f1os\u00bb- dispararon las ventas. La ruta del escritor por librer\u00edas de toda Espa\u00f1a hizo el resto. La editorial casi se queda sin stock.\u00abEl a\u00f1o pasado, su novela era el libro de ficci\u00f3n m\u00e1s vendido en Espa\u00f1a y la versi\u00f3n en tapa dura estaba en la quinta posici\u00f3n\u00bb, cuenta el librero Paco Goyanes. La pen\u00ednsula de las casas vac\u00edas acumula m\u00e1s de 60 semanas en el podio de los best sellers de nuestro pa\u00eds.\u00abDavid se ha trabajado mucho a los lectores y con su libro, como ocurre casi siempre, ha funcionado mucho el boca oreja\u00bb, explica Goyanes. Los clientes de su librer\u00eda, en Zaragoza, eligieron La pen\u00ednsula... como libro del a\u00f1o en 2024. \u00abNadie tiene la tecla del \u00e9xito, pero \u00e9l ha sabido adaptarse a estos tiempos. Antes las editoriales se encargaban de la promoci\u00f3n, pero ahora son los autores los que se la hacen solos: est\u00e1n constantemente circulando por todo el pa\u00eds, en festivales, conferencias y presentaciones y vendi\u00e9ndose en las redes, que es lo que se demanda hoy. A David le ha funcionado pero tambi\u00e9n le ha supuesto demasiada exposici\u00f3n y mucho rechazo\u00bb.-\u00bfPor qu\u00e9 ese rechazo?-\u00c9l tiene todo lo que a un sector importante de la gente que est\u00e1 en redes no le gusta. David lleva boina, es homosexual, lo declara p\u00fablicamente, y es pol\u00e9mico en sus declaraciones. Y encima est\u00e1 triunfando con un libro sobre la Guerra Civil, que es casi una maldici\u00f3n.A d\u00eda de hoy, La pen\u00ednsula de las casas vac\u00edas suma 30 ediciones, m\u00e1s de 300.000 ejemplares vendidos y decenas de premios. La novela, adem\u00e1s, se ha traducido a varios idiomas y tendr\u00e1 su versi\u00f3n en serie de televisi\u00f3n.\"Mi forma de vestir no ha sido impuesta por mi editorial para crear un personaje en torno a m\u00ed y vender m\u00e1s, que es la acusaci\u00f3n m\u00e1s com\u00fan\"David Ucl\u00e9s\u00abA m\u00ed como fen\u00f3meno editorial no me interesa en absoluto\u00bb, rebate el poeta, editor y bibli\u00f3filo sevillano Abelardo Linares. \u00abMe parece que Ucl\u00e9s pertenece m\u00e1s al sector del famoseo y el marketing y est\u00e1 claro que le ha funcionado porque gracias a \u00e9l nos hemos dado cuenta de lo infravalorada que estaba la boina\u00bb, bromea Linares, que desconf\u00eda del supuesto triunfo del escritor jienense. \u00abMe parece que la palabra \u00e9xito tiene demasiado \u00e9xito, pero eso no significa prestigio y no es algo que a m\u00ed me interese. En el mundo editorial hay mucha gente a la que le dan una hamburguesa en mal estado y cree que est\u00e1 en un restaurante con dos estrellas Michelin. Ucl\u00e9s es un tipo de figura literaria que se quiere presentar como pseudoescandalosa y que concibe la literatura como parte de un montaje en el que se cuidan las formas de promoci\u00f3n\u00bb.Tambi\u00e9n se cuida el relato. El propio David Ucl\u00e9s ha puesto el foco en su historia personal. Es licenciado y m\u00e1ster en Traducci\u00f3n e Interpretaci\u00f3n (en ingl\u00e9s y alem\u00e1n). Pero durante mucho tiempo vivi\u00f3 de vender cuadros y tocar el acorde\u00f3n en la calle mientras ofrec\u00eda sus manuscritos de editorial en editorial. Cuenta \u00e9l mismo que recorri\u00f3 m\u00e1s de 25.000 kil\u00f3metros por toda Espa\u00f1a para documentar su novela. Y cuando logr\u00f3, por fin, publicarla, la editorial le suplicaba que se ahorrara la boina en las presentaciones o que evitara ponerse a cantar. Tampoco hizo mucho caso. En septiembre de 2025, durante la presentaci\u00f3n de su libro en el Hay Festival de Segovia, Ucl\u00e9s se arranc\u00f3 con un canto gregoriano.\u00abFue todo un suceso\u00bb, recuerda Sheila Cremaschi, directora del certamen. \u00abTodo el mundo se enamor\u00f3 de \u00e9l y ya era entonces como la gente le ve ahora. David tiene una voz \u00fanica que ha sabido conectar con la gente joven porque resulta genuina. La contrapartida es que cuando no vas con el discurso oficial ni mantienes un perfil bajo, siempre te encuentras con la intolerancia. Y m\u00e1s en estos tiempos tan polarizados. Si Ucl\u00e9s hubiese publicado su libro hace unos a\u00f1os, no habr\u00edamos vivido un c\u00f3ctel tan explosivo\u00bb.\"Tiene una voz \u00fanica que conecta con la gente joven porque resulta genuina. La contrapartida es que no tener un perfil bajo, siempre provoca intolerancia\"Sheila Cremaschi, directora del Hay FestivalTras la pol\u00e9mica de este fin de semana, David Ucl\u00e9s ha decidido (al menos por un momento) guardar silencio. \u00abYa no quiero hablar m\u00e1s de m\u00ed, s\u00f3lo quiero hablar de mi obra\u00bb, respondi\u00f3 ayer a EL MUNDO. Su pr\u00f3ximo t\u00edtulo, La ciudad de las luces muertas, editada por Destino, saldr\u00e1 a la venta el 4 de febrero. Su anterior sello se enter\u00f3 de que perd\u00edan la firma de Ucl\u00e9s la misma noche que gan\u00f3 el Nadal. Otra vez la pol\u00e9mica.\u00abUcl\u00e9s es un escritor joven, ambicioso, sagaz y en proceso de construcci\u00f3n de un personaje literario. Nada nuevo\u00bb, apunta el periodista cultural de EL MUNDO Antonio Lucas. \u00abDesde la indumentaria hasta la cadencia de la voz, el mensaje abanderado y la aparente fragilidad del muchacho de raigambre rural bajo los imprevistos focos, todo parece responder a una adenda literaria. El \u00e9xito y la atenci\u00f3n expansiva que recibe por su novela es formidable y en esa senda \u00e9l construye con empe\u00f1o una biograf\u00eda de chico errante con acorde\u00f3n y cae de pie en este momento. Ucl\u00e9s se ha trabajado con empe\u00f1o y esfuerzo su sitio de ahora. Y es un m\u00e9rito notable\u00bb, dice Lucas. Y avisa: \u00abLos fen\u00f3menos medi\u00e1ticos no pueden bajar la guardia y ese ruido no siempre trabaja a favor de obra. Lo que importa es la obra. Lo dem\u00e1s puede quedar con el tiempo como un complemento de armario\u00bb.-\u00bfPor qu\u00e9 todo el mundo habla de David Ucl\u00e9s?-Se habla en estos meses mucho de \u00e9l y eso extra\u00f1a, pero a nadie sorprende que se d\u00e9 mil veces m\u00e1s atenci\u00f3n a deportistas j\u00f3venes. O a m\u00fasicos, a actrices y actores con discursos rasantes. David Ucl\u00e9s, al menos, s\u00ed se posiciona.","og_url":"https:\/\/vof-news.eu\/es\/por-que-todo-el-mundo-habla-de-david-ucles-esta-disenado-todo-para-que-sea-el-protagonista-de-nuestras-vidas-en-disputa-con-rosalia\/","og_site_name":"vof-news.eu","article_published_time":"2026-01-27T00:19:12+00:00","article_modified_time":"2026-01-27T00:19:56+00:00","og_image":[{"width":1366,"height":1537,"url":"https:\/\/vof-news.eu\/wp-content\/uploads\/2026\/01\/17694524346286.jpg","type":"image\/jpeg"}],"author":"Author","twitter_card":"summary_large_image","twitter_misc":{"Escrito por":"Author","Tiempo de lectura":"11 minutos"},"schema":{"@context":"https:\/\/schema.org","@graph":[{"@type":"WebPage","@id":"https:\/\/vof-news.eu\/es\/por-que-todo-el-mundo-habla-de-david-ucles-esta-disenado-todo-para-que-sea-el-protagonista-de-nuestras-vidas-en-disputa-con-rosalia\/","url":"https:\/\/vof-news.eu\/es\/por-que-todo-el-mundo-habla-de-david-ucles-esta-disenado-todo-para-que-sea-el-protagonista-de-nuestras-vidas-en-disputa-con-rosalia\/","name":"Por qu\u00e9 todo el mundo habla de David Ucl\u00e9s: \"Est\u00e1 dise\u00f1ado todo para que sea el protagonista de nuestras vidas en disputa con Rosal\u00eda\" - vof-news.eu","isPartOf":{"@id":"https:\/\/vof-news.eu\/es\/#website"},"primaryImageOfPage":{"@id":"https:\/\/vof-news.eu\/es\/por-que-todo-el-mundo-habla-de-david-ucles-esta-disenado-todo-para-que-sea-el-protagonista-de-nuestras-vidas-en-disputa-con-rosalia\/#primaryimage"},"image":{"@id":"https:\/\/vof-news.eu\/es\/por-que-todo-el-mundo-habla-de-david-ucles-esta-disenado-todo-para-que-sea-el-protagonista-de-nuestras-vidas-en-disputa-con-rosalia\/#primaryimage"},"thumbnailUrl":"https:\/\/vof-news.eu\/wp-content\/uploads\/2026\/01\/17694524346286.jpg","datePublished":"2026-01-27T00:19:12+00:00","dateModified":"2026-01-27T00:19:56+00:00","author":{"@id":"https:\/\/vof-news.eu\/es\/#\/schema\/person\/f6a2a4309f0561835797fd8c19b333ed"},"description":"De David Ucl\u00e9s sabemos que es escritor. Y cantante. Y pintor. Y traductor. Y que toca el arpa y la guitarra. Y el acorde\u00f3n tambi\u00e9n. Se ha hablado de sus boinas y de su ropa. De su pelo y su barba desali\u00f1ada. De su dulce acento andaluz. Hasta de su condici\u00f3n sexual y del bullying que sufri\u00f3 en la infancia por ser algo amanerado. Por hablar se ha hablado incluso de que padece una arritmia card\u00edaca cr\u00f3nica que evolucion\u00f3 a una fibrilaci\u00f3n violenta y de la que se oper\u00f3 a finales del a\u00f1o pasado. Por si palmaba en el quir\u00f3fano, dej\u00f3 dicho (y escrito) que no quer\u00eda ser enterrado en un cementerio, sino en cualquier cuneta del pa\u00eds. A medianoche, a ser posible.De David Ucl\u00e9s sabemos tambi\u00e9n que naci\u00f3 en \u00dabeda hace 36 a\u00f1os, pero ha vivido en Alemania, en Francia y en los Alpes suizos. Y en Galicia, en el Pa\u00eds Vasco y en Catalu\u00f1a. Y que ahora vive en Madrid aunque -jura \u00e9l- todav\u00eda no le da para comprarse una casa en la capital. Sabemos que el libro que le hizo lector fue El se\u00f1or de los anillos y el que le ha hecho archifamoso en Espa\u00f1a se llama La pen\u00ednsulas de las casas vac\u00edas, un extraordinario fen\u00f3meno editorial que ha convertido a su autor en otro extraordinario fen\u00f3meno... mucho m\u00e1s que editorial.En un universo normal, ni usted ni yo sabr\u00edamos tantas cosas de ning\u00fan escritor espa\u00f1ol por muy superventas que fuera. Pero el caso es que todo lo que rodea a Ucl\u00e9s hace tiempo que dej\u00f3 de ser normal. Como si \u00e9l mismo se hubiera convertido en un personaje de sus novelas, una pieza m\u00e1s de realismo m\u00e1gico que lleva meses lidiando entre el \u00e9xito y la furia, haciendo malabares entre las simpat\u00edas y el odio furibundo, los premios, las ventas, las reediciones y los insultos, sobreexpuesto en todos los medios y redes posibles, atrapado en todas las pol\u00e9micas.\u00bfPor qu\u00e9 todo el mundo -incluido David Ucl\u00e9s- habla de David Ucl\u00e9s?\u00abAl margen de que nos gusten m\u00e1s o menos sus libros o que \u00e9l nos caiga mejor o peor, creo que es obvio que Ucl\u00e9s es un t\u00edo que busca una repercusi\u00f3n social grande, y no solo literaria\u00bb, explica Juan Marqu\u00e9s, cr\u00edtico literario de La Lectura. \u00abSeguro que hay un punto de azar, por supuesto, pero creo que todo est\u00e1 organizado y dise\u00f1ado para que David sea el protagonista de nuestras vidas el pr\u00f3ximo a\u00f1o y medio, disput\u00e1ndose con Rosal\u00eda el protagonismo del mundo\u00bb.La \u00faltima controversia en torno a su figura es de este mismo fin de semana. David Ucl\u00e9s anunci\u00f3 el pasado domingo su renuncia a participar en una charla sobre la Guerra Civil en el festival Letras en Sevilla, organizado por Arturo P\u00e9rez-Reverte, por la presencia en las mismas jornadas del ex presidente del Gobierno Jos\u00e9 Mar\u00eda Aznar, y el ex secretario general de Vox, Iv\u00e1n Espinosa de los Monteros. \u00abNo puedo verme en el mismo cartel que estos dos individuos\u00bb, explic\u00f3 el escritor. Lo hizo a trav\u00e9s de un v\u00eddeo en su cuenta de Instagram. La r\u00e9plica p\u00fablica de Reverte, que le reproch\u00f3 su \u00absectarismo e ignorancia\u00bb, volvi\u00f3 a convertir a Ucl\u00e9s en tendencia. Una vez m\u00e1s.Antes lo hab\u00eda sido por ganar el Premio Nadal con su pr\u00f3xima novela: La ciudad de las luces muertas. Y por cambiar de editorial esa misma noche sin previo aviso. Y antes, por reprochar p\u00fablicamente a Ayuso, durante la gala de otros premios, que despu\u00e9s de vender 300.000 ejemplares de La pen\u00ednsulas de las casas vac\u00edas su cuenta corriente s\u00f3lo le alcanza para comprar \u00abun zulo sin ventanas\u00bb en la capital.\u00ab\u00c9l sabe que es un personaje y lo est\u00e1 explotando\u00bb, sigue Marqu\u00e9s. \u00abNo creo que haga teatro ni est\u00e9 fingiendo, pero quiz\u00e1s s\u00ed est\u00e1 llegando a cierta exageraci\u00f3n. Su libro est\u00e1 muy bien, es valiente, y \u00e9l es un t\u00edo simp\u00e1tico y muy listo, pero digamos que est\u00e1 doblando la apuesta. Ahora no solo quiere ser un escritor, quiere ser alguien que no tiene techo. Llegar\u00e1 a ministro de Cultura si quiere, porque es un hombre ambicioso y quiere estar siempre en el candelero, dar titulares, provocar... Y me parece bien. Si lo que quiere es comprarse un castillo, lo est\u00e1 haciendo muy bien. Si quiere ganar el Cervantes, igual no tanto\u00bb.Ucl\u00e9s ha cruzado acusaciones con sus cr\u00edticos a trav\u00e9s de las redes sociales y acab\u00f3 cerrando su perfil en X porque se hab\u00eda convertido en un \u00abnido de fascistas\u00bb. Ha sido acosado por escribir de la Guerra Civil y por hablar abiertamente de su homosexualidad. Y ha sido reducido casi a meme por cantar en sus presentaciones, por atreverse con el catal\u00e1n, por recitar a Robe Iniesta, por vestir ropa de segunda mano o por haber hecho de su c\u00e9lebre boina un icono personal.\u00abLlevo boina desde la adolescencia\u00bb, cont\u00f3 \u00e9l mismo hace unos d\u00edas desde la columna que firma en La Vanguardia. \u00abA mis 35 sigo llevando sombrero y ropa de segunda mano. Mi forma de vestir no ha sido impuesta por mi editorial para crear un personaje en torno a m\u00ed y vender m\u00e1s, que es la acusaci\u00f3n m\u00e1s com\u00fan que suelo recibir de mis detractores, quienes tambi\u00e9n afirman que fui creado por una logia mas\u00f3nica, comunista y sanchista. De hecho, la editorial me aconsejaba que no saliera con la boina en las primeras entrevistas. 'David, no llames m\u00e1s la atenci\u00f3n que el propio libro. La novela va a ir sola, sin pol\u00e9micas'. Creo que fue un buen consejo, aunque apenas lo cumpl\u00ed\u00bb.Y as\u00ed es. La pol\u00e9mica no ha abandonado a Ucl\u00e9s pese al incuestionable \u00e9xito de su obra.\"Es un hombre ambicioso y est\u00e1 bien... Si lo que quiere es comprarse un castillo, lo est\u00e1 haciendo muy bien. Si quiere ganar el Cervantes, no tanto\"Juan Marqu\u00e9s, cr\u00edtico literarioLa pen\u00ednsula de las casas vac\u00edas se public\u00f3 en marzo de 2024 con el sello de Siruela. El escritor dedic\u00f3 m\u00e1s de 15 a\u00f1os y dos becas para finalizar una novela de 700 p\u00e1ginas. En verano de aquel a\u00f1o, el libro hab\u00eda vendido unos 15.000 ejemplares, un \u00e9xito inesperado para el propio Ucl\u00e9s, pero unas cifras algo decepcionantes para Siruela, que ech\u00f3 el resto antes de las siguientes Navidades. Una presentaci\u00f3n con Ian Gibson en el Ateneo de Madrid, un oportuno soneto de Joaqu\u00edn Sabina dedicado a la novela y una frase del periodista I\u00f1aki Gabilondo elogiando el t\u00edtulo de Ucl\u00e9s -\u00abEs lo mejor que he le\u00eddo en much\u00edsimos a\u00f1os\u00bb- dispararon las ventas. La ruta del escritor por librer\u00edas de toda Espa\u00f1a hizo el resto. La editorial casi se queda sin stock.\u00abEl a\u00f1o pasado, su novela era el libro de ficci\u00f3n m\u00e1s vendido en Espa\u00f1a y la versi\u00f3n en tapa dura estaba en la quinta posici\u00f3n\u00bb, cuenta el librero Paco Goyanes. La pen\u00ednsula de las casas vac\u00edas acumula m\u00e1s de 60 semanas en el podio de los best sellers de nuestro pa\u00eds.\u00abDavid se ha trabajado mucho a los lectores y con su libro, como ocurre casi siempre, ha funcionado mucho el boca oreja\u00bb, explica Goyanes. Los clientes de su librer\u00eda, en Zaragoza, eligieron La pen\u00ednsula... como libro del a\u00f1o en 2024. \u00abNadie tiene la tecla del \u00e9xito, pero \u00e9l ha sabido adaptarse a estos tiempos. Antes las editoriales se encargaban de la promoci\u00f3n, pero ahora son los autores los que se la hacen solos: est\u00e1n constantemente circulando por todo el pa\u00eds, en festivales, conferencias y presentaciones y vendi\u00e9ndose en las redes, que es lo que se demanda hoy. A David le ha funcionado pero tambi\u00e9n le ha supuesto demasiada exposici\u00f3n y mucho rechazo\u00bb.-\u00bfPor qu\u00e9 ese rechazo?-\u00c9l tiene todo lo que a un sector importante de la gente que est\u00e1 en redes no le gusta. David lleva boina, es homosexual, lo declara p\u00fablicamente, y es pol\u00e9mico en sus declaraciones. Y encima est\u00e1 triunfando con un libro sobre la Guerra Civil, que es casi una maldici\u00f3n.A d\u00eda de hoy, La pen\u00ednsula de las casas vac\u00edas suma 30 ediciones, m\u00e1s de 300.000 ejemplares vendidos y decenas de premios. La novela, adem\u00e1s, se ha traducido a varios idiomas y tendr\u00e1 su versi\u00f3n en serie de televisi\u00f3n.\"Mi forma de vestir no ha sido impuesta por mi editorial para crear un personaje en torno a m\u00ed y vender m\u00e1s, que es la acusaci\u00f3n m\u00e1s com\u00fan\"David Ucl\u00e9s\u00abA m\u00ed como fen\u00f3meno editorial no me interesa en absoluto\u00bb, rebate el poeta, editor y bibli\u00f3filo sevillano Abelardo Linares. \u00abMe parece que Ucl\u00e9s pertenece m\u00e1s al sector del famoseo y el marketing y est\u00e1 claro que le ha funcionado porque gracias a \u00e9l nos hemos dado cuenta de lo infravalorada que estaba la boina\u00bb, bromea Linares, que desconf\u00eda del supuesto triunfo del escritor jienense. \u00abMe parece que la palabra \u00e9xito tiene demasiado \u00e9xito, pero eso no significa prestigio y no es algo que a m\u00ed me interese. En el mundo editorial hay mucha gente a la que le dan una hamburguesa en mal estado y cree que est\u00e1 en un restaurante con dos estrellas Michelin. Ucl\u00e9s es un tipo de figura literaria que se quiere presentar como pseudoescandalosa y que concibe la literatura como parte de un montaje en el que se cuidan las formas de promoci\u00f3n\u00bb.Tambi\u00e9n se cuida el relato. El propio David Ucl\u00e9s ha puesto el foco en su historia personal. Es licenciado y m\u00e1ster en Traducci\u00f3n e Interpretaci\u00f3n (en ingl\u00e9s y alem\u00e1n). Pero durante mucho tiempo vivi\u00f3 de vender cuadros y tocar el acorde\u00f3n en la calle mientras ofrec\u00eda sus manuscritos de editorial en editorial. Cuenta \u00e9l mismo que recorri\u00f3 m\u00e1s de 25.000 kil\u00f3metros por toda Espa\u00f1a para documentar su novela. Y cuando logr\u00f3, por fin, publicarla, la editorial le suplicaba que se ahorrara la boina en las presentaciones o que evitara ponerse a cantar. Tampoco hizo mucho caso. En septiembre de 2025, durante la presentaci\u00f3n de su libro en el Hay Festival de Segovia, Ucl\u00e9s se arranc\u00f3 con un canto gregoriano.\u00abFue todo un suceso\u00bb, recuerda Sheila Cremaschi, directora del certamen. \u00abTodo el mundo se enamor\u00f3 de \u00e9l y ya era entonces como la gente le ve ahora. David tiene una voz \u00fanica que ha sabido conectar con la gente joven porque resulta genuina. La contrapartida es que cuando no vas con el discurso oficial ni mantienes un perfil bajo, siempre te encuentras con la intolerancia. Y m\u00e1s en estos tiempos tan polarizados. Si Ucl\u00e9s hubiese publicado su libro hace unos a\u00f1os, no habr\u00edamos vivido un c\u00f3ctel tan explosivo\u00bb.\"Tiene una voz \u00fanica que conecta con la gente joven porque resulta genuina. La contrapartida es que no tener un perfil bajo, siempre provoca intolerancia\"Sheila Cremaschi, directora del Hay FestivalTras la pol\u00e9mica de este fin de semana, David Ucl\u00e9s ha decidido (al menos por un momento) guardar silencio. \u00abYa no quiero hablar m\u00e1s de m\u00ed, s\u00f3lo quiero hablar de mi obra\u00bb, respondi\u00f3 ayer a EL MUNDO. Su pr\u00f3ximo t\u00edtulo, La ciudad de las luces muertas, editada por Destino, saldr\u00e1 a la venta el 4 de febrero. Su anterior sello se enter\u00f3 de que perd\u00edan la firma de Ucl\u00e9s la misma noche que gan\u00f3 el Nadal. Otra vez la pol\u00e9mica.\u00abUcl\u00e9s es un escritor joven, ambicioso, sagaz y en proceso de construcci\u00f3n de un personaje literario. Nada nuevo\u00bb, apunta el periodista cultural de EL MUNDO Antonio Lucas. \u00abDesde la indumentaria hasta la cadencia de la voz, el mensaje abanderado y la aparente fragilidad del muchacho de raigambre rural bajo los imprevistos focos, todo parece responder a una adenda literaria. El \u00e9xito y la atenci\u00f3n expansiva que recibe por su novela es formidable y en esa senda \u00e9l construye con empe\u00f1o una biograf\u00eda de chico errante con acorde\u00f3n y cae de pie en este momento. Ucl\u00e9s se ha trabajado con empe\u00f1o y esfuerzo su sitio de ahora. Y es un m\u00e9rito notable\u00bb, dice Lucas. Y avisa: \u00abLos fen\u00f3menos medi\u00e1ticos no pueden bajar la guardia y ese ruido no siempre trabaja a favor de obra. Lo que importa es la obra. Lo dem\u00e1s puede quedar con el tiempo como un complemento de armario\u00bb.-\u00bfPor qu\u00e9 todo el mundo habla de David Ucl\u00e9s?-Se habla en estos meses mucho de \u00e9l y eso extra\u00f1a, pero a nadie sorprende que se d\u00e9 mil veces m\u00e1s atenci\u00f3n a deportistas j\u00f3venes. O a m\u00fasicos, a actrices y actores con discursos rasantes. David Ucl\u00e9s, al menos, s\u00ed se posiciona.","breadcrumb":{"@id":"https:\/\/vof-news.eu\/es\/por-que-todo-el-mundo-habla-de-david-ucles-esta-disenado-todo-para-que-sea-el-protagonista-de-nuestras-vidas-en-disputa-con-rosalia\/#breadcrumb"},"inLanguage":"es","potentialAction":[{"@type":"ReadAction","target":["https:\/\/vof-news.eu\/es\/por-que-todo-el-mundo-habla-de-david-ucles-esta-disenado-todo-para-que-sea-el-protagonista-de-nuestras-vidas-en-disputa-con-rosalia\/"]}]},{"@type":"ImageObject","inLanguage":"es","@id":"https:\/\/vof-news.eu\/es\/por-que-todo-el-mundo-habla-de-david-ucles-esta-disenado-todo-para-que-sea-el-protagonista-de-nuestras-vidas-en-disputa-con-rosalia\/#primaryimage","url":"https:\/\/vof-news.eu\/wp-content\/uploads\/2026\/01\/17694524346286.jpg","contentUrl":"https:\/\/vof-news.eu\/wp-content\/uploads\/2026\/01\/17694524346286.jpg","width":1366,"height":1537},{"@type":"BreadcrumbList","@id":"https:\/\/vof-news.eu\/es\/por-que-todo-el-mundo-habla-de-david-ucles-esta-disenado-todo-para-que-sea-el-protagonista-de-nuestras-vidas-en-disputa-con-rosalia\/#breadcrumb","itemListElement":[{"@type":"ListItem","position":1,"name":"Home","item":"https:\/\/vof-news.eu\/es\/"},{"@type":"ListItem","position":2,"name":"Por qu\u00e9 todo el mundo habla de David Ucl\u00e9s: &#8220;Est\u00e1 dise\u00f1ado todo para que sea el protagonista de nuestras vidas en disputa con Rosal\u00eda&#8221;"}]},{"@type":"WebSite","@id":"https:\/\/vof-news.eu\/es\/#website","url":"https:\/\/vof-news.eu\/es\/","name":"vof-news.eu","description":"","potentialAction":[{"@type":"SearchAction","target":{"@type":"EntryPoint","urlTemplate":"https:\/\/vof-news.eu\/es\/?s={search_term_string}"},"query-input":"required name=search_term_string"}],"inLanguage":"es"},{"@type":"Person","@id":"https:\/\/vof-news.eu\/es\/#\/schema\/person\/f6a2a4309f0561835797fd8c19b333ed","name":"Author","image":{"@type":"ImageObject","inLanguage":"es","@id":"https:\/\/vof-news.eu\/es\/#\/schema\/person\/image\/","url":"https:\/\/secure.gravatar.com\/avatar\/b67e614b1b25b3e9c0c239efdd2fde5ab015b5affd6f1c3c85911ca4b384e790?s=96&d=mm&r=g","contentUrl":"https:\/\/secure.gravatar.com\/avatar\/b67e614b1b25b3e9c0c239efdd2fde5ab015b5affd6f1c3c85911ca4b384e790?s=96&d=mm&r=g","caption":"Author"},"sameAs":["http:\/\/vof-news.eu"],"url":"https:\/\/vof-news.eu\/es\/author\/zwt6qxnjulxbnyg\/"}]}},"yoast_meta":{"yoast_wpseo_title":"","yoast_wpseo_metadesc":"","yoast_wpseo_canonical":""},"_links":{"self":[{"href":"https:\/\/vof-news.eu\/es\/wp-json\/wp\/v2\/posts\/320536","targetHints":{"allow":["GET"]}}],"collection":[{"href":"https:\/\/vof-news.eu\/es\/wp-json\/wp\/v2\/posts"}],"about":[{"href":"https:\/\/vof-news.eu\/es\/wp-json\/wp\/v2\/types\/post"}],"author":[{"embeddable":true,"href":"https:\/\/vof-news.eu\/es\/wp-json\/wp\/v2\/users\/1"}],"replies":[{"embeddable":true,"href":"https:\/\/vof-news.eu\/es\/wp-json\/wp\/v2\/comments?post=320536"}],"version-history":[{"count":1,"href":"https:\/\/vof-news.eu\/es\/wp-json\/wp\/v2\/posts\/320536\/revisions"}],"predecessor-version":[{"id":320543,"href":"https:\/\/vof-news.eu\/es\/wp-json\/wp\/v2\/posts\/320536\/revisions\/320543"}],"wp:featuredmedia":[{"embeddable":true,"href":"https:\/\/vof-news.eu\/es\/wp-json\/wp\/v2\/media\/320537"}],"wp:attachment":[{"href":"https:\/\/vof-news.eu\/es\/wp-json\/wp\/v2\/media?parent=320536"}],"wp:term":[{"taxonomy":"category","embeddable":true,"href":"https:\/\/vof-news.eu\/es\/wp-json\/wp\/v2\/categories?post=320536"},{"taxonomy":"post_tag","embeddable":true,"href":"https:\/\/vof-news.eu\/es\/wp-json\/wp\/v2\/tags?post=320536"}],"curies":[{"name":"wp","href":"https:\/\/api.w.org\/{rel}","templated":true}]}}