{"id":320319,"date":"2026-01-26T15:19:23","date_gmt":"2026-01-26T12:19:23","guid":{"rendered":"https:\/\/vof-news.eu\/el-extrano-sorteo-para-la-copa-del-rey-no-me-parece-muy-serio\/"},"modified":"2026-01-26T15:20:05","modified_gmt":"2026-01-26T12:20:05","slug":"el-extrano-sorteo-para-la-copa-del-rey-no-me-parece-muy-serio","status":"publish","type":"post","link":"https:\/\/vof-news.eu\/es\/el-extrano-sorteo-para-la-copa-del-rey-no-me-parece-muy-serio\/","title":{"rendered":"El extra\u00f1o sorteo para la Copa del Rey: \u00abNo me parece muy serio\u00bb"},"content":{"rendered":"<div>\n<p>El pasado 13 de diciembre, la borrasca Emilia iba a poner, de rebote, patas arriba un evento que se celebrar\u00eda m\u00e1s dos meses despu\u00e9s. Ese fin de semana, jornada 10 de la Liga Endesa, el temporal impidi\u00f3 que se disputasen dos partidos. En el Roig Arena, el Valencia-Casademont Zaragoza. Y en Gran Canaria, el Dreamland-Kosner Baskonia. La borrasca y el inasumible calendario. En el sorteo celebrado este lunes, hubo un asterisco. <\/p>\n<p>Un l\u00edo propiciado porque el encuentro entre canarios y vitorianos todav\u00eda no se ha podido celebrar: se disputar\u00e1 el 8 de febrero, no sin &#8216;mover&#8217; otro par de partidos. Y, dependiendo de ese resultado, los de <strong>Paolo Galbiati<\/strong> ser\u00e1n (si ganan) o no (si pierden) cuarto clasificado y cabeza de serie, arrebat\u00e1ndole (o no) la posici\u00f3n al UCAM Murcia. Por lo que en dicho sorteo el Bar\u00e7a no sabe si se las ver\u00e1 con los murcianos o con los vitorianos. Tampoco La Laguna Tenerife. <\/p>\n<p>Una situaci\u00f3n ins\u00f3lita, de complicad\u00edsima resoluci\u00f3n (para el Zaragoza-Valencia s\u00ed se encontr\u00f3 acomodo en el calendario antes del fin de la primera vuelta) que ha propiciado alguna cr\u00edtica. \u00abMaravilloso, s\u00faper, mucha inquietud, mucha sorpresa&#8230; muy serio todo, me parece\u00bb, coment\u00f3 <strong>Ibon Navarro<\/strong>, entrenador del Unicaja, que defiende t\u00edtulo, a\u00f1adiendo: \u00abNo s\u00e9 si se podr\u00eda haber arreglado de otra manera, no estoy en la ACB, seguramente no. Pero no me parece muy serio\u00bb. <\/p>\n<p>Finalmente, su equipo no se vio perjudicado por esta circunstancia. Los malague\u00f1os se las ver\u00e1n en cuartos con el Real Madrid, el l\u00edder. Por ese lado del cuadro tambi\u00e9n se disputa el Valencia (anfitri\u00f3n)-Joventut. La Copa del Rey se disputar\u00e1 por primera vez en su historia en el asombroso <strong>Roig Arena de Valencia,<\/strong> entre el jueves19 y el domingo 22 de febrero. <\/p>\n<hr\/>\n<\/div>\n","protected":false},"excerpt":{"rendered":"<p>El pasado 13 de diciembre, la borrasca Emilia iba a poner, de rebote, patas arriba un evento que se celebrar\u00eda m\u00e1s dos meses despu\u00e9s. Ese fin de semana, jornada 10 de la Liga Endesa, el temporal impidi\u00f3 que se disputasen dos partidos. En el Roig Arena, el Valencia-Casademont Zaragoza. Y en Gran Canaria, el Dreamland-Kosner<\/p>\n","protected":false},"author":1,"featured_media":320320,"comment_status":"open","ping_status":"open","sticky":false,"template":"","format":"standard","meta":{"footnotes":""},"categories":[76],"tags":[],"class_list":["post-320319","post","type-post","status-publish","format-standard","has-post-thumbnail","hentry","category-sport-es"],"acf":[],"yoast_head":"<!-- This site is optimized with the Yoast SEO plugin v22.9 - https:\/\/yoast.com\/wordpress\/plugins\/seo\/ -->\n<title>El extra\u00f1o sorteo para la Copa del Rey: &quot;No me parece muy serio&quot; - vof-news.eu<\/title>\n<meta name=\"description\" content=\"El pasado 13 de diciembre, la borrasca Emilia iba a poner, de rebote, patas arriba un evento que se celebrar\u00eda m\u00e1s dos meses despu\u00e9s. Ese fin de semana, jornada 10 de la Liga Endesa, el temporal impidi\u00f3 que se disputasen dos partidos. En el Roig Arena, el Valencia-Casademont Zaragoza. Y en Gran Canaria, el Dreamland-Kosner Baskonia. La borrasca y el inasumible calendario. En el sorteo celebrado este lunes, hubo un asterisco. Un l\u00edo propiciado porque el encuentro entre canarios y vitorianos todav\u00eda no se ha podido celebrar: se disputar\u00e1 el 8 de febrero, no sin &#039;mover&#039; otro par de partidos. Y, dependiendo de ese resultado, los de Paolo Galbiati ser\u00e1n (si ganan) o no (si pierden) cuarto clasificado y cabeza de serie, arrebat\u00e1ndole (o no) la posici\u00f3n al UCAM Murcia. Por lo que en dicho sorteo el Bar\u00e7a no sabe si se las ver\u00e1 con los murcianos o con los vitorianos. Tampoco La Laguna Tenerife. Una situaci\u00f3n ins\u00f3lita, de complicad\u00edsima resoluci\u00f3n (para el Zaragoza-Valencia s\u00ed se encontr\u00f3 acomodo en el calendario antes del fin de la primera vuelta) que ha propiciado alguna cr\u00edtica. &quot;Maravilloso, s\u00faper, mucha inquietud, mucha sorpresa... muy serio todo, me parece&quot;, coment\u00f3 Ibon Navarro, entrenador del Unicaja, que defiende t\u00edtulo, a\u00f1adiendo: &quot;No s\u00e9 si se podr\u00eda haber arreglado de otra manera, no estoy en la ACB, seguramente no. Pero no me parece muy serio&quot;. Finalmente, su equipo no se vio perjudicado por esta circunstancia. Los malague\u00f1os se las ver\u00e1n en cuartos con el Real Madrid, el l\u00edder. Por ese lado del cuadro tambi\u00e9n se disputa el Valencia (anfitri\u00f3n)-Joventut. La Copa del Rey se disputar\u00e1 por primera vez en su historia en el asombroso Roig Arena de Valencia, entre el jueves19 y el domingo 22 de febrero.\" \/>\n<meta name=\"robots\" content=\"noindex, follow, max-snippet:-1, max-image-preview:large, max-video-preview:-1\" \/>\n<meta property=\"og:locale\" content=\"es_ES\" \/>\n<meta property=\"og:type\" content=\"article\" \/>\n<meta property=\"og:title\" content=\"El extra\u00f1o sorteo para la Copa del Rey: &quot;No me parece muy serio&quot; - vof-news.eu\" \/>\n<meta property=\"og:description\" content=\"El pasado 13 de diciembre, la borrasca Emilia iba a poner, de rebote, patas arriba un evento que se celebrar\u00eda m\u00e1s dos meses despu\u00e9s. Ese fin de semana, jornada 10 de la Liga Endesa, el temporal impidi\u00f3 que se disputasen dos partidos. En el Roig Arena, el Valencia-Casademont Zaragoza. Y en Gran Canaria, el Dreamland-Kosner Baskonia. La borrasca y el inasumible calendario. En el sorteo celebrado este lunes, hubo un asterisco. Un l\u00edo propiciado porque el encuentro entre canarios y vitorianos todav\u00eda no se ha podido celebrar: se disputar\u00e1 el 8 de febrero, no sin &#039;mover&#039; otro par de partidos. Y, dependiendo de ese resultado, los de Paolo Galbiati ser\u00e1n (si ganan) o no (si pierden) cuarto clasificado y cabeza de serie, arrebat\u00e1ndole (o no) la posici\u00f3n al UCAM Murcia. Por lo que en dicho sorteo el Bar\u00e7a no sabe si se las ver\u00e1 con los murcianos o con los vitorianos. Tampoco La Laguna Tenerife. Una situaci\u00f3n ins\u00f3lita, de complicad\u00edsima resoluci\u00f3n (para el Zaragoza-Valencia s\u00ed se encontr\u00f3 acomodo en el calendario antes del fin de la primera vuelta) que ha propiciado alguna cr\u00edtica. &quot;Maravilloso, s\u00faper, mucha inquietud, mucha sorpresa... muy serio todo, me parece&quot;, coment\u00f3 Ibon Navarro, entrenador del Unicaja, que defiende t\u00edtulo, a\u00f1adiendo: &quot;No s\u00e9 si se podr\u00eda haber arreglado de otra manera, no estoy en la ACB, seguramente no. Pero no me parece muy serio&quot;. Finalmente, su equipo no se vio perjudicado por esta circunstancia. Los malague\u00f1os se las ver\u00e1n en cuartos con el Real Madrid, el l\u00edder. Por ese lado del cuadro tambi\u00e9n se disputa el Valencia (anfitri\u00f3n)-Joventut. La Copa del Rey se disputar\u00e1 por primera vez en su historia en el asombroso Roig Arena de Valencia, entre el jueves19 y el domingo 22 de febrero.\" \/>\n<meta property=\"og:url\" content=\"https:\/\/vof-news.eu\/es\/el-extrano-sorteo-para-la-copa-del-rey-no-me-parece-muy-serio\/\" \/>\n<meta property=\"og:site_name\" content=\"vof-news.eu\" \/>\n<meta property=\"article:published_time\" content=\"2026-01-26T12:19:23+00:00\" \/>\n<meta property=\"article:modified_time\" content=\"2026-01-26T12:20:05+00:00\" \/>\n<meta property=\"og:image\" content=\"https:\/\/vof-news.eu\/wp-content\/uploads\/2026\/01\/17694289854403.jpg\" \/>\n\t<meta property=\"og:image:width\" content=\"1366\" \/>\n\t<meta property=\"og:image:height\" content=\"830\" \/>\n\t<meta property=\"og:image:type\" content=\"image\/jpeg\" \/>\n<meta name=\"author\" content=\"Author\" \/>\n<meta name=\"twitter:card\" content=\"summary_large_image\" \/>\n<meta name=\"twitter:label1\" content=\"Escrito por\" \/>\n\t<meta name=\"twitter:data1\" content=\"Author\" \/>\n\t<meta name=\"twitter:label2\" content=\"Tiempo de lectura\" \/>\n\t<meta name=\"twitter:data2\" content=\"2 minutos\" \/>\n<script type=\"application\/ld+json\" class=\"yoast-schema-graph\">{\"@context\":\"https:\/\/schema.org\",\"@graph\":[{\"@type\":\"WebPage\",\"@id\":\"https:\/\/vof-news.eu\/es\/el-extrano-sorteo-para-la-copa-del-rey-no-me-parece-muy-serio\/\",\"url\":\"https:\/\/vof-news.eu\/es\/el-extrano-sorteo-para-la-copa-del-rey-no-me-parece-muy-serio\/\",\"name\":\"El extra\u00f1o sorteo para la Copa del Rey: \\\"No me parece muy serio\\\" - vof-news.eu\",\"isPartOf\":{\"@id\":\"https:\/\/vof-news.eu\/es\/#website\"},\"primaryImageOfPage\":{\"@id\":\"https:\/\/vof-news.eu\/es\/el-extrano-sorteo-para-la-copa-del-rey-no-me-parece-muy-serio\/#primaryimage\"},\"image\":{\"@id\":\"https:\/\/vof-news.eu\/es\/el-extrano-sorteo-para-la-copa-del-rey-no-me-parece-muy-serio\/#primaryimage\"},\"thumbnailUrl\":\"https:\/\/vof-news.eu\/wp-content\/uploads\/2026\/01\/17694289854403.jpg\",\"datePublished\":\"2026-01-26T12:19:23+00:00\",\"dateModified\":\"2026-01-26T12:20:05+00:00\",\"author\":{\"@id\":\"https:\/\/vof-news.eu\/es\/#\/schema\/person\/f6a2a4309f0561835797fd8c19b333ed\"},\"description\":\"El pasado 13 de diciembre, la borrasca Emilia iba a poner, de rebote, patas arriba un evento que se celebrar\u00eda m\u00e1s dos meses despu\u00e9s. Ese fin de semana, jornada 10 de la Liga Endesa, el temporal impidi\u00f3 que se disputasen dos partidos. En el Roig Arena, el Valencia-Casademont Zaragoza. Y en Gran Canaria, el Dreamland-Kosner Baskonia. La borrasca y el inasumible calendario. En el sorteo celebrado este lunes, hubo un asterisco. Un l\u00edo propiciado porque el encuentro entre canarios y vitorianos todav\u00eda no se ha podido celebrar: se disputar\u00e1 el 8 de febrero, no sin 'mover' otro par de partidos. Y, dependiendo de ese resultado, los de Paolo Galbiati ser\u00e1n (si ganan) o no (si pierden) cuarto clasificado y cabeza de serie, arrebat\u00e1ndole (o no) la posici\u00f3n al UCAM Murcia. Por lo que en dicho sorteo el Bar\u00e7a no sabe si se las ver\u00e1 con los murcianos o con los vitorianos. Tampoco La Laguna Tenerife. Una situaci\u00f3n ins\u00f3lita, de complicad\u00edsima resoluci\u00f3n (para el Zaragoza-Valencia s\u00ed se encontr\u00f3 acomodo en el calendario antes del fin de la primera vuelta) que ha propiciado alguna cr\u00edtica. \\\"Maravilloso, s\u00faper, mucha inquietud, mucha sorpresa... muy serio todo, me parece\\\", coment\u00f3 Ibon Navarro, entrenador del Unicaja, que defiende t\u00edtulo, a\u00f1adiendo: \\\"No s\u00e9 si se podr\u00eda haber arreglado de otra manera, no estoy en la ACB, seguramente no. Pero no me parece muy serio\\\". Finalmente, su equipo no se vio perjudicado por esta circunstancia. Los malague\u00f1os se las ver\u00e1n en cuartos con el Real Madrid, el l\u00edder. Por ese lado del cuadro tambi\u00e9n se disputa el Valencia (anfitri\u00f3n)-Joventut. La Copa del Rey se disputar\u00e1 por primera vez en su historia en el asombroso Roig Arena de Valencia, entre el jueves19 y el domingo 22 de febrero.\",\"breadcrumb\":{\"@id\":\"https:\/\/vof-news.eu\/es\/el-extrano-sorteo-para-la-copa-del-rey-no-me-parece-muy-serio\/#breadcrumb\"},\"inLanguage\":\"es\",\"potentialAction\":[{\"@type\":\"ReadAction\",\"target\":[\"https:\/\/vof-news.eu\/es\/el-extrano-sorteo-para-la-copa-del-rey-no-me-parece-muy-serio\/\"]}]},{\"@type\":\"ImageObject\",\"inLanguage\":\"es\",\"@id\":\"https:\/\/vof-news.eu\/es\/el-extrano-sorteo-para-la-copa-del-rey-no-me-parece-muy-serio\/#primaryimage\",\"url\":\"https:\/\/vof-news.eu\/wp-content\/uploads\/2026\/01\/17694289854403.jpg\",\"contentUrl\":\"https:\/\/vof-news.eu\/wp-content\/uploads\/2026\/01\/17694289854403.jpg\",\"width\":1366,\"height\":830},{\"@type\":\"BreadcrumbList\",\"@id\":\"https:\/\/vof-news.eu\/es\/el-extrano-sorteo-para-la-copa-del-rey-no-me-parece-muy-serio\/#breadcrumb\",\"itemListElement\":[{\"@type\":\"ListItem\",\"position\":1,\"name\":\"Home\",\"item\":\"https:\/\/vof-news.eu\/es\/\"},{\"@type\":\"ListItem\",\"position\":2,\"name\":\"El extra\u00f1o sorteo para la Copa del Rey: &#8220;No me parece muy serio&#8221;\"}]},{\"@type\":\"WebSite\",\"@id\":\"https:\/\/vof-news.eu\/es\/#website\",\"url\":\"https:\/\/vof-news.eu\/es\/\",\"name\":\"vof-news.eu\",\"description\":\"\",\"potentialAction\":[{\"@type\":\"SearchAction\",\"target\":{\"@type\":\"EntryPoint\",\"urlTemplate\":\"https:\/\/vof-news.eu\/es\/?s={search_term_string}\"},\"query-input\":\"required name=search_term_string\"}],\"inLanguage\":\"es\"},{\"@type\":\"Person\",\"@id\":\"https:\/\/vof-news.eu\/es\/#\/schema\/person\/f6a2a4309f0561835797fd8c19b333ed\",\"name\":\"Author\",\"image\":{\"@type\":\"ImageObject\",\"inLanguage\":\"es\",\"@id\":\"https:\/\/vof-news.eu\/es\/#\/schema\/person\/image\/\",\"url\":\"https:\/\/secure.gravatar.com\/avatar\/b67e614b1b25b3e9c0c239efdd2fde5ab015b5affd6f1c3c85911ca4b384e790?s=96&d=mm&r=g\",\"contentUrl\":\"https:\/\/secure.gravatar.com\/avatar\/b67e614b1b25b3e9c0c239efdd2fde5ab015b5affd6f1c3c85911ca4b384e790?s=96&d=mm&r=g\",\"caption\":\"Author\"},\"sameAs\":[\"http:\/\/vof-news.eu\"],\"url\":\"https:\/\/vof-news.eu\/es\/author\/zwt6qxnjulxbnyg\/\"}]}<\/script>\n<!-- \/ Yoast SEO plugin. -->","yoast_head_json":{"title":"El extra\u00f1o sorteo para la Copa del Rey: \"No me parece muy serio\" - vof-news.eu","description":"El pasado 13 de diciembre, la borrasca Emilia iba a poner, de rebote, patas arriba un evento que se celebrar\u00eda m\u00e1s dos meses despu\u00e9s. Ese fin de semana, jornada 10 de la Liga Endesa, el temporal impidi\u00f3 que se disputasen dos partidos. En el Roig Arena, el Valencia-Casademont Zaragoza. Y en Gran Canaria, el Dreamland-Kosner Baskonia. La borrasca y el inasumible calendario. En el sorteo celebrado este lunes, hubo un asterisco. Un l\u00edo propiciado porque el encuentro entre canarios y vitorianos todav\u00eda no se ha podido celebrar: se disputar\u00e1 el 8 de febrero, no sin 'mover' otro par de partidos. Y, dependiendo de ese resultado, los de Paolo Galbiati ser\u00e1n (si ganan) o no (si pierden) cuarto clasificado y cabeza de serie, arrebat\u00e1ndole (o no) la posici\u00f3n al UCAM Murcia. Por lo que en dicho sorteo el Bar\u00e7a no sabe si se las ver\u00e1 con los murcianos o con los vitorianos. Tampoco La Laguna Tenerife. Una situaci\u00f3n ins\u00f3lita, de complicad\u00edsima resoluci\u00f3n (para el Zaragoza-Valencia s\u00ed se encontr\u00f3 acomodo en el calendario antes del fin de la primera vuelta) que ha propiciado alguna cr\u00edtica. \"Maravilloso, s\u00faper, mucha inquietud, mucha sorpresa... muy serio todo, me parece\", coment\u00f3 Ibon Navarro, entrenador del Unicaja, que defiende t\u00edtulo, a\u00f1adiendo: \"No s\u00e9 si se podr\u00eda haber arreglado de otra manera, no estoy en la ACB, seguramente no. Pero no me parece muy serio\". Finalmente, su equipo no se vio perjudicado por esta circunstancia. Los malague\u00f1os se las ver\u00e1n en cuartos con el Real Madrid, el l\u00edder. Por ese lado del cuadro tambi\u00e9n se disputa el Valencia (anfitri\u00f3n)-Joventut. La Copa del Rey se disputar\u00e1 por primera vez en su historia en el asombroso Roig Arena de Valencia, entre el jueves19 y el domingo 22 de febrero.","robots":{"index":"noindex","follow":"follow","max-snippet":"max-snippet:-1","max-image-preview":"max-image-preview:large","max-video-preview":"max-video-preview:-1"},"og_locale":"es_ES","og_type":"article","og_title":"El extra\u00f1o sorteo para la Copa del Rey: \"No me parece muy serio\" - vof-news.eu","og_description":"El pasado 13 de diciembre, la borrasca Emilia iba a poner, de rebote, patas arriba un evento que se celebrar\u00eda m\u00e1s dos meses despu\u00e9s. Ese fin de semana, jornada 10 de la Liga Endesa, el temporal impidi\u00f3 que se disputasen dos partidos. En el Roig Arena, el Valencia-Casademont Zaragoza. Y en Gran Canaria, el Dreamland-Kosner Baskonia. La borrasca y el inasumible calendario. En el sorteo celebrado este lunes, hubo un asterisco. Un l\u00edo propiciado porque el encuentro entre canarios y vitorianos todav\u00eda no se ha podido celebrar: se disputar\u00e1 el 8 de febrero, no sin 'mover' otro par de partidos. Y, dependiendo de ese resultado, los de Paolo Galbiati ser\u00e1n (si ganan) o no (si pierden) cuarto clasificado y cabeza de serie, arrebat\u00e1ndole (o no) la posici\u00f3n al UCAM Murcia. Por lo que en dicho sorteo el Bar\u00e7a no sabe si se las ver\u00e1 con los murcianos o con los vitorianos. Tampoco La Laguna Tenerife. Una situaci\u00f3n ins\u00f3lita, de complicad\u00edsima resoluci\u00f3n (para el Zaragoza-Valencia s\u00ed se encontr\u00f3 acomodo en el calendario antes del fin de la primera vuelta) que ha propiciado alguna cr\u00edtica. \"Maravilloso, s\u00faper, mucha inquietud, mucha sorpresa... muy serio todo, me parece\", coment\u00f3 Ibon Navarro, entrenador del Unicaja, que defiende t\u00edtulo, a\u00f1adiendo: \"No s\u00e9 si se podr\u00eda haber arreglado de otra manera, no estoy en la ACB, seguramente no. Pero no me parece muy serio\". Finalmente, su equipo no se vio perjudicado por esta circunstancia. Los malague\u00f1os se las ver\u00e1n en cuartos con el Real Madrid, el l\u00edder. Por ese lado del cuadro tambi\u00e9n se disputa el Valencia (anfitri\u00f3n)-Joventut. La Copa del Rey se disputar\u00e1 por primera vez en su historia en el asombroso Roig Arena de Valencia, entre el jueves19 y el domingo 22 de febrero.","og_url":"https:\/\/vof-news.eu\/es\/el-extrano-sorteo-para-la-copa-del-rey-no-me-parece-muy-serio\/","og_site_name":"vof-news.eu","article_published_time":"2026-01-26T12:19:23+00:00","article_modified_time":"2026-01-26T12:20:05+00:00","og_image":[{"width":1366,"height":830,"url":"https:\/\/vof-news.eu\/wp-content\/uploads\/2026\/01\/17694289854403.jpg","type":"image\/jpeg"}],"author":"Author","twitter_card":"summary_large_image","twitter_misc":{"Escrito por":"Author","Tiempo de lectura":"2 minutos"},"schema":{"@context":"https:\/\/schema.org","@graph":[{"@type":"WebPage","@id":"https:\/\/vof-news.eu\/es\/el-extrano-sorteo-para-la-copa-del-rey-no-me-parece-muy-serio\/","url":"https:\/\/vof-news.eu\/es\/el-extrano-sorteo-para-la-copa-del-rey-no-me-parece-muy-serio\/","name":"El extra\u00f1o sorteo para la Copa del Rey: \"No me parece muy serio\" - vof-news.eu","isPartOf":{"@id":"https:\/\/vof-news.eu\/es\/#website"},"primaryImageOfPage":{"@id":"https:\/\/vof-news.eu\/es\/el-extrano-sorteo-para-la-copa-del-rey-no-me-parece-muy-serio\/#primaryimage"},"image":{"@id":"https:\/\/vof-news.eu\/es\/el-extrano-sorteo-para-la-copa-del-rey-no-me-parece-muy-serio\/#primaryimage"},"thumbnailUrl":"https:\/\/vof-news.eu\/wp-content\/uploads\/2026\/01\/17694289854403.jpg","datePublished":"2026-01-26T12:19:23+00:00","dateModified":"2026-01-26T12:20:05+00:00","author":{"@id":"https:\/\/vof-news.eu\/es\/#\/schema\/person\/f6a2a4309f0561835797fd8c19b333ed"},"description":"El pasado 13 de diciembre, la borrasca Emilia iba a poner, de rebote, patas arriba un evento que se celebrar\u00eda m\u00e1s dos meses despu\u00e9s. Ese fin de semana, jornada 10 de la Liga Endesa, el temporal impidi\u00f3 que se disputasen dos partidos. En el Roig Arena, el Valencia-Casademont Zaragoza. Y en Gran Canaria, el Dreamland-Kosner Baskonia. La borrasca y el inasumible calendario. En el sorteo celebrado este lunes, hubo un asterisco. Un l\u00edo propiciado porque el encuentro entre canarios y vitorianos todav\u00eda no se ha podido celebrar: se disputar\u00e1 el 8 de febrero, no sin 'mover' otro par de partidos. Y, dependiendo de ese resultado, los de Paolo Galbiati ser\u00e1n (si ganan) o no (si pierden) cuarto clasificado y cabeza de serie, arrebat\u00e1ndole (o no) la posici\u00f3n al UCAM Murcia. Por lo que en dicho sorteo el Bar\u00e7a no sabe si se las ver\u00e1 con los murcianos o con los vitorianos. Tampoco La Laguna Tenerife. Una situaci\u00f3n ins\u00f3lita, de complicad\u00edsima resoluci\u00f3n (para el Zaragoza-Valencia s\u00ed se encontr\u00f3 acomodo en el calendario antes del fin de la primera vuelta) que ha propiciado alguna cr\u00edtica. \"Maravilloso, s\u00faper, mucha inquietud, mucha sorpresa... muy serio todo, me parece\", coment\u00f3 Ibon Navarro, entrenador del Unicaja, que defiende t\u00edtulo, a\u00f1adiendo: \"No s\u00e9 si se podr\u00eda haber arreglado de otra manera, no estoy en la ACB, seguramente no. Pero no me parece muy serio\". Finalmente, su equipo no se vio perjudicado por esta circunstancia. Los malague\u00f1os se las ver\u00e1n en cuartos con el Real Madrid, el l\u00edder. Por ese lado del cuadro tambi\u00e9n se disputa el Valencia (anfitri\u00f3n)-Joventut. La Copa del Rey se disputar\u00e1 por primera vez en su historia en el asombroso Roig Arena de Valencia, entre el jueves19 y el domingo 22 de febrero.","breadcrumb":{"@id":"https:\/\/vof-news.eu\/es\/el-extrano-sorteo-para-la-copa-del-rey-no-me-parece-muy-serio\/#breadcrumb"},"inLanguage":"es","potentialAction":[{"@type":"ReadAction","target":["https:\/\/vof-news.eu\/es\/el-extrano-sorteo-para-la-copa-del-rey-no-me-parece-muy-serio\/"]}]},{"@type":"ImageObject","inLanguage":"es","@id":"https:\/\/vof-news.eu\/es\/el-extrano-sorteo-para-la-copa-del-rey-no-me-parece-muy-serio\/#primaryimage","url":"https:\/\/vof-news.eu\/wp-content\/uploads\/2026\/01\/17694289854403.jpg","contentUrl":"https:\/\/vof-news.eu\/wp-content\/uploads\/2026\/01\/17694289854403.jpg","width":1366,"height":830},{"@type":"BreadcrumbList","@id":"https:\/\/vof-news.eu\/es\/el-extrano-sorteo-para-la-copa-del-rey-no-me-parece-muy-serio\/#breadcrumb","itemListElement":[{"@type":"ListItem","position":1,"name":"Home","item":"https:\/\/vof-news.eu\/es\/"},{"@type":"ListItem","position":2,"name":"El extra\u00f1o sorteo para la Copa del Rey: &#8220;No me parece muy serio&#8221;"}]},{"@type":"WebSite","@id":"https:\/\/vof-news.eu\/es\/#website","url":"https:\/\/vof-news.eu\/es\/","name":"vof-news.eu","description":"","potentialAction":[{"@type":"SearchAction","target":{"@type":"EntryPoint","urlTemplate":"https:\/\/vof-news.eu\/es\/?s={search_term_string}"},"query-input":"required name=search_term_string"}],"inLanguage":"es"},{"@type":"Person","@id":"https:\/\/vof-news.eu\/es\/#\/schema\/person\/f6a2a4309f0561835797fd8c19b333ed","name":"Author","image":{"@type":"ImageObject","inLanguage":"es","@id":"https:\/\/vof-news.eu\/es\/#\/schema\/person\/image\/","url":"https:\/\/secure.gravatar.com\/avatar\/b67e614b1b25b3e9c0c239efdd2fde5ab015b5affd6f1c3c85911ca4b384e790?s=96&d=mm&r=g","contentUrl":"https:\/\/secure.gravatar.com\/avatar\/b67e614b1b25b3e9c0c239efdd2fde5ab015b5affd6f1c3c85911ca4b384e790?s=96&d=mm&r=g","caption":"Author"},"sameAs":["http:\/\/vof-news.eu"],"url":"https:\/\/vof-news.eu\/es\/author\/zwt6qxnjulxbnyg\/"}]}},"yoast_meta":{"yoast_wpseo_title":"","yoast_wpseo_metadesc":"","yoast_wpseo_canonical":""},"_links":{"self":[{"href":"https:\/\/vof-news.eu\/es\/wp-json\/wp\/v2\/posts\/320319","targetHints":{"allow":["GET"]}}],"collection":[{"href":"https:\/\/vof-news.eu\/es\/wp-json\/wp\/v2\/posts"}],"about":[{"href":"https:\/\/vof-news.eu\/es\/wp-json\/wp\/v2\/types\/post"}],"author":[{"embeddable":true,"href":"https:\/\/vof-news.eu\/es\/wp-json\/wp\/v2\/users\/1"}],"replies":[{"embeddable":true,"href":"https:\/\/vof-news.eu\/es\/wp-json\/wp\/v2\/comments?post=320319"}],"version-history":[{"count":1,"href":"https:\/\/vof-news.eu\/es\/wp-json\/wp\/v2\/posts\/320319\/revisions"}],"predecessor-version":[{"id":320332,"href":"https:\/\/vof-news.eu\/es\/wp-json\/wp\/v2\/posts\/320319\/revisions\/320332"}],"wp:featuredmedia":[{"embeddable":true,"href":"https:\/\/vof-news.eu\/es\/wp-json\/wp\/v2\/media\/320320"}],"wp:attachment":[{"href":"https:\/\/vof-news.eu\/es\/wp-json\/wp\/v2\/media?parent=320319"}],"wp:term":[{"taxonomy":"category","embeddable":true,"href":"https:\/\/vof-news.eu\/es\/wp-json\/wp\/v2\/categories?post=320319"},{"taxonomy":"post_tag","embeddable":true,"href":"https:\/\/vof-news.eu\/es\/wp-json\/wp\/v2\/tags?post=320319"}],"curies":[{"name":"wp","href":"https:\/\/api.w.org\/{rel}","templated":true}]}}