{"id":320111,"date":"2026-01-25T21:20:39","date_gmt":"2026-01-25T18:20:39","guid":{"rendered":"https:\/\/vof-news.eu\/el-escritor-david-ucles-renuncia-a-participar-en-un-jornadas-sobre-la-guerra-civil-por-la-presencia-de-aznar-y-espinosa-de-los-monteros-no-puedo-verme-en-el-mismo-cartel-que-estos-dos-individuos\/"},"modified":"2026-01-25T21:21:52","modified_gmt":"2026-01-25T18:21:52","slug":"el-escritor-david-ucles-renuncia-a-participar-en-un-jornadas-sobre-la-guerra-civil-por-la-presencia-de-aznar-y-espinosa-de-los-monteros-no-puedo-verme-en-el-mismo-cartel-que-estos-dos-individuos","status":"publish","type":"post","link":"https:\/\/vof-news.eu\/es\/el-escritor-david-ucles-renuncia-a-participar-en-un-jornadas-sobre-la-guerra-civil-por-la-presencia-de-aznar-y-espinosa-de-los-monteros-no-puedo-verme-en-el-mismo-cartel-que-estos-dos-individuos\/","title":{"rendered":"El escritor David Ucl\u00e9s renuncia a participar en un jornadas sobre la Guerra Civil por la presencia de Aznar y Espinosa de los Monteros: \u00abNo puedo verme en el mismo cartel que estos dos individuos\u00bb"},"content":{"rendered":"<div>\n<p>El escritor jienense <strong>David Ucl\u00e9s<\/strong>, autor del best seller <i>La pen\u00ednsula de las casa vac\u00edas<\/i> y reciente ganador del <a href=\"https:\/\/www.elmundo.es\/cultura\/literatura\/2026\/01\/06\/695d2d01e9cf4ad8538b4575.html\" rel=\"nofollow\">Premio Nadal de literatura<\/a> con <i>La ciudad de las luces muertas<\/i>, ha anunciado a trav\u00e9s de las redes sociales su decisi\u00f3n de no asistir al evento <strong>\u20181936: La guerra que todos perdimos\u2019<\/strong>, dentro del festival Letras de Sevilla, coordinado por el escritor <strong>Arturo P\u00e9rez-Reverte <\/strong>y el periodista <strong>Jes\u00fas Vigorra,<\/strong> tras conocer que compartir\u00eda cartel -aunque no coloquio- con el ex presidente del Gobierno <strong>Jos\u00e9 Mar\u00eda Aznar <\/strong>y el ex secretario general de Vox <strong>Iv\u00e1n Espinosa de los Monteros<\/strong>.<\/p>\n<p>\u00abDebo ser honesto y fiel a los principios que defiendo y <strong>no puedo verme en el mismo cartel que estos dos individuos<\/strong>\u00ab, ha explicado este domingo Ucl\u00e9s en un breve v\u00eddeo que public\u00f3 en su perfil de Instagram y en el que quiso disculparse con sus seguidores por no formar parte de un ciclo que se celebrar\u00e1 del 2 al 5 de febrero en la Fundaci\u00f3n Cajasol de la capital andaluza. \u00abSiento mucho que hay\u00e1is visto mi nombre justo a esos dos, lo desconoc\u00eda y me acabo de enterar justo ahora\u00bb.<\/p>\n<p>El escritor ha contado que se hab\u00eda comprometido a participar en las jornadas pese a no considerar \u00abni exacto ni justo\u00bb su t\u00edtulo. \u00ab<strong>La guerra no la perdimos todos, la sufrimos todos, pero la perdieron los republicanos y la ganaron los franquistas<\/strong>, que se lucraron de eso durante 40 a\u00f1os\u00bb, apunt\u00f3. \u00abEl t\u00edtulo no es de mi agrado, pero no por eso voy a dejar de ir\u00bb, dijo antes de defender un debate \u00absano\u00bb sobre la guerra con \u00abvoces que opinan de manera distinta\u00bb.<\/p>\n<p>Sin embargo, no ha ocultado su sorpresa tras descubrir que entre los invitados del festival Letras de Sevilla no s\u00f3lo habr\u00eda escritores, sino tambi\u00e9n pol\u00edticos. \u00abY concretamente dos personas que para m\u00ed quebraron los derechos fundamentales del hombre\u00bb, ha dicho. \u00abPor un lado, Jos\u00e9 Mar\u00eda Aznar, que para m\u00ed es <strong>l<\/strong>a persona que m\u00e1s da\u00f1o f\u00edsico ha hecho al pueblo espa\u00f1ol recientemente. E Iv\u00e1n Espinosa de los Monteros, que ayud\u00f3 a fundar <strong>un partido que atenta contra mi libertad de expresi\u00f3n, contra mi derecho a existir y que defiende unos valores que no comparto<\/strong> y contra los que lucho, unos antivalores\u00bb.<\/p>\n<p>Ucl\u00e9s ha reiterado sus disculpas a sus lectores sevillanos, ha lamentando abandonar la convocatoria tras haberse confirmado su participaci\u00f3n a los organizadores, pero ha asegurado que hay algo que est\u00e1 <strong>\u00abpor encima de los honorarios y del compromiso con los lectores\u00bb<\/strong>. \u00abNo me salen ni las palabras, pero no puedo ir\u00bb, ha dicho a sus seguidores.<\/p>\n<blockquote>\n<p>\u00abAznar es la persona que m\u00e1s da\u00f1o f\u00edsico ha hecho al pueblo espa\u00f1ol recientemente\u00bb, dice el escritor<\/p>\n<p><span><\/span><\/p><\/blockquote>\n<p>Ucl\u00e9s no es el \u00fanico que se ha ca\u00eddo del cartel en las \u00faltimas horas. El coordinador federal de Izquierda Unida, <strong>Antonio Ma\u00edllo<\/strong>, tambi\u00e9n ha comunicado su renuncia a asistir como ponente. \u00abAgradezco la invitaci\u00f3n que se me hizo para una mesa redonda con otras organizaciones pol\u00edticas, espacios que uso con normalidad para defender mis opiniones y a pesar de que, o precisamente por ello, no compart\u00eda en absoluto el t\u00edtulo de las jornadas: en realidad, \u00abUnos perdieron m\u00e1s que otros en la Guerra Civil\u00bb, ha se\u00f1alado Ma\u00edllo en un texto que ha compartido desde su perfil en la red social X.<\/p>\n<p>El dirigente de IU ha reconocido su impacto por c\u00f3mo se han anunciado las jornadas desde la organizaci\u00f3n, su t\u00edtulo y la n\u00f3mina de participantes, \u00abuna especie de &#8216;abajo firmantes&#8217; que sostiene<strong> la tesis de la equidistancia que sugiere el t\u00edtulo<\/strong>, que no solo no comparto, sino que combato porque es un intento de revisar la lectura tr\u00e1gica y desigual de la guerra civil espa\u00f1ola\u00bb.<\/p>\n<p>Ma\u00edllo ha justificado en \u00abese desacierto\u00bb y en el \u00abmalestar e incomodidad\u00bb que le ha provocado el tono de la convocatoria y el <strong>\u00abtotum revolutum\u00bb <\/strong>de sus ponentes su decisi\u00f3n de no participar en el festival. \u00abDefender la palabra y los debates que se acompa\u00f1en tambi\u00e9n exige sensibilidad por los organizadores para no frivolizar ni establecer de antemano las reglas del juego sobre un debate que va a seguir d\u00e1ndose en nuestro pa\u00eds\u00bb, ha sentenciado.<\/p>\n<p>Antonio Ma\u00edllo ten\u00eda previsto participar el d\u00eda 3 de febrero en un debate pol\u00edtico junto a <strong>Ester Mu\u00f1oz<\/strong>, portavoz del Partido Popular, la portavoz del grupo socialista en el Parlamento andaluz, <strong>Mar\u00eda M\u00e1rquez<\/strong>, y el ex dirigente de Vox, <strong>Iv\u00e1n Espinosa de los Monteros<\/strong>.<\/p>\n<p>El t\u00edtulo del coloquio es <i>Noventa a\u00f1os despu\u00e9s \u00bfes posible el di\u00e1logo sobre la Guerra Civil espa\u00f1ola?<\/i> y su moderador es el escritor <strong>Edu Gal\u00e1n<\/strong>, que se ha pronunciado este mismo domingo sobre la renuncia de Ucl\u00e9s.<\/p>\n<p>\u00abNo quiero investigar todos los carteles de las participaciones de Ucl\u00e9s pero estoy seguro de que ha aparecido en listados mucho peores que este\u00bb, ha escrito Gal\u00e1n en <a href=\"https:\/\/www.zendalibros.com\/como-combatir-huyendo\/\" rel=\"nofollow\">una tribuna publicada en Zenda<\/a>. \u00abUcl\u00e9s asegura que no va porque su misi\u00f3n es combatir a esas figuras y sus valores. Raz\u00f3n de m\u00e1s para salir a su encuentro: <strong>\u00bfc\u00f3mo va a combatirles si huye cuando se le aparecen?<\/strong> Si de verdad quiere combatirlas, tendr\u00e1 que hacerlo en estos foros, debatiendo con ellos\u00bb, ha explicado el moderador, que ha tildado de \u00abinfantiloide\u00bb y \u00abtontorrona\u00bb la postura del autor de <i>La pen\u00ednsula de las casas vac\u00edas<\/i>.<\/p>\n<p>La participaci\u00f3n de David Ucl\u00e9s se circunscrib\u00eda a una charla junto a <strong>Luis Mateo D\u00edez<\/strong>, Premio Cervantes 2025, titulada <i>Memoria veterana, letras j\u00f3venes, <\/i>en la que ambos iban a conversar con un grupo de j\u00f3venes estudiantes y que estaba prevista para el d\u00eda 2 a las 20:00 horas, una hora despu\u00e9s de la intervenci\u00f3n de Aznar en otro formato y un d\u00eda antes del debate en el que participar\u00e1 Espinosa de los Monteros.<\/p>\n<p>En el resto de la programaci\u00f3n est\u00e1 anunciada la participaci\u00f3n, entre otros, del director de cine <strong>Alejandro Amen\u00e1bar,<\/strong> el ministro de Presidencia, <strong>F\u00e9lix Bola\u00f1os<\/strong>, la ex vicepresidenta del Gobierno <strong>Carmen Calvo<\/strong>, el ex director del CNI <strong>F\u00e9lix Sanz Rold\u00e1n,<\/strong> los escritores <strong>Paco Cerd\u00e1, Andr\u00e9s Trapiello y Sergio Vila-Sanjuan<\/strong>, los historiadores <strong>Juan Pablo Fusi, Juli\u00e1n Casanova y Fernando del Rey<\/strong> o el actor <strong>Juan Echanove<\/strong>.<\/p>\n<blockquote>\n<p>\u00abEl sectarismo y la ignorancia de Ucl\u00e9s son un claro indicio de que hay sectores ideol\u00f3gicos en Espa\u00f1a que no desean debates ni razones, sino simplezas demag\u00f3gicas y trincheras de odio\u00bb<\/p>\n<p><span>Arturo P\u00e9rez Reverte y Jes\u00fas Vigorra<\/span><\/p><\/blockquote>\n<p>Tras la renuncia de Ucl\u00e9s y Ma\u00edllo, <strong>Arturo P\u00e9rez Reverte y Jes\u00fas Vigorra<\/strong> han hecho p\u00fablico otro comunicado para defender las jornadas de Letras en Sevilla como \u00abun foro de debates amplio, ecu\u00e1nime, sin adscripci\u00f3n ideol\u00f3gica alguna, donde voces de diversas tendencias y sensibilidades han dialogado siempre en admirable armon\u00eda\u00bb.<\/p>\n<p>Los coordinadores del evento han explicado que el escritor fue invitado hace meses, acept\u00f3 la invitaci\u00f3n y \u00abconoc\u00eda perfectamente la n\u00f3mina de invitados y moderadores de los coloquios\u00bb y han calificado su anuncio de este domingo como \u00abuna imperdonable descortes\u00eda y un incumplimiento de su compromiso\u00bb y aseguran que es <strong>\u00abun s\u00edntoma siniestro\u00bb<\/strong> de lo que las jornadas pretend\u00edan poner de manifiesto. \u00abEl sectarismo y la ignorancia de David Ucl\u00e9s son un claro indicio de que hay sectores ideol\u00f3gicos en Espa\u00f1a que no desean debates ni razones, sino simplezas demag\u00f3gicas, trincheras de odio y desprecio que hagan imposibles di\u00e1logos, acuerdos o reconciliaciones\u00bb.<\/p>\n<p>Reverte y Vigorra aseguran que \u00abcon<strong> su descort\u00e9s y censurable arranque de \u00faltima hora<\/strong>, al que acaba de unirse a toda prisa y con descarado oportunismo Antonio Maillo, coordinador general de Izquierda Unida, que fue invitado hace meses a las jornadas, acept\u00f3 intervenir y conoc\u00eda perfectamente la n\u00f3mina de participantes, confirma tristemente lo necesarias que son las jornadas anunciadas para esta nueva edici\u00f3n de Letras en Sevilla, y lo profundas que son las heridas donde algunos parecen c\u00f3modamente instalados\u00bb.<\/p>\n<hr\/>\n<\/div>\n","protected":false},"excerpt":{"rendered":"<p>El escritor jienense David Ucl\u00e9s, autor del best seller La pen\u00ednsula de las casa vac\u00edas y reciente ganador del Premio Nadal de literatura con La ciudad de las luces muertas, ha anunciado a trav\u00e9s de las redes sociales su decisi\u00f3n de no asistir al evento \u20181936: La guerra que todos perdimos\u2019, dentro del festival Letras<\/p>\n","protected":false},"author":1,"featured_media":320112,"comment_status":"open","ping_status":"open","sticky":false,"template":"","format":"standard","meta":{"footnotes":""},"categories":[66],"tags":[],"class_list":["post-320111","post","type-post","status-publish","format-standard","has-post-thumbnail","hentry","category-culture-es"],"acf":[],"yoast_head":"<!-- This site is optimized with the Yoast SEO plugin v22.9 - https:\/\/yoast.com\/wordpress\/plugins\/seo\/ -->\n<title>El escritor David Ucl\u00e9s renuncia a participar en un jornadas sobre la Guerra Civil por la presencia de Aznar y Espinosa de los Monteros: &quot;No puedo verme en el mismo cartel que estos dos individuos&quot; - vof-news.eu<\/title>\n<meta name=\"description\" content=\"El escritor jienense David Ucl\u00e9s, autor del best seller La pen\u00ednsula de las casa vac\u00edas y reciente ganador del Premio Nadal de literatura con La ciudad de las luces muertas, ha anunciado a trav\u00e9s de las redes sociales su decisi\u00f3n de no asistir al evento \u20181936: La guerra que todos perdimos\u2019, dentro del festival Letras de Sevilla, coordinado por el escritor Arturo P\u00e9rez-Reverte y el periodista Jes\u00fas Vigorra, tras conocer que compartir\u00eda cartel -aunque no coloquio- con el ex presidente del Gobierno Jos\u00e9 Mar\u00eda Aznar y el ex secretario general de Vox Iv\u00e1n Espinosa de los Monteros.&quot;Debo ser honesto y fiel a los principios que defiendo y no puedo verme en el mismo cartel que estos dos individuos&quot;, ha explicado este domingo Ucl\u00e9s en un breve v\u00eddeo que public\u00f3 en su perfil de Instagram y en el que quiso disculparse con sus seguidores por no formar parte de un ciclo que se celebrar\u00e1 del 2 al 5 de febrero en la Fundaci\u00f3n Cajasol de la capital andaluza. &quot;Siento mucho que hay\u00e1is visto mi nombre justo a esos dos, lo desconoc\u00eda y me acabo de enterar justo ahora&quot;.El escritor ha contado que se hab\u00eda comprometido a participar en las jornadas pese a no considerar &quot;ni exacto ni justo&quot; su t\u00edtulo. &quot;La guerra no la perdimos todos, la sufrimos todos, pero la perdieron los republicanos y la ganaron los franquistas, que se lucraron de eso durante 40 a\u00f1os&quot;, apunt\u00f3. &quot;El t\u00edtulo no es de mi agrado, pero no por eso voy a dejar de ir&quot;, dijo antes de defender un debate &quot;sano&quot; sobre la guerra con &quot;voces que opinan de manera distinta&quot;.Sin embargo, no ha ocultado su sorpresa tras descubrir que entre los invitados del festival Letras de Sevilla no s\u00f3lo habr\u00eda escritores, sino tambi\u00e9n pol\u00edticos. &quot;Y concretamente dos personas que para m\u00ed quebraron los derechos fundamentales del hombre&quot;, ha dicho. &quot;Por un lado, Jos\u00e9 Mar\u00eda Aznar, que para m\u00ed es la persona que m\u00e1s da\u00f1o f\u00edsico ha hecho al pueblo espa\u00f1ol recientemente. E Iv\u00e1n Espinosa de los Monteros, que ayud\u00f3 a fundar un partido que atenta contra mi libertad de expresi\u00f3n, contra mi derecho a existir y que defiende unos valores que no comparto y contra los que lucho, unos antivalores&quot;.Ucl\u00e9s ha reiterado sus disculpas a sus lectores sevillanos, ha lamentando abandonar la convocatoria tras haberse confirmado su participaci\u00f3n a los organizadores, pero ha asegurado que hay algo que est\u00e1 &quot;por encima de los honorarios y del compromiso con los lectores&quot;. &quot;No me salen ni las palabras, pero no puedo ir&quot;, ha dicho a sus seguidores.&quot;Aznar es la persona que m\u00e1s da\u00f1o f\u00edsico ha hecho al pueblo espa\u00f1ol recientemente&quot;, dice el escritorUcl\u00e9s no es el \u00fanico que se ha ca\u00eddo del cartel en las \u00faltimas horas. El coordinador federal de Izquierda Unida, Antonio Ma\u00edllo, tambi\u00e9n ha comunicado su renuncia a asistir como ponente. &quot;Agradezco la invitaci\u00f3n que se me hizo para una mesa redonda con otras organizaciones pol\u00edticas, espacios que uso con normalidad para defender mis opiniones y a pesar de que, o precisamente por ello, no compart\u00eda en absoluto el t\u00edtulo de las jornadas: en realidad, &quot;Unos perdieron m\u00e1s que otros en la Guerra Civil&quot;, ha se\u00f1alado Ma\u00edllo en un texto que ha compartido desde su perfil en la red social X.El dirigente de IU ha reconocido su impacto por c\u00f3mo se han anunciado las jornadas desde la organizaci\u00f3n, su t\u00edtulo y la n\u00f3mina de participantes, &quot;una especie de &#039;abajo firmantes&#039; que sostiene la tesis de la equidistancia que sugiere el t\u00edtulo, que no solo no comparto, sino que combato porque es un intento de revisar la lectura tr\u00e1gica y desigual de la guerra civil espa\u00f1ola&quot;.Ma\u00edllo ha justificado en &quot;ese desacierto&quot; y en el &quot;malestar e incomodidad&quot; que le ha provocado el tono de la convocatoria y el &quot;totum revolutum&quot; de sus ponentes su decisi\u00f3n de no participar en el festival. &quot;Defender la palabra y los debates que se acompa\u00f1en tambi\u00e9n exige sensibilidad por los organizadores para no frivolizar ni establecer de antemano las reglas del juego sobre un debate que va a seguir d\u00e1ndose en nuestro pa\u00eds&quot;, ha sentenciado.Antonio Ma\u00edllo ten\u00eda previsto participar el d\u00eda 3 de febrero en un debate pol\u00edtico junto a Ester Mu\u00f1oz, portavoz del Partido Popular, la portavoz del grupo socialista en el Parlamento andaluz, Mar\u00eda M\u00e1rquez, y el ex dirigente de Vox, Iv\u00e1n Espinosa de los Monteros.El t\u00edtulo del coloquio es Noventa a\u00f1os despu\u00e9s \u00bfes posible el di\u00e1logo sobre la Guerra Civil espa\u00f1ola? y su moderador es el escritor Edu Gal\u00e1n, que se ha pronunciado este mismo domingo sobre la renuncia de Ucl\u00e9s.&quot;No quiero investigar todos los carteles de las participaciones de Ucl\u00e9s pero estoy seguro de que ha aparecido en listados mucho peores que este&quot;, ha escrito Gal\u00e1n en una tribuna publicada en Zenda. &quot;Ucl\u00e9s asegura que no va porque su misi\u00f3n es combatir a esas figuras y sus valores. Raz\u00f3n de m\u00e1s para salir a su encuentro: \u00bfc\u00f3mo va a combatirles si huye cuando se le aparecen? Si de verdad quiere combatirlas, tendr\u00e1 que hacerlo en estos foros, debatiendo con ellos&quot;, ha explicado el moderador, que ha tildado de &quot;infantiloide&quot; y &quot;tontorrona&quot; la postura del autor de La pen\u00ednsula de las casas vac\u00edas.La participaci\u00f3n de David Ucl\u00e9s se circunscrib\u00eda a una charla junto a Luis Mateo D\u00edez, Premio Cervantes 2025, titulada Memoria veterana, letras j\u00f3venes, en la que ambos iban a conversar con un grupo de j\u00f3venes estudiantes y que estaba prevista para el d\u00eda 2 a las 20:00 horas, una hora despu\u00e9s de la intervenci\u00f3n de Aznar en otro formato y un d\u00eda antes del debate en el que participar\u00e1 Espinosa de los Monteros.En el resto de la programaci\u00f3n est\u00e1 anunciada la participaci\u00f3n, entre otros, del director de cine Alejandro Amen\u00e1bar, el ministro de Presidencia, F\u00e9lix Bola\u00f1os, la ex vicepresidenta del Gobierno Carmen Calvo, el ex director del CNI F\u00e9lix Sanz Rold\u00e1n, los escritores Paco Cerd\u00e1, Andr\u00e9s Trapiello y Sergio Vila-Sanjuan, los historiadores Juan Pablo Fusi, Juli\u00e1n Casanova y Fernando del Rey o el actor Juan Echanove.&quot;El sectarismo y la ignorancia de Ucl\u00e9s son un claro indicio de que hay sectores ideol\u00f3gicos en Espa\u00f1a que no desean debates ni razones, sino simplezas demag\u00f3gicas y trincheras de odio&quot;Arturo P\u00e9rez Reverte y Jes\u00fas VigorraTras la renuncia de Ucl\u00e9s y Ma\u00edllo, Arturo P\u00e9rez Reverte y Jes\u00fas Vigorra han hecho p\u00fablico otro comunicado para defender las jornadas de Letras en Sevilla como &quot;un foro de debates amplio, ecu\u00e1nime, sin adscripci\u00f3n ideol\u00f3gica alguna, donde voces de diversas tendencias y sensibilidades han dialogado siempre en admirable armon\u00eda&quot;.Los coordinadores del evento han explicado que el escritor fue invitado hace meses, acept\u00f3 la invitaci\u00f3n y &quot;conoc\u00eda perfectamente la n\u00f3mina de invitados y moderadores de los coloquios&quot; y han calificado su anuncio de este domingo como &quot;una imperdonable descortes\u00eda y un incumplimiento de su compromiso&quot; y aseguran que es &quot;un s\u00edntoma siniestro&quot; de lo que las jornadas pretend\u00edan poner de manifiesto. &quot;El sectarismo y la ignorancia de David Ucl\u00e9s son un claro indicio de que hay sectores ideol\u00f3gicos en Espa\u00f1a que no desean debates ni razones, sino simplezas demag\u00f3gicas, trincheras de odio y desprecio que hagan imposibles di\u00e1logos, acuerdos o reconciliaciones&quot;.Reverte y Vigorra aseguran que &quot;con su descort\u00e9s y censurable arranque de \u00faltima hora, al que acaba de unirse a toda prisa y con descarado oportunismo Antonio Maillo, coordinador general de Izquierda Unida, que fue invitado hace meses a las jornadas, acept\u00f3 intervenir y conoc\u00eda perfectamente la n\u00f3mina de participantes, confirma tristemente lo necesarias que son las jornadas anunciadas para esta nueva edici\u00f3n de Letras en Sevilla, y lo profundas que son las heridas donde algunos parecen c\u00f3modamente instalados&quot;.\" \/>\n<meta name=\"robots\" content=\"noindex, follow, max-snippet:-1, max-image-preview:large, max-video-preview:-1\" \/>\n<meta property=\"og:locale\" content=\"es_ES\" \/>\n<meta property=\"og:type\" content=\"article\" \/>\n<meta property=\"og:title\" content=\"El escritor David Ucl\u00e9s renuncia a participar en un jornadas sobre la Guerra Civil por la presencia de Aznar y Espinosa de los Monteros: &quot;No puedo verme en el mismo cartel que estos dos individuos&quot; - vof-news.eu\" \/>\n<meta property=\"og:description\" content=\"El escritor jienense David Ucl\u00e9s, autor del best seller La pen\u00ednsula de las casa vac\u00edas y reciente ganador del Premio Nadal de literatura con La ciudad de las luces muertas, ha anunciado a trav\u00e9s de las redes sociales su decisi\u00f3n de no asistir al evento \u20181936: La guerra que todos perdimos\u2019, dentro del festival Letras de Sevilla, coordinado por el escritor Arturo P\u00e9rez-Reverte y el periodista Jes\u00fas Vigorra, tras conocer que compartir\u00eda cartel -aunque no coloquio- con el ex presidente del Gobierno Jos\u00e9 Mar\u00eda Aznar y el ex secretario general de Vox Iv\u00e1n Espinosa de los Monteros.&quot;Debo ser honesto y fiel a los principios que defiendo y no puedo verme en el mismo cartel que estos dos individuos&quot;, ha explicado este domingo Ucl\u00e9s en un breve v\u00eddeo que public\u00f3 en su perfil de Instagram y en el que quiso disculparse con sus seguidores por no formar parte de un ciclo que se celebrar\u00e1 del 2 al 5 de febrero en la Fundaci\u00f3n Cajasol de la capital andaluza. &quot;Siento mucho que hay\u00e1is visto mi nombre justo a esos dos, lo desconoc\u00eda y me acabo de enterar justo ahora&quot;.El escritor ha contado que se hab\u00eda comprometido a participar en las jornadas pese a no considerar &quot;ni exacto ni justo&quot; su t\u00edtulo. &quot;La guerra no la perdimos todos, la sufrimos todos, pero la perdieron los republicanos y la ganaron los franquistas, que se lucraron de eso durante 40 a\u00f1os&quot;, apunt\u00f3. &quot;El t\u00edtulo no es de mi agrado, pero no por eso voy a dejar de ir&quot;, dijo antes de defender un debate &quot;sano&quot; sobre la guerra con &quot;voces que opinan de manera distinta&quot;.Sin embargo, no ha ocultado su sorpresa tras descubrir que entre los invitados del festival Letras de Sevilla no s\u00f3lo habr\u00eda escritores, sino tambi\u00e9n pol\u00edticos. &quot;Y concretamente dos personas que para m\u00ed quebraron los derechos fundamentales del hombre&quot;, ha dicho. &quot;Por un lado, Jos\u00e9 Mar\u00eda Aznar, que para m\u00ed es la persona que m\u00e1s da\u00f1o f\u00edsico ha hecho al pueblo espa\u00f1ol recientemente. E Iv\u00e1n Espinosa de los Monteros, que ayud\u00f3 a fundar un partido que atenta contra mi libertad de expresi\u00f3n, contra mi derecho a existir y que defiende unos valores que no comparto y contra los que lucho, unos antivalores&quot;.Ucl\u00e9s ha reiterado sus disculpas a sus lectores sevillanos, ha lamentando abandonar la convocatoria tras haberse confirmado su participaci\u00f3n a los organizadores, pero ha asegurado que hay algo que est\u00e1 &quot;por encima de los honorarios y del compromiso con los lectores&quot;. &quot;No me salen ni las palabras, pero no puedo ir&quot;, ha dicho a sus seguidores.&quot;Aznar es la persona que m\u00e1s da\u00f1o f\u00edsico ha hecho al pueblo espa\u00f1ol recientemente&quot;, dice el escritorUcl\u00e9s no es el \u00fanico que se ha ca\u00eddo del cartel en las \u00faltimas horas. El coordinador federal de Izquierda Unida, Antonio Ma\u00edllo, tambi\u00e9n ha comunicado su renuncia a asistir como ponente. &quot;Agradezco la invitaci\u00f3n que se me hizo para una mesa redonda con otras organizaciones pol\u00edticas, espacios que uso con normalidad para defender mis opiniones y a pesar de que, o precisamente por ello, no compart\u00eda en absoluto el t\u00edtulo de las jornadas: en realidad, &quot;Unos perdieron m\u00e1s que otros en la Guerra Civil&quot;, ha se\u00f1alado Ma\u00edllo en un texto que ha compartido desde su perfil en la red social X.El dirigente de IU ha reconocido su impacto por c\u00f3mo se han anunciado las jornadas desde la organizaci\u00f3n, su t\u00edtulo y la n\u00f3mina de participantes, &quot;una especie de &#039;abajo firmantes&#039; que sostiene la tesis de la equidistancia que sugiere el t\u00edtulo, que no solo no comparto, sino que combato porque es un intento de revisar la lectura tr\u00e1gica y desigual de la guerra civil espa\u00f1ola&quot;.Ma\u00edllo ha justificado en &quot;ese desacierto&quot; y en el &quot;malestar e incomodidad&quot; que le ha provocado el tono de la convocatoria y el &quot;totum revolutum&quot; de sus ponentes su decisi\u00f3n de no participar en el festival. &quot;Defender la palabra y los debates que se acompa\u00f1en tambi\u00e9n exige sensibilidad por los organizadores para no frivolizar ni establecer de antemano las reglas del juego sobre un debate que va a seguir d\u00e1ndose en nuestro pa\u00eds&quot;, ha sentenciado.Antonio Ma\u00edllo ten\u00eda previsto participar el d\u00eda 3 de febrero en un debate pol\u00edtico junto a Ester Mu\u00f1oz, portavoz del Partido Popular, la portavoz del grupo socialista en el Parlamento andaluz, Mar\u00eda M\u00e1rquez, y el ex dirigente de Vox, Iv\u00e1n Espinosa de los Monteros.El t\u00edtulo del coloquio es Noventa a\u00f1os despu\u00e9s \u00bfes posible el di\u00e1logo sobre la Guerra Civil espa\u00f1ola? y su moderador es el escritor Edu Gal\u00e1n, que se ha pronunciado este mismo domingo sobre la renuncia de Ucl\u00e9s.&quot;No quiero investigar todos los carteles de las participaciones de Ucl\u00e9s pero estoy seguro de que ha aparecido en listados mucho peores que este&quot;, ha escrito Gal\u00e1n en una tribuna publicada en Zenda. &quot;Ucl\u00e9s asegura que no va porque su misi\u00f3n es combatir a esas figuras y sus valores. Raz\u00f3n de m\u00e1s para salir a su encuentro: \u00bfc\u00f3mo va a combatirles si huye cuando se le aparecen? Si de verdad quiere combatirlas, tendr\u00e1 que hacerlo en estos foros, debatiendo con ellos&quot;, ha explicado el moderador, que ha tildado de &quot;infantiloide&quot; y &quot;tontorrona&quot; la postura del autor de La pen\u00ednsula de las casas vac\u00edas.La participaci\u00f3n de David Ucl\u00e9s se circunscrib\u00eda a una charla junto a Luis Mateo D\u00edez, Premio Cervantes 2025, titulada Memoria veterana, letras j\u00f3venes, en la que ambos iban a conversar con un grupo de j\u00f3venes estudiantes y que estaba prevista para el d\u00eda 2 a las 20:00 horas, una hora despu\u00e9s de la intervenci\u00f3n de Aznar en otro formato y un d\u00eda antes del debate en el que participar\u00e1 Espinosa de los Monteros.En el resto de la programaci\u00f3n est\u00e1 anunciada la participaci\u00f3n, entre otros, del director de cine Alejandro Amen\u00e1bar, el ministro de Presidencia, F\u00e9lix Bola\u00f1os, la ex vicepresidenta del Gobierno Carmen Calvo, el ex director del CNI F\u00e9lix Sanz Rold\u00e1n, los escritores Paco Cerd\u00e1, Andr\u00e9s Trapiello y Sergio Vila-Sanjuan, los historiadores Juan Pablo Fusi, Juli\u00e1n Casanova y Fernando del Rey o el actor Juan Echanove.&quot;El sectarismo y la ignorancia de Ucl\u00e9s son un claro indicio de que hay sectores ideol\u00f3gicos en Espa\u00f1a que no desean debates ni razones, sino simplezas demag\u00f3gicas y trincheras de odio&quot;Arturo P\u00e9rez Reverte y Jes\u00fas VigorraTras la renuncia de Ucl\u00e9s y Ma\u00edllo, Arturo P\u00e9rez Reverte y Jes\u00fas Vigorra han hecho p\u00fablico otro comunicado para defender las jornadas de Letras en Sevilla como &quot;un foro de debates amplio, ecu\u00e1nime, sin adscripci\u00f3n ideol\u00f3gica alguna, donde voces de diversas tendencias y sensibilidades han dialogado siempre en admirable armon\u00eda&quot;.Los coordinadores del evento han explicado que el escritor fue invitado hace meses, acept\u00f3 la invitaci\u00f3n y &quot;conoc\u00eda perfectamente la n\u00f3mina de invitados y moderadores de los coloquios&quot; y han calificado su anuncio de este domingo como &quot;una imperdonable descortes\u00eda y un incumplimiento de su compromiso&quot; y aseguran que es &quot;un s\u00edntoma siniestro&quot; de lo que las jornadas pretend\u00edan poner de manifiesto. &quot;El sectarismo y la ignorancia de David Ucl\u00e9s son un claro indicio de que hay sectores ideol\u00f3gicos en Espa\u00f1a que no desean debates ni razones, sino simplezas demag\u00f3gicas, trincheras de odio y desprecio que hagan imposibles di\u00e1logos, acuerdos o reconciliaciones&quot;.Reverte y Vigorra aseguran que &quot;con su descort\u00e9s y censurable arranque de \u00faltima hora, al que acaba de unirse a toda prisa y con descarado oportunismo Antonio Maillo, coordinador general de Izquierda Unida, que fue invitado hace meses a las jornadas, acept\u00f3 intervenir y conoc\u00eda perfectamente la n\u00f3mina de participantes, confirma tristemente lo necesarias que son las jornadas anunciadas para esta nueva edici\u00f3n de Letras en Sevilla, y lo profundas que son las heridas donde algunos parecen c\u00f3modamente instalados&quot;.\" \/>\n<meta property=\"og:url\" content=\"https:\/\/vof-news.eu\/es\/el-escritor-david-ucles-renuncia-a-participar-en-un-jornadas-sobre-la-guerra-civil-por-la-presencia-de-aznar-y-espinosa-de-los-monteros-no-puedo-verme-en-el-mismo-cartel-que-estos-dos-individuos\/\" \/>\n<meta property=\"og:site_name\" content=\"vof-news.eu\" \/>\n<meta property=\"article:published_time\" content=\"2026-01-25T18:20:39+00:00\" \/>\n<meta property=\"article:modified_time\" content=\"2026-01-25T18:21:52+00:00\" \/>\n<meta property=\"og:image\" content=\"https:\/\/vof-news.eu\/wp-content\/uploads\/2026\/01\/17677245163765.jpg\" \/>\n\t<meta property=\"og:image:width\" content=\"1366\" \/>\n\t<meta property=\"og:image:height\" content=\"852\" \/>\n\t<meta property=\"og:image:type\" content=\"image\/jpeg\" \/>\n<meta name=\"author\" content=\"Author\" \/>\n<meta name=\"twitter:card\" content=\"summary_large_image\" \/>\n<meta name=\"twitter:label1\" content=\"Escrito por\" \/>\n\t<meta name=\"twitter:data1\" content=\"Author\" \/>\n\t<meta name=\"twitter:label2\" content=\"Tiempo de lectura\" \/>\n\t<meta name=\"twitter:data2\" content=\"7 minutos\" \/>\n<script type=\"application\/ld+json\" class=\"yoast-schema-graph\">{\"@context\":\"https:\/\/schema.org\",\"@graph\":[{\"@type\":\"WebPage\",\"@id\":\"https:\/\/vof-news.eu\/es\/el-escritor-david-ucles-renuncia-a-participar-en-un-jornadas-sobre-la-guerra-civil-por-la-presencia-de-aznar-y-espinosa-de-los-monteros-no-puedo-verme-en-el-mismo-cartel-que-estos-dos-individuos\/\",\"url\":\"https:\/\/vof-news.eu\/es\/el-escritor-david-ucles-renuncia-a-participar-en-un-jornadas-sobre-la-guerra-civil-por-la-presencia-de-aznar-y-espinosa-de-los-monteros-no-puedo-verme-en-el-mismo-cartel-que-estos-dos-individuos\/\",\"name\":\"El escritor David Ucl\u00e9s renuncia a participar en un jornadas sobre la Guerra Civil por la presencia de Aznar y Espinosa de los Monteros: \\\"No puedo verme en el mismo cartel que estos dos individuos\\\" - vof-news.eu\",\"isPartOf\":{\"@id\":\"https:\/\/vof-news.eu\/es\/#website\"},\"primaryImageOfPage\":{\"@id\":\"https:\/\/vof-news.eu\/es\/el-escritor-david-ucles-renuncia-a-participar-en-un-jornadas-sobre-la-guerra-civil-por-la-presencia-de-aznar-y-espinosa-de-los-monteros-no-puedo-verme-en-el-mismo-cartel-que-estos-dos-individuos\/#primaryimage\"},\"image\":{\"@id\":\"https:\/\/vof-news.eu\/es\/el-escritor-david-ucles-renuncia-a-participar-en-un-jornadas-sobre-la-guerra-civil-por-la-presencia-de-aznar-y-espinosa-de-los-monteros-no-puedo-verme-en-el-mismo-cartel-que-estos-dos-individuos\/#primaryimage\"},\"thumbnailUrl\":\"https:\/\/vof-news.eu\/wp-content\/uploads\/2026\/01\/17677245163765.jpg\",\"datePublished\":\"2026-01-25T18:20:39+00:00\",\"dateModified\":\"2026-01-25T18:21:52+00:00\",\"author\":{\"@id\":\"https:\/\/vof-news.eu\/es\/#\/schema\/person\/f6a2a4309f0561835797fd8c19b333ed\"},\"description\":\"El escritor jienense David Ucl\u00e9s, autor del best seller La pen\u00ednsula de las casa vac\u00edas y reciente ganador del Premio Nadal de literatura con La ciudad de las luces muertas, ha anunciado a trav\u00e9s de las redes sociales su decisi\u00f3n de no asistir al evento \u20181936: La guerra que todos perdimos\u2019, dentro del festival Letras de Sevilla, coordinado por el escritor Arturo P\u00e9rez-Reverte y el periodista Jes\u00fas Vigorra, tras conocer que compartir\u00eda cartel -aunque no coloquio- con el ex presidente del Gobierno Jos\u00e9 Mar\u00eda Aznar y el ex secretario general de Vox Iv\u00e1n Espinosa de los Monteros.\\\"Debo ser honesto y fiel a los principios que defiendo y no puedo verme en el mismo cartel que estos dos individuos\\\", ha explicado este domingo Ucl\u00e9s en un breve v\u00eddeo que public\u00f3 en su perfil de Instagram y en el que quiso disculparse con sus seguidores por no formar parte de un ciclo que se celebrar\u00e1 del 2 al 5 de febrero en la Fundaci\u00f3n Cajasol de la capital andaluza. \\\"Siento mucho que hay\u00e1is visto mi nombre justo a esos dos, lo desconoc\u00eda y me acabo de enterar justo ahora\\\".El escritor ha contado que se hab\u00eda comprometido a participar en las jornadas pese a no considerar \\\"ni exacto ni justo\\\" su t\u00edtulo. \\\"La guerra no la perdimos todos, la sufrimos todos, pero la perdieron los republicanos y la ganaron los franquistas, que se lucraron de eso durante 40 a\u00f1os\\\", apunt\u00f3. \\\"El t\u00edtulo no es de mi agrado, pero no por eso voy a dejar de ir\\\", dijo antes de defender un debate \\\"sano\\\" sobre la guerra con \\\"voces que opinan de manera distinta\\\".Sin embargo, no ha ocultado su sorpresa tras descubrir que entre los invitados del festival Letras de Sevilla no s\u00f3lo habr\u00eda escritores, sino tambi\u00e9n pol\u00edticos. \\\"Y concretamente dos personas que para m\u00ed quebraron los derechos fundamentales del hombre\\\", ha dicho. \\\"Por un lado, Jos\u00e9 Mar\u00eda Aznar, que para m\u00ed es la persona que m\u00e1s da\u00f1o f\u00edsico ha hecho al pueblo espa\u00f1ol recientemente. E Iv\u00e1n Espinosa de los Monteros, que ayud\u00f3 a fundar un partido que atenta contra mi libertad de expresi\u00f3n, contra mi derecho a existir y que defiende unos valores que no comparto y contra los que lucho, unos antivalores\\\".Ucl\u00e9s ha reiterado sus disculpas a sus lectores sevillanos, ha lamentando abandonar la convocatoria tras haberse confirmado su participaci\u00f3n a los organizadores, pero ha asegurado que hay algo que est\u00e1 \\\"por encima de los honorarios y del compromiso con los lectores\\\". \\\"No me salen ni las palabras, pero no puedo ir\\\", ha dicho a sus seguidores.\\\"Aznar es la persona que m\u00e1s da\u00f1o f\u00edsico ha hecho al pueblo espa\u00f1ol recientemente\\\", dice el escritorUcl\u00e9s no es el \u00fanico que se ha ca\u00eddo del cartel en las \u00faltimas horas. El coordinador federal de Izquierda Unida, Antonio Ma\u00edllo, tambi\u00e9n ha comunicado su renuncia a asistir como ponente. \\\"Agradezco la invitaci\u00f3n que se me hizo para una mesa redonda con otras organizaciones pol\u00edticas, espacios que uso con normalidad para defender mis opiniones y a pesar de que, o precisamente por ello, no compart\u00eda en absoluto el t\u00edtulo de las jornadas: en realidad, \\\"Unos perdieron m\u00e1s que otros en la Guerra Civil\\\", ha se\u00f1alado Ma\u00edllo en un texto que ha compartido desde su perfil en la red social X.El dirigente de IU ha reconocido su impacto por c\u00f3mo se han anunciado las jornadas desde la organizaci\u00f3n, su t\u00edtulo y la n\u00f3mina de participantes, \\\"una especie de 'abajo firmantes' que sostiene la tesis de la equidistancia que sugiere el t\u00edtulo, que no solo no comparto, sino que combato porque es un intento de revisar la lectura tr\u00e1gica y desigual de la guerra civil espa\u00f1ola\\\".Ma\u00edllo ha justificado en \\\"ese desacierto\\\" y en el \\\"malestar e incomodidad\\\" que le ha provocado el tono de la convocatoria y el \\\"totum revolutum\\\" de sus ponentes su decisi\u00f3n de no participar en el festival. \\\"Defender la palabra y los debates que se acompa\u00f1en tambi\u00e9n exige sensibilidad por los organizadores para no frivolizar ni establecer de antemano las reglas del juego sobre un debate que va a seguir d\u00e1ndose en nuestro pa\u00eds\\\", ha sentenciado.Antonio Ma\u00edllo ten\u00eda previsto participar el d\u00eda 3 de febrero en un debate pol\u00edtico junto a Ester Mu\u00f1oz, portavoz del Partido Popular, la portavoz del grupo socialista en el Parlamento andaluz, Mar\u00eda M\u00e1rquez, y el ex dirigente de Vox, Iv\u00e1n Espinosa de los Monteros.El t\u00edtulo del coloquio es Noventa a\u00f1os despu\u00e9s \u00bfes posible el di\u00e1logo sobre la Guerra Civil espa\u00f1ola? y su moderador es el escritor Edu Gal\u00e1n, que se ha pronunciado este mismo domingo sobre la renuncia de Ucl\u00e9s.\\\"No quiero investigar todos los carteles de las participaciones de Ucl\u00e9s pero estoy seguro de que ha aparecido en listados mucho peores que este\\\", ha escrito Gal\u00e1n en una tribuna publicada en Zenda. \\\"Ucl\u00e9s asegura que no va porque su misi\u00f3n es combatir a esas figuras y sus valores. Raz\u00f3n de m\u00e1s para salir a su encuentro: \u00bfc\u00f3mo va a combatirles si huye cuando se le aparecen? Si de verdad quiere combatirlas, tendr\u00e1 que hacerlo en estos foros, debatiendo con ellos\\\", ha explicado el moderador, que ha tildado de \\\"infantiloide\\\" y \\\"tontorrona\\\" la postura del autor de La pen\u00ednsula de las casas vac\u00edas.La participaci\u00f3n de David Ucl\u00e9s se circunscrib\u00eda a una charla junto a Luis Mateo D\u00edez, Premio Cervantes 2025, titulada Memoria veterana, letras j\u00f3venes, en la que ambos iban a conversar con un grupo de j\u00f3venes estudiantes y que estaba prevista para el d\u00eda 2 a las 20:00 horas, una hora despu\u00e9s de la intervenci\u00f3n de Aznar en otro formato y un d\u00eda antes del debate en el que participar\u00e1 Espinosa de los Monteros.En el resto de la programaci\u00f3n est\u00e1 anunciada la participaci\u00f3n, entre otros, del director de cine Alejandro Amen\u00e1bar, el ministro de Presidencia, F\u00e9lix Bola\u00f1os, la ex vicepresidenta del Gobierno Carmen Calvo, el ex director del CNI F\u00e9lix Sanz Rold\u00e1n, los escritores Paco Cerd\u00e1, Andr\u00e9s Trapiello y Sergio Vila-Sanjuan, los historiadores Juan Pablo Fusi, Juli\u00e1n Casanova y Fernando del Rey o el actor Juan Echanove.\\\"El sectarismo y la ignorancia de Ucl\u00e9s son un claro indicio de que hay sectores ideol\u00f3gicos en Espa\u00f1a que no desean debates ni razones, sino simplezas demag\u00f3gicas y trincheras de odio\\\"Arturo P\u00e9rez Reverte y Jes\u00fas VigorraTras la renuncia de Ucl\u00e9s y Ma\u00edllo, Arturo P\u00e9rez Reverte y Jes\u00fas Vigorra han hecho p\u00fablico otro comunicado para defender las jornadas de Letras en Sevilla como \\\"un foro de debates amplio, ecu\u00e1nime, sin adscripci\u00f3n ideol\u00f3gica alguna, donde voces de diversas tendencias y sensibilidades han dialogado siempre en admirable armon\u00eda\\\".Los coordinadores del evento han explicado que el escritor fue invitado hace meses, acept\u00f3 la invitaci\u00f3n y \\\"conoc\u00eda perfectamente la n\u00f3mina de invitados y moderadores de los coloquios\\\" y han calificado su anuncio de este domingo como \\\"una imperdonable descortes\u00eda y un incumplimiento de su compromiso\\\" y aseguran que es \\\"un s\u00edntoma siniestro\\\" de lo que las jornadas pretend\u00edan poner de manifiesto. \\\"El sectarismo y la ignorancia de David Ucl\u00e9s son un claro indicio de que hay sectores ideol\u00f3gicos en Espa\u00f1a que no desean debates ni razones, sino simplezas demag\u00f3gicas, trincheras de odio y desprecio que hagan imposibles di\u00e1logos, acuerdos o reconciliaciones\\\".Reverte y Vigorra aseguran que \\\"con su descort\u00e9s y censurable arranque de \u00faltima hora, al que acaba de unirse a toda prisa y con descarado oportunismo Antonio Maillo, coordinador general de Izquierda Unida, que fue invitado hace meses a las jornadas, acept\u00f3 intervenir y conoc\u00eda perfectamente la n\u00f3mina de participantes, confirma tristemente lo necesarias que son las jornadas anunciadas para esta nueva edici\u00f3n de Letras en Sevilla, y lo profundas que son las heridas donde algunos parecen c\u00f3modamente instalados\\\".\",\"breadcrumb\":{\"@id\":\"https:\/\/vof-news.eu\/es\/el-escritor-david-ucles-renuncia-a-participar-en-un-jornadas-sobre-la-guerra-civil-por-la-presencia-de-aznar-y-espinosa-de-los-monteros-no-puedo-verme-en-el-mismo-cartel-que-estos-dos-individuos\/#breadcrumb\"},\"inLanguage\":\"es\",\"potentialAction\":[{\"@type\":\"ReadAction\",\"target\":[\"https:\/\/vof-news.eu\/es\/el-escritor-david-ucles-renuncia-a-participar-en-un-jornadas-sobre-la-guerra-civil-por-la-presencia-de-aznar-y-espinosa-de-los-monteros-no-puedo-verme-en-el-mismo-cartel-que-estos-dos-individuos\/\"]}]},{\"@type\":\"ImageObject\",\"inLanguage\":\"es\",\"@id\":\"https:\/\/vof-news.eu\/es\/el-escritor-david-ucles-renuncia-a-participar-en-un-jornadas-sobre-la-guerra-civil-por-la-presencia-de-aznar-y-espinosa-de-los-monteros-no-puedo-verme-en-el-mismo-cartel-que-estos-dos-individuos\/#primaryimage\",\"url\":\"https:\/\/vof-news.eu\/wp-content\/uploads\/2026\/01\/17677245163765.jpg\",\"contentUrl\":\"https:\/\/vof-news.eu\/wp-content\/uploads\/2026\/01\/17677245163765.jpg\",\"width\":1366,\"height\":852},{\"@type\":\"BreadcrumbList\",\"@id\":\"https:\/\/vof-news.eu\/es\/el-escritor-david-ucles-renuncia-a-participar-en-un-jornadas-sobre-la-guerra-civil-por-la-presencia-de-aznar-y-espinosa-de-los-monteros-no-puedo-verme-en-el-mismo-cartel-que-estos-dos-individuos\/#breadcrumb\",\"itemListElement\":[{\"@type\":\"ListItem\",\"position\":1,\"name\":\"Home\",\"item\":\"https:\/\/vof-news.eu\/es\/\"},{\"@type\":\"ListItem\",\"position\":2,\"name\":\"El escritor David Ucl\u00e9s renuncia a participar en un jornadas sobre la Guerra Civil por la presencia de Aznar y Espinosa de los Monteros: &#8220;No puedo verme en el mismo cartel que estos dos individuos&#8221;\"}]},{\"@type\":\"WebSite\",\"@id\":\"https:\/\/vof-news.eu\/es\/#website\",\"url\":\"https:\/\/vof-news.eu\/es\/\",\"name\":\"vof-news.eu\",\"description\":\"\",\"potentialAction\":[{\"@type\":\"SearchAction\",\"target\":{\"@type\":\"EntryPoint\",\"urlTemplate\":\"https:\/\/vof-news.eu\/es\/?s={search_term_string}\"},\"query-input\":\"required name=search_term_string\"}],\"inLanguage\":\"es\"},{\"@type\":\"Person\",\"@id\":\"https:\/\/vof-news.eu\/es\/#\/schema\/person\/f6a2a4309f0561835797fd8c19b333ed\",\"name\":\"Author\",\"image\":{\"@type\":\"ImageObject\",\"inLanguage\":\"es\",\"@id\":\"https:\/\/vof-news.eu\/es\/#\/schema\/person\/image\/\",\"url\":\"https:\/\/secure.gravatar.com\/avatar\/b67e614b1b25b3e9c0c239efdd2fde5ab015b5affd6f1c3c85911ca4b384e790?s=96&d=mm&r=g\",\"contentUrl\":\"https:\/\/secure.gravatar.com\/avatar\/b67e614b1b25b3e9c0c239efdd2fde5ab015b5affd6f1c3c85911ca4b384e790?s=96&d=mm&r=g\",\"caption\":\"Author\"},\"sameAs\":[\"http:\/\/vof-news.eu\"],\"url\":\"https:\/\/vof-news.eu\/es\/author\/zwt6qxnjulxbnyg\/\"}]}<\/script>\n<!-- \/ Yoast SEO plugin. -->","yoast_head_json":{"title":"El escritor David Ucl\u00e9s renuncia a participar en un jornadas sobre la Guerra Civil por la presencia de Aznar y Espinosa de los Monteros: \"No puedo verme en el mismo cartel que estos dos individuos\" - vof-news.eu","description":"El escritor jienense David Ucl\u00e9s, autor del best seller La pen\u00ednsula de las casa vac\u00edas y reciente ganador del Premio Nadal de literatura con La ciudad de las luces muertas, ha anunciado a trav\u00e9s de las redes sociales su decisi\u00f3n de no asistir al evento \u20181936: La guerra que todos perdimos\u2019, dentro del festival Letras de Sevilla, coordinado por el escritor Arturo P\u00e9rez-Reverte y el periodista Jes\u00fas Vigorra, tras conocer que compartir\u00eda cartel -aunque no coloquio- con el ex presidente del Gobierno Jos\u00e9 Mar\u00eda Aznar y el ex secretario general de Vox Iv\u00e1n Espinosa de los Monteros.\"Debo ser honesto y fiel a los principios que defiendo y no puedo verme en el mismo cartel que estos dos individuos\", ha explicado este domingo Ucl\u00e9s en un breve v\u00eddeo que public\u00f3 en su perfil de Instagram y en el que quiso disculparse con sus seguidores por no formar parte de un ciclo que se celebrar\u00e1 del 2 al 5 de febrero en la Fundaci\u00f3n Cajasol de la capital andaluza. \"Siento mucho que hay\u00e1is visto mi nombre justo a esos dos, lo desconoc\u00eda y me acabo de enterar justo ahora\".El escritor ha contado que se hab\u00eda comprometido a participar en las jornadas pese a no considerar \"ni exacto ni justo\" su t\u00edtulo. \"La guerra no la perdimos todos, la sufrimos todos, pero la perdieron los republicanos y la ganaron los franquistas, que se lucraron de eso durante 40 a\u00f1os\", apunt\u00f3. \"El t\u00edtulo no es de mi agrado, pero no por eso voy a dejar de ir\", dijo antes de defender un debate \"sano\" sobre la guerra con \"voces que opinan de manera distinta\".Sin embargo, no ha ocultado su sorpresa tras descubrir que entre los invitados del festival Letras de Sevilla no s\u00f3lo habr\u00eda escritores, sino tambi\u00e9n pol\u00edticos. \"Y concretamente dos personas que para m\u00ed quebraron los derechos fundamentales del hombre\", ha dicho. \"Por un lado, Jos\u00e9 Mar\u00eda Aznar, que para m\u00ed es la persona que m\u00e1s da\u00f1o f\u00edsico ha hecho al pueblo espa\u00f1ol recientemente. E Iv\u00e1n Espinosa de los Monteros, que ayud\u00f3 a fundar un partido que atenta contra mi libertad de expresi\u00f3n, contra mi derecho a existir y que defiende unos valores que no comparto y contra los que lucho, unos antivalores\".Ucl\u00e9s ha reiterado sus disculpas a sus lectores sevillanos, ha lamentando abandonar la convocatoria tras haberse confirmado su participaci\u00f3n a los organizadores, pero ha asegurado que hay algo que est\u00e1 \"por encima de los honorarios y del compromiso con los lectores\". \"No me salen ni las palabras, pero no puedo ir\", ha dicho a sus seguidores.\"Aznar es la persona que m\u00e1s da\u00f1o f\u00edsico ha hecho al pueblo espa\u00f1ol recientemente\", dice el escritorUcl\u00e9s no es el \u00fanico que se ha ca\u00eddo del cartel en las \u00faltimas horas. El coordinador federal de Izquierda Unida, Antonio Ma\u00edllo, tambi\u00e9n ha comunicado su renuncia a asistir como ponente. \"Agradezco la invitaci\u00f3n que se me hizo para una mesa redonda con otras organizaciones pol\u00edticas, espacios que uso con normalidad para defender mis opiniones y a pesar de que, o precisamente por ello, no compart\u00eda en absoluto el t\u00edtulo de las jornadas: en realidad, \"Unos perdieron m\u00e1s que otros en la Guerra Civil\", ha se\u00f1alado Ma\u00edllo en un texto que ha compartido desde su perfil en la red social X.El dirigente de IU ha reconocido su impacto por c\u00f3mo se han anunciado las jornadas desde la organizaci\u00f3n, su t\u00edtulo y la n\u00f3mina de participantes, \"una especie de 'abajo firmantes' que sostiene la tesis de la equidistancia que sugiere el t\u00edtulo, que no solo no comparto, sino que combato porque es un intento de revisar la lectura tr\u00e1gica y desigual de la guerra civil espa\u00f1ola\".Ma\u00edllo ha justificado en \"ese desacierto\" y en el \"malestar e incomodidad\" que le ha provocado el tono de la convocatoria y el \"totum revolutum\" de sus ponentes su decisi\u00f3n de no participar en el festival. \"Defender la palabra y los debates que se acompa\u00f1en tambi\u00e9n exige sensibilidad por los organizadores para no frivolizar ni establecer de antemano las reglas del juego sobre un debate que va a seguir d\u00e1ndose en nuestro pa\u00eds\", ha sentenciado.Antonio Ma\u00edllo ten\u00eda previsto participar el d\u00eda 3 de febrero en un debate pol\u00edtico junto a Ester Mu\u00f1oz, portavoz del Partido Popular, la portavoz del grupo socialista en el Parlamento andaluz, Mar\u00eda M\u00e1rquez, y el ex dirigente de Vox, Iv\u00e1n Espinosa de los Monteros.El t\u00edtulo del coloquio es Noventa a\u00f1os despu\u00e9s \u00bfes posible el di\u00e1logo sobre la Guerra Civil espa\u00f1ola? y su moderador es el escritor Edu Gal\u00e1n, que se ha pronunciado este mismo domingo sobre la renuncia de Ucl\u00e9s.\"No quiero investigar todos los carteles de las participaciones de Ucl\u00e9s pero estoy seguro de que ha aparecido en listados mucho peores que este\", ha escrito Gal\u00e1n en una tribuna publicada en Zenda. \"Ucl\u00e9s asegura que no va porque su misi\u00f3n es combatir a esas figuras y sus valores. Raz\u00f3n de m\u00e1s para salir a su encuentro: \u00bfc\u00f3mo va a combatirles si huye cuando se le aparecen? Si de verdad quiere combatirlas, tendr\u00e1 que hacerlo en estos foros, debatiendo con ellos\", ha explicado el moderador, que ha tildado de \"infantiloide\" y \"tontorrona\" la postura del autor de La pen\u00ednsula de las casas vac\u00edas.La participaci\u00f3n de David Ucl\u00e9s se circunscrib\u00eda a una charla junto a Luis Mateo D\u00edez, Premio Cervantes 2025, titulada Memoria veterana, letras j\u00f3venes, en la que ambos iban a conversar con un grupo de j\u00f3venes estudiantes y que estaba prevista para el d\u00eda 2 a las 20:00 horas, una hora despu\u00e9s de la intervenci\u00f3n de Aznar en otro formato y un d\u00eda antes del debate en el que participar\u00e1 Espinosa de los Monteros.En el resto de la programaci\u00f3n est\u00e1 anunciada la participaci\u00f3n, entre otros, del director de cine Alejandro Amen\u00e1bar, el ministro de Presidencia, F\u00e9lix Bola\u00f1os, la ex vicepresidenta del Gobierno Carmen Calvo, el ex director del CNI F\u00e9lix Sanz Rold\u00e1n, los escritores Paco Cerd\u00e1, Andr\u00e9s Trapiello y Sergio Vila-Sanjuan, los historiadores Juan Pablo Fusi, Juli\u00e1n Casanova y Fernando del Rey o el actor Juan Echanove.\"El sectarismo y la ignorancia de Ucl\u00e9s son un claro indicio de que hay sectores ideol\u00f3gicos en Espa\u00f1a que no desean debates ni razones, sino simplezas demag\u00f3gicas y trincheras de odio\"Arturo P\u00e9rez Reverte y Jes\u00fas VigorraTras la renuncia de Ucl\u00e9s y Ma\u00edllo, Arturo P\u00e9rez Reverte y Jes\u00fas Vigorra han hecho p\u00fablico otro comunicado para defender las jornadas de Letras en Sevilla como \"un foro de debates amplio, ecu\u00e1nime, sin adscripci\u00f3n ideol\u00f3gica alguna, donde voces de diversas tendencias y sensibilidades han dialogado siempre en admirable armon\u00eda\".Los coordinadores del evento han explicado que el escritor fue invitado hace meses, acept\u00f3 la invitaci\u00f3n y \"conoc\u00eda perfectamente la n\u00f3mina de invitados y moderadores de los coloquios\" y han calificado su anuncio de este domingo como \"una imperdonable descortes\u00eda y un incumplimiento de su compromiso\" y aseguran que es \"un s\u00edntoma siniestro\" de lo que las jornadas pretend\u00edan poner de manifiesto. \"El sectarismo y la ignorancia de David Ucl\u00e9s son un claro indicio de que hay sectores ideol\u00f3gicos en Espa\u00f1a que no desean debates ni razones, sino simplezas demag\u00f3gicas, trincheras de odio y desprecio que hagan imposibles di\u00e1logos, acuerdos o reconciliaciones\".Reverte y Vigorra aseguran que \"con su descort\u00e9s y censurable arranque de \u00faltima hora, al que acaba de unirse a toda prisa y con descarado oportunismo Antonio Maillo, coordinador general de Izquierda Unida, que fue invitado hace meses a las jornadas, acept\u00f3 intervenir y conoc\u00eda perfectamente la n\u00f3mina de participantes, confirma tristemente lo necesarias que son las jornadas anunciadas para esta nueva edici\u00f3n de Letras en Sevilla, y lo profundas que son las heridas donde algunos parecen c\u00f3modamente instalados\".","robots":{"index":"noindex","follow":"follow","max-snippet":"max-snippet:-1","max-image-preview":"max-image-preview:large","max-video-preview":"max-video-preview:-1"},"og_locale":"es_ES","og_type":"article","og_title":"El escritor David Ucl\u00e9s renuncia a participar en un jornadas sobre la Guerra Civil por la presencia de Aznar y Espinosa de los Monteros: \"No puedo verme en el mismo cartel que estos dos individuos\" - vof-news.eu","og_description":"El escritor jienense David Ucl\u00e9s, autor del best seller La pen\u00ednsula de las casa vac\u00edas y reciente ganador del Premio Nadal de literatura con La ciudad de las luces muertas, ha anunciado a trav\u00e9s de las redes sociales su decisi\u00f3n de no asistir al evento \u20181936: La guerra que todos perdimos\u2019, dentro del festival Letras de Sevilla, coordinado por el escritor Arturo P\u00e9rez-Reverte y el periodista Jes\u00fas Vigorra, tras conocer que compartir\u00eda cartel -aunque no coloquio- con el ex presidente del Gobierno Jos\u00e9 Mar\u00eda Aznar y el ex secretario general de Vox Iv\u00e1n Espinosa de los Monteros.\"Debo ser honesto y fiel a los principios que defiendo y no puedo verme en el mismo cartel que estos dos individuos\", ha explicado este domingo Ucl\u00e9s en un breve v\u00eddeo que public\u00f3 en su perfil de Instagram y en el que quiso disculparse con sus seguidores por no formar parte de un ciclo que se celebrar\u00e1 del 2 al 5 de febrero en la Fundaci\u00f3n Cajasol de la capital andaluza. \"Siento mucho que hay\u00e1is visto mi nombre justo a esos dos, lo desconoc\u00eda y me acabo de enterar justo ahora\".El escritor ha contado que se hab\u00eda comprometido a participar en las jornadas pese a no considerar \"ni exacto ni justo\" su t\u00edtulo. \"La guerra no la perdimos todos, la sufrimos todos, pero la perdieron los republicanos y la ganaron los franquistas, que se lucraron de eso durante 40 a\u00f1os\", apunt\u00f3. \"El t\u00edtulo no es de mi agrado, pero no por eso voy a dejar de ir\", dijo antes de defender un debate \"sano\" sobre la guerra con \"voces que opinan de manera distinta\".Sin embargo, no ha ocultado su sorpresa tras descubrir que entre los invitados del festival Letras de Sevilla no s\u00f3lo habr\u00eda escritores, sino tambi\u00e9n pol\u00edticos. \"Y concretamente dos personas que para m\u00ed quebraron los derechos fundamentales del hombre\", ha dicho. \"Por un lado, Jos\u00e9 Mar\u00eda Aznar, que para m\u00ed es la persona que m\u00e1s da\u00f1o f\u00edsico ha hecho al pueblo espa\u00f1ol recientemente. E Iv\u00e1n Espinosa de los Monteros, que ayud\u00f3 a fundar un partido que atenta contra mi libertad de expresi\u00f3n, contra mi derecho a existir y que defiende unos valores que no comparto y contra los que lucho, unos antivalores\".Ucl\u00e9s ha reiterado sus disculpas a sus lectores sevillanos, ha lamentando abandonar la convocatoria tras haberse confirmado su participaci\u00f3n a los organizadores, pero ha asegurado que hay algo que est\u00e1 \"por encima de los honorarios y del compromiso con los lectores\". \"No me salen ni las palabras, pero no puedo ir\", ha dicho a sus seguidores.\"Aznar es la persona que m\u00e1s da\u00f1o f\u00edsico ha hecho al pueblo espa\u00f1ol recientemente\", dice el escritorUcl\u00e9s no es el \u00fanico que se ha ca\u00eddo del cartel en las \u00faltimas horas. El coordinador federal de Izquierda Unida, Antonio Ma\u00edllo, tambi\u00e9n ha comunicado su renuncia a asistir como ponente. \"Agradezco la invitaci\u00f3n que se me hizo para una mesa redonda con otras organizaciones pol\u00edticas, espacios que uso con normalidad para defender mis opiniones y a pesar de que, o precisamente por ello, no compart\u00eda en absoluto el t\u00edtulo de las jornadas: en realidad, \"Unos perdieron m\u00e1s que otros en la Guerra Civil\", ha se\u00f1alado Ma\u00edllo en un texto que ha compartido desde su perfil en la red social X.El dirigente de IU ha reconocido su impacto por c\u00f3mo se han anunciado las jornadas desde la organizaci\u00f3n, su t\u00edtulo y la n\u00f3mina de participantes, \"una especie de 'abajo firmantes' que sostiene la tesis de la equidistancia que sugiere el t\u00edtulo, que no solo no comparto, sino que combato porque es un intento de revisar la lectura tr\u00e1gica y desigual de la guerra civil espa\u00f1ola\".Ma\u00edllo ha justificado en \"ese desacierto\" y en el \"malestar e incomodidad\" que le ha provocado el tono de la convocatoria y el \"totum revolutum\" de sus ponentes su decisi\u00f3n de no participar en el festival. \"Defender la palabra y los debates que se acompa\u00f1en tambi\u00e9n exige sensibilidad por los organizadores para no frivolizar ni establecer de antemano las reglas del juego sobre un debate que va a seguir d\u00e1ndose en nuestro pa\u00eds\", ha sentenciado.Antonio Ma\u00edllo ten\u00eda previsto participar el d\u00eda 3 de febrero en un debate pol\u00edtico junto a Ester Mu\u00f1oz, portavoz del Partido Popular, la portavoz del grupo socialista en el Parlamento andaluz, Mar\u00eda M\u00e1rquez, y el ex dirigente de Vox, Iv\u00e1n Espinosa de los Monteros.El t\u00edtulo del coloquio es Noventa a\u00f1os despu\u00e9s \u00bfes posible el di\u00e1logo sobre la Guerra Civil espa\u00f1ola? y su moderador es el escritor Edu Gal\u00e1n, que se ha pronunciado este mismo domingo sobre la renuncia de Ucl\u00e9s.\"No quiero investigar todos los carteles de las participaciones de Ucl\u00e9s pero estoy seguro de que ha aparecido en listados mucho peores que este\", ha escrito Gal\u00e1n en una tribuna publicada en Zenda. \"Ucl\u00e9s asegura que no va porque su misi\u00f3n es combatir a esas figuras y sus valores. Raz\u00f3n de m\u00e1s para salir a su encuentro: \u00bfc\u00f3mo va a combatirles si huye cuando se le aparecen? Si de verdad quiere combatirlas, tendr\u00e1 que hacerlo en estos foros, debatiendo con ellos\", ha explicado el moderador, que ha tildado de \"infantiloide\" y \"tontorrona\" la postura del autor de La pen\u00ednsula de las casas vac\u00edas.La participaci\u00f3n de David Ucl\u00e9s se circunscrib\u00eda a una charla junto a Luis Mateo D\u00edez, Premio Cervantes 2025, titulada Memoria veterana, letras j\u00f3venes, en la que ambos iban a conversar con un grupo de j\u00f3venes estudiantes y que estaba prevista para el d\u00eda 2 a las 20:00 horas, una hora despu\u00e9s de la intervenci\u00f3n de Aznar en otro formato y un d\u00eda antes del debate en el que participar\u00e1 Espinosa de los Monteros.En el resto de la programaci\u00f3n est\u00e1 anunciada la participaci\u00f3n, entre otros, del director de cine Alejandro Amen\u00e1bar, el ministro de Presidencia, F\u00e9lix Bola\u00f1os, la ex vicepresidenta del Gobierno Carmen Calvo, el ex director del CNI F\u00e9lix Sanz Rold\u00e1n, los escritores Paco Cerd\u00e1, Andr\u00e9s Trapiello y Sergio Vila-Sanjuan, los historiadores Juan Pablo Fusi, Juli\u00e1n Casanova y Fernando del Rey o el actor Juan Echanove.\"El sectarismo y la ignorancia de Ucl\u00e9s son un claro indicio de que hay sectores ideol\u00f3gicos en Espa\u00f1a que no desean debates ni razones, sino simplezas demag\u00f3gicas y trincheras de odio\"Arturo P\u00e9rez Reverte y Jes\u00fas VigorraTras la renuncia de Ucl\u00e9s y Ma\u00edllo, Arturo P\u00e9rez Reverte y Jes\u00fas Vigorra han hecho p\u00fablico otro comunicado para defender las jornadas de Letras en Sevilla como \"un foro de debates amplio, ecu\u00e1nime, sin adscripci\u00f3n ideol\u00f3gica alguna, donde voces de diversas tendencias y sensibilidades han dialogado siempre en admirable armon\u00eda\".Los coordinadores del evento han explicado que el escritor fue invitado hace meses, acept\u00f3 la invitaci\u00f3n y \"conoc\u00eda perfectamente la n\u00f3mina de invitados y moderadores de los coloquios\" y han calificado su anuncio de este domingo como \"una imperdonable descortes\u00eda y un incumplimiento de su compromiso\" y aseguran que es \"un s\u00edntoma siniestro\" de lo que las jornadas pretend\u00edan poner de manifiesto. \"El sectarismo y la ignorancia de David Ucl\u00e9s son un claro indicio de que hay sectores ideol\u00f3gicos en Espa\u00f1a que no desean debates ni razones, sino simplezas demag\u00f3gicas, trincheras de odio y desprecio que hagan imposibles di\u00e1logos, acuerdos o reconciliaciones\".Reverte y Vigorra aseguran que \"con su descort\u00e9s y censurable arranque de \u00faltima hora, al que acaba de unirse a toda prisa y con descarado oportunismo Antonio Maillo, coordinador general de Izquierda Unida, que fue invitado hace meses a las jornadas, acept\u00f3 intervenir y conoc\u00eda perfectamente la n\u00f3mina de participantes, confirma tristemente lo necesarias que son las jornadas anunciadas para esta nueva edici\u00f3n de Letras en Sevilla, y lo profundas que son las heridas donde algunos parecen c\u00f3modamente instalados\".","og_url":"https:\/\/vof-news.eu\/es\/el-escritor-david-ucles-renuncia-a-participar-en-un-jornadas-sobre-la-guerra-civil-por-la-presencia-de-aznar-y-espinosa-de-los-monteros-no-puedo-verme-en-el-mismo-cartel-que-estos-dos-individuos\/","og_site_name":"vof-news.eu","article_published_time":"2026-01-25T18:20:39+00:00","article_modified_time":"2026-01-25T18:21:52+00:00","og_image":[{"width":1366,"height":852,"url":"https:\/\/vof-news.eu\/wp-content\/uploads\/2026\/01\/17677245163765.jpg","type":"image\/jpeg"}],"author":"Author","twitter_card":"summary_large_image","twitter_misc":{"Escrito por":"Author","Tiempo de lectura":"7 minutos"},"schema":{"@context":"https:\/\/schema.org","@graph":[{"@type":"WebPage","@id":"https:\/\/vof-news.eu\/es\/el-escritor-david-ucles-renuncia-a-participar-en-un-jornadas-sobre-la-guerra-civil-por-la-presencia-de-aznar-y-espinosa-de-los-monteros-no-puedo-verme-en-el-mismo-cartel-que-estos-dos-individuos\/","url":"https:\/\/vof-news.eu\/es\/el-escritor-david-ucles-renuncia-a-participar-en-un-jornadas-sobre-la-guerra-civil-por-la-presencia-de-aznar-y-espinosa-de-los-monteros-no-puedo-verme-en-el-mismo-cartel-que-estos-dos-individuos\/","name":"El escritor David Ucl\u00e9s renuncia a participar en un jornadas sobre la Guerra Civil por la presencia de Aznar y Espinosa de los Monteros: \"No puedo verme en el mismo cartel que estos dos individuos\" - vof-news.eu","isPartOf":{"@id":"https:\/\/vof-news.eu\/es\/#website"},"primaryImageOfPage":{"@id":"https:\/\/vof-news.eu\/es\/el-escritor-david-ucles-renuncia-a-participar-en-un-jornadas-sobre-la-guerra-civil-por-la-presencia-de-aznar-y-espinosa-de-los-monteros-no-puedo-verme-en-el-mismo-cartel-que-estos-dos-individuos\/#primaryimage"},"image":{"@id":"https:\/\/vof-news.eu\/es\/el-escritor-david-ucles-renuncia-a-participar-en-un-jornadas-sobre-la-guerra-civil-por-la-presencia-de-aznar-y-espinosa-de-los-monteros-no-puedo-verme-en-el-mismo-cartel-que-estos-dos-individuos\/#primaryimage"},"thumbnailUrl":"https:\/\/vof-news.eu\/wp-content\/uploads\/2026\/01\/17677245163765.jpg","datePublished":"2026-01-25T18:20:39+00:00","dateModified":"2026-01-25T18:21:52+00:00","author":{"@id":"https:\/\/vof-news.eu\/es\/#\/schema\/person\/f6a2a4309f0561835797fd8c19b333ed"},"description":"El escritor jienense David Ucl\u00e9s, autor del best seller La pen\u00ednsula de las casa vac\u00edas y reciente ganador del Premio Nadal de literatura con La ciudad de las luces muertas, ha anunciado a trav\u00e9s de las redes sociales su decisi\u00f3n de no asistir al evento \u20181936: La guerra que todos perdimos\u2019, dentro del festival Letras de Sevilla, coordinado por el escritor Arturo P\u00e9rez-Reverte y el periodista Jes\u00fas Vigorra, tras conocer que compartir\u00eda cartel -aunque no coloquio- con el ex presidente del Gobierno Jos\u00e9 Mar\u00eda Aznar y el ex secretario general de Vox Iv\u00e1n Espinosa de los Monteros.\"Debo ser honesto y fiel a los principios que defiendo y no puedo verme en el mismo cartel que estos dos individuos\", ha explicado este domingo Ucl\u00e9s en un breve v\u00eddeo que public\u00f3 en su perfil de Instagram y en el que quiso disculparse con sus seguidores por no formar parte de un ciclo que se celebrar\u00e1 del 2 al 5 de febrero en la Fundaci\u00f3n Cajasol de la capital andaluza. \"Siento mucho que hay\u00e1is visto mi nombre justo a esos dos, lo desconoc\u00eda y me acabo de enterar justo ahora\".El escritor ha contado que se hab\u00eda comprometido a participar en las jornadas pese a no considerar \"ni exacto ni justo\" su t\u00edtulo. \"La guerra no la perdimos todos, la sufrimos todos, pero la perdieron los republicanos y la ganaron los franquistas, que se lucraron de eso durante 40 a\u00f1os\", apunt\u00f3. \"El t\u00edtulo no es de mi agrado, pero no por eso voy a dejar de ir\", dijo antes de defender un debate \"sano\" sobre la guerra con \"voces que opinan de manera distinta\".Sin embargo, no ha ocultado su sorpresa tras descubrir que entre los invitados del festival Letras de Sevilla no s\u00f3lo habr\u00eda escritores, sino tambi\u00e9n pol\u00edticos. \"Y concretamente dos personas que para m\u00ed quebraron los derechos fundamentales del hombre\", ha dicho. \"Por un lado, Jos\u00e9 Mar\u00eda Aznar, que para m\u00ed es la persona que m\u00e1s da\u00f1o f\u00edsico ha hecho al pueblo espa\u00f1ol recientemente. E Iv\u00e1n Espinosa de los Monteros, que ayud\u00f3 a fundar un partido que atenta contra mi libertad de expresi\u00f3n, contra mi derecho a existir y que defiende unos valores que no comparto y contra los que lucho, unos antivalores\".Ucl\u00e9s ha reiterado sus disculpas a sus lectores sevillanos, ha lamentando abandonar la convocatoria tras haberse confirmado su participaci\u00f3n a los organizadores, pero ha asegurado que hay algo que est\u00e1 \"por encima de los honorarios y del compromiso con los lectores\". \"No me salen ni las palabras, pero no puedo ir\", ha dicho a sus seguidores.\"Aznar es la persona que m\u00e1s da\u00f1o f\u00edsico ha hecho al pueblo espa\u00f1ol recientemente\", dice el escritorUcl\u00e9s no es el \u00fanico que se ha ca\u00eddo del cartel en las \u00faltimas horas. El coordinador federal de Izquierda Unida, Antonio Ma\u00edllo, tambi\u00e9n ha comunicado su renuncia a asistir como ponente. \"Agradezco la invitaci\u00f3n que se me hizo para una mesa redonda con otras organizaciones pol\u00edticas, espacios que uso con normalidad para defender mis opiniones y a pesar de que, o precisamente por ello, no compart\u00eda en absoluto el t\u00edtulo de las jornadas: en realidad, \"Unos perdieron m\u00e1s que otros en la Guerra Civil\", ha se\u00f1alado Ma\u00edllo en un texto que ha compartido desde su perfil en la red social X.El dirigente de IU ha reconocido su impacto por c\u00f3mo se han anunciado las jornadas desde la organizaci\u00f3n, su t\u00edtulo y la n\u00f3mina de participantes, \"una especie de 'abajo firmantes' que sostiene la tesis de la equidistancia que sugiere el t\u00edtulo, que no solo no comparto, sino que combato porque es un intento de revisar la lectura tr\u00e1gica y desigual de la guerra civil espa\u00f1ola\".Ma\u00edllo ha justificado en \"ese desacierto\" y en el \"malestar e incomodidad\" que le ha provocado el tono de la convocatoria y el \"totum revolutum\" de sus ponentes su decisi\u00f3n de no participar en el festival. \"Defender la palabra y los debates que se acompa\u00f1en tambi\u00e9n exige sensibilidad por los organizadores para no frivolizar ni establecer de antemano las reglas del juego sobre un debate que va a seguir d\u00e1ndose en nuestro pa\u00eds\", ha sentenciado.Antonio Ma\u00edllo ten\u00eda previsto participar el d\u00eda 3 de febrero en un debate pol\u00edtico junto a Ester Mu\u00f1oz, portavoz del Partido Popular, la portavoz del grupo socialista en el Parlamento andaluz, Mar\u00eda M\u00e1rquez, y el ex dirigente de Vox, Iv\u00e1n Espinosa de los Monteros.El t\u00edtulo del coloquio es Noventa a\u00f1os despu\u00e9s \u00bfes posible el di\u00e1logo sobre la Guerra Civil espa\u00f1ola? y su moderador es el escritor Edu Gal\u00e1n, que se ha pronunciado este mismo domingo sobre la renuncia de Ucl\u00e9s.\"No quiero investigar todos los carteles de las participaciones de Ucl\u00e9s pero estoy seguro de que ha aparecido en listados mucho peores que este\", ha escrito Gal\u00e1n en una tribuna publicada en Zenda. \"Ucl\u00e9s asegura que no va porque su misi\u00f3n es combatir a esas figuras y sus valores. Raz\u00f3n de m\u00e1s para salir a su encuentro: \u00bfc\u00f3mo va a combatirles si huye cuando se le aparecen? Si de verdad quiere combatirlas, tendr\u00e1 que hacerlo en estos foros, debatiendo con ellos\", ha explicado el moderador, que ha tildado de \"infantiloide\" y \"tontorrona\" la postura del autor de La pen\u00ednsula de las casas vac\u00edas.La participaci\u00f3n de David Ucl\u00e9s se circunscrib\u00eda a una charla junto a Luis Mateo D\u00edez, Premio Cervantes 2025, titulada Memoria veterana, letras j\u00f3venes, en la que ambos iban a conversar con un grupo de j\u00f3venes estudiantes y que estaba prevista para el d\u00eda 2 a las 20:00 horas, una hora despu\u00e9s de la intervenci\u00f3n de Aznar en otro formato y un d\u00eda antes del debate en el que participar\u00e1 Espinosa de los Monteros.En el resto de la programaci\u00f3n est\u00e1 anunciada la participaci\u00f3n, entre otros, del director de cine Alejandro Amen\u00e1bar, el ministro de Presidencia, F\u00e9lix Bola\u00f1os, la ex vicepresidenta del Gobierno Carmen Calvo, el ex director del CNI F\u00e9lix Sanz Rold\u00e1n, los escritores Paco Cerd\u00e1, Andr\u00e9s Trapiello y Sergio Vila-Sanjuan, los historiadores Juan Pablo Fusi, Juli\u00e1n Casanova y Fernando del Rey o el actor Juan Echanove.\"El sectarismo y la ignorancia de Ucl\u00e9s son un claro indicio de que hay sectores ideol\u00f3gicos en Espa\u00f1a que no desean debates ni razones, sino simplezas demag\u00f3gicas y trincheras de odio\"Arturo P\u00e9rez Reverte y Jes\u00fas VigorraTras la renuncia de Ucl\u00e9s y Ma\u00edllo, Arturo P\u00e9rez Reverte y Jes\u00fas Vigorra han hecho p\u00fablico otro comunicado para defender las jornadas de Letras en Sevilla como \"un foro de debates amplio, ecu\u00e1nime, sin adscripci\u00f3n ideol\u00f3gica alguna, donde voces de diversas tendencias y sensibilidades han dialogado siempre en admirable armon\u00eda\".Los coordinadores del evento han explicado que el escritor fue invitado hace meses, acept\u00f3 la invitaci\u00f3n y \"conoc\u00eda perfectamente la n\u00f3mina de invitados y moderadores de los coloquios\" y han calificado su anuncio de este domingo como \"una imperdonable descortes\u00eda y un incumplimiento de su compromiso\" y aseguran que es \"un s\u00edntoma siniestro\" de lo que las jornadas pretend\u00edan poner de manifiesto. \"El sectarismo y la ignorancia de David Ucl\u00e9s son un claro indicio de que hay sectores ideol\u00f3gicos en Espa\u00f1a que no desean debates ni razones, sino simplezas demag\u00f3gicas, trincheras de odio y desprecio que hagan imposibles di\u00e1logos, acuerdos o reconciliaciones\".Reverte y Vigorra aseguran que \"con su descort\u00e9s y censurable arranque de \u00faltima hora, al que acaba de unirse a toda prisa y con descarado oportunismo Antonio Maillo, coordinador general de Izquierda Unida, que fue invitado hace meses a las jornadas, acept\u00f3 intervenir y conoc\u00eda perfectamente la n\u00f3mina de participantes, confirma tristemente lo necesarias que son las jornadas anunciadas para esta nueva edici\u00f3n de Letras en Sevilla, y lo profundas que son las heridas donde algunos parecen c\u00f3modamente instalados\".","breadcrumb":{"@id":"https:\/\/vof-news.eu\/es\/el-escritor-david-ucles-renuncia-a-participar-en-un-jornadas-sobre-la-guerra-civil-por-la-presencia-de-aznar-y-espinosa-de-los-monteros-no-puedo-verme-en-el-mismo-cartel-que-estos-dos-individuos\/#breadcrumb"},"inLanguage":"es","potentialAction":[{"@type":"ReadAction","target":["https:\/\/vof-news.eu\/es\/el-escritor-david-ucles-renuncia-a-participar-en-un-jornadas-sobre-la-guerra-civil-por-la-presencia-de-aznar-y-espinosa-de-los-monteros-no-puedo-verme-en-el-mismo-cartel-que-estos-dos-individuos\/"]}]},{"@type":"ImageObject","inLanguage":"es","@id":"https:\/\/vof-news.eu\/es\/el-escritor-david-ucles-renuncia-a-participar-en-un-jornadas-sobre-la-guerra-civil-por-la-presencia-de-aznar-y-espinosa-de-los-monteros-no-puedo-verme-en-el-mismo-cartel-que-estos-dos-individuos\/#primaryimage","url":"https:\/\/vof-news.eu\/wp-content\/uploads\/2026\/01\/17677245163765.jpg","contentUrl":"https:\/\/vof-news.eu\/wp-content\/uploads\/2026\/01\/17677245163765.jpg","width":1366,"height":852},{"@type":"BreadcrumbList","@id":"https:\/\/vof-news.eu\/es\/el-escritor-david-ucles-renuncia-a-participar-en-un-jornadas-sobre-la-guerra-civil-por-la-presencia-de-aznar-y-espinosa-de-los-monteros-no-puedo-verme-en-el-mismo-cartel-que-estos-dos-individuos\/#breadcrumb","itemListElement":[{"@type":"ListItem","position":1,"name":"Home","item":"https:\/\/vof-news.eu\/es\/"},{"@type":"ListItem","position":2,"name":"El escritor David Ucl\u00e9s renuncia a participar en un jornadas sobre la Guerra Civil por la presencia de Aznar y Espinosa de los Monteros: &#8220;No puedo verme en el mismo cartel que estos dos individuos&#8221;"}]},{"@type":"WebSite","@id":"https:\/\/vof-news.eu\/es\/#website","url":"https:\/\/vof-news.eu\/es\/","name":"vof-news.eu","description":"","potentialAction":[{"@type":"SearchAction","target":{"@type":"EntryPoint","urlTemplate":"https:\/\/vof-news.eu\/es\/?s={search_term_string}"},"query-input":"required name=search_term_string"}],"inLanguage":"es"},{"@type":"Person","@id":"https:\/\/vof-news.eu\/es\/#\/schema\/person\/f6a2a4309f0561835797fd8c19b333ed","name":"Author","image":{"@type":"ImageObject","inLanguage":"es","@id":"https:\/\/vof-news.eu\/es\/#\/schema\/person\/image\/","url":"https:\/\/secure.gravatar.com\/avatar\/b67e614b1b25b3e9c0c239efdd2fde5ab015b5affd6f1c3c85911ca4b384e790?s=96&d=mm&r=g","contentUrl":"https:\/\/secure.gravatar.com\/avatar\/b67e614b1b25b3e9c0c239efdd2fde5ab015b5affd6f1c3c85911ca4b384e790?s=96&d=mm&r=g","caption":"Author"},"sameAs":["http:\/\/vof-news.eu"],"url":"https:\/\/vof-news.eu\/es\/author\/zwt6qxnjulxbnyg\/"}]}},"yoast_meta":{"yoast_wpseo_title":"","yoast_wpseo_metadesc":"","yoast_wpseo_canonical":""},"_links":{"self":[{"href":"https:\/\/vof-news.eu\/es\/wp-json\/wp\/v2\/posts\/320111","targetHints":{"allow":["GET"]}}],"collection":[{"href":"https:\/\/vof-news.eu\/es\/wp-json\/wp\/v2\/posts"}],"about":[{"href":"https:\/\/vof-news.eu\/es\/wp-json\/wp\/v2\/types\/post"}],"author":[{"embeddable":true,"href":"https:\/\/vof-news.eu\/es\/wp-json\/wp\/v2\/users\/1"}],"replies":[{"embeddable":true,"href":"https:\/\/vof-news.eu\/es\/wp-json\/wp\/v2\/comments?post=320111"}],"version-history":[{"count":1,"href":"https:\/\/vof-news.eu\/es\/wp-json\/wp\/v2\/posts\/320111\/revisions"}],"predecessor-version":[{"id":320125,"href":"https:\/\/vof-news.eu\/es\/wp-json\/wp\/v2\/posts\/320111\/revisions\/320125"}],"wp:featuredmedia":[{"embeddable":true,"href":"https:\/\/vof-news.eu\/es\/wp-json\/wp\/v2\/media\/320112"}],"wp:attachment":[{"href":"https:\/\/vof-news.eu\/es\/wp-json\/wp\/v2\/media?parent=320111"}],"wp:term":[{"taxonomy":"category","embeddable":true,"href":"https:\/\/vof-news.eu\/es\/wp-json\/wp\/v2\/categories?post=320111"},{"taxonomy":"post_tag","embeddable":true,"href":"https:\/\/vof-news.eu\/es\/wp-json\/wp\/v2\/tags?post=320111"}],"curies":[{"name":"wp","href":"https:\/\/api.w.org\/{rel}","templated":true}]}}