{"id":319839,"date":"2026-01-24T13:19:25","date_gmt":"2026-01-24T10:19:25","guid":{"rendered":"https:\/\/vof-news.eu\/judeline-una-diva-que-rompe-con-todo-siempre-he-querido-ser-una-estrella-del-pop-pero-no-bailo-no-soy-explosiva-y-no-muevo-la-melena-como-beyonce\/"},"modified":"2026-01-24T13:19:57","modified_gmt":"2026-01-24T10:19:57","slug":"judeline-una-diva-que-rompe-con-todo-siempre-he-querido-ser-una-estrella-del-pop-pero-no-bailo-no-soy-explosiva-y-no-muevo-la-melena-como-beyonce","status":"publish","type":"post","link":"https:\/\/vof-news.eu\/es\/judeline-una-diva-que-rompe-con-todo-siempre-he-querido-ser-una-estrella-del-pop-pero-no-bailo-no-soy-explosiva-y-no-muevo-la-melena-como-beyonce\/","title":{"rendered":"Judeline, una diva que rompe con todo: \u00abSiempre he querido ser una estrella del pop, pero no bailo, no soy explosiva y no muevo la melena como Beyonc\u00e9\u00bb"},"content":{"rendered":"<div>\n<p>Hay algo en <strong>Judeline<\/strong> (Los Ca\u00f1os de Meca, C\u00e1diz, 2003) que directamente remite a la extra\u00f1eza propia de un ser poco convencional. Quiz\u00e1s esa altura asociada a una voz juguetona. Quiz\u00e1s ese salto, que hace parecer natural entre g\u00e9neros musicales sin mayor esfuerzo. Quiz\u00e1s los razonamientos impropios de su edad y su experiencia en la industria. Quiz\u00e1s los visos de estrella del pop que empieza a dibujar tan alejada del puro canon. <strong>O quiz\u00e1s sea que simplemente es un ser poco convencional.<\/strong><\/p>\n<p>Lara Fern\u00e1ndez, el nombre real bajo el art\u00edstico, llega a la oficina de su agencia de prensa, pide perd\u00f3n por la tardanza con cierto apuro y advierte: \u00abVengo un poco saturada y es mala hora, pero intentar\u00e9 hacerlo bien\u00bb. Y cuela una risilla como colof\u00f3n de su disculpa. Est\u00e1 aqu\u00ed porque en unas semanas se enfrentar\u00e1 a sus primeros conciertos en solitario en el Movistar Arena de Madrid (22 de febrero) y el Palau Sant Jordi de Barcelona (26 de febrero). Tambi\u00e9n porque en el cierre de 2025, el a\u00f1o de su confirmaci\u00f3n, public\u00f3 un proyecto de cinco temas, <i>Verano Saudade<\/i>, llamado a sumir en el goce nost\u00e1lgico estival a este pa\u00eds. Y porque est\u00e1 lanzada en un proceso de internacionalizaci\u00f3n de la mano de su discogr\u00e1fica, I<strong>nterscope -la misma de Lady Gaga, Olivia Rodrigo, Billie Eilish, Gracie Abrams o Bad Gyal-<\/strong>, que hasta el mes de junio la llevar\u00e1 por escenarios de Londres, Par\u00eds, Amsterdam, Bruselas, Berl\u00edn, Praga, Ciudad de M\u00e9xico, Monterrey, Bogot\u00e1 y a los de los festivales Lollapalooza de Argentina y Chile.<\/p>\n<p>\u00abMe lo tomo todo con bastante calma porque tengo una confianza muy grande en que las cosas se van a dar. Tambi\u00e9n digo a veces: \u2018Joder, venga, que me llegue mi momento ya\u2019. Yo s\u00e9 que me est\u00e1 llegando, aunque esa ambici\u00f3n aparece por momentos. Normalmente estoy tranquila y conf\u00edo en ese proceso gradual\u00bb, afirma Judeline, que lleg\u00f3 a Madrid a los 17 a\u00f1os con una \u00fanica obsesi\u00f3n: triunfar en la m\u00fasica. Y ahora, solo cinco a\u00f1os despu\u00e9s, el proceso va lanzado -tres nominaciones a los Latin Grammy con su primer disco, Bodhiria, como cr\u00e9dito- con un proyecto que de puro alternativo no para de mutar. \u00ab<strong>Siempre he querido ser una estrella del pop, pero habr\u00eda que reinventar lo que significa serlo porque no creo que sea el tipo de persona que lo pueda ser<\/strong>. No s\u00e9 bailar, no s\u00e9 si tengo esa personalidad de diva absoluta, pero siento que vamos reinventando lo que es ser una estrella pop. Charli XCX o Lady Gaga son una reinvenci\u00f3n. Si fuera una estrella del pop, lo ser\u00eda a mi manera\u00bb. <\/p>\n<h2><\/h2>\n<dl>\n<dt>\u00bfQuiz\u00e1s lo que le pasa es que no quiere encajar en el que durante a\u00f1os fue un molde para estrellas, sobre todo femeninas, del pop?<\/dt>\n<dd>Me encantar\u00eda encajar, de verdad, pero no nac\u00ed as\u00ed. No bailo, no tengo esa cosa explosiva que tienen las divas del pop en el escenario. No tengo el movimiento de melena de Beyonc\u00e9 y no soy tan disciplinada como ellas. Tampoco me mato en el gimnasio ni me despierto tempran\u00edsimo a diario. No creo que mi personalidad vaya a priorizar nunca ser esa persona, no me sale natural, pero alg\u00fan d\u00eda reinventar\u00e9 lo que es ser un diva del pop para m\u00ed.<\/dd>\n<dt>Sin tener eso, ha conseguido que la industria se fije en usted, tres nominaciones a los Latin Grammy con su primer disco, sus dos primeras arenas en solitario en Madrid y Barcelona, recorrer el mundo&#8230;<\/dt>\n<dd>Creo que la gente ha visto algo en el proyecto que les ha gustado y creo que cuando la gente percibe cierta pureza en los proyectos hay algo adictivo. Estamos en un momento bueno porque la m\u00fasica a veces se siente tan preparada que lo sencillo y lo natural es lo que llega. Con sencillo me refiero a lo que nadie te ha obligado a hacer. Los fans notan cuando cada decisi\u00f3n sale del artista y no hay much\u00edsimas mentes pensantes detr\u00e1s haci\u00e9ndolo todo por ellos.<\/dd>\n<dt>Estar dentro de ese crecimiento, con 22 a\u00f1os, \u00bfqu\u00e9 le produce? <\/dt>\n<dd>Ah\u00ed s\u00ed que siento que hay cosas que han pasado muy r\u00e1pido y no me ha dado tiempo a procesar. Ahora lo estoy haciendo e intentando ponerme a la altura de las oportunidades que se me est\u00e1n abriendo. No s\u00e9, me siento feliz, aunque esto solo es una parte muy peque\u00f1a de lo que yo quiero conseguir y que estoy empezando a entrar en el camino que quiero seguir. Tampoco es algo que me reprima creativamente, mi mente y mi visi\u00f3n art\u00edstica siguen siendo exactamente iguales.<\/dd>\n<dt>\u00bfLe preocupa que esa parte creativa pueda quedar subyugada a todo lo dem\u00e1s?<\/dt>\n<dd>No me preocupa porque si algo afecta a la visi\u00f3n art\u00edstica, lo aparto. Otra cosa es que se transforme radicalmente lo que yo sent\u00eda hace dos meses. Eso es parte del proceso creativo. Me gusta reflexionar sobre mi propia visi\u00f3n art\u00edstica, c\u00f3mo ha llegado esa informaci\u00f3n a m\u00ed y c\u00f3mo voy aceptando todos los cambios. No tengo miedo a que nada me limite art\u00edsticamente porque las personas que est\u00e1n a mi alrededor me escuchan y me apoyan con las cosas que se me ocurren. Siento que estoy en un entorno donde la creatividad fluye de forma sana.<\/dd>\n<dt>Su \u00faltimo proyecto, el EP <i>Verano Saudade<\/i>, est\u00e1 atravesado por el miedo a la p\u00e9rdida de la juventud. \u00bfEst\u00e1 viviendo ese proceso? <\/dt>\n<dd>Es una crisis que me dio este a\u00f1o por qu\u00e9 cumpl\u00ed 22 y y me empec\u00e9 a preguntar qu\u00e9 estoy haciendo con mi juventud. Llevo unos a\u00f1os que nunca salgo de fiesta, socializo muy poco y siempre me quiero ir a mi casa lo m\u00e1s pronto posible. Eso me hace pensar si me estoy perdiendo cosas que deber\u00eda estar haciendo a mi edad. Es como que siento que estoy trabajando demasiado y no estoy viviendo y no s\u00e9 si me voy a arrepentir cuando sea mayor. De ah\u00ed que plantee lo de la eterna juventud.<\/dd>\n<\/dl>\n<blockquote>\n<p>\u00abNo tengo ninguna intenci\u00f3n de ser una artista que llena dos estadios. Si se da, de puta madre, pero prefiero hacer buenos discos\u00bb<\/p>\n<p><span><\/span><\/p><\/blockquote>\n<h2><\/h2>\n<dl>\n<dt>Tengo la sensaci\u00f3n de que esa ansiedad por perder la juventud es com\u00fan a mujeres j\u00f3venes de la m\u00fasica: Julieta, Natalia Lacunza&#8230;<\/dt>\n<dd>Creo que hay una presi\u00f3n que no s\u00e9 muy bien c\u00f3mo explicar. La globalizaci\u00f3n, el ver muchas carreras desde fuera, te hace sentir que los que triunfan en el mundo cada vez son m\u00e1s j\u00f3venes y que solo existe un rango de edad para que despliegues la versi\u00f3n m\u00e1s incre\u00edble de ti mismo, que si no consigues alcanzar el m\u00e1ximo \u00e9xito a una edad no lo vas a lograr. <\/dd>\n<dt>Junto a ese temor, estos temas son una arenga al goce, al disfrute y, sobre todo, a la sexualidad libre.<\/dt>\n<dd>Para m\u00ed la sensaci\u00f3n de vivir en un verano eterno tiene que tener sexo. Desmelenarte, conectar con tu sexualidad, sentirte atractiva y bailar. Creo que se habla mucho de sexo, pero se despersonaliza. Me da mucho miedo que, en la era del porno, el sexo se est\u00e1 viendo muy desconectada de uno mismo. El sexo no se tiene que ver desde fuera, es una cosa \u00edntima, hay que conectar con ella y tratarla con mucho mimo. Es una cosa muy vulnerable, pero hay que disfrutarla porque es san\u00edsimo y parte de nuestra naturaleza. Yo lo tengo muy presente cuando hablo con mis amigas y en mi m\u00fasica.<\/dd>\n<dt>\u00bfQu\u00e9 importancia tiene, en su caso tambi\u00e9n desde una visi\u00f3n LGTBI, que muchas mujeres est\u00e9n reivindicado esa sexualidad activa?<\/dt>\n<dd>Yo no veo mal que un hombre hable de la sexualidad de una mujer si lo hace de una manera respetuosa. Me parece peor que digamos que es vulgar o que es machista que lo trate desde el disfrute femenino porque lo haya escrito un hombre. El problema es que siempre han estado normalizadas la sumisi\u00f3n y las letras machistas, desde toda la historia. Lo bonito de esto es apropi\u00e1rnoslo. Pienso en Roc\u00edo Jurado, que en su \u00e9poca parec\u00eda un esc\u00e1ndalo que una mujer hablara de su sexualidad. Realmente para m\u00ed ya es algo natural. No le doy la vuelta reivindicativa, pero una vez que las canciones est\u00e1n fuera me parece bonito c\u00f3mo las chicas interpretan esas letras. <\/dd>\n<dt>Ahora que los grandes recintos parecen marcar las carreras de los artistas, \u00bfqu\u00e9 suponen para usted ese Movistar y ese Palau?<\/dt>\n<dd>Es mi primera vez y no me quiero frustrar si no es el concierto de mi vida o si no sale perfecto. Aunque estoy s\u00faper contenta y s\u00e9 que va a ser inolvidable. Me refiero a que me lo quiero tomar como que este es el inicio de las arenas que voy a hacer en mi vida y el primer pasito para ense\u00f1arle al mundo que soy capaz de hacer cosas a gran escala. Lo siento como un aprendizaje, como una oportunidad bonita, pero como un comienzo. No quiero pensar que he llegado hasta aqu\u00ed y que eso est\u00e1 guay, quiero que sea el comienzo de lo siguiente.<\/dd>\n<\/dl>\n<h2><\/h2>\n<dl>\n<dt>\u00bfSe ha generado un modelo perverso al relacionar el \u00e9xito con la medida de los recintos que se llenan?<\/dt>\n<dd>Yo no me obsesiono tanto con llenarlo, sino con hacerlo cada vez mejor, vengan los mismos o vengan menos. Lo que me importa de verdad es llevar un show que est\u00e9 a la altura, perfeccionar cosas, cantarlo bien y durar una hora y media o dos horas sin ahogarme. Sentir que es como el comienzo de una evoluci\u00f3n que va m\u00e1s all\u00e1 y que me motiva a ser mejor artista y mejor profesional. No tengo ninguna intenci\u00f3n de ser una artista que hace dos fechas en un estadio, no me veo. Si se da, de puta madre. Pero prefiero hacer buenos discos. No tengo tanta ambici\u00f3n con el directo. <\/dd>\n<dt>Creo que la industria musical piensa al contrario.<\/dt>\n<dd>Yo creo que much\u00edsimos artistas se sienten como yo, que son m\u00e1s los equipos que les presionan con llenar y que mucha gente compre tickets. Yo lo que quiero es hacer buenos discos y buena m\u00fasica. Ahora mismo no me ha dado tiempo a ponerme, a ir al estudio, pero van saliendo cositas en casa muy lentitas y muy peque\u00f1itas. En cuanto pueda me quiero meter al estudio a vomitarlo todo, pero todav\u00eda no he podido.<\/dd>\n<dt>Parece que han llegado una generaci\u00f3n, pienso en los Rusia IDK, usted, por supuesto Rosal\u00eda, con la intenci\u00f3n de que la m\u00fasica experimental sea la presentaci\u00f3n de Espa\u00f1a al mundo.<\/dt>\n<dd>Yo creo que eso es un alivio para muchos artistas que lo experimental est\u00e9 triunfando. Puede ser que falles y a la gente no le guste, pero siento que la gente cada vez est\u00e1 abriendo m\u00e1s la mente en ese sentido y apreciando las cosas que suenan distinto o que suenan originales. Est\u00e1 bien que los artistas salgamos de lo que sonaba siempre en las radios antes. Me parece muy positivo ese cambio de que cualquier personas pueda tener acceso y hacer m\u00fasica o que la pueda hacer en su casa. Son much\u00edsimas m\u00e1s posibilidades de que alguien incre\u00edble pueda vivir de la m\u00fasica, que antes era impensable si no ten\u00edas un enchufe en una discogr\u00e1fica. Estoy feliz de la era en la que vivo.<\/dd>\n<dt>Usted misma que lleg\u00f3 a Madrid con 17 a\u00f1os sin tener nada y cinco a\u00f1os despu\u00e9s aqu\u00ed estamos.<\/dt>\n<dd>Si miro atr\u00e1s, yo sab\u00eda que se iba a dar. Mira que yo no me considero una persona muy segura de m\u00ed misma, pero en la m\u00fasica siempre he tenido una seguridad ciega. Al comienzo para m\u00ed era muy frustrante que todo el mundo me miraba y pensaba &#8216;pobrecita, la hostia que se va a pegar&#8217; cuando hablaba de las cosas que quer\u00eda hacer. Y poco a poco esa gente que me ve\u00eda como que estaba loca vio que esto funcionaba. Pero me ve\u00edan muy peque\u00f1a, muy motivada y pensaban que me iba a dar la hostia.<\/dd>\n<dt>Esos inicios viviendo en un pisillo del barrio de Almedrales, sin mucho para seguir&#8230; \u00bfcu\u00e1nto han forjado su car\u00e1cter, su forma de relacionarse con la industria y su forma de querer hacer carrera?<\/dt>\n<dd>Fueron peque\u00f1os factores, pero es que yo no ten\u00eda verg\u00fcenza ninguna. He tocado todas las puertas, he escrito a todo el mundo por Instagram para ver si pod\u00eda escribir una letra. Ahora miro mis DMs y joder&#8230; Ahora me pasa al contrario, que me escriben a m\u00ed y pienso &#8216;s\u00ed, claro&#8217;. Luego me doy cuenta de que estoy juzgando a esa gente, pero es que yo mandaba esos mensajes. Yo iba a todos lados, no estaba quieta, le escrib\u00eda a todo el mundo que le pod\u00eda y le ense\u00f1aba m\u00fasica a todas las personas que pod\u00eda. Lo compart\u00eda por todos lados, hac\u00eda listas de difusi\u00f3n o de whatsapp con los links cuando sacaba canci\u00f3n. Y de pronto no s\u00e9 c\u00f3mo pas\u00f3 todo esto y aqu\u00ed estoy.<\/dd>\n<\/dl>\n<blockquote>\n<p>\u00abLas personas que est\u00e1n en contra de la inmigraci\u00f3n y la multiculturalidad es porque les falta mucha conexi\u00f3n humana con el pr\u00f3jimo\u00bb<\/p>\n<p><span><\/span><\/p><\/blockquote>\n<h2><\/h2>\n<dl>\n<dt>No ten\u00eda otra opci\u00f3n que la de ser cantante, claro.<\/dt>\n<dd>Te lo juro que no pens\u00e9 en otra opci\u00f3n. Adem\u00e1s todo cuadr\u00f3 perfecto. Cuando ya me estaba quedando tiesa, no ten\u00eda ni un duro y me firm\u00f3 mi publishing. Cuando volv\u00eda a no quedarme un duro, estaba comiendo macarrones un mes, me sal\u00eda un concierto y tiraba un poquito. Era como tener un angelito todo el rato que me dec\u00eda &#8216;no te preocupes que te estoy metiendo ca\u00f1a ahora y parece que se va a ir todo a tomar por culo, pero no&#8217;. Todav\u00eda me sigue pasando un poco, sigo teniendo cierta suerte. Tambi\u00e9n es verdad que a medida que me hago adulta entiendo un poco m\u00e1s la vida y todo es como m\u00e1s organizado.<\/dd>\n<dt>Desde sus primeros temas, recogidos en Desde la luz, hasta su \u00faltimo trabajo, pasando por Bodhiria, siempre ha estado presente su origen andaluz y gaditano como inspiraci\u00f3n. \u00bfLe ha ayudado la m\u00fasica a reconciliarse con sus or\u00edgenes pese a una mala adolescencia?<\/dt>\n<dd>Sin duda, ahora lo veo desde fuera, echo de menos mi tierra, aprecio la cultura \u00fanica que tenemos. Cuanta m\u00e1s m\u00fasica descubro, m\u00e1s me doy cuenta de lo \u00fanica que es la m\u00fasica en Andaluc\u00eda. Las ramas que hay, las cosas tan incre\u00edbles que se han hecho. He estado enamorada de mi tierra desde ni\u00f1a, pero ahora que veo mi pueblo desde fuera lo aprecio much\u00edsimo m\u00e1s y saboreo cada parte de su cultura m\u00e1s intensamente.<\/dd>\n<dt>Parte de esa cultura es la religiosidad, que ahora parece haber tomado el \u00e1mbito musical. En su disco ya hab\u00eda una mirada religiosa-espiritual muy marcada.<\/dt>\n<dd>Yo le pongo mucha importancia desde ni\u00f1a y en mi familia siempre se ha dado mucha importancia al esp\u00edritu. Pero nunca me han obligado a nada. Me da mucha rabia la espiritualidad impuesta, las religiones que imponen su doctrina a los dem\u00e1s. Siento que la espiritualidad es tambi\u00e9n \u00edntima, cada persona tiene que descubrir la suya propia. Para m\u00ed deber\u00eda haber tantas religiones como personas. Pero s\u00ed que para hacer m\u00fasica yo estoy conectada ah\u00ed.<\/dd>\n<dt>\u00bfCu\u00e1l es su conexi\u00f3n?<\/dt>\n<dd>A m\u00ed las religiones me inspiran mucho desde siempre, siempre me han llamado la atenci\u00f3n. Mi padre siempre ha estado muy interesado por la espiritualidad en la India. Mi abuela materna, esa familia, eran cat\u00f3licos. Y luego tengo muchos amigos musulmanes del colegio porque estamos muy cerca de Marruecos. Siempre hab\u00eda muchas religiones que me rodeaban y ve\u00eda mucha belleza y oscuridad a partes iguales en todas ellas. A\u00fan me sigue pasando.<\/dd>\n<dt>Precisamente esa multiculturalidad que usted plantea ha abierto ahora un debate mundial.<\/dt>\n<dd>Las personas que est\u00e1n en contra de la inmigraci\u00f3n y de la multiculturalidad son personas a las que les falta mucha conexi\u00f3n humana con el pr\u00f3jimo. Para m\u00ed, haberme criado en esta multiculturalidad me hace querer nutrirme de cultura de todos los lugares del mundo y comprender que somos todos exactamente iguales. Andaluc\u00eda es multicultural de por s\u00ed. El flamenco se parece a un rezo musulm\u00e1n, las melod\u00edas de la India parecen una sole\u00e1&#8230; Esa multiculturalidad me hace sentirme libre con mi m\u00fasica y mostrar sonidos que no se pueda identificar muy bien ni de d\u00f3nde viene ni de qu\u00e9 g\u00e9nero son.<\/dd>\n<\/dl>\n<hr\/>\n<\/div>\n","protected":false},"excerpt":{"rendered":"<p>Hay algo en Judeline (Los Ca\u00f1os de Meca, C\u00e1diz, 2003) que directamente remite a la extra\u00f1eza propia de un ser poco convencional. Quiz\u00e1s esa altura asociada a una voz juguetona. Quiz\u00e1s ese salto, que hace parecer natural entre g\u00e9neros musicales sin mayor esfuerzo. Quiz\u00e1s los razonamientos impropios de su edad y su experiencia en la<\/p>\n","protected":false},"author":1,"featured_media":319840,"comment_status":"open","ping_status":"open","sticky":false,"template":"","format":"standard","meta":{"footnotes":""},"categories":[66],"tags":[],"class_list":["post-319839","post","type-post","status-publish","format-standard","has-post-thumbnail","hentry","category-culture-es"],"acf":[],"yoast_head":"<!-- This site is optimized with the Yoast SEO plugin v22.9 - https:\/\/yoast.com\/wordpress\/plugins\/seo\/ -->\n<title>Judeline, una diva que rompe con todo: &quot;Siempre he querido ser una estrella del pop, pero no bailo, no soy explosiva y no muevo la melena como Beyonc\u00e9&quot; - vof-news.eu<\/title>\n<meta name=\"description\" content=\"Hay algo en Judeline (Los Ca\u00f1os de Meca, C\u00e1diz, 2003) que directamente remite a la extra\u00f1eza propia de un ser poco convencional. Quiz\u00e1s esa altura asociada a una voz juguetona. Quiz\u00e1s ese salto, que hace parecer natural entre g\u00e9neros musicales sin mayor esfuerzo. Quiz\u00e1s los razonamientos impropios de su edad y su experiencia en la industria. Quiz\u00e1s los visos de estrella del pop que empieza a dibujar tan alejada del puro canon. O quiz\u00e1s sea que simplemente es un ser poco convencional.Lara Fern\u00e1ndez, el nombre real bajo el art\u00edstico, llega a la oficina de su agencia de prensa, pide perd\u00f3n por la tardanza con cierto apuro y advierte: \u00abVengo un poco saturada y es mala hora, pero intentar\u00e9 hacerlo bien\u00bb. Y cuela una risilla como colof\u00f3n de su disculpa. Est\u00e1 aqu\u00ed porque en unas semanas se enfrentar\u00e1 a sus primeros conciertos en solitario en el Movistar Arena de Madrid (22 de febrero) y el Palau Sant Jordi de Barcelona (26 de febrero). Tambi\u00e9n porque en el cierre de 2025, el a\u00f1o de su confirmaci\u00f3n, public\u00f3 un proyecto de cinco temas, Verano Saudade, llamado a sumir en el goce nost\u00e1lgico estival a este pa\u00eds. Y porque est\u00e1 lanzada en un proceso de internacionalizaci\u00f3n de la mano de su discogr\u00e1fica, Interscope -la misma de Lady Gaga, Olivia Rodrigo, Billie Eilish, Gracie Abrams o Bad Gyal-, que hasta el mes de junio la llevar\u00e1 por escenarios de Londres, Par\u00eds, Amsterdam, Bruselas, Berl\u00edn, Praga, Ciudad de M\u00e9xico, Monterrey, Bogot\u00e1 y a los de los festivales Lollapalooza de Argentina y Chile.\u00abMe lo tomo todo con bastante calma porque tengo una confianza muy grande en que las cosas se van a dar. Tambi\u00e9n digo a veces: \u2018Joder, venga, que me llegue mi momento ya\u2019. Yo s\u00e9 que me est\u00e1 llegando, aunque esa ambici\u00f3n aparece por momentos. Normalmente estoy tranquila y conf\u00edo en ese proceso gradual\u00bb, afirma Judeline, que lleg\u00f3 a Madrid a los 17 a\u00f1os con una \u00fanica obsesi\u00f3n: triunfar en la m\u00fasica. Y ahora, solo cinco a\u00f1os despu\u00e9s, el proceso va lanzado -tres nominaciones a los Latin Grammy con su primer disco, Bodhiria, como cr\u00e9dito- con un proyecto que de puro alternativo no para de mutar. \u00abSiempre he querido ser una estrella del pop, pero habr\u00eda que reinventar lo que significa serlo porque no creo que sea el tipo de persona que lo pueda ser. No s\u00e9 bailar, no s\u00e9 si tengo esa personalidad de diva absoluta, pero siento que vamos reinventando lo que es ser una estrella pop. Charli XCX o Lady Gaga son una reinvenci\u00f3n. Si fuera una estrella del pop, lo ser\u00eda a mi manera\u00bb. \u00bfQuiz\u00e1s lo que le pasa es que no quiere encajar en el que durante a\u00f1os fue un molde para estrellas, sobre todo femeninas, del pop?Me encantar\u00eda encajar, de verdad, pero no nac\u00ed as\u00ed. No bailo, no tengo esa cosa explosiva que tienen las divas del pop en el escenario. No tengo el movimiento de melena de Beyonc\u00e9 y no soy tan disciplinada como ellas. Tampoco me mato en el gimnasio ni me despierto tempran\u00edsimo a diario. No creo que mi personalidad vaya a priorizar nunca ser esa persona, no me sale natural, pero alg\u00fan d\u00eda reinventar\u00e9 lo que es ser un diva del pop para m\u00ed.Sin tener eso, ha conseguido que la industria se fije en usted, tres nominaciones a los Latin Grammy con su primer disco, sus dos primeras arenas en solitario en Madrid y Barcelona, recorrer el mundo...Creo que la gente ha visto algo en el proyecto que les ha gustado y creo que cuando la gente percibe cierta pureza en los proyectos hay algo adictivo. Estamos en un momento bueno porque la m\u00fasica a veces se siente tan preparada que lo sencillo y lo natural es lo que llega. Con sencillo me refiero a lo que nadie te ha obligado a hacer. Los fans notan cuando cada decisi\u00f3n sale del artista y no hay much\u00edsimas mentes pensantes detr\u00e1s haci\u00e9ndolo todo por ellos.Estar dentro de ese crecimiento, con 22 a\u00f1os, \u00bfqu\u00e9 le produce? Ah\u00ed s\u00ed que siento que hay cosas que han pasado muy r\u00e1pido y no me ha dado tiempo a procesar. Ahora lo estoy haciendo e intentando ponerme a la altura de las oportunidades que se me est\u00e1n abriendo. No s\u00e9, me siento feliz, aunque esto solo es una parte muy peque\u00f1a de lo que yo quiero conseguir y que estoy empezando a entrar en el camino que quiero seguir. Tampoco es algo que me reprima creativamente, mi mente y mi visi\u00f3n art\u00edstica siguen siendo exactamente iguales.\u00bfLe preocupa que esa parte creativa pueda quedar subyugada a todo lo dem\u00e1s?No me preocupa porque si algo afecta a la visi\u00f3n art\u00edstica, lo aparto. Otra cosa es que se transforme radicalmente lo que yo sent\u00eda hace dos meses. Eso es parte del proceso creativo. Me gusta reflexionar sobre mi propia visi\u00f3n art\u00edstica, c\u00f3mo ha llegado esa informaci\u00f3n a m\u00ed y c\u00f3mo voy aceptando todos los cambios. No tengo miedo a que nada me limite art\u00edsticamente porque las personas que est\u00e1n a mi alrededor me escuchan y me apoyan con las cosas que se me ocurren. Siento que estoy en un entorno donde la creatividad fluye de forma sana.Su \u00faltimo proyecto, el EP Verano Saudade, est\u00e1 atravesado por el miedo a la p\u00e9rdida de la juventud. \u00bfEst\u00e1 viviendo ese proceso? Es una crisis que me dio este a\u00f1o por qu\u00e9 cumpl\u00ed 22 y y me empec\u00e9 a preguntar qu\u00e9 estoy haciendo con mi juventud. Llevo unos a\u00f1os que nunca salgo de fiesta, socializo muy poco y siempre me quiero ir a mi casa lo m\u00e1s pronto posible. Eso me hace pensar si me estoy perdiendo cosas que deber\u00eda estar haciendo a mi edad. Es como que siento que estoy trabajando demasiado y no estoy viviendo y no s\u00e9 si me voy a arrepentir cuando sea mayor. De ah\u00ed que plantee lo de la eterna juventud.&quot;No tengo ninguna intenci\u00f3n de ser una artista que llena dos estadios. Si se da, de puta madre, pero prefiero hacer buenos discos&quot;Tengo la sensaci\u00f3n de que esa ansiedad por perder la juventud es com\u00fan a mujeres j\u00f3venes de la m\u00fasica: Julieta, Natalia Lacunza...Creo que hay una presi\u00f3n que no s\u00e9 muy bien c\u00f3mo explicar. La globalizaci\u00f3n, el ver muchas carreras desde fuera, te hace sentir que los que triunfan en el mundo cada vez son m\u00e1s j\u00f3venes y que solo existe un rango de edad para que despliegues la versi\u00f3n m\u00e1s incre\u00edble de ti mismo, que si no consigues alcanzar el m\u00e1ximo \u00e9xito a una edad no lo vas a lograr. Junto a ese temor, estos temas son una arenga al goce, al disfrute y, sobre todo, a la sexualidad libre.Para m\u00ed la sensaci\u00f3n de vivir en un verano eterno tiene que tener sexo. Desmelenarte, conectar con tu sexualidad, sentirte atractiva y bailar. Creo que se habla mucho de sexo, pero se despersonaliza. Me da mucho miedo que, en la era del porno, el sexo se est\u00e1 viendo muy desconectada de uno mismo. El sexo no se tiene que ver desde fuera, es una cosa \u00edntima, hay que conectar con ella y tratarla con mucho mimo. Es una cosa muy vulnerable, pero hay que disfrutarla porque es san\u00edsimo y parte de nuestra naturaleza. Yo lo tengo muy presente cuando hablo con mis amigas y en mi m\u00fasica.\u00bfQu\u00e9 importancia tiene, en su caso tambi\u00e9n desde una visi\u00f3n LGTBI, que muchas mujeres est\u00e9n reivindicado esa sexualidad activa?Yo no veo mal que un hombre hable de la sexualidad de una mujer si lo hace de una manera respetuosa. Me parece peor que digamos que es vulgar o que es machista que lo trate desde el disfrute femenino porque lo haya escrito un hombre. El problema es que siempre han estado normalizadas la sumisi\u00f3n y las letras machistas, desde toda la historia. Lo bonito de esto es apropi\u00e1rnoslo. Pienso en Roc\u00edo Jurado, que en su \u00e9poca parec\u00eda un esc\u00e1ndalo que una mujer hablara de su sexualidad. Realmente para m\u00ed ya es algo natural. No le doy la vuelta reivindicativa, pero una vez que las canciones est\u00e1n fuera me parece bonito c\u00f3mo las chicas interpretan esas letras. Ahora que los grandes recintos parecen marcar las carreras de los artistas, \u00bfqu\u00e9 suponen para usted ese Movistar y ese Palau?Es mi primera vez y no me quiero frustrar si no es el concierto de mi vida o si no sale perfecto. Aunque estoy s\u00faper contenta y s\u00e9 que va a ser inolvidable. Me refiero a que me lo quiero tomar como que este es el inicio de las arenas que voy a hacer en mi vida y el primer pasito para ense\u00f1arle al mundo que soy capaz de hacer cosas a gran escala. Lo siento como un aprendizaje, como una oportunidad bonita, pero como un comienzo. No quiero pensar que he llegado hasta aqu\u00ed y que eso est\u00e1 guay, quiero que sea el comienzo de lo siguiente.\u00bfSe ha generado un modelo perverso al relacionar el \u00e9xito con la medida de los recintos que se llenan?Yo no me obsesiono tanto con llenarlo, sino con hacerlo cada vez mejor, vengan los mismos o vengan menos. Lo que me importa de verdad es llevar un show que est\u00e9 a la altura, perfeccionar cosas, cantarlo bien y durar una hora y media o dos horas sin ahogarme. Sentir que es como el comienzo de una evoluci\u00f3n que va m\u00e1s all\u00e1 y que me motiva a ser mejor artista y mejor profesional. No tengo ninguna intenci\u00f3n de ser una artista que hace dos fechas en un estadio, no me veo. Si se da, de puta madre. Pero prefiero hacer buenos discos. No tengo tanta ambici\u00f3n con el directo. Creo que la industria musical piensa al contrario.Yo creo que much\u00edsimos artistas se sienten como yo, que son m\u00e1s los equipos que les presionan con llenar y que mucha gente compre tickets. Yo lo que quiero es hacer buenos discos y buena m\u00fasica. Ahora mismo no me ha dado tiempo a ponerme, a ir al estudio, pero van saliendo cositas en casa muy lentitas y muy peque\u00f1itas. En cuanto pueda me quiero meter al estudio a vomitarlo todo, pero todav\u00eda no he podido.Parece que han llegado una generaci\u00f3n, pienso en los Rusia IDK, usted, por supuesto Rosal\u00eda, con la intenci\u00f3n de que la m\u00fasica experimental sea la presentaci\u00f3n de Espa\u00f1a al mundo.Yo creo que eso es un alivio para muchos artistas que lo experimental est\u00e9 triunfando. Puede ser que falles y a la gente no le guste, pero siento que la gente cada vez est\u00e1 abriendo m\u00e1s la mente en ese sentido y apreciando las cosas que suenan distinto o que suenan originales. Est\u00e1 bien que los artistas salgamos de lo que sonaba siempre en las radios antes. Me parece muy positivo ese cambio de que cualquier personas pueda tener acceso y hacer m\u00fasica o que la pueda hacer en su casa. Son much\u00edsimas m\u00e1s posibilidades de que alguien incre\u00edble pueda vivir de la m\u00fasica, que antes era impensable si no ten\u00edas un enchufe en una discogr\u00e1fica. Estoy feliz de la era en la que vivo.Usted misma que lleg\u00f3 a Madrid con 17 a\u00f1os sin tener nada y cinco a\u00f1os despu\u00e9s aqu\u00ed estamos.Si miro atr\u00e1s, yo sab\u00eda que se iba a dar. Mira que yo no me considero una persona muy segura de m\u00ed misma, pero en la m\u00fasica siempre he tenido una seguridad ciega. Al comienzo para m\u00ed era muy frustrante que todo el mundo me miraba y pensaba &#039;pobrecita, la hostia que se va a pegar&#039; cuando hablaba de las cosas que quer\u00eda hacer. Y poco a poco esa gente que me ve\u00eda como que estaba loca vio que esto funcionaba. Pero me ve\u00edan muy peque\u00f1a, muy motivada y pensaban que me iba a dar la hostia.Esos inicios viviendo en un pisillo del barrio de Almedrales, sin mucho para seguir... \u00bfcu\u00e1nto han forjado su car\u00e1cter, su forma de relacionarse con la industria y su forma de querer hacer carrera?Fueron peque\u00f1os factores, pero es que yo no ten\u00eda verg\u00fcenza ninguna. He tocado todas las puertas, he escrito a todo el mundo por Instagram para ver si pod\u00eda escribir una letra. Ahora miro mis DMs y joder... Ahora me pasa al contrario, que me escriben a m\u00ed y pienso &#039;s\u00ed, claro&#039;. Luego me doy cuenta de que estoy juzgando a esa gente, pero es que yo mandaba esos mensajes. Yo iba a todos lados, no estaba quieta, le escrib\u00eda a todo el mundo que le pod\u00eda y le ense\u00f1aba m\u00fasica a todas las personas que pod\u00eda. Lo compart\u00eda por todos lados, hac\u00eda listas de difusi\u00f3n o de whatsapp con los links cuando sacaba canci\u00f3n. Y de pronto no s\u00e9 c\u00f3mo pas\u00f3 todo esto y aqu\u00ed estoy.&quot;Las personas que est\u00e1n en contra de la inmigraci\u00f3n y la multiculturalidad es porque les falta mucha conexi\u00f3n humana con el pr\u00f3jimo&quot;No ten\u00eda otra opci\u00f3n que la de ser cantante, claro.Te lo juro que no pens\u00e9 en otra opci\u00f3n. Adem\u00e1s todo cuadr\u00f3 perfecto. Cuando ya me estaba quedando tiesa, no ten\u00eda ni un duro y me firm\u00f3 mi publishing. Cuando volv\u00eda a no quedarme un duro, estaba comiendo macarrones un mes, me sal\u00eda un concierto y tiraba un poquito. Era como tener un angelito todo el rato que me dec\u00eda &#039;no te preocupes que te estoy metiendo ca\u00f1a ahora y parece que se va a ir todo a tomar por culo, pero no&#039;. Todav\u00eda me sigue pasando un poco, sigo teniendo cierta suerte. Tambi\u00e9n es verdad que a medida que me hago adulta entiendo un poco m\u00e1s la vida y todo es como m\u00e1s organizado.Desde sus primeros temas, recogidos en Desde la luz, hasta su \u00faltimo trabajo, pasando por Bodhiria, siempre ha estado presente su origen andaluz y gaditano como inspiraci\u00f3n. \u00bfLe ha ayudado la m\u00fasica a reconciliarse con sus or\u00edgenes pese a una mala adolescencia?Sin duda, ahora lo veo desde fuera, echo de menos mi tierra, aprecio la cultura \u00fanica que tenemos. Cuanta m\u00e1s m\u00fasica descubro, m\u00e1s me doy cuenta de lo \u00fanica que es la m\u00fasica en Andaluc\u00eda. Las ramas que hay, las cosas tan incre\u00edbles que se han hecho. He estado enamorada de mi tierra desde ni\u00f1a, pero ahora que veo mi pueblo desde fuera lo aprecio much\u00edsimo m\u00e1s y saboreo cada parte de su cultura m\u00e1s intensamente.Parte de esa cultura es la religiosidad, que ahora parece haber tomado el \u00e1mbito musical. En su disco ya hab\u00eda una mirada religiosa-espiritual muy marcada.Yo le pongo mucha importancia desde ni\u00f1a y en mi familia siempre se ha dado mucha importancia al esp\u00edritu. Pero nunca me han obligado a nada. Me da mucha rabia la espiritualidad impuesta, las religiones que imponen su doctrina a los dem\u00e1s. Siento que la espiritualidad es tambi\u00e9n \u00edntima, cada persona tiene que descubrir la suya propia. Para m\u00ed deber\u00eda haber tantas religiones como personas. Pero s\u00ed que para hacer m\u00fasica yo estoy conectada ah\u00ed.\u00bfCu\u00e1l es su conexi\u00f3n?A m\u00ed las religiones me inspiran mucho desde siempre, siempre me han llamado la atenci\u00f3n. Mi padre siempre ha estado muy interesado por la espiritualidad en la India. Mi abuela materna, esa familia, eran cat\u00f3licos. Y luego tengo muchos amigos musulmanes del colegio porque estamos muy cerca de Marruecos. Siempre hab\u00eda muchas religiones que me rodeaban y ve\u00eda mucha belleza y oscuridad a partes iguales en todas ellas. A\u00fan me sigue pasando.Precisamente esa multiculturalidad que usted plantea ha abierto ahora un debate mundial.Las personas que est\u00e1n en contra de la inmigraci\u00f3n y de la multiculturalidad son personas a las que les falta mucha conexi\u00f3n humana con el pr\u00f3jimo. Para m\u00ed, haberme criado en esta multiculturalidad me hace querer nutrirme de cultura de todos los lugares del mundo y comprender que somos todos exactamente iguales. Andaluc\u00eda es multicultural de por s\u00ed. El flamenco se parece a un rezo musulm\u00e1n, las melod\u00edas de la India parecen una sole\u00e1... Esa multiculturalidad me hace sentirme libre con mi m\u00fasica y mostrar sonidos que no se pueda identificar muy bien ni de d\u00f3nde viene ni de qu\u00e9 g\u00e9nero son.\" \/>\n<meta name=\"robots\" content=\"noindex, follow, max-snippet:-1, max-image-preview:large, max-video-preview:-1\" \/>\n<meta property=\"og:locale\" content=\"es_ES\" \/>\n<meta property=\"og:type\" content=\"article\" \/>\n<meta property=\"og:title\" content=\"Judeline, una diva que rompe con todo: &quot;Siempre he querido ser una estrella del pop, pero no bailo, no soy explosiva y no muevo la melena como Beyonc\u00e9&quot; - vof-news.eu\" \/>\n<meta property=\"og:description\" content=\"Hay algo en Judeline (Los Ca\u00f1os de Meca, C\u00e1diz, 2003) que directamente remite a la extra\u00f1eza propia de un ser poco convencional. Quiz\u00e1s esa altura asociada a una voz juguetona. Quiz\u00e1s ese salto, que hace parecer natural entre g\u00e9neros musicales sin mayor esfuerzo. Quiz\u00e1s los razonamientos impropios de su edad y su experiencia en la industria. Quiz\u00e1s los visos de estrella del pop que empieza a dibujar tan alejada del puro canon. O quiz\u00e1s sea que simplemente es un ser poco convencional.Lara Fern\u00e1ndez, el nombre real bajo el art\u00edstico, llega a la oficina de su agencia de prensa, pide perd\u00f3n por la tardanza con cierto apuro y advierte: \u00abVengo un poco saturada y es mala hora, pero intentar\u00e9 hacerlo bien\u00bb. Y cuela una risilla como colof\u00f3n de su disculpa. Est\u00e1 aqu\u00ed porque en unas semanas se enfrentar\u00e1 a sus primeros conciertos en solitario en el Movistar Arena de Madrid (22 de febrero) y el Palau Sant Jordi de Barcelona (26 de febrero). Tambi\u00e9n porque en el cierre de 2025, el a\u00f1o de su confirmaci\u00f3n, public\u00f3 un proyecto de cinco temas, Verano Saudade, llamado a sumir en el goce nost\u00e1lgico estival a este pa\u00eds. Y porque est\u00e1 lanzada en un proceso de internacionalizaci\u00f3n de la mano de su discogr\u00e1fica, Interscope -la misma de Lady Gaga, Olivia Rodrigo, Billie Eilish, Gracie Abrams o Bad Gyal-, que hasta el mes de junio la llevar\u00e1 por escenarios de Londres, Par\u00eds, Amsterdam, Bruselas, Berl\u00edn, Praga, Ciudad de M\u00e9xico, Monterrey, Bogot\u00e1 y a los de los festivales Lollapalooza de Argentina y Chile.\u00abMe lo tomo todo con bastante calma porque tengo una confianza muy grande en que las cosas se van a dar. Tambi\u00e9n digo a veces: \u2018Joder, venga, que me llegue mi momento ya\u2019. Yo s\u00e9 que me est\u00e1 llegando, aunque esa ambici\u00f3n aparece por momentos. Normalmente estoy tranquila y conf\u00edo en ese proceso gradual\u00bb, afirma Judeline, que lleg\u00f3 a Madrid a los 17 a\u00f1os con una \u00fanica obsesi\u00f3n: triunfar en la m\u00fasica. Y ahora, solo cinco a\u00f1os despu\u00e9s, el proceso va lanzado -tres nominaciones a los Latin Grammy con su primer disco, Bodhiria, como cr\u00e9dito- con un proyecto que de puro alternativo no para de mutar. \u00abSiempre he querido ser una estrella del pop, pero habr\u00eda que reinventar lo que significa serlo porque no creo que sea el tipo de persona que lo pueda ser. No s\u00e9 bailar, no s\u00e9 si tengo esa personalidad de diva absoluta, pero siento que vamos reinventando lo que es ser una estrella pop. Charli XCX o Lady Gaga son una reinvenci\u00f3n. Si fuera una estrella del pop, lo ser\u00eda a mi manera\u00bb. \u00bfQuiz\u00e1s lo que le pasa es que no quiere encajar en el que durante a\u00f1os fue un molde para estrellas, sobre todo femeninas, del pop?Me encantar\u00eda encajar, de verdad, pero no nac\u00ed as\u00ed. No bailo, no tengo esa cosa explosiva que tienen las divas del pop en el escenario. No tengo el movimiento de melena de Beyonc\u00e9 y no soy tan disciplinada como ellas. Tampoco me mato en el gimnasio ni me despierto tempran\u00edsimo a diario. No creo que mi personalidad vaya a priorizar nunca ser esa persona, no me sale natural, pero alg\u00fan d\u00eda reinventar\u00e9 lo que es ser un diva del pop para m\u00ed.Sin tener eso, ha conseguido que la industria se fije en usted, tres nominaciones a los Latin Grammy con su primer disco, sus dos primeras arenas en solitario en Madrid y Barcelona, recorrer el mundo...Creo que la gente ha visto algo en el proyecto que les ha gustado y creo que cuando la gente percibe cierta pureza en los proyectos hay algo adictivo. Estamos en un momento bueno porque la m\u00fasica a veces se siente tan preparada que lo sencillo y lo natural es lo que llega. Con sencillo me refiero a lo que nadie te ha obligado a hacer. Los fans notan cuando cada decisi\u00f3n sale del artista y no hay much\u00edsimas mentes pensantes detr\u00e1s haci\u00e9ndolo todo por ellos.Estar dentro de ese crecimiento, con 22 a\u00f1os, \u00bfqu\u00e9 le produce? Ah\u00ed s\u00ed que siento que hay cosas que han pasado muy r\u00e1pido y no me ha dado tiempo a procesar. Ahora lo estoy haciendo e intentando ponerme a la altura de las oportunidades que se me est\u00e1n abriendo. No s\u00e9, me siento feliz, aunque esto solo es una parte muy peque\u00f1a de lo que yo quiero conseguir y que estoy empezando a entrar en el camino que quiero seguir. Tampoco es algo que me reprima creativamente, mi mente y mi visi\u00f3n art\u00edstica siguen siendo exactamente iguales.\u00bfLe preocupa que esa parte creativa pueda quedar subyugada a todo lo dem\u00e1s?No me preocupa porque si algo afecta a la visi\u00f3n art\u00edstica, lo aparto. Otra cosa es que se transforme radicalmente lo que yo sent\u00eda hace dos meses. Eso es parte del proceso creativo. Me gusta reflexionar sobre mi propia visi\u00f3n art\u00edstica, c\u00f3mo ha llegado esa informaci\u00f3n a m\u00ed y c\u00f3mo voy aceptando todos los cambios. No tengo miedo a que nada me limite art\u00edsticamente porque las personas que est\u00e1n a mi alrededor me escuchan y me apoyan con las cosas que se me ocurren. Siento que estoy en un entorno donde la creatividad fluye de forma sana.Su \u00faltimo proyecto, el EP Verano Saudade, est\u00e1 atravesado por el miedo a la p\u00e9rdida de la juventud. \u00bfEst\u00e1 viviendo ese proceso? Es una crisis que me dio este a\u00f1o por qu\u00e9 cumpl\u00ed 22 y y me empec\u00e9 a preguntar qu\u00e9 estoy haciendo con mi juventud. Llevo unos a\u00f1os que nunca salgo de fiesta, socializo muy poco y siempre me quiero ir a mi casa lo m\u00e1s pronto posible. Eso me hace pensar si me estoy perdiendo cosas que deber\u00eda estar haciendo a mi edad. Es como que siento que estoy trabajando demasiado y no estoy viviendo y no s\u00e9 si me voy a arrepentir cuando sea mayor. De ah\u00ed que plantee lo de la eterna juventud.&quot;No tengo ninguna intenci\u00f3n de ser una artista que llena dos estadios. Si se da, de puta madre, pero prefiero hacer buenos discos&quot;Tengo la sensaci\u00f3n de que esa ansiedad por perder la juventud es com\u00fan a mujeres j\u00f3venes de la m\u00fasica: Julieta, Natalia Lacunza...Creo que hay una presi\u00f3n que no s\u00e9 muy bien c\u00f3mo explicar. La globalizaci\u00f3n, el ver muchas carreras desde fuera, te hace sentir que los que triunfan en el mundo cada vez son m\u00e1s j\u00f3venes y que solo existe un rango de edad para que despliegues la versi\u00f3n m\u00e1s incre\u00edble de ti mismo, que si no consigues alcanzar el m\u00e1ximo \u00e9xito a una edad no lo vas a lograr. Junto a ese temor, estos temas son una arenga al goce, al disfrute y, sobre todo, a la sexualidad libre.Para m\u00ed la sensaci\u00f3n de vivir en un verano eterno tiene que tener sexo. Desmelenarte, conectar con tu sexualidad, sentirte atractiva y bailar. Creo que se habla mucho de sexo, pero se despersonaliza. Me da mucho miedo que, en la era del porno, el sexo se est\u00e1 viendo muy desconectada de uno mismo. El sexo no se tiene que ver desde fuera, es una cosa \u00edntima, hay que conectar con ella y tratarla con mucho mimo. Es una cosa muy vulnerable, pero hay que disfrutarla porque es san\u00edsimo y parte de nuestra naturaleza. Yo lo tengo muy presente cuando hablo con mis amigas y en mi m\u00fasica.\u00bfQu\u00e9 importancia tiene, en su caso tambi\u00e9n desde una visi\u00f3n LGTBI, que muchas mujeres est\u00e9n reivindicado esa sexualidad activa?Yo no veo mal que un hombre hable de la sexualidad de una mujer si lo hace de una manera respetuosa. Me parece peor que digamos que es vulgar o que es machista que lo trate desde el disfrute femenino porque lo haya escrito un hombre. El problema es que siempre han estado normalizadas la sumisi\u00f3n y las letras machistas, desde toda la historia. Lo bonito de esto es apropi\u00e1rnoslo. Pienso en Roc\u00edo Jurado, que en su \u00e9poca parec\u00eda un esc\u00e1ndalo que una mujer hablara de su sexualidad. Realmente para m\u00ed ya es algo natural. No le doy la vuelta reivindicativa, pero una vez que las canciones est\u00e1n fuera me parece bonito c\u00f3mo las chicas interpretan esas letras. Ahora que los grandes recintos parecen marcar las carreras de los artistas, \u00bfqu\u00e9 suponen para usted ese Movistar y ese Palau?Es mi primera vez y no me quiero frustrar si no es el concierto de mi vida o si no sale perfecto. Aunque estoy s\u00faper contenta y s\u00e9 que va a ser inolvidable. Me refiero a que me lo quiero tomar como que este es el inicio de las arenas que voy a hacer en mi vida y el primer pasito para ense\u00f1arle al mundo que soy capaz de hacer cosas a gran escala. Lo siento como un aprendizaje, como una oportunidad bonita, pero como un comienzo. No quiero pensar que he llegado hasta aqu\u00ed y que eso est\u00e1 guay, quiero que sea el comienzo de lo siguiente.\u00bfSe ha generado un modelo perverso al relacionar el \u00e9xito con la medida de los recintos que se llenan?Yo no me obsesiono tanto con llenarlo, sino con hacerlo cada vez mejor, vengan los mismos o vengan menos. Lo que me importa de verdad es llevar un show que est\u00e9 a la altura, perfeccionar cosas, cantarlo bien y durar una hora y media o dos horas sin ahogarme. Sentir que es como el comienzo de una evoluci\u00f3n que va m\u00e1s all\u00e1 y que me motiva a ser mejor artista y mejor profesional. No tengo ninguna intenci\u00f3n de ser una artista que hace dos fechas en un estadio, no me veo. Si se da, de puta madre. Pero prefiero hacer buenos discos. No tengo tanta ambici\u00f3n con el directo. Creo que la industria musical piensa al contrario.Yo creo que much\u00edsimos artistas se sienten como yo, que son m\u00e1s los equipos que les presionan con llenar y que mucha gente compre tickets. Yo lo que quiero es hacer buenos discos y buena m\u00fasica. Ahora mismo no me ha dado tiempo a ponerme, a ir al estudio, pero van saliendo cositas en casa muy lentitas y muy peque\u00f1itas. En cuanto pueda me quiero meter al estudio a vomitarlo todo, pero todav\u00eda no he podido.Parece que han llegado una generaci\u00f3n, pienso en los Rusia IDK, usted, por supuesto Rosal\u00eda, con la intenci\u00f3n de que la m\u00fasica experimental sea la presentaci\u00f3n de Espa\u00f1a al mundo.Yo creo que eso es un alivio para muchos artistas que lo experimental est\u00e9 triunfando. Puede ser que falles y a la gente no le guste, pero siento que la gente cada vez est\u00e1 abriendo m\u00e1s la mente en ese sentido y apreciando las cosas que suenan distinto o que suenan originales. Est\u00e1 bien que los artistas salgamos de lo que sonaba siempre en las radios antes. Me parece muy positivo ese cambio de que cualquier personas pueda tener acceso y hacer m\u00fasica o que la pueda hacer en su casa. Son much\u00edsimas m\u00e1s posibilidades de que alguien incre\u00edble pueda vivir de la m\u00fasica, que antes era impensable si no ten\u00edas un enchufe en una discogr\u00e1fica. Estoy feliz de la era en la que vivo.Usted misma que lleg\u00f3 a Madrid con 17 a\u00f1os sin tener nada y cinco a\u00f1os despu\u00e9s aqu\u00ed estamos.Si miro atr\u00e1s, yo sab\u00eda que se iba a dar. Mira que yo no me considero una persona muy segura de m\u00ed misma, pero en la m\u00fasica siempre he tenido una seguridad ciega. Al comienzo para m\u00ed era muy frustrante que todo el mundo me miraba y pensaba &#039;pobrecita, la hostia que se va a pegar&#039; cuando hablaba de las cosas que quer\u00eda hacer. Y poco a poco esa gente que me ve\u00eda como que estaba loca vio que esto funcionaba. Pero me ve\u00edan muy peque\u00f1a, muy motivada y pensaban que me iba a dar la hostia.Esos inicios viviendo en un pisillo del barrio de Almedrales, sin mucho para seguir... \u00bfcu\u00e1nto han forjado su car\u00e1cter, su forma de relacionarse con la industria y su forma de querer hacer carrera?Fueron peque\u00f1os factores, pero es que yo no ten\u00eda verg\u00fcenza ninguna. He tocado todas las puertas, he escrito a todo el mundo por Instagram para ver si pod\u00eda escribir una letra. Ahora miro mis DMs y joder... Ahora me pasa al contrario, que me escriben a m\u00ed y pienso &#039;s\u00ed, claro&#039;. Luego me doy cuenta de que estoy juzgando a esa gente, pero es que yo mandaba esos mensajes. Yo iba a todos lados, no estaba quieta, le escrib\u00eda a todo el mundo que le pod\u00eda y le ense\u00f1aba m\u00fasica a todas las personas que pod\u00eda. Lo compart\u00eda por todos lados, hac\u00eda listas de difusi\u00f3n o de whatsapp con los links cuando sacaba canci\u00f3n. Y de pronto no s\u00e9 c\u00f3mo pas\u00f3 todo esto y aqu\u00ed estoy.&quot;Las personas que est\u00e1n en contra de la inmigraci\u00f3n y la multiculturalidad es porque les falta mucha conexi\u00f3n humana con el pr\u00f3jimo&quot;No ten\u00eda otra opci\u00f3n que la de ser cantante, claro.Te lo juro que no pens\u00e9 en otra opci\u00f3n. Adem\u00e1s todo cuadr\u00f3 perfecto. Cuando ya me estaba quedando tiesa, no ten\u00eda ni un duro y me firm\u00f3 mi publishing. Cuando volv\u00eda a no quedarme un duro, estaba comiendo macarrones un mes, me sal\u00eda un concierto y tiraba un poquito. Era como tener un angelito todo el rato que me dec\u00eda &#039;no te preocupes que te estoy metiendo ca\u00f1a ahora y parece que se va a ir todo a tomar por culo, pero no&#039;. Todav\u00eda me sigue pasando un poco, sigo teniendo cierta suerte. Tambi\u00e9n es verdad que a medida que me hago adulta entiendo un poco m\u00e1s la vida y todo es como m\u00e1s organizado.Desde sus primeros temas, recogidos en Desde la luz, hasta su \u00faltimo trabajo, pasando por Bodhiria, siempre ha estado presente su origen andaluz y gaditano como inspiraci\u00f3n. \u00bfLe ha ayudado la m\u00fasica a reconciliarse con sus or\u00edgenes pese a una mala adolescencia?Sin duda, ahora lo veo desde fuera, echo de menos mi tierra, aprecio la cultura \u00fanica que tenemos. Cuanta m\u00e1s m\u00fasica descubro, m\u00e1s me doy cuenta de lo \u00fanica que es la m\u00fasica en Andaluc\u00eda. Las ramas que hay, las cosas tan incre\u00edbles que se han hecho. He estado enamorada de mi tierra desde ni\u00f1a, pero ahora que veo mi pueblo desde fuera lo aprecio much\u00edsimo m\u00e1s y saboreo cada parte de su cultura m\u00e1s intensamente.Parte de esa cultura es la religiosidad, que ahora parece haber tomado el \u00e1mbito musical. En su disco ya hab\u00eda una mirada religiosa-espiritual muy marcada.Yo le pongo mucha importancia desde ni\u00f1a y en mi familia siempre se ha dado mucha importancia al esp\u00edritu. Pero nunca me han obligado a nada. Me da mucha rabia la espiritualidad impuesta, las religiones que imponen su doctrina a los dem\u00e1s. Siento que la espiritualidad es tambi\u00e9n \u00edntima, cada persona tiene que descubrir la suya propia. Para m\u00ed deber\u00eda haber tantas religiones como personas. Pero s\u00ed que para hacer m\u00fasica yo estoy conectada ah\u00ed.\u00bfCu\u00e1l es su conexi\u00f3n?A m\u00ed las religiones me inspiran mucho desde siempre, siempre me han llamado la atenci\u00f3n. Mi padre siempre ha estado muy interesado por la espiritualidad en la India. Mi abuela materna, esa familia, eran cat\u00f3licos. Y luego tengo muchos amigos musulmanes del colegio porque estamos muy cerca de Marruecos. Siempre hab\u00eda muchas religiones que me rodeaban y ve\u00eda mucha belleza y oscuridad a partes iguales en todas ellas. A\u00fan me sigue pasando.Precisamente esa multiculturalidad que usted plantea ha abierto ahora un debate mundial.Las personas que est\u00e1n en contra de la inmigraci\u00f3n y de la multiculturalidad son personas a las que les falta mucha conexi\u00f3n humana con el pr\u00f3jimo. Para m\u00ed, haberme criado en esta multiculturalidad me hace querer nutrirme de cultura de todos los lugares del mundo y comprender que somos todos exactamente iguales. Andaluc\u00eda es multicultural de por s\u00ed. El flamenco se parece a un rezo musulm\u00e1n, las melod\u00edas de la India parecen una sole\u00e1... Esa multiculturalidad me hace sentirme libre con mi m\u00fasica y mostrar sonidos que no se pueda identificar muy bien ni de d\u00f3nde viene ni de qu\u00e9 g\u00e9nero son.\" \/>\n<meta property=\"og:url\" content=\"https:\/\/vof-news.eu\/es\/judeline-una-diva-que-rompe-con-todo-siempre-he-querido-ser-una-estrella-del-pop-pero-no-bailo-no-soy-explosiva-y-no-muevo-la-melena-como-beyonce\/\" \/>\n<meta property=\"og:site_name\" content=\"vof-news.eu\" \/>\n<meta property=\"article:published_time\" content=\"2026-01-24T10:19:25+00:00\" \/>\n<meta property=\"article:modified_time\" content=\"2026-01-24T10:19:57+00:00\" \/>\n<meta property=\"og:image\" content=\"https:\/\/vof-news.eu\/wp-content\/uploads\/2026\/01\/17691900193744.jpg\" \/>\n\t<meta property=\"og:image:width\" content=\"1366\" \/>\n\t<meta property=\"og:image:height\" content=\"1537\" \/>\n\t<meta property=\"og:image:type\" content=\"image\/jpeg\" \/>\n<meta name=\"author\" content=\"Author\" \/>\n<meta name=\"twitter:card\" content=\"summary_large_image\" \/>\n<meta name=\"twitter:label1\" content=\"Escrito por\" \/>\n\t<meta name=\"twitter:data1\" content=\"Author\" \/>\n\t<meta name=\"twitter:label2\" content=\"Tiempo de lectura\" \/>\n\t<meta name=\"twitter:data2\" content=\"14 minutos\" \/>\n<script type=\"application\/ld+json\" class=\"yoast-schema-graph\">{\"@context\":\"https:\/\/schema.org\",\"@graph\":[{\"@type\":\"WebPage\",\"@id\":\"https:\/\/vof-news.eu\/es\/judeline-una-diva-que-rompe-con-todo-siempre-he-querido-ser-una-estrella-del-pop-pero-no-bailo-no-soy-explosiva-y-no-muevo-la-melena-como-beyonce\/\",\"url\":\"https:\/\/vof-news.eu\/es\/judeline-una-diva-que-rompe-con-todo-siempre-he-querido-ser-una-estrella-del-pop-pero-no-bailo-no-soy-explosiva-y-no-muevo-la-melena-como-beyonce\/\",\"name\":\"Judeline, una diva que rompe con todo: \\\"Siempre he querido ser una estrella del pop, pero no bailo, no soy explosiva y no muevo la melena como Beyonc\u00e9\\\" - vof-news.eu\",\"isPartOf\":{\"@id\":\"https:\/\/vof-news.eu\/es\/#website\"},\"primaryImageOfPage\":{\"@id\":\"https:\/\/vof-news.eu\/es\/judeline-una-diva-que-rompe-con-todo-siempre-he-querido-ser-una-estrella-del-pop-pero-no-bailo-no-soy-explosiva-y-no-muevo-la-melena-como-beyonce\/#primaryimage\"},\"image\":{\"@id\":\"https:\/\/vof-news.eu\/es\/judeline-una-diva-que-rompe-con-todo-siempre-he-querido-ser-una-estrella-del-pop-pero-no-bailo-no-soy-explosiva-y-no-muevo-la-melena-como-beyonce\/#primaryimage\"},\"thumbnailUrl\":\"https:\/\/vof-news.eu\/wp-content\/uploads\/2026\/01\/17691900193744.jpg\",\"datePublished\":\"2026-01-24T10:19:25+00:00\",\"dateModified\":\"2026-01-24T10:19:57+00:00\",\"author\":{\"@id\":\"https:\/\/vof-news.eu\/es\/#\/schema\/person\/f6a2a4309f0561835797fd8c19b333ed\"},\"description\":\"Hay algo en Judeline (Los Ca\u00f1os de Meca, C\u00e1diz, 2003) que directamente remite a la extra\u00f1eza propia de un ser poco convencional. Quiz\u00e1s esa altura asociada a una voz juguetona. Quiz\u00e1s ese salto, que hace parecer natural entre g\u00e9neros musicales sin mayor esfuerzo. Quiz\u00e1s los razonamientos impropios de su edad y su experiencia en la industria. Quiz\u00e1s los visos de estrella del pop que empieza a dibujar tan alejada del puro canon. O quiz\u00e1s sea que simplemente es un ser poco convencional.Lara Fern\u00e1ndez, el nombre real bajo el art\u00edstico, llega a la oficina de su agencia de prensa, pide perd\u00f3n por la tardanza con cierto apuro y advierte: \u00abVengo un poco saturada y es mala hora, pero intentar\u00e9 hacerlo bien\u00bb. Y cuela una risilla como colof\u00f3n de su disculpa. Est\u00e1 aqu\u00ed porque en unas semanas se enfrentar\u00e1 a sus primeros conciertos en solitario en el Movistar Arena de Madrid (22 de febrero) y el Palau Sant Jordi de Barcelona (26 de febrero). Tambi\u00e9n porque en el cierre de 2025, el a\u00f1o de su confirmaci\u00f3n, public\u00f3 un proyecto de cinco temas, Verano Saudade, llamado a sumir en el goce nost\u00e1lgico estival a este pa\u00eds. Y porque est\u00e1 lanzada en un proceso de internacionalizaci\u00f3n de la mano de su discogr\u00e1fica, Interscope -la misma de Lady Gaga, Olivia Rodrigo, Billie Eilish, Gracie Abrams o Bad Gyal-, que hasta el mes de junio la llevar\u00e1 por escenarios de Londres, Par\u00eds, Amsterdam, Bruselas, Berl\u00edn, Praga, Ciudad de M\u00e9xico, Monterrey, Bogot\u00e1 y a los de los festivales Lollapalooza de Argentina y Chile.\u00abMe lo tomo todo con bastante calma porque tengo una confianza muy grande en que las cosas se van a dar. Tambi\u00e9n digo a veces: \u2018Joder, venga, que me llegue mi momento ya\u2019. Yo s\u00e9 que me est\u00e1 llegando, aunque esa ambici\u00f3n aparece por momentos. Normalmente estoy tranquila y conf\u00edo en ese proceso gradual\u00bb, afirma Judeline, que lleg\u00f3 a Madrid a los 17 a\u00f1os con una \u00fanica obsesi\u00f3n: triunfar en la m\u00fasica. Y ahora, solo cinco a\u00f1os despu\u00e9s, el proceso va lanzado -tres nominaciones a los Latin Grammy con su primer disco, Bodhiria, como cr\u00e9dito- con un proyecto que de puro alternativo no para de mutar. \u00abSiempre he querido ser una estrella del pop, pero habr\u00eda que reinventar lo que significa serlo porque no creo que sea el tipo de persona que lo pueda ser. No s\u00e9 bailar, no s\u00e9 si tengo esa personalidad de diva absoluta, pero siento que vamos reinventando lo que es ser una estrella pop. Charli XCX o Lady Gaga son una reinvenci\u00f3n. Si fuera una estrella del pop, lo ser\u00eda a mi manera\u00bb. \u00bfQuiz\u00e1s lo que le pasa es que no quiere encajar en el que durante a\u00f1os fue un molde para estrellas, sobre todo femeninas, del pop?Me encantar\u00eda encajar, de verdad, pero no nac\u00ed as\u00ed. No bailo, no tengo esa cosa explosiva que tienen las divas del pop en el escenario. No tengo el movimiento de melena de Beyonc\u00e9 y no soy tan disciplinada como ellas. Tampoco me mato en el gimnasio ni me despierto tempran\u00edsimo a diario. No creo que mi personalidad vaya a priorizar nunca ser esa persona, no me sale natural, pero alg\u00fan d\u00eda reinventar\u00e9 lo que es ser un diva del pop para m\u00ed.Sin tener eso, ha conseguido que la industria se fije en usted, tres nominaciones a los Latin Grammy con su primer disco, sus dos primeras arenas en solitario en Madrid y Barcelona, recorrer el mundo...Creo que la gente ha visto algo en el proyecto que les ha gustado y creo que cuando la gente percibe cierta pureza en los proyectos hay algo adictivo. Estamos en un momento bueno porque la m\u00fasica a veces se siente tan preparada que lo sencillo y lo natural es lo que llega. Con sencillo me refiero a lo que nadie te ha obligado a hacer. Los fans notan cuando cada decisi\u00f3n sale del artista y no hay much\u00edsimas mentes pensantes detr\u00e1s haci\u00e9ndolo todo por ellos.Estar dentro de ese crecimiento, con 22 a\u00f1os, \u00bfqu\u00e9 le produce? Ah\u00ed s\u00ed que siento que hay cosas que han pasado muy r\u00e1pido y no me ha dado tiempo a procesar. Ahora lo estoy haciendo e intentando ponerme a la altura de las oportunidades que se me est\u00e1n abriendo. No s\u00e9, me siento feliz, aunque esto solo es una parte muy peque\u00f1a de lo que yo quiero conseguir y que estoy empezando a entrar en el camino que quiero seguir. Tampoco es algo que me reprima creativamente, mi mente y mi visi\u00f3n art\u00edstica siguen siendo exactamente iguales.\u00bfLe preocupa que esa parte creativa pueda quedar subyugada a todo lo dem\u00e1s?No me preocupa porque si algo afecta a la visi\u00f3n art\u00edstica, lo aparto. Otra cosa es que se transforme radicalmente lo que yo sent\u00eda hace dos meses. Eso es parte del proceso creativo. Me gusta reflexionar sobre mi propia visi\u00f3n art\u00edstica, c\u00f3mo ha llegado esa informaci\u00f3n a m\u00ed y c\u00f3mo voy aceptando todos los cambios. No tengo miedo a que nada me limite art\u00edsticamente porque las personas que est\u00e1n a mi alrededor me escuchan y me apoyan con las cosas que se me ocurren. Siento que estoy en un entorno donde la creatividad fluye de forma sana.Su \u00faltimo proyecto, el EP Verano Saudade, est\u00e1 atravesado por el miedo a la p\u00e9rdida de la juventud. \u00bfEst\u00e1 viviendo ese proceso? Es una crisis que me dio este a\u00f1o por qu\u00e9 cumpl\u00ed 22 y y me empec\u00e9 a preguntar qu\u00e9 estoy haciendo con mi juventud. Llevo unos a\u00f1os que nunca salgo de fiesta, socializo muy poco y siempre me quiero ir a mi casa lo m\u00e1s pronto posible. Eso me hace pensar si me estoy perdiendo cosas que deber\u00eda estar haciendo a mi edad. Es como que siento que estoy trabajando demasiado y no estoy viviendo y no s\u00e9 si me voy a arrepentir cuando sea mayor. De ah\u00ed que plantee lo de la eterna juventud.\\\"No tengo ninguna intenci\u00f3n de ser una artista que llena dos estadios. Si se da, de puta madre, pero prefiero hacer buenos discos\\\"Tengo la sensaci\u00f3n de que esa ansiedad por perder la juventud es com\u00fan a mujeres j\u00f3venes de la m\u00fasica: Julieta, Natalia Lacunza...Creo que hay una presi\u00f3n que no s\u00e9 muy bien c\u00f3mo explicar. La globalizaci\u00f3n, el ver muchas carreras desde fuera, te hace sentir que los que triunfan en el mundo cada vez son m\u00e1s j\u00f3venes y que solo existe un rango de edad para que despliegues la versi\u00f3n m\u00e1s incre\u00edble de ti mismo, que si no consigues alcanzar el m\u00e1ximo \u00e9xito a una edad no lo vas a lograr. Junto a ese temor, estos temas son una arenga al goce, al disfrute y, sobre todo, a la sexualidad libre.Para m\u00ed la sensaci\u00f3n de vivir en un verano eterno tiene que tener sexo. Desmelenarte, conectar con tu sexualidad, sentirte atractiva y bailar. Creo que se habla mucho de sexo, pero se despersonaliza. Me da mucho miedo que, en la era del porno, el sexo se est\u00e1 viendo muy desconectada de uno mismo. El sexo no se tiene que ver desde fuera, es una cosa \u00edntima, hay que conectar con ella y tratarla con mucho mimo. Es una cosa muy vulnerable, pero hay que disfrutarla porque es san\u00edsimo y parte de nuestra naturaleza. Yo lo tengo muy presente cuando hablo con mis amigas y en mi m\u00fasica.\u00bfQu\u00e9 importancia tiene, en su caso tambi\u00e9n desde una visi\u00f3n LGTBI, que muchas mujeres est\u00e9n reivindicado esa sexualidad activa?Yo no veo mal que un hombre hable de la sexualidad de una mujer si lo hace de una manera respetuosa. Me parece peor que digamos que es vulgar o que es machista que lo trate desde el disfrute femenino porque lo haya escrito un hombre. El problema es que siempre han estado normalizadas la sumisi\u00f3n y las letras machistas, desde toda la historia. Lo bonito de esto es apropi\u00e1rnoslo. Pienso en Roc\u00edo Jurado, que en su \u00e9poca parec\u00eda un esc\u00e1ndalo que una mujer hablara de su sexualidad. Realmente para m\u00ed ya es algo natural. No le doy la vuelta reivindicativa, pero una vez que las canciones est\u00e1n fuera me parece bonito c\u00f3mo las chicas interpretan esas letras. Ahora que los grandes recintos parecen marcar las carreras de los artistas, \u00bfqu\u00e9 suponen para usted ese Movistar y ese Palau?Es mi primera vez y no me quiero frustrar si no es el concierto de mi vida o si no sale perfecto. Aunque estoy s\u00faper contenta y s\u00e9 que va a ser inolvidable. Me refiero a que me lo quiero tomar como que este es el inicio de las arenas que voy a hacer en mi vida y el primer pasito para ense\u00f1arle al mundo que soy capaz de hacer cosas a gran escala. Lo siento como un aprendizaje, como una oportunidad bonita, pero como un comienzo. No quiero pensar que he llegado hasta aqu\u00ed y que eso est\u00e1 guay, quiero que sea el comienzo de lo siguiente.\u00bfSe ha generado un modelo perverso al relacionar el \u00e9xito con la medida de los recintos que se llenan?Yo no me obsesiono tanto con llenarlo, sino con hacerlo cada vez mejor, vengan los mismos o vengan menos. Lo que me importa de verdad es llevar un show que est\u00e9 a la altura, perfeccionar cosas, cantarlo bien y durar una hora y media o dos horas sin ahogarme. Sentir que es como el comienzo de una evoluci\u00f3n que va m\u00e1s all\u00e1 y que me motiva a ser mejor artista y mejor profesional. No tengo ninguna intenci\u00f3n de ser una artista que hace dos fechas en un estadio, no me veo. Si se da, de puta madre. Pero prefiero hacer buenos discos. No tengo tanta ambici\u00f3n con el directo. Creo que la industria musical piensa al contrario.Yo creo que much\u00edsimos artistas se sienten como yo, que son m\u00e1s los equipos que les presionan con llenar y que mucha gente compre tickets. Yo lo que quiero es hacer buenos discos y buena m\u00fasica. Ahora mismo no me ha dado tiempo a ponerme, a ir al estudio, pero van saliendo cositas en casa muy lentitas y muy peque\u00f1itas. En cuanto pueda me quiero meter al estudio a vomitarlo todo, pero todav\u00eda no he podido.Parece que han llegado una generaci\u00f3n, pienso en los Rusia IDK, usted, por supuesto Rosal\u00eda, con la intenci\u00f3n de que la m\u00fasica experimental sea la presentaci\u00f3n de Espa\u00f1a al mundo.Yo creo que eso es un alivio para muchos artistas que lo experimental est\u00e9 triunfando. Puede ser que falles y a la gente no le guste, pero siento que la gente cada vez est\u00e1 abriendo m\u00e1s la mente en ese sentido y apreciando las cosas que suenan distinto o que suenan originales. Est\u00e1 bien que los artistas salgamos de lo que sonaba siempre en las radios antes. Me parece muy positivo ese cambio de que cualquier personas pueda tener acceso y hacer m\u00fasica o que la pueda hacer en su casa. Son much\u00edsimas m\u00e1s posibilidades de que alguien incre\u00edble pueda vivir de la m\u00fasica, que antes era impensable si no ten\u00edas un enchufe en una discogr\u00e1fica. Estoy feliz de la era en la que vivo.Usted misma que lleg\u00f3 a Madrid con 17 a\u00f1os sin tener nada y cinco a\u00f1os despu\u00e9s aqu\u00ed estamos.Si miro atr\u00e1s, yo sab\u00eda que se iba a dar. Mira que yo no me considero una persona muy segura de m\u00ed misma, pero en la m\u00fasica siempre he tenido una seguridad ciega. Al comienzo para m\u00ed era muy frustrante que todo el mundo me miraba y pensaba 'pobrecita, la hostia que se va a pegar' cuando hablaba de las cosas que quer\u00eda hacer. Y poco a poco esa gente que me ve\u00eda como que estaba loca vio que esto funcionaba. Pero me ve\u00edan muy peque\u00f1a, muy motivada y pensaban que me iba a dar la hostia.Esos inicios viviendo en un pisillo del barrio de Almedrales, sin mucho para seguir... \u00bfcu\u00e1nto han forjado su car\u00e1cter, su forma de relacionarse con la industria y su forma de querer hacer carrera?Fueron peque\u00f1os factores, pero es que yo no ten\u00eda verg\u00fcenza ninguna. He tocado todas las puertas, he escrito a todo el mundo por Instagram para ver si pod\u00eda escribir una letra. Ahora miro mis DMs y joder... Ahora me pasa al contrario, que me escriben a m\u00ed y pienso 's\u00ed, claro'. Luego me doy cuenta de que estoy juzgando a esa gente, pero es que yo mandaba esos mensajes. Yo iba a todos lados, no estaba quieta, le escrib\u00eda a todo el mundo que le pod\u00eda y le ense\u00f1aba m\u00fasica a todas las personas que pod\u00eda. Lo compart\u00eda por todos lados, hac\u00eda listas de difusi\u00f3n o de whatsapp con los links cuando sacaba canci\u00f3n. Y de pronto no s\u00e9 c\u00f3mo pas\u00f3 todo esto y aqu\u00ed estoy.\\\"Las personas que est\u00e1n en contra de la inmigraci\u00f3n y la multiculturalidad es porque les falta mucha conexi\u00f3n humana con el pr\u00f3jimo\\\"No ten\u00eda otra opci\u00f3n que la de ser cantante, claro.Te lo juro que no pens\u00e9 en otra opci\u00f3n. Adem\u00e1s todo cuadr\u00f3 perfecto. Cuando ya me estaba quedando tiesa, no ten\u00eda ni un duro y me firm\u00f3 mi publishing. Cuando volv\u00eda a no quedarme un duro, estaba comiendo macarrones un mes, me sal\u00eda un concierto y tiraba un poquito. Era como tener un angelito todo el rato que me dec\u00eda 'no te preocupes que te estoy metiendo ca\u00f1a ahora y parece que se va a ir todo a tomar por culo, pero no'. Todav\u00eda me sigue pasando un poco, sigo teniendo cierta suerte. Tambi\u00e9n es verdad que a medida que me hago adulta entiendo un poco m\u00e1s la vida y todo es como m\u00e1s organizado.Desde sus primeros temas, recogidos en Desde la luz, hasta su \u00faltimo trabajo, pasando por Bodhiria, siempre ha estado presente su origen andaluz y gaditano como inspiraci\u00f3n. \u00bfLe ha ayudado la m\u00fasica a reconciliarse con sus or\u00edgenes pese a una mala adolescencia?Sin duda, ahora lo veo desde fuera, echo de menos mi tierra, aprecio la cultura \u00fanica que tenemos. Cuanta m\u00e1s m\u00fasica descubro, m\u00e1s me doy cuenta de lo \u00fanica que es la m\u00fasica en Andaluc\u00eda. Las ramas que hay, las cosas tan incre\u00edbles que se han hecho. He estado enamorada de mi tierra desde ni\u00f1a, pero ahora que veo mi pueblo desde fuera lo aprecio much\u00edsimo m\u00e1s y saboreo cada parte de su cultura m\u00e1s intensamente.Parte de esa cultura es la religiosidad, que ahora parece haber tomado el \u00e1mbito musical. En su disco ya hab\u00eda una mirada religiosa-espiritual muy marcada.Yo le pongo mucha importancia desde ni\u00f1a y en mi familia siempre se ha dado mucha importancia al esp\u00edritu. Pero nunca me han obligado a nada. Me da mucha rabia la espiritualidad impuesta, las religiones que imponen su doctrina a los dem\u00e1s. Siento que la espiritualidad es tambi\u00e9n \u00edntima, cada persona tiene que descubrir la suya propia. Para m\u00ed deber\u00eda haber tantas religiones como personas. Pero s\u00ed que para hacer m\u00fasica yo estoy conectada ah\u00ed.\u00bfCu\u00e1l es su conexi\u00f3n?A m\u00ed las religiones me inspiran mucho desde siempre, siempre me han llamado la atenci\u00f3n. Mi padre siempre ha estado muy interesado por la espiritualidad en la India. Mi abuela materna, esa familia, eran cat\u00f3licos. Y luego tengo muchos amigos musulmanes del colegio porque estamos muy cerca de Marruecos. Siempre hab\u00eda muchas religiones que me rodeaban y ve\u00eda mucha belleza y oscuridad a partes iguales en todas ellas. A\u00fan me sigue pasando.Precisamente esa multiculturalidad que usted plantea ha abierto ahora un debate mundial.Las personas que est\u00e1n en contra de la inmigraci\u00f3n y de la multiculturalidad son personas a las que les falta mucha conexi\u00f3n humana con el pr\u00f3jimo. Para m\u00ed, haberme criado en esta multiculturalidad me hace querer nutrirme de cultura de todos los lugares del mundo y comprender que somos todos exactamente iguales. Andaluc\u00eda es multicultural de por s\u00ed. El flamenco se parece a un rezo musulm\u00e1n, las melod\u00edas de la India parecen una sole\u00e1... Esa multiculturalidad me hace sentirme libre con mi m\u00fasica y mostrar sonidos que no se pueda identificar muy bien ni de d\u00f3nde viene ni de qu\u00e9 g\u00e9nero son.\",\"breadcrumb\":{\"@id\":\"https:\/\/vof-news.eu\/es\/judeline-una-diva-que-rompe-con-todo-siempre-he-querido-ser-una-estrella-del-pop-pero-no-bailo-no-soy-explosiva-y-no-muevo-la-melena-como-beyonce\/#breadcrumb\"},\"inLanguage\":\"es\",\"potentialAction\":[{\"@type\":\"ReadAction\",\"target\":[\"https:\/\/vof-news.eu\/es\/judeline-una-diva-que-rompe-con-todo-siempre-he-querido-ser-una-estrella-del-pop-pero-no-bailo-no-soy-explosiva-y-no-muevo-la-melena-como-beyonce\/\"]}]},{\"@type\":\"ImageObject\",\"inLanguage\":\"es\",\"@id\":\"https:\/\/vof-news.eu\/es\/judeline-una-diva-que-rompe-con-todo-siempre-he-querido-ser-una-estrella-del-pop-pero-no-bailo-no-soy-explosiva-y-no-muevo-la-melena-como-beyonce\/#primaryimage\",\"url\":\"https:\/\/vof-news.eu\/wp-content\/uploads\/2026\/01\/17691900193744.jpg\",\"contentUrl\":\"https:\/\/vof-news.eu\/wp-content\/uploads\/2026\/01\/17691900193744.jpg\",\"width\":1366,\"height\":1537},{\"@type\":\"BreadcrumbList\",\"@id\":\"https:\/\/vof-news.eu\/es\/judeline-una-diva-que-rompe-con-todo-siempre-he-querido-ser-una-estrella-del-pop-pero-no-bailo-no-soy-explosiva-y-no-muevo-la-melena-como-beyonce\/#breadcrumb\",\"itemListElement\":[{\"@type\":\"ListItem\",\"position\":1,\"name\":\"Home\",\"item\":\"https:\/\/vof-news.eu\/es\/\"},{\"@type\":\"ListItem\",\"position\":2,\"name\":\"Judeline, una diva que rompe con todo: &#8220;Siempre he querido ser una estrella del pop, pero no bailo, no soy explosiva y no muevo la melena como Beyonc\u00e9&#8221;\"}]},{\"@type\":\"WebSite\",\"@id\":\"https:\/\/vof-news.eu\/es\/#website\",\"url\":\"https:\/\/vof-news.eu\/es\/\",\"name\":\"vof-news.eu\",\"description\":\"\",\"potentialAction\":[{\"@type\":\"SearchAction\",\"target\":{\"@type\":\"EntryPoint\",\"urlTemplate\":\"https:\/\/vof-news.eu\/es\/?s={search_term_string}\"},\"query-input\":\"required name=search_term_string\"}],\"inLanguage\":\"es\"},{\"@type\":\"Person\",\"@id\":\"https:\/\/vof-news.eu\/es\/#\/schema\/person\/f6a2a4309f0561835797fd8c19b333ed\",\"name\":\"Author\",\"image\":{\"@type\":\"ImageObject\",\"inLanguage\":\"es\",\"@id\":\"https:\/\/vof-news.eu\/es\/#\/schema\/person\/image\/\",\"url\":\"https:\/\/secure.gravatar.com\/avatar\/b67e614b1b25b3e9c0c239efdd2fde5ab015b5affd6f1c3c85911ca4b384e790?s=96&d=mm&r=g\",\"contentUrl\":\"https:\/\/secure.gravatar.com\/avatar\/b67e614b1b25b3e9c0c239efdd2fde5ab015b5affd6f1c3c85911ca4b384e790?s=96&d=mm&r=g\",\"caption\":\"Author\"},\"sameAs\":[\"http:\/\/vof-news.eu\"],\"url\":\"https:\/\/vof-news.eu\/es\/author\/zwt6qxnjulxbnyg\/\"}]}<\/script>\n<!-- \/ Yoast SEO plugin. -->","yoast_head_json":{"title":"Judeline, una diva que rompe con todo: \"Siempre he querido ser una estrella del pop, pero no bailo, no soy explosiva y no muevo la melena como Beyonc\u00e9\" - vof-news.eu","description":"Hay algo en Judeline (Los Ca\u00f1os de Meca, C\u00e1diz, 2003) que directamente remite a la extra\u00f1eza propia de un ser poco convencional. Quiz\u00e1s esa altura asociada a una voz juguetona. Quiz\u00e1s ese salto, que hace parecer natural entre g\u00e9neros musicales sin mayor esfuerzo. Quiz\u00e1s los razonamientos impropios de su edad y su experiencia en la industria. Quiz\u00e1s los visos de estrella del pop que empieza a dibujar tan alejada del puro canon. O quiz\u00e1s sea que simplemente es un ser poco convencional.Lara Fern\u00e1ndez, el nombre real bajo el art\u00edstico, llega a la oficina de su agencia de prensa, pide perd\u00f3n por la tardanza con cierto apuro y advierte: \u00abVengo un poco saturada y es mala hora, pero intentar\u00e9 hacerlo bien\u00bb. Y cuela una risilla como colof\u00f3n de su disculpa. Est\u00e1 aqu\u00ed porque en unas semanas se enfrentar\u00e1 a sus primeros conciertos en solitario en el Movistar Arena de Madrid (22 de febrero) y el Palau Sant Jordi de Barcelona (26 de febrero). Tambi\u00e9n porque en el cierre de 2025, el a\u00f1o de su confirmaci\u00f3n, public\u00f3 un proyecto de cinco temas, Verano Saudade, llamado a sumir en el goce nost\u00e1lgico estival a este pa\u00eds. Y porque est\u00e1 lanzada en un proceso de internacionalizaci\u00f3n de la mano de su discogr\u00e1fica, Interscope -la misma de Lady Gaga, Olivia Rodrigo, Billie Eilish, Gracie Abrams o Bad Gyal-, que hasta el mes de junio la llevar\u00e1 por escenarios de Londres, Par\u00eds, Amsterdam, Bruselas, Berl\u00edn, Praga, Ciudad de M\u00e9xico, Monterrey, Bogot\u00e1 y a los de los festivales Lollapalooza de Argentina y Chile.\u00abMe lo tomo todo con bastante calma porque tengo una confianza muy grande en que las cosas se van a dar. Tambi\u00e9n digo a veces: \u2018Joder, venga, que me llegue mi momento ya\u2019. Yo s\u00e9 que me est\u00e1 llegando, aunque esa ambici\u00f3n aparece por momentos. Normalmente estoy tranquila y conf\u00edo en ese proceso gradual\u00bb, afirma Judeline, que lleg\u00f3 a Madrid a los 17 a\u00f1os con una \u00fanica obsesi\u00f3n: triunfar en la m\u00fasica. Y ahora, solo cinco a\u00f1os despu\u00e9s, el proceso va lanzado -tres nominaciones a los Latin Grammy con su primer disco, Bodhiria, como cr\u00e9dito- con un proyecto que de puro alternativo no para de mutar. \u00abSiempre he querido ser una estrella del pop, pero habr\u00eda que reinventar lo que significa serlo porque no creo que sea el tipo de persona que lo pueda ser. No s\u00e9 bailar, no s\u00e9 si tengo esa personalidad de diva absoluta, pero siento que vamos reinventando lo que es ser una estrella pop. Charli XCX o Lady Gaga son una reinvenci\u00f3n. Si fuera una estrella del pop, lo ser\u00eda a mi manera\u00bb. \u00bfQuiz\u00e1s lo que le pasa es que no quiere encajar en el que durante a\u00f1os fue un molde para estrellas, sobre todo femeninas, del pop?Me encantar\u00eda encajar, de verdad, pero no nac\u00ed as\u00ed. No bailo, no tengo esa cosa explosiva que tienen las divas del pop en el escenario. No tengo el movimiento de melena de Beyonc\u00e9 y no soy tan disciplinada como ellas. Tampoco me mato en el gimnasio ni me despierto tempran\u00edsimo a diario. No creo que mi personalidad vaya a priorizar nunca ser esa persona, no me sale natural, pero alg\u00fan d\u00eda reinventar\u00e9 lo que es ser un diva del pop para m\u00ed.Sin tener eso, ha conseguido que la industria se fije en usted, tres nominaciones a los Latin Grammy con su primer disco, sus dos primeras arenas en solitario en Madrid y Barcelona, recorrer el mundo...Creo que la gente ha visto algo en el proyecto que les ha gustado y creo que cuando la gente percibe cierta pureza en los proyectos hay algo adictivo. Estamos en un momento bueno porque la m\u00fasica a veces se siente tan preparada que lo sencillo y lo natural es lo que llega. Con sencillo me refiero a lo que nadie te ha obligado a hacer. Los fans notan cuando cada decisi\u00f3n sale del artista y no hay much\u00edsimas mentes pensantes detr\u00e1s haci\u00e9ndolo todo por ellos.Estar dentro de ese crecimiento, con 22 a\u00f1os, \u00bfqu\u00e9 le produce? Ah\u00ed s\u00ed que siento que hay cosas que han pasado muy r\u00e1pido y no me ha dado tiempo a procesar. Ahora lo estoy haciendo e intentando ponerme a la altura de las oportunidades que se me est\u00e1n abriendo. No s\u00e9, me siento feliz, aunque esto solo es una parte muy peque\u00f1a de lo que yo quiero conseguir y que estoy empezando a entrar en el camino que quiero seguir. Tampoco es algo que me reprima creativamente, mi mente y mi visi\u00f3n art\u00edstica siguen siendo exactamente iguales.\u00bfLe preocupa que esa parte creativa pueda quedar subyugada a todo lo dem\u00e1s?No me preocupa porque si algo afecta a la visi\u00f3n art\u00edstica, lo aparto. Otra cosa es que se transforme radicalmente lo que yo sent\u00eda hace dos meses. Eso es parte del proceso creativo. Me gusta reflexionar sobre mi propia visi\u00f3n art\u00edstica, c\u00f3mo ha llegado esa informaci\u00f3n a m\u00ed y c\u00f3mo voy aceptando todos los cambios. No tengo miedo a que nada me limite art\u00edsticamente porque las personas que est\u00e1n a mi alrededor me escuchan y me apoyan con las cosas que se me ocurren. Siento que estoy en un entorno donde la creatividad fluye de forma sana.Su \u00faltimo proyecto, el EP Verano Saudade, est\u00e1 atravesado por el miedo a la p\u00e9rdida de la juventud. \u00bfEst\u00e1 viviendo ese proceso? Es una crisis que me dio este a\u00f1o por qu\u00e9 cumpl\u00ed 22 y y me empec\u00e9 a preguntar qu\u00e9 estoy haciendo con mi juventud. Llevo unos a\u00f1os que nunca salgo de fiesta, socializo muy poco y siempre me quiero ir a mi casa lo m\u00e1s pronto posible. Eso me hace pensar si me estoy perdiendo cosas que deber\u00eda estar haciendo a mi edad. Es como que siento que estoy trabajando demasiado y no estoy viviendo y no s\u00e9 si me voy a arrepentir cuando sea mayor. De ah\u00ed que plantee lo de la eterna juventud.\"No tengo ninguna intenci\u00f3n de ser una artista que llena dos estadios. Si se da, de puta madre, pero prefiero hacer buenos discos\"Tengo la sensaci\u00f3n de que esa ansiedad por perder la juventud es com\u00fan a mujeres j\u00f3venes de la m\u00fasica: Julieta, Natalia Lacunza...Creo que hay una presi\u00f3n que no s\u00e9 muy bien c\u00f3mo explicar. La globalizaci\u00f3n, el ver muchas carreras desde fuera, te hace sentir que los que triunfan en el mundo cada vez son m\u00e1s j\u00f3venes y que solo existe un rango de edad para que despliegues la versi\u00f3n m\u00e1s incre\u00edble de ti mismo, que si no consigues alcanzar el m\u00e1ximo \u00e9xito a una edad no lo vas a lograr. Junto a ese temor, estos temas son una arenga al goce, al disfrute y, sobre todo, a la sexualidad libre.Para m\u00ed la sensaci\u00f3n de vivir en un verano eterno tiene que tener sexo. Desmelenarte, conectar con tu sexualidad, sentirte atractiva y bailar. Creo que se habla mucho de sexo, pero se despersonaliza. Me da mucho miedo que, en la era del porno, el sexo se est\u00e1 viendo muy desconectada de uno mismo. El sexo no se tiene que ver desde fuera, es una cosa \u00edntima, hay que conectar con ella y tratarla con mucho mimo. Es una cosa muy vulnerable, pero hay que disfrutarla porque es san\u00edsimo y parte de nuestra naturaleza. Yo lo tengo muy presente cuando hablo con mis amigas y en mi m\u00fasica.\u00bfQu\u00e9 importancia tiene, en su caso tambi\u00e9n desde una visi\u00f3n LGTBI, que muchas mujeres est\u00e9n reivindicado esa sexualidad activa?Yo no veo mal que un hombre hable de la sexualidad de una mujer si lo hace de una manera respetuosa. Me parece peor que digamos que es vulgar o que es machista que lo trate desde el disfrute femenino porque lo haya escrito un hombre. El problema es que siempre han estado normalizadas la sumisi\u00f3n y las letras machistas, desde toda la historia. Lo bonito de esto es apropi\u00e1rnoslo. Pienso en Roc\u00edo Jurado, que en su \u00e9poca parec\u00eda un esc\u00e1ndalo que una mujer hablara de su sexualidad. Realmente para m\u00ed ya es algo natural. No le doy la vuelta reivindicativa, pero una vez que las canciones est\u00e1n fuera me parece bonito c\u00f3mo las chicas interpretan esas letras. Ahora que los grandes recintos parecen marcar las carreras de los artistas, \u00bfqu\u00e9 suponen para usted ese Movistar y ese Palau?Es mi primera vez y no me quiero frustrar si no es el concierto de mi vida o si no sale perfecto. Aunque estoy s\u00faper contenta y s\u00e9 que va a ser inolvidable. Me refiero a que me lo quiero tomar como que este es el inicio de las arenas que voy a hacer en mi vida y el primer pasito para ense\u00f1arle al mundo que soy capaz de hacer cosas a gran escala. Lo siento como un aprendizaje, como una oportunidad bonita, pero como un comienzo. No quiero pensar que he llegado hasta aqu\u00ed y que eso est\u00e1 guay, quiero que sea el comienzo de lo siguiente.\u00bfSe ha generado un modelo perverso al relacionar el \u00e9xito con la medida de los recintos que se llenan?Yo no me obsesiono tanto con llenarlo, sino con hacerlo cada vez mejor, vengan los mismos o vengan menos. Lo que me importa de verdad es llevar un show que est\u00e9 a la altura, perfeccionar cosas, cantarlo bien y durar una hora y media o dos horas sin ahogarme. Sentir que es como el comienzo de una evoluci\u00f3n que va m\u00e1s all\u00e1 y que me motiva a ser mejor artista y mejor profesional. No tengo ninguna intenci\u00f3n de ser una artista que hace dos fechas en un estadio, no me veo. Si se da, de puta madre. Pero prefiero hacer buenos discos. No tengo tanta ambici\u00f3n con el directo. Creo que la industria musical piensa al contrario.Yo creo que much\u00edsimos artistas se sienten como yo, que son m\u00e1s los equipos que les presionan con llenar y que mucha gente compre tickets. Yo lo que quiero es hacer buenos discos y buena m\u00fasica. Ahora mismo no me ha dado tiempo a ponerme, a ir al estudio, pero van saliendo cositas en casa muy lentitas y muy peque\u00f1itas. En cuanto pueda me quiero meter al estudio a vomitarlo todo, pero todav\u00eda no he podido.Parece que han llegado una generaci\u00f3n, pienso en los Rusia IDK, usted, por supuesto Rosal\u00eda, con la intenci\u00f3n de que la m\u00fasica experimental sea la presentaci\u00f3n de Espa\u00f1a al mundo.Yo creo que eso es un alivio para muchos artistas que lo experimental est\u00e9 triunfando. Puede ser que falles y a la gente no le guste, pero siento que la gente cada vez est\u00e1 abriendo m\u00e1s la mente en ese sentido y apreciando las cosas que suenan distinto o que suenan originales. Est\u00e1 bien que los artistas salgamos de lo que sonaba siempre en las radios antes. Me parece muy positivo ese cambio de que cualquier personas pueda tener acceso y hacer m\u00fasica o que la pueda hacer en su casa. Son much\u00edsimas m\u00e1s posibilidades de que alguien incre\u00edble pueda vivir de la m\u00fasica, que antes era impensable si no ten\u00edas un enchufe en una discogr\u00e1fica. Estoy feliz de la era en la que vivo.Usted misma que lleg\u00f3 a Madrid con 17 a\u00f1os sin tener nada y cinco a\u00f1os despu\u00e9s aqu\u00ed estamos.Si miro atr\u00e1s, yo sab\u00eda que se iba a dar. Mira que yo no me considero una persona muy segura de m\u00ed misma, pero en la m\u00fasica siempre he tenido una seguridad ciega. Al comienzo para m\u00ed era muy frustrante que todo el mundo me miraba y pensaba 'pobrecita, la hostia que se va a pegar' cuando hablaba de las cosas que quer\u00eda hacer. Y poco a poco esa gente que me ve\u00eda como que estaba loca vio que esto funcionaba. Pero me ve\u00edan muy peque\u00f1a, muy motivada y pensaban que me iba a dar la hostia.Esos inicios viviendo en un pisillo del barrio de Almedrales, sin mucho para seguir... \u00bfcu\u00e1nto han forjado su car\u00e1cter, su forma de relacionarse con la industria y su forma de querer hacer carrera?Fueron peque\u00f1os factores, pero es que yo no ten\u00eda verg\u00fcenza ninguna. He tocado todas las puertas, he escrito a todo el mundo por Instagram para ver si pod\u00eda escribir una letra. Ahora miro mis DMs y joder... Ahora me pasa al contrario, que me escriben a m\u00ed y pienso 's\u00ed, claro'. Luego me doy cuenta de que estoy juzgando a esa gente, pero es que yo mandaba esos mensajes. Yo iba a todos lados, no estaba quieta, le escrib\u00eda a todo el mundo que le pod\u00eda y le ense\u00f1aba m\u00fasica a todas las personas que pod\u00eda. Lo compart\u00eda por todos lados, hac\u00eda listas de difusi\u00f3n o de whatsapp con los links cuando sacaba canci\u00f3n. Y de pronto no s\u00e9 c\u00f3mo pas\u00f3 todo esto y aqu\u00ed estoy.\"Las personas que est\u00e1n en contra de la inmigraci\u00f3n y la multiculturalidad es porque les falta mucha conexi\u00f3n humana con el pr\u00f3jimo\"No ten\u00eda otra opci\u00f3n que la de ser cantante, claro.Te lo juro que no pens\u00e9 en otra opci\u00f3n. Adem\u00e1s todo cuadr\u00f3 perfecto. Cuando ya me estaba quedando tiesa, no ten\u00eda ni un duro y me firm\u00f3 mi publishing. Cuando volv\u00eda a no quedarme un duro, estaba comiendo macarrones un mes, me sal\u00eda un concierto y tiraba un poquito. Era como tener un angelito todo el rato que me dec\u00eda 'no te preocupes que te estoy metiendo ca\u00f1a ahora y parece que se va a ir todo a tomar por culo, pero no'. Todav\u00eda me sigue pasando un poco, sigo teniendo cierta suerte. Tambi\u00e9n es verdad que a medida que me hago adulta entiendo un poco m\u00e1s la vida y todo es como m\u00e1s organizado.Desde sus primeros temas, recogidos en Desde la luz, hasta su \u00faltimo trabajo, pasando por Bodhiria, siempre ha estado presente su origen andaluz y gaditano como inspiraci\u00f3n. \u00bfLe ha ayudado la m\u00fasica a reconciliarse con sus or\u00edgenes pese a una mala adolescencia?Sin duda, ahora lo veo desde fuera, echo de menos mi tierra, aprecio la cultura \u00fanica que tenemos. Cuanta m\u00e1s m\u00fasica descubro, m\u00e1s me doy cuenta de lo \u00fanica que es la m\u00fasica en Andaluc\u00eda. Las ramas que hay, las cosas tan incre\u00edbles que se han hecho. He estado enamorada de mi tierra desde ni\u00f1a, pero ahora que veo mi pueblo desde fuera lo aprecio much\u00edsimo m\u00e1s y saboreo cada parte de su cultura m\u00e1s intensamente.Parte de esa cultura es la religiosidad, que ahora parece haber tomado el \u00e1mbito musical. En su disco ya hab\u00eda una mirada religiosa-espiritual muy marcada.Yo le pongo mucha importancia desde ni\u00f1a y en mi familia siempre se ha dado mucha importancia al esp\u00edritu. Pero nunca me han obligado a nada. Me da mucha rabia la espiritualidad impuesta, las religiones que imponen su doctrina a los dem\u00e1s. Siento que la espiritualidad es tambi\u00e9n \u00edntima, cada persona tiene que descubrir la suya propia. Para m\u00ed deber\u00eda haber tantas religiones como personas. Pero s\u00ed que para hacer m\u00fasica yo estoy conectada ah\u00ed.\u00bfCu\u00e1l es su conexi\u00f3n?A m\u00ed las religiones me inspiran mucho desde siempre, siempre me han llamado la atenci\u00f3n. Mi padre siempre ha estado muy interesado por la espiritualidad en la India. Mi abuela materna, esa familia, eran cat\u00f3licos. Y luego tengo muchos amigos musulmanes del colegio porque estamos muy cerca de Marruecos. Siempre hab\u00eda muchas religiones que me rodeaban y ve\u00eda mucha belleza y oscuridad a partes iguales en todas ellas. A\u00fan me sigue pasando.Precisamente esa multiculturalidad que usted plantea ha abierto ahora un debate mundial.Las personas que est\u00e1n en contra de la inmigraci\u00f3n y de la multiculturalidad son personas a las que les falta mucha conexi\u00f3n humana con el pr\u00f3jimo. Para m\u00ed, haberme criado en esta multiculturalidad me hace querer nutrirme de cultura de todos los lugares del mundo y comprender que somos todos exactamente iguales. Andaluc\u00eda es multicultural de por s\u00ed. El flamenco se parece a un rezo musulm\u00e1n, las melod\u00edas de la India parecen una sole\u00e1... Esa multiculturalidad me hace sentirme libre con mi m\u00fasica y mostrar sonidos que no se pueda identificar muy bien ni de d\u00f3nde viene ni de qu\u00e9 g\u00e9nero son.","robots":{"index":"noindex","follow":"follow","max-snippet":"max-snippet:-1","max-image-preview":"max-image-preview:large","max-video-preview":"max-video-preview:-1"},"og_locale":"es_ES","og_type":"article","og_title":"Judeline, una diva que rompe con todo: \"Siempre he querido ser una estrella del pop, pero no bailo, no soy explosiva y no muevo la melena como Beyonc\u00e9\" - vof-news.eu","og_description":"Hay algo en Judeline (Los Ca\u00f1os de Meca, C\u00e1diz, 2003) que directamente remite a la extra\u00f1eza propia de un ser poco convencional. Quiz\u00e1s esa altura asociada a una voz juguetona. Quiz\u00e1s ese salto, que hace parecer natural entre g\u00e9neros musicales sin mayor esfuerzo. Quiz\u00e1s los razonamientos impropios de su edad y su experiencia en la industria. Quiz\u00e1s los visos de estrella del pop que empieza a dibujar tan alejada del puro canon. O quiz\u00e1s sea que simplemente es un ser poco convencional.Lara Fern\u00e1ndez, el nombre real bajo el art\u00edstico, llega a la oficina de su agencia de prensa, pide perd\u00f3n por la tardanza con cierto apuro y advierte: \u00abVengo un poco saturada y es mala hora, pero intentar\u00e9 hacerlo bien\u00bb. Y cuela una risilla como colof\u00f3n de su disculpa. Est\u00e1 aqu\u00ed porque en unas semanas se enfrentar\u00e1 a sus primeros conciertos en solitario en el Movistar Arena de Madrid (22 de febrero) y el Palau Sant Jordi de Barcelona (26 de febrero). Tambi\u00e9n porque en el cierre de 2025, el a\u00f1o de su confirmaci\u00f3n, public\u00f3 un proyecto de cinco temas, Verano Saudade, llamado a sumir en el goce nost\u00e1lgico estival a este pa\u00eds. Y porque est\u00e1 lanzada en un proceso de internacionalizaci\u00f3n de la mano de su discogr\u00e1fica, Interscope -la misma de Lady Gaga, Olivia Rodrigo, Billie Eilish, Gracie Abrams o Bad Gyal-, que hasta el mes de junio la llevar\u00e1 por escenarios de Londres, Par\u00eds, Amsterdam, Bruselas, Berl\u00edn, Praga, Ciudad de M\u00e9xico, Monterrey, Bogot\u00e1 y a los de los festivales Lollapalooza de Argentina y Chile.\u00abMe lo tomo todo con bastante calma porque tengo una confianza muy grande en que las cosas se van a dar. Tambi\u00e9n digo a veces: \u2018Joder, venga, que me llegue mi momento ya\u2019. Yo s\u00e9 que me est\u00e1 llegando, aunque esa ambici\u00f3n aparece por momentos. Normalmente estoy tranquila y conf\u00edo en ese proceso gradual\u00bb, afirma Judeline, que lleg\u00f3 a Madrid a los 17 a\u00f1os con una \u00fanica obsesi\u00f3n: triunfar en la m\u00fasica. Y ahora, solo cinco a\u00f1os despu\u00e9s, el proceso va lanzado -tres nominaciones a los Latin Grammy con su primer disco, Bodhiria, como cr\u00e9dito- con un proyecto que de puro alternativo no para de mutar. \u00abSiempre he querido ser una estrella del pop, pero habr\u00eda que reinventar lo que significa serlo porque no creo que sea el tipo de persona que lo pueda ser. No s\u00e9 bailar, no s\u00e9 si tengo esa personalidad de diva absoluta, pero siento que vamos reinventando lo que es ser una estrella pop. Charli XCX o Lady Gaga son una reinvenci\u00f3n. Si fuera una estrella del pop, lo ser\u00eda a mi manera\u00bb. \u00bfQuiz\u00e1s lo que le pasa es que no quiere encajar en el que durante a\u00f1os fue un molde para estrellas, sobre todo femeninas, del pop?Me encantar\u00eda encajar, de verdad, pero no nac\u00ed as\u00ed. No bailo, no tengo esa cosa explosiva que tienen las divas del pop en el escenario. No tengo el movimiento de melena de Beyonc\u00e9 y no soy tan disciplinada como ellas. Tampoco me mato en el gimnasio ni me despierto tempran\u00edsimo a diario. No creo que mi personalidad vaya a priorizar nunca ser esa persona, no me sale natural, pero alg\u00fan d\u00eda reinventar\u00e9 lo que es ser un diva del pop para m\u00ed.Sin tener eso, ha conseguido que la industria se fije en usted, tres nominaciones a los Latin Grammy con su primer disco, sus dos primeras arenas en solitario en Madrid y Barcelona, recorrer el mundo...Creo que la gente ha visto algo en el proyecto que les ha gustado y creo que cuando la gente percibe cierta pureza en los proyectos hay algo adictivo. Estamos en un momento bueno porque la m\u00fasica a veces se siente tan preparada que lo sencillo y lo natural es lo que llega. Con sencillo me refiero a lo que nadie te ha obligado a hacer. Los fans notan cuando cada decisi\u00f3n sale del artista y no hay much\u00edsimas mentes pensantes detr\u00e1s haci\u00e9ndolo todo por ellos.Estar dentro de ese crecimiento, con 22 a\u00f1os, \u00bfqu\u00e9 le produce? Ah\u00ed s\u00ed que siento que hay cosas que han pasado muy r\u00e1pido y no me ha dado tiempo a procesar. Ahora lo estoy haciendo e intentando ponerme a la altura de las oportunidades que se me est\u00e1n abriendo. No s\u00e9, me siento feliz, aunque esto solo es una parte muy peque\u00f1a de lo que yo quiero conseguir y que estoy empezando a entrar en el camino que quiero seguir. Tampoco es algo que me reprima creativamente, mi mente y mi visi\u00f3n art\u00edstica siguen siendo exactamente iguales.\u00bfLe preocupa que esa parte creativa pueda quedar subyugada a todo lo dem\u00e1s?No me preocupa porque si algo afecta a la visi\u00f3n art\u00edstica, lo aparto. Otra cosa es que se transforme radicalmente lo que yo sent\u00eda hace dos meses. Eso es parte del proceso creativo. Me gusta reflexionar sobre mi propia visi\u00f3n art\u00edstica, c\u00f3mo ha llegado esa informaci\u00f3n a m\u00ed y c\u00f3mo voy aceptando todos los cambios. No tengo miedo a que nada me limite art\u00edsticamente porque las personas que est\u00e1n a mi alrededor me escuchan y me apoyan con las cosas que se me ocurren. Siento que estoy en un entorno donde la creatividad fluye de forma sana.Su \u00faltimo proyecto, el EP Verano Saudade, est\u00e1 atravesado por el miedo a la p\u00e9rdida de la juventud. \u00bfEst\u00e1 viviendo ese proceso? Es una crisis que me dio este a\u00f1o por qu\u00e9 cumpl\u00ed 22 y y me empec\u00e9 a preguntar qu\u00e9 estoy haciendo con mi juventud. Llevo unos a\u00f1os que nunca salgo de fiesta, socializo muy poco y siempre me quiero ir a mi casa lo m\u00e1s pronto posible. Eso me hace pensar si me estoy perdiendo cosas que deber\u00eda estar haciendo a mi edad. Es como que siento que estoy trabajando demasiado y no estoy viviendo y no s\u00e9 si me voy a arrepentir cuando sea mayor. De ah\u00ed que plantee lo de la eterna juventud.\"No tengo ninguna intenci\u00f3n de ser una artista que llena dos estadios. Si se da, de puta madre, pero prefiero hacer buenos discos\"Tengo la sensaci\u00f3n de que esa ansiedad por perder la juventud es com\u00fan a mujeres j\u00f3venes de la m\u00fasica: Julieta, Natalia Lacunza...Creo que hay una presi\u00f3n que no s\u00e9 muy bien c\u00f3mo explicar. La globalizaci\u00f3n, el ver muchas carreras desde fuera, te hace sentir que los que triunfan en el mundo cada vez son m\u00e1s j\u00f3venes y que solo existe un rango de edad para que despliegues la versi\u00f3n m\u00e1s incre\u00edble de ti mismo, que si no consigues alcanzar el m\u00e1ximo \u00e9xito a una edad no lo vas a lograr. Junto a ese temor, estos temas son una arenga al goce, al disfrute y, sobre todo, a la sexualidad libre.Para m\u00ed la sensaci\u00f3n de vivir en un verano eterno tiene que tener sexo. Desmelenarte, conectar con tu sexualidad, sentirte atractiva y bailar. Creo que se habla mucho de sexo, pero se despersonaliza. Me da mucho miedo que, en la era del porno, el sexo se est\u00e1 viendo muy desconectada de uno mismo. El sexo no se tiene que ver desde fuera, es una cosa \u00edntima, hay que conectar con ella y tratarla con mucho mimo. Es una cosa muy vulnerable, pero hay que disfrutarla porque es san\u00edsimo y parte de nuestra naturaleza. Yo lo tengo muy presente cuando hablo con mis amigas y en mi m\u00fasica.\u00bfQu\u00e9 importancia tiene, en su caso tambi\u00e9n desde una visi\u00f3n LGTBI, que muchas mujeres est\u00e9n reivindicado esa sexualidad activa?Yo no veo mal que un hombre hable de la sexualidad de una mujer si lo hace de una manera respetuosa. Me parece peor que digamos que es vulgar o que es machista que lo trate desde el disfrute femenino porque lo haya escrito un hombre. El problema es que siempre han estado normalizadas la sumisi\u00f3n y las letras machistas, desde toda la historia. Lo bonito de esto es apropi\u00e1rnoslo. Pienso en Roc\u00edo Jurado, que en su \u00e9poca parec\u00eda un esc\u00e1ndalo que una mujer hablara de su sexualidad. Realmente para m\u00ed ya es algo natural. No le doy la vuelta reivindicativa, pero una vez que las canciones est\u00e1n fuera me parece bonito c\u00f3mo las chicas interpretan esas letras. Ahora que los grandes recintos parecen marcar las carreras de los artistas, \u00bfqu\u00e9 suponen para usted ese Movistar y ese Palau?Es mi primera vez y no me quiero frustrar si no es el concierto de mi vida o si no sale perfecto. Aunque estoy s\u00faper contenta y s\u00e9 que va a ser inolvidable. Me refiero a que me lo quiero tomar como que este es el inicio de las arenas que voy a hacer en mi vida y el primer pasito para ense\u00f1arle al mundo que soy capaz de hacer cosas a gran escala. Lo siento como un aprendizaje, como una oportunidad bonita, pero como un comienzo. No quiero pensar que he llegado hasta aqu\u00ed y que eso est\u00e1 guay, quiero que sea el comienzo de lo siguiente.\u00bfSe ha generado un modelo perverso al relacionar el \u00e9xito con la medida de los recintos que se llenan?Yo no me obsesiono tanto con llenarlo, sino con hacerlo cada vez mejor, vengan los mismos o vengan menos. Lo que me importa de verdad es llevar un show que est\u00e9 a la altura, perfeccionar cosas, cantarlo bien y durar una hora y media o dos horas sin ahogarme. Sentir que es como el comienzo de una evoluci\u00f3n que va m\u00e1s all\u00e1 y que me motiva a ser mejor artista y mejor profesional. No tengo ninguna intenci\u00f3n de ser una artista que hace dos fechas en un estadio, no me veo. Si se da, de puta madre. Pero prefiero hacer buenos discos. No tengo tanta ambici\u00f3n con el directo. Creo que la industria musical piensa al contrario.Yo creo que much\u00edsimos artistas se sienten como yo, que son m\u00e1s los equipos que les presionan con llenar y que mucha gente compre tickets. Yo lo que quiero es hacer buenos discos y buena m\u00fasica. Ahora mismo no me ha dado tiempo a ponerme, a ir al estudio, pero van saliendo cositas en casa muy lentitas y muy peque\u00f1itas. En cuanto pueda me quiero meter al estudio a vomitarlo todo, pero todav\u00eda no he podido.Parece que han llegado una generaci\u00f3n, pienso en los Rusia IDK, usted, por supuesto Rosal\u00eda, con la intenci\u00f3n de que la m\u00fasica experimental sea la presentaci\u00f3n de Espa\u00f1a al mundo.Yo creo que eso es un alivio para muchos artistas que lo experimental est\u00e9 triunfando. Puede ser que falles y a la gente no le guste, pero siento que la gente cada vez est\u00e1 abriendo m\u00e1s la mente en ese sentido y apreciando las cosas que suenan distinto o que suenan originales. Est\u00e1 bien que los artistas salgamos de lo que sonaba siempre en las radios antes. Me parece muy positivo ese cambio de que cualquier personas pueda tener acceso y hacer m\u00fasica o que la pueda hacer en su casa. Son much\u00edsimas m\u00e1s posibilidades de que alguien incre\u00edble pueda vivir de la m\u00fasica, que antes era impensable si no ten\u00edas un enchufe en una discogr\u00e1fica. Estoy feliz de la era en la que vivo.Usted misma que lleg\u00f3 a Madrid con 17 a\u00f1os sin tener nada y cinco a\u00f1os despu\u00e9s aqu\u00ed estamos.Si miro atr\u00e1s, yo sab\u00eda que se iba a dar. Mira que yo no me considero una persona muy segura de m\u00ed misma, pero en la m\u00fasica siempre he tenido una seguridad ciega. Al comienzo para m\u00ed era muy frustrante que todo el mundo me miraba y pensaba 'pobrecita, la hostia que se va a pegar' cuando hablaba de las cosas que quer\u00eda hacer. Y poco a poco esa gente que me ve\u00eda como que estaba loca vio que esto funcionaba. Pero me ve\u00edan muy peque\u00f1a, muy motivada y pensaban que me iba a dar la hostia.Esos inicios viviendo en un pisillo del barrio de Almedrales, sin mucho para seguir... \u00bfcu\u00e1nto han forjado su car\u00e1cter, su forma de relacionarse con la industria y su forma de querer hacer carrera?Fueron peque\u00f1os factores, pero es que yo no ten\u00eda verg\u00fcenza ninguna. He tocado todas las puertas, he escrito a todo el mundo por Instagram para ver si pod\u00eda escribir una letra. Ahora miro mis DMs y joder... Ahora me pasa al contrario, que me escriben a m\u00ed y pienso 's\u00ed, claro'. Luego me doy cuenta de que estoy juzgando a esa gente, pero es que yo mandaba esos mensajes. Yo iba a todos lados, no estaba quieta, le escrib\u00eda a todo el mundo que le pod\u00eda y le ense\u00f1aba m\u00fasica a todas las personas que pod\u00eda. Lo compart\u00eda por todos lados, hac\u00eda listas de difusi\u00f3n o de whatsapp con los links cuando sacaba canci\u00f3n. Y de pronto no s\u00e9 c\u00f3mo pas\u00f3 todo esto y aqu\u00ed estoy.\"Las personas que est\u00e1n en contra de la inmigraci\u00f3n y la multiculturalidad es porque les falta mucha conexi\u00f3n humana con el pr\u00f3jimo\"No ten\u00eda otra opci\u00f3n que la de ser cantante, claro.Te lo juro que no pens\u00e9 en otra opci\u00f3n. Adem\u00e1s todo cuadr\u00f3 perfecto. Cuando ya me estaba quedando tiesa, no ten\u00eda ni un duro y me firm\u00f3 mi publishing. Cuando volv\u00eda a no quedarme un duro, estaba comiendo macarrones un mes, me sal\u00eda un concierto y tiraba un poquito. Era como tener un angelito todo el rato que me dec\u00eda 'no te preocupes que te estoy metiendo ca\u00f1a ahora y parece que se va a ir todo a tomar por culo, pero no'. Todav\u00eda me sigue pasando un poco, sigo teniendo cierta suerte. Tambi\u00e9n es verdad que a medida que me hago adulta entiendo un poco m\u00e1s la vida y todo es como m\u00e1s organizado.Desde sus primeros temas, recogidos en Desde la luz, hasta su \u00faltimo trabajo, pasando por Bodhiria, siempre ha estado presente su origen andaluz y gaditano como inspiraci\u00f3n. \u00bfLe ha ayudado la m\u00fasica a reconciliarse con sus or\u00edgenes pese a una mala adolescencia?Sin duda, ahora lo veo desde fuera, echo de menos mi tierra, aprecio la cultura \u00fanica que tenemos. Cuanta m\u00e1s m\u00fasica descubro, m\u00e1s me doy cuenta de lo \u00fanica que es la m\u00fasica en Andaluc\u00eda. Las ramas que hay, las cosas tan incre\u00edbles que se han hecho. He estado enamorada de mi tierra desde ni\u00f1a, pero ahora que veo mi pueblo desde fuera lo aprecio much\u00edsimo m\u00e1s y saboreo cada parte de su cultura m\u00e1s intensamente.Parte de esa cultura es la religiosidad, que ahora parece haber tomado el \u00e1mbito musical. En su disco ya hab\u00eda una mirada religiosa-espiritual muy marcada.Yo le pongo mucha importancia desde ni\u00f1a y en mi familia siempre se ha dado mucha importancia al esp\u00edritu. Pero nunca me han obligado a nada. Me da mucha rabia la espiritualidad impuesta, las religiones que imponen su doctrina a los dem\u00e1s. Siento que la espiritualidad es tambi\u00e9n \u00edntima, cada persona tiene que descubrir la suya propia. Para m\u00ed deber\u00eda haber tantas religiones como personas. Pero s\u00ed que para hacer m\u00fasica yo estoy conectada ah\u00ed.\u00bfCu\u00e1l es su conexi\u00f3n?A m\u00ed las religiones me inspiran mucho desde siempre, siempre me han llamado la atenci\u00f3n. Mi padre siempre ha estado muy interesado por la espiritualidad en la India. Mi abuela materna, esa familia, eran cat\u00f3licos. Y luego tengo muchos amigos musulmanes del colegio porque estamos muy cerca de Marruecos. Siempre hab\u00eda muchas religiones que me rodeaban y ve\u00eda mucha belleza y oscuridad a partes iguales en todas ellas. A\u00fan me sigue pasando.Precisamente esa multiculturalidad que usted plantea ha abierto ahora un debate mundial.Las personas que est\u00e1n en contra de la inmigraci\u00f3n y de la multiculturalidad son personas a las que les falta mucha conexi\u00f3n humana con el pr\u00f3jimo. Para m\u00ed, haberme criado en esta multiculturalidad me hace querer nutrirme de cultura de todos los lugares del mundo y comprender que somos todos exactamente iguales. Andaluc\u00eda es multicultural de por s\u00ed. El flamenco se parece a un rezo musulm\u00e1n, las melod\u00edas de la India parecen una sole\u00e1... Esa multiculturalidad me hace sentirme libre con mi m\u00fasica y mostrar sonidos que no se pueda identificar muy bien ni de d\u00f3nde viene ni de qu\u00e9 g\u00e9nero son.","og_url":"https:\/\/vof-news.eu\/es\/judeline-una-diva-que-rompe-con-todo-siempre-he-querido-ser-una-estrella-del-pop-pero-no-bailo-no-soy-explosiva-y-no-muevo-la-melena-como-beyonce\/","og_site_name":"vof-news.eu","article_published_time":"2026-01-24T10:19:25+00:00","article_modified_time":"2026-01-24T10:19:57+00:00","og_image":[{"width":1366,"height":1537,"url":"https:\/\/vof-news.eu\/wp-content\/uploads\/2026\/01\/17691900193744.jpg","type":"image\/jpeg"}],"author":"Author","twitter_card":"summary_large_image","twitter_misc":{"Escrito por":"Author","Tiempo de lectura":"14 minutos"},"schema":{"@context":"https:\/\/schema.org","@graph":[{"@type":"WebPage","@id":"https:\/\/vof-news.eu\/es\/judeline-una-diva-que-rompe-con-todo-siempre-he-querido-ser-una-estrella-del-pop-pero-no-bailo-no-soy-explosiva-y-no-muevo-la-melena-como-beyonce\/","url":"https:\/\/vof-news.eu\/es\/judeline-una-diva-que-rompe-con-todo-siempre-he-querido-ser-una-estrella-del-pop-pero-no-bailo-no-soy-explosiva-y-no-muevo-la-melena-como-beyonce\/","name":"Judeline, una diva que rompe con todo: \"Siempre he querido ser una estrella del pop, pero no bailo, no soy explosiva y no muevo la melena como Beyonc\u00e9\" - vof-news.eu","isPartOf":{"@id":"https:\/\/vof-news.eu\/es\/#website"},"primaryImageOfPage":{"@id":"https:\/\/vof-news.eu\/es\/judeline-una-diva-que-rompe-con-todo-siempre-he-querido-ser-una-estrella-del-pop-pero-no-bailo-no-soy-explosiva-y-no-muevo-la-melena-como-beyonce\/#primaryimage"},"image":{"@id":"https:\/\/vof-news.eu\/es\/judeline-una-diva-que-rompe-con-todo-siempre-he-querido-ser-una-estrella-del-pop-pero-no-bailo-no-soy-explosiva-y-no-muevo-la-melena-como-beyonce\/#primaryimage"},"thumbnailUrl":"https:\/\/vof-news.eu\/wp-content\/uploads\/2026\/01\/17691900193744.jpg","datePublished":"2026-01-24T10:19:25+00:00","dateModified":"2026-01-24T10:19:57+00:00","author":{"@id":"https:\/\/vof-news.eu\/es\/#\/schema\/person\/f6a2a4309f0561835797fd8c19b333ed"},"description":"Hay algo en Judeline (Los Ca\u00f1os de Meca, C\u00e1diz, 2003) que directamente remite a la extra\u00f1eza propia de un ser poco convencional. Quiz\u00e1s esa altura asociada a una voz juguetona. Quiz\u00e1s ese salto, que hace parecer natural entre g\u00e9neros musicales sin mayor esfuerzo. Quiz\u00e1s los razonamientos impropios de su edad y su experiencia en la industria. Quiz\u00e1s los visos de estrella del pop que empieza a dibujar tan alejada del puro canon. O quiz\u00e1s sea que simplemente es un ser poco convencional.Lara Fern\u00e1ndez, el nombre real bajo el art\u00edstico, llega a la oficina de su agencia de prensa, pide perd\u00f3n por la tardanza con cierto apuro y advierte: \u00abVengo un poco saturada y es mala hora, pero intentar\u00e9 hacerlo bien\u00bb. Y cuela una risilla como colof\u00f3n de su disculpa. Est\u00e1 aqu\u00ed porque en unas semanas se enfrentar\u00e1 a sus primeros conciertos en solitario en el Movistar Arena de Madrid (22 de febrero) y el Palau Sant Jordi de Barcelona (26 de febrero). Tambi\u00e9n porque en el cierre de 2025, el a\u00f1o de su confirmaci\u00f3n, public\u00f3 un proyecto de cinco temas, Verano Saudade, llamado a sumir en el goce nost\u00e1lgico estival a este pa\u00eds. Y porque est\u00e1 lanzada en un proceso de internacionalizaci\u00f3n de la mano de su discogr\u00e1fica, Interscope -la misma de Lady Gaga, Olivia Rodrigo, Billie Eilish, Gracie Abrams o Bad Gyal-, que hasta el mes de junio la llevar\u00e1 por escenarios de Londres, Par\u00eds, Amsterdam, Bruselas, Berl\u00edn, Praga, Ciudad de M\u00e9xico, Monterrey, Bogot\u00e1 y a los de los festivales Lollapalooza de Argentina y Chile.\u00abMe lo tomo todo con bastante calma porque tengo una confianza muy grande en que las cosas se van a dar. Tambi\u00e9n digo a veces: \u2018Joder, venga, que me llegue mi momento ya\u2019. Yo s\u00e9 que me est\u00e1 llegando, aunque esa ambici\u00f3n aparece por momentos. Normalmente estoy tranquila y conf\u00edo en ese proceso gradual\u00bb, afirma Judeline, que lleg\u00f3 a Madrid a los 17 a\u00f1os con una \u00fanica obsesi\u00f3n: triunfar en la m\u00fasica. Y ahora, solo cinco a\u00f1os despu\u00e9s, el proceso va lanzado -tres nominaciones a los Latin Grammy con su primer disco, Bodhiria, como cr\u00e9dito- con un proyecto que de puro alternativo no para de mutar. \u00abSiempre he querido ser una estrella del pop, pero habr\u00eda que reinventar lo que significa serlo porque no creo que sea el tipo de persona que lo pueda ser. No s\u00e9 bailar, no s\u00e9 si tengo esa personalidad de diva absoluta, pero siento que vamos reinventando lo que es ser una estrella pop. Charli XCX o Lady Gaga son una reinvenci\u00f3n. Si fuera una estrella del pop, lo ser\u00eda a mi manera\u00bb. \u00bfQuiz\u00e1s lo que le pasa es que no quiere encajar en el que durante a\u00f1os fue un molde para estrellas, sobre todo femeninas, del pop?Me encantar\u00eda encajar, de verdad, pero no nac\u00ed as\u00ed. No bailo, no tengo esa cosa explosiva que tienen las divas del pop en el escenario. No tengo el movimiento de melena de Beyonc\u00e9 y no soy tan disciplinada como ellas. Tampoco me mato en el gimnasio ni me despierto tempran\u00edsimo a diario. No creo que mi personalidad vaya a priorizar nunca ser esa persona, no me sale natural, pero alg\u00fan d\u00eda reinventar\u00e9 lo que es ser un diva del pop para m\u00ed.Sin tener eso, ha conseguido que la industria se fije en usted, tres nominaciones a los Latin Grammy con su primer disco, sus dos primeras arenas en solitario en Madrid y Barcelona, recorrer el mundo...Creo que la gente ha visto algo en el proyecto que les ha gustado y creo que cuando la gente percibe cierta pureza en los proyectos hay algo adictivo. Estamos en un momento bueno porque la m\u00fasica a veces se siente tan preparada que lo sencillo y lo natural es lo que llega. Con sencillo me refiero a lo que nadie te ha obligado a hacer. Los fans notan cuando cada decisi\u00f3n sale del artista y no hay much\u00edsimas mentes pensantes detr\u00e1s haci\u00e9ndolo todo por ellos.Estar dentro de ese crecimiento, con 22 a\u00f1os, \u00bfqu\u00e9 le produce? Ah\u00ed s\u00ed que siento que hay cosas que han pasado muy r\u00e1pido y no me ha dado tiempo a procesar. Ahora lo estoy haciendo e intentando ponerme a la altura de las oportunidades que se me est\u00e1n abriendo. No s\u00e9, me siento feliz, aunque esto solo es una parte muy peque\u00f1a de lo que yo quiero conseguir y que estoy empezando a entrar en el camino que quiero seguir. Tampoco es algo que me reprima creativamente, mi mente y mi visi\u00f3n art\u00edstica siguen siendo exactamente iguales.\u00bfLe preocupa que esa parte creativa pueda quedar subyugada a todo lo dem\u00e1s?No me preocupa porque si algo afecta a la visi\u00f3n art\u00edstica, lo aparto. Otra cosa es que se transforme radicalmente lo que yo sent\u00eda hace dos meses. Eso es parte del proceso creativo. Me gusta reflexionar sobre mi propia visi\u00f3n art\u00edstica, c\u00f3mo ha llegado esa informaci\u00f3n a m\u00ed y c\u00f3mo voy aceptando todos los cambios. No tengo miedo a que nada me limite art\u00edsticamente porque las personas que est\u00e1n a mi alrededor me escuchan y me apoyan con las cosas que se me ocurren. Siento que estoy en un entorno donde la creatividad fluye de forma sana.Su \u00faltimo proyecto, el EP Verano Saudade, est\u00e1 atravesado por el miedo a la p\u00e9rdida de la juventud. \u00bfEst\u00e1 viviendo ese proceso? Es una crisis que me dio este a\u00f1o por qu\u00e9 cumpl\u00ed 22 y y me empec\u00e9 a preguntar qu\u00e9 estoy haciendo con mi juventud. Llevo unos a\u00f1os que nunca salgo de fiesta, socializo muy poco y siempre me quiero ir a mi casa lo m\u00e1s pronto posible. Eso me hace pensar si me estoy perdiendo cosas que deber\u00eda estar haciendo a mi edad. Es como que siento que estoy trabajando demasiado y no estoy viviendo y no s\u00e9 si me voy a arrepentir cuando sea mayor. De ah\u00ed que plantee lo de la eterna juventud.\"No tengo ninguna intenci\u00f3n de ser una artista que llena dos estadios. Si se da, de puta madre, pero prefiero hacer buenos discos\"Tengo la sensaci\u00f3n de que esa ansiedad por perder la juventud es com\u00fan a mujeres j\u00f3venes de la m\u00fasica: Julieta, Natalia Lacunza...Creo que hay una presi\u00f3n que no s\u00e9 muy bien c\u00f3mo explicar. La globalizaci\u00f3n, el ver muchas carreras desde fuera, te hace sentir que los que triunfan en el mundo cada vez son m\u00e1s j\u00f3venes y que solo existe un rango de edad para que despliegues la versi\u00f3n m\u00e1s incre\u00edble de ti mismo, que si no consigues alcanzar el m\u00e1ximo \u00e9xito a una edad no lo vas a lograr. Junto a ese temor, estos temas son una arenga al goce, al disfrute y, sobre todo, a la sexualidad libre.Para m\u00ed la sensaci\u00f3n de vivir en un verano eterno tiene que tener sexo. Desmelenarte, conectar con tu sexualidad, sentirte atractiva y bailar. Creo que se habla mucho de sexo, pero se despersonaliza. Me da mucho miedo que, en la era del porno, el sexo se est\u00e1 viendo muy desconectada de uno mismo. El sexo no se tiene que ver desde fuera, es una cosa \u00edntima, hay que conectar con ella y tratarla con mucho mimo. Es una cosa muy vulnerable, pero hay que disfrutarla porque es san\u00edsimo y parte de nuestra naturaleza. Yo lo tengo muy presente cuando hablo con mis amigas y en mi m\u00fasica.\u00bfQu\u00e9 importancia tiene, en su caso tambi\u00e9n desde una visi\u00f3n LGTBI, que muchas mujeres est\u00e9n reivindicado esa sexualidad activa?Yo no veo mal que un hombre hable de la sexualidad de una mujer si lo hace de una manera respetuosa. Me parece peor que digamos que es vulgar o que es machista que lo trate desde el disfrute femenino porque lo haya escrito un hombre. El problema es que siempre han estado normalizadas la sumisi\u00f3n y las letras machistas, desde toda la historia. Lo bonito de esto es apropi\u00e1rnoslo. Pienso en Roc\u00edo Jurado, que en su \u00e9poca parec\u00eda un esc\u00e1ndalo que una mujer hablara de su sexualidad. Realmente para m\u00ed ya es algo natural. No le doy la vuelta reivindicativa, pero una vez que las canciones est\u00e1n fuera me parece bonito c\u00f3mo las chicas interpretan esas letras. Ahora que los grandes recintos parecen marcar las carreras de los artistas, \u00bfqu\u00e9 suponen para usted ese Movistar y ese Palau?Es mi primera vez y no me quiero frustrar si no es el concierto de mi vida o si no sale perfecto. Aunque estoy s\u00faper contenta y s\u00e9 que va a ser inolvidable. Me refiero a que me lo quiero tomar como que este es el inicio de las arenas que voy a hacer en mi vida y el primer pasito para ense\u00f1arle al mundo que soy capaz de hacer cosas a gran escala. Lo siento como un aprendizaje, como una oportunidad bonita, pero como un comienzo. No quiero pensar que he llegado hasta aqu\u00ed y que eso est\u00e1 guay, quiero que sea el comienzo de lo siguiente.\u00bfSe ha generado un modelo perverso al relacionar el \u00e9xito con la medida de los recintos que se llenan?Yo no me obsesiono tanto con llenarlo, sino con hacerlo cada vez mejor, vengan los mismos o vengan menos. Lo que me importa de verdad es llevar un show que est\u00e9 a la altura, perfeccionar cosas, cantarlo bien y durar una hora y media o dos horas sin ahogarme. Sentir que es como el comienzo de una evoluci\u00f3n que va m\u00e1s all\u00e1 y que me motiva a ser mejor artista y mejor profesional. No tengo ninguna intenci\u00f3n de ser una artista que hace dos fechas en un estadio, no me veo. Si se da, de puta madre. Pero prefiero hacer buenos discos. No tengo tanta ambici\u00f3n con el directo. Creo que la industria musical piensa al contrario.Yo creo que much\u00edsimos artistas se sienten como yo, que son m\u00e1s los equipos que les presionan con llenar y que mucha gente compre tickets. Yo lo que quiero es hacer buenos discos y buena m\u00fasica. Ahora mismo no me ha dado tiempo a ponerme, a ir al estudio, pero van saliendo cositas en casa muy lentitas y muy peque\u00f1itas. En cuanto pueda me quiero meter al estudio a vomitarlo todo, pero todav\u00eda no he podido.Parece que han llegado una generaci\u00f3n, pienso en los Rusia IDK, usted, por supuesto Rosal\u00eda, con la intenci\u00f3n de que la m\u00fasica experimental sea la presentaci\u00f3n de Espa\u00f1a al mundo.Yo creo que eso es un alivio para muchos artistas que lo experimental est\u00e9 triunfando. Puede ser que falles y a la gente no le guste, pero siento que la gente cada vez est\u00e1 abriendo m\u00e1s la mente en ese sentido y apreciando las cosas que suenan distinto o que suenan originales. Est\u00e1 bien que los artistas salgamos de lo que sonaba siempre en las radios antes. Me parece muy positivo ese cambio de que cualquier personas pueda tener acceso y hacer m\u00fasica o que la pueda hacer en su casa. Son much\u00edsimas m\u00e1s posibilidades de que alguien incre\u00edble pueda vivir de la m\u00fasica, que antes era impensable si no ten\u00edas un enchufe en una discogr\u00e1fica. Estoy feliz de la era en la que vivo.Usted misma que lleg\u00f3 a Madrid con 17 a\u00f1os sin tener nada y cinco a\u00f1os despu\u00e9s aqu\u00ed estamos.Si miro atr\u00e1s, yo sab\u00eda que se iba a dar. Mira que yo no me considero una persona muy segura de m\u00ed misma, pero en la m\u00fasica siempre he tenido una seguridad ciega. Al comienzo para m\u00ed era muy frustrante que todo el mundo me miraba y pensaba 'pobrecita, la hostia que se va a pegar' cuando hablaba de las cosas que quer\u00eda hacer. Y poco a poco esa gente que me ve\u00eda como que estaba loca vio que esto funcionaba. Pero me ve\u00edan muy peque\u00f1a, muy motivada y pensaban que me iba a dar la hostia.Esos inicios viviendo en un pisillo del barrio de Almedrales, sin mucho para seguir... \u00bfcu\u00e1nto han forjado su car\u00e1cter, su forma de relacionarse con la industria y su forma de querer hacer carrera?Fueron peque\u00f1os factores, pero es que yo no ten\u00eda verg\u00fcenza ninguna. He tocado todas las puertas, he escrito a todo el mundo por Instagram para ver si pod\u00eda escribir una letra. Ahora miro mis DMs y joder... Ahora me pasa al contrario, que me escriben a m\u00ed y pienso 's\u00ed, claro'. Luego me doy cuenta de que estoy juzgando a esa gente, pero es que yo mandaba esos mensajes. Yo iba a todos lados, no estaba quieta, le escrib\u00eda a todo el mundo que le pod\u00eda y le ense\u00f1aba m\u00fasica a todas las personas que pod\u00eda. Lo compart\u00eda por todos lados, hac\u00eda listas de difusi\u00f3n o de whatsapp con los links cuando sacaba canci\u00f3n. Y de pronto no s\u00e9 c\u00f3mo pas\u00f3 todo esto y aqu\u00ed estoy.\"Las personas que est\u00e1n en contra de la inmigraci\u00f3n y la multiculturalidad es porque les falta mucha conexi\u00f3n humana con el pr\u00f3jimo\"No ten\u00eda otra opci\u00f3n que la de ser cantante, claro.Te lo juro que no pens\u00e9 en otra opci\u00f3n. Adem\u00e1s todo cuadr\u00f3 perfecto. Cuando ya me estaba quedando tiesa, no ten\u00eda ni un duro y me firm\u00f3 mi publishing. Cuando volv\u00eda a no quedarme un duro, estaba comiendo macarrones un mes, me sal\u00eda un concierto y tiraba un poquito. Era como tener un angelito todo el rato que me dec\u00eda 'no te preocupes que te estoy metiendo ca\u00f1a ahora y parece que se va a ir todo a tomar por culo, pero no'. Todav\u00eda me sigue pasando un poco, sigo teniendo cierta suerte. Tambi\u00e9n es verdad que a medida que me hago adulta entiendo un poco m\u00e1s la vida y todo es como m\u00e1s organizado.Desde sus primeros temas, recogidos en Desde la luz, hasta su \u00faltimo trabajo, pasando por Bodhiria, siempre ha estado presente su origen andaluz y gaditano como inspiraci\u00f3n. \u00bfLe ha ayudado la m\u00fasica a reconciliarse con sus or\u00edgenes pese a una mala adolescencia?Sin duda, ahora lo veo desde fuera, echo de menos mi tierra, aprecio la cultura \u00fanica que tenemos. Cuanta m\u00e1s m\u00fasica descubro, m\u00e1s me doy cuenta de lo \u00fanica que es la m\u00fasica en Andaluc\u00eda. Las ramas que hay, las cosas tan incre\u00edbles que se han hecho. He estado enamorada de mi tierra desde ni\u00f1a, pero ahora que veo mi pueblo desde fuera lo aprecio much\u00edsimo m\u00e1s y saboreo cada parte de su cultura m\u00e1s intensamente.Parte de esa cultura es la religiosidad, que ahora parece haber tomado el \u00e1mbito musical. En su disco ya hab\u00eda una mirada religiosa-espiritual muy marcada.Yo le pongo mucha importancia desde ni\u00f1a y en mi familia siempre se ha dado mucha importancia al esp\u00edritu. Pero nunca me han obligado a nada. Me da mucha rabia la espiritualidad impuesta, las religiones que imponen su doctrina a los dem\u00e1s. Siento que la espiritualidad es tambi\u00e9n \u00edntima, cada persona tiene que descubrir la suya propia. Para m\u00ed deber\u00eda haber tantas religiones como personas. Pero s\u00ed que para hacer m\u00fasica yo estoy conectada ah\u00ed.\u00bfCu\u00e1l es su conexi\u00f3n?A m\u00ed las religiones me inspiran mucho desde siempre, siempre me han llamado la atenci\u00f3n. Mi padre siempre ha estado muy interesado por la espiritualidad en la India. Mi abuela materna, esa familia, eran cat\u00f3licos. Y luego tengo muchos amigos musulmanes del colegio porque estamos muy cerca de Marruecos. Siempre hab\u00eda muchas religiones que me rodeaban y ve\u00eda mucha belleza y oscuridad a partes iguales en todas ellas. A\u00fan me sigue pasando.Precisamente esa multiculturalidad que usted plantea ha abierto ahora un debate mundial.Las personas que est\u00e1n en contra de la inmigraci\u00f3n y de la multiculturalidad son personas a las que les falta mucha conexi\u00f3n humana con el pr\u00f3jimo. Para m\u00ed, haberme criado en esta multiculturalidad me hace querer nutrirme de cultura de todos los lugares del mundo y comprender que somos todos exactamente iguales. Andaluc\u00eda es multicultural de por s\u00ed. El flamenco se parece a un rezo musulm\u00e1n, las melod\u00edas de la India parecen una sole\u00e1... Esa multiculturalidad me hace sentirme libre con mi m\u00fasica y mostrar sonidos que no se pueda identificar muy bien ni de d\u00f3nde viene ni de qu\u00e9 g\u00e9nero son.","breadcrumb":{"@id":"https:\/\/vof-news.eu\/es\/judeline-una-diva-que-rompe-con-todo-siempre-he-querido-ser-una-estrella-del-pop-pero-no-bailo-no-soy-explosiva-y-no-muevo-la-melena-como-beyonce\/#breadcrumb"},"inLanguage":"es","potentialAction":[{"@type":"ReadAction","target":["https:\/\/vof-news.eu\/es\/judeline-una-diva-que-rompe-con-todo-siempre-he-querido-ser-una-estrella-del-pop-pero-no-bailo-no-soy-explosiva-y-no-muevo-la-melena-como-beyonce\/"]}]},{"@type":"ImageObject","inLanguage":"es","@id":"https:\/\/vof-news.eu\/es\/judeline-una-diva-que-rompe-con-todo-siempre-he-querido-ser-una-estrella-del-pop-pero-no-bailo-no-soy-explosiva-y-no-muevo-la-melena-como-beyonce\/#primaryimage","url":"https:\/\/vof-news.eu\/wp-content\/uploads\/2026\/01\/17691900193744.jpg","contentUrl":"https:\/\/vof-news.eu\/wp-content\/uploads\/2026\/01\/17691900193744.jpg","width":1366,"height":1537},{"@type":"BreadcrumbList","@id":"https:\/\/vof-news.eu\/es\/judeline-una-diva-que-rompe-con-todo-siempre-he-querido-ser-una-estrella-del-pop-pero-no-bailo-no-soy-explosiva-y-no-muevo-la-melena-como-beyonce\/#breadcrumb","itemListElement":[{"@type":"ListItem","position":1,"name":"Home","item":"https:\/\/vof-news.eu\/es\/"},{"@type":"ListItem","position":2,"name":"Judeline, una diva que rompe con todo: &#8220;Siempre he querido ser una estrella del pop, pero no bailo, no soy explosiva y no muevo la melena como Beyonc\u00e9&#8221;"}]},{"@type":"WebSite","@id":"https:\/\/vof-news.eu\/es\/#website","url":"https:\/\/vof-news.eu\/es\/","name":"vof-news.eu","description":"","potentialAction":[{"@type":"SearchAction","target":{"@type":"EntryPoint","urlTemplate":"https:\/\/vof-news.eu\/es\/?s={search_term_string}"},"query-input":"required name=search_term_string"}],"inLanguage":"es"},{"@type":"Person","@id":"https:\/\/vof-news.eu\/es\/#\/schema\/person\/f6a2a4309f0561835797fd8c19b333ed","name":"Author","image":{"@type":"ImageObject","inLanguage":"es","@id":"https:\/\/vof-news.eu\/es\/#\/schema\/person\/image\/","url":"https:\/\/secure.gravatar.com\/avatar\/b67e614b1b25b3e9c0c239efdd2fde5ab015b5affd6f1c3c85911ca4b384e790?s=96&d=mm&r=g","contentUrl":"https:\/\/secure.gravatar.com\/avatar\/b67e614b1b25b3e9c0c239efdd2fde5ab015b5affd6f1c3c85911ca4b384e790?s=96&d=mm&r=g","caption":"Author"},"sameAs":["http:\/\/vof-news.eu"],"url":"https:\/\/vof-news.eu\/es\/author\/zwt6qxnjulxbnyg\/"}]}},"yoast_meta":{"yoast_wpseo_title":"","yoast_wpseo_metadesc":"","yoast_wpseo_canonical":""},"_links":{"self":[{"href":"https:\/\/vof-news.eu\/es\/wp-json\/wp\/v2\/posts\/319839","targetHints":{"allow":["GET"]}}],"collection":[{"href":"https:\/\/vof-news.eu\/es\/wp-json\/wp\/v2\/posts"}],"about":[{"href":"https:\/\/vof-news.eu\/es\/wp-json\/wp\/v2\/types\/post"}],"author":[{"embeddable":true,"href":"https:\/\/vof-news.eu\/es\/wp-json\/wp\/v2\/users\/1"}],"replies":[{"embeddable":true,"href":"https:\/\/vof-news.eu\/es\/wp-json\/wp\/v2\/comments?post=319839"}],"version-history":[{"count":1,"href":"https:\/\/vof-news.eu\/es\/wp-json\/wp\/v2\/posts\/319839\/revisions"}],"predecessor-version":[{"id":319846,"href":"https:\/\/vof-news.eu\/es\/wp-json\/wp\/v2\/posts\/319839\/revisions\/319846"}],"wp:featuredmedia":[{"embeddable":true,"href":"https:\/\/vof-news.eu\/es\/wp-json\/wp\/v2\/media\/319840"}],"wp:attachment":[{"href":"https:\/\/vof-news.eu\/es\/wp-json\/wp\/v2\/media?parent=319839"}],"wp:term":[{"taxonomy":"category","embeddable":true,"href":"https:\/\/vof-news.eu\/es\/wp-json\/wp\/v2\/categories?post=319839"},{"taxonomy":"post_tag","embeddable":true,"href":"https:\/\/vof-news.eu\/es\/wp-json\/wp\/v2\/tags?post=319839"}],"curies":[{"name":"wp","href":"https:\/\/api.w.org\/{rel}","templated":true}]}}