{"id":283760,"date":"2025-10-08T09:21:18","date_gmt":"2025-10-08T06:21:18","guid":{"rendered":"https:\/\/vof-news.eu\/la-ultra-meloni-denunciada-ante-la-haya-por-complicidad-de-genocidio-en-gaza\/"},"modified":"2025-10-08T09:22:01","modified_gmt":"2025-10-08T06:22:01","slug":"la-ultra-meloni-denunciada-ante-la-haya-por-complicidad-de-genocidio-en-gaza","status":"publish","type":"post","link":"https:\/\/vof-news.eu\/es\/la-ultra-meloni-denunciada-ante-la-haya-por-complicidad-de-genocidio-en-gaza\/","title":{"rendered":"La ultra Meloni, denunciada ante La Haya por complicidad de \u00abgenocidio\u00bb en Gaza"},"content":{"rendered":"<div>\n<p>La primera ministra italiana, Giorgia Meloni, ha afirmado este martes que ha sido denunciada ante la Corte Penal Internacional (CPI) junto con otros miembros de su Gobierno por <a href=\"https:\/\/www.huffingtonpost.es\" rel=\"nofollow\">\u00abcomplicidad con genocidio\u00bb<\/a> por su relaci\u00f3n con Israel durante la guerra en Gaza.<\/p>\n<p>\u00abCreo que no exista un caso similar en el mundo y en la historia de una denuncia como esta\u00bb, ha ironizado <a href=\"https:\/\/www.rai.it\/ufficiostampa\/assets\/template\/us-articolo.html?ssiPath=\/articoli\/2025\/10\/Giorgia-Meloni-a-Cinque-Minuti-e-a-Porta-a-Porta-42611313-5f95-463f-9c1a-99e3102f4997-ssi.html\" rel=\"nofollow\">durante una entrevista<\/a> en el programa de la televisi\u00f3n p\u00fablica <i>Porta a Porta<\/i> que se emitir\u00e1 esta noche y de la que los medios italianos han adelantado algunos fragmentos.<\/p>\n<p>Meloni alud\u00eda a una noticia de estos d\u00edas seg\u00fan la cual el grupo Juristas y Abogados por Palestina (GAP) <a href=\"https:\/\/www.giuristiavvocatiperlapalestina.org\/appoggiamo-la-denuncia-alla-corte-penale-internazionale\/\" rel=\"nofollow\">la ha denunciado ante la CPI<\/a> por supuesta complicidad con Israel, junto a sus ministros de Exteriores, Antonio Tajani, y de Defensa, Guido Crosetto, y al consejero delegado de la compa\u00f1\u00eda de equipos de defensa Leonardo, Roberto Cingolani.<\/p>\n<p>En este sentido, la mandataria ultraderechista denunci\u00f3 \u00abun clima que se est\u00e1 barbarizando mucho\u00bb y asegur\u00f3 que ha \u00abperdido la cuenta\u00bb de las amenazas de muerte que la dirigen.\u00a0\u00abItalia ya ha vivido esta historia. Veo muchas cosas que empezamos a ver normales pero que no lo son. Y creo que hay responsables&#8230; por ejemplo, quienes dicen que tengo las manos manchadas de sangre o que este Gobierno es c\u00f3mplice de genocidio\u00bb, reproch\u00f3.<\/p>\n<p>Meloni tambi\u00e9n se refiri\u00f3 a las manifestaciones y las huelgas <a href=\"https:\/\/www.huffingtonpost.es\/global\/el-asalto-israel-global-sumud-flotilla-gaza-directo.html\" rel=\"nofollow\">en apoyo de Gaza o de la Global Sumud Flotilla<\/a> de los \u00faltimos d\u00edas en Italia, de las de mayor envergadura en toda Europa.\u00a0En primer lugar acus\u00f3 al mayor sindicato del pa\u00eds, CGIL, que organiz\u00f3 una huelga el viernes, de \u00abestar mucho m\u00e1s interesado en defender a la izquierda que a los trabajadores\u00bb.<\/p>\n<p>Despu\u00e9s, aunque expres\u00f3 su \u00abgran respeto\u00bb por las manifestaciones, subray\u00f3 que los casos de disturbios que se registraron en ciudades como Roma, Mil\u00e1n o Tur\u00edn (norte) estaban \u00aborganizados\u00bb.<\/p>\n<p>Asimismo, denunci\u00f3 la presencia de una pancarta que celebraba <a href=\"https:\/\/www.huffingtonpost.es\/global\/mucho-mas-recuerdo-7-lecturas-deja-segundo-aniversario-atentados-7-octubre.html\" rel=\"nofollow\">el ataque de Ham\u00e1s del 7 de octubre de 2023<\/a> en la cabeza de una gran manifestaci\u00f3n que recorri\u00f3 Roma el pasado s\u00e1bado y que congreg\u00f3 a cientos de miles de personas (al menos 250.000 seg\u00fan la polic\u00eda).\u00a0\u00abUno de los carteles celebraba el terror del 7 de octubre. Cuando se permite a quien loa el terrorismo de Ham\u00e1s estar a la cabeza de una manifestaci\u00f3n, quiz\u00e1 la hip\u00f3tesis de que son infiltrados es un poco ingenua\u00bb, apunt\u00f3.<\/p>\n<h3>Una lucha que se extiende<\/h3>\n<p>Pese a la extra\u00f1eza de Meloni, ya hay precedentes de denuncias a Gobiernos por su supuesta inacci\u00f3n ante la ofensiva israel\u00ed en Gaza, esa que llega ya a los 67.000 muertos en dos a\u00f1os. Por ejemplo, el pasado agosto se present\u00f3 una demanda en los juzgados nacionales de B\u00e9lgica, en la que se incluye a primer ministro, Bart De Wever, adem\u00e1s del ministro de Exteriores, Maxime Pr\u00e9vot; el de Finanzas, Jan Jambon; y el de Movilidad, Jean-Luc Crucke.<\/p>\n<p>La asociaci\u00f3n Droit pour Gaza, responsable de la denuncia, sostiene que su acci\u00f3n se basa en la <a href=\"https:\/\/www.ohchr.org\/es\/instruments-mechanisms\/instruments\/convention-prevention-and-punishment-crime-genocide\" rel=\"nofollow\">Convenci\u00f3n para la Prevenci\u00f3n y la Sanci\u00f3n del Delito de Genocidio<\/a>, adoptada en diciembre de 1948 y firmada por B\u00e9lgica (como el Estatuto de Roma de la Corte Penal Internacional que juzga esos delitos). El art\u00edculo 1 de ese articulado estipula que los Estados Partes se comprometen a prevenir y sancionar el genocidio. Este compromiso, entienden, crea una clara obligaci\u00f3n jur\u00eddica para los estados firman tes, que debe tomar todas las medidas necesarias para prevenir los cr\u00edmenes cometidos en Gaza.\u00a0<\/p>\n<\/div>\n","protected":false},"excerpt":{"rendered":"<p>La primera ministra italiana, Giorgia Meloni, ha afirmado este martes que ha sido denunciada ante la Corte Penal Internacional (CPI) junto con otros miembros de su Gobierno por \u00abcomplicidad con genocidio\u00bb por su relaci\u00f3n con Israel durante la guerra en Gaza. \u00abCreo que no exista un caso similar en el mundo y en la historia<\/p>\n","protected":false},"author":1,"featured_media":283761,"comment_status":"open","ping_status":"open","sticky":false,"template":"","format":"standard","meta":{"footnotes":""},"categories":[56],"tags":[],"class_list":["post-283760","post","type-post","status-publish","format-standard","has-post-thumbnail","hentry","category-main-news-es"],"acf":[],"yoast_head":"<!-- This site is optimized with the Yoast SEO plugin v22.9 - https:\/\/yoast.com\/wordpress\/plugins\/seo\/ -->\n<title>La ultra Meloni, denunciada ante La Haya por complicidad de &quot;genocidio&quot; en Gaza - vof-news.eu<\/title>\n<meta name=\"description\" content=\"La primera ministra italiana, Giorgia Meloni, ha afirmado este martes que ha sido denunciada ante la Corte Penal Internacional (CPI) junto con otros miembros de su Gobierno por &quot;complicidad con genocidio&quot; por su relaci\u00f3n con Israel durante la guerra en Gaza.&quot;Creo que no exista un caso similar en el mundo y en la historia de una denuncia como esta&quot;, ha ironizado durante una entrevista en el programa de la televisi\u00f3n p\u00fablica Porta a Porta que se emitir\u00e1 esta noche y de la que los medios italianos han adelantado algunos fragmentos.Meloni alud\u00eda a una noticia de estos d\u00edas seg\u00fan la cual el grupo Juristas y Abogados por Palestina (GAP) la ha denunciado ante la CPI por supuesta complicidad con Israel, junto a sus ministros de Exteriores, Antonio Tajani, y de Defensa, Guido Crosetto, y al consejero delegado de la compa\u00f1\u00eda de equipos de defensa Leonardo, Roberto Cingolani.En este sentido, la mandataria ultraderechista denunci\u00f3 &quot;un clima que se est\u00e1 barbarizando mucho&quot; y asegur\u00f3 que ha &quot;perdido la cuenta&quot; de las amenazas de muerte que la dirigen.\u00a0&quot;Italia ya ha vivido esta historia. Veo muchas cosas que empezamos a ver normales pero que no lo son. Y creo que hay responsables... por ejemplo, quienes dicen que tengo las manos manchadas de sangre o que este Gobierno es c\u00f3mplice de genocidio&quot;, reproch\u00f3.Meloni tambi\u00e9n se refiri\u00f3 a las manifestaciones y las huelgas en apoyo de Gaza o de la Global Sumud Flotilla de los \u00faltimos d\u00edas en Italia, de las de mayor envergadura en toda Europa.\u00a0En primer lugar acus\u00f3 al mayor sindicato del pa\u00eds, CGIL, que organiz\u00f3 una huelga el viernes, de &quot;estar mucho m\u00e1s interesado en defender a la izquierda que a los trabajadores&quot;.Despu\u00e9s, aunque expres\u00f3 su &quot;gran respeto&quot; por las manifestaciones, subray\u00f3 que los casos de disturbios que se registraron en ciudades como Roma, Mil\u00e1n o Tur\u00edn (norte) estaban &quot;organizados&quot;.Asimismo, denunci\u00f3 la presencia de una pancarta que celebraba el ataque de Ham\u00e1s del 7 de octubre de 2023 en la cabeza de una gran manifestaci\u00f3n que recorri\u00f3 Roma el pasado s\u00e1bado y que congreg\u00f3 a cientos de miles de personas (al menos 250.000 seg\u00fan la polic\u00eda).\u00a0&quot;Uno de los carteles celebraba el terror del 7 de octubre. Cuando se permite a quien loa el terrorismo de Ham\u00e1s estar a la cabeza de una manifestaci\u00f3n, quiz\u00e1 la hip\u00f3tesis de que son infiltrados es un poco ingenua&quot;, apunt\u00f3.Una lucha que se extiendePese a la extra\u00f1eza de Meloni, ya hay precedentes de denuncias a Gobiernos por su supuesta inacci\u00f3n ante la ofensiva israel\u00ed en Gaza, esa que llega ya a los 67.000 muertos en dos a\u00f1os. Por ejemplo, el pasado agosto se present\u00f3 una demanda en los juzgados nacionales de B\u00e9lgica, en la que se incluye a primer ministro, Bart De Wever, adem\u00e1s del ministro de Exteriores, Maxime Pr\u00e9vot; el de Finanzas, Jan Jambon; y el de Movilidad, Jean-Luc Crucke.\" \/>\n<meta name=\"robots\" content=\"noindex, follow, max-snippet:-1, max-image-preview:large, max-video-preview:-1\" \/>\n<meta property=\"og:locale\" content=\"es_ES\" \/>\n<meta property=\"og:type\" content=\"article\" \/>\n<meta property=\"og:title\" content=\"La ultra Meloni, denunciada ante La Haya por complicidad de &quot;genocidio&quot; en Gaza - vof-news.eu\" \/>\n<meta property=\"og:description\" content=\"La primera ministra italiana, Giorgia Meloni, ha afirmado este martes que ha sido denunciada ante la Corte Penal Internacional (CPI) junto con otros miembros de su Gobierno por &quot;complicidad con genocidio&quot; por su relaci\u00f3n con Israel durante la guerra en Gaza.&quot;Creo que no exista un caso similar en el mundo y en la historia de una denuncia como esta&quot;, ha ironizado durante una entrevista en el programa de la televisi\u00f3n p\u00fablica Porta a Porta que se emitir\u00e1 esta noche y de la que los medios italianos han adelantado algunos fragmentos.Meloni alud\u00eda a una noticia de estos d\u00edas seg\u00fan la cual el grupo Juristas y Abogados por Palestina (GAP) la ha denunciado ante la CPI por supuesta complicidad con Israel, junto a sus ministros de Exteriores, Antonio Tajani, y de Defensa, Guido Crosetto, y al consejero delegado de la compa\u00f1\u00eda de equipos de defensa Leonardo, Roberto Cingolani.En este sentido, la mandataria ultraderechista denunci\u00f3 &quot;un clima que se est\u00e1 barbarizando mucho&quot; y asegur\u00f3 que ha &quot;perdido la cuenta&quot; de las amenazas de muerte que la dirigen.\u00a0&quot;Italia ya ha vivido esta historia. Veo muchas cosas que empezamos a ver normales pero que no lo son. Y creo que hay responsables... por ejemplo, quienes dicen que tengo las manos manchadas de sangre o que este Gobierno es c\u00f3mplice de genocidio&quot;, reproch\u00f3.Meloni tambi\u00e9n se refiri\u00f3 a las manifestaciones y las huelgas en apoyo de Gaza o de la Global Sumud Flotilla de los \u00faltimos d\u00edas en Italia, de las de mayor envergadura en toda Europa.\u00a0En primer lugar acus\u00f3 al mayor sindicato del pa\u00eds, CGIL, que organiz\u00f3 una huelga el viernes, de &quot;estar mucho m\u00e1s interesado en defender a la izquierda que a los trabajadores&quot;.Despu\u00e9s, aunque expres\u00f3 su &quot;gran respeto&quot; por las manifestaciones, subray\u00f3 que los casos de disturbios que se registraron en ciudades como Roma, Mil\u00e1n o Tur\u00edn (norte) estaban &quot;organizados&quot;.Asimismo, denunci\u00f3 la presencia de una pancarta que celebraba el ataque de Ham\u00e1s del 7 de octubre de 2023 en la cabeza de una gran manifestaci\u00f3n que recorri\u00f3 Roma el pasado s\u00e1bado y que congreg\u00f3 a cientos de miles de personas (al menos 250.000 seg\u00fan la polic\u00eda).\u00a0&quot;Uno de los carteles celebraba el terror del 7 de octubre. Cuando se permite a quien loa el terrorismo de Ham\u00e1s estar a la cabeza de una manifestaci\u00f3n, quiz\u00e1 la hip\u00f3tesis de que son infiltrados es un poco ingenua&quot;, apunt\u00f3.Una lucha que se extiendePese a la extra\u00f1eza de Meloni, ya hay precedentes de denuncias a Gobiernos por su supuesta inacci\u00f3n ante la ofensiva israel\u00ed en Gaza, esa que llega ya a los 67.000 muertos en dos a\u00f1os. Por ejemplo, el pasado agosto se present\u00f3 una demanda en los juzgados nacionales de B\u00e9lgica, en la que se incluye a primer ministro, Bart De Wever, adem\u00e1s del ministro de Exteriores, Maxime Pr\u00e9vot; el de Finanzas, Jan Jambon; y el de Movilidad, Jean-Luc Crucke.\" \/>\n<meta property=\"og:url\" content=\"https:\/\/vof-news.eu\/es\/la-ultra-meloni-denunciada-ante-la-haya-por-complicidad-de-genocidio-en-gaza\/\" \/>\n<meta property=\"og:site_name\" content=\"vof-news.eu\" \/>\n<meta property=\"article:published_time\" content=\"2025-10-08T06:21:18+00:00\" \/>\n<meta property=\"article:modified_time\" content=\"2025-10-08T06:22:01+00:00\" \/>\n<meta property=\"og:image\" content=\"https:\/\/vof-news.eu\/wp-content\/uploads\/2025\/10\/la-primera-ministra-italiana-giorgia-meloni-en-el-set-del-programa-de-television-cinque-minuti-en-los-estudios-rai-el-7-de-octubre-de-2025-en-roma.jpeg\" \/>\n\t<meta property=\"og:image:width\" content=\"1200\" \/>\n\t<meta property=\"og:image:height\" content=\"800\" \/>\n\t<meta property=\"og:image:type\" content=\"image\/jpeg\" \/>\n<meta name=\"author\" content=\"Author\" \/>\n<meta name=\"twitter:card\" content=\"summary_large_image\" \/>\n<meta name=\"twitter:label1\" content=\"Escrito por\" \/>\n\t<meta name=\"twitter:data1\" content=\"Author\" \/>\n\t<meta name=\"twitter:label2\" content=\"Tiempo de lectura\" \/>\n\t<meta name=\"twitter:data2\" content=\"3 minutos\" \/>\n<script type=\"application\/ld+json\" class=\"yoast-schema-graph\">{\"@context\":\"https:\/\/schema.org\",\"@graph\":[{\"@type\":\"WebPage\",\"@id\":\"https:\/\/vof-news.eu\/es\/la-ultra-meloni-denunciada-ante-la-haya-por-complicidad-de-genocidio-en-gaza\/\",\"url\":\"https:\/\/vof-news.eu\/es\/la-ultra-meloni-denunciada-ante-la-haya-por-complicidad-de-genocidio-en-gaza\/\",\"name\":\"La ultra Meloni, denunciada ante La Haya por complicidad de \\\"genocidio\\\" en Gaza - vof-news.eu\",\"isPartOf\":{\"@id\":\"https:\/\/vof-news.eu\/es\/#website\"},\"primaryImageOfPage\":{\"@id\":\"https:\/\/vof-news.eu\/es\/la-ultra-meloni-denunciada-ante-la-haya-por-complicidad-de-genocidio-en-gaza\/#primaryimage\"},\"image\":{\"@id\":\"https:\/\/vof-news.eu\/es\/la-ultra-meloni-denunciada-ante-la-haya-por-complicidad-de-genocidio-en-gaza\/#primaryimage\"},\"thumbnailUrl\":\"https:\/\/vof-news.eu\/wp-content\/uploads\/2025\/10\/la-primera-ministra-italiana-giorgia-meloni-en-el-set-del-programa-de-television-cinque-minuti-en-los-estudios-rai-el-7-de-octubre-de-2025-en-roma.jpeg\",\"datePublished\":\"2025-10-08T06:21:18+00:00\",\"dateModified\":\"2025-10-08T06:22:01+00:00\",\"author\":{\"@id\":\"https:\/\/vof-news.eu\/es\/#\/schema\/person\/f6a2a4309f0561835797fd8c19b333ed\"},\"description\":\"La primera ministra italiana, Giorgia Meloni, ha afirmado este martes que ha sido denunciada ante la Corte Penal Internacional (CPI) junto con otros miembros de su Gobierno por \\\"complicidad con genocidio\\\" por su relaci\u00f3n con Israel durante la guerra en Gaza.\\\"Creo que no exista un caso similar en el mundo y en la historia de una denuncia como esta\\\", ha ironizado durante una entrevista en el programa de la televisi\u00f3n p\u00fablica Porta a Porta que se emitir\u00e1 esta noche y de la que los medios italianos han adelantado algunos fragmentos.Meloni alud\u00eda a una noticia de estos d\u00edas seg\u00fan la cual el grupo Juristas y Abogados por Palestina (GAP) la ha denunciado ante la CPI por supuesta complicidad con Israel, junto a sus ministros de Exteriores, Antonio Tajani, y de Defensa, Guido Crosetto, y al consejero delegado de la compa\u00f1\u00eda de equipos de defensa Leonardo, Roberto Cingolani.En este sentido, la mandataria ultraderechista denunci\u00f3 \\\"un clima que se est\u00e1 barbarizando mucho\\\" y asegur\u00f3 que ha \\\"perdido la cuenta\\\" de las amenazas de muerte que la dirigen.\u00a0\\\"Italia ya ha vivido esta historia. Veo muchas cosas que empezamos a ver normales pero que no lo son. Y creo que hay responsables... por ejemplo, quienes dicen que tengo las manos manchadas de sangre o que este Gobierno es c\u00f3mplice de genocidio\\\", reproch\u00f3.Meloni tambi\u00e9n se refiri\u00f3 a las manifestaciones y las huelgas en apoyo de Gaza o de la Global Sumud Flotilla de los \u00faltimos d\u00edas en Italia, de las de mayor envergadura en toda Europa.\u00a0En primer lugar acus\u00f3 al mayor sindicato del pa\u00eds, CGIL, que organiz\u00f3 una huelga el viernes, de \\\"estar mucho m\u00e1s interesado en defender a la izquierda que a los trabajadores\\\".Despu\u00e9s, aunque expres\u00f3 su \\\"gran respeto\\\" por las manifestaciones, subray\u00f3 que los casos de disturbios que se registraron en ciudades como Roma, Mil\u00e1n o Tur\u00edn (norte) estaban \\\"organizados\\\".Asimismo, denunci\u00f3 la presencia de una pancarta que celebraba el ataque de Ham\u00e1s del 7 de octubre de 2023 en la cabeza de una gran manifestaci\u00f3n que recorri\u00f3 Roma el pasado s\u00e1bado y que congreg\u00f3 a cientos de miles de personas (al menos 250.000 seg\u00fan la polic\u00eda).\u00a0\\\"Uno de los carteles celebraba el terror del 7 de octubre. Cuando se permite a quien loa el terrorismo de Ham\u00e1s estar a la cabeza de una manifestaci\u00f3n, quiz\u00e1 la hip\u00f3tesis de que son infiltrados es un poco ingenua\\\", apunt\u00f3.Una lucha que se extiendePese a la extra\u00f1eza de Meloni, ya hay precedentes de denuncias a Gobiernos por su supuesta inacci\u00f3n ante la ofensiva israel\u00ed en Gaza, esa que llega ya a los 67.000 muertos en dos a\u00f1os. Por ejemplo, el pasado agosto se present\u00f3 una demanda en los juzgados nacionales de B\u00e9lgica, en la que se incluye a primer ministro, Bart De Wever, adem\u00e1s del ministro de Exteriores, Maxime Pr\u00e9vot; el de Finanzas, Jan Jambon; y el de Movilidad, Jean-Luc Crucke.\",\"breadcrumb\":{\"@id\":\"https:\/\/vof-news.eu\/es\/la-ultra-meloni-denunciada-ante-la-haya-por-complicidad-de-genocidio-en-gaza\/#breadcrumb\"},\"inLanguage\":\"es\",\"potentialAction\":[{\"@type\":\"ReadAction\",\"target\":[\"https:\/\/vof-news.eu\/es\/la-ultra-meloni-denunciada-ante-la-haya-por-complicidad-de-genocidio-en-gaza\/\"]}]},{\"@type\":\"ImageObject\",\"inLanguage\":\"es\",\"@id\":\"https:\/\/vof-news.eu\/es\/la-ultra-meloni-denunciada-ante-la-haya-por-complicidad-de-genocidio-en-gaza\/#primaryimage\",\"url\":\"https:\/\/vof-news.eu\/wp-content\/uploads\/2025\/10\/la-primera-ministra-italiana-giorgia-meloni-en-el-set-del-programa-de-television-cinque-minuti-en-los-estudios-rai-el-7-de-octubre-de-2025-en-roma.jpeg\",\"contentUrl\":\"https:\/\/vof-news.eu\/wp-content\/uploads\/2025\/10\/la-primera-ministra-italiana-giorgia-meloni-en-el-set-del-programa-de-television-cinque-minuti-en-los-estudios-rai-el-7-de-octubre-de-2025-en-roma.jpeg\",\"width\":1200,\"height\":800},{\"@type\":\"BreadcrumbList\",\"@id\":\"https:\/\/vof-news.eu\/es\/la-ultra-meloni-denunciada-ante-la-haya-por-complicidad-de-genocidio-en-gaza\/#breadcrumb\",\"itemListElement\":[{\"@type\":\"ListItem\",\"position\":1,\"name\":\"Home\",\"item\":\"https:\/\/vof-news.eu\/es\/\"},{\"@type\":\"ListItem\",\"position\":2,\"name\":\"La ultra Meloni, denunciada ante La Haya por complicidad de &#8220;genocidio&#8221; en Gaza\"}]},{\"@type\":\"WebSite\",\"@id\":\"https:\/\/vof-news.eu\/es\/#website\",\"url\":\"https:\/\/vof-news.eu\/es\/\",\"name\":\"vof-news.eu\",\"description\":\"\",\"potentialAction\":[{\"@type\":\"SearchAction\",\"target\":{\"@type\":\"EntryPoint\",\"urlTemplate\":\"https:\/\/vof-news.eu\/es\/?s={search_term_string}\"},\"query-input\":\"required name=search_term_string\"}],\"inLanguage\":\"es\"},{\"@type\":\"Person\",\"@id\":\"https:\/\/vof-news.eu\/es\/#\/schema\/person\/f6a2a4309f0561835797fd8c19b333ed\",\"name\":\"Author\",\"image\":{\"@type\":\"ImageObject\",\"inLanguage\":\"es\",\"@id\":\"https:\/\/vof-news.eu\/es\/#\/schema\/person\/image\/\",\"url\":\"https:\/\/secure.gravatar.com\/avatar\/b67e614b1b25b3e9c0c239efdd2fde5ab015b5affd6f1c3c85911ca4b384e790?s=96&d=mm&r=g\",\"contentUrl\":\"https:\/\/secure.gravatar.com\/avatar\/b67e614b1b25b3e9c0c239efdd2fde5ab015b5affd6f1c3c85911ca4b384e790?s=96&d=mm&r=g\",\"caption\":\"Author\"},\"sameAs\":[\"http:\/\/vof-news.eu\"],\"url\":\"https:\/\/vof-news.eu\/es\/author\/zwt6qxnjulxbnyg\/\"}]}<\/script>\n<!-- \/ Yoast SEO plugin. -->","yoast_head_json":{"title":"La ultra Meloni, denunciada ante La Haya por complicidad de \"genocidio\" en Gaza - vof-news.eu","description":"La primera ministra italiana, Giorgia Meloni, ha afirmado este martes que ha sido denunciada ante la Corte Penal Internacional (CPI) junto con otros miembros de su Gobierno por \"complicidad con genocidio\" por su relaci\u00f3n con Israel durante la guerra en Gaza.\"Creo que no exista un caso similar en el mundo y en la historia de una denuncia como esta\", ha ironizado durante una entrevista en el programa de la televisi\u00f3n p\u00fablica Porta a Porta que se emitir\u00e1 esta noche y de la que los medios italianos han adelantado algunos fragmentos.Meloni alud\u00eda a una noticia de estos d\u00edas seg\u00fan la cual el grupo Juristas y Abogados por Palestina (GAP) la ha denunciado ante la CPI por supuesta complicidad con Israel, junto a sus ministros de Exteriores, Antonio Tajani, y de Defensa, Guido Crosetto, y al consejero delegado de la compa\u00f1\u00eda de equipos de defensa Leonardo, Roberto Cingolani.En este sentido, la mandataria ultraderechista denunci\u00f3 \"un clima que se est\u00e1 barbarizando mucho\" y asegur\u00f3 que ha \"perdido la cuenta\" de las amenazas de muerte que la dirigen.\u00a0\"Italia ya ha vivido esta historia. Veo muchas cosas que empezamos a ver normales pero que no lo son. Y creo que hay responsables... por ejemplo, quienes dicen que tengo las manos manchadas de sangre o que este Gobierno es c\u00f3mplice de genocidio\", reproch\u00f3.Meloni tambi\u00e9n se refiri\u00f3 a las manifestaciones y las huelgas en apoyo de Gaza o de la Global Sumud Flotilla de los \u00faltimos d\u00edas en Italia, de las de mayor envergadura en toda Europa.\u00a0En primer lugar acus\u00f3 al mayor sindicato del pa\u00eds, CGIL, que organiz\u00f3 una huelga el viernes, de \"estar mucho m\u00e1s interesado en defender a la izquierda que a los trabajadores\".Despu\u00e9s, aunque expres\u00f3 su \"gran respeto\" por las manifestaciones, subray\u00f3 que los casos de disturbios que se registraron en ciudades como Roma, Mil\u00e1n o Tur\u00edn (norte) estaban \"organizados\".Asimismo, denunci\u00f3 la presencia de una pancarta que celebraba el ataque de Ham\u00e1s del 7 de octubre de 2023 en la cabeza de una gran manifestaci\u00f3n que recorri\u00f3 Roma el pasado s\u00e1bado y que congreg\u00f3 a cientos de miles de personas (al menos 250.000 seg\u00fan la polic\u00eda).\u00a0\"Uno de los carteles celebraba el terror del 7 de octubre. Cuando se permite a quien loa el terrorismo de Ham\u00e1s estar a la cabeza de una manifestaci\u00f3n, quiz\u00e1 la hip\u00f3tesis de que son infiltrados es un poco ingenua\", apunt\u00f3.Una lucha que se extiendePese a la extra\u00f1eza de Meloni, ya hay precedentes de denuncias a Gobiernos por su supuesta inacci\u00f3n ante la ofensiva israel\u00ed en Gaza, esa que llega ya a los 67.000 muertos en dos a\u00f1os. Por ejemplo, el pasado agosto se present\u00f3 una demanda en los juzgados nacionales de B\u00e9lgica, en la que se incluye a primer ministro, Bart De Wever, adem\u00e1s del ministro de Exteriores, Maxime Pr\u00e9vot; el de Finanzas, Jan Jambon; y el de Movilidad, Jean-Luc Crucke.","robots":{"index":"noindex","follow":"follow","max-snippet":"max-snippet:-1","max-image-preview":"max-image-preview:large","max-video-preview":"max-video-preview:-1"},"og_locale":"es_ES","og_type":"article","og_title":"La ultra Meloni, denunciada ante La Haya por complicidad de \"genocidio\" en Gaza - vof-news.eu","og_description":"La primera ministra italiana, Giorgia Meloni, ha afirmado este martes que ha sido denunciada ante la Corte Penal Internacional (CPI) junto con otros miembros de su Gobierno por \"complicidad con genocidio\" por su relaci\u00f3n con Israel durante la guerra en Gaza.\"Creo que no exista un caso similar en el mundo y en la historia de una denuncia como esta\", ha ironizado durante una entrevista en el programa de la televisi\u00f3n p\u00fablica Porta a Porta que se emitir\u00e1 esta noche y de la que los medios italianos han adelantado algunos fragmentos.Meloni alud\u00eda a una noticia de estos d\u00edas seg\u00fan la cual el grupo Juristas y Abogados por Palestina (GAP) la ha denunciado ante la CPI por supuesta complicidad con Israel, junto a sus ministros de Exteriores, Antonio Tajani, y de Defensa, Guido Crosetto, y al consejero delegado de la compa\u00f1\u00eda de equipos de defensa Leonardo, Roberto Cingolani.En este sentido, la mandataria ultraderechista denunci\u00f3 \"un clima que se est\u00e1 barbarizando mucho\" y asegur\u00f3 que ha \"perdido la cuenta\" de las amenazas de muerte que la dirigen.\u00a0\"Italia ya ha vivido esta historia. Veo muchas cosas que empezamos a ver normales pero que no lo son. Y creo que hay responsables... por ejemplo, quienes dicen que tengo las manos manchadas de sangre o que este Gobierno es c\u00f3mplice de genocidio\", reproch\u00f3.Meloni tambi\u00e9n se refiri\u00f3 a las manifestaciones y las huelgas en apoyo de Gaza o de la Global Sumud Flotilla de los \u00faltimos d\u00edas en Italia, de las de mayor envergadura en toda Europa.\u00a0En primer lugar acus\u00f3 al mayor sindicato del pa\u00eds, CGIL, que organiz\u00f3 una huelga el viernes, de \"estar mucho m\u00e1s interesado en defender a la izquierda que a los trabajadores\".Despu\u00e9s, aunque expres\u00f3 su \"gran respeto\" por las manifestaciones, subray\u00f3 que los casos de disturbios que se registraron en ciudades como Roma, Mil\u00e1n o Tur\u00edn (norte) estaban \"organizados\".Asimismo, denunci\u00f3 la presencia de una pancarta que celebraba el ataque de Ham\u00e1s del 7 de octubre de 2023 en la cabeza de una gran manifestaci\u00f3n que recorri\u00f3 Roma el pasado s\u00e1bado y que congreg\u00f3 a cientos de miles de personas (al menos 250.000 seg\u00fan la polic\u00eda).\u00a0\"Uno de los carteles celebraba el terror del 7 de octubre. Cuando se permite a quien loa el terrorismo de Ham\u00e1s estar a la cabeza de una manifestaci\u00f3n, quiz\u00e1 la hip\u00f3tesis de que son infiltrados es un poco ingenua\", apunt\u00f3.Una lucha que se extiendePese a la extra\u00f1eza de Meloni, ya hay precedentes de denuncias a Gobiernos por su supuesta inacci\u00f3n ante la ofensiva israel\u00ed en Gaza, esa que llega ya a los 67.000 muertos en dos a\u00f1os. Por ejemplo, el pasado agosto se present\u00f3 una demanda en los juzgados nacionales de B\u00e9lgica, en la que se incluye a primer ministro, Bart De Wever, adem\u00e1s del ministro de Exteriores, Maxime Pr\u00e9vot; el de Finanzas, Jan Jambon; y el de Movilidad, Jean-Luc Crucke.","og_url":"https:\/\/vof-news.eu\/es\/la-ultra-meloni-denunciada-ante-la-haya-por-complicidad-de-genocidio-en-gaza\/","og_site_name":"vof-news.eu","article_published_time":"2025-10-08T06:21:18+00:00","article_modified_time":"2025-10-08T06:22:01+00:00","og_image":[{"width":1200,"height":800,"url":"https:\/\/vof-news.eu\/wp-content\/uploads\/2025\/10\/la-primera-ministra-italiana-giorgia-meloni-en-el-set-del-programa-de-television-cinque-minuti-en-los-estudios-rai-el-7-de-octubre-de-2025-en-roma.jpeg","type":"image\/jpeg"}],"author":"Author","twitter_card":"summary_large_image","twitter_misc":{"Escrito por":"Author","Tiempo de lectura":"3 minutos"},"schema":{"@context":"https:\/\/schema.org","@graph":[{"@type":"WebPage","@id":"https:\/\/vof-news.eu\/es\/la-ultra-meloni-denunciada-ante-la-haya-por-complicidad-de-genocidio-en-gaza\/","url":"https:\/\/vof-news.eu\/es\/la-ultra-meloni-denunciada-ante-la-haya-por-complicidad-de-genocidio-en-gaza\/","name":"La ultra Meloni, denunciada ante La Haya por complicidad de \"genocidio\" en Gaza - vof-news.eu","isPartOf":{"@id":"https:\/\/vof-news.eu\/es\/#website"},"primaryImageOfPage":{"@id":"https:\/\/vof-news.eu\/es\/la-ultra-meloni-denunciada-ante-la-haya-por-complicidad-de-genocidio-en-gaza\/#primaryimage"},"image":{"@id":"https:\/\/vof-news.eu\/es\/la-ultra-meloni-denunciada-ante-la-haya-por-complicidad-de-genocidio-en-gaza\/#primaryimage"},"thumbnailUrl":"https:\/\/vof-news.eu\/wp-content\/uploads\/2025\/10\/la-primera-ministra-italiana-giorgia-meloni-en-el-set-del-programa-de-television-cinque-minuti-en-los-estudios-rai-el-7-de-octubre-de-2025-en-roma.jpeg","datePublished":"2025-10-08T06:21:18+00:00","dateModified":"2025-10-08T06:22:01+00:00","author":{"@id":"https:\/\/vof-news.eu\/es\/#\/schema\/person\/f6a2a4309f0561835797fd8c19b333ed"},"description":"La primera ministra italiana, Giorgia Meloni, ha afirmado este martes que ha sido denunciada ante la Corte Penal Internacional (CPI) junto con otros miembros de su Gobierno por \"complicidad con genocidio\" por su relaci\u00f3n con Israel durante la guerra en Gaza.\"Creo que no exista un caso similar en el mundo y en la historia de una denuncia como esta\", ha ironizado durante una entrevista en el programa de la televisi\u00f3n p\u00fablica Porta a Porta que se emitir\u00e1 esta noche y de la que los medios italianos han adelantado algunos fragmentos.Meloni alud\u00eda a una noticia de estos d\u00edas seg\u00fan la cual el grupo Juristas y Abogados por Palestina (GAP) la ha denunciado ante la CPI por supuesta complicidad con Israel, junto a sus ministros de Exteriores, Antonio Tajani, y de Defensa, Guido Crosetto, y al consejero delegado de la compa\u00f1\u00eda de equipos de defensa Leonardo, Roberto Cingolani.En este sentido, la mandataria ultraderechista denunci\u00f3 \"un clima que se est\u00e1 barbarizando mucho\" y asegur\u00f3 que ha \"perdido la cuenta\" de las amenazas de muerte que la dirigen.\u00a0\"Italia ya ha vivido esta historia. Veo muchas cosas que empezamos a ver normales pero que no lo son. Y creo que hay responsables... por ejemplo, quienes dicen que tengo las manos manchadas de sangre o que este Gobierno es c\u00f3mplice de genocidio\", reproch\u00f3.Meloni tambi\u00e9n se refiri\u00f3 a las manifestaciones y las huelgas en apoyo de Gaza o de la Global Sumud Flotilla de los \u00faltimos d\u00edas en Italia, de las de mayor envergadura en toda Europa.\u00a0En primer lugar acus\u00f3 al mayor sindicato del pa\u00eds, CGIL, que organiz\u00f3 una huelga el viernes, de \"estar mucho m\u00e1s interesado en defender a la izquierda que a los trabajadores\".Despu\u00e9s, aunque expres\u00f3 su \"gran respeto\" por las manifestaciones, subray\u00f3 que los casos de disturbios que se registraron en ciudades como Roma, Mil\u00e1n o Tur\u00edn (norte) estaban \"organizados\".Asimismo, denunci\u00f3 la presencia de una pancarta que celebraba el ataque de Ham\u00e1s del 7 de octubre de 2023 en la cabeza de una gran manifestaci\u00f3n que recorri\u00f3 Roma el pasado s\u00e1bado y que congreg\u00f3 a cientos de miles de personas (al menos 250.000 seg\u00fan la polic\u00eda).\u00a0\"Uno de los carteles celebraba el terror del 7 de octubre. Cuando se permite a quien loa el terrorismo de Ham\u00e1s estar a la cabeza de una manifestaci\u00f3n, quiz\u00e1 la hip\u00f3tesis de que son infiltrados es un poco ingenua\", apunt\u00f3.Una lucha que se extiendePese a la extra\u00f1eza de Meloni, ya hay precedentes de denuncias a Gobiernos por su supuesta inacci\u00f3n ante la ofensiva israel\u00ed en Gaza, esa que llega ya a los 67.000 muertos en dos a\u00f1os. Por ejemplo, el pasado agosto se present\u00f3 una demanda en los juzgados nacionales de B\u00e9lgica, en la que se incluye a primer ministro, Bart De Wever, adem\u00e1s del ministro de Exteriores, Maxime Pr\u00e9vot; el de Finanzas, Jan Jambon; y el de Movilidad, Jean-Luc Crucke.","breadcrumb":{"@id":"https:\/\/vof-news.eu\/es\/la-ultra-meloni-denunciada-ante-la-haya-por-complicidad-de-genocidio-en-gaza\/#breadcrumb"},"inLanguage":"es","potentialAction":[{"@type":"ReadAction","target":["https:\/\/vof-news.eu\/es\/la-ultra-meloni-denunciada-ante-la-haya-por-complicidad-de-genocidio-en-gaza\/"]}]},{"@type":"ImageObject","inLanguage":"es","@id":"https:\/\/vof-news.eu\/es\/la-ultra-meloni-denunciada-ante-la-haya-por-complicidad-de-genocidio-en-gaza\/#primaryimage","url":"https:\/\/vof-news.eu\/wp-content\/uploads\/2025\/10\/la-primera-ministra-italiana-giorgia-meloni-en-el-set-del-programa-de-television-cinque-minuti-en-los-estudios-rai-el-7-de-octubre-de-2025-en-roma.jpeg","contentUrl":"https:\/\/vof-news.eu\/wp-content\/uploads\/2025\/10\/la-primera-ministra-italiana-giorgia-meloni-en-el-set-del-programa-de-television-cinque-minuti-en-los-estudios-rai-el-7-de-octubre-de-2025-en-roma.jpeg","width":1200,"height":800},{"@type":"BreadcrumbList","@id":"https:\/\/vof-news.eu\/es\/la-ultra-meloni-denunciada-ante-la-haya-por-complicidad-de-genocidio-en-gaza\/#breadcrumb","itemListElement":[{"@type":"ListItem","position":1,"name":"Home","item":"https:\/\/vof-news.eu\/es\/"},{"@type":"ListItem","position":2,"name":"La ultra Meloni, denunciada ante La Haya por complicidad de &#8220;genocidio&#8221; en Gaza"}]},{"@type":"WebSite","@id":"https:\/\/vof-news.eu\/es\/#website","url":"https:\/\/vof-news.eu\/es\/","name":"vof-news.eu","description":"","potentialAction":[{"@type":"SearchAction","target":{"@type":"EntryPoint","urlTemplate":"https:\/\/vof-news.eu\/es\/?s={search_term_string}"},"query-input":"required name=search_term_string"}],"inLanguage":"es"},{"@type":"Person","@id":"https:\/\/vof-news.eu\/es\/#\/schema\/person\/f6a2a4309f0561835797fd8c19b333ed","name":"Author","image":{"@type":"ImageObject","inLanguage":"es","@id":"https:\/\/vof-news.eu\/es\/#\/schema\/person\/image\/","url":"https:\/\/secure.gravatar.com\/avatar\/b67e614b1b25b3e9c0c239efdd2fde5ab015b5affd6f1c3c85911ca4b384e790?s=96&d=mm&r=g","contentUrl":"https:\/\/secure.gravatar.com\/avatar\/b67e614b1b25b3e9c0c239efdd2fde5ab015b5affd6f1c3c85911ca4b384e790?s=96&d=mm&r=g","caption":"Author"},"sameAs":["http:\/\/vof-news.eu"],"url":"https:\/\/vof-news.eu\/es\/author\/zwt6qxnjulxbnyg\/"}]}},"yoast_meta":{"yoast_wpseo_title":"","yoast_wpseo_metadesc":"","yoast_wpseo_canonical":""},"_links":{"self":[{"href":"https:\/\/vof-news.eu\/es\/wp-json\/wp\/v2\/posts\/283760","targetHints":{"allow":["GET"]}}],"collection":[{"href":"https:\/\/vof-news.eu\/es\/wp-json\/wp\/v2\/posts"}],"about":[{"href":"https:\/\/vof-news.eu\/es\/wp-json\/wp\/v2\/types\/post"}],"author":[{"embeddable":true,"href":"https:\/\/vof-news.eu\/es\/wp-json\/wp\/v2\/users\/1"}],"replies":[{"embeddable":true,"href":"https:\/\/vof-news.eu\/es\/wp-json\/wp\/v2\/comments?post=283760"}],"version-history":[{"count":1,"href":"https:\/\/vof-news.eu\/es\/wp-json\/wp\/v2\/posts\/283760\/revisions"}],"predecessor-version":[{"id":283767,"href":"https:\/\/vof-news.eu\/es\/wp-json\/wp\/v2\/posts\/283760\/revisions\/283767"}],"wp:featuredmedia":[{"embeddable":true,"href":"https:\/\/vof-news.eu\/es\/wp-json\/wp\/v2\/media\/283761"}],"wp:attachment":[{"href":"https:\/\/vof-news.eu\/es\/wp-json\/wp\/v2\/media?parent=283760"}],"wp:term":[{"taxonomy":"category","embeddable":true,"href":"https:\/\/vof-news.eu\/es\/wp-json\/wp\/v2\/categories?post=283760"},{"taxonomy":"post_tag","embeddable":true,"href":"https:\/\/vof-news.eu\/es\/wp-json\/wp\/v2\/tags?post=283760"}],"curies":[{"name":"wp","href":"https:\/\/api.w.org\/{rel}","templated":true}]}}