{"id":274298,"date":"2025-09-13T11:17:29","date_gmt":"2025-09-13T08:17:29","guid":{"rendered":"https:\/\/vof-news.eu\/sp-sube-la-calificacion-de-espana-por-su-fuerte-crecimiento-economico\/"},"modified":"2025-09-13T11:17:52","modified_gmt":"2025-09-13T08:17:52","slug":"sp-sube-la-calificacion-de-espana-por-su-fuerte-crecimiento-economico","status":"publish","type":"post","link":"https:\/\/vof-news.eu\/es\/sp-sube-la-calificacion-de-espana-por-su-fuerte-crecimiento-economico\/","title":{"rendered":"S&#038;P sube la calificaci\u00f3n de Espa\u00f1a por su fuerte crecimiento econ\u00f3mico"},"content":{"rendered":"<div>\n<p>\n        La agencia de calificaci\u00f3n de riesgo S&amp;P ha subido la nota a Espa\u00f1a a A+ (notable alto) con perspectiva estable, por la mayor solidez de una econom\u00eda menos vulnerable a cambios repentinos en las condiciones de financiaci\u00f3n externa y poco expuesta a la pol\u00edtica arancelaria de Estados Unidos.\n    <\/p>\n<p>\n        En su informe publicado este viernes, la agencia proyecta un fuerte crecimiento del empleo y de la demanda interna (consumo e inversi\u00f3n), lo que favorecer\u00e1 en 2025 un avance del PIB del 2,6%, tres veces m\u00e1s que lo previsto de media para la eurozona.\n    <\/p>\n<p>\n        S&amp;P destaca que una d\u00e9cada de desapalancamiento del sector privado ha dado lugar a una notable mejora del balance externo de Espa\u00f1a, lo que ha mejorado la capacidad del pa\u00eds para capear eventuales crisis econ\u00f3micas.\n    <\/p>\n<p>\n        El informe destaca que la mejora del empleo y de la demanda nacional es atribuible en buena medida a la inmigraci\u00f3n, y en particular a la procedente de Am\u00e9rica Latina, as\u00ed como al aumento de la inversi\u00f3n y al efecto de las reformas estructurales previas.\n    <\/p>\n<p>\n        En opini\u00f3n de S&amp;P, que la econom\u00eda espa\u00f1ola est\u00e9 basada en el sector servicios y que sus exportaciones a EEUU sean limitadas, protegen al pa\u00eds de las consecuencias inmediatas de los aranceles estadounidenses sobre las mercanc\u00edas.\n    <\/p>\n<p>\n        No obstante, el informe advierte de que la nota podr\u00eda volver a bajarse si los desv\u00edos presupuestarios \u201cen un contexto de alta fragmentaci\u00f3n pol\u00edtica\u201d revierten la tendencia a la baja del d\u00e9ficit y la deuda p\u00fablica.\n    <\/p>\n<p>\n        \u201cEl riesgo pol\u00edtico persiste, aunque es probable que la coalici\u00f3n de gobierno se mantenga\u201d, dice el informe, que se\u00f1ala que el PSOE \u201clidera una fr\u00e1gil coalici\u00f3n de gobierno minoritaria\u201d y que \u201clas recientes acusaciones de corrupci\u00f3n que involucran a miembros cercanos al gobierno\u201d han incrementado dicho riesgo.\n    <\/p>\n<p>\n         Asimismo, destaca que el impulso pol\u00edtico del Gobierno se ha limitado a \u201cconcesiones a los partidos regionales \u2014como la ley de amnist\u00eda para los l\u00edderes secesionistas catalanes y el alivio de la deuda regional\u2014 para preservar el apoyo a la coalici\u00f3n gubernamental\u201d.\n    <\/p>\n<p>\n        Para 2026 S&amp;P prev\u00e9 que el crecimiento de la econom\u00eda se desacelere al 1,9%, en tanto que para 2027 y 2028 pronostica avances del 1,8%.\n    <\/p>\n<p>\n        En un video remitido a los medios, el ministro de Econom\u00eda, Carlos Cuerpo, ha destacado que la mejora de la calificaci\u00f3n de Espa\u00f1a se traduce en una mayor confianza de los mercados, una mayor demanda de deuda soberana y un menor coste de financiaci\u00f3n tanto para el Estado como para las empresas.\n    <\/p>\n<p>\n        En este sentido, ha incidido en que a final de a\u00f1o se habr\u00e1n ahorrado 350 millones de euros en intereses de la deuda.\n    <\/p>\n<p>\n        Para Cuerpo, la mejora de la calificaci\u00f3n otorgada por S&amp;P tiene m\u00e1s valor en un contexto internacional incierto y de ralentizaci\u00f3n econ\u00f3mica de los socios europeos de Espa\u00f1a.\n    <\/p>\n<\/div>\n","protected":false},"excerpt":{"rendered":"<p>La agencia de calificaci\u00f3n de riesgo S&amp;P ha subido la nota a Espa\u00f1a a A+ (notable alto) con perspectiva estable, por la mayor solidez de una econom\u00eda menos vulnerable a cambios repentinos en las condiciones de financiaci\u00f3n externa y poco expuesta a la pol\u00edtica arancelaria de Estados Unidos. En su informe publicado este viernes, la<\/p>\n","protected":false},"author":1,"featured_media":274299,"comment_status":"open","ping_status":"open","sticky":false,"template":"","format":"standard","meta":{"footnotes":""},"categories":[61],"tags":[],"class_list":["post-274298","post","type-post","status-publish","format-standard","has-post-thumbnail","hentry","category-business-es"],"acf":[],"yoast_head":"<!-- This site is optimized with the Yoast SEO plugin v22.9 - https:\/\/yoast.com\/wordpress\/plugins\/seo\/ -->\n<title>S&amp;P sube la calificaci\u00f3n de Espa\u00f1a por su fuerte crecimiento econ\u00f3mico - vof-news.eu<\/title>\n<meta name=\"description\" content=\"La agencia de calificaci\u00f3n de riesgo S&amp;P ha subido la nota a Espa\u00f1a a A+ (notable alto) con perspectiva estable, por la mayor solidez de una econom\u00eda menos vulnerable a cambios repentinos en las condiciones de financiaci\u00f3n externa y poco expuesta a la pol\u00edtica arancelaria de Estados Unidos.\" \/>\n<meta name=\"robots\" content=\"noindex, follow, max-snippet:-1, max-image-preview:large, max-video-preview:-1\" \/>\n<meta property=\"og:locale\" content=\"es_ES\" \/>\n<meta property=\"og:type\" content=\"article\" \/>\n<meta property=\"og:title\" content=\"S&amp;P sube la calificaci\u00f3n de Espa\u00f1a por su fuerte crecimiento econ\u00f3mico - vof-news.eu\" \/>\n<meta property=\"og:description\" content=\"La agencia de calificaci\u00f3n de riesgo S&amp;P ha subido la nota a Espa\u00f1a a A+ (notable alto) con perspectiva estable, por la mayor solidez de una econom\u00eda menos vulnerable a cambios repentinos en las condiciones de financiaci\u00f3n externa y poco expuesta a la pol\u00edtica arancelaria de Estados Unidos.\" \/>\n<meta property=\"og:url\" content=\"https:\/\/vof-news.eu\/es\/sp-sube-la-calificacion-de-espana-por-su-fuerte-crecimiento-economico\/\" \/>\n<meta property=\"og:site_name\" content=\"vof-news.eu\" \/>\n<meta property=\"article:published_time\" content=\"2025-09-13T08:17:29+00:00\" \/>\n<meta property=\"article:modified_time\" content=\"2025-09-13T08:17:52+00:00\" \/>\n<meta property=\"og:image\" content=\"https:\/\/vof-news.eu\/wp-content\/uploads\/2025\/09\/a9b878da-7a2e-421f-8da5-f9d02cfe5cec_16-9-discover-aspect-ratio_default_0.jpg\" \/>\n\t<meta property=\"og:image:width\" content=\"1200\" \/>\n\t<meta property=\"og:image:height\" content=\"675\" \/>\n\t<meta property=\"og:image:type\" content=\"image\/jpeg\" \/>\n<meta name=\"author\" content=\"Author\" \/>\n<meta name=\"twitter:card\" content=\"summary_large_image\" \/>\n<meta name=\"twitter:label1\" content=\"Escrito por\" \/>\n\t<meta name=\"twitter:data1\" content=\"Author\" \/>\n\t<meta name=\"twitter:label2\" content=\"Tiempo de lectura\" \/>\n\t<meta name=\"twitter:data2\" content=\"3 minutos\" \/>\n<script type=\"application\/ld+json\" class=\"yoast-schema-graph\">{\"@context\":\"https:\/\/schema.org\",\"@graph\":[{\"@type\":\"WebPage\",\"@id\":\"https:\/\/vof-news.eu\/es\/sp-sube-la-calificacion-de-espana-por-su-fuerte-crecimiento-economico\/\",\"url\":\"https:\/\/vof-news.eu\/es\/sp-sube-la-calificacion-de-espana-por-su-fuerte-crecimiento-economico\/\",\"name\":\"S&P sube la calificaci\u00f3n de Espa\u00f1a por su fuerte crecimiento econ\u00f3mico - vof-news.eu\",\"isPartOf\":{\"@id\":\"https:\/\/vof-news.eu\/es\/#website\"},\"primaryImageOfPage\":{\"@id\":\"https:\/\/vof-news.eu\/es\/sp-sube-la-calificacion-de-espana-por-su-fuerte-crecimiento-economico\/#primaryimage\"},\"image\":{\"@id\":\"https:\/\/vof-news.eu\/es\/sp-sube-la-calificacion-de-espana-por-su-fuerte-crecimiento-economico\/#primaryimage\"},\"thumbnailUrl\":\"https:\/\/vof-news.eu\/wp-content\/uploads\/2025\/09\/a9b878da-7a2e-421f-8da5-f9d02cfe5cec_16-9-discover-aspect-ratio_default_0.jpg\",\"datePublished\":\"2025-09-13T08:17:29+00:00\",\"dateModified\":\"2025-09-13T08:17:52+00:00\",\"author\":{\"@id\":\"https:\/\/vof-news.eu\/es\/#\/schema\/person\/f6a2a4309f0561835797fd8c19b333ed\"},\"description\":\"La agencia de calificaci\u00f3n de riesgo S&amp;P ha subido la nota a Espa\u00f1a a A+ (notable alto) con perspectiva estable, por la mayor solidez de una econom\u00eda menos vulnerable a cambios repentinos en las condiciones de financiaci\u00f3n externa y poco expuesta a la pol\u00edtica arancelaria de Estados Unidos.\",\"breadcrumb\":{\"@id\":\"https:\/\/vof-news.eu\/es\/sp-sube-la-calificacion-de-espana-por-su-fuerte-crecimiento-economico\/#breadcrumb\"},\"inLanguage\":\"es\",\"potentialAction\":[{\"@type\":\"ReadAction\",\"target\":[\"https:\/\/vof-news.eu\/es\/sp-sube-la-calificacion-de-espana-por-su-fuerte-crecimiento-economico\/\"]}]},{\"@type\":\"ImageObject\",\"inLanguage\":\"es\",\"@id\":\"https:\/\/vof-news.eu\/es\/sp-sube-la-calificacion-de-espana-por-su-fuerte-crecimiento-economico\/#primaryimage\",\"url\":\"https:\/\/vof-news.eu\/wp-content\/uploads\/2025\/09\/a9b878da-7a2e-421f-8da5-f9d02cfe5cec_16-9-discover-aspect-ratio_default_0.jpg\",\"contentUrl\":\"https:\/\/vof-news.eu\/wp-content\/uploads\/2025\/09\/a9b878da-7a2e-421f-8da5-f9d02cfe5cec_16-9-discover-aspect-ratio_default_0.jpg\",\"width\":1200,\"height\":675},{\"@type\":\"BreadcrumbList\",\"@id\":\"https:\/\/vof-news.eu\/es\/sp-sube-la-calificacion-de-espana-por-su-fuerte-crecimiento-economico\/#breadcrumb\",\"itemListElement\":[{\"@type\":\"ListItem\",\"position\":1,\"name\":\"Home\",\"item\":\"https:\/\/vof-news.eu\/es\/\"},{\"@type\":\"ListItem\",\"position\":2,\"name\":\"S&#038;P sube la calificaci\u00f3n de Espa\u00f1a por su fuerte crecimiento econ\u00f3mico\"}]},{\"@type\":\"WebSite\",\"@id\":\"https:\/\/vof-news.eu\/es\/#website\",\"url\":\"https:\/\/vof-news.eu\/es\/\",\"name\":\"vof-news.eu\",\"description\":\"\",\"potentialAction\":[{\"@type\":\"SearchAction\",\"target\":{\"@type\":\"EntryPoint\",\"urlTemplate\":\"https:\/\/vof-news.eu\/es\/?s={search_term_string}\"},\"query-input\":\"required name=search_term_string\"}],\"inLanguage\":\"es\"},{\"@type\":\"Person\",\"@id\":\"https:\/\/vof-news.eu\/es\/#\/schema\/person\/f6a2a4309f0561835797fd8c19b333ed\",\"name\":\"Author\",\"image\":{\"@type\":\"ImageObject\",\"inLanguage\":\"es\",\"@id\":\"https:\/\/vof-news.eu\/es\/#\/schema\/person\/image\/\",\"url\":\"https:\/\/secure.gravatar.com\/avatar\/b67e614b1b25b3e9c0c239efdd2fde5ab015b5affd6f1c3c85911ca4b384e790?s=96&d=mm&r=g\",\"contentUrl\":\"https:\/\/secure.gravatar.com\/avatar\/b67e614b1b25b3e9c0c239efdd2fde5ab015b5affd6f1c3c85911ca4b384e790?s=96&d=mm&r=g\",\"caption\":\"Author\"},\"sameAs\":[\"http:\/\/vof-news.eu\"],\"url\":\"https:\/\/vof-news.eu\/es\/author\/zwt6qxnjulxbnyg\/\"}]}<\/script>\n<!-- \/ Yoast SEO plugin. -->","yoast_head_json":{"title":"S&P sube la calificaci\u00f3n de Espa\u00f1a por su fuerte crecimiento econ\u00f3mico - vof-news.eu","description":"La agencia de calificaci\u00f3n de riesgo S&amp;P ha subido la nota a Espa\u00f1a a A+ (notable alto) con perspectiva estable, por la mayor solidez de una econom\u00eda menos vulnerable a cambios repentinos en las condiciones de financiaci\u00f3n externa y poco expuesta a la pol\u00edtica arancelaria de Estados Unidos.","robots":{"index":"noindex","follow":"follow","max-snippet":"max-snippet:-1","max-image-preview":"max-image-preview:large","max-video-preview":"max-video-preview:-1"},"og_locale":"es_ES","og_type":"article","og_title":"S&P sube la calificaci\u00f3n de Espa\u00f1a por su fuerte crecimiento econ\u00f3mico - vof-news.eu","og_description":"La agencia de calificaci\u00f3n de riesgo S&amp;P ha subido la nota a Espa\u00f1a a A+ (notable alto) con perspectiva estable, por la mayor solidez de una econom\u00eda menos vulnerable a cambios repentinos en las condiciones de financiaci\u00f3n externa y poco expuesta a la pol\u00edtica arancelaria de Estados Unidos.","og_url":"https:\/\/vof-news.eu\/es\/sp-sube-la-calificacion-de-espana-por-su-fuerte-crecimiento-economico\/","og_site_name":"vof-news.eu","article_published_time":"2025-09-13T08:17:29+00:00","article_modified_time":"2025-09-13T08:17:52+00:00","og_image":[{"width":1200,"height":675,"url":"https:\/\/vof-news.eu\/wp-content\/uploads\/2025\/09\/a9b878da-7a2e-421f-8da5-f9d02cfe5cec_16-9-discover-aspect-ratio_default_0.jpg","type":"image\/jpeg"}],"author":"Author","twitter_card":"summary_large_image","twitter_misc":{"Escrito por":"Author","Tiempo de lectura":"3 minutos"},"schema":{"@context":"https:\/\/schema.org","@graph":[{"@type":"WebPage","@id":"https:\/\/vof-news.eu\/es\/sp-sube-la-calificacion-de-espana-por-su-fuerte-crecimiento-economico\/","url":"https:\/\/vof-news.eu\/es\/sp-sube-la-calificacion-de-espana-por-su-fuerte-crecimiento-economico\/","name":"S&P sube la calificaci\u00f3n de Espa\u00f1a por su fuerte crecimiento econ\u00f3mico - vof-news.eu","isPartOf":{"@id":"https:\/\/vof-news.eu\/es\/#website"},"primaryImageOfPage":{"@id":"https:\/\/vof-news.eu\/es\/sp-sube-la-calificacion-de-espana-por-su-fuerte-crecimiento-economico\/#primaryimage"},"image":{"@id":"https:\/\/vof-news.eu\/es\/sp-sube-la-calificacion-de-espana-por-su-fuerte-crecimiento-economico\/#primaryimage"},"thumbnailUrl":"https:\/\/vof-news.eu\/wp-content\/uploads\/2025\/09\/a9b878da-7a2e-421f-8da5-f9d02cfe5cec_16-9-discover-aspect-ratio_default_0.jpg","datePublished":"2025-09-13T08:17:29+00:00","dateModified":"2025-09-13T08:17:52+00:00","author":{"@id":"https:\/\/vof-news.eu\/es\/#\/schema\/person\/f6a2a4309f0561835797fd8c19b333ed"},"description":"La agencia de calificaci\u00f3n de riesgo S&amp;P ha subido la nota a Espa\u00f1a a A+ (notable alto) con perspectiva estable, por la mayor solidez de una econom\u00eda menos vulnerable a cambios repentinos en las condiciones de financiaci\u00f3n externa y poco expuesta a la pol\u00edtica arancelaria de Estados Unidos.","breadcrumb":{"@id":"https:\/\/vof-news.eu\/es\/sp-sube-la-calificacion-de-espana-por-su-fuerte-crecimiento-economico\/#breadcrumb"},"inLanguage":"es","potentialAction":[{"@type":"ReadAction","target":["https:\/\/vof-news.eu\/es\/sp-sube-la-calificacion-de-espana-por-su-fuerte-crecimiento-economico\/"]}]},{"@type":"ImageObject","inLanguage":"es","@id":"https:\/\/vof-news.eu\/es\/sp-sube-la-calificacion-de-espana-por-su-fuerte-crecimiento-economico\/#primaryimage","url":"https:\/\/vof-news.eu\/wp-content\/uploads\/2025\/09\/a9b878da-7a2e-421f-8da5-f9d02cfe5cec_16-9-discover-aspect-ratio_default_0.jpg","contentUrl":"https:\/\/vof-news.eu\/wp-content\/uploads\/2025\/09\/a9b878da-7a2e-421f-8da5-f9d02cfe5cec_16-9-discover-aspect-ratio_default_0.jpg","width":1200,"height":675},{"@type":"BreadcrumbList","@id":"https:\/\/vof-news.eu\/es\/sp-sube-la-calificacion-de-espana-por-su-fuerte-crecimiento-economico\/#breadcrumb","itemListElement":[{"@type":"ListItem","position":1,"name":"Home","item":"https:\/\/vof-news.eu\/es\/"},{"@type":"ListItem","position":2,"name":"S&#038;P sube la calificaci\u00f3n de Espa\u00f1a por su fuerte crecimiento econ\u00f3mico"}]},{"@type":"WebSite","@id":"https:\/\/vof-news.eu\/es\/#website","url":"https:\/\/vof-news.eu\/es\/","name":"vof-news.eu","description":"","potentialAction":[{"@type":"SearchAction","target":{"@type":"EntryPoint","urlTemplate":"https:\/\/vof-news.eu\/es\/?s={search_term_string}"},"query-input":"required name=search_term_string"}],"inLanguage":"es"},{"@type":"Person","@id":"https:\/\/vof-news.eu\/es\/#\/schema\/person\/f6a2a4309f0561835797fd8c19b333ed","name":"Author","image":{"@type":"ImageObject","inLanguage":"es","@id":"https:\/\/vof-news.eu\/es\/#\/schema\/person\/image\/","url":"https:\/\/secure.gravatar.com\/avatar\/b67e614b1b25b3e9c0c239efdd2fde5ab015b5affd6f1c3c85911ca4b384e790?s=96&d=mm&r=g","contentUrl":"https:\/\/secure.gravatar.com\/avatar\/b67e614b1b25b3e9c0c239efdd2fde5ab015b5affd6f1c3c85911ca4b384e790?s=96&d=mm&r=g","caption":"Author"},"sameAs":["http:\/\/vof-news.eu"],"url":"https:\/\/vof-news.eu\/es\/author\/zwt6qxnjulxbnyg\/"}]}},"yoast_meta":{"yoast_wpseo_title":"","yoast_wpseo_metadesc":"","yoast_wpseo_canonical":""},"_links":{"self":[{"href":"https:\/\/vof-news.eu\/es\/wp-json\/wp\/v2\/posts\/274298","targetHints":{"allow":["GET"]}}],"collection":[{"href":"https:\/\/vof-news.eu\/es\/wp-json\/wp\/v2\/posts"}],"about":[{"href":"https:\/\/vof-news.eu\/es\/wp-json\/wp\/v2\/types\/post"}],"author":[{"embeddable":true,"href":"https:\/\/vof-news.eu\/es\/wp-json\/wp\/v2\/users\/1"}],"replies":[{"embeddable":true,"href":"https:\/\/vof-news.eu\/es\/wp-json\/wp\/v2\/comments?post=274298"}],"version-history":[{"count":1,"href":"https:\/\/vof-news.eu\/es\/wp-json\/wp\/v2\/posts\/274298\/revisions"}],"predecessor-version":[{"id":274305,"href":"https:\/\/vof-news.eu\/es\/wp-json\/wp\/v2\/posts\/274298\/revisions\/274305"}],"wp:featuredmedia":[{"embeddable":true,"href":"https:\/\/vof-news.eu\/es\/wp-json\/wp\/v2\/media\/274299"}],"wp:attachment":[{"href":"https:\/\/vof-news.eu\/es\/wp-json\/wp\/v2\/media?parent=274298"}],"wp:term":[{"taxonomy":"category","embeddable":true,"href":"https:\/\/vof-news.eu\/es\/wp-json\/wp\/v2\/categories?post=274298"},{"taxonomy":"post_tag","embeddable":true,"href":"https:\/\/vof-news.eu\/es\/wp-json\/wp\/v2\/tags?post=274298"}],"curies":[{"name":"wp","href":"https:\/\/api.w.org\/{rel}","templated":true}]}}