{"id":266923,"date":"2025-08-22T09:17:33","date_gmt":"2025-08-22T06:17:33","guid":{"rendered":"https:\/\/vof-news.eu\/como-pedir-la-prestacion-por-nacimiento-y-cuidado-de-menor\/"},"modified":"2025-08-22T09:18:25","modified_gmt":"2025-08-22T06:18:25","slug":"como-pedir-la-prestacion-por-nacimiento-y-cuidado-de-menor","status":"publish","type":"post","link":"https:\/\/vof-news.eu\/es\/como-pedir-la-prestacion-por-nacimiento-y-cuidado-de-menor\/","title":{"rendered":"C\u00f3mo pedir la prestaci\u00f3n por nacimiento y cuidado de menor"},"content":{"rendered":"<div>\n<p>\n        Desde abril de <strong>2019<\/strong>,<strong> la prestaci\u00f3n por <\/strong><a href=\"https:\/\/www.eldiario.es\/temas\/nacimientos\/\" rel=\"nofollow\"><strong>nacimiento<\/strong><\/a><strong> y cuidado de menor sustituy\u00f3 y unific\u00f3 las antiguas ayudas por <\/strong><a href=\"https:\/\/www.eldiario.es\/temas\/maternidad\/\" rel=\"nofollow\"><strong>maternidad<\/strong><\/a><strong> y <\/strong><a href=\"https:\/\/www.eldiario.es\/temas\/paternidad\/\" rel=\"nofollow\">paternidad<\/a>. Su objetivo es proteger los periodos de descanso derivados del nacimiento de un hijo o de la adopci\u00f3n, guarda con fines de adopci\u00f3n o acogimiento familiar. El tr\u00e1mite, gestionado por el <a href=\"https:\/\/www.seg-social.es\/wps\/portal\/wss\/internet\/Conocenos\/QuienesSomos\/29413\" rel=\"nofollow\">Instituto Nacional de la Seguridad Social (INSS)<\/a>, ha experimentado en los \u00faltimos a\u00f1os<strong> varias modificaciones que ampl\u00edan su duraci\u00f3n y refuerzan los derechos de las familias.<\/strong>\n<\/p>\n<h2>C\u00f3mo solicitarla<\/h2>\n<p>\n        La solicitud puede realizarse de varias formas: <strong>de manera telem\u00e1tica<\/strong>, a trav\u00e9s del portal Tu Seguridad Social <strong>con certificado digital o sistema Cl@ve, por correo ordinario, o de manera presencial <\/strong>en los Centros de Atenci\u00f3n e Informaci\u00f3n de la Seguridad Social (CAISS), siempre con cita previa. Adem\u00e1s, quienes no dispongan de identificaci\u00f3n electr\u00f3nica pueden utilizar la plataforma espec\u00edfica del INSS para tr\u00e1mites sin certificado. La <a href=\"https:\/\/www.eldiario.es\/temas\/seguridad-social\/\" rel=\"nofollow\">Seguridad Social<\/a> cuenta tambi\u00e9n con un asistente virtual, ISSA, que gu\u00eda al usuario paso a paso en la web y la sede electr\u00f3nica.\n    <\/p>\n<p>\n        Entre los <strong>documentos<\/strong> que deben <strong>acompa\u00f1ar la solicitud<\/strong> se encuentran la <strong>acreditaci\u00f3n de identidad (DNI, pasaporte o NIE)<\/strong>, el <strong>certificado de empresa con la fecha de inicio del descanso laboral, <\/strong>en el caso de trabajadores por cuenta ajena, el <strong>informe de maternidad expedido por el sistema p\u00fablico de salud<\/strong> y el <strong>Libro de Familia<\/strong> o <strong>certificado del Registro Civil<\/strong>. En situaciones de <strong>adopci\u00f3n o acogimiento<\/strong>, se exige adem\u00e1s la <strong>resoluci\u00f3n judicial o administrativa correspondiente<\/strong>, mientras que en casos de gestaci\u00f3n por sustituci\u00f3n ser\u00e1 necesaria la inscripci\u00f3n de la filiaci\u00f3n en el Registro Civil y, en su caso, la resoluci\u00f3n judicial que la reconozca.\n    <\/p>\n<h2>Novedades<\/h2>\n<p>\n        Una de las principales novedades es la <strong>ampliaci\u00f3n de la duraci\u00f3n del permiso<\/strong>. <strong>A finales de julio de 2025 el Gobierno aprob\u00f3 su extensi\u00f3n a 19 semanas, frente a las 16 que se reconoc\u00edan hasta entonces<\/strong>. En el caso de familias monoparentales, la duraci\u00f3n se incrementa hasta las 32 semanas. La normativa establece que las seis primeras semanas deben disfrutarse de manera obligatoria, ininterrumpida y a jornada completa inmediatamente despu\u00e9s del nacimiento, adopci\u00f3n o acogimiento. Estos cambios <strong>ya est\u00e1n en vigor para los nacidos a partir del 31 de julio de 2025<\/strong>, mientras que <strong>para los hijos llegados entre agosto de 2024 y esa fecha, las dos semanas adicionales podr\u00e1n solicitarse de manera retroactiva a partir de enero de 2026.<\/strong>\n<\/p>\n<p>\n<a href=\"https:\/\/www.eldiario.es\/temas\/espana\/\" rel=\"nofollow\"><strong>Espa\u00f1a<\/strong><\/a><strong> se sit\u00faa as\u00ed entre los pa\u00edses europeos m\u00e1s avanzados en materia de permisos parentales<\/strong>. Desde enero de 2021, ambos progenitores cuentan con el mismo derecho a semanas intransferibles, un <strong>modelo similar<\/strong> al que existe en pa\u00edses como <strong>Suecia, Islandia o Dinamarca<\/strong>. Con la nueva ampliaci\u00f3n, el Gobierno ha completado la transposici\u00f3n de la Directiva europea de conciliaci\u00f3n adoptada en 2019. Adem\u00e1s, se han a\u00f1adido <strong>semanas adicionales de uso flexible: dos en familias biparentales y cuatro en monoparentales, que podr\u00e1n disfrutarse hasta que el menor cumpla los ocho a\u00f1os.<\/strong>\n<\/p>\n<h2>Otros tr\u00e1mites a realizar<\/h2>\n<p>\n        Junto a la prestaci\u00f3n, otro de los tr\u00e1mites vinculados al nacimiento es <strong>dar de alta al beb\u00e9 como beneficiario de la Seguridad Social para acceder a la asistencia sanitaria<\/strong>. Este procedimiento puede realizarse de forma telem\u00e1tica, presencial con cita previa o por correo ordinario. Se requiere presentar la solicitud correspondiente, copia del documento de identidad del asegurado y el Libro de Familia con el ni\u00f1o inscrito. Una vez inscrito, corresponde a cada comunidad aut\u00f3noma emitir la tarjeta sanitaria del menor y asignar su pediatra.\n    <\/p>\n<p>\n<strong>El portal Tu Seguridad Social ofrece<\/strong> tambi\u00e9n la posibilidad de realizar <strong>simulaciones<\/strong> que permiten conocer de antemano <strong>la duraci\u00f3n del permiso y el importe aproximado de la prestaci\u00f3n seg\u00fan la fecha prevista del nacimiento o adopci\u00f3n<\/strong>. Esta herramienta resulta especialmente \u00fatil para planificar la organizaci\u00f3n laboral y familiar. En el caso de los trabajadores aut\u00f3nomos, el tr\u00e1mite se efect\u00faa igualmente ante el INSS, aportando la documentaci\u00f3n requerida y acreditando la suspensi\u00f3n de la actividad.\n    <\/p>\n<p>\n        En definitiva, la prestaci\u00f3n por nacimiento y cuidado de menor constituye una pieza clave de las pol\u00edticas p\u00fablicas de conciliaci\u00f3n y protecci\u00f3n social en Espa\u00f1a. El refuerzo de su duraci\u00f3n, la equiparaci\u00f3n de derechos entre progenitores y la simplificaci\u00f3n de los tr\u00e1mites buscan no solo garantizar la igualdad entre hombres y mujeres, sino tambi\u00e9n acompa\u00f1ar a las familias en los primeros meses de crianza, una etapa decisiva tanto a nivel personal como social.\n    <\/p>\n<\/div>\n","protected":false},"excerpt":{"rendered":"<p>Desde abril de 2019, la prestaci\u00f3n por nacimiento y cuidado de menor sustituy\u00f3 y unific\u00f3 las antiguas ayudas por maternidad y paternidad. Su objetivo es proteger los periodos de descanso derivados del nacimiento de un hijo o de la adopci\u00f3n, guarda con fines de adopci\u00f3n o acogimiento familiar. El tr\u00e1mite, gestionado por el Instituto Nacional<\/p>\n","protected":false},"author":1,"featured_media":266924,"comment_status":"open","ping_status":"open","sticky":false,"template":"","format":"standard","meta":{"footnotes":""},"categories":[61],"tags":[],"class_list":["post-266923","post","type-post","status-publish","format-standard","has-post-thumbnail","hentry","category-business-es"],"acf":[],"yoast_head":"<!-- This site is optimized with the Yoast SEO plugin v22.9 - https:\/\/yoast.com\/wordpress\/plugins\/seo\/ -->\n<title>C\u00f3mo pedir la prestaci\u00f3n por nacimiento y cuidado de menor - vof-news.eu<\/title>\n<meta name=\"description\" content=\"Desde abril de 2019, la prestaci\u00f3n por nacimiento y cuidado de menor sustituy\u00f3 y unific\u00f3 las antiguas ayudas por maternidad y paternidad. Su objetivo es proteger los periodos de descanso derivados del nacimiento de un hijo o de la adopci\u00f3n, guarda con fines de adopci\u00f3n o acogimiento familiar. El tr\u00e1mite, gestionado por el Instituto Nacional de la Seguridad Social (INSS), ha experimentado en los \u00faltimos a\u00f1os varias modificaciones que ampl\u00edan su duraci\u00f3n y refuerzan los derechos de las familias.\" \/>\n<meta name=\"robots\" content=\"noindex, follow, max-snippet:-1, max-image-preview:large, max-video-preview:-1\" \/>\n<meta property=\"og:locale\" content=\"es_ES\" \/>\n<meta property=\"og:type\" content=\"article\" \/>\n<meta property=\"og:title\" content=\"C\u00f3mo pedir la prestaci\u00f3n por nacimiento y cuidado de menor - vof-news.eu\" \/>\n<meta property=\"og:description\" content=\"Desde abril de 2019, la prestaci\u00f3n por nacimiento y cuidado de menor sustituy\u00f3 y unific\u00f3 las antiguas ayudas por maternidad y paternidad. Su objetivo es proteger los periodos de descanso derivados del nacimiento de un hijo o de la adopci\u00f3n, guarda con fines de adopci\u00f3n o acogimiento familiar. El tr\u00e1mite, gestionado por el Instituto Nacional de la Seguridad Social (INSS), ha experimentado en los \u00faltimos a\u00f1os varias modificaciones que ampl\u00edan su duraci\u00f3n y refuerzan los derechos de las familias.\" \/>\n<meta property=\"og:url\" content=\"https:\/\/vof-news.eu\/es\/como-pedir-la-prestacion-por-nacimiento-y-cuidado-de-menor\/\" \/>\n<meta property=\"og:site_name\" content=\"vof-news.eu\" \/>\n<meta property=\"article:published_time\" content=\"2025-08-22T06:17:33+00:00\" \/>\n<meta property=\"article:modified_time\" content=\"2025-08-22T06:18:25+00:00\" \/>\n<meta property=\"og:image\" content=\"https:\/\/vof-news.eu\/wp-content\/uploads\/2025\/08\/f0d58443-dbca-49bb-bae9-f3baeb82e8ab_16-9-discover-aspect-ratio_default_0.jpg\" \/>\n\t<meta property=\"og:image:width\" content=\"1200\" \/>\n\t<meta property=\"og:image:height\" content=\"675\" \/>\n\t<meta property=\"og:image:type\" content=\"image\/jpeg\" \/>\n<meta name=\"author\" content=\"Author\" \/>\n<meta name=\"twitter:card\" content=\"summary_large_image\" \/>\n<meta name=\"twitter:label1\" content=\"Escrito por\" \/>\n\t<meta name=\"twitter:data1\" content=\"Author\" \/>\n\t<meta name=\"twitter:label2\" content=\"Tiempo de lectura\" \/>\n\t<meta name=\"twitter:data2\" content=\"4 minutos\" \/>\n<script type=\"application\/ld+json\" class=\"yoast-schema-graph\">{\"@context\":\"https:\/\/schema.org\",\"@graph\":[{\"@type\":\"WebPage\",\"@id\":\"https:\/\/vof-news.eu\/es\/como-pedir-la-prestacion-por-nacimiento-y-cuidado-de-menor\/\",\"url\":\"https:\/\/vof-news.eu\/es\/como-pedir-la-prestacion-por-nacimiento-y-cuidado-de-menor\/\",\"name\":\"C\u00f3mo pedir la prestaci\u00f3n por nacimiento y cuidado de menor - vof-news.eu\",\"isPartOf\":{\"@id\":\"https:\/\/vof-news.eu\/es\/#website\"},\"primaryImageOfPage\":{\"@id\":\"https:\/\/vof-news.eu\/es\/como-pedir-la-prestacion-por-nacimiento-y-cuidado-de-menor\/#primaryimage\"},\"image\":{\"@id\":\"https:\/\/vof-news.eu\/es\/como-pedir-la-prestacion-por-nacimiento-y-cuidado-de-menor\/#primaryimage\"},\"thumbnailUrl\":\"https:\/\/vof-news.eu\/wp-content\/uploads\/2025\/08\/f0d58443-dbca-49bb-bae9-f3baeb82e8ab_16-9-discover-aspect-ratio_default_0.jpg\",\"datePublished\":\"2025-08-22T06:17:33+00:00\",\"dateModified\":\"2025-08-22T06:18:25+00:00\",\"author\":{\"@id\":\"https:\/\/vof-news.eu\/es\/#\/schema\/person\/f6a2a4309f0561835797fd8c19b333ed\"},\"description\":\"Desde abril de 2019, la prestaci\u00f3n por nacimiento y cuidado de menor sustituy\u00f3 y unific\u00f3 las antiguas ayudas por maternidad y paternidad. Su objetivo es proteger los periodos de descanso derivados del nacimiento de un hijo o de la adopci\u00f3n, guarda con fines de adopci\u00f3n o acogimiento familiar. El tr\u00e1mite, gestionado por el Instituto Nacional de la Seguridad Social (INSS), ha experimentado en los \u00faltimos a\u00f1os varias modificaciones que ampl\u00edan su duraci\u00f3n y refuerzan los derechos de las familias.\",\"breadcrumb\":{\"@id\":\"https:\/\/vof-news.eu\/es\/como-pedir-la-prestacion-por-nacimiento-y-cuidado-de-menor\/#breadcrumb\"},\"inLanguage\":\"es\",\"potentialAction\":[{\"@type\":\"ReadAction\",\"target\":[\"https:\/\/vof-news.eu\/es\/como-pedir-la-prestacion-por-nacimiento-y-cuidado-de-menor\/\"]}]},{\"@type\":\"ImageObject\",\"inLanguage\":\"es\",\"@id\":\"https:\/\/vof-news.eu\/es\/como-pedir-la-prestacion-por-nacimiento-y-cuidado-de-menor\/#primaryimage\",\"url\":\"https:\/\/vof-news.eu\/wp-content\/uploads\/2025\/08\/f0d58443-dbca-49bb-bae9-f3baeb82e8ab_16-9-discover-aspect-ratio_default_0.jpg\",\"contentUrl\":\"https:\/\/vof-news.eu\/wp-content\/uploads\/2025\/08\/f0d58443-dbca-49bb-bae9-f3baeb82e8ab_16-9-discover-aspect-ratio_default_0.jpg\",\"width\":1200,\"height\":675},{\"@type\":\"BreadcrumbList\",\"@id\":\"https:\/\/vof-news.eu\/es\/como-pedir-la-prestacion-por-nacimiento-y-cuidado-de-menor\/#breadcrumb\",\"itemListElement\":[{\"@type\":\"ListItem\",\"position\":1,\"name\":\"Home\",\"item\":\"https:\/\/vof-news.eu\/es\/\"},{\"@type\":\"ListItem\",\"position\":2,\"name\":\"C\u00f3mo pedir la prestaci\u00f3n por nacimiento y cuidado de menor\"}]},{\"@type\":\"WebSite\",\"@id\":\"https:\/\/vof-news.eu\/es\/#website\",\"url\":\"https:\/\/vof-news.eu\/es\/\",\"name\":\"vof-news.eu\",\"description\":\"\",\"potentialAction\":[{\"@type\":\"SearchAction\",\"target\":{\"@type\":\"EntryPoint\",\"urlTemplate\":\"https:\/\/vof-news.eu\/es\/?s={search_term_string}\"},\"query-input\":\"required name=search_term_string\"}],\"inLanguage\":\"es\"},{\"@type\":\"Person\",\"@id\":\"https:\/\/vof-news.eu\/es\/#\/schema\/person\/f6a2a4309f0561835797fd8c19b333ed\",\"name\":\"Author\",\"image\":{\"@type\":\"ImageObject\",\"inLanguage\":\"es\",\"@id\":\"https:\/\/vof-news.eu\/es\/#\/schema\/person\/image\/\",\"url\":\"https:\/\/secure.gravatar.com\/avatar\/b67e614b1b25b3e9c0c239efdd2fde5ab015b5affd6f1c3c85911ca4b384e790?s=96&d=mm&r=g\",\"contentUrl\":\"https:\/\/secure.gravatar.com\/avatar\/b67e614b1b25b3e9c0c239efdd2fde5ab015b5affd6f1c3c85911ca4b384e790?s=96&d=mm&r=g\",\"caption\":\"Author\"},\"sameAs\":[\"http:\/\/vof-news.eu\"],\"url\":\"https:\/\/vof-news.eu\/es\/author\/zwt6qxnjulxbnyg\/\"}]}<\/script>\n<!-- \/ Yoast SEO plugin. -->","yoast_head_json":{"title":"C\u00f3mo pedir la prestaci\u00f3n por nacimiento y cuidado de menor - vof-news.eu","description":"Desde abril de 2019, la prestaci\u00f3n por nacimiento y cuidado de menor sustituy\u00f3 y unific\u00f3 las antiguas ayudas por maternidad y paternidad. Su objetivo es proteger los periodos de descanso derivados del nacimiento de un hijo o de la adopci\u00f3n, guarda con fines de adopci\u00f3n o acogimiento familiar. El tr\u00e1mite, gestionado por el Instituto Nacional de la Seguridad Social (INSS), ha experimentado en los \u00faltimos a\u00f1os varias modificaciones que ampl\u00edan su duraci\u00f3n y refuerzan los derechos de las familias.","robots":{"index":"noindex","follow":"follow","max-snippet":"max-snippet:-1","max-image-preview":"max-image-preview:large","max-video-preview":"max-video-preview:-1"},"og_locale":"es_ES","og_type":"article","og_title":"C\u00f3mo pedir la prestaci\u00f3n por nacimiento y cuidado de menor - vof-news.eu","og_description":"Desde abril de 2019, la prestaci\u00f3n por nacimiento y cuidado de menor sustituy\u00f3 y unific\u00f3 las antiguas ayudas por maternidad y paternidad. Su objetivo es proteger los periodos de descanso derivados del nacimiento de un hijo o de la adopci\u00f3n, guarda con fines de adopci\u00f3n o acogimiento familiar. El tr\u00e1mite, gestionado por el Instituto Nacional de la Seguridad Social (INSS), ha experimentado en los \u00faltimos a\u00f1os varias modificaciones que ampl\u00edan su duraci\u00f3n y refuerzan los derechos de las familias.","og_url":"https:\/\/vof-news.eu\/es\/como-pedir-la-prestacion-por-nacimiento-y-cuidado-de-menor\/","og_site_name":"vof-news.eu","article_published_time":"2025-08-22T06:17:33+00:00","article_modified_time":"2025-08-22T06:18:25+00:00","og_image":[{"width":1200,"height":675,"url":"https:\/\/vof-news.eu\/wp-content\/uploads\/2025\/08\/f0d58443-dbca-49bb-bae9-f3baeb82e8ab_16-9-discover-aspect-ratio_default_0.jpg","type":"image\/jpeg"}],"author":"Author","twitter_card":"summary_large_image","twitter_misc":{"Escrito por":"Author","Tiempo de lectura":"4 minutos"},"schema":{"@context":"https:\/\/schema.org","@graph":[{"@type":"WebPage","@id":"https:\/\/vof-news.eu\/es\/como-pedir-la-prestacion-por-nacimiento-y-cuidado-de-menor\/","url":"https:\/\/vof-news.eu\/es\/como-pedir-la-prestacion-por-nacimiento-y-cuidado-de-menor\/","name":"C\u00f3mo pedir la prestaci\u00f3n por nacimiento y cuidado de menor - vof-news.eu","isPartOf":{"@id":"https:\/\/vof-news.eu\/es\/#website"},"primaryImageOfPage":{"@id":"https:\/\/vof-news.eu\/es\/como-pedir-la-prestacion-por-nacimiento-y-cuidado-de-menor\/#primaryimage"},"image":{"@id":"https:\/\/vof-news.eu\/es\/como-pedir-la-prestacion-por-nacimiento-y-cuidado-de-menor\/#primaryimage"},"thumbnailUrl":"https:\/\/vof-news.eu\/wp-content\/uploads\/2025\/08\/f0d58443-dbca-49bb-bae9-f3baeb82e8ab_16-9-discover-aspect-ratio_default_0.jpg","datePublished":"2025-08-22T06:17:33+00:00","dateModified":"2025-08-22T06:18:25+00:00","author":{"@id":"https:\/\/vof-news.eu\/es\/#\/schema\/person\/f6a2a4309f0561835797fd8c19b333ed"},"description":"Desde abril de 2019, la prestaci\u00f3n por nacimiento y cuidado de menor sustituy\u00f3 y unific\u00f3 las antiguas ayudas por maternidad y paternidad. Su objetivo es proteger los periodos de descanso derivados del nacimiento de un hijo o de la adopci\u00f3n, guarda con fines de adopci\u00f3n o acogimiento familiar. El tr\u00e1mite, gestionado por el Instituto Nacional de la Seguridad Social (INSS), ha experimentado en los \u00faltimos a\u00f1os varias modificaciones que ampl\u00edan su duraci\u00f3n y refuerzan los derechos de las familias.","breadcrumb":{"@id":"https:\/\/vof-news.eu\/es\/como-pedir-la-prestacion-por-nacimiento-y-cuidado-de-menor\/#breadcrumb"},"inLanguage":"es","potentialAction":[{"@type":"ReadAction","target":["https:\/\/vof-news.eu\/es\/como-pedir-la-prestacion-por-nacimiento-y-cuidado-de-menor\/"]}]},{"@type":"ImageObject","inLanguage":"es","@id":"https:\/\/vof-news.eu\/es\/como-pedir-la-prestacion-por-nacimiento-y-cuidado-de-menor\/#primaryimage","url":"https:\/\/vof-news.eu\/wp-content\/uploads\/2025\/08\/f0d58443-dbca-49bb-bae9-f3baeb82e8ab_16-9-discover-aspect-ratio_default_0.jpg","contentUrl":"https:\/\/vof-news.eu\/wp-content\/uploads\/2025\/08\/f0d58443-dbca-49bb-bae9-f3baeb82e8ab_16-9-discover-aspect-ratio_default_0.jpg","width":1200,"height":675},{"@type":"BreadcrumbList","@id":"https:\/\/vof-news.eu\/es\/como-pedir-la-prestacion-por-nacimiento-y-cuidado-de-menor\/#breadcrumb","itemListElement":[{"@type":"ListItem","position":1,"name":"Home","item":"https:\/\/vof-news.eu\/es\/"},{"@type":"ListItem","position":2,"name":"C\u00f3mo pedir la prestaci\u00f3n por nacimiento y cuidado de menor"}]},{"@type":"WebSite","@id":"https:\/\/vof-news.eu\/es\/#website","url":"https:\/\/vof-news.eu\/es\/","name":"vof-news.eu","description":"","potentialAction":[{"@type":"SearchAction","target":{"@type":"EntryPoint","urlTemplate":"https:\/\/vof-news.eu\/es\/?s={search_term_string}"},"query-input":"required name=search_term_string"}],"inLanguage":"es"},{"@type":"Person","@id":"https:\/\/vof-news.eu\/es\/#\/schema\/person\/f6a2a4309f0561835797fd8c19b333ed","name":"Author","image":{"@type":"ImageObject","inLanguage":"es","@id":"https:\/\/vof-news.eu\/es\/#\/schema\/person\/image\/","url":"https:\/\/secure.gravatar.com\/avatar\/b67e614b1b25b3e9c0c239efdd2fde5ab015b5affd6f1c3c85911ca4b384e790?s=96&d=mm&r=g","contentUrl":"https:\/\/secure.gravatar.com\/avatar\/b67e614b1b25b3e9c0c239efdd2fde5ab015b5affd6f1c3c85911ca4b384e790?s=96&d=mm&r=g","caption":"Author"},"sameAs":["http:\/\/vof-news.eu"],"url":"https:\/\/vof-news.eu\/es\/author\/zwt6qxnjulxbnyg\/"}]}},"yoast_meta":{"yoast_wpseo_title":"","yoast_wpseo_metadesc":"","yoast_wpseo_canonical":""},"_links":{"self":[{"href":"https:\/\/vof-news.eu\/es\/wp-json\/wp\/v2\/posts\/266923","targetHints":{"allow":["GET"]}}],"collection":[{"href":"https:\/\/vof-news.eu\/es\/wp-json\/wp\/v2\/posts"}],"about":[{"href":"https:\/\/vof-news.eu\/es\/wp-json\/wp\/v2\/types\/post"}],"author":[{"embeddable":true,"href":"https:\/\/vof-news.eu\/es\/wp-json\/wp\/v2\/users\/1"}],"replies":[{"embeddable":true,"href":"https:\/\/vof-news.eu\/es\/wp-json\/wp\/v2\/comments?post=266923"}],"version-history":[{"count":1,"href":"https:\/\/vof-news.eu\/es\/wp-json\/wp\/v2\/posts\/266923\/revisions"}],"predecessor-version":[{"id":266930,"href":"https:\/\/vof-news.eu\/es\/wp-json\/wp\/v2\/posts\/266923\/revisions\/266930"}],"wp:featuredmedia":[{"embeddable":true,"href":"https:\/\/vof-news.eu\/es\/wp-json\/wp\/v2\/media\/266924"}],"wp:attachment":[{"href":"https:\/\/vof-news.eu\/es\/wp-json\/wp\/v2\/media?parent=266923"}],"wp:term":[{"taxonomy":"category","embeddable":true,"href":"https:\/\/vof-news.eu\/es\/wp-json\/wp\/v2\/categories?post=266923"},{"taxonomy":"post_tag","embeddable":true,"href":"https:\/\/vof-news.eu\/es\/wp-json\/wp\/v2\/tags?post=266923"}],"curies":[{"name":"wp","href":"https:\/\/api.w.org\/{rel}","templated":true}]}}