{"id":266913,"date":"2025-08-22T07:21:06","date_gmt":"2025-08-22T04:21:06","guid":{"rendered":"https:\/\/vof-news.eu\/los-incendios-causan-perdidas-de-cientos-de-millones-y-aumentan-el-malestar-del-campo-ha-desaparecido-mucho-ganado\/"},"modified":"2025-08-22T07:21:49","modified_gmt":"2025-08-22T04:21:49","slug":"los-incendios-causan-perdidas-de-cientos-de-millones-y-aumentan-el-malestar-del-campo-ha-desaparecido-mucho-ganado","status":"publish","type":"post","link":"https:\/\/vof-news.eu\/es\/los-incendios-causan-perdidas-de-cientos-de-millones-y-aumentan-el-malestar-del-campo-ha-desaparecido-mucho-ganado\/","title":{"rendered":"Los incendios causan p\u00e9rdidas de cientos de millones y aumentan el malestar del campo: \u201cHa desaparecido mucho ganado\u201d"},"content":{"rendered":"<div>\n<p>\n        Los <a href=\"https:\/\/ileon.eldiario.es\/actualidad\/pueblos-quemados-ganaderos-riesgo-escudo-vecinal-riano-incendios-reina-parque-nacional-picos-europa_1_12541581.html?_gl=1*1fwp4r5*_ga*OTM2Mjg4MjM4LjE3NTU1MTcyMzY.*_ga_4RZPWREGF3*czE3NTU2OTgxNDQkbzkkZzEkdDE3NTU2OTg3NTckajM0JGwwJGgw\" rel=\"nofollow\">incendios de este mes de agosto han sumido a los profesionales del campo de las zonas afectadas<\/a> en una sensaci\u00f3n de \u201csoledad e indefensi\u00f3n\u201d que se acrecienta con la exigencia de hacer n\u00fameros y ver a cu\u00e1nto ascienden las p\u00e9rdidas. De entrada, las calculan en cientos de millones de euros, pero advierten de que a\u00fan no es posible determinarlas con exactitud porque depender\u00e1 de la superficie quemada y de los animales afectados.\n    <\/p>\n<p>\n        Lo que s\u00ed ven claro agricultores y ganaderos es que el da\u00f1o provocado por las llamas, la gesti\u00f3n de las labores de extinci\u00f3n y la que consideran una evidente falta de prevenci\u00f3n contribuyen a aumentar el <a href=\"https:\/\/www.eldiario.es\/economia\/ano-protestas-campo-ruido-cambios-miedo-no-encontrar-relevo-generacional_1_12114055.html\" rel=\"nofollow\">malestar que se vio en las protestas del sector primario de los \u00faltimos a\u00f1os<\/a>. Una movilizaci\u00f3n que, aseguran, volver\u00e1 a repetirse este oto\u00f1o. No lo har\u00e1 solo por los incendios, sino tambi\u00e9n por el dise\u00f1o por parte de Bruselas de la nueva <a href=\"https:\/\/www.eldiario.es\/castilla-la-mancha\/agroalimentaria\/castilla-mancha-rechaza-borrador-pac-traicion-campo-europeo-afirma-consejero-agricultura_1_12472438.html\" rel=\"nofollow\">Pol\u00edtica Agr\u00edcola Com\u00fan (PAC) anunciada, tambi\u00e9n, este verano<\/a>.\n    <\/p>\n<p>\n        \u201cLos incendios que estamos viviendo no se pueden apagar con medios del siglo pasado\u201d, critica Lorenzo Rivera, coordinador general de la organizaci\u00f3n agraria COAG en Castilla y Le\u00f3n. \u201cSon las consecuencias de la pol\u00edtica err\u00f3nea de la UE\u201d, argumenta. \u201cNo hablamos solo de zonas rurales despobladas, aunque hubiera gente, no nos dejan hacer limpieza del monte. Es un polvor\u00edn, es absurdo, necesitamos una respuesta coordinada de las comunidades aut\u00f3nomas, del Gobierno Central y de la UE\u201d, resume.\n    <\/p>\n<p>\n        M\u00e1s all\u00e1 del patente malestar, en el que se entremezclan las cr\u00edticas pol\u00edticas, las organizaciones agrarias ya han comenzado a calcular las p\u00e9rdidas. En el caso de la citada Coordinadora de Organizaciones de Agricultores y Ganaderos las cuantifican en m\u00e1s de 600 millones de euros, aunque ese es solo el punto de partida.\n    <\/p>\n<h2>Golpe para la apicultura<\/h2>\n<p>\n        \u201cSabemos que hay muchas cabezas de ganado desaparecidas\u201d, explica Lorenzo Rivera. \u201cAqu\u00ed se ha quemado monte y monte bajo y se ha da\u00f1ado mucho la apicultura. A\u00fan no es posible valorarlo todo\u201d. Por ejemplo, calcula que ya se habr\u00edan perdido 7.000 colmenas, pero esta cifra, apunta, ir\u00e1 a m\u00e1s. \u201cLas abejas no van a tener comida, al menos, durante un a\u00f1o y no va a haber producci\u00f3n de miel en una zona que es muy importante\u201d. Algo que repercute en <a href=\"https:\/\/www.eldiario.es\/economia\/apicultores-alertan-situacion-critica-produccion-costes-disparados-e-inundados-miel-china_1_9094390.html\" rel=\"nofollow\">un sector ya da\u00f1ado como es la apicultura<\/a>.\n    <\/p>\n<p>\n        De momento, hay que esperar para ver cu\u00e1nto se ha quemado. \u201cCuando todo sean cenizas, veremos qu\u00e9 poso queda\u201d, indican fuentes de las organizaciones agrarias. El propio ministro de Agricultura, Pesca y Alimentaci\u00f3n, Luis Planas, asumi\u00f3 este jueves que todav\u00eda no es posible calcular el da\u00f1o. \u201cEs muy dif\u00edcil hacer una cifra final\u201d, reconoci\u00f3 en una entrevista en RTVE. \u201cNecesitamos tener una fotograf\u00eda y ver la situaci\u00f3n\u201d, a\u00f1adi\u00f3. Planas adelant\u00f3 que la pr\u00f3xima reuni\u00f3n sectorial del Ministerio con las comunidades aut\u00f3nomas est\u00e1 prevista para principios de septiembre.\n    <\/p>\n<p>\n        El ministro tambi\u00e9n apunt\u00f3 que la superficie agraria directa afectada en Castilla-Le\u00f3n, Extremadura y Galicia puede ser limitada, al menos, de momento. Por ejemplo, la cosecha de cereales ya est\u00e1 recogida, pero no pasa lo mismo con otros cultivos, ni con la ganader\u00eda, donde no solo se han perdido animales, tambi\u00e9n las tierras donde comen. Se\u00f1al\u00f3 su \u201cpreocupaci\u00f3n\u201d por el vi\u00f1edo en las Denominaciones de Origen de Monterrei y Valdeorras, por \u201cel olivar, el almendro, los c\u00edtricos y la ganader\u00eda extensiva, que tiene que cambiar de lugar donde come y hay que recurrir al forraje, que es mucho m\u00e1s caro\u201d.\n    <\/p>\n<h2>\u00bfQu\u00e9 pasos hay que dar tras los incendios?<\/h2>\n<p>\n        A quienes han sufrido los incendios les toca denunciar ante la Guardia Civil el da\u00f1o sufrido en los terrenos, con fotos geolocalizadas, necesarias para el peritaje de los seguros y el acceso a indemnizaciones y posibles ayudas, explican desde las organizaciones agrarias. En el caso del ganado, a\u00f1aden las citadas fuentes, hay que calcular las cabezas afectadas, para lo que los ganaderos y ganaderas tienen que contactar con las unidades veterinarias que les corresponda. \u201cEs un trabajo arduo que, ahora mismo, es el que menos queremos hacer porque estamos muy afectados\u201d, indica un apicultor, que prefiere no dar m\u00e1s detalles sobre cu\u00e1nto ha perdido.\n    <\/p>\n<p>\n        Respecto a los pasos m\u00e1s inmediatos, Planas se\u00f1al\u00f3 en la citada entrevista al \u201cseguro agrario\u201d porque \u201ccubre el riesgo de incendio\u201d y \u201cest\u00e1 subvencionado por el Estado en un 40%\u201d, Tambi\u00e9n mencion\u00f3 \u201cayudas directas de la PAC\u201d. \u201cQuiero trasladar que si una superficie se ha visto afectada [por los incendios] es [situaci\u00f3n de] fuerza mayor\u201d por lo que las ayudas de la PAC previstas para esas explotaciones \u201cse reciben exactamente igual\u201d, afirm\u00f3.\n    <\/p>\n<p>\n        \u201cLos distintos ministerios trabajaremos en las respuestas, en las coberturas que se han hecho y se pueden hacer. Vamos a ver cada cosa qu\u00e9 cobertura tiene, si es seguro industrial o agrario\u201d, desglos\u00f3 Luis Planas. Tambi\u00e9n record\u00f3 que \u201cla competencia agraria y ganadera es responsabilidad de cada comunidad aut\u00f3noma. Evidentemente, desde el Gobierno de Espa\u00f1a vamos a colaborar. Vamos a hacer lo que sea necesario\u201d.\n    <\/p>\n<p>\n        De momento, Agroseguro \u2013la Agrupaci\u00f3n Espa\u00f1ola de Entidades Aseguradoras de los Seguros Agrarios Combinados\u2013 calcula en 2,8 millones las indemnizaciones, por los incendios de este a\u00f1o, hasta el momento, seg\u00fan recoge Europa Press. En 2022, considerado el peor a\u00f1o para el sector primario en cuanto a superficie quemada, las indemnizaciones rozaron los cuatro millones de euros.\n    <\/p>\n<h2>Provisiones de alimento y ayudas<\/h2>\n<p>\n        El sector va un paso m\u00e1s all\u00e1 y reclama acelerar las ayudas. La Uni\u00f3n de Peque\u00f1os Agricultores y Ganaderos (UPA) insta a que la actuaci\u00f3n sea inmediata. \u201cEstamos ante un panorama desolador. Si no se act\u00faa, las consecuencias para miles de familias rurales ser\u00e1n irreparables\u201d, asegura el secretario general de UPA, Crist\u00f3bal Cano. Esa actuaci\u00f3n pasa, para esta organizaci\u00f3n, por poner en marcha una \u201cprovisi\u00f3n de alimento y agua de forma urgente para los animales que han sobrevivido a los incendios, la revisi\u00f3n de las restricciones auton\u00f3micas que impiden el pastoreo en terrenos incendiados durante largos periodos y ayudas directas para agricultores y ganaderos afectados\u201d.\n    <\/p>\n<p>\n        En cuanto a estas, ante la duda de c\u00f3mo se pueden materializar, fuentes del sector aseguran que ya hay mimbres sobre su definici\u00f3n. Hacen referencia a las aprobadas hace dos a\u00f1os por la sequ\u00eda. Entonces, las <a href=\"https:\/\/www.eldiario.es\/castilla-la-mancha\/agroalimentaria\/congreso-convalida-decreto-ayudas-sequia-habia-quedado-suspenso-disolucion-cortes_1_10274667.html\" rel=\"nofollow\">ayudas directas del Estado para paliar los efectos del cambio clim\u00e1tico en la econom\u00eda de agricultores y ganaderos<\/a> superaron los 630 millones de euros. Tambi\u00e9n se subvencion\u00f3 cerca de un 70% el coste de las p\u00f3lizas de los seguros.\n    <\/p>\n<p>\n        Adem\u00e1s, en el caso de UPA, ha solicitado a la ministra para la Transici\u00f3n Ecol\u00f3gica, Sara Aagesen, que las organizaciones y colectivos del sector agrario formen parte del Pacto de Estado para la mitigaci\u00f3n y adaptaci\u00f3n a la Emergencia Clim\u00e1tica que ha propuesto el presidente del Gobierno, Pedro S\u00e1nchez.\n    <\/p>\n<p>\n        Esta organizaci\u00f3n agraria entiende que estos colectivos son quienes pueden aportar \u201cexperiencia y conocimiento y as\u00ed poder enriquecer las mesas de debate y trabajo que deriven del mismo\u201d. Se\u00f1alan, por ejemplo, el efecto que ha tenido en el campo la reducci\u00f3n de la ganader\u00eda extensiva, clave para el mantenimiento del territorio. Tambi\u00e9n, el abandono de las explotaciones familiares, que ha derivado en la desprotecci\u00f3n de muchas zonas rurales.\n    <\/p>\n<\/div>\n","protected":false},"excerpt":{"rendered":"<p>Los incendios de este mes de agosto han sumido a los profesionales del campo de las zonas afectadas en una sensaci\u00f3n de \u201csoledad e indefensi\u00f3n\u201d que se acrecienta con la exigencia de hacer n\u00fameros y ver a cu\u00e1nto ascienden las p\u00e9rdidas. De entrada, las calculan en cientos de millones de euros, pero advierten de que<\/p>\n","protected":false},"author":1,"featured_media":266914,"comment_status":"open","ping_status":"open","sticky":false,"template":"","format":"standard","meta":{"footnotes":""},"categories":[61],"tags":[],"class_list":["post-266913","post","type-post","status-publish","format-standard","has-post-thumbnail","hentry","category-business-es"],"acf":[],"yoast_head":"<!-- This site is optimized with the Yoast SEO plugin v22.9 - https:\/\/yoast.com\/wordpress\/plugins\/seo\/ -->\n<title>Los incendios causan p\u00e9rdidas de cientos de millones y aumentan el malestar del campo: \u201cHa desaparecido mucho ganado\u201d - vof-news.eu<\/title>\n<meta name=\"description\" content=\"Los incendios de este mes de agosto han sumido a los profesionales del campo de las zonas afectadas en una sensaci\u00f3n de \u201csoledad e indefensi\u00f3n\u201d que se acrecienta con la exigencia de hacer n\u00fameros y ver a cu\u00e1nto ascienden las p\u00e9rdidas. De entrada, las calculan en cientos de millones de euros, pero advierten de que a\u00fan no es posible determinarlas con exactitud porque depender\u00e1 de la superficie quemada y de los animales afectados.\" \/>\n<meta name=\"robots\" content=\"noindex, follow, max-snippet:-1, max-image-preview:large, max-video-preview:-1\" \/>\n<meta property=\"og:locale\" content=\"es_ES\" \/>\n<meta property=\"og:type\" content=\"article\" \/>\n<meta property=\"og:title\" content=\"Los incendios causan p\u00e9rdidas de cientos de millones y aumentan el malestar del campo: \u201cHa desaparecido mucho ganado\u201d - vof-news.eu\" \/>\n<meta property=\"og:description\" content=\"Los incendios de este mes de agosto han sumido a los profesionales del campo de las zonas afectadas en una sensaci\u00f3n de \u201csoledad e indefensi\u00f3n\u201d que se acrecienta con la exigencia de hacer n\u00fameros y ver a cu\u00e1nto ascienden las p\u00e9rdidas. De entrada, las calculan en cientos de millones de euros, pero advierten de que a\u00fan no es posible determinarlas con exactitud porque depender\u00e1 de la superficie quemada y de los animales afectados.\" \/>\n<meta property=\"og:url\" content=\"https:\/\/vof-news.eu\/es\/los-incendios-causan-perdidas-de-cientos-de-millones-y-aumentan-el-malestar-del-campo-ha-desaparecido-mucho-ganado\/\" \/>\n<meta property=\"og:site_name\" content=\"vof-news.eu\" \/>\n<meta property=\"article:published_time\" content=\"2025-08-22T04:21:06+00:00\" \/>\n<meta property=\"article:modified_time\" content=\"2025-08-22T04:21:49+00:00\" \/>\n<meta property=\"og:image\" content=\"https:\/\/vof-news.eu\/wp-content\/uploads\/2025\/08\/b5076f5a-9696-4471-b619-57b71408b5e7_16-9-discover-aspect-ratio_default_0.jpg\" \/>\n\t<meta property=\"og:image:width\" content=\"1200\" \/>\n\t<meta property=\"og:image:height\" content=\"675\" \/>\n\t<meta property=\"og:image:type\" content=\"image\/jpeg\" \/>\n<meta name=\"author\" content=\"Author\" \/>\n<meta name=\"twitter:card\" content=\"summary_large_image\" \/>\n<meta name=\"twitter:label1\" content=\"Escrito por\" \/>\n\t<meta name=\"twitter:data1\" content=\"Author\" \/>\n\t<meta name=\"twitter:label2\" content=\"Tiempo de lectura\" \/>\n\t<meta name=\"twitter:data2\" content=\"6 minutos\" \/>\n<script type=\"application\/ld+json\" class=\"yoast-schema-graph\">{\"@context\":\"https:\/\/schema.org\",\"@graph\":[{\"@type\":\"WebPage\",\"@id\":\"https:\/\/vof-news.eu\/es\/los-incendios-causan-perdidas-de-cientos-de-millones-y-aumentan-el-malestar-del-campo-ha-desaparecido-mucho-ganado\/\",\"url\":\"https:\/\/vof-news.eu\/es\/los-incendios-causan-perdidas-de-cientos-de-millones-y-aumentan-el-malestar-del-campo-ha-desaparecido-mucho-ganado\/\",\"name\":\"Los incendios causan p\u00e9rdidas de cientos de millones y aumentan el malestar del campo: \u201cHa desaparecido mucho ganado\u201d - vof-news.eu\",\"isPartOf\":{\"@id\":\"https:\/\/vof-news.eu\/es\/#website\"},\"primaryImageOfPage\":{\"@id\":\"https:\/\/vof-news.eu\/es\/los-incendios-causan-perdidas-de-cientos-de-millones-y-aumentan-el-malestar-del-campo-ha-desaparecido-mucho-ganado\/#primaryimage\"},\"image\":{\"@id\":\"https:\/\/vof-news.eu\/es\/los-incendios-causan-perdidas-de-cientos-de-millones-y-aumentan-el-malestar-del-campo-ha-desaparecido-mucho-ganado\/#primaryimage\"},\"thumbnailUrl\":\"https:\/\/vof-news.eu\/wp-content\/uploads\/2025\/08\/b5076f5a-9696-4471-b619-57b71408b5e7_16-9-discover-aspect-ratio_default_0.jpg\",\"datePublished\":\"2025-08-22T04:21:06+00:00\",\"dateModified\":\"2025-08-22T04:21:49+00:00\",\"author\":{\"@id\":\"https:\/\/vof-news.eu\/es\/#\/schema\/person\/f6a2a4309f0561835797fd8c19b333ed\"},\"description\":\"Los incendios de este mes de agosto han sumido a los profesionales del campo de las zonas afectadas en una sensaci\u00f3n de \u201csoledad e indefensi\u00f3n\u201d que se acrecienta con la exigencia de hacer n\u00fameros y ver a cu\u00e1nto ascienden las p\u00e9rdidas. De entrada, las calculan en cientos de millones de euros, pero advierten de que a\u00fan no es posible determinarlas con exactitud porque depender\u00e1 de la superficie quemada y de los animales afectados.\",\"breadcrumb\":{\"@id\":\"https:\/\/vof-news.eu\/es\/los-incendios-causan-perdidas-de-cientos-de-millones-y-aumentan-el-malestar-del-campo-ha-desaparecido-mucho-ganado\/#breadcrumb\"},\"inLanguage\":\"es\",\"potentialAction\":[{\"@type\":\"ReadAction\",\"target\":[\"https:\/\/vof-news.eu\/es\/los-incendios-causan-perdidas-de-cientos-de-millones-y-aumentan-el-malestar-del-campo-ha-desaparecido-mucho-ganado\/\"]}]},{\"@type\":\"ImageObject\",\"inLanguage\":\"es\",\"@id\":\"https:\/\/vof-news.eu\/es\/los-incendios-causan-perdidas-de-cientos-de-millones-y-aumentan-el-malestar-del-campo-ha-desaparecido-mucho-ganado\/#primaryimage\",\"url\":\"https:\/\/vof-news.eu\/wp-content\/uploads\/2025\/08\/b5076f5a-9696-4471-b619-57b71408b5e7_16-9-discover-aspect-ratio_default_0.jpg\",\"contentUrl\":\"https:\/\/vof-news.eu\/wp-content\/uploads\/2025\/08\/b5076f5a-9696-4471-b619-57b71408b5e7_16-9-discover-aspect-ratio_default_0.jpg\",\"width\":1200,\"height\":675},{\"@type\":\"BreadcrumbList\",\"@id\":\"https:\/\/vof-news.eu\/es\/los-incendios-causan-perdidas-de-cientos-de-millones-y-aumentan-el-malestar-del-campo-ha-desaparecido-mucho-ganado\/#breadcrumb\",\"itemListElement\":[{\"@type\":\"ListItem\",\"position\":1,\"name\":\"Home\",\"item\":\"https:\/\/vof-news.eu\/es\/\"},{\"@type\":\"ListItem\",\"position\":2,\"name\":\"Los incendios causan p\u00e9rdidas de cientos de millones y aumentan el malestar del campo: \u201cHa desaparecido mucho ganado\u201d\"}]},{\"@type\":\"WebSite\",\"@id\":\"https:\/\/vof-news.eu\/es\/#website\",\"url\":\"https:\/\/vof-news.eu\/es\/\",\"name\":\"vof-news.eu\",\"description\":\"\",\"potentialAction\":[{\"@type\":\"SearchAction\",\"target\":{\"@type\":\"EntryPoint\",\"urlTemplate\":\"https:\/\/vof-news.eu\/es\/?s={search_term_string}\"},\"query-input\":\"required name=search_term_string\"}],\"inLanguage\":\"es\"},{\"@type\":\"Person\",\"@id\":\"https:\/\/vof-news.eu\/es\/#\/schema\/person\/f6a2a4309f0561835797fd8c19b333ed\",\"name\":\"Author\",\"image\":{\"@type\":\"ImageObject\",\"inLanguage\":\"es\",\"@id\":\"https:\/\/vof-news.eu\/es\/#\/schema\/person\/image\/\",\"url\":\"https:\/\/secure.gravatar.com\/avatar\/b67e614b1b25b3e9c0c239efdd2fde5ab015b5affd6f1c3c85911ca4b384e790?s=96&d=mm&r=g\",\"contentUrl\":\"https:\/\/secure.gravatar.com\/avatar\/b67e614b1b25b3e9c0c239efdd2fde5ab015b5affd6f1c3c85911ca4b384e790?s=96&d=mm&r=g\",\"caption\":\"Author\"},\"sameAs\":[\"http:\/\/vof-news.eu\"],\"url\":\"https:\/\/vof-news.eu\/es\/author\/zwt6qxnjulxbnyg\/\"}]}<\/script>\n<!-- \/ Yoast SEO plugin. -->","yoast_head_json":{"title":"Los incendios causan p\u00e9rdidas de cientos de millones y aumentan el malestar del campo: \u201cHa desaparecido mucho ganado\u201d - vof-news.eu","description":"Los incendios de este mes de agosto han sumido a los profesionales del campo de las zonas afectadas en una sensaci\u00f3n de \u201csoledad e indefensi\u00f3n\u201d que se acrecienta con la exigencia de hacer n\u00fameros y ver a cu\u00e1nto ascienden las p\u00e9rdidas. De entrada, las calculan en cientos de millones de euros, pero advierten de que a\u00fan no es posible determinarlas con exactitud porque depender\u00e1 de la superficie quemada y de los animales afectados.","robots":{"index":"noindex","follow":"follow","max-snippet":"max-snippet:-1","max-image-preview":"max-image-preview:large","max-video-preview":"max-video-preview:-1"},"og_locale":"es_ES","og_type":"article","og_title":"Los incendios causan p\u00e9rdidas de cientos de millones y aumentan el malestar del campo: \u201cHa desaparecido mucho ganado\u201d - vof-news.eu","og_description":"Los incendios de este mes de agosto han sumido a los profesionales del campo de las zonas afectadas en una sensaci\u00f3n de \u201csoledad e indefensi\u00f3n\u201d que se acrecienta con la exigencia de hacer n\u00fameros y ver a cu\u00e1nto ascienden las p\u00e9rdidas. De entrada, las calculan en cientos de millones de euros, pero advierten de que a\u00fan no es posible determinarlas con exactitud porque depender\u00e1 de la superficie quemada y de los animales afectados.","og_url":"https:\/\/vof-news.eu\/es\/los-incendios-causan-perdidas-de-cientos-de-millones-y-aumentan-el-malestar-del-campo-ha-desaparecido-mucho-ganado\/","og_site_name":"vof-news.eu","article_published_time":"2025-08-22T04:21:06+00:00","article_modified_time":"2025-08-22T04:21:49+00:00","og_image":[{"width":1200,"height":675,"url":"https:\/\/vof-news.eu\/wp-content\/uploads\/2025\/08\/b5076f5a-9696-4471-b619-57b71408b5e7_16-9-discover-aspect-ratio_default_0.jpg","type":"image\/jpeg"}],"author":"Author","twitter_card":"summary_large_image","twitter_misc":{"Escrito por":"Author","Tiempo de lectura":"6 minutos"},"schema":{"@context":"https:\/\/schema.org","@graph":[{"@type":"WebPage","@id":"https:\/\/vof-news.eu\/es\/los-incendios-causan-perdidas-de-cientos-de-millones-y-aumentan-el-malestar-del-campo-ha-desaparecido-mucho-ganado\/","url":"https:\/\/vof-news.eu\/es\/los-incendios-causan-perdidas-de-cientos-de-millones-y-aumentan-el-malestar-del-campo-ha-desaparecido-mucho-ganado\/","name":"Los incendios causan p\u00e9rdidas de cientos de millones y aumentan el malestar del campo: \u201cHa desaparecido mucho ganado\u201d - vof-news.eu","isPartOf":{"@id":"https:\/\/vof-news.eu\/es\/#website"},"primaryImageOfPage":{"@id":"https:\/\/vof-news.eu\/es\/los-incendios-causan-perdidas-de-cientos-de-millones-y-aumentan-el-malestar-del-campo-ha-desaparecido-mucho-ganado\/#primaryimage"},"image":{"@id":"https:\/\/vof-news.eu\/es\/los-incendios-causan-perdidas-de-cientos-de-millones-y-aumentan-el-malestar-del-campo-ha-desaparecido-mucho-ganado\/#primaryimage"},"thumbnailUrl":"https:\/\/vof-news.eu\/wp-content\/uploads\/2025\/08\/b5076f5a-9696-4471-b619-57b71408b5e7_16-9-discover-aspect-ratio_default_0.jpg","datePublished":"2025-08-22T04:21:06+00:00","dateModified":"2025-08-22T04:21:49+00:00","author":{"@id":"https:\/\/vof-news.eu\/es\/#\/schema\/person\/f6a2a4309f0561835797fd8c19b333ed"},"description":"Los incendios de este mes de agosto han sumido a los profesionales del campo de las zonas afectadas en una sensaci\u00f3n de \u201csoledad e indefensi\u00f3n\u201d que se acrecienta con la exigencia de hacer n\u00fameros y ver a cu\u00e1nto ascienden las p\u00e9rdidas. De entrada, las calculan en cientos de millones de euros, pero advierten de que a\u00fan no es posible determinarlas con exactitud porque depender\u00e1 de la superficie quemada y de los animales afectados.","breadcrumb":{"@id":"https:\/\/vof-news.eu\/es\/los-incendios-causan-perdidas-de-cientos-de-millones-y-aumentan-el-malestar-del-campo-ha-desaparecido-mucho-ganado\/#breadcrumb"},"inLanguage":"es","potentialAction":[{"@type":"ReadAction","target":["https:\/\/vof-news.eu\/es\/los-incendios-causan-perdidas-de-cientos-de-millones-y-aumentan-el-malestar-del-campo-ha-desaparecido-mucho-ganado\/"]}]},{"@type":"ImageObject","inLanguage":"es","@id":"https:\/\/vof-news.eu\/es\/los-incendios-causan-perdidas-de-cientos-de-millones-y-aumentan-el-malestar-del-campo-ha-desaparecido-mucho-ganado\/#primaryimage","url":"https:\/\/vof-news.eu\/wp-content\/uploads\/2025\/08\/b5076f5a-9696-4471-b619-57b71408b5e7_16-9-discover-aspect-ratio_default_0.jpg","contentUrl":"https:\/\/vof-news.eu\/wp-content\/uploads\/2025\/08\/b5076f5a-9696-4471-b619-57b71408b5e7_16-9-discover-aspect-ratio_default_0.jpg","width":1200,"height":675},{"@type":"BreadcrumbList","@id":"https:\/\/vof-news.eu\/es\/los-incendios-causan-perdidas-de-cientos-de-millones-y-aumentan-el-malestar-del-campo-ha-desaparecido-mucho-ganado\/#breadcrumb","itemListElement":[{"@type":"ListItem","position":1,"name":"Home","item":"https:\/\/vof-news.eu\/es\/"},{"@type":"ListItem","position":2,"name":"Los incendios causan p\u00e9rdidas de cientos de millones y aumentan el malestar del campo: \u201cHa desaparecido mucho ganado\u201d"}]},{"@type":"WebSite","@id":"https:\/\/vof-news.eu\/es\/#website","url":"https:\/\/vof-news.eu\/es\/","name":"vof-news.eu","description":"","potentialAction":[{"@type":"SearchAction","target":{"@type":"EntryPoint","urlTemplate":"https:\/\/vof-news.eu\/es\/?s={search_term_string}"},"query-input":"required name=search_term_string"}],"inLanguage":"es"},{"@type":"Person","@id":"https:\/\/vof-news.eu\/es\/#\/schema\/person\/f6a2a4309f0561835797fd8c19b333ed","name":"Author","image":{"@type":"ImageObject","inLanguage":"es","@id":"https:\/\/vof-news.eu\/es\/#\/schema\/person\/image\/","url":"https:\/\/secure.gravatar.com\/avatar\/b67e614b1b25b3e9c0c239efdd2fde5ab015b5affd6f1c3c85911ca4b384e790?s=96&d=mm&r=g","contentUrl":"https:\/\/secure.gravatar.com\/avatar\/b67e614b1b25b3e9c0c239efdd2fde5ab015b5affd6f1c3c85911ca4b384e790?s=96&d=mm&r=g","caption":"Author"},"sameAs":["http:\/\/vof-news.eu"],"url":"https:\/\/vof-news.eu\/es\/author\/zwt6qxnjulxbnyg\/"}]}},"yoast_meta":{"yoast_wpseo_title":"","yoast_wpseo_metadesc":"","yoast_wpseo_canonical":""},"_links":{"self":[{"href":"https:\/\/vof-news.eu\/es\/wp-json\/wp\/v2\/posts\/266913","targetHints":{"allow":["GET"]}}],"collection":[{"href":"https:\/\/vof-news.eu\/es\/wp-json\/wp\/v2\/posts"}],"about":[{"href":"https:\/\/vof-news.eu\/es\/wp-json\/wp\/v2\/types\/post"}],"author":[{"embeddable":true,"href":"https:\/\/vof-news.eu\/es\/wp-json\/wp\/v2\/users\/1"}],"replies":[{"embeddable":true,"href":"https:\/\/vof-news.eu\/es\/wp-json\/wp\/v2\/comments?post=266913"}],"version-history":[{"count":1,"href":"https:\/\/vof-news.eu\/es\/wp-json\/wp\/v2\/posts\/266913\/revisions"}],"predecessor-version":[{"id":266920,"href":"https:\/\/vof-news.eu\/es\/wp-json\/wp\/v2\/posts\/266913\/revisions\/266920"}],"wp:featuredmedia":[{"embeddable":true,"href":"https:\/\/vof-news.eu\/es\/wp-json\/wp\/v2\/media\/266914"}],"wp:attachment":[{"href":"https:\/\/vof-news.eu\/es\/wp-json\/wp\/v2\/media?parent=266913"}],"wp:term":[{"taxonomy":"category","embeddable":true,"href":"https:\/\/vof-news.eu\/es\/wp-json\/wp\/v2\/categories?post=266913"},{"taxonomy":"post_tag","embeddable":true,"href":"https:\/\/vof-news.eu\/es\/wp-json\/wp\/v2\/tags?post=266913"}],"curies":[{"name":"wp","href":"https:\/\/api.w.org\/{rel}","templated":true}]}}