{"id":253884,"date":"2025-07-14T13:19:12","date_gmt":"2025-07-14T10:19:12","guid":{"rendered":"https:\/\/vof-news.eu\/carlos-cuerpo-rechaza-un-frente-comun-de-los-paises-amenazados-por-los-aranceles-de-trump\/"},"modified":"2025-07-14T13:19:33","modified_gmt":"2025-07-14T10:19:33","slug":"carlos-cuerpo-rechaza-un-frente-comun-de-los-paises-amenazados-por-los-aranceles-de-trump","status":"publish","type":"post","link":"https:\/\/vof-news.eu\/es\/carlos-cuerpo-rechaza-un-frente-comun-de-los-paises-amenazados-por-los-aranceles-de-trump\/","title":{"rendered":"Carlos Cuerpo rechaza un \u201cfrente com\u00fan\u201d de los pa\u00edses amenazados por los aranceles de Trump"},"content":{"rendered":"<div>\n<p>\n        El Gobierno de Pedro S\u00e1nchez cierra filas con la estrategia de la Comisi\u00f3n Europea frente a Donald Trump, que pasa por apurar hasta el 1 de agosto para intentar llegar a un acuerdo despu\u00e9s de que el presidente de EEUU amenazara con un arancel del 30% a las importaciones de la UE. La apuesta de Bruselas, que secundan Alemania, Italia o Espa\u00f1a, entre otros, pasa por mantener sin respuestas las amenazas a la espera de que pueda llegar un entendimiento que los negociadores ve\u00edan muy cerca la semana pasada y que salt\u00f3 por los aires el s\u00e1bado con la carta que envi\u00f3 a Ursula von der Leyen el inquilino de la Casa Blanca. El ministro de Econom\u00eda, Carlos Cuerpo, ha descartado la posibilidad de que los pa\u00edses damnificados por las amenazas de Trump tomen medidas conjuntas como medida de presi\u00f3n.\n    <\/p>\n<p>\n        \u201cNo es momento de hablar de hacer ning\u00fan frente com\u00fan sino de avanzar en esas negociaciones\u201d, ha respondido Cuerpo a la pregunta de si habr\u00eda que hacer una suerte de frente de represalias conjunto, es decir, que la UE, Canad\u00e1, Jap\u00f3n, Brasil, M\u00e9xico, y las dem\u00e1s potencias amenazadas sumaran fuerzas contra los grav\u00e1menes multimillonarios de Trump. La posici\u00f3n de Espa\u00f1a es seguir la l\u00ednea marcada por la Comisi\u00f3n Europea y que pasa por no elevar la voz ante los vaivenes del presidente de EEUU y sus amenazas y cambios de plazos. \u201cEs momento de avanzar en las negociaciones\u201d, ha reiterado Cuerpo.\n    <\/p>\n<p>\n        El planteamiento de hacer unas &#8216;represalias inteligentes comunes&#8217; lo ha formulado el economista Olivier Blanchard, que propone coordinar los esfuerzos para castigar la econom\u00eda de EEUU en respuesta a sus aranceles. \u201cCuantos m\u00e1s pa\u00edses, mejor ser\u00e1 la lista com\u00fan de represalias inteligentes.  Al recortar m\u00e1s fuentes, los aranceles comunes sobre algunos productos perjudican m\u00e1s a EEUU; al aumentar el mercado econ\u00f3mico com\u00fan, perjudican menos a la coalici\u00f3n\u201d, ha planteado el profesor a trav\u00e9s de su cuenta de X.\n    <\/p>\n<p>\n        En Bruselas no est\u00e1n en ese marco, sino en el de negociar y ampliar sus propios mercados, pero coordinar la respuesta ser\u00eda una suerte de guerra comercial global que ninguno de los socios quiere y que tendr\u00eda consecuencias da\u00f1inas para la econom\u00eda mundial. El comisario de Comercio, Maros Sefcovic, seguir\u00e1 negociando intensamente y pretende tener una conversaci\u00f3n con sus hom\u00f3logos de EEUU este mismo lunes.\n    <\/p>\n<p>\n        Tras la nueva andanada de Trump, que es \u201cprohibitiva\u201d en palabras de Sefcovic, la Comisi\u00f3n Europea mantuvo la confianza en poder llegar a un acuerdo con el nuevo plazo del 1 de agosto y descart\u00f3 poner en marcha medidas de respuesta que tiene preparadas y que est\u00e1n suspendidas. \u201cEs necesario ampliar estos d\u00edas la suspensi\u00f3n de la entrada en vigor de las medidas de reequilibrio\u201d, ha dicho Cuerpo en l\u00ednea con lo que ha planteado Bruselas.\n    <\/p>\n<p>\n        Un primer paquete de respuesta al arancel al aluminio y el acero por valor de 21.000 millones de euros est\u00e1 listo para entrar en vigor, pero la UE ha decidido mantenerlo en suspenso. El segundo, por el resto de medidas anunciadas por Trump, se est\u00e1 trabajando. Inicialmente se elabor\u00f3 un paquete de aranceles a EEUU por 95.000 millones de euros que se ha ido negociando con los estados miembros y las industrias hasta dejarlo en una propuesta de 72.000 millones de euros, muy por debajo del golpe que supone el castigo que ha ido anunciando Trump.\n    <\/p>\n<p>\n        La intenci\u00f3n de la UE era alcanzar un acuerdo la semana pasada y asum\u00edan que ser\u00eda peor de lo inicialmente previsto con al menos un arancel del 10%. Pero pa\u00edses como Alemania o Italia empujaban en esa direcci\u00f3n para dar certidumbre a las industrias. El prop\u00f3sito era cerrar un principio de acuerdo general y despu\u00e9s negociar una segunda fase, sector por sector. La amenaza de Trump supone m\u00e1s presi\u00f3n a la UE para aceptar un mal acuerdo, seg\u00fan reconocen fuentes comunitarias.\n    <\/p>\n<p>\n        Y, ante esa situaci\u00f3n, pa\u00edses como Francia empujan para cambiar de estrategia y dar una se\u00f1al de fortaleza a EEUU desplegado o al menos preparando una respuesta m\u00e1s fuerte, que incluya el &#8216;bazuca&#8217;, que es el instrumento anticoerci\u00f3n que da a la UE un amplio abanico de medidas de respuesta a un chantaje comercial y que pasan por la restricci\u00f3n de las importaciones o exportaciones hasta la prohibici\u00f3n de ganar licitaciones p\u00fablicas en territorio comunitario.\n    <\/p>\n<\/div>\n","protected":false},"excerpt":{"rendered":"<p>El Gobierno de Pedro S\u00e1nchez cierra filas con la estrategia de la Comisi\u00f3n Europea frente a Donald Trump, que pasa por apurar hasta el 1 de agosto para intentar llegar a un acuerdo despu\u00e9s de que el presidente de EEUU amenazara con un arancel del 30% a las importaciones de la UE. La apuesta de<\/p>\n","protected":false},"author":1,"featured_media":253885,"comment_status":"open","ping_status":"open","sticky":false,"template":"","format":"standard","meta":{"footnotes":""},"categories":[61],"tags":[],"class_list":["post-253884","post","type-post","status-publish","format-standard","has-post-thumbnail","hentry","category-business-es"],"acf":[],"yoast_head":"<!-- This site is optimized with the Yoast SEO plugin v22.9 - https:\/\/yoast.com\/wordpress\/plugins\/seo\/ -->\n<title>Carlos Cuerpo rechaza un \u201cfrente com\u00fan\u201d de los pa\u00edses amenazados por los aranceles de Trump - vof-news.eu<\/title>\n<meta name=\"description\" content=\"El Gobierno de Pedro S\u00e1nchez cierra filas con la estrategia de la Comisi\u00f3n Europea frente a Donald Trump, que pasa por apurar hasta el 1 de agosto para intentar llegar a un acuerdo despu\u00e9s de que el presidente de EEUU amenazara con un arancel del 30% a las importaciones de la UE. La apuesta de Bruselas, que secundan Alemania, Italia o Espa\u00f1a, entre otros, pasa por mantener sin respuestas las amenazas a la espera de que pueda llegar un entendimiento que los negociadores ve\u00edan muy cerca la semana pasada y que salt\u00f3 por los aires el s\u00e1bado con la carta que envi\u00f3 a Ursula von der Leyen el inquilino de la Casa Blanca. El ministro de Econom\u00eda, Carlos Cuerpo, ha descartado la posibilidad de que los pa\u00edses damnificados por las amenazas de Trump tomen medidas conjuntas como medida de presi\u00f3n.\" \/>\n<meta name=\"robots\" content=\"noindex, follow, max-snippet:-1, max-image-preview:large, max-video-preview:-1\" \/>\n<meta property=\"og:locale\" content=\"es_ES\" \/>\n<meta property=\"og:type\" content=\"article\" \/>\n<meta property=\"og:title\" content=\"Carlos Cuerpo rechaza un \u201cfrente com\u00fan\u201d de los pa\u00edses amenazados por los aranceles de Trump - vof-news.eu\" \/>\n<meta property=\"og:description\" content=\"El Gobierno de Pedro S\u00e1nchez cierra filas con la estrategia de la Comisi\u00f3n Europea frente a Donald Trump, que pasa por apurar hasta el 1 de agosto para intentar llegar a un acuerdo despu\u00e9s de que el presidente de EEUU amenazara con un arancel del 30% a las importaciones de la UE. La apuesta de Bruselas, que secundan Alemania, Italia o Espa\u00f1a, entre otros, pasa por mantener sin respuestas las amenazas a la espera de que pueda llegar un entendimiento que los negociadores ve\u00edan muy cerca la semana pasada y que salt\u00f3 por los aires el s\u00e1bado con la carta que envi\u00f3 a Ursula von der Leyen el inquilino de la Casa Blanca. El ministro de Econom\u00eda, Carlos Cuerpo, ha descartado la posibilidad de que los pa\u00edses damnificados por las amenazas de Trump tomen medidas conjuntas como medida de presi\u00f3n.\" \/>\n<meta property=\"og:url\" content=\"https:\/\/vof-news.eu\/es\/carlos-cuerpo-rechaza-un-frente-comun-de-los-paises-amenazados-por-los-aranceles-de-trump\/\" \/>\n<meta property=\"og:site_name\" content=\"vof-news.eu\" \/>\n<meta property=\"article:published_time\" content=\"2025-07-14T10:19:12+00:00\" \/>\n<meta property=\"article:modified_time\" content=\"2025-07-14T10:19:33+00:00\" \/>\n<meta property=\"og:image\" content=\"https:\/\/vof-news.eu\/wp-content\/uploads\/2025\/07\/92e74b5e-9762-48ba-a4be-70037dc0a24d_16-9-discover-aspect-ratio_default_0.jpg\" \/>\n\t<meta property=\"og:image:width\" content=\"1200\" \/>\n\t<meta property=\"og:image:height\" content=\"675\" \/>\n\t<meta property=\"og:image:type\" content=\"image\/jpeg\" \/>\n<meta name=\"author\" content=\"Author\" \/>\n<meta name=\"twitter:card\" content=\"summary_large_image\" \/>\n<meta name=\"twitter:label1\" content=\"Escrito por\" \/>\n\t<meta name=\"twitter:data1\" content=\"Author\" \/>\n\t<meta name=\"twitter:label2\" content=\"Tiempo de lectura\" \/>\n\t<meta name=\"twitter:data2\" content=\"4 minutos\" \/>\n<script type=\"application\/ld+json\" class=\"yoast-schema-graph\">{\"@context\":\"https:\/\/schema.org\",\"@graph\":[{\"@type\":\"WebPage\",\"@id\":\"https:\/\/vof-news.eu\/es\/carlos-cuerpo-rechaza-un-frente-comun-de-los-paises-amenazados-por-los-aranceles-de-trump\/\",\"url\":\"https:\/\/vof-news.eu\/es\/carlos-cuerpo-rechaza-un-frente-comun-de-los-paises-amenazados-por-los-aranceles-de-trump\/\",\"name\":\"Carlos Cuerpo rechaza un \u201cfrente com\u00fan\u201d de los pa\u00edses amenazados por los aranceles de Trump - vof-news.eu\",\"isPartOf\":{\"@id\":\"https:\/\/vof-news.eu\/es\/#website\"},\"primaryImageOfPage\":{\"@id\":\"https:\/\/vof-news.eu\/es\/carlos-cuerpo-rechaza-un-frente-comun-de-los-paises-amenazados-por-los-aranceles-de-trump\/#primaryimage\"},\"image\":{\"@id\":\"https:\/\/vof-news.eu\/es\/carlos-cuerpo-rechaza-un-frente-comun-de-los-paises-amenazados-por-los-aranceles-de-trump\/#primaryimage\"},\"thumbnailUrl\":\"https:\/\/vof-news.eu\/wp-content\/uploads\/2025\/07\/92e74b5e-9762-48ba-a4be-70037dc0a24d_16-9-discover-aspect-ratio_default_0.jpg\",\"datePublished\":\"2025-07-14T10:19:12+00:00\",\"dateModified\":\"2025-07-14T10:19:33+00:00\",\"author\":{\"@id\":\"https:\/\/vof-news.eu\/es\/#\/schema\/person\/f6a2a4309f0561835797fd8c19b333ed\"},\"description\":\"El Gobierno de Pedro S\u00e1nchez cierra filas con la estrategia de la Comisi\u00f3n Europea frente a Donald Trump, que pasa por apurar hasta el 1 de agosto para intentar llegar a un acuerdo despu\u00e9s de que el presidente de EEUU amenazara con un arancel del 30% a las importaciones de la UE. La apuesta de Bruselas, que secundan Alemania, Italia o Espa\u00f1a, entre otros, pasa por mantener sin respuestas las amenazas a la espera de que pueda llegar un entendimiento que los negociadores ve\u00edan muy cerca la semana pasada y que salt\u00f3 por los aires el s\u00e1bado con la carta que envi\u00f3 a Ursula von der Leyen el inquilino de la Casa Blanca. El ministro de Econom\u00eda, Carlos Cuerpo, ha descartado la posibilidad de que los pa\u00edses damnificados por las amenazas de Trump tomen medidas conjuntas como medida de presi\u00f3n.\",\"breadcrumb\":{\"@id\":\"https:\/\/vof-news.eu\/es\/carlos-cuerpo-rechaza-un-frente-comun-de-los-paises-amenazados-por-los-aranceles-de-trump\/#breadcrumb\"},\"inLanguage\":\"es\",\"potentialAction\":[{\"@type\":\"ReadAction\",\"target\":[\"https:\/\/vof-news.eu\/es\/carlos-cuerpo-rechaza-un-frente-comun-de-los-paises-amenazados-por-los-aranceles-de-trump\/\"]}]},{\"@type\":\"ImageObject\",\"inLanguage\":\"es\",\"@id\":\"https:\/\/vof-news.eu\/es\/carlos-cuerpo-rechaza-un-frente-comun-de-los-paises-amenazados-por-los-aranceles-de-trump\/#primaryimage\",\"url\":\"https:\/\/vof-news.eu\/wp-content\/uploads\/2025\/07\/92e74b5e-9762-48ba-a4be-70037dc0a24d_16-9-discover-aspect-ratio_default_0.jpg\",\"contentUrl\":\"https:\/\/vof-news.eu\/wp-content\/uploads\/2025\/07\/92e74b5e-9762-48ba-a4be-70037dc0a24d_16-9-discover-aspect-ratio_default_0.jpg\",\"width\":1200,\"height\":675},{\"@type\":\"BreadcrumbList\",\"@id\":\"https:\/\/vof-news.eu\/es\/carlos-cuerpo-rechaza-un-frente-comun-de-los-paises-amenazados-por-los-aranceles-de-trump\/#breadcrumb\",\"itemListElement\":[{\"@type\":\"ListItem\",\"position\":1,\"name\":\"Home\",\"item\":\"https:\/\/vof-news.eu\/es\/\"},{\"@type\":\"ListItem\",\"position\":2,\"name\":\"Carlos Cuerpo rechaza un \u201cfrente com\u00fan\u201d de los pa\u00edses amenazados por los aranceles de Trump\"}]},{\"@type\":\"WebSite\",\"@id\":\"https:\/\/vof-news.eu\/es\/#website\",\"url\":\"https:\/\/vof-news.eu\/es\/\",\"name\":\"vof-news.eu\",\"description\":\"\",\"potentialAction\":[{\"@type\":\"SearchAction\",\"target\":{\"@type\":\"EntryPoint\",\"urlTemplate\":\"https:\/\/vof-news.eu\/es\/?s={search_term_string}\"},\"query-input\":\"required name=search_term_string\"}],\"inLanguage\":\"es\"},{\"@type\":\"Person\",\"@id\":\"https:\/\/vof-news.eu\/es\/#\/schema\/person\/f6a2a4309f0561835797fd8c19b333ed\",\"name\":\"Author\",\"image\":{\"@type\":\"ImageObject\",\"inLanguage\":\"es\",\"@id\":\"https:\/\/vof-news.eu\/es\/#\/schema\/person\/image\/\",\"url\":\"https:\/\/secure.gravatar.com\/avatar\/b67e614b1b25b3e9c0c239efdd2fde5ab015b5affd6f1c3c85911ca4b384e790?s=96&d=mm&r=g\",\"contentUrl\":\"https:\/\/secure.gravatar.com\/avatar\/b67e614b1b25b3e9c0c239efdd2fde5ab015b5affd6f1c3c85911ca4b384e790?s=96&d=mm&r=g\",\"caption\":\"Author\"},\"sameAs\":[\"http:\/\/vof-news.eu\"],\"url\":\"https:\/\/vof-news.eu\/es\/author\/zwt6qxnjulxbnyg\/\"}]}<\/script>\n<!-- \/ Yoast SEO plugin. -->","yoast_head_json":{"title":"Carlos Cuerpo rechaza un \u201cfrente com\u00fan\u201d de los pa\u00edses amenazados por los aranceles de Trump - vof-news.eu","description":"El Gobierno de Pedro S\u00e1nchez cierra filas con la estrategia de la Comisi\u00f3n Europea frente a Donald Trump, que pasa por apurar hasta el 1 de agosto para intentar llegar a un acuerdo despu\u00e9s de que el presidente de EEUU amenazara con un arancel del 30% a las importaciones de la UE. La apuesta de Bruselas, que secundan Alemania, Italia o Espa\u00f1a, entre otros, pasa por mantener sin respuestas las amenazas a la espera de que pueda llegar un entendimiento que los negociadores ve\u00edan muy cerca la semana pasada y que salt\u00f3 por los aires el s\u00e1bado con la carta que envi\u00f3 a Ursula von der Leyen el inquilino de la Casa Blanca. El ministro de Econom\u00eda, Carlos Cuerpo, ha descartado la posibilidad de que los pa\u00edses damnificados por las amenazas de Trump tomen medidas conjuntas como medida de presi\u00f3n.","robots":{"index":"noindex","follow":"follow","max-snippet":"max-snippet:-1","max-image-preview":"max-image-preview:large","max-video-preview":"max-video-preview:-1"},"og_locale":"es_ES","og_type":"article","og_title":"Carlos Cuerpo rechaza un \u201cfrente com\u00fan\u201d de los pa\u00edses amenazados por los aranceles de Trump - vof-news.eu","og_description":"El Gobierno de Pedro S\u00e1nchez cierra filas con la estrategia de la Comisi\u00f3n Europea frente a Donald Trump, que pasa por apurar hasta el 1 de agosto para intentar llegar a un acuerdo despu\u00e9s de que el presidente de EEUU amenazara con un arancel del 30% a las importaciones de la UE. La apuesta de Bruselas, que secundan Alemania, Italia o Espa\u00f1a, entre otros, pasa por mantener sin respuestas las amenazas a la espera de que pueda llegar un entendimiento que los negociadores ve\u00edan muy cerca la semana pasada y que salt\u00f3 por los aires el s\u00e1bado con la carta que envi\u00f3 a Ursula von der Leyen el inquilino de la Casa Blanca. El ministro de Econom\u00eda, Carlos Cuerpo, ha descartado la posibilidad de que los pa\u00edses damnificados por las amenazas de Trump tomen medidas conjuntas como medida de presi\u00f3n.","og_url":"https:\/\/vof-news.eu\/es\/carlos-cuerpo-rechaza-un-frente-comun-de-los-paises-amenazados-por-los-aranceles-de-trump\/","og_site_name":"vof-news.eu","article_published_time":"2025-07-14T10:19:12+00:00","article_modified_time":"2025-07-14T10:19:33+00:00","og_image":[{"width":1200,"height":675,"url":"https:\/\/vof-news.eu\/wp-content\/uploads\/2025\/07\/92e74b5e-9762-48ba-a4be-70037dc0a24d_16-9-discover-aspect-ratio_default_0.jpg","type":"image\/jpeg"}],"author":"Author","twitter_card":"summary_large_image","twitter_misc":{"Escrito por":"Author","Tiempo de lectura":"4 minutos"},"schema":{"@context":"https:\/\/schema.org","@graph":[{"@type":"WebPage","@id":"https:\/\/vof-news.eu\/es\/carlos-cuerpo-rechaza-un-frente-comun-de-los-paises-amenazados-por-los-aranceles-de-trump\/","url":"https:\/\/vof-news.eu\/es\/carlos-cuerpo-rechaza-un-frente-comun-de-los-paises-amenazados-por-los-aranceles-de-trump\/","name":"Carlos Cuerpo rechaza un \u201cfrente com\u00fan\u201d de los pa\u00edses amenazados por los aranceles de Trump - vof-news.eu","isPartOf":{"@id":"https:\/\/vof-news.eu\/es\/#website"},"primaryImageOfPage":{"@id":"https:\/\/vof-news.eu\/es\/carlos-cuerpo-rechaza-un-frente-comun-de-los-paises-amenazados-por-los-aranceles-de-trump\/#primaryimage"},"image":{"@id":"https:\/\/vof-news.eu\/es\/carlos-cuerpo-rechaza-un-frente-comun-de-los-paises-amenazados-por-los-aranceles-de-trump\/#primaryimage"},"thumbnailUrl":"https:\/\/vof-news.eu\/wp-content\/uploads\/2025\/07\/92e74b5e-9762-48ba-a4be-70037dc0a24d_16-9-discover-aspect-ratio_default_0.jpg","datePublished":"2025-07-14T10:19:12+00:00","dateModified":"2025-07-14T10:19:33+00:00","author":{"@id":"https:\/\/vof-news.eu\/es\/#\/schema\/person\/f6a2a4309f0561835797fd8c19b333ed"},"description":"El Gobierno de Pedro S\u00e1nchez cierra filas con la estrategia de la Comisi\u00f3n Europea frente a Donald Trump, que pasa por apurar hasta el 1 de agosto para intentar llegar a un acuerdo despu\u00e9s de que el presidente de EEUU amenazara con un arancel del 30% a las importaciones de la UE. La apuesta de Bruselas, que secundan Alemania, Italia o Espa\u00f1a, entre otros, pasa por mantener sin respuestas las amenazas a la espera de que pueda llegar un entendimiento que los negociadores ve\u00edan muy cerca la semana pasada y que salt\u00f3 por los aires el s\u00e1bado con la carta que envi\u00f3 a Ursula von der Leyen el inquilino de la Casa Blanca. El ministro de Econom\u00eda, Carlos Cuerpo, ha descartado la posibilidad de que los pa\u00edses damnificados por las amenazas de Trump tomen medidas conjuntas como medida de presi\u00f3n.","breadcrumb":{"@id":"https:\/\/vof-news.eu\/es\/carlos-cuerpo-rechaza-un-frente-comun-de-los-paises-amenazados-por-los-aranceles-de-trump\/#breadcrumb"},"inLanguage":"es","potentialAction":[{"@type":"ReadAction","target":["https:\/\/vof-news.eu\/es\/carlos-cuerpo-rechaza-un-frente-comun-de-los-paises-amenazados-por-los-aranceles-de-trump\/"]}]},{"@type":"ImageObject","inLanguage":"es","@id":"https:\/\/vof-news.eu\/es\/carlos-cuerpo-rechaza-un-frente-comun-de-los-paises-amenazados-por-los-aranceles-de-trump\/#primaryimage","url":"https:\/\/vof-news.eu\/wp-content\/uploads\/2025\/07\/92e74b5e-9762-48ba-a4be-70037dc0a24d_16-9-discover-aspect-ratio_default_0.jpg","contentUrl":"https:\/\/vof-news.eu\/wp-content\/uploads\/2025\/07\/92e74b5e-9762-48ba-a4be-70037dc0a24d_16-9-discover-aspect-ratio_default_0.jpg","width":1200,"height":675},{"@type":"BreadcrumbList","@id":"https:\/\/vof-news.eu\/es\/carlos-cuerpo-rechaza-un-frente-comun-de-los-paises-amenazados-por-los-aranceles-de-trump\/#breadcrumb","itemListElement":[{"@type":"ListItem","position":1,"name":"Home","item":"https:\/\/vof-news.eu\/es\/"},{"@type":"ListItem","position":2,"name":"Carlos Cuerpo rechaza un \u201cfrente com\u00fan\u201d de los pa\u00edses amenazados por los aranceles de Trump"}]},{"@type":"WebSite","@id":"https:\/\/vof-news.eu\/es\/#website","url":"https:\/\/vof-news.eu\/es\/","name":"vof-news.eu","description":"","potentialAction":[{"@type":"SearchAction","target":{"@type":"EntryPoint","urlTemplate":"https:\/\/vof-news.eu\/es\/?s={search_term_string}"},"query-input":"required name=search_term_string"}],"inLanguage":"es"},{"@type":"Person","@id":"https:\/\/vof-news.eu\/es\/#\/schema\/person\/f6a2a4309f0561835797fd8c19b333ed","name":"Author","image":{"@type":"ImageObject","inLanguage":"es","@id":"https:\/\/vof-news.eu\/es\/#\/schema\/person\/image\/","url":"https:\/\/secure.gravatar.com\/avatar\/b67e614b1b25b3e9c0c239efdd2fde5ab015b5affd6f1c3c85911ca4b384e790?s=96&d=mm&r=g","contentUrl":"https:\/\/secure.gravatar.com\/avatar\/b67e614b1b25b3e9c0c239efdd2fde5ab015b5affd6f1c3c85911ca4b384e790?s=96&d=mm&r=g","caption":"Author"},"sameAs":["http:\/\/vof-news.eu"],"url":"https:\/\/vof-news.eu\/es\/author\/zwt6qxnjulxbnyg\/"}]}},"yoast_meta":{"yoast_wpseo_title":"","yoast_wpseo_metadesc":"","yoast_wpseo_canonical":""},"_links":{"self":[{"href":"https:\/\/vof-news.eu\/es\/wp-json\/wp\/v2\/posts\/253884","targetHints":{"allow":["GET"]}}],"collection":[{"href":"https:\/\/vof-news.eu\/es\/wp-json\/wp\/v2\/posts"}],"about":[{"href":"https:\/\/vof-news.eu\/es\/wp-json\/wp\/v2\/types\/post"}],"author":[{"embeddable":true,"href":"https:\/\/vof-news.eu\/es\/wp-json\/wp\/v2\/users\/1"}],"replies":[{"embeddable":true,"href":"https:\/\/vof-news.eu\/es\/wp-json\/wp\/v2\/comments?post=253884"}],"version-history":[{"count":1,"href":"https:\/\/vof-news.eu\/es\/wp-json\/wp\/v2\/posts\/253884\/revisions"}],"predecessor-version":[{"id":253892,"href":"https:\/\/vof-news.eu\/es\/wp-json\/wp\/v2\/posts\/253884\/revisions\/253892"}],"wp:featuredmedia":[{"embeddable":true,"href":"https:\/\/vof-news.eu\/es\/wp-json\/wp\/v2\/media\/253885"}],"wp:attachment":[{"href":"https:\/\/vof-news.eu\/es\/wp-json\/wp\/v2\/media?parent=253884"}],"wp:term":[{"taxonomy":"category","embeddable":true,"href":"https:\/\/vof-news.eu\/es\/wp-json\/wp\/v2\/categories?post=253884"},{"taxonomy":"post_tag","embeddable":true,"href":"https:\/\/vof-news.eu\/es\/wp-json\/wp\/v2\/tags?post=253884"}],"curies":[{"name":"wp","href":"https:\/\/api.w.org\/{rel}","templated":true}]}}