{"id":253679,"date":"2025-07-14T07:19:30","date_gmt":"2025-07-14T04:19:30","guid":{"rendered":"https:\/\/vof-news.eu\/que-las-horas-complementarias-se-paguen-como-las-extra-la-nueva-ofensiva-de-ccoo-en-los-tribunales\/"},"modified":"2025-07-14T07:20:08","modified_gmt":"2025-07-14T04:20:08","slug":"que-las-horas-complementarias-se-paguen-como-las-extra-la-nueva-ofensiva-de-ccoo-en-los-tribunales","status":"publish","type":"post","link":"https:\/\/vof-news.eu\/es\/que-las-horas-complementarias-se-paguen-como-las-extra-la-nueva-ofensiva-de-ccoo-en-los-tribunales\/","title":{"rendered":"Que las horas complementarias se paguen como las extra: la nueva ofensiva de CCOO en los tribunales"},"content":{"rendered":"<div>\n<p>\n        Las horas complementarias son un exceso de jornada de los trabajadores con contratos a tiempo parcial, la gran mayor\u00eda mujeres, y que se pagan igual que la hora ordinaria de trabajo. En cambio, las horas extraordinarias por encima de la jornada de los contratos a tiempo completo s\u00ed pueden remunerarse m\u00e1s, algo que sucede en muchos convenios colectivos. Con el respaldo de dos sentencias europeas, Comisiones Obreras ha iniciado una ofensiva en los tribunales para elevar la remuneraci\u00f3n de las horas complementarias, igual\u00e1ndolas a las extra, que ha arrancado con el sector de la dependencia, muy feminizado, y pretende extender a otros sectores y empresas.\n    <\/p>\n<p>\n        \u201cUna de las fallas del mercado laboral se encuentra en los contratos a tiempo parcial\u201d, destaca Javier Pacheco, nuevo secretario de Acci\u00f3n Sindical de CCOO. Esta modalidad de contrato, por la que las personas empleadas trabajan una jornada inferior a la completa, alcanza a un 13,6% de los trabajadores en Espa\u00f1a, unos 2,9 millones de personas seg\u00fan los \u00faltimos datos anuales, de 2024, de la Encuesta de Poblaci\u00f3n Activa (EPA). De ellas, el 73% son mujeres, 2,1 millones de trabajadoras, debido en muchos casos al desequilibrio en los cuidados familiares, que asumen mayoritariamente todav\u00eda las mujeres.\n    <\/p>\n<p>\n        As\u00ed, unas 400.000 personas con contratos a tiempo parcial indican en la EPA que su jornada se debe al \u201ccuidado de ni\u00f1os o de adultos enfermos, incapacitados o mayores\u201d. De ellas, 371.000 son mujeres y 28.700 son hombres. M\u00e1s all\u00e1 de este motivo, se trata de una jornada que se suele denominar \u201cinvoluntaria\u201d ya que casi la mitad (46%) de las personas con este contrato apuntan que se debe a \u201cno haber podido encontrar trabajo de jornada completa\u201d.\n    <\/p>\n<p>\n        En CCOO llevan a\u00f1os destacando <a href=\"https:\/\/www.eldiario.es\/economia\/ccoo-propone-reformar-despido-indemnizacion-minima-no-dependa-antiguedad_1_10532637.html\" rel=\"nofollow\">la necesidad de reformar la legislaci\u00f3n sobre los contratos a tiempo parcial<\/a>, con el foco puesto en la excesiva flexibilidad de las horas complementarias, entre otros elementos. En esta ocasi\u00f3n, el sindicato se focaliza en la desigual remuneraci\u00f3n de la hora complementaria respecto a la hora extra. El Estatuto de los Trabajadores regula expresamente que la hora complementaria se paga como la ordinaria, en cambio en el caso de las horas extra se prev\u00e9 que se remuneren al menos como la ordinaria, con la posibilidad de que los convenios colectivos o contratos individuales eleven su remuneraci\u00f3n. Esto sucede en m\u00e1s de la mitad de los convenios colectivos, indican en CCOO, con unos 700 estudiados desde 2022 que mejoran la retribuci\u00f3n de las horas extra.\n    <\/p>\n<p>\n        Con la mirada puesta en ellos, el sindicato liderado por Unai Sordo ha iniciado una batalla judicial para que esa mejora salarial llegue tambi\u00e9n a las horas complementarias y a las trabajadoras y trabajadores a tiempo parcial que hacen jornadas por encima de lo que figura en sus contratos. El primer convenio denunciado ha sido el de la Dependencia y ayuda a domicilio, esta semana en la Audiencia Nacional, pero CCOO ya trabaja en el recurso de una empresa de , otra actividad muy feminizada, y en ampliar la estrategia en otros sectores como la limpieza, entre otros.\n    <\/p>\n<h2><strong>El respaldo de la justicia europea<\/strong><\/h2>\n<p>\n        Los servicios jur\u00eddicos de CCOO consideran que esta diferencia en la remuneraci\u00f3n de las horas complementarias y las extra incumple la obligaci\u00f3n europea de no discriminar a los trabajadores a tiempo parcial respecto a los que tienen jornadas completas, y adem\u00e1s, que incurre en una discriminaci\u00f3n indirecta por raz\u00f3n de g\u00e9nero, al perjudicar especialmente a las mujeres.\n    <\/p>\n<p>\n        Como respaldo, en el sindicato mencionan dos sentencias del Tribunal de Justicia de la UE, de octubre 2023 y de julio de 2024, que analizaron casos en Alemania en los que el personal con contratos a tiempo parcial que hac\u00eda horas por encima de su jornada habitual no recib\u00eda las mismas mejoras salariales que los empleados a tiempo completo que hac\u00edan horas extra.\n    <\/p>\n<p>\n        En uno de los casos, de un piloto, los magistrados concluyeron que no se justificaba esa diferencia retributiva, por lo que se estaba incurriendo en un trato \u201cmenos favorable\u201d a los empleados a tiempo parcial respecto a los trabajadores a tiempo completo, algo prohibido en la legislaci\u00f3n comunitaria. En el segundo de los casos, de trabajadoras en el sector de di\u00e1lisis ambulatoria, el TJUE concluy\u00f3 adem\u00e1s que se incurre en una desigualdad indirecta por raz\u00f3n de g\u00e9nero si esa normativa \u201csit\u00faa en desventaja a una proporci\u00f3n significativamente mayor de mujeres que de hombres\u201d.\n    <\/p>\n<p>\n        Adem\u00e1s, la Comisi\u00f3n Europea ha iniciado recientemente <a href=\"https:\/\/ec.europa.eu\/commission\/presscorner\/detail\/es\/inf_25_982\" rel=\"nofollow\">un procedimiento de infracci\u00f3n contra la Rep\u00fablica Checa<\/a> precisamente por estas dos discriminaciones (a los trabajadores con jornada parcial y a las mujeres de manera indirecta) debido a que seg\u00fan la legislaci\u00f3n checa los trabajadores a tiempo competo que hacen horas extraordinarias tienen derecho a una remuneraci\u00f3n suplementaria o, en su defecto, a permiso compensatorio desde la primera hora por encima de su jornada y no as\u00ed los empleados a tiempo parcial.\n    <\/p>\n<h2><strong>Objetivo de un cambio regulatorio<\/strong><\/h2>\n<p>\n        El sindicato explica que reclamar\u00e1 en los tribunales que los magistrados apliquen directamente la jurisprudencia europea, aumentando el pago de la hora complementaria de los convenios impugnados, equipar\u00e1ndola a la acordada para la hora extraordinaria. En su defecto, pedir\u00e1n que los tribunales eleven una pregunta prejudicial a la Justicia europea, para que se pronuncie expresamente sobre el caso espa\u00f1ol.\n    <\/p>\n<p>\n        No obstante, el objetivo es mayor, reconoce Javier Pacheco. El secretario de Acci\u00f3n Sindical de CCOO se\u00f1ala que el sindicato pretende \u201cabrir un escenario para una reforma regulatoria\u201d de los contratos a tiempo parcial en Espa\u00f1a, que reduzca su precariedad, y que tambi\u00e9n abra \u201cun debate m\u00e1s amplio\u201d sobre esta f\u00f3rmula contractual y la desigualdad que refleja respecto a los cuidados y la falta de corresponsabilidad en los hogares.\n    <\/p>\n<p>\n        \u201cLas mujeres se han incorporado plenamente al mercado de trabajo, pero los hombres no nos hemos incorporado igual a la corresponsabilidad\u201d, considera Pacheco, que cree que esta es \u201cuna oportunidad\u201d para abordar tambi\u00e9n estas desigualdades.\n    <\/p>\n<\/div>\n","protected":false},"excerpt":{"rendered":"<p>Las horas complementarias son un exceso de jornada de los trabajadores con contratos a tiempo parcial, la gran mayor\u00eda mujeres, y que se pagan igual que la hora ordinaria de trabajo. En cambio, las horas extraordinarias por encima de la jornada de los contratos a tiempo completo s\u00ed pueden remunerarse m\u00e1s, algo que sucede en<\/p>\n","protected":false},"author":1,"featured_media":253680,"comment_status":"open","ping_status":"open","sticky":false,"template":"","format":"standard","meta":{"footnotes":""},"categories":[61],"tags":[],"class_list":["post-253679","post","type-post","status-publish","format-standard","has-post-thumbnail","hentry","category-business-es"],"acf":[],"yoast_head":"<!-- This site is optimized with the Yoast SEO plugin v22.9 - https:\/\/yoast.com\/wordpress\/plugins\/seo\/ -->\n<title>Que las horas complementarias se paguen como las extra: la nueva ofensiva de CCOO en los tribunales - vof-news.eu<\/title>\n<meta name=\"description\" content=\"Las horas complementarias son un exceso de jornada de los trabajadores con contratos a tiempo parcial, la gran mayor\u00eda mujeres, y que se pagan igual que la hora ordinaria de trabajo. En cambio, las horas extraordinarias por encima de la jornada de los contratos a tiempo completo s\u00ed pueden remunerarse m\u00e1s, algo que sucede en muchos convenios colectivos. Con el respaldo de dos sentencias europeas, Comisiones Obreras ha iniciado una ofensiva en los tribunales para elevar la remuneraci\u00f3n de las horas complementarias, igual\u00e1ndolas a las extra, que ha arrancado con el sector de la dependencia, muy feminizado, y pretende extender a otros sectores y empresas.\" \/>\n<meta name=\"robots\" content=\"noindex, follow, max-snippet:-1, max-image-preview:large, max-video-preview:-1\" \/>\n<meta property=\"og:locale\" content=\"es_ES\" \/>\n<meta property=\"og:type\" content=\"article\" \/>\n<meta property=\"og:title\" content=\"Que las horas complementarias se paguen como las extra: la nueva ofensiva de CCOO en los tribunales - vof-news.eu\" \/>\n<meta property=\"og:description\" content=\"Las horas complementarias son un exceso de jornada de los trabajadores con contratos a tiempo parcial, la gran mayor\u00eda mujeres, y que se pagan igual que la hora ordinaria de trabajo. En cambio, las horas extraordinarias por encima de la jornada de los contratos a tiempo completo s\u00ed pueden remunerarse m\u00e1s, algo que sucede en muchos convenios colectivos. Con el respaldo de dos sentencias europeas, Comisiones Obreras ha iniciado una ofensiva en los tribunales para elevar la remuneraci\u00f3n de las horas complementarias, igual\u00e1ndolas a las extra, que ha arrancado con el sector de la dependencia, muy feminizado, y pretende extender a otros sectores y empresas.\" \/>\n<meta property=\"og:url\" content=\"https:\/\/vof-news.eu\/es\/que-las-horas-complementarias-se-paguen-como-las-extra-la-nueva-ofensiva-de-ccoo-en-los-tribunales\/\" \/>\n<meta property=\"og:site_name\" content=\"vof-news.eu\" \/>\n<meta property=\"article:published_time\" content=\"2025-07-14T04:19:30+00:00\" \/>\n<meta property=\"article:modified_time\" content=\"2025-07-14T04:20:08+00:00\" \/>\n<meta property=\"og:image\" content=\"https:\/\/vof-news.eu\/wp-content\/uploads\/2025\/07\/71661f47-cb09-422b-9760-5d7fa24dd173_16-9-discover-aspect-ratio_default_0.jpg\" \/>\n\t<meta property=\"og:image:width\" content=\"1200\" \/>\n\t<meta property=\"og:image:height\" content=\"675\" \/>\n\t<meta property=\"og:image:type\" content=\"image\/jpeg\" \/>\n<meta name=\"author\" content=\"Author\" \/>\n<meta name=\"twitter:card\" content=\"summary_large_image\" \/>\n<meta name=\"twitter:label1\" content=\"Escrito por\" \/>\n\t<meta name=\"twitter:data1\" content=\"Author\" \/>\n\t<meta name=\"twitter:label2\" content=\"Tiempo de lectura\" \/>\n\t<meta name=\"twitter:data2\" content=\"5 minutos\" \/>\n<script type=\"application\/ld+json\" class=\"yoast-schema-graph\">{\"@context\":\"https:\/\/schema.org\",\"@graph\":[{\"@type\":\"WebPage\",\"@id\":\"https:\/\/vof-news.eu\/es\/que-las-horas-complementarias-se-paguen-como-las-extra-la-nueva-ofensiva-de-ccoo-en-los-tribunales\/\",\"url\":\"https:\/\/vof-news.eu\/es\/que-las-horas-complementarias-se-paguen-como-las-extra-la-nueva-ofensiva-de-ccoo-en-los-tribunales\/\",\"name\":\"Que las horas complementarias se paguen como las extra: la nueva ofensiva de CCOO en los tribunales - vof-news.eu\",\"isPartOf\":{\"@id\":\"https:\/\/vof-news.eu\/es\/#website\"},\"primaryImageOfPage\":{\"@id\":\"https:\/\/vof-news.eu\/es\/que-las-horas-complementarias-se-paguen-como-las-extra-la-nueva-ofensiva-de-ccoo-en-los-tribunales\/#primaryimage\"},\"image\":{\"@id\":\"https:\/\/vof-news.eu\/es\/que-las-horas-complementarias-se-paguen-como-las-extra-la-nueva-ofensiva-de-ccoo-en-los-tribunales\/#primaryimage\"},\"thumbnailUrl\":\"https:\/\/vof-news.eu\/wp-content\/uploads\/2025\/07\/71661f47-cb09-422b-9760-5d7fa24dd173_16-9-discover-aspect-ratio_default_0.jpg\",\"datePublished\":\"2025-07-14T04:19:30+00:00\",\"dateModified\":\"2025-07-14T04:20:08+00:00\",\"author\":{\"@id\":\"https:\/\/vof-news.eu\/es\/#\/schema\/person\/f6a2a4309f0561835797fd8c19b333ed\"},\"description\":\"Las horas complementarias son un exceso de jornada de los trabajadores con contratos a tiempo parcial, la gran mayor\u00eda mujeres, y que se pagan igual que la hora ordinaria de trabajo. En cambio, las horas extraordinarias por encima de la jornada de los contratos a tiempo completo s\u00ed pueden remunerarse m\u00e1s, algo que sucede en muchos convenios colectivos. Con el respaldo de dos sentencias europeas, Comisiones Obreras ha iniciado una ofensiva en los tribunales para elevar la remuneraci\u00f3n de las horas complementarias, igual\u00e1ndolas a las extra, que ha arrancado con el sector de la dependencia, muy feminizado, y pretende extender a otros sectores y empresas.\",\"breadcrumb\":{\"@id\":\"https:\/\/vof-news.eu\/es\/que-las-horas-complementarias-se-paguen-como-las-extra-la-nueva-ofensiva-de-ccoo-en-los-tribunales\/#breadcrumb\"},\"inLanguage\":\"es\",\"potentialAction\":[{\"@type\":\"ReadAction\",\"target\":[\"https:\/\/vof-news.eu\/es\/que-las-horas-complementarias-se-paguen-como-las-extra-la-nueva-ofensiva-de-ccoo-en-los-tribunales\/\"]}]},{\"@type\":\"ImageObject\",\"inLanguage\":\"es\",\"@id\":\"https:\/\/vof-news.eu\/es\/que-las-horas-complementarias-se-paguen-como-las-extra-la-nueva-ofensiva-de-ccoo-en-los-tribunales\/#primaryimage\",\"url\":\"https:\/\/vof-news.eu\/wp-content\/uploads\/2025\/07\/71661f47-cb09-422b-9760-5d7fa24dd173_16-9-discover-aspect-ratio_default_0.jpg\",\"contentUrl\":\"https:\/\/vof-news.eu\/wp-content\/uploads\/2025\/07\/71661f47-cb09-422b-9760-5d7fa24dd173_16-9-discover-aspect-ratio_default_0.jpg\",\"width\":1200,\"height\":675},{\"@type\":\"BreadcrumbList\",\"@id\":\"https:\/\/vof-news.eu\/es\/que-las-horas-complementarias-se-paguen-como-las-extra-la-nueva-ofensiva-de-ccoo-en-los-tribunales\/#breadcrumb\",\"itemListElement\":[{\"@type\":\"ListItem\",\"position\":1,\"name\":\"Home\",\"item\":\"https:\/\/vof-news.eu\/es\/\"},{\"@type\":\"ListItem\",\"position\":2,\"name\":\"Que las horas complementarias se paguen como las extra: la nueva ofensiva de CCOO en los tribunales\"}]},{\"@type\":\"WebSite\",\"@id\":\"https:\/\/vof-news.eu\/es\/#website\",\"url\":\"https:\/\/vof-news.eu\/es\/\",\"name\":\"vof-news.eu\",\"description\":\"\",\"potentialAction\":[{\"@type\":\"SearchAction\",\"target\":{\"@type\":\"EntryPoint\",\"urlTemplate\":\"https:\/\/vof-news.eu\/es\/?s={search_term_string}\"},\"query-input\":\"required name=search_term_string\"}],\"inLanguage\":\"es\"},{\"@type\":\"Person\",\"@id\":\"https:\/\/vof-news.eu\/es\/#\/schema\/person\/f6a2a4309f0561835797fd8c19b333ed\",\"name\":\"Author\",\"image\":{\"@type\":\"ImageObject\",\"inLanguage\":\"es\",\"@id\":\"https:\/\/vof-news.eu\/es\/#\/schema\/person\/image\/\",\"url\":\"https:\/\/secure.gravatar.com\/avatar\/b67e614b1b25b3e9c0c239efdd2fde5ab015b5affd6f1c3c85911ca4b384e790?s=96&d=mm&r=g\",\"contentUrl\":\"https:\/\/secure.gravatar.com\/avatar\/b67e614b1b25b3e9c0c239efdd2fde5ab015b5affd6f1c3c85911ca4b384e790?s=96&d=mm&r=g\",\"caption\":\"Author\"},\"sameAs\":[\"http:\/\/vof-news.eu\"],\"url\":\"https:\/\/vof-news.eu\/es\/author\/zwt6qxnjulxbnyg\/\"}]}<\/script>\n<!-- \/ Yoast SEO plugin. -->","yoast_head_json":{"title":"Que las horas complementarias se paguen como las extra: la nueva ofensiva de CCOO en los tribunales - vof-news.eu","description":"Las horas complementarias son un exceso de jornada de los trabajadores con contratos a tiempo parcial, la gran mayor\u00eda mujeres, y que se pagan igual que la hora ordinaria de trabajo. En cambio, las horas extraordinarias por encima de la jornada de los contratos a tiempo completo s\u00ed pueden remunerarse m\u00e1s, algo que sucede en muchos convenios colectivos. Con el respaldo de dos sentencias europeas, Comisiones Obreras ha iniciado una ofensiva en los tribunales para elevar la remuneraci\u00f3n de las horas complementarias, igual\u00e1ndolas a las extra, que ha arrancado con el sector de la dependencia, muy feminizado, y pretende extender a otros sectores y empresas.","robots":{"index":"noindex","follow":"follow","max-snippet":"max-snippet:-1","max-image-preview":"max-image-preview:large","max-video-preview":"max-video-preview:-1"},"og_locale":"es_ES","og_type":"article","og_title":"Que las horas complementarias se paguen como las extra: la nueva ofensiva de CCOO en los tribunales - vof-news.eu","og_description":"Las horas complementarias son un exceso de jornada de los trabajadores con contratos a tiempo parcial, la gran mayor\u00eda mujeres, y que se pagan igual que la hora ordinaria de trabajo. En cambio, las horas extraordinarias por encima de la jornada de los contratos a tiempo completo s\u00ed pueden remunerarse m\u00e1s, algo que sucede en muchos convenios colectivos. Con el respaldo de dos sentencias europeas, Comisiones Obreras ha iniciado una ofensiva en los tribunales para elevar la remuneraci\u00f3n de las horas complementarias, igual\u00e1ndolas a las extra, que ha arrancado con el sector de la dependencia, muy feminizado, y pretende extender a otros sectores y empresas.","og_url":"https:\/\/vof-news.eu\/es\/que-las-horas-complementarias-se-paguen-como-las-extra-la-nueva-ofensiva-de-ccoo-en-los-tribunales\/","og_site_name":"vof-news.eu","article_published_time":"2025-07-14T04:19:30+00:00","article_modified_time":"2025-07-14T04:20:08+00:00","og_image":[{"width":1200,"height":675,"url":"https:\/\/vof-news.eu\/wp-content\/uploads\/2025\/07\/71661f47-cb09-422b-9760-5d7fa24dd173_16-9-discover-aspect-ratio_default_0.jpg","type":"image\/jpeg"}],"author":"Author","twitter_card":"summary_large_image","twitter_misc":{"Escrito por":"Author","Tiempo de lectura":"5 minutos"},"schema":{"@context":"https:\/\/schema.org","@graph":[{"@type":"WebPage","@id":"https:\/\/vof-news.eu\/es\/que-las-horas-complementarias-se-paguen-como-las-extra-la-nueva-ofensiva-de-ccoo-en-los-tribunales\/","url":"https:\/\/vof-news.eu\/es\/que-las-horas-complementarias-se-paguen-como-las-extra-la-nueva-ofensiva-de-ccoo-en-los-tribunales\/","name":"Que las horas complementarias se paguen como las extra: la nueva ofensiva de CCOO en los tribunales - vof-news.eu","isPartOf":{"@id":"https:\/\/vof-news.eu\/es\/#website"},"primaryImageOfPage":{"@id":"https:\/\/vof-news.eu\/es\/que-las-horas-complementarias-se-paguen-como-las-extra-la-nueva-ofensiva-de-ccoo-en-los-tribunales\/#primaryimage"},"image":{"@id":"https:\/\/vof-news.eu\/es\/que-las-horas-complementarias-se-paguen-como-las-extra-la-nueva-ofensiva-de-ccoo-en-los-tribunales\/#primaryimage"},"thumbnailUrl":"https:\/\/vof-news.eu\/wp-content\/uploads\/2025\/07\/71661f47-cb09-422b-9760-5d7fa24dd173_16-9-discover-aspect-ratio_default_0.jpg","datePublished":"2025-07-14T04:19:30+00:00","dateModified":"2025-07-14T04:20:08+00:00","author":{"@id":"https:\/\/vof-news.eu\/es\/#\/schema\/person\/f6a2a4309f0561835797fd8c19b333ed"},"description":"Las horas complementarias son un exceso de jornada de los trabajadores con contratos a tiempo parcial, la gran mayor\u00eda mujeres, y que se pagan igual que la hora ordinaria de trabajo. En cambio, las horas extraordinarias por encima de la jornada de los contratos a tiempo completo s\u00ed pueden remunerarse m\u00e1s, algo que sucede en muchos convenios colectivos. Con el respaldo de dos sentencias europeas, Comisiones Obreras ha iniciado una ofensiva en los tribunales para elevar la remuneraci\u00f3n de las horas complementarias, igual\u00e1ndolas a las extra, que ha arrancado con el sector de la dependencia, muy feminizado, y pretende extender a otros sectores y empresas.","breadcrumb":{"@id":"https:\/\/vof-news.eu\/es\/que-las-horas-complementarias-se-paguen-como-las-extra-la-nueva-ofensiva-de-ccoo-en-los-tribunales\/#breadcrumb"},"inLanguage":"es","potentialAction":[{"@type":"ReadAction","target":["https:\/\/vof-news.eu\/es\/que-las-horas-complementarias-se-paguen-como-las-extra-la-nueva-ofensiva-de-ccoo-en-los-tribunales\/"]}]},{"@type":"ImageObject","inLanguage":"es","@id":"https:\/\/vof-news.eu\/es\/que-las-horas-complementarias-se-paguen-como-las-extra-la-nueva-ofensiva-de-ccoo-en-los-tribunales\/#primaryimage","url":"https:\/\/vof-news.eu\/wp-content\/uploads\/2025\/07\/71661f47-cb09-422b-9760-5d7fa24dd173_16-9-discover-aspect-ratio_default_0.jpg","contentUrl":"https:\/\/vof-news.eu\/wp-content\/uploads\/2025\/07\/71661f47-cb09-422b-9760-5d7fa24dd173_16-9-discover-aspect-ratio_default_0.jpg","width":1200,"height":675},{"@type":"BreadcrumbList","@id":"https:\/\/vof-news.eu\/es\/que-las-horas-complementarias-se-paguen-como-las-extra-la-nueva-ofensiva-de-ccoo-en-los-tribunales\/#breadcrumb","itemListElement":[{"@type":"ListItem","position":1,"name":"Home","item":"https:\/\/vof-news.eu\/es\/"},{"@type":"ListItem","position":2,"name":"Que las horas complementarias se paguen como las extra: la nueva ofensiva de CCOO en los tribunales"}]},{"@type":"WebSite","@id":"https:\/\/vof-news.eu\/es\/#website","url":"https:\/\/vof-news.eu\/es\/","name":"vof-news.eu","description":"","potentialAction":[{"@type":"SearchAction","target":{"@type":"EntryPoint","urlTemplate":"https:\/\/vof-news.eu\/es\/?s={search_term_string}"},"query-input":"required name=search_term_string"}],"inLanguage":"es"},{"@type":"Person","@id":"https:\/\/vof-news.eu\/es\/#\/schema\/person\/f6a2a4309f0561835797fd8c19b333ed","name":"Author","image":{"@type":"ImageObject","inLanguage":"es","@id":"https:\/\/vof-news.eu\/es\/#\/schema\/person\/image\/","url":"https:\/\/secure.gravatar.com\/avatar\/b67e614b1b25b3e9c0c239efdd2fde5ab015b5affd6f1c3c85911ca4b384e790?s=96&d=mm&r=g","contentUrl":"https:\/\/secure.gravatar.com\/avatar\/b67e614b1b25b3e9c0c239efdd2fde5ab015b5affd6f1c3c85911ca4b384e790?s=96&d=mm&r=g","caption":"Author"},"sameAs":["http:\/\/vof-news.eu"],"url":"https:\/\/vof-news.eu\/es\/author\/zwt6qxnjulxbnyg\/"}]}},"yoast_meta":{"yoast_wpseo_title":"","yoast_wpseo_metadesc":"","yoast_wpseo_canonical":""},"_links":{"self":[{"href":"https:\/\/vof-news.eu\/es\/wp-json\/wp\/v2\/posts\/253679","targetHints":{"allow":["GET"]}}],"collection":[{"href":"https:\/\/vof-news.eu\/es\/wp-json\/wp\/v2\/posts"}],"about":[{"href":"https:\/\/vof-news.eu\/es\/wp-json\/wp\/v2\/types\/post"}],"author":[{"embeddable":true,"href":"https:\/\/vof-news.eu\/es\/wp-json\/wp\/v2\/users\/1"}],"replies":[{"embeddable":true,"href":"https:\/\/vof-news.eu\/es\/wp-json\/wp\/v2\/comments?post=253679"}],"version-history":[{"count":1,"href":"https:\/\/vof-news.eu\/es\/wp-json\/wp\/v2\/posts\/253679\/revisions"}],"predecessor-version":[{"id":253686,"href":"https:\/\/vof-news.eu\/es\/wp-json\/wp\/v2\/posts\/253679\/revisions\/253686"}],"wp:featuredmedia":[{"embeddable":true,"href":"https:\/\/vof-news.eu\/es\/wp-json\/wp\/v2\/media\/253680"}],"wp:attachment":[{"href":"https:\/\/vof-news.eu\/es\/wp-json\/wp\/v2\/media?parent=253679"}],"wp:term":[{"taxonomy":"category","embeddable":true,"href":"https:\/\/vof-news.eu\/es\/wp-json\/wp\/v2\/categories?post=253679"},{"taxonomy":"post_tag","embeddable":true,"href":"https:\/\/vof-news.eu\/es\/wp-json\/wp\/v2\/tags?post=253679"}],"curies":[{"name":"wp","href":"https:\/\/api.w.org\/{rel}","templated":true}]}}