{"id":253216,"date":"2025-07-13T07:19:37","date_gmt":"2025-07-13T04:19:37","guid":{"rendered":"https:\/\/vof-news.eu\/las-sanciones-por-saltarse-la-ley-de-la-cadena-alimentaria-caen-a-minimos-y-el-campo-reclama-mas-inspecciones\/"},"modified":"2025-07-13T07:20:06","modified_gmt":"2025-07-13T04:20:06","slug":"las-sanciones-por-saltarse-la-ley-de-la-cadena-alimentaria-caen-a-minimos-y-el-campo-reclama-mas-inspecciones","status":"publish","type":"post","link":"https:\/\/vof-news.eu\/es\/las-sanciones-por-saltarse-la-ley-de-la-cadena-alimentaria-caen-a-minimos-y-el-campo-reclama-mas-inspecciones\/","title":{"rendered":"Las sanciones por saltarse la Ley de la Cadena Alimentaria caen a m\u00ednimos y el campo reclama m\u00e1s inspecciones"},"content":{"rendered":"<div>\n<p>\n        El <a href=\"https:\/\/www.eldiario.es\/economia\/anos-ley-cadena-alimentaria-300-multas-1-35-millones-dia-carrefour-alcampo-makro-sancionados_1_11771659.html\" rel=\"nofollow\">volumen de sanciones por saltarse la Ley de la Cadena Alimentaria<\/a> ha ca\u00eddo a las cifras m\u00e1s bajas desde hace casi tres a\u00f1os, cuando comenzaron a hacerse p\u00fablicas las empresas que incumplen esta legislaci\u00f3n. Se trata de una norma relativamente joven, que busca <a href=\"https:\/\/www.eldiario.es\/economia\/ley-cadena-alimentaria-afecta-granjeros-supermercados-consumidores_1_8544309.html\" rel=\"nofollow\">regular las pr\u00e1cticas comerciales y de fijaci\u00f3n de precios entre los diferentes actores de la cadena de producci\u00f3n de alimentos<\/a>, desde los agricultores y ganaderos, pasando por los envasadores y la industria alimentaria hasta llegar a las empresas de distribuci\u00f3n, como los &#8216;h\u00edper&#8217; o los supermercados. Cuando se incumplen esas pr\u00e1cticas, el Ministerio de Agricultura, Pesca y Alimentaci\u00f3n lo hace p\u00fablico, trimestralmente. Sin embargo, para el sector primario tanto esas sanciones, como las inspecciones que llevan a ellas, son claramente insuficientes.\n    <\/p>\n<p>\n        La Agencia de Informaci\u00f3n y Control Alimentarios (AICA), que depende del Ministerio, ha publicado las sanciones del segundo trimestre de este ejercicio. En total, 18 multas impuestas a 17 empresas diferentes. En esos tres meses, hay una compa\u00f1\u00eda que repite, la aceitera Jacoliva. En uno de sus casos, por saltarse los plazos de pago. Esos tiempos, legalmente, pueden alcanzar un m\u00e1ximo de 30 d\u00edas si se trata de alimentos frescos y 60 d\u00edas en el resto de productos. En el otro caso, por no incorporar en el contrato el precio acordado entre las partes.\n    <\/p>\n<p>\n        Esas 18 sanciones constituyen la segunda cifra m\u00e1s baja de multas trimestrales desde que se publican estos incumplimientos, hace casi tres a\u00f1os. En total, entre marzo y junio de este a\u00f1o, esos castigos por saltarse la legislaci\u00f3n han sumado 211.000 euros. La infracci\u00f3n m\u00e1s baja se situ\u00f3 en 1.800 euros y, en la mayor\u00eda de casos, fueron incumplimientos de los plazos de pago.\n    <\/p>\n<p>\n        La multa m\u00e1s alta del trimestre supera los 79.000 euros. Esta se ha impuesto a la compa\u00f1\u00eda Aperitivos y Extrusionados, de nuevo, por incumplir los tiempos a la hora de pagar a los proveedores. Esta empresa no es muy conocida por su denominaci\u00f3n social, pero s\u00ed por algunas de las marcas que comercializa, como Aspitos o las patatas fritas Vicente Vidal, entre otras.\n    <\/p>\n<p>\n        En el listado de sanciones del segundo trimestre publicado por la AICA no hay gigantes de la distribuci\u00f3n, ni algunos de los grandes nombres de la industria alimentaria que han aparecido en ocasiones anteriores. <a href=\"https:\/\/www.eldiario.es\/economia\/dia-recibe-sancion-record-saltarse-ley-cadena-alimentaria-100-000-obstruir-inspecciones_1_11572044.html\" rel=\"nofollow\">Entre los primeros est\u00e1n empresas como Dia, Carrefour o Alcampo<\/a>. Y, <a href=\"https:\/\/www.eldiario.es\/castilla-la-mancha\/agroalimentaria\/garcia-carrion-pistachos-mancha-empresas-sancionadas-incumplir-ley-cadena-alimentaria_1_9978258.html\" rel=\"nofollow\">entre las segundas, el grupo Garc\u00eda Carri\u00f3n<\/a> o las aceiteras Dcoop y Coosur.\n    <\/p>\n<p>\n        En el siguiente gr\u00e1fico se pueden comprobar las sanciones acordadas por la AICA en el segundo trimestre del a\u00f1o, as\u00ed como todas las decididas a lo largo de los \u00faltimos a\u00f1os.\n    <\/p>\n<p>\n        La AICA solo publica las sanciones cuando son oficiales ya sea por v\u00eda administrativa o judicial, por lo que son procedimientos que llevan meses o a\u00f1os desde que echaron a andar. En total, en casi tres ejercicios, se han superado las 350 infracciones que han sumado cerca de dos millones de euros.\n    <\/p>\n<h2>Las cr\u00edticas del sector agrario<\/h2>\n<p>\n        El sector primario es muy cr\u00edtico con el desarrollo e implementaci\u00f3n de la Ley de la Cadena Alimentaria, aunque la consideran necesaria. Por un lado, porque solo se publica el nombre de la empresa, el motivo gen\u00e9rico de la multa y la cuant\u00eda, pero no se saben los detalles sobre las infracciones. Por otro lado, entienden que no hay suficientes inspecciones por parte de las administraciones y, adem\u00e1s, las sanciones son muy bajas para resultar disuasorias.\n    <\/p>\n<p>\n        Las multas por saltarse la Ley de la Cadena parten de un m\u00ednimo de 250 euros, cuando se trata de cuestiones leves; y pueden llegar al mill\u00f3n de euros en funci\u00f3n de la gravedad y si se ha reincidido en esa pr\u00e1ctica incorrecta. La m\u00e1s alta, hasta la fecha, ha superado los 138.000 euros y se impuso a Limones L\u00e1zaro El Lurdo por no formalizar por escrito los contratos alimentarios.\n    <\/p>\n<p>\n        Las organizaciones agrarias han solicitado en diversas ocasiones que se refuerce la ley y la supervisi\u00f3n. Hace unos d\u00edas, el secretario general de la Uni\u00f3n de Peque\u00f1os Agricultores y Ganaderos (UPA), Crist\u00f3bal Cano, reclam\u00f3 la puesta en marcha de un observatorio de los costes de producci\u00f3n, con la implicaci\u00f3n de las comunidades aut\u00f3nomas. Tambi\u00e9n, que se cumpla el objetivo de elevar el rango de la AICA \u201cpara que tenga m\u00e1s medios materiales, humanos y las sanciones sean m\u00e1s importantes, para reforzar el papel de los agricultores y ganaderos en la cadena de valor\u201d, inst\u00f3.\n    <\/p>\n<p>\n        Ese <a href=\"https:\/\/www.eldiario.es\/economia\/planas-firma-paquete-medidas-campo-upa-rompe-unidad-organizaciones-agrarias_1_11261428.html\" rel=\"nofollow\">refuerzo de la AICA ya estaba contemplado en el listado de acuerdos que alcanzaron hace m\u00e1s de un a\u00f1o las organizaciones agrarias y el Ministerio de Agricultura<\/a>, tras las protestas del campo. Sin embargo, el Congreso de los Diputados, con los votos del PP y Vox, vot\u00f3 en contra de una enmienda \u2013en la legislaci\u00f3n sobre desperdicio alimentario\u2013 que hubiera dotado a la AICA de mayores capacidades de inspecci\u00f3n y sanci\u00f3n. \u201cQue quien la ha rechazado en las Cortes quede retratado, porque hay que reforzar la AICA, lo contrario es dar la espalda al campo\u201d, asegur\u00f3 durante un acto de UPA su secretario general.\n    <\/p>\n<p>\n        En ese mismo evento, el ministro Luis Planas, indic\u00f3 que el refuerzo de esta agencia de informaci\u00f3n y control alimentario sigue sobre la mesa. \u201cTodos los partidos de derechas votaron en contra, pero antes o despu\u00e9s lo lograremos\u201d, remarc\u00f3 Planas. \u201cLa gran contradicci\u00f3n de aquellos que se golpean el pecho diciendo que defienden los intereses de Espa\u00f1a, de los agricultores y ganaderos\u201d es que \u201ccuando hay una media que les apoya, no la respaldan. Que cada uno saque su lecci\u00f3n\u201d, concluy\u00f3.\n    <\/p>\n<p>\n        En los \u00faltimos meses, una de las grandes quejas del sector primario es la evoluci\u00f3n del aceite de oliva. Argumentan que la bajada en los precios que se pagan a los olivareros ha sido mucho m\u00e1s r\u00e1pida y acusada que la trasladada a los consumidores. Por ello, muchos productores no estar\u00edan cubriendo sus gastos de producci\u00f3n, con lo que se estar\u00eda incumpliendo la Ley de la Cadena. De hecho, la <a href=\"https:\/\/www.eldiario.es\/economia\/organizacion-agraria-coag-denuncia-competencia-posible-pacto-precios-aceite-oliva_1_12294115.html\" rel=\"nofollow\">Coordinadora de Organizaciones Agrarias y Ganaderas (COAG) present\u00f3 una denuncia ante Competencia<\/a> por un posible pacto de precios en el aceite de oliva. \u201cCada d\u00eda, el sector del aceite de oliva est\u00e1 perdiendo ocho millones de euros\u201d, asegur\u00f3 esta organizaci\u00f3n al presentar su denuncia ante la CNMC.\n    <\/p>\n<\/div>\n","protected":false},"excerpt":{"rendered":"<p>El volumen de sanciones por saltarse la Ley de la Cadena Alimentaria ha ca\u00eddo a las cifras m\u00e1s bajas desde hace casi tres a\u00f1os, cuando comenzaron a hacerse p\u00fablicas las empresas que incumplen esta legislaci\u00f3n. Se trata de una norma relativamente joven, que busca regular las pr\u00e1cticas comerciales y de fijaci\u00f3n de precios entre los<\/p>\n","protected":false},"author":1,"featured_media":253217,"comment_status":"open","ping_status":"open","sticky":false,"template":"","format":"standard","meta":{"footnotes":""},"categories":[61],"tags":[],"class_list":["post-253216","post","type-post","status-publish","format-standard","has-post-thumbnail","hentry","category-business-es"],"acf":[],"yoast_head":"<!-- This site is optimized with the Yoast SEO plugin v22.9 - https:\/\/yoast.com\/wordpress\/plugins\/seo\/ -->\n<title>Las sanciones por saltarse la Ley de la Cadena Alimentaria caen a m\u00ednimos y el campo reclama m\u00e1s inspecciones - vof-news.eu<\/title>\n<meta name=\"description\" content=\"El volumen de sanciones por saltarse la Ley de la Cadena Alimentaria ha ca\u00eddo a las cifras m\u00e1s bajas desde hace casi tres a\u00f1os, cuando comenzaron a hacerse p\u00fablicas las empresas que incumplen esta legislaci\u00f3n. Se trata de una norma relativamente joven, que busca regular las pr\u00e1cticas comerciales y de fijaci\u00f3n de precios entre los diferentes actores de la cadena de producci\u00f3n de alimentos, desde los agricultores y ganaderos, pasando por los envasadores y la industria alimentaria hasta llegar a las empresas de distribuci\u00f3n, como los &#039;h\u00edper&#039; o los supermercados. Cuando se incumplen esas pr\u00e1cticas, el Ministerio de Agricultura, Pesca y Alimentaci\u00f3n lo hace p\u00fablico, trimestralmente. Sin embargo, para el sector primario tanto esas sanciones, como las inspecciones que llevan a ellas, son claramente insuficientes.\" \/>\n<meta name=\"robots\" content=\"noindex, follow, max-snippet:-1, max-image-preview:large, max-video-preview:-1\" \/>\n<meta property=\"og:locale\" content=\"es_ES\" \/>\n<meta property=\"og:type\" content=\"article\" \/>\n<meta property=\"og:title\" content=\"Las sanciones por saltarse la Ley de la Cadena Alimentaria caen a m\u00ednimos y el campo reclama m\u00e1s inspecciones - vof-news.eu\" \/>\n<meta property=\"og:description\" content=\"El volumen de sanciones por saltarse la Ley de la Cadena Alimentaria ha ca\u00eddo a las cifras m\u00e1s bajas desde hace casi tres a\u00f1os, cuando comenzaron a hacerse p\u00fablicas las empresas que incumplen esta legislaci\u00f3n. Se trata de una norma relativamente joven, que busca regular las pr\u00e1cticas comerciales y de fijaci\u00f3n de precios entre los diferentes actores de la cadena de producci\u00f3n de alimentos, desde los agricultores y ganaderos, pasando por los envasadores y la industria alimentaria hasta llegar a las empresas de distribuci\u00f3n, como los &#039;h\u00edper&#039; o los supermercados. Cuando se incumplen esas pr\u00e1cticas, el Ministerio de Agricultura, Pesca y Alimentaci\u00f3n lo hace p\u00fablico, trimestralmente. Sin embargo, para el sector primario tanto esas sanciones, como las inspecciones que llevan a ellas, son claramente insuficientes.\" \/>\n<meta property=\"og:url\" content=\"https:\/\/vof-news.eu\/es\/las-sanciones-por-saltarse-la-ley-de-la-cadena-alimentaria-caen-a-minimos-y-el-campo-reclama-mas-inspecciones\/\" \/>\n<meta property=\"og:site_name\" content=\"vof-news.eu\" \/>\n<meta property=\"article:published_time\" content=\"2025-07-13T04:19:37+00:00\" \/>\n<meta property=\"article:modified_time\" content=\"2025-07-13T04:20:06+00:00\" \/>\n<meta property=\"og:image\" content=\"https:\/\/vof-news.eu\/wp-content\/uploads\/2025\/07\/50a27f98-24ad-4704-8ccb-66c5b1af86b6_16-9-discover-aspect-ratio_default_0.jpg\" \/>\n\t<meta property=\"og:image:width\" content=\"1200\" \/>\n\t<meta property=\"og:image:height\" content=\"675\" \/>\n\t<meta property=\"og:image:type\" content=\"image\/jpeg\" \/>\n<meta name=\"author\" content=\"Author\" \/>\n<meta name=\"twitter:card\" content=\"summary_large_image\" \/>\n<meta name=\"twitter:label1\" content=\"Escrito por\" \/>\n\t<meta name=\"twitter:data1\" content=\"Author\" \/>\n\t<meta name=\"twitter:label2\" content=\"Tiempo de lectura\" \/>\n\t<meta name=\"twitter:data2\" content=\"6 minutos\" \/>\n<script type=\"application\/ld+json\" class=\"yoast-schema-graph\">{\"@context\":\"https:\/\/schema.org\",\"@graph\":[{\"@type\":\"WebPage\",\"@id\":\"https:\/\/vof-news.eu\/es\/las-sanciones-por-saltarse-la-ley-de-la-cadena-alimentaria-caen-a-minimos-y-el-campo-reclama-mas-inspecciones\/\",\"url\":\"https:\/\/vof-news.eu\/es\/las-sanciones-por-saltarse-la-ley-de-la-cadena-alimentaria-caen-a-minimos-y-el-campo-reclama-mas-inspecciones\/\",\"name\":\"Las sanciones por saltarse la Ley de la Cadena Alimentaria caen a m\u00ednimos y el campo reclama m\u00e1s inspecciones - vof-news.eu\",\"isPartOf\":{\"@id\":\"https:\/\/vof-news.eu\/es\/#website\"},\"primaryImageOfPage\":{\"@id\":\"https:\/\/vof-news.eu\/es\/las-sanciones-por-saltarse-la-ley-de-la-cadena-alimentaria-caen-a-minimos-y-el-campo-reclama-mas-inspecciones\/#primaryimage\"},\"image\":{\"@id\":\"https:\/\/vof-news.eu\/es\/las-sanciones-por-saltarse-la-ley-de-la-cadena-alimentaria-caen-a-minimos-y-el-campo-reclama-mas-inspecciones\/#primaryimage\"},\"thumbnailUrl\":\"https:\/\/vof-news.eu\/wp-content\/uploads\/2025\/07\/50a27f98-24ad-4704-8ccb-66c5b1af86b6_16-9-discover-aspect-ratio_default_0.jpg\",\"datePublished\":\"2025-07-13T04:19:37+00:00\",\"dateModified\":\"2025-07-13T04:20:06+00:00\",\"author\":{\"@id\":\"https:\/\/vof-news.eu\/es\/#\/schema\/person\/f6a2a4309f0561835797fd8c19b333ed\"},\"description\":\"El volumen de sanciones por saltarse la Ley de la Cadena Alimentaria ha ca\u00eddo a las cifras m\u00e1s bajas desde hace casi tres a\u00f1os, cuando comenzaron a hacerse p\u00fablicas las empresas que incumplen esta legislaci\u00f3n. Se trata de una norma relativamente joven, que busca regular las pr\u00e1cticas comerciales y de fijaci\u00f3n de precios entre los diferentes actores de la cadena de producci\u00f3n de alimentos, desde los agricultores y ganaderos, pasando por los envasadores y la industria alimentaria hasta llegar a las empresas de distribuci\u00f3n, como los 'h\u00edper' o los supermercados. Cuando se incumplen esas pr\u00e1cticas, el Ministerio de Agricultura, Pesca y Alimentaci\u00f3n lo hace p\u00fablico, trimestralmente. Sin embargo, para el sector primario tanto esas sanciones, como las inspecciones que llevan a ellas, son claramente insuficientes.\",\"breadcrumb\":{\"@id\":\"https:\/\/vof-news.eu\/es\/las-sanciones-por-saltarse-la-ley-de-la-cadena-alimentaria-caen-a-minimos-y-el-campo-reclama-mas-inspecciones\/#breadcrumb\"},\"inLanguage\":\"es\",\"potentialAction\":[{\"@type\":\"ReadAction\",\"target\":[\"https:\/\/vof-news.eu\/es\/las-sanciones-por-saltarse-la-ley-de-la-cadena-alimentaria-caen-a-minimos-y-el-campo-reclama-mas-inspecciones\/\"]}]},{\"@type\":\"ImageObject\",\"inLanguage\":\"es\",\"@id\":\"https:\/\/vof-news.eu\/es\/las-sanciones-por-saltarse-la-ley-de-la-cadena-alimentaria-caen-a-minimos-y-el-campo-reclama-mas-inspecciones\/#primaryimage\",\"url\":\"https:\/\/vof-news.eu\/wp-content\/uploads\/2025\/07\/50a27f98-24ad-4704-8ccb-66c5b1af86b6_16-9-discover-aspect-ratio_default_0.jpg\",\"contentUrl\":\"https:\/\/vof-news.eu\/wp-content\/uploads\/2025\/07\/50a27f98-24ad-4704-8ccb-66c5b1af86b6_16-9-discover-aspect-ratio_default_0.jpg\",\"width\":1200,\"height\":675},{\"@type\":\"BreadcrumbList\",\"@id\":\"https:\/\/vof-news.eu\/es\/las-sanciones-por-saltarse-la-ley-de-la-cadena-alimentaria-caen-a-minimos-y-el-campo-reclama-mas-inspecciones\/#breadcrumb\",\"itemListElement\":[{\"@type\":\"ListItem\",\"position\":1,\"name\":\"Home\",\"item\":\"https:\/\/vof-news.eu\/es\/\"},{\"@type\":\"ListItem\",\"position\":2,\"name\":\"Las sanciones por saltarse la Ley de la Cadena Alimentaria caen a m\u00ednimos y el campo reclama m\u00e1s inspecciones\"}]},{\"@type\":\"WebSite\",\"@id\":\"https:\/\/vof-news.eu\/es\/#website\",\"url\":\"https:\/\/vof-news.eu\/es\/\",\"name\":\"vof-news.eu\",\"description\":\"\",\"potentialAction\":[{\"@type\":\"SearchAction\",\"target\":{\"@type\":\"EntryPoint\",\"urlTemplate\":\"https:\/\/vof-news.eu\/es\/?s={search_term_string}\"},\"query-input\":\"required name=search_term_string\"}],\"inLanguage\":\"es\"},{\"@type\":\"Person\",\"@id\":\"https:\/\/vof-news.eu\/es\/#\/schema\/person\/f6a2a4309f0561835797fd8c19b333ed\",\"name\":\"Author\",\"image\":{\"@type\":\"ImageObject\",\"inLanguage\":\"es\",\"@id\":\"https:\/\/vof-news.eu\/es\/#\/schema\/person\/image\/\",\"url\":\"https:\/\/secure.gravatar.com\/avatar\/b67e614b1b25b3e9c0c239efdd2fde5ab015b5affd6f1c3c85911ca4b384e790?s=96&d=mm&r=g\",\"contentUrl\":\"https:\/\/secure.gravatar.com\/avatar\/b67e614b1b25b3e9c0c239efdd2fde5ab015b5affd6f1c3c85911ca4b384e790?s=96&d=mm&r=g\",\"caption\":\"Author\"},\"sameAs\":[\"http:\/\/vof-news.eu\"],\"url\":\"https:\/\/vof-news.eu\/es\/author\/zwt6qxnjulxbnyg\/\"}]}<\/script>\n<!-- \/ Yoast SEO plugin. -->","yoast_head_json":{"title":"Las sanciones por saltarse la Ley de la Cadena Alimentaria caen a m\u00ednimos y el campo reclama m\u00e1s inspecciones - vof-news.eu","description":"El volumen de sanciones por saltarse la Ley de la Cadena Alimentaria ha ca\u00eddo a las cifras m\u00e1s bajas desde hace casi tres a\u00f1os, cuando comenzaron a hacerse p\u00fablicas las empresas que incumplen esta legislaci\u00f3n. Se trata de una norma relativamente joven, que busca regular las pr\u00e1cticas comerciales y de fijaci\u00f3n de precios entre los diferentes actores de la cadena de producci\u00f3n de alimentos, desde los agricultores y ganaderos, pasando por los envasadores y la industria alimentaria hasta llegar a las empresas de distribuci\u00f3n, como los 'h\u00edper' o los supermercados. Cuando se incumplen esas pr\u00e1cticas, el Ministerio de Agricultura, Pesca y Alimentaci\u00f3n lo hace p\u00fablico, trimestralmente. Sin embargo, para el sector primario tanto esas sanciones, como las inspecciones que llevan a ellas, son claramente insuficientes.","robots":{"index":"noindex","follow":"follow","max-snippet":"max-snippet:-1","max-image-preview":"max-image-preview:large","max-video-preview":"max-video-preview:-1"},"og_locale":"es_ES","og_type":"article","og_title":"Las sanciones por saltarse la Ley de la Cadena Alimentaria caen a m\u00ednimos y el campo reclama m\u00e1s inspecciones - vof-news.eu","og_description":"El volumen de sanciones por saltarse la Ley de la Cadena Alimentaria ha ca\u00eddo a las cifras m\u00e1s bajas desde hace casi tres a\u00f1os, cuando comenzaron a hacerse p\u00fablicas las empresas que incumplen esta legislaci\u00f3n. Se trata de una norma relativamente joven, que busca regular las pr\u00e1cticas comerciales y de fijaci\u00f3n de precios entre los diferentes actores de la cadena de producci\u00f3n de alimentos, desde los agricultores y ganaderos, pasando por los envasadores y la industria alimentaria hasta llegar a las empresas de distribuci\u00f3n, como los 'h\u00edper' o los supermercados. Cuando se incumplen esas pr\u00e1cticas, el Ministerio de Agricultura, Pesca y Alimentaci\u00f3n lo hace p\u00fablico, trimestralmente. Sin embargo, para el sector primario tanto esas sanciones, como las inspecciones que llevan a ellas, son claramente insuficientes.","og_url":"https:\/\/vof-news.eu\/es\/las-sanciones-por-saltarse-la-ley-de-la-cadena-alimentaria-caen-a-minimos-y-el-campo-reclama-mas-inspecciones\/","og_site_name":"vof-news.eu","article_published_time":"2025-07-13T04:19:37+00:00","article_modified_time":"2025-07-13T04:20:06+00:00","og_image":[{"width":1200,"height":675,"url":"https:\/\/vof-news.eu\/wp-content\/uploads\/2025\/07\/50a27f98-24ad-4704-8ccb-66c5b1af86b6_16-9-discover-aspect-ratio_default_0.jpg","type":"image\/jpeg"}],"author":"Author","twitter_card":"summary_large_image","twitter_misc":{"Escrito por":"Author","Tiempo de lectura":"6 minutos"},"schema":{"@context":"https:\/\/schema.org","@graph":[{"@type":"WebPage","@id":"https:\/\/vof-news.eu\/es\/las-sanciones-por-saltarse-la-ley-de-la-cadena-alimentaria-caen-a-minimos-y-el-campo-reclama-mas-inspecciones\/","url":"https:\/\/vof-news.eu\/es\/las-sanciones-por-saltarse-la-ley-de-la-cadena-alimentaria-caen-a-minimos-y-el-campo-reclama-mas-inspecciones\/","name":"Las sanciones por saltarse la Ley de la Cadena Alimentaria caen a m\u00ednimos y el campo reclama m\u00e1s inspecciones - vof-news.eu","isPartOf":{"@id":"https:\/\/vof-news.eu\/es\/#website"},"primaryImageOfPage":{"@id":"https:\/\/vof-news.eu\/es\/las-sanciones-por-saltarse-la-ley-de-la-cadena-alimentaria-caen-a-minimos-y-el-campo-reclama-mas-inspecciones\/#primaryimage"},"image":{"@id":"https:\/\/vof-news.eu\/es\/las-sanciones-por-saltarse-la-ley-de-la-cadena-alimentaria-caen-a-minimos-y-el-campo-reclama-mas-inspecciones\/#primaryimage"},"thumbnailUrl":"https:\/\/vof-news.eu\/wp-content\/uploads\/2025\/07\/50a27f98-24ad-4704-8ccb-66c5b1af86b6_16-9-discover-aspect-ratio_default_0.jpg","datePublished":"2025-07-13T04:19:37+00:00","dateModified":"2025-07-13T04:20:06+00:00","author":{"@id":"https:\/\/vof-news.eu\/es\/#\/schema\/person\/f6a2a4309f0561835797fd8c19b333ed"},"description":"El volumen de sanciones por saltarse la Ley de la Cadena Alimentaria ha ca\u00eddo a las cifras m\u00e1s bajas desde hace casi tres a\u00f1os, cuando comenzaron a hacerse p\u00fablicas las empresas que incumplen esta legislaci\u00f3n. Se trata de una norma relativamente joven, que busca regular las pr\u00e1cticas comerciales y de fijaci\u00f3n de precios entre los diferentes actores de la cadena de producci\u00f3n de alimentos, desde los agricultores y ganaderos, pasando por los envasadores y la industria alimentaria hasta llegar a las empresas de distribuci\u00f3n, como los 'h\u00edper' o los supermercados. Cuando se incumplen esas pr\u00e1cticas, el Ministerio de Agricultura, Pesca y Alimentaci\u00f3n lo hace p\u00fablico, trimestralmente. Sin embargo, para el sector primario tanto esas sanciones, como las inspecciones que llevan a ellas, son claramente insuficientes.","breadcrumb":{"@id":"https:\/\/vof-news.eu\/es\/las-sanciones-por-saltarse-la-ley-de-la-cadena-alimentaria-caen-a-minimos-y-el-campo-reclama-mas-inspecciones\/#breadcrumb"},"inLanguage":"es","potentialAction":[{"@type":"ReadAction","target":["https:\/\/vof-news.eu\/es\/las-sanciones-por-saltarse-la-ley-de-la-cadena-alimentaria-caen-a-minimos-y-el-campo-reclama-mas-inspecciones\/"]}]},{"@type":"ImageObject","inLanguage":"es","@id":"https:\/\/vof-news.eu\/es\/las-sanciones-por-saltarse-la-ley-de-la-cadena-alimentaria-caen-a-minimos-y-el-campo-reclama-mas-inspecciones\/#primaryimage","url":"https:\/\/vof-news.eu\/wp-content\/uploads\/2025\/07\/50a27f98-24ad-4704-8ccb-66c5b1af86b6_16-9-discover-aspect-ratio_default_0.jpg","contentUrl":"https:\/\/vof-news.eu\/wp-content\/uploads\/2025\/07\/50a27f98-24ad-4704-8ccb-66c5b1af86b6_16-9-discover-aspect-ratio_default_0.jpg","width":1200,"height":675},{"@type":"BreadcrumbList","@id":"https:\/\/vof-news.eu\/es\/las-sanciones-por-saltarse-la-ley-de-la-cadena-alimentaria-caen-a-minimos-y-el-campo-reclama-mas-inspecciones\/#breadcrumb","itemListElement":[{"@type":"ListItem","position":1,"name":"Home","item":"https:\/\/vof-news.eu\/es\/"},{"@type":"ListItem","position":2,"name":"Las sanciones por saltarse la Ley de la Cadena Alimentaria caen a m\u00ednimos y el campo reclama m\u00e1s inspecciones"}]},{"@type":"WebSite","@id":"https:\/\/vof-news.eu\/es\/#website","url":"https:\/\/vof-news.eu\/es\/","name":"vof-news.eu","description":"","potentialAction":[{"@type":"SearchAction","target":{"@type":"EntryPoint","urlTemplate":"https:\/\/vof-news.eu\/es\/?s={search_term_string}"},"query-input":"required name=search_term_string"}],"inLanguage":"es"},{"@type":"Person","@id":"https:\/\/vof-news.eu\/es\/#\/schema\/person\/f6a2a4309f0561835797fd8c19b333ed","name":"Author","image":{"@type":"ImageObject","inLanguage":"es","@id":"https:\/\/vof-news.eu\/es\/#\/schema\/person\/image\/","url":"https:\/\/secure.gravatar.com\/avatar\/b67e614b1b25b3e9c0c239efdd2fde5ab015b5affd6f1c3c85911ca4b384e790?s=96&d=mm&r=g","contentUrl":"https:\/\/secure.gravatar.com\/avatar\/b67e614b1b25b3e9c0c239efdd2fde5ab015b5affd6f1c3c85911ca4b384e790?s=96&d=mm&r=g","caption":"Author"},"sameAs":["http:\/\/vof-news.eu"],"url":"https:\/\/vof-news.eu\/es\/author\/zwt6qxnjulxbnyg\/"}]}},"yoast_meta":{"yoast_wpseo_title":"","yoast_wpseo_metadesc":"","yoast_wpseo_canonical":""},"_links":{"self":[{"href":"https:\/\/vof-news.eu\/es\/wp-json\/wp\/v2\/posts\/253216","targetHints":{"allow":["GET"]}}],"collection":[{"href":"https:\/\/vof-news.eu\/es\/wp-json\/wp\/v2\/posts"}],"about":[{"href":"https:\/\/vof-news.eu\/es\/wp-json\/wp\/v2\/types\/post"}],"author":[{"embeddable":true,"href":"https:\/\/vof-news.eu\/es\/wp-json\/wp\/v2\/users\/1"}],"replies":[{"embeddable":true,"href":"https:\/\/vof-news.eu\/es\/wp-json\/wp\/v2\/comments?post=253216"}],"version-history":[{"count":1,"href":"https:\/\/vof-news.eu\/es\/wp-json\/wp\/v2\/posts\/253216\/revisions"}],"predecessor-version":[{"id":253223,"href":"https:\/\/vof-news.eu\/es\/wp-json\/wp\/v2\/posts\/253216\/revisions\/253223"}],"wp:featuredmedia":[{"embeddable":true,"href":"https:\/\/vof-news.eu\/es\/wp-json\/wp\/v2\/media\/253217"}],"wp:attachment":[{"href":"https:\/\/vof-news.eu\/es\/wp-json\/wp\/v2\/media?parent=253216"}],"wp:term":[{"taxonomy":"category","embeddable":true,"href":"https:\/\/vof-news.eu\/es\/wp-json\/wp\/v2\/categories?post=253216"},{"taxonomy":"post_tag","embeddable":true,"href":"https:\/\/vof-news.eu\/es\/wp-json\/wp\/v2\/tags?post=253216"}],"curies":[{"name":"wp","href":"https:\/\/api.w.org\/{rel}","templated":true}]}}