{"id":252946,"date":"2025-07-12T17:17:45","date_gmt":"2025-07-12T14:17:45","guid":{"rendered":"https:\/\/vof-news.eu\/trump-anuncia-aranceles-del-30-para-la-ue-a-partir-del-1-de-agosto\/"},"modified":"2025-07-12T17:18:06","modified_gmt":"2025-07-12T14:18:06","slug":"trump-anuncia-aranceles-del-30-para-la-ue-a-partir-del-1-de-agosto","status":"publish","type":"post","link":"https:\/\/vof-news.eu\/es\/trump-anuncia-aranceles-del-30-para-la-ue-a-partir-del-1-de-agosto\/","title":{"rendered":"Trump anuncia aranceles del 30% para la UE a partir del 1 de agosto"},"content":{"rendered":"<div>\n<p>\n        Un 30% para la UE a partir del 1 de agosto. La UE y Donald Trump no han logrado cerrar un principio de acuerdo, pero de momento se  sortean los aranceles desorbitados con los que el presidente de EEUU hab\u00eda amenazado al 70% de las exportaciones europeas, aunque mantiene grav\u00e1menes ante lo que considera un desequilibrio en la balanza comercial.\n    <\/p>\n<p>\n        El anuncio unilateral de este s\u00e1bado hecho por Trump en Truth Social, en todo caso, a\u00fan da margen hasta el 1 de agosto para intentar cerrar un principio de acuerdo que permita despu\u00e9s una negociaci\u00f3n m\u00e1s profunda, sector por sector, que es lo que quer\u00eda las principales econom\u00edas europeas, especialmente Alemania. \u201cSeguimos dispuestos a seguir trabajando para llegar a un acuerdo antes del 1 de agosto\u201d, ha sido la respuesta de la presidenta de la Comisi\u00f3n Europea, Ursula von der Leyen.\n    <\/p>\n<p>\n        Por lo tanto, el anuncio de momento no supone el \u201cfin del principio\u201d, que era la pretensi\u00f3n que ten\u00eda hace unos d\u00edas el comisario de Comercio, Maros Sefcovic, sobre la posibilidad de llegar a un acuerdo tras haber viajado varias veces a Washington en las \u00faltimas semanas para mantener la interlocuci\u00f3n directa con los responsables de comercio de la Administraci\u00f3n Trump. La presidenta de la Comisi\u00f3n Europea, Ursula von der Leyen, habl\u00f3 con el presidente estadounidense el domingo. \u201cEstamos buscando un marco claro desde el que podamos seguir construyendo\u201d, dijo esta semana en el Parlamento Europeo. En la UE daban por hecho que habr\u00eda un principio de acuerdo.\n    <\/p>\n<p>\n        Los 27 tendr\u00e1n ahora que decidir si ponen en marcha contramedidas ya o a partir del 1 de agosto en caso de no llegar a un acuerdo. \u201cAl mismo tiempo, tomaremos todas las medidas necesarias para salvaguardar los intereses de la UE, incluida la adopci\u00f3n de contramedidas proporcionadas en caso necesario\u201d, reza el comunicado difundido este s\u00e1bado, una hora despu\u00e9s de que Trump publicara su carta en su red social. No obstante, Washington hab\u00eda avisado a Bruselas con anterioridad.\n    <\/p>\n<p>\n        Entre las decisiones que tiene que tomar la UE es si mantiene o no la suspensi\u00f3n de los aranceles con los que contest\u00f3 al primer golpe de Trump al acero y el aluminio. Se trataba de un paquete de aranceles por un valor de 21.000 millones de euros que se qued\u00f3 congelado cuando el presidente de EEUU plante\u00f3 una tregua de 90 d\u00edas a la guerra comercial, que para entonces ya hab\u00eda escalado con aranceles rec\u00edprocos del 20% o un 25% a los veh\u00edculos europeos. La suspensi\u00f3n vence en la madrugada de este 15 de julio.\n    <\/p>\n<p>\n        La v\u00edspera se re\u00fanen los ministros de Comercio en Bruselas, donde abordar\u00e1n este asunto, que en todo caso, se maneja al m\u00e1ximo nivel entre la Comisi\u00f3n Europeo y los jefes de Gobierno de los 27.\n    <\/p>\n<p>\n        La UE ha estado trabajando igualmente en otro paquete de contramedidas por un valor total de 95.000 millones de euros ante la constataci\u00f3n de que una parte de los nuevos aranceles de Trump hab\u00edan llegado para quedarse. De hecho, en el principio de acuerdo en el que estaban trabajando se asum\u00eda un gravamen del 10%, como ocurri\u00f3 en el caso de Reino Unido. La UE estaba intentando lograr excepciones para algunos bienes, como el vino o los aviones comerciales. Seg\u00fan ha publicado Bloomberg este s\u00e1bado por la ma\u00f1ana, los productos agr\u00edcolas y los veh\u00edculos estaban complicando la recta final de las conversaciones.\n    <\/p>\n<\/div>\n","protected":false},"excerpt":{"rendered":"<p>Un 30% para la UE a partir del 1 de agosto. La UE y Donald Trump no han logrado cerrar un principio de acuerdo, pero de momento se sortean los aranceles desorbitados con los que el presidente de EEUU hab\u00eda amenazado al 70% de las exportaciones europeas, aunque mantiene grav\u00e1menes ante lo que considera un<\/p>\n","protected":false},"author":1,"featured_media":252947,"comment_status":"open","ping_status":"open","sticky":false,"template":"","format":"standard","meta":{"footnotes":""},"categories":[61],"tags":[],"class_list":["post-252946","post","type-post","status-publish","format-standard","has-post-thumbnail","hentry","category-business-es"],"acf":[],"yoast_head":"<!-- This site is optimized with the Yoast SEO plugin v22.9 - https:\/\/yoast.com\/wordpress\/plugins\/seo\/ -->\n<title>Trump anuncia aranceles del 30% para la UE a partir del 1 de agosto - vof-news.eu<\/title>\n<meta name=\"description\" content=\"Un 30% para la UE a partir del 1 de agosto. La UE y Donald Trump no han logrado cerrar un principio de acuerdo, pero de momento se sortean los aranceles desorbitados con los que el presidente de EEUU hab\u00eda amenazado al 70% de las exportaciones europeas, aunque mantiene grav\u00e1menes ante lo que considera un desequilibrio en la balanza comercial.\" \/>\n<meta name=\"robots\" content=\"noindex, follow, max-snippet:-1, max-image-preview:large, max-video-preview:-1\" \/>\n<meta property=\"og:locale\" content=\"es_ES\" \/>\n<meta property=\"og:type\" content=\"article\" \/>\n<meta property=\"og:title\" content=\"Trump anuncia aranceles del 30% para la UE a partir del 1 de agosto - vof-news.eu\" \/>\n<meta property=\"og:description\" content=\"Un 30% para la UE a partir del 1 de agosto. La UE y Donald Trump no han logrado cerrar un principio de acuerdo, pero de momento se sortean los aranceles desorbitados con los que el presidente de EEUU hab\u00eda amenazado al 70% de las exportaciones europeas, aunque mantiene grav\u00e1menes ante lo que considera un desequilibrio en la balanza comercial.\" \/>\n<meta property=\"og:url\" content=\"https:\/\/vof-news.eu\/es\/trump-anuncia-aranceles-del-30-para-la-ue-a-partir-del-1-de-agosto\/\" \/>\n<meta property=\"og:site_name\" content=\"vof-news.eu\" \/>\n<meta property=\"article:published_time\" content=\"2025-07-12T14:17:45+00:00\" \/>\n<meta property=\"article:modified_time\" content=\"2025-07-12T14:18:06+00:00\" \/>\n<meta property=\"og:image\" content=\"https:\/\/vof-news.eu\/wp-content\/uploads\/2025\/07\/a3194056-071a-4151-87ce-bdd23a840b5c_16-9-discover-aspect-ratio_default_1120092.jpg\" \/>\n\t<meta property=\"og:image:width\" content=\"1200\" \/>\n\t<meta property=\"og:image:height\" content=\"675\" \/>\n\t<meta property=\"og:image:type\" content=\"image\/jpeg\" \/>\n<meta name=\"author\" content=\"Author\" \/>\n<meta name=\"twitter:card\" content=\"summary_large_image\" \/>\n<meta name=\"twitter:label1\" content=\"Escrito por\" \/>\n\t<meta name=\"twitter:data1\" content=\"Author\" \/>\n\t<meta name=\"twitter:label2\" content=\"Tiempo de lectura\" \/>\n\t<meta name=\"twitter:data2\" content=\"3 minutos\" \/>\n<script type=\"application\/ld+json\" class=\"yoast-schema-graph\">{\"@context\":\"https:\/\/schema.org\",\"@graph\":[{\"@type\":\"WebPage\",\"@id\":\"https:\/\/vof-news.eu\/es\/trump-anuncia-aranceles-del-30-para-la-ue-a-partir-del-1-de-agosto\/\",\"url\":\"https:\/\/vof-news.eu\/es\/trump-anuncia-aranceles-del-30-para-la-ue-a-partir-del-1-de-agosto\/\",\"name\":\"Trump anuncia aranceles del 30% para la UE a partir del 1 de agosto - vof-news.eu\",\"isPartOf\":{\"@id\":\"https:\/\/vof-news.eu\/es\/#website\"},\"primaryImageOfPage\":{\"@id\":\"https:\/\/vof-news.eu\/es\/trump-anuncia-aranceles-del-30-para-la-ue-a-partir-del-1-de-agosto\/#primaryimage\"},\"image\":{\"@id\":\"https:\/\/vof-news.eu\/es\/trump-anuncia-aranceles-del-30-para-la-ue-a-partir-del-1-de-agosto\/#primaryimage\"},\"thumbnailUrl\":\"https:\/\/vof-news.eu\/wp-content\/uploads\/2025\/07\/a3194056-071a-4151-87ce-bdd23a840b5c_16-9-discover-aspect-ratio_default_1120092.jpg\",\"datePublished\":\"2025-07-12T14:17:45+00:00\",\"dateModified\":\"2025-07-12T14:18:06+00:00\",\"author\":{\"@id\":\"https:\/\/vof-news.eu\/es\/#\/schema\/person\/f6a2a4309f0561835797fd8c19b333ed\"},\"description\":\"Un 30% para la UE a partir del 1 de agosto. La UE y Donald Trump no han logrado cerrar un principio de acuerdo, pero de momento se sortean los aranceles desorbitados con los que el presidente de EEUU hab\u00eda amenazado al 70% de las exportaciones europeas, aunque mantiene grav\u00e1menes ante lo que considera un desequilibrio en la balanza comercial.\",\"breadcrumb\":{\"@id\":\"https:\/\/vof-news.eu\/es\/trump-anuncia-aranceles-del-30-para-la-ue-a-partir-del-1-de-agosto\/#breadcrumb\"},\"inLanguage\":\"es\",\"potentialAction\":[{\"@type\":\"ReadAction\",\"target\":[\"https:\/\/vof-news.eu\/es\/trump-anuncia-aranceles-del-30-para-la-ue-a-partir-del-1-de-agosto\/\"]}]},{\"@type\":\"ImageObject\",\"inLanguage\":\"es\",\"@id\":\"https:\/\/vof-news.eu\/es\/trump-anuncia-aranceles-del-30-para-la-ue-a-partir-del-1-de-agosto\/#primaryimage\",\"url\":\"https:\/\/vof-news.eu\/wp-content\/uploads\/2025\/07\/a3194056-071a-4151-87ce-bdd23a840b5c_16-9-discover-aspect-ratio_default_1120092.jpg\",\"contentUrl\":\"https:\/\/vof-news.eu\/wp-content\/uploads\/2025\/07\/a3194056-071a-4151-87ce-bdd23a840b5c_16-9-discover-aspect-ratio_default_1120092.jpg\",\"width\":1200,\"height\":675},{\"@type\":\"BreadcrumbList\",\"@id\":\"https:\/\/vof-news.eu\/es\/trump-anuncia-aranceles-del-30-para-la-ue-a-partir-del-1-de-agosto\/#breadcrumb\",\"itemListElement\":[{\"@type\":\"ListItem\",\"position\":1,\"name\":\"Home\",\"item\":\"https:\/\/vof-news.eu\/es\/\"},{\"@type\":\"ListItem\",\"position\":2,\"name\":\"Trump anuncia aranceles del 30% para la UE a partir del 1 de agosto\"}]},{\"@type\":\"WebSite\",\"@id\":\"https:\/\/vof-news.eu\/es\/#website\",\"url\":\"https:\/\/vof-news.eu\/es\/\",\"name\":\"vof-news.eu\",\"description\":\"\",\"potentialAction\":[{\"@type\":\"SearchAction\",\"target\":{\"@type\":\"EntryPoint\",\"urlTemplate\":\"https:\/\/vof-news.eu\/es\/?s={search_term_string}\"},\"query-input\":\"required name=search_term_string\"}],\"inLanguage\":\"es\"},{\"@type\":\"Person\",\"@id\":\"https:\/\/vof-news.eu\/es\/#\/schema\/person\/f6a2a4309f0561835797fd8c19b333ed\",\"name\":\"Author\",\"image\":{\"@type\":\"ImageObject\",\"inLanguage\":\"es\",\"@id\":\"https:\/\/vof-news.eu\/es\/#\/schema\/person\/image\/\",\"url\":\"https:\/\/secure.gravatar.com\/avatar\/b67e614b1b25b3e9c0c239efdd2fde5ab015b5affd6f1c3c85911ca4b384e790?s=96&d=mm&r=g\",\"contentUrl\":\"https:\/\/secure.gravatar.com\/avatar\/b67e614b1b25b3e9c0c239efdd2fde5ab015b5affd6f1c3c85911ca4b384e790?s=96&d=mm&r=g\",\"caption\":\"Author\"},\"sameAs\":[\"http:\/\/vof-news.eu\"],\"url\":\"https:\/\/vof-news.eu\/es\/author\/zwt6qxnjulxbnyg\/\"}]}<\/script>\n<!-- \/ Yoast SEO plugin. -->","yoast_head_json":{"title":"Trump anuncia aranceles del 30% para la UE a partir del 1 de agosto - vof-news.eu","description":"Un 30% para la UE a partir del 1 de agosto. La UE y Donald Trump no han logrado cerrar un principio de acuerdo, pero de momento se sortean los aranceles desorbitados con los que el presidente de EEUU hab\u00eda amenazado al 70% de las exportaciones europeas, aunque mantiene grav\u00e1menes ante lo que considera un desequilibrio en la balanza comercial.","robots":{"index":"noindex","follow":"follow","max-snippet":"max-snippet:-1","max-image-preview":"max-image-preview:large","max-video-preview":"max-video-preview:-1"},"og_locale":"es_ES","og_type":"article","og_title":"Trump anuncia aranceles del 30% para la UE a partir del 1 de agosto - vof-news.eu","og_description":"Un 30% para la UE a partir del 1 de agosto. La UE y Donald Trump no han logrado cerrar un principio de acuerdo, pero de momento se sortean los aranceles desorbitados con los que el presidente de EEUU hab\u00eda amenazado al 70% de las exportaciones europeas, aunque mantiene grav\u00e1menes ante lo que considera un desequilibrio en la balanza comercial.","og_url":"https:\/\/vof-news.eu\/es\/trump-anuncia-aranceles-del-30-para-la-ue-a-partir-del-1-de-agosto\/","og_site_name":"vof-news.eu","article_published_time":"2025-07-12T14:17:45+00:00","article_modified_time":"2025-07-12T14:18:06+00:00","og_image":[{"width":1200,"height":675,"url":"https:\/\/vof-news.eu\/wp-content\/uploads\/2025\/07\/a3194056-071a-4151-87ce-bdd23a840b5c_16-9-discover-aspect-ratio_default_1120092.jpg","type":"image\/jpeg"}],"author":"Author","twitter_card":"summary_large_image","twitter_misc":{"Escrito por":"Author","Tiempo de lectura":"3 minutos"},"schema":{"@context":"https:\/\/schema.org","@graph":[{"@type":"WebPage","@id":"https:\/\/vof-news.eu\/es\/trump-anuncia-aranceles-del-30-para-la-ue-a-partir-del-1-de-agosto\/","url":"https:\/\/vof-news.eu\/es\/trump-anuncia-aranceles-del-30-para-la-ue-a-partir-del-1-de-agosto\/","name":"Trump anuncia aranceles del 30% para la UE a partir del 1 de agosto - vof-news.eu","isPartOf":{"@id":"https:\/\/vof-news.eu\/es\/#website"},"primaryImageOfPage":{"@id":"https:\/\/vof-news.eu\/es\/trump-anuncia-aranceles-del-30-para-la-ue-a-partir-del-1-de-agosto\/#primaryimage"},"image":{"@id":"https:\/\/vof-news.eu\/es\/trump-anuncia-aranceles-del-30-para-la-ue-a-partir-del-1-de-agosto\/#primaryimage"},"thumbnailUrl":"https:\/\/vof-news.eu\/wp-content\/uploads\/2025\/07\/a3194056-071a-4151-87ce-bdd23a840b5c_16-9-discover-aspect-ratio_default_1120092.jpg","datePublished":"2025-07-12T14:17:45+00:00","dateModified":"2025-07-12T14:18:06+00:00","author":{"@id":"https:\/\/vof-news.eu\/es\/#\/schema\/person\/f6a2a4309f0561835797fd8c19b333ed"},"description":"Un 30% para la UE a partir del 1 de agosto. La UE y Donald Trump no han logrado cerrar un principio de acuerdo, pero de momento se sortean los aranceles desorbitados con los que el presidente de EEUU hab\u00eda amenazado al 70% de las exportaciones europeas, aunque mantiene grav\u00e1menes ante lo que considera un desequilibrio en la balanza comercial.","breadcrumb":{"@id":"https:\/\/vof-news.eu\/es\/trump-anuncia-aranceles-del-30-para-la-ue-a-partir-del-1-de-agosto\/#breadcrumb"},"inLanguage":"es","potentialAction":[{"@type":"ReadAction","target":["https:\/\/vof-news.eu\/es\/trump-anuncia-aranceles-del-30-para-la-ue-a-partir-del-1-de-agosto\/"]}]},{"@type":"ImageObject","inLanguage":"es","@id":"https:\/\/vof-news.eu\/es\/trump-anuncia-aranceles-del-30-para-la-ue-a-partir-del-1-de-agosto\/#primaryimage","url":"https:\/\/vof-news.eu\/wp-content\/uploads\/2025\/07\/a3194056-071a-4151-87ce-bdd23a840b5c_16-9-discover-aspect-ratio_default_1120092.jpg","contentUrl":"https:\/\/vof-news.eu\/wp-content\/uploads\/2025\/07\/a3194056-071a-4151-87ce-bdd23a840b5c_16-9-discover-aspect-ratio_default_1120092.jpg","width":1200,"height":675},{"@type":"BreadcrumbList","@id":"https:\/\/vof-news.eu\/es\/trump-anuncia-aranceles-del-30-para-la-ue-a-partir-del-1-de-agosto\/#breadcrumb","itemListElement":[{"@type":"ListItem","position":1,"name":"Home","item":"https:\/\/vof-news.eu\/es\/"},{"@type":"ListItem","position":2,"name":"Trump anuncia aranceles del 30% para la UE a partir del 1 de agosto"}]},{"@type":"WebSite","@id":"https:\/\/vof-news.eu\/es\/#website","url":"https:\/\/vof-news.eu\/es\/","name":"vof-news.eu","description":"","potentialAction":[{"@type":"SearchAction","target":{"@type":"EntryPoint","urlTemplate":"https:\/\/vof-news.eu\/es\/?s={search_term_string}"},"query-input":"required name=search_term_string"}],"inLanguage":"es"},{"@type":"Person","@id":"https:\/\/vof-news.eu\/es\/#\/schema\/person\/f6a2a4309f0561835797fd8c19b333ed","name":"Author","image":{"@type":"ImageObject","inLanguage":"es","@id":"https:\/\/vof-news.eu\/es\/#\/schema\/person\/image\/","url":"https:\/\/secure.gravatar.com\/avatar\/b67e614b1b25b3e9c0c239efdd2fde5ab015b5affd6f1c3c85911ca4b384e790?s=96&d=mm&r=g","contentUrl":"https:\/\/secure.gravatar.com\/avatar\/b67e614b1b25b3e9c0c239efdd2fde5ab015b5affd6f1c3c85911ca4b384e790?s=96&d=mm&r=g","caption":"Author"},"sameAs":["http:\/\/vof-news.eu"],"url":"https:\/\/vof-news.eu\/es\/author\/zwt6qxnjulxbnyg\/"}]}},"yoast_meta":{"yoast_wpseo_title":"","yoast_wpseo_metadesc":"","yoast_wpseo_canonical":""},"_links":{"self":[{"href":"https:\/\/vof-news.eu\/es\/wp-json\/wp\/v2\/posts\/252946","targetHints":{"allow":["GET"]}}],"collection":[{"href":"https:\/\/vof-news.eu\/es\/wp-json\/wp\/v2\/posts"}],"about":[{"href":"https:\/\/vof-news.eu\/es\/wp-json\/wp\/v2\/types\/post"}],"author":[{"embeddable":true,"href":"https:\/\/vof-news.eu\/es\/wp-json\/wp\/v2\/users\/1"}],"replies":[{"embeddable":true,"href":"https:\/\/vof-news.eu\/es\/wp-json\/wp\/v2\/comments?post=252946"}],"version-history":[{"count":1,"href":"https:\/\/vof-news.eu\/es\/wp-json\/wp\/v2\/posts\/252946\/revisions"}],"predecessor-version":[{"id":252953,"href":"https:\/\/vof-news.eu\/es\/wp-json\/wp\/v2\/posts\/252946\/revisions\/252953"}],"wp:featuredmedia":[{"embeddable":true,"href":"https:\/\/vof-news.eu\/es\/wp-json\/wp\/v2\/media\/252947"}],"wp:attachment":[{"href":"https:\/\/vof-news.eu\/es\/wp-json\/wp\/v2\/media?parent=252946"}],"wp:term":[{"taxonomy":"category","embeddable":true,"href":"https:\/\/vof-news.eu\/es\/wp-json\/wp\/v2\/categories?post=252946"},{"taxonomy":"post_tag","embeddable":true,"href":"https:\/\/vof-news.eu\/es\/wp-json\/wp\/v2\/tags?post=252946"}],"curies":[{"name":"wp","href":"https:\/\/api.w.org\/{rel}","templated":true}]}}