{"id":252938,"date":"2025-07-12T17:17:14","date_gmt":"2025-07-12T14:17:14","guid":{"rendered":"https:\/\/vof-news.eu\/la-ue-aun-confia-en-un-acuerdo-antes-del-1-de-agosto-para-evitar-los-aranceles-del-30-anunciados-por-trump\/"},"modified":"2025-07-12T17:17:29","modified_gmt":"2025-07-12T14:17:29","slug":"la-ue-aun-confia-en-un-acuerdo-antes-del-1-de-agosto-para-evitar-los-aranceles-del-30-anunciados-por-trump","status":"publish","type":"post","link":"https:\/\/vof-news.eu\/es\/la-ue-aun-confia-en-un-acuerdo-antes-del-1-de-agosto-para-evitar-los-aranceles-del-30-anunciados-por-trump\/","title":{"rendered":"La UE a\u00fan conf\u00eda en un acuerdo antes del 1 de agosto para evitar los aranceles del 30% anunciados por Trump"},"content":{"rendered":"<div>\n<p>\n        La Comisi\u00f3n Europea \u201ctoma nota\u201d del anuncio unilateral de Donald Trump de imponer aranceles del 30% a las exportaciones europeas despu\u00e9s de dos meses de intensa negociaci\u00f3n en la que la UE ve\u00eda cerca un acuerdo que permitiera profundizar en una segunda fase de conversaciones. Sin embargo, el presidente de EEUU ha enviado una carta a Ursula von der Leyen en la que le comunica la entrada en vigor de esos grav\u00e1menes. En Bruselas a\u00fan conf\u00edan en poder llegar a un entendimiento que evite esos aranceles del 30% antes del 1 de agosto, aunque tiene que analizar la nueva situaci\u00f3n y si impone contramedidas.\n    <\/p>\n<p>\n        \u201cTomamos nota de la carta enviada por el presidente estadounidense Trump en la que esboza una tasa arancelaria revisada y un nuevo calendario. La imposici\u00f3n de aranceles del 30 % a las exportaciones de la UE interrumpir\u00eda cadenas de suministro transatl\u00e1nticas esenciales, en detrimento de empresas, consumidores y pacientes a ambos lados del Atl\u00e1ntico\u201d, lamenta Von der Leyen en un comunicado.\n    <\/p>\n<p>\n        La presidenta de la Comisi\u00f3n Europea recuerda que encontrar una \u201csoluci\u00f3n negociada\u201d ha sido la \u201cprioridad\u201d del bloque comunitario desde que Trump lleg\u00f3 a la Casa Blanca. Y muestra de nuevo esa voluntad: \u201cSeguimos dispuestos a seguir trabajando para llegar a un acuerdo antes del 1 de agosto\u201d.\n    <\/p>\n<p>\n        Ahora bien, los 27 tendr\u00e1n que decidir si ponen en marcha contramedidas ya o a partir del 1 de agosto en caso de no llegar a un acuerdo. \u201cAl mismo tiempo, tomaremos todas las medidas necesarias para salvaguardar los intereses de la UE, incluida la adopci\u00f3n de contramedidas proporcionadas en caso necesario\u201d, reza el comunicado difundido este s\u00e1bado, una hora despu\u00e9s de que Trump publicara su carta en su red social. No obstante, Washington hab\u00eda avisado a Bruselas con anterioridad.\n    <\/p>\n<p>\n        Entre las decisiones que tiene que tomar la UE es si mantiene o no la suspensi\u00f3n de los aranceles con los que contest\u00f3 al primer golpe de Trump al acero y el aluminio. Se trataba de un paquete de aranceles por un valor de 21.000 millones de euros que se qued\u00f3 congelado cuando el presidente de EEUU plante\u00f3 una tregua de 90 d\u00edas a la guerra comercial, que para entonces ya hab\u00eda escalado con aranceles rec\u00edprocos del 20% o un 25% a los veh\u00edculos europeos. La suspensi\u00f3n vence en la madrugada de este 15 de julio.\n    <\/p>\n<p>\n        La v\u00edspera se re\u00fanen los ministros de Comercio en Bruselas, donde abordar\u00e1n este asunto, que en todo caso, se maneja al m\u00e1ximo nivel entre la Comisi\u00f3n Europeo y los jefes de Gobierno de los 27.\n    <\/p>\n<p>\n        La UE ha estado trabajando igualmente en otro paquete de contramedidas por un valor total de 95.000 millones de euros ante la constataci\u00f3n de que una parte de los nuevos aranceles de Trump hab\u00edan llegado para quedarse. De hecho, en el principio de acuerdo en el que estaban trabajando se asum\u00eda un gravamen del 10%, como ocurri\u00f3 en el caso de Reino Unido. La UE estaba intentando lograr excepciones para algunos bienes, como el vino o los aviones comerciales. Seg\u00fan ha publicado Bloomberg este s\u00e1bado por la ma\u00f1ana, los productos agr\u00edcolas y los veh\u00edculos estaban complicando la recta final de las conversaciones.\n    <\/p>\n<p>\n        De hecho, en la UE esperaban un \u201cprincipio de acuerdo\u201d pr\u00e1cticamente inminente hace un par de d\u00edas. Tambi\u00e9n Trump se\u00f1al\u00f3 al jueves como la fecha en la que habr\u00eda noticias sobre la guerra comercial con el bloque comunitaria. Y, finalmente, la carta que el portavoz de comercio pensaba que no iba a llegar, lleg\u00f3. No hay acuerdo, por ahora, aunque la UE intentar\u00e1 negociarlo hasta el final. Por ahora la nueva fecha es el 1 de agosto.\n    <\/p>\n<\/div>\n","protected":false},"excerpt":{"rendered":"<p>La Comisi\u00f3n Europea \u201ctoma nota\u201d del anuncio unilateral de Donald Trump de imponer aranceles del 30% a las exportaciones europeas despu\u00e9s de dos meses de intensa negociaci\u00f3n en la que la UE ve\u00eda cerca un acuerdo que permitiera profundizar en una segunda fase de conversaciones. Sin embargo, el presidente de EEUU ha enviado una carta<\/p>\n","protected":false},"author":1,"featured_media":252939,"comment_status":"open","ping_status":"open","sticky":false,"template":"","format":"standard","meta":{"footnotes":""},"categories":[61],"tags":[],"class_list":["post-252938","post","type-post","status-publish","format-standard","has-post-thumbnail","hentry","category-business-es"],"acf":[],"yoast_head":"<!-- This site is optimized with the Yoast SEO plugin v22.9 - https:\/\/yoast.com\/wordpress\/plugins\/seo\/ -->\n<title>La UE a\u00fan conf\u00eda en un acuerdo antes del 1 de agosto para evitar los aranceles del 30% anunciados por Trump - vof-news.eu<\/title>\n<meta name=\"description\" content=\"La Comisi\u00f3n Europea \u201ctoma nota\u201d del anuncio unilateral de Donald Trump de imponer aranceles del 30% a las exportaciones europeas despu\u00e9s de dos meses de intensa negociaci\u00f3n en la que la UE ve\u00eda cerca un acuerdo que permitiera profundizar en una segunda fase de conversaciones. Sin embargo, el presidente de EEUU ha enviado una carta a Ursula von der Leyen en la que le comunica la entrada en vigor de esos grav\u00e1menes. En Bruselas a\u00fan conf\u00edan en poder llegar a un entendimiento que evite esos aranceles del 30% antes del 1 de agosto, aunque tiene que analizar la nueva situaci\u00f3n y si impone contramedidas.\" \/>\n<meta name=\"robots\" content=\"noindex, follow, max-snippet:-1, max-image-preview:large, max-video-preview:-1\" \/>\n<meta property=\"og:locale\" content=\"es_ES\" \/>\n<meta property=\"og:type\" content=\"article\" \/>\n<meta property=\"og:title\" content=\"La UE a\u00fan conf\u00eda en un acuerdo antes del 1 de agosto para evitar los aranceles del 30% anunciados por Trump - vof-news.eu\" \/>\n<meta property=\"og:description\" content=\"La Comisi\u00f3n Europea \u201ctoma nota\u201d del anuncio unilateral de Donald Trump de imponer aranceles del 30% a las exportaciones europeas despu\u00e9s de dos meses de intensa negociaci\u00f3n en la que la UE ve\u00eda cerca un acuerdo que permitiera profundizar en una segunda fase de conversaciones. Sin embargo, el presidente de EEUU ha enviado una carta a Ursula von der Leyen en la que le comunica la entrada en vigor de esos grav\u00e1menes. En Bruselas a\u00fan conf\u00edan en poder llegar a un entendimiento que evite esos aranceles del 30% antes del 1 de agosto, aunque tiene que analizar la nueva situaci\u00f3n y si impone contramedidas.\" \/>\n<meta property=\"og:url\" content=\"https:\/\/vof-news.eu\/es\/la-ue-aun-confia-en-un-acuerdo-antes-del-1-de-agosto-para-evitar-los-aranceles-del-30-anunciados-por-trump\/\" \/>\n<meta property=\"og:site_name\" content=\"vof-news.eu\" \/>\n<meta property=\"article:published_time\" content=\"2025-07-12T14:17:14+00:00\" \/>\n<meta property=\"article:modified_time\" content=\"2025-07-12T14:17:29+00:00\" \/>\n<meta property=\"og:image\" content=\"https:\/\/vof-news.eu\/wp-content\/uploads\/2025\/07\/50a1f017-9a66-43c2-af3d-fc4aaf415562_16-9-discover-aspect-ratio_default_0.jpg\" \/>\n\t<meta property=\"og:image:width\" content=\"1200\" \/>\n\t<meta property=\"og:image:height\" content=\"675\" \/>\n\t<meta property=\"og:image:type\" content=\"image\/jpeg\" \/>\n<meta name=\"author\" content=\"Author\" \/>\n<meta name=\"twitter:card\" content=\"summary_large_image\" \/>\n<meta name=\"twitter:label1\" content=\"Escrito por\" \/>\n\t<meta name=\"twitter:data1\" content=\"Author\" \/>\n\t<meta name=\"twitter:label2\" content=\"Tiempo de lectura\" \/>\n\t<meta name=\"twitter:data2\" content=\"3 minutos\" \/>\n<script type=\"application\/ld+json\" class=\"yoast-schema-graph\">{\"@context\":\"https:\/\/schema.org\",\"@graph\":[{\"@type\":\"WebPage\",\"@id\":\"https:\/\/vof-news.eu\/es\/la-ue-aun-confia-en-un-acuerdo-antes-del-1-de-agosto-para-evitar-los-aranceles-del-30-anunciados-por-trump\/\",\"url\":\"https:\/\/vof-news.eu\/es\/la-ue-aun-confia-en-un-acuerdo-antes-del-1-de-agosto-para-evitar-los-aranceles-del-30-anunciados-por-trump\/\",\"name\":\"La UE a\u00fan conf\u00eda en un acuerdo antes del 1 de agosto para evitar los aranceles del 30% anunciados por Trump - vof-news.eu\",\"isPartOf\":{\"@id\":\"https:\/\/vof-news.eu\/es\/#website\"},\"primaryImageOfPage\":{\"@id\":\"https:\/\/vof-news.eu\/es\/la-ue-aun-confia-en-un-acuerdo-antes-del-1-de-agosto-para-evitar-los-aranceles-del-30-anunciados-por-trump\/#primaryimage\"},\"image\":{\"@id\":\"https:\/\/vof-news.eu\/es\/la-ue-aun-confia-en-un-acuerdo-antes-del-1-de-agosto-para-evitar-los-aranceles-del-30-anunciados-por-trump\/#primaryimage\"},\"thumbnailUrl\":\"https:\/\/vof-news.eu\/wp-content\/uploads\/2025\/07\/50a1f017-9a66-43c2-af3d-fc4aaf415562_16-9-discover-aspect-ratio_default_0.jpg\",\"datePublished\":\"2025-07-12T14:17:14+00:00\",\"dateModified\":\"2025-07-12T14:17:29+00:00\",\"author\":{\"@id\":\"https:\/\/vof-news.eu\/es\/#\/schema\/person\/f6a2a4309f0561835797fd8c19b333ed\"},\"description\":\"La Comisi\u00f3n Europea \u201ctoma nota\u201d del anuncio unilateral de Donald Trump de imponer aranceles del 30% a las exportaciones europeas despu\u00e9s de dos meses de intensa negociaci\u00f3n en la que la UE ve\u00eda cerca un acuerdo que permitiera profundizar en una segunda fase de conversaciones. Sin embargo, el presidente de EEUU ha enviado una carta a Ursula von der Leyen en la que le comunica la entrada en vigor de esos grav\u00e1menes. En Bruselas a\u00fan conf\u00edan en poder llegar a un entendimiento que evite esos aranceles del 30% antes del 1 de agosto, aunque tiene que analizar la nueva situaci\u00f3n y si impone contramedidas.\",\"breadcrumb\":{\"@id\":\"https:\/\/vof-news.eu\/es\/la-ue-aun-confia-en-un-acuerdo-antes-del-1-de-agosto-para-evitar-los-aranceles-del-30-anunciados-por-trump\/#breadcrumb\"},\"inLanguage\":\"es\",\"potentialAction\":[{\"@type\":\"ReadAction\",\"target\":[\"https:\/\/vof-news.eu\/es\/la-ue-aun-confia-en-un-acuerdo-antes-del-1-de-agosto-para-evitar-los-aranceles-del-30-anunciados-por-trump\/\"]}]},{\"@type\":\"ImageObject\",\"inLanguage\":\"es\",\"@id\":\"https:\/\/vof-news.eu\/es\/la-ue-aun-confia-en-un-acuerdo-antes-del-1-de-agosto-para-evitar-los-aranceles-del-30-anunciados-por-trump\/#primaryimage\",\"url\":\"https:\/\/vof-news.eu\/wp-content\/uploads\/2025\/07\/50a1f017-9a66-43c2-af3d-fc4aaf415562_16-9-discover-aspect-ratio_default_0.jpg\",\"contentUrl\":\"https:\/\/vof-news.eu\/wp-content\/uploads\/2025\/07\/50a1f017-9a66-43c2-af3d-fc4aaf415562_16-9-discover-aspect-ratio_default_0.jpg\",\"width\":1200,\"height\":675},{\"@type\":\"BreadcrumbList\",\"@id\":\"https:\/\/vof-news.eu\/es\/la-ue-aun-confia-en-un-acuerdo-antes-del-1-de-agosto-para-evitar-los-aranceles-del-30-anunciados-por-trump\/#breadcrumb\",\"itemListElement\":[{\"@type\":\"ListItem\",\"position\":1,\"name\":\"Home\",\"item\":\"https:\/\/vof-news.eu\/es\/\"},{\"@type\":\"ListItem\",\"position\":2,\"name\":\"La UE a\u00fan conf\u00eda en un acuerdo antes del 1 de agosto para evitar los aranceles del 30% anunciados por Trump\"}]},{\"@type\":\"WebSite\",\"@id\":\"https:\/\/vof-news.eu\/es\/#website\",\"url\":\"https:\/\/vof-news.eu\/es\/\",\"name\":\"vof-news.eu\",\"description\":\"\",\"potentialAction\":[{\"@type\":\"SearchAction\",\"target\":{\"@type\":\"EntryPoint\",\"urlTemplate\":\"https:\/\/vof-news.eu\/es\/?s={search_term_string}\"},\"query-input\":\"required name=search_term_string\"}],\"inLanguage\":\"es\"},{\"@type\":\"Person\",\"@id\":\"https:\/\/vof-news.eu\/es\/#\/schema\/person\/f6a2a4309f0561835797fd8c19b333ed\",\"name\":\"Author\",\"image\":{\"@type\":\"ImageObject\",\"inLanguage\":\"es\",\"@id\":\"https:\/\/vof-news.eu\/es\/#\/schema\/person\/image\/\",\"url\":\"https:\/\/secure.gravatar.com\/avatar\/b67e614b1b25b3e9c0c239efdd2fde5ab015b5affd6f1c3c85911ca4b384e790?s=96&d=mm&r=g\",\"contentUrl\":\"https:\/\/secure.gravatar.com\/avatar\/b67e614b1b25b3e9c0c239efdd2fde5ab015b5affd6f1c3c85911ca4b384e790?s=96&d=mm&r=g\",\"caption\":\"Author\"},\"sameAs\":[\"http:\/\/vof-news.eu\"],\"url\":\"https:\/\/vof-news.eu\/es\/author\/zwt6qxnjulxbnyg\/\"}]}<\/script>\n<!-- \/ Yoast SEO plugin. -->","yoast_head_json":{"title":"La UE a\u00fan conf\u00eda en un acuerdo antes del 1 de agosto para evitar los aranceles del 30% anunciados por Trump - vof-news.eu","description":"La Comisi\u00f3n Europea \u201ctoma nota\u201d del anuncio unilateral de Donald Trump de imponer aranceles del 30% a las exportaciones europeas despu\u00e9s de dos meses de intensa negociaci\u00f3n en la que la UE ve\u00eda cerca un acuerdo que permitiera profundizar en una segunda fase de conversaciones. Sin embargo, el presidente de EEUU ha enviado una carta a Ursula von der Leyen en la que le comunica la entrada en vigor de esos grav\u00e1menes. En Bruselas a\u00fan conf\u00edan en poder llegar a un entendimiento que evite esos aranceles del 30% antes del 1 de agosto, aunque tiene que analizar la nueva situaci\u00f3n y si impone contramedidas.","robots":{"index":"noindex","follow":"follow","max-snippet":"max-snippet:-1","max-image-preview":"max-image-preview:large","max-video-preview":"max-video-preview:-1"},"og_locale":"es_ES","og_type":"article","og_title":"La UE a\u00fan conf\u00eda en un acuerdo antes del 1 de agosto para evitar los aranceles del 30% anunciados por Trump - vof-news.eu","og_description":"La Comisi\u00f3n Europea \u201ctoma nota\u201d del anuncio unilateral de Donald Trump de imponer aranceles del 30% a las exportaciones europeas despu\u00e9s de dos meses de intensa negociaci\u00f3n en la que la UE ve\u00eda cerca un acuerdo que permitiera profundizar en una segunda fase de conversaciones. Sin embargo, el presidente de EEUU ha enviado una carta a Ursula von der Leyen en la que le comunica la entrada en vigor de esos grav\u00e1menes. En Bruselas a\u00fan conf\u00edan en poder llegar a un entendimiento que evite esos aranceles del 30% antes del 1 de agosto, aunque tiene que analizar la nueva situaci\u00f3n y si impone contramedidas.","og_url":"https:\/\/vof-news.eu\/es\/la-ue-aun-confia-en-un-acuerdo-antes-del-1-de-agosto-para-evitar-los-aranceles-del-30-anunciados-por-trump\/","og_site_name":"vof-news.eu","article_published_time":"2025-07-12T14:17:14+00:00","article_modified_time":"2025-07-12T14:17:29+00:00","og_image":[{"width":1200,"height":675,"url":"https:\/\/vof-news.eu\/wp-content\/uploads\/2025\/07\/50a1f017-9a66-43c2-af3d-fc4aaf415562_16-9-discover-aspect-ratio_default_0.jpg","type":"image\/jpeg"}],"author":"Author","twitter_card":"summary_large_image","twitter_misc":{"Escrito por":"Author","Tiempo de lectura":"3 minutos"},"schema":{"@context":"https:\/\/schema.org","@graph":[{"@type":"WebPage","@id":"https:\/\/vof-news.eu\/es\/la-ue-aun-confia-en-un-acuerdo-antes-del-1-de-agosto-para-evitar-los-aranceles-del-30-anunciados-por-trump\/","url":"https:\/\/vof-news.eu\/es\/la-ue-aun-confia-en-un-acuerdo-antes-del-1-de-agosto-para-evitar-los-aranceles-del-30-anunciados-por-trump\/","name":"La UE a\u00fan conf\u00eda en un acuerdo antes del 1 de agosto para evitar los aranceles del 30% anunciados por Trump - vof-news.eu","isPartOf":{"@id":"https:\/\/vof-news.eu\/es\/#website"},"primaryImageOfPage":{"@id":"https:\/\/vof-news.eu\/es\/la-ue-aun-confia-en-un-acuerdo-antes-del-1-de-agosto-para-evitar-los-aranceles-del-30-anunciados-por-trump\/#primaryimage"},"image":{"@id":"https:\/\/vof-news.eu\/es\/la-ue-aun-confia-en-un-acuerdo-antes-del-1-de-agosto-para-evitar-los-aranceles-del-30-anunciados-por-trump\/#primaryimage"},"thumbnailUrl":"https:\/\/vof-news.eu\/wp-content\/uploads\/2025\/07\/50a1f017-9a66-43c2-af3d-fc4aaf415562_16-9-discover-aspect-ratio_default_0.jpg","datePublished":"2025-07-12T14:17:14+00:00","dateModified":"2025-07-12T14:17:29+00:00","author":{"@id":"https:\/\/vof-news.eu\/es\/#\/schema\/person\/f6a2a4309f0561835797fd8c19b333ed"},"description":"La Comisi\u00f3n Europea \u201ctoma nota\u201d del anuncio unilateral de Donald Trump de imponer aranceles del 30% a las exportaciones europeas despu\u00e9s de dos meses de intensa negociaci\u00f3n en la que la UE ve\u00eda cerca un acuerdo que permitiera profundizar en una segunda fase de conversaciones. Sin embargo, el presidente de EEUU ha enviado una carta a Ursula von der Leyen en la que le comunica la entrada en vigor de esos grav\u00e1menes. En Bruselas a\u00fan conf\u00edan en poder llegar a un entendimiento que evite esos aranceles del 30% antes del 1 de agosto, aunque tiene que analizar la nueva situaci\u00f3n y si impone contramedidas.","breadcrumb":{"@id":"https:\/\/vof-news.eu\/es\/la-ue-aun-confia-en-un-acuerdo-antes-del-1-de-agosto-para-evitar-los-aranceles-del-30-anunciados-por-trump\/#breadcrumb"},"inLanguage":"es","potentialAction":[{"@type":"ReadAction","target":["https:\/\/vof-news.eu\/es\/la-ue-aun-confia-en-un-acuerdo-antes-del-1-de-agosto-para-evitar-los-aranceles-del-30-anunciados-por-trump\/"]}]},{"@type":"ImageObject","inLanguage":"es","@id":"https:\/\/vof-news.eu\/es\/la-ue-aun-confia-en-un-acuerdo-antes-del-1-de-agosto-para-evitar-los-aranceles-del-30-anunciados-por-trump\/#primaryimage","url":"https:\/\/vof-news.eu\/wp-content\/uploads\/2025\/07\/50a1f017-9a66-43c2-af3d-fc4aaf415562_16-9-discover-aspect-ratio_default_0.jpg","contentUrl":"https:\/\/vof-news.eu\/wp-content\/uploads\/2025\/07\/50a1f017-9a66-43c2-af3d-fc4aaf415562_16-9-discover-aspect-ratio_default_0.jpg","width":1200,"height":675},{"@type":"BreadcrumbList","@id":"https:\/\/vof-news.eu\/es\/la-ue-aun-confia-en-un-acuerdo-antes-del-1-de-agosto-para-evitar-los-aranceles-del-30-anunciados-por-trump\/#breadcrumb","itemListElement":[{"@type":"ListItem","position":1,"name":"Home","item":"https:\/\/vof-news.eu\/es\/"},{"@type":"ListItem","position":2,"name":"La UE a\u00fan conf\u00eda en un acuerdo antes del 1 de agosto para evitar los aranceles del 30% anunciados por Trump"}]},{"@type":"WebSite","@id":"https:\/\/vof-news.eu\/es\/#website","url":"https:\/\/vof-news.eu\/es\/","name":"vof-news.eu","description":"","potentialAction":[{"@type":"SearchAction","target":{"@type":"EntryPoint","urlTemplate":"https:\/\/vof-news.eu\/es\/?s={search_term_string}"},"query-input":"required name=search_term_string"}],"inLanguage":"es"},{"@type":"Person","@id":"https:\/\/vof-news.eu\/es\/#\/schema\/person\/f6a2a4309f0561835797fd8c19b333ed","name":"Author","image":{"@type":"ImageObject","inLanguage":"es","@id":"https:\/\/vof-news.eu\/es\/#\/schema\/person\/image\/","url":"https:\/\/secure.gravatar.com\/avatar\/b67e614b1b25b3e9c0c239efdd2fde5ab015b5affd6f1c3c85911ca4b384e790?s=96&d=mm&r=g","contentUrl":"https:\/\/secure.gravatar.com\/avatar\/b67e614b1b25b3e9c0c239efdd2fde5ab015b5affd6f1c3c85911ca4b384e790?s=96&d=mm&r=g","caption":"Author"},"sameAs":["http:\/\/vof-news.eu"],"url":"https:\/\/vof-news.eu\/es\/author\/zwt6qxnjulxbnyg\/"}]}},"yoast_meta":{"yoast_wpseo_title":"","yoast_wpseo_metadesc":"","yoast_wpseo_canonical":""},"_links":{"self":[{"href":"https:\/\/vof-news.eu\/es\/wp-json\/wp\/v2\/posts\/252938","targetHints":{"allow":["GET"]}}],"collection":[{"href":"https:\/\/vof-news.eu\/es\/wp-json\/wp\/v2\/posts"}],"about":[{"href":"https:\/\/vof-news.eu\/es\/wp-json\/wp\/v2\/types\/post"}],"author":[{"embeddable":true,"href":"https:\/\/vof-news.eu\/es\/wp-json\/wp\/v2\/users\/1"}],"replies":[{"embeddable":true,"href":"https:\/\/vof-news.eu\/es\/wp-json\/wp\/v2\/comments?post=252938"}],"version-history":[{"count":1,"href":"https:\/\/vof-news.eu\/es\/wp-json\/wp\/v2\/posts\/252938\/revisions"}],"predecessor-version":[{"id":252945,"href":"https:\/\/vof-news.eu\/es\/wp-json\/wp\/v2\/posts\/252938\/revisions\/252945"}],"wp:featuredmedia":[{"embeddable":true,"href":"https:\/\/vof-news.eu\/es\/wp-json\/wp\/v2\/media\/252939"}],"wp:attachment":[{"href":"https:\/\/vof-news.eu\/es\/wp-json\/wp\/v2\/media?parent=252938"}],"wp:term":[{"taxonomy":"category","embeddable":true,"href":"https:\/\/vof-news.eu\/es\/wp-json\/wp\/v2\/categories?post=252938"},{"taxonomy":"post_tag","embeddable":true,"href":"https:\/\/vof-news.eu\/es\/wp-json\/wp\/v2\/tags?post=252938"}],"curies":[{"name":"wp","href":"https:\/\/api.w.org\/{rel}","templated":true}]}}