{"id":251389,"date":"2025-07-10T15:19:12","date_gmt":"2025-07-10T12:19:12","guid":{"rendered":"https:\/\/vof-news.eu\/yolanda-diaz-afirma-que-trabaja-para-que-el-indulto-a-las-seis-de-la-suiza-llegue-cuanto-antes\/"},"modified":"2025-07-10T15:19:50","modified_gmt":"2025-07-10T12:19:50","slug":"yolanda-diaz-afirma-que-trabaja-para-que-el-indulto-a-las-seis-de-la-suiza-llegue-cuanto-antes","status":"publish","type":"post","link":"https:\/\/vof-news.eu\/es\/yolanda-diaz-afirma-que-trabaja-para-que-el-indulto-a-las-seis-de-la-suiza-llegue-cuanto-antes\/","title":{"rendered":"Yolanda D\u00edaz afirma que trabaja para que el indulto a &#8216;Las seis de La Suiza&#8217; llegue cuanto antes"},"content":{"rendered":"<div>\n<p>\n        Con <a href=\"https:\/\/www.eldiario.es\/asturias\/convocada-protesta-gijon-entrada-prision-seis-suiza-llamados-politicos-indulto_1_12452888.html\" rel=\"nofollow\">las sindicalistas conocidas como &#8216;Las seis de la Suiza&#8217; ya en prisi\u00f3n<\/a>, tras su entrada este jueves, la vicepresidenta segunda y ministra de Trabajo y Econom\u00eda Social, Yolanda D\u00edaz, ha asegurado que est\u00e1 trabajando en el seno del Gobierno de coalici\u00f3n para que sean indultadas \u201ccuanto antes\u201d.\n    <\/p>\n<p>\n        \u201cEl sindicalismo es un derecho, no un delito\u201d, ha subrayado la vicepresidenta en su cuenta de Bluesky, donde ha a\u00f1adido que en una democracia \u201cnadie debe estar en prisi\u00f3n por defender los derechos laborales\u201d.\n    <\/p>\n<p>\n        Yolanda D\u00edaz viaj\u00f3 la semana pasada a Asturias para conocer de primera mano el caso de las sindicalistas <a href=\"https:\/\/www.eldiario.es\/asturias\/ts-confirma-condena-seis-suiza-sostiene-coacciones-provocaron-cierre-negocio-gijon_1_11473375.html\" rel=\"nofollow\">condenadas a tres a\u00f1os y medio de c\u00e1rcel<\/a> por un delito continuado de coacciones graves y otro delito contra la administraci\u00f3n de justicia a raiz de unas protestas laborales. La responsable de Trabajo calific\u00f3 la condena de \u201cesc\u00e1ndalo\u201d y les expres\u00f3 su apoyo, adem\u00e1s de comprometerse a tramitar su indulto.\n    <\/p>\n<p>\n        Este jueves, las cinco mujeres y un hombre condenados a tres a\u00f1os y medio de c\u00e1rcel cada uno por coacciones graves por el caso de &#8216;las seis de La Suiza&#8217; han ingresado en el Centro Penitenciario de Asturias. Todos ellos han ido juntos a entregar la documentaci\u00f3n que se les requer\u00eda y han quedado ya detenidos. El d\u00eda anterior, el titular del Juzgado de lo Penal n\u00famero 1 de Gij\u00f3n decret\u00f3 la orden de ingreso en prisi\u00f3n.\n    <\/p>\n<h2>Un caso que ha unido al sindicalismo<\/h2>\n<p>\n        Las sindicalistas condenadas se enfrentan a una pena de c\u00e1rcel de tres a\u00f1os y medio por haber participado en las movilizaciones relacionadas con el despido de una trabajadora de la pasteler\u00eda La Suiza en Gij\u00f3n en 2016.\n    <\/p>\n<p>\n        Se les ha procesado por un delito continuado de coacciones graves al participar en piquetes y protestas sindicales frente a la pasteler\u00eda y por un delito contra la Administraci\u00f3n de Justicia por obstrucci\u00f3n a la justicia durante el conflicto laboral.\n    <\/p>\n<p>\n        Tras la condena por estos hechos, las condenadas recurrieron la decisi\u00f3n judicial, pero el Tribunal Supremo ratific\u00f3 la condena tras un proceso que se ha prolongado m\u00e1s de ocho a\u00f1os. En el trascurso del procedimiento judicial, y ante la ratificaci\u00f3n de la condena de c\u00e1rcel, <a href=\"https:\/\/www.eldiario.es\/economia\/alianza-sindical-historica-defender-seis-suiza-no-agachar-cabeza_1_11521195.html\" rel=\"nofollow\">los distintos sindicatos del pa\u00eds se han unido para denunciar este caso<\/a> como una represi\u00f3n al sindicalismo.\n    <\/p>\n<p>\n        El grupo de apoyo a &#8216;las seis de la Suiza&#8217;, Sofitu, ha asegurado que mantendr\u00e1n las acciones de apoyo y que esto \u201cno nos va a callar\u201d, reiterando que mantendr\u00e1n las acciones el tiempo que sea necesario. \u201cNo las vamos a abandonar\u201d, han incidido.\n    <\/p>\n<p>\n<a href=\"https:\/\/www.eldiario.es\/asturias\/convocada-protesta-gijon-entrada-prision-seis-suiza-llamados-politicos-indulto_1_12452888.html\" rel=\"nofollow\">La Plaza del Ayuntamiento de Gij\u00f3n ser\u00e1 escenario este jueves 10 de julio de una nueva concentraci\u00f3n<\/a> de apoyo convocada por el grupo de apoyo a las sindicalistas condenadas. Ser\u00e1 a las 19:30 horas frente el consistorio gijon\u00e9s, que ha evitado apoyar el indulto por el veto de los grupos pol\u00edticos de derechas.\n    <\/p>\n<\/div>\n","protected":false},"excerpt":{"rendered":"<p>Con las sindicalistas conocidas como &#8216;Las seis de la Suiza&#8217; ya en prisi\u00f3n, tras su entrada este jueves, la vicepresidenta segunda y ministra de Trabajo y Econom\u00eda Social, Yolanda D\u00edaz, ha asegurado que est\u00e1 trabajando en el seno del Gobierno de coalici\u00f3n para que sean indultadas \u201ccuanto antes\u201d. \u201cEl sindicalismo es un derecho, no un<\/p>\n","protected":false},"author":1,"featured_media":251397,"comment_status":"open","ping_status":"open","sticky":false,"template":"","format":"standard","meta":{"footnotes":""},"categories":[61],"tags":[],"class_list":["post-251389","post","type-post","status-publish","format-standard","has-post-thumbnail","hentry","category-business-es"],"acf":[],"yoast_head":"<!-- This site is optimized with the Yoast SEO plugin v22.9 - https:\/\/yoast.com\/wordpress\/plugins\/seo\/ -->\n<title>Yolanda D\u00edaz afirma que trabaja para que el indulto a &#039;Las seis de La Suiza&#039; llegue cuanto antes - vof-news.eu<\/title>\n<meta name=\"description\" content=\"Con las sindicalistas conocidas como &#039;Las seis de la Suiza&#039; ya en prisi\u00f3n, tras su entrada este jueves, la vicepresidenta segunda y ministra de Trabajo y Econom\u00eda Social, Yolanda D\u00edaz, ha asegurado que est\u00e1 trabajando en el seno del Gobierno de coalici\u00f3n para que sean indultadas \u201ccuanto antes\u201d.\" \/>\n<meta name=\"robots\" content=\"noindex, follow, max-snippet:-1, max-image-preview:large, max-video-preview:-1\" \/>\n<meta property=\"og:locale\" content=\"es_ES\" \/>\n<meta property=\"og:type\" content=\"article\" \/>\n<meta property=\"og:title\" content=\"Yolanda D\u00edaz afirma que trabaja para que el indulto a &#039;Las seis de La Suiza&#039; llegue cuanto antes - vof-news.eu\" \/>\n<meta property=\"og:description\" content=\"Con las sindicalistas conocidas como &#039;Las seis de la Suiza&#039; ya en prisi\u00f3n, tras su entrada este jueves, la vicepresidenta segunda y ministra de Trabajo y Econom\u00eda Social, Yolanda D\u00edaz, ha asegurado que est\u00e1 trabajando en el seno del Gobierno de coalici\u00f3n para que sean indultadas \u201ccuanto antes\u201d.\" \/>\n<meta property=\"og:url\" content=\"https:\/\/vof-news.eu\/es\/yolanda-diaz-afirma-que-trabaja-para-que-el-indulto-a-las-seis-de-la-suiza-llegue-cuanto-antes\/\" \/>\n<meta property=\"og:site_name\" content=\"vof-news.eu\" \/>\n<meta property=\"article:published_time\" content=\"2025-07-10T12:19:12+00:00\" \/>\n<meta property=\"article:modified_time\" content=\"2025-07-10T12:19:50+00:00\" \/>\n<meta property=\"og:image\" content=\"https:\/\/vof-news.eu\/wp-content\/uploads\/2025\/07\/264c68ea-5833-494d-a716-5ed2f0b78f65_16-9-discover-aspect-ratio_default_0.jpg\" \/>\n\t<meta property=\"og:image:width\" content=\"1200\" \/>\n\t<meta property=\"og:image:height\" content=\"675\" \/>\n\t<meta property=\"og:image:type\" content=\"image\/jpeg\" \/>\n<meta name=\"author\" content=\"Author\" \/>\n<meta name=\"twitter:card\" content=\"summary_large_image\" \/>\n<meta name=\"twitter:label1\" content=\"Escrito por\" \/>\n\t<meta name=\"twitter:data1\" content=\"Author\" \/>\n\t<meta name=\"twitter:label2\" content=\"Tiempo de lectura\" \/>\n\t<meta name=\"twitter:data2\" content=\"3 minutos\" \/>\n<script type=\"application\/ld+json\" class=\"yoast-schema-graph\">{\"@context\":\"https:\/\/schema.org\",\"@graph\":[{\"@type\":\"WebPage\",\"@id\":\"https:\/\/vof-news.eu\/es\/yolanda-diaz-afirma-que-trabaja-para-que-el-indulto-a-las-seis-de-la-suiza-llegue-cuanto-antes\/\",\"url\":\"https:\/\/vof-news.eu\/es\/yolanda-diaz-afirma-que-trabaja-para-que-el-indulto-a-las-seis-de-la-suiza-llegue-cuanto-antes\/\",\"name\":\"Yolanda D\u00edaz afirma que trabaja para que el indulto a 'Las seis de La Suiza' llegue cuanto antes - vof-news.eu\",\"isPartOf\":{\"@id\":\"https:\/\/vof-news.eu\/es\/#website\"},\"primaryImageOfPage\":{\"@id\":\"https:\/\/vof-news.eu\/es\/yolanda-diaz-afirma-que-trabaja-para-que-el-indulto-a-las-seis-de-la-suiza-llegue-cuanto-antes\/#primaryimage\"},\"image\":{\"@id\":\"https:\/\/vof-news.eu\/es\/yolanda-diaz-afirma-que-trabaja-para-que-el-indulto-a-las-seis-de-la-suiza-llegue-cuanto-antes\/#primaryimage\"},\"thumbnailUrl\":\"https:\/\/vof-news.eu\/wp-content\/uploads\/2025\/07\/264c68ea-5833-494d-a716-5ed2f0b78f65_16-9-discover-aspect-ratio_default_0.jpg\",\"datePublished\":\"2025-07-10T12:19:12+00:00\",\"dateModified\":\"2025-07-10T12:19:50+00:00\",\"author\":{\"@id\":\"https:\/\/vof-news.eu\/es\/#\/schema\/person\/f6a2a4309f0561835797fd8c19b333ed\"},\"description\":\"Con las sindicalistas conocidas como 'Las seis de la Suiza' ya en prisi\u00f3n, tras su entrada este jueves, la vicepresidenta segunda y ministra de Trabajo y Econom\u00eda Social, Yolanda D\u00edaz, ha asegurado que est\u00e1 trabajando en el seno del Gobierno de coalici\u00f3n para que sean indultadas \u201ccuanto antes\u201d.\",\"breadcrumb\":{\"@id\":\"https:\/\/vof-news.eu\/es\/yolanda-diaz-afirma-que-trabaja-para-que-el-indulto-a-las-seis-de-la-suiza-llegue-cuanto-antes\/#breadcrumb\"},\"inLanguage\":\"es\",\"potentialAction\":[{\"@type\":\"ReadAction\",\"target\":[\"https:\/\/vof-news.eu\/es\/yolanda-diaz-afirma-que-trabaja-para-que-el-indulto-a-las-seis-de-la-suiza-llegue-cuanto-antes\/\"]}]},{\"@type\":\"ImageObject\",\"inLanguage\":\"es\",\"@id\":\"https:\/\/vof-news.eu\/es\/yolanda-diaz-afirma-que-trabaja-para-que-el-indulto-a-las-seis-de-la-suiza-llegue-cuanto-antes\/#primaryimage\",\"url\":\"https:\/\/vof-news.eu\/wp-content\/uploads\/2025\/07\/264c68ea-5833-494d-a716-5ed2f0b78f65_16-9-discover-aspect-ratio_default_0.jpg\",\"contentUrl\":\"https:\/\/vof-news.eu\/wp-content\/uploads\/2025\/07\/264c68ea-5833-494d-a716-5ed2f0b78f65_16-9-discover-aspect-ratio_default_0.jpg\",\"width\":1200,\"height\":675},{\"@type\":\"BreadcrumbList\",\"@id\":\"https:\/\/vof-news.eu\/es\/yolanda-diaz-afirma-que-trabaja-para-que-el-indulto-a-las-seis-de-la-suiza-llegue-cuanto-antes\/#breadcrumb\",\"itemListElement\":[{\"@type\":\"ListItem\",\"position\":1,\"name\":\"Home\",\"item\":\"https:\/\/vof-news.eu\/es\/\"},{\"@type\":\"ListItem\",\"position\":2,\"name\":\"Yolanda D\u00edaz afirma que trabaja para que el indulto a &#8216;Las seis de La Suiza&#8217; llegue cuanto antes\"}]},{\"@type\":\"WebSite\",\"@id\":\"https:\/\/vof-news.eu\/es\/#website\",\"url\":\"https:\/\/vof-news.eu\/es\/\",\"name\":\"vof-news.eu\",\"description\":\"\",\"potentialAction\":[{\"@type\":\"SearchAction\",\"target\":{\"@type\":\"EntryPoint\",\"urlTemplate\":\"https:\/\/vof-news.eu\/es\/?s={search_term_string}\"},\"query-input\":\"required name=search_term_string\"}],\"inLanguage\":\"es\"},{\"@type\":\"Person\",\"@id\":\"https:\/\/vof-news.eu\/es\/#\/schema\/person\/f6a2a4309f0561835797fd8c19b333ed\",\"name\":\"Author\",\"image\":{\"@type\":\"ImageObject\",\"inLanguage\":\"es\",\"@id\":\"https:\/\/vof-news.eu\/es\/#\/schema\/person\/image\/\",\"url\":\"https:\/\/secure.gravatar.com\/avatar\/b67e614b1b25b3e9c0c239efdd2fde5ab015b5affd6f1c3c85911ca4b384e790?s=96&d=mm&r=g\",\"contentUrl\":\"https:\/\/secure.gravatar.com\/avatar\/b67e614b1b25b3e9c0c239efdd2fde5ab015b5affd6f1c3c85911ca4b384e790?s=96&d=mm&r=g\",\"caption\":\"Author\"},\"sameAs\":[\"http:\/\/vof-news.eu\"],\"url\":\"https:\/\/vof-news.eu\/es\/author\/zwt6qxnjulxbnyg\/\"}]}<\/script>\n<!-- \/ Yoast SEO plugin. -->","yoast_head_json":{"title":"Yolanda D\u00edaz afirma que trabaja para que el indulto a 'Las seis de La Suiza' llegue cuanto antes - vof-news.eu","description":"Con las sindicalistas conocidas como 'Las seis de la Suiza' ya en prisi\u00f3n, tras su entrada este jueves, la vicepresidenta segunda y ministra de Trabajo y Econom\u00eda Social, Yolanda D\u00edaz, ha asegurado que est\u00e1 trabajando en el seno del Gobierno de coalici\u00f3n para que sean indultadas \u201ccuanto antes\u201d.","robots":{"index":"noindex","follow":"follow","max-snippet":"max-snippet:-1","max-image-preview":"max-image-preview:large","max-video-preview":"max-video-preview:-1"},"og_locale":"es_ES","og_type":"article","og_title":"Yolanda D\u00edaz afirma que trabaja para que el indulto a 'Las seis de La Suiza' llegue cuanto antes - vof-news.eu","og_description":"Con las sindicalistas conocidas como 'Las seis de la Suiza' ya en prisi\u00f3n, tras su entrada este jueves, la vicepresidenta segunda y ministra de Trabajo y Econom\u00eda Social, Yolanda D\u00edaz, ha asegurado que est\u00e1 trabajando en el seno del Gobierno de coalici\u00f3n para que sean indultadas \u201ccuanto antes\u201d.","og_url":"https:\/\/vof-news.eu\/es\/yolanda-diaz-afirma-que-trabaja-para-que-el-indulto-a-las-seis-de-la-suiza-llegue-cuanto-antes\/","og_site_name":"vof-news.eu","article_published_time":"2025-07-10T12:19:12+00:00","article_modified_time":"2025-07-10T12:19:50+00:00","og_image":[{"width":1200,"height":675,"url":"https:\/\/vof-news.eu\/wp-content\/uploads\/2025\/07\/264c68ea-5833-494d-a716-5ed2f0b78f65_16-9-discover-aspect-ratio_default_0.jpg","type":"image\/jpeg"}],"author":"Author","twitter_card":"summary_large_image","twitter_misc":{"Escrito por":"Author","Tiempo de lectura":"3 minutos"},"schema":{"@context":"https:\/\/schema.org","@graph":[{"@type":"WebPage","@id":"https:\/\/vof-news.eu\/es\/yolanda-diaz-afirma-que-trabaja-para-que-el-indulto-a-las-seis-de-la-suiza-llegue-cuanto-antes\/","url":"https:\/\/vof-news.eu\/es\/yolanda-diaz-afirma-que-trabaja-para-que-el-indulto-a-las-seis-de-la-suiza-llegue-cuanto-antes\/","name":"Yolanda D\u00edaz afirma que trabaja para que el indulto a 'Las seis de La Suiza' llegue cuanto antes - vof-news.eu","isPartOf":{"@id":"https:\/\/vof-news.eu\/es\/#website"},"primaryImageOfPage":{"@id":"https:\/\/vof-news.eu\/es\/yolanda-diaz-afirma-que-trabaja-para-que-el-indulto-a-las-seis-de-la-suiza-llegue-cuanto-antes\/#primaryimage"},"image":{"@id":"https:\/\/vof-news.eu\/es\/yolanda-diaz-afirma-que-trabaja-para-que-el-indulto-a-las-seis-de-la-suiza-llegue-cuanto-antes\/#primaryimage"},"thumbnailUrl":"https:\/\/vof-news.eu\/wp-content\/uploads\/2025\/07\/264c68ea-5833-494d-a716-5ed2f0b78f65_16-9-discover-aspect-ratio_default_0.jpg","datePublished":"2025-07-10T12:19:12+00:00","dateModified":"2025-07-10T12:19:50+00:00","author":{"@id":"https:\/\/vof-news.eu\/es\/#\/schema\/person\/f6a2a4309f0561835797fd8c19b333ed"},"description":"Con las sindicalistas conocidas como 'Las seis de la Suiza' ya en prisi\u00f3n, tras su entrada este jueves, la vicepresidenta segunda y ministra de Trabajo y Econom\u00eda Social, Yolanda D\u00edaz, ha asegurado que est\u00e1 trabajando en el seno del Gobierno de coalici\u00f3n para que sean indultadas \u201ccuanto antes\u201d.","breadcrumb":{"@id":"https:\/\/vof-news.eu\/es\/yolanda-diaz-afirma-que-trabaja-para-que-el-indulto-a-las-seis-de-la-suiza-llegue-cuanto-antes\/#breadcrumb"},"inLanguage":"es","potentialAction":[{"@type":"ReadAction","target":["https:\/\/vof-news.eu\/es\/yolanda-diaz-afirma-que-trabaja-para-que-el-indulto-a-las-seis-de-la-suiza-llegue-cuanto-antes\/"]}]},{"@type":"ImageObject","inLanguage":"es","@id":"https:\/\/vof-news.eu\/es\/yolanda-diaz-afirma-que-trabaja-para-que-el-indulto-a-las-seis-de-la-suiza-llegue-cuanto-antes\/#primaryimage","url":"https:\/\/vof-news.eu\/wp-content\/uploads\/2025\/07\/264c68ea-5833-494d-a716-5ed2f0b78f65_16-9-discover-aspect-ratio_default_0.jpg","contentUrl":"https:\/\/vof-news.eu\/wp-content\/uploads\/2025\/07\/264c68ea-5833-494d-a716-5ed2f0b78f65_16-9-discover-aspect-ratio_default_0.jpg","width":1200,"height":675},{"@type":"BreadcrumbList","@id":"https:\/\/vof-news.eu\/es\/yolanda-diaz-afirma-que-trabaja-para-que-el-indulto-a-las-seis-de-la-suiza-llegue-cuanto-antes\/#breadcrumb","itemListElement":[{"@type":"ListItem","position":1,"name":"Home","item":"https:\/\/vof-news.eu\/es\/"},{"@type":"ListItem","position":2,"name":"Yolanda D\u00edaz afirma que trabaja para que el indulto a &#8216;Las seis de La Suiza&#8217; llegue cuanto antes"}]},{"@type":"WebSite","@id":"https:\/\/vof-news.eu\/es\/#website","url":"https:\/\/vof-news.eu\/es\/","name":"vof-news.eu","description":"","potentialAction":[{"@type":"SearchAction","target":{"@type":"EntryPoint","urlTemplate":"https:\/\/vof-news.eu\/es\/?s={search_term_string}"},"query-input":"required name=search_term_string"}],"inLanguage":"es"},{"@type":"Person","@id":"https:\/\/vof-news.eu\/es\/#\/schema\/person\/f6a2a4309f0561835797fd8c19b333ed","name":"Author","image":{"@type":"ImageObject","inLanguage":"es","@id":"https:\/\/vof-news.eu\/es\/#\/schema\/person\/image\/","url":"https:\/\/secure.gravatar.com\/avatar\/b67e614b1b25b3e9c0c239efdd2fde5ab015b5affd6f1c3c85911ca4b384e790?s=96&d=mm&r=g","contentUrl":"https:\/\/secure.gravatar.com\/avatar\/b67e614b1b25b3e9c0c239efdd2fde5ab015b5affd6f1c3c85911ca4b384e790?s=96&d=mm&r=g","caption":"Author"},"sameAs":["http:\/\/vof-news.eu"],"url":"https:\/\/vof-news.eu\/es\/author\/zwt6qxnjulxbnyg\/"}]}},"yoast_meta":{"yoast_wpseo_title":"","yoast_wpseo_metadesc":"","yoast_wpseo_canonical":""},"_links":{"self":[{"href":"https:\/\/vof-news.eu\/es\/wp-json\/wp\/v2\/posts\/251389","targetHints":{"allow":["GET"]}}],"collection":[{"href":"https:\/\/vof-news.eu\/es\/wp-json\/wp\/v2\/posts"}],"about":[{"href":"https:\/\/vof-news.eu\/es\/wp-json\/wp\/v2\/types\/post"}],"author":[{"embeddable":true,"href":"https:\/\/vof-news.eu\/es\/wp-json\/wp\/v2\/users\/1"}],"replies":[{"embeddable":true,"href":"https:\/\/vof-news.eu\/es\/wp-json\/wp\/v2\/comments?post=251389"}],"version-history":[{"count":1,"href":"https:\/\/vof-news.eu\/es\/wp-json\/wp\/v2\/posts\/251389\/revisions"}],"predecessor-version":[{"id":251403,"href":"https:\/\/vof-news.eu\/es\/wp-json\/wp\/v2\/posts\/251389\/revisions\/251403"}],"wp:featuredmedia":[{"embeddable":true,"href":"https:\/\/vof-news.eu\/es\/wp-json\/wp\/v2\/media\/251397"}],"wp:attachment":[{"href":"https:\/\/vof-news.eu\/es\/wp-json\/wp\/v2\/media?parent=251389"}],"wp:term":[{"taxonomy":"category","embeddable":true,"href":"https:\/\/vof-news.eu\/es\/wp-json\/wp\/v2\/categories?post=251389"},{"taxonomy":"post_tag","embeddable":true,"href":"https:\/\/vof-news.eu\/es\/wp-json\/wp\/v2\/tags?post=251389"}],"curies":[{"name":"wp","href":"https:\/\/api.w.org\/{rel}","templated":true}]}}