{"id":251109,"date":"2025-07-10T07:20:44","date_gmt":"2025-07-10T04:20:44","guid":{"rendered":"https:\/\/vof-news.eu\/la-ue-aguanta-la-respiracion-a-la-espera-de-un-principio-de-acuerdo-con-trump-sobre-aranceles\/"},"modified":"2025-07-10T07:21:23","modified_gmt":"2025-07-10T04:21:23","slug":"la-ue-aguanta-la-respiracion-a-la-espera-de-un-principio-de-acuerdo-con-trump-sobre-aranceles","status":"publish","type":"post","link":"https:\/\/vof-news.eu\/es\/la-ue-aguanta-la-respiracion-a-la-espera-de-un-principio-de-acuerdo-con-trump-sobre-aranceles\/","title":{"rendered":"La UE aguanta la respiraci\u00f3n a la espera de un principio de acuerdo con Trump sobre aranceles"},"content":{"rendered":"<div>\n<p>\n        La UE espera un acuerdo inminente sobre aranceles con Donald Trump. Tras la zozobra inicial por la ampliaci\u00f3n del plazo de negociaci\u00f3n hasta el 1 de agosto, m\u00e1s all\u00e1 de la fecha l\u00edmite que se hab\u00eda situado en este 9 de julio, en Bruselas est\u00e1n convencidos de que \u201cen los pr\u00f3ximos d\u00edas\u201d se dar\u00e1 a conocer un principio de acuerdo con la Casa Blanca que evite los grav\u00e1menes a cerca del 70% de las transacciones comerciales con EEUU. El presidente de EEUU asegur\u00f3 el martes que dar\u00eda a conocer los aranceles a la UE \u201cen unos dos d\u00edas\u201d. Por lo que el nuevo d\u00eda marcado en rojo en el calendario es este jueves.\n    <\/p>\n<h2>\u00bfPor qu\u00e9 el l\u00edo de las fechas?<\/h2>\n<p>\n        Cuando Donald Trump desat\u00f3 su guerra arancelaria en el denominado &#8216;D\u00eda de la liberaci\u00f3n&#8217; el 2 de abril, anunci\u00f3 la entrada en vigor de aranceles masivos al resto del mundo. Incluida la UE. Pero despu\u00e9s decidi\u00f3 dar una tregua y suspender la parte espec\u00edfica para cada pa\u00eds de los nuevos grav\u00e1menes (y dejar un 10% universal). Y los 27 actuaron en consecuencia suspendiendo 90 d\u00edas la entrada en vigor de las contramedidas que hab\u00eda preparado en respuesta como gesto de buena fe ante la negociaci\u00f3n.\n    <\/p>\n<p>\n        El plazo para negociar era entre el 9 de abril y el 9 de julio, pero Trump decidi\u00f3 este lunes ampliar ese plazo de negociaci\u00f3n hasta el 1 de agosto, que ser\u00e1 la fecha en la que entren en vigor los aranceles que imponga EEUU al resto de pa\u00edses.\n    <\/p>\n<p>\n        La UE quer\u00eda en todo momento cerrar el acuerdo cuanto antes para dar certidumbre a las industrias y los mercados. Y la nueva fecha de Trump les cogi\u00f3 con el pie cambiado en un momento en el que las negociaciones se hab\u00edan intensificado.\n    <\/p>\n<p>\n        \u201cCuanto m\u00e1s r\u00e1pido logremos un acuerdo, mejor, porque eso eliminar\u00eda la incertidumbre que rodea esta cuesti\u00f3n de los aranceles y vemos que est\u00e1 pesando ya sobre la econom\u00eda y las decisiones empresariales\u201d, expres\u00f3 el comisario de Econom\u00eda, Valdis Dombroviskis, tras reunirse con los ministros de los 27, y horas antes de que Trump se\u00f1alara este jueves \u2013\u201cen unos dos d\u00edas\u201d, dijo el presidente de EEUU este martes\u2013 como fecha para anunciar los aranceles a la UE.\n    <\/p>\n<h2>Un acuerdo para seguir negociando<\/h2>\n<p>\n        La dial\u00e9ctica es distinta en el caso de la UE, que habla de un \u201cprincipio de acuerdo\u201d con la Casa Blanca en el que est\u00e1 trabajando el comisario de Comercio, Maros Sefcovic, que este mi\u00e9rcoles ten\u00eda una nueva llamada con el asesor comercial de Trump, Jamieson Greer, a la espera de la respuesta de EEUU a la \u00faltima propuesta que le envi\u00f3 la UE. \u201cMi entendimiento es que no vamos a recibir una carta\u201d, respondi\u00f3 el portavoz de comercio comunitario, Olof Gill, en referencia a la presi\u00f3n que el presidente de EEUU est\u00e1 haciendo al resto de pa\u00edses con nuevos aranceles a partir del 1 de agosto.\n    <\/p>\n<p>\n        La UE considera que \u201cen los pr\u00f3ximos d\u00edas\u201d se dar\u00e1 a conocer \u201cla declaraci\u00f3n conjunta del principio de acuerdo\u201d, seg\u00fan ha explicado Sefcovic este mi\u00e9rcoles en el Parlamento Europeo. Ese texto supondr\u00eda una base sobre la que seguir negociando el detalle, sector por sector: \u201cProporcionar\u00eda un marco sobre el que podr\u00edamos seguir construyendo, definiendo los par\u00e1metros exactos del acuerdo posterior\u201d. \u201cLo veo como un marco fundacional que allana el camino para un futuro acuerdo comercial UE-EEUU en toda regla\u201d, apuntal\u00f3 el comisario.\n    <\/p>\n<p>\n        \u201cBuscamos un marco claro, desde el que podamos seguir construyendo\u201d, hab\u00eda dicho previamente la presidenta de la Comisi\u00f3n Europea, Ursula von der Leyen, que el domingo habl\u00f3 por tel\u00e9fono con Trump.\n    <\/p>\n<h2>La UE asume m\u00e1s aranceles<\/h2>\n<p>\n        Lo que se da por hecho en la UE es que una parte de los aranceles que Trump impuso han llegado para quedarse y que el gravamen universal del 10% permanecer\u00e1, aunque es inferior al 20% que Trump anunci\u00f3 a principios de abril. La tasa podr\u00eda llegar al 17% para los productos agr\u00edcolas, seg\u00fan public\u00f3 El Pa\u00eds.\n    <\/p>\n<p>\n        Los esfuerzos negociadores de Bruselas se han centrado en los \u00faltimos d\u00edas en lograr exenciones que &#8216;salven&#8217; a la industria alemana, el vino y la fabricaci\u00f3n de los aviones comerciales, pensando especialmente en Airbus. De hecho, el canciller alem\u00e1n, Friedrich Merz, apret\u00f3 en la recta final de la negociaci\u00f3n para que se cerrara un acuerdo cuanto antes, con el objetivo de dar certidumbre a las empresas y a los mercados, y que se perfilaran los detalles m\u00e1s adelante.\n    <\/p>\n<h2>\u00bfY el reequilibrio?<\/h2>\n<p>\n        La gran inc\u00f3gnita por ahora es c\u00f3mo responder\u00e1 la UE al incremento de los aranceles que da por hecho, ya que desde el punto de vista comunitario la situaci\u00f3n estaba m\u00e1s o menos equilibrada y podr\u00eda haberse resuelto con algunos flecos, como la compra de m\u00e1s gas a EEUU o los aranceles cero por cero a los productos industriales, as\u00ed como una reducci\u00f3n en el caso de los veh\u00edculos. Pero la introducci\u00f3n de un gravamen general choca con lo que hasta ahora la UE hab\u00eda considerado justo.\n    <\/p>\n<p>\n        \u201cHemos abordado esta tarea con un enfoque l\u00e1ser para equilibrar las exigencias de EEUU con nuestras propias prioridades y garantizar que nuestra autonom\u00eda reglamentaria permanezca intacta. Pero perm\u00edtanme ser claro: aunque seguimos comprometidos con la consecuci\u00f3n de un acuerdo satisfactorio, debemos reconocer que seguir\u00e1 habiendo cierto grado de reequilibrio\u201d, expres\u00f3 Sefcovic.\n    <\/p>\n<p>\n        Y ah\u00ed habr\u00e1 una nueva discusi\u00f3n en el seno de la UE, que lleva meses preparando la posible respuesta a la entrada en vigor de los aranceles de Trump y tiene un paquete de hasta 95.000 millones de euros preparado. \u201cEstamos listos para todos los escenarios\u201d, ha dicho Von der Leyen este mi\u00e9rcoles.\n    <\/p>\n<h2>Amenazas que \u00bfse cumplen?<\/h2>\n<p>\n        Hay mucha gente que ya no se f\u00eda de la palabra de Donald Trump, que considera que nunca termina de cumplir sus amenazas relacionadas con los aranceles. Y por eso lo han bautizado como TACO, es decir,  \u2014Trump siempre se raja\u2014, un mote del que el presidente de EEUU se enter\u00f3 hace unas semanas durante una comparecencia ante la prensa en la Casa Blanca.\n    <\/p>\n<p>\n        Y lo cierto es que los aranceles no han dejado de ser una monta\u00f1a rusa: anuncios y rectificaciones, fechas l\u00edmite y pr\u00f3rrogas, una cifra y luego otra.\n    <\/p>\n<p>\n        Es m\u00e1s, este mismo lunes por la noche, al ser preguntado si las cartas enviadas este lunes a 14 pa\u00edses eran una \u201coferta final\u201d, Trump respondi\u00f3: \u201cS\u00ed, pero si llaman con una oferta diferente y me gusta, la aceptaremos\u201d. Y sobre la nueva fecha del 1 de agosto, dijo que era \u201cfirme, pero no 100% firme\u201d.\n    <\/p>\n<p>\n        A ra\u00edz de ese patr\u00f3n, el TACO se cocin\u00f3 el 2 de mayo. Aquel d\u00eda, el columnista del <a href=\"https:\/\/www.ft.com\/content\/e81ae481-fbb6-47e7-bd6b-c7d76ca5ab69\" rel=\"nofollow\"><strong>Financial Times Robert Armstrong escrib\u00eda<\/strong><\/a>: \u201cEl reciente repunte econ\u00f3mico tiene mucho que ver con que los mercados han llegado a la conclusi\u00f3n de que la administraci\u00f3n estadounidense no tiene un umbral muy alto de tolerancia al dolor econ\u00f3mico y de los mercados, y que se echar\u00e1 atr\u00e1s r\u00e1pidamente cuando los aranceles empiecen a causar estragos. A esto se le ha llamado la teor\u00eda del TACO:  \u2014Trump siempre se acobarda\u2014\u201d.\n    <\/p>\n<p>\n        El concepto, escondido en medio de un an\u00e1lisis sobre la coyuntura econ\u00f3mica, comenz\u00f3 a crecer hasta estallar en la Casa Blanca la semana pasada, cuando la periodista de CNBC, Megan Cassella, coge el micr\u00f3fono y le pregunta a Trump. \u201c\u00bfQue me echo atr\u00e1s? \u00bfQue me acobardo? Nunca hab\u00eda o\u00eddo eso\u201d, responde Trump enfurecido, \u201cy t\u00fa vienes con una pregunta tan desagradable como esa&#8230; Se llama negociar. No vuelvas a decir eso. Es una pregunta muy desagradable. Es de las m\u00e1s desagradables que me han hecho\u201d.\n    <\/p>\n<p>\n        Dos d\u00edas despu\u00e9s de esa respuesta, Trump anunci\u00f3 que duplicaba los aranceles al acero y al aluminio, del 25% al 50%. Pero tambi\u00e9n es cierto que, despu\u00e9s de anunciar aranceles desorbitados \u2014pendientes del proceso judicial\u2014 el 2 de abril, en el llamado \u201cd\u00eda de la liberaci\u00f3n\u201d, los dej\u00f3 finalmente en el 10%; y que tras anunciar un 145% a China, lo rebaj\u00f3 al 30% mientras se negocia, algo parecido a lo que ocurri\u00f3 con Canad\u00e1 y M\u00e9xico.\n    <\/p>\n<p>\n        Trump, adem\u00e1s, ha anunciado un arancel del 50% al cobre, en la l\u00ednea de lo aplicado para el acero y el aluminio.\n    <\/p>\n<p>\n        Y ahora, cuando las negociaciones que arrancaron en abril deb\u00edan concluir el 9 de julio \u2013\u201c90 acuerdos en 90 d\u00edas\u201d\u2013, resulta que este lunes anunci\u00f3 que la fecha l\u00edmite se prorrogaba hasta el 1 de agosto.\n    <\/p>\n<p>\n \u00bfTrump siempre se raja? De momento, lo que s\u00ed hace es generar mucha confusi\u00f3n.\n    <\/p>\n<h2>\u00bfEst\u00e1 Espa\u00f1a en problemas?<\/h2>\n<p>\n        Y parte de esa incertidumbre por los vaivenes de Trump tiene que ver con Espa\u00f1a despu\u00e9s de que  Trump amenazara con castigar espec\u00edficamente al pa\u00eds con m\u00e1s aranceles por la negativa de Pedro S\u00e1nchez a subir el gasto militar al 5% del PIB, como impuso EEUU al resto de aliados de la OTAN. En Bruselas no han emitido ninguna se\u00f1al que permita haga pensar que esa situaci\u00f3n ha dificultado la negociaci\u00f3n o que vaya a hacerse realidad.\n    <\/p>\n<p>\n        En cualquier caso, Trump no puede atacar a Espa\u00f1a en exclusiva y la respuesta ser\u00eda de toda la UE, que es la que tiene las competencias en materia de comercio.\n    <\/p>\n<p>\n        El Gobierno ha estado relativamente tranquilo hasta ahora con la guerra comercial bajo el argumento de que no hay una enorme dependencia de EEUU. Espa\u00f1a importa m\u00e1s de EEUU de lo que exporta y su relaci\u00f3n representa en torno al 1,3% del PIB, muy por debajo de lo que supone para otras econom\u00edas, como Alemania o Italia.\n    <\/p>\n<\/div>\n","protected":false},"excerpt":{"rendered":"<p>La UE espera un acuerdo inminente sobre aranceles con Donald Trump. Tras la zozobra inicial por la ampliaci\u00f3n del plazo de negociaci\u00f3n hasta el 1 de agosto, m\u00e1s all\u00e1 de la fecha l\u00edmite que se hab\u00eda situado en este 9 de julio, en Bruselas est\u00e1n convencidos de que \u201cen los pr\u00f3ximos d\u00edas\u201d se dar\u00e1 a<\/p>\n","protected":false},"author":1,"featured_media":251110,"comment_status":"open","ping_status":"open","sticky":false,"template":"","format":"standard","meta":{"footnotes":""},"categories":[61],"tags":[],"class_list":["post-251109","post","type-post","status-publish","format-standard","has-post-thumbnail","hentry","category-business-es"],"acf":[],"yoast_head":"<!-- This site is optimized with the Yoast SEO plugin v22.9 - https:\/\/yoast.com\/wordpress\/plugins\/seo\/ -->\n<title>La UE aguanta la respiraci\u00f3n a la espera de un principio de acuerdo con Trump sobre aranceles - vof-news.eu<\/title>\n<meta name=\"description\" content=\"La UE espera un acuerdo inminente sobre aranceles con Donald Trump. Tras la zozobra inicial por la ampliaci\u00f3n del plazo de negociaci\u00f3n hasta el 1 de agosto, m\u00e1s all\u00e1 de la fecha l\u00edmite que se hab\u00eda situado en este 9 de julio, en Bruselas est\u00e1n convencidos de que \u201cen los pr\u00f3ximos d\u00edas\u201d se dar\u00e1 a conocer un principio de acuerdo con la Casa Blanca que evite los grav\u00e1menes a cerca del 70% de las transacciones comerciales con EEUU. El presidente de EEUU asegur\u00f3 el martes que dar\u00eda a conocer los aranceles a la UE \u201cen unos dos d\u00edas\u201d. Por lo que el nuevo d\u00eda marcado en rojo en el calendario es este jueves.\" \/>\n<meta name=\"robots\" content=\"noindex, follow, max-snippet:-1, max-image-preview:large, max-video-preview:-1\" \/>\n<meta property=\"og:locale\" content=\"es_ES\" \/>\n<meta property=\"og:type\" content=\"article\" \/>\n<meta property=\"og:title\" content=\"La UE aguanta la respiraci\u00f3n a la espera de un principio de acuerdo con Trump sobre aranceles - vof-news.eu\" \/>\n<meta property=\"og:description\" content=\"La UE espera un acuerdo inminente sobre aranceles con Donald Trump. Tras la zozobra inicial por la ampliaci\u00f3n del plazo de negociaci\u00f3n hasta el 1 de agosto, m\u00e1s all\u00e1 de la fecha l\u00edmite que se hab\u00eda situado en este 9 de julio, en Bruselas est\u00e1n convencidos de que \u201cen los pr\u00f3ximos d\u00edas\u201d se dar\u00e1 a conocer un principio de acuerdo con la Casa Blanca que evite los grav\u00e1menes a cerca del 70% de las transacciones comerciales con EEUU. El presidente de EEUU asegur\u00f3 el martes que dar\u00eda a conocer los aranceles a la UE \u201cen unos dos d\u00edas\u201d. Por lo que el nuevo d\u00eda marcado en rojo en el calendario es este jueves.\" \/>\n<meta property=\"og:url\" content=\"https:\/\/vof-news.eu\/es\/la-ue-aguanta-la-respiracion-a-la-espera-de-un-principio-de-acuerdo-con-trump-sobre-aranceles\/\" \/>\n<meta property=\"og:site_name\" content=\"vof-news.eu\" \/>\n<meta property=\"article:published_time\" content=\"2025-07-10T04:20:44+00:00\" \/>\n<meta property=\"article:modified_time\" content=\"2025-07-10T04:21:23+00:00\" \/>\n<meta property=\"og:image\" content=\"https:\/\/vof-news.eu\/wp-content\/uploads\/2025\/07\/f6056998-320e-4817-82ab-065defd32599_16-9-discover-aspect-ratio_default_0.jpg\" \/>\n\t<meta property=\"og:image:width\" content=\"1200\" \/>\n\t<meta property=\"og:image:height\" content=\"675\" \/>\n\t<meta property=\"og:image:type\" content=\"image\/jpeg\" \/>\n<meta name=\"author\" content=\"Author\" \/>\n<meta name=\"twitter:card\" content=\"summary_large_image\" \/>\n<meta name=\"twitter:label1\" content=\"Escrito por\" \/>\n\t<meta name=\"twitter:data1\" content=\"Author\" \/>\n\t<meta name=\"twitter:label2\" content=\"Tiempo de lectura\" \/>\n\t<meta name=\"twitter:data2\" content=\"8 minutos\" \/>\n<script type=\"application\/ld+json\" class=\"yoast-schema-graph\">{\"@context\":\"https:\/\/schema.org\",\"@graph\":[{\"@type\":\"WebPage\",\"@id\":\"https:\/\/vof-news.eu\/es\/la-ue-aguanta-la-respiracion-a-la-espera-de-un-principio-de-acuerdo-con-trump-sobre-aranceles\/\",\"url\":\"https:\/\/vof-news.eu\/es\/la-ue-aguanta-la-respiracion-a-la-espera-de-un-principio-de-acuerdo-con-trump-sobre-aranceles\/\",\"name\":\"La UE aguanta la respiraci\u00f3n a la espera de un principio de acuerdo con Trump sobre aranceles - vof-news.eu\",\"isPartOf\":{\"@id\":\"https:\/\/vof-news.eu\/es\/#website\"},\"primaryImageOfPage\":{\"@id\":\"https:\/\/vof-news.eu\/es\/la-ue-aguanta-la-respiracion-a-la-espera-de-un-principio-de-acuerdo-con-trump-sobre-aranceles\/#primaryimage\"},\"image\":{\"@id\":\"https:\/\/vof-news.eu\/es\/la-ue-aguanta-la-respiracion-a-la-espera-de-un-principio-de-acuerdo-con-trump-sobre-aranceles\/#primaryimage\"},\"thumbnailUrl\":\"https:\/\/vof-news.eu\/wp-content\/uploads\/2025\/07\/f6056998-320e-4817-82ab-065defd32599_16-9-discover-aspect-ratio_default_0.jpg\",\"datePublished\":\"2025-07-10T04:20:44+00:00\",\"dateModified\":\"2025-07-10T04:21:23+00:00\",\"author\":{\"@id\":\"https:\/\/vof-news.eu\/es\/#\/schema\/person\/f6a2a4309f0561835797fd8c19b333ed\"},\"description\":\"La UE espera un acuerdo inminente sobre aranceles con Donald Trump. Tras la zozobra inicial por la ampliaci\u00f3n del plazo de negociaci\u00f3n hasta el 1 de agosto, m\u00e1s all\u00e1 de la fecha l\u00edmite que se hab\u00eda situado en este 9 de julio, en Bruselas est\u00e1n convencidos de que \u201cen los pr\u00f3ximos d\u00edas\u201d se dar\u00e1 a conocer un principio de acuerdo con la Casa Blanca que evite los grav\u00e1menes a cerca del 70% de las transacciones comerciales con EEUU. El presidente de EEUU asegur\u00f3 el martes que dar\u00eda a conocer los aranceles a la UE \u201cen unos dos d\u00edas\u201d. Por lo que el nuevo d\u00eda marcado en rojo en el calendario es este jueves.\",\"breadcrumb\":{\"@id\":\"https:\/\/vof-news.eu\/es\/la-ue-aguanta-la-respiracion-a-la-espera-de-un-principio-de-acuerdo-con-trump-sobre-aranceles\/#breadcrumb\"},\"inLanguage\":\"es\",\"potentialAction\":[{\"@type\":\"ReadAction\",\"target\":[\"https:\/\/vof-news.eu\/es\/la-ue-aguanta-la-respiracion-a-la-espera-de-un-principio-de-acuerdo-con-trump-sobre-aranceles\/\"]}]},{\"@type\":\"ImageObject\",\"inLanguage\":\"es\",\"@id\":\"https:\/\/vof-news.eu\/es\/la-ue-aguanta-la-respiracion-a-la-espera-de-un-principio-de-acuerdo-con-trump-sobre-aranceles\/#primaryimage\",\"url\":\"https:\/\/vof-news.eu\/wp-content\/uploads\/2025\/07\/f6056998-320e-4817-82ab-065defd32599_16-9-discover-aspect-ratio_default_0.jpg\",\"contentUrl\":\"https:\/\/vof-news.eu\/wp-content\/uploads\/2025\/07\/f6056998-320e-4817-82ab-065defd32599_16-9-discover-aspect-ratio_default_0.jpg\",\"width\":1200,\"height\":675},{\"@type\":\"BreadcrumbList\",\"@id\":\"https:\/\/vof-news.eu\/es\/la-ue-aguanta-la-respiracion-a-la-espera-de-un-principio-de-acuerdo-con-trump-sobre-aranceles\/#breadcrumb\",\"itemListElement\":[{\"@type\":\"ListItem\",\"position\":1,\"name\":\"Home\",\"item\":\"https:\/\/vof-news.eu\/es\/\"},{\"@type\":\"ListItem\",\"position\":2,\"name\":\"La UE aguanta la respiraci\u00f3n a la espera de un principio de acuerdo con Trump sobre aranceles\"}]},{\"@type\":\"WebSite\",\"@id\":\"https:\/\/vof-news.eu\/es\/#website\",\"url\":\"https:\/\/vof-news.eu\/es\/\",\"name\":\"vof-news.eu\",\"description\":\"\",\"potentialAction\":[{\"@type\":\"SearchAction\",\"target\":{\"@type\":\"EntryPoint\",\"urlTemplate\":\"https:\/\/vof-news.eu\/es\/?s={search_term_string}\"},\"query-input\":\"required name=search_term_string\"}],\"inLanguage\":\"es\"},{\"@type\":\"Person\",\"@id\":\"https:\/\/vof-news.eu\/es\/#\/schema\/person\/f6a2a4309f0561835797fd8c19b333ed\",\"name\":\"Author\",\"image\":{\"@type\":\"ImageObject\",\"inLanguage\":\"es\",\"@id\":\"https:\/\/vof-news.eu\/es\/#\/schema\/person\/image\/\",\"url\":\"https:\/\/secure.gravatar.com\/avatar\/b67e614b1b25b3e9c0c239efdd2fde5ab015b5affd6f1c3c85911ca4b384e790?s=96&d=mm&r=g\",\"contentUrl\":\"https:\/\/secure.gravatar.com\/avatar\/b67e614b1b25b3e9c0c239efdd2fde5ab015b5affd6f1c3c85911ca4b384e790?s=96&d=mm&r=g\",\"caption\":\"Author\"},\"sameAs\":[\"http:\/\/vof-news.eu\"],\"url\":\"https:\/\/vof-news.eu\/es\/author\/zwt6qxnjulxbnyg\/\"}]}<\/script>\n<!-- \/ Yoast SEO plugin. -->","yoast_head_json":{"title":"La UE aguanta la respiraci\u00f3n a la espera de un principio de acuerdo con Trump sobre aranceles - vof-news.eu","description":"La UE espera un acuerdo inminente sobre aranceles con Donald Trump. Tras la zozobra inicial por la ampliaci\u00f3n del plazo de negociaci\u00f3n hasta el 1 de agosto, m\u00e1s all\u00e1 de la fecha l\u00edmite que se hab\u00eda situado en este 9 de julio, en Bruselas est\u00e1n convencidos de que \u201cen los pr\u00f3ximos d\u00edas\u201d se dar\u00e1 a conocer un principio de acuerdo con la Casa Blanca que evite los grav\u00e1menes a cerca del 70% de las transacciones comerciales con EEUU. El presidente de EEUU asegur\u00f3 el martes que dar\u00eda a conocer los aranceles a la UE \u201cen unos dos d\u00edas\u201d. Por lo que el nuevo d\u00eda marcado en rojo en el calendario es este jueves.","robots":{"index":"noindex","follow":"follow","max-snippet":"max-snippet:-1","max-image-preview":"max-image-preview:large","max-video-preview":"max-video-preview:-1"},"og_locale":"es_ES","og_type":"article","og_title":"La UE aguanta la respiraci\u00f3n a la espera de un principio de acuerdo con Trump sobre aranceles - vof-news.eu","og_description":"La UE espera un acuerdo inminente sobre aranceles con Donald Trump. Tras la zozobra inicial por la ampliaci\u00f3n del plazo de negociaci\u00f3n hasta el 1 de agosto, m\u00e1s all\u00e1 de la fecha l\u00edmite que se hab\u00eda situado en este 9 de julio, en Bruselas est\u00e1n convencidos de que \u201cen los pr\u00f3ximos d\u00edas\u201d se dar\u00e1 a conocer un principio de acuerdo con la Casa Blanca que evite los grav\u00e1menes a cerca del 70% de las transacciones comerciales con EEUU. El presidente de EEUU asegur\u00f3 el martes que dar\u00eda a conocer los aranceles a la UE \u201cen unos dos d\u00edas\u201d. Por lo que el nuevo d\u00eda marcado en rojo en el calendario es este jueves.","og_url":"https:\/\/vof-news.eu\/es\/la-ue-aguanta-la-respiracion-a-la-espera-de-un-principio-de-acuerdo-con-trump-sobre-aranceles\/","og_site_name":"vof-news.eu","article_published_time":"2025-07-10T04:20:44+00:00","article_modified_time":"2025-07-10T04:21:23+00:00","og_image":[{"width":1200,"height":675,"url":"https:\/\/vof-news.eu\/wp-content\/uploads\/2025\/07\/f6056998-320e-4817-82ab-065defd32599_16-9-discover-aspect-ratio_default_0.jpg","type":"image\/jpeg"}],"author":"Author","twitter_card":"summary_large_image","twitter_misc":{"Escrito por":"Author","Tiempo de lectura":"8 minutos"},"schema":{"@context":"https:\/\/schema.org","@graph":[{"@type":"WebPage","@id":"https:\/\/vof-news.eu\/es\/la-ue-aguanta-la-respiracion-a-la-espera-de-un-principio-de-acuerdo-con-trump-sobre-aranceles\/","url":"https:\/\/vof-news.eu\/es\/la-ue-aguanta-la-respiracion-a-la-espera-de-un-principio-de-acuerdo-con-trump-sobre-aranceles\/","name":"La UE aguanta la respiraci\u00f3n a la espera de un principio de acuerdo con Trump sobre aranceles - vof-news.eu","isPartOf":{"@id":"https:\/\/vof-news.eu\/es\/#website"},"primaryImageOfPage":{"@id":"https:\/\/vof-news.eu\/es\/la-ue-aguanta-la-respiracion-a-la-espera-de-un-principio-de-acuerdo-con-trump-sobre-aranceles\/#primaryimage"},"image":{"@id":"https:\/\/vof-news.eu\/es\/la-ue-aguanta-la-respiracion-a-la-espera-de-un-principio-de-acuerdo-con-trump-sobre-aranceles\/#primaryimage"},"thumbnailUrl":"https:\/\/vof-news.eu\/wp-content\/uploads\/2025\/07\/f6056998-320e-4817-82ab-065defd32599_16-9-discover-aspect-ratio_default_0.jpg","datePublished":"2025-07-10T04:20:44+00:00","dateModified":"2025-07-10T04:21:23+00:00","author":{"@id":"https:\/\/vof-news.eu\/es\/#\/schema\/person\/f6a2a4309f0561835797fd8c19b333ed"},"description":"La UE espera un acuerdo inminente sobre aranceles con Donald Trump. Tras la zozobra inicial por la ampliaci\u00f3n del plazo de negociaci\u00f3n hasta el 1 de agosto, m\u00e1s all\u00e1 de la fecha l\u00edmite que se hab\u00eda situado en este 9 de julio, en Bruselas est\u00e1n convencidos de que \u201cen los pr\u00f3ximos d\u00edas\u201d se dar\u00e1 a conocer un principio de acuerdo con la Casa Blanca que evite los grav\u00e1menes a cerca del 70% de las transacciones comerciales con EEUU. El presidente de EEUU asegur\u00f3 el martes que dar\u00eda a conocer los aranceles a la UE \u201cen unos dos d\u00edas\u201d. Por lo que el nuevo d\u00eda marcado en rojo en el calendario es este jueves.","breadcrumb":{"@id":"https:\/\/vof-news.eu\/es\/la-ue-aguanta-la-respiracion-a-la-espera-de-un-principio-de-acuerdo-con-trump-sobre-aranceles\/#breadcrumb"},"inLanguage":"es","potentialAction":[{"@type":"ReadAction","target":["https:\/\/vof-news.eu\/es\/la-ue-aguanta-la-respiracion-a-la-espera-de-un-principio-de-acuerdo-con-trump-sobre-aranceles\/"]}]},{"@type":"ImageObject","inLanguage":"es","@id":"https:\/\/vof-news.eu\/es\/la-ue-aguanta-la-respiracion-a-la-espera-de-un-principio-de-acuerdo-con-trump-sobre-aranceles\/#primaryimage","url":"https:\/\/vof-news.eu\/wp-content\/uploads\/2025\/07\/f6056998-320e-4817-82ab-065defd32599_16-9-discover-aspect-ratio_default_0.jpg","contentUrl":"https:\/\/vof-news.eu\/wp-content\/uploads\/2025\/07\/f6056998-320e-4817-82ab-065defd32599_16-9-discover-aspect-ratio_default_0.jpg","width":1200,"height":675},{"@type":"BreadcrumbList","@id":"https:\/\/vof-news.eu\/es\/la-ue-aguanta-la-respiracion-a-la-espera-de-un-principio-de-acuerdo-con-trump-sobre-aranceles\/#breadcrumb","itemListElement":[{"@type":"ListItem","position":1,"name":"Home","item":"https:\/\/vof-news.eu\/es\/"},{"@type":"ListItem","position":2,"name":"La UE aguanta la respiraci\u00f3n a la espera de un principio de acuerdo con Trump sobre aranceles"}]},{"@type":"WebSite","@id":"https:\/\/vof-news.eu\/es\/#website","url":"https:\/\/vof-news.eu\/es\/","name":"vof-news.eu","description":"","potentialAction":[{"@type":"SearchAction","target":{"@type":"EntryPoint","urlTemplate":"https:\/\/vof-news.eu\/es\/?s={search_term_string}"},"query-input":"required name=search_term_string"}],"inLanguage":"es"},{"@type":"Person","@id":"https:\/\/vof-news.eu\/es\/#\/schema\/person\/f6a2a4309f0561835797fd8c19b333ed","name":"Author","image":{"@type":"ImageObject","inLanguage":"es","@id":"https:\/\/vof-news.eu\/es\/#\/schema\/person\/image\/","url":"https:\/\/secure.gravatar.com\/avatar\/b67e614b1b25b3e9c0c239efdd2fde5ab015b5affd6f1c3c85911ca4b384e790?s=96&d=mm&r=g","contentUrl":"https:\/\/secure.gravatar.com\/avatar\/b67e614b1b25b3e9c0c239efdd2fde5ab015b5affd6f1c3c85911ca4b384e790?s=96&d=mm&r=g","caption":"Author"},"sameAs":["http:\/\/vof-news.eu"],"url":"https:\/\/vof-news.eu\/es\/author\/zwt6qxnjulxbnyg\/"}]}},"yoast_meta":{"yoast_wpseo_title":"","yoast_wpseo_metadesc":"","yoast_wpseo_canonical":""},"_links":{"self":[{"href":"https:\/\/vof-news.eu\/es\/wp-json\/wp\/v2\/posts\/251109","targetHints":{"allow":["GET"]}}],"collection":[{"href":"https:\/\/vof-news.eu\/es\/wp-json\/wp\/v2\/posts"}],"about":[{"href":"https:\/\/vof-news.eu\/es\/wp-json\/wp\/v2\/types\/post"}],"author":[{"embeddable":true,"href":"https:\/\/vof-news.eu\/es\/wp-json\/wp\/v2\/users\/1"}],"replies":[{"embeddable":true,"href":"https:\/\/vof-news.eu\/es\/wp-json\/wp\/v2\/comments?post=251109"}],"version-history":[{"count":1,"href":"https:\/\/vof-news.eu\/es\/wp-json\/wp\/v2\/posts\/251109\/revisions"}],"predecessor-version":[{"id":251116,"href":"https:\/\/vof-news.eu\/es\/wp-json\/wp\/v2\/posts\/251109\/revisions\/251116"}],"wp:featuredmedia":[{"embeddable":true,"href":"https:\/\/vof-news.eu\/es\/wp-json\/wp\/v2\/media\/251110"}],"wp:attachment":[{"href":"https:\/\/vof-news.eu\/es\/wp-json\/wp\/v2\/media?parent=251109"}],"wp:term":[{"taxonomy":"category","embeddable":true,"href":"https:\/\/vof-news.eu\/es\/wp-json\/wp\/v2\/categories?post=251109"},{"taxonomy":"post_tag","embeddable":true,"href":"https:\/\/vof-news.eu\/es\/wp-json\/wp\/v2\/tags?post=251109"}],"curies":[{"name":"wp","href":"https:\/\/api.w.org\/{rel}","templated":true}]}}