{"id":250955,"date":"2025-07-09T23:17:18","date_gmt":"2025-07-09T20:17:18","guid":{"rendered":"https:\/\/vof-news.eu\/la-ocde-recomienda-a-espana-mas-inmigracion-y-activar-a-los-trabajadores-mayores-para-asegurar-el-crecimiento-economico\/"},"modified":"2025-07-09T23:17:33","modified_gmt":"2025-07-09T20:17:33","slug":"la-ocde-recomienda-a-espana-mas-inmigracion-y-activar-a-los-trabajadores-mayores-para-asegurar-el-crecimiento-economico","status":"publish","type":"post","link":"https:\/\/vof-news.eu\/es\/la-ocde-recomienda-a-espana-mas-inmigracion-y-activar-a-los-trabajadores-mayores-para-asegurar-el-crecimiento-economico\/","title":{"rendered":"La OCDE recomienda a Espa\u00f1a m\u00e1s inmigraci\u00f3n y activar a los trabajadores mayores para asegurar el crecimiento econ\u00f3mico"},"content":{"rendered":"<div>\n<p>\n        La OCDE ha recomendado este mi\u00e9rcoles a Espa\u00f1a aumentar la inmigraci\u00f3n regular y activar a los trabajadores mayores, entre otras sugerencias, para asegurar el crecimiento econ\u00f3mico ante el previsible descenso de la poblaci\u00f3n. En su informe sobre perspectivas de empleo, publicado hoy, la Organizaci\u00f3n para la Cooperaci\u00f3n y el Desarrollo Econ\u00f3mico (OCDE) destaca que Espa\u00f1a, igual que el conjunto de los pa\u00edses miembros, se ver\u00e1 afectada por el \u201cfuerte descenso\u201d de la poblaci\u00f3n en edad de trabajar.\n    <\/p>\n<p>\n        Espa\u00f1a experimentar\u00e1 \u201cel mayor descenso\u201d de la tasa de empleo respecto a la poblaci\u00f3n entre los pa\u00edses de la organizaci\u00f3n, con una ca\u00edda de 10,3 puntos porcentuales para 2060, frente a una media de 2 puntos en el conjunto de la OCDE.\n    <\/p>\n<p>\n        Esta ca\u00edda, que se deber\u00e1 a la baja tasa de fecundidad y a la elevada esperanza de vida de Espa\u00f1a frente a otros pa\u00edses miembros, supondr\u00e1 que el n\u00famero de personas mayores por persona en edad de trabajar pasar\u00e1 de 0,34 en 2023 a 0,75 en 2060.\n    <\/p>\n<p>\n        La OCDE prev\u00e9 que esa falta de mano de obra tendr\u00e1 \u201cimportantes consecuencias para el crecimiento econ\u00f3mico\u201d de Espa\u00f1a, ya que el incremento del PIB per c\u00e1pita ser\u00eda solo de un 0,13 % anual de aqu\u00ed a 2060, frente al 0,53 % registrado entre 2006 y 2019.\n    <\/p>\n<p>\n        Por ello, la organizaci\u00f3n propone una serie de medidas para movilizar recursos laborales hasta ahora \u201csin aprovechar\u201d, como incrementar la incorporaci\u00f3n de la mujer al trabajo, reduciendo al menos en dos tercios la brecha de g\u00e9nero en el empleo. Adem\u00e1s, pide activar a los trabajadores mayores en buen estado de salud y promover la migraci\u00f3n regular.\n    <\/p>\n<p>\n        De esta forma, el informe asegura que Espa\u00f1a podr\u00eda impulsar el crecimiento anual del PIB per c\u00e1pita hasta el 0,73 %, aunque advierte de que para alcanzar el crecimiento del 0,9 % previsto para el conjunto de la OCDE en un escenario similar el pa\u00eds \u201cnecesitar\u00eda mejorar su productividad\u201d.\n    <\/p>\n<p>\n        Las recomendaciones para Espa\u00f1a son las mismas que para el conjunto de la OCDE, a cuyos miembros el informe pide \u201cacciones dr\u00e1sticas\u201d ante la inminente crisis demogr\u00e1fica, y que amenaza con causar una fuerte desaceleraci\u00f3n del PIB per c\u00e1pita en las pr\u00f3ximas d\u00e9cadas. \u201cLa econom\u00eda de los pa\u00edses de la OCDE ha entrado en una nueva era, en la que el reto pasa de la escasez de empleo a la escasez de trabajadores\u201d, afirma claramente el informe.\n    <\/p>\n<p>\n        El documento indica que, debido al envejecimiento de la poblaci\u00f3n previsto, el \u00edndice de dependencia de la vejez -que mide las personas mayores de 65 a\u00f1os respecto a la poblaci\u00f3n en edad de trabajar- ha pasado del 19 % en 1980 al 31 % en 2023 en el conjunto de la organizaci\u00f3n, y se prev\u00e9 que alcance el 52 % en 2060. Como consecuencia, el crecimiento del PIB per c\u00e1pita en la OCDE se ralentizar\u00e1 progresivamente hasta acumular una p\u00e9rdida del 40 % para 2060.\n    <\/p>\n<p>\n        Ante esta doble crisis que se avecina, la organizaci\u00f3n urge a sus miembros a poner en marcha \u201cuna estrategia integral\u201d, que incluya tanto la llegada de nuevos migrantes como aumentar la participaci\u00f3n de las mujeres en la fuerza laboral o incrementar el aumento de los trabajadores de m\u00e1s edad.\n    <\/p>\n<h2>La inmigraci\u00f3n \u201cayuda a sostener la poblaci\u00f3n en edad de trabajar\u201d <\/h2>\n<p>\n        Sobre la inmigraci\u00f3n, destaca que \u201cya est\u00e1 ayudando a sostener la poblaci\u00f3n en edad de trabajar y a reducir la escasez de mano de obra\u201d, pero se\u00f1ala que para que sea \u201cun factor de cambio\u201d las tasas netas de migraci\u00f3n tienen que ser mayores que los valores hist\u00f3ricos.\n    <\/p>\n<p>\n        Para la OCDE, tanto en Espa\u00f1a como en el conjunto de la organizaci\u00f3n, ser\u00e1 \u201cclave\u201d que los trabajadores de mayor edad sanos se mantengan en activo, adem\u00e1s de mantener la productividad nacional para asegurar la solidaridad intergeneracional\n    <\/p>\n<p>\n        \u201cProlongar la vida laboral en Espa\u00f1a no solo contribuir\u00eda a liberar recursos laborales adicionales para apoyar el crecimiento econ\u00f3mico, sino que tambi\u00e9n aliviar\u00eda la carga que soportan los j\u00f3venes, que ya est\u00e1n experimentando un estancamiento de ingresos\u201d, recalca el documento. La OCDE insiste en la importancia de los planes de formaci\u00f3n continuada para asegurar que los trabajadores mayores mantengan sus capacidades, y en este sentido recuerda que la participaci\u00f3n de los trabajadores entre 55 y 65 a\u00f1os en planes de formaci\u00f3n no reglada es \u201cbaja\u201d en Espa\u00f1a, solo del 29,3 % frente al 34,9 % de media entre los 29 pa\u00edses miembros que mantienen registros.\n    <\/p>\n<p>\n        Adem\u00e1s, la OCDE difumina las expectativas de que la inteligencia artificial pueda, por s\u00ed sola, solucionar el problema: \u201cLa IA puede mejorar la productividad, no es en absoluto un sustituto o una bala de plata para la falta de trabajadores humanos\n    <\/p>\n<\/div>\n","protected":false},"excerpt":{"rendered":"<p>La OCDE ha recomendado este mi\u00e9rcoles a Espa\u00f1a aumentar la inmigraci\u00f3n regular y activar a los trabajadores mayores, entre otras sugerencias, para asegurar el crecimiento econ\u00f3mico ante el previsible descenso de la poblaci\u00f3n. En su informe sobre perspectivas de empleo, publicado hoy, la Organizaci\u00f3n para la Cooperaci\u00f3n y el Desarrollo Econ\u00f3mico (OCDE) destaca que Espa\u00f1a,<\/p>\n","protected":false},"author":1,"featured_media":250956,"comment_status":"open","ping_status":"open","sticky":false,"template":"","format":"standard","meta":{"footnotes":""},"categories":[61],"tags":[],"class_list":["post-250955","post","type-post","status-publish","format-standard","has-post-thumbnail","hentry","category-business-es"],"acf":[],"yoast_head":"<!-- This site is optimized with the Yoast SEO plugin v22.9 - https:\/\/yoast.com\/wordpress\/plugins\/seo\/ -->\n<title>La OCDE recomienda a Espa\u00f1a m\u00e1s inmigraci\u00f3n y activar a los trabajadores mayores para asegurar el crecimiento econ\u00f3mico - vof-news.eu<\/title>\n<meta name=\"description\" content=\"La OCDE ha recomendado este mi\u00e9rcoles a Espa\u00f1a aumentar la inmigraci\u00f3n regular y activar a los trabajadores mayores, entre otras sugerencias, para asegurar el crecimiento econ\u00f3mico ante el previsible descenso de la poblaci\u00f3n. En su informe sobre perspectivas de empleo, publicado hoy, la Organizaci\u00f3n para la Cooperaci\u00f3n y el Desarrollo Econ\u00f3mico (OCDE) destaca que Espa\u00f1a, igual que el conjunto de los pa\u00edses miembros, se ver\u00e1 afectada por el \u201cfuerte descenso\u201d de la poblaci\u00f3n en edad de trabajar.\" \/>\n<meta name=\"robots\" content=\"noindex, follow, max-snippet:-1, max-image-preview:large, max-video-preview:-1\" \/>\n<meta property=\"og:locale\" content=\"es_ES\" \/>\n<meta property=\"og:type\" content=\"article\" \/>\n<meta property=\"og:title\" content=\"La OCDE recomienda a Espa\u00f1a m\u00e1s inmigraci\u00f3n y activar a los trabajadores mayores para asegurar el crecimiento econ\u00f3mico - vof-news.eu\" \/>\n<meta property=\"og:description\" content=\"La OCDE ha recomendado este mi\u00e9rcoles a Espa\u00f1a aumentar la inmigraci\u00f3n regular y activar a los trabajadores mayores, entre otras sugerencias, para asegurar el crecimiento econ\u00f3mico ante el previsible descenso de la poblaci\u00f3n. En su informe sobre perspectivas de empleo, publicado hoy, la Organizaci\u00f3n para la Cooperaci\u00f3n y el Desarrollo Econ\u00f3mico (OCDE) destaca que Espa\u00f1a, igual que el conjunto de los pa\u00edses miembros, se ver\u00e1 afectada por el \u201cfuerte descenso\u201d de la poblaci\u00f3n en edad de trabajar.\" \/>\n<meta property=\"og:url\" content=\"https:\/\/vof-news.eu\/es\/la-ocde-recomienda-a-espana-mas-inmigracion-y-activar-a-los-trabajadores-mayores-para-asegurar-el-crecimiento-economico\/\" \/>\n<meta property=\"og:site_name\" content=\"vof-news.eu\" \/>\n<meta property=\"article:published_time\" content=\"2025-07-09T20:17:18+00:00\" \/>\n<meta property=\"article:modified_time\" content=\"2025-07-09T20:17:33+00:00\" \/>\n<meta property=\"og:image\" content=\"https:\/\/vof-news.eu\/wp-content\/uploads\/2025\/07\/acfd2a30-9dba-4fb8-85ca-ede4afe5f253_16-9-discover-aspect-ratio_default_0.jpg\" \/>\n\t<meta property=\"og:image:width\" content=\"1200\" \/>\n\t<meta property=\"og:image:height\" content=\"675\" \/>\n\t<meta property=\"og:image:type\" content=\"image\/jpeg\" \/>\n<meta name=\"author\" content=\"Author\" \/>\n<meta name=\"twitter:card\" content=\"summary_large_image\" \/>\n<meta name=\"twitter:label1\" content=\"Escrito por\" \/>\n\t<meta name=\"twitter:data1\" content=\"Author\" \/>\n\t<meta name=\"twitter:label2\" content=\"Tiempo de lectura\" \/>\n\t<meta name=\"twitter:data2\" content=\"4 minutos\" \/>\n<script type=\"application\/ld+json\" class=\"yoast-schema-graph\">{\"@context\":\"https:\/\/schema.org\",\"@graph\":[{\"@type\":\"WebPage\",\"@id\":\"https:\/\/vof-news.eu\/es\/la-ocde-recomienda-a-espana-mas-inmigracion-y-activar-a-los-trabajadores-mayores-para-asegurar-el-crecimiento-economico\/\",\"url\":\"https:\/\/vof-news.eu\/es\/la-ocde-recomienda-a-espana-mas-inmigracion-y-activar-a-los-trabajadores-mayores-para-asegurar-el-crecimiento-economico\/\",\"name\":\"La OCDE recomienda a Espa\u00f1a m\u00e1s inmigraci\u00f3n y activar a los trabajadores mayores para asegurar el crecimiento econ\u00f3mico - vof-news.eu\",\"isPartOf\":{\"@id\":\"https:\/\/vof-news.eu\/es\/#website\"},\"primaryImageOfPage\":{\"@id\":\"https:\/\/vof-news.eu\/es\/la-ocde-recomienda-a-espana-mas-inmigracion-y-activar-a-los-trabajadores-mayores-para-asegurar-el-crecimiento-economico\/#primaryimage\"},\"image\":{\"@id\":\"https:\/\/vof-news.eu\/es\/la-ocde-recomienda-a-espana-mas-inmigracion-y-activar-a-los-trabajadores-mayores-para-asegurar-el-crecimiento-economico\/#primaryimage\"},\"thumbnailUrl\":\"https:\/\/vof-news.eu\/wp-content\/uploads\/2025\/07\/acfd2a30-9dba-4fb8-85ca-ede4afe5f253_16-9-discover-aspect-ratio_default_0.jpg\",\"datePublished\":\"2025-07-09T20:17:18+00:00\",\"dateModified\":\"2025-07-09T20:17:33+00:00\",\"author\":{\"@id\":\"https:\/\/vof-news.eu\/es\/#\/schema\/person\/f6a2a4309f0561835797fd8c19b333ed\"},\"description\":\"La OCDE ha recomendado este mi\u00e9rcoles a Espa\u00f1a aumentar la inmigraci\u00f3n regular y activar a los trabajadores mayores, entre otras sugerencias, para asegurar el crecimiento econ\u00f3mico ante el previsible descenso de la poblaci\u00f3n. En su informe sobre perspectivas de empleo, publicado hoy, la Organizaci\u00f3n para la Cooperaci\u00f3n y el Desarrollo Econ\u00f3mico (OCDE) destaca que Espa\u00f1a, igual que el conjunto de los pa\u00edses miembros, se ver\u00e1 afectada por el \u201cfuerte descenso\u201d de la poblaci\u00f3n en edad de trabajar.\",\"breadcrumb\":{\"@id\":\"https:\/\/vof-news.eu\/es\/la-ocde-recomienda-a-espana-mas-inmigracion-y-activar-a-los-trabajadores-mayores-para-asegurar-el-crecimiento-economico\/#breadcrumb\"},\"inLanguage\":\"es\",\"potentialAction\":[{\"@type\":\"ReadAction\",\"target\":[\"https:\/\/vof-news.eu\/es\/la-ocde-recomienda-a-espana-mas-inmigracion-y-activar-a-los-trabajadores-mayores-para-asegurar-el-crecimiento-economico\/\"]}]},{\"@type\":\"ImageObject\",\"inLanguage\":\"es\",\"@id\":\"https:\/\/vof-news.eu\/es\/la-ocde-recomienda-a-espana-mas-inmigracion-y-activar-a-los-trabajadores-mayores-para-asegurar-el-crecimiento-economico\/#primaryimage\",\"url\":\"https:\/\/vof-news.eu\/wp-content\/uploads\/2025\/07\/acfd2a30-9dba-4fb8-85ca-ede4afe5f253_16-9-discover-aspect-ratio_default_0.jpg\",\"contentUrl\":\"https:\/\/vof-news.eu\/wp-content\/uploads\/2025\/07\/acfd2a30-9dba-4fb8-85ca-ede4afe5f253_16-9-discover-aspect-ratio_default_0.jpg\",\"width\":1200,\"height\":675},{\"@type\":\"BreadcrumbList\",\"@id\":\"https:\/\/vof-news.eu\/es\/la-ocde-recomienda-a-espana-mas-inmigracion-y-activar-a-los-trabajadores-mayores-para-asegurar-el-crecimiento-economico\/#breadcrumb\",\"itemListElement\":[{\"@type\":\"ListItem\",\"position\":1,\"name\":\"Home\",\"item\":\"https:\/\/vof-news.eu\/es\/\"},{\"@type\":\"ListItem\",\"position\":2,\"name\":\"La OCDE recomienda a Espa\u00f1a m\u00e1s inmigraci\u00f3n y activar a los trabajadores mayores para asegurar el crecimiento econ\u00f3mico\"}]},{\"@type\":\"WebSite\",\"@id\":\"https:\/\/vof-news.eu\/es\/#website\",\"url\":\"https:\/\/vof-news.eu\/es\/\",\"name\":\"vof-news.eu\",\"description\":\"\",\"potentialAction\":[{\"@type\":\"SearchAction\",\"target\":{\"@type\":\"EntryPoint\",\"urlTemplate\":\"https:\/\/vof-news.eu\/es\/?s={search_term_string}\"},\"query-input\":\"required name=search_term_string\"}],\"inLanguage\":\"es\"},{\"@type\":\"Person\",\"@id\":\"https:\/\/vof-news.eu\/es\/#\/schema\/person\/f6a2a4309f0561835797fd8c19b333ed\",\"name\":\"Author\",\"image\":{\"@type\":\"ImageObject\",\"inLanguage\":\"es\",\"@id\":\"https:\/\/vof-news.eu\/es\/#\/schema\/person\/image\/\",\"url\":\"https:\/\/secure.gravatar.com\/avatar\/b67e614b1b25b3e9c0c239efdd2fde5ab015b5affd6f1c3c85911ca4b384e790?s=96&d=mm&r=g\",\"contentUrl\":\"https:\/\/secure.gravatar.com\/avatar\/b67e614b1b25b3e9c0c239efdd2fde5ab015b5affd6f1c3c85911ca4b384e790?s=96&d=mm&r=g\",\"caption\":\"Author\"},\"sameAs\":[\"http:\/\/vof-news.eu\"],\"url\":\"https:\/\/vof-news.eu\/es\/author\/zwt6qxnjulxbnyg\/\"}]}<\/script>\n<!-- \/ Yoast SEO plugin. -->","yoast_head_json":{"title":"La OCDE recomienda a Espa\u00f1a m\u00e1s inmigraci\u00f3n y activar a los trabajadores mayores para asegurar el crecimiento econ\u00f3mico - vof-news.eu","description":"La OCDE ha recomendado este mi\u00e9rcoles a Espa\u00f1a aumentar la inmigraci\u00f3n regular y activar a los trabajadores mayores, entre otras sugerencias, para asegurar el crecimiento econ\u00f3mico ante el previsible descenso de la poblaci\u00f3n. En su informe sobre perspectivas de empleo, publicado hoy, la Organizaci\u00f3n para la Cooperaci\u00f3n y el Desarrollo Econ\u00f3mico (OCDE) destaca que Espa\u00f1a, igual que el conjunto de los pa\u00edses miembros, se ver\u00e1 afectada por el \u201cfuerte descenso\u201d de la poblaci\u00f3n en edad de trabajar.","robots":{"index":"noindex","follow":"follow","max-snippet":"max-snippet:-1","max-image-preview":"max-image-preview:large","max-video-preview":"max-video-preview:-1"},"og_locale":"es_ES","og_type":"article","og_title":"La OCDE recomienda a Espa\u00f1a m\u00e1s inmigraci\u00f3n y activar a los trabajadores mayores para asegurar el crecimiento econ\u00f3mico - vof-news.eu","og_description":"La OCDE ha recomendado este mi\u00e9rcoles a Espa\u00f1a aumentar la inmigraci\u00f3n regular y activar a los trabajadores mayores, entre otras sugerencias, para asegurar el crecimiento econ\u00f3mico ante el previsible descenso de la poblaci\u00f3n. En su informe sobre perspectivas de empleo, publicado hoy, la Organizaci\u00f3n para la Cooperaci\u00f3n y el Desarrollo Econ\u00f3mico (OCDE) destaca que Espa\u00f1a, igual que el conjunto de los pa\u00edses miembros, se ver\u00e1 afectada por el \u201cfuerte descenso\u201d de la poblaci\u00f3n en edad de trabajar.","og_url":"https:\/\/vof-news.eu\/es\/la-ocde-recomienda-a-espana-mas-inmigracion-y-activar-a-los-trabajadores-mayores-para-asegurar-el-crecimiento-economico\/","og_site_name":"vof-news.eu","article_published_time":"2025-07-09T20:17:18+00:00","article_modified_time":"2025-07-09T20:17:33+00:00","og_image":[{"width":1200,"height":675,"url":"https:\/\/vof-news.eu\/wp-content\/uploads\/2025\/07\/acfd2a30-9dba-4fb8-85ca-ede4afe5f253_16-9-discover-aspect-ratio_default_0.jpg","type":"image\/jpeg"}],"author":"Author","twitter_card":"summary_large_image","twitter_misc":{"Escrito por":"Author","Tiempo de lectura":"4 minutos"},"schema":{"@context":"https:\/\/schema.org","@graph":[{"@type":"WebPage","@id":"https:\/\/vof-news.eu\/es\/la-ocde-recomienda-a-espana-mas-inmigracion-y-activar-a-los-trabajadores-mayores-para-asegurar-el-crecimiento-economico\/","url":"https:\/\/vof-news.eu\/es\/la-ocde-recomienda-a-espana-mas-inmigracion-y-activar-a-los-trabajadores-mayores-para-asegurar-el-crecimiento-economico\/","name":"La OCDE recomienda a Espa\u00f1a m\u00e1s inmigraci\u00f3n y activar a los trabajadores mayores para asegurar el crecimiento econ\u00f3mico - vof-news.eu","isPartOf":{"@id":"https:\/\/vof-news.eu\/es\/#website"},"primaryImageOfPage":{"@id":"https:\/\/vof-news.eu\/es\/la-ocde-recomienda-a-espana-mas-inmigracion-y-activar-a-los-trabajadores-mayores-para-asegurar-el-crecimiento-economico\/#primaryimage"},"image":{"@id":"https:\/\/vof-news.eu\/es\/la-ocde-recomienda-a-espana-mas-inmigracion-y-activar-a-los-trabajadores-mayores-para-asegurar-el-crecimiento-economico\/#primaryimage"},"thumbnailUrl":"https:\/\/vof-news.eu\/wp-content\/uploads\/2025\/07\/acfd2a30-9dba-4fb8-85ca-ede4afe5f253_16-9-discover-aspect-ratio_default_0.jpg","datePublished":"2025-07-09T20:17:18+00:00","dateModified":"2025-07-09T20:17:33+00:00","author":{"@id":"https:\/\/vof-news.eu\/es\/#\/schema\/person\/f6a2a4309f0561835797fd8c19b333ed"},"description":"La OCDE ha recomendado este mi\u00e9rcoles a Espa\u00f1a aumentar la inmigraci\u00f3n regular y activar a los trabajadores mayores, entre otras sugerencias, para asegurar el crecimiento econ\u00f3mico ante el previsible descenso de la poblaci\u00f3n. En su informe sobre perspectivas de empleo, publicado hoy, la Organizaci\u00f3n para la Cooperaci\u00f3n y el Desarrollo Econ\u00f3mico (OCDE) destaca que Espa\u00f1a, igual que el conjunto de los pa\u00edses miembros, se ver\u00e1 afectada por el \u201cfuerte descenso\u201d de la poblaci\u00f3n en edad de trabajar.","breadcrumb":{"@id":"https:\/\/vof-news.eu\/es\/la-ocde-recomienda-a-espana-mas-inmigracion-y-activar-a-los-trabajadores-mayores-para-asegurar-el-crecimiento-economico\/#breadcrumb"},"inLanguage":"es","potentialAction":[{"@type":"ReadAction","target":["https:\/\/vof-news.eu\/es\/la-ocde-recomienda-a-espana-mas-inmigracion-y-activar-a-los-trabajadores-mayores-para-asegurar-el-crecimiento-economico\/"]}]},{"@type":"ImageObject","inLanguage":"es","@id":"https:\/\/vof-news.eu\/es\/la-ocde-recomienda-a-espana-mas-inmigracion-y-activar-a-los-trabajadores-mayores-para-asegurar-el-crecimiento-economico\/#primaryimage","url":"https:\/\/vof-news.eu\/wp-content\/uploads\/2025\/07\/acfd2a30-9dba-4fb8-85ca-ede4afe5f253_16-9-discover-aspect-ratio_default_0.jpg","contentUrl":"https:\/\/vof-news.eu\/wp-content\/uploads\/2025\/07\/acfd2a30-9dba-4fb8-85ca-ede4afe5f253_16-9-discover-aspect-ratio_default_0.jpg","width":1200,"height":675},{"@type":"BreadcrumbList","@id":"https:\/\/vof-news.eu\/es\/la-ocde-recomienda-a-espana-mas-inmigracion-y-activar-a-los-trabajadores-mayores-para-asegurar-el-crecimiento-economico\/#breadcrumb","itemListElement":[{"@type":"ListItem","position":1,"name":"Home","item":"https:\/\/vof-news.eu\/es\/"},{"@type":"ListItem","position":2,"name":"La OCDE recomienda a Espa\u00f1a m\u00e1s inmigraci\u00f3n y activar a los trabajadores mayores para asegurar el crecimiento econ\u00f3mico"}]},{"@type":"WebSite","@id":"https:\/\/vof-news.eu\/es\/#website","url":"https:\/\/vof-news.eu\/es\/","name":"vof-news.eu","description":"","potentialAction":[{"@type":"SearchAction","target":{"@type":"EntryPoint","urlTemplate":"https:\/\/vof-news.eu\/es\/?s={search_term_string}"},"query-input":"required name=search_term_string"}],"inLanguage":"es"},{"@type":"Person","@id":"https:\/\/vof-news.eu\/es\/#\/schema\/person\/f6a2a4309f0561835797fd8c19b333ed","name":"Author","image":{"@type":"ImageObject","inLanguage":"es","@id":"https:\/\/vof-news.eu\/es\/#\/schema\/person\/image\/","url":"https:\/\/secure.gravatar.com\/avatar\/b67e614b1b25b3e9c0c239efdd2fde5ab015b5affd6f1c3c85911ca4b384e790?s=96&d=mm&r=g","contentUrl":"https:\/\/secure.gravatar.com\/avatar\/b67e614b1b25b3e9c0c239efdd2fde5ab015b5affd6f1c3c85911ca4b384e790?s=96&d=mm&r=g","caption":"Author"},"sameAs":["http:\/\/vof-news.eu"],"url":"https:\/\/vof-news.eu\/es\/author\/zwt6qxnjulxbnyg\/"}]}},"yoast_meta":{"yoast_wpseo_title":"","yoast_wpseo_metadesc":"","yoast_wpseo_canonical":""},"_links":{"self":[{"href":"https:\/\/vof-news.eu\/es\/wp-json\/wp\/v2\/posts\/250955","targetHints":{"allow":["GET"]}}],"collection":[{"href":"https:\/\/vof-news.eu\/es\/wp-json\/wp\/v2\/posts"}],"about":[{"href":"https:\/\/vof-news.eu\/es\/wp-json\/wp\/v2\/types\/post"}],"author":[{"embeddable":true,"href":"https:\/\/vof-news.eu\/es\/wp-json\/wp\/v2\/users\/1"}],"replies":[{"embeddable":true,"href":"https:\/\/vof-news.eu\/es\/wp-json\/wp\/v2\/comments?post=250955"}],"version-history":[{"count":1,"href":"https:\/\/vof-news.eu\/es\/wp-json\/wp\/v2\/posts\/250955\/revisions"}],"predecessor-version":[{"id":250962,"href":"https:\/\/vof-news.eu\/es\/wp-json\/wp\/v2\/posts\/250955\/revisions\/250962"}],"wp:featuredmedia":[{"embeddable":true,"href":"https:\/\/vof-news.eu\/es\/wp-json\/wp\/v2\/media\/250956"}],"wp:attachment":[{"href":"https:\/\/vof-news.eu\/es\/wp-json\/wp\/v2\/media?parent=250955"}],"wp:term":[{"taxonomy":"category","embeddable":true,"href":"https:\/\/vof-news.eu\/es\/wp-json\/wp\/v2\/categories?post=250955"},{"taxonomy":"post_tag","embeddable":true,"href":"https:\/\/vof-news.eu\/es\/wp-json\/wp\/v2\/tags?post=250955"}],"curies":[{"name":"wp","href":"https:\/\/api.w.org\/{rel}","templated":true}]}}