{"id":250537,"date":"2025-07-09T17:18:17","date_gmt":"2025-07-09T14:18:17","guid":{"rendered":"https:\/\/vof-news.eu\/el-incentivo-al-empleo-del-ingreso-minimo-vital-no-funciona-no-impulsa-al-trabajo-a-sus-beneficiarios\/"},"modified":"2025-07-09T17:18:49","modified_gmt":"2025-07-09T14:18:49","slug":"el-incentivo-al-empleo-del-ingreso-minimo-vital-no-funciona-no-impulsa-al-trabajo-a-sus-beneficiarios","status":"publish","type":"post","link":"https:\/\/vof-news.eu\/es\/el-incentivo-al-empleo-del-ingreso-minimo-vital-no-funciona-no-impulsa-al-trabajo-a-sus-beneficiarios\/","title":{"rendered":"El incentivo al empleo del ingreso m\u00ednimo vital \u201cno funciona\u201d: no impulsa al trabajo a sus beneficiarios"},"content":{"rendered":"<div>\n<p>\n        El incentivo al empleo del ingreso m\u00ednimo vital (IMV), <a href=\"https:\/\/www.eldiario.es\/economia\/trabajar-no-reduzca-ingreso-minimo-vital-seran-nuevos-incentivos-empleo_1_9571927.html\" rel=\"nofollow\">que se puso en marcha en 2023<\/a>, \u201cno est\u00e1 funcionando\u201d. As\u00ed lo ha concluido la Autoridad Independiente de Responsabilidad Fiscal (AIReF) en su cuarto an\u00e1lisis anual de la renta m\u00ednima estatal contra la pobreza. Este instrumento, lanzado para fomentar el empleo entre los beneficios del IMV, no est\u00e1 logrando su objetivo a tenor del estudio de la instituci\u00f3n, ya que se mantiene una reducci\u00f3n del 12% en la probabilidad de trabajar antes y despu\u00e9s de su puesta en marcha.\n    <\/p>\n<p>\n        El incentivo al empleo permite a los beneficiarios del IMV <a href=\"https:\/\/www.eldiario.es\/economia\/trabajar-no-reduzca-ingreso-minimo-vital-seran-nuevos-incentivos-empleo_1_9571927.html\" rel=\"nofollow\">trabajar y que no se reduzca la ayuda<\/a>, eso s\u00ed, durante el primer a\u00f1o y siempre que haya supuesto un aumento en los ingresos salariales. El mecanismo, bastante complejo, se aplica de oficio por parte de la Seguridad Social y permite durante su vigencia aumentar los ingresos del hogar en cuesti\u00f3n, gracias al aumento salarial y el mantenimiento del ingreso m\u00ednimo vital.\n    <\/p>\n<p>\n        Cristina Herrero, presidenta de la AIReF, y Jos\u00e9 Mar\u00eda Casado, director de Evaluaci\u00f3n del organismo, han presentado los principales resultados del nuevo estudio anual de la prestaci\u00f3n de la Seguridad Social,  que recoge \u201cavances\u201d en la cobertura de la ayuda, tanto del ingreso m\u00ednimo vital como de la ayuda por hijo (CAPI), que llegan a m\u00e1s personas en 2024 respecto a 2023: el IMV pasa de una cobertura del 36% hasta el 42% y el CAPI del 19% al 23%. Sin embargo, la instituci\u00f3n se\u00f1ala que a\u00fan hay muchas personas con derecho a la ayuda que no la reciben (el llamado ), que cifra en un 55% en el caso del IMV y del 72% en las ayudas por hijo.\n    <\/p>\n<p>\n        La AIReF advierte de que persisten varios \u201cproblemas estructurales\u201d ya detectados por el organismo de evaluaci\u00f3n desde su primer an\u00e1lisis. Por ejemplo, la barrera de acceso a la ayuda que supone la \u201cunidad de convivencia\u201d, un criterio tambi\u00e9n complejo, que no existe para ning\u00fan otro tr\u00e1mite de la Administraci\u00f3n y que tienen que demostrar los beneficios, que son personas especialmente vulnerables. La AIReF tambi\u00e9n ha reiterado la necesidad de utilizar criterios de renta m\u00e1s recientes para adecuarse a la situaci\u00f3n presente de las familias y <a href=\"https:\/\/www.eldiario.es\/economia\/seguridad-social-reclamado-devoluciones-ingreso-minimo-vital-500-millones-euros_1_12165397.html\" rel=\"nofollow\">reducir las devoluciones que exige la Seguridad Social en las revisiones anuales<\/a>.\n    <\/p>\n<h2>No alivia la merma en la probabilidad de trabajar<\/h2>\n<p>\n        Como novedad, este a\u00f1o la AIReF se ha detenido en el impacto del IMV en la inserci\u00f3n laboral y en estudiar la eficacia del incentivo al empleo. La Autoridad Fiscal calcula un impacto negativo de la ayuda del 12% en la probabilidad de trabajar, que ha estimado comparando la inserci\u00f3n laboral de los beneficiarios del IMV y de otras personas de escasos recursos (10% con menos renta) que no perciben la ayuda. Este desincentivo al empleo es mayor en ciertos grupos, como las familias monoparentales (-19%), los j\u00f3venes de 30 a\u00f1os (-29%) y los beneficios con una mayor cuant\u00eda de prestaci\u00f3n (-21%).\n    <\/p>\n<p>\n        Sobre la magnitud de este dato, en la AIReF no se pronuncian sobre si el dato es alto u bajo y se\u00f1alan que se encuadra dentro de lo que se\u00f1ala la literatura econ\u00f3mica sobre este tipo de prestaciones, que suelen tener cierto efecto negativo en el empleo. La estudio destaca que tambi\u00e9n se detectan algunos efectos positivos del IMV en el \u00e1mbito laboral, como un aumento del 3% en la probabilidad de tener un contrato indefinido. Cristina Herrero ha explicado que esta ayuda de garant\u00eda de rentas permite a las personas beneficiarias rechazar algunas ofertas de trabajo m\u00e1s precarias, permitir b\u00fasquedas laborales m\u00e1s selectivas, con mayor estabilidad y acceder a oportunidades de recualificaci\u00f3n profesional.\n    <\/p>\n<p>\n        Lo m\u00e1s determinante del an\u00e1lisis consiste en que, este efecto negativo detectado, no se reduce tras la puesta en marcha del incentivo al empleo del IMV, puesto en marcha en 2023. Con un an\u00e1lisis del primer a\u00f1o de funcionamiento, la AIReF advierte de que los datos de merma en la probabilidad de trabajar no se modifican, lo que hace cuestionar la eficacia del instrumento.\n    <\/p>\n<p>\n        En el Ministerio de la Seguridad Social, que dirige la socialista Elma Saiz, consideran que \u201cla evaluaci\u00f3n del incentivo al empleo del IMV es temprana porque solo se dispone de datos del primer a\u00f1o de aplicaci\u00f3n (2023)\u201d. \u201cSer\u00eda conveniente esperar a contar con m\u00e1s datos, a que el mecanismo est\u00e9 m\u00e1s consolidado y sea m\u00e1s conocido por los beneficiarios para hacer una evaluaci\u00f3n m\u00e1s fiable\u201d, responden en el Ministerio.\n    <\/p>\n<h2>\u201cProblemas de dise\u00f1o\u201d: la gente no sabe que lo est\u00e1 percibiendo<\/h2>\n<p>\n        Cristina Herrero ha concedido que el incentivo al empleo lleva poco tiempo en vigor, pero no obstante en la AIReF consideran que la falta de eficacia detectada se debe a varios \u201cproblemas en su dise\u00f1o\u201d de partida, por lo que la instituci\u00f3n propone \u201cuna reformulaci\u00f3n completa\u201d de la medida.\n    <\/p>\n<p>\n        Entre los problemas detectados, Jos\u00e9 Mar\u00eda Casado ha destacado su falta total de visibilidad, ya que los beneficiarios del IMV no son conscientes de que est\u00e1n cobrando el incentivo al empleo, lo que les impide \u201cconocer las ventajas\u201d de la medida o de la inserci\u00f3n laboral. Casado ha destacado que no se produce ninguna comunicaci\u00f3n por parte del Ministerio, que simplemente se les aplica a posteriori en las revisiones anuales que realiza la Seguridad Social.\n    <\/p>\n<p>\n        Tampoco tiene un efecto inmediato, ha destacado Cristina  Herrero, lo que supone que las familias no noten la diferencia entre trabajar y no hacerlo o qu\u00e9 supone esto para el cobro de la prestaci\u00f3n, cuando se supone que ese es su objetivo, un incentivo para no alimentar la llamada &#8216;trampa de la pobreza&#8217;. Otra de las deficiencias es que \u201cno hay una duraci\u00f3n garantizada\u201d del incentivo, ya que solo se aplica el primer a\u00f1o y a partir del segundo solo se mantendr\u00eda en caso de producirse aumentos de renta de nuevo y en unas condiciones que no son transparentes para los ciudadanos.\n    <\/p>\n<p>\n        Por todo ello, la AIReF propone \u201creformular completamente el incentivo al empleo con un nuevo dise\u00f1o que sea visible para los potenciales beneficiarios, transparente en su duraci\u00f3n, y modulable seg\u00fan el momento de incorporaci\u00f3n laboral y la intensidad de la jornada\u201d. Por poner un ejemplo, la instituci\u00f3n destaca el enfoque distinto <a href=\"https:\/\/www.eldiario.es\/economia\/subsidio-paro-sube-570-euros-cobrar-colectivos-claves-entran-vigor-noviembre_1_11780925.html\" rel=\"nofollow\">del nuevo complemento vinculado al subsidio por desempleo<\/a>, que aunque es muy incipiente s\u00ed cumple con algunas de estas recomendaciones, ha destacado Herrero.\n    <\/p>\n<p>\n        \u201cNo vemos adecuado armonizar el dise\u00f1o del incentivo al empleo con el del Complemento de Apoyo al Empleo (CAE) porque se ha puesto en marcha recientemente, a\u00fan no ha sido evaluado y el subsidio de desempleo est\u00e1 dirigido a personas que han trabajado anteriormente, con un perfil distinto al del IMV\u201d, han reaccionado en el Ministerio de Elma Saiz a la propuesta de la AIReF.\n    <\/p>\n<\/div>\n","protected":false},"excerpt":{"rendered":"<p>El incentivo al empleo del ingreso m\u00ednimo vital (IMV), que se puso en marcha en 2023, \u201cno est\u00e1 funcionando\u201d. As\u00ed lo ha concluido la Autoridad Independiente de Responsabilidad Fiscal (AIReF) en su cuarto an\u00e1lisis anual de la renta m\u00ednima estatal contra la pobreza. Este instrumento, lanzado para fomentar el empleo entre los beneficios del IMV,<\/p>\n","protected":false},"author":1,"featured_media":250538,"comment_status":"open","ping_status":"open","sticky":false,"template":"","format":"standard","meta":{"footnotes":""},"categories":[61],"tags":[],"class_list":["post-250537","post","type-post","status-publish","format-standard","has-post-thumbnail","hentry","category-business-es"],"acf":[],"yoast_head":"<!-- This site is optimized with the Yoast SEO plugin v22.9 - https:\/\/yoast.com\/wordpress\/plugins\/seo\/ -->\n<title>El incentivo al empleo del ingreso m\u00ednimo vital \u201cno funciona\u201d: no impulsa al trabajo a sus beneficiarios - vof-news.eu<\/title>\n<meta name=\"description\" content=\"El incentivo al empleo del ingreso m\u00ednimo vital (IMV), que se puso en marcha en 2023, \u201cno est\u00e1 funcionando\u201d. As\u00ed lo ha concluido la Autoridad Independiente de Responsabilidad Fiscal (AIReF) en su cuarto an\u00e1lisis anual de la renta m\u00ednima estatal contra la pobreza. Este instrumento, lanzado para fomentar el empleo entre los beneficios del IMV, no est\u00e1 logrando su objetivo a tenor del estudio de la instituci\u00f3n, ya que se mantiene una reducci\u00f3n del 12% en la probabilidad de trabajar antes y despu\u00e9s de su puesta en marcha.\" \/>\n<meta name=\"robots\" content=\"noindex, follow, max-snippet:-1, max-image-preview:large, max-video-preview:-1\" \/>\n<meta property=\"og:locale\" content=\"es_ES\" \/>\n<meta property=\"og:type\" content=\"article\" \/>\n<meta property=\"og:title\" content=\"El incentivo al empleo del ingreso m\u00ednimo vital \u201cno funciona\u201d: no impulsa al trabajo a sus beneficiarios - vof-news.eu\" \/>\n<meta property=\"og:description\" content=\"El incentivo al empleo del ingreso m\u00ednimo vital (IMV), que se puso en marcha en 2023, \u201cno est\u00e1 funcionando\u201d. As\u00ed lo ha concluido la Autoridad Independiente de Responsabilidad Fiscal (AIReF) en su cuarto an\u00e1lisis anual de la renta m\u00ednima estatal contra la pobreza. Este instrumento, lanzado para fomentar el empleo entre los beneficios del IMV, no est\u00e1 logrando su objetivo a tenor del estudio de la instituci\u00f3n, ya que se mantiene una reducci\u00f3n del 12% en la probabilidad de trabajar antes y despu\u00e9s de su puesta en marcha.\" \/>\n<meta property=\"og:url\" content=\"https:\/\/vof-news.eu\/es\/el-incentivo-al-empleo-del-ingreso-minimo-vital-no-funciona-no-impulsa-al-trabajo-a-sus-beneficiarios\/\" \/>\n<meta property=\"og:site_name\" content=\"vof-news.eu\" \/>\n<meta property=\"article:published_time\" content=\"2025-07-09T14:18:17+00:00\" \/>\n<meta property=\"article:modified_time\" content=\"2025-07-09T14:18:49+00:00\" \/>\n<meta property=\"og:image\" content=\"https:\/\/vof-news.eu\/wp-content\/uploads\/2025\/07\/09844d79-63c5-4125-861c-38396dd641b0_16-9-discover-aspect-ratio_default_0.jpg\" \/>\n\t<meta property=\"og:image:width\" content=\"1200\" \/>\n\t<meta property=\"og:image:height\" content=\"675\" \/>\n\t<meta property=\"og:image:type\" content=\"image\/jpeg\" \/>\n<meta name=\"author\" content=\"Author\" \/>\n<meta name=\"twitter:card\" content=\"summary_large_image\" \/>\n<meta name=\"twitter:label1\" content=\"Escrito por\" \/>\n\t<meta name=\"twitter:data1\" content=\"Author\" \/>\n\t<meta name=\"twitter:label2\" content=\"Tiempo de lectura\" \/>\n\t<meta name=\"twitter:data2\" content=\"6 minutos\" \/>\n<script type=\"application\/ld+json\" class=\"yoast-schema-graph\">{\"@context\":\"https:\/\/schema.org\",\"@graph\":[{\"@type\":\"WebPage\",\"@id\":\"https:\/\/vof-news.eu\/es\/el-incentivo-al-empleo-del-ingreso-minimo-vital-no-funciona-no-impulsa-al-trabajo-a-sus-beneficiarios\/\",\"url\":\"https:\/\/vof-news.eu\/es\/el-incentivo-al-empleo-del-ingreso-minimo-vital-no-funciona-no-impulsa-al-trabajo-a-sus-beneficiarios\/\",\"name\":\"El incentivo al empleo del ingreso m\u00ednimo vital \u201cno funciona\u201d: no impulsa al trabajo a sus beneficiarios - vof-news.eu\",\"isPartOf\":{\"@id\":\"https:\/\/vof-news.eu\/es\/#website\"},\"primaryImageOfPage\":{\"@id\":\"https:\/\/vof-news.eu\/es\/el-incentivo-al-empleo-del-ingreso-minimo-vital-no-funciona-no-impulsa-al-trabajo-a-sus-beneficiarios\/#primaryimage\"},\"image\":{\"@id\":\"https:\/\/vof-news.eu\/es\/el-incentivo-al-empleo-del-ingreso-minimo-vital-no-funciona-no-impulsa-al-trabajo-a-sus-beneficiarios\/#primaryimage\"},\"thumbnailUrl\":\"https:\/\/vof-news.eu\/wp-content\/uploads\/2025\/07\/09844d79-63c5-4125-861c-38396dd641b0_16-9-discover-aspect-ratio_default_0.jpg\",\"datePublished\":\"2025-07-09T14:18:17+00:00\",\"dateModified\":\"2025-07-09T14:18:49+00:00\",\"author\":{\"@id\":\"https:\/\/vof-news.eu\/es\/#\/schema\/person\/f6a2a4309f0561835797fd8c19b333ed\"},\"description\":\"El incentivo al empleo del ingreso m\u00ednimo vital (IMV), que se puso en marcha en 2023, \u201cno est\u00e1 funcionando\u201d. As\u00ed lo ha concluido la Autoridad Independiente de Responsabilidad Fiscal (AIReF) en su cuarto an\u00e1lisis anual de la renta m\u00ednima estatal contra la pobreza. Este instrumento, lanzado para fomentar el empleo entre los beneficios del IMV, no est\u00e1 logrando su objetivo a tenor del estudio de la instituci\u00f3n, ya que se mantiene una reducci\u00f3n del 12% en la probabilidad de trabajar antes y despu\u00e9s de su puesta en marcha.\",\"breadcrumb\":{\"@id\":\"https:\/\/vof-news.eu\/es\/el-incentivo-al-empleo-del-ingreso-minimo-vital-no-funciona-no-impulsa-al-trabajo-a-sus-beneficiarios\/#breadcrumb\"},\"inLanguage\":\"es\",\"potentialAction\":[{\"@type\":\"ReadAction\",\"target\":[\"https:\/\/vof-news.eu\/es\/el-incentivo-al-empleo-del-ingreso-minimo-vital-no-funciona-no-impulsa-al-trabajo-a-sus-beneficiarios\/\"]}]},{\"@type\":\"ImageObject\",\"inLanguage\":\"es\",\"@id\":\"https:\/\/vof-news.eu\/es\/el-incentivo-al-empleo-del-ingreso-minimo-vital-no-funciona-no-impulsa-al-trabajo-a-sus-beneficiarios\/#primaryimage\",\"url\":\"https:\/\/vof-news.eu\/wp-content\/uploads\/2025\/07\/09844d79-63c5-4125-861c-38396dd641b0_16-9-discover-aspect-ratio_default_0.jpg\",\"contentUrl\":\"https:\/\/vof-news.eu\/wp-content\/uploads\/2025\/07\/09844d79-63c5-4125-861c-38396dd641b0_16-9-discover-aspect-ratio_default_0.jpg\",\"width\":1200,\"height\":675},{\"@type\":\"BreadcrumbList\",\"@id\":\"https:\/\/vof-news.eu\/es\/el-incentivo-al-empleo-del-ingreso-minimo-vital-no-funciona-no-impulsa-al-trabajo-a-sus-beneficiarios\/#breadcrumb\",\"itemListElement\":[{\"@type\":\"ListItem\",\"position\":1,\"name\":\"Home\",\"item\":\"https:\/\/vof-news.eu\/es\/\"},{\"@type\":\"ListItem\",\"position\":2,\"name\":\"El incentivo al empleo del ingreso m\u00ednimo vital \u201cno funciona\u201d: no impulsa al trabajo a sus beneficiarios\"}]},{\"@type\":\"WebSite\",\"@id\":\"https:\/\/vof-news.eu\/es\/#website\",\"url\":\"https:\/\/vof-news.eu\/es\/\",\"name\":\"vof-news.eu\",\"description\":\"\",\"potentialAction\":[{\"@type\":\"SearchAction\",\"target\":{\"@type\":\"EntryPoint\",\"urlTemplate\":\"https:\/\/vof-news.eu\/es\/?s={search_term_string}\"},\"query-input\":\"required name=search_term_string\"}],\"inLanguage\":\"es\"},{\"@type\":\"Person\",\"@id\":\"https:\/\/vof-news.eu\/es\/#\/schema\/person\/f6a2a4309f0561835797fd8c19b333ed\",\"name\":\"Author\",\"image\":{\"@type\":\"ImageObject\",\"inLanguage\":\"es\",\"@id\":\"https:\/\/vof-news.eu\/es\/#\/schema\/person\/image\/\",\"url\":\"https:\/\/secure.gravatar.com\/avatar\/b67e614b1b25b3e9c0c239efdd2fde5ab015b5affd6f1c3c85911ca4b384e790?s=96&d=mm&r=g\",\"contentUrl\":\"https:\/\/secure.gravatar.com\/avatar\/b67e614b1b25b3e9c0c239efdd2fde5ab015b5affd6f1c3c85911ca4b384e790?s=96&d=mm&r=g\",\"caption\":\"Author\"},\"sameAs\":[\"http:\/\/vof-news.eu\"],\"url\":\"https:\/\/vof-news.eu\/es\/author\/zwt6qxnjulxbnyg\/\"}]}<\/script>\n<!-- \/ Yoast SEO plugin. -->","yoast_head_json":{"title":"El incentivo al empleo del ingreso m\u00ednimo vital \u201cno funciona\u201d: no impulsa al trabajo a sus beneficiarios - vof-news.eu","description":"El incentivo al empleo del ingreso m\u00ednimo vital (IMV), que se puso en marcha en 2023, \u201cno est\u00e1 funcionando\u201d. As\u00ed lo ha concluido la Autoridad Independiente de Responsabilidad Fiscal (AIReF) en su cuarto an\u00e1lisis anual de la renta m\u00ednima estatal contra la pobreza. Este instrumento, lanzado para fomentar el empleo entre los beneficios del IMV, no est\u00e1 logrando su objetivo a tenor del estudio de la instituci\u00f3n, ya que se mantiene una reducci\u00f3n del 12% en la probabilidad de trabajar antes y despu\u00e9s de su puesta en marcha.","robots":{"index":"noindex","follow":"follow","max-snippet":"max-snippet:-1","max-image-preview":"max-image-preview:large","max-video-preview":"max-video-preview:-1"},"og_locale":"es_ES","og_type":"article","og_title":"El incentivo al empleo del ingreso m\u00ednimo vital \u201cno funciona\u201d: no impulsa al trabajo a sus beneficiarios - vof-news.eu","og_description":"El incentivo al empleo del ingreso m\u00ednimo vital (IMV), que se puso en marcha en 2023, \u201cno est\u00e1 funcionando\u201d. As\u00ed lo ha concluido la Autoridad Independiente de Responsabilidad Fiscal (AIReF) en su cuarto an\u00e1lisis anual de la renta m\u00ednima estatal contra la pobreza. Este instrumento, lanzado para fomentar el empleo entre los beneficios del IMV, no est\u00e1 logrando su objetivo a tenor del estudio de la instituci\u00f3n, ya que se mantiene una reducci\u00f3n del 12% en la probabilidad de trabajar antes y despu\u00e9s de su puesta en marcha.","og_url":"https:\/\/vof-news.eu\/es\/el-incentivo-al-empleo-del-ingreso-minimo-vital-no-funciona-no-impulsa-al-trabajo-a-sus-beneficiarios\/","og_site_name":"vof-news.eu","article_published_time":"2025-07-09T14:18:17+00:00","article_modified_time":"2025-07-09T14:18:49+00:00","og_image":[{"width":1200,"height":675,"url":"https:\/\/vof-news.eu\/wp-content\/uploads\/2025\/07\/09844d79-63c5-4125-861c-38396dd641b0_16-9-discover-aspect-ratio_default_0.jpg","type":"image\/jpeg"}],"author":"Author","twitter_card":"summary_large_image","twitter_misc":{"Escrito por":"Author","Tiempo de lectura":"6 minutos"},"schema":{"@context":"https:\/\/schema.org","@graph":[{"@type":"WebPage","@id":"https:\/\/vof-news.eu\/es\/el-incentivo-al-empleo-del-ingreso-minimo-vital-no-funciona-no-impulsa-al-trabajo-a-sus-beneficiarios\/","url":"https:\/\/vof-news.eu\/es\/el-incentivo-al-empleo-del-ingreso-minimo-vital-no-funciona-no-impulsa-al-trabajo-a-sus-beneficiarios\/","name":"El incentivo al empleo del ingreso m\u00ednimo vital \u201cno funciona\u201d: no impulsa al trabajo a sus beneficiarios - vof-news.eu","isPartOf":{"@id":"https:\/\/vof-news.eu\/es\/#website"},"primaryImageOfPage":{"@id":"https:\/\/vof-news.eu\/es\/el-incentivo-al-empleo-del-ingreso-minimo-vital-no-funciona-no-impulsa-al-trabajo-a-sus-beneficiarios\/#primaryimage"},"image":{"@id":"https:\/\/vof-news.eu\/es\/el-incentivo-al-empleo-del-ingreso-minimo-vital-no-funciona-no-impulsa-al-trabajo-a-sus-beneficiarios\/#primaryimage"},"thumbnailUrl":"https:\/\/vof-news.eu\/wp-content\/uploads\/2025\/07\/09844d79-63c5-4125-861c-38396dd641b0_16-9-discover-aspect-ratio_default_0.jpg","datePublished":"2025-07-09T14:18:17+00:00","dateModified":"2025-07-09T14:18:49+00:00","author":{"@id":"https:\/\/vof-news.eu\/es\/#\/schema\/person\/f6a2a4309f0561835797fd8c19b333ed"},"description":"El incentivo al empleo del ingreso m\u00ednimo vital (IMV), que se puso en marcha en 2023, \u201cno est\u00e1 funcionando\u201d. As\u00ed lo ha concluido la Autoridad Independiente de Responsabilidad Fiscal (AIReF) en su cuarto an\u00e1lisis anual de la renta m\u00ednima estatal contra la pobreza. Este instrumento, lanzado para fomentar el empleo entre los beneficios del IMV, no est\u00e1 logrando su objetivo a tenor del estudio de la instituci\u00f3n, ya que se mantiene una reducci\u00f3n del 12% en la probabilidad de trabajar antes y despu\u00e9s de su puesta en marcha.","breadcrumb":{"@id":"https:\/\/vof-news.eu\/es\/el-incentivo-al-empleo-del-ingreso-minimo-vital-no-funciona-no-impulsa-al-trabajo-a-sus-beneficiarios\/#breadcrumb"},"inLanguage":"es","potentialAction":[{"@type":"ReadAction","target":["https:\/\/vof-news.eu\/es\/el-incentivo-al-empleo-del-ingreso-minimo-vital-no-funciona-no-impulsa-al-trabajo-a-sus-beneficiarios\/"]}]},{"@type":"ImageObject","inLanguage":"es","@id":"https:\/\/vof-news.eu\/es\/el-incentivo-al-empleo-del-ingreso-minimo-vital-no-funciona-no-impulsa-al-trabajo-a-sus-beneficiarios\/#primaryimage","url":"https:\/\/vof-news.eu\/wp-content\/uploads\/2025\/07\/09844d79-63c5-4125-861c-38396dd641b0_16-9-discover-aspect-ratio_default_0.jpg","contentUrl":"https:\/\/vof-news.eu\/wp-content\/uploads\/2025\/07\/09844d79-63c5-4125-861c-38396dd641b0_16-9-discover-aspect-ratio_default_0.jpg","width":1200,"height":675},{"@type":"BreadcrumbList","@id":"https:\/\/vof-news.eu\/es\/el-incentivo-al-empleo-del-ingreso-minimo-vital-no-funciona-no-impulsa-al-trabajo-a-sus-beneficiarios\/#breadcrumb","itemListElement":[{"@type":"ListItem","position":1,"name":"Home","item":"https:\/\/vof-news.eu\/es\/"},{"@type":"ListItem","position":2,"name":"El incentivo al empleo del ingreso m\u00ednimo vital \u201cno funciona\u201d: no impulsa al trabajo a sus beneficiarios"}]},{"@type":"WebSite","@id":"https:\/\/vof-news.eu\/es\/#website","url":"https:\/\/vof-news.eu\/es\/","name":"vof-news.eu","description":"","potentialAction":[{"@type":"SearchAction","target":{"@type":"EntryPoint","urlTemplate":"https:\/\/vof-news.eu\/es\/?s={search_term_string}"},"query-input":"required name=search_term_string"}],"inLanguage":"es"},{"@type":"Person","@id":"https:\/\/vof-news.eu\/es\/#\/schema\/person\/f6a2a4309f0561835797fd8c19b333ed","name":"Author","image":{"@type":"ImageObject","inLanguage":"es","@id":"https:\/\/vof-news.eu\/es\/#\/schema\/person\/image\/","url":"https:\/\/secure.gravatar.com\/avatar\/b67e614b1b25b3e9c0c239efdd2fde5ab015b5affd6f1c3c85911ca4b384e790?s=96&d=mm&r=g","contentUrl":"https:\/\/secure.gravatar.com\/avatar\/b67e614b1b25b3e9c0c239efdd2fde5ab015b5affd6f1c3c85911ca4b384e790?s=96&d=mm&r=g","caption":"Author"},"sameAs":["http:\/\/vof-news.eu"],"url":"https:\/\/vof-news.eu\/es\/author\/zwt6qxnjulxbnyg\/"}]}},"yoast_meta":{"yoast_wpseo_title":"","yoast_wpseo_metadesc":"","yoast_wpseo_canonical":""},"_links":{"self":[{"href":"https:\/\/vof-news.eu\/es\/wp-json\/wp\/v2\/posts\/250537","targetHints":{"allow":["GET"]}}],"collection":[{"href":"https:\/\/vof-news.eu\/es\/wp-json\/wp\/v2\/posts"}],"about":[{"href":"https:\/\/vof-news.eu\/es\/wp-json\/wp\/v2\/types\/post"}],"author":[{"embeddable":true,"href":"https:\/\/vof-news.eu\/es\/wp-json\/wp\/v2\/users\/1"}],"replies":[{"embeddable":true,"href":"https:\/\/vof-news.eu\/es\/wp-json\/wp\/v2\/comments?post=250537"}],"version-history":[{"count":1,"href":"https:\/\/vof-news.eu\/es\/wp-json\/wp\/v2\/posts\/250537\/revisions"}],"predecessor-version":[{"id":250544,"href":"https:\/\/vof-news.eu\/es\/wp-json\/wp\/v2\/posts\/250537\/revisions\/250544"}],"wp:featuredmedia":[{"embeddable":true,"href":"https:\/\/vof-news.eu\/es\/wp-json\/wp\/v2\/media\/250538"}],"wp:attachment":[{"href":"https:\/\/vof-news.eu\/es\/wp-json\/wp\/v2\/media?parent=250537"}],"wp:term":[{"taxonomy":"category","embeddable":true,"href":"https:\/\/vof-news.eu\/es\/wp-json\/wp\/v2\/categories?post=250537"},{"taxonomy":"post_tag","embeddable":true,"href":"https:\/\/vof-news.eu\/es\/wp-json\/wp\/v2\/tags?post=250537"}],"curies":[{"name":"wp","href":"https:\/\/api.w.org\/{rel}","templated":true}]}}