{"id":250408,"date":"2025-07-09T15:18:57","date_gmt":"2025-07-09T12:18:57","guid":{"rendered":"https:\/\/vof-news.eu\/la-autoridad-fiscal-lleva-a-la-abogacia-del-estado-varios-encargos-del-gobierno-por-atentar-contra-su-independencia\/"},"modified":"2025-07-09T15:19:32","modified_gmt":"2025-07-09T12:19:32","slug":"la-autoridad-fiscal-lleva-a-la-abogacia-del-estado-varios-encargos-del-gobierno-por-atentar-contra-su-independencia","status":"publish","type":"post","link":"https:\/\/vof-news.eu\/es\/la-autoridad-fiscal-lleva-a-la-abogacia-del-estado-varios-encargos-del-gobierno-por-atentar-contra-su-independencia\/","title":{"rendered":"La Autoridad Fiscal lleva a la Abogac\u00eda del Estado varios encargos del Gobierno por \u201catentar\u201d contra su independencia"},"content":{"rendered":"<div>\n<p>\n        La Autoridad Independiente de Responsabilidad Fiscal (AIReF) ha elevado una consulta a la Abogac\u00eda del Estado contra varios encargos del Gobierno a la instituci\u00f3n, como <a href=\"https:\/\/www.eldiario.es\/economia\/gobierno-encarga-examen-adicional-sistema-pensiones-2026-empujado-airef-bruselas_1_12359362.html\" rel=\"nofollow\">el \u00faltimo adicional sobre la regla de gasto en pensiones<\/a>, que consideran que \u201catentan\u201d contra su independencia y autonom\u00eda de gesti\u00f3n regulada por ley, ha afirmado este mi\u00e9rcoles su presidenta, Cristina Herrero.\n    <\/p>\n<p>\n        La presidenta de la AIReF ha criticado el \u00faltimo encargo adicional para evaluar la regla de gasto en pensiones para 2026. \u201cNo lo entendemos\u201d, ha afirmado Cristina Herrero, que ha sostenido que su valoraci\u00f3n sobre la \u00faltima reforma de pensiones \u201cno ha variado en los \u00faltimos tres a\u00f1os\u201d. \u201cEl diagn\u00f3stico es m\u00e1s o menos el mismo. No entendemos muy bien qu\u00e9 se pretende con esto\u201d, ha sostenido la economista, que <a href=\"https:\/\/www.eldiario.es\/economia\/autoridad-fiscal-concluye-cumple-gasto-pensiones-no-habra-ajustes-adicionales_1_12177834.html\" rel=\"nofollow\">ha vuelto a ser muy cr\u00edtica con la regla de gasto pactada en la \u00faltima reforma de pensiones<\/a> con Bruselas y que considera que no mide realmente la sostenibilidad del sistema p\u00fablico.\n    <\/p>\n<p>\n        Cristina Herrero ha rechazado que el Gobierno cargue al organismo p\u00fablico con este otro trabajo adicional, al que ha a\u00f1adido otros encargos adicionales que el Ejecutivo est\u00e1 mandantando en varias leyes y decretos leyes, por ejemplo en la Ley de startups entre otras. La presidenta de la AIReF considera que estos mandatos est\u00e1n incumpliendo la ley org\u00e1nica que regula la Autoridad Independiente de Responsabilidad Fiscal, por lo que ha elevado una consulta a la Abogac\u00eda del Estado al respecto.\n    <\/p>\n<h2>Atentando contra su independencia y autonom\u00eda<\/h2>\n<p>\n        En este sentido, Cristina Herrero ha mencionado que estos m\u00faltiples encargos adicionales que el Gobierno est\u00e1 incorporando al trabajo ordinario de la AIReF \u201catentan contra nuestra independencia y la autonom\u00eda de gesti\u00f3n\u201d. La economista ha apuntado que estos nuevos encargos, con varias formulaciones (como evaluaci\u00f3n, informe, opini\u00f3n&#8230;), en algunos casos definen qu\u00e9 debe evaluar la AIReF y mucha concreci\u00f3n en los objetos de an\u00e1lisis, algo que en su opini\u00f3n va en contra de la autonom\u00eda e independencia de la instituci\u00f3n.\n    <\/p>\n<p>\n        \u201cVengo denunciando mucho tiempo que hay que parar esta deriva\u201d, ha afirmado Herrero, que tiene adem\u00e1s como consencuencia que \u201cse trastoque lo que es el funcionamiento, la autonom\u00eda de gesti\u00f3n y la independencia de la AIReF\u201d.\n    <\/p>\n<p>\n        La presidenta de la instituci\u00f3n ha recordado que \u201clas opiniones son voluntarias y no nos las puede imponer nadie\u201d y los informes est\u00e1n establecidos en la Ley org\u00e1nica del organismo, por lo que ha pedido \u201cclaridad en la terminolog\u00eda\u201d porque \u201cno es balad\u00ed\u201d de cara a la metodolog\u00eda, el calendario, el presupuesto y la independencia de la AIReF al realizar sus estudios.\n    <\/p>\n<p>\n        La presidenta de la AIReF ha pedido \u201cque se limite muy mucho\u201d que la AIReF \u201centre a valorar otras cosas al margen de lo que est\u00e1 previsto\u201d en su regulaci\u00f3n \u201cy, desde luego, con una previa consulta a la AIReF\u201d, algo que no siempre ha sucedido por parte del Gobierno.\n    <\/p>\n<\/div>\n","protected":false},"excerpt":{"rendered":"<p>La Autoridad Independiente de Responsabilidad Fiscal (AIReF) ha elevado una consulta a la Abogac\u00eda del Estado contra varios encargos del Gobierno a la instituci\u00f3n, como el \u00faltimo adicional sobre la regla de gasto en pensiones, que consideran que \u201catentan\u201d contra su independencia y autonom\u00eda de gesti\u00f3n regulada por ley, ha afirmado este mi\u00e9rcoles su presidenta,<\/p>\n","protected":false},"author":1,"featured_media":250410,"comment_status":"open","ping_status":"open","sticky":false,"template":"","format":"standard","meta":{"footnotes":""},"categories":[61],"tags":[],"class_list":["post-250408","post","type-post","status-publish","format-standard","has-post-thumbnail","hentry","category-business-es"],"acf":[],"yoast_head":"<!-- This site is optimized with the Yoast SEO plugin v22.9 - https:\/\/yoast.com\/wordpress\/plugins\/seo\/ -->\n<title>La Autoridad Fiscal lleva a la Abogac\u00eda del Estado varios encargos del Gobierno por \u201catentar\u201d contra su independencia - vof-news.eu<\/title>\n<meta name=\"description\" content=\"La Autoridad Independiente de Responsabilidad Fiscal (AIReF) ha elevado una consulta a la Abogac\u00eda del Estado contra varios encargos del Gobierno a la instituci\u00f3n, como el \u00faltimo adicional sobre la regla de gasto en pensiones, que consideran que \u201catentan\u201d contra su independencia y autonom\u00eda de gesti\u00f3n regulada por ley, ha afirmado este mi\u00e9rcoles su presidenta, Cristina Herrero.\" \/>\n<meta name=\"robots\" content=\"noindex, follow, max-snippet:-1, max-image-preview:large, max-video-preview:-1\" \/>\n<meta property=\"og:locale\" content=\"es_ES\" \/>\n<meta property=\"og:type\" content=\"article\" \/>\n<meta property=\"og:title\" content=\"La Autoridad Fiscal lleva a la Abogac\u00eda del Estado varios encargos del Gobierno por \u201catentar\u201d contra su independencia - vof-news.eu\" \/>\n<meta property=\"og:description\" content=\"La Autoridad Independiente de Responsabilidad Fiscal (AIReF) ha elevado una consulta a la Abogac\u00eda del Estado contra varios encargos del Gobierno a la instituci\u00f3n, como el \u00faltimo adicional sobre la regla de gasto en pensiones, que consideran que \u201catentan\u201d contra su independencia y autonom\u00eda de gesti\u00f3n regulada por ley, ha afirmado este mi\u00e9rcoles su presidenta, Cristina Herrero.\" \/>\n<meta property=\"og:url\" content=\"https:\/\/vof-news.eu\/es\/la-autoridad-fiscal-lleva-a-la-abogacia-del-estado-varios-encargos-del-gobierno-por-atentar-contra-su-independencia\/\" \/>\n<meta property=\"og:site_name\" content=\"vof-news.eu\" \/>\n<meta property=\"article:published_time\" content=\"2025-07-09T12:18:57+00:00\" \/>\n<meta property=\"article:modified_time\" content=\"2025-07-09T12:19:32+00:00\" \/>\n<meta property=\"og:image\" content=\"https:\/\/vof-news.eu\/wp-content\/uploads\/2025\/07\/51b1f2e6-daf8-4c7b-85ce-dd237ad099b8_16-9-discover-aspect-ratio_default_0.jpg\" \/>\n\t<meta property=\"og:image:width\" content=\"1200\" \/>\n\t<meta property=\"og:image:height\" content=\"675\" \/>\n\t<meta property=\"og:image:type\" content=\"image\/jpeg\" \/>\n<meta name=\"author\" content=\"Author\" \/>\n<meta name=\"twitter:card\" content=\"summary_large_image\" \/>\n<meta name=\"twitter:label1\" content=\"Escrito por\" \/>\n\t<meta name=\"twitter:data1\" content=\"Author\" \/>\n\t<meta name=\"twitter:label2\" content=\"Tiempo de lectura\" \/>\n\t<meta name=\"twitter:data2\" content=\"3 minutos\" \/>\n<script type=\"application\/ld+json\" class=\"yoast-schema-graph\">{\"@context\":\"https:\/\/schema.org\",\"@graph\":[{\"@type\":\"WebPage\",\"@id\":\"https:\/\/vof-news.eu\/es\/la-autoridad-fiscal-lleva-a-la-abogacia-del-estado-varios-encargos-del-gobierno-por-atentar-contra-su-independencia\/\",\"url\":\"https:\/\/vof-news.eu\/es\/la-autoridad-fiscal-lleva-a-la-abogacia-del-estado-varios-encargos-del-gobierno-por-atentar-contra-su-independencia\/\",\"name\":\"La Autoridad Fiscal lleva a la Abogac\u00eda del Estado varios encargos del Gobierno por \u201catentar\u201d contra su independencia - vof-news.eu\",\"isPartOf\":{\"@id\":\"https:\/\/vof-news.eu\/es\/#website\"},\"primaryImageOfPage\":{\"@id\":\"https:\/\/vof-news.eu\/es\/la-autoridad-fiscal-lleva-a-la-abogacia-del-estado-varios-encargos-del-gobierno-por-atentar-contra-su-independencia\/#primaryimage\"},\"image\":{\"@id\":\"https:\/\/vof-news.eu\/es\/la-autoridad-fiscal-lleva-a-la-abogacia-del-estado-varios-encargos-del-gobierno-por-atentar-contra-su-independencia\/#primaryimage\"},\"thumbnailUrl\":\"https:\/\/vof-news.eu\/wp-content\/uploads\/2025\/07\/51b1f2e6-daf8-4c7b-85ce-dd237ad099b8_16-9-discover-aspect-ratio_default_0.jpg\",\"datePublished\":\"2025-07-09T12:18:57+00:00\",\"dateModified\":\"2025-07-09T12:19:32+00:00\",\"author\":{\"@id\":\"https:\/\/vof-news.eu\/es\/#\/schema\/person\/f6a2a4309f0561835797fd8c19b333ed\"},\"description\":\"La Autoridad Independiente de Responsabilidad Fiscal (AIReF) ha elevado una consulta a la Abogac\u00eda del Estado contra varios encargos del Gobierno a la instituci\u00f3n, como el \u00faltimo adicional sobre la regla de gasto en pensiones, que consideran que \u201catentan\u201d contra su independencia y autonom\u00eda de gesti\u00f3n regulada por ley, ha afirmado este mi\u00e9rcoles su presidenta, Cristina Herrero.\",\"breadcrumb\":{\"@id\":\"https:\/\/vof-news.eu\/es\/la-autoridad-fiscal-lleva-a-la-abogacia-del-estado-varios-encargos-del-gobierno-por-atentar-contra-su-independencia\/#breadcrumb\"},\"inLanguage\":\"es\",\"potentialAction\":[{\"@type\":\"ReadAction\",\"target\":[\"https:\/\/vof-news.eu\/es\/la-autoridad-fiscal-lleva-a-la-abogacia-del-estado-varios-encargos-del-gobierno-por-atentar-contra-su-independencia\/\"]}]},{\"@type\":\"ImageObject\",\"inLanguage\":\"es\",\"@id\":\"https:\/\/vof-news.eu\/es\/la-autoridad-fiscal-lleva-a-la-abogacia-del-estado-varios-encargos-del-gobierno-por-atentar-contra-su-independencia\/#primaryimage\",\"url\":\"https:\/\/vof-news.eu\/wp-content\/uploads\/2025\/07\/51b1f2e6-daf8-4c7b-85ce-dd237ad099b8_16-9-discover-aspect-ratio_default_0.jpg\",\"contentUrl\":\"https:\/\/vof-news.eu\/wp-content\/uploads\/2025\/07\/51b1f2e6-daf8-4c7b-85ce-dd237ad099b8_16-9-discover-aspect-ratio_default_0.jpg\",\"width\":1200,\"height\":675},{\"@type\":\"BreadcrumbList\",\"@id\":\"https:\/\/vof-news.eu\/es\/la-autoridad-fiscal-lleva-a-la-abogacia-del-estado-varios-encargos-del-gobierno-por-atentar-contra-su-independencia\/#breadcrumb\",\"itemListElement\":[{\"@type\":\"ListItem\",\"position\":1,\"name\":\"Home\",\"item\":\"https:\/\/vof-news.eu\/es\/\"},{\"@type\":\"ListItem\",\"position\":2,\"name\":\"La Autoridad Fiscal lleva a la Abogac\u00eda del Estado varios encargos del Gobierno por \u201catentar\u201d contra su independencia\"}]},{\"@type\":\"WebSite\",\"@id\":\"https:\/\/vof-news.eu\/es\/#website\",\"url\":\"https:\/\/vof-news.eu\/es\/\",\"name\":\"vof-news.eu\",\"description\":\"\",\"potentialAction\":[{\"@type\":\"SearchAction\",\"target\":{\"@type\":\"EntryPoint\",\"urlTemplate\":\"https:\/\/vof-news.eu\/es\/?s={search_term_string}\"},\"query-input\":\"required name=search_term_string\"}],\"inLanguage\":\"es\"},{\"@type\":\"Person\",\"@id\":\"https:\/\/vof-news.eu\/es\/#\/schema\/person\/f6a2a4309f0561835797fd8c19b333ed\",\"name\":\"Author\",\"image\":{\"@type\":\"ImageObject\",\"inLanguage\":\"es\",\"@id\":\"https:\/\/vof-news.eu\/es\/#\/schema\/person\/image\/\",\"url\":\"https:\/\/secure.gravatar.com\/avatar\/b67e614b1b25b3e9c0c239efdd2fde5ab015b5affd6f1c3c85911ca4b384e790?s=96&d=mm&r=g\",\"contentUrl\":\"https:\/\/secure.gravatar.com\/avatar\/b67e614b1b25b3e9c0c239efdd2fde5ab015b5affd6f1c3c85911ca4b384e790?s=96&d=mm&r=g\",\"caption\":\"Author\"},\"sameAs\":[\"http:\/\/vof-news.eu\"],\"url\":\"https:\/\/vof-news.eu\/es\/author\/zwt6qxnjulxbnyg\/\"}]}<\/script>\n<!-- \/ Yoast SEO plugin. -->","yoast_head_json":{"title":"La Autoridad Fiscal lleva a la Abogac\u00eda del Estado varios encargos del Gobierno por \u201catentar\u201d contra su independencia - vof-news.eu","description":"La Autoridad Independiente de Responsabilidad Fiscal (AIReF) ha elevado una consulta a la Abogac\u00eda del Estado contra varios encargos del Gobierno a la instituci\u00f3n, como el \u00faltimo adicional sobre la regla de gasto en pensiones, que consideran que \u201catentan\u201d contra su independencia y autonom\u00eda de gesti\u00f3n regulada por ley, ha afirmado este mi\u00e9rcoles su presidenta, Cristina Herrero.","robots":{"index":"noindex","follow":"follow","max-snippet":"max-snippet:-1","max-image-preview":"max-image-preview:large","max-video-preview":"max-video-preview:-1"},"og_locale":"es_ES","og_type":"article","og_title":"La Autoridad Fiscal lleva a la Abogac\u00eda del Estado varios encargos del Gobierno por \u201catentar\u201d contra su independencia - vof-news.eu","og_description":"La Autoridad Independiente de Responsabilidad Fiscal (AIReF) ha elevado una consulta a la Abogac\u00eda del Estado contra varios encargos del Gobierno a la instituci\u00f3n, como el \u00faltimo adicional sobre la regla de gasto en pensiones, que consideran que \u201catentan\u201d contra su independencia y autonom\u00eda de gesti\u00f3n regulada por ley, ha afirmado este mi\u00e9rcoles su presidenta, Cristina Herrero.","og_url":"https:\/\/vof-news.eu\/es\/la-autoridad-fiscal-lleva-a-la-abogacia-del-estado-varios-encargos-del-gobierno-por-atentar-contra-su-independencia\/","og_site_name":"vof-news.eu","article_published_time":"2025-07-09T12:18:57+00:00","article_modified_time":"2025-07-09T12:19:32+00:00","og_image":[{"width":1200,"height":675,"url":"https:\/\/vof-news.eu\/wp-content\/uploads\/2025\/07\/51b1f2e6-daf8-4c7b-85ce-dd237ad099b8_16-9-discover-aspect-ratio_default_0.jpg","type":"image\/jpeg"}],"author":"Author","twitter_card":"summary_large_image","twitter_misc":{"Escrito por":"Author","Tiempo de lectura":"3 minutos"},"schema":{"@context":"https:\/\/schema.org","@graph":[{"@type":"WebPage","@id":"https:\/\/vof-news.eu\/es\/la-autoridad-fiscal-lleva-a-la-abogacia-del-estado-varios-encargos-del-gobierno-por-atentar-contra-su-independencia\/","url":"https:\/\/vof-news.eu\/es\/la-autoridad-fiscal-lleva-a-la-abogacia-del-estado-varios-encargos-del-gobierno-por-atentar-contra-su-independencia\/","name":"La Autoridad Fiscal lleva a la Abogac\u00eda del Estado varios encargos del Gobierno por \u201catentar\u201d contra su independencia - vof-news.eu","isPartOf":{"@id":"https:\/\/vof-news.eu\/es\/#website"},"primaryImageOfPage":{"@id":"https:\/\/vof-news.eu\/es\/la-autoridad-fiscal-lleva-a-la-abogacia-del-estado-varios-encargos-del-gobierno-por-atentar-contra-su-independencia\/#primaryimage"},"image":{"@id":"https:\/\/vof-news.eu\/es\/la-autoridad-fiscal-lleva-a-la-abogacia-del-estado-varios-encargos-del-gobierno-por-atentar-contra-su-independencia\/#primaryimage"},"thumbnailUrl":"https:\/\/vof-news.eu\/wp-content\/uploads\/2025\/07\/51b1f2e6-daf8-4c7b-85ce-dd237ad099b8_16-9-discover-aspect-ratio_default_0.jpg","datePublished":"2025-07-09T12:18:57+00:00","dateModified":"2025-07-09T12:19:32+00:00","author":{"@id":"https:\/\/vof-news.eu\/es\/#\/schema\/person\/f6a2a4309f0561835797fd8c19b333ed"},"description":"La Autoridad Independiente de Responsabilidad Fiscal (AIReF) ha elevado una consulta a la Abogac\u00eda del Estado contra varios encargos del Gobierno a la instituci\u00f3n, como el \u00faltimo adicional sobre la regla de gasto en pensiones, que consideran que \u201catentan\u201d contra su independencia y autonom\u00eda de gesti\u00f3n regulada por ley, ha afirmado este mi\u00e9rcoles su presidenta, Cristina Herrero.","breadcrumb":{"@id":"https:\/\/vof-news.eu\/es\/la-autoridad-fiscal-lleva-a-la-abogacia-del-estado-varios-encargos-del-gobierno-por-atentar-contra-su-independencia\/#breadcrumb"},"inLanguage":"es","potentialAction":[{"@type":"ReadAction","target":["https:\/\/vof-news.eu\/es\/la-autoridad-fiscal-lleva-a-la-abogacia-del-estado-varios-encargos-del-gobierno-por-atentar-contra-su-independencia\/"]}]},{"@type":"ImageObject","inLanguage":"es","@id":"https:\/\/vof-news.eu\/es\/la-autoridad-fiscal-lleva-a-la-abogacia-del-estado-varios-encargos-del-gobierno-por-atentar-contra-su-independencia\/#primaryimage","url":"https:\/\/vof-news.eu\/wp-content\/uploads\/2025\/07\/51b1f2e6-daf8-4c7b-85ce-dd237ad099b8_16-9-discover-aspect-ratio_default_0.jpg","contentUrl":"https:\/\/vof-news.eu\/wp-content\/uploads\/2025\/07\/51b1f2e6-daf8-4c7b-85ce-dd237ad099b8_16-9-discover-aspect-ratio_default_0.jpg","width":1200,"height":675},{"@type":"BreadcrumbList","@id":"https:\/\/vof-news.eu\/es\/la-autoridad-fiscal-lleva-a-la-abogacia-del-estado-varios-encargos-del-gobierno-por-atentar-contra-su-independencia\/#breadcrumb","itemListElement":[{"@type":"ListItem","position":1,"name":"Home","item":"https:\/\/vof-news.eu\/es\/"},{"@type":"ListItem","position":2,"name":"La Autoridad Fiscal lleva a la Abogac\u00eda del Estado varios encargos del Gobierno por \u201catentar\u201d contra su independencia"}]},{"@type":"WebSite","@id":"https:\/\/vof-news.eu\/es\/#website","url":"https:\/\/vof-news.eu\/es\/","name":"vof-news.eu","description":"","potentialAction":[{"@type":"SearchAction","target":{"@type":"EntryPoint","urlTemplate":"https:\/\/vof-news.eu\/es\/?s={search_term_string}"},"query-input":"required name=search_term_string"}],"inLanguage":"es"},{"@type":"Person","@id":"https:\/\/vof-news.eu\/es\/#\/schema\/person\/f6a2a4309f0561835797fd8c19b333ed","name":"Author","image":{"@type":"ImageObject","inLanguage":"es","@id":"https:\/\/vof-news.eu\/es\/#\/schema\/person\/image\/","url":"https:\/\/secure.gravatar.com\/avatar\/b67e614b1b25b3e9c0c239efdd2fde5ab015b5affd6f1c3c85911ca4b384e790?s=96&d=mm&r=g","contentUrl":"https:\/\/secure.gravatar.com\/avatar\/b67e614b1b25b3e9c0c239efdd2fde5ab015b5affd6f1c3c85911ca4b384e790?s=96&d=mm&r=g","caption":"Author"},"sameAs":["http:\/\/vof-news.eu"],"url":"https:\/\/vof-news.eu\/es\/author\/zwt6qxnjulxbnyg\/"}]}},"yoast_meta":{"yoast_wpseo_title":"","yoast_wpseo_metadesc":"","yoast_wpseo_canonical":""},"_links":{"self":[{"href":"https:\/\/vof-news.eu\/es\/wp-json\/wp\/v2\/posts\/250408","targetHints":{"allow":["GET"]}}],"collection":[{"href":"https:\/\/vof-news.eu\/es\/wp-json\/wp\/v2\/posts"}],"about":[{"href":"https:\/\/vof-news.eu\/es\/wp-json\/wp\/v2\/types\/post"}],"author":[{"embeddable":true,"href":"https:\/\/vof-news.eu\/es\/wp-json\/wp\/v2\/users\/1"}],"replies":[{"embeddable":true,"href":"https:\/\/vof-news.eu\/es\/wp-json\/wp\/v2\/comments?post=250408"}],"version-history":[{"count":1,"href":"https:\/\/vof-news.eu\/es\/wp-json\/wp\/v2\/posts\/250408\/revisions"}],"predecessor-version":[{"id":250422,"href":"https:\/\/vof-news.eu\/es\/wp-json\/wp\/v2\/posts\/250408\/revisions\/250422"}],"wp:featuredmedia":[{"embeddable":true,"href":"https:\/\/vof-news.eu\/es\/wp-json\/wp\/v2\/media\/250410"}],"wp:attachment":[{"href":"https:\/\/vof-news.eu\/es\/wp-json\/wp\/v2\/media?parent=250408"}],"wp:term":[{"taxonomy":"category","embeddable":true,"href":"https:\/\/vof-news.eu\/es\/wp-json\/wp\/v2\/categories?post=250408"},{"taxonomy":"post_tag","embeddable":true,"href":"https:\/\/vof-news.eu\/es\/wp-json\/wp\/v2\/tags?post=250408"}],"curies":[{"name":"wp","href":"https:\/\/api.w.org\/{rel}","templated":true}]}}